{"id":188140,"date":"2018-01-10T19:25:27","date_gmt":"2018-01-10T19:25:27","guid":{"rendered":"https:\/\/www.meydan.tv\/article\/istedadsiz-dahiler\/"},"modified":"2018-01-10T19:25:27","modified_gmt":"2018-01-10T19:25:27","slug":"istedadsiz-dahiler","status":"publish","type":"post","link":"https:\/\/www.meydan.tv\/az\/article\/istedadsiz-dahiler\/","title":{"rendered":"\u0130stedads\u0131z dahil\u0259r"},"content":{"rendered":"<figure class=\"wp-block-image size-large\">\n  <img decoding=\"async\" src=\"https:\/\/www.meydan.tv\/az\/tomas-edison\/\" alt=\"Tomas Edison\" class=\"wp-image-97906\"\/><figcaption>\n    Tomas Edison<br \/>\n  <\/figcaption><\/figure>\n<figure class=\"wp-block-image size-large\">\n  <img decoding=\"async\" src=\"https:\/\/www.meydan.tv\/az\/tomas-edison\/\" alt=\"Tomas Edison\" class=\"wp-image-97906\"\/><figcaption>\n    Tomas Edison<br \/>\n  <\/figcaption><\/figure>\n<p>\n  AB\u015e ixtira\u00e7\u0131s\u0131 Tomas Edisonun ad\u0131 \u00e7oxuna tan\u0131\u015fd\u0131r. Onun u\u015faql\u0131\u011f\u0131nda ba\u015f vermi\u015f hadis\u0259 d\u0259 sosial \u015f\u0259b\u0259k\u0259l\u0259rd\u0259 tez-tez payla\u015f\u0131ld\u0131\u011f\u0131ndan kifay\u0259t q\u0259d\u0259r m\u0259\u015fhurdur. Hadis\u0259nin m\u0259zmunu a\u015fa\u011f\u0131dak\u0131 kimidir.\n<\/p>\n<p>\n  Bir g\u00fcn balaca Tomas m\u0259kt\u0259bd\u0259n qay\u0131dark\u0259n m\u00fc\u0259lliminin yazd\u0131\u011f\u0131 m\u0259ktubu anas\u0131na verir. M\u0259ktuba n\u0259z\u0259r salan Nensi xan\u0131m\u0131n g\u00f6zl\u0259ri dolur. Sonra y\u00fcks\u0259k s\u0259sl\u0259 o\u011fluna oxuma\u011fa ba\u015flay\u0131r: \u201cSizin o\u011flunuz dahidir. Bu m\u0259kt\u0259b onun \u00fc\u00e7\u00fcn \u00e7ox ki\u00e7ikdir v\u0259 burada ona n\u0259yis\u0259 \u00f6yr\u0259tm\u0259y\u0259 qadir m\u00fc\u0259lliml\u0259r yoxdur. L\u00fctf\u0259n, onu \u00f6z\u00fcn\u00fcz \u00f6yr\u0259din\u201d.\n<\/p>\n<p>\n  Uzun ill\u0259r sonra, art\u0131q anas\u0131 h\u0259yatda olmayanda, \u00f6z\u00fc is\u0259 tan\u0131nm\u0131\u015f ixtira\u00e7\u0131 v\u0259 i\u015f adam\u0131 olan zaman Edison t\u0259sad\u00fcf\u0259n h\u0259min m\u0259ktubu tap\u0131r v\u0259 oxuyur. Ger\u00e7\u0259klikd\u0259 m\u0259ktubda bu s\u00f6zl\u0259r yaz\u0131lm\u0131\u015fd\u0131:\n<\/p>\n<p>\n  \u201cSizi \u00f6vlad\u0131n\u0131z m\u0259hdud z\u0259kal\u0131d\u0131r. Biz ona dig\u0259r \u015fagirdl\u0259rl\u0259 birlikd\u0259 d\u0259rs ke\u00e7\u0259 bilm\u0259rik. Ona g\u00f6r\u0259 d\u0259 evd\u0259 m\u00fcst\u0259qil d\u0259rs ke\u00e7m\u0259nizi t\u00f6vsiy\u0259 edirik\u201d.\n<\/p>\n<p>\n  Deyil\u0259n\u0259 g\u00f6r\u0259, Edison kabinetin\u0259 \u00e7\u0259kil\u0259r\u0259k bir ne\u00e7\u0259 saat \u0259rzind\u0259 a\u011flay\u0131r. Daha sonra \u00f6z g\u00fcnd\u0259liyind\u0259 yaz\u0131r:\n<\/p>\n<p>\n  \u201cTomas Alva Edison \u0259qli c\u0259h\u0259td\u0259n m\u0259hdud u\u015faq idi. Lakin anas\u0131n\u0131n q\u0259hr\u0259manl\u0131\u011f\u0131 say\u0259sind\u0259 \u00f6z \u0259srinin \u0259n b\u00f6y\u00fck dahil\u0259rind\u0259n birin\u0259 \u00e7evrildi\u201d.\n<\/p>\n<p>\n  Bu hadis\u0259nin, y\u0259ni bu \u015f\u0259kild\u0259 m\u0259ktub yaz\u0131lmas\u0131 v\u0259 anan\u0131n ba\u015fqa c\u00fcr oxumas\u0131n\u0131n n\u0259 d\u0259r\u0259c\u0259d\u0259 h\u0259qiq\u0259t oldu\u011funu bilmir\u0259m. Bununla bel\u0259, Edisonun, do\u011frudan da, m\u0259hdud qabiliyy\u0259tin\u0259 g\u00f6r\u0259 m\u0259kt\u0259bd\u0259n xaric edilm\u0259si v\u0259 evd\u0259 t\u0259hsil almas\u0131 ger\u00e7\u0259k faktd\u0131r. Lakin Edison \u00f6z\u00fc haqq\u0131nda proqnozu alt-\u00fcst ed\u0259r\u0259k b\u0259\u015f\u0259r tarixind\u0259 \u0259n \u00e7ox ixtiraya imza atm\u0131\u015f \u015f\u0259xs oldu. O, t\u0259kc\u0259 AB\u015e-da ixtiralar\u0131na g\u00f6r\u0259 1093, ba\u015fqa \u00f6lk\u0259l\u0259rd\u0259 is\u0259 3 min\u0259 yax\u0131n patent m\u00fc\u0259llifi idi.\n<\/p>\n<p>\n  \u0130nsan f\u0259aliyy\u0259tinin m\u00fcxt\u0259lif sah\u0259l\u0259ri \u00fczr\u0259 bel\u0259 yanl\u0131\u015f proqnozlar az olmay\u0131b. Oxucular \u00fc\u00e7\u00fcn maraql\u0131 ola bil\u0259c\u0259yini n\u0259z\u0259r\u0259 alaraq, bir ne\u00e7\u0259 bel\u0259 \u0259hvalat\u0131 \u0259hat\u0259 etm\u0259yi q\u0259rara ald\u0131m.\n<\/p>\n<p>\n  ***\n<\/p>\n<p>\n  Kinematoqrafla azdan-\u00e7oxdan maraqlanan h\u0259r k\u0259s\u0259 Stiven Spilbergin ad\u0131 tan\u0131\u015fd\u0131r. M\u0259\u015fhur rejissor, ssenarist v\u0259 prod\u00fcsser. Lakin \u00e7ox az adam bilir ki, g\u0259nc Stiven C\u0259nubi Kaliforniya universitetinin kino m\u0259kt\u0259bin\u0259 daxil olmaq ist\u0259rk\u0259n 2 d\u0259f\u0259 \u201c\u00e7ox istedads\u0131z\u201d qiym\u0259ti il\u0259 r\u0259dd cavab\u0131 al\u0131b.\n<\/p>\n<p>\n  Bundan sonra texnikiy\u00f6n\u00fcml\u00fc kollec\u0259 daxil olan Spiberg t\u0259til zaman\u0131 26 d\u0259qiq\u0259lik \u201cEmblin\u201d adl\u0131 film \u00e7\u0259kir. B\u00fcdc\u0259si 15 min dollar olan film \u201cUniversal Pictures\u201d studiyas\u0131 r\u0259hb\u0259rliyinin diqq\u0259tini \u00e7\u0259kir v\u0259 g\u0259nc rejissorla m\u00fcqavil\u0259 imzalan\u0131r. Sonras\u0131 is\u0259 art\u0131q m\u0259lumdur.\n<\/p>\n<p>\n  \u0130ndiana Cons haqq\u0131nda bir nec\u0259 mac\u0259ra filmi, \u201c\u00c7\u0259n\u0259l\u0259r\u201d, \u201cYura d\u00f6vr\u00fc park\u0131\u201d, \u201c\u015eindlerin siyah\u0131s\u0131\u201d, \u201cAmistad\u201d, \u201cS\u0131ravi Rayan\u0131n xilas\u0131\u201d \u201cM\u00fcnhen\u201d, \u201cD\u00f6y\u00fc\u015f at\u0131\u201d, \u201cLinkoln\u201d v\u0259 dig\u0259r m\u0259\u015fhur filml\u0259rin rejissorlu\u011fu m\u0259hz Spilberq\u0259 m\u0259xsusdur.\n<\/p>\n<p>\n  O, rejissor v\u0259 prod\u00fcsser kimi 3 Oskar, 6 Q\u0131z\u0131l qlobus, 3 BAFTA, 14 Saturn v\u0259 d\u00fcg\u0259r \u00e7oxsayl\u0131 m\u00fckafatlara layiq g\u00f6r\u00fcl\u00fcb, Kann v\u0259 Venesiya kimi n\u00fcfuzlu beyn\u0259lxalq festivallar\u0131n qalibi olub. B\u0259zi hesablamalara g\u00f6r\u0259 Spilbergin \u00e7\u0259kdiyi filml\u0259rin toplad\u0131\u011f\u0131 v\u0259saitin h\u0259cmi 10 milyarda yax\u0131nla\u015f\u0131r ki, bu da onu kino tarixind\u0259 \u0259n m\u0259hsuldar rejissor edir.\n<\/p>\n<p>\n  Bax, bel\u0259 \u201cistedads\u0131z\u201d \u00e7\u0131xd\u0131 Stiven Spilberg&#8230;\n<\/p>\n<p>\n  ***\n<\/p>\n<p>\n  1997-ci ild\u0259 32 ya\u015fl\u0131 Coan Rouling \u00f6mr\u00fcn\u00fcn \u0259n a\u011f\u0131r d\u00f6vr\u00fcn\u00fc ya\u015fay\u0131rd\u0131. \u0130ngilt\u0259r\u0259nin Ekseter universitetini bitir\u0259n bu qad\u0131n i\u015fsiz idi v\u0259 sosial m\u00fcavin\u0259t hesab\u0131na ya\u015fay\u0131rd\u0131. Onun ail\u0259 h\u0259yat\u0131 da al\u0131nmam\u0131\u015fd\u0131, bo\u015fanm\u0131\u015f v\u0259 bir q\u0131z\u0131n\u0131 t\u0259k b\u00f6y\u00fcd\u00fcrd\u00fc. A\u011fl\u0131na g\u0259l\u0259n h\u0259d\u0259r\u0259n-p\u0259t\u0259r\u0259n fikirl\u0259r \u0259sas\u0131nda g\u0259nc sehrbaz Harri Potter haqq\u0131nda yazd\u0131\u011f\u0131 roman\u0131 is\u0259 art\u0131q 12 n\u0259\u015friyyat maraqs\u0131z sayaraq r\u0259dd etmi\u015fdi.\n<\/p>\n<p>\n  Coan\u0131n etiraf\u0131na g\u00f6r\u0259, o, h\u0259yatda \u00f6z\u00fcnd\u0259n b\u00f6y\u00fck u\u011fursuz tan\u0131m\u0131rd\u0131. O, klinik depressiya ke\u00e7irir, tez-tez intihar haqq\u0131nda d\u00fc\u015f\u00fcn\u00fcrd\u00fc. Lakin bu zaman ki\u00e7icik bir \u00fcmid i\u015f\u0131\u011f\u0131 sayr\u0131\u015fd\u0131. Londonun \u201cBloomsbury\u201d n\u0259\u015friyyat\u0131 \u201cHarri Potter v\u0259 f\u0259ls\u0259f\u0259 da\u015f\u0131\u201d roman\u0131n\u0131 ki\u00e7ik tirajla n\u0259\u015fr etm\u0259y\u0259 raz\u0131l\u0131q verdi v\u0259 yaz\u0131\u00e7\u0131ya 1500 funt-sterling avans \u00f6d\u0259di.<br \/>\n  <br \/>\n  Bu ki\u00e7ik u\u011fur s\u0131rf t\u0259sad\u00fcf n\u0259tic\u0259sind\u0259 m\u00fcmk\u00fcn olmu\u015fdu. N\u0259\u015friyyat\u0131n m\u00fcdiri roman\u0131n ilk f\u0259slini oxumaq \u00fc\u00e7\u00fcn 8 ya\u015fl\u0131 q\u0131z\u0131na vermi\u015f, o da d\u0259rhal davam\u0131n\u0131 ist\u0259mi\u015fdi. Bununla bel\u0259, \u201cBloomsbury\u201d t\u0259msil\u00e7il\u0259ri Roulingl\u0259 g\u00f6r\u00fc\u015f\u0259rk\u0259n \u0259s\u0259rinin b\u00f6y\u00fck g\u0259lir g\u0259tirm\u0259y\u0259c\u0259yini, buna g\u00f6r\u0259 d\u0259 \u00f6z\u00fcn\u0259 daimi i\u015f tapmas\u0131n\u0131 m\u0259sl\u0259h\u0259t g\u00f6rm\u00fc\u015fd\u00fcl\u0259r.\n<\/p>\n<p>\n  Roman ilk d\u0259f\u0259 c\u0259mi 1000 n\u00fcsx\u0259 il\u0259 \u00e7\u0131xd\u0131, onun da yar\u0131s\u0131 kitabxanalara payland\u0131 v\u0259 &#8230; Bundan sonra d\u00fcnyada bir Harri Potter epopeyas\u0131 ba\u015flad\u0131. Prosesin tam t\u0259sviri \u00e7ox uzun \u00e7\u0259k\u0259r, birba\u015fa bug\u00fcn\u0259 ke\u00e7ir\u0259m. \u00d6nc\u0259 onu deyim ki, bu g\u00fcn h\u0259min ilk tiraj\u0131n bir n\u00fcsx\u0259si kolleksiya\u00e7\u0131lar t\u0259r\u0259find\u0259n 25 min funt-sterling d\u0259y\u0259rind\u0259 qiym\u0259tl\u0259ndirilir.\n<\/p>\n<p>\n  Harri Potter haqq\u0131nda 7-ci v\u0259 son kitab olan \u201cHarri Potter v\u0259 \u00d6l\u00fcm h\u0259diyy\u0259l\u0259ri\u201d \u00e7apdan \u00e7\u0131xd\u0131qdan sonra 24 saat \u0259rzind\u0259 11 milyon n\u00fcsx\u0259 sat\u0131ld\u0131. Bu, tarixi rekord say\u0131l\u0131r. \u00dcmumilikd\u0259 romanlar seriyas\u0131 73 dil\u0259 t\u0259rc\u00fcm\u0259 olunub v\u0259 500 milyon n\u00fcsx\u0259d\u0259n \u00e7ox sat\u0131l\u0131b. Art\u0131q 2004-c\u00fc ild\u0259 \u201cForbes\u201d jurnal\u0131 Coan Roulingin yaz\u0131\u00e7\u0131l\u0131qla milyarder olan ilk \u015f\u0259xs oldu\u011funu a\u00e7\u0131qlad\u0131. H\u0259min jurnal 2017-ci ild\u0259 95 milyon dollar qazand\u0131\u011f\u0131n\u0131 bildirdi.\n<\/p>\n<p>\n  Harri Potter haqq\u0131nda \u00e7\u0259kil\u0259n 9 film \u00fcmumilikd\u0259 8,5 milyard dollar y\u0131\u011f\u0131mla yaln\u0131z \u201cMarvelin kinematoqraf d\u00fcnyas\u0131\u201d v\u0259 \u201cUlduz m\u00fcharib\u0259l\u0259ri\u201d seriyalar\u0131ndan geri qalaraq 3-c\u00fc yeri tutur. Potteriana bu g\u00f6st\u0259rici \u00fczr\u0259 \u201cCeyms Bond\u201d, \u201cForsaj\u201d, \u201cBetmen\u201d \u201cH\u00f6r\u00fcm\u00e7\u0259k adam\u201d, \u201cKarib d\u0259nizinin quldurlar\u0131\u201d kimi filml\u0259r seriyas\u0131n\u0131 qabaqlay\u0131r. \u0130ddialara g\u00f6r\u0259, haz\u0131rda \u201cHarri Potter\u201d brendinin 25 milyard dollar qiym\u0259ti var.\n<\/p>\n<p>\n  Sonda qeyd ed\u0259k ki, Coan Rolungin yarad\u0131c\u0131l\u0131\u011f\u0131 t\u0259kc\u0259 Harri Potter haqq\u0131nda romanlarla m\u0259hdudla\u015fm\u0131r. Onun ba\u015fqa janrda v\u0259 b\u00f6y\u00fckl\u0259r auditoriyas\u0131 \u00fc\u00e7\u00fcn n\u0259z\u0259rd\u0259 tutulmu\u015f u\u011furlu dig\u0259r \u0259s\u0259rl\u0259ri d\u0259 var.\n<\/p>\n<p>\n  ***\n<\/p>\n<p>\n  1978-ci ild\u0259 16 ya\u015fl\u0131 iki qarad\u0259rili yeniyetm\u0259 Hollandiyan\u0131n futbol \u00fczr\u0259 m\u0259\u015fhur \u201cAyaks\u201d komandas\u0131n\u0131n m\u0259kt\u0259bin\u0259 daxil olmaq \u00fc\u00e7\u00fcn bax\u0131\u015fa g\u0259lmi\u015fdil\u0259r. Dostlar\u0131n t\u0259rc\u00fcmeyi-hallar\u0131nda xeyli ox\u015farl\u0131q var idi. H\u0259r ikisinin atas\u0131 surinaml\u0131, analar\u0131 is\u0259 a\u011fd\u0259rili holland idil\u0259r. \u0130kisi d\u0259 1962-ci ilin sentyabr\u0131nda anadan olmu\u015fdu.\n<\/p>\n<p>\n  \u201cAyaks\u201d m\u0259kt\u0259bi daim istedadlar tapmas\u0131 il\u0259 m\u0259\u015fhur olub. Seleksiya\u00e7\u0131lar almaz tap\u0131r, m\u0259\u015fq\u00e7il\u0259r is\u0259 onu brilyanta \u00e7evirib \u0259sas komandaya \u00f6t\u00fcr\u00fcrd\u00fcl\u0259r. Q\u0131sa m\u00fcdd\u0259t sonra is\u0259 ulduza \u00e7evril\u0259n bu futbol\u00e7ular Avropan\u0131n m\u0259\u015fhur komandalar\u0131na sat\u0131l\u0131r, \u201cAyaks\u201da xeyli g\u0259lir g\u0259tirirdil\u0259r.\n<\/p>\n<p>\n  Buna g\u00f6r\u0259 d\u0259 \u0259sl istedad\u0131n \u201cAyaks\u201d seleksionerl\u0259rinin g\u00f6z\u00fcnd\u0259n yay\u0131nmas\u0131 imkans\u0131z say\u0131l\u0131rd\u0131. Yeni g\u0259l\u0259n 2 g\u0259ncd\u0259n d\u0259 yaln\u0131z biri \u00fcmidverici say\u0131ld\u0131, dig\u0259ri is\u0259 m\u0259kt\u0259b\u0259 q\u0259bul olunmad\u0131. Birincinin ad\u0131 Frank Raykaard, ikincisinin is\u0259&#8230; Ruud Qullit idi.\n<\/p>\n<p>\n  Sonralar bu iki dost Marko van Basten il\u0259 birlikd\u0259 Hollandiya millisinin v\u0259 \u0130taliyan\u0131n \u201cMilan\u201d komandas\u0131n\u0131n t\u0259rkibind\u0259 r\u0259qibl\u0259rin qorxulu r\u00f6yas\u0131na \u00e7evrildil\u0259r. Ruud Qullit karyeras\u0131 \u0259rzind\u0259 3 d\u0259f\u0259 Hollandiya v\u0259 3 d\u0259f\u0259 \u0130taliya \u00e7empionat\u0131n\u0131n qalibi, 1 d\u0259f\u0259 Niderland, 1 d\u0259f\u0259 \u0130taliya, 1 d\u0259f\u0259 \u0130ngilt\u0259r\u0259 kubokunun v\u0259 3 d\u0259f\u0259 \u0130taliya superkubokunun sahibi oldu.\n<\/p>\n<p>\n  O, \u201cMilan\u201d komandas\u0131 il\u0259 2 d\u0259f\u0259 Avropa \u00e7empionlar kubokunu, 2 d\u0259f\u0259 Avropa superkubokunu v\u0259 2 d\u0259f\u0259 Qit\u0259l\u0259raras\u0131 kuboku qazand\u0131, 1988-ci ild\u0259 Niderland millisi il\u0259 Avropa \u00e7empionu oldu. 2 d\u0259f\u0259 Niderland\u0131n, 1 d\u0259f\u0259 Avropan\u0131n \u0259n yax\u015f\u0131 futbol\u00e7usu se\u00e7il\u0259n Qullit World Soccer jurnal\u0131n\u0131n oxucular\u0131 aras\u0131nda ke\u00e7iril\u0259n sor\u011fuya \u0259sas\u0259n t\u0259rtib olunmu\u015f XX \u0259srin 100 \u0259n b\u00f6y\u00fck futbol\u00e7usu siyah\u0131s\u0131nda 29-cu yeri tutdu.\n<\/p>\n<p>\n  ***\n<\/p>\n<p>\n  Aktyor Innokenti Smoktunovski 1955-ci ilin yanvar\u0131nda Stalinqrad teatr\u0131n\u0131 t\u0259rk ed\u0259r\u0259k \u015f\u00f6hr\u0259t arxas\u0131nca Moskvaya yollan\u0131r. Lakin burada \u00fcz tutdu\u011fu 7 teatrdan r\u0259dd cavab\u0131 al\u0131r. Kimisi onun istedad\u0131n\u0131 b\u0259y\u0259nmir, kimisi d\u0259 xarici g\u00f6r\u00fcn\u00fc\u015f\u00fcn\u00fc. Aktyor b\u00f6y\u00fck \u00e7\u0259tinlikl\u0259 Lenin komsomolu ad\u0131na teatrda \u015ftatdank\u0259nar i\u015f\u0259 d\u00fcz\u0259lir. Buradak\u0131 qeyri-m\u00fct\u0259madi g\u0259lirl\u0259rl\u0259 \u00e7ox \u00e7\u0259tinlikl\u0259 dolan\u0131r, b\u0259z\u0259n h\u0259tta gec\u0259l\u0259m\u0259y\u0259 yeri olmur.\n<\/p>\n<p>\n  Art\u0131q paytaxtda karyera x\u0259yal\u0131n\u0131n \u00fcz\u0259rind\u0259n x\u0259tt \u00e7\u0259kib geriy\u0259 qay\u0131tmaq haqq\u0131nda d\u00fc\u015f\u00fcnm\u0259k olard\u0131. Lakin s\u0131rf t\u0259sad\u00fcf Smoktunovskinin k\u00f6m\u0259yin\u0259 g\u0259lir. Tan\u0131\u015f oldu\u011fu v\u0259 g\u0259l\u0259c\u0259kd\u0259 evl\u0259n\u0259cyi xan\u0131m\u0131n k\u00f6m\u0259yi il\u0259 Kinoaktyor teatr\u0131na daimi i\u015f\u0259 d\u00fcz\u0259lir. Yayda is\u0259 \u201cDante k\u00fc\u00e7\u0259sind\u0259 q\u0259tl\u201d filmind\u0259 epizodik rola d\u0259v\u0259t edilir.\n<\/p>\n<p>\n  Bu epizodun \u00e7\u0259kili\u015fi Smoktunovski \u00fc\u00e7\u00fcn tam bir fiaskoya \u00e7evrilir. O, b\u00fct\u00fcn t\u0259krarlara baxmayaraq s\u0259hn\u0259ni normal canland\u0131ra bilmirdi. Rejissorun k\u00f6m\u0259k\u00e7il\u0259ri art\u0131q f\u0259ras\u0259tsiz aktyoru d\u0259yi\u015fm\u0259yi t\u0259klif edirdil\u0259r. Lakin filmin rejissoru Mixail Romm ham\u0131n\u0131 \u00e7a\u015f-ba\u015f salan fikir s\u00f6yl\u0259di:\n<\/p>\n<p>\n  \u201cOnun \u00e7ox istedadl\u0131 oldu\u011funu hiss etmirsinizmi?\u201d\n<\/p>\n<p>\n  1957-ci ild\u0259 \u0130nnokenti \u201c\u018fsg\u0259rl\u0259r\u201d filmind\u0259 ki\u00e7ik rol al\u0131r. Leytenant Farber rolunda aktyor \u0259n az\u0131 istedads\u0131z olmad\u0131\u011f\u0131n\u0131 s\u00fcbut ed\u0259 bilir. Lakin bu rolun \u00f6z\u0259l \u0259h\u0259miyy\u0259ti ba\u015fqa idi. Film ekranlarda n\u00fcmayi\u015f olunark\u0259n Leninqrad B\u00f6y\u00fck dramatik teatr\u0131n\u0131n rejissoru Georgi Tovstonoqov Dostoyevskinin \u201c\u0130diot\u201d roman\u0131n\u0131 s\u0259hn\u0259l\u0259\u015fdirm\u0259yi planla\u015fd\u0131r\u0131rd\u0131. \u201c\u018fsg\u0259rl\u0259r\u201d filmind\u0259 Smoktunovskinin ifas\u0131n\u0131 b\u0259y\u0259n\u0259n rejissor onu knyaz M\u0131\u015fkin rolu \u00fc\u00e7\u00fcn s\u0131na\u011fa d\u0259v\u0259t edir. Bu hadis\u0259 q\u0259hr\u0259man\u0131m\u0131z\u0131n h\u0259yat\u0131n\u0131 tam d\u0259yi\u015fdirdi.\n<\/p>\n<p>\n  \u201c\u0130diot\u201d tama\u015fas\u0131n\u0131n premyeras\u0131ndan sonra Smoktunovski b\u00fct\u00fcn \u00f6lk\u0259d\u0259 dahi aktyor kimi m\u0259\u015fhurla\u015fd\u0131. O, f\u0259aliyy\u0259ti d\u00f6vr\u00fcnd\u0259 h\u0259r bir aktyorun oynamaq ist\u0259diyi Hamlet, SSR\u0130-d\u0259 x\u00fcsusi \u00f6n\u0259m veril\u0259n v\u0259 yaln\u0131z say-se\u00e7m\u0259 aktyorlara etibar edil\u0259n Lenin d\u0259 daxil olmaqla coxlu rollar\u0131 ifa etdi.\n<\/p>\n<p>\n  F\u00f6vq\u0259lad\u0259 aktyorluq bacar\u0131\u011f\u0131 \u0130nnokenti Smoktunovskiy\u0259 SSR\u0130 xalq artisti, Sosialist \u018fm\u0259yi Q\u0259hr\u0259man\u0131, 3 Lenin ordeni, Lenin m\u00fckafat\u0131 laureat\u0131, Venesiya, San-Remo, San-Sebastyan, Kartaxena kino festivallar\u0131n\u0131n qalibi kimi titul v\u0259 m\u00fckafatlar qazand\u0131rd\u0131.\n<\/p>\n<p>\n  <i><br \/>\n    <b><br \/>\n      Yaz\u0131 m\u00fc\u0259llifin fikirl\u0259rini \u0259ks etdirir v\u0259 Meydan TV-nin m\u00f6vqeyi il\u0259 \u00fcst-\u00fcst\u0259 d\u00fc\u015fm\u0259y\u0259 bil\u0259r.<br \/>\n    <\/b><br \/>\n  <\/i><\/p>\n","protected":false},"excerpt":{"rendered":"<p>AB\u015e ixtira\u00e7\u0131s\u0131 Tomas Edisonun ad\u0131 \u00e7oxuna tan\u0131\u015fd\u0131r<\/p>\n","protected":false},"author":11,"featured_media":97906,"comment_status":"closed","ping_status":"open","sticky":false,"template":"","format":"standard","meta":{"_acf_changed":false,"_sitemap_exclude":false,"_sitemap_priority":"","_sitemap_frequency":"","footnotes":""},"categories":[57],"tags":[],"class_list":["post-188140","post","type-post","status-publish","format-standard","has-post-thumbnail","hentry","category-menim-fikrimce","infinite-scroll-item","generate-columns","tablet-grid-50","mobile-grid-100","grid-parent","grid-33","no-featured-image-padding"],"acf":[],"yoast_head":"<!-- This site is optimized with the Yoast SEO plugin v27.5 - https:\/\/yoast.com\/product\/yoast-seo-wordpress\/ -->\n<title>\u0130stedads\u0131z dahil\u0259r - MEYDAN.TV<\/title>\n<meta name=\"robots\" content=\"index, follow, max-snippet:-1, max-image-preview:large, max-video-preview:-1\" \/>\n<link rel=\"canonical\" href=\"https:\/\/www.meydan.tv\/az\/article\/istedadsiz-dahiler\/\" \/>\n<meta property=\"og:locale\" content=\"az_AZ\" \/>\n<meta property=\"og:type\" content=\"article\" \/>\n<meta property=\"og:title\" content=\"\u0130stedads\u0131z dahil\u0259r - MEYDAN.TV\" \/>\n<meta property=\"og:description\" content=\"AB\u015e ixtira\u00e7\u0131s\u0131 Tomas Edisonun ad\u0131 \u00e7oxuna tan\u0131\u015fd\u0131r\" \/>\n<meta property=\"og:url\" content=\"https:\/\/www.meydan.tv\/az\/article\/istedadsiz-dahiler\/\" \/>\n<meta property=\"og:site_name\" content=\"MEYDAN.TV\" \/>\n<meta property=\"article:published_time\" content=\"2018-01-10T19:25:27+00:00\" \/>\n<meta property=\"og:image\" content=\"https:\/\/www.meydan.tv\/wp-content\/uploads\/38689.png\" \/>\n\t<meta property=\"og:image:width\" content=\"690\" \/>\n\t<meta property=\"og:image:height\" content=\"356\" \/>\n\t<meta property=\"og:image:type\" content=\"image\/png\" \/>\n<meta name=\"author\" content=\"user-manager\" \/>\n<meta name=\"twitter:card\" content=\"summary_large_image\" \/>\n<script type=\"application\/ld+json\" class=\"yoast-schema-graph\">{\"@context\":\"https:\\\/\\\/schema.org\",\"@graph\":[{\"@type\":\"Article\",\"@id\":\"https:\\\/\\\/www.meydan.tv\\\/az\\\/article\\\/istedadsiz-dahiler\\\/#article\",\"isPartOf\":{\"@id\":\"https:\\\/\\\/www.meydan.tv\\\/az\\\/article\\\/istedadsiz-dahiler\\\/\"},\"author\":{\"name\":\"user-manager\",\"@id\":\"https:\\\/\\\/www.meydan.tv\\\/az\\\/#\\\/schema\\\/person\\\/10d11eccf6da3662cf5fdab9806ea91a\"},\"headline\":\"\u0130stedads\u0131z dahil\u0259r\",\"datePublished\":\"2018-01-10T19:25:27+00:00\",\"mainEntityOfPage\":{\"@id\":\"https:\\\/\\\/www.meydan.tv\\\/az\\\/article\\\/istedadsiz-dahiler\\\/\"},\"wordCount\":1934,\"publisher\":{\"@id\":\"https:\\\/\\\/www.meydan.tv\\\/az\\\/#organization\"},\"image\":{\"@id\":\"https:\\\/\\\/www.meydan.tv\\\/az\\\/article\\\/istedadsiz-dahiler\\\/#primaryimage\"},\"thumbnailUrl\":\"https:\\\/\\\/www.meydan.tv\\\/wp-content\\\/uploads\\\/38689.png\",\"articleSection\":[\"M\u0259nim Fikrimc\u0259\"],\"inLanguage\":\"az\"},{\"@type\":\"WebPage\",\"@id\":\"https:\\\/\\\/www.meydan.tv\\\/az\\\/article\\\/istedadsiz-dahiler\\\/\",\"url\":\"https:\\\/\\\/www.meydan.tv\\\/az\\\/article\\\/istedadsiz-dahiler\\\/\",\"name\":\"\u0130stedads\u0131z dahil\u0259r - MEYDAN.TV\",\"isPartOf\":{\"@id\":\"https:\\\/\\\/www.meydan.tv\\\/az\\\/#website\"},\"primaryImageOfPage\":{\"@id\":\"https:\\\/\\\/www.meydan.tv\\\/az\\\/article\\\/istedadsiz-dahiler\\\/#primaryimage\"},\"image\":{\"@id\":\"https:\\\/\\\/www.meydan.tv\\\/az\\\/article\\\/istedadsiz-dahiler\\\/#primaryimage\"},\"thumbnailUrl\":\"https:\\\/\\\/www.meydan.tv\\\/wp-content\\\/uploads\\\/38689.png\",\"datePublished\":\"2018-01-10T19:25:27+00:00\",\"breadcrumb\":{\"@id\":\"https:\\\/\\\/www.meydan.tv\\\/az\\\/article\\\/istedadsiz-dahiler\\\/#breadcrumb\"},\"inLanguage\":\"az\",\"potentialAction\":[{\"@type\":\"ReadAction\",\"target\":[\"https:\\\/\\\/www.meydan.tv\\\/az\\\/article\\\/istedadsiz-dahiler\\\/\"]}]},{\"@type\":\"ImageObject\",\"inLanguage\":\"az\",\"@id\":\"https:\\\/\\\/www.meydan.tv\\\/az\\\/article\\\/istedadsiz-dahiler\\\/#primaryimage\",\"url\":\"https:\\\/\\\/www.meydan.tv\\\/wp-content\\\/uploads\\\/38689.png\",\"contentUrl\":\"https:\\\/\\\/www.meydan.tv\\\/wp-content\\\/uploads\\\/38689.png\",\"width\":690,\"height\":356,\"caption\":\"Source:\"},{\"@type\":\"BreadcrumbList\",\"@id\":\"https:\\\/\\\/www.meydan.tv\\\/az\\\/article\\\/istedadsiz-dahiler\\\/#breadcrumb\",\"itemListElement\":[{\"@type\":\"ListItem\",\"position\":1,\"name\":\"Ana s\u0259hif\u0259\",\"item\":\"https:\\\/\\\/www.meydan.tv\\\/az\\\/\"},{\"@type\":\"ListItem\",\"position\":2,\"name\":\"M\u0259nim Fikrimc\u0259\",\"item\":\"https:\\\/\\\/www.meydan.tv\\\/az\\\/section\\\/menim-fikrimce\\\/\"},{\"@type\":\"ListItem\",\"position\":3,\"name\":\"\u0130stedads\u0131z dahil\u0259r\"}]},{\"@type\":\"WebSite\",\"@id\":\"https:\\\/\\\/www.meydan.tv\\\/az\\\/#website\",\"url\":\"https:\\\/\\\/www.meydan.tv\\\/az\\\/\",\"name\":\"MEYDAN.TV\",\"description\":\"Meydan TV Az\u0259rbaycan\u0131n media m\u0259kan\u0131ndak\u0131 alternativ s\u0259sidir\",\"publisher\":{\"@id\":\"https:\\\/\\\/www.meydan.tv\\\/az\\\/#organization\"},\"potentialAction\":[{\"@type\":\"SearchAction\",\"target\":{\"@type\":\"EntryPoint\",\"urlTemplate\":\"https:\\\/\\\/www.meydan.tv\\\/az\\\/?s={search_term_string}\"},\"query-input\":{\"@type\":\"PropertyValueSpecification\",\"valueRequired\":true,\"valueName\":\"search_term_string\"}}],\"inLanguage\":\"az\"},{\"@type\":\"Organization\",\"@id\":\"https:\\\/\\\/www.meydan.tv\\\/az\\\/#organization\",\"name\":\"Meydan TV\",\"url\":\"https:\\\/\\\/www.meydan.tv\\\/az\\\/\",\"logo\":{\"@type\":\"ImageObject\",\"inLanguage\":\"az\",\"@id\":\"https:\\\/\\\/www.meydan.tv\\\/az\\\/#\\\/schema\\\/logo\\\/image\\\/\",\"url\":\"https:\\\/\\\/www.meydan.tv\\\/wp-content\\\/uploads\\\/2021\\\/07\\\/meydan-logo.svg\",\"contentUrl\":\"https:\\\/\\\/www.meydan.tv\\\/wp-content\\\/uploads\\\/2021\\\/07\\\/meydan-logo.svg\",\"width\":195,\"height\":46,\"caption\":\"Meydan TV\"},\"image\":{\"@id\":\"https:\\\/\\\/www.meydan.tv\\\/az\\\/#\\\/schema\\\/logo\\\/image\\\/\"}},{\"@type\":\"Person\",\"@id\":\"https:\\\/\\\/www.meydan.tv\\\/az\\\/#\\\/schema\\\/person\\\/10d11eccf6da3662cf5fdab9806ea91a\",\"name\":\"user-manager\"}]}<\/script>\n<!-- \/ Yoast SEO plugin. -->","yoast_head_json":{"title":"\u0130stedads\u0131z dahil\u0259r - MEYDAN.TV","robots":{"index":"index","follow":"follow","max-snippet":"max-snippet:-1","max-image-preview":"max-image-preview:large","max-video-preview":"max-video-preview:-1"},"canonical":"https:\/\/www.meydan.tv\/az\/article\/istedadsiz-dahiler\/","og_locale":"az_AZ","og_type":"article","og_title":"\u0130stedads\u0131z dahil\u0259r - MEYDAN.TV","og_description":"AB\u015e ixtira\u00e7\u0131s\u0131 Tomas Edisonun ad\u0131 \u00e7oxuna tan\u0131\u015fd\u0131r","og_url":"https:\/\/www.meydan.tv\/az\/article\/istedadsiz-dahiler\/","og_site_name":"MEYDAN.TV","article_published_time":"2018-01-10T19:25:27+00:00","og_image":[{"width":690,"height":356,"url":"https:\/\/www.meydan.tv\/wp-content\/uploads\/38689.png","type":"image\/png"}],"author":"user-manager","twitter_card":"summary_large_image","schema":{"@context":"https:\/\/schema.org","@graph":[{"@type":"Article","@id":"https:\/\/www.meydan.tv\/az\/article\/istedadsiz-dahiler\/#article","isPartOf":{"@id":"https:\/\/www.meydan.tv\/az\/article\/istedadsiz-dahiler\/"},"author":{"name":"user-manager","@id":"https:\/\/www.meydan.tv\/az\/#\/schema\/person\/10d11eccf6da3662cf5fdab9806ea91a"},"headline":"\u0130stedads\u0131z dahil\u0259r","datePublished":"2018-01-10T19:25:27+00:00","mainEntityOfPage":{"@id":"https:\/\/www.meydan.tv\/az\/article\/istedadsiz-dahiler\/"},"wordCount":1934,"publisher":{"@id":"https:\/\/www.meydan.tv\/az\/#organization"},"image":{"@id":"https:\/\/www.meydan.tv\/az\/article\/istedadsiz-dahiler\/#primaryimage"},"thumbnailUrl":"https:\/\/www.meydan.tv\/wp-content\/uploads\/38689.png","articleSection":["M\u0259nim Fikrimc\u0259"],"inLanguage":"az"},{"@type":"WebPage","@id":"https:\/\/www.meydan.tv\/az\/article\/istedadsiz-dahiler\/","url":"https:\/\/www.meydan.tv\/az\/article\/istedadsiz-dahiler\/","name":"\u0130stedads\u0131z dahil\u0259r - MEYDAN.TV","isPartOf":{"@id":"https:\/\/www.meydan.tv\/az\/#website"},"primaryImageOfPage":{"@id":"https:\/\/www.meydan.tv\/az\/article\/istedadsiz-dahiler\/#primaryimage"},"image":{"@id":"https:\/\/www.meydan.tv\/az\/article\/istedadsiz-dahiler\/#primaryimage"},"thumbnailUrl":"https:\/\/www.meydan.tv\/wp-content\/uploads\/38689.png","datePublished":"2018-01-10T19:25:27+00:00","breadcrumb":{"@id":"https:\/\/www.meydan.tv\/az\/article\/istedadsiz-dahiler\/#breadcrumb"},"inLanguage":"az","potentialAction":[{"@type":"ReadAction","target":["https:\/\/www.meydan.tv\/az\/article\/istedadsiz-dahiler\/"]}]},{"@type":"ImageObject","inLanguage":"az","@id":"https:\/\/www.meydan.tv\/az\/article\/istedadsiz-dahiler\/#primaryimage","url":"https:\/\/www.meydan.tv\/wp-content\/uploads\/38689.png","contentUrl":"https:\/\/www.meydan.tv\/wp-content\/uploads\/38689.png","width":690,"height":356,"caption":"Source:"},{"@type":"BreadcrumbList","@id":"https:\/\/www.meydan.tv\/az\/article\/istedadsiz-dahiler\/#breadcrumb","itemListElement":[{"@type":"ListItem","position":1,"name":"Ana s\u0259hif\u0259","item":"https:\/\/www.meydan.tv\/az\/"},{"@type":"ListItem","position":2,"name":"M\u0259nim Fikrimc\u0259","item":"https:\/\/www.meydan.tv\/az\/section\/menim-fikrimce\/"},{"@type":"ListItem","position":3,"name":"\u0130stedads\u0131z dahil\u0259r"}]},{"@type":"WebSite","@id":"https:\/\/www.meydan.tv\/az\/#website","url":"https:\/\/www.meydan.tv\/az\/","name":"MEYDAN.TV","description":"Meydan TV Az\u0259rbaycan\u0131n media m\u0259kan\u0131ndak\u0131 alternativ s\u0259sidir","publisher":{"@id":"https:\/\/www.meydan.tv\/az\/#organization"},"potentialAction":[{"@type":"SearchAction","target":{"@type":"EntryPoint","urlTemplate":"https:\/\/www.meydan.tv\/az\/?s={search_term_string}"},"query-input":{"@type":"PropertyValueSpecification","valueRequired":true,"valueName":"search_term_string"}}],"inLanguage":"az"},{"@type":"Organization","@id":"https:\/\/www.meydan.tv\/az\/#organization","name":"Meydan TV","url":"https:\/\/www.meydan.tv\/az\/","logo":{"@type":"ImageObject","inLanguage":"az","@id":"https:\/\/www.meydan.tv\/az\/#\/schema\/logo\/image\/","url":"https:\/\/www.meydan.tv\/wp-content\/uploads\/2021\/07\/meydan-logo.svg","contentUrl":"https:\/\/www.meydan.tv\/wp-content\/uploads\/2021\/07\/meydan-logo.svg","width":195,"height":46,"caption":"Meydan TV"},"image":{"@id":"https:\/\/www.meydan.tv\/az\/#\/schema\/logo\/image\/"}},{"@type":"Person","@id":"https:\/\/www.meydan.tv\/az\/#\/schema\/person\/10d11eccf6da3662cf5fdab9806ea91a","name":"user-manager"}]}},"_links":{"self":[{"href":"https:\/\/www.meydan.tv\/az\/wp-json\/wp\/v2\/posts\/188140","targetHints":{"allow":["GET"]}}],"collection":[{"href":"https:\/\/www.meydan.tv\/az\/wp-json\/wp\/v2\/posts"}],"about":[{"href":"https:\/\/www.meydan.tv\/az\/wp-json\/wp\/v2\/types\/post"}],"author":[{"embeddable":true,"href":"https:\/\/www.meydan.tv\/az\/wp-json\/wp\/v2\/users\/11"}],"replies":[{"embeddable":true,"href":"https:\/\/www.meydan.tv\/az\/wp-json\/wp\/v2\/comments?post=188140"}],"version-history":[{"count":0,"href":"https:\/\/www.meydan.tv\/az\/wp-json\/wp\/v2\/posts\/188140\/revisions"}],"wp:featuredmedia":[{"embeddable":true,"href":"https:\/\/www.meydan.tv\/az\/wp-json\/wp\/v2\/media\/97906"}],"wp:attachment":[{"href":"https:\/\/www.meydan.tv\/az\/wp-json\/wp\/v2\/media?parent=188140"}],"wp:term":[{"taxonomy":"category","embeddable":true,"href":"https:\/\/www.meydan.tv\/az\/wp-json\/wp\/v2\/categories?post=188140"},{"taxonomy":"post_tag","embeddable":true,"href":"https:\/\/www.meydan.tv\/az\/wp-json\/wp\/v2\/tags?post=188140"}],"curies":[{"name":"wp","href":"https:\/\/api.w.org\/{rel}","templated":true}]}}