{"id":188106,"date":"2018-01-08T18:54:15","date_gmt":"2018-01-08T18:54:15","guid":{"rendered":"https:\/\/www.meydan.tv\/article\/siyasete-qarismamaq-siyaseti\/"},"modified":"2018-01-08T18:54:15","modified_gmt":"2018-01-08T18:54:15","slug":"siyasete-qarismamaq-siyaseti","status":"publish","type":"post","link":"https:\/\/www.meydan.tv\/az\/article\/siyasete-qarismamaq-siyaseti\/","title":{"rendered":"Siyas\u0259t\u0259 qar\u0131\u015fmamaq siyas\u0259ti"},"content":{"rendered":"<p>\n  T\u0259s\u0259vv\u00fcr edin ki, da\u011f\u0131l\u0131b-t\u00f6k\u00fcl\u0259n \u0259l\u0259ng\u0259 \u201cJiquli\u201dnin tozuna, benzin qoxusuna b\u0259l\u0259nib x\u0259st\u0259y\u0259 d\u0259ym\u0259y\u0259 getmi\u015f\u0259m. Hal-\u0259hval m\u0259rasimi bit\u0259r-bitm\u0259z sa\u011falmaqda olan x\u0259st\u0259 arvad\u0131n\u0131 s\u0259sl\u0259yir:\n<\/p>\n<p>\n  \u2013 Az, tez ol, bac\u0131ma Namiql\u0259, \u0130zz\u0259tl\u0259, Xuramanla, M\u0259tan\u0259tl\u0259 \u00e7\u0259kdirdiyimiz \u015f\u0259kill\u0259ri g\u00f6st\u0259r.\n<\/p>\n<p>\n  El\u0259 bilir\u0259m n\u0259v\u0259l\u0259ridir. Arvad \u015f\u0259kill\u0259ri g\u0259tir\u0259n kimi: &#8220;Allah g\u00f6z\u00fcn\u00fcz\u0259 \u00e7\u0131raq etsin!\u201d \u2013 deyir\u0259m. H\u0259r ikisi \u00fcr\u0259kd\u0259n &#8220;amin!&#8221; dey\u0259 \u0259ll\u0259rini qald\u0131r\u0131rlar.\n<\/p>\n<p>\n  Ziyar\u0259tl\u0259rin\u0259 pensiyam\u0131n d\u00f6rdd\u0259 birini f\u0259da etdiyim bu t\u00fcrk\u0259saya, kas\u0131b adamlar hardasa rastla\u015fd\u0131qlar\u0131 &#8220;m\u0259\u015fhurlardan&#8221; el\u0259 q\u00fcrurla yap\u0131\u015f\u0131blar ki, sanki uzun h\u0259sr\u0259td\u0259n sonra do\u011fmalar\u0131na qovu\u015fublar. Dig\u0259r t\u0259r\u0259fin is\u0259 bu qollardan m\u00fcmk\u00fcn q\u0259d\u0259r tez qurtulmaq \u00fc\u00e7\u00fcn saniy\u0259l\u0259ri nec\u0259 \u201c\u0259zabla\u201d sayd\u0131qlar\u0131 \u0259nnik-kir\u015fanl\u0131 sif\u0259tl\u0259rind\u0259n a\u00e7\u0131q-ayd\u0131n g\u00f6r\u00fcn\u00fcr. Onlar \u015f\u0259kill\u0259rin tarix\u00e7\u0259sind\u0259n f\u0259r\u0259hl\u0259 dan\u0131\u015fd\u0131qlar\u0131 zaman m\u0259n h\u0259l\u0259 \u00f6lm\u0259yib bel\u0259 g\u00f6r\u0259c\u0259kli g\u00fcnl\u0259r\u0259 qald\u0131\u011f\u0131m \u00fc\u00e7\u00fcn \u00f6z pay\u0131ma x\u0259cal\u0259t \u00e7\u0259kirdim&#8230; \u00c7\u00fcnki ellikl\u0259 itiyi Xo\u015fq\u0259d\u0259min, x\u0259st\u0259si Zaurun umuduna qalan ma\u011fm\u0131n xalq\u0131n k\u00f6yn\u0259yind\u0259n \u00e7\u0131xm\u0131\u015f\u0131q. D\u00fcnyan\u0131n haras\u0131nda olsaq, bunu inkar ed\u0259 bilm\u0259rik.\n<\/p>\n<p>\n  Yetmi\u015fi adlam\u0131\u015f m\u00fc\u0259llim\u0259 \u201cD\u00fcnya Tv\u201d adl\u0131 bir \u201cpalatka\u201dn\u0131n s\u0259sini n\u0259yi var verib b\u00fct\u00fcn ail\u0259ni man\u0131s toplumuna calay\u0131r. M\u0259cburi qulaq v\u0259 g\u00f6z \u201cm\u00fcsafirl\u0259ri\u201d m\u0259kt\u0259bli n\u0259v\u0259l\u0259rd\u0259n, onlar\u0131n yor\u011fun-ar\u011f\u0131n valideynl\u0259ruind\u0259n ibar\u0259tdir.\n<\/p>\n<p>\n  Bununla bitm\u0259yib, telefonla \u201cSMS\u201d g\u00f6nd\u0259rm\u0259 m\u0259rasimi d\u0259 var. H\u0259r k\u0259si bu vacib m\u0259s\u0259l\u0259y\u0259 s\u0259f\u0259rb\u0259r ed\u0259n \u201ca\u011fbir\u00e7\u0259yimiz\u201d gec\u0259nin bir al\u0259min\u0259 q\u0259d\u0259r apar\u0131c\u0131n\u0131n onun ad\u0131n\u0131 \u00e7\u0259k\u0259c\u0259yi an\u0131 g\u00f6zl\u0259yir. T\u0259bii, b\u00fct\u00fcn ail\u0259 g\u00f6zl\u0259m\u0259y\u0259 m\u0259hkumdur. Yata bilm\u0259y\u0259n qon\u015fular da var. Aha! N\u0259hay\u0259t, h\u0259min o tarixi an yeti\u015fir. Apar\u0131c\u0131 bizim m\u00fc\u0259llim\u0259nin ad\u0131n\u0131 \u00e7\u0259kib onun \u015f\u0259xs\u0259n \u00f6z\u00fcn\u0259 v\u0259 auditoriyaya olan sonsuz sevgil\u0259rini \u00e7atd\u0131r\u0131r. \u201cD\u00fcnya\u201dn\u0131n \u0259n g\u00f6z\u0259l m\u00fcjd\u0259sini alan xo\u015fb\u0259xt adam gec\u0259nin o biri yar\u0131s\u0131n\u0131 f\u0259r\u0259hd\u0259n yata bilmir&#8230;\n<\/p>\n<p>\n  \u0130ndi bir g\u00fcn h\u0259min m\u00fc\u0259llim\u0259y\u0259-ziyal\u0131ya-n\u0259n\u0259y\u0259-v\u0259t\u0259nda\u015fa \u00f6lk\u0259d\u0259ki b\u0259rbad maddi-m\u0259n\u0259vi durumdan dan\u0131\u015f\u0131b iki-\u00fc\u00e7 k\u0259lm\u0259lik bir m\u00f6vqe xahi\u015f ets\u0259k:\n<\/p>\n<p>\n  \u201cAllah prezidentimizi \u00fcst\u00fcm\u00fczd\u0259n \u0259skik etm\u0259sin, m\u00fcharib\u0259ni saxlay\u0131b bir loxma \u00e7\u00f6r\u0259yimizi verir, daha n\u0259 ist\u0259yirsiz?\u201d \u2013 deyib a\u011fz\u0131m\u0131z\u0131n pay\u0131n\u0131 ver\u0259c\u0259k. S\u00f6hb\u0259t bitmi\u015fdir. \u201cSiyas\u0259t\u0259 qar\u0131\u015fmayan\u201d a\u011fbir\u00e7\u0259yimizin bel\u0259 bo\u015f v\u0259 m\u0259nas\u0131z m\u00fczakir\u0259l\u0259r\u0259 x\u0259rcl\u0259n\u0259c\u0259k vaxt\u0131 yoxdur. \u201cD\u00fcnya\u201ddan savay\u0131 \u00f6lk\u0259d\u0259 iyirmi d\u00f6rd saata s\u0131\u011fmayan h\u0259l\u0259 n\u0259 q\u0259d\u0259r \u201cbax\u0131ml\u0131\u201d kanallar var.\n<\/p>\n<p>\n  Hakimiyy\u0259t ma\u015f\u0131n\u0131ndan \u00f6t\u00fcr\u00fcl\u0259n saxta \u00e7al-\u00e7a\u011f\u0131r, firavanl\u0131q, haqq-\u0259dal\u0259t, demokratiya, v\u0259t\u0259n\u015f\u00fcv\u0259nlik siqnallar\u0131 t\u0259bii ki, misilsiz s\u0259fal\u0259t i\u00e7ind\u0259 \u00e7abalayan \u0259halid\u0259 ikrah do\u011furur. Amma m\u0259lum dur\u011funluq \u0259zilmi\u015f t\u0259b\u0259q\u0259ni h\u0259l\u0259 t\u0259rp\u0259nm\u0259y\u0259 qoymur.\n<\/p>\n<p>\n  \u201cXalq\u0131 kim bu hala sald\u0131?\u201d \u2013 dey\u0259 soru\u015fmayaq. H\u0259r k\u0259s can\u0131na yeridil\u0259n narkozdan m\u0259mnun kimidir. Qara-qara d\u00fc\u015f\u00fcnm\u0259kd\u0259ns\u0259 \u015fou izl\u0259m\u0259k, imkan daxilind\u0259 h\u0259tta canl\u0131 i\u015ftirak\u00e7\u0131 olmaq daha maraql\u0131 v\u0259 rahatd\u0131r. Yoxsa xalq olaraq \u00fcst\u00fcn\u0259 sel kimi g\u0259l\u0259n ehtiyaclardan dizin qatlanacaq, n\u0259f\u0259sin k\u0259sil\u0259c\u0259k. H\u0259r\u00e7\u0259nd bo\u011fulma obyekti dig\u0259r s\u0259b\u0259bl\u0259r d\u0259 ola bil\u0259r. Amma b\u00fct\u00fcn hallarda bu boyda \u00f6lk\u0259d\u0259 \u00f6z\u00fcn\u0259 yer tapa bilm\u0259y\u0259c\u0259ks\u0259n.\n<\/p>\n<p>\n  \u015eoumu, \u015f\u00fcurmu? Biri na\u011f\u0131l, o biri a\u011f\u0131r. Biri \u0259yl\u0259nc\u0259, o biri i\u015fg\u0259nc\u0259. Daim \u201c\u015fans\u0131n\u0131 bir daha s\u0131nama\u011fa\u201d m\u0259hkum xalq\u0131n bir g\u00fcn d\u00fczg\u00fcn v\u0259 c\u0259sar\u0259tli add\u0131m ataca\u011f\u0131na n\u0259 q\u0259d\u0259r \u0259minik? B\u00fct\u00fcn se\u00e7kil\u0259rd\u0259 h\u00f6kum\u0259tin inay\u0259t etdiyi verg\u00fcll\u00fc s\u0131f\u0131rlar\u0131n q\u0131s\u0131q faizi q\u0259d\u0259rmi? V\u0259t\u0259nin \u00e7al\u0131n\u0131b-talanan s\u0259rv\u0259tl\u0259rind\u0259n xarici banklarda \u015f\u0259xsi hesablara yat\u0131r\u0131lan haram milyardlar\u0131n kifl\u0259nmi\u015f havas\u0131 q\u0259d\u0259rmi? Neft v\u0259 milyonlar s\u0259lt\u0259n\u0259tind\u0259 od bahas\u0131na \u201cyararland\u0131\u011f\u0131m\u0131z\u201d maddi-m\u0259n\u0259vi, sosial-iqtisadi \u201cenerji\u201d q\u0259d\u0259rmi? \u018flb\u0259tt\u0259, yox! O q\u0259d\u0259r d\u0259 deyil.\n<\/p>\n<p>\n  Q\u018fD\u018fRimizi SE\u00c7\u0130Mimiz h\u0259ll ed\u0259c\u0259k. 2018-ci ilimiz m\u00fcbar\u0259k?!&#8230;\n<\/p>\n<p>\n  <i><br \/>\n    <b><br \/>\n      Yaz\u0131 m\u00fc\u0259llifin fikirl\u0259rini \u0259ks etdirir v\u0259 Meydan TV-nin m\u00f6vqeyi il\u0259 \u00fcst-\u00fcst\u0259 d\u00fc\u015fm\u0259y\u0259 bil\u0259r.<br \/>\n    <\/b><br \/>\n  <\/i>\n<\/p><\/p>\n","protected":false},"excerpt":{"rendered":"<p>T\u0259s\u0259vv\u00fcr edin ki, da\u011f\u0131l\u0131b-t\u00f6k\u00fcl\u0259n \u0259l\u0259ng\u0259 \u201cJiquli\u201dnin tozuna, benzin qoxusuna b\u0259l\u0259nib x\u0259st\u0259y\u0259 d\u0259ym\u0259y\u0259 getmi\u015f\u0259m<\/p>\n","protected":false},"author":11,"featured_media":80491,"comment_status":"closed","ping_status":"open","sticky":false,"template":"","format":"standard","meta":{"_acf_changed":false,"_sitemap_exclude":false,"_sitemap_priority":"","_sitemap_frequency":"","footnotes":""},"categories":[57],"tags":[],"class_list":["post-188106","post","type-post","status-publish","format-standard","has-post-thumbnail","hentry","category-menim-fikrimce","infinite-scroll-item","generate-columns","tablet-grid-50","mobile-grid-100","grid-parent","grid-33","no-featured-image-padding"],"acf":[],"yoast_head":"<!-- This site is optimized with the Yoast SEO plugin v27.5 - https:\/\/yoast.com\/product\/yoast-seo-wordpress\/ -->\n<title>Siyas\u0259t\u0259 qar\u0131\u015fmamaq siyas\u0259ti - MEYDAN.TV<\/title>\n<meta name=\"robots\" content=\"index, follow, max-snippet:-1, max-image-preview:large, max-video-preview:-1\" \/>\n<link rel=\"canonical\" href=\"https:\/\/www.meydan.tv\/az\/article\/siyasete-qarismamaq-siyaseti\/\" \/>\n<meta property=\"og:locale\" content=\"az_AZ\" \/>\n<meta property=\"og:type\" content=\"article\" \/>\n<meta property=\"og:title\" content=\"Siyas\u0259t\u0259 qar\u0131\u015fmamaq siyas\u0259ti - MEYDAN.TV\" \/>\n<meta property=\"og:description\" content=\"T\u0259s\u0259vv\u00fcr edin ki, da\u011f\u0131l\u0131b-t\u00f6k\u00fcl\u0259n \u0259l\u0259ng\u0259 \u201cJiquli\u201dnin tozuna, benzin qoxusuna b\u0259l\u0259nib x\u0259st\u0259y\u0259 d\u0259ym\u0259y\u0259 getmi\u015f\u0259m\" \/>\n<meta property=\"og:url\" content=\"https:\/\/www.meydan.tv\/az\/article\/siyasete-qarismamaq-siyaseti\/\" \/>\n<meta property=\"og:site_name\" content=\"MEYDAN.TV\" \/>\n<meta property=\"article:published_time\" content=\"2018-01-08T18:54:15+00:00\" \/>\n<meta property=\"og:image\" content=\"https:\/\/www.meydan.tv\/wp-content\/uploads\/31405.jpg\" \/>\n\t<meta property=\"og:image:width\" content=\"1334\" \/>\n\t<meta property=\"og:image:height\" content=\"998\" \/>\n\t<meta property=\"og:image:type\" content=\"image\/jpeg\" \/>\n<meta name=\"author\" content=\"user-manager\" \/>\n<meta name=\"twitter:card\" content=\"summary_large_image\" \/>\n<script type=\"application\/ld+json\" class=\"yoast-schema-graph\">{\"@context\":\"https:\\\/\\\/schema.org\",\"@graph\":[{\"@type\":\"Article\",\"@id\":\"https:\\\/\\\/www.meydan.tv\\\/az\\\/article\\\/siyasete-qarismamaq-siyaseti\\\/#article\",\"isPartOf\":{\"@id\":\"https:\\\/\\\/www.meydan.tv\\\/az\\\/article\\\/siyasete-qarismamaq-siyaseti\\\/\"},\"author\":{\"name\":\"user-manager\",\"@id\":\"https:\\\/\\\/www.meydan.tv\\\/az\\\/#\\\/schema\\\/person\\\/10d11eccf6da3662cf5fdab9806ea91a\"},\"headline\":\"Siyas\u0259t\u0259 qar\u0131\u015fmamaq siyas\u0259ti\",\"datePublished\":\"2018-01-08T18:54:15+00:00\",\"mainEntityOfPage\":{\"@id\":\"https:\\\/\\\/www.meydan.tv\\\/az\\\/article\\\/siyasete-qarismamaq-siyaseti\\\/\"},\"wordCount\":890,\"publisher\":{\"@id\":\"https:\\\/\\\/www.meydan.tv\\\/az\\\/#organization\"},\"image\":{\"@id\":\"https:\\\/\\\/www.meydan.tv\\\/az\\\/article\\\/siyasete-qarismamaq-siyaseti\\\/#primaryimage\"},\"thumbnailUrl\":\"https:\\\/\\\/www.meydan.tv\\\/wp-content\\\/uploads\\\/31405.jpg\",\"articleSection\":[\"M\u0259nim Fikrimc\u0259\"],\"inLanguage\":\"az\"},{\"@type\":\"WebPage\",\"@id\":\"https:\\\/\\\/www.meydan.tv\\\/az\\\/article\\\/siyasete-qarismamaq-siyaseti\\\/\",\"url\":\"https:\\\/\\\/www.meydan.tv\\\/az\\\/article\\\/siyasete-qarismamaq-siyaseti\\\/\",\"name\":\"Siyas\u0259t\u0259 qar\u0131\u015fmamaq siyas\u0259ti - MEYDAN.TV\",\"isPartOf\":{\"@id\":\"https:\\\/\\\/www.meydan.tv\\\/az\\\/#website\"},\"primaryImageOfPage\":{\"@id\":\"https:\\\/\\\/www.meydan.tv\\\/az\\\/article\\\/siyasete-qarismamaq-siyaseti\\\/#primaryimage\"},\"image\":{\"@id\":\"https:\\\/\\\/www.meydan.tv\\\/az\\\/article\\\/siyasete-qarismamaq-siyaseti\\\/#primaryimage\"},\"thumbnailUrl\":\"https:\\\/\\\/www.meydan.tv\\\/wp-content\\\/uploads\\\/31405.jpg\",\"datePublished\":\"2018-01-08T18:54:15+00:00\",\"breadcrumb\":{\"@id\":\"https:\\\/\\\/www.meydan.tv\\\/az\\\/article\\\/siyasete-qarismamaq-siyaseti\\\/#breadcrumb\"},\"inLanguage\":\"az\",\"potentialAction\":[{\"@type\":\"ReadAction\",\"target\":[\"https:\\\/\\\/www.meydan.tv\\\/az\\\/article\\\/siyasete-qarismamaq-siyaseti\\\/\"]}]},{\"@type\":\"ImageObject\",\"inLanguage\":\"az\",\"@id\":\"https:\\\/\\\/www.meydan.tv\\\/az\\\/article\\\/siyasete-qarismamaq-siyaseti\\\/#primaryimage\",\"url\":\"https:\\\/\\\/www.meydan.tv\\\/wp-content\\\/uploads\\\/31405.jpg\",\"contentUrl\":\"https:\\\/\\\/www.meydan.tv\\\/wp-content\\\/uploads\\\/31405.jpg\",\"width\":1334,\"height\":998,\"caption\":\"Source:\"},{\"@type\":\"BreadcrumbList\",\"@id\":\"https:\\\/\\\/www.meydan.tv\\\/az\\\/article\\\/siyasete-qarismamaq-siyaseti\\\/#breadcrumb\",\"itemListElement\":[{\"@type\":\"ListItem\",\"position\":1,\"name\":\"Ana s\u0259hif\u0259\",\"item\":\"https:\\\/\\\/www.meydan.tv\\\/az\\\/\"},{\"@type\":\"ListItem\",\"position\":2,\"name\":\"M\u0259nim Fikrimc\u0259\",\"item\":\"https:\\\/\\\/www.meydan.tv\\\/az\\\/section\\\/menim-fikrimce\\\/\"},{\"@type\":\"ListItem\",\"position\":3,\"name\":\"Siyas\u0259t\u0259 qar\u0131\u015fmamaq siyas\u0259ti\"}]},{\"@type\":\"WebSite\",\"@id\":\"https:\\\/\\\/www.meydan.tv\\\/az\\\/#website\",\"url\":\"https:\\\/\\\/www.meydan.tv\\\/az\\\/\",\"name\":\"MEYDAN.TV\",\"description\":\"Meydan TV Az\u0259rbaycan\u0131n media m\u0259kan\u0131ndak\u0131 alternativ s\u0259sidir\",\"publisher\":{\"@id\":\"https:\\\/\\\/www.meydan.tv\\\/az\\\/#organization\"},\"potentialAction\":[{\"@type\":\"SearchAction\",\"target\":{\"@type\":\"EntryPoint\",\"urlTemplate\":\"https:\\\/\\\/www.meydan.tv\\\/az\\\/?s={search_term_string}\"},\"query-input\":{\"@type\":\"PropertyValueSpecification\",\"valueRequired\":true,\"valueName\":\"search_term_string\"}}],\"inLanguage\":\"az\"},{\"@type\":\"Organization\",\"@id\":\"https:\\\/\\\/www.meydan.tv\\\/az\\\/#organization\",\"name\":\"Meydan TV\",\"url\":\"https:\\\/\\\/www.meydan.tv\\\/az\\\/\",\"logo\":{\"@type\":\"ImageObject\",\"inLanguage\":\"az\",\"@id\":\"https:\\\/\\\/www.meydan.tv\\\/az\\\/#\\\/schema\\\/logo\\\/image\\\/\",\"url\":\"https:\\\/\\\/www.meydan.tv\\\/wp-content\\\/uploads\\\/2021\\\/07\\\/meydan-logo.svg\",\"contentUrl\":\"https:\\\/\\\/www.meydan.tv\\\/wp-content\\\/uploads\\\/2021\\\/07\\\/meydan-logo.svg\",\"width\":195,\"height\":46,\"caption\":\"Meydan TV\"},\"image\":{\"@id\":\"https:\\\/\\\/www.meydan.tv\\\/az\\\/#\\\/schema\\\/logo\\\/image\\\/\"}},{\"@type\":\"Person\",\"@id\":\"https:\\\/\\\/www.meydan.tv\\\/az\\\/#\\\/schema\\\/person\\\/10d11eccf6da3662cf5fdab9806ea91a\",\"name\":\"user-manager\"}]}<\/script>\n<!-- \/ Yoast SEO plugin. -->","yoast_head_json":{"title":"Siyas\u0259t\u0259 qar\u0131\u015fmamaq siyas\u0259ti - MEYDAN.TV","robots":{"index":"index","follow":"follow","max-snippet":"max-snippet:-1","max-image-preview":"max-image-preview:large","max-video-preview":"max-video-preview:-1"},"canonical":"https:\/\/www.meydan.tv\/az\/article\/siyasete-qarismamaq-siyaseti\/","og_locale":"az_AZ","og_type":"article","og_title":"Siyas\u0259t\u0259 qar\u0131\u015fmamaq siyas\u0259ti - MEYDAN.TV","og_description":"T\u0259s\u0259vv\u00fcr edin ki, da\u011f\u0131l\u0131b-t\u00f6k\u00fcl\u0259n \u0259l\u0259ng\u0259 \u201cJiquli\u201dnin tozuna, benzin qoxusuna b\u0259l\u0259nib x\u0259st\u0259y\u0259 d\u0259ym\u0259y\u0259 getmi\u015f\u0259m","og_url":"https:\/\/www.meydan.tv\/az\/article\/siyasete-qarismamaq-siyaseti\/","og_site_name":"MEYDAN.TV","article_published_time":"2018-01-08T18:54:15+00:00","og_image":[{"width":1334,"height":998,"url":"https:\/\/www.meydan.tv\/wp-content\/uploads\/31405.jpg","type":"image\/jpeg"}],"author":"user-manager","twitter_card":"summary_large_image","schema":{"@context":"https:\/\/schema.org","@graph":[{"@type":"Article","@id":"https:\/\/www.meydan.tv\/az\/article\/siyasete-qarismamaq-siyaseti\/#article","isPartOf":{"@id":"https:\/\/www.meydan.tv\/az\/article\/siyasete-qarismamaq-siyaseti\/"},"author":{"name":"user-manager","@id":"https:\/\/www.meydan.tv\/az\/#\/schema\/person\/10d11eccf6da3662cf5fdab9806ea91a"},"headline":"Siyas\u0259t\u0259 qar\u0131\u015fmamaq siyas\u0259ti","datePublished":"2018-01-08T18:54:15+00:00","mainEntityOfPage":{"@id":"https:\/\/www.meydan.tv\/az\/article\/siyasete-qarismamaq-siyaseti\/"},"wordCount":890,"publisher":{"@id":"https:\/\/www.meydan.tv\/az\/#organization"},"image":{"@id":"https:\/\/www.meydan.tv\/az\/article\/siyasete-qarismamaq-siyaseti\/#primaryimage"},"thumbnailUrl":"https:\/\/www.meydan.tv\/wp-content\/uploads\/31405.jpg","articleSection":["M\u0259nim Fikrimc\u0259"],"inLanguage":"az"},{"@type":"WebPage","@id":"https:\/\/www.meydan.tv\/az\/article\/siyasete-qarismamaq-siyaseti\/","url":"https:\/\/www.meydan.tv\/az\/article\/siyasete-qarismamaq-siyaseti\/","name":"Siyas\u0259t\u0259 qar\u0131\u015fmamaq siyas\u0259ti - MEYDAN.TV","isPartOf":{"@id":"https:\/\/www.meydan.tv\/az\/#website"},"primaryImageOfPage":{"@id":"https:\/\/www.meydan.tv\/az\/article\/siyasete-qarismamaq-siyaseti\/#primaryimage"},"image":{"@id":"https:\/\/www.meydan.tv\/az\/article\/siyasete-qarismamaq-siyaseti\/#primaryimage"},"thumbnailUrl":"https:\/\/www.meydan.tv\/wp-content\/uploads\/31405.jpg","datePublished":"2018-01-08T18:54:15+00:00","breadcrumb":{"@id":"https:\/\/www.meydan.tv\/az\/article\/siyasete-qarismamaq-siyaseti\/#breadcrumb"},"inLanguage":"az","potentialAction":[{"@type":"ReadAction","target":["https:\/\/www.meydan.tv\/az\/article\/siyasete-qarismamaq-siyaseti\/"]}]},{"@type":"ImageObject","inLanguage":"az","@id":"https:\/\/www.meydan.tv\/az\/article\/siyasete-qarismamaq-siyaseti\/#primaryimage","url":"https:\/\/www.meydan.tv\/wp-content\/uploads\/31405.jpg","contentUrl":"https:\/\/www.meydan.tv\/wp-content\/uploads\/31405.jpg","width":1334,"height":998,"caption":"Source:"},{"@type":"BreadcrumbList","@id":"https:\/\/www.meydan.tv\/az\/article\/siyasete-qarismamaq-siyaseti\/#breadcrumb","itemListElement":[{"@type":"ListItem","position":1,"name":"Ana s\u0259hif\u0259","item":"https:\/\/www.meydan.tv\/az\/"},{"@type":"ListItem","position":2,"name":"M\u0259nim Fikrimc\u0259","item":"https:\/\/www.meydan.tv\/az\/section\/menim-fikrimce\/"},{"@type":"ListItem","position":3,"name":"Siyas\u0259t\u0259 qar\u0131\u015fmamaq siyas\u0259ti"}]},{"@type":"WebSite","@id":"https:\/\/www.meydan.tv\/az\/#website","url":"https:\/\/www.meydan.tv\/az\/","name":"MEYDAN.TV","description":"Meydan TV Az\u0259rbaycan\u0131n media m\u0259kan\u0131ndak\u0131 alternativ s\u0259sidir","publisher":{"@id":"https:\/\/www.meydan.tv\/az\/#organization"},"potentialAction":[{"@type":"SearchAction","target":{"@type":"EntryPoint","urlTemplate":"https:\/\/www.meydan.tv\/az\/?s={search_term_string}"},"query-input":{"@type":"PropertyValueSpecification","valueRequired":true,"valueName":"search_term_string"}}],"inLanguage":"az"},{"@type":"Organization","@id":"https:\/\/www.meydan.tv\/az\/#organization","name":"Meydan TV","url":"https:\/\/www.meydan.tv\/az\/","logo":{"@type":"ImageObject","inLanguage":"az","@id":"https:\/\/www.meydan.tv\/az\/#\/schema\/logo\/image\/","url":"https:\/\/www.meydan.tv\/wp-content\/uploads\/2021\/07\/meydan-logo.svg","contentUrl":"https:\/\/www.meydan.tv\/wp-content\/uploads\/2021\/07\/meydan-logo.svg","width":195,"height":46,"caption":"Meydan TV"},"image":{"@id":"https:\/\/www.meydan.tv\/az\/#\/schema\/logo\/image\/"}},{"@type":"Person","@id":"https:\/\/www.meydan.tv\/az\/#\/schema\/person\/10d11eccf6da3662cf5fdab9806ea91a","name":"user-manager"}]}},"_links":{"self":[{"href":"https:\/\/www.meydan.tv\/az\/wp-json\/wp\/v2\/posts\/188106","targetHints":{"allow":["GET"]}}],"collection":[{"href":"https:\/\/www.meydan.tv\/az\/wp-json\/wp\/v2\/posts"}],"about":[{"href":"https:\/\/www.meydan.tv\/az\/wp-json\/wp\/v2\/types\/post"}],"author":[{"embeddable":true,"href":"https:\/\/www.meydan.tv\/az\/wp-json\/wp\/v2\/users\/11"}],"replies":[{"embeddable":true,"href":"https:\/\/www.meydan.tv\/az\/wp-json\/wp\/v2\/comments?post=188106"}],"version-history":[{"count":0,"href":"https:\/\/www.meydan.tv\/az\/wp-json\/wp\/v2\/posts\/188106\/revisions"}],"wp:featuredmedia":[{"embeddable":true,"href":"https:\/\/www.meydan.tv\/az\/wp-json\/wp\/v2\/media\/80491"}],"wp:attachment":[{"href":"https:\/\/www.meydan.tv\/az\/wp-json\/wp\/v2\/media?parent=188106"}],"wp:term":[{"taxonomy":"category","embeddable":true,"href":"https:\/\/www.meydan.tv\/az\/wp-json\/wp\/v2\/categories?post=188106"},{"taxonomy":"post_tag","embeddable":true,"href":"https:\/\/www.meydan.tv\/az\/wp-json\/wp\/v2\/tags?post=188106"}],"curies":[{"name":"wp","href":"https:\/\/api.w.org\/{rel}","templated":true}]}}