{"id":188046,"date":"2017-12-29T17:20:46","date_gmt":"2017-12-29T17:20:46","guid":{"rendered":"https:\/\/www.meydan.tv\/article\/media-2017-ci-ilde-neler-yasadi\/"},"modified":"2017-12-29T17:20:46","modified_gmt":"2017-12-29T17:20:46","slug":"media-2017-ci-ilde-neler-yasadi","status":"publish","type":"post","link":"https:\/\/www.meydan.tv\/az\/article\/media-2017-ci-ilde-neler-yasadi\/","title":{"rendered":"Media 2017-ci ild\u0259 n\u0259l\u0259r ya\u015fad\u0131?"},"content":{"rendered":"<p>\n  <b><br \/>\n    Yanvar<br \/>\n  <\/b>\n<\/p>\n<p>\n  Videobloger Mehman H\u00fcseynov yanvar\u0131n 9-da N\u0259simi Rayon Polis \u0130dar\u0259sinin 22 sayl\u0131 Polis B\u00f6lm\u0259si \u0259m\u0259kda\u015flar\u0131 t\u0259r\u0259find\u0259n saxland\u0131. Yanvar\u0131n 10-da m\u0259hk\u0259m\u0259 \u00f6n\u00fcn\u0259 \u00e7\u0131xar\u0131ld\u0131 v\u0259 polis\u0259 tabe olmamaqda t\u0259qsirli bilin\u0259r\u0259k, 200 manat c\u0259rim\u0259l\u0259ndi.\n<\/p>\n<p>\n  O, jurnalistl\u0259r\u0259 a\u00e7\u0131qlama ver\u0259rk\u0259n saxland\u0131\u011f\u0131 m\u00fcdd\u0259td\u0259 i\u015fg\u0259nc\u0259y\u0259 m\u0259ruz qald\u0131\u011f\u0131n\u0131<br \/>\n  <a href=\"\/az\/article\/emin-huseynov-mehman-kafeden-cixarken-5-6-nefer-terefinden-zorla-tutulub\/\" target=\"_blank\" rel=\"noopener\"><br \/>\n    s\u00f6yl\u0259mi\u015fdi<br \/>\n  <\/a><br \/>\n  .\n<\/p>\n<p>\n  Onun bu a\u00e7\u0131qlamas\u0131n\u0131 N\u0259simi Rayon Polis \u0130dar\u0259sinin r\u0259isi M.Musayev polis\u0259 b\u00f6htan sayaraq, x\u00fcsusi ittiham qaydas\u0131nda iddia qald\u0131rd\u0131. H\u0259min iddia \u0259sas\u0131nda Mehman H\u00fcseynov mart\u0131n 3-d\u0259 Suraxan\u0131 Rayon M\u0259hk\u0259m\u0259sinin q\u0259rar\u0131 il\u0259 2 il azadl\u0131qdan m\u0259hrum<br \/>\n  <a href=\"\/az\/article\/mehman-huseynov-2-il-azadliqdan-mehrum-edildi\/\" target=\"_blank\" rel=\"noopener\"><br \/>\n    edildi<br \/>\n  <\/a><br \/>\n  .\n<\/p>\n<p>\n  \u201cLider\u201d TV-nin Moskvadak\u0131 \u0259m\u0259kda\u015f\u0131 Anar H\u0259s\u0259nov Rusiyan\u0131n xarici i\u015fl\u0259r naziri Sergey Lavrova verdiyi suala g\u00f6r\u0259 i\u015fd\u0259n \u00e7\u0131xar\u0131l\u0131b. Onun m\u0259tbuat konfrans\u0131nda nazir\u0259 \u00fcnvanlad\u0131\u011f\u0131 &#8220;Az\u0259rbaycan t\u0259r\u0259finin antiterror \u0259m\u0259liyyatlar\u0131na ba\u015flayaca\u011f\u0131, i\u015f\u011fal olunmu\u015f \u0259razil\u0259ri azad ed\u0259c\u0259yi t\u0259qdird\u0259 Moskva nec\u0259 h\u0259r\u0259k\u0259t ed\u0259c\u0259k, buna g\u00f6z yumacaq, yoxsa Az\u0259rbaycan\u0131n daxili i\u015fl\u0259rin\u0259 qar\u0131\u015facaq&#8221;- sual\u0131 g\u00fcnd\u0259min \u0259sas m\u00fczakir\u0259 m\u00f6vzular\u0131ndan<br \/>\n  <a href=\"\/az\/article\/media-ekspertleri-jurnalistin-sergey-lavrova-verdiyi-sualda-qusur-gormurler\/\" target=\"_blank\" rel=\"noopener\"><br \/>\n    olub<br \/>\n  <\/a><br \/>\n  .\n<\/p>\n<figure class=\"wp-block-image size-large\">\n  <img decoding=\"async\" src=\"https:\/\/www.meydan.tv\/az\/mehman-qelenderov\/\" alt=\"Mehman Q\u0259l\u0259nd\u0259rov\" class=\"wp-image-83799\"\/><figcaption>\n    Mehman Q\u0259l\u0259nd\u0259rov<br \/>\n  <\/figcaption><\/figure>\n<p>\n  <b><br \/>\n    Fevral<br \/>\n  <\/b>\n<\/p>\n<p>\n  Fevral\u0131n 7-d\u0259 bloger Mehman Q\u0259l\u0259nd\u0259rovun bar\u0259sind\u0259 \u00fc\u00e7 ayl\u0131q h\u0259bs-q\u0259timkan t\u0259dbiri se\u00e7ilib. O, Cinay\u0259t M\u0259c\u0259ll\u0259sinin 234.2-ci madd\u0259sil\u0259 (Sat\u0131\u015f m\u0259qs\u0259di il\u0259 qanunsuz olaraq narkotik vasit\u0259l\u0259ri v\u0259 ya psixotrop madd\u0259l\u0259ri \u0259ld\u0259 etm\u0259 v\u0259 ya saxlama, haz\u0131rlama, istehsal etm\u0259, emal etm\u0259, da\u015f\u0131ma, g\u00f6nd\u0259rm\u0259, yaxud qanunsuz olaraq narkotik vasit\u0259l\u0259ri v\u0259 ya psixotrop madd\u0259l\u0259ri satma) ittiham olunurdu. Bloger ittihamlar\u0131 q\u0259bul etmir, h\u0259bsin\u0259 s\u0259b\u0259b Bak\u0131 v\u0259 Tbilisid\u0259 h\u00f6kum\u0259t \u0259leyhin\u0259 mitinql\u0259rd\u0259 i\u015ftirak etm\u0259si oldu\u011funu s\u00f6yl\u0259yirdi.\n<\/p>\n<p>\n  Sonradan o, t\u0259cridxanada v\u0259fat edib.\n<\/p>\n<p>\n  &#8211; 2017-ci il fevral\u0131n 17-d\u0259 \u0130smay\u0131ll\u0131dan olan jurnalist El\u00e7in \u0130smay\u0131ll\u0131 h\u0259bs edildi. O, \u0130smay\u0131ll\u0131 rayonunda v\u0259zif\u0259li \u015f\u0259xsl\u0259rd\u0259n haqq\u0131nda r\u00fcsvayedici m\u0259lumat yaymaq h\u0259d\u0259si il\u0259 pul t\u0259l\u0259b etm\u0259kd\u0259 ittiham<br \/>\n  <a href=\"\/az\/article\/jurnalistin-24-sutka-hebs-edildiyi-bildirilir\/\" target=\"_blank\" rel=\"noopener\"><br \/>\n    olundu<br \/>\n  <\/a><br \/>\n  .\n<\/p>\n<p>\n  E.\u0130smay\u0131ll\u0131 \u00f6z\u00fcn\u00fc t\u0259qsirli bilmir. Saxlan\u0131lark\u0259n \u00fcz\u0259rind\u0259 olan 1000 manat\u0131 borc ald\u0131\u011f\u0131n\u0131 deyir.\n<\/p>\n<p>\n  Jurnalist Cinay\u0259t M\u0259c\u0259ll\u0259sinin (CM) 182-ci (h\u0259d\u0259-qorxu yolu il\u0259 pul t\u0259l\u0259b etm\u0259), 308-ci (v\u0259zif\u0259sind\u0259n sui-istifad\u0259) v\u0259 311-ci (R\u00fc\u015fv\u0259t alma) madd\u0259l\u0259ri il\u0259 ittiham olunub.\n<\/p>\n<p>\n  Sentyabr\u0131n 18-d\u0259 \u015e\u0259ki A\u011f\u0131r Cinay\u0259tl\u0259r M\u0259hk\u0259m\u0259si onu 9 il azadl\u0131qdan m\u0259hrum edib. E.\u0130smay\u0131ll\u0131ya h\u0259m\u00e7inin, 3 il m\u00fc\u0259yy\u0259n v\u0259zif\u0259 tutmaq qada\u011fan olunub.\n<\/p>\n<p>\n  <b><br \/>\n    Mart<br \/>\n  <\/b>\n<\/p>\n<p>\n  Mart\u0131n 3-d\u0259 jurnalist \u0130lqar V\u0259liyev A\u011fdam rayonunun \u00c7\u0131raql\u0131 k\u0259ndi \u0259razisind\u0259 \u00e7\u0259kili\u015f aparark\u0259n h\u0259rb\u00e7il\u0259r t\u0259r\u0259find\u0259n saxlan\u0131l\u0131b. V\u0259kili a\u00e7\u0131qlama ver\u0259r\u0259k, onun saxland\u0131\u011f\u0131 zaman i\u015fg\u0259nc\u0259y\u0259 m\u0259ruz qald\u0131\u011f\u0131n\u0131<br \/>\n  <a href=\"\/az\/article\/jurnalist-ilqar-veliyev-agdamda-saxlanilib\/\" target=\"_blank\" rel=\"noopener\"><br \/>\n    s\u00f6yl\u0259mi\u015fdi<br \/>\n  <\/a><br \/>\n  .\n<\/p>\n<p>\n  Mart\u0131n 17-d\u0259 \u201c\u0130nformasiya, informasiyala\u015fd\u0131rma v\u0259 informasiyan\u0131n m\u00fchafiz\u0259si haqq\u0131nda\u201d Az\u0259rbaycan Respublikas\u0131n\u0131n Qanununda d\u0259yi\u015fiklikl\u0259r edilib. Bununla da, icra qurumuna m\u0259hk\u0259m\u0259 q\u0259rar\u0131 olmadan elektron resurslar\u0131 ba\u011flamaq h\u00fcququ verilib.\n<\/p>\n<p>\n  <b><br \/>\n    Aprel<br \/>\n  <\/b>\n<\/p>\n<p>\n  Aprelin 5-d\u0259 Ali M\u0259hk\u0259m\u0259 \u201cANS \u00c7M\u201d radiosunun lisenziyas\u0131n\u0131n l\u0259\u011fvi il\u0259 ba\u011fl\u0131 \u015firk\u0259tin kassasiya \u015fikay\u0259tin\u0259 bax\u0131b. M\u0259hk\u0259m\u0259 ANS-in iddias\u0131n\u0131 t\u0259min etm\u0259yib. Bel\u0259likl\u0259, televiziya v\u0259 radio Az\u0259rbaycan daxilind\u0259 b\u00fct\u00fcn instansiyalardan \u0259libo\u015f<br \/>\n  <a href=\"https:\/\/www.azadliq.org\/a\/mehkeme-ans-in-iddiasini-redd-etdi\/28412581.html\" target=\"_blank\" rel=\"noopener\"><br \/>\n    qay\u0131d\u0131b<br \/>\n  <\/a><br \/>\n  .\n<\/p>\n<p>\n  Aprelin 29-da bloger Mehman Q\u0259l\u0259nd\u0259rovun K\u00fcrd\u0259xan\u0131 \u0130stintaq T\u0259cridxanas\u0131nda intihar etdiyi<br \/>\n  <a href=\"\/az\/article\/siyasi-fealin-bacisi-mehman-tecridxanada-intihar-edib\/\" target=\"_blank\" rel=\"noopener\"><br \/>\n    bildirildi<br \/>\n  <\/a><br \/>\n  .\n<\/p>\n<p>\n  <b><br \/>\n    May<br \/>\n  <\/b>\n<\/p>\n<p>\n  \u201cKanal 13\u201d internet televiziyas\u0131n\u0131n icra\u00e7\u0131 direktoru \u018fziz Orucov may\u0131n 2-d\u0259 polis\u0259 m\u00fcqavim\u0259t ittiham\u0131 il\u0259 saxlan\u0131l\u0131b. Ona 30 sutka inzibati h\u0259bs c\u0259zas\u0131 verilib. Azadl\u0131\u011fa burax\u0131lmal\u0131 oldu\u011fu g\u00fcn \u2013 iyunun 1-d\u0259 Ba\u015f Prokurorlu\u011fun A\u011f\u0131r cinay\u0259tl\u0259r\u0259 dair i\u015fl\u0259r \u00fczr\u0259 \u0130stintaq \u0130dar\u0259sind\u0259 bar\u0259sind\u0259 cinay\u0259t i\u015fi ba\u015flan\u0131b. Ona Cinay\u0259t M\u0259c\u0259ll\u0259sinin 192-ci (qanunsuz sahibkarl\u0131q) v\u0259 308-ci (v\u0259zif\u0259 s\u0259lahiyy\u0259tl\u0259rind\u0259n sui-istifad\u0259) madd\u0259l\u0259ri il\u0259 ittiham verilib. El\u0259 h\u0259min g\u00fcn N\u0259simi Rayon M\u0259hk\u0259m\u0259sinin q\u0259rar\u0131 il\u0259 bar\u0259sind\u0259 4 ayl\u0131q h\u0259bs-q\u0259timkan t\u0259dbiri<br \/>\n  <a href=\"https:\/\/www.youtube.com\/watch?v=Uqhd97X4rZE\" target=\"_blank\" rel=\"noopener\"><br \/>\n    se\u00e7ilib<br \/>\n  <\/a><br \/>\n  .\n<\/p>\n<p>\n  May\u0131n 12-d\u0259 S\u0259bail Rayon M\u0259hk\u0259m\u0259sinin q\u0259rar\u0131 il\u0259 Az\u0259rbaycanda \u201cAzadl\u0131qRadiosu\u201d-nun \u201cazadliq.org\u201d, \u201cAzadl\u0131q\u201d q\u0259zetinin \u201cazadliq.info\u201d, \u201cMeydan TV\u201dnin, \u201cTuran TV\u201dnin v\u0259 \u201cAz\u0259rbaycan saat\u0131\u201d televiziya proqram\u0131n\u0131n saytlar\u0131na giri\u015f<br \/>\n  <a href=\"https:\/\/www.amerikaninsesi.org\/a\/media\/3849090.html\" target=\"_blank\" rel=\"noopener\"><br \/>\n    m\u0259hdudla\u015fd\u0131r\u0131l\u0131b<br \/>\n  <\/a><br \/>\n  .\n<\/p>\n<p>\n  May\u0131n 23-d\u0259 Qazax rayonunda ya\u015fayan jurnalist Nicat \u018fmiraslanova 30 sutka h\u0259bs verilib. O, \u0130nzibati X\u0259talar M\u0259c\u0259ll\u0259sinin 535.1-ci madd\u0259sini pozdu\u011fu iddias\u0131 il\u0259<br \/>\n  <a href=\"\/az\/article\/nicat-emiraslanov-30-sutka-inzibati-ceza-aldi\/\"><br \/>\n    c\u0259zaland\u0131r\u0131l\u0131b<br \/>\n  <\/a><br \/>\n  .\n<\/p>\n<figure class=\"wp-block-image size-large\">\n  <img decoding=\"async\" src=\"https:\/\/www.meydan.tv\/az\/efqan-muxtarli-5\/\" alt=\"\u018ffqan Muxtarl\u0131\" class=\"wp-image-94815\"\/><figcaption>\n    \u018ffqan Muxtarl\u0131<br \/>\n  <\/figcaption><\/figure>\n<p>\n  May\u0131n 29-da Tbilisid\u0259 ya\u015fayan m\u00fcst\u0259qil jurnalist \u018ffqan Muxtarl\u0131 m\u00fc\u0259mmal\u0131 \u015f\u0259kild\u0259 Az\u0259rbaycana g\u0259tirilib. Jurnalistin \u00f6z\u00fc Tbilisid\u0259 o\u011furland\u0131\u011f\u0131n\u0131, ba\u015f\u0131na torba ke\u00e7irildiyini, i\u015fg\u0259nc\u0259y\u0259 m\u0259ruz qald\u0131\u011f\u0131n\u0131, zorla Az\u0259rbaycana g\u0259tirildiyini v\u0259 s\u0259rh\u0259dd\u0259n ke\u00e7iril\u0259rk\u0259n cibin\u0259 10 min avro qoyuldu\u011funu<br \/>\n  <a href=\"\/az\/article\/efqan-muxtarli-yoxa-cixib\/\" target=\"_blank\" rel=\"noopener\"><br \/>\n    bildirir<br \/>\n  <\/a><br \/>\n  .\n<\/p>\n<p>\n  Ancaq Az\u0259rbaycanda ona qar\u015f\u0131 Cinay\u0259t M\u0259c\u0259ll\u0259sinin 315 (g\u00fcc t\u0259tbiq etm\u0259kl\u0259 hakimiyy\u0259t n\u00fcmay\u0259nd\u0259sin\u0259 m\u00fcqavim\u0259t g\u00f6st\u0259rm\u0259k), 318.1 (s\u0259rh\u0259di qanunsuz ke\u00e7m\u0259k) v\u0259 206.1 (qa\u00e7aqmal\u00e7\u0131l\u0131q) madd\u0259l\u0259ri il\u0259 cinay\u0259t i\u015fi qald\u0131r\u0131l\u0131b.\n<\/p>\n<p>\n  <b><br \/>\n    \u0130yun<br \/>\n  <\/b>\n<\/p>\n<p>\n  Meydan TV il\u0259 \u0259m\u0259kda\u015fl\u0131qda g\u00fcnahland\u0131r\u0131lan m\u00fcst\u0259qil jurnalistl\u0259r \u018ffqan Muxtarl\u0131 i\u015fi il\u0259 ba\u011fl\u0131 A\u011f\u0131r Cinay\u0259tl\u0259r\u0259 Dair \u0130\u015fl\u0259r \u00fczr\u0259 \u0130stintaq \u0130dar\u0259sind\u0259 dindirilibl\u0259r.\n<\/p>\n<p>\n  \u0130yunun 14-d\u0259 \u201cjam.az\u201d sayt\u0131n\u0131n r\u0259hb\u0259ri, jurnalist Fikr\u0259t F\u0259r\u0259m\u0259zo\u011flu 7 il azadl\u0131qdan m\u0259hrum edilib. O, Cinay\u0259t M\u0259c\u0259ll\u0259sinin 182-ci madd\u0259sil\u0259 ittiham edilib. Jurnalist m\u00fcxt\u0259lif restoran, ia\u015f\u0259 obyektl\u0259rinin sahibl\u0259rind\u0259n h\u0259d\u0259-qorxu il\u0259 pul t\u0259l\u0259b etm\u0259kd\u0259 su\u00e7lan\u0131r. Amma jurnalist ittiham\u0131 q\u0259bul etmir, \u201crestoran\u201d, \u201cmasaj salonu\u201d ad\u0131 alt\u0131nda f\u0259aliyy\u0259t g\u00f6st\u0259r\u0259n \u0259xlaqs\u0131zl\u0131q yuvalar\u0131n\u0131 if\u015fa etdiyin\u0259 g\u00f6r\u0259 sifari\u015fl\u0259 h\u0259bs olundu\u011funu bildirir. Dem\u0259sin\u0259 g\u00f6r\u0259, h\u0259min yerl\u0259ri v\u0259zif\u0259li \u015f\u0259xsl\u0259r himay\u0259<br \/>\n  <a href=\"\/az\/article\/fikret-feremezoglu-7-il-azadliqdan-mehrum-edildi\/\" target=\"_blank\" rel=\"noopener\"><br \/>\n    edir<br \/>\n  <\/a><br \/>\n  .\n<\/p>\n<p>\n  \u0130yunun 22-d\u0259 jurnalist Kamran Mahmudov G\u00fcrc\u00fcstana ged\u0259rk\u0259n<br \/>\n  <a href=\"\/az\/article\/jurnalist-kamran-mahmudov-serhedde-saxlanib-yenilenib\/\"><br \/>\n    saxlan\u0131b<br \/>\n  <\/a><br \/>\n  . Ona saxlan\u0131lmas\u0131n\u0131n s\u0259b\u0259bi tam olaraq izah edilm\u0259yib. \u0130lkin olaraq axtar\u0131\u015fda oldu\u011fu, \u00f6lk\u0259d\u0259n \u00e7\u0131x\u0131\u015f\u0131na yasaq qoyuldu\u011fu bildirilib. Sonradan jurnalistin \u00f6lk\u0259d\u0259n \u00e7\u0131x\u0131\u015f yasa\u011f\u0131 g\u00f6t\u00fcr\u00fcl\u00fcb.\n<\/p>\n<p>\n  <b><br \/>\n    \u0130yul<br \/>\n  <\/b>\n<\/p>\n<p>\n  \u0130yulun 22-d\u0259 Az\u0259rbaycan prezidenti \u0130lham \u018fliyev 200-d\u0259n \u00e7ox jurnalist\u0259 m\u0259nzil h\u0259diyy\u0259<br \/>\n  <a href=\"\/az\/article\/ev-verilen-jurnalistlerin-adlari-siyahi\/\" target=\"_blank\" rel=\"noopener\"><br \/>\n    edib<br \/>\n  <\/a><br \/>\n  .\n<\/p>\n<figure class=\"wp-block-image size-large\">\n  <img decoding=\"async\" src=\"https:\/\/www.meydan.tv\/az\/mehman-eliyev-2\/\" alt=\"Mehman \u018fliyev\" class=\"wp-image-91905\"\/><figcaption>\n    Mehman \u018fliyev<br \/>\n  <\/figcaption><\/figure>\n<p>\n  <b><br \/>\n    Avqust<br \/>\n  <\/b>\n<\/p>\n<p>\n  Avqustun 8-d\u0259 Vergil\u0259r Nazirliyi \u201cTuran\u201d \u0130nformasiya Agentliyinin f\u0259aliyy\u0259tinin s\u0259yyar vergi yoxlamas\u0131na ba\u015flad\u0131. Nazirlik 60 min manat\u0131n vergid\u0259n yay\u0131nd\u0131r\u0131ld\u0131\u011f\u0131n\u0131 iddia<br \/>\n  <a href=\"\/az\/article\/mehman-eliyev-subut-olmadan-bize-qarsi-cinayet-isi-qaldiriblar\/\" target=\"_blank\" rel=\"noopener\"><br \/>\n    edib<br \/>\n  <\/a><br \/>\n  .\n<\/p>\n<p>\n  Avqustun 24-d\u0259 \u201cTuran\u201d \u0130nformasiya Agentliyinin direktoru Mehman \u018fliyev<br \/>\n  <a href=\"\/az\/article\/mehkeme-mehman-eliyeve-hebs-qetimkan-tedbiri-secdi\/\" target=\"_blank\" rel=\"noopener\"><br \/>\n    saxlan\u0131l\u0131b<br \/>\n  <\/a><br \/>\n  . N\u00f6vb\u0259ti g\u00fcn ona Cinay\u0259t M\u0259c\u0259ll\u0259sinin 213.1 (vergi \u00f6d\u0259m\u0259kd\u0259n yay\u0131nma), 308.1 (v\u0259zif\u0259 s\u0259lahiyy\u0259tl\u0259rind\u0259n sui-istifad\u0259) v\u0259 192.2.2 (qanunsuz sahibkarl\u0131q) madd\u0259l\u0259ri il\u0259 ittihamlar ir\u0259li s\u00fcr\u00fcl\u00fcb.\n<\/p>\n<p>\n  Avqustun 31-i \u201cTuran\u201d \u0130nformasiya Agentliyi kommersiya qurumu olaraq f\u0259aliyy\u0259tini dayand\u0131rd\u0131\u011f\u0131n\u0131 elan edib.\n<\/p>\n<p>\n  <b><br \/>\n    Sentyabr<br \/>\n  <\/b>\n<\/p>\n<p>\n  \u201cAzadl\u0131q\u201d q\u0259zetinin b\u00f6lg\u0259 m\u00fcxbiri Ziya \u018fs\u0259dli sentyabr\u0131n 5-d\u0259 Bil\u0259suvar Rayon M\u0259hk\u0259m\u0259sinin h\u00f6km\u00fc il\u0259 3 il m\u00fcdd\u0259tin\u0259 azadl\u0131qdan m\u0259hrum edilib. May ay\u0131nda onun bar\u0259sind\u0259 cinay\u0259t i\u015fi a\u00e7\u0131lm\u0131\u015fd\u0131, jurnalist CM-sinin 221.3 (silah v\u0259 ya silah kimi istifad\u0259 edil\u0259n predmetd\u0259n istifad\u0259 il\u0259 xuliqanl\u0131q) madd\u0259si il\u0259 ittiham<br \/>\n  <a href=\"\/az\/article\/azadliq-qezetinin-emekdasi-xuliqanliqda-ittiham-edilir\/\" target=\"_blank\" rel=\"noopener\"><br \/>\n    edilirdi<br \/>\n  <\/a><br \/>\n  .\n<\/p>\n<p>\n  Sentyabr\u0131n 29-da ara\u015fd\u0131rma\u00e7\u0131-jurnalist, Azadl\u0131q Radiosunun \u0259m\u0259kda\u015f\u0131 X\u0259dic\u0259 \u0130smay\u0131l Kanadadak\u0131 Britaniya Kolumbiyas\u0131 Universiteti H\u00fcquq fak\u00fclt\u0259sinin t\u0259sis etdiyi \u201cAllard\u201d m\u00fckafat\u0131n\u0131<br \/>\n  <a href=\"https:\/\/www.azadliq.org\/a\/xedice-ismayil-allard-mukafat\/28763879.html\" target=\"_blank\" rel=\"noopener\"><br \/>\n    al\u0131b<br \/>\n  <\/a><br \/>\n  .\n<\/p>\n<p>\n  Sentyabrda Az\u0259rbaycan\u0131n \u0259yl\u0259nc\u0259 kanal\u0131 kimi tan\u0131nan ATV \u0259l d\u0259yi\u015fdirib. Telekanal\u0131n r\u0259hb\u0259ri V\u00fcqar Qarada\u011fl\u0131 v\u0259 komandas\u0131 \u00e7\u0131xar\u0131l\u0131b, onun yerin\u0259 SOCAR-a m\u0259xsus CBC kanal\u0131n\u0131n direktoru Az\u0259r X\u0259lilov<br \/>\n  <a href=\"\/az\/article\/atv-kanalinin-rehberliyi-deyisdi\/\" target=\"_blank\" rel=\"noopener\"><br \/>\n    g\u0259tirilib<br \/>\n  <\/a><br \/>\n  . CBC kanal\u0131na is\u0259 onun qarda\u015f\u0131 V\u00fcqar X\u0259lilov t\u0259yin<br \/>\n  <a href=\"https:\/\/apa.az\/xeber-az\/media-xeber\/cbc-telekanalina-yeni-bas-direktor-teyin-edilib-6477.html\" target=\"_blank\" rel=\"noopener\"><br \/>\n    edilib<br \/>\n  <\/a><br \/>\n  .\n<\/p>\n<p>\n  <b><br \/>\n    Oktyabr<br \/>\n  <\/b>\n<\/p>\n<p>\n  Oktyabr\u0131n 2-d\u0259 Avropa \u0130nsan H\u00fcquqlar\u0131 M\u0259hk\u0259m\u0259si (A\u0130HM) \u00f6lk\u0259d\u0259n \u00e7\u0131x\u0131\u015f\u0131na yasaq qoyulan 9 jurnalist, 6 h\u00fcquq\u015f\u00fcnas v\u0259 ictimai-siyasi f\u0259al\u0131n \u015fikay\u0259tini ara\u015fd\u0131rma\u011fa ba\u015flamas\u0131 il\u0259 ba\u011fl\u0131 m\u0259lumat<br \/>\n  <a href=\"\/az\/article\/avropa-mehkemesi-olkeden-cixis-qadagalarina-baxacaq\/\" target=\"_blank\" rel=\"noopener\"><br \/>\n    yay\u0131b<br \/>\n  <\/a><br \/>\n  .\n<\/p>\n<p>\n  &#8211; Oktyabr\u0131n 14-d\u0259 Niderland v\u0259t\u0259nda\u015f\u0131 olan Az\u0259rbaycan \u0259silli jurnalist Fikr\u0259t H\u00fcseynli Ukraynadan Almaniyan\u0131n D\u00fcsseldorf \u015f\u0259h\u0259rin\u0259 yola \u00e7\u0131xark\u0259n Kiyevin Borispol hava liman\u0131nda<br \/>\n  <a href=\"\/az\/article\/muhacir-jurnalist-fikret-huseynli-kiyev-aeroportunda-saxlanildi\/\" target=\"_blank\" rel=\"noopener\"><br \/>\n    saxlan\u0131l\u0131b<br \/>\n  <\/a><br \/>\n  .\n<\/p>\n<p>\n  F.H\u00fcseynlinin Az\u0259rbaycan t\u0259r\u0259finin \u0130nterpola verdiyi t\u0259qdimat \u0259sas\u0131nda saxlan\u0131l\u0131b. Az\u0259rbaycan t\u0259r\u0259finin onu Cinay\u0259t M\u0259c\u0259ll\u0259sinin 318-ci (Az\u0259rbaycan Respublikas\u0131n\u0131n d\u00f6vl\u0259t s\u0259rh\u0259dini qanunsuz olaraq ke\u00e7m\u0259) v\u0259 178-ci (D\u0259l\u0259duzluq) madd\u0259l\u0259ri il\u0259 ittiham etdiyi bildirilirdi.\n<\/p>\n<p>\n  Oktyabr\u0131n 17-d\u0259 Ukraynada Borispol \u015e\u0259h\u0259r M\u0259hk\u0259m\u0259si Fikr\u0259t H\u00fcseynli bar\u0259sind\u0259 18 g\u00fcnl\u00fck h\u0259bs-q\u0259timkan t\u0259dbiri se\u00e7ib. Oktyabr\u0131n 27-si is\u0259 Kiyevin Lukyanovsk Rayon M\u0259hk\u0259m\u0259si Fikr\u0259t H\u00fcseynlini azadl\u0131\u011fa burax\u0131b. Fikr\u0259t H\u00fcseynli son vaxtlar Avropadan yay\u0131mlanan \u201cTuran TV\u201d peyk telekanal\u0131 il\u0259 \u0259m\u0259kda\u015fl\u0131q edirdi.\n<\/p>\n<p>\n  Oktyabr\u0131n 26-da h\u0259bsd\u0259ki jurnalist \u018ffqan Muxtarl\u0131ya aid \u201cPavel \u015eeremet Jurnalistika M\u00fckafat\u0131 \u2013 2017\u201d onun h\u0259yat yolda\u015f\u0131 Leyla Mustafayevaya t\u0259qdim<br \/>\n  <a href=\"\/az\/article\/efqan-muxtarlinin-mukafati-xanimina-teqdim-olunub\/\" target=\"_blank\" rel=\"noopener\"><br \/>\n    edilib<br \/>\n  <\/a><br \/>\n  .\n<\/p>\n<p>\n  <b><br \/>\n    Noyabr<br \/>\n  <\/b>\n<\/p>\n<p>\n  Noyabr\u0131n 7-d\u0259 Az\u0259rbaycan h\u00f6kum\u0259ti m\u0259hk\u0259m\u0259d\u0259 2 fransal\u0131 jurnalist\u0259 uduzub. Fransa m\u0259hk\u0259m\u0259si Az\u0259rbaycan hakimiyy\u0259tini \u201cdiktatura\u201d adland\u0131ran jurnalistl\u0259r\u0259 qar\u015f\u0131 Bak\u0131n\u0131n qald\u0131rd\u0131\u011f\u0131 iddian\u0131 r\u0259dd edib. Az\u0259rbaycan h\u00f6kum\u0259ti Elis Lu\u00e7et (\u00c9lise Lucet) v\u0259 Loran Ri\u015far (Laurent Richard) adl\u0131 iki televiziya \u0259m\u0259kda\u015f\u0131n\u0131 b\u00f6htan\u00e7\u0131l\u0131qda ittiham edirdi. Vurulmu\u015f z\u0259r\u0259r\u0259 g\u00f6r\u0259 1 avro simvolik c\u0259rim\u0259 t\u0259l\u0259b<br \/>\n  <a href=\"\/az\/article\/azerbaycan-diktatura-adlandirila-biler\/\" target=\"_blank\" rel=\"noopener\"><br \/>\n    edirdi<br \/>\n  <\/a><br \/>\n  .\n<\/p>\n<figure class=\"wp-block-image size-large\">\n  <img decoding=\"async\" src=\"https:\/\/www.meydan.tv\/az\/xedice-ismayil-16\/\" alt=\"X\u0259dic\u0259 \u0130smay\u0131l\" class=\"wp-image-96824\"\/><figcaption>\n    X\u0259dic\u0259 \u0130smay\u0131l<br \/>\n  <\/figcaption><\/figure>\n<p>\n  Noyabr\u0131n 8-d\u0259 Vergil\u0259r Nazirliyinin t\u0259l\u0259bi il\u0259 ara\u015fd\u0131rma\u00e7\u0131 jurnalist X\u0259dic\u0259 \u0130smay\u0131l\u0131n \u201cKapital Bank\u201ddak\u0131 hesab\u0131na h\u0259bs<br \/>\n  <a href=\"\/az\/article\/xedice-ismayilin-bank-hesabina-hebs-qoyulub\/\" target=\"_blank\" rel=\"noopener\"><br \/>\n    qoyulub<br \/>\n  <\/a><br \/>\n  .\n<\/p>\n<p>\n  Jurnalist 1 Sayl\u0131 Bak\u0131 \u0130nzibati-\u0130qtisad M\u0259hk\u0259m\u0259sin\u0259 \u015fikay\u0259t edib. Amma onun iddias\u0131 t\u0259min olunmay\u0131b. Jurnalist bu d\u0259f\u0259 d\u0259 q\u0259rardan apelyasiya \u015fikay\u0259ti verib. H\u0259min \u015fikay\u0259t d\u0259 r\u0259dd edilib.\n<\/p>\n<p>\n  Noyabr\u0131n 16-da Londonda ara\u015fd\u0131rma\u00e7\u0131-jurnalist X\u0259dic\u0259 \u0130smay\u0131la Sergey Maqnitski ad\u0131na \u0130nsan Haqlar\u0131 M\u00fckafat\u0131 verilib. Jurnalistin \u00f6lk\u0259d\u0259n \u00e7\u0131x\u0131\u015f\u0131na icaz\u0259 verilm\u0259diyind\u0259n, o, t\u0259qdimat m\u0259rasimin\u0259 \u201cSkype\u201d vasit\u0259si il\u0259 qat\u0131l\u0131b.<br \/>\n  <br \/>\n  Jurnalist bu m\u00fckafata korrupsiya il\u0259 ba\u011fl\u0131 ara\u015fd\u0131rmalar\u0131na g\u00f6r\u0259 layiq<br \/>\n  <a href=\"\/az\/article\/xedice-ismayila-sergey-maqnitski-mukafati-verilib\/\" target=\"_blank\" rel=\"noopener\"><br \/>\n    g\u00f6r\u00fcl\u00fcb<br \/>\n  <\/a><br \/>\n  .\n<\/p>\n<p>\n  Noyabr\u0131n 16-da deputat Aqil Abbas Milli M\u0259clisin iclas\u0131nda m\u0259s\u0259l\u0259 qald\u0131r\u0131b ki, xarici mediada \u00e7al\u0131\u015fan \u015f\u0259xsl\u0259r \u201ccasus\u201d elan olunsun. Onun bu fikri ictimaiyy\u0259td\u0259 m\u00fczakir\u0259 m\u00f6vzusuna<br \/>\n  <a href=\"\/az\/article\/hec-bir-media-qurumuna-onyargili-yanasmaq-olmaz\/\" target=\"_blank\" rel=\"noopener\"><br \/>\n    \u00e7evrilib<br \/>\n  <\/a><br \/>\n  .\n<\/p>\n<p>\n  <b><br \/>\n    Dekabr<br \/>\n  <\/b>\n<\/p>\n<p>\n  Dekabr\u0131n 15-d\u0259 A\u011f\u0131r Cinay\u0259tl\u0259r M\u0259hk\u0259m\u0259sinin q\u0259rar\u0131 il\u0259 \u201cKanal 13\u201d internet televiziyas\u0131n\u0131n icra\u00e7\u0131 direktoru \u018fziz Orucova 6 il h\u0259bs c\u0259zas\u0131<br \/>\n  <a href=\"\/az\/article\/eziz-orucov-6-il-azadliqdan-mehrum-edildi\/\" target=\"_blank\" rel=\"noopener\"><br \/>\n    verilib<br \/>\n  <\/a><br \/>\n  .\n<\/p>\n<p>\n  Dekabr\u0131n 18-d\u0259 \u201cKanal 13\u201d internet televiziyas\u0131n\u0131n sayt\u0131na \u2013 \u201ckanal13.tv\u201d domenin\u0259 giri\u015f<br \/>\n  <a href=\"\/az\/article\/kanal-13-televiziya-kanalinin-domenine-giris-mehdudlasdirilib\/\" target=\"_blank\" rel=\"noopener\"><br \/>\n    m\u0259hdudla\u015fd\u0131r\u0131ld\u0131<br \/>\n  <\/a><br \/>\n  .\n<\/p>\n<p>\n  S\u0259rh\u0259dsiz Reportyorlar T\u0259\u015fkilat\u0131n\u0131n aprelin 26-da a\u00e7\u0131qlanan hesabat\u0131na g\u00f6r\u0259, Az\u0259rbaycan m\u0259tbuat azadl\u0131\u011f\u0131 bax\u0131m\u0131ndan 180 \u00f6lk\u0259 aras\u0131nda 162-ci yerd\u0259dir. \u00d6lk\u0259 \u00f6t\u0259n il 163-c\u00fc yerd\u0259 q\u0259rarla\u015fm\u0131\u015fd\u0131.\n<\/p>\n<p>\n  Jurnalistl\u0259ri M\u00fcdafi\u0259 Komit\u0259si (CPJ) dekabr\u0131n 12-d\u0259 yayd\u0131\u011f\u0131 illik siyah\u0131da CPJ d\u00fcnya \u00fczr\u0259 262 jurnalistin i\u015fin\u0259 g\u00f6r\u0259 h\u0259bsd\u0259 oldu\u011funu qeyd edir. \u00d6t\u0259n ilki rekord 259 n\u0259f\u0259r idi.\n<\/p>\n<p>\n  CPJ Az\u0259rbaycan\u0131n da \u0259n \u00e7ox jurnalistin h\u0259bs olundu\u011fu \u00f6lk\u0259l\u0259r s\u0131ras\u0131ndad\u0131r. T\u0259\u015fkilat haz\u0131rda \u00f6lk\u0259d\u0259 10 jurnalistin h\u0259bs \u00e7\u0259kdiyini bildirib. Bundan \u0259lav\u0259, 10-dan \u00e7ox jurnalistin \u00f6lk\u0259d\u0259n \u00e7\u0131x\u0131\u015f\u0131na yasaq qoyulub.<br \/>\n  <br \/>\n  Ancaq hakimiyy\u0259t t\u0259msil\u00e7il\u0259ri \u00f6lk\u0259d\u0259 he\u00e7 bir jurnalistin pe\u015f\u0259sin\u0259 g\u00f6r\u0259 c\u0259zaland\u0131r\u0131lmad\u0131\u011f\u0131n\u0131 vur\u011fulay\u0131r.\n<\/p>\n<p>\n  Dekabr\u0131n 15-d\u0259 &#8221;Az\u0259rbaycan Respublikas\u0131n\u0131n Silahl\u0131 Q\u00fcvv\u0259l\u0259ri haqq\u0131nda&#8221; qanun layih\u0259si q\u0259bul edilib. Qanuna g\u00f6r\u0259, jurnaslitl\u0259rin ordu haqda m\u0259lumat yaymas\u0131 m\u0259hdudla\u015fd\u0131r\u0131l\u0131b. Yaln\u0131z r\u0259smi m\u0259lumatlar v\u0259 m\u0259tbuat qurumunun verdiyi informasiyalar i\u015f\u0131qland\u0131r\u0131la<br \/>\n  <a href=\"\/az\/article\/mediani-metbuat-xidmetlerinin-utulu-bilgilerine-baglamaq-yolverilmezdir\/\" target=\"_blank\" rel=\"noopener\"><br \/>\n    bil\u0259r<br \/>\n  <\/a><br \/>\n  .\n<\/p>\n<p>\n  Dekabr\u0131n 19-da \u201cXural\u201d q\u0259zetinin ba\u015f redaktoru \u018fv\u0259z Zeynall\u0131 polis t\u0259r\u0259find\u0259n saxlan\u0131l\u0131b. H\u0259yat yolda\u015f\u0131 buna s\u0259b\u0259b kimi Bin\u0259q\u0259di yolunun qapad\u0131lmas\u0131n\u0131 lent\u0259 almas\u0131n\u0131n oldu\u011funu s\u00f6yl\u0259yib. Dekabr\u0131n 20-d\u0259 o, Bin\u0259q\u0259di Rayon M\u0259hk\u0259m\u0259sinin q\u0259rar\u0131 il\u0259 200 manat c\u0259rim\u0259 edil\u0259r\u0259k s\u0259rb\u0259st burax\u0131l\u0131b.<\/p>\n","protected":false},"excerpt":{"rendered":"<p>H\u0259bsl\u0259r, m\u00fckafatlar, evl\u0259r&#8230;<\/p>\n","protected":false},"author":11,"featured_media":97420,"comment_status":"closed","ping_status":"open","sticky":false,"template":"","format":"standard","meta":{"_acf_changed":false,"_sitemap_exclude":false,"_sitemap_priority":"","_sitemap_frequency":"","footnotes":""},"categories":[51],"tags":[],"class_list":["post-188046","post","type-post","status-publish","format-standard","has-post-thumbnail","hentry","category-analitika","infinite-scroll-item","generate-columns","tablet-grid-50","mobile-grid-100","grid-parent","grid-33","no-featured-image-padding"],"acf":[],"yoast_head":"<!-- This site is optimized with the Yoast SEO plugin v27.4 - https:\/\/yoast.com\/product\/yoast-seo-wordpress\/ -->\n<title>Media 2017-ci ild\u0259 n\u0259l\u0259r ya\u015fad\u0131? - MEYDAN.TV<\/title>\n<meta name=\"robots\" content=\"index, follow, max-snippet:-1, max-image-preview:large, max-video-preview:-1\" \/>\n<link rel=\"canonical\" href=\"https:\/\/www.meydan.tv\/az\/article\/media-2017-ci-ilde-neler-yasadi\/\" \/>\n<meta property=\"og:locale\" content=\"az_AZ\" \/>\n<meta property=\"og:type\" content=\"article\" \/>\n<meta property=\"og:title\" content=\"Media 2017-ci ild\u0259 n\u0259l\u0259r ya\u015fad\u0131? - MEYDAN.TV\" \/>\n<meta property=\"og:description\" content=\"H\u0259bsl\u0259r, m\u00fckafatlar, evl\u0259r...\" \/>\n<meta property=\"og:url\" content=\"https:\/\/www.meydan.tv\/az\/article\/media-2017-ci-ilde-neler-yasadi\/\" \/>\n<meta property=\"og:site_name\" content=\"MEYDAN.TV\" \/>\n<meta property=\"article:published_time\" content=\"2017-12-29T17:20:46+00:00\" \/>\n<meta property=\"og:image\" content=\"https:\/\/www.meydan.tv\/wp-content\/uploads\/38476.jpg\" \/>\n\t<meta property=\"og:image:width\" content=\"2048\" \/>\n\t<meta property=\"og:image:height\" content=\"1597\" \/>\n\t<meta property=\"og:image:type\" content=\"image\/jpeg\" \/>\n<meta name=\"author\" content=\"user-manager\" \/>\n<meta name=\"twitter:card\" content=\"summary_large_image\" \/>\n<script type=\"application\/ld+json\" class=\"yoast-schema-graph\">{\"@context\":\"https:\\\/\\\/schema.org\",\"@graph\":[{\"@type\":\"Article\",\"@id\":\"https:\\\/\\\/www.meydan.tv\\\/az\\\/article\\\/media-2017-ci-ilde-neler-yasadi\\\/#article\",\"isPartOf\":{\"@id\":\"https:\\\/\\\/www.meydan.tv\\\/az\\\/article\\\/media-2017-ci-ilde-neler-yasadi\\\/\"},\"author\":{\"name\":\"user-manager\",\"@id\":\"https:\\\/\\\/www.meydan.tv\\\/az\\\/#\\\/schema\\\/person\\\/10d11eccf6da3662cf5fdab9806ea91a\"},\"headline\":\"Media 2017-ci ild\u0259 n\u0259l\u0259r ya\u015fad\u0131?\",\"datePublished\":\"2017-12-29T17:20:46+00:00\",\"mainEntityOfPage\":{\"@id\":\"https:\\\/\\\/www.meydan.tv\\\/az\\\/article\\\/media-2017-ci-ilde-neler-yasadi\\\/\"},\"wordCount\":2243,\"publisher\":{\"@id\":\"https:\\\/\\\/www.meydan.tv\\\/az\\\/#organization\"},\"image\":{\"@id\":\"https:\\\/\\\/www.meydan.tv\\\/az\\\/article\\\/media-2017-ci-ilde-neler-yasadi\\\/#primaryimage\"},\"thumbnailUrl\":\"https:\\\/\\\/www.meydan.tv\\\/wp-content\\\/uploads\\\/38476.jpg\",\"articleSection\":[\"Analitika\"],\"inLanguage\":\"az\"},{\"@type\":\"WebPage\",\"@id\":\"https:\\\/\\\/www.meydan.tv\\\/az\\\/article\\\/media-2017-ci-ilde-neler-yasadi\\\/\",\"url\":\"https:\\\/\\\/www.meydan.tv\\\/az\\\/article\\\/media-2017-ci-ilde-neler-yasadi\\\/\",\"name\":\"Media 2017-ci ild\u0259 n\u0259l\u0259r ya\u015fad\u0131? - MEYDAN.TV\",\"isPartOf\":{\"@id\":\"https:\\\/\\\/www.meydan.tv\\\/az\\\/#website\"},\"primaryImageOfPage\":{\"@id\":\"https:\\\/\\\/www.meydan.tv\\\/az\\\/article\\\/media-2017-ci-ilde-neler-yasadi\\\/#primaryimage\"},\"image\":{\"@id\":\"https:\\\/\\\/www.meydan.tv\\\/az\\\/article\\\/media-2017-ci-ilde-neler-yasadi\\\/#primaryimage\"},\"thumbnailUrl\":\"https:\\\/\\\/www.meydan.tv\\\/wp-content\\\/uploads\\\/38476.jpg\",\"datePublished\":\"2017-12-29T17:20:46+00:00\",\"breadcrumb\":{\"@id\":\"https:\\\/\\\/www.meydan.tv\\\/az\\\/article\\\/media-2017-ci-ilde-neler-yasadi\\\/#breadcrumb\"},\"inLanguage\":\"az\",\"potentialAction\":[{\"@type\":\"ReadAction\",\"target\":[\"https:\\\/\\\/www.meydan.tv\\\/az\\\/article\\\/media-2017-ci-ilde-neler-yasadi\\\/\"]}]},{\"@type\":\"ImageObject\",\"inLanguage\":\"az\",\"@id\":\"https:\\\/\\\/www.meydan.tv\\\/az\\\/article\\\/media-2017-ci-ilde-neler-yasadi\\\/#primaryimage\",\"url\":\"https:\\\/\\\/www.meydan.tv\\\/wp-content\\\/uploads\\\/38476.jpg\",\"contentUrl\":\"https:\\\/\\\/www.meydan.tv\\\/wp-content\\\/uploads\\\/38476.jpg\",\"width\":2048,\"height\":1597,\"caption\":\"Source:\"},{\"@type\":\"BreadcrumbList\",\"@id\":\"https:\\\/\\\/www.meydan.tv\\\/az\\\/article\\\/media-2017-ci-ilde-neler-yasadi\\\/#breadcrumb\",\"itemListElement\":[{\"@type\":\"ListItem\",\"position\":1,\"name\":\"Ana s\u0259hif\u0259\",\"item\":\"https:\\\/\\\/www.meydan.tv\\\/az\\\/\"},{\"@type\":\"ListItem\",\"position\":2,\"name\":\"Analitika\",\"item\":\"https:\\\/\\\/www.meydan.tv\\\/az\\\/section\\\/analitika\\\/\"},{\"@type\":\"ListItem\",\"position\":3,\"name\":\"Media 2017-ci ild\u0259 n\u0259l\u0259r ya\u015fad\u0131?\"}]},{\"@type\":\"WebSite\",\"@id\":\"https:\\\/\\\/www.meydan.tv\\\/az\\\/#website\",\"url\":\"https:\\\/\\\/www.meydan.tv\\\/az\\\/\",\"name\":\"MEYDAN.TV\",\"description\":\"Meydan TV Az\u0259rbaycan\u0131n media m\u0259kan\u0131ndak\u0131 alternativ s\u0259sidir\",\"publisher\":{\"@id\":\"https:\\\/\\\/www.meydan.tv\\\/az\\\/#organization\"},\"potentialAction\":[{\"@type\":\"SearchAction\",\"target\":{\"@type\":\"EntryPoint\",\"urlTemplate\":\"https:\\\/\\\/www.meydan.tv\\\/az\\\/?s={search_term_string}\"},\"query-input\":{\"@type\":\"PropertyValueSpecification\",\"valueRequired\":true,\"valueName\":\"search_term_string\"}}],\"inLanguage\":\"az\"},{\"@type\":\"Organization\",\"@id\":\"https:\\\/\\\/www.meydan.tv\\\/az\\\/#organization\",\"name\":\"Meydan TV\",\"url\":\"https:\\\/\\\/www.meydan.tv\\\/az\\\/\",\"logo\":{\"@type\":\"ImageObject\",\"inLanguage\":\"az\",\"@id\":\"https:\\\/\\\/www.meydan.tv\\\/az\\\/#\\\/schema\\\/logo\\\/image\\\/\",\"url\":\"https:\\\/\\\/www.meydan.tv\\\/wp-content\\\/uploads\\\/2021\\\/07\\\/meydan-logo.svg\",\"contentUrl\":\"https:\\\/\\\/www.meydan.tv\\\/wp-content\\\/uploads\\\/2021\\\/07\\\/meydan-logo.svg\",\"width\":195,\"height\":46,\"caption\":\"Meydan TV\"},\"image\":{\"@id\":\"https:\\\/\\\/www.meydan.tv\\\/az\\\/#\\\/schema\\\/logo\\\/image\\\/\"}},{\"@type\":\"Person\",\"@id\":\"https:\\\/\\\/www.meydan.tv\\\/az\\\/#\\\/schema\\\/person\\\/10d11eccf6da3662cf5fdab9806ea91a\",\"name\":\"user-manager\"}]}<\/script>\n<!-- \/ Yoast SEO plugin. -->","yoast_head_json":{"title":"Media 2017-ci ild\u0259 n\u0259l\u0259r ya\u015fad\u0131? - MEYDAN.TV","robots":{"index":"index","follow":"follow","max-snippet":"max-snippet:-1","max-image-preview":"max-image-preview:large","max-video-preview":"max-video-preview:-1"},"canonical":"https:\/\/www.meydan.tv\/az\/article\/media-2017-ci-ilde-neler-yasadi\/","og_locale":"az_AZ","og_type":"article","og_title":"Media 2017-ci ild\u0259 n\u0259l\u0259r ya\u015fad\u0131? - MEYDAN.TV","og_description":"H\u0259bsl\u0259r, m\u00fckafatlar, evl\u0259r...","og_url":"https:\/\/www.meydan.tv\/az\/article\/media-2017-ci-ilde-neler-yasadi\/","og_site_name":"MEYDAN.TV","article_published_time":"2017-12-29T17:20:46+00:00","og_image":[{"width":2048,"height":1597,"url":"https:\/\/www.meydan.tv\/wp-content\/uploads\/38476.jpg","type":"image\/jpeg"}],"author":"user-manager","twitter_card":"summary_large_image","schema":{"@context":"https:\/\/schema.org","@graph":[{"@type":"Article","@id":"https:\/\/www.meydan.tv\/az\/article\/media-2017-ci-ilde-neler-yasadi\/#article","isPartOf":{"@id":"https:\/\/www.meydan.tv\/az\/article\/media-2017-ci-ilde-neler-yasadi\/"},"author":{"name":"user-manager","@id":"https:\/\/www.meydan.tv\/az\/#\/schema\/person\/10d11eccf6da3662cf5fdab9806ea91a"},"headline":"Media 2017-ci ild\u0259 n\u0259l\u0259r ya\u015fad\u0131?","datePublished":"2017-12-29T17:20:46+00:00","mainEntityOfPage":{"@id":"https:\/\/www.meydan.tv\/az\/article\/media-2017-ci-ilde-neler-yasadi\/"},"wordCount":2243,"publisher":{"@id":"https:\/\/www.meydan.tv\/az\/#organization"},"image":{"@id":"https:\/\/www.meydan.tv\/az\/article\/media-2017-ci-ilde-neler-yasadi\/#primaryimage"},"thumbnailUrl":"https:\/\/www.meydan.tv\/wp-content\/uploads\/38476.jpg","articleSection":["Analitika"],"inLanguage":"az"},{"@type":"WebPage","@id":"https:\/\/www.meydan.tv\/az\/article\/media-2017-ci-ilde-neler-yasadi\/","url":"https:\/\/www.meydan.tv\/az\/article\/media-2017-ci-ilde-neler-yasadi\/","name":"Media 2017-ci ild\u0259 n\u0259l\u0259r ya\u015fad\u0131? - MEYDAN.TV","isPartOf":{"@id":"https:\/\/www.meydan.tv\/az\/#website"},"primaryImageOfPage":{"@id":"https:\/\/www.meydan.tv\/az\/article\/media-2017-ci-ilde-neler-yasadi\/#primaryimage"},"image":{"@id":"https:\/\/www.meydan.tv\/az\/article\/media-2017-ci-ilde-neler-yasadi\/#primaryimage"},"thumbnailUrl":"https:\/\/www.meydan.tv\/wp-content\/uploads\/38476.jpg","datePublished":"2017-12-29T17:20:46+00:00","breadcrumb":{"@id":"https:\/\/www.meydan.tv\/az\/article\/media-2017-ci-ilde-neler-yasadi\/#breadcrumb"},"inLanguage":"az","potentialAction":[{"@type":"ReadAction","target":["https:\/\/www.meydan.tv\/az\/article\/media-2017-ci-ilde-neler-yasadi\/"]}]},{"@type":"ImageObject","inLanguage":"az","@id":"https:\/\/www.meydan.tv\/az\/article\/media-2017-ci-ilde-neler-yasadi\/#primaryimage","url":"https:\/\/www.meydan.tv\/wp-content\/uploads\/38476.jpg","contentUrl":"https:\/\/www.meydan.tv\/wp-content\/uploads\/38476.jpg","width":2048,"height":1597,"caption":"Source:"},{"@type":"BreadcrumbList","@id":"https:\/\/www.meydan.tv\/az\/article\/media-2017-ci-ilde-neler-yasadi\/#breadcrumb","itemListElement":[{"@type":"ListItem","position":1,"name":"Ana s\u0259hif\u0259","item":"https:\/\/www.meydan.tv\/az\/"},{"@type":"ListItem","position":2,"name":"Analitika","item":"https:\/\/www.meydan.tv\/az\/section\/analitika\/"},{"@type":"ListItem","position":3,"name":"Media 2017-ci ild\u0259 n\u0259l\u0259r ya\u015fad\u0131?"}]},{"@type":"WebSite","@id":"https:\/\/www.meydan.tv\/az\/#website","url":"https:\/\/www.meydan.tv\/az\/","name":"MEYDAN.TV","description":"Meydan TV Az\u0259rbaycan\u0131n media m\u0259kan\u0131ndak\u0131 alternativ s\u0259sidir","publisher":{"@id":"https:\/\/www.meydan.tv\/az\/#organization"},"potentialAction":[{"@type":"SearchAction","target":{"@type":"EntryPoint","urlTemplate":"https:\/\/www.meydan.tv\/az\/?s={search_term_string}"},"query-input":{"@type":"PropertyValueSpecification","valueRequired":true,"valueName":"search_term_string"}}],"inLanguage":"az"},{"@type":"Organization","@id":"https:\/\/www.meydan.tv\/az\/#organization","name":"Meydan TV","url":"https:\/\/www.meydan.tv\/az\/","logo":{"@type":"ImageObject","inLanguage":"az","@id":"https:\/\/www.meydan.tv\/az\/#\/schema\/logo\/image\/","url":"https:\/\/www.meydan.tv\/wp-content\/uploads\/2021\/07\/meydan-logo.svg","contentUrl":"https:\/\/www.meydan.tv\/wp-content\/uploads\/2021\/07\/meydan-logo.svg","width":195,"height":46,"caption":"Meydan TV"},"image":{"@id":"https:\/\/www.meydan.tv\/az\/#\/schema\/logo\/image\/"}},{"@type":"Person","@id":"https:\/\/www.meydan.tv\/az\/#\/schema\/person\/10d11eccf6da3662cf5fdab9806ea91a","name":"user-manager"}]}},"_links":{"self":[{"href":"https:\/\/www.meydan.tv\/az\/wp-json\/wp\/v2\/posts\/188046","targetHints":{"allow":["GET"]}}],"collection":[{"href":"https:\/\/www.meydan.tv\/az\/wp-json\/wp\/v2\/posts"}],"about":[{"href":"https:\/\/www.meydan.tv\/az\/wp-json\/wp\/v2\/types\/post"}],"author":[{"embeddable":true,"href":"https:\/\/www.meydan.tv\/az\/wp-json\/wp\/v2\/users\/11"}],"replies":[{"embeddable":true,"href":"https:\/\/www.meydan.tv\/az\/wp-json\/wp\/v2\/comments?post=188046"}],"version-history":[{"count":0,"href":"https:\/\/www.meydan.tv\/az\/wp-json\/wp\/v2\/posts\/188046\/revisions"}],"wp:featuredmedia":[{"embeddable":true,"href":"https:\/\/www.meydan.tv\/az\/wp-json\/wp\/v2\/media\/97420"}],"wp:attachment":[{"href":"https:\/\/www.meydan.tv\/az\/wp-json\/wp\/v2\/media?parent=188046"}],"wp:term":[{"taxonomy":"category","embeddable":true,"href":"https:\/\/www.meydan.tv\/az\/wp-json\/wp\/v2\/categories?post=188046"},{"taxonomy":"post_tag","embeddable":true,"href":"https:\/\/www.meydan.tv\/az\/wp-json\/wp\/v2\/tags?post=188046"}],"curies":[{"name":"wp","href":"https:\/\/api.w.org\/{rel}","templated":true}]}}