{"id":187996,"date":"2017-12-26T16:04:14","date_gmt":"2017-12-26T16:04:14","guid":{"rendered":"https:\/\/www.meydan.tv\/article\/eli-hesenovun-yoxsulluq-barede-dedikleri-absurddur\/"},"modified":"2017-12-26T16:04:14","modified_gmt":"2017-12-26T16:04:14","slug":"eli-hesenovun-yoxsulluq-barede-dedikleri-absurddur","status":"publish","type":"post","link":"https:\/\/www.meydan.tv\/az\/article\/eli-hesenovun-yoxsulluq-barede-dedikleri-absurddur\/","title":{"rendered":"&#8221;\u018fli H\u0259s\u0259novun yoxsulluq bar\u0259d\u0259 dedikl\u0259ri absurddur&#8221;"},"content":{"rendered":"<figure class=\"wp-block-image size-large\">\n  <img decoding=\"async\" src=\"https:\/\/www.meydan.tv\/az\/84028\/\" alt=\"\" class=\"wp-image-84028\"\/><figcaption><\/figcaption><\/figure>\n<p>\n  <i><br \/>\n    \u0130qtisad\u00e7\u0131lar ba\u015f nazirin m\u00fcavininin s\u00f6zl\u0259rini &#8221;at\u0259\u015f\u0259&#8221; tutdular<br \/>\n  <\/i>\n<\/p>\n<p>\n  Az\u0259rbaycan ba\u015f nazirinin m\u00fcavini, Qa\u00e7q\u0131nlar\u0131n v\u0259 M\u0259cburi K\u00f6\u00e7k\u00fcnl\u0259rin \u0130\u015fl\u0259ri \u00fczr\u0259 D\u00f6vl\u0259t Komit\u0259sinin s\u0259dri \u018fli H\u0259s\u0259novun \u201c2020-ci ild\u0259 yoxsulluq s\u0131fra en\u0259c\u0259k, Az\u0259rbaycanda bir yoxsul bel\u0259 qalmayacaq\u201d<br \/>\n  <a href=\"https:\/\/apa.az\/xeber-az\/sosial_xeberler\/bas-nazirin-muavini-2020-ci-ilde-azerbaycanda-yoxsulluq-sifra-enecek-olkede-bir-yoxsul-bele-qalmayacaq-9309.html\"><br \/>\n    a\u00e7\u0131qlamas\u0131<br \/>\n  <\/a><br \/>\n  g\u00fcnd\u0259min \u0259sas m\u00fczakir\u0259sin\u0259 \u00e7evrilib.\n<\/p>\n<p>\n  \u018fli H\u0259s\u0259nov fikrini isbatlamaq \u00fc\u00e7\u00fcn bildirib ki, bu g\u00fcn \u00fcmumdaxili m\u0259hsulun 60 faizd\u0259n \u00e7oxu qeyri-neft sektorunun pay\u0131na d\u00fc\u015f\u00fcr:\n<\/p>\n<p>\n  \u201c\u0130ki ild\u0259n sonra, 2020-ci ild\u0259 neftd\u0259n as\u0131l\u0131l\u0131q s\u0131f\u0131r v\u0259ziyy\u0259tind\u0259 olacaq. Son 14 ild\u0259 Az\u0259rbaycan\u0131n inki\u015faf\u0131 t\u0259min olunub. 2020-ci il\u0259 q\u0259d\u0259r Az\u0259rbaycan inki\u015faf etmi\u015f \u00f6lk\u0259l\u0259r s\u0131ras\u0131nda olacaq. Prezidentin f\u0259aliyy\u0259tind\u0259 dig\u0259r strateji istiqam\u0259t yoxsullu\u011fun aradan qald\u0131r\u0131lmas\u0131 il\u0259 ba\u011fl\u0131d\u0131r. Bu g\u00fcn yoxsulluq h\u0259ddi 5 faizdirs\u0259, strateji istiqam\u0259t 2020-ci ild\u0259 yoxsullu\u011fun s\u0131fra enm\u0259sidir. \u0130n\u015fallah, 2020-ci ild\u0259 yoxsulluq s\u0131fra en\u0259c\u0259k, Az\u0259rbaycanda bir yoxsul bel\u0259 qalmayacaq\u201d.\n<\/p>\n<p>\n  AXCP R\u0259yas\u0259t Hey\u0259tinin \u00fczv\u00fc, iqtisad\u00e7\u0131 Nem\u0259t \u018fliyev t\u0259\u0259ss\u00fcfl\u0259nib ki, ba\u015f nazirin m\u00fcavini \u018fli H\u0259s\u0259nov h\u0259mi\u015f\u0259 oldu\u011fu kimi yalan statistika il\u0259 ictimaiyy\u0259ti aldad\u0131r.\n<\/p>\n<p>\n  \u201c\u00dcmumiyy\u0259tl\u0259, hakim komanda \u00fczvl\u0259ri 5 faiz yoxsulluq dey\u0259nd\u0259, onlar 250 min i\u015fsiz v\u0259 bir o q\u0259d\u0259r d\u0259 yoxsul oldu\u011funu n\u0259z\u0259rd\u0259 tuturlar. El\u0259 bu yax\u0131nlarda D\u00f6vl\u0259t Statistika Komit\u0259sin\u0259 istinad\u0259n bildirmi\u015fdim ki, \u00f6lk\u0259d\u0259 az\u0131 1 milyon i\u015fsiz var\u201d.\n<\/p>\n<figure class=\"wp-block-image size-large\">\n  <img decoding=\"async\" src=\"https:\/\/www.meydan.tv\/az\/97260\/\" alt=\"\" class=\"wp-image-97260\"\/><figcaption>\n    Nem\u0259t \u018fliyev<br \/>\n  <\/figcaption><\/figure>\n<p>\n  N.\u018fliyev qeyd edib ki, h\u00f6kum\u0259tin 2015-ci ild\u0259 h\u0259yata ke\u00e7irdiyi iki devalvasiya q\u0259rar\u0131 xalq\u0131 m\u00fcflisl\u0259\u015fdirdi.\n<\/p>\n<p>\n  \u201c\u0130nsanlar\u0131n banklara \u00e7oxlu borclar\u0131 yarand\u0131, i\u015f yerl\u0259ri ba\u011fland\u0131, ixtisarlar oldu, ard\u0131nca bazarlarda bahala\u015fma s\u00fcr\u0259tl\u0259ndi v\u0259 bunlar \u0259halinin g\u0259lirl\u0259rinin art\u0131m tempini azaltd\u0131\u201d.\n<\/p>\n<p>\n  O, vur\u011fulay\u0131b ki, iqtisadiyyat\u0131 az-\u00e7ox bil\u0259n h\u0259r k\u0259s\u0259 b\u0259llidir ki, \u0259g\u0259r qiym\u0259tl\u0259r g\u0259lirl\u0259rin art\u0131m tempini \u00fcst\u0259l\u0259yirs\u0259, bu, birm\u0259nal\u0131 \u015f\u0259kild\u0259 \u0259halinin h\u0259yat s\u0259viyy\u0259sinin pisl\u0259\u015fm\u0259si v\u0259 yoxsulluq s\u0259viyy\u0259sinin artmas\u0131 anlam\u0131na g\u0259lir.\n<\/p>\n<p>\n  \u201cDevalvasiyadan \u0259vv\u0259l d\u0259 \u018fli H\u0259s\u0259novun t\u0259msil etdiyi h\u00f6kum\u0259t 5 faiz yoxsullu\u011fun oldu\u011funu elan etmi\u015fdi, indi d\u0259 h\u0259min b\u0259yanat\u0131 t\u0259krar edirl\u0259r. Bu, art\u0131q hakim komanda \u00fczvl\u0259rinin yalan dan\u0131\u015fd\u0131\u011f\u0131n\u0131 t\u0259sdiql\u0259y\u0259n faktd\u0131r\u201d.\n<\/p>\n<figure class=\"wp-block-image size-large\">\n  <img decoding=\"async\" src=\"https:\/\/www.meydan.tv\/az\/97263\/\" alt=\"\" class=\"wp-image-97263\"\/><figcaption>\n    Qadir \u0130brahimli<br \/>\n  <\/figcaption><\/figure>\n<p>\n  \u0130qtisad\u00e7\u0131 Qadir \u0130brahimli Meydan TV-y\u0259 yoxsullu\u011fun s\u0131f\u0131rlanmas\u0131 praktikas\u0131n\u0131n d\u00fcnyan\u0131n he\u00e7 bir \u00f6lk\u0259sind\u0259 olmad\u0131\u011f\u0131n\u0131 bildirib:\n<\/p>\n<p>\n  \u201c\u00c7\u00fcnki yoxsulluq bir \u00e7ox hallarda insan irad\u0259sind\u0259n k\u0259narda ba\u015f ver\u0259n prosesdir. M\u0259s\u0259l\u0259n, birinci qrup \u0259lil, yaxud ail\u0259 ba\u015f\u00e7\u0131s\u0131n\u0131 itir\u0259n, himay\u0259sind\u0259 \u00fc\u00e7 u\u015faq olan qad\u0131n yoxsulluqdan nec\u0259 \u00e7\u0131xa bil\u0259r? El\u0259 \u015f\u0259rtl\u0259r var ki, yoxsulluq problemini sonsuza q\u0259d\u0259r qa\u00e7\u0131lmaz edir. N\u0259 q\u0259d\u0259r d\u00fcnya v\u0259 d\u00f6vl\u0259tl\u0259r var, yoxsulluq problemi d\u0259 qalacaq. \u0130qtisad\u00e7\u0131 aliml\u0259r d\u0259 yoxsullu\u011fun s\u0131f\u0131rlanmas\u0131 bar\u0259d\u0259 susurlar\u201d.\n<\/p>\n<p>\n  \u0130qtisad\u00e7\u0131 deyib ki, Avropa standartlar\u0131 il\u0259 g\u00f6t\u00fcrs\u0259k, Az\u0259rbaycanda yoxsulluq h\u0259ddi 60 faizd\u0259n az deyil.\n<\/p>\n<p>\n  \u201cAvropa standartlar\u0131nda yoxsul o t\u0259b\u0259q\u0259 say\u0131l\u0131r ki, h\u0259min \u015f\u0259xsl\u0259rin bahal\u0131 sosial xidm\u0259tl\u0259r\u0259 \u00e7\u0131x\u0131\u015f\u0131 olmas\u0131n. Az\u0259rbaycan reall\u0131\u011f\u0131nda bunu bel\u0259 m\u00fcqayis\u0259 etm\u0259k olar &#8211;\u00a0 x\u0259st\u0259l\u0259n\u0259n v\u0259t\u0259nda\u015f M\u0259rk\u0259zi Klinik X\u0259st\u0259xanaya m\u00fcraci\u0259t etm\u0259k imkan\u0131nda olmur, yaxud ail\u0259 \u00f6vlad\u0131n\u0131 BDU-nun \u00f6d\u0259ni\u015fli fak\u00fclt\u0259sind\u0259 oxuda bilmir. Bu, art\u0131q Avropa standartlar\u0131nda yoxsul say\u0131l\u0131r v\u0259 bel\u0259 adamlar yoxsullar \u00fc\u00e7\u00fcn yard\u0131m proqramlar\u0131na daxil edilir\u201d.\n<\/p>\n<p>\n  \u0130qtisad\u00e7\u0131 Az\u0259r Mehtiyev is\u0259 hesab edir ki, \u018fli H\u0259s\u0259novun b\u0259yanat\u0131 \u015f\u0259rh al\u0131nas\u0131 bir \u015fey deyil.\n<\/p>\n<figure class=\"wp-block-image size-large\">\n  <img decoding=\"async\" src=\"https:\/\/www.meydan.tv\/az\/97266\/\" alt=\"\" class=\"wp-image-97266\"\/><figcaption>\n    Az\u0259r Mehtiyev<br \/>\n  <\/figcaption><\/figure>\n<p>\n  \u201c\u018fslind\u0259, jurnalist ba\u015f nazir\u0259 sual verm\u0259liydi ki, yoxsulluq dey\u0259nd\u0259, n\u0259 ba\u015fa d\u00fc\u015f\u00fcr. \u018fg\u0259r D\u00fcnya Bank\u0131n\u0131n hesabatlar\u0131 \u0259sas\u0131nda qiym\u0259tl\u0259ndirm\u0259 apar\u0131lsa, yoxsullu\u011fun bir ne\u00e7\u0259 s\u0259viyy\u0259si ortaya \u00e7\u0131xacaq. Birinci, g\u00fcnd\u0259lik g\u0259liri 5 dollardan az olan adam yoxsuldur. H\u0259m d\u0259 d\u00fcnyan\u0131n he\u00e7 bir yerind\u0259 yoxsulluq tamamil\u0259 aradan qald\u0131r\u0131lmay\u0131b. \u00d6lk\u0259l\u0259rin inki\u015faf s\u0259viyy\u0259si artd\u0131qca yoxsullu\u011fun s\u0259viyy\u0259sini \u00f6l\u00e7\u0259n meyarlar da d\u0259yi\u015filir. \u018fslind\u0259, \u018fli H\u0259s\u0259novun dedikl\u0259ri absurddur, \u00e7\u00fcnki Az\u0259rbaycan kimi iqtisadi b\u00f6hran\u0131n i\u00e7ind\u0259 olan \u00f6lk\u0259d\u0259 2 ild\u0259n sonra yoxsullu\u011fun qalmayaca\u011f\u0131n\u0131 s\u00f6yl\u0259m\u0259k populizmdir\u201d.<\/p>\n","protected":false},"excerpt":{"rendered":"<p>\u0130qtisad\u00e7\u0131lar ba\u015f nazirin m\u00fcavininin s\u00f6zl\u0259rini &#8221;at\u0259\u015f\u0259&#8221; tutdular<\/p>\n","protected":false},"author":11,"featured_media":84028,"comment_status":"closed","ping_status":"open","sticky":false,"template":"","format":"standard","meta":{"_acf_changed":false,"_sitemap_exclude":false,"_sitemap_priority":"","_sitemap_frequency":"","footnotes":""},"categories":[56],"tags":[],"class_list":["post-187996","post","type-post","status-publish","format-standard","has-post-thumbnail","hentry","category-xeberler","infinite-scroll-item","generate-columns","tablet-grid-50","mobile-grid-100","grid-parent","grid-33","no-featured-image-padding"],"acf":[],"yoast_head":"<!-- This site is optimized with the Yoast SEO plugin v27.5 - https:\/\/yoast.com\/product\/yoast-seo-wordpress\/ -->\n<title>&#039;&#039;\u018fli H\u0259s\u0259novun yoxsulluq bar\u0259d\u0259 dedikl\u0259ri absurddur&#039;&#039; - MEYDAN.TV<\/title>\n<meta name=\"robots\" content=\"index, follow, max-snippet:-1, max-image-preview:large, max-video-preview:-1\" \/>\n<link rel=\"canonical\" href=\"https:\/\/www.meydan.tv\/az\/article\/eli-hesenovun-yoxsulluq-barede-dedikleri-absurddur\/\" \/>\n<meta property=\"og:locale\" content=\"az_AZ\" \/>\n<meta property=\"og:type\" content=\"article\" \/>\n<meta property=\"og:title\" content=\"&#039;&#039;\u018fli H\u0259s\u0259novun yoxsulluq bar\u0259d\u0259 dedikl\u0259ri absurddur&#039;&#039; - MEYDAN.TV\" \/>\n<meta property=\"og:description\" content=\"\u0130qtisad\u00e7\u0131lar ba\u015f nazirin m\u00fcavininin s\u00f6zl\u0259rini &#039;&#039;at\u0259\u015f\u0259&#039;&#039; tutdular\" \/>\n<meta property=\"og:url\" content=\"https:\/\/www.meydan.tv\/az\/article\/eli-hesenovun-yoxsulluq-barede-dedikleri-absurddur\/\" \/>\n<meta property=\"og:site_name\" content=\"MEYDAN.TV\" \/>\n<meta property=\"article:published_time\" content=\"2017-12-26T16:04:14+00:00\" \/>\n<meta property=\"og:image\" content=\"https:\/\/www.meydan.tv\/wp-content\/uploads\/33041.jpg\" \/>\n\t<meta property=\"og:image:width\" content=\"1152\" \/>\n\t<meta property=\"og:image:height\" content=\"768\" \/>\n\t<meta property=\"og:image:type\" content=\"image\/jpeg\" \/>\n<meta name=\"author\" content=\"user-manager\" \/>\n<meta name=\"twitter:card\" content=\"summary_large_image\" \/>\n<script type=\"application\/ld+json\" class=\"yoast-schema-graph\">{\"@context\":\"https:\\\/\\\/schema.org\",\"@graph\":[{\"@type\":\"Article\",\"@id\":\"https:\\\/\\\/www.meydan.tv\\\/az\\\/article\\\/eli-hesenovun-yoxsulluq-barede-dedikleri-absurddur\\\/#article\",\"isPartOf\":{\"@id\":\"https:\\\/\\\/www.meydan.tv\\\/az\\\/article\\\/eli-hesenovun-yoxsulluq-barede-dedikleri-absurddur\\\/\"},\"author\":{\"name\":\"user-manager\",\"@id\":\"https:\\\/\\\/www.meydan.tv\\\/az\\\/#\\\/schema\\\/person\\\/10d11eccf6da3662cf5fdab9806ea91a\"},\"headline\":\"&#8221;\u018fli H\u0259s\u0259novun yoxsulluq bar\u0259d\u0259 dedikl\u0259ri absurddur&#8221;\",\"datePublished\":\"2017-12-26T16:04:14+00:00\",\"mainEntityOfPage\":{\"@id\":\"https:\\\/\\\/www.meydan.tv\\\/az\\\/article\\\/eli-hesenovun-yoxsulluq-barede-dedikleri-absurddur\\\/\"},\"wordCount\":811,\"publisher\":{\"@id\":\"https:\\\/\\\/www.meydan.tv\\\/az\\\/#organization\"},\"image\":{\"@id\":\"https:\\\/\\\/www.meydan.tv\\\/az\\\/article\\\/eli-hesenovun-yoxsulluq-barede-dedikleri-absurddur\\\/#primaryimage\"},\"thumbnailUrl\":\"https:\\\/\\\/www.meydan.tv\\\/wp-content\\\/uploads\\\/33041.jpg\",\"articleSection\":[\"X\u0259b\u0259rl\u0259r\"],\"inLanguage\":\"az\"},{\"@type\":\"WebPage\",\"@id\":\"https:\\\/\\\/www.meydan.tv\\\/az\\\/article\\\/eli-hesenovun-yoxsulluq-barede-dedikleri-absurddur\\\/\",\"url\":\"https:\\\/\\\/www.meydan.tv\\\/az\\\/article\\\/eli-hesenovun-yoxsulluq-barede-dedikleri-absurddur\\\/\",\"name\":\"''\u018fli H\u0259s\u0259novun yoxsulluq bar\u0259d\u0259 dedikl\u0259ri absurddur'' - MEYDAN.TV\",\"isPartOf\":{\"@id\":\"https:\\\/\\\/www.meydan.tv\\\/az\\\/#website\"},\"primaryImageOfPage\":{\"@id\":\"https:\\\/\\\/www.meydan.tv\\\/az\\\/article\\\/eli-hesenovun-yoxsulluq-barede-dedikleri-absurddur\\\/#primaryimage\"},\"image\":{\"@id\":\"https:\\\/\\\/www.meydan.tv\\\/az\\\/article\\\/eli-hesenovun-yoxsulluq-barede-dedikleri-absurddur\\\/#primaryimage\"},\"thumbnailUrl\":\"https:\\\/\\\/www.meydan.tv\\\/wp-content\\\/uploads\\\/33041.jpg\",\"datePublished\":\"2017-12-26T16:04:14+00:00\",\"breadcrumb\":{\"@id\":\"https:\\\/\\\/www.meydan.tv\\\/az\\\/article\\\/eli-hesenovun-yoxsulluq-barede-dedikleri-absurddur\\\/#breadcrumb\"},\"inLanguage\":\"az\",\"potentialAction\":[{\"@type\":\"ReadAction\",\"target\":[\"https:\\\/\\\/www.meydan.tv\\\/az\\\/article\\\/eli-hesenovun-yoxsulluq-barede-dedikleri-absurddur\\\/\"]}]},{\"@type\":\"ImageObject\",\"inLanguage\":\"az\",\"@id\":\"https:\\\/\\\/www.meydan.tv\\\/az\\\/article\\\/eli-hesenovun-yoxsulluq-barede-dedikleri-absurddur\\\/#primaryimage\",\"url\":\"https:\\\/\\\/www.meydan.tv\\\/wp-content\\\/uploads\\\/33041.jpg\",\"contentUrl\":\"https:\\\/\\\/www.meydan.tv\\\/wp-content\\\/uploads\\\/33041.jpg\",\"width\":1152,\"height\":768,\"caption\":\"Source:\"},{\"@type\":\"BreadcrumbList\",\"@id\":\"https:\\\/\\\/www.meydan.tv\\\/az\\\/article\\\/eli-hesenovun-yoxsulluq-barede-dedikleri-absurddur\\\/#breadcrumb\",\"itemListElement\":[{\"@type\":\"ListItem\",\"position\":1,\"name\":\"Ana s\u0259hif\u0259\",\"item\":\"https:\\\/\\\/www.meydan.tv\\\/az\\\/\"},{\"@type\":\"ListItem\",\"position\":2,\"name\":\"X\u0259b\u0259rl\u0259r\",\"item\":\"https:\\\/\\\/www.meydan.tv\\\/az\\\/section\\\/xeberler\\\/\"},{\"@type\":\"ListItem\",\"position\":3,\"name\":\"&#8221;\u018fli H\u0259s\u0259novun yoxsulluq bar\u0259d\u0259 dedikl\u0259ri absurddur&#8221;\"}]},{\"@type\":\"WebSite\",\"@id\":\"https:\\\/\\\/www.meydan.tv\\\/az\\\/#website\",\"url\":\"https:\\\/\\\/www.meydan.tv\\\/az\\\/\",\"name\":\"MEYDAN.TV\",\"description\":\"Meydan TV Az\u0259rbaycan\u0131n media m\u0259kan\u0131ndak\u0131 alternativ s\u0259sidir\",\"publisher\":{\"@id\":\"https:\\\/\\\/www.meydan.tv\\\/az\\\/#organization\"},\"potentialAction\":[{\"@type\":\"SearchAction\",\"target\":{\"@type\":\"EntryPoint\",\"urlTemplate\":\"https:\\\/\\\/www.meydan.tv\\\/az\\\/?s={search_term_string}\"},\"query-input\":{\"@type\":\"PropertyValueSpecification\",\"valueRequired\":true,\"valueName\":\"search_term_string\"}}],\"inLanguage\":\"az\"},{\"@type\":\"Organization\",\"@id\":\"https:\\\/\\\/www.meydan.tv\\\/az\\\/#organization\",\"name\":\"Meydan TV\",\"url\":\"https:\\\/\\\/www.meydan.tv\\\/az\\\/\",\"logo\":{\"@type\":\"ImageObject\",\"inLanguage\":\"az\",\"@id\":\"https:\\\/\\\/www.meydan.tv\\\/az\\\/#\\\/schema\\\/logo\\\/image\\\/\",\"url\":\"https:\\\/\\\/www.meydan.tv\\\/wp-content\\\/uploads\\\/2021\\\/07\\\/meydan-logo.svg\",\"contentUrl\":\"https:\\\/\\\/www.meydan.tv\\\/wp-content\\\/uploads\\\/2021\\\/07\\\/meydan-logo.svg\",\"width\":195,\"height\":46,\"caption\":\"Meydan TV\"},\"image\":{\"@id\":\"https:\\\/\\\/www.meydan.tv\\\/az\\\/#\\\/schema\\\/logo\\\/image\\\/\"}},{\"@type\":\"Person\",\"@id\":\"https:\\\/\\\/www.meydan.tv\\\/az\\\/#\\\/schema\\\/person\\\/10d11eccf6da3662cf5fdab9806ea91a\",\"name\":\"user-manager\"}]}<\/script>\n<!-- \/ Yoast SEO plugin. -->","yoast_head_json":{"title":"''\u018fli H\u0259s\u0259novun yoxsulluq bar\u0259d\u0259 dedikl\u0259ri absurddur'' - MEYDAN.TV","robots":{"index":"index","follow":"follow","max-snippet":"max-snippet:-1","max-image-preview":"max-image-preview:large","max-video-preview":"max-video-preview:-1"},"canonical":"https:\/\/www.meydan.tv\/az\/article\/eli-hesenovun-yoxsulluq-barede-dedikleri-absurddur\/","og_locale":"az_AZ","og_type":"article","og_title":"''\u018fli H\u0259s\u0259novun yoxsulluq bar\u0259d\u0259 dedikl\u0259ri absurddur'' - MEYDAN.TV","og_description":"\u0130qtisad\u00e7\u0131lar ba\u015f nazirin m\u00fcavininin s\u00f6zl\u0259rini ''at\u0259\u015f\u0259'' tutdular","og_url":"https:\/\/www.meydan.tv\/az\/article\/eli-hesenovun-yoxsulluq-barede-dedikleri-absurddur\/","og_site_name":"MEYDAN.TV","article_published_time":"2017-12-26T16:04:14+00:00","og_image":[{"width":1152,"height":768,"url":"https:\/\/www.meydan.tv\/wp-content\/uploads\/33041.jpg","type":"image\/jpeg"}],"author":"user-manager","twitter_card":"summary_large_image","schema":{"@context":"https:\/\/schema.org","@graph":[{"@type":"Article","@id":"https:\/\/www.meydan.tv\/az\/article\/eli-hesenovun-yoxsulluq-barede-dedikleri-absurddur\/#article","isPartOf":{"@id":"https:\/\/www.meydan.tv\/az\/article\/eli-hesenovun-yoxsulluq-barede-dedikleri-absurddur\/"},"author":{"name":"user-manager","@id":"https:\/\/www.meydan.tv\/az\/#\/schema\/person\/10d11eccf6da3662cf5fdab9806ea91a"},"headline":"&#8221;\u018fli H\u0259s\u0259novun yoxsulluq bar\u0259d\u0259 dedikl\u0259ri absurddur&#8221;","datePublished":"2017-12-26T16:04:14+00:00","mainEntityOfPage":{"@id":"https:\/\/www.meydan.tv\/az\/article\/eli-hesenovun-yoxsulluq-barede-dedikleri-absurddur\/"},"wordCount":811,"publisher":{"@id":"https:\/\/www.meydan.tv\/az\/#organization"},"image":{"@id":"https:\/\/www.meydan.tv\/az\/article\/eli-hesenovun-yoxsulluq-barede-dedikleri-absurddur\/#primaryimage"},"thumbnailUrl":"https:\/\/www.meydan.tv\/wp-content\/uploads\/33041.jpg","articleSection":["X\u0259b\u0259rl\u0259r"],"inLanguage":"az"},{"@type":"WebPage","@id":"https:\/\/www.meydan.tv\/az\/article\/eli-hesenovun-yoxsulluq-barede-dedikleri-absurddur\/","url":"https:\/\/www.meydan.tv\/az\/article\/eli-hesenovun-yoxsulluq-barede-dedikleri-absurddur\/","name":"''\u018fli H\u0259s\u0259novun yoxsulluq bar\u0259d\u0259 dedikl\u0259ri absurddur'' - MEYDAN.TV","isPartOf":{"@id":"https:\/\/www.meydan.tv\/az\/#website"},"primaryImageOfPage":{"@id":"https:\/\/www.meydan.tv\/az\/article\/eli-hesenovun-yoxsulluq-barede-dedikleri-absurddur\/#primaryimage"},"image":{"@id":"https:\/\/www.meydan.tv\/az\/article\/eli-hesenovun-yoxsulluq-barede-dedikleri-absurddur\/#primaryimage"},"thumbnailUrl":"https:\/\/www.meydan.tv\/wp-content\/uploads\/33041.jpg","datePublished":"2017-12-26T16:04:14+00:00","breadcrumb":{"@id":"https:\/\/www.meydan.tv\/az\/article\/eli-hesenovun-yoxsulluq-barede-dedikleri-absurddur\/#breadcrumb"},"inLanguage":"az","potentialAction":[{"@type":"ReadAction","target":["https:\/\/www.meydan.tv\/az\/article\/eli-hesenovun-yoxsulluq-barede-dedikleri-absurddur\/"]}]},{"@type":"ImageObject","inLanguage":"az","@id":"https:\/\/www.meydan.tv\/az\/article\/eli-hesenovun-yoxsulluq-barede-dedikleri-absurddur\/#primaryimage","url":"https:\/\/www.meydan.tv\/wp-content\/uploads\/33041.jpg","contentUrl":"https:\/\/www.meydan.tv\/wp-content\/uploads\/33041.jpg","width":1152,"height":768,"caption":"Source:"},{"@type":"BreadcrumbList","@id":"https:\/\/www.meydan.tv\/az\/article\/eli-hesenovun-yoxsulluq-barede-dedikleri-absurddur\/#breadcrumb","itemListElement":[{"@type":"ListItem","position":1,"name":"Ana s\u0259hif\u0259","item":"https:\/\/www.meydan.tv\/az\/"},{"@type":"ListItem","position":2,"name":"X\u0259b\u0259rl\u0259r","item":"https:\/\/www.meydan.tv\/az\/section\/xeberler\/"},{"@type":"ListItem","position":3,"name":"&#8221;\u018fli H\u0259s\u0259novun yoxsulluq bar\u0259d\u0259 dedikl\u0259ri absurddur&#8221;"}]},{"@type":"WebSite","@id":"https:\/\/www.meydan.tv\/az\/#website","url":"https:\/\/www.meydan.tv\/az\/","name":"MEYDAN.TV","description":"Meydan TV Az\u0259rbaycan\u0131n media m\u0259kan\u0131ndak\u0131 alternativ s\u0259sidir","publisher":{"@id":"https:\/\/www.meydan.tv\/az\/#organization"},"potentialAction":[{"@type":"SearchAction","target":{"@type":"EntryPoint","urlTemplate":"https:\/\/www.meydan.tv\/az\/?s={search_term_string}"},"query-input":{"@type":"PropertyValueSpecification","valueRequired":true,"valueName":"search_term_string"}}],"inLanguage":"az"},{"@type":"Organization","@id":"https:\/\/www.meydan.tv\/az\/#organization","name":"Meydan TV","url":"https:\/\/www.meydan.tv\/az\/","logo":{"@type":"ImageObject","inLanguage":"az","@id":"https:\/\/www.meydan.tv\/az\/#\/schema\/logo\/image\/","url":"https:\/\/www.meydan.tv\/wp-content\/uploads\/2021\/07\/meydan-logo.svg","contentUrl":"https:\/\/www.meydan.tv\/wp-content\/uploads\/2021\/07\/meydan-logo.svg","width":195,"height":46,"caption":"Meydan TV"},"image":{"@id":"https:\/\/www.meydan.tv\/az\/#\/schema\/logo\/image\/"}},{"@type":"Person","@id":"https:\/\/www.meydan.tv\/az\/#\/schema\/person\/10d11eccf6da3662cf5fdab9806ea91a","name":"user-manager"}]}},"_links":{"self":[{"href":"https:\/\/www.meydan.tv\/az\/wp-json\/wp\/v2\/posts\/187996","targetHints":{"allow":["GET"]}}],"collection":[{"href":"https:\/\/www.meydan.tv\/az\/wp-json\/wp\/v2\/posts"}],"about":[{"href":"https:\/\/www.meydan.tv\/az\/wp-json\/wp\/v2\/types\/post"}],"author":[{"embeddable":true,"href":"https:\/\/www.meydan.tv\/az\/wp-json\/wp\/v2\/users\/11"}],"replies":[{"embeddable":true,"href":"https:\/\/www.meydan.tv\/az\/wp-json\/wp\/v2\/comments?post=187996"}],"version-history":[{"count":0,"href":"https:\/\/www.meydan.tv\/az\/wp-json\/wp\/v2\/posts\/187996\/revisions"}],"wp:featuredmedia":[{"embeddable":true,"href":"https:\/\/www.meydan.tv\/az\/wp-json\/wp\/v2\/media\/84028"}],"wp:attachment":[{"href":"https:\/\/www.meydan.tv\/az\/wp-json\/wp\/v2\/media?parent=187996"}],"wp:term":[{"taxonomy":"category","embeddable":true,"href":"https:\/\/www.meydan.tv\/az\/wp-json\/wp\/v2\/categories?post=187996"},{"taxonomy":"post_tag","embeddable":true,"href":"https:\/\/www.meydan.tv\/az\/wp-json\/wp\/v2\/tags?post=187996"}],"curies":[{"name":"wp","href":"https:\/\/api.w.org\/{rel}","templated":true}]}}