{"id":187990,"date":"2017-12-26T13:49:58","date_gmt":"2017-12-26T13:49:58","guid":{"rendered":"https:\/\/www.meydan.tv\/article\/bizi-birlesdiren-deyer\/"},"modified":"2017-12-26T13:49:58","modified_gmt":"2017-12-26T13:49:58","slug":"bizi-birlesdiren-deyer","status":"publish","type":"post","link":"https:\/\/www.meydan.tv\/az\/article\/bizi-birlesdiren-deyer\/","title":{"rendered":"Bizi birl\u0259\u015fdir\u0259n d\u0259y\u0259r"},"content":{"rendered":"<p>\n  \u201cAzercell\u201d-in reklam\u0131nda deyil\u0259n bu s\u00f6z\u00fcn \u00fcz\u0259rind\u0259 xeyli fikirl\u0259\u015fmi\u015f\u0259m. \u018fvv\u0259ll\u0259r d\u00fc\u015f\u00fcn\u00fcrd\u00fcm ki, bunu \u00f6z i\u00e7imizd\u0259 axtarmal\u0131y\u0131q. N\u0259dir bizi birl\u0259\u015fdir\u0259n d\u0259y\u0259r \u2013 mentalitet, din, etnos, \u0259razi, v\u0259t\u0259nda\u015fl\u0131q&#8230;? H\u0259tta mentalitetimizd\u0259 el\u0259 \u015feyl\u0259r axtar\u0131rd\u0131m ki, \u00f6z\u00fcn\u00fc az\u0259rbaycanl\u0131 sayan h\u0259r k\u0259s ya\u015fad\u0131\u011f\u0131 yerd\u0259n, cinsi oriyentasiyas\u0131ndan, dinind\u0259n, irqind\u0259n, milliy\u0259tind\u0259n as\u0131l\u0131 olmayaraq, riay\u0259t etsin.\n<\/p>\n<p>\n  Bir xeyli m\u00fcdd\u0259t sonra fikirl\u0259\u015fdim ki, ax\u0131 biz t\u0259k deyilik. D\u00fcnyada 200-\u0259 yax\u0131n m\u00fcst\u0259qil d\u00f6vl\u0259t, minl\u0259rl\u0259 m\u00fcst\u0259qil olmayan d\u00f6vl\u0259t v\u0259 d\u00f6vl\u0259t qurumu var. Bunlar\u0131n h\u0259r birind\u0259 \u00f6zl\u0259ri \u00fc\u00e7\u00fcn \u201cbirl\u0259\u015fdir\u0259n d\u0259y\u0259rl\u0259r\u201d varm\u0131?\n<\/p>\n<p>\n  Varsa, dem\u0259li, insanl\u0131q bu q\u0259d\u0259rmi bir-birind\u0259n ayr\u0131 qal\u0131b ki, t\u0259kam\u00fcl bel\u0259 x\u0131rda-x\u0131rda x\u00fcsusiyy\u0259tl\u0259r formala\u015fd\u0131rs\u0131n. Bu d\u00f6vl\u0259tl\u0259rin v\u0259 qurumlar\u0131n tarixin\u0259 baxanda g\u00f6rd\u00fcm ki, yox, insan qruplar\u0131 bir-birl\u0259rind\u0259n bu q\u0259d\u0259r ayr\u0131 qalmay\u0131blar.\n<\/p>\n<p>\n  Bir ne\u00e7\u0259 misal \u00fcz\u0259rind\u0259 izah etm\u0259k olar. Sudan v\u0259 C\u0259nubi Sudan 2011-ci ild\u0259 ayr\u0131l\u0131blar. \u0130ndi C\u0259nubi Sudan v\u0259t\u0259nda\u015flar\u0131n\u0131 birl\u0259\u015fdir\u0259n n\u0259 is\u0259 var. Bu, n\u0259dir? Ax\u0131 onlar c\u0259mi 6 il \u0259vv\u0259l sudanl\u0131 idil\u0259r, indi is\u0259 sudanl\u0131dan f\u0259rql\u0259ri var. \u00dcmumiyy\u0259tl\u0259, m\u00fcst\u0259ml\u0259k\u0259l\u0259r m\u00fcst\u0259qill\u0259\u015f\u0259nd\u0259 h\u0259r tayfan\u0131n, q\u0259bil\u0259nin \u00f6z d\u00f6vl\u0259ti olmad\u0131. Bir d\u0259f\u0259 2 qanal\u0131 il\u0259 s\u00f6hb\u0259t edirdim. Bilir\u0259m ki, Qanada d\u00f6vl\u0259t dili ingilis dilidir. Soru\u015fdum ki, \u201csizd\u0259 ham\u0131 ingilisc\u0259 dan\u0131\u015f\u0131r?\u201d Dedi ki, \u201cyox, bizd\u0259 \u00e7oxlu tayfalar var. H\u0259r\u0259sinin d\u0259 \u00f6z dili. Bir az b\u00f6y\u00fckl\u0259rini g\u00f6t\u00fcrs\u0259k, 30 tayfa var. \u0130ngilis dili \u00fcmumi istifad\u0259 \u00fc\u00e7\u00fcnd\u00fcr ki, bir-birimizi ba\u015fa d\u00fc\u015f\u0259k\u201d. H\u0259tta b\u0259zi m\u00fcst\u0259ml\u0259k\u0259l\u0259r m\u00fcst\u0259qill\u0259\u015f\u0259rk\u0259n, bir tayfan\u0131n bir hiss\u0259si bir d\u00f6vl\u0259td\u0259, dig\u0259r hiss\u0259si ba\u015fqa d\u00f6vl\u0259td\u0259 qal\u0131b, indi \u00f6zl\u0259rini \u00f6z d\u00f6vl\u0259tl\u0259rinin v\u0259t\u0259nda\u015flar\u0131 kimi daha \u00e7ox t\u0259qdim edirl\u0259r. M\u0259s\u0259l\u0259n, T\u00fcrkiy\u0259 erm\u0259nil\u0259ri t\u00fcrkiy\u0259lidirl\u0259r, h\u0259tta bir \u00e7oxu erm\u0259ni m\u0259n\u015f\u0259li t\u00fcrk deyirl\u0259r \u00f6zl\u0259rin\u0259. T\u00fcrk dilinin inki\u015faf\u0131nda b\u00f6y\u00fck rollar\u0131 olub, h\u0259tta t\u00fcrk etno-mill\u0259t\u00e7iliyinin inki\u015faf\u0131nda da.\n<\/p>\n<p>\n  B\u0259s n\u0259dir haz\u0131rda istifad\u0259 etdiyimiz adland\u0131rmalar\u0131n dayaqland\u0131\u011f\u0131 n\u00f6qt\u0259? D\u00fc\u015f\u00fcn\u00fcr\u0259m ki, h\u0259r\u0259nin \u00f6z ayr\u0131ca d\u0259y\u0259ri yoxdur bunun \u00fc\u00e7\u00fcn. \u00dcmumi s\u0259b\u0259b liberal-milli d\u00f6vl\u0259t layih\u0259sinin b\u00fct\u00fcn d\u00fcnyada vahid proqram kimi q\u0259bul edilm\u0259sidir. \u0130ndi bu proqrama kimin n\u0259 q\u0259d\u0259r \u0259m\u0259l etm\u0259si ba\u015fqa s\u00f6hb\u0259tin m\u00f6vzusudur, amma h\u0259qiq\u0259t budur ki, h\u0259r bir d\u00f6vl\u0259t v\u0259t\u0259nda\u015fl\u0131q institutuna dayan\u0131r. Bura ifrat kommunist \u015eimali Koreya da aiddir, \u00fcmm\u0259t\u00e7iliyi (eyni din\u0259 inanan \u00fcmm\u0259ti dig\u0259r insan qruplar\u0131ndan \u2013 milli, etnik, dil, v\u0259t\u0259nda\u015fl\u0131q v\u0259 s. \u00fcst\u00fcn tutmaq) m\u00fcq\u0259dd\u0259s sayan \u015f\u0259ri\u0259t \u00f6lk\u0259l\u0259ri d\u0259. S\u0259udiyy\u0259li v\u0259 q\u0259t\u0259rli f\u0259rqli \u015feyl\u0259rdir, baxmayaraq ki, h\u0259r ikisi m\u00fcs\u0259lman, h\u0259tta s\u00fcnni, \u0259r\u0259bdirl\u0259r. bunlar\u0131 f\u0259rql\u0259ndir\u0259n v\u0259t\u0259nda\u015fl\u0131qd\u0131r.\n<\/p>\n<p>\n  Onlar\u0131n toplum olaraq verdikl\u0259ri reaksiyada ba\u015fqa bu q\u0259d\u0259r m\u00fch\u00fcm f\u0259rq yoxdur. Sabah S\u0259udiyy\u0259 Q\u0259t\u0259ri anneksiya edib \u0259halinin m\u00fcqavim\u0259tini q\u0131rsa, bir m\u00fcdd\u0259t sonra q\u0259t\u0259rlil\u0259r d\u0259 olacaqlar s\u0259udiyy\u0259li. Bir ne\u00e7\u0259 g\u00fcn \u0259vv\u0259l S\u0259udiyy\u0259 \u018fr\u0259bistan\u0131 robota v\u0259t\u0259nda\u015fl\u0131q verdi. Dem\u0259li, s\u0259udiyy\u0259li olmaq \u00fc\u00e7\u00fcn \u0259r\u0259b, m\u00fcs\u0259lman olma\u011fa, ortaq tarixi, m\u0259d\u0259ni v\u0259 s. d\u0259y\u0259rl\u0259ri b\u00f6l\u00fc\u015fm\u0259y\u0259 ehtiyac yoxdur.\n<\/p>\n<p>\n  V\u0259t\u0259nda\u015fl\u0131q \u015f\u0259xsl\u0259 d\u00f6vl\u0259t aras\u0131nda siyasi-h\u00fcquqi ba\u011fl\u0131l\u0131qd\u0131r. Buna m\u00fcvafiq olaraq, v\u0259t\u0259nda\u015f mill\u0259t\u00e7iliyi, y\u0259ni liberal mill\u0259tl\u0259r formala\u015f\u0131r \u2013 az\u0259rbaycanl\u0131lar, amerikal\u0131lar, britaniyal\u0131lar, s\u0259udiyy\u0259lil\u0259r v\u0259 s.\n<\/p>\n<p>\n  Bizi birl\u0259\u015fdir\u0259n d\u0259y\u0259r d\u0259 el\u0259 budur \u2013 d\u00f6vl\u0259tl\u0259 aram\u0131zda olan siyasi-h\u00fcquqi ba\u011fl\u0131l\u0131q. Bizim v\u0259t\u0259nda\u015f mill\u0259t\u00e7iliyi anlay\u0131\u015f\u0131m\u0131z niy\u0259 z\u0259ifdir? Niy\u0259 bizd\u0259 qaraba\u011fl\u0131, yeraz, \u015f\u0259kili daha \u00e7ox m\u00fcraci\u0259t edil\u0259n terminl\u0259rdir, n\u0259inki az\u0259rbaycanl\u0131? \u00c7\u00fcnki bizd\u0259 d\u00f6vl\u0259tl\u0259 v\u0259t\u0259nda\u015f aras\u0131nda siyasi-h\u00fcquqi ba\u011f yoxdur. C\u00fcmhuriyy\u0259t d\u00f6vr\u00fcnd\u0259 v\u0259 El\u00e7ib\u0259yin vaxt\u0131nda yaratma\u011fa \u00e7al\u0131\u015fd\u0131lar, yar\u0131m\u00e7\u0131q qald\u0131. Amma formal da olsa, bizi birl\u0259\u015fdir\u0259n d\u0259y\u0259r Az\u0259rbaycan Respublikas\u0131 v\u0259t\u0259nda\u015f\u0131 olma\u011f\u0131m\u0131zd\u0131r. \u00c7a\u011fda\u015f, proqressiv yana\u015fma bundan ibar\u0259tdir. Bunun \u0259leyhin\u0259 olan seperatist, etno-mill\u0259t\u00e7i, \u00fcmm\u0259t\u00e7i&#8230; yana\u015fmalar reqressivdir, \u00e7a\u011fda\u015f deyil, bizi par\u00e7alama\u011fa, inki\u015fafdan saxlama\u011fa apar\u0131r.\n<\/p>\n<p>\n  <i><br \/>\n    <b><br \/>\n      Yaz\u0131 m\u00fc\u0259llifin fikirl\u0259rini \u0259ks etdirir v\u0259 Meydan TV-nin m\u00f6vqeyi il\u0259 \u00fcst-\u00fcst\u0259 d\u00fc\u015fm\u0259y\u0259 bil\u0259r.<br \/>\n    <\/b><br \/>\n  <\/i><\/p>\n","protected":false},"excerpt":{"rendered":"<p>Bizi birl\u0259\u015fdir\u0259n d\u0259y\u0259r Az\u0259rbaycan Respublikas\u0131 v\u0259t\u0259nda\u015f\u0131 olma\u011f\u0131m\u0131zd\u0131r<\/p>\n","protected":false},"author":11,"featured_media":79618,"comment_status":"closed","ping_status":"open","sticky":false,"template":"","format":"standard","meta":{"_acf_changed":false,"_sitemap_exclude":false,"_sitemap_priority":"","_sitemap_frequency":"","footnotes":""},"categories":[57],"tags":[],"class_list":["post-187990","post","type-post","status-publish","format-standard","has-post-thumbnail","hentry","category-menim-fikrimce","infinite-scroll-item","generate-columns","tablet-grid-50","mobile-grid-100","grid-parent","grid-33","no-featured-image-padding"],"acf":[],"yoast_head":"<!-- This site is optimized with the Yoast SEO plugin v27.5 - https:\/\/yoast.com\/product\/yoast-seo-wordpress\/ -->\n<title>Bizi birl\u0259\u015fdir\u0259n d\u0259y\u0259r - MEYDAN.TV<\/title>\n<meta name=\"robots\" content=\"index, follow, max-snippet:-1, max-image-preview:large, max-video-preview:-1\" \/>\n<link rel=\"canonical\" href=\"https:\/\/www.meydan.tv\/az\/article\/bizi-birlesdiren-deyer\/\" \/>\n<meta property=\"og:locale\" content=\"az_AZ\" \/>\n<meta property=\"og:type\" content=\"article\" \/>\n<meta property=\"og:title\" content=\"Bizi birl\u0259\u015fdir\u0259n d\u0259y\u0259r - MEYDAN.TV\" \/>\n<meta property=\"og:description\" content=\"Bizi birl\u0259\u015fdir\u0259n d\u0259y\u0259r Az\u0259rbaycan Respublikas\u0131 v\u0259t\u0259nda\u015f\u0131 olma\u011f\u0131m\u0131zd\u0131r\" \/>\n<meta property=\"og:url\" content=\"https:\/\/www.meydan.tv\/az\/article\/bizi-birlesdiren-deyer\/\" \/>\n<meta property=\"og:site_name\" content=\"MEYDAN.TV\" \/>\n<meta property=\"article:published_time\" content=\"2017-12-26T13:49:58+00:00\" \/>\n<meta property=\"og:image\" content=\"https:\/\/www.meydan.tv\/wp-content\/uploads\/31024-1095x821.png\" \/>\n\t<meta property=\"og:image:width\" content=\"1095\" \/>\n\t<meta property=\"og:image:height\" content=\"821\" \/>\n\t<meta property=\"og:image:type\" content=\"image\/png\" \/>\n<meta name=\"author\" content=\"user-manager\" \/>\n<meta name=\"twitter:card\" content=\"summary_large_image\" \/>\n<script type=\"application\/ld+json\" class=\"yoast-schema-graph\">{\"@context\":\"https:\\\/\\\/schema.org\",\"@graph\":[{\"@type\":\"Article\",\"@id\":\"https:\\\/\\\/www.meydan.tv\\\/az\\\/article\\\/bizi-birlesdiren-deyer\\\/#article\",\"isPartOf\":{\"@id\":\"https:\\\/\\\/www.meydan.tv\\\/az\\\/article\\\/bizi-birlesdiren-deyer\\\/\"},\"author\":{\"name\":\"user-manager\",\"@id\":\"https:\\\/\\\/www.meydan.tv\\\/az\\\/#\\\/schema\\\/person\\\/10d11eccf6da3662cf5fdab9806ea91a\"},\"headline\":\"Bizi birl\u0259\u015fdir\u0259n d\u0259y\u0259r\",\"datePublished\":\"2017-12-26T13:49:58+00:00\",\"mainEntityOfPage\":{\"@id\":\"https:\\\/\\\/www.meydan.tv\\\/az\\\/article\\\/bizi-birlesdiren-deyer\\\/\"},\"wordCount\":937,\"publisher\":{\"@id\":\"https:\\\/\\\/www.meydan.tv\\\/az\\\/#organization\"},\"image\":{\"@id\":\"https:\\\/\\\/www.meydan.tv\\\/az\\\/article\\\/bizi-birlesdiren-deyer\\\/#primaryimage\"},\"thumbnailUrl\":\"https:\\\/\\\/www.meydan.tv\\\/wp-content\\\/uploads\\\/31024.png\",\"articleSection\":[\"M\u0259nim Fikrimc\u0259\"],\"inLanguage\":\"az\"},{\"@type\":\"WebPage\",\"@id\":\"https:\\\/\\\/www.meydan.tv\\\/az\\\/article\\\/bizi-birlesdiren-deyer\\\/\",\"url\":\"https:\\\/\\\/www.meydan.tv\\\/az\\\/article\\\/bizi-birlesdiren-deyer\\\/\",\"name\":\"Bizi birl\u0259\u015fdir\u0259n d\u0259y\u0259r - MEYDAN.TV\",\"isPartOf\":{\"@id\":\"https:\\\/\\\/www.meydan.tv\\\/az\\\/#website\"},\"primaryImageOfPage\":{\"@id\":\"https:\\\/\\\/www.meydan.tv\\\/az\\\/article\\\/bizi-birlesdiren-deyer\\\/#primaryimage\"},\"image\":{\"@id\":\"https:\\\/\\\/www.meydan.tv\\\/az\\\/article\\\/bizi-birlesdiren-deyer\\\/#primaryimage\"},\"thumbnailUrl\":\"https:\\\/\\\/www.meydan.tv\\\/wp-content\\\/uploads\\\/31024.png\",\"datePublished\":\"2017-12-26T13:49:58+00:00\",\"breadcrumb\":{\"@id\":\"https:\\\/\\\/www.meydan.tv\\\/az\\\/article\\\/bizi-birlesdiren-deyer\\\/#breadcrumb\"},\"inLanguage\":\"az\",\"potentialAction\":[{\"@type\":\"ReadAction\",\"target\":[\"https:\\\/\\\/www.meydan.tv\\\/az\\\/article\\\/bizi-birlesdiren-deyer\\\/\"]}]},{\"@type\":\"ImageObject\",\"inLanguage\":\"az\",\"@id\":\"https:\\\/\\\/www.meydan.tv\\\/az\\\/article\\\/bizi-birlesdiren-deyer\\\/#primaryimage\",\"url\":\"https:\\\/\\\/www.meydan.tv\\\/wp-content\\\/uploads\\\/31024.png\",\"contentUrl\":\"https:\\\/\\\/www.meydan.tv\\\/wp-content\\\/uploads\\\/31024.png\",\"width\":2732,\"height\":2048,\"caption\":\"Source:\"},{\"@type\":\"BreadcrumbList\",\"@id\":\"https:\\\/\\\/www.meydan.tv\\\/az\\\/article\\\/bizi-birlesdiren-deyer\\\/#breadcrumb\",\"itemListElement\":[{\"@type\":\"ListItem\",\"position\":1,\"name\":\"Ana s\u0259hif\u0259\",\"item\":\"https:\\\/\\\/www.meydan.tv\\\/az\\\/\"},{\"@type\":\"ListItem\",\"position\":2,\"name\":\"M\u0259nim Fikrimc\u0259\",\"item\":\"https:\\\/\\\/www.meydan.tv\\\/az\\\/section\\\/menim-fikrimce\\\/\"},{\"@type\":\"ListItem\",\"position\":3,\"name\":\"Bizi birl\u0259\u015fdir\u0259n d\u0259y\u0259r\"}]},{\"@type\":\"WebSite\",\"@id\":\"https:\\\/\\\/www.meydan.tv\\\/az\\\/#website\",\"url\":\"https:\\\/\\\/www.meydan.tv\\\/az\\\/\",\"name\":\"MEYDAN.TV\",\"description\":\"Meydan TV Az\u0259rbaycan\u0131n media m\u0259kan\u0131ndak\u0131 alternativ s\u0259sidir\",\"publisher\":{\"@id\":\"https:\\\/\\\/www.meydan.tv\\\/az\\\/#organization\"},\"potentialAction\":[{\"@type\":\"SearchAction\",\"target\":{\"@type\":\"EntryPoint\",\"urlTemplate\":\"https:\\\/\\\/www.meydan.tv\\\/az\\\/?s={search_term_string}\"},\"query-input\":{\"@type\":\"PropertyValueSpecification\",\"valueRequired\":true,\"valueName\":\"search_term_string\"}}],\"inLanguage\":\"az\"},{\"@type\":\"Organization\",\"@id\":\"https:\\\/\\\/www.meydan.tv\\\/az\\\/#organization\",\"name\":\"Meydan TV\",\"url\":\"https:\\\/\\\/www.meydan.tv\\\/az\\\/\",\"logo\":{\"@type\":\"ImageObject\",\"inLanguage\":\"az\",\"@id\":\"https:\\\/\\\/www.meydan.tv\\\/az\\\/#\\\/schema\\\/logo\\\/image\\\/\",\"url\":\"https:\\\/\\\/www.meydan.tv\\\/wp-content\\\/uploads\\\/2021\\\/07\\\/meydan-logo.svg\",\"contentUrl\":\"https:\\\/\\\/www.meydan.tv\\\/wp-content\\\/uploads\\\/2021\\\/07\\\/meydan-logo.svg\",\"width\":195,\"height\":46,\"caption\":\"Meydan TV\"},\"image\":{\"@id\":\"https:\\\/\\\/www.meydan.tv\\\/az\\\/#\\\/schema\\\/logo\\\/image\\\/\"}},{\"@type\":\"Person\",\"@id\":\"https:\\\/\\\/www.meydan.tv\\\/az\\\/#\\\/schema\\\/person\\\/10d11eccf6da3662cf5fdab9806ea91a\",\"name\":\"user-manager\"}]}<\/script>\n<!-- \/ Yoast SEO plugin. -->","yoast_head_json":{"title":"Bizi birl\u0259\u015fdir\u0259n d\u0259y\u0259r - MEYDAN.TV","robots":{"index":"index","follow":"follow","max-snippet":"max-snippet:-1","max-image-preview":"max-image-preview:large","max-video-preview":"max-video-preview:-1"},"canonical":"https:\/\/www.meydan.tv\/az\/article\/bizi-birlesdiren-deyer\/","og_locale":"az_AZ","og_type":"article","og_title":"Bizi birl\u0259\u015fdir\u0259n d\u0259y\u0259r - MEYDAN.TV","og_description":"Bizi birl\u0259\u015fdir\u0259n d\u0259y\u0259r Az\u0259rbaycan Respublikas\u0131 v\u0259t\u0259nda\u015f\u0131 olma\u011f\u0131m\u0131zd\u0131r","og_url":"https:\/\/www.meydan.tv\/az\/article\/bizi-birlesdiren-deyer\/","og_site_name":"MEYDAN.TV","article_published_time":"2017-12-26T13:49:58+00:00","og_image":[{"width":1095,"height":821,"url":"https:\/\/www.meydan.tv\/wp-content\/uploads\/31024-1095x821.png","type":"image\/png"}],"author":"user-manager","twitter_card":"summary_large_image","schema":{"@context":"https:\/\/schema.org","@graph":[{"@type":"Article","@id":"https:\/\/www.meydan.tv\/az\/article\/bizi-birlesdiren-deyer\/#article","isPartOf":{"@id":"https:\/\/www.meydan.tv\/az\/article\/bizi-birlesdiren-deyer\/"},"author":{"name":"user-manager","@id":"https:\/\/www.meydan.tv\/az\/#\/schema\/person\/10d11eccf6da3662cf5fdab9806ea91a"},"headline":"Bizi birl\u0259\u015fdir\u0259n d\u0259y\u0259r","datePublished":"2017-12-26T13:49:58+00:00","mainEntityOfPage":{"@id":"https:\/\/www.meydan.tv\/az\/article\/bizi-birlesdiren-deyer\/"},"wordCount":937,"publisher":{"@id":"https:\/\/www.meydan.tv\/az\/#organization"},"image":{"@id":"https:\/\/www.meydan.tv\/az\/article\/bizi-birlesdiren-deyer\/#primaryimage"},"thumbnailUrl":"https:\/\/www.meydan.tv\/wp-content\/uploads\/31024.png","articleSection":["M\u0259nim Fikrimc\u0259"],"inLanguage":"az"},{"@type":"WebPage","@id":"https:\/\/www.meydan.tv\/az\/article\/bizi-birlesdiren-deyer\/","url":"https:\/\/www.meydan.tv\/az\/article\/bizi-birlesdiren-deyer\/","name":"Bizi birl\u0259\u015fdir\u0259n d\u0259y\u0259r - MEYDAN.TV","isPartOf":{"@id":"https:\/\/www.meydan.tv\/az\/#website"},"primaryImageOfPage":{"@id":"https:\/\/www.meydan.tv\/az\/article\/bizi-birlesdiren-deyer\/#primaryimage"},"image":{"@id":"https:\/\/www.meydan.tv\/az\/article\/bizi-birlesdiren-deyer\/#primaryimage"},"thumbnailUrl":"https:\/\/www.meydan.tv\/wp-content\/uploads\/31024.png","datePublished":"2017-12-26T13:49:58+00:00","breadcrumb":{"@id":"https:\/\/www.meydan.tv\/az\/article\/bizi-birlesdiren-deyer\/#breadcrumb"},"inLanguage":"az","potentialAction":[{"@type":"ReadAction","target":["https:\/\/www.meydan.tv\/az\/article\/bizi-birlesdiren-deyer\/"]}]},{"@type":"ImageObject","inLanguage":"az","@id":"https:\/\/www.meydan.tv\/az\/article\/bizi-birlesdiren-deyer\/#primaryimage","url":"https:\/\/www.meydan.tv\/wp-content\/uploads\/31024.png","contentUrl":"https:\/\/www.meydan.tv\/wp-content\/uploads\/31024.png","width":2732,"height":2048,"caption":"Source:"},{"@type":"BreadcrumbList","@id":"https:\/\/www.meydan.tv\/az\/article\/bizi-birlesdiren-deyer\/#breadcrumb","itemListElement":[{"@type":"ListItem","position":1,"name":"Ana s\u0259hif\u0259","item":"https:\/\/www.meydan.tv\/az\/"},{"@type":"ListItem","position":2,"name":"M\u0259nim Fikrimc\u0259","item":"https:\/\/www.meydan.tv\/az\/section\/menim-fikrimce\/"},{"@type":"ListItem","position":3,"name":"Bizi birl\u0259\u015fdir\u0259n d\u0259y\u0259r"}]},{"@type":"WebSite","@id":"https:\/\/www.meydan.tv\/az\/#website","url":"https:\/\/www.meydan.tv\/az\/","name":"MEYDAN.TV","description":"Meydan TV Az\u0259rbaycan\u0131n media m\u0259kan\u0131ndak\u0131 alternativ s\u0259sidir","publisher":{"@id":"https:\/\/www.meydan.tv\/az\/#organization"},"potentialAction":[{"@type":"SearchAction","target":{"@type":"EntryPoint","urlTemplate":"https:\/\/www.meydan.tv\/az\/?s={search_term_string}"},"query-input":{"@type":"PropertyValueSpecification","valueRequired":true,"valueName":"search_term_string"}}],"inLanguage":"az"},{"@type":"Organization","@id":"https:\/\/www.meydan.tv\/az\/#organization","name":"Meydan TV","url":"https:\/\/www.meydan.tv\/az\/","logo":{"@type":"ImageObject","inLanguage":"az","@id":"https:\/\/www.meydan.tv\/az\/#\/schema\/logo\/image\/","url":"https:\/\/www.meydan.tv\/wp-content\/uploads\/2021\/07\/meydan-logo.svg","contentUrl":"https:\/\/www.meydan.tv\/wp-content\/uploads\/2021\/07\/meydan-logo.svg","width":195,"height":46,"caption":"Meydan TV"},"image":{"@id":"https:\/\/www.meydan.tv\/az\/#\/schema\/logo\/image\/"}},{"@type":"Person","@id":"https:\/\/www.meydan.tv\/az\/#\/schema\/person\/10d11eccf6da3662cf5fdab9806ea91a","name":"user-manager"}]}},"_links":{"self":[{"href":"https:\/\/www.meydan.tv\/az\/wp-json\/wp\/v2\/posts\/187990","targetHints":{"allow":["GET"]}}],"collection":[{"href":"https:\/\/www.meydan.tv\/az\/wp-json\/wp\/v2\/posts"}],"about":[{"href":"https:\/\/www.meydan.tv\/az\/wp-json\/wp\/v2\/types\/post"}],"author":[{"embeddable":true,"href":"https:\/\/www.meydan.tv\/az\/wp-json\/wp\/v2\/users\/11"}],"replies":[{"embeddable":true,"href":"https:\/\/www.meydan.tv\/az\/wp-json\/wp\/v2\/comments?post=187990"}],"version-history":[{"count":0,"href":"https:\/\/www.meydan.tv\/az\/wp-json\/wp\/v2\/posts\/187990\/revisions"}],"wp:featuredmedia":[{"embeddable":true,"href":"https:\/\/www.meydan.tv\/az\/wp-json\/wp\/v2\/media\/79618"}],"wp:attachment":[{"href":"https:\/\/www.meydan.tv\/az\/wp-json\/wp\/v2\/media?parent=187990"}],"wp:term":[{"taxonomy":"category","embeddable":true,"href":"https:\/\/www.meydan.tv\/az\/wp-json\/wp\/v2\/categories?post=187990"},{"taxonomy":"post_tag","embeddable":true,"href":"https:\/\/www.meydan.tv\/az\/wp-json\/wp\/v2\/tags?post=187990"}],"curies":[{"name":"wp","href":"https:\/\/api.w.org\/{rel}","templated":true}]}}