{"id":187957,"date":"2017-12-22T14:20:52","date_gmt":"2017-12-22T14:20:52","guid":{"rendered":"https:\/\/www.meydan.tv\/article\/qara-libasli-qadin\/"},"modified":"2017-12-22T14:20:52","modified_gmt":"2017-12-22T14:20:52","slug":"qara-libasli-qadin","status":"publish","type":"post","link":"https:\/\/www.meydan.tv\/az\/article\/qara-libasli-qadin\/","title":{"rendered":"&#8221;Qara libasl\u0131 qad\u0131n&#8221;"},"content":{"rendered":"<p>\n  Syuzan Hillin \u201cQara libasl\u0131 qad\u0131n\u201d (The woman in Black) roman\u0131n\u0131 iki gec\u0259dir yuxum qa\u00e7d\u0131\u011f\u0131 halda el\u0259 yata\u011f\u0131mdaca uzan\u0131b oxudum. D\u0259h\u015f\u0259t (horror) v\u0259 triller janr\u0131nda q\u0259l\u0259m\u0259 al\u0131nan bu \u0259s\u0259r m\u0259n\u0259 gec\u0259nin m\u00fcdhi\u015f sakitliyi \u0259rzind\u0259 bir xeyli t\u0259sir etdi. Romandak\u0131 mistika il\u0259 gec\u0259 vaxt\u0131 ara-s\u0131ra \u00e7\u00f6ld\u0259n g\u0259l\u0259n avtomobil v\u0259 k\u00fc\u00e7\u0259 itl\u0259rinin s\u0259sl\u0259ri sanki bir-birin\u0259 qar\u0131\u015fm\u0131\u015f, q\u0259rib\u0259 tandem yaratm\u0131\u015fd\u0131. Kitab\u0131 sanki n\u0259f\u0259s almadan oxuyurdum.\n<\/p>\n<p>\n  Oradak\u0131 hadis\u0259l\u0259r m\u0259nd\u0259 b\u00f6y\u00fck h\u0259v\u0259s yaratm\u0131\u015fd\u0131 v\u0259 h\u0259min ba\u015f ver\u0259nl\u0259rin \u00f6z sehrli t\u0259sirin\u0259 d\u00fc\u015fd\u00fcy\u00fcm\u00fc hiss edirdim.\n<\/p>\n<p>\n  M\u0259nd\u0259 bu t\u0259\u0259ss\u00fcrat\u0131 yaradan s\u0259b\u0259b n\u0259inki romanda ba\u015f ver\u0259n hadis\u0259l\u0259r, h\u0259m d\u0259 yaz\u0131\u00e7\u0131n\u0131n iti v\u0259 c\u0259lbedici yaz\u0131 \u00fcslubu idi. \u018fs\u0259rin t\u0259hkiy\u0259si o q\u0259d\u0259r xo\u015fuma g\u0259lmi\u015fdi ki, el\u0259 bil yaz\u0131\u00e7\u0131 \u00f6z\u00fc m\u0259n\u0259 hadis\u0259l\u0259ri n\u0259ql edirdi.\n<\/p>\n<p>\n  T\u0259rc\u00fcm\u0259nin s\u0259viyy\u0259si d\u0259 kitab bar\u0259d\u0259 m\u00fcsb\u0259t q\u0259na\u0259t\u0259 g\u0259lm\u0259yim\u0259 s\u0259b\u0259b olmu\u015fdu.\n<\/p>\n<p>\n  N\u0259d\u0259ns\u0259 romandak\u0131 d\u0259h\u015f\u0259t dolu m\u0259qamlar m\u0259ni birba\u015fa qorxutmad\u0131. Ad\u0259t\u0259n \u0259s\u0259r\u0259 bel\u0259 k\u00f6kl\u0259nib oxuyanda oradak\u0131 hadis\u0259l\u0259r m\u0259n\u0259 daha d\u0259rind\u0259n t\u0259sir edir v\u0259 \u0259yani n\u0259tic\u0259ni \u00f6z hissl\u0259rim \u00fcz\u0259rind\u0259 ayd\u0131n \u015f\u0259kild\u0259 duyuram.\n<\/p>\n<p>\n  Gec\u0259nin bir yar\u0131s\u0131 yuxum g\u0259ldi v\u0259 kitab\u0131 ba\u011flay\u0131b, k\u0259nara qoydum ki, yat\u0131m. El\u0259 bu d\u00fc\u015f\u00fcnc\u0259l\u0259r v\u0259 \u0259s\u0259rd\u0259n ald\u0131\u011f\u0131m z\u00f6vql\u0259 yerimi rahatlay\u0131b yatmaq ist\u0259y\u0259nd\u0259 g\u00f6z\u00fcm q\u0259fl\u0259t\u0259n ba\u015f\u0131m \u00fcz\u0259rind\u0259ki balaca ya\u015f\u0131l i\u015f\u0131\u011fa sata\u015fd\u0131.\n<\/p>\n<p>\n  Bir anl\u0131q qorxdum. Sonra n\u0259 g\u00f6rs\u0259m yax\u015f\u0131d\u0131r?! Dem\u0259, ba\u015f\u0131m \u00fcz\u0259rind\u0259ki kondisionerin i\u015f\u0131\u011f\u0131 imi\u015f. Bunu d\u0259rk ed\u0259nd\u0259n sonra g\u00fclm\u0259y\u0259 ba\u015flad\u0131m v\u0259 gecikmi\u015f qorxunun n\u0259hay\u0259t ki, bir formada \u00fcz\u0259 \u00e7\u0131xd\u0131\u011f\u0131na \u0259min oldum.\n<\/p>\n<p>\n  \u018fs\u0259rd\u0259ki hadis\u0259l\u0259r XIX \u0259srd\u0259 \u0130ngilt\u0259r\u0259d\u0259 c\u0259r\u0259yan edir. Roman\u0131n ba\u015f q\u0259hr\u0259man\u0131 londonlu g\u0259nc v\u0259kil Artur Kipsdir. O, t\u0259yinatla paytaxtdan \u00f6lk\u0259nin ba\u015fqa bir \u0259yal\u0259tin\u0259 yollan\u0131r. Buna s\u0259b\u0259b yenic\u0259 v\u0259fat etmi\u015f missis Elis Drablounun v\u0259siyy\u0259tnam\u0259si olur. M\u00fc\u0259yy\u0259n mal-m\u00fclk\u0259 sahib m\u0259rhum missis Drablou Artur Kipsin \u00e7al\u0131\u015fd\u0131\u011f\u0131 agentliyin m\u00fc\u015ft\u0259risi olur. Ona g\u00f6r\u0259 d\u0259 Arturun h\u0259min \u0259yal\u0259t\u0259 getm\u0259sinin s\u0259b\u0259bi qad\u0131n\u0131n evind\u0259ki laz\u0131mi s\u0259n\u0259dl\u0259ri saf-\u00e7\u00fcr\u00fck edib v\u0259siyy\u0259tnam\u0259ni tapmaqdan ibar\u0259t olmal\u0131 idi.\n<\/p>\n<p>\n  Missis Drablounun d\u0259fnind\u0259 i\u015ftirak ed\u0259n Artur orada k\u00f6n\u00fcls\u00fcz \u015f\u0259kild\u0259 i\u015ftirak ed\u0259n yerli m\u0259murdan ba\u015fqa he\u00e7 kimi g\u00f6rm\u00fcr. H\u0259tta onlar\u0131n aras\u0131nda qad\u0131n\u0131n he\u00e7 bir dost-tan\u0131\u015f\u0131 v\u0259 ya birc\u0259 yax\u0131n qohumu da olmur.\n<\/p>\n<p>\n  D\u0259fn m\u0259rasiminin sonuna yax\u0131n Arturun g\u00f6z\u00fcn\u0259 orada i\u015ftirak ed\u0259n x\u0259st\u0259hal, vahim\u0259 sa\u00e7an qara libasl\u0131 qad\u0131n g\u00f6r\u00fcn\u00fcr. N\u0259d\u0259ns\u0259 qad\u0131n sonra yoxa \u00e7\u0131x\u0131r v\u0259 Artur onun kim oldu\u011funu \u00f6yr\u0259n\u0259 bilmir. D\u0259fnd\u0259 i\u015ftirak ed\u0259n m\u0259mur da ona bu bar\u0259d\u0259 m\u0259lumat verm\u0259kd\u0259n boyun qa\u00e7\u0131r\u0131r.\n<\/p>\n<p>\n  Daha sonra Artur t\u0259rki-d\u00fcnya say\u0131lan qad\u0131n missis Drablounun t\u0259k-t\u0259nha ya\u015fad\u0131\u011f\u0131 v\u0259 can\u0131n\u0131 tap\u015f\u0131rd\u0131\u011f\u0131 yer\u0259 \u2013 tez-tez qat\u0131 dumana b\u00fcr\u00fcn\u0259n bataql\u0131\u011f\u0131n ortas\u0131nda yerl\u0259\u015f\u0259n v\u0259 yerli \u0259halini vahim\u0259y\u0259 salan \u0130l Mar\u015f malikan\u0259sin\u0259 yollan\u0131r.\n<\/p>\n<p>\n  Yerli \u0259hali ayr\u0131ca ki\u00e7ik ada say\u0131lan bu \u0259razid\u0259 missis Drablou v\u0259 h\u0259min qad\u0131nla ba\u011fl\u0131 n\u0259 varsa, bu haqda dan\u0131\u015fmaqdan boyun qa\u00e7\u0131r\u0131r. Ona g\u00f6r\u0259 d\u0259 Artur ora getm\u0259kl\u0259 \u00f6z\u00fc m\u0259s\u0259l\u0259ni ayd\u0131nla\u015fd\u0131rma\u011fa q\u0259rar verir.\n<\/p>\n<p>\n  Artur d\u0259fn m\u0259rasimind\u0259 g\u00f6rd\u00fcy\u00fc qad\u0131na h\u0259min \u0259razid\u0259 d\u0259 rast g\u0259lir. Ona do\u011fru qa\u00e7\u0131b \u00e7atmaq ist\u0259s\u0259 d\u0259, qad\u0131n yoxa \u00e7\u0131x\u0131r. \u00d6z\u00fcn\u00fc buna inand\u0131rmama\u011fa \u00e7al\u0131\u015fsa da, h\u0259min qara libasl\u0131 qad\u0131n\u0131n kabus oldu\u011fu \u00fcz\u0259 \u00e7\u0131x\u0131r.\n<\/p>\n<p>\n  Artur qorxu i\u00e7ind\u0259 b\u00fct\u00fcn gec\u0259ni missis Drablounun evind\u0259 s\u0259n\u0259dl\u0259ri tap\u0131b ara\u015fd\u0131rma\u011fa \u00e7al\u0131\u015f\u0131r ki, v\u0259siyy\u0259tnam\u0259 m\u0259s\u0259l\u0259sini h\u0259ll ed\u0259 bilsin. Lakin kabusun v\u0259 onun yaratd\u0131\u011f\u0131 qorxunc avtoritetinin t\u0259sir dal\u011fas\u0131 g\u0259nc v\u0259kilin i\u015fl\u0259m\u0259yin\u0259 mane olur.\n<\/p>\n<p>\n  Artur ba\u015f g\u00f6t\u00fcr\u00fcb h\u0259min malikan\u0259d\u0259n qa\u00e7ma\u011fa q\u0259rar verir. Bir m\u00fcdd\u0259t ir\u0259lil\u0259dikd\u0259n sonra, qat\u0131 duman onun qar\u015f\u0131s\u0131n\u0131 k\u0259sir, oriyentasiyan\u0131 m\u00fc\u0259yy\u0259nl\u0259\u015fdirm\u0259sin\u0259 mane olur. Malikan\u0259y\u0259 aparan yegan\u0259 t\u00f6km\u0259 yol dem\u0259k olar ki, h\u0259r g\u00fcn qabarma n\u0259tic\u0259sind\u0259 su alt\u0131nda qald\u0131\u011f\u0131 \u00fc\u00e7\u00fcn bu \u0259razi \u00f6z-\u00f6zl\u00fcy\u00fcnd\u0259 vahim\u0259li aura yarad\u0131r. Artur geri d\u00f6n\u00fcb, malikan\u0259y\u0259 do\u011fru ged\u0259nd\u0259 s\u0131x dumanda at arabas\u0131n\u0131n a\u015f\u0131b, bataql\u0131\u011fa d\u00fc\u015fd\u00fcy\u00fcn\u00fc yaln\u0131z s\u0259sl\u0259 duya bilir. Bununla b\u0259rab\u0259r orda q\u0259zaya u\u011frayan at arabas\u0131n\u0131n i\u00e7ind\u0259n m\u00f6hk\u0259m u\u015faq q\u0131\u015fq\u0131rt\u0131s\u0131 al\u0259m\u0259 yay\u0131l\u0131r.\n<\/p>\n<p>\n  Qorxuya d\u00fc\u015f\u0259n Artur bu s\u0259sin haradan g\u0259ldiyini v\u0259 oradak\u0131 adamlar\u0131n kimliyini he\u00e7 c\u00fcr m\u00fc\u0259yy\u0259n ed\u0259 bilmir.\n<\/p>\n<p>\n  \u018fs\u0259r oxucuya Arturun t\u0259hkiy\u0259si il\u0259 \u00f6t\u00fcr\u00fcl\u00fcr. Q\u0259hr\u0259man ba\u015f\u0131na g\u0259l\u0259nl\u0259ri \u00f6z dilind\u0259n n\u0259ql edir. Olduqca maraql\u0131 t\u0259hkiy\u0259si olan \u0259s\u0259r, m\u00fctali\u0259 ed\u0259n \u015f\u0259xsi kitaba ba\u011fl\u0131y\u0131b saxlaya bilir.\n<\/p>\n<p>\n  Yaz\u0131\u00e7\u0131 el\u0259 bir intriqa yarad\u0131b ki, oxucu ba\u015f ver\u0259c\u0259k hadis\u0259l\u0259ri h\u0259y\u0259canla sonacan izl\u0259m\u0259k v\u0259 sonda n\u0259l\u0259rin olaca\u011f\u0131n\u0131 h\u0259v\u0259sl\u0259 \u00f6yr\u0259nm\u0259y\u0259 can at\u0131r. M\u0259n is\u0259 sonda n\u0259l\u0259rin ya\u015fand\u0131\u011f\u0131n\u0131 yazmayacam ki, bunu \u00f6z\u00fcn\u00fcz oxuyub z\u00f6vq ala bil\u0259siniz.\n<\/p>\n<p>\n  Bu \u0259s\u0259r insan\u0131n emosiyalar\u0131na t\u0259sir etm\u0259kl\u0259 yana\u015f\u0131, onu mistik al\u0259m\u0259 d\u0259 apar\u0131r. Bizim fantastika sayd\u0131\u011f\u0131m\u0131z \u015feyl\u0259rin real h\u0259yatda olaca\u011f\u0131 t\u0259qdird\u0259 nec\u0259 davranmal\u0131 oldu\u011fumuzu da bir n\u00f6v biz\u0259 \u00e7atd\u0131r\u0131r.\n<\/p>\n<p>\n  Onu da qeyd edim ki, Syuzan Hillin eyniadl\u0131 \u0259s\u0259ri \u0259sas\u0131nda 2012-ci ild\u0259 rejissor Ceyms Uotkins t\u0259r\u0259find\u0259n film d\u0259 \u00e7\u0259kilib. Film d\u0259 izl\u0259yicil\u0259r t\u0259r\u0259find\u0259n b\u00f6y\u00fck r\u0259\u011fb\u0259tl\u0259 qar\u015f\u0131lan\u0131b.<\/p>\n","protected":false},"excerpt":{"rendered":"<p>Kitab\u0131 sanki n\u0259f\u0259s almadan oxuyurdum<\/p>\n","protected":false},"author":11,"featured_media":80446,"comment_status":"closed","ping_status":"open","sticky":false,"template":"","format":"standard","meta":{"_acf_changed":false,"_sitemap_exclude":false,"_sitemap_priority":"","_sitemap_frequency":"","footnotes":""},"categories":[57],"tags":[],"class_list":["post-187957","post","type-post","status-publish","format-standard","has-post-thumbnail","hentry","category-menim-fikrimce","infinite-scroll-item","generate-columns","tablet-grid-50","mobile-grid-100","grid-parent","grid-33","no-featured-image-padding"],"acf":[],"yoast_head":"<!-- This site is optimized with the Yoast SEO plugin v27.5 - https:\/\/yoast.com\/product\/yoast-seo-wordpress\/ -->\n<title>&#039;&#039;Qara libasl\u0131 qad\u0131n&#039;&#039; - MEYDAN.TV<\/title>\n<meta name=\"robots\" content=\"index, follow, max-snippet:-1, max-image-preview:large, max-video-preview:-1\" \/>\n<link rel=\"canonical\" href=\"https:\/\/www.meydan.tv\/az\/article\/qara-libasli-qadin\/\" \/>\n<meta property=\"og:locale\" content=\"az_AZ\" \/>\n<meta property=\"og:type\" content=\"article\" \/>\n<meta property=\"og:title\" content=\"&#039;&#039;Qara libasl\u0131 qad\u0131n&#039;&#039; - MEYDAN.TV\" \/>\n<meta property=\"og:description\" content=\"Kitab\u0131 sanki n\u0259f\u0259s almadan oxuyurdum\" \/>\n<meta property=\"og:url\" content=\"https:\/\/www.meydan.tv\/az\/article\/qara-libasli-qadin\/\" \/>\n<meta property=\"og:site_name\" content=\"MEYDAN.TV\" \/>\n<meta property=\"article:published_time\" content=\"2017-12-22T14:20:52+00:00\" \/>\n<meta property=\"og:image\" content=\"https:\/\/www.meydan.tv\/wp-content\/uploads\/31395.jpg\" \/>\n\t<meta property=\"og:image:width\" content=\"1366\" \/>\n\t<meta property=\"og:image:height\" content=\"1024\" \/>\n\t<meta property=\"og:image:type\" content=\"image\/jpeg\" \/>\n<meta name=\"author\" content=\"user-manager\" \/>\n<meta name=\"twitter:card\" content=\"summary_large_image\" \/>\n<script type=\"application\/ld+json\" class=\"yoast-schema-graph\">{\"@context\":\"https:\\\/\\\/schema.org\",\"@graph\":[{\"@type\":\"Article\",\"@id\":\"https:\\\/\\\/www.meydan.tv\\\/az\\\/article\\\/qara-libasli-qadin\\\/#article\",\"isPartOf\":{\"@id\":\"https:\\\/\\\/www.meydan.tv\\\/az\\\/article\\\/qara-libasli-qadin\\\/\"},\"author\":{\"name\":\"user-manager\",\"@id\":\"https:\\\/\\\/www.meydan.tv\\\/az\\\/#\\\/schema\\\/person\\\/10d11eccf6da3662cf5fdab9806ea91a\"},\"headline\":\"&#8221;Qara libasl\u0131 qad\u0131n&#8221;\",\"datePublished\":\"2017-12-22T14:20:52+00:00\",\"mainEntityOfPage\":{\"@id\":\"https:\\\/\\\/www.meydan.tv\\\/az\\\/article\\\/qara-libasli-qadin\\\/\"},\"wordCount\":1165,\"publisher\":{\"@id\":\"https:\\\/\\\/www.meydan.tv\\\/az\\\/#organization\"},\"image\":{\"@id\":\"https:\\\/\\\/www.meydan.tv\\\/az\\\/article\\\/qara-libasli-qadin\\\/#primaryimage\"},\"thumbnailUrl\":\"https:\\\/\\\/www.meydan.tv\\\/wp-content\\\/uploads\\\/31395.jpg\",\"articleSection\":[\"M\u0259nim Fikrimc\u0259\"],\"inLanguage\":\"az\"},{\"@type\":\"WebPage\",\"@id\":\"https:\\\/\\\/www.meydan.tv\\\/az\\\/article\\\/qara-libasli-qadin\\\/\",\"url\":\"https:\\\/\\\/www.meydan.tv\\\/az\\\/article\\\/qara-libasli-qadin\\\/\",\"name\":\"''Qara libasl\u0131 qad\u0131n'' - MEYDAN.TV\",\"isPartOf\":{\"@id\":\"https:\\\/\\\/www.meydan.tv\\\/az\\\/#website\"},\"primaryImageOfPage\":{\"@id\":\"https:\\\/\\\/www.meydan.tv\\\/az\\\/article\\\/qara-libasli-qadin\\\/#primaryimage\"},\"image\":{\"@id\":\"https:\\\/\\\/www.meydan.tv\\\/az\\\/article\\\/qara-libasli-qadin\\\/#primaryimage\"},\"thumbnailUrl\":\"https:\\\/\\\/www.meydan.tv\\\/wp-content\\\/uploads\\\/31395.jpg\",\"datePublished\":\"2017-12-22T14:20:52+00:00\",\"breadcrumb\":{\"@id\":\"https:\\\/\\\/www.meydan.tv\\\/az\\\/article\\\/qara-libasli-qadin\\\/#breadcrumb\"},\"inLanguage\":\"az\",\"potentialAction\":[{\"@type\":\"ReadAction\",\"target\":[\"https:\\\/\\\/www.meydan.tv\\\/az\\\/article\\\/qara-libasli-qadin\\\/\"]}]},{\"@type\":\"ImageObject\",\"inLanguage\":\"az\",\"@id\":\"https:\\\/\\\/www.meydan.tv\\\/az\\\/article\\\/qara-libasli-qadin\\\/#primaryimage\",\"url\":\"https:\\\/\\\/www.meydan.tv\\\/wp-content\\\/uploads\\\/31395.jpg\",\"contentUrl\":\"https:\\\/\\\/www.meydan.tv\\\/wp-content\\\/uploads\\\/31395.jpg\",\"width\":1366,\"height\":1024,\"caption\":\"Source:\"},{\"@type\":\"BreadcrumbList\",\"@id\":\"https:\\\/\\\/www.meydan.tv\\\/az\\\/article\\\/qara-libasli-qadin\\\/#breadcrumb\",\"itemListElement\":[{\"@type\":\"ListItem\",\"position\":1,\"name\":\"Ana s\u0259hif\u0259\",\"item\":\"https:\\\/\\\/www.meydan.tv\\\/az\\\/\"},{\"@type\":\"ListItem\",\"position\":2,\"name\":\"M\u0259nim Fikrimc\u0259\",\"item\":\"https:\\\/\\\/www.meydan.tv\\\/az\\\/section\\\/menim-fikrimce\\\/\"},{\"@type\":\"ListItem\",\"position\":3,\"name\":\"&#8221;Qara libasl\u0131 qad\u0131n&#8221;\"}]},{\"@type\":\"WebSite\",\"@id\":\"https:\\\/\\\/www.meydan.tv\\\/az\\\/#website\",\"url\":\"https:\\\/\\\/www.meydan.tv\\\/az\\\/\",\"name\":\"MEYDAN.TV\",\"description\":\"Meydan TV Az\u0259rbaycan\u0131n media m\u0259kan\u0131ndak\u0131 alternativ s\u0259sidir\",\"publisher\":{\"@id\":\"https:\\\/\\\/www.meydan.tv\\\/az\\\/#organization\"},\"potentialAction\":[{\"@type\":\"SearchAction\",\"target\":{\"@type\":\"EntryPoint\",\"urlTemplate\":\"https:\\\/\\\/www.meydan.tv\\\/az\\\/?s={search_term_string}\"},\"query-input\":{\"@type\":\"PropertyValueSpecification\",\"valueRequired\":true,\"valueName\":\"search_term_string\"}}],\"inLanguage\":\"az\"},{\"@type\":\"Organization\",\"@id\":\"https:\\\/\\\/www.meydan.tv\\\/az\\\/#organization\",\"name\":\"Meydan TV\",\"url\":\"https:\\\/\\\/www.meydan.tv\\\/az\\\/\",\"logo\":{\"@type\":\"ImageObject\",\"inLanguage\":\"az\",\"@id\":\"https:\\\/\\\/www.meydan.tv\\\/az\\\/#\\\/schema\\\/logo\\\/image\\\/\",\"url\":\"https:\\\/\\\/www.meydan.tv\\\/wp-content\\\/uploads\\\/2021\\\/07\\\/meydan-logo.svg\",\"contentUrl\":\"https:\\\/\\\/www.meydan.tv\\\/wp-content\\\/uploads\\\/2021\\\/07\\\/meydan-logo.svg\",\"width\":195,\"height\":46,\"caption\":\"Meydan TV\"},\"image\":{\"@id\":\"https:\\\/\\\/www.meydan.tv\\\/az\\\/#\\\/schema\\\/logo\\\/image\\\/\"}},{\"@type\":\"Person\",\"@id\":\"https:\\\/\\\/www.meydan.tv\\\/az\\\/#\\\/schema\\\/person\\\/10d11eccf6da3662cf5fdab9806ea91a\",\"name\":\"user-manager\"}]}<\/script>\n<!-- \/ Yoast SEO plugin. -->","yoast_head_json":{"title":"''Qara libasl\u0131 qad\u0131n'' - MEYDAN.TV","robots":{"index":"index","follow":"follow","max-snippet":"max-snippet:-1","max-image-preview":"max-image-preview:large","max-video-preview":"max-video-preview:-1"},"canonical":"https:\/\/www.meydan.tv\/az\/article\/qara-libasli-qadin\/","og_locale":"az_AZ","og_type":"article","og_title":"''Qara libasl\u0131 qad\u0131n'' - MEYDAN.TV","og_description":"Kitab\u0131 sanki n\u0259f\u0259s almadan oxuyurdum","og_url":"https:\/\/www.meydan.tv\/az\/article\/qara-libasli-qadin\/","og_site_name":"MEYDAN.TV","article_published_time":"2017-12-22T14:20:52+00:00","og_image":[{"width":1366,"height":1024,"url":"https:\/\/www.meydan.tv\/wp-content\/uploads\/31395.jpg","type":"image\/jpeg"}],"author":"user-manager","twitter_card":"summary_large_image","schema":{"@context":"https:\/\/schema.org","@graph":[{"@type":"Article","@id":"https:\/\/www.meydan.tv\/az\/article\/qara-libasli-qadin\/#article","isPartOf":{"@id":"https:\/\/www.meydan.tv\/az\/article\/qara-libasli-qadin\/"},"author":{"name":"user-manager","@id":"https:\/\/www.meydan.tv\/az\/#\/schema\/person\/10d11eccf6da3662cf5fdab9806ea91a"},"headline":"&#8221;Qara libasl\u0131 qad\u0131n&#8221;","datePublished":"2017-12-22T14:20:52+00:00","mainEntityOfPage":{"@id":"https:\/\/www.meydan.tv\/az\/article\/qara-libasli-qadin\/"},"wordCount":1165,"publisher":{"@id":"https:\/\/www.meydan.tv\/az\/#organization"},"image":{"@id":"https:\/\/www.meydan.tv\/az\/article\/qara-libasli-qadin\/#primaryimage"},"thumbnailUrl":"https:\/\/www.meydan.tv\/wp-content\/uploads\/31395.jpg","articleSection":["M\u0259nim Fikrimc\u0259"],"inLanguage":"az"},{"@type":"WebPage","@id":"https:\/\/www.meydan.tv\/az\/article\/qara-libasli-qadin\/","url":"https:\/\/www.meydan.tv\/az\/article\/qara-libasli-qadin\/","name":"''Qara libasl\u0131 qad\u0131n'' - MEYDAN.TV","isPartOf":{"@id":"https:\/\/www.meydan.tv\/az\/#website"},"primaryImageOfPage":{"@id":"https:\/\/www.meydan.tv\/az\/article\/qara-libasli-qadin\/#primaryimage"},"image":{"@id":"https:\/\/www.meydan.tv\/az\/article\/qara-libasli-qadin\/#primaryimage"},"thumbnailUrl":"https:\/\/www.meydan.tv\/wp-content\/uploads\/31395.jpg","datePublished":"2017-12-22T14:20:52+00:00","breadcrumb":{"@id":"https:\/\/www.meydan.tv\/az\/article\/qara-libasli-qadin\/#breadcrumb"},"inLanguage":"az","potentialAction":[{"@type":"ReadAction","target":["https:\/\/www.meydan.tv\/az\/article\/qara-libasli-qadin\/"]}]},{"@type":"ImageObject","inLanguage":"az","@id":"https:\/\/www.meydan.tv\/az\/article\/qara-libasli-qadin\/#primaryimage","url":"https:\/\/www.meydan.tv\/wp-content\/uploads\/31395.jpg","contentUrl":"https:\/\/www.meydan.tv\/wp-content\/uploads\/31395.jpg","width":1366,"height":1024,"caption":"Source:"},{"@type":"BreadcrumbList","@id":"https:\/\/www.meydan.tv\/az\/article\/qara-libasli-qadin\/#breadcrumb","itemListElement":[{"@type":"ListItem","position":1,"name":"Ana s\u0259hif\u0259","item":"https:\/\/www.meydan.tv\/az\/"},{"@type":"ListItem","position":2,"name":"M\u0259nim Fikrimc\u0259","item":"https:\/\/www.meydan.tv\/az\/section\/menim-fikrimce\/"},{"@type":"ListItem","position":3,"name":"&#8221;Qara libasl\u0131 qad\u0131n&#8221;"}]},{"@type":"WebSite","@id":"https:\/\/www.meydan.tv\/az\/#website","url":"https:\/\/www.meydan.tv\/az\/","name":"MEYDAN.TV","description":"Meydan TV Az\u0259rbaycan\u0131n media m\u0259kan\u0131ndak\u0131 alternativ s\u0259sidir","publisher":{"@id":"https:\/\/www.meydan.tv\/az\/#organization"},"potentialAction":[{"@type":"SearchAction","target":{"@type":"EntryPoint","urlTemplate":"https:\/\/www.meydan.tv\/az\/?s={search_term_string}"},"query-input":{"@type":"PropertyValueSpecification","valueRequired":true,"valueName":"search_term_string"}}],"inLanguage":"az"},{"@type":"Organization","@id":"https:\/\/www.meydan.tv\/az\/#organization","name":"Meydan TV","url":"https:\/\/www.meydan.tv\/az\/","logo":{"@type":"ImageObject","inLanguage":"az","@id":"https:\/\/www.meydan.tv\/az\/#\/schema\/logo\/image\/","url":"https:\/\/www.meydan.tv\/wp-content\/uploads\/2021\/07\/meydan-logo.svg","contentUrl":"https:\/\/www.meydan.tv\/wp-content\/uploads\/2021\/07\/meydan-logo.svg","width":195,"height":46,"caption":"Meydan TV"},"image":{"@id":"https:\/\/www.meydan.tv\/az\/#\/schema\/logo\/image\/"}},{"@type":"Person","@id":"https:\/\/www.meydan.tv\/az\/#\/schema\/person\/10d11eccf6da3662cf5fdab9806ea91a","name":"user-manager"}]}},"_links":{"self":[{"href":"https:\/\/www.meydan.tv\/az\/wp-json\/wp\/v2\/posts\/187957","targetHints":{"allow":["GET"]}}],"collection":[{"href":"https:\/\/www.meydan.tv\/az\/wp-json\/wp\/v2\/posts"}],"about":[{"href":"https:\/\/www.meydan.tv\/az\/wp-json\/wp\/v2\/types\/post"}],"author":[{"embeddable":true,"href":"https:\/\/www.meydan.tv\/az\/wp-json\/wp\/v2\/users\/11"}],"replies":[{"embeddable":true,"href":"https:\/\/www.meydan.tv\/az\/wp-json\/wp\/v2\/comments?post=187957"}],"version-history":[{"count":0,"href":"https:\/\/www.meydan.tv\/az\/wp-json\/wp\/v2\/posts\/187957\/revisions"}],"wp:featuredmedia":[{"embeddable":true,"href":"https:\/\/www.meydan.tv\/az\/wp-json\/wp\/v2\/media\/80446"}],"wp:attachment":[{"href":"https:\/\/www.meydan.tv\/az\/wp-json\/wp\/v2\/media?parent=187957"}],"wp:term":[{"taxonomy":"category","embeddable":true,"href":"https:\/\/www.meydan.tv\/az\/wp-json\/wp\/v2\/categories?post=187957"},{"taxonomy":"post_tag","embeddable":true,"href":"https:\/\/www.meydan.tv\/az\/wp-json\/wp\/v2\/tags?post=187957"}],"curies":[{"name":"wp","href":"https:\/\/api.w.org\/{rel}","templated":true}]}}