{"id":187880,"date":"2017-12-15T19:44:47","date_gmt":"2017-12-15T19:44:47","guid":{"rendered":"https:\/\/www.meydan.tv\/article\/mediani-metbuat-xidmetlerinin-utulu-bilgilerine-baglamaq-yolverilmezdir\/"},"modified":"2017-12-15T19:44:47","modified_gmt":"2017-12-15T19:44:47","slug":"mediani-metbuat-xidmetlerinin-utulu-bilgilerine-baglamaq-yolverilmezdir","status":"publish","type":"post","link":"https:\/\/www.meydan.tv\/az\/article\/mediani-metbuat-xidmetlerinin-utulu-bilgilerine-baglamaq-yolverilmezdir\/","title":{"rendered":"&#8221;Median\u0131 m\u0259tbuat xidm\u0259tl\u0259rinin \u00fct\u00fcl\u00fc bilgil\u0259rin\u0259 ba\u011flamaq yolverilm\u0259zdir&#8221;"},"content":{"rendered":"<figure class=\"wp-block-image size-large\">\n  <img decoding=\"async\" src=\"https:\/\/www.meydan.tv\/az\/96821\/\" alt=\"\" class=\"wp-image-96821\"\/><figcaption><\/figcaption><\/figure>\n<p>\n  <i><br \/>\n    Deputatlar jurnalistl\u0259rin ordu bar\u0259d\u0259 yazmas\u0131na m\u0259hdudiyy\u0259t ist\u0259yir<br \/>\n  <\/i>\n<\/p>\n<p>\n  Milli M\u0259clis dekabr\u0131n 15-d\u0259 ke\u00e7irdiyi iclasda \u201cAz\u0259rbaycan Respublikas\u0131n\u0131n Silahl\u0131 Q\u00fcvv\u0259l\u0259ri haqq\u0131nda\u201d qanun layih\u0259sini q\u0259bul<br \/>\n  <a href=\"\/az\/article\/riyaziyyatcini-mudafie-naziri-qoydular-basimiza-oyun-acdi\/\"><br \/>\n    edib.<br \/>\n  <\/a>\n<\/p>\n<p>\n  Layih\u0259nin m\u00fczakir\u0259si zaman\u0131 deputatlardan b\u0259zil\u0259ri median\u0131n, jurnalistl\u0259rin Silahl\u0131 Q\u00fcvv\u0259l\u0259r haqq\u0131nda m\u0259lumatlar yazmas\u0131na m\u0259hdudiyy\u0259tl\u0259r qoyulmas\u0131n\u0131 t\u0259klif edib.\n<\/p>\n<p>\n  Birinci vitse-spiker, M\u00fcdafi\u0259, t\u0259hl\u00fck\u0259sizlik v\u0259 korrupsiya il\u0259 m\u00fcbariz\u0259 komit\u0259sinin s\u0259dri Ziyaf\u0259t \u018fsg\u0259rov jurnalistl\u0259r\u0259 m\u00fcraci\u0259t edib:\n<\/p>\n<p>\n  \u201cH\u00f6rm\u0259tli jurnalistl\u0259r? N\u0259 var, onu yaz\u0131n!\u201d, &#8211; deyib.\n<\/p>\n<p>\n  Vitse-spiker bildirib ki, m\u0259tbuat\u0131n ordudan yazmas\u0131na M\u00fcdafi\u0259 Nazirliyinin m\u0259tbuat xidm\u0259ti vasit\u0259si il\u0259 laz\u0131m\u0131 \u015f\u0259rait yarad\u0131l\u0131r v\u0259 bundan art\u0131\u011f\u0131n\u0131 etm\u0259k d\u00fczg\u00fcn deyil.\n<\/p>\n<figure class=\"wp-block-image size-large\">\n  <img decoding=\"async\" src=\"https:\/\/www.meydan.tv\/az\/96827\/\" alt=\"\" class=\"wp-image-96827\"\/><figcaption><\/figcaption><\/figure>\n<p>\n  O, AB\u015e-\u0131n \u0130raqdak\u0131 \u0259m\u0259liyyatlar\u0131 zaman\u0131 yaranm\u0131\u015f v\u0259ziyy\u0259ti n\u00fcmun\u0259 g\u0259tirib:\n<\/p>\n<p>\n  \u201cAB\u015e-\u0131n \u0130raqda m\u00fcharib\u0259 zaman\u0131 etdiyi kimi, biz d\u0259 dey\u0259k ki, \u00fcmumiyy\u0259tl\u0259, ordudan yazmaq laz\u0131m deyil? Bel\u0259 ed\u0259k ist\u0259yirsiniz? \u0130ndi AB\u015e kimi \u201cgedin, i\u015finizl\u0259 m\u0259\u015f\u011ful olun, biz m\u00fcharib\u0259 apar\u0131r\u0131q \u2013 dey\u0259k?\u201d\n<\/p>\n<p>\n  Yeni Az\u0259rbaycan Partiyas\u0131 (YAP) icra katibinin m\u00fcavini, deputat Siyavu\u015f Novruzov is\u0259 d\u00fc\u015f\u00fcn\u00fcr ki, ordu i\u015finin \u00f6hd\u0259sind\u0259n g\u0259l\u0259 bilm\u0259k \u00fc\u00e7\u00fcn c\u0259miyy\u0259t\u0259 qapal\u0131 olmal\u0131d\u0131r.\n<\/p>\n<p>\n  H\u0259rbi ekspert \u00dczeyir C\u0259f\u0259rov Meydan TV-y\u0259 Az\u0259rbaycan\u0131n m\u00fcharib\u0259 \u015f\u0259raitind\u0259 oldu\u011funu xat\u0131rlad\u0131b. Buna g\u00f6r\u0259 o, Milli M\u0259clisd\u0259 s\u0259sl\u0259n\u0259n fikirl\u0259ri anlay\u0131\u015fla q\u0259bul etdiyini deyib:\n<\/p>\n<p>\n  \u201cB\u0259z\u0259n jurnalist dostlar\u0131m\u0131z t\u0259sdiql\u0259nm\u0259mi\u015f m\u0259lumatlar\u0131 media v\u0259 sosial \u015f\u0259b\u0259k\u0259l\u0259rd\u0259 d\u00f6vriyy\u0259y\u0259 burax\u0131rlar. Bu, m\u00fc\u0259yy\u0259n naraz\u0131l\u0131qlara s\u0259b\u0259b olur. Son vaxtlar T\u0259rt\u0259r v\u0259 \u015e\u0259mkir istiqam\u0259tind\u0259ki h\u0259rbi hiss\u0259l\u0259rd\u0259 \u00e7ox olmu\u015fam. \u018fvv\u0259lki durumdan qat-qat yax\u015f\u0131d\u0131r. H\u0259r \u015feyin ideal oldu\u011funu iddia etmir\u0259m, amma \u00e7ox i\u015fl\u0259r g\u00f6r\u00fcl\u00fcr v\u0259 davam\u0131 da g\u0259lir\u201d.\n<\/p>\n<figure class=\"wp-block-image size-large\">\n  <img decoding=\"async\" src=\"https:\/\/www.meydan.tv\/az\/63642\/\" alt=\"\" class=\"wp-image-63642\"\/><figcaption>\n    \u00dczeyr C\u0259f\u0259rov<br \/>\n  <\/figcaption><\/figure>\n<p>\n  \u00dc. C\u0259f\u0259rov deyir ki, b\u0259zi h\u0259ssas m\u0259qamlarla ba\u011fl\u0131 m\u0259lumat\u0131 M\u00fcdafi\u0259 Nazirliyi yaysa, yax\u015f\u0131 olar:\n<\/p>\n<p>\n  \u201cM\u0259n qada\u011fan\u0131n t\u0259r\u0259fdar\u0131 deyil\u0259m v\u0259 qada\u011fadan da s\u00f6hb\u0259t getmir. Az\u0259rbaycan \u015eimali Koreya deyil ki, ordu m\u00f6vzusuna toxunulmas\u0131n. M\u0259s\u0259l\u0259n, dekabr\u0131n 15-d\u0259 d\u0259fn olunan \u015f\u0259hid F\u00fczuli Salayev bar\u0259sind\u0259 2 g\u00fcnd\u00fcr d\u00fczg\u00fcn olmayan m\u0259lumat yay\u0131rd\u0131lar. Onu \u0259sg\u0259r kimi t\u0259qdim edirdil\u0259r. M\u00fcdafi\u0259 Nazirliyinin m\u0259lumat\u0131 yay\u0131landan sonra onun 19 ildir orduda xidm\u0259t etmi\u015f gizir oldu\u011fu bilindi. \u018fg\u0259r M\u00fcdafi\u0259 Nazirliyi a\u00e7\u0131qlama vers\u0259ydi, yaxud ona istinad olunsayd\u0131, hans\u0131sa anla\u015f\u0131lmazl\u0131q yaranmazd\u0131\u201d.\n<\/p>\n<p>\n  Media sah\u0259si \u00fczr\u0259 h\u00fcquq\u00e7u Xalid A\u011faliyev is\u0259 hesab edir ki, median\u0131, jurnalistl\u0259ri m\u0259tbuat xidm\u0259tl\u0259rinin \u00fcmidin\u0259 qoymaq yolverilm\u0259zdir.\n<\/p>\n<p>\n  \u201cSiz n\u0259 vaxtsa Az\u0259rbaycanda m\u0259tbuat xidm\u0259tinin \u201cbizim qurumda b\u00fcdc\u0259d\u0259n ayr\u0131lan filan q\u0259d\u0259r v\u0259sait m\u0259nims\u0259nilib\u201d &#8211; dey\u0259, a\u00e7\u0131qlama yayd\u0131\u011f\u0131n\u0131n \u015fahidi olmusunuzmu? M\u00fcdafi\u0259 Nazirliyi, Silahl\u0131 Q\u00fcvv\u0259l\u0259rl\u0259 ba\u011fl\u0131 neqativ bilgil\u0259r d\u0259 ad\u0259t\u0259n ba\u015fqa \u00f6lk\u0259 medialar\u0131nda, sosial mediada a\u00e7\u0131qlanandan sonra nazirlik t\u0259r\u0259find\u0259n t\u0259kzib v\u0259 ya t\u0259sdiq olunur. Median\u0131 m\u0259tbuat xidm\u0259tl\u0259rinin \u00fct\u00fcl\u00fc bilgil\u0259rin\u0259 ba\u011flamaq yolverilm\u0259zdir. Bu, ifad\u0259 azadl\u0131\u011f\u0131 h\u00fcququna ziddir\u201d.\n<\/p>\n<figure class=\"wp-block-image size-large\">\n  <img decoding=\"async\" src=\"https:\/\/www.meydan.tv\/az\/58013\/\" alt=\"\" class=\"wp-image-58013\"\/><figcaption>\n    Xalid A\u011faliyev<br \/>\n  <\/figcaption><\/figure>\n<p>\n  X.A\u011faliyev bildirib ki, onsuz da 7-8 il \u0259vv\u0259ll\u0259 m\u00fcqayis\u0259d\u0259 Az\u0259rbaycanda informasiya \u0259ld\u0259 olunmas\u0131 m\u00fchitinin durumu olduqca s\u0259rtl\u0259\u015fdirilib:\n<\/p>\n<p>\n  \u201cMedia, jurnalistl\u0259r onsuz da effektiv bilgi payla\u015f\u0131m\u0131 i\u015fini qura bilm\u0259y\u0259n, 2-3 n\u0259f\u0259rd\u0259n ibar\u0259t m\u0259tbuat xidm\u0259tl\u0259rinin \u00fcmidin\u0259 qal\u0131blar. Bel\u0259 bir durumda informasiyalara \u00e7at\u0131mla ba\u011fl\u0131 s\u0259rt qaydalar\u0131n t\u0259tbiqinin t\u0259klif olunmas\u0131 anla\u015f\u0131lmazd\u0131r. Bel\u0259 t\u0259klifl\u0259r, ifad\u0259, informasiya azadl\u0131\u011f\u0131 h\u00fcququnun qeyri-legitim m\u0259hdudla\u015fd\u0131r\u0131lmas\u0131 dem\u0259kdir. \u0130nformasiya azal\u0131\u011f\u0131na hans\u0131 hallarda, \u0259saslarla m\u00fcdaxil\u0259 etm\u0259k olar, bu, Avropa Konvensiyas\u0131n\u0131n 10-cu madd\u0259sind\u0259 sadalan\u0131b, d\u0259qiq \u00e7\u0259r\u00e7iv\u0259 c\u0131z\u0131l\u0131b. Qeyd olunan t\u0259klifl\u0259r bu \u00e7\u0259r\u00e7iv\u0259l\u0259ri a\u015fmaq dem\u0259kdir\u201d.\n<\/p>\n<p>\n  O bildirir ki, M\u00fcdafi\u0259 Nazirliyind\u0259 do\u011frudan da h\u0259ssas, qorunmas\u0131 vacib olan xeyli bilgil\u0259r var. Ancaq Az\u0259rbaycanda h\u0259min bilgil\u0259rin toxunulmazl\u0131\u011f\u0131n\u0131 t\u0259min ed\u0259n qanunlar da yet\u0259rinc\u0259 s\u0259rtdir:\n<\/p>\n<p>\n  \u201c\u018flav\u0259 d\u00fcz\u0259nl\u0259m\u0259y\u0259 l\u00fczum yoxdur. \u018fksin\u0259, h\u0259min qanunlar\u0131 ifad\u0259 azadl\u0131\u011f\u0131 h\u00fcququnun \u00f6n\u0259mi bax\u0131m\u0131ndan yax\u015f\u0131la\u015fd\u0131rma\u011fa ehtiyac var\u201d.<\/p>\n","protected":false},"excerpt":{"rendered":"<p>Deputatlar jurnalistl\u0259rin ordu bar\u0259d\u0259 yazmas\u0131na m\u0259hdudiyy\u0259t ist\u0259yir<\/p>\n","protected":false},"author":11,"featured_media":96821,"comment_status":"closed","ping_status":"open","sticky":false,"template":"","format":"standard","meta":{"_acf_changed":false,"_sitemap_exclude":false,"_sitemap_priority":"","_sitemap_frequency":"","footnotes":""},"categories":[56],"tags":[],"class_list":["post-187880","post","type-post","status-publish","format-standard","has-post-thumbnail","hentry","category-xeberler","infinite-scroll-item","generate-columns","tablet-grid-50","mobile-grid-100","grid-parent","grid-33","no-featured-image-padding"],"acf":[],"yoast_head":"<!-- This site is optimized with the Yoast SEO plugin v27.4 - https:\/\/yoast.com\/product\/yoast-seo-wordpress\/ -->\n<title>&#039;&#039;Median\u0131 m\u0259tbuat xidm\u0259tl\u0259rinin \u00fct\u00fcl\u00fc bilgil\u0259rin\u0259 ba\u011flamaq yolverilm\u0259zdir&#039;&#039; - MEYDAN.TV<\/title>\n<meta name=\"robots\" content=\"index, follow, max-snippet:-1, max-image-preview:large, max-video-preview:-1\" \/>\n<link rel=\"canonical\" href=\"https:\/\/www.meydan.tv\/az\/article\/mediani-metbuat-xidmetlerinin-utulu-bilgilerine-baglamaq-yolverilmezdir\/\" \/>\n<meta property=\"og:locale\" content=\"az_AZ\" \/>\n<meta property=\"og:type\" content=\"article\" \/>\n<meta property=\"og:title\" content=\"&#039;&#039;Median\u0131 m\u0259tbuat xidm\u0259tl\u0259rinin \u00fct\u00fcl\u00fc bilgil\u0259rin\u0259 ba\u011flamaq yolverilm\u0259zdir&#039;&#039; - MEYDAN.TV\" \/>\n<meta property=\"og:description\" content=\"Deputatlar jurnalistl\u0259rin ordu bar\u0259d\u0259 yazmas\u0131na m\u0259hdudiyy\u0259t ist\u0259yir\" \/>\n<meta property=\"og:url\" content=\"https:\/\/www.meydan.tv\/az\/article\/mediani-metbuat-xidmetlerinin-utulu-bilgilerine-baglamaq-yolverilmezdir\/\" \/>\n<meta property=\"og:site_name\" content=\"MEYDAN.TV\" \/>\n<meta property=\"article:published_time\" content=\"2017-12-15T19:44:47+00:00\" \/>\n<meta property=\"og:image\" content=\"https:\/\/www.meydan.tv\/wp-content\/uploads\/38217.png\" \/>\n\t<meta property=\"og:image:width\" content=\"810\" \/>\n\t<meta property=\"og:image:height\" content=\"450\" \/>\n\t<meta property=\"og:image:type\" content=\"image\/png\" \/>\n<meta name=\"author\" content=\"user-manager\" \/>\n<meta name=\"twitter:card\" content=\"summary_large_image\" \/>\n<script type=\"application\/ld+json\" class=\"yoast-schema-graph\">{\"@context\":\"https:\\\/\\\/schema.org\",\"@graph\":[{\"@type\":\"Article\",\"@id\":\"https:\\\/\\\/www.meydan.tv\\\/az\\\/article\\\/mediani-metbuat-xidmetlerinin-utulu-bilgilerine-baglamaq-yolverilmezdir\\\/#article\",\"isPartOf\":{\"@id\":\"https:\\\/\\\/www.meydan.tv\\\/az\\\/article\\\/mediani-metbuat-xidmetlerinin-utulu-bilgilerine-baglamaq-yolverilmezdir\\\/\"},\"author\":{\"name\":\"user-manager\",\"@id\":\"https:\\\/\\\/www.meydan.tv\\\/az\\\/#\\\/schema\\\/person\\\/10d11eccf6da3662cf5fdab9806ea91a\"},\"headline\":\"&#8221;Median\u0131 m\u0259tbuat xidm\u0259tl\u0259rinin \u00fct\u00fcl\u00fc bilgil\u0259rin\u0259 ba\u011flamaq yolverilm\u0259zdir&#8221;\",\"datePublished\":\"2017-12-15T19:44:47+00:00\",\"mainEntityOfPage\":{\"@id\":\"https:\\\/\\\/www.meydan.tv\\\/az\\\/article\\\/mediani-metbuat-xidmetlerinin-utulu-bilgilerine-baglamaq-yolverilmezdir\\\/\"},\"wordCount\":831,\"publisher\":{\"@id\":\"https:\\\/\\\/www.meydan.tv\\\/az\\\/#organization\"},\"image\":{\"@id\":\"https:\\\/\\\/www.meydan.tv\\\/az\\\/article\\\/mediani-metbuat-xidmetlerinin-utulu-bilgilerine-baglamaq-yolverilmezdir\\\/#primaryimage\"},\"thumbnailUrl\":\"https:\\\/\\\/www.meydan.tv\\\/wp-content\\\/uploads\\\/38217.png\",\"articleSection\":[\"X\u0259b\u0259rl\u0259r\"],\"inLanguage\":\"az\"},{\"@type\":\"WebPage\",\"@id\":\"https:\\\/\\\/www.meydan.tv\\\/az\\\/article\\\/mediani-metbuat-xidmetlerinin-utulu-bilgilerine-baglamaq-yolverilmezdir\\\/\",\"url\":\"https:\\\/\\\/www.meydan.tv\\\/az\\\/article\\\/mediani-metbuat-xidmetlerinin-utulu-bilgilerine-baglamaq-yolverilmezdir\\\/\",\"name\":\"''Median\u0131 m\u0259tbuat xidm\u0259tl\u0259rinin \u00fct\u00fcl\u00fc bilgil\u0259rin\u0259 ba\u011flamaq yolverilm\u0259zdir'' - MEYDAN.TV\",\"isPartOf\":{\"@id\":\"https:\\\/\\\/www.meydan.tv\\\/az\\\/#website\"},\"primaryImageOfPage\":{\"@id\":\"https:\\\/\\\/www.meydan.tv\\\/az\\\/article\\\/mediani-metbuat-xidmetlerinin-utulu-bilgilerine-baglamaq-yolverilmezdir\\\/#primaryimage\"},\"image\":{\"@id\":\"https:\\\/\\\/www.meydan.tv\\\/az\\\/article\\\/mediani-metbuat-xidmetlerinin-utulu-bilgilerine-baglamaq-yolverilmezdir\\\/#primaryimage\"},\"thumbnailUrl\":\"https:\\\/\\\/www.meydan.tv\\\/wp-content\\\/uploads\\\/38217.png\",\"datePublished\":\"2017-12-15T19:44:47+00:00\",\"breadcrumb\":{\"@id\":\"https:\\\/\\\/www.meydan.tv\\\/az\\\/article\\\/mediani-metbuat-xidmetlerinin-utulu-bilgilerine-baglamaq-yolverilmezdir\\\/#breadcrumb\"},\"inLanguage\":\"az\",\"potentialAction\":[{\"@type\":\"ReadAction\",\"target\":[\"https:\\\/\\\/www.meydan.tv\\\/az\\\/article\\\/mediani-metbuat-xidmetlerinin-utulu-bilgilerine-baglamaq-yolverilmezdir\\\/\"]}]},{\"@type\":\"ImageObject\",\"inLanguage\":\"az\",\"@id\":\"https:\\\/\\\/www.meydan.tv\\\/az\\\/article\\\/mediani-metbuat-xidmetlerinin-utulu-bilgilerine-baglamaq-yolverilmezdir\\\/#primaryimage\",\"url\":\"https:\\\/\\\/www.meydan.tv\\\/wp-content\\\/uploads\\\/38217.png\",\"contentUrl\":\"https:\\\/\\\/www.meydan.tv\\\/wp-content\\\/uploads\\\/38217.png\",\"width\":810,\"height\":450,\"caption\":\"Source:\"},{\"@type\":\"BreadcrumbList\",\"@id\":\"https:\\\/\\\/www.meydan.tv\\\/az\\\/article\\\/mediani-metbuat-xidmetlerinin-utulu-bilgilerine-baglamaq-yolverilmezdir\\\/#breadcrumb\",\"itemListElement\":[{\"@type\":\"ListItem\",\"position\":1,\"name\":\"Ana s\u0259hif\u0259\",\"item\":\"https:\\\/\\\/www.meydan.tv\\\/az\\\/\"},{\"@type\":\"ListItem\",\"position\":2,\"name\":\"X\u0259b\u0259rl\u0259r\",\"item\":\"https:\\\/\\\/www.meydan.tv\\\/az\\\/section\\\/xeberler\\\/\"},{\"@type\":\"ListItem\",\"position\":3,\"name\":\"&#8221;Median\u0131 m\u0259tbuat xidm\u0259tl\u0259rinin \u00fct\u00fcl\u00fc bilgil\u0259rin\u0259 ba\u011flamaq yolverilm\u0259zdir&#8221;\"}]},{\"@type\":\"WebSite\",\"@id\":\"https:\\\/\\\/www.meydan.tv\\\/az\\\/#website\",\"url\":\"https:\\\/\\\/www.meydan.tv\\\/az\\\/\",\"name\":\"MEYDAN.TV\",\"description\":\"Meydan TV Az\u0259rbaycan\u0131n media m\u0259kan\u0131ndak\u0131 alternativ s\u0259sidir\",\"publisher\":{\"@id\":\"https:\\\/\\\/www.meydan.tv\\\/az\\\/#organization\"},\"potentialAction\":[{\"@type\":\"SearchAction\",\"target\":{\"@type\":\"EntryPoint\",\"urlTemplate\":\"https:\\\/\\\/www.meydan.tv\\\/az\\\/?s={search_term_string}\"},\"query-input\":{\"@type\":\"PropertyValueSpecification\",\"valueRequired\":true,\"valueName\":\"search_term_string\"}}],\"inLanguage\":\"az\"},{\"@type\":\"Organization\",\"@id\":\"https:\\\/\\\/www.meydan.tv\\\/az\\\/#organization\",\"name\":\"Meydan TV\",\"url\":\"https:\\\/\\\/www.meydan.tv\\\/az\\\/\",\"logo\":{\"@type\":\"ImageObject\",\"inLanguage\":\"az\",\"@id\":\"https:\\\/\\\/www.meydan.tv\\\/az\\\/#\\\/schema\\\/logo\\\/image\\\/\",\"url\":\"https:\\\/\\\/www.meydan.tv\\\/wp-content\\\/uploads\\\/2021\\\/07\\\/meydan-logo.svg\",\"contentUrl\":\"https:\\\/\\\/www.meydan.tv\\\/wp-content\\\/uploads\\\/2021\\\/07\\\/meydan-logo.svg\",\"width\":195,\"height\":46,\"caption\":\"Meydan TV\"},\"image\":{\"@id\":\"https:\\\/\\\/www.meydan.tv\\\/az\\\/#\\\/schema\\\/logo\\\/image\\\/\"}},{\"@type\":\"Person\",\"@id\":\"https:\\\/\\\/www.meydan.tv\\\/az\\\/#\\\/schema\\\/person\\\/10d11eccf6da3662cf5fdab9806ea91a\",\"name\":\"user-manager\"}]}<\/script>\n<!-- \/ Yoast SEO plugin. -->","yoast_head_json":{"title":"''Median\u0131 m\u0259tbuat xidm\u0259tl\u0259rinin \u00fct\u00fcl\u00fc bilgil\u0259rin\u0259 ba\u011flamaq yolverilm\u0259zdir'' - MEYDAN.TV","robots":{"index":"index","follow":"follow","max-snippet":"max-snippet:-1","max-image-preview":"max-image-preview:large","max-video-preview":"max-video-preview:-1"},"canonical":"https:\/\/www.meydan.tv\/az\/article\/mediani-metbuat-xidmetlerinin-utulu-bilgilerine-baglamaq-yolverilmezdir\/","og_locale":"az_AZ","og_type":"article","og_title":"''Median\u0131 m\u0259tbuat xidm\u0259tl\u0259rinin \u00fct\u00fcl\u00fc bilgil\u0259rin\u0259 ba\u011flamaq yolverilm\u0259zdir'' - MEYDAN.TV","og_description":"Deputatlar jurnalistl\u0259rin ordu bar\u0259d\u0259 yazmas\u0131na m\u0259hdudiyy\u0259t ist\u0259yir","og_url":"https:\/\/www.meydan.tv\/az\/article\/mediani-metbuat-xidmetlerinin-utulu-bilgilerine-baglamaq-yolverilmezdir\/","og_site_name":"MEYDAN.TV","article_published_time":"2017-12-15T19:44:47+00:00","og_image":[{"width":810,"height":450,"url":"https:\/\/www.meydan.tv\/wp-content\/uploads\/38217.png","type":"image\/png"}],"author":"user-manager","twitter_card":"summary_large_image","schema":{"@context":"https:\/\/schema.org","@graph":[{"@type":"Article","@id":"https:\/\/www.meydan.tv\/az\/article\/mediani-metbuat-xidmetlerinin-utulu-bilgilerine-baglamaq-yolverilmezdir\/#article","isPartOf":{"@id":"https:\/\/www.meydan.tv\/az\/article\/mediani-metbuat-xidmetlerinin-utulu-bilgilerine-baglamaq-yolverilmezdir\/"},"author":{"name":"user-manager","@id":"https:\/\/www.meydan.tv\/az\/#\/schema\/person\/10d11eccf6da3662cf5fdab9806ea91a"},"headline":"&#8221;Median\u0131 m\u0259tbuat xidm\u0259tl\u0259rinin \u00fct\u00fcl\u00fc bilgil\u0259rin\u0259 ba\u011flamaq yolverilm\u0259zdir&#8221;","datePublished":"2017-12-15T19:44:47+00:00","mainEntityOfPage":{"@id":"https:\/\/www.meydan.tv\/az\/article\/mediani-metbuat-xidmetlerinin-utulu-bilgilerine-baglamaq-yolverilmezdir\/"},"wordCount":831,"publisher":{"@id":"https:\/\/www.meydan.tv\/az\/#organization"},"image":{"@id":"https:\/\/www.meydan.tv\/az\/article\/mediani-metbuat-xidmetlerinin-utulu-bilgilerine-baglamaq-yolverilmezdir\/#primaryimage"},"thumbnailUrl":"https:\/\/www.meydan.tv\/wp-content\/uploads\/38217.png","articleSection":["X\u0259b\u0259rl\u0259r"],"inLanguage":"az"},{"@type":"WebPage","@id":"https:\/\/www.meydan.tv\/az\/article\/mediani-metbuat-xidmetlerinin-utulu-bilgilerine-baglamaq-yolverilmezdir\/","url":"https:\/\/www.meydan.tv\/az\/article\/mediani-metbuat-xidmetlerinin-utulu-bilgilerine-baglamaq-yolverilmezdir\/","name":"''Median\u0131 m\u0259tbuat xidm\u0259tl\u0259rinin \u00fct\u00fcl\u00fc bilgil\u0259rin\u0259 ba\u011flamaq yolverilm\u0259zdir'' - MEYDAN.TV","isPartOf":{"@id":"https:\/\/www.meydan.tv\/az\/#website"},"primaryImageOfPage":{"@id":"https:\/\/www.meydan.tv\/az\/article\/mediani-metbuat-xidmetlerinin-utulu-bilgilerine-baglamaq-yolverilmezdir\/#primaryimage"},"image":{"@id":"https:\/\/www.meydan.tv\/az\/article\/mediani-metbuat-xidmetlerinin-utulu-bilgilerine-baglamaq-yolverilmezdir\/#primaryimage"},"thumbnailUrl":"https:\/\/www.meydan.tv\/wp-content\/uploads\/38217.png","datePublished":"2017-12-15T19:44:47+00:00","breadcrumb":{"@id":"https:\/\/www.meydan.tv\/az\/article\/mediani-metbuat-xidmetlerinin-utulu-bilgilerine-baglamaq-yolverilmezdir\/#breadcrumb"},"inLanguage":"az","potentialAction":[{"@type":"ReadAction","target":["https:\/\/www.meydan.tv\/az\/article\/mediani-metbuat-xidmetlerinin-utulu-bilgilerine-baglamaq-yolverilmezdir\/"]}]},{"@type":"ImageObject","inLanguage":"az","@id":"https:\/\/www.meydan.tv\/az\/article\/mediani-metbuat-xidmetlerinin-utulu-bilgilerine-baglamaq-yolverilmezdir\/#primaryimage","url":"https:\/\/www.meydan.tv\/wp-content\/uploads\/38217.png","contentUrl":"https:\/\/www.meydan.tv\/wp-content\/uploads\/38217.png","width":810,"height":450,"caption":"Source:"},{"@type":"BreadcrumbList","@id":"https:\/\/www.meydan.tv\/az\/article\/mediani-metbuat-xidmetlerinin-utulu-bilgilerine-baglamaq-yolverilmezdir\/#breadcrumb","itemListElement":[{"@type":"ListItem","position":1,"name":"Ana s\u0259hif\u0259","item":"https:\/\/www.meydan.tv\/az\/"},{"@type":"ListItem","position":2,"name":"X\u0259b\u0259rl\u0259r","item":"https:\/\/www.meydan.tv\/az\/section\/xeberler\/"},{"@type":"ListItem","position":3,"name":"&#8221;Median\u0131 m\u0259tbuat xidm\u0259tl\u0259rinin \u00fct\u00fcl\u00fc bilgil\u0259rin\u0259 ba\u011flamaq yolverilm\u0259zdir&#8221;"}]},{"@type":"WebSite","@id":"https:\/\/www.meydan.tv\/az\/#website","url":"https:\/\/www.meydan.tv\/az\/","name":"MEYDAN.TV","description":"Meydan TV Az\u0259rbaycan\u0131n media m\u0259kan\u0131ndak\u0131 alternativ s\u0259sidir","publisher":{"@id":"https:\/\/www.meydan.tv\/az\/#organization"},"potentialAction":[{"@type":"SearchAction","target":{"@type":"EntryPoint","urlTemplate":"https:\/\/www.meydan.tv\/az\/?s={search_term_string}"},"query-input":{"@type":"PropertyValueSpecification","valueRequired":true,"valueName":"search_term_string"}}],"inLanguage":"az"},{"@type":"Organization","@id":"https:\/\/www.meydan.tv\/az\/#organization","name":"Meydan TV","url":"https:\/\/www.meydan.tv\/az\/","logo":{"@type":"ImageObject","inLanguage":"az","@id":"https:\/\/www.meydan.tv\/az\/#\/schema\/logo\/image\/","url":"https:\/\/www.meydan.tv\/wp-content\/uploads\/2021\/07\/meydan-logo.svg","contentUrl":"https:\/\/www.meydan.tv\/wp-content\/uploads\/2021\/07\/meydan-logo.svg","width":195,"height":46,"caption":"Meydan TV"},"image":{"@id":"https:\/\/www.meydan.tv\/az\/#\/schema\/logo\/image\/"}},{"@type":"Person","@id":"https:\/\/www.meydan.tv\/az\/#\/schema\/person\/10d11eccf6da3662cf5fdab9806ea91a","name":"user-manager"}]}},"_links":{"self":[{"href":"https:\/\/www.meydan.tv\/az\/wp-json\/wp\/v2\/posts\/187880","targetHints":{"allow":["GET"]}}],"collection":[{"href":"https:\/\/www.meydan.tv\/az\/wp-json\/wp\/v2\/posts"}],"about":[{"href":"https:\/\/www.meydan.tv\/az\/wp-json\/wp\/v2\/types\/post"}],"author":[{"embeddable":true,"href":"https:\/\/www.meydan.tv\/az\/wp-json\/wp\/v2\/users\/11"}],"replies":[{"embeddable":true,"href":"https:\/\/www.meydan.tv\/az\/wp-json\/wp\/v2\/comments?post=187880"}],"version-history":[{"count":0,"href":"https:\/\/www.meydan.tv\/az\/wp-json\/wp\/v2\/posts\/187880\/revisions"}],"wp:featuredmedia":[{"embeddable":true,"href":"https:\/\/www.meydan.tv\/az\/wp-json\/wp\/v2\/media\/96821"}],"wp:attachment":[{"href":"https:\/\/www.meydan.tv\/az\/wp-json\/wp\/v2\/media?parent=187880"}],"wp:term":[{"taxonomy":"category","embeddable":true,"href":"https:\/\/www.meydan.tv\/az\/wp-json\/wp\/v2\/categories?post=187880"},{"taxonomy":"post_tag","embeddable":true,"href":"https:\/\/www.meydan.tv\/az\/wp-json\/wp\/v2\/tags?post=187880"}],"curies":[{"name":"wp","href":"https:\/\/api.w.org\/{rel}","templated":true}]}}