{"id":187879,"date":"2017-12-15T19:25:38","date_gmt":"2017-12-15T19:25:38","guid":{"rendered":"https:\/\/www.meydan.tv\/article\/riyaziyyatcini-mudafie-naziri-qoydular-basimiza-oyun-acdi\/"},"modified":"2017-12-15T19:25:38","modified_gmt":"2017-12-15T19:25:38","slug":"riyaziyyatcini-mudafie-naziri-qoydular-basimiza-oyun-acdi","status":"publish","type":"post","link":"https:\/\/www.meydan.tv\/az\/article\/riyaziyyatcini-mudafie-naziri-qoydular-basimiza-oyun-acdi\/","title":{"rendered":"&#8221;Riyaziyyat\u00e7\u0131n\u0131 m\u00fcdafi\u0259 naziri qoydular, ba\u015f\u0131m\u0131za oyun a\u00e7d\u0131&#8221;"},"content":{"rendered":"<figure class=\"wp-block-image size-large\">\n  <img decoding=\"async\" src=\"https:\/\/www.meydan.tv\/az\/milli-meclis\/\" alt=\"Milli M\u0259clis\" class=\"wp-image-95372\"\/><figcaption>\n    Milli M\u0259clis<br \/>\n  <\/figcaption><\/figure>\n<p>\n  <i><br \/>\n    &#8221;Az\u0259rbaycan Respublikas\u0131n\u0131n Silahl\u0131 Q\u00fcvv\u0259l\u0259ri haqq\u0131nda&#8221; qanun layih\u0259si q\u0259bul edildi<br \/>\n  <\/i>\n<\/p>\n<p>\n  \u201cQanunda g\u00f6st\u0259rilir ki, Az\u0259rbaycan Silahl\u0131 Q\u00fcvv\u0259l\u0259ri \u00f6lk\u0259d\u0259 daxili siyasi sabitliyin, Konstitusiya qurulu\u015funun, ictimai asayi\u015fin qorunmas\u0131 v\u0259 ictimai t\u0259hl\u00fck\u0259sizliyin t\u0259min edilm\u0259sind\u0259 i\u015ftirak edir. Burada \u201cdaxili sabitlik\u201d s\u00f6z\u00fcn\u00fc i\u015fl\u0259tm\u0259k d\u00fcz deyil. Daxili sabitlik \u00f6lk\u0259d\u0259 siyasi g\u0259rginlik, k\u00fc\u00e7\u0259 y\u00fcr\u00fc\u015fl\u0259ri, mitinql\u0259r d\u0259 ola bil\u0259r. Bel\u0259 \u00e7\u0131x\u0131r ki, h\u0259min mitinql\u0259rin, k\u00fc\u00e7\u0259 y\u00fcr\u00fc\u015fl\u0259rinin qar\u015f\u0131s\u0131n\u0131 almaq \u00fc\u00e7\u00fcn h\u00f6kum\u0259t ordudan istifad\u0259 ed\u0259 bil\u0259r. Y\u0259ni, bu, yolverilm\u0259zdir. Burada \u201cdaxili sabitlik\u201d s\u00f6z\u00fc \u0259v\u0259zin\u0259, \u201ck\u00fctl\u0259vi ixti\u015fa\u015flar\u0131n qar\u015f\u0131s\u0131n\u0131n al\u0131nmas\u0131 m\u0259qs\u0259dil\u0259\u201d ifad\u0259si yaz\u0131lmal\u0131d\u0131r. Y\u0259ni orada art\u0131q zorak\u0131l\u0131q var. Qar\u015f\u0131s\u0131n\u0131n al\u0131nmas\u0131 \u00fc\u00e7\u00fcn daxili qo\u015funlar\u0131n imkanlar\u0131 yet\u0259rli olmad\u0131qda, Az\u0259rbaycan ordusundan da istifad\u0259 oluna bil\u0259r\u201d.\n<\/p>\n<p>\n  Milli M\u0259clisin dekabr\u0131n 15-d\u0259 ke\u00e7iril\u0259n iclas\u0131nda yenid\u0259n haz\u0131rlanm\u0131\u015f \u201cAz\u0259rbaycan Respublikas\u0131n\u0131n Silahl\u0131 Q\u00fcvv\u0259l\u0259ri haqq\u0131nda\u201d qanun layih\u0259sinin m\u00fczakir\u0259si zaman\u0131 deputat Q\u00fcdr\u0259t H\u0259s\u0259nquliyev bel\u0259 deyib.\n<\/p>\n<blockquote><p>\n  Ordudak\u0131 probleml\u0259r yaz\u0131lmad\u0131qca, artacaq\n<\/p><\/blockquote>\n<p>\n  O, pe\u015f\u0259kar s\u0259viyy\u0259d\u0259 f\u0259aliyy\u0259t g\u00f6st\u0259r\u0259n median\u0131n, jurnalistl\u0259rin Silahl\u0131 Q\u00fcvv\u0259l\u0259r haqq\u0131nda m\u0259lumatlar yazmas\u0131na m\u0259hdudiyy\u0259tl\u0259r qoyulmas\u0131na da etiraz edib:\n<\/p>\n<p>\n  \u201cBu, yanl\u0131\u015f add\u0131md\u0131r. Ordudak\u0131 probleml\u0259rd\u0259n yazmad\u0131qca, o problem daha da artacaq. \u018flb\u0259tt\u0259, h\u0259rbi sirr qorunmal\u0131d\u0131r v\u0259 onsuz da qorunur. Amma pe\u015f\u0259kar f\u0259aliyy\u0259t g\u00f6st\u0259r\u0259n jurnalistl\u0259r\u0259 ordudan yazma\u011f\u0131 qada\u011fan etm\u0259k, m\u0259hdudla\u015fd\u0131rmaq d\u00fczg\u00fcn deyil\u201d.\n<\/p>\n<figure class=\"wp-block-image size-large\">\n  <img decoding=\"async\" src=\"https:\/\/www.meydan.tv\/az\/95669\/\" alt=\"\" class=\"wp-image-95669\"\/><figcaption>\n    Q\u00fcdr\u0259t H\u0259s\u0259nquliyev<br \/>\n  <\/figcaption><\/figure>\n<p>\n  Deputat ordunun az\u0131 30 faizin pe\u015f\u0259karlardan ibar\u0259t olmas\u0131n\u0131 da t\u0259klif edib.\n<\/p>\n<p>\n  \u201cDustaq \u00f6l\u00fcm\u00fcnd\u0259n tutmu\u015f, m\u0259hbuslar\u0131n qa\u00e7mas\u0131na q\u0259d\u0259r -ham\u0131s\u0131 qurumun qeyri-pe\u015f\u0259karlardan ibar\u0259t olmas\u0131n\u0131n n\u0259tic\u0259sidir\u201d.\n<\/p>\n<blockquote><p>\n  Sanki Bolqar\u0131stan parlamenti \u00fc\u00e7\u00fcn hans\u0131sa s\u0259lahiyy\u0259t ist\u0259yirik\n<\/p><\/blockquote>\n<p>\n  Deputat Fazil Mustafa parlamentin Az\u0259rbaycan Silahl\u0131 Q\u00fcvv\u0259l\u0259ri \u00fcz\u0259rind\u0259 n\u0259zar\u0259tinin olmas\u0131n\u0131 t\u0259klif edib. O, madd\u0259y\u0259 bununla ba\u011fl\u0131 \u0259lav\u0259 b\u0259nd sal\u0131nmas\u0131n\u0131 t\u0259klif edib:\n<\/p>\n<figure class=\"wp-block-image size-large\">\n  <img decoding=\"async\" src=\"https:\/\/www.meydan.tv\/az\/95402\/\" alt=\"\" class=\"wp-image-95402\"\/><figcaption>\n    Fazil Mustafa<br \/>\n  <\/figcaption><\/figure>\n<p>\n  \u201cMilli M\u0259clis qanunverici v\u0259 s\u0259lahiyy\u0259tli orqand\u0131r. Silahl\u0131 Q\u00fcvv\u0259l\u0259rl\u0259 ba\u011fl\u0131 z\u0259ruri m\u0259s\u0259l\u0259l\u0259rd\u0259 Milli M\u0259clisin raz\u0131l\u0131\u011f\u0131 olmal\u0131d\u0131r. B\u0259z\u0259n el\u0259 fikir yaran\u0131r ki, sanki biz AB\u015e konqresi v\u0259 ya Bolqar\u0131stan parlamenti \u00fc\u00e7\u00fcn hans\u0131sa s\u0259lahiyy\u0259t ist\u0259yirik. S\u00f6hb\u0259t Az\u0259rbaycan\u0131n Milli M\u0259clisind\u0259n gedir. Silahl\u0131 Q\u00fcvv\u0259l\u0259rl\u0259 ba\u011fl\u0131 prezident t\u0259r\u0259find\u0259n t\u0259limat verilir, lakin m\u00fc\u0259yy\u0259n m\u0259s\u0259l\u0259l\u0259rd\u0259n Milli M\u0259clisin d\u0259 m\u0259lumat\u0131 olmal\u0131d\u0131r ki, raz\u0131l\u0131q ver\u0259 bilsin. Y\u0259ni Milli M\u0259clis d\u0259 h\u0259r hans\u0131 m\u0259s\u0259l\u0259 il\u0259 ba\u011fl\u0131 raz\u0131l\u0131q ver\u0259nd\u0259, bunu arxay\u0131nl\u0131qla ed\u0259 bilsin. Penitensiar Xidm\u0259t\u0259 bax\u0131n, son g\u00fcnl\u0259r n\u0259 q\u0259d\u0259r neqativ hallar ba\u015f verib. Dustaq \u00f6l\u00fcm\u00fcnd\u0259n tutmu\u015f, m\u0259hbuslar\u0131n qa\u00e7mas\u0131na q\u0259d\u0259r ham\u0131s\u0131 qurumun qeyri-pe\u015f\u0259karlardan ibar\u0259t olmas\u0131n\u0131n n\u0259tic\u0259sidir. \u00c7\u00fcnki n\u0259zar\u0259td\u0259n k\u0259narda qal\u0131b. \u018fdliyy\u0259 nazirinin \u00f6z\u00fc d\u0259 Penitensiar Xidm\u0259tin f\u0259aliyy\u0259tind\u0259 n\u00f6qsanlar\u0131n oldu\u011funu bildirib. M\u0259n Silahl\u0131 Q\u00fcvv\u0259l\u0259rl\u0259 ba\u011fl\u0131 b\u0259zi m\u0259s\u0259l\u0259l\u0259r\u0259 n\u0259zar\u0259td\u0259 Milli M\u0259clisin k\u0259narda qalmas\u0131n\u0131 yanl\u0131\u015f hesab edir\u0259m\u201d.\n<\/p>\n<blockquote><p>\n  Silahl\u0131 Q\u00fcvv\u0259l\u0259r\u0259 n\u0259zar\u0259ti Ali Ba\u015f Komandan edir\n<\/p><\/blockquote>\n<p>\n  Yeni Az\u0259rbaycan Partiyas\u0131 (YAP) icra katibinin m\u00fcavini, deputat Siyavu\u015f Novruzov is\u0259 deputatlar\u0131n parlament v\u0259 ya qeyri-h\u00f6kum\u0259t t\u0259\u015fkilatlar\u0131n\u0131n orduya n\u0259zar\u0259t t\u0259l\u0259bin\u0259 qar\u015f\u0131 \u00e7\u0131x\u0131b. Bildirib ki, Az\u0259rbaycanda Silahl\u0131 Q\u00fcvv\u0259l\u0259r\u0259 n\u0259zar\u0259t Ali Ba\u015f Komandan t\u0259r\u0259find\u0259n h\u0259yata ke\u00e7irilir v\u0259 h\u0259r hans\u0131 n\u00f6qsan ba\u015f verdikd\u0259 onun t\u0259r\u0259find\u0259n struktur d\u0259yi\u015fikliyi h\u0259yata ke\u00e7irilir:\n<\/p>\n<p>\n  \u201cBel\u0259 olan halda, orduya n\u0259zar\u0259tin h\u0259r hans\u0131 qeyri-h\u00f6kum\u0259t t\u0259\u015fkilat\u0131 t\u0259r\u0259find\u0259n h\u0259yata ke\u00e7irilm\u0259si t\u0259klifini ir\u0259li s\u00fcrm\u0259k d\u00fczg\u00fcn deyil\u201d.\n<\/p>\n<blockquote><p>\n  H\u0259rbi xidm\u0259t\u0259 getm\u0259y\u0259nl\u0259r h\u0259rbi xidm\u0259td\u0259n dan\u0131\u015f\u0131r\n<\/p><\/blockquote>\n<p>\n  S. Novruzov qeyd edib ki, b\u0259z\u0259n h\u0259rbi xidm\u0259t\u0259 getm\u0259y\u0259nl\u0259r h\u0259rbi xidm\u0259td\u0259n dan\u0131\u015f\u0131r:\n<\/p>\n<figure class=\"wp-block-image size-large\">\n  <img decoding=\"async\" src=\"https:\/\/www.meydan.tv\/az\/94754\/\" alt=\"\" class=\"wp-image-94754\"\/><figcaption>\n    Siyavu\u015f Novruzov<br \/>\n  <\/figcaption><\/figure>\n<p>\n  \u201cOrdu n\u0259z\u0259riyy\u0259 deyil, praktikad\u0131r. B\u0259z\u0259n \u00f6z\u00fcm\u00fcz\u00fc AB\u015e-la m\u00fcqayis\u0259 edirik. Lakin orada sistem tamamil\u0259 f\u0259rqlidir. Ali Ba\u015f Komandan\u0131n tap\u015f\u0131r\u0131\u011f\u0131 budur ki, \u0259sg\u0259r yem\u0259k bi\u015firm\u0259m\u0259li, d\u00f6\u015f\u0259m\u0259 yumamal\u0131, d\u00f6y\u00fc\u015f\u0259 haz\u0131r olmal\u0131, taktikan\u0131 \u00f6yr\u0259nm\u0259lidir. Bunun \u00fc\u00e7\u00fcn dig\u0259r i\u015fl\u0259r\u0259 ba\u015fqa \u015f\u0259xsl\u0259r c\u0259lb olunur. Silah n\u00f6vl\u0259ri m\u00fct\u0259madi d\u0259yi\u015fir, m\u00fcasirl\u0259\u015fir. Orta m\u0259kt\u0259bi bitir\u0259n \u015f\u0259xsi yeni silahlar\u0131n idar\u0259 edilm\u0259sin\u0259 c\u0259lb etm\u0259k m\u00fcmk\u00fcn deyil. Bunun \u00fc\u00e7\u00fcn m\u00fct\u0259x\u0259ssisl\u0259r m\u00fcqavil\u0259 \u0259sas\u0131nda orduya c\u0259lb olunur. Lakin el\u0259 \u00f6lk\u0259l\u0259r var ki, orada \u0259sg\u0259rl\u0259r d\u0259 m\u00fcqavil\u0259 \u0259sas\u0131nda xidm\u0259t edir. Bel\u0259 olan halda, onlara n\u0259zar\u0259t edil\u0259 bil\u0259r. \u00c7\u00fcnki ordu h\u0259min \u015f\u0259xsl\u0259r \u00fc\u00e7\u00fcn i\u015f yeridir, qulluq yeri deyil. Onlar\u0131n reabilitasiyas\u0131 v\u0259 dig\u0259r m\u0259s\u0259l\u0259l\u0259r \u00fc\u00e7\u00fcn QHT-l\u0259ri c\u0259lb etm\u0259k laz\u0131md\u0131r. Lakin h\u0259qiqi h\u0259rbi xidm\u0259t\u0259 \u00e7a\u011f\u0131r\u0131lan \u015f\u0259xsl\u0259r\u0259 ictimai n\u0259zar\u0259t laz\u0131m deyil. \u00dcmumiyy\u0259tl\u0259, ordu c\u0259miyy\u0259t\u0259 qapal\u0131 olmal\u0131d\u0131r ki, i\u015finin \u00f6hd\u0259sind\u0259n g\u0259l\u0259 bilsin\u201d.\n<\/p>\n<blockquote><p>\n  Ordunun ba\u015f\u0131nda pe\u015f\u0259kar h\u0259rb\u00e7i dayanmal\u0131d\u0131r\n<\/p><\/blockquote>\n<p>\n  S. Novruzov m\u00fcdafi\u0259 naziri v\u0259zif\u0259sin\u0259 m\u00fclki \u015f\u0259xsin t\u0259yin edilm\u0259si bar\u0259d\u0259 t\u0259klifl\u0259r\u0259 d\u0259 m\u00fcnasib\u0259tini bildirib. Deyib ki, m\u00fcharib\u0259 \u015f\u0259raitind\u0259 olan \u00f6lk\u0259nin m\u00fcdafi\u0259 naziri pe\u015f\u0259kar h\u0259rbi\u00e7i olmal\u0131d\u0131r:\n<\/p>\n<p>\n  \u201cBir d\u0259f\u0259 riyaziyyat\u00e7\u0131n\u0131 m\u00fcdafi\u0259 naziri qoydular, n\u0259 ba\u015f verdiyini g\u00f6rd\u00fck. \u00d6lk\u0259nin ba\u015f\u0131na oyun a\u00e7d\u0131. Bu bax\u0131mdan d\u00fc\u015f\u00fcn\u00fcr\u0259m ki, ordunun ba\u015f\u0131nda pe\u015f\u0259kar h\u0259rb\u00e7i dayanmal\u0131d\u0131r. \u00c7\u00fcnki \u00f6lk\u0259miz m\u00fcharib\u0259 \u015f\u0259raitind\u0259dir. B\u0259zi \u00f6lk\u0259l\u0259rd\u0259 m\u00fcdafi\u0259 nazirinin m\u00fclki \u015f\u0259xs olmas\u0131 bizd\u0259 d\u0259 bel\u0259 fikirl\u0259rin yaranmas\u0131na s\u0259b\u0259b olub. Lakin m\u00fcharib\u0259 \u015f\u0259raitind\u0259 olan \u00f6lk\u0259nin qanununda bel\u0259 m\u00fcdd\u0259alara yer verm\u0259k m\u00fcmk\u00fcn deyil. Ordunun sirl\u0259ri qapal\u0131 olmal\u0131, m\u0259tbuat M\u00fcdafi\u0259 Nazirliyinin yayd\u0131\u011f\u0131 m\u0259lumatdan k\u0259nara \u00e7\u0131xmamal\u0131ld\u0131r\u201d.\n<\/p>\n<blockquote><p>\n  Daxild\u0259ki hans\u0131sa m\u0259s\u0259l\u0259l\u0259rl\u0259 Daxili Qo\u015funlar m\u0259\u015f\u011ful olacaq, ordu yox\n<\/p><\/blockquote>\n<p>\n  Deputat Zahid Oruc is\u0259 bildirib ki, qanun layih\u0259sind\u0259 \u201cAz\u0259rbaycan Silahl\u0131 Q\u00fcvv\u0259l\u0259ri \u00f6lk\u0259d\u0259 daxili siyasi sabitliyin, Konstitusiya qurulu\u015funun, ictimai asayi\u015fin qorunmas\u0131 v\u0259 ictimai t\u0259hl\u00fck\u0259sizliyin t\u0259min edilm\u0259sind\u0259 i\u015ftirak edir\u201d &#8211; m\u00fcdd\u0259as\u0131 b\u0259zi media orqanlar\u0131 t\u0259r\u0259find\u0259n yanl\u0131\u015f t\u0259qdimatla verilib. O qeyd edib ki, bu s\u0259lahiyy\u0259t yaln\u0131z Daxili Qo\u015funlara aid olsa da, m\u0259tbuatda ordunun m\u00fcdaxil\u0259si kimi yaz\u0131lar yer al\u0131b.\n<\/p>\n<figure class=\"wp-block-image size-large\">\n  <img decoding=\"async\" src=\"https:\/\/www.meydan.tv\/az\/96731\/\" alt=\"\" class=\"wp-image-96731\"\/><figcaption>\n    Zahid Oruc<br \/>\n  <\/figcaption><\/figure>\n<p>\n  Birinci vitse-spiker, M\u00fcdafi\u0259, t\u0259hl\u00fck\u0259sizlik v\u0259 korrupsiya il\u0259 m\u00fcbariz\u0259 komit\u0259sinin s\u0259dri Ziyaf\u0259t \u018fsg\u0259rov da bu m\u0259s\u0259l\u0259y\u0259 m\u00fcnasib\u0259t bildirib:\n<\/p>\n<p>\n  \u201cAz\u0259rbaycan ordusu d\u00fcnyan\u0131n \u0259n demokratik ordular\u0131ndand\u0131r. \u201cAz\u0259rbaycan Respublikas\u0131n\u0131n Silahl\u0131 Q\u00fcvv\u0259l\u0259ri haqq\u0131nda\u201d qanun layih\u0259sind\u0259 ordunun siyasi prosesl\u0259r\u0259 m\u00fcdaxil\u0259 imkanlar\u0131n\u0131n olaca\u011f\u0131n\u0131 \u0259ks etdir\u0259n m\u00fcdd\u0259a bar\u0259d\u0259 fikirl\u0259r d\u0259 d\u00fcz deyil. Silahl\u0131 Q\u00fcvv\u0259l\u0259r t\u0259kc\u0259 ordudan ibar\u0259t deyil. Ordunun daxili siyas\u0259t\u0259 aidiyy\u0259ti yoxdur. Daxild\u0259ki hans\u0131sa m\u0259s\u0259l\u0259l\u0259rl\u0259 Daxili Qo\u015funlar m\u0259\u015f\u011ful olacaq, ordu yox\u201d.\n<\/p>\n<p>\n  O bildirib ki, jurnalistl\u0259r b\u0259z\u0259n bu m\u0259s\u0259l\u0259l\u0259ri c\u0259miyy\u0259t\u0259 yanl\u0131\u015f t\u0259qdim edirl\u0259r:\n<\/p>\n<p>\n  \u201cE\u015fitdiniz, h\u00f6rm\u0259tli jurnalistl\u0259r? N\u0259 var, onu yaz\u0131n!\u201d.\n<\/p>\n<blockquote><p>\n  AB\u015e kimi gedin, i\u015finizl\u0259 m\u0259\u015f\u011ful olun, biz m\u00fcharib\u0259 apar\u0131r\u0131q \u2013 dey\u0259k?\n<\/p><\/blockquote>\n<p>\n  Vitse-spiker m\u0259tbuat\u0131n v\u0259 QHT-l\u0259rin Silahl\u0131 Q\u00fcvv\u0259l\u0259r \u00fcz\u0259rind\u0259 n\u0259zar\u0259tin\u0259, m\u0259hdudiyy\u0259tin aradan qald\u0131r\u0131lmas\u0131na edil\u0259n etirazlara da m\u00fcnasib\u0259t bildirib.\n<\/p>\n<p>\n  O bildirib ki, m\u0259tbuat\u0131n ordudan yazmas\u0131na M\u00fcdafi\u0259 Nazirliyinin m\u0259tbuat xidm\u0259ti vasit\u0259si il\u0259 laz\u0131m\u0131 \u015f\u0259rait yarad\u0131l\u0131r v\u0259 bundan art\u0131\u011f\u0131n\u0131 etm\u0259k d\u00fczg\u00fcn deyil.\n<\/p>\n<p>\n  O, AB\u015e-\u0131n \u0130raqdak\u0131 \u0259m\u0259liyyatlar\u0131 zaman\u0131 yaranm\u0131\u015f v\u0259ziyy\u0259ti n\u00fcmun\u0259 g\u0259tirib:\n<\/p>\n<figure class=\"wp-block-image size-large\">\n  <img decoding=\"async\" src=\"https:\/\/www.meydan.tv\/az\/63895\/\" alt=\"\" class=\"wp-image-63895\"\/><figcaption>\n    Ziyaf\u0259t \u018fsg\u0259rov<br \/>\n  <\/figcaption><\/figure>\n<p>\n  \u201cAB\u015e-\u0131n \u0130raqda m\u00fcharib\u0259 zaman\u0131 etdiyi kimi, biz d\u0259 dey\u0259k ki, \u00fcmumiyy\u0259tl\u0259, ordudan yazmaq laz\u0131m deyil? Bel\u0259 ed\u0259k ist\u0259yirsiniz? \u0130ndi AB\u015e kimi \u201cgedin, i\u015finizl\u0259 m\u0259\u015f\u011ful olun, biz m\u00fcharib\u0259 apar\u0131r\u0131q \u2013 dey\u0259k?\u201d\n<\/p>\n<blockquote><p>\n  S\u0259n\u0259dl\u0259\u015fm\u0259 zaman\u0131 DTX v\u0259 D\u0130N-d\u0259n x\u00fcsusi aray\u0131\u015f\u0131n al\u0131nmas\u0131 laz\u0131md\u0131r\n<\/p><\/blockquote>\n<p>\n  Deputat Azay Quliyev qanun layih\u0259sind\u0259 Silahl\u0131 Q\u00fcvv\u0259l\u0259rd\u0259 siyasi partiyalar\u0131n, qeyri-h\u00f6kum\u0259t t\u0259\u015fkilatlar\u0131n\u0131n v\u0259 dini qurumlar\u0131n yarad\u0131lmas\u0131 v\u0259 f\u0259aliyy\u0259tinin qada\u011fan edilm\u0259sini normal m\u00fcdd\u0259a adland\u0131r\u0131b. O bildirib ki, bununla ba\u011fl\u0131 \u0259vv\u0259lki qanunda da x\u00fcsusi bir m\u00fcd\u0259a vard\u0131 v\u0259 bu, d\u00fcnya praktikas\u0131na uy\u011fundur.\n<\/p>\n<p>\n  Deputat Naqif H\u0259mz\u0259yev Silahl\u0131 Q\u00fcvv\u0259l\u0259rd\u0259 m\u00fcdd\u0259td\u0259n art\u0131q xidm\u0259t\u0259 g\u00f6t\u00fcr\u00fcl\u0259nl\u0259rl\u0259 ba\u011fl\u0131 x\u00fcsusi n\u0259zar\u0259tin t\u0259tbiq edilm\u0259sini t\u0259klif edib. O bildirib ki, m\u00fcdd\u0259td\u0259n art\u0131q xidm\u0259t\u0259 g\u00f6t\u00fcr\u00fcl\u0259nl\u0259 ba\u011fl\u0131 s\u0259n\u0259dl\u0259\u015fm\u0259 zaman\u0131 D\u00f6vl\u0259t T\u0259hl\u00fck\u0259sizlik Xidm\u0259ti v\u0259 Daxili \u0130\u015fl\u0259r Nazirliyinin yerl\u0259rd\u0259ki b\u00f6lm\u0259l\u0259rind\u0259n x\u00fcsusi aray\u0131\u015f\u0131n al\u0131nmas\u0131 laz\u0131md\u0131r. Deputat x\u00fcsusil\u0259 son vaxtlar h\u0259rbi sirl\u0259 ba\u011fl\u0131 orduda b\u0259zi probleml\u0259rin olmas\u0131ndan sonra bu m\u0259s\u0259l\u0259nin daha vacib oldu\u011funu da vur\u011fulay\u0131b:\n<\/p>\n<p>\n  \u201cSonradan m\u00fcdd\u0259td\u0259n art\u0131q h\u0259rbi xidm\u0259t\u0259 g\u00f6t\u00fcr\u00fcl\u0259n zaman t\u0259hl\u00fck\u0259sizlik xidm\u0259tinin v\u0259 yerli polisin d\u0259st\u0259yind\u0259n istifad\u0259 etm\u0259k laz\u0131md\u0131r. H\u0259m\u00e7inin h\u0259rbi hiss\u0259l\u0259rd\u0259 i\u015f\u0259 g\u00f6t\u00fcr\u00fcl\u0259n m\u00fclki i\u015f\u00e7il\u0259rin d\u0259 eyni yoxlan\u0131\u015fdan ke\u00e7m\u0259si z\u0259ruridir v\u0259 bu m\u0259s\u0259l\u0259l\u0259rin layih\u0259d\u0259 \u0259ks olunmas\u0131n\u0131 t\u0259klif edir\u0259m\u201d.\n<\/p>\n<blockquote><p>\n  Neqativ hallar\u0131 d\u00fc\u015fm\u0259n t\u0259bli\u011fat\u0131nda istifad\u0259 edir\n<\/p><\/blockquote>\n<p>\n  \u0130clasda i\u015ftirak ed\u0259n m\u00fcdafi\u0259 nazirinin m\u00fcavini, general-leytenant K\u0259rim V\u0259liyev deputata cavab olaraq deyib ki, orduda m\u00fcdd\u0259td\u0259n art\u0131q h\u0259rbi xidm\u0259t\u0259 g\u00f6t\u00fcr\u00fcl\u0259nl\u0259rl\u0259 ba\u011fl\u0131 m\u0259s\u0259l\u0259 diqq\u0259td\u0259 saxlan\u0131l\u0131r v\u0259 onlar i\u015f\u0259 g\u00f6t\u00fcr\u00fcl\u0259n zaman x\u00fcsusi xidm\u0259t orqanlar\u0131 t\u0259r\u0259find\u0259n yoxlan\u0131l\u0131r:\n<\/p>\n<p>\n  \u201cBu m\u0259s\u0259l\u0259y\u0259 bundan sonra daha \u00e7ox diqq\u0259t yetiril\u0259c\u0259k\u201d.\n<\/p>\n<figure class=\"wp-block-image size-large\">\n  <img decoding=\"async\" src=\"https:\/\/www.meydan.tv\/az\/96815\/\" alt=\"\" class=\"wp-image-96815\"\/><figcaption>\n    K\u0259rim V\u0259liyev<br \/>\n  <\/figcaption><\/figure>\n<p>\n  O, \u00f6t\u0259n iclasda m\u00fczakir\u0259l\u0259r zaman\u0131 deputat Q\u00fcdr\u0259t H\u0259s\u0259nquliyevin c\u0259bh\u0259 b\u00f6lg\u0259sind\u0259 h\u0259rbi hiss\u0259l\u0259rin birind\u0259 ba\u015f ver\u0259n \u00f6zba\u015f\u0131nal\u0131qla ba\u011fl\u0131 dedikl\u0259rin\u0259 d\u0259 m\u00fcnasib\u0259t bildirib.\n<\/p>\n<p>\n  \u201cQ\u00fcdr\u0259t H\u0259s\u0259nquliyev \u00f6t\u0259n iclasda orduya ictimai n\u0259zar\u0259tin vacibliyind\u0259n dan\u0131\u015faraq qeyd etmi\u015fdi ki, b\u0259z\u0259n zabitl\u0259rin \u0259sg\u0259rl\u0259r\u0259 qar\u015f\u0131 nizamnam\u0259d\u0259n k\u0259nar davran\u0131\u015f\u0131, qanunsuz \u0259m\u0259ll\u0259ri il\u0259 ba\u011fl\u0131 m\u0259lumatlar \u0259ld\u0259 edirik. M\u0259s\u0259l\u0259n, b\u0259z\u0259n biz\u0259 m\u0259lumatlar \u00e7at\u0131r ki, zabitl\u0259r \u0259sg\u0259rl\u0259r\u0259 c\u0259za verm\u0259k \u00fc\u00e7\u00fcn onlar\u0131 soyuq havada, ayaqyal\u0131n qar\u0131n \u00fcz\u0259rind\u0259 saxlay\u0131rlar v\u0259 dig\u0259r qanunsuz \u0259m\u0259ll\u0259r t\u00f6r\u0259dirl\u0259r. Bu bar\u0259d\u0259 m\u0259lumat medaiada getdikd\u0259n sonra d\u0259rhal Q\u00fcdr\u0259t H\u0259s\u0259nquliyevl\u0259 \u0259laq\u0259 saxlad\u0131q. O, bu c\u00fcr m\u0259lumat\u0131n getm\u0259sin\u0259 t\u0259\u0259cc\u00fcb etdi. Bildirdi ki, h\u0259rbi hiss\u0259 il\u0259 ba\u011fl\u0131 dediyi fikirl\u0259r bir m\u00fcdd\u0259t \u0259vv\u0259l kimd\u0259ns\u0259 e\u015fitdiyi s\u00f6zl\u0259rdir. H\u00f6rm\u0259tli deputatlar v\u0259 media n\u00fcmay\u0259nd\u0259l\u0259ri bu m\u0259s\u0259l\u0259d\u0259 diqq\u0259tli olmal\u0131d\u0131rlar. Bu, h\u0259ssas m\u0259s\u0259l\u0259dir. M\u00fcharib\u0259 \u015f\u0259raitind\u0259yik. H\u0259r neqativ haldan d\u00fc\u015fm\u0259n t\u0259bli\u011fat\u0131nda biz\u0259 qar\u015f\u0131 i\u015fl\u0259nilir. Bizd\u0259 ictimai n\u0259zar\u0259t d\u0259 var. Bir s\u0131ra \u015f\u0259xsl\u0259r, deputatlar g\u0259lib ordudak\u0131 \u015f\u0259raitl\u0259 tan\u0131\u015f olurlar. Kim m\u00fcraci\u0259t edirs\u0259, onu q\u0259bul etm\u0259y\u0259 haz\u0131r\u0131q. 50-d\u0259n \u00e7ox akkredit\u0259 olunmu\u015f jurnalist var. Laz\u0131m olanda onlar \u00f6n c\u0259bh\u0259d\u0259 \u00e7\u0259kili\u015f edirl\u0259r. Ombudsman Aparat\u0131, Ba\u015f Prokurorluq da Silahl\u0131 Q\u00fcvv\u0259l\u0259r\u0259 n\u0259zar\u0259t edir\u201d, &#8211; dey\u0259 K. V\u0259liyev bildirib.\n<\/p>\n<blockquote><p>\n  B\u0259z\u0259n jurnalistl\u0259r m\u0259s\u0259l\u0259ni kontekstd\u0259n \u00e7\u0131xar\u0131b yay\u0131rlar\n<\/p><\/blockquote>\n<p>\n  Generala reaksiya ver\u0259n spiker Oqtay \u018fs\u0259dov onu narahat olmama\u011fa \u00e7a\u011f\u0131r\u0131b:\n<\/p>\n<p>\n  \u201cC\u0259nab general, unutmaq laz\u0131m deyil ki, burada t\u0259nqidi fikir s\u0259sl\u0259ndir\u0259n h\u0259r deputat Az\u0259rbaycan Ordusundak\u0131 h\u0259r m\u0259s\u0259l\u0259y\u0259 g\u00f6r\u0259 \u00f6z\u00fcn\u00fc m\u0259suliyy\u0259tli say\u0131r, cavabdeh hesab edir. D\u00fczd\u00fcr, Milli M\u0259clisd\u0259 \u00e7\u0131x\u0131\u015flar var. \u0130ndi Q\u00fcdr\u0259t m\u00fc\u0259llimin \u00e7\u0131x\u0131\u015f\u0131n\u0131 ara\u015fd\u0131raq. B\u0259z\u0259n jurnalistl\u0259r m\u0259s\u0259l\u0259ni kontekstd\u0259n \u00e7\u0131xar\u0131b yay\u0131rlar. T\u0259nqid h\u0259mi\u015f\u0259 olur\u201d.\n<\/p>\n<figure class=\"wp-block-image size-large\">\n  <img decoding=\"async\" src=\"https:\/\/www.meydan.tv\/az\/54771\/\" alt=\"\" class=\"wp-image-54771\"\/><figcaption>\n    Oqtay \u018fs\u0259dov<br \/>\n  <\/figcaption><\/figure>\n<p>\n  Qanun layih\u0259si ikinci oxunu\u015fda s\u0259s\u0259 qoyularaq q\u0259bul edilib.\n<\/p>\n<p>\n  Silahl\u0131 Q\u00fcvv\u0259l\u0259rin f\u0259aliyy\u0259ti il\u0259 ba\u011fl\u0131 h\u00fcquqi t\u0259nziml\u0259m\u0259ni m\u00fc\u0259yy\u0259n ed\u0259n \u201cAz\u0259rbaycan Respublikas\u0131n\u0131n Silahl\u0131 Q\u00fcvv\u0259l\u0259ri haqq\u0131nda\u201d yeni qanun layih\u0259si Konstitusiyaya edilmi\u015f son d\u0259yi\u015fiklikl\u0259rd\u0259n ir\u0259li g\u0259l\u0259r\u0259k haz\u0131rlan\u0131b. Yeni s\u0259n\u0259dd\u0259 Silahl\u0131 Q\u00fcvv\u0259l\u0259rin anlay\u0131\u015f\u0131 d\u0259qiql\u0259\u015fdirilib v\u0259 Silahl\u0131 Q\u00fcvv\u0259l\u0259rin Az\u0259rbaycan Ordusundan v\u0259 ba\u015fqa silahl\u0131 birl\u0259\u015fm\u0259l\u0259rd\u0259n ibar\u0259t oldu\u011fu qeyd olunub.\n<\/p>\n<p>\n  Qanun layih\u0259si Az\u0259rbaycan Respublikas\u0131 Silahl\u0131 Q\u00fcvv\u0259l\u0259rinin t\u0259yinat\u0131, idar\u0259 olunmas\u0131 v\u0259 h\u0259rbi quruculu\u011fu m\u0259s\u0259l\u0259l\u0259rini t\u0259nziml\u0259yir, habel\u0259 Silahl\u0131 Q\u00fcvv\u0259l\u0259rin \u0259sas v\u0259zif\u0259l\u0259rini v\u0259 f\u0259aliyy\u0259tinin h\u00fcquqi \u0259saslar\u0131n\u0131 m\u00fc\u0259yy\u0259n edir.\n<\/p>\n<p>\n  Layih\u0259d\u0259 ba\u015fqa silahl\u0131 birl\u0259\u015fm\u0259l\u0259rin d\u0259qiq siyah\u0131s\u0131n\u0131n Az\u0259rbaycan prezidenti t\u0259r\u0259find\u0259n t\u0259sdiq edil\u0259c\u0259yi m\u00fc\u0259yy\u0259n olunur, Silahl\u0131 Q\u00fcvv\u0259l\u0259rin t\u0259yinat\u0131 v\u0259 \u0259sas v\u0259zif\u0259l\u0259ri konkret olaraq sadalan\u0131r, Silahl\u0131 Q\u00fcvv\u0259l\u0259rin t\u0259rkib hiss\u0259si olan qurumlar\u0131n qar\u015f\u0131l\u0131ql\u0131 f\u0259aliyy\u0259tinin, Silahl\u0131 Q\u00fcvv\u0259l\u0259rin idar\u0259 edilm\u0259si v\u0259 maliyy\u0259, maddi-texniki t\u0259minat\u0131n\u0131n, h\u0259m\u00e7inin, Silahl\u0131 Q\u00fcvv\u0259l\u0259rin \u015f\u0259xsi hey\u0259tinin m\u0259suliyy\u0259tinin h\u00fcquqi \u0259saslar\u0131 m\u00fc\u0259yy\u0259n edilir, Silahl\u0131 Q\u00fcvv\u0259l\u0259rin f\u0259aliyy\u0259tin\u0259 n\u0259zar\u0259tl\u0259 ba\u011fl\u0131 m\u0259s\u0259l\u0259l\u0259r t\u0259nziml\u0259nir.<\/p>\n","protected":false},"excerpt":{"rendered":"<p>&#8221;Az\u0259rbaycan Respublikas\u0131n\u0131n Silahl\u0131 Q\u00fcvv\u0259l\u0259ri haqq\u0131nda&#8221; qanun layih\u0259si q\u0259bul edildi<\/p>\n","protected":false},"author":11,"featured_media":95372,"comment_status":"closed","ping_status":"open","sticky":false,"template":"","format":"standard","meta":{"_acf_changed":false,"_sitemap_exclude":false,"_sitemap_priority":"","_sitemap_frequency":"","footnotes":""},"categories":[56],"tags":[],"class_list":["post-187879","post","type-post","status-publish","format-standard","has-post-thumbnail","hentry","category-xeberler","infinite-scroll-item","generate-columns","tablet-grid-50","mobile-grid-100","grid-parent","grid-33","no-featured-image-padding"],"acf":[],"yoast_head":"<!-- This site is optimized with the Yoast SEO plugin v27.4 - https:\/\/yoast.com\/product\/yoast-seo-wordpress\/ -->\n<title>&#039;&#039;Riyaziyyat\u00e7\u0131n\u0131 m\u00fcdafi\u0259 naziri qoydular, ba\u015f\u0131m\u0131za oyun a\u00e7d\u0131&#039;&#039; - MEYDAN.TV<\/title>\n<meta name=\"robots\" content=\"index, follow, max-snippet:-1, max-image-preview:large, max-video-preview:-1\" \/>\n<link rel=\"canonical\" href=\"https:\/\/www.meydan.tv\/az\/article\/riyaziyyatcini-mudafie-naziri-qoydular-basimiza-oyun-acdi\/\" \/>\n<meta property=\"og:locale\" content=\"az_AZ\" \/>\n<meta property=\"og:type\" content=\"article\" \/>\n<meta property=\"og:title\" content=\"&#039;&#039;Riyaziyyat\u00e7\u0131n\u0131 m\u00fcdafi\u0259 naziri qoydular, ba\u015f\u0131m\u0131za oyun a\u00e7d\u0131&#039;&#039; - MEYDAN.TV\" \/>\n<meta property=\"og:description\" content=\"&#039;&#039;Az\u0259rbaycan Respublikas\u0131n\u0131n Silahl\u0131 Q\u00fcvv\u0259l\u0259ri haqq\u0131nda&#039;&#039; qanun layih\u0259si q\u0259bul edildi\" \/>\n<meta property=\"og:url\" content=\"https:\/\/www.meydan.tv\/az\/article\/riyaziyyatcini-mudafie-naziri-qoydular-basimiza-oyun-acdi\/\" \/>\n<meta property=\"og:site_name\" content=\"MEYDAN.TV\" \/>\n<meta property=\"article:published_time\" content=\"2017-12-15T19:25:38+00:00\" \/>\n<meta property=\"og:image\" content=\"https:\/\/www.meydan.tv\/wp-content\/uploads\/37682.jpg\" \/>\n\t<meta property=\"og:image:width\" content=\"1000\" \/>\n\t<meta property=\"og:image:height\" content=\"541\" \/>\n\t<meta property=\"og:image:type\" content=\"image\/jpeg\" \/>\n<meta name=\"author\" content=\"user-manager\" \/>\n<meta name=\"twitter:card\" content=\"summary_large_image\" \/>\n<script type=\"application\/ld+json\" class=\"yoast-schema-graph\">{\"@context\":\"https:\\\/\\\/schema.org\",\"@graph\":[{\"@type\":\"Article\",\"@id\":\"https:\\\/\\\/www.meydan.tv\\\/az\\\/article\\\/riyaziyyatcini-mudafie-naziri-qoydular-basimiza-oyun-acdi\\\/#article\",\"isPartOf\":{\"@id\":\"https:\\\/\\\/www.meydan.tv\\\/az\\\/article\\\/riyaziyyatcini-mudafie-naziri-qoydular-basimiza-oyun-acdi\\\/\"},\"author\":{\"name\":\"user-manager\",\"@id\":\"https:\\\/\\\/www.meydan.tv\\\/az\\\/#\\\/schema\\\/person\\\/10d11eccf6da3662cf5fdab9806ea91a\"},\"headline\":\"&#8221;Riyaziyyat\u00e7\u0131n\u0131 m\u00fcdafi\u0259 naziri qoydular, ba\u015f\u0131m\u0131za oyun a\u00e7d\u0131&#8221;\",\"datePublished\":\"2017-12-15T19:25:38+00:00\",\"mainEntityOfPage\":{\"@id\":\"https:\\\/\\\/www.meydan.tv\\\/az\\\/article\\\/riyaziyyatcini-mudafie-naziri-qoydular-basimiza-oyun-acdi\\\/\"},\"wordCount\":2700,\"publisher\":{\"@id\":\"https:\\\/\\\/www.meydan.tv\\\/az\\\/#organization\"},\"image\":{\"@id\":\"https:\\\/\\\/www.meydan.tv\\\/az\\\/article\\\/riyaziyyatcini-mudafie-naziri-qoydular-basimiza-oyun-acdi\\\/#primaryimage\"},\"thumbnailUrl\":\"https:\\\/\\\/www.meydan.tv\\\/wp-content\\\/uploads\\\/37682.jpg\",\"articleSection\":[\"X\u0259b\u0259rl\u0259r\"],\"inLanguage\":\"az\"},{\"@type\":\"WebPage\",\"@id\":\"https:\\\/\\\/www.meydan.tv\\\/az\\\/article\\\/riyaziyyatcini-mudafie-naziri-qoydular-basimiza-oyun-acdi\\\/\",\"url\":\"https:\\\/\\\/www.meydan.tv\\\/az\\\/article\\\/riyaziyyatcini-mudafie-naziri-qoydular-basimiza-oyun-acdi\\\/\",\"name\":\"''Riyaziyyat\u00e7\u0131n\u0131 m\u00fcdafi\u0259 naziri qoydular, ba\u015f\u0131m\u0131za oyun a\u00e7d\u0131'' - MEYDAN.TV\",\"isPartOf\":{\"@id\":\"https:\\\/\\\/www.meydan.tv\\\/az\\\/#website\"},\"primaryImageOfPage\":{\"@id\":\"https:\\\/\\\/www.meydan.tv\\\/az\\\/article\\\/riyaziyyatcini-mudafie-naziri-qoydular-basimiza-oyun-acdi\\\/#primaryimage\"},\"image\":{\"@id\":\"https:\\\/\\\/www.meydan.tv\\\/az\\\/article\\\/riyaziyyatcini-mudafie-naziri-qoydular-basimiza-oyun-acdi\\\/#primaryimage\"},\"thumbnailUrl\":\"https:\\\/\\\/www.meydan.tv\\\/wp-content\\\/uploads\\\/37682.jpg\",\"datePublished\":\"2017-12-15T19:25:38+00:00\",\"breadcrumb\":{\"@id\":\"https:\\\/\\\/www.meydan.tv\\\/az\\\/article\\\/riyaziyyatcini-mudafie-naziri-qoydular-basimiza-oyun-acdi\\\/#breadcrumb\"},\"inLanguage\":\"az\",\"potentialAction\":[{\"@type\":\"ReadAction\",\"target\":[\"https:\\\/\\\/www.meydan.tv\\\/az\\\/article\\\/riyaziyyatcini-mudafie-naziri-qoydular-basimiza-oyun-acdi\\\/\"]}]},{\"@type\":\"ImageObject\",\"inLanguage\":\"az\",\"@id\":\"https:\\\/\\\/www.meydan.tv\\\/az\\\/article\\\/riyaziyyatcini-mudafie-naziri-qoydular-basimiza-oyun-acdi\\\/#primaryimage\",\"url\":\"https:\\\/\\\/www.meydan.tv\\\/wp-content\\\/uploads\\\/37682.jpg\",\"contentUrl\":\"https:\\\/\\\/www.meydan.tv\\\/wp-content\\\/uploads\\\/37682.jpg\",\"width\":1000,\"height\":541,\"caption\":\"Milli M\u0259clis\"},{\"@type\":\"BreadcrumbList\",\"@id\":\"https:\\\/\\\/www.meydan.tv\\\/az\\\/article\\\/riyaziyyatcini-mudafie-naziri-qoydular-basimiza-oyun-acdi\\\/#breadcrumb\",\"itemListElement\":[{\"@type\":\"ListItem\",\"position\":1,\"name\":\"Ana s\u0259hif\u0259\",\"item\":\"https:\\\/\\\/www.meydan.tv\\\/az\\\/\"},{\"@type\":\"ListItem\",\"position\":2,\"name\":\"X\u0259b\u0259rl\u0259r\",\"item\":\"https:\\\/\\\/www.meydan.tv\\\/az\\\/section\\\/xeberler\\\/\"},{\"@type\":\"ListItem\",\"position\":3,\"name\":\"&#8221;Riyaziyyat\u00e7\u0131n\u0131 m\u00fcdafi\u0259 naziri qoydular, ba\u015f\u0131m\u0131za oyun a\u00e7d\u0131&#8221;\"}]},{\"@type\":\"WebSite\",\"@id\":\"https:\\\/\\\/www.meydan.tv\\\/az\\\/#website\",\"url\":\"https:\\\/\\\/www.meydan.tv\\\/az\\\/\",\"name\":\"MEYDAN.TV\",\"description\":\"Meydan TV Az\u0259rbaycan\u0131n media m\u0259kan\u0131ndak\u0131 alternativ s\u0259sidir\",\"publisher\":{\"@id\":\"https:\\\/\\\/www.meydan.tv\\\/az\\\/#organization\"},\"potentialAction\":[{\"@type\":\"SearchAction\",\"target\":{\"@type\":\"EntryPoint\",\"urlTemplate\":\"https:\\\/\\\/www.meydan.tv\\\/az\\\/?s={search_term_string}\"},\"query-input\":{\"@type\":\"PropertyValueSpecification\",\"valueRequired\":true,\"valueName\":\"search_term_string\"}}],\"inLanguage\":\"az\"},{\"@type\":\"Organization\",\"@id\":\"https:\\\/\\\/www.meydan.tv\\\/az\\\/#organization\",\"name\":\"Meydan TV\",\"url\":\"https:\\\/\\\/www.meydan.tv\\\/az\\\/\",\"logo\":{\"@type\":\"ImageObject\",\"inLanguage\":\"az\",\"@id\":\"https:\\\/\\\/www.meydan.tv\\\/az\\\/#\\\/schema\\\/logo\\\/image\\\/\",\"url\":\"https:\\\/\\\/www.meydan.tv\\\/wp-content\\\/uploads\\\/2021\\\/07\\\/meydan-logo.svg\",\"contentUrl\":\"https:\\\/\\\/www.meydan.tv\\\/wp-content\\\/uploads\\\/2021\\\/07\\\/meydan-logo.svg\",\"width\":195,\"height\":46,\"caption\":\"Meydan TV\"},\"image\":{\"@id\":\"https:\\\/\\\/www.meydan.tv\\\/az\\\/#\\\/schema\\\/logo\\\/image\\\/\"}},{\"@type\":\"Person\",\"@id\":\"https:\\\/\\\/www.meydan.tv\\\/az\\\/#\\\/schema\\\/person\\\/10d11eccf6da3662cf5fdab9806ea91a\",\"name\":\"user-manager\"}]}<\/script>\n<!-- \/ Yoast SEO plugin. -->","yoast_head_json":{"title":"''Riyaziyyat\u00e7\u0131n\u0131 m\u00fcdafi\u0259 naziri qoydular, ba\u015f\u0131m\u0131za oyun a\u00e7d\u0131'' - MEYDAN.TV","robots":{"index":"index","follow":"follow","max-snippet":"max-snippet:-1","max-image-preview":"max-image-preview:large","max-video-preview":"max-video-preview:-1"},"canonical":"https:\/\/www.meydan.tv\/az\/article\/riyaziyyatcini-mudafie-naziri-qoydular-basimiza-oyun-acdi\/","og_locale":"az_AZ","og_type":"article","og_title":"''Riyaziyyat\u00e7\u0131n\u0131 m\u00fcdafi\u0259 naziri qoydular, ba\u015f\u0131m\u0131za oyun a\u00e7d\u0131'' - MEYDAN.TV","og_description":"''Az\u0259rbaycan Respublikas\u0131n\u0131n Silahl\u0131 Q\u00fcvv\u0259l\u0259ri haqq\u0131nda'' qanun layih\u0259si q\u0259bul edildi","og_url":"https:\/\/www.meydan.tv\/az\/article\/riyaziyyatcini-mudafie-naziri-qoydular-basimiza-oyun-acdi\/","og_site_name":"MEYDAN.TV","article_published_time":"2017-12-15T19:25:38+00:00","og_image":[{"width":1000,"height":541,"url":"https:\/\/www.meydan.tv\/wp-content\/uploads\/37682.jpg","type":"image\/jpeg"}],"author":"user-manager","twitter_card":"summary_large_image","schema":{"@context":"https:\/\/schema.org","@graph":[{"@type":"Article","@id":"https:\/\/www.meydan.tv\/az\/article\/riyaziyyatcini-mudafie-naziri-qoydular-basimiza-oyun-acdi\/#article","isPartOf":{"@id":"https:\/\/www.meydan.tv\/az\/article\/riyaziyyatcini-mudafie-naziri-qoydular-basimiza-oyun-acdi\/"},"author":{"name":"user-manager","@id":"https:\/\/www.meydan.tv\/az\/#\/schema\/person\/10d11eccf6da3662cf5fdab9806ea91a"},"headline":"&#8221;Riyaziyyat\u00e7\u0131n\u0131 m\u00fcdafi\u0259 naziri qoydular, ba\u015f\u0131m\u0131za oyun a\u00e7d\u0131&#8221;","datePublished":"2017-12-15T19:25:38+00:00","mainEntityOfPage":{"@id":"https:\/\/www.meydan.tv\/az\/article\/riyaziyyatcini-mudafie-naziri-qoydular-basimiza-oyun-acdi\/"},"wordCount":2700,"publisher":{"@id":"https:\/\/www.meydan.tv\/az\/#organization"},"image":{"@id":"https:\/\/www.meydan.tv\/az\/article\/riyaziyyatcini-mudafie-naziri-qoydular-basimiza-oyun-acdi\/#primaryimage"},"thumbnailUrl":"https:\/\/www.meydan.tv\/wp-content\/uploads\/37682.jpg","articleSection":["X\u0259b\u0259rl\u0259r"],"inLanguage":"az"},{"@type":"WebPage","@id":"https:\/\/www.meydan.tv\/az\/article\/riyaziyyatcini-mudafie-naziri-qoydular-basimiza-oyun-acdi\/","url":"https:\/\/www.meydan.tv\/az\/article\/riyaziyyatcini-mudafie-naziri-qoydular-basimiza-oyun-acdi\/","name":"''Riyaziyyat\u00e7\u0131n\u0131 m\u00fcdafi\u0259 naziri qoydular, ba\u015f\u0131m\u0131za oyun a\u00e7d\u0131'' - MEYDAN.TV","isPartOf":{"@id":"https:\/\/www.meydan.tv\/az\/#website"},"primaryImageOfPage":{"@id":"https:\/\/www.meydan.tv\/az\/article\/riyaziyyatcini-mudafie-naziri-qoydular-basimiza-oyun-acdi\/#primaryimage"},"image":{"@id":"https:\/\/www.meydan.tv\/az\/article\/riyaziyyatcini-mudafie-naziri-qoydular-basimiza-oyun-acdi\/#primaryimage"},"thumbnailUrl":"https:\/\/www.meydan.tv\/wp-content\/uploads\/37682.jpg","datePublished":"2017-12-15T19:25:38+00:00","breadcrumb":{"@id":"https:\/\/www.meydan.tv\/az\/article\/riyaziyyatcini-mudafie-naziri-qoydular-basimiza-oyun-acdi\/#breadcrumb"},"inLanguage":"az","potentialAction":[{"@type":"ReadAction","target":["https:\/\/www.meydan.tv\/az\/article\/riyaziyyatcini-mudafie-naziri-qoydular-basimiza-oyun-acdi\/"]}]},{"@type":"ImageObject","inLanguage":"az","@id":"https:\/\/www.meydan.tv\/az\/article\/riyaziyyatcini-mudafie-naziri-qoydular-basimiza-oyun-acdi\/#primaryimage","url":"https:\/\/www.meydan.tv\/wp-content\/uploads\/37682.jpg","contentUrl":"https:\/\/www.meydan.tv\/wp-content\/uploads\/37682.jpg","width":1000,"height":541,"caption":"Milli M\u0259clis"},{"@type":"BreadcrumbList","@id":"https:\/\/www.meydan.tv\/az\/article\/riyaziyyatcini-mudafie-naziri-qoydular-basimiza-oyun-acdi\/#breadcrumb","itemListElement":[{"@type":"ListItem","position":1,"name":"Ana s\u0259hif\u0259","item":"https:\/\/www.meydan.tv\/az\/"},{"@type":"ListItem","position":2,"name":"X\u0259b\u0259rl\u0259r","item":"https:\/\/www.meydan.tv\/az\/section\/xeberler\/"},{"@type":"ListItem","position":3,"name":"&#8221;Riyaziyyat\u00e7\u0131n\u0131 m\u00fcdafi\u0259 naziri qoydular, ba\u015f\u0131m\u0131za oyun a\u00e7d\u0131&#8221;"}]},{"@type":"WebSite","@id":"https:\/\/www.meydan.tv\/az\/#website","url":"https:\/\/www.meydan.tv\/az\/","name":"MEYDAN.TV","description":"Meydan TV Az\u0259rbaycan\u0131n media m\u0259kan\u0131ndak\u0131 alternativ s\u0259sidir","publisher":{"@id":"https:\/\/www.meydan.tv\/az\/#organization"},"potentialAction":[{"@type":"SearchAction","target":{"@type":"EntryPoint","urlTemplate":"https:\/\/www.meydan.tv\/az\/?s={search_term_string}"},"query-input":{"@type":"PropertyValueSpecification","valueRequired":true,"valueName":"search_term_string"}}],"inLanguage":"az"},{"@type":"Organization","@id":"https:\/\/www.meydan.tv\/az\/#organization","name":"Meydan TV","url":"https:\/\/www.meydan.tv\/az\/","logo":{"@type":"ImageObject","inLanguage":"az","@id":"https:\/\/www.meydan.tv\/az\/#\/schema\/logo\/image\/","url":"https:\/\/www.meydan.tv\/wp-content\/uploads\/2021\/07\/meydan-logo.svg","contentUrl":"https:\/\/www.meydan.tv\/wp-content\/uploads\/2021\/07\/meydan-logo.svg","width":195,"height":46,"caption":"Meydan TV"},"image":{"@id":"https:\/\/www.meydan.tv\/az\/#\/schema\/logo\/image\/"}},{"@type":"Person","@id":"https:\/\/www.meydan.tv\/az\/#\/schema\/person\/10d11eccf6da3662cf5fdab9806ea91a","name":"user-manager"}]}},"_links":{"self":[{"href":"https:\/\/www.meydan.tv\/az\/wp-json\/wp\/v2\/posts\/187879","targetHints":{"allow":["GET"]}}],"collection":[{"href":"https:\/\/www.meydan.tv\/az\/wp-json\/wp\/v2\/posts"}],"about":[{"href":"https:\/\/www.meydan.tv\/az\/wp-json\/wp\/v2\/types\/post"}],"author":[{"embeddable":true,"href":"https:\/\/www.meydan.tv\/az\/wp-json\/wp\/v2\/users\/11"}],"replies":[{"embeddable":true,"href":"https:\/\/www.meydan.tv\/az\/wp-json\/wp\/v2\/comments?post=187879"}],"version-history":[{"count":0,"href":"https:\/\/www.meydan.tv\/az\/wp-json\/wp\/v2\/posts\/187879\/revisions"}],"wp:featuredmedia":[{"embeddable":true,"href":"https:\/\/www.meydan.tv\/az\/wp-json\/wp\/v2\/media\/95372"}],"wp:attachment":[{"href":"https:\/\/www.meydan.tv\/az\/wp-json\/wp\/v2\/media?parent=187879"}],"wp:term":[{"taxonomy":"category","embeddable":true,"href":"https:\/\/www.meydan.tv\/az\/wp-json\/wp\/v2\/categories?post=187879"},{"taxonomy":"post_tag","embeddable":true,"href":"https:\/\/www.meydan.tv\/az\/wp-json\/wp\/v2\/tags?post=187879"}],"curies":[{"name":"wp","href":"https:\/\/api.w.org\/{rel}","templated":true}]}}