{"id":187861,"date":"2017-12-14T19:30:18","date_gmt":"2017-12-14T19:30:18","guid":{"rendered":"https:\/\/www.meydan.tv\/article\/erim-meni-doymekden-zovq-alirdi\/"},"modified":"2017-12-14T19:30:18","modified_gmt":"2017-12-14T19:30:18","slug":"erim-meni-doymekden-zovq-alirdi","status":"publish","type":"post","link":"https:\/\/www.meydan.tv\/az\/article\/erim-meni-doymekden-zovq-alirdi\/","title":{"rendered":"&#8221;\u018frim m\u0259ni d\u00f6ym\u0259kd\u0259n z\u00f6vq al\u0131rd\u0131&#8221;"},"content":{"rendered":"<figure class=\"wp-block-image size-large\">\n  <img decoding=\"async\" src=\"https:\/\/www.meydan.tv\/az\/96770\/\" alt=\"\" class=\"wp-image-96770\"\/><figcaption><\/figcaption><\/figure>\n<figure class=\"wp-block-image size-large\">\n  <img decoding=\"async\" src=\"https:\/\/www.meydan.tv\/az\/96770\/\" alt=\"\" class=\"wp-image-96770\"\/><figcaption><\/figcaption><\/figure>\n<p>\n  <i><br \/>\n    R\u0259smi: &#8221;T\u0259kc\u0259 2016-c\u0131 il \u0259rzind\u0259 \u00f6lk\u0259 \u00fczr\u0259 4114 m\u00fcnaqi\u015f\u0259li ail\u0259 qeydiyyata g\u00f6t\u00fcr\u00fcl\u00fcb&#8221;<br \/>\n  <\/i>\n<\/p>\n<p>\n  \u201cM\u0259kt\u0259bi bitirib sevdiyim adamla ail\u0259 qurdum. D\u00fczd\u00fcr, ail\u0259m naraz\u0131 idi, oxuma\u011f\u0131m\u0131 ist\u0259yirdil\u0259r. Ona g\u00f6r\u0259 el\u00e7il\u0259ri qap\u0131dan qaytard\u0131lar. M\u0259n d\u0259 qo\u015fulub qa\u00e7d\u0131m. \u0130ki \u00f6vlad\u0131m\u0131z oldu, ancaq normal g\u00fcn\u00fcm, h\u0259yat\u0131m olmad\u0131\u201d, &#8211; Zahid\u0259 \u018fliyeva (ad \u015f\u0259rtidir) bel\u0259 deyir.\n<\/p>\n<p>\n  Z.\u018fliyeva deyir ki, ail\u0259 qurandan sonra ata v\u0259 anas\u0131 ondan \u00fcz d\u00f6nd\u0259rib. Tamamil\u0259 t\u0259k qal\u0131b. Odur ki, g\u0259l\u0259c\u0259kd\u0259 qar\u015f\u0131la\u015fd\u0131\u011f\u0131 \u00e7\u0259tinlikl\u0259rin \u00f6hd\u0259sind\u0259n t\u0259kba\u015f\u0131na g\u0259lm\u0259li olub:\n<\/p>\n<p>\n  \u201c\u0130ki il h\u0259r \u015fey yax\u015f\u0131 oldu. Sonradan probleml\u0259r ba\u015flad\u0131. H\u0259yat yolda\u015f\u0131m\u0131 tan\u0131ya bilmirdim. H\u0259r gec\u0259 d\u00f6y\u00fcl\u00fcrd\u00fcm. Sonra da m\u0259ni cinsi m\u00fcnasib\u0259t\u0259 m\u0259cbur edirdi. Bir m\u00fcdd\u0259t sonra anlad\u0131m ki, o, m\u0259ni d\u00f6y\u00fcb daha sonra cinsi m\u00fcnasib\u0259td\u0259 olmaqdan z\u00f6vq al\u0131r. Hamil\u0259 oldu\u011fum zamanlarda da d\u00f6y\u00fcl\u00fcrd\u00fcm. Amma ayr\u0131lmaq, bo\u015fanmaq haqq\u0131nda d\u00fc\u015f\u00fcnm\u00fcrd\u00fcm. H\u0259min vaxt t\u0259kc\u0259 q\u0131z\u0131m\u0131z do\u011fulmu\u015fdu, sonradan o\u011flum da oldu. M\u0259nims\u0259 \u0259limd\u0259n ev t\u0259mizl\u0259m\u0259k v\u0259 yem\u0259k bi\u015firm\u0259kd\u0259n ba\u015fqa he\u00e7 n\u0259 g\u0259lmirdi. Ayr\u0131l\u0131b n\u0259 ed\u0259c\u0259yimi bilm\u0259diyim \u00fc\u00e7\u00fcn d\u00f6z\u00fcrd\u00fcm\u201d.\n<\/p>\n<p>\n  Z.\u018fliyeva \u00f6vladlar\u0131n\u0131 t\u0259kba\u015f\u0131na b\u00f6y\u00fcd\u0259 bilm\u0259y\u0259c\u0259yi \u00fc\u00e7\u00fcn evliliyini 9 il davam etdirib. Deyir, d\u00f6y\u00fcld\u00fcy\u00fcn\u00fc u\u015faqlar\u0131ndan gizl\u0259tm\u0259k m\u00fcmk\u00fcn olmayandan sonra ayr\u0131lmaq q\u0259rar\u0131 verib:\n<\/p>\n<p>\n  \u201cValideyn iclas\u0131na, u\u015faqlar\u0131n m\u0259kt\u0259bd\u0259ki t\u0259dbirl\u0259rin\u0259 \u00e7a\u011f\u0131r\u0131rd\u0131lar, utana-utana gedirdim. \u00dcz\u00fcmd\u0259n q\u0131zart\u0131, g\u00f6yl\u00fck \u0259ksik olmurdu. Hiss edirdim ki, u\u015faqlar h\u0259r \u015feyi anlay\u0131r v\u0259 i\u00e7d\u0259n-i\u00e7\u0259 atalar\u0131na d\u00fc\u015fm\u0259n olurlar. N\u0259hay\u0259t, bir g\u00fcn evi t\u0259rk edib, xalamgil\u0259 getdim. Xalam t\u0259k ya\u015fay\u0131r, h\u0259yat yolda\u015f\u0131n\u0131 itirib, q\u0131z\u0131 da xaricd\u0259 t\u0259hsil al\u0131r. 3 aya yax\u0131n onlarda qald\u0131m. Xalam\u0131n d\u0259rzi d\u00fckan\u0131nda i\u015f\u0259 ba\u015flad\u0131m. Sonra da onun k\u00f6m\u0259yil\u0259 tan\u0131nm\u0131\u015f qad\u0131n geyim ma\u011fazalar\u0131ndan birind\u0259 i\u015f\u0259 d\u00fcz\u0259ldim. Tam olaraq d\u0259rzi i\u015fi deyil. Kims\u0259 g\u0259lir palto b\u0259y\u0259nir, ancaq \u0259ynin\u0259 uzundur, k\u0259sir\u0259m v\u0259 ya q\u0131sad\u0131r, bir az a\u00e7\u0131ram. Paltarlar\u0131n, \u015falvarlar\u0131n aya\u011f\u0131n\u0131 k\u0259sir\u0259m. Fevralda bo\u015fanma\u011f\u0131m\u0131n 1 ili tamam olur. Pe\u015fman deyil\u0259m\u201d.\n<\/p>\n<p>\n  Z.\u018fliyeva ail\u0259si il\u0259 d\u0259 m\u00fcnasib\u0259tl\u0259ri d\u00fcz\u0259ldib. Deyir, sosial layih\u0259l\u0259r\u0259 d\u0259 qo\u015fulur, maraql\u0131 layih\u0259l\u0259rd\u0259 k\u00f6n\u00fcll\u00fc i\u015ftirak edir:\n<\/p>\n<p>\n  \u201c3 ay h\u0259r 6-c\u0131 g\u00fcn kims\u0259siz u\u015faqlara d\u0259rzilik kurslar\u0131 ke\u00e7\u0259n qrupa k\u00f6m\u0259k etdim. H\u0259min d\u0259rn\u0259kd\u0259 \u00f6z\u00fcm d\u0259 sa\u00e7 k\u0259sm\u0259k, y\u0131\u011fmaq \u00f6yr\u0259ndim. \u0130dmanla da m\u0259\u015f\u011ful oluram. Bu m\u00fcdd\u0259t \u0259rzind\u0259 h\u0259yat yolda\u015f\u0131m d\u0259f\u0259l\u0259rl\u0259 bar\u0131\u015fmaq ist\u0259yib, ancaq m\u0259n ba\u015f qo\u015fmam\u0131\u015fam. Haz\u0131rk\u0131 h\u0259yat\u0131m daha yax\u015f\u0131d\u0131r. Ail\u0259m, \u0259sas\u0259n d\u0259 qarda\u015f\u0131m k\u00f6m\u0259k edir dey\u0259 maddi durumum da yax\u015f\u0131d\u0131r. \u018fsas m\u0259s\u0259l\u0259 is\u0259 \u00f6z g\u0259lirim var. Qad\u0131n pul bax\u0131m\u0131ndan m\u00fcst\u0259qil olanda ard\u0131 g\u0259lir, h\u0259yat\u0131nda h\u0259r \u015fey d\u00fcz\u0259lir. M\u0259nim 7 il \u00e7\u0259kdiyim z\u00fclm\u00fcn s\u0259b\u0259bi d\u0259 el\u0259 maddi as\u0131l\u0131l\u0131q idi. Yoxsa 7 il az qala h\u0259r g\u00fcn d\u00f6y\u00fclm\u0259y\u0259 d\u00f6z\u0259rdimmi?\u201d\n<\/p>\n<p>\n  \u00a0\u201cM\u0259i\u015f\u0259t zorak\u0131l\u0131\u011f\u0131n\u0131n qar\u015f\u0131s\u0131n\u0131n al\u0131nmas\u0131 haqq\u0131nda\u201d Az\u0259rbaycan Respublikas\u0131n\u0131n qanunu 22 iyun 2010-cu ild\u0259 q\u0259bul olunub. Bu qanun yax\u0131n qohumluq m\u00fcnasib\u0259tl\u0259rind\u0259n, birg\u0259 v\u0259 ya \u0259vv\u0259ll\u0259r birg\u0259 ya\u015fay\u0131\u015fdan sui-istifad\u0259 etm\u0259kl\u0259 t\u00f6r\u0259dil\u0259n zorak\u0131l\u0131\u011f\u0131n, onun do\u011furdu\u011fu m\u0259nfi h\u00fcquqi, tibbi v\u0259 sosial n\u0259tic\u0259l\u0259rin qar\u015f\u0131s\u0131n\u0131n al\u0131nmas\u0131, m\u0259i\u015f\u0259t zorak\u0131l\u0131\u011f\u0131ndan z\u0259r\u0259r \u00e7\u0259kmi\u015f \u015f\u0259xsl\u0259rin sosial m\u00fcdafi\u0259si, h\u00fcquqi yard\u0131mla t\u0259min edilm\u0259si, habel\u0259 m\u0259i\u015f\u0259t zorak\u0131l\u0131\u011f\u0131na s\u0259b\u0259b olan hallar\u0131n aradan qald\u0131r\u0131lmas\u0131 istiqam\u0259tind\u0259 h\u0259yata ke\u00e7iril\u0259n t\u0259dbirl\u0259ri m\u00fc\u0259yy\u0259n edir. Qanunun madd\u0259 1, 1.0.4. b\u0259ndind\u0259 m\u0259i\u015f\u0259t z\u0259minind\u0259 psixi zorak\u0131l\u0131q &#8211; bu qanunun \u015famil edildiyi \u015f\u0259xsl\u0259rin birinin dig\u0259rin\u0259 q\u0259sd\u0259n psixi t\u0259zyiq g\u00f6st\u0259rm\u0259si v\u0259 ya d\u00f6z\u00fclm\u0259z psixi \u015f\u0259rait yarad\u0131lmas\u0131na y\u00f6n\u0259lmi\u015f h\u0259r\u0259k\u0259tl\u0259ri zorak\u0131l\u0131q kimi \u0259sasland\u0131r\u0131l\u0131b.\n<\/p>\n<p>\n  Bundan \u0259lav\u0259, Nazirl\u0259r Kabineti m\u0259i\u015f\u0259t zorak\u0131l\u0131\u011f\u0131 bar\u0259d\u0259 \u015fikay\u0259td\u0259 cinay\u0259t t\u0259rkibinin \u0259lam\u0259tl\u0259ri olmad\u0131qda, \u015fikay\u0259tl\u0259r\u0259 bax\u0131lma qaydas\u0131 m\u00fc\u0259yy\u0259nl\u0259\u015fdirib. \u018fg\u0259r \u015fikay\u0259td\u0259 cinay\u0259t t\u0259rkibi yoxdursa, yaln\u0131z z\u0259r\u0259r\u00e7\u0259kmi\u015f \u015f\u0259xsin v\u0259 ya onun qanuni n\u00fcmay\u0259nd\u0259sinin raz\u0131l\u0131\u011f\u0131 olduqda ara\u015fd\u0131rmal\u0131d\u0131r.\n<\/p>\n<p>\n  &#8220;Rasional \u0130nki\u015faf U\u011frunda&#8221; Qad\u0131nlar C\u0259miyy\u0259tinin s\u0259dri \u015e\u0259hla \u0130smay\u0131l deyir ki, qanun var, ancaq onun i\u015fl\u0259m\u0259si \u00fc\u00e7\u00fcn milli f\u0259aliyy\u0259t plan\u0131 yoxdur:\n<\/p>\n<p>\n  \u201cHam\u0131 deyir, qanunun icra mexanizmi yoxdur, ancaq h\u0259min icra mexanizminin olmas\u0131 \u00fc\u00e7\u00fcn d\u0259 f\u0259aliyy\u0259t plan\u0131 laz\u0131md\u0131r. 2010-cu ild\u0259 q\u0259bul olunan qanunun \u00fcst\u00fcnd\u0259n 7 il \u00f6t\u00fcb. H\u0259l\u0259 d\u0259 plan yoxdur. Bu, \u00e7ox xo\u015fag\u0259lm\u0259z hald\u0131r. Plan yoxdur, dey\u0259 qad\u0131nlar h\u0259l\u0259 d\u0259 b\u0259rab\u0259r imkanlardan faydalana bilmirl\u0259r. H\u00fcquq bax\u0131m\u0131ndan h\u0259r \u015fey \u0259lad\u0131r, ka\u011f\u0131z \u00fcz\u0259rind\u0259 h\u0259r \u015fey t\u0259min edilib, ancaq reall\u0131qla g\u00f6t\u00fcr\u0259nd\u0259 h\u0259min b\u0259rab\u0259r imkanlar yoxdur\u201d.\n<\/p>\n<p>\n  \u015e.\u0130smay\u0131l deyir ki, bu sah\u0259d\u0259 probleml\u0259r, bariyerl\u0259r \u00e7oxdur. Odur ki, i\u015f\u0259 kompleks yana\u015fmaq laz\u0131md\u0131r:\n<\/p>\n<p>\n  \u201cDediyim kimi, \u0259vv\u0259lc\u0259 qanunun milli f\u0259aliyy\u0259t plan\u0131, onu h\u0259yata ke\u00e7ir\u0259n mexanizm, icra plan\u0131 olmal\u0131d\u0131r. Ayr\u0131lan b\u00fcdc\u0259 ayd\u0131n \u015f\u0259kild\u0259 g\u00f6st\u0259rilm\u0259lidir. \u0130cras\u0131na m\u0259sul olan t\u0259r\u0259fl\u0259r g\u00f6r\u00fcl\u0259c\u0259k i\u015fl\u0259ri ayd\u0131n g\u00f6st\u0259rm\u0259li, cavabdeh qurumlar b\u0259lli olmal\u0131d\u0131r. G\u00f6zl\u0259nil\u0259n n\u0259tic\u0259l\u0259r \u0259vv\u0259lc\u0259 qeyd edilm\u0259lidir. Bu, bir n\u00f6v b\u00fct\u00fcn qurumlar, o c\u00fcml\u0259d\u0259n d\u00f6vl\u0259t qurumlar\u0131 \u00fc\u00e7\u00fcn kompleks formada olmal\u0131d\u0131r. Dedikl\u0259rim olmay\u0131nca, biz \u00f6lk\u0259 olaraq bu sah\u0259d\u0259 yaln\u0131z p\u0259rak\u0259nd\u0259 i\u015fl\u0259r g\u00f6rm\u00fc\u015f oluruq\u201d.\n<\/p>\n<p>\n  \u201cT\u0259kc\u0259 2016-c\u0131 il \u0259rzind\u0259 \u00f6lk\u0259 \u00fczr\u0259 4114 m\u00fcnaqi\u015f\u0259li ail\u0259 qeydiyyata g\u00f6t\u00fcr\u00fcl\u00fcb. Ancaq \u00e7ox vaxt zorak\u0131l\u0131\u011fa m\u0259ruz qalan \u015f\u0259xsl\u0259r d\u00f6vl\u0259t qurumlar\u0131na m\u00fcraci\u0259t etmirl\u0259r. Bel\u0259 ail\u0259l\u0259r a\u015fkarlananda m\u00fcnaqi\u015f\u0259li ail\u0259 kimi qeydiyyata al\u0131n\u0131r v\u0259 h\u0259r ay h\u0259min ail\u0259nin v\u0259ziyy\u0259ti yoxlan\u0131l\u0131r, hesabat\u0131 yaz\u0131l\u0131r\u201d.\n<\/p>\n<p>\n  Ail\u0259, Qad\u0131n v\u0259 U\u015faq M\u0259s\u0259l\u0259l\u0259ri \u00fczr\u0259 D\u00f6vl\u0259t Komit\u0259sinin H\u00fcquqi-t\u0259minat \u015f\u00f6b\u0259sinin b\u00f6y\u00fck m\u0259sl\u0259h\u0259t\u00e7isi Tural H\u00fcseynzad\u0259 bel\u0259<br \/>\n  <a href=\"\/az\/article\/zorakiliga-meruz-qalanlar-cox-vaxt-dovlet-qurumlarina-muraciet-etmir\/\"><br \/>\n    deyib<br \/>\n  <\/a><br \/>\n  .\n<\/p>\n<p>\n  \u015e\u0259hla \u0130smay\u0131l is\u0259 deyir ki, 2010-2016 -c\u0131 ill\u0259rd\u0259 765 qad\u0131n q\u0259tl\u0259 yetirilib. Bu, yaln\u0131z \u0259ld\u0259 edil\u0259 bil\u0259n r\u0259q\u0259ml\u0259rdir:\n<\/p>\n<p>\n  \u201cR\u0259smi statistikaya g\u00f6r\u0259, 2010-cu ild\u0259 89, 2011-ci ild\u0259 59, 2012-ci ild\u0259 114, 2013-c\u00fc ild\u0259 93, 2014-c\u00fc ild\u0259 94, 2015-ci ild\u0259 66, 2016-c\u0131 ild\u0259 is\u0259 121 qad\u0131n intihar edib. B\u00fct\u00fcn bunlar\u0131 n\u0259z\u0259r\u0259 alaraq, deyir\u0259m ki, v\u0259ziyy\u0259t a\u011f\u0131rd\u0131r. H\u0259y\u0259can t\u0259bili \u00e7almaq laz\u0131md\u0131r. Yeri g\u0259lmi\u015fk\u0259n, BMT-nin CEDAW komit\u0259si var. Qad\u0131nlara qar\u015f\u0131 b\u00fct\u00fcn n\u00f6v ayr\u0131se\u00e7kiliyin aradan qald\u0131r\u0131lmas\u0131n\u0131n icras\u0131na n\u0259zar\u0259t edirl\u0259r. Az\u0259rbaycan 4 ild\u0259n bir onlara hesabat verir. H\u0259min qurumun a\u00e7\u0131qlad\u0131\u011f\u0131 sonuncu icmalda h\u0259min biz\u0259 dediyim milli f\u0259aliyy\u0259t plan\u0131n\u0131n yarad\u0131lmas\u0131 t\u00f6vsiy\u0259 olaraq qoyulub. Plan\u0131n olmamas\u0131 neqativ hal kimi qiym\u0259tl\u0259ndirilib\u201d.\n<\/p>\n<p>\n  \u015e\u0259hla \u0130smay\u0131l deyir ki, \u00fcmumiyy\u0259tl\u0259, gender b\u0259rab\u0259rliyi m\u0259s\u0259l\u0259l\u0259ri t\u0259hsil\u0259 daxil edilm\u0259lidir. Gender \u0259sasl\u0131 stereotipl\u0259r\u0259 qar\u015f\u0131, gender rollar\u0131 il\u0259 ba\u011fl\u0131 \u00e7ox d\u0259rin v\u0259 h\u0259rt\u0259r\u0259fli i\u015f apar\u0131lmal\u0131d\u0131r. H\u0259tta buna u\u015faq ba\u011f\u00e7alar\u0131ndan ba\u015flanmal\u0131d\u0131r. Analarla, atalarla i\u015f g\u00f6r\u00fclm\u0259lidir:\n<\/p>\n<p>\n  \u201cN\u0259sild\u0259n-n\u0259sl\u0259 \u00f6t\u00fcr\u00fcl\u0259n m\u0259d\u0259ni, ideoloji m\u0259qamlar he\u00e7 bir halda ke\u00e7id almamal\u0131d\u0131r, geni\u015fl\u0259nm\u0259m\u0259lidir. Bir d\u0259 siyasi-iqtisadi forma d\u0259yi\u015fm\u0259lidir. \u0130st\u0259nil\u0259n bir qad\u0131n\u0131n \u00f6z\u00fcn\u0259 g\u00fcv\u0259ni \u00fc\u00e7\u00fcn iqtisadi bacar\u0131qlar\u0131, iqtisadi bilikl\u0259ri, iqtisadi imkanlar\u0131 g\u00fccl\u00fc olmal\u0131d\u0131r. Yoxsa h\u0259r zaman zorak\u0131l\u0131q qurban\u0131 olacaq. Onun \u0259n b\u0259sit formas\u0131 da psixoloji zorak\u0131l\u0131q olacaq. \u0130qtisadi as\u0131l\u0131, m\u00f6htac, t\u0259hsilsiz olacaq, buna g\u00f6r\u0259 d\u0259 zorak\u0131l\u0131q hal\u0131 ba\u015f ver\u0259nd\u0259 n\u0259 etm\u0259li oldu\u011funu bilm\u0259y\u0259c\u0259k. \u00d6z aya\u011f\u0131 \u00fcz\u0259rind\u0259 durma\u011f\u0131 bacarmayacaq\u201d.\n<\/p>\n<p>\n  \u015e\u0259hla \u0130smay\u0131l deyir ki, qad\u0131n konstitusiyan\u0131n ona verdiyi b\u0259rab\u0259r h\u00fcquqlardan faydalanmal\u0131, \u00e7al\u0131\u015fmal\u0131, t\u0259hsilini davam etdirm\u0259lidir:\n<\/p>\n<p>\n  \u201cSabah ba\u015f\u0131na h\u0259r hans\u0131 bir zorak\u0131l\u0131q hal\u0131 g\u0259l\u0259rs\u0259, n\u0259 etm\u0259li oldu\u011funu bilm\u0259li, g\u0259l\u0259c\u0259yi il\u0259 ba\u011fl\u0131 q\u0259rar\u0131n\u0131 verm\u0259yi bacarmal\u0131d\u0131r. \u018fn az\u0131ndan qad\u0131na se\u00e7im verilm\u0259lidir. \u018fg\u0259r qad\u0131n m\u0259kt\u0259b\u0259 \u00f6z\u00fc getm\u0259k, t\u0259hsilini \u00f6z\u00fc davam etdirm\u0259k ist\u0259mirs\u0259, etm\u0259sin. T\u0259bii, s\u00f6hb\u0259t yuxar\u0131 sinifl\u0259rd\u0259n gedir. Amma bu, onun \u00f6z q\u0259rar\u0131 olmal\u0131d\u0131r v\u0259 ya qad\u0131n ail\u0259 qurmaq ist\u0259yirs\u0259 qursun, i\u015fl\u0259m\u0259k ist\u0259mirs\u0259, evd\u0259 otursun. Ancaq bunu h\u0259qiq\u0259t\u0259n d\u0259 \u00f6z\u00fc ist\u0259sin\u201d.\n<\/p>\n<p>\n  Z.\u018fliyeva da d\u00fc\u015f\u00fcn\u00fcr ki, qad\u0131n \u00f6z h\u0259yat\u0131n\u0131n q\u0259rarlar\u0131n\u0131 ver\u0259rs\u0259, probleml\u0259rin yaranmas\u0131n\u0131n qar\u015f\u0131s\u0131 da al\u0131nar&#8230;\n<\/p><\/p>\n","protected":false},"excerpt":{"rendered":"<p>R\u0259smi: &#8221;T\u0259kc\u0259 2016-c\u0131 il \u0259rzind\u0259 \u00f6lk\u0259 \u00fczr\u0259 4114 m\u00fcnaqi\u015f\u0259li ail\u0259 qeydiyyata g\u00f6t\u00fcr\u00fcl\u00fcb&#8221;<\/p>\n","protected":false},"author":11,"featured_media":96770,"comment_status":"closed","ping_status":"open","sticky":false,"template":"","format":"standard","meta":{"_acf_changed":false,"_sitemap_exclude":false,"_sitemap_priority":"","_sitemap_frequency":"","footnotes":""},"categories":[57],"tags":[],"class_list":["post-187861","post","type-post","status-publish","format-standard","has-post-thumbnail","hentry","category-menim-fikrimce","infinite-scroll-item","generate-columns","tablet-grid-50","mobile-grid-100","grid-parent","grid-33","no-featured-image-padding"],"acf":[],"yoast_head":"<!-- This site is optimized with the Yoast SEO plugin v27.5 - https:\/\/yoast.com\/product\/yoast-seo-wordpress\/ -->\n<title>&#039;&#039;\u018frim m\u0259ni d\u00f6ym\u0259kd\u0259n z\u00f6vq al\u0131rd\u0131&#039;&#039; - MEYDAN.TV<\/title>\n<meta name=\"robots\" content=\"index, follow, max-snippet:-1, max-image-preview:large, max-video-preview:-1\" \/>\n<link rel=\"canonical\" href=\"https:\/\/www.meydan.tv\/az\/article\/erim-meni-doymekden-zovq-alirdi\/\" \/>\n<meta property=\"og:locale\" content=\"az_AZ\" \/>\n<meta property=\"og:type\" content=\"article\" \/>\n<meta property=\"og:title\" content=\"&#039;&#039;\u018frim m\u0259ni d\u00f6ym\u0259kd\u0259n z\u00f6vq al\u0131rd\u0131&#039;&#039; - MEYDAN.TV\" \/>\n<meta property=\"og:description\" content=\"R\u0259smi: &#039;&#039;T\u0259kc\u0259 2016-c\u0131 il \u0259rzind\u0259 \u00f6lk\u0259 \u00fczr\u0259 4114 m\u00fcnaqi\u015f\u0259li ail\u0259 qeydiyyata g\u00f6t\u00fcr\u00fcl\u00fcb&#039;&#039;\" \/>\n<meta property=\"og:url\" content=\"https:\/\/www.meydan.tv\/az\/article\/erim-meni-doymekden-zovq-alirdi\/\" \/>\n<meta property=\"og:site_name\" content=\"MEYDAN.TV\" \/>\n<meta property=\"article:published_time\" content=\"2017-12-14T19:30:18+00:00\" \/>\n<meta property=\"og:image\" content=\"https:\/\/www.meydan.tv\/wp-content\/uploads\/38199.jpg\" \/>\n\t<meta property=\"og:image:width\" content=\"719\" \/>\n\t<meta property=\"og:image:height\" content=\"327\" \/>\n\t<meta property=\"og:image:type\" content=\"image\/jpeg\" \/>\n<meta name=\"author\" content=\"user-manager\" \/>\n<meta name=\"twitter:card\" content=\"summary_large_image\" \/>\n<script type=\"application\/ld+json\" class=\"yoast-schema-graph\">{\"@context\":\"https:\\\/\\\/schema.org\",\"@graph\":[{\"@type\":\"Article\",\"@id\":\"https:\\\/\\\/www.meydan.tv\\\/az\\\/article\\\/erim-meni-doymekden-zovq-alirdi\\\/#article\",\"isPartOf\":{\"@id\":\"https:\\\/\\\/www.meydan.tv\\\/az\\\/article\\\/erim-meni-doymekden-zovq-alirdi\\\/\"},\"author\":{\"name\":\"user-manager\",\"@id\":\"https:\\\/\\\/www.meydan.tv\\\/az\\\/#\\\/schema\\\/person\\\/10d11eccf6da3662cf5fdab9806ea91a\"},\"headline\":\"&#8221;\u018frim m\u0259ni d\u00f6ym\u0259kd\u0259n z\u00f6vq al\u0131rd\u0131&#8221;\",\"datePublished\":\"2017-12-14T19:30:18+00:00\",\"mainEntityOfPage\":{\"@id\":\"https:\\\/\\\/www.meydan.tv\\\/az\\\/article\\\/erim-meni-doymekden-zovq-alirdi\\\/\"},\"wordCount\":1786,\"publisher\":{\"@id\":\"https:\\\/\\\/www.meydan.tv\\\/az\\\/#organization\"},\"image\":{\"@id\":\"https:\\\/\\\/www.meydan.tv\\\/az\\\/article\\\/erim-meni-doymekden-zovq-alirdi\\\/#primaryimage\"},\"thumbnailUrl\":\"https:\\\/\\\/www.meydan.tv\\\/wp-content\\\/uploads\\\/38199.jpg\",\"articleSection\":[\"M\u0259nim Fikrimc\u0259\"],\"inLanguage\":\"az\"},{\"@type\":\"WebPage\",\"@id\":\"https:\\\/\\\/www.meydan.tv\\\/az\\\/article\\\/erim-meni-doymekden-zovq-alirdi\\\/\",\"url\":\"https:\\\/\\\/www.meydan.tv\\\/az\\\/article\\\/erim-meni-doymekden-zovq-alirdi\\\/\",\"name\":\"''\u018frim m\u0259ni d\u00f6ym\u0259kd\u0259n z\u00f6vq al\u0131rd\u0131'' - MEYDAN.TV\",\"isPartOf\":{\"@id\":\"https:\\\/\\\/www.meydan.tv\\\/az\\\/#website\"},\"primaryImageOfPage\":{\"@id\":\"https:\\\/\\\/www.meydan.tv\\\/az\\\/article\\\/erim-meni-doymekden-zovq-alirdi\\\/#primaryimage\"},\"image\":{\"@id\":\"https:\\\/\\\/www.meydan.tv\\\/az\\\/article\\\/erim-meni-doymekden-zovq-alirdi\\\/#primaryimage\"},\"thumbnailUrl\":\"https:\\\/\\\/www.meydan.tv\\\/wp-content\\\/uploads\\\/38199.jpg\",\"datePublished\":\"2017-12-14T19:30:18+00:00\",\"breadcrumb\":{\"@id\":\"https:\\\/\\\/www.meydan.tv\\\/az\\\/article\\\/erim-meni-doymekden-zovq-alirdi\\\/#breadcrumb\"},\"inLanguage\":\"az\",\"potentialAction\":[{\"@type\":\"ReadAction\",\"target\":[\"https:\\\/\\\/www.meydan.tv\\\/az\\\/article\\\/erim-meni-doymekden-zovq-alirdi\\\/\"]}]},{\"@type\":\"ImageObject\",\"inLanguage\":\"az\",\"@id\":\"https:\\\/\\\/www.meydan.tv\\\/az\\\/article\\\/erim-meni-doymekden-zovq-alirdi\\\/#primaryimage\",\"url\":\"https:\\\/\\\/www.meydan.tv\\\/wp-content\\\/uploads\\\/38199.jpg\",\"contentUrl\":\"https:\\\/\\\/www.meydan.tv\\\/wp-content\\\/uploads\\\/38199.jpg\",\"width\":719,\"height\":327,\"caption\":\"Source:\"},{\"@type\":\"BreadcrumbList\",\"@id\":\"https:\\\/\\\/www.meydan.tv\\\/az\\\/article\\\/erim-meni-doymekden-zovq-alirdi\\\/#breadcrumb\",\"itemListElement\":[{\"@type\":\"ListItem\",\"position\":1,\"name\":\"Ana s\u0259hif\u0259\",\"item\":\"https:\\\/\\\/www.meydan.tv\\\/az\\\/\"},{\"@type\":\"ListItem\",\"position\":2,\"name\":\"M\u0259nim Fikrimc\u0259\",\"item\":\"https:\\\/\\\/www.meydan.tv\\\/az\\\/section\\\/menim-fikrimce\\\/\"},{\"@type\":\"ListItem\",\"position\":3,\"name\":\"&#8221;\u018frim m\u0259ni d\u00f6ym\u0259kd\u0259n z\u00f6vq al\u0131rd\u0131&#8221;\"}]},{\"@type\":\"WebSite\",\"@id\":\"https:\\\/\\\/www.meydan.tv\\\/az\\\/#website\",\"url\":\"https:\\\/\\\/www.meydan.tv\\\/az\\\/\",\"name\":\"MEYDAN.TV\",\"description\":\"Meydan TV Az\u0259rbaycan\u0131n media m\u0259kan\u0131ndak\u0131 alternativ s\u0259sidir\",\"publisher\":{\"@id\":\"https:\\\/\\\/www.meydan.tv\\\/az\\\/#organization\"},\"potentialAction\":[{\"@type\":\"SearchAction\",\"target\":{\"@type\":\"EntryPoint\",\"urlTemplate\":\"https:\\\/\\\/www.meydan.tv\\\/az\\\/?s={search_term_string}\"},\"query-input\":{\"@type\":\"PropertyValueSpecification\",\"valueRequired\":true,\"valueName\":\"search_term_string\"}}],\"inLanguage\":\"az\"},{\"@type\":\"Organization\",\"@id\":\"https:\\\/\\\/www.meydan.tv\\\/az\\\/#organization\",\"name\":\"Meydan TV\",\"url\":\"https:\\\/\\\/www.meydan.tv\\\/az\\\/\",\"logo\":{\"@type\":\"ImageObject\",\"inLanguage\":\"az\",\"@id\":\"https:\\\/\\\/www.meydan.tv\\\/az\\\/#\\\/schema\\\/logo\\\/image\\\/\",\"url\":\"https:\\\/\\\/www.meydan.tv\\\/wp-content\\\/uploads\\\/2021\\\/07\\\/meydan-logo.svg\",\"contentUrl\":\"https:\\\/\\\/www.meydan.tv\\\/wp-content\\\/uploads\\\/2021\\\/07\\\/meydan-logo.svg\",\"width\":195,\"height\":46,\"caption\":\"Meydan TV\"},\"image\":{\"@id\":\"https:\\\/\\\/www.meydan.tv\\\/az\\\/#\\\/schema\\\/logo\\\/image\\\/\"}},{\"@type\":\"Person\",\"@id\":\"https:\\\/\\\/www.meydan.tv\\\/az\\\/#\\\/schema\\\/person\\\/10d11eccf6da3662cf5fdab9806ea91a\",\"name\":\"user-manager\"}]}<\/script>\n<!-- \/ Yoast SEO plugin. -->","yoast_head_json":{"title":"''\u018frim m\u0259ni d\u00f6ym\u0259kd\u0259n z\u00f6vq al\u0131rd\u0131'' - MEYDAN.TV","robots":{"index":"index","follow":"follow","max-snippet":"max-snippet:-1","max-image-preview":"max-image-preview:large","max-video-preview":"max-video-preview:-1"},"canonical":"https:\/\/www.meydan.tv\/az\/article\/erim-meni-doymekden-zovq-alirdi\/","og_locale":"az_AZ","og_type":"article","og_title":"''\u018frim m\u0259ni d\u00f6ym\u0259kd\u0259n z\u00f6vq al\u0131rd\u0131'' - MEYDAN.TV","og_description":"R\u0259smi: ''T\u0259kc\u0259 2016-c\u0131 il \u0259rzind\u0259 \u00f6lk\u0259 \u00fczr\u0259 4114 m\u00fcnaqi\u015f\u0259li ail\u0259 qeydiyyata g\u00f6t\u00fcr\u00fcl\u00fcb''","og_url":"https:\/\/www.meydan.tv\/az\/article\/erim-meni-doymekden-zovq-alirdi\/","og_site_name":"MEYDAN.TV","article_published_time":"2017-12-14T19:30:18+00:00","og_image":[{"width":719,"height":327,"url":"https:\/\/www.meydan.tv\/wp-content\/uploads\/38199.jpg","type":"image\/jpeg"}],"author":"user-manager","twitter_card":"summary_large_image","schema":{"@context":"https:\/\/schema.org","@graph":[{"@type":"Article","@id":"https:\/\/www.meydan.tv\/az\/article\/erim-meni-doymekden-zovq-alirdi\/#article","isPartOf":{"@id":"https:\/\/www.meydan.tv\/az\/article\/erim-meni-doymekden-zovq-alirdi\/"},"author":{"name":"user-manager","@id":"https:\/\/www.meydan.tv\/az\/#\/schema\/person\/10d11eccf6da3662cf5fdab9806ea91a"},"headline":"&#8221;\u018frim m\u0259ni d\u00f6ym\u0259kd\u0259n z\u00f6vq al\u0131rd\u0131&#8221;","datePublished":"2017-12-14T19:30:18+00:00","mainEntityOfPage":{"@id":"https:\/\/www.meydan.tv\/az\/article\/erim-meni-doymekden-zovq-alirdi\/"},"wordCount":1786,"publisher":{"@id":"https:\/\/www.meydan.tv\/az\/#organization"},"image":{"@id":"https:\/\/www.meydan.tv\/az\/article\/erim-meni-doymekden-zovq-alirdi\/#primaryimage"},"thumbnailUrl":"https:\/\/www.meydan.tv\/wp-content\/uploads\/38199.jpg","articleSection":["M\u0259nim Fikrimc\u0259"],"inLanguage":"az"},{"@type":"WebPage","@id":"https:\/\/www.meydan.tv\/az\/article\/erim-meni-doymekden-zovq-alirdi\/","url":"https:\/\/www.meydan.tv\/az\/article\/erim-meni-doymekden-zovq-alirdi\/","name":"''\u018frim m\u0259ni d\u00f6ym\u0259kd\u0259n z\u00f6vq al\u0131rd\u0131'' - MEYDAN.TV","isPartOf":{"@id":"https:\/\/www.meydan.tv\/az\/#website"},"primaryImageOfPage":{"@id":"https:\/\/www.meydan.tv\/az\/article\/erim-meni-doymekden-zovq-alirdi\/#primaryimage"},"image":{"@id":"https:\/\/www.meydan.tv\/az\/article\/erim-meni-doymekden-zovq-alirdi\/#primaryimage"},"thumbnailUrl":"https:\/\/www.meydan.tv\/wp-content\/uploads\/38199.jpg","datePublished":"2017-12-14T19:30:18+00:00","breadcrumb":{"@id":"https:\/\/www.meydan.tv\/az\/article\/erim-meni-doymekden-zovq-alirdi\/#breadcrumb"},"inLanguage":"az","potentialAction":[{"@type":"ReadAction","target":["https:\/\/www.meydan.tv\/az\/article\/erim-meni-doymekden-zovq-alirdi\/"]}]},{"@type":"ImageObject","inLanguage":"az","@id":"https:\/\/www.meydan.tv\/az\/article\/erim-meni-doymekden-zovq-alirdi\/#primaryimage","url":"https:\/\/www.meydan.tv\/wp-content\/uploads\/38199.jpg","contentUrl":"https:\/\/www.meydan.tv\/wp-content\/uploads\/38199.jpg","width":719,"height":327,"caption":"Source:"},{"@type":"BreadcrumbList","@id":"https:\/\/www.meydan.tv\/az\/article\/erim-meni-doymekden-zovq-alirdi\/#breadcrumb","itemListElement":[{"@type":"ListItem","position":1,"name":"Ana s\u0259hif\u0259","item":"https:\/\/www.meydan.tv\/az\/"},{"@type":"ListItem","position":2,"name":"M\u0259nim Fikrimc\u0259","item":"https:\/\/www.meydan.tv\/az\/section\/menim-fikrimce\/"},{"@type":"ListItem","position":3,"name":"&#8221;\u018frim m\u0259ni d\u00f6ym\u0259kd\u0259n z\u00f6vq al\u0131rd\u0131&#8221;"}]},{"@type":"WebSite","@id":"https:\/\/www.meydan.tv\/az\/#website","url":"https:\/\/www.meydan.tv\/az\/","name":"MEYDAN.TV","description":"Meydan TV Az\u0259rbaycan\u0131n media m\u0259kan\u0131ndak\u0131 alternativ s\u0259sidir","publisher":{"@id":"https:\/\/www.meydan.tv\/az\/#organization"},"potentialAction":[{"@type":"SearchAction","target":{"@type":"EntryPoint","urlTemplate":"https:\/\/www.meydan.tv\/az\/?s={search_term_string}"},"query-input":{"@type":"PropertyValueSpecification","valueRequired":true,"valueName":"search_term_string"}}],"inLanguage":"az"},{"@type":"Organization","@id":"https:\/\/www.meydan.tv\/az\/#organization","name":"Meydan TV","url":"https:\/\/www.meydan.tv\/az\/","logo":{"@type":"ImageObject","inLanguage":"az","@id":"https:\/\/www.meydan.tv\/az\/#\/schema\/logo\/image\/","url":"https:\/\/www.meydan.tv\/wp-content\/uploads\/2021\/07\/meydan-logo.svg","contentUrl":"https:\/\/www.meydan.tv\/wp-content\/uploads\/2021\/07\/meydan-logo.svg","width":195,"height":46,"caption":"Meydan TV"},"image":{"@id":"https:\/\/www.meydan.tv\/az\/#\/schema\/logo\/image\/"}},{"@type":"Person","@id":"https:\/\/www.meydan.tv\/az\/#\/schema\/person\/10d11eccf6da3662cf5fdab9806ea91a","name":"user-manager"}]}},"_links":{"self":[{"href":"https:\/\/www.meydan.tv\/az\/wp-json\/wp\/v2\/posts\/187861","targetHints":{"allow":["GET"]}}],"collection":[{"href":"https:\/\/www.meydan.tv\/az\/wp-json\/wp\/v2\/posts"}],"about":[{"href":"https:\/\/www.meydan.tv\/az\/wp-json\/wp\/v2\/types\/post"}],"author":[{"embeddable":true,"href":"https:\/\/www.meydan.tv\/az\/wp-json\/wp\/v2\/users\/11"}],"replies":[{"embeddable":true,"href":"https:\/\/www.meydan.tv\/az\/wp-json\/wp\/v2\/comments?post=187861"}],"version-history":[{"count":0,"href":"https:\/\/www.meydan.tv\/az\/wp-json\/wp\/v2\/posts\/187861\/revisions"}],"wp:featuredmedia":[{"embeddable":true,"href":"https:\/\/www.meydan.tv\/az\/wp-json\/wp\/v2\/media\/96770"}],"wp:attachment":[{"href":"https:\/\/www.meydan.tv\/az\/wp-json\/wp\/v2\/media?parent=187861"}],"wp:term":[{"taxonomy":"category","embeddable":true,"href":"https:\/\/www.meydan.tv\/az\/wp-json\/wp\/v2\/categories?post=187861"},{"taxonomy":"post_tag","embeddable":true,"href":"https:\/\/www.meydan.tv\/az\/wp-json\/wp\/v2\/tags?post=187861"}],"curies":[{"name":"wp","href":"https:\/\/api.w.org\/{rel}","templated":true}]}}