{"id":187797,"date":"2017-12-11T16:18:25","date_gmt":"2017-12-11T16:18:25","guid":{"rendered":"https:\/\/www.meydan.tv\/article\/azerbaycana-gelen-ve-geden-sirketler\/"},"modified":"2017-12-11T16:18:25","modified_gmt":"2017-12-11T16:18:25","slug":"azerbaycana-gelen-ve-geden-sirketler","status":"publish","type":"post","link":"https:\/\/www.meydan.tv\/az\/article\/azerbaycana-gelen-ve-geden-sirketler\/","title":{"rendered":"Az\u0259rbaycana g\u0259l\u0259n v\u0259 ged\u0259n \u015firk\u0259tl\u0259r"},"content":{"rendered":"<figure class=\"wp-block-image size-large\">\n  <img decoding=\"async\" src=\"https:\/\/www.meydan.tv\/az\/96554\/\" alt=\"\" class=\"wp-image-96554\"\/><figcaption><\/figcaption><\/figure>\n<p>\n  <i><br \/>\n    5 tenderin qalibi olan \u015firk\u0259t \u00f6lk\u0259ni t\u0259rk edib<br \/>\n  <\/i>\n<\/p>\n<p>\n  2017-ci il ba\u015flayandan b\u0259ri 15-d\u0259n \u00e7ox xarici \u015firk\u0259t n\u00fcmay\u0259nd\u0259lik v\u0259 ya filiallar\u0131n\u0131 ba\u011flayaraq Az\u0259rbaycandan k\u00f6\u00e7\u00fcb. \u00d6lk\u0259ni t\u0259rk ed\u0259n \u015firk\u0259tl\u0259rin \u00e7oxu tikinti v\u0259 m\u00fch\u0259ndislik \u015firk\u0259tl\u0259ridir.\n<\/p>\n<p>\n  Bu siyah\u0131ya aid\u00a0 T\u00fcrkiy\u0259 tikinti \u015firk\u0259ti \u201cKutlubey Harita \u0130n\u015faat M\u00fchendislik Sanaye Ticaret LTD\u201d Az\u0259rbaycana 2011-ci ild\u0259 \u018fmlak M\u0259s\u0259l\u0259l\u0259ri \u00fczr\u0259 D\u00f6vl\u0259t Komit\u0259sind\u0259n Sumqay\u0131t \u015f\u0259h\u0259ri \u00fczr\u0259 da\u015f\u0131nmaz \u0259mlaklar haqq\u0131nda kadastr m\u0259lumat bazas\u0131n\u0131n yarad\u0131lmas\u0131 v\u0259 r\u0259q\u0259msal kadastr x\u0259rit\u0259l\u0259rinin t\u0259rtibi i\u015fl\u0259rinin sat\u0131n al\u0131nmas\u0131 il\u0259 ba\u011fl\u0131 elan edil\u0259n\u00a0 2.078.680 m\u0259bl\u0259\u011find\u0259 tender qalibi olandan sonra daxil olub. 1996-c\u0131 ild\u0259 T\u00fcrkiy\u0259d\u0259 Altan \u00c7\u0259tinkaya t\u0259r\u0259find\u0259n \u0259sas\u0131 qoyulan \u015firk\u0259t 2011-ci ild\u0259n sonra davaml\u0131 \u018fmlak M\u0259s\u0259l\u0259l\u0259ri \u00fczr\u0259 D\u00f6vl\u0259t Komit\u0259si t\u0259r\u0259find\u0259n elan edil\u0259n tenderl\u0259rin qalibi olma\u011fa ba\u015flay\u0131b.\n<\/p>\n<p>\n  2012-ci ild\u0259 Bak\u0131 \u015f\u0259h\u0259ri \u00fczr\u0259 da\u015f\u0131nmaz \u0259mlak kadastr m\u0259lumat bazas\u0131n\u0131n yarad\u0131lmas\u0131 v\u0259 r\u0259q\u0259msal kadastr x\u0259rit\u0259l\u0259rinin t\u0259rtibi i\u015fl\u0259rinin sat\u0131n al\u0131nmas\u0131 il\u0259 ba\u011fl\u0131 elan\u00a0 edil\u0259n v\u0259 m\u0259bl\u0259\u011fi 5.995.000 manat olan tenderd\u0259 d\u0259 eyni \u015firk\u0259t yenid\u0259n qalib g\u0259lib.\n<\/p>\n<p>\n  <b><br \/>\n    <i><br \/>\n      2015-ci ild\u0259 prezidentin f\u0259rman\u0131 Az\u0259rbaycanda Da\u015f\u0131nmaz \u018fmlak Kadastr\u0131 v\u0259 \u00dcnvan Qeydiyyat xidm\u0259ti yarad\u0131l\u0131b.<br \/>\n    <\/i><br \/>\n  <\/b>\n<\/p>\n<p>\n  Tenderl\u0259rd\u0259 qalib g\u0259l\u0259n \u201cKutlubey Harita \u0130n\u015faat M\u00fchendislik Sanaye Ticaret LTD\u201d 2012-ci ild\u0259 Az\u0259rbaycanda n\u00fcmay\u0259nd\u0259liyini qeydiyyatdan ke\u00e7irib. \u015eirk\u0259tin \u201cFacebook\u201d s\u0259hif\u0259si is\u0259 tamamil\u0259 f\u0259rqlidir. S\u0259hif\u0259d\u0259 yerl\u0259\u015fdiril\u0259n payla\u015f\u0131mlardan is\u0259 \u015firk\u0259tin yaln\u0131z Az\u0259rbaycan \u00fc\u00e7\u00fcn i\u015fl\u0259m\u0259si fikri ortaya \u00e7\u0131x\u0131r. 6 il \u0259rzind\u0259 \u018fmlak M\u0259s\u0259l\u0259l\u0259ri \u00fczr\u0259 D\u00f6vl\u0259t Komit\u0259sind\u0259n 87 milyon manatdan \u00e7ox tender udan \u015firk\u0259tin<br \/>\n  <a href=\"http:\/\/www.kutlubey.com.tr\/\"><br \/>\n    sayt<br \/>\n  <\/a><br \/>\n  \u0131 bel\u0259 f\u0259aliyy\u0259t g\u00f6st\u0259rmir.\n<\/p>\n<p>\n  2013-c\u00fc ild\u0259 Bak\u0131 \u015f\u0259h\u0259rinin S\u0259bail, Yasamal, N\u0259simi, N\u0259rimanov, X\u0259z\u0259r rayonlar\u0131 \u00fczr\u0259 da\u015f\u0131nmaz \u0259mlak obyektl\u0259ri haqq\u0131nda elektron kadastr m\u0259lumat bazas\u0131n\u0131n yarad\u0131lmas\u0131 v\u0259 r\u0259q\u0259msal kadastr x\u0259rit\u0259sinin t\u0259rtibi m\u0259qs\u0259dil\u0259 i\u015fl\u0259rin sat\u0131n al\u0131nmas\u0131 il\u0259 ba\u011fl\u0131 ke\u00e7iril\u0259n 3.990.000 manat m\u0259bl\u0259\u011find\u0259 tenderin qalibi eyni \u015firk\u0259t, y\u0259ni \u201cKutlubey Harita \u0130n\u015faat M\u00fchendislik Sanaye Ticaret LTD\u201d olur.\n<\/p>\n<p>\n  <b><br \/>\n    <i><br \/>\n      3 tender qalibi olan \u015firk\u0259t 2013-c\u00fc ild\u0259 Az\u0259rbaycandak\u0131 n\u00fcmay\u0259nd\u0259liyini l\u0259\u011fv edir.<br \/>\n    <\/i><br \/>\n  <\/b>\n<\/p>\n<p>\n  Buna baxmayaraq, n\u00fcmay\u0259nd\u0259liyi l\u0259\u011fv olunan \u201cKutlubey Harita\u201d 2014-c\u00fc ild\u0259\u00a0 Bak\u0131 \u015f\u0259h\u0259rinin Bin\u0259q\u0259di, Qarada\u011f, Pirallah\u0131, Nizami v\u0259 X\u0259tai rayonlar\u0131 \u00fczr\u0259 da\u015f\u0131nmaz \u0259mlaklar haqq\u0131nda elektron kadastr m\u0259lumat bazas\u0131n\u0131n yarad\u0131lmas\u0131 v\u0259 r\u0259q\u0259msal kadastr x\u0259rit\u0259sinin t\u0259rtibi i\u015fl\u0259rinin sat\u0131n al\u0131nmas\u0131 il\u0259 ba\u011fl\u0131 elan edil\u0259n m\u0259bl\u0259\u011fi 5.085.009 olan tenderin qalibi olub.\n<\/p>\n<p>\n  <b><br \/>\n    <i><br \/>\n      2016-c\u0131 ild\u0259 \u015firk\u0259t yenid\u0259n n\u00fcmay\u0259nd\u0259liyinin Az\u0259rbaycanda l\u0259\u011fv olundu\u011funu elan edib.<br \/>\n    <\/i><br \/>\n  <\/b>\n<\/p>\n<p>\n  N\u00fcmay\u0259nd\u0259liyini l\u0259\u011fv ed\u0259n \u015firk\u0259t 5 ay ke\u00e7dikd\u0259n sonra yenid\u0259n Az\u0259rbaycan\u0131n \u015e\u0259mkir rayonunda qeydiyyatdan ke\u00e7ib. Bu \u0259r\u0259f\u0259d\u0259 \u015firk\u0259t g\u00f6r\u00fcl\u0259n i\u015fl\u0259rin yekunu olaraq t\u0259rtibi v\u0259 m\u0259kan uy\u011funsuzluqlar\u0131n\u0131n aradan qald\u0131r\u0131lmas\u0131 il\u0259 ba\u011fl\u0131 m\u0259bl\u0259\u011fi 70.668.695 manat olan tenderin qalibi olub. Tenderd\u0259 \u201cKutlubey Harita \u0130n\u015faat Sanaye LTD\u201d il\u0259 yana\u015f\u0131 4 t\u00fcrk v\u0259 1 Az\u0259rbaycan \u015firk\u0259ti i\u015ftirak edib.\n<\/p>\n<p>\n  Bu il \u00f6lk\u0259ni t\u0259rk etdiyini elan ed\u0259n \u015firk\u0259tl\u0259rd\u0259n biri Alman \u015firk\u0259ti \u201cObermeyer Project Management\u201d-dir. \u015eirk\u0259t 2012-ci ild\u0259 \u018fmlak M\u0259s\u0259l\u0259l\u0259ri \u00fczr\u0259 D\u00f6vl\u0259t Komit\u0259si t\u0259r\u0259find\u0259n Bak\u0131 Kristal Zal\u0131n\u0131n tikintisi \u00fczr\u0259 layih\u0259-smeta s\u0259n\u0259dl\u0259rinin haz\u0131rlanmas\u0131 i\u015fl\u0259rinin, tikinti, layih\u0259 v\u0259 menecmenti \u00fczr\u0259 m\u0259sl\u0259h\u0259t xidm\u0259tl\u0259rinin sat\u0131n al\u0131nmas\u0131 il\u0259 ba\u011fl\u0131 elan edil\u0259n\u00a0 2.598.705 manat d\u0259y\u0259rind\u0259 olan tenderd\u0259 qalib g\u0259lib.\n<\/p>\n<p>\n  \u015eirk\u0259t n\u00fcmay\u0259nd\u0259liyini 2013-c\u00fc ild\u0259 Bak\u0131da qeydiyyatdan ke\u00e7irib. Bak\u0131 Kristal Zal\u0131n\u0131n i\u015fl\u0259rini bitirdikd\u0259n sonra \u018fmlak M\u0259s\u0259l\u0259l\u0259ri \u00fczr\u0259 D\u00f6vl\u0259t Komit\u0259sind\u0259n Bak\u0131 Konvensiya M\u0259rk\u0259zinin tikintisi \u00fczr\u0259 layih\u0259 v\u0259 menecment xidm\u0259tl\u0259rini sat\u0131n al\u0131b, amma \u015firk\u0259t\u0259 bu i\u015fl\u0259ri g\u00f6rm\u0259k \u00fc\u00e7\u00fcn n\u0259 q\u0259d\u0259r pul verildiyi il\u0259 ba\u011fl\u0131 m\u0259lumat yoxdur. \u015eirk\u0259tin az\u0259rbaycanl\u0131 i\u015f\u00e7isi bildirir ki, Bak\u0131 Konvensiya M\u0259rk\u0259zi i\u015fi bitdikd\u0259n sonra he\u00e7 bir layih\u0259 t\u0259klifi almad\u0131\u011f\u0131 \u00fc\u00e7\u00fcn \u201cObermeyer Project Management\u201d \u00f6lk\u0259ni t\u0259rk etm\u0259k q\u0259rar\u0131na g\u0259lib. \u015eirk\u0259tin r\u0259hb\u0259ri Evelny Kolbe bildirir ki, \u00f6lk\u0259ni hans\u0131 s\u0259b\u0259bl\u0259rd\u0259n t\u0259rk etm\u0259k q\u0259rar\u0131 m\u0259xfidir v\u0259 \u015firk\u0259t\u0259 m\u0259xsusdur.\n<\/p>\n<p>\n  \u00d6lk\u0259ni t\u0259rk ed\u0259nl\u0259r siyah\u0131s\u0131ndak\u0131 \u015firk\u0259tl\u0259rd\u0259n biri d\u0259 Almaniyaya m\u0259xsus \u201cHeidelbergCement\u201d-dir. Sentyabr\u0131n 20-d\u0259 \u015firk\u0259tin Az\u0259rbaycanda n\u00fcmay\u0259nd\u0259liyinin l\u0259\u011fv olunmas\u0131 elan edilib. Median\u0131n yazd\u0131\u011f\u0131 m\u0259lumata g\u00f6r\u0259, 2016-c\u0131 ild\u0259 \u015firk\u0259t G\u00fcrc\u00fcstana m\u0259xsus Sakcementi Sement Zavodundan 75 faiz, Az\u0259rbaycana m\u0259xsus Qazax\u00a0 Sement zavodundan is\u0259 50 faizlik pay \u0259ld\u0259 edib. \u201cHeilderbergCement\u201d v\u0259 Qazax Sement Zavodu aras\u0131nda ba\u011flanan m\u00fcqavil\u0259 zaman\u0131 \u015firk\u0259tin \u00f6d\u0259nilmi\u015f nizamnam\u0259 kapital\u0131 9.8 milyon manat olub, 1 il sonra is\u0259 kapital 800 milyona \u00e7at\u0131b.\n<\/p>\n<p>\n  \u015eirk\u0259tin Qafqaz \u00fczr\u0259 direktoru Michael Hampelin \u201cIfact\u201da verdiyi a\u00e7\u0131qlamaya g\u00f6r\u0259, \u015firk\u0259tin Az\u0259rbaycandak\u0131 n\u00fcmay\u0259nd\u0259liyi 1 il bundan \u0259vv\u0259l l\u0259\u011fv edilib:\n<\/p>\n<p>\n  \u201cAz\u0259rbaycanda \u015firk\u0259timiz m\u0259sl\u0259h\u0259t\u00e7i kimi f\u0259aliyy\u0259t g\u00f6st\u0259rib, lakin he\u00e7 zaman Az\u0259rbaycanda tikinti materiallar\u0131 istehsal etm\u0259mi\u015fik\u201d.\n<\/p>\n<p>\n  \u201cToyo Engineering Corporation\u201d, \u201cTech Offshore Marine\u201d, \u201cCompas Development VII Holdings\u201d d\u0259 2017-i ild\u0259 Az\u0259rbaycan\u0131 t\u0259rk ed\u0259n \u015firk\u0259tl\u0259r siyah\u0131s\u0131ndad\u0131r.\n<\/p>\n<figure class=\"wp-block-image size-large\">\n  <img decoding=\"async\" src=\"https:\/\/www.meydan.tv\/az\/96551\/\" alt=\"\" class=\"wp-image-96551\"\/><figcaption><\/figcaption><\/figure>\n<p>\n  2002-i ild\u0259 Yaponiyaya m\u0259xsus \u201cToyo Engineering Corporation\u201d Az\u0259rbaycanda filial\u0131n\u0131 yarad\u0131b. \u015eirk\u0259t, 2011-ci ild\u0259 \u201cAz\u0259renerji\u201d ASC-il\u0259 400 meqavatl\u0131q \u015eimal Qaz D\u00f6vri elektrik stansiyas\u0131n\u0131n qurulmas\u0131 il\u0259 ba\u011fl\u0131 m\u00fcqavil\u0259 imzalay\u0131b. Eyni zamanda \u015firk\u0259t, \u201cAz\u0259riqaz\u201d \u00fc\u00e7\u00fcn boru k\u0259m\u0259ri layih\u0259sini bitirib. \u015eimal Qaz D\u00f6vri elektrik stansiyas\u0131n\u0131n qurulmas\u0131 \u00fc\u00e7\u00fcn\u00a0 \u201cToyo Engineering Corporation\u201d-a n\u0259 q\u0259d\u0259r pul verildiyi m\u0259lum deyil. M\u00fcqavil\u0259y\u0259 g\u00f6r\u0259, layih\u0259 2011-ci ilin fevral ay\u0131ndan ba\u015flayaraq 2013-c\u00fc ilin noyabr\u0131nda ba\u015fa \u00e7at\u0131b.\n<\/p>\n<p>\n  \u015eirk\u0259tin n\u00fcmay\u0259nd\u0259liyi Zaur Tac\u0259ddinovi\u00e7 Mehdiyev t\u0259r\u0259find\u0259n 2014-c\u00fc ild\u0259 qeydiyyatdan ke\u00e7irilib. Vergil\u0259r Nazirliyinin q\u0259zetind\u0259 yaz\u0131lan m\u0259lumata g\u00f6r\u0259, \u015firk\u0259t bu il \u00f6lk\u0259ni t\u0259rk etm\u0259k q\u0259rar\u0131na g\u0259lib.\n<\/p>\n<p>\n  \u201cTech Offshore Marine\u201d (TOM) \u015firk\u0259tinin Az\u0259rbaycandak\u0131 f\u0259aliyy\u0259ti 2014-c\u00fc ild\u0259n ba\u015flay\u0131b. Aslan Manafov t\u0259r\u0259find\u0259n qeydiyyatdan ke\u00e7\u0259n \u015firk\u0259t, neft \u015firk\u0259tl\u0259rin\u0259 m\u00f6vcud v\u0259ziyy\u0259ti d\u0259yi\u015fm\u0259k v\u0259 ya d\u00fcz\u0259ltm\u0259k \u00fc\u00e7\u00fcn h\u0259ll\u0259r sistemi t\u0259klif edir. Lakin TOM h\u0259m Az\u0259rbaycanda, h\u0259m d\u0259 Sinqapurda Minisamy Mahendran t\u0259r\u0259find\u0259n idar\u0259 olunur.\n<\/p>\n<p>\n  \u201cCompass Development Holdings VII\u201d 2014-c\u00fc ilin noyabr\u0131n 14-d\u0259 Hong Kongda yarad\u0131l\u0131b. 1 ay sonra, y\u0259ni dekabr\u0131n 30-da \u015firk\u0259t Az\u0259rbaycanda Nigar Hac\u0131yeva adl\u0131 \u015f\u0259xs t\u0259r\u0259find\u0259n qeydiyyatdan ke\u00e7irilib. Bundan bir g\u00fcn \u0259vv\u0259l, y\u0259ni dekabr\u0131n 29-da da Nigar Hac\u0131yeva t\u0259r\u0259find\u0259n \u201cCompass Offices Services Azerbaijan Limited\u201d qeydiyyata al\u0131n\u0131b. Amma qeydl\u0259r g\u00f6st\u0259rir ki, h\u0259r iki \u015firk\u0259t \u0130ngilt\u0259r\u0259 v\u0259t\u0259nda\u015f\u0131 olan Alan James Craig Mackay t\u0259r\u0259find\u0259n idar\u0259 olunur.\n<\/p>\n<p>\n  <b><br \/>\n    <i><br \/>\n      H\u0259r iki \u015firk\u0259tin f\u0259aliyy\u0259ti m\u0259lum deyil.<br \/>\n    <\/i><br \/>\n  <\/b>\n<\/p>\n<p>\n  \u0130sve\u00e7 \u015firk\u0259ti, \u201cAzercell\u201d Telekomun 38.1 faiz hiss\u0259sinin sahibi \u201cTeliasonera\u201d 2017-ci ilin sona q\u0259d\u0259r \u00f6lk\u0259ni t\u0259rk ed\u0259c\u0259yini b\u0259yan edib. 5 il \u0259vv\u0259l OCCRP v\u0259 \u0130sve\u00e7r\u0259 telekanal\u0131 SVT-in ara\u015fd\u0131rmas\u0131ndan \u201cTeliasonera\u201dn\u0131n \u00d6zb\u0259kistanda 3G lisenziyas\u0131 \u0259ld\u0259 etm\u0259k \u00fc\u00e7\u00fcn hakim ail\u0259nin yax\u0131n dostu v\u0259 biznes t\u0259r\u0259fda\u015f\u0131 olan bir \u015firk\u0259t\u0259 320 milyon dollara yax\u0131n r\u00fc\u015fv\u0259t verm\u0259si m\u0259lum olub. \u0130sve\u00e7 prokurorlar\u0131 Az\u0259rbaycanda r\u00fc\u015fv\u0259t iddias\u0131ndan sonra istintaqa ba\u015flamaqlar\u0131na baxmayaraq, i\u015f 2016-c\u0131 ild\u0259 ba\u015fa \u00e7at\u0131b.\n<\/p>\n<p>\n  \u201cKonkret \u015f\u00fcbh\u0259l\u0259rimizin olmas\u0131na baxmayaraq, \u0259limizd\u0259 yet\u0259ri q\u0259d\u0259r fakt olmad\u0131\u011f\u0131 \u00fc\u00e7\u00fcn r\u00fc\u015fv\u0259t m\u0259s\u0259l\u0259sini s\u00fcbut ed\u0259 bilmirik.\u201d Prokuror Gunnar Steler TT x\u0259b\u0259r agentliyin\u0259 deyib.\n<\/p>\n<p>\n  \u201cTeliasonera Holding BV\u201d-in a\u00e7\u0131qlamas\u0131na g\u00f6r\u0259, t\u0259dric\u0259n \u015firk\u0259t Avrasiya regionundak\u0131 f\u0259aliyy\u0259tin\u0259 son ver\u0259c\u0259k.\u00a0 \u015eirk\u0259t, uzun ill\u0259rdir yerli t\u0259r\u0259fda\u015flar\u0131n\u0131n korrupsiyaya u\u011framas\u0131na dair ara\u015fd\u0131rmalardan yoruldu\u011funu bildirib. H\u0259m\u00e7inin, Nebal v\u0259 \u00d6zb\u0259kistandak\u0131 aktivl\u0259rini sat\u0131b.\n<\/p>\n<p>\n  \u00d6lk\u0259ni t\u0259rk ed\u0259n \u015firk\u0259tl\u0259rl\u0259 yana\u015f\u0131 2017-ci ild\u0259 bir ne\u00e7\u0259 \u015firk\u0259t d\u0259 Az\u0259rbaycana g\u0259lm\u0259k q\u0259rar\u0131na g\u0259lib. Bu \u015firk\u0259tl\u0259rd\u0259n biri d\u0259 \u00c7in\u0259 m\u0259xsus Fijutsu \u015firk\u0259tidir.\u00a0 \u201cFujitsu\u201d-nun sayt\u0131nda veril\u0259n m\u0259lumata g\u00f6r\u0259, ke\u00e7\u0259n il \u015firk\u0259t \u015f\u0259xsi komp\u00fcter v\u0259 telefon m\u00fc\u0259ssis\u0259l\u0259rini \u00c7ind\u0259 satma\u011fa \u00e7al\u0131\u015f\u0131b.\n<\/p>\n<p>\n  Bu ilin fevral\u0131nda qeydiyyatdan ke\u00e7\u0259n dig\u0259r \u015firk\u0259t is\u0259, \u201cMillers Oil Britain\u201d adlan\u0131r.\u00a0 Noyabr\u0131n 23-\u00fc, Az\u0259rbaycan Milli Elml\u0259r Akademiyas\u0131 t\u0259dqiqat v\u0259 texnologiyalara k\u00f6m\u0259klik g\u00f6st\u0259rm\u0259kl\u0259 ba\u011fl\u0131 yeni \u015firk\u0259tl\u0259 \u0259m\u0259kda\u015fl\u0131q ed\u0259c\u0259yini elan edib. \u201cMillers Oil\u201d klassik m\u00fch\u0259rrk ya\u011flar\u0131n\u0131n istegsal\u0131 il\u0259 m\u0259\u015f\u011fuldur.<\/p>\n","protected":false},"excerpt":{"rendered":"<p>5 tenderin qalibi olan \u015firk\u0259t \u00f6lk\u0259ni t\u0259rk edib<\/p>\n","protected":false},"author":11,"featured_media":96554,"comment_status":"closed","ping_status":"open","sticky":false,"template":"","format":"standard","meta":{"_acf_changed":false,"_sitemap_exclude":false,"_sitemap_priority":"","_sitemap_frequency":"","footnotes":""},"categories":[51],"tags":[],"class_list":["post-187797","post","type-post","status-publish","format-standard","has-post-thumbnail","hentry","category-analitika","infinite-scroll-item","generate-columns","tablet-grid-50","mobile-grid-100","grid-parent","grid-33","no-featured-image-padding"],"acf":[],"yoast_head":"<!-- This site is optimized with the Yoast SEO plugin v27.4 - https:\/\/yoast.com\/product\/yoast-seo-wordpress\/ -->\n<title>Az\u0259rbaycana g\u0259l\u0259n v\u0259 ged\u0259n \u015firk\u0259tl\u0259r - MEYDAN.TV<\/title>\n<meta name=\"robots\" content=\"index, follow, max-snippet:-1, max-image-preview:large, max-video-preview:-1\" \/>\n<link rel=\"canonical\" href=\"https:\/\/www.meydan.tv\/az\/article\/azerbaycana-gelen-ve-geden-sirketler\/\" \/>\n<meta property=\"og:locale\" content=\"az_AZ\" \/>\n<meta property=\"og:type\" content=\"article\" \/>\n<meta property=\"og:title\" content=\"Az\u0259rbaycana g\u0259l\u0259n v\u0259 ged\u0259n \u015firk\u0259tl\u0259r - MEYDAN.TV\" \/>\n<meta property=\"og:description\" content=\"5 tenderin qalibi olan \u015firk\u0259t \u00f6lk\u0259ni t\u0259rk edib\" \/>\n<meta property=\"og:url\" content=\"https:\/\/www.meydan.tv\/az\/article\/azerbaycana-gelen-ve-geden-sirketler\/\" \/>\n<meta property=\"og:site_name\" content=\"MEYDAN.TV\" \/>\n<meta property=\"article:published_time\" content=\"2017-12-11T16:18:25+00:00\" \/>\n<meta property=\"og:image\" content=\"https:\/\/www.meydan.tv\/wp-content\/uploads\/38114.png\" \/>\n\t<meta property=\"og:image:width\" content=\"810\" \/>\n\t<meta property=\"og:image:height\" content=\"450\" \/>\n\t<meta property=\"og:image:type\" content=\"image\/png\" \/>\n<meta name=\"author\" content=\"user-manager\" \/>\n<meta name=\"twitter:card\" content=\"summary_large_image\" \/>\n<script type=\"application\/ld+json\" class=\"yoast-schema-graph\">{\"@context\":\"https:\\\/\\\/schema.org\",\"@graph\":[{\"@type\":\"Article\",\"@id\":\"https:\\\/\\\/www.meydan.tv\\\/az\\\/article\\\/azerbaycana-gelen-ve-geden-sirketler\\\/#article\",\"isPartOf\":{\"@id\":\"https:\\\/\\\/www.meydan.tv\\\/az\\\/article\\\/azerbaycana-gelen-ve-geden-sirketler\\\/\"},\"author\":{\"name\":\"user-manager\",\"@id\":\"https:\\\/\\\/www.meydan.tv\\\/az\\\/#\\\/schema\\\/person\\\/10d11eccf6da3662cf5fdab9806ea91a\"},\"headline\":\"Az\u0259rbaycana g\u0259l\u0259n v\u0259 ged\u0259n \u015firk\u0259tl\u0259r\",\"datePublished\":\"2017-12-11T16:18:25+00:00\",\"mainEntityOfPage\":{\"@id\":\"https:\\\/\\\/www.meydan.tv\\\/az\\\/article\\\/azerbaycana-gelen-ve-geden-sirketler\\\/\"},\"wordCount\":1693,\"publisher\":{\"@id\":\"https:\\\/\\\/www.meydan.tv\\\/az\\\/#organization\"},\"image\":{\"@id\":\"https:\\\/\\\/www.meydan.tv\\\/az\\\/article\\\/azerbaycana-gelen-ve-geden-sirketler\\\/#primaryimage\"},\"thumbnailUrl\":\"https:\\\/\\\/www.meydan.tv\\\/wp-content\\\/uploads\\\/38114.png\",\"articleSection\":[\"Analitika\"],\"inLanguage\":\"az\"},{\"@type\":\"WebPage\",\"@id\":\"https:\\\/\\\/www.meydan.tv\\\/az\\\/article\\\/azerbaycana-gelen-ve-geden-sirketler\\\/\",\"url\":\"https:\\\/\\\/www.meydan.tv\\\/az\\\/article\\\/azerbaycana-gelen-ve-geden-sirketler\\\/\",\"name\":\"Az\u0259rbaycana g\u0259l\u0259n v\u0259 ged\u0259n \u015firk\u0259tl\u0259r - MEYDAN.TV\",\"isPartOf\":{\"@id\":\"https:\\\/\\\/www.meydan.tv\\\/az\\\/#website\"},\"primaryImageOfPage\":{\"@id\":\"https:\\\/\\\/www.meydan.tv\\\/az\\\/article\\\/azerbaycana-gelen-ve-geden-sirketler\\\/#primaryimage\"},\"image\":{\"@id\":\"https:\\\/\\\/www.meydan.tv\\\/az\\\/article\\\/azerbaycana-gelen-ve-geden-sirketler\\\/#primaryimage\"},\"thumbnailUrl\":\"https:\\\/\\\/www.meydan.tv\\\/wp-content\\\/uploads\\\/38114.png\",\"datePublished\":\"2017-12-11T16:18:25+00:00\",\"breadcrumb\":{\"@id\":\"https:\\\/\\\/www.meydan.tv\\\/az\\\/article\\\/azerbaycana-gelen-ve-geden-sirketler\\\/#breadcrumb\"},\"inLanguage\":\"az\",\"potentialAction\":[{\"@type\":\"ReadAction\",\"target\":[\"https:\\\/\\\/www.meydan.tv\\\/az\\\/article\\\/azerbaycana-gelen-ve-geden-sirketler\\\/\"]}]},{\"@type\":\"ImageObject\",\"inLanguage\":\"az\",\"@id\":\"https:\\\/\\\/www.meydan.tv\\\/az\\\/article\\\/azerbaycana-gelen-ve-geden-sirketler\\\/#primaryimage\",\"url\":\"https:\\\/\\\/www.meydan.tv\\\/wp-content\\\/uploads\\\/38114.png\",\"contentUrl\":\"https:\\\/\\\/www.meydan.tv\\\/wp-content\\\/uploads\\\/38114.png\",\"width\":810,\"height\":450,\"caption\":\"Source:\"},{\"@type\":\"BreadcrumbList\",\"@id\":\"https:\\\/\\\/www.meydan.tv\\\/az\\\/article\\\/azerbaycana-gelen-ve-geden-sirketler\\\/#breadcrumb\",\"itemListElement\":[{\"@type\":\"ListItem\",\"position\":1,\"name\":\"Ana s\u0259hif\u0259\",\"item\":\"https:\\\/\\\/www.meydan.tv\\\/az\\\/\"},{\"@type\":\"ListItem\",\"position\":2,\"name\":\"Analitika\",\"item\":\"https:\\\/\\\/www.meydan.tv\\\/az\\\/section\\\/analitika\\\/\"},{\"@type\":\"ListItem\",\"position\":3,\"name\":\"Az\u0259rbaycana g\u0259l\u0259n v\u0259 ged\u0259n \u015firk\u0259tl\u0259r\"}]},{\"@type\":\"WebSite\",\"@id\":\"https:\\\/\\\/www.meydan.tv\\\/az\\\/#website\",\"url\":\"https:\\\/\\\/www.meydan.tv\\\/az\\\/\",\"name\":\"MEYDAN.TV\",\"description\":\"Meydan TV Az\u0259rbaycan\u0131n media m\u0259kan\u0131ndak\u0131 alternativ s\u0259sidir\",\"publisher\":{\"@id\":\"https:\\\/\\\/www.meydan.tv\\\/az\\\/#organization\"},\"potentialAction\":[{\"@type\":\"SearchAction\",\"target\":{\"@type\":\"EntryPoint\",\"urlTemplate\":\"https:\\\/\\\/www.meydan.tv\\\/az\\\/?s={search_term_string}\"},\"query-input\":{\"@type\":\"PropertyValueSpecification\",\"valueRequired\":true,\"valueName\":\"search_term_string\"}}],\"inLanguage\":\"az\"},{\"@type\":\"Organization\",\"@id\":\"https:\\\/\\\/www.meydan.tv\\\/az\\\/#organization\",\"name\":\"Meydan TV\",\"url\":\"https:\\\/\\\/www.meydan.tv\\\/az\\\/\",\"logo\":{\"@type\":\"ImageObject\",\"inLanguage\":\"az\",\"@id\":\"https:\\\/\\\/www.meydan.tv\\\/az\\\/#\\\/schema\\\/logo\\\/image\\\/\",\"url\":\"https:\\\/\\\/www.meydan.tv\\\/wp-content\\\/uploads\\\/2021\\\/07\\\/meydan-logo.svg\",\"contentUrl\":\"https:\\\/\\\/www.meydan.tv\\\/wp-content\\\/uploads\\\/2021\\\/07\\\/meydan-logo.svg\",\"width\":195,\"height\":46,\"caption\":\"Meydan TV\"},\"image\":{\"@id\":\"https:\\\/\\\/www.meydan.tv\\\/az\\\/#\\\/schema\\\/logo\\\/image\\\/\"}},{\"@type\":\"Person\",\"@id\":\"https:\\\/\\\/www.meydan.tv\\\/az\\\/#\\\/schema\\\/person\\\/10d11eccf6da3662cf5fdab9806ea91a\",\"name\":\"user-manager\"}]}<\/script>\n<!-- \/ Yoast SEO plugin. -->","yoast_head_json":{"title":"Az\u0259rbaycana g\u0259l\u0259n v\u0259 ged\u0259n \u015firk\u0259tl\u0259r - MEYDAN.TV","robots":{"index":"index","follow":"follow","max-snippet":"max-snippet:-1","max-image-preview":"max-image-preview:large","max-video-preview":"max-video-preview:-1"},"canonical":"https:\/\/www.meydan.tv\/az\/article\/azerbaycana-gelen-ve-geden-sirketler\/","og_locale":"az_AZ","og_type":"article","og_title":"Az\u0259rbaycana g\u0259l\u0259n v\u0259 ged\u0259n \u015firk\u0259tl\u0259r - MEYDAN.TV","og_description":"5 tenderin qalibi olan \u015firk\u0259t \u00f6lk\u0259ni t\u0259rk edib","og_url":"https:\/\/www.meydan.tv\/az\/article\/azerbaycana-gelen-ve-geden-sirketler\/","og_site_name":"MEYDAN.TV","article_published_time":"2017-12-11T16:18:25+00:00","og_image":[{"width":810,"height":450,"url":"https:\/\/www.meydan.tv\/wp-content\/uploads\/38114.png","type":"image\/png"}],"author":"user-manager","twitter_card":"summary_large_image","schema":{"@context":"https:\/\/schema.org","@graph":[{"@type":"Article","@id":"https:\/\/www.meydan.tv\/az\/article\/azerbaycana-gelen-ve-geden-sirketler\/#article","isPartOf":{"@id":"https:\/\/www.meydan.tv\/az\/article\/azerbaycana-gelen-ve-geden-sirketler\/"},"author":{"name":"user-manager","@id":"https:\/\/www.meydan.tv\/az\/#\/schema\/person\/10d11eccf6da3662cf5fdab9806ea91a"},"headline":"Az\u0259rbaycana g\u0259l\u0259n v\u0259 ged\u0259n \u015firk\u0259tl\u0259r","datePublished":"2017-12-11T16:18:25+00:00","mainEntityOfPage":{"@id":"https:\/\/www.meydan.tv\/az\/article\/azerbaycana-gelen-ve-geden-sirketler\/"},"wordCount":1693,"publisher":{"@id":"https:\/\/www.meydan.tv\/az\/#organization"},"image":{"@id":"https:\/\/www.meydan.tv\/az\/article\/azerbaycana-gelen-ve-geden-sirketler\/#primaryimage"},"thumbnailUrl":"https:\/\/www.meydan.tv\/wp-content\/uploads\/38114.png","articleSection":["Analitika"],"inLanguage":"az"},{"@type":"WebPage","@id":"https:\/\/www.meydan.tv\/az\/article\/azerbaycana-gelen-ve-geden-sirketler\/","url":"https:\/\/www.meydan.tv\/az\/article\/azerbaycana-gelen-ve-geden-sirketler\/","name":"Az\u0259rbaycana g\u0259l\u0259n v\u0259 ged\u0259n \u015firk\u0259tl\u0259r - MEYDAN.TV","isPartOf":{"@id":"https:\/\/www.meydan.tv\/az\/#website"},"primaryImageOfPage":{"@id":"https:\/\/www.meydan.tv\/az\/article\/azerbaycana-gelen-ve-geden-sirketler\/#primaryimage"},"image":{"@id":"https:\/\/www.meydan.tv\/az\/article\/azerbaycana-gelen-ve-geden-sirketler\/#primaryimage"},"thumbnailUrl":"https:\/\/www.meydan.tv\/wp-content\/uploads\/38114.png","datePublished":"2017-12-11T16:18:25+00:00","breadcrumb":{"@id":"https:\/\/www.meydan.tv\/az\/article\/azerbaycana-gelen-ve-geden-sirketler\/#breadcrumb"},"inLanguage":"az","potentialAction":[{"@type":"ReadAction","target":["https:\/\/www.meydan.tv\/az\/article\/azerbaycana-gelen-ve-geden-sirketler\/"]}]},{"@type":"ImageObject","inLanguage":"az","@id":"https:\/\/www.meydan.tv\/az\/article\/azerbaycana-gelen-ve-geden-sirketler\/#primaryimage","url":"https:\/\/www.meydan.tv\/wp-content\/uploads\/38114.png","contentUrl":"https:\/\/www.meydan.tv\/wp-content\/uploads\/38114.png","width":810,"height":450,"caption":"Source:"},{"@type":"BreadcrumbList","@id":"https:\/\/www.meydan.tv\/az\/article\/azerbaycana-gelen-ve-geden-sirketler\/#breadcrumb","itemListElement":[{"@type":"ListItem","position":1,"name":"Ana s\u0259hif\u0259","item":"https:\/\/www.meydan.tv\/az\/"},{"@type":"ListItem","position":2,"name":"Analitika","item":"https:\/\/www.meydan.tv\/az\/section\/analitika\/"},{"@type":"ListItem","position":3,"name":"Az\u0259rbaycana g\u0259l\u0259n v\u0259 ged\u0259n \u015firk\u0259tl\u0259r"}]},{"@type":"WebSite","@id":"https:\/\/www.meydan.tv\/az\/#website","url":"https:\/\/www.meydan.tv\/az\/","name":"MEYDAN.TV","description":"Meydan TV Az\u0259rbaycan\u0131n media m\u0259kan\u0131ndak\u0131 alternativ s\u0259sidir","publisher":{"@id":"https:\/\/www.meydan.tv\/az\/#organization"},"potentialAction":[{"@type":"SearchAction","target":{"@type":"EntryPoint","urlTemplate":"https:\/\/www.meydan.tv\/az\/?s={search_term_string}"},"query-input":{"@type":"PropertyValueSpecification","valueRequired":true,"valueName":"search_term_string"}}],"inLanguage":"az"},{"@type":"Organization","@id":"https:\/\/www.meydan.tv\/az\/#organization","name":"Meydan TV","url":"https:\/\/www.meydan.tv\/az\/","logo":{"@type":"ImageObject","inLanguage":"az","@id":"https:\/\/www.meydan.tv\/az\/#\/schema\/logo\/image\/","url":"https:\/\/www.meydan.tv\/wp-content\/uploads\/2021\/07\/meydan-logo.svg","contentUrl":"https:\/\/www.meydan.tv\/wp-content\/uploads\/2021\/07\/meydan-logo.svg","width":195,"height":46,"caption":"Meydan TV"},"image":{"@id":"https:\/\/www.meydan.tv\/az\/#\/schema\/logo\/image\/"}},{"@type":"Person","@id":"https:\/\/www.meydan.tv\/az\/#\/schema\/person\/10d11eccf6da3662cf5fdab9806ea91a","name":"user-manager"}]}},"_links":{"self":[{"href":"https:\/\/www.meydan.tv\/az\/wp-json\/wp\/v2\/posts\/187797","targetHints":{"allow":["GET"]}}],"collection":[{"href":"https:\/\/www.meydan.tv\/az\/wp-json\/wp\/v2\/posts"}],"about":[{"href":"https:\/\/www.meydan.tv\/az\/wp-json\/wp\/v2\/types\/post"}],"author":[{"embeddable":true,"href":"https:\/\/www.meydan.tv\/az\/wp-json\/wp\/v2\/users\/11"}],"replies":[{"embeddable":true,"href":"https:\/\/www.meydan.tv\/az\/wp-json\/wp\/v2\/comments?post=187797"}],"version-history":[{"count":0,"href":"https:\/\/www.meydan.tv\/az\/wp-json\/wp\/v2\/posts\/187797\/revisions"}],"wp:featuredmedia":[{"embeddable":true,"href":"https:\/\/www.meydan.tv\/az\/wp-json\/wp\/v2\/media\/96554"}],"wp:attachment":[{"href":"https:\/\/www.meydan.tv\/az\/wp-json\/wp\/v2\/media?parent=187797"}],"wp:term":[{"taxonomy":"category","embeddable":true,"href":"https:\/\/www.meydan.tv\/az\/wp-json\/wp\/v2\/categories?post=187797"},{"taxonomy":"post_tag","embeddable":true,"href":"https:\/\/www.meydan.tv\/az\/wp-json\/wp\/v2\/tags?post=187797"}],"curies":[{"name":"wp","href":"https:\/\/api.w.org\/{rel}","templated":true}]}}