{"id":187786,"date":"2017-12-09T21:52:43","date_gmt":"2017-12-09T21:52:43","guid":{"rendered":"https:\/\/www.meydan.tv\/article\/quds\/"},"modified":"2017-12-09T21:52:43","modified_gmt":"2017-12-09T21:52:43","slug":"quds","status":"publish","type":"post","link":"https:\/\/www.meydan.tv\/az\/article\/quds\/","title":{"rendered":"Q\u00fcds"},"content":{"rendered":"<figure class=\"wp-block-image size-large\">\n  <img decoding=\"async\" src=\"https:\/\/www.meydan.tv\/az\/quds\/\" alt=\"Q\u00fcds\" class=\"wp-image-96536\"\/><figcaption>\n    Q\u00fcds<br \/>\n  <\/figcaption><\/figure>\n<p>\n  <i><br \/>\n    Veto h\u00fcququndan istifad\u0259 etm\u0259y\u0259r\u0259k bit\u0259r\u0259f qalan AB\u015e bu g\u00fcn Q\u00fcds\u00fc \u0130srailin paytaxt\u0131 kimi tan\u0131d\u0131\u011f\u0131 elan edir<br \/>\n  <\/i>\n<\/p>\n<p>\n  Dekabr\u0131n 6-da AB\u015e prezidenti Donald Tramp Q\u00fcds \u015f\u0259h\u0259rini \u0130srailin paytaxt\u0131 kimi tan\u0131d\u0131 v\u0259 bu \u00f6lk\u0259d\u0259ki s\u0259firliyin Tel-\u018fvivd\u0259n Q\u00fcds\u0259 k\u00f6\u00e7\u00fcr\u00fcl\u0259c\u0259yini bildirdi. Bel\u0259c\u0259, beyn\u0259lxalq h\u00fcququ, BMT q\u0259tnam\u0259l\u0259rini \u00e7eyn\u0259y\u0259n, F\u0259l\u0259stin probleminin n\u0259 vaxtsa s\u00fclh yolu il\u0259 h\u0259ll edil\u0259c\u0259yi \u00fcmidinin \u00fcz\u0259rin\u0259 qat\u0131 x\u0259tt \u00e7\u0259k\u0259n q\u0259rar q\u0259bul edildi.\n<\/p>\n<p>\n  Maraql\u0131d\u0131r ki, bu add\u0131m m\u00fcs\u0259lmanlar\u0131n Q\u00fcds \u00fcz\u0259rind\u0259 n\u0259zar\u0259ti itirm\u0259l\u0259rinin 100 illiyi \u0259r\u0259f\u0259sind\u0259 ba\u015f verdi. Birinci cahan sava\u015f\u0131n\u0131n gedi\u015find\u0259, 1917-ci il dekabr\u0131n 9-da ingilisl\u0259r osmanl\u0131-alman q\u00fcvv\u0259l\u0259rini m\u0259\u011flub ed\u0259r\u0259k Q\u00fcds\u00fc \u0259l\u0259 ke\u00e7irdil\u0259r. Taleyin istehzas\u0131 is\u0259 ondan ibar\u0259tdir ki, bu hadis\u0259nin ba\u015f verm\u0259sind\u0259 Osmanl\u0131ya qar\u015f\u0131 \u00fcsyan etmi\u015f \u0259r\u0259bl\u0259r \u0259h\u0259miyy\u0259tli rol oynam\u0131\u015fd\u0131lar.\n<\/p>\n<p>\n  ***<br \/>\n  <br \/>\n  Q\u00fcds d\u00fcnyan\u0131n \u0259n q\u0259dim ya\u015fay\u0131\u015f m\u0259sk\u0259nl\u0259rind\u0259n biridir. Onun 6 min il ya\u015f\u0131 oldu\u011fu s\u00f6yl\u0259nilir. O, h\u0259r \u00fc\u00e7 \u0130brahimi dind\u0259 m\u00fcq\u0259dd\u0259s \u015f\u0259h\u0259r hesab olunur. \u0130udaizmd\u0259 v\u0259 xristianl\u0131qda \u0259sas, \u0130slamda is\u0259 M\u0259kk\u0259 v\u0259 M\u0259din\u0259d\u0259n sonra \u00fc\u00e7\u00fcnc\u00fc m\u00fcq\u0259dd\u0259s \u015f\u0259h\u0259r say\u0131l\u0131r.\n<\/p>\n<p>\n  H\u0259m strateji \u0259h\u0259miyy\u0259tin\u0259, h\u0259m d\u0259 co\u011frafi m\u00f6veyin\u0259 g\u00f6r\u0259 Q\u00fcds antik d\u00f6vrl\u0259rd\u0259n h\u00fccumlara, i\u015f\u011fallara m\u0259ruz qal\u0131b. Bu bax\u0131mdan d\u00fcnya tarixind\u0259 \u00f6n s\u0131ralarda olan \u015f\u0259h\u0259rl\u0259rd\u0259n biri, b\u0259lk\u0259 d\u0259 birincisidir. 6 min illik tarixi \u0259rzind\u0259 Q\u00fcds \u0259n az\u0131 2 d\u0259f\u0259 tam da\u011f\u0131d\u0131l\u0131b (eram\u0131z\u0131n 70-ci ilind\u0259 romal\u0131lar v\u0259 1244-c\u00fc ild\u0259 xar\u0259zmlil\u0259r t\u0259r\u0259find\u0259n), 23 d\u0259f\u0259 m\u00fchasir\u0259y\u0259 al\u0131n\u0131b, 52 d\u0259f\u0259 h\u00fccuma m\u0259ruz qal\u0131b, 44 d\u0259f\u0259 f\u0259th edilib.\n<\/p>\n<p>\n  Eram\u0131zdan \u0259vv\u0259l XI \u0259srd\u0259 y\u0259hudil\u0259rin \u0259lin\u0259 ke\u00e7\u0259n \u015f\u0259h\u0259r sonralar bir \u00e7ox (Babil, \u018fh\u0259m\u0259ni, \u0130sk\u0259nd\u0259r, Misir, Roma, Bizans) d\u00f6vl\u0259tl\u0259rin t\u0259rkibind\u0259 olub. 614-c\u00fc ild\u0259 Sasani \u015fah\u0131 II Xorov P\u0259rviz \u015f\u0259h\u0259ri Bizansdan al\u0131b. 15 il sonra is\u0259 Bizans Q\u00fcds \u00fcz\u0259rind\u0259 n\u0259zar\u0259ti b\u0259rpa edib. Lakin bu v\u0259ziyy\u0259t d\u0259 uzun s\u00fcrm\u0259yib.\n<\/p>\n<p>\n  Bu d\u00f6vrd\u0259 \u018fr\u0259bistan yar\u0131madas\u0131nda yeni d\u00f6vl\u0259t \u2013 Xilaf\u0259t yaran\u0131rd\u0131. Qurulu\u015funun ilk ill\u0259rind\u0259n \u0259traf \u0259razil\u0259r\u0259 ekspansiyaya ba\u015flayan bu d\u00f6vl\u0259t art\u0131q 638-ci ild\u0259 Q\u00fcds\u00fc \u0259l\u0259 ke\u00e7irdi. Bununla da \u015f\u0259h\u0259rd\u0259 xa\u00e7l\u0131lar d\u00f6n\u0259mind\u0259 103 illik (88+15) fasil\u0259 istisna olmaqla 13 \u0259sr davam ed\u0259n m\u00fcs\u0259lman hegemonlu\u011fu ba\u015flad\u0131.\n<\/p>\n<p>\n  Abbasil\u0259r xilaf\u0259tinin z\u0259ifl\u0259m\u0259si il\u0259 XI \u0259srd\u0259 Q\u00fcds \u015fi\u0259 Fatimil\u0259r d\u00f6vl\u0259tinin n\u0259zar\u0259tin\u0259 ke\u00e7ir. \u018fsrin son r\u00fcb\u00fcnd\u0259 fatimil\u0259r v\u0259 s\u0259lcuqlar \u015f\u0259h\u0259r u\u011frunda bir-birl\u0259ri il\u0259 d\u0259yi\u015fk\u0259n m\u00fcv\u0259ff\u0259qiyy\u0259tl\u0259 m\u00fcbariz\u0259 apar\u0131rlar. Bu m\u00fcbariz\u0259y\u0259 avropal\u0131lar son qoydular. Birinci xa\u00e7 y\u00fcr\u00fc\u015f\u00fc n\u0259tic\u0259sind\u0259 Q\u00fcds xristianlar\u0131n \u0259lin\u0259 ke\u00e7ir v\u0259 1099-cu ild\u0259 burada Q\u00fcds krall\u0131\u011f\u0131 yarad\u0131l\u0131r.\n<\/p>\n<p>\n  \u0130slam d\u00fcnyas\u0131n\u0131n b\u00f6y\u00fck s\u0259rk\u0259rd\u0259si S\u0259lah\u0259ddin \u018fyyubi 1187-ci ild\u0259 Q\u00fcds\u00fc geri qaytard\u0131. Onun \u00f6l\u00fcm\u00fcnd\u0259n sonra is\u0259 \u00f6vladlar\u0131 aras\u0131nda ged\u0259n \u00e7\u0259ki\u015fm\u0259l\u0259rd\u0259n istifad\u0259 ed\u0259n M\u00fcq\u0259dd\u0259s Roma imperatoru II Fridrix diplomatik yollarla \u015f\u0259h\u0259r \u00fcz\u0259rind\u0259 xristianlar\u0131n n\u0259zar\u0259tini b\u0259rpa etdi. Lakin analoji status-kvo c\u0259mi 15 il \u00e7\u0259kdi.<br \/>\n  <br \/>\n  Monqol h\u00fccumlar\u0131 n\u0259tic\u0259sind\u0259 darmada\u011f\u0131n edil\u0259n Xar\u0259zm\u015fahlar d\u00f6vl\u0259tinin \u018fyyubil\u0259r d\u00f6vl\u0259tin\u0259 s\u0131\u011f\u0131nan xeyli h\u0259rbi q\u00fcvv\u0259sind\u0259n istifad\u0259 ed\u0259n sultan Salih 1244-c\u00fc ild\u0259 Q\u00fcds\u00fc geri qaytar\u0131r. Bundan sonrak\u0131 7 \u0259sr \u0259rzind\u0259 Q\u00fcds m\u00fcs\u0259lmanlar\u0131n n\u0259zar\u0259tind\u0259 olur.\n<\/p>\n<p>\n  \u018fyyubil\u0259r d\u00f6vl\u0259tinin s\u00fcqutu il\u0259 \u015f\u0259h\u0259r 1260-c\u0131 ild\u0259 Misir m\u0259ml\u00fck sultanl\u0131\u011f\u0131n\u0131n, 1517-ci ild\u0259 is\u0259 Osmanl\u0131 d\u00f6vl\u0259tinin hakimiyy\u0259ti alt\u0131na ke\u00e7ir. Sultan S\u00fcleyman Qanuninin zaman\u0131nda Q\u00fcds\u00fcn yeni dir\u00e7\u0259li\u015fi ba\u015flay\u0131r. \u0130mperiyan\u0131n tolerant dini siyas\u0259ti n\u0259tic\u0259sind\u0259 buradak\u0131 ziyar\u0259tgahlara xristian v\u0259 y\u0259hudi z\u0259vvarlar\u0131n ax\u0131n\u0131 art\u0131r.<br \/>\n  <br \/>\n  Sultan S\u00fcleyman \u015f\u0259h\u0259ri m\u00fcdafi\u0259 divarlar\u0131 il\u0259 \u0259hat\u0259y\u0259 al\u0131r. Maraql\u0131d\u0131r ki, 3 \u0259sr \u0259rzind\u0259 \u0259halinin say\u0131nda x\u00fcsusi art\u0131m olmad\u0131\u011f\u0131ndan \u015f\u0259h\u0259r bu divarlar\u0131n \u0259hat\u0259sin\u0259 s\u0131\u011f\u0131\u015f\u0131b qal\u0131r. Yaln\u0131z XIX \u0259srin ortalar\u0131nda divarlardan k\u0259narda yeni tikilil\u0259r in\u015fa olunur. \u0130ndi divar \u0259hat\u0259sind\u0259 olan \u0259razi \u201cK\u00f6hn\u0259 \u015f\u0259h\u0259r\u201d, divarlardan k\u0259narda olan is\u0259 \u201cYeni \u015f\u0259h\u0259r\u201d adlan\u0131r.\n<\/p>\n<p>\n  \u018fr\u0259b mill\u0259t\u00e7iliyind\u0259n Osmanl\u0131 d\u00f6vl\u0259tin\u0259 qar\u015f\u0131 istifad\u0259y\u0259 ilk d\u0259f\u0259 Rusiya c\u0259hd etmi\u015fdi.\u00a0XVIII \u0259srin ikinci yar\u0131s\u0131nda onlar Misirin m\u0259ml\u00fck hakimi \u018fli b\u0259y K\u0259birl\u0259 \u0259laq\u0259 yaratd\u0131lar, sultana qar\u015f\u0131 \u00e7\u0131x\u0131b m\u00fcst\u0259qillik elan ed\u0259c\u0259yi t\u0259qdird\u0259 d\u0259st\u0259kl\u0259rini v\u0259d etdil\u0259r.\n<\/p>\n<p>\n  1768-ci ild\u0259 yeni rus-t\u00fcrk m\u00fcharib\u0259si ba\u015flayark\u0259n \u018fli b\u0259y Misirin m\u00fcst\u0259qilliyini elan etdi. Lakin bu d\u00f6vrd\u0259 dini h\u0259mr\u0259ylik h\u0259l\u0259 mill\u0259t\u00e7ilikd\u0259n \u00fcst\u00fcn idi. \u018fli b\u0259yin qo\u015funu h\u0259m d\u0259 \u0130slam x\u0259lif\u0259si olan Osmanl\u0131 sultan\u0131na qar\u015f\u0131 d\u00f6y\u00fc\u015fm\u0259kd\u0259n imtina etdi. N\u0259tic\u0259d\u0259 \u018fli b\u0259y m\u0259\u011flub oldu v\u0259 d\u00f6y\u00fc\u015fd\u0259 ald\u0131\u011f\u0131 yaralardan 1773-c\u00fc ild\u0259 Qahir\u0259 zindan\u0131nda \u00f6ld\u00fc.\n<\/p>\n<p>\n  Eyni taktikadan Birinci cahan sava\u015f\u0131 zaman\u0131 ingilisl\u0259r daha u\u011furla istifad\u0259 etdil\u0259r.\n<\/p>\n<p>\n  ***<br \/>\n  <br \/>\n  XIX \u0259srd\u0259 Osmanl\u0131 hakimiyy\u0259tinin ucqarlara n\u0259zar\u0259tinin z\u0259ifl\u0259m\u0259sind\u0259n istifad\u0259 ed\u0259n \u0130ngilt\u0259r\u0259 \u0259r\u0259bl\u0259r ya\u015fayan \u0259razil\u0259rd\u0259 xeyli m\u00f6hk\u0259ml\u0259nmi\u015fdi. Burada onlar yerli tayfa ba\u015f\u00e7\u0131lar\u0131, n\u00fcfuzlu feodallar, \u015feyxl\u0259r il\u0259 s\u0131x \u0259laq\u0259 saxlay\u0131rd\u0131lar. Birinci cahan sava\u015f\u0131 ba\u015flayan kimi ingilisl\u0259r bu \u0259laq\u0259l\u0259rd\u0259n yararlanaraq \u0259r\u0259bl\u0259ri t\u00fcrkl\u0259r\u0259 qar\u015f\u0131 \u00e7\u0131xma\u011fa t\u0259hrik etdil\u0259r.\n<\/p>\n<p>\n  Bir \u00e7ox \u0259r\u0259b lideri ingilisl\u0259rin t\u0259klifin\u0259 m\u00fcsb\u0259t yana\u015fsalar da, \u0259n ciddi d\u0259st\u0259k M\u0259kk\u0259 \u015f\u0259rifi H\u00fcseyn bin \u018flid\u0259n g\u0259ldi. \u0130ngilisl\u0259r ona m\u00fcharib\u0259d\u0259n sonra yaranacaq b\u00f6y\u00fck \u0259r\u0259b d\u00f6vl\u0259tinin h\u00f6kmdarl\u0131\u011f\u0131n\u0131 v\u0259d etmi\u015fdil\u0259r. Bundan ruhlanan \u015f\u0259rif 1916-c\u0131 il iyunun 8-d\u0259 Osmanl\u0131 d\u00f6vl\u0259tin\u0259 qar\u015f\u0131 qiyam qald\u0131rd\u0131.\n<\/p>\n<p>\n  Onsuz da a\u011f\u0131r \u015f\u0259rtl\u0259r alt\u0131nda m\u00fcbariz\u0259 aparan osmanl\u0131lar\u0131 \u0259r\u0259b \u00fcsyan\u0131 lap \u00e7\u0131x\u0131lmaz v\u0259ziyy\u0259t\u0259 sald\u0131. Art\u0131q iyunun 16-da \u018fr\u0259bistan yar\u0131madas\u0131n\u0131n \u0259n m\u00fch\u00fcm liman\u0131 olan Cidd\u0259, daha sonra is\u0259 M\u0259kk\u0259 itirildi. Oktyabrda M\u0259din\u0259 \u00fcz\u0259rin\u0259 h\u00fccum is\u0259 t\u00fcrkl\u0259r t\u0259r\u0259find\u0259n d\u0259f edildi.\n<\/p>\n<p>\n  Noyabr\u0131n \u0259vv\u0259ll\u0259rind\u0259 H\u00fcseyn bin \u018fliy\u0259 loyal \u0259mirl\u0259rin toplant\u0131s\u0131 onu \u201c\u0259r\u0259b vilay\u0259tl\u0259rinin kral\u0131\u201d elan etdi. Yeni kral\u0131n t\u0259\u015fkil etdiyi h\u00f6kum\u0259td\u0259 \u0259sas v\u0259zif\u0259l\u0259ri \u00f6z o\u011fullar\u0131 tuturdu. \u018fli ba\u015f nazir, Abdullah xarici i\u015fl\u0259r naziri, Feys\u0259l is\u0259 daxili i\u015fl\u0259r naziri idil\u0259r.\n<\/p>\n<p>\n  Lakin H\u00fcseynin b\u00fct\u00fcn \u0259r\u0259bl\u0259rin kral\u0131 elan edilm\u0259si ingilisl\u0259rin ya\u011fl\u0131 v\u0259dl\u0259r verdikl\u0259ri dig\u0259r \u0259r\u0259b liderl\u0259ri il\u0259 m\u00fcnasib\u0259tl\u0259rin\u0259 z\u0259r\u0259r vururdu. Buna g\u00f6r\u0259 d\u0259 onlar H\u00fcseyni yaln\u0131z Hicaz (\u018fr\u0259bistan yar\u0131madas\u0131n\u0131n M\u0259kk\u0259 v\u0259 M\u0259din\u0259nin d\u0259 daxil oldu\u011fu q\u0259rb hiss\u0259si) kral\u0131 kimi tan\u0131d\u0131lar.\n<\/p>\n<p>\n  1917-ci ilin \u0259vv\u0259ll\u0259rind\u0259 ingilisl\u0259rl\u0259 birlikd\u0259 osmanl\u0131lara qar\u015f\u0131 d\u00f6y\u00fc\u015f\u0259n \u0259r\u0259bl\u0259rin say\u0131 art\u0131q 70 min\u0259 \u00e7at\u0131rd\u0131. May ay\u0131nda Auda \u018fbu Tayinin r\u0259hb\u0259rlik etdiyi b\u0259d\u0259vi \u0259r\u0259bl\u0259r Q\u0131rm\u0131z\u0131 d\u0259nizd\u0259 t\u00fcrkl\u0259rin n\u0259zar\u0259t etdikl\u0259ri son liman olan Akabe \u00fcz\u0259rin\u0259 h\u00fccuma ke\u00e7dil\u0259r. M\u0259\u015fhur ingilis k\u0259\u015ffiyyat\u00e7\u0131s\u0131 Lourensin d\u0259 i\u015ftirak etdiyi d\u00f6y\u00fc\u015fl\u0259rd\u0259n sonra t\u00fcrkl\u0259r Akabeni itirdil\u0259r.\n<\/p>\n<p>\n  Akabe \u00fcz\u0259rin\u0259 h\u00fccumun \u0259h\u0259miyy\u0259ti Misird\u0259n F\u0259l\u0259stin istiqam\u0259tin\u0259 ir\u0259lil\u0259y\u0259n ingilis q\u00fcvv\u0259l\u0259rinin t\u0259hl\u00fck\u0259sizliyini t\u0259min etm\u0259kd\u0259n ibar\u0259t idi. Bu m\u0259nt\u0259q\u0259nin tutulmas\u0131 il\u0259 ingilisl\u0259r art\u0131q \u00e7\u0259kinm\u0259d\u0259n Q\u00fcds \u00fcz\u0259rin\u0259 h\u00fccum ed\u0259 bil\u0259rdil\u0259r.\n<\/p>\n<p>\n  General Edmund Allenbinin komandanl\u0131q etdiyi ingilis ekspedisiya korpusu oktyabr\u0131n son g\u00fcn\u00fcnd\u0259 Beer\u015feba, noyabr\u0131n \u0259vv\u0259ll\u0259rind\u0259 Qazza \u015f\u0259h\u0259rl\u0259rini tutdular. Dekabr\u0131n \u0259vv\u0259ll\u0259rind\u0259 is\u0259 Q\u00fcds h\u0259nd\u0259v\u0259rin\u0259 yax\u0131nla\u015fd\u0131lar.<br \/>\n  <br \/>\n  Q\u00fcds\u00fc m\u00fcdafi\u0259 ed\u0259n t\u00fcrk v\u0259 alman q\u00fcvv\u0259l\u0259rin\u0259 general Erik fon Falkenhayn r\u0259hb\u0259rlik edirdi. \u0130ngilisl\u0259rin canl\u0131 q\u00fcvv\u0259 v\u0259 texniki \u00fcst\u00fcnl\u00fcy\u00fc say\u0259sind\u0259 \u015f\u0259h\u0259rin ciddi m\u00fcdafi\u0259sini t\u0259\u015fkil etm\u0259k m\u00fcmk\u00fcn olmad\u0131. D\u00fcz 100 il \u00f6nc\u0259, 1917-ci il dekabr\u0131n 9-da Q\u00fcds ingilisl\u0259r t\u0259r\u0259find\u0259n tutuldu.\n<\/p>\n<p>\n  Bel\u0259likl\u0259, general Allenbi imperator II Fridrixd\u0259n 7 \u0259sr sonra Q\u00fcds\u0259 yiy\u0259l\u0259n\u0259n ilk xristian fateh oldu.\n<\/p>\n<p>\n  M\u00fcs\u0259lmanlar\u0131n is\u0259 bu m\u00fcq\u0259dd\u0259s \u015f\u0259h\u0259rd\u0259 \u00e7ox\u0259srlik hegemonlu\u011fu ba\u015fa \u00e7atd\u0131. Sad\u0259c\u0259 t\u00fcrkl\u0259rin deyil, m\u0259hz m\u00fcs\u0259lmanlar\u0131n! Lakin \u0259r\u0259bl\u0259r h\u0259l\u0259 bunu d\u0259rk etmirdil\u0259r. Onlar Q\u00fcds\u00fcn onlara veril\u0259c\u0259yi v\u0259din\u0259 inan\u0131r, ba\u015f vermi\u015f hadis\u0259ni bayram edirdil\u0259r. Edmund Allenbi is\u0259 onlara tanr\u0131n\u0131n g\u00f6nd\u0259rdiyi xilaskar qismind\u0259 g\u00f6r\u00fcn\u00fcrd\u00fc.<br \/>\n  <br \/>\n  Sonrak\u0131 hadis\u0259l\u0259r is\u0259 m\u0259lumdur. Q\u00fcds 30 il \u0259rzind\u0259 Britaniya mandat\u0131nda oldu. Ondan sonra BMT-nin Q\u00fcds\u00fc he\u00e7 bir d\u00f6vl\u0259tin t\u0259rkibin\u0259 qat\u0131lmayan, beyn\u0259lxalq n\u0259zar\u0259t alt\u0131nda olan \u0259razi elan etm\u0259sin\u0259 baxmayaraq, \u015f\u0259h\u0259rin q\u0259rb hiss\u0259si \u0130srailin, \u015f\u0259rq hiss\u0259si is\u0259 m\u00fcs\u0259lmanlar\u0131n n\u0259zar\u0259tin\u0259 ke\u00e7di. 1967-ci ild\u0259 ba\u015f ver\u0259n Alt\u0131g\u00fcnl\u00fck m\u00fcharib\u0259d\u0259 b\u00f6y\u00fck q\u0259l\u0259b\u0259 qazanan \u0130srail \u015f\u0259h\u0259rin tam\u0131na n\u0259zar\u0259t\u0259 nail oldu.\n<\/p>\n<p>\n  1980-i ild\u0259 Knessetin q\u0259bul etdiyi qanunla Q\u00fcds \u0130srailin paytaxt\u0131 elan olundu. BMT T\u015e-n\u0131n iclas\u0131nda bu qanun \u201cbeyn\u0259lxalq h\u00fcququn pozulmas\u0131\u201d kimi qiym\u0259tl\u0259ndiril\u0259r\u0259k l\u0259\u011fv edilm\u0259li oldu\u011fu bildirildi. O zaman veto h\u00fcququndan istifad\u0259 etm\u0259y\u0259r\u0259k bit\u0259r\u0259f qalan AB\u015e bu g\u00fcn Q\u00fcds\u00fc \u0130srailin paytaxt\u0131 kimi tan\u0131d\u0131\u011f\u0131 elan edir.\n<\/p>\n<p>\n  ***\n<\/p>\n<p>\n  M\u0259kk\u0259 \u015f\u0259rifi H\u00fcseyn bin \u018fli ingilisl\u0259r\u0259 g\u00f6st\u0259rdiyi xidm\u0259t m\u00fcqabilind\u0259 umduqlar\u0131na nail ola bilm\u0259di. O, n\u0259inki b\u00fct\u00fcn \u0259r\u0259bl\u0259rin kral\u0131 olmad\u0131, h\u0259tta s\u0259udlarla sava\u015fda m\u0259\u011flubiyy\u0259t\u0259 u\u011frayaraq Hicaz \u00fcz\u0259rind\u0259 hakimiyy\u0259tini d\u0259 itirdi. Hicaz g\u0259l\u0259c\u0259kd\u0259 S\u0259udiyy\u0259 \u018fr\u0259bistan\u0131 adland\u0131r\u0131lacaq d\u00f6vl\u0259tin t\u0259rkibin\u0259 qat\u0131ld\u0131.\n<\/p>\n<p>\n  Lakin onun o\u011fullar\u0131n\u0131n b\u0259xti daha \u00e7ox g\u0259tirdi. Feys\u0259l \u0130raq\u0131n kral\u0131 elan edildi. Burada Ha\u015fimi s\u00fclal\u0259sinin hakimiyy\u0259ti 1958-ci il inqilab\u0131ndan sonra \u0130raq\u0131n respublika elan edilm\u0259sin\u0259 q\u0259d\u0259r s\u00fcrd\u00fc.\n<\/p>\n<p>\n  Vaxtil\u0259 Osmanl\u0131 parlamentinin deputat\u0131 olmu\u015f Abdulla bin H\u00fcseyn is\u0259 Transiordaniyan\u0131n \u0259miri, 1946-c\u0131 ild\u0259n is\u0259 \u0130ordaniya kral\u0131 oldu. Burada Ha\u015fimi s\u00fclal\u0259sinin hakimiyy\u0259ti g\u00fcn\u00fcm\u00fcz\u0259 q\u0259d\u0259r davam edir.\n<\/p>\n<p>\n  Birinci cahan sava\u015f\u0131ndan sonra feldmar\u015fal r\u00fctb\u0259si alm\u0131\u015f Eduard Allenbini is\u0259 \u0259r\u0259bl\u0259r art\u0131q xilaskar kimi xat\u0131rlam\u0131rlar. \u018fv\u0259zind\u0259 \u0130sraild\u0259 Allenbinin ad\u0131 verilmi\u015f bir s\u0131ra obyektl\u0259r m\u00f6vcuddur.\n<\/p>\n<p>\n  <i><br \/>\n    <b><br \/>\n      Yaz\u0131 m\u00fc\u0259llifin fikirl\u0259rini \u0259ks etdirir v\u0259 Meydan TV-nin m\u00f6vqeyi il\u0259 \u00fcst-\u00fcst\u0259 d\u00fc\u015fm\u0259y\u0259 bil\u0259r.<br \/>\n    <\/b><br \/>\n  <\/i><\/p>\n","protected":false},"excerpt":{"rendered":"<p>Veto h\u00fcququndan istifad\u0259 etm\u0259y\u0259r\u0259k bit\u0259r\u0259f qalan AB\u015e bu g\u00fcn Q\u00fcds\u00fc \u0130srailin paytaxt\u0131 kimi tan\u0131d\u0131\u011f\u0131 elan edir<\/p>\n","protected":false},"author":11,"featured_media":96536,"comment_status":"closed","ping_status":"open","sticky":false,"template":"","format":"standard","meta":{"_acf_changed":false,"_sitemap_exclude":false,"_sitemap_priority":"","_sitemap_frequency":"","footnotes":""},"categories":[57],"tags":[],"class_list":["post-187786","post","type-post","status-publish","format-standard","has-post-thumbnail","hentry","category-menim-fikrimce","infinite-scroll-item","generate-columns","tablet-grid-50","mobile-grid-100","grid-parent","grid-33","no-featured-image-padding"],"acf":[],"yoast_head":"<!-- This site is optimized with the Yoast SEO plugin v27.5 - https:\/\/yoast.com\/product\/yoast-seo-wordpress\/ -->\n<title>Q\u00fcds - MEYDAN.TV<\/title>\n<meta name=\"robots\" content=\"index, follow, max-snippet:-1, max-image-preview:large, max-video-preview:-1\" \/>\n<link rel=\"canonical\" href=\"https:\/\/www.meydan.tv\/az\/article\/quds\/\" \/>\n<meta property=\"og:locale\" content=\"az_AZ\" \/>\n<meta property=\"og:type\" content=\"article\" \/>\n<meta property=\"og:title\" content=\"Q\u00fcds - MEYDAN.TV\" \/>\n<meta property=\"og:description\" content=\"Veto h\u00fcququndan istifad\u0259 etm\u0259y\u0259r\u0259k bit\u0259r\u0259f qalan AB\u015e bu g\u00fcn Q\u00fcds\u00fc \u0130srailin paytaxt\u0131 kimi tan\u0131d\u0131\u011f\u0131 elan edir\" \/>\n<meta property=\"og:url\" content=\"https:\/\/www.meydan.tv\/az\/article\/quds\/\" \/>\n<meta property=\"og:site_name\" content=\"MEYDAN.TV\" \/>\n<meta property=\"article:published_time\" content=\"2017-12-09T21:52:43+00:00\" \/>\n<meta property=\"og:image\" content=\"https:\/\/www.meydan.tv\/wp-content\/uploads\/38101-scaled.jpg\" \/>\n\t<meta property=\"og:image:width\" content=\"2560\" \/>\n\t<meta property=\"og:image:height\" content=\"1707\" \/>\n\t<meta property=\"og:image:type\" content=\"image\/jpeg\" \/>\n<meta name=\"author\" content=\"user-manager\" \/>\n<meta name=\"twitter:card\" content=\"summary_large_image\" \/>\n<script type=\"application\/ld+json\" class=\"yoast-schema-graph\">{\"@context\":\"https:\\\/\\\/schema.org\",\"@graph\":[{\"@type\":\"Article\",\"@id\":\"https:\\\/\\\/www.meydan.tv\\\/az\\\/article\\\/quds\\\/#article\",\"isPartOf\":{\"@id\":\"https:\\\/\\\/www.meydan.tv\\\/az\\\/article\\\/quds\\\/\"},\"author\":{\"name\":\"user-manager\",\"@id\":\"https:\\\/\\\/www.meydan.tv\\\/az\\\/#\\\/schema\\\/person\\\/10d11eccf6da3662cf5fdab9806ea91a\"},\"headline\":\"Q\u00fcds\",\"datePublished\":\"2017-12-09T21:52:43+00:00\",\"mainEntityOfPage\":{\"@id\":\"https:\\\/\\\/www.meydan.tv\\\/az\\\/article\\\/quds\\\/\"},\"wordCount\":2068,\"publisher\":{\"@id\":\"https:\\\/\\\/www.meydan.tv\\\/az\\\/#organization\"},\"image\":{\"@id\":\"https:\\\/\\\/www.meydan.tv\\\/az\\\/article\\\/quds\\\/#primaryimage\"},\"thumbnailUrl\":\"https:\\\/\\\/www.meydan.tv\\\/wp-content\\\/uploads\\\/38101-scaled.jpg\",\"articleSection\":[\"M\u0259nim Fikrimc\u0259\"],\"inLanguage\":\"az\"},{\"@type\":\"WebPage\",\"@id\":\"https:\\\/\\\/www.meydan.tv\\\/az\\\/article\\\/quds\\\/\",\"url\":\"https:\\\/\\\/www.meydan.tv\\\/az\\\/article\\\/quds\\\/\",\"name\":\"Q\u00fcds - MEYDAN.TV\",\"isPartOf\":{\"@id\":\"https:\\\/\\\/www.meydan.tv\\\/az\\\/#website\"},\"primaryImageOfPage\":{\"@id\":\"https:\\\/\\\/www.meydan.tv\\\/az\\\/article\\\/quds\\\/#primaryimage\"},\"image\":{\"@id\":\"https:\\\/\\\/www.meydan.tv\\\/az\\\/article\\\/quds\\\/#primaryimage\"},\"thumbnailUrl\":\"https:\\\/\\\/www.meydan.tv\\\/wp-content\\\/uploads\\\/38101-scaled.jpg\",\"datePublished\":\"2017-12-09T21:52:43+00:00\",\"breadcrumb\":{\"@id\":\"https:\\\/\\\/www.meydan.tv\\\/az\\\/article\\\/quds\\\/#breadcrumb\"},\"inLanguage\":\"az\",\"potentialAction\":[{\"@type\":\"ReadAction\",\"target\":[\"https:\\\/\\\/www.meydan.tv\\\/az\\\/article\\\/quds\\\/\"]}]},{\"@type\":\"ImageObject\",\"inLanguage\":\"az\",\"@id\":\"https:\\\/\\\/www.meydan.tv\\\/az\\\/article\\\/quds\\\/#primaryimage\",\"url\":\"https:\\\/\\\/www.meydan.tv\\\/wp-content\\\/uploads\\\/38101-scaled.jpg\",\"contentUrl\":\"https:\\\/\\\/www.meydan.tv\\\/wp-content\\\/uploads\\\/38101-scaled.jpg\",\"width\":2560,\"height\":1707,\"caption\":\"Source:\"},{\"@type\":\"BreadcrumbList\",\"@id\":\"https:\\\/\\\/www.meydan.tv\\\/az\\\/article\\\/quds\\\/#breadcrumb\",\"itemListElement\":[{\"@type\":\"ListItem\",\"position\":1,\"name\":\"Ana s\u0259hif\u0259\",\"item\":\"https:\\\/\\\/www.meydan.tv\\\/az\\\/\"},{\"@type\":\"ListItem\",\"position\":2,\"name\":\"M\u0259nim Fikrimc\u0259\",\"item\":\"https:\\\/\\\/www.meydan.tv\\\/az\\\/section\\\/menim-fikrimce\\\/\"},{\"@type\":\"ListItem\",\"position\":3,\"name\":\"Q\u00fcds\"}]},{\"@type\":\"WebSite\",\"@id\":\"https:\\\/\\\/www.meydan.tv\\\/az\\\/#website\",\"url\":\"https:\\\/\\\/www.meydan.tv\\\/az\\\/\",\"name\":\"MEYDAN.TV\",\"description\":\"Meydan TV Az\u0259rbaycan\u0131n media m\u0259kan\u0131ndak\u0131 alternativ s\u0259sidir\",\"publisher\":{\"@id\":\"https:\\\/\\\/www.meydan.tv\\\/az\\\/#organization\"},\"potentialAction\":[{\"@type\":\"SearchAction\",\"target\":{\"@type\":\"EntryPoint\",\"urlTemplate\":\"https:\\\/\\\/www.meydan.tv\\\/az\\\/?s={search_term_string}\"},\"query-input\":{\"@type\":\"PropertyValueSpecification\",\"valueRequired\":true,\"valueName\":\"search_term_string\"}}],\"inLanguage\":\"az\"},{\"@type\":\"Organization\",\"@id\":\"https:\\\/\\\/www.meydan.tv\\\/az\\\/#organization\",\"name\":\"Meydan TV\",\"url\":\"https:\\\/\\\/www.meydan.tv\\\/az\\\/\",\"logo\":{\"@type\":\"ImageObject\",\"inLanguage\":\"az\",\"@id\":\"https:\\\/\\\/www.meydan.tv\\\/az\\\/#\\\/schema\\\/logo\\\/image\\\/\",\"url\":\"https:\\\/\\\/www.meydan.tv\\\/wp-content\\\/uploads\\\/2021\\\/07\\\/meydan-logo.svg\",\"contentUrl\":\"https:\\\/\\\/www.meydan.tv\\\/wp-content\\\/uploads\\\/2021\\\/07\\\/meydan-logo.svg\",\"width\":195,\"height\":46,\"caption\":\"Meydan TV\"},\"image\":{\"@id\":\"https:\\\/\\\/www.meydan.tv\\\/az\\\/#\\\/schema\\\/logo\\\/image\\\/\"}},{\"@type\":\"Person\",\"@id\":\"https:\\\/\\\/www.meydan.tv\\\/az\\\/#\\\/schema\\\/person\\\/10d11eccf6da3662cf5fdab9806ea91a\",\"name\":\"user-manager\"}]}<\/script>\n<!-- \/ Yoast SEO plugin. -->","yoast_head_json":{"title":"Q\u00fcds - MEYDAN.TV","robots":{"index":"index","follow":"follow","max-snippet":"max-snippet:-1","max-image-preview":"max-image-preview:large","max-video-preview":"max-video-preview:-1"},"canonical":"https:\/\/www.meydan.tv\/az\/article\/quds\/","og_locale":"az_AZ","og_type":"article","og_title":"Q\u00fcds - MEYDAN.TV","og_description":"Veto h\u00fcququndan istifad\u0259 etm\u0259y\u0259r\u0259k bit\u0259r\u0259f qalan AB\u015e bu g\u00fcn Q\u00fcds\u00fc \u0130srailin paytaxt\u0131 kimi tan\u0131d\u0131\u011f\u0131 elan edir","og_url":"https:\/\/www.meydan.tv\/az\/article\/quds\/","og_site_name":"MEYDAN.TV","article_published_time":"2017-12-09T21:52:43+00:00","og_image":[{"width":2560,"height":1707,"url":"https:\/\/www.meydan.tv\/wp-content\/uploads\/38101-scaled.jpg","type":"image\/jpeg"}],"author":"user-manager","twitter_card":"summary_large_image","schema":{"@context":"https:\/\/schema.org","@graph":[{"@type":"Article","@id":"https:\/\/www.meydan.tv\/az\/article\/quds\/#article","isPartOf":{"@id":"https:\/\/www.meydan.tv\/az\/article\/quds\/"},"author":{"name":"user-manager","@id":"https:\/\/www.meydan.tv\/az\/#\/schema\/person\/10d11eccf6da3662cf5fdab9806ea91a"},"headline":"Q\u00fcds","datePublished":"2017-12-09T21:52:43+00:00","mainEntityOfPage":{"@id":"https:\/\/www.meydan.tv\/az\/article\/quds\/"},"wordCount":2068,"publisher":{"@id":"https:\/\/www.meydan.tv\/az\/#organization"},"image":{"@id":"https:\/\/www.meydan.tv\/az\/article\/quds\/#primaryimage"},"thumbnailUrl":"https:\/\/www.meydan.tv\/wp-content\/uploads\/38101-scaled.jpg","articleSection":["M\u0259nim Fikrimc\u0259"],"inLanguage":"az"},{"@type":"WebPage","@id":"https:\/\/www.meydan.tv\/az\/article\/quds\/","url":"https:\/\/www.meydan.tv\/az\/article\/quds\/","name":"Q\u00fcds - MEYDAN.TV","isPartOf":{"@id":"https:\/\/www.meydan.tv\/az\/#website"},"primaryImageOfPage":{"@id":"https:\/\/www.meydan.tv\/az\/article\/quds\/#primaryimage"},"image":{"@id":"https:\/\/www.meydan.tv\/az\/article\/quds\/#primaryimage"},"thumbnailUrl":"https:\/\/www.meydan.tv\/wp-content\/uploads\/38101-scaled.jpg","datePublished":"2017-12-09T21:52:43+00:00","breadcrumb":{"@id":"https:\/\/www.meydan.tv\/az\/article\/quds\/#breadcrumb"},"inLanguage":"az","potentialAction":[{"@type":"ReadAction","target":["https:\/\/www.meydan.tv\/az\/article\/quds\/"]}]},{"@type":"ImageObject","inLanguage":"az","@id":"https:\/\/www.meydan.tv\/az\/article\/quds\/#primaryimage","url":"https:\/\/www.meydan.tv\/wp-content\/uploads\/38101-scaled.jpg","contentUrl":"https:\/\/www.meydan.tv\/wp-content\/uploads\/38101-scaled.jpg","width":2560,"height":1707,"caption":"Source:"},{"@type":"BreadcrumbList","@id":"https:\/\/www.meydan.tv\/az\/article\/quds\/#breadcrumb","itemListElement":[{"@type":"ListItem","position":1,"name":"Ana s\u0259hif\u0259","item":"https:\/\/www.meydan.tv\/az\/"},{"@type":"ListItem","position":2,"name":"M\u0259nim Fikrimc\u0259","item":"https:\/\/www.meydan.tv\/az\/section\/menim-fikrimce\/"},{"@type":"ListItem","position":3,"name":"Q\u00fcds"}]},{"@type":"WebSite","@id":"https:\/\/www.meydan.tv\/az\/#website","url":"https:\/\/www.meydan.tv\/az\/","name":"MEYDAN.TV","description":"Meydan TV Az\u0259rbaycan\u0131n media m\u0259kan\u0131ndak\u0131 alternativ s\u0259sidir","publisher":{"@id":"https:\/\/www.meydan.tv\/az\/#organization"},"potentialAction":[{"@type":"SearchAction","target":{"@type":"EntryPoint","urlTemplate":"https:\/\/www.meydan.tv\/az\/?s={search_term_string}"},"query-input":{"@type":"PropertyValueSpecification","valueRequired":true,"valueName":"search_term_string"}}],"inLanguage":"az"},{"@type":"Organization","@id":"https:\/\/www.meydan.tv\/az\/#organization","name":"Meydan TV","url":"https:\/\/www.meydan.tv\/az\/","logo":{"@type":"ImageObject","inLanguage":"az","@id":"https:\/\/www.meydan.tv\/az\/#\/schema\/logo\/image\/","url":"https:\/\/www.meydan.tv\/wp-content\/uploads\/2021\/07\/meydan-logo.svg","contentUrl":"https:\/\/www.meydan.tv\/wp-content\/uploads\/2021\/07\/meydan-logo.svg","width":195,"height":46,"caption":"Meydan TV"},"image":{"@id":"https:\/\/www.meydan.tv\/az\/#\/schema\/logo\/image\/"}},{"@type":"Person","@id":"https:\/\/www.meydan.tv\/az\/#\/schema\/person\/10d11eccf6da3662cf5fdab9806ea91a","name":"user-manager"}]}},"_links":{"self":[{"href":"https:\/\/www.meydan.tv\/az\/wp-json\/wp\/v2\/posts\/187786","targetHints":{"allow":["GET"]}}],"collection":[{"href":"https:\/\/www.meydan.tv\/az\/wp-json\/wp\/v2\/posts"}],"about":[{"href":"https:\/\/www.meydan.tv\/az\/wp-json\/wp\/v2\/types\/post"}],"author":[{"embeddable":true,"href":"https:\/\/www.meydan.tv\/az\/wp-json\/wp\/v2\/users\/11"}],"replies":[{"embeddable":true,"href":"https:\/\/www.meydan.tv\/az\/wp-json\/wp\/v2\/comments?post=187786"}],"version-history":[{"count":0,"href":"https:\/\/www.meydan.tv\/az\/wp-json\/wp\/v2\/posts\/187786\/revisions"}],"wp:featuredmedia":[{"embeddable":true,"href":"https:\/\/www.meydan.tv\/az\/wp-json\/wp\/v2\/media\/96536"}],"wp:attachment":[{"href":"https:\/\/www.meydan.tv\/az\/wp-json\/wp\/v2\/media?parent=187786"}],"wp:term":[{"taxonomy":"category","embeddable":true,"href":"https:\/\/www.meydan.tv\/az\/wp-json\/wp\/v2\/categories?post=187786"},{"taxonomy":"post_tag","embeddable":true,"href":"https:\/\/www.meydan.tv\/az\/wp-json\/wp\/v2\/tags?post=187786"}],"curies":[{"name":"wp","href":"https:\/\/api.w.org\/{rel}","templated":true}]}}