{"id":187716,"date":"2017-12-05T15:31:04","date_gmt":"2017-12-05T15:31:04","guid":{"rendered":"https:\/\/www.meydan.tv\/article\/cenab-prezident-vaxtinizi-almayib-qisa-cavab-verirem\/"},"modified":"2017-12-05T15:31:04","modified_gmt":"2017-12-05T15:31:04","slug":"cenab-prezident-vaxtinizi-almayib-qisa-cavab-verirem","status":"publish","type":"post","link":"https:\/\/www.meydan.tv\/az\/article\/cenab-prezident-vaxtinizi-almayib-qisa-cavab-verirem\/","title":{"rendered":"C\u0259nab prezident, vaxt\u0131n\u0131z\u0131 almay\u0131b q\u0131sa cavab verir\u0259m"},"content":{"rendered":"<figure class=\"wp-block-image size-large\">\n  <img decoding=\"async\" src=\"https:\/\/www.meydan.tv\/az\/96185\/\" alt=\"\" class=\"wp-image-96185\"\/><figcaption><\/figcaption><\/figure>\n<p>\n  <i><br \/>\n    Hakimiyy\u0259tin \u015f\u0259nin\u0259 toxunan s\u00f6z dey\u0259nd\u0259 \u00f6z c\u0259br al\u0259tini i\u015f\u0259 sal\u0131r, \u015f\u0259rl\u0259yir, h\u0259bs edir, qohumlar\u0131 ya i\u015fd\u0259n \u00e7\u0131xar\u0131r, ya da, az\u0131, adam\u0131n \u00fcz\u00fcn\u0259 qald\u0131r\u0131r.<br \/>\n  <\/i>\n<\/p>\n<p>\n  <i><br \/>\n    \u018fn\u0259n\u0259vi m\u00fcxalif\u0259t hakimiyy\u0259td\u0259 olanda, o da eynil\u0259 h\u0259r\u0259k\u0259t edirdi, tuturdu, d\u00f6y\u00fcrd\u00fc, \u015f\u0259rl\u0259yirdi.<br \/>\n  <\/i>\n<\/p>\n<p>\n  <i><br \/>\n    V\u0259zif\u0259 \u0259ld\u0259n ged\u0259nd\u0259n sonra \u0259vv\u0259lki c\u0259br imkanlar\u0131 \u0259ld\u0259n \u00e7\u0131xd\u0131, f\u0259q\u0259t d\u00fc\u015f\u00fcnc\u0259 t\u0259rzi d\u0259yi\u015fm\u0259di. F\u0259rqli d\u00fc\u015f\u00fcn\u0259n v\u0259 dan\u0131\u015fan adam d\u00fc\u015fm\u0259n olaraq qald\u0131. \u0130lla ki, f\u0259rqli fikir \u0259n\u0259n\u0259vi m\u00fcxalif\u0259tin z\u0259ka yoxsullu\u011funu, onun \u0259sas pax\u0131r\u0131n\u0131 a\u00e7a!<br \/>\n  <\/i>\n<\/p>\n<p>\n  Az\u0259rbaycanda se\u00e7ki deyil\u0259n \u015fey yoxdur. Buna etiraz ed\u0259n varm\u0131? Varsa, desin \u201cvar\u201d, sevin\u0259k. N\u0259 sovet vaxt\u0131, n\u0259 d\u0259 ondan sonra bir d\u0259f\u0259 olsun bel\u0259 \u015f\u0259ffaf v\u0259 \u0259dal\u0259tli se\u00e7ki ke\u00e7irilib. Ham\u0131s\u0131, t\u0259krar edir\u0259m, istisnas\u0131z, ham\u0131s\u0131 saxta ke\u00e7irilib v\u0259 de-fakto zorak\u0131 \u00fcsullarla \u0259l\u0259 ke\u00e7irilmi\u015f icra hakimiyy\u0259tinin tam a\u011fal\u0131\u011f\u0131n\u0131n de-yure r\u0259smil\u0259\u015fdirilm\u0259sin\u0259 xidm\u0259t edib.\n<\/p>\n<p>\n  D\u00fczd\u00fcr, bu dedikl\u0259rim hakimiyy\u0259tin v\u0259 \u0259n\u0259n\u0259vi m\u00fcxalif\u0259tin 30 ildir \u0259haliy\u0259 yedirtdiyi yalan horras\u0131ndan tam f\u0259rqli fikirl\u0259rin ifad\u0259sidir, lakin n\u0259 edim, ba\u015fqa c\u00fcr dey\u0259 bilmir\u0259m. Bir daha t\u0259krar edir\u0259m, V\u0259zirovun da, M\u00fct\u0259llibovun da, El\u00e7ib\u0259yin d\u0259, Heyd\u0259r \u018fliyevin d\u0259, \u0130lham \u018fliyevin d\u0259 t\u0259\u015fkil etdiyi se\u00e7kil\u0259r saxta v\u0259 qanunun t\u0259l\u0259bl\u0259rin\u0259 r\u0259\u011fm\u0259n ke\u00e7irilib.\n<\/p>\n<p>\n  Bu, art\u0131q s\u00fcbuta ehtiyac\u0131 olmayan h\u0259qiq\u0259tdir, h\u0259r\u00e7\u0259nd ki, bu yalanlardan faydalanm\u0131\u015flar v\u0259 faydalananlar h\u0259l\u0259 d\u0259 \u00fcz\u0259 dururlar. \u00dcz\u0259 dururlar v\u0259 deyirl\u0259r ki, m\u0259hz bel\u0259 se\u00e7kil\u0259rl\u0259 hakimiyy\u0259t\u0259 g\u0259lm\u0259k v\u0259 onda qalmaq d\u00fczg\u00fcnd\u00fcr.\n<\/p>\n<p>\n  Sizin h\u0259qir b\u0259nd\u0259niz is\u0259 deyir ki, bu t\u00f6vr se\u00e7kil\u0259rin kim t\u0259r\u0259find\u0259n ke\u00e7irilm\u0259sind\u0259n (y\u0259ni, saxtala\u015fd\u0131r\u0131lmas\u0131ndan) as\u0131l\u0131 olmayaraq, bel\u0259 se\u00e7kil\u0259r demokratiyaya, y\u0259ni xalq hakimiyy\u0259tin\u0259 g\u0259tirm\u0259y\u0259c\u0259k. Nec\u0259 ki, zorak\u0131 \u00e7evrili\u015fini saxta se\u00e7ki libas\u0131na b\u00fcr\u00fcm\u00fc\u015f AXC h\u00f6kum\u0259ti xalq\u0131n hakimiyy\u0259ti deyildi, nec\u0259 ki, zorak\u0131 \u00e7evrili\u015fin\u0259 se\u00e7ki donu geydir\u0259n YAP h\u00f6kum\u0259ti xalq hakimiyy\u0259ti deyil.\n<\/p>\n<p>\n  Se\u00e7ki proseduru \u00f6z\u00fc-\u00f6zl\u00fcy\u00fcnd\u0259 b\u00fct deyil, vasit\u0259dir. Se\u00e7kiy\u0259 kim v\u0259 n\u0259 il\u0259 gedir, se\u00e7kini kim v\u0259 nec\u0259 ke\u00e7irir, \u0259hali nec\u0259 s\u0259s verir &#8211; \u0259sas budur.\n<\/p>\n<p>\n  Bu \u0259sas sah\u0259sind\u0259 Az\u0259rbaycanda b\u00f6y\u00fck bo\u015fluq var. Zahir var, batin yoxdur. Demokratiya bar\u0259d\u0259 s\u00f6z-s\u00f6hb\u0259t boldur, demokratiya yoxdur. He\u00e7 yerd\u0259 yoxdur,\n<\/p>\n<p>\n  N\u0259 hakimiyy\u0259td\u0259, n\u0259 d\u0259, c\u00fczi istisnalarla, \u0259n\u0259n\u0259vi m\u00fcxalif\u0259td\u0259, n\u0259 v\u0259t\u0259nda\u015f c\u0259miyy\u0259tind\u0259, n\u0259 d\u0259 \u0259hali aras\u0131nda. Az\u0259rbaycan istibdad m\u00fchitinin qurban\u0131d\u0131r, \u0259siridir, girovudur. \u018fn a\u011fr\u0131l\u0131 c\u0259h\u0259t is\u0259 odur ki, \u0259ks\u0259riyy\u0259t bu faci\u0259vi yanl\u0131\u015fl\u0131\u011f\u0131 anlam\u0131r v\u0259 d\u0259rk etmir.\n<\/p>\n<p>\n  \u018fn\u0259n\u0259vi m\u00fcxalif\u0259t 1993-c\u00fc ild\u0259n b\u0259ri m\u00fcxt\u0259lif \u00e7e\u015fidli 17 se\u00e7kini (prezident, parlament, b\u0259l\u0259diyy\u0259, referendumlar) uduzandan sonra Az\u0259rbaycan Respublikas\u0131n\u0131n prezidenti \u0130sa Q\u0259mb\u0259r c\u0259nablar\u0131n\u0131n r\u0259hb\u0259rlik etdiyi Milli Strateji D\u00fc\u015f\u00fcnc\u0259 M\u0259rk\u0259zinin (MSDM) t\u0259\u015f\u0259bb\u00fcs\u00fc il\u0259 topla\u015f\u0131r g\u0259l\u0259n il ke\u00e7iril\u0259c\u0259k prezident se\u00e7kil\u0259rind\u0259 \u00f6z se\u00e7ki taktikas\u0131n\u0131n<br \/>\n  <a href=\"\/az\/article\/muxalif-quvveler-secki-boykotuna-yox-deyir\/\" target=\"_blank\" rel=\"noopener\"><br \/>\n    m\u00fczakir\u0259sin\u0259<br \/>\n  <\/a><br \/>\n  .\n<\/p>\n<p>\n  Heyr\u0259tl\u0259nm\u0259yin ki, m\u0259n \u0130sa Q\u0259mb\u0259ri Az\u0259rbaycan Respublikas\u0131n\u0131n prezidenti kimi yaz\u0131ram, a\u011fl\u0131m \u00e7a\u015fmay\u0131b, cad\u0259c\u0259 onun \u00f6z\u00fcn\u00fcn \u201cq\u0259l\u0259b\u0259m\u201d s\u00f6z\u00fcn\u0259 istinad edir\u0259m. 2003-c\u00fc ild\u0259 prezident se\u00e7kil\u0259rind\u0259 iki namiz\u0259d m\u00fcbariz\u0259 apar\u0131rd\u0131, biri \u0130lham \u018fliyev idi, o birisi \u0130sa Q\u0259mb\u0259r. \u018fg\u0259r \u0130sa Q\u0259mb\u0259r deyirs\u0259 ki, \u201cq\u0259l\u0259b\u0259m\u201d, dem\u0259li, se\u00e7kid\u0259 q\u0259l\u0259b\u0259 onun olub v\u0259 m\u0259n d\u0259 onun x\u0259trin\u0259 d\u0259ym\u0259m\u0259k \u00fc\u00e7\u00fcn he\u00e7 olmasa bu yaz\u0131da yazmal\u0131yam ki, \u201cprezident \u0130sa Q\u0259mb\u0259r\u201d. Yox, \u0259g\u0259r \u0130sa b\u0259y Q\u0259mb\u0259r prezident deyils\u0259, \u201cq\u0259l\u0259b\u0259m\u201d yazmas\u0131n.\n<\/p>\n<p>\n  Q\u0259rib\u0259dir, prezident Q\u0259mb\u0259r bir t\u0259r\u0259fd\u0259n m\u0259ni q\u0259r\u0259zli v\u0259 yalan\u00e7\u0131 say\u0131r, o biri t\u0259r\u0259fd\u0259n \u00f6z q\u0259l\u0259b\u0259sini s\u00fcbuta yetirm\u0259k \u00fc\u00e7\u00fcn q\u0259r\u0259zli v\u0259 yalan\u00e7\u0131 adam\u0131n t\u0259rtib etdiyi s\u0259n\u0259d\u0259 istinad<br \/>\n  <a href=\"\/az\/article\/isa-qember-qelebemin-sahidlerinden-biri-de-zerdust-elizadedir\/\" target=\"_blank\" rel=\"noopener\"><br \/>\n    edir<br \/>\n  <\/a><br \/>\n  .\n<\/p>\n<p>\n  \u00d6z al\u0259mind\u0259, m\u0259ni \u00f6z s\u00f6zl\u0259riml\u0259 if\u015fa edir. Lakin ayr\u0131ca g\u00f6t\u00fcr\u00fclm\u00fc\u015f fakt \u00fcmumi kontekstd\u0259n \u00e7\u0131xar\u0131ld\u0131qda qara q\u0259piklik qiym\u0259ti yoxdur. M\u0259n \u0259g\u0259r h\u0259min s\u0259n\u0259din h\u0259qiqi mahiyy\u0259ti, yaz\u0131lma s\u0259b\u0259bi v\u0259 \u015f\u0259raiti bar\u0259d\u0259 yazma\u011fa ba\u015flasam, g\u0259r\u0259k az\u0131 bu yaz\u0131dan on d\u0259f\u0259 b\u00f6y\u00fck m\u0259tn yaz\u0131m, ona is\u0259 n\u0259 vaxt\u0131m, n\u0259 d\u0259 h\u0259v\u0259sim var. Bunlar\u0131n ke\u00e7\u0259nilki qar q\u0259d\u0259r \u0259h\u0259miyy\u0259ti var. Odur ki, ke\u00e7ir\u0259m \u0259sas m\u0259tl\u0259b\u0259.\n<\/p>\n<p>\n  Bayaq i\u015far\u0259 etdiyim kontekst ondan ibar\u0259tdir ki, m\u0259n se\u00e7ki u\u011furu \u00fc\u00e7\u00fcn z\u0259ruri olan komponentl\u0259ri sadalay\u0131ram v\u0259 bu komponentl\u0259rin yoxlu\u011fu \u015f\u0259raitind\u0259 se\u00e7ki adlanan m\u0259rasim\u0259 qat\u0131lma\u011f\u0131 hakimiyy\u0259t d\u0259yirman\u0131na su t\u00f6km\u0259kd\u0259n savay\u0131 bir \u015fey saym\u0131ram. N\u0259dir bu komponentl\u0259r?\n<\/p>\n<p>\n  <b><br \/>\n    1.C\u0259miyy\u0259tin inki\u015faf istiqam\u0259tini, \u0259halinin ist\u0259k v\u0259 arzular\u0131n\u0131 n\u0259z\u0259r\u0259 alan m\u0259ramnam\u0259ni haz\u0131rlam\u0131\u015f v\u0259 onu \u0259zm v\u0259 s\u0259daq\u0259tl\u0259 ger\u00e7\u0259kl\u0259\u015fdir\u0259n komandan\u0131n varl\u0131\u011f\u0131.<br \/>\n  <\/b>\n<\/p>\n<p>\n  \u018fn\u0259n\u0259vi m\u00fcxalif\u0259td\u0259 bel\u0259 m\u0259ramnam\u0259 v\u0259 bel\u0259 komanda varm\u0131? \u018fsla yoxdur. Vaxtil\u0259 bel\u0259 bir m\u0259ramnam\u0259ni haz\u0131rlam\u0131\u015f AXC-ni intriqa yuvas\u0131na v\u0259 tayfa mafiyas\u0131n\u0131n d\u0259y\u0259n\u0259yin\u0259 \u00e7evir\u0259nl\u0259r bu i\u015fin \u00f6hd\u0259sind\u0259n g\u0259l\u0259 bilm\u0259zl\u0259r v\u0259 g\u0259lm\u0259y\u0259c\u0259kl\u0259r. M\u0259n bunu yazm\u0131\u015fam v\u0259 m\u0259hz bu m\u00f6vqeyim prezident \u0130sa Q\u0259mb\u0259ri \u0259s\u0259bil\u0259\u015fdirib.\n<\/p>\n<p>\n  <b><br \/>\n    2.\u018fhalinin etimad\u0131.<br \/>\n  <\/b>\n<\/p>\n<p>\n  \u018fn\u0259n\u0259vi m\u00fcxalif\u0259t\u0259 \u0259halid\u0259 etimad qal\u0131bm\u0131? \u018fsla yox. M\u0259nc\u0259, bu m\u0259s\u0259l\u0259ni he\u00e7 m\u00fczakir\u0259 etm\u0259y\u0259 bel\u0259 d\u0259ym\u0259z.\n<\/p>\n<p>\n  <b><br \/>\n    3.M\u00fct\u0259\u015f\u0259kkil siyasi g\u00fcc.<br \/>\n  <\/b>\n<\/p>\n<p>\n  Ucuz intriqalarla says\u0131z hiss\u0259cikl\u0259r\u0259 b\u00f6l\u00fcnm\u00fc\u015f v\u0259 bir-biril\u0259 dala\u015fan \u0259n\u0259n\u0259vi m\u00fcxalif\u0259t he\u00e7 bir g\u00fcc\u0259 malik deyil. M\u0259nc\u0259, bu m\u00fcdd\u0259an\u0131n da m\u00fczakir\u0259y\u0259 ehtiyac\u0131 yoxdur.\n<\/p>\n<p>\n  <b><br \/>\n    4.Maliyy\u0259 v\u0259saiti.<br \/>\n  <\/b>\n<\/p>\n<p>\n  U\u011furlu siyasi kampaniya aparmaq \u00fc\u00e7\u00fcn h\u0259r hans\u0131 bir t\u0259\u015fkilati quruma ciddi maliyy\u0259 v\u0259saiti g\u0259r\u0259kdir, y\u0259ni siyas\u0259t ma\u015f\u0131n\u0131n\u0131n \u00e7\u0259nin\u0259 pul t\u00f6k\u00fclm\u0259lidir. \u00c7\u0259n bo\u015fdursa, ma\u015f\u0131n yerim\u0259z. Hakimiyy\u0259t bunu bilir v\u0259 i\u015fini el\u0259 qurub ki, \u00f6lk\u0259d\u0259ki b\u00fct\u00fcn maliyy\u0259 ax\u0131nlar\u0131na ciddi n\u0259zar\u0259t edir. Ba\u015fda prezident \u0130sa Q\u0259mb\u0259r olmaqla \u0259n\u0259n\u0259vi m\u00fcxalif\u0259tin maliyy\u0259 v\u0259saiti yoxdur.\n<\/p>\n<p>\n  <b><br \/>\n    5.Xarici d\u0259st\u0259k.<br \/>\n  <\/b>\n<\/p>\n<p>\n  \u0130ndiki hakimiyy\u0259t \u00f6z komprador s\u0259ciyy\u0259sin\u0259 uy\u011fun olaraq b\u00fct\u00fcn xarici q\u00fcvv\u0259l\u0259rin ist\u0259kl\u0259rini Az\u0259rbaycan\u0131n m\u0259nafeyi hesab\u0131na t\u0259min edib v\u0259 xarici g\u00fccl\u0259r d\u0259xi ba\u015fqa siyasi q\u00fcvv\u0259y\u0259 d\u0259st\u0259k verm\u0259y\u0259 hac\u0259t g\u00f6rm\u00fcr.<br \/>\n  <br \/>\n  Bu h\u0259qiq\u0259tl\u0259rin hans\u0131 birini t\u0259kzib etm\u0259k m\u00fcmk\u00fcnd\u00fcr? M\u0259nc\u0259, he\u00e7 birini.\n<\/p>\n<p>\n  \u0130ndi deyin g\u00f6r\u0259k, quru ad\u0131ndan ba\u015fqa he\u00e7 bir potensial\u0131 olmayan siyasi qurum \u0259z\u0259ld\u0259n m\u0259\u011flubiyy\u0259t\u0259 m\u0259hkum olunmu\u015f bir i\u015f\u0259 giri\u015firs\u0259, bunu nec\u0259 t\u0259fsir etm\u0259k olar? Ya bu siyasi q\u00fcvv\u0259 a\u011fr\u0131 duymaqdan, m\u0259\u011flub olmaqdan, d\u00f6y\u00fclm\u0259kd\u0259n v\u0259 tutulmaqdan h\u0259zz al\u0131r, y\u0259ni mazoxistdir, ya bu b\u0259dnam se\u00e7kiy\u0259 legitimlik donu geydirm\u0259k ist\u0259y\u0259n hakimiyy\u0259tin sifari\u015fini yerin\u0259 yetirir, ya da&#8230;\n<\/p>\n<p>\n  \u0130ndi prezident \u0130sa Q\u0259mb\u0259r c\u0259nablar\u0131 bunlardan hans\u0131n\u0131 ist\u0259yirs\u0259, \u00f6z\u00fc se\u00e7sin.\n<\/p>\n<p>\n  \u015e\u00fcbh\u0259niz olmas\u0131n ki, onun bu se\u00e7imi tam \u015f\u0259ffaf v\u0259 \u0259dal\u0259tli olacaq.\n<\/p>\n<p>\n  <i><br \/>\n    <b><br \/>\n      Yaz\u0131 m\u00fc\u0259llifin fikirl\u0259rini \u0259ks etdirir v\u0259 Meydan TV-nin m\u00f6vqeyi il\u0259 \u00fcst-\u00fcst\u0259 d\u00fc\u015fm\u0259y\u0259 bil\u0259r.<br \/>\n    <\/b><br \/>\n  <\/i><\/p>\n","protected":false},"excerpt":{"rendered":"<p>Hakimiyy\u0259tin \u015f\u0259nin\u0259 toxunan s\u00f6z dey\u0259nd\u0259 \u00f6z c\u0259br al\u0259tini i\u015f\u0259 sal\u0131r, \u015f\u0259rl\u0259yir, h\u0259bs edir, qohumlar\u0131 ya i\u015fd\u0259n \u00e7\u0131xar\u0131r, ya da, az\u0131, adam\u0131n \u00fcz\u00fcn\u0259 qald\u0131r\u0131r.<\/p>\n","protected":false},"author":11,"featured_media":96185,"comment_status":"closed","ping_status":"open","sticky":false,"template":"","format":"standard","meta":{"_acf_changed":false,"_sitemap_exclude":false,"_sitemap_priority":"","_sitemap_frequency":"","footnotes":""},"categories":[57],"tags":[],"class_list":["post-187716","post","type-post","status-publish","format-standard","has-post-thumbnail","hentry","category-menim-fikrimce","infinite-scroll-item","generate-columns","tablet-grid-50","mobile-grid-100","grid-parent","grid-33","no-featured-image-padding"],"acf":[],"yoast_head":"<!-- This site is optimized with the Yoast SEO plugin v27.5 - https:\/\/yoast.com\/product\/yoast-seo-wordpress\/ -->\n<title>C\u0259nab prezident, vaxt\u0131n\u0131z\u0131 almay\u0131b q\u0131sa cavab verir\u0259m - MEYDAN.TV<\/title>\n<meta name=\"robots\" content=\"index, follow, max-snippet:-1, max-image-preview:large, max-video-preview:-1\" \/>\n<link rel=\"canonical\" href=\"https:\/\/www.meydan.tv\/az\/article\/cenab-prezident-vaxtinizi-almayib-qisa-cavab-verirem\/\" \/>\n<meta property=\"og:locale\" content=\"az_AZ\" \/>\n<meta property=\"og:type\" content=\"article\" \/>\n<meta property=\"og:title\" content=\"C\u0259nab prezident, vaxt\u0131n\u0131z\u0131 almay\u0131b q\u0131sa cavab verir\u0259m - MEYDAN.TV\" \/>\n<meta property=\"og:description\" content=\"Hakimiyy\u0259tin \u015f\u0259nin\u0259 toxunan s\u00f6z dey\u0259nd\u0259 \u00f6z c\u0259br al\u0259tini i\u015f\u0259 sal\u0131r, \u015f\u0259rl\u0259yir, h\u0259bs edir, qohumlar\u0131 ya i\u015fd\u0259n \u00e7\u0131xar\u0131r, ya da, az\u0131, adam\u0131n \u00fcz\u00fcn\u0259 qald\u0131r\u0131r.\" \/>\n<meta property=\"og:url\" content=\"https:\/\/www.meydan.tv\/az\/article\/cenab-prezident-vaxtinizi-almayib-qisa-cavab-verirem\/\" \/>\n<meta property=\"og:site_name\" content=\"MEYDAN.TV\" \/>\n<meta property=\"article:published_time\" content=\"2017-12-05T15:31:04+00:00\" \/>\n<meta property=\"og:image\" content=\"https:\/\/www.meydan.tv\/wp-content\/uploads\/38008.png\" \/>\n\t<meta property=\"og:image:width\" content=\"984\" \/>\n\t<meta property=\"og:image:height\" content=\"540\" \/>\n\t<meta property=\"og:image:type\" content=\"image\/png\" \/>\n<meta name=\"author\" content=\"user-manager\" \/>\n<meta name=\"twitter:card\" content=\"summary_large_image\" \/>\n<script type=\"application\/ld+json\" class=\"yoast-schema-graph\">{\"@context\":\"https:\\\/\\\/schema.org\",\"@graph\":[{\"@type\":\"Article\",\"@id\":\"https:\\\/\\\/www.meydan.tv\\\/az\\\/article\\\/cenab-prezident-vaxtinizi-almayib-qisa-cavab-verirem\\\/#article\",\"isPartOf\":{\"@id\":\"https:\\\/\\\/www.meydan.tv\\\/az\\\/article\\\/cenab-prezident-vaxtinizi-almayib-qisa-cavab-verirem\\\/\"},\"author\":{\"name\":\"user-manager\",\"@id\":\"https:\\\/\\\/www.meydan.tv\\\/az\\\/#\\\/schema\\\/person\\\/10d11eccf6da3662cf5fdab9806ea91a\"},\"headline\":\"C\u0259nab prezident, vaxt\u0131n\u0131z\u0131 almay\u0131b q\u0131sa cavab verir\u0259m\",\"datePublished\":\"2017-12-05T15:31:04+00:00\",\"mainEntityOfPage\":{\"@id\":\"https:\\\/\\\/www.meydan.tv\\\/az\\\/article\\\/cenab-prezident-vaxtinizi-almayib-qisa-cavab-verirem\\\/\"},\"wordCount\":1461,\"publisher\":{\"@id\":\"https:\\\/\\\/www.meydan.tv\\\/az\\\/#organization\"},\"image\":{\"@id\":\"https:\\\/\\\/www.meydan.tv\\\/az\\\/article\\\/cenab-prezident-vaxtinizi-almayib-qisa-cavab-verirem\\\/#primaryimage\"},\"thumbnailUrl\":\"https:\\\/\\\/www.meydan.tv\\\/wp-content\\\/uploads\\\/38008.png\",\"articleSection\":[\"M\u0259nim Fikrimc\u0259\"],\"inLanguage\":\"az\"},{\"@type\":\"WebPage\",\"@id\":\"https:\\\/\\\/www.meydan.tv\\\/az\\\/article\\\/cenab-prezident-vaxtinizi-almayib-qisa-cavab-verirem\\\/\",\"url\":\"https:\\\/\\\/www.meydan.tv\\\/az\\\/article\\\/cenab-prezident-vaxtinizi-almayib-qisa-cavab-verirem\\\/\",\"name\":\"C\u0259nab prezident, vaxt\u0131n\u0131z\u0131 almay\u0131b q\u0131sa cavab verir\u0259m - MEYDAN.TV\",\"isPartOf\":{\"@id\":\"https:\\\/\\\/www.meydan.tv\\\/az\\\/#website\"},\"primaryImageOfPage\":{\"@id\":\"https:\\\/\\\/www.meydan.tv\\\/az\\\/article\\\/cenab-prezident-vaxtinizi-almayib-qisa-cavab-verirem\\\/#primaryimage\"},\"image\":{\"@id\":\"https:\\\/\\\/www.meydan.tv\\\/az\\\/article\\\/cenab-prezident-vaxtinizi-almayib-qisa-cavab-verirem\\\/#primaryimage\"},\"thumbnailUrl\":\"https:\\\/\\\/www.meydan.tv\\\/wp-content\\\/uploads\\\/38008.png\",\"datePublished\":\"2017-12-05T15:31:04+00:00\",\"breadcrumb\":{\"@id\":\"https:\\\/\\\/www.meydan.tv\\\/az\\\/article\\\/cenab-prezident-vaxtinizi-almayib-qisa-cavab-verirem\\\/#breadcrumb\"},\"inLanguage\":\"az\",\"potentialAction\":[{\"@type\":\"ReadAction\",\"target\":[\"https:\\\/\\\/www.meydan.tv\\\/az\\\/article\\\/cenab-prezident-vaxtinizi-almayib-qisa-cavab-verirem\\\/\"]}]},{\"@type\":\"ImageObject\",\"inLanguage\":\"az\",\"@id\":\"https:\\\/\\\/www.meydan.tv\\\/az\\\/article\\\/cenab-prezident-vaxtinizi-almayib-qisa-cavab-verirem\\\/#primaryimage\",\"url\":\"https:\\\/\\\/www.meydan.tv\\\/wp-content\\\/uploads\\\/38008.png\",\"contentUrl\":\"https:\\\/\\\/www.meydan.tv\\\/wp-content\\\/uploads\\\/38008.png\",\"width\":984,\"height\":540,\"caption\":\"Source:\"},{\"@type\":\"BreadcrumbList\",\"@id\":\"https:\\\/\\\/www.meydan.tv\\\/az\\\/article\\\/cenab-prezident-vaxtinizi-almayib-qisa-cavab-verirem\\\/#breadcrumb\",\"itemListElement\":[{\"@type\":\"ListItem\",\"position\":1,\"name\":\"Ana s\u0259hif\u0259\",\"item\":\"https:\\\/\\\/www.meydan.tv\\\/az\\\/\"},{\"@type\":\"ListItem\",\"position\":2,\"name\":\"M\u0259nim Fikrimc\u0259\",\"item\":\"https:\\\/\\\/www.meydan.tv\\\/az\\\/section\\\/menim-fikrimce\\\/\"},{\"@type\":\"ListItem\",\"position\":3,\"name\":\"C\u0259nab prezident, vaxt\u0131n\u0131z\u0131 almay\u0131b q\u0131sa cavab verir\u0259m\"}]},{\"@type\":\"WebSite\",\"@id\":\"https:\\\/\\\/www.meydan.tv\\\/az\\\/#website\",\"url\":\"https:\\\/\\\/www.meydan.tv\\\/az\\\/\",\"name\":\"MEYDAN.TV\",\"description\":\"Meydan TV Az\u0259rbaycan\u0131n media m\u0259kan\u0131ndak\u0131 alternativ s\u0259sidir\",\"publisher\":{\"@id\":\"https:\\\/\\\/www.meydan.tv\\\/az\\\/#organization\"},\"potentialAction\":[{\"@type\":\"SearchAction\",\"target\":{\"@type\":\"EntryPoint\",\"urlTemplate\":\"https:\\\/\\\/www.meydan.tv\\\/az\\\/?s={search_term_string}\"},\"query-input\":{\"@type\":\"PropertyValueSpecification\",\"valueRequired\":true,\"valueName\":\"search_term_string\"}}],\"inLanguage\":\"az\"},{\"@type\":\"Organization\",\"@id\":\"https:\\\/\\\/www.meydan.tv\\\/az\\\/#organization\",\"name\":\"Meydan TV\",\"url\":\"https:\\\/\\\/www.meydan.tv\\\/az\\\/\",\"logo\":{\"@type\":\"ImageObject\",\"inLanguage\":\"az\",\"@id\":\"https:\\\/\\\/www.meydan.tv\\\/az\\\/#\\\/schema\\\/logo\\\/image\\\/\",\"url\":\"https:\\\/\\\/www.meydan.tv\\\/wp-content\\\/uploads\\\/2021\\\/07\\\/meydan-logo.svg\",\"contentUrl\":\"https:\\\/\\\/www.meydan.tv\\\/wp-content\\\/uploads\\\/2021\\\/07\\\/meydan-logo.svg\",\"width\":195,\"height\":46,\"caption\":\"Meydan TV\"},\"image\":{\"@id\":\"https:\\\/\\\/www.meydan.tv\\\/az\\\/#\\\/schema\\\/logo\\\/image\\\/\"}},{\"@type\":\"Person\",\"@id\":\"https:\\\/\\\/www.meydan.tv\\\/az\\\/#\\\/schema\\\/person\\\/10d11eccf6da3662cf5fdab9806ea91a\",\"name\":\"user-manager\"}]}<\/script>\n<!-- \/ Yoast SEO plugin. -->","yoast_head_json":{"title":"C\u0259nab prezident, vaxt\u0131n\u0131z\u0131 almay\u0131b q\u0131sa cavab verir\u0259m - MEYDAN.TV","robots":{"index":"index","follow":"follow","max-snippet":"max-snippet:-1","max-image-preview":"max-image-preview:large","max-video-preview":"max-video-preview:-1"},"canonical":"https:\/\/www.meydan.tv\/az\/article\/cenab-prezident-vaxtinizi-almayib-qisa-cavab-verirem\/","og_locale":"az_AZ","og_type":"article","og_title":"C\u0259nab prezident, vaxt\u0131n\u0131z\u0131 almay\u0131b q\u0131sa cavab verir\u0259m - MEYDAN.TV","og_description":"Hakimiyy\u0259tin \u015f\u0259nin\u0259 toxunan s\u00f6z dey\u0259nd\u0259 \u00f6z c\u0259br al\u0259tini i\u015f\u0259 sal\u0131r, \u015f\u0259rl\u0259yir, h\u0259bs edir, qohumlar\u0131 ya i\u015fd\u0259n \u00e7\u0131xar\u0131r, ya da, az\u0131, adam\u0131n \u00fcz\u00fcn\u0259 qald\u0131r\u0131r.","og_url":"https:\/\/www.meydan.tv\/az\/article\/cenab-prezident-vaxtinizi-almayib-qisa-cavab-verirem\/","og_site_name":"MEYDAN.TV","article_published_time":"2017-12-05T15:31:04+00:00","og_image":[{"width":984,"height":540,"url":"https:\/\/www.meydan.tv\/wp-content\/uploads\/38008.png","type":"image\/png"}],"author":"user-manager","twitter_card":"summary_large_image","schema":{"@context":"https:\/\/schema.org","@graph":[{"@type":"Article","@id":"https:\/\/www.meydan.tv\/az\/article\/cenab-prezident-vaxtinizi-almayib-qisa-cavab-verirem\/#article","isPartOf":{"@id":"https:\/\/www.meydan.tv\/az\/article\/cenab-prezident-vaxtinizi-almayib-qisa-cavab-verirem\/"},"author":{"name":"user-manager","@id":"https:\/\/www.meydan.tv\/az\/#\/schema\/person\/10d11eccf6da3662cf5fdab9806ea91a"},"headline":"C\u0259nab prezident, vaxt\u0131n\u0131z\u0131 almay\u0131b q\u0131sa cavab verir\u0259m","datePublished":"2017-12-05T15:31:04+00:00","mainEntityOfPage":{"@id":"https:\/\/www.meydan.tv\/az\/article\/cenab-prezident-vaxtinizi-almayib-qisa-cavab-verirem\/"},"wordCount":1461,"publisher":{"@id":"https:\/\/www.meydan.tv\/az\/#organization"},"image":{"@id":"https:\/\/www.meydan.tv\/az\/article\/cenab-prezident-vaxtinizi-almayib-qisa-cavab-verirem\/#primaryimage"},"thumbnailUrl":"https:\/\/www.meydan.tv\/wp-content\/uploads\/38008.png","articleSection":["M\u0259nim Fikrimc\u0259"],"inLanguage":"az"},{"@type":"WebPage","@id":"https:\/\/www.meydan.tv\/az\/article\/cenab-prezident-vaxtinizi-almayib-qisa-cavab-verirem\/","url":"https:\/\/www.meydan.tv\/az\/article\/cenab-prezident-vaxtinizi-almayib-qisa-cavab-verirem\/","name":"C\u0259nab prezident, vaxt\u0131n\u0131z\u0131 almay\u0131b q\u0131sa cavab verir\u0259m - MEYDAN.TV","isPartOf":{"@id":"https:\/\/www.meydan.tv\/az\/#website"},"primaryImageOfPage":{"@id":"https:\/\/www.meydan.tv\/az\/article\/cenab-prezident-vaxtinizi-almayib-qisa-cavab-verirem\/#primaryimage"},"image":{"@id":"https:\/\/www.meydan.tv\/az\/article\/cenab-prezident-vaxtinizi-almayib-qisa-cavab-verirem\/#primaryimage"},"thumbnailUrl":"https:\/\/www.meydan.tv\/wp-content\/uploads\/38008.png","datePublished":"2017-12-05T15:31:04+00:00","breadcrumb":{"@id":"https:\/\/www.meydan.tv\/az\/article\/cenab-prezident-vaxtinizi-almayib-qisa-cavab-verirem\/#breadcrumb"},"inLanguage":"az","potentialAction":[{"@type":"ReadAction","target":["https:\/\/www.meydan.tv\/az\/article\/cenab-prezident-vaxtinizi-almayib-qisa-cavab-verirem\/"]}]},{"@type":"ImageObject","inLanguage":"az","@id":"https:\/\/www.meydan.tv\/az\/article\/cenab-prezident-vaxtinizi-almayib-qisa-cavab-verirem\/#primaryimage","url":"https:\/\/www.meydan.tv\/wp-content\/uploads\/38008.png","contentUrl":"https:\/\/www.meydan.tv\/wp-content\/uploads\/38008.png","width":984,"height":540,"caption":"Source:"},{"@type":"BreadcrumbList","@id":"https:\/\/www.meydan.tv\/az\/article\/cenab-prezident-vaxtinizi-almayib-qisa-cavab-verirem\/#breadcrumb","itemListElement":[{"@type":"ListItem","position":1,"name":"Ana s\u0259hif\u0259","item":"https:\/\/www.meydan.tv\/az\/"},{"@type":"ListItem","position":2,"name":"M\u0259nim Fikrimc\u0259","item":"https:\/\/www.meydan.tv\/az\/section\/menim-fikrimce\/"},{"@type":"ListItem","position":3,"name":"C\u0259nab prezident, vaxt\u0131n\u0131z\u0131 almay\u0131b q\u0131sa cavab verir\u0259m"}]},{"@type":"WebSite","@id":"https:\/\/www.meydan.tv\/az\/#website","url":"https:\/\/www.meydan.tv\/az\/","name":"MEYDAN.TV","description":"Meydan TV Az\u0259rbaycan\u0131n media m\u0259kan\u0131ndak\u0131 alternativ s\u0259sidir","publisher":{"@id":"https:\/\/www.meydan.tv\/az\/#organization"},"potentialAction":[{"@type":"SearchAction","target":{"@type":"EntryPoint","urlTemplate":"https:\/\/www.meydan.tv\/az\/?s={search_term_string}"},"query-input":{"@type":"PropertyValueSpecification","valueRequired":true,"valueName":"search_term_string"}}],"inLanguage":"az"},{"@type":"Organization","@id":"https:\/\/www.meydan.tv\/az\/#organization","name":"Meydan TV","url":"https:\/\/www.meydan.tv\/az\/","logo":{"@type":"ImageObject","inLanguage":"az","@id":"https:\/\/www.meydan.tv\/az\/#\/schema\/logo\/image\/","url":"https:\/\/www.meydan.tv\/wp-content\/uploads\/2021\/07\/meydan-logo.svg","contentUrl":"https:\/\/www.meydan.tv\/wp-content\/uploads\/2021\/07\/meydan-logo.svg","width":195,"height":46,"caption":"Meydan TV"},"image":{"@id":"https:\/\/www.meydan.tv\/az\/#\/schema\/logo\/image\/"}},{"@type":"Person","@id":"https:\/\/www.meydan.tv\/az\/#\/schema\/person\/10d11eccf6da3662cf5fdab9806ea91a","name":"user-manager"}]}},"_links":{"self":[{"href":"https:\/\/www.meydan.tv\/az\/wp-json\/wp\/v2\/posts\/187716","targetHints":{"allow":["GET"]}}],"collection":[{"href":"https:\/\/www.meydan.tv\/az\/wp-json\/wp\/v2\/posts"}],"about":[{"href":"https:\/\/www.meydan.tv\/az\/wp-json\/wp\/v2\/types\/post"}],"author":[{"embeddable":true,"href":"https:\/\/www.meydan.tv\/az\/wp-json\/wp\/v2\/users\/11"}],"replies":[{"embeddable":true,"href":"https:\/\/www.meydan.tv\/az\/wp-json\/wp\/v2\/comments?post=187716"}],"version-history":[{"count":0,"href":"https:\/\/www.meydan.tv\/az\/wp-json\/wp\/v2\/posts\/187716\/revisions"}],"wp:featuredmedia":[{"embeddable":true,"href":"https:\/\/www.meydan.tv\/az\/wp-json\/wp\/v2\/media\/96185"}],"wp:attachment":[{"href":"https:\/\/www.meydan.tv\/az\/wp-json\/wp\/v2\/media?parent=187716"}],"wp:term":[{"taxonomy":"category","embeddable":true,"href":"https:\/\/www.meydan.tv\/az\/wp-json\/wp\/v2\/categories?post=187716"},{"taxonomy":"post_tag","embeddable":true,"href":"https:\/\/www.meydan.tv\/az\/wp-json\/wp\/v2\/tags?post=187716"}],"curies":[{"name":"wp","href":"https:\/\/api.w.org\/{rel}","templated":true}]}}