{"id":187697,"date":"2017-12-02T18:59:19","date_gmt":"2017-12-02T18:59:19","guid":{"rendered":"https:\/\/www.meydan.tv\/article\/isa-qember-qelebemin-sahidlerinden-biri-de-zerdust-elizadedir\/"},"modified":"2017-12-02T18:59:19","modified_gmt":"2017-12-02T18:59:19","slug":"isa-qember-qelebemin-sahidlerinden-biri-de-zerdust-elizadedir","status":"publish","type":"post","link":"https:\/\/www.meydan.tv\/az\/article\/isa-qember-qelebemin-sahidlerinden-biri-de-zerdust-elizadedir\/","title":{"rendered":"\u0130sa Q\u0259mb\u0259r: Q\u0259l\u0259b\u0259min \u015fahidl\u0259rind\u0259n biri d\u0259 Z\u0259rd\u00fc\u015ft \u018flizad\u0259dir"},"content":{"rendered":"<figure class=\"wp-block-image size-large\">\n  <img decoding=\"async\" src=\"https:\/\/www.meydan.tv\/az\/95990\/\" alt=\"\" class=\"wp-image-95990\"\/><figcaption><\/figcaption><\/figure>\n<p>\n  <i><br \/>\n    \u0130sa Q\u0259mb\u0259r Z\u0259rd\u00fc\u015ft \u018flizad\u0259y\u0259 cavab yazd\u0131<br \/>\n  <\/i>\n<\/p>\n<p>\n  \u201cDey\u0259s\u0259n, Milli Strateji D\u00fc\u015f\u00fcnc\u0259 M\u0259rk\u0259zinin (MSDM) bir s\u0131ra t\u0259\u015fkilatlar\u0131n v\u0259 ekspertl\u0259rin i\u015ftirak\u0131 il\u0259 ke\u00e7\u0259n 21 noyabr se\u00e7ki t\u0259dbiri v\u0259 b\u00fct\u00f6vl\u00fckd\u0259 M\u00fcsavat Partiyas\u0131n\u0131n se\u00e7kiy\u0259 y\u00f6n\u0259lik f\u0259aliyy\u0259ti bir \u00e7oxunu narahat edib\u201d.\n<\/p>\n<p>\n  Bu s\u00f6zl\u0259ri MSDM r\u0259hb\u0259ri \u0130sa Q\u0259mb\u0259r siyasi \u015f\u0259rh\u00e7i Z\u0259rd\u00fc\u015ft \u018flizad\u0259nin Meydan TV-d\u0259 d\u0259sr olunmu\u015f \u201cYen\u0259 boyat bayat\u0131lar\u201d adl\u0131<br \/>\n  <a href=\"\/az\/article\/yene-boyat-bayatilar\/\" target=\"_blank\" rel=\"noopener\"><br \/>\n    yaz\u0131s\u0131na<br \/>\n  <\/a><br \/>\n  cavab olaraq deyib.\n<\/p>\n<p>\n  Z\u0259rd\u00fc\u015ft \u018flizad\u0259 yaz\u0131s\u0131nda MSDM t\u0259r\u0259find\u0259n t\u0259\u015fkil olunan t\u0259dbiri t\u0259nqid edib, \u0130sa Q\u0259mb\u0259ri v\u0259 dig\u0259r t\u0259dbir i\u015ftirak\u00e7\u0131lar\u0131n\u0131 yeni fikirl\u0259rinin, strategiyalar\u0131n\u0131n olmamas\u0131na g\u00f6r\u0259 q\u0131nay\u0131b. \u201cFacebook\u201d<br \/>\n  <a href=\"https:\/\/www.facebook.com\/isa.gambar\/posts\/1728739467144444\" target=\"_blank\" rel=\"noopener\"><br \/>\n    hesab\u0131ndan<br \/>\n  <\/a><br \/>\n  \u00a0Z\u0259rd\u00fc\u015ft \u018flizad\u0259y\u0259 cavab ver\u0259n \u0130sa Q\u0259mb\u0259r yaz\u0131r:\n<\/p>\n<p>\n  \u201cHakimiyy\u0259ti v\u0259 hakimiyy\u0259tin a\u00e7\u0131q t\u0259r\u0259fdarlar\u0131n\u0131 ba\u015fa d\u00fc\u015fm\u0259k olar, rejim \u00f6lk\u0259mizd\u0259 se\u00e7ki institutunu m\u0259hv edib, c\u0259miyy\u0259ti se\u00e7kiy\u0259 laqeydl\u0259\u015fdirib v\u0259 bizim se\u00e7ki m\u00f6vzusunu aktualla\u015fd\u0131rmaq, istimai-siyasi qurumlar\u0131 2018 se\u00e7kil\u0259rin\u0259 m\u00f6vqe bildirm\u0259y\u0259 c\u0259lb etm\u0259k, demokratik d\u00fc\u015f\u0259rg\u0259ni toparlamaq, beyn\u0259lxalq birlikd\u0259n \u00f6z prinsipl\u0259rin\u0259 uy\u011fun m\u00f6vqe t\u0259l\u0259b etm\u0259k c\u0259hdl\u0259rimiz onlar\u0131 narahat etm\u0259y\u0259 bilm\u0259z.\n<\/p>\n<p>\n  Narahat olub susanlar\u0131 da ba\u015fa d\u00fc\u015fm\u0259k olar. Dem\u0259y\u0259 s\u00f6zl\u0259ri olanda dan\u0131\u015facaqlar.\n<\/p>\n<p>\n  B\u0259s \u00f6z\u00fcn\u00fc m\u00fcst\u0259qil demokrat sayanlara n\u0259 olub?\n<\/p>\n<p>\n  M\u0259s\u0259l\u0259n guya m\u00fcst\u0259qil analitik &#8211; h\u00f6rm\u0259tli Z\u0259rd\u00fc\u015ft \u018flizad\u0259 c\u0259nablar\u0131 yen\u0259 q\u0259r\u0259zli v\u0259 pasl\u0131 s\u00f6z q\u0131l\u0131nc\u0131n\u0131 q\u0131n\u0131ndan \u00e7\u0131xar\u0131b biz\u0259 \u00f6z\u00fcn\u00fcn \u0259n\u0259n\u0259vi uslubunda \u2013 yalan, b\u00f6htan, t\u0259hqir v\u0259 s. h\u00fccuma ke\u00e7ib. Z.\u018flizad\u0259 bizim v\u0259 t\u0259dbird\u0259ki natiql\u0259rin tam \u0259ks\u0259riyy\u0259tinin se\u00e7kil\u0259rd\u0259 i\u015ftirak m\u00f6vqeyin\u0259 \u00fcst\u00fcnl\u00fck verm\u0259yimizi \u201chakimiyy\u0259tin se\u00e7ki tama\u015fas\u0131na legitimlik donu geyindirm\u0259k\u201d c\u0259hdi kimi qiym\u0259tl\u0259ndirir. Bu yalan\u0131 ba\u015fqalar\u0131 des\u0259 cavab ver\u0259rik, amma Z.\u018flizad\u0259 bu yalan\u0131na cavab\u0131 haqq etmir. \u00c7\u00fcnki Z.\u018flizad\u0259 biz se\u00e7kil\u0259ri boykot ed\u0259nd\u0259 d\u0259 bizi hakimiyy\u0259t\u0259 xidm\u0259t etm\u0259kd\u0259 ittiham edirdi\u201d.\n<\/p>\n<p>\n  \u0130sa Q\u0259mb\u0259r daha sonra yaz\u0131r:\n<\/p>\n<p>\n  \u201cYalan\u00e7\u0131n\u0131n yadda\u015f\u0131 olmaz, n\u0259 zaman hans\u0131 yalan\u0131 dedikl\u0259rini unudurlar.1993 se\u00e7kil\u0259rind\u0259 Heyd\u0259r \u018fliyevi, 1998-d\u0259 Etibar M\u0259mm\u0259dovu , 2003- d\u0259 \u0130lyas \u0130smay\u0131lovu m\u00fcdafi\u0259 ed\u0259n bu c\u0259nab (siyasi diapazonun geni\u015fliyin\u0259 diqq\u0259t edin, y\u0259ni \u0259slind\u0259 kim olur olsun, t\u0259ki \u018fb\u00fclf\u0259z El\u00e7ib\u0259y v\u0259 \u0130sa Q\u0259mb\u0259r olmas\u0131n; b\u0259lk\u0259 d\u0259 problem diapazonda deyil, m\u00fcxt\u0259lif ill\u0259rd\u0259 m\u00fcxt\u0259lif tap\u015f\u0131r\u0131\u011f\u0131n verilm\u0259sind\u0259dir) bizim ist\u0259nil\u0259n m\u00f6vqeyimiz\u0259, q\u0259rar\u0131m\u0131za qar\u015f\u0131 \u015fablon ittihamlarla \u00e7\u0131x\u0131\u015f etm\u0259y\u0259 m\u00fck\u0259ll\u0259fdir.\n<\/p>\n<p>\n  Z.\u018flizad\u0259 yaz\u0131s\u0131nda m\u0259nim \u201cM\u00fcxalif\u0259t 2003-c\u00fc ild\u0259 se\u00e7ki q\u0259l\u0259b\u0259sini \u0259ld\u0259 etdi, amma onu faktiki q\u0259l\u0259b\u0259y\u0259 \u00e7evir\u0259 bilm\u0259di\u201d fikrim\u0259 etiraz edir v\u0259 etiraz\u0131n\u0131 uzun-uzad\u0131 v\u0259 dola\u015f\u0131q \u015f\u0259kild\u0259 izah etm\u0259y\u0259 \u00e7al\u0131\u015f\u0131r. Amma \u0259slind\u0259 \u00f6z izahlar\u0131 il\u0259 m\u0259nim fikrimi t\u0259sdiq etmi\u015f olur. H\u0259v\u0259si v\u0259 vaxt\u0131 olanlar \u00f6zl\u0259ri oxuyub d\u0259y\u0259rl\u0259ndir\u0259 bil\u0259rl\u0259r.\n<\/p>\n<p>\n  Z.\u018flizad\u0259 iddia edir ki, guya n\u0259 vaxtsa m\u0259n \u00f6z se\u00e7ki q\u0259l\u0259b\u0259mi s\u00fcbut etm\u0259k \u00fc\u00e7\u00fcn \u201cs\u0259n\u0259dl\u0259rim yoxdur\u201d demi\u015f\u0259m. Bilmir\u0259m, bu c\u0259nab bu s\u00f6zl\u0259ri uydurub, yoxsa m\u0259nim hans\u0131sa m\u00fcsahib\u0259md\u0259n kontekstd\u0259n \u00e7\u0131xar\u0131lm\u0131\u015f halda t\u0259qdim edir. Amma ciddi s\u0259hv edir. S\u0259n\u0259d d\u0259 var, \u015fahid d\u0259. G\u0259ncl\u0259r demi\u015fk\u0259n, uza\u011fa getm\u0259y\u0259k, g\u00f6t\u00fcr\u0259k el\u0259 Yaponiyan\u0131. Bizim \u00fc\u00e7\u00fcn Yaponiya rolunu bu halda Z\u0259rd\u00fc\u015ft \u018flizad\u0259 c\u0259nablar\u0131 \u00f6z\u00fc oynayacaq. Yen\u0259 d\u0259 yalan\u00e7\u0131n\u0131n yadda\u015f\u0131 olmaz, g\u00f6r\u0259c\u0259yiniz kimi n\u0259inki \u00f6z yalanlar\u0131n\u0131, h\u0259tta h\u0259rd\u0259n bir dedikl\u0259ri do\u011frular\u0131 da unudurlar.\n<\/p>\n<p>\n  B\u0259li, m\u0259nim 2003-c\u00fc il prezident se\u00e7kil\u0259rind\u0259 q\u0259l\u0259b\u0259min minl\u0259rl\u0259 \u015fahidl\u0259rind\u0259n biri d\u0259 Z\u0259rd\u00fc\u015ft \u018flizad\u0259dir. Buyurun, bu c\u0259nab\u0131n \u00f6z \u0259li il\u0259 yazd\u0131\u011f\u0131 s\u0259n\u0259dd\u0259 oxuyun:\n<\/p>\n<p>\n  \u201cM\u0259n, \u018flizad\u0259 Z\u0259rd\u00fc\u015ft M\u0259mm\u0259d M\u00fcbariz o\u011flu, t\u0259v\u0259ll\u00fcd\u00fcm 1946-c\u0131 il, \u00fcnvan\u0131m: xxx, \u015fahidlik edir\u0259m ki (!), 15 oktyabr 2003-c\u00fc ild\u0259 prezidentliy\u0259 namiz\u0259d \u0130smay\u0131lov \u0130lyas\u0131n v\u0259kili kimi 18 N-li Yasamal-S\u0259bail se\u00e7ki dair\u0259sinin 27 N-li m\u0259nt\u0259q\u0259sind\u0259 Az\u0259rbaycan Respublikas\u0131n\u0131n Prezidentliyin\u0259 se\u00e7kil\u0259ri m\u00fc\u015fahid\u0259 etmi\u015f\u0259m\u201d.\n<\/p>\n<p>\n  3 s\u0259hif\u0259lik (64-66-c\u0131 s\u0259hif\u0259l\u0259rd\u0259) bu maraql\u0131 s\u0259n\u0259din- \u015fahid ifad\u0259sinin tamam\u0131n\u0131 fotolarda oxuya bil\u0259rsiniz.<br \/>\n  <br \/>\n  G\u00f6rd\u00fcy\u00fcn\u00fcz kimi Z.\u018flizad\u0259 yaz\u0131r ki, m\u0259nt\u0259q\u0259d\u0259 1535 se\u00e7icid\u0259n 859-u i\u015ftirak edib, 843 b\u00fclleten etibarl\u0131 say\u0131l\u0131b.\n<\/p>\n<p>\n  Bu 843 b\u00fclletend\u0259 \u0130lham \u018fliyev 431 s\u0259s (51, 13%), \u0130sa Q\u0259mb\u0259r 311 s\u0259s (36, 89%) al\u0131b.\n<\/p>\n<p>\n  Lakin ard\u0131nca Z.\u018flizad\u0259 \u00e7ox \u00f6n\u0259mli bir fakt\u0131 qeyd edir: \u201cGec\u0259 s\u0259sl\u0259r say\u0131landa m\u0259n a\u015fa\u011f\u0131dak\u0131 x\u00fcsusiyy\u0259ti \u00f6z\u00fcm \u00fc\u00e7\u00fcn qeyd etdim: b\u00fct\u00fcn namiz\u0259dl\u0259r\u0259 verilmi\u015f s\u0259sl\u0259rin b\u00fclletenl\u0259ri a\u00e7\u0131q, yap\u0131\u015fd\u0131r\u0131lmam\u0131\u015f z\u0259rfl\u0259r\u0259 qoyulmu\u015fdu. \u0130lham \u018fliyevin xeyrin\u0259 olan s\u0259sl\u0259rin t\u0259xmin\u0259n yar\u0131s\u0131 s\u0259liq\u0259 il\u0259 kip yap\u0131\u015fd\u0131r\u0131lm\u0131\u015f z\u0259rfl\u0259r\u0259 qoyulmu\u015fdu v\u0259 onlar\u0131 yaln\u0131z z\u0259rfl\u0259ri \u00e7\u0131rd\u0131qdan sonra \u00e7\u0131xarmaq m\u00fcmk\u00fcn olurdu.\u201d S\u0259n\u0259din 3-c\u00fc s\u0259hif\u0259sind\u0259 Z.\u018flizad\u0259 bu saxtakarl\u0131\u011f\u0131n \u00fcsulun da \u015f\u0259rh edir.\n<\/p>\n<p>\n  Kip qapal\u0131 z\u0259rfl\u0259rd\u0259 olan b\u00fclletenl\u0259r Z.\u018flizad\u0259nin dediyin\u0259 g\u00f6r\u0259 \u201c\u0130lham \u018fliyevin xeyrin\u0259 olan s\u0259sl\u0259rin t\u0259xmin\u0259n yar\u0131s\u0131\u201d idis\u0259, bu 843 b\u00fclletend\u0259n 215-i olur. H\u0259m \u00fcmumi saydan (843), h\u0259m d\u0259 \u0130.\u018fliyevin s\u0259sl\u0259rind\u0259n (431) 215-ni \u00e7\u0131xsaq bel\u0259 bir m\u0259nz\u0259r\u0259 yaran\u0131r:\n<\/p>\n<p>\n  Etibarl\u0131 b\u00fclletenl\u0259rin say\u0131 628,\n<\/p>\n<p>\n  \u0130lham \u018fliyevin s\u0259sl\u0259ri 216 s\u0259s (34,39%),<br \/>\n  <br \/>\n  \u0130sa Q\u0259mb\u0259rin s\u0259sl\u0259ri 311 s\u0259s (49,52%)\n<\/p>\n<figure class=\"wp-block-image size-large\">\n  <img decoding=\"async\" src=\"https:\/\/www.meydan.tv\/az\/95987\/\" alt=\"\" class=\"wp-image-95987\"\/><figcaption><\/figcaption><\/figure>\n<p>\n  Bel\u0259likl\u0259, Z.\u018flizad\u0259nin \u015fahidliyini q\u0259bul ets\u0259k ayd\u0131n olur ki, bu m\u0259nt\u0259q\u0259nin n\u0259tic\u0259l\u0259rin\u0259 g\u00f6r\u0259 \u0130.Q\u0259mb\u0259r \u0130.\u018fliyevd\u0259n f\u0259rqli d\u0259r\u0259c\u0259d\u0259 \u00e7ox s\u0259s al\u0131b v\u0259 ikinci tur olmal\u0131d\u0131r.\n<\/p>\n<p>\n  Amma h\u00f6rm\u0259tli \u015fahidin yaz\u0131s\u0131nda daha bir \u00f6n\u0259mli x\u00fcsus var. Z.\u018flizad\u0259 yaz\u0131r ki, bu m\u0259nt\u0259q\u0259d\u0259 \u201cse\u00e7icil\u0259rin \u0259ks\u0259riyy\u0259ti elmi d\u0259r\u0259c\u0259li aliml\u0259r v\u0259 m\u00fc\u0259lliml\u0259r, inc\u0259s\u0259n\u0259t xadiml\u0259ri, y\u00fcks\u0259k m\u0259qaml\u0131 (nazir\u0259 q\u0259d\u0259r) m\u0259murlard\u0131r\u201d.\n<\/p>\n<p>\n  Y\u0259ni \u0259g\u0259r y\u00fcks\u0259k v\u0259zif\u0259li m\u0259murlar\u0131n, d\u00f6vr\u0259 g\u00f6r\u0259 babat i\u015f\u0259, imkanlara malik \u015f\u0259xsl\u0259rin oldu\u011fu m\u0259nt\u0259q\u0259d\u0259 m\u0259n 50%-\u0259 yax\u0131n s\u0259s alm\u0131\u015famsa, rejimd\u0259n \u0259ziyy\u0259t \u00e7\u0259k\u0259n milyonlarla se\u00e7icinin ba\u015fqa m\u0259nt\u0259q\u0259l\u0259rd\u0259 m\u00fcxalif\u0259t\u0259 n\u0259 q\u0259d\u0259r s\u0259s ver\u0259 bil\u0259c\u0259yini \u00f6z\u00fcn\u00fcz t\u0259xmin edin.\n<\/p>\n<p>\n  Bel\u0259likl\u0259, Z.\u018flizad\u0259nin \u015fahid ifad\u0259si ayd\u0131n \u015f\u0259kild\u0259 m\u0259nim se\u00e7kil\u0259rd\u0259 q\u0259l\u0259b\u0259mi t\u0259sdiq edir\u201d.\n<\/p>\n<p>\n  \u0130sa Q\u0259mb\u0259r fikirl\u0259rini bu s\u00f6zl\u0259rl\u0259 yekunla\u015fd\u0131r\u0131r:\n<\/p>\n<p>\n  \u201cZ.\u018flizad\u0259 c\u0259nablar\u0131n\u0131n basl\u0131ca narahatl\u0131\u011f\u0131 onunla ba\u011fl\u0131d\u0131r ki, m\u0259n \u201c\u2026indi \u0259sas m\u0259s\u0259l\u0259 demokratik se\u00e7ki m\u00fchiti yarad\u0131lmas\u0131 \u00fc\u00e7\u00fcn s\u0259yl\u0259r g\u00f6st\u0259rm\u0259k v\u0259 se\u00e7ki m\u0259c\u0259ll\u0259sind\u0259 demokratik d\u0259yi\u015fiklikl\u0259r\u0259 nail olmaqd\u0131r\u201d demi\u015f\u0259m. Z.\u018flizad\u0259 m\u0259nim bu fikrimi \u00f6z al\u0259mind\u0259 la\u011fa qoyur, anekdot dan\u0131\u015f\u0131r v\u0259 \u018fSAS \u0259ks-arqumentini s\u0259sl\u0259ndirir:\n<\/p>\n<p>\n  Bu hakimiyy\u0259t n\u0259 vaxt \u201cdemokratik se\u00e7ki m\u0259c\u0259ll\u0259sin\u0259\u201d fikir verib? N\u0259 vaxt imkan verib ki, \u201cdemokratik se\u00e7ki m\u00fchiti\u201d yarans\u0131n?\n<\/p>\n<p>\n  Dostlar, bu guya m\u00fcst\u0259qil intellektual\u0131n arqumentin\u0259 diqq\u0259t edin. Dem\u0259li, bu rejim demokratik se\u00e7ki m\u0259c\u0259ll\u0259sin\u0259 fikir verm\u0259yibs\u0259, demokratik se\u00e7ki m\u00fchitinin yaranmas\u0131na imkan verm\u0259yibs\u0259, demokratik d\u00fc\u015f\u0259rg\u0259 bu h\u0259d\u0259fl\u0259ri- azad v\u0259 \u0259dal\u0259tli se\u00e7ki z\u0259rur\u0259tini unutmal\u0131d\u0131r, dil\u0259 g\u0259tirm\u0259m\u0259lidir, bu istiqam\u0259td\u0259 f\u0259aliyy\u0259t g\u00f6st\u0259rm\u0259m\u0259li , m\u00fcbariz\u0259 aparmamal\u0131d\u0131r?!\n<\/p>\n<p>\n  Z.\u018flizad\u0259 c\u0259nablar\u0131 son 27 ild\u0259 m\u0259nim \u0259leyhim\u0259, t\u0259msil etdiyim t\u0259\u015fkilatlar\u0131n (AXC, M\u00fcsavat, MSDM) \u0259leyhin\u0259 y\u00fczl\u0259rl\u0259 m\u00fcsahib\u0259l\u0259r verib, yaz\u0131lar yaz\u0131b, h\u0259tta yalan v\u0259 b\u00f6htanlar\u0131n\u0131 toplay\u0131b kitab hal\u0131nda da n\u0259\u015fr etdirib.<br \/>\n  <br \/>\n  M\u0259n ona nadir hallarda, \u0259sas\u0259n jurnalistl\u0259r t\u0259kid ed\u0259nd\u0259 cavab vermi\u015f\u0259m. \u0130ndi is\u0259 sad\u0259c\u0259 olaraq ona v\u0259 ba\u015fqa yalan\u00e7\u0131lara bir s\u00f6z\u00fcm\u00fc xat\u0131rlatmaq ist\u0259dim: bizim haqq\u0131m\u0131zda yalan dan\u0131\u015fanlar \u00f6zl\u0259ri haqda h\u0259qiq\u0259ti e\u015fid\u0259 bil\u0259rl\u0259r. M\u0259sl\u0259h\u0259tim budur ki, vaxt\u0131m\u0131z\u0131 almas\u0131nlar\u201d.<\/p>\n","protected":false},"excerpt":{"rendered":"<p>\u0130sa Q\u0259mb\u0259r Z\u0259rd\u00fc\u015ft \u018flizad\u0259y\u0259 cavab yazd\u0131<\/p>\n","protected":false},"author":11,"featured_media":95990,"comment_status":"closed","ping_status":"open","sticky":false,"template":"","format":"standard","meta":{"_acf_changed":false,"_sitemap_exclude":false,"_sitemap_priority":"","_sitemap_frequency":"","footnotes":""},"categories":[57],"tags":[],"class_list":["post-187697","post","type-post","status-publish","format-standard","has-post-thumbnail","hentry","category-menim-fikrimce","infinite-scroll-item","generate-columns","tablet-grid-50","mobile-grid-100","grid-parent","grid-33","no-featured-image-padding"],"acf":[],"yoast_head":"<!-- This site is optimized with the Yoast SEO plugin v27.5 - https:\/\/yoast.com\/product\/yoast-seo-wordpress\/ -->\n<title>\u0130sa Q\u0259mb\u0259r: Q\u0259l\u0259b\u0259min \u015fahidl\u0259rind\u0259n biri d\u0259 Z\u0259rd\u00fc\u015ft \u018flizad\u0259dir - MEYDAN.TV<\/title>\n<meta name=\"robots\" content=\"index, follow, max-snippet:-1, max-image-preview:large, max-video-preview:-1\" \/>\n<link rel=\"canonical\" href=\"https:\/\/www.meydan.tv\/az\/article\/isa-qember-qelebemin-sahidlerinden-biri-de-zerdust-elizadedir\/\" \/>\n<meta property=\"og:locale\" content=\"az_AZ\" \/>\n<meta property=\"og:type\" content=\"article\" \/>\n<meta property=\"og:title\" content=\"\u0130sa Q\u0259mb\u0259r: Q\u0259l\u0259b\u0259min \u015fahidl\u0259rind\u0259n biri d\u0259 Z\u0259rd\u00fc\u015ft \u018flizad\u0259dir - MEYDAN.TV\" \/>\n<meta property=\"og:description\" content=\"\u0130sa Q\u0259mb\u0259r Z\u0259rd\u00fc\u015ft \u018flizad\u0259y\u0259 cavab yazd\u0131\" \/>\n<meta property=\"og:url\" content=\"https:\/\/www.meydan.tv\/az\/article\/isa-qember-qelebemin-sahidlerinden-biri-de-zerdust-elizadedir\/\" \/>\n<meta property=\"og:site_name\" content=\"MEYDAN.TV\" \/>\n<meta property=\"article:published_time\" content=\"2017-12-02T18:59:19+00:00\" \/>\n<meta property=\"og:image\" content=\"https:\/\/www.meydan.tv\/wp-content\/uploads\/37962.png\" \/>\n\t<meta property=\"og:image:width\" content=\"922\" \/>\n\t<meta property=\"og:image:height\" content=\"504\" \/>\n\t<meta property=\"og:image:type\" content=\"image\/png\" \/>\n<meta name=\"author\" content=\"user-manager\" \/>\n<meta name=\"twitter:card\" content=\"summary_large_image\" \/>\n<script type=\"application\/ld+json\" class=\"yoast-schema-graph\">{\"@context\":\"https:\\\/\\\/schema.org\",\"@graph\":[{\"@type\":\"Article\",\"@id\":\"https:\\\/\\\/www.meydan.tv\\\/az\\\/article\\\/isa-qember-qelebemin-sahidlerinden-biri-de-zerdust-elizadedir\\\/#article\",\"isPartOf\":{\"@id\":\"https:\\\/\\\/www.meydan.tv\\\/az\\\/article\\\/isa-qember-qelebemin-sahidlerinden-biri-de-zerdust-elizadedir\\\/\"},\"author\":{\"name\":\"user-manager\",\"@id\":\"https:\\\/\\\/www.meydan.tv\\\/az\\\/#\\\/schema\\\/person\\\/10d11eccf6da3662cf5fdab9806ea91a\"},\"headline\":\"\u0130sa Q\u0259mb\u0259r: Q\u0259l\u0259b\u0259min \u015fahidl\u0259rind\u0259n biri d\u0259 Z\u0259rd\u00fc\u015ft \u018flizad\u0259dir\",\"datePublished\":\"2017-12-02T18:59:19+00:00\",\"mainEntityOfPage\":{\"@id\":\"https:\\\/\\\/www.meydan.tv\\\/az\\\/article\\\/isa-qember-qelebemin-sahidlerinden-biri-de-zerdust-elizadedir\\\/\"},\"wordCount\":1605,\"publisher\":{\"@id\":\"https:\\\/\\\/www.meydan.tv\\\/az\\\/#organization\"},\"image\":{\"@id\":\"https:\\\/\\\/www.meydan.tv\\\/az\\\/article\\\/isa-qember-qelebemin-sahidlerinden-biri-de-zerdust-elizadedir\\\/#primaryimage\"},\"thumbnailUrl\":\"https:\\\/\\\/www.meydan.tv\\\/wp-content\\\/uploads\\\/37962.png\",\"articleSection\":[\"M\u0259nim Fikrimc\u0259\"],\"inLanguage\":\"az\"},{\"@type\":\"WebPage\",\"@id\":\"https:\\\/\\\/www.meydan.tv\\\/az\\\/article\\\/isa-qember-qelebemin-sahidlerinden-biri-de-zerdust-elizadedir\\\/\",\"url\":\"https:\\\/\\\/www.meydan.tv\\\/az\\\/article\\\/isa-qember-qelebemin-sahidlerinden-biri-de-zerdust-elizadedir\\\/\",\"name\":\"\u0130sa Q\u0259mb\u0259r: Q\u0259l\u0259b\u0259min \u015fahidl\u0259rind\u0259n biri d\u0259 Z\u0259rd\u00fc\u015ft \u018flizad\u0259dir - MEYDAN.TV\",\"isPartOf\":{\"@id\":\"https:\\\/\\\/www.meydan.tv\\\/az\\\/#website\"},\"primaryImageOfPage\":{\"@id\":\"https:\\\/\\\/www.meydan.tv\\\/az\\\/article\\\/isa-qember-qelebemin-sahidlerinden-biri-de-zerdust-elizadedir\\\/#primaryimage\"},\"image\":{\"@id\":\"https:\\\/\\\/www.meydan.tv\\\/az\\\/article\\\/isa-qember-qelebemin-sahidlerinden-biri-de-zerdust-elizadedir\\\/#primaryimage\"},\"thumbnailUrl\":\"https:\\\/\\\/www.meydan.tv\\\/wp-content\\\/uploads\\\/37962.png\",\"datePublished\":\"2017-12-02T18:59:19+00:00\",\"breadcrumb\":{\"@id\":\"https:\\\/\\\/www.meydan.tv\\\/az\\\/article\\\/isa-qember-qelebemin-sahidlerinden-biri-de-zerdust-elizadedir\\\/#breadcrumb\"},\"inLanguage\":\"az\",\"potentialAction\":[{\"@type\":\"ReadAction\",\"target\":[\"https:\\\/\\\/www.meydan.tv\\\/az\\\/article\\\/isa-qember-qelebemin-sahidlerinden-biri-de-zerdust-elizadedir\\\/\"]}]},{\"@type\":\"ImageObject\",\"inLanguage\":\"az\",\"@id\":\"https:\\\/\\\/www.meydan.tv\\\/az\\\/article\\\/isa-qember-qelebemin-sahidlerinden-biri-de-zerdust-elizadedir\\\/#primaryimage\",\"url\":\"https:\\\/\\\/www.meydan.tv\\\/wp-content\\\/uploads\\\/37962.png\",\"contentUrl\":\"https:\\\/\\\/www.meydan.tv\\\/wp-content\\\/uploads\\\/37962.png\",\"width\":922,\"height\":504,\"caption\":\"Source:\"},{\"@type\":\"BreadcrumbList\",\"@id\":\"https:\\\/\\\/www.meydan.tv\\\/az\\\/article\\\/isa-qember-qelebemin-sahidlerinden-biri-de-zerdust-elizadedir\\\/#breadcrumb\",\"itemListElement\":[{\"@type\":\"ListItem\",\"position\":1,\"name\":\"Ana s\u0259hif\u0259\",\"item\":\"https:\\\/\\\/www.meydan.tv\\\/az\\\/\"},{\"@type\":\"ListItem\",\"position\":2,\"name\":\"M\u0259nim Fikrimc\u0259\",\"item\":\"https:\\\/\\\/www.meydan.tv\\\/az\\\/section\\\/menim-fikrimce\\\/\"},{\"@type\":\"ListItem\",\"position\":3,\"name\":\"\u0130sa Q\u0259mb\u0259r: Q\u0259l\u0259b\u0259min \u015fahidl\u0259rind\u0259n biri d\u0259 Z\u0259rd\u00fc\u015ft \u018flizad\u0259dir\"}]},{\"@type\":\"WebSite\",\"@id\":\"https:\\\/\\\/www.meydan.tv\\\/az\\\/#website\",\"url\":\"https:\\\/\\\/www.meydan.tv\\\/az\\\/\",\"name\":\"MEYDAN.TV\",\"description\":\"Meydan TV Az\u0259rbaycan\u0131n media m\u0259kan\u0131ndak\u0131 alternativ s\u0259sidir\",\"publisher\":{\"@id\":\"https:\\\/\\\/www.meydan.tv\\\/az\\\/#organization\"},\"potentialAction\":[{\"@type\":\"SearchAction\",\"target\":{\"@type\":\"EntryPoint\",\"urlTemplate\":\"https:\\\/\\\/www.meydan.tv\\\/az\\\/?s={search_term_string}\"},\"query-input\":{\"@type\":\"PropertyValueSpecification\",\"valueRequired\":true,\"valueName\":\"search_term_string\"}}],\"inLanguage\":\"az\"},{\"@type\":\"Organization\",\"@id\":\"https:\\\/\\\/www.meydan.tv\\\/az\\\/#organization\",\"name\":\"Meydan TV\",\"url\":\"https:\\\/\\\/www.meydan.tv\\\/az\\\/\",\"logo\":{\"@type\":\"ImageObject\",\"inLanguage\":\"az\",\"@id\":\"https:\\\/\\\/www.meydan.tv\\\/az\\\/#\\\/schema\\\/logo\\\/image\\\/\",\"url\":\"https:\\\/\\\/www.meydan.tv\\\/wp-content\\\/uploads\\\/2021\\\/07\\\/meydan-logo.svg\",\"contentUrl\":\"https:\\\/\\\/www.meydan.tv\\\/wp-content\\\/uploads\\\/2021\\\/07\\\/meydan-logo.svg\",\"width\":195,\"height\":46,\"caption\":\"Meydan TV\"},\"image\":{\"@id\":\"https:\\\/\\\/www.meydan.tv\\\/az\\\/#\\\/schema\\\/logo\\\/image\\\/\"}},{\"@type\":\"Person\",\"@id\":\"https:\\\/\\\/www.meydan.tv\\\/az\\\/#\\\/schema\\\/person\\\/10d11eccf6da3662cf5fdab9806ea91a\",\"name\":\"user-manager\"}]}<\/script>\n<!-- \/ Yoast SEO plugin. -->","yoast_head_json":{"title":"\u0130sa Q\u0259mb\u0259r: Q\u0259l\u0259b\u0259min \u015fahidl\u0259rind\u0259n biri d\u0259 Z\u0259rd\u00fc\u015ft \u018flizad\u0259dir - MEYDAN.TV","robots":{"index":"index","follow":"follow","max-snippet":"max-snippet:-1","max-image-preview":"max-image-preview:large","max-video-preview":"max-video-preview:-1"},"canonical":"https:\/\/www.meydan.tv\/az\/article\/isa-qember-qelebemin-sahidlerinden-biri-de-zerdust-elizadedir\/","og_locale":"az_AZ","og_type":"article","og_title":"\u0130sa Q\u0259mb\u0259r: Q\u0259l\u0259b\u0259min \u015fahidl\u0259rind\u0259n biri d\u0259 Z\u0259rd\u00fc\u015ft \u018flizad\u0259dir - MEYDAN.TV","og_description":"\u0130sa Q\u0259mb\u0259r Z\u0259rd\u00fc\u015ft \u018flizad\u0259y\u0259 cavab yazd\u0131","og_url":"https:\/\/www.meydan.tv\/az\/article\/isa-qember-qelebemin-sahidlerinden-biri-de-zerdust-elizadedir\/","og_site_name":"MEYDAN.TV","article_published_time":"2017-12-02T18:59:19+00:00","og_image":[{"width":922,"height":504,"url":"https:\/\/www.meydan.tv\/wp-content\/uploads\/37962.png","type":"image\/png"}],"author":"user-manager","twitter_card":"summary_large_image","schema":{"@context":"https:\/\/schema.org","@graph":[{"@type":"Article","@id":"https:\/\/www.meydan.tv\/az\/article\/isa-qember-qelebemin-sahidlerinden-biri-de-zerdust-elizadedir\/#article","isPartOf":{"@id":"https:\/\/www.meydan.tv\/az\/article\/isa-qember-qelebemin-sahidlerinden-biri-de-zerdust-elizadedir\/"},"author":{"name":"user-manager","@id":"https:\/\/www.meydan.tv\/az\/#\/schema\/person\/10d11eccf6da3662cf5fdab9806ea91a"},"headline":"\u0130sa Q\u0259mb\u0259r: Q\u0259l\u0259b\u0259min \u015fahidl\u0259rind\u0259n biri d\u0259 Z\u0259rd\u00fc\u015ft \u018flizad\u0259dir","datePublished":"2017-12-02T18:59:19+00:00","mainEntityOfPage":{"@id":"https:\/\/www.meydan.tv\/az\/article\/isa-qember-qelebemin-sahidlerinden-biri-de-zerdust-elizadedir\/"},"wordCount":1605,"publisher":{"@id":"https:\/\/www.meydan.tv\/az\/#organization"},"image":{"@id":"https:\/\/www.meydan.tv\/az\/article\/isa-qember-qelebemin-sahidlerinden-biri-de-zerdust-elizadedir\/#primaryimage"},"thumbnailUrl":"https:\/\/www.meydan.tv\/wp-content\/uploads\/37962.png","articleSection":["M\u0259nim Fikrimc\u0259"],"inLanguage":"az"},{"@type":"WebPage","@id":"https:\/\/www.meydan.tv\/az\/article\/isa-qember-qelebemin-sahidlerinden-biri-de-zerdust-elizadedir\/","url":"https:\/\/www.meydan.tv\/az\/article\/isa-qember-qelebemin-sahidlerinden-biri-de-zerdust-elizadedir\/","name":"\u0130sa Q\u0259mb\u0259r: Q\u0259l\u0259b\u0259min \u015fahidl\u0259rind\u0259n biri d\u0259 Z\u0259rd\u00fc\u015ft \u018flizad\u0259dir - MEYDAN.TV","isPartOf":{"@id":"https:\/\/www.meydan.tv\/az\/#website"},"primaryImageOfPage":{"@id":"https:\/\/www.meydan.tv\/az\/article\/isa-qember-qelebemin-sahidlerinden-biri-de-zerdust-elizadedir\/#primaryimage"},"image":{"@id":"https:\/\/www.meydan.tv\/az\/article\/isa-qember-qelebemin-sahidlerinden-biri-de-zerdust-elizadedir\/#primaryimage"},"thumbnailUrl":"https:\/\/www.meydan.tv\/wp-content\/uploads\/37962.png","datePublished":"2017-12-02T18:59:19+00:00","breadcrumb":{"@id":"https:\/\/www.meydan.tv\/az\/article\/isa-qember-qelebemin-sahidlerinden-biri-de-zerdust-elizadedir\/#breadcrumb"},"inLanguage":"az","potentialAction":[{"@type":"ReadAction","target":["https:\/\/www.meydan.tv\/az\/article\/isa-qember-qelebemin-sahidlerinden-biri-de-zerdust-elizadedir\/"]}]},{"@type":"ImageObject","inLanguage":"az","@id":"https:\/\/www.meydan.tv\/az\/article\/isa-qember-qelebemin-sahidlerinden-biri-de-zerdust-elizadedir\/#primaryimage","url":"https:\/\/www.meydan.tv\/wp-content\/uploads\/37962.png","contentUrl":"https:\/\/www.meydan.tv\/wp-content\/uploads\/37962.png","width":922,"height":504,"caption":"Source:"},{"@type":"BreadcrumbList","@id":"https:\/\/www.meydan.tv\/az\/article\/isa-qember-qelebemin-sahidlerinden-biri-de-zerdust-elizadedir\/#breadcrumb","itemListElement":[{"@type":"ListItem","position":1,"name":"Ana s\u0259hif\u0259","item":"https:\/\/www.meydan.tv\/az\/"},{"@type":"ListItem","position":2,"name":"M\u0259nim Fikrimc\u0259","item":"https:\/\/www.meydan.tv\/az\/section\/menim-fikrimce\/"},{"@type":"ListItem","position":3,"name":"\u0130sa Q\u0259mb\u0259r: Q\u0259l\u0259b\u0259min \u015fahidl\u0259rind\u0259n biri d\u0259 Z\u0259rd\u00fc\u015ft \u018flizad\u0259dir"}]},{"@type":"WebSite","@id":"https:\/\/www.meydan.tv\/az\/#website","url":"https:\/\/www.meydan.tv\/az\/","name":"MEYDAN.TV","description":"Meydan TV Az\u0259rbaycan\u0131n media m\u0259kan\u0131ndak\u0131 alternativ s\u0259sidir","publisher":{"@id":"https:\/\/www.meydan.tv\/az\/#organization"},"potentialAction":[{"@type":"SearchAction","target":{"@type":"EntryPoint","urlTemplate":"https:\/\/www.meydan.tv\/az\/?s={search_term_string}"},"query-input":{"@type":"PropertyValueSpecification","valueRequired":true,"valueName":"search_term_string"}}],"inLanguage":"az"},{"@type":"Organization","@id":"https:\/\/www.meydan.tv\/az\/#organization","name":"Meydan TV","url":"https:\/\/www.meydan.tv\/az\/","logo":{"@type":"ImageObject","inLanguage":"az","@id":"https:\/\/www.meydan.tv\/az\/#\/schema\/logo\/image\/","url":"https:\/\/www.meydan.tv\/wp-content\/uploads\/2021\/07\/meydan-logo.svg","contentUrl":"https:\/\/www.meydan.tv\/wp-content\/uploads\/2021\/07\/meydan-logo.svg","width":195,"height":46,"caption":"Meydan TV"},"image":{"@id":"https:\/\/www.meydan.tv\/az\/#\/schema\/logo\/image\/"}},{"@type":"Person","@id":"https:\/\/www.meydan.tv\/az\/#\/schema\/person\/10d11eccf6da3662cf5fdab9806ea91a","name":"user-manager"}]}},"_links":{"self":[{"href":"https:\/\/www.meydan.tv\/az\/wp-json\/wp\/v2\/posts\/187697","targetHints":{"allow":["GET"]}}],"collection":[{"href":"https:\/\/www.meydan.tv\/az\/wp-json\/wp\/v2\/posts"}],"about":[{"href":"https:\/\/www.meydan.tv\/az\/wp-json\/wp\/v2\/types\/post"}],"author":[{"embeddable":true,"href":"https:\/\/www.meydan.tv\/az\/wp-json\/wp\/v2\/users\/11"}],"replies":[{"embeddable":true,"href":"https:\/\/www.meydan.tv\/az\/wp-json\/wp\/v2\/comments?post=187697"}],"version-history":[{"count":0,"href":"https:\/\/www.meydan.tv\/az\/wp-json\/wp\/v2\/posts\/187697\/revisions"}],"wp:featuredmedia":[{"embeddable":true,"href":"https:\/\/www.meydan.tv\/az\/wp-json\/wp\/v2\/media\/95990"}],"wp:attachment":[{"href":"https:\/\/www.meydan.tv\/az\/wp-json\/wp\/v2\/media?parent=187697"}],"wp:term":[{"taxonomy":"category","embeddable":true,"href":"https:\/\/www.meydan.tv\/az\/wp-json\/wp\/v2\/categories?post=187697"},{"taxonomy":"post_tag","embeddable":true,"href":"https:\/\/www.meydan.tv\/az\/wp-json\/wp\/v2\/tags?post=187697"}],"curies":[{"name":"wp","href":"https:\/\/api.w.org\/{rel}","templated":true}]}}