{"id":187626,"date":"2017-11-28T02:02:35","date_gmt":"2017-11-28T02:02:35","guid":{"rendered":"https:\/\/www.meydan.tv\/article\/issizlik-derdi\/"},"modified":"2017-11-28T02:02:35","modified_gmt":"2017-11-28T02:02:35","slug":"issizlik-derdi","status":"publish","type":"post","link":"https:\/\/www.meydan.tv\/az\/article\/issizlik-derdi\/","title":{"rendered":"\u0130\u015fsizlik d\u0259rdi"},"content":{"rendered":"<figure class=\"wp-block-image size-large\">\n  <img decoding=\"async\" src=\"https:\/\/www.meydan.tv\/az\/issizlik-serti-foto\/\" alt=\"\u0130\u015fsizlik \u015f\u0259rti foto\" class=\"wp-image-95879\"\/><figcaption>\n    \u0130\u015fsizlik \u015f\u0259rti foto<br \/>\n  <\/figcaption><\/figure>\n<figure class=\"wp-block-image size-large\">\n  <img decoding=\"async\" src=\"https:\/\/www.meydan.tv\/az\/issizlik-serti-foto\/\" alt=\"\u0130\u015fsizlik \u015f\u0259rti foto\" class=\"wp-image-95879\"\/><figcaption>\n    \u0130\u015fsizlik \u015f\u0259rti foto<br \/>\n  <\/figcaption><\/figure>\n<p>\n  \u0130\u015f\u0259 d\u00fcz\u0259lm\u0259k tan\u0131\u015fl\u0131q, qohumluq \u0259laq\u0259l\u0259ri, \u015f\u0259xsi simpatiya n\u0259tic\u0259sind\u0259 ba\u015f verir.<\/p>\n<p>  Bu g\u00fcn \u00f6lk\u0259nin Qaraba\u011fdan sonra ikinci ciddi problemi i\u015fsizlikdir. H\u00f6k\u00fcm\u0259ts\u0259 d\u00fc\u015f\u00fcn\u00fcr ki, i\u015fsizlik \u00f6lk\u0259nin yox, m\u0259hz v\u0259t\u0259nda\u015f\u0131n \u015f\u0259xsi problemidir. Bel\u0259 olmasa idi, h\u0259r il maa\u015flar\u0131ndan naraz\u0131l\u0131q ed\u0259n deputatlar xalqa s\u0259feh m\u0259sl\u0259h\u0259tl\u0259r verm\u0259zdil\u0259r. Dem\u0259zdil\u0259r ki, i\u015f var, sad\u0259c\u0259 mill\u0259t i\u015fl\u0259m\u0259k ist\u0259mir. D\u00f6vl\u0259t Statistika Komit\u0259sinin verdiyi r\u0259smi m\u0259lumata g\u00f6r\u0259, \u00f6lk\u0259d\u0259 33000 adam i\u015fsizdir. G\u00fcman edir\u0259m ki, bu r\u0259q\u0259ml\u0259r d\u0259 qeyri-d\u0259qiqdir v\u0259 h\u0259qiq\u0259ti \u0259ks etdirmir. H\u0259qiq\u0259t is\u0259 budur ki, \u00f6lk\u0259d\u0259 i\u015fsizl\u0259rin say\u0131 bir ne\u00e7\u0259 d\u0259f\u0259 \u00e7oxdur.\n<\/p>\n<p>\n  Xalq\u0131n bu m\u0259s\u0259l\u0259y\u0259 reaksiyas\u0131, manat\u0131n ucuzla\u015fmas\u0131na, benzinin qiym\u0259tinin qalxmas\u0131na oldu\u011fu kimidir. Y\u0259ni la\u011fla\u011f\u0131 v\u0259 qeyri-ciddi.\n<\/p>\n<p>\n  Sosial \u015f\u0259b\u0259k\u0259d\u0259 i\u015fsizlik, qiym\u0259t art\u0131m\u0131yla ba\u011fl\u0131 bolluca zarafat, video \u00e7arxlar var. \u00dcmumiyy\u0259tl\u0259, \u015f\u0259xsi m\u00fc\u015fahid\u0259m\u0259 \u0259saslan\u0131b dey\u0259 bil\u0259r\u0259m ki, bizim qarda\u015f iki \u015feyd\u0259n yaman \u00e7\u0259kinir. Biri kas\u0131b g\u00f6r\u00fcnm\u0259kd\u0259n, dig\u0259risi ciddi olmaqdan. Satira h\u0259qiq\u0259ti dem\u0259k \u00fc\u00e7\u00fcn a\u011f\u0131ll\u0131 vasit\u0259dir. \u00d6t\u0259n \u0259srin \u0259vv\u0259lind\u0259 ziyal\u0131lar\u0131m\u0131z cahil k\u00fctl\u0259y\u0259 h\u0259qiq\u0259ti bu yolla \u00e7atd\u0131r\u0131rd\u0131. Orta \u0259srl\u0259rd\u0259, kral saraylar\u0131nda t\u0259lx\u0259k h\u0259qiq\u0259ti dombalaq a\u015faraq deyirdi.\n<\/p>\n<p>\n  Amma t\u0259kc\u0259 d\u00fcz s\u00f6z\u00fc dem\u0259kl\u0259 deyil, g\u0259r\u0259k \u00e7al\u0131\u015fasan sonda t\u0259lx\u0259k rolunda qalmayasan. Yoxsa s\u00f6yl\u0259diyin fikir ciddiliyni itir\u0259r. \u00d6lk\u0259d\u0259 i\u015fsizliyin bir \u00e7ox s\u0259b\u0259bi var. \u0130qtisad\u00e7\u0131lar onlar\u0131 daha m\u00fcf\u0259ss\u0259l yaza bil\u0259rl\u0259r.\n<\/p>\n<p>\n  B\u0259nd\u0259niz is\u0259 iqtisad\u00e7\u0131 deyil, ona g\u00f6r\u0259 \u00fczd\u0259 olanlar\u0131 yazacaq. \u018fvv\u0259la deyim ki, m\u0259n on ild\u0259n art\u0131qd\u0131 neft s\u0259nayesind\u0259 \u00e7al\u0131\u015f\u0131ram. Bu ill\u0259r \u0259rzind\u0259 y\u00fczl\u0259rl\u0259 insan tan\u0131m\u0131\u015fam. O adamlar\u0131n aras\u0131nda \u00f6z pe\u015f\u0259si \u00fczr\u0259 i\u015fl\u0259y\u0259ni \u00e7ox az olub. Onlar h\u0259kim, h\u00fcquq\u015funas, m\u00fc\u0259llim, t\u0259rc\u00fcm\u0259\u00e7i, jurnalist, t\u0259yyar\u0259 pilotu, dizayner, baytar, iqtisad\u00e7\u0131 olub. Lakin ham\u0131s\u0131 xarici neft \u015firk\u0259tl\u0259rind\u0259, f\u0259rqli pe\u015f\u0259l\u0259rd\u0259 \u00e7al\u0131\u015f\u0131blar. M\u0259s\u0259l\u0259n, tarix m\u00fc\u0259llimi \u00e7iling\u0259r, t\u0259rc\u00fcm\u0259\u00e7i ambardar, h\u0259kim y\u00fckqald\u0131r\u0131c\u0131, jurnalist elektrik, t\u0259yyar\u0259 pilotu is\u0259 borular\u0131n m\u00fcf\u0259tti\u015fi v\u0259zif\u0259sind\u0259 i\u015fl\u0259yib. \u0130ndi t\u0259s\u0259vv\u00fcr edin, neft ucuzla\u015f\u0131r, \u015firk\u0259t i\u015f\u00e7il\u0259ri ixtisar edir. \u00d6mr\u00fcn\u00fcn yar\u0131s\u0131n\u0131 h\u0259kim diplomu il\u0259 \u00e7iling\u0259r i\u015fl\u0259mi\u015f v\u0259t\u0259nda\u015f hara getsin? Hans\u0131 i\u015fin qulpundan yap\u0131\u015fs\u0131n? Yax\u015f\u0131, b\u0259s niy\u0259 bu pe\u015f\u0259 sahibl\u0259ri f\u0259rqli sah\u0259d\u0259 i\u015fl\u0259yir?\n<\/p>\n<p>\n  C\u00fcmhuriyy\u0259t d\u00f6vr\u00fcnd\u0259 h\u00f6kum\u0259t \u00f6lk\u0259daxili siyasi \u00e7\u0259ki\u015fm\u0259l\u0259r\u0259 r\u0259\u011fm\u0259n iqtisadiyyat\u0131 dir\u00e7\u0259ltm\u0259k, ilk n\u00f6vb\u0259d\u0259 aqrar m\u0259s\u0259l\u0259ni h\u0259ll etm\u0259k ist\u0259yirdi. H\u0259min d\u00f6vrd\u0259 yaln\u0131z bu yolla camaat\u0131n rifah\u0131n az da olsa yax\u015f\u0131la\u015fd\u0131rmaq olard\u0131. O zaman \u00fc\u00e7\u00fcn ADR h\u00f6kum\u0259ti bundan art\u0131\u011f\u0131n\u0131 ed\u0259 bilm\u0259zdi. \u018fvv\u0259la, texnologiya v\u0259 s\u0259naye indiki kimi ink\u015faf etm\u0259mi\u015fdi. \u0130kincisi, Rusiyada ba\u015f ver\u0259n inqilab, iki \u00f6lk\u0259 aras\u0131nda yaranm\u0131\u015f soyuqluq neftin ixrac\u0131n\u0131 dayand\u0131rm\u0131\u015fd\u0131. Ambarlarda neft a\u015f\u0131b-da\u015f\u0131r, b\u00fcdc\u0259y\u0259 pul g\u0259lmirdi. B\u0259s g\u00f6r\u0259s\u0259n iyirmi be\u015f il siyasi sabitlik d\u00f6vr\u00fcnd\u0259 h\u00f6kum\u0259t niy\u0259 qeyri-neft sektorunu inki\u015faf etdir\u0259 bilm\u0259di? Sovet d\u00f6n\u0259mind\u0259n infrastruktur qalm\u0131\u015fd\u0131, pe\u015f\u0259karlar var idi. Yaln\u0131z zavod, fabrikl\u0259ri t\u0259kmill\u0259\u015fdirib i\u015fl\u0259tm\u0259k g\u0259r\u0259k idi. Minl\u0259rl\u0259 barama\u00e7\u0131, aqranom, baytar, meliorasiya m\u00fct\u0259x\u0259ssisi i\u015fsiz qald\u0131. Ba\u015f g\u00f6t\u00fcr\u00fcb i\u015f \u00fc\u00e7\u00fcn qon\u015fu \u00f6lk\u0259l\u0259r\u0259 getdi.\n<\/p>\n<p>\n  M\u00fcst\u0259qil olandan sonra onlarla pe\u015f\u0259 m\u0259kt\u0259bi ba\u011fland\u0131. M\u0259n ya\u015fad\u0131\u011f\u0131m q\u0259s\u0259b\u0259d\u0259 pe\u015f\u0259 m\u0259kt\u0259bin\u0259 m\u00fcharib\u0259d\u0259n sonra m\u0259cburi k\u00f6\u00e7k\u00fcnl\u0259r girmi\u015fdi. \u0130nsanlar m\u0259kt\u0259bin stadionunda qoyun otar\u0131r, idman zal\u0131nda ya\u015fay\u0131rd\u0131.<br \/>\n  <br \/>\n  Bu m\u0259kt\u0259bl\u0259ri qeyri-r\u0259smi yox edib, g\u0259ncl\u0259r\u0259 universitetl\u0259rd\u0259n savay\u0131 alternativ se\u00e7im qoymayan h\u00f6kum\u0259t, sonradan t\u0259l\u0259b\u0259ni i\u015f\u0259 g\u00f6t\u00fcr\u0259nd\u0259 \u00fc\u00e7 il i\u015f t\u0259cr\u00fcb\u0259si ist\u0259yir. Amma pe\u015f\u0259 m\u0259kt\u0259bl\u0259ri qalsa idi, t\u0259l\u0259b\u0259 h\u0259m oxuyar, h\u0259m d\u0259 t\u0259cr\u00fcb\u0259 y\u0131\u011fard\u0131. \u0130ndi is\u0259 d\u00f6rd-be\u015f il universitet oxumu\u015f t\u0259l\u0259b\u0259, gedib zavoda qaynaq\u00e7\u0131 k\u00f6m\u0259k\u00e7isi i\u015fl\u0259yir. \u00d6lk\u0259d\u0259 istehsalatda \u00e7al\u0131\u015fanlar\u0131n yar\u0131dan \u00e7oxu Sovet vaxt\u0131 pe\u015f\u0259 m\u0259kt\u0259bl\u0259rini bitiribl\u0259r.\n<\/p>\n<p>\n  D\u00f6vl\u0259t idar\u0259sin\u0259 i\u015f\u0259 d\u00fcz\u0259l\u0259nd\u0259, i\u015f\u00e7inin savad\u0131na, t\u0259cr\u00fcb\u0259sin\u0259 baxan olmur. \u0130\u015f\u0259 d\u00fcz\u0259lm\u0259k tan\u0131\u015fl\u0131q, qohumluq \u0259laq\u0259l\u0259ri, \u015f\u0259xsi simpatiya n\u0259tic\u0259sind\u0259 ba\u015f verir. Savadl\u0131, bacar\u0131ql\u0131, i\u015fg\u00fczar, d\u00f6vl\u0259t\u0259 v\u0259 d\u00f6vl\u0259t\u00e7iliy\u0259 faydal\u0131 olacaq m\u00fct\u0259x\u0259ssis qal\u0131r k\u0259narda, icra edil\u0259c\u0259k i\u015fd\u0259n uzaq bir insan g\u0259tirilir v\u0259zif\u0259y\u0259. Bu proses \u0259n a\u015fa\u011f\u0131 idar\u0259d\u0259n, \u00fcz\u00fcyuxar\u0131 z\u0259ncirvari olaraq davam edir. Bu c\u00fcr i\u015f\u0259 q\u0259bul d\u00f6vl\u0259t idar\u0259l\u0259rinin ham\u0131s\u0131nda m\u00f6vcuddur. \u018fslind\u0259 i\u015f tapmaqda \u00e7\u0259tinlik \u00e7\u0259k\u0259n adam daxili bazar\u0131n t\u0259l\u0259bl\u0259rin\u0259 uy\u011fun olmayan, qeyri-pe\u015f\u0259kar, s\u0259ri\u015ft\u0259siz, savads\u0131z olmal\u0131d\u0131r. Bizim \u00f6lk\u0259d\u0259 is\u0259 \u0259ksin\u0259dir. Yuxar\u0131da yazd\u0131\u011f\u0131m \u00fcsulla g\u0259lib r\u0259hb\u0259r olan \u015f\u0259xs ad\u0259t\u0259n idar\u0259 etm\u0259k, kollektivd\u0259 i\u015fl\u0259m\u0259k bacar\u0131\u011f\u0131na malik olmur. O i\u015f yerind\u0259 \u015f\u0259xsi kompleksl\u0259ri, ambisiyalar\u0131 il\u0259 i\u015fl\u0259yir. Komandada \u015f\u0259xsi \u0259dav\u0259t, aqressiya, qeyri-sa\u011flam m\u00fchit yarad\u0131r.\n<\/p>\n<p>\n  \u00d6lk\u0259d\u0259 iri v\u0259 x\u0131rda sahibkarlar olsa da, i\u015f axtaranlar\u0131n t\u0259l\u0259bat\u0131n\u0131 \u00f6d\u0259mir. Ad\u0259t\u0259n i\u015f \u015f\u0259raiti, m\u0259vacib qaneedici olmur. Bu \u00fczd\u0259n v\u0259t\u0259nda\u015f normal maa\u015f v\u0259 i\u015f \u00fc\u00e7\u00fcn xarici neft \u015firk\u0259tl\u0259rin\u0259 \u00fcst\u00fcnl\u00fck verir.\n<\/p>\n<p>\n  Xarici neft \u015firk\u0259tl\u0259rind\u0259 d\u0259 v\u0259ziyy\u0259t \u00fcr\u0259ka\u00e7an deyil. D\u00fcnya iqtisadiyyat\u0131nda ba\u015f ver\u0259n t\u0259lat\u00fcmlar, neftin d\u0259y\u0259rd\u0259n d\u00fc\u015fm\u0259si \u015firk\u0259tl\u0259ri b\u00fcdc\u0259ni k\u0259sm\u0259y\u0259 vadar edir. \u0130\u015fl\u0259rin azalmas\u0131 fonunda, v\u0259sait\u0259 q\u0259na\u0259t etm\u0259yin \u0259n produktiv yolu is\u0259 i\u015f\u00e7il\u0259rin ixtisar\u0131d\u0131r. H\u00f6kum\u0259t \u00f6lk\u0259d\u0259 i\u015fl\u0259y\u0259n xarici \u015firk\u0259tl\u0259r\u0259 kadrlar\u0131n millil\u0259\u015fm\u0259si proqram\u0131n\u0131 t\u00f6vsiy\u0259 edir. \u018fslind\u0259 bu alq\u0131\u015flanan t\u0259klifdir. Millil\u0259\u015fm\u0259 siyas\u0259ti \u015firk\u0259tl\u0259r\u0259 q\u0259na\u0259t etm\u0259y\u0259 k\u00f6m\u0259k etm\u0259li, h\u0259m d\u0259 yerli \u0259halinin i\u015fl\u0259 t\u0259min olunmas\u0131na \u015f\u0259rait yaratmal\u0131yd\u0131. \u015eirk\u0259t \u0259cn\u0259bi i\u015f\u00e7ini yerli i\u015f\u00e7iyl\u0259 \u0259v\u0259z etdikd\u0259, \u0259cn\u0259biy\u0259 \u00f6d\u0259diyi y\u00fcks\u0259k maa\u015fdan \u0259lav\u0259, yol x\u0259rci, ya\u015fay\u0131\u015f yeri \u00fc\u00e7\u00fcn s\u0259rf etdiyi v\u0259sait\u0259 q\u0259na\u0259t etmi\u015f olur.\n<\/p>\n<p>\n  T\u0259\u0259ss\u00fcf ki, millil\u0259\u015fm\u0259 siyas\u0259ti \u0259ks t\u0259sir g\u00f6st\u0259rdi. Xarici \u015firk\u0259tl\u0259r qohumbazl\u0131q azar\u0131na tutuldu. \u201cBal\u0131q ba\u015fdan iyl\u0259n\u0259r\u201d m\u0259s\u0259li \u0259b\u0259s yer\u0259 deyilmir. Camaat d\u00f6vl\u0259t idar\u0259l\u0259rind\u0259n i\u015f\u00e7i g\u00f6t\u00fcrm\u0259k t\u0259cr\u00fcb\u0259sini m\u0259nims\u0259yib, xarici \u015firk\u0259tl\u0259rd\u0259 t\u0259tbiq etm\u0259y\u0259 ba\u015flad\u0131. N\u0259tic\u0259d\u0259 minl\u0259rl\u0259 pe\u015f\u0259kar, t\u0259cr\u00fcb\u0259li, bilikli, bacar\u0131ql\u0131 insan i\u015fsiz qald\u0131 v\u0259 qalmaqdad\u0131r. Tan\u0131\u015fl\u0131qla i\u015f\u0259 g\u00f6t\u00fcr\u00fcl\u0259n insanlara is\u0259 m\u0259ddahl\u0131q v\u0259 yaltaql\u0131q prioritet kimi g\u00f6st\u0259rilir.\n<\/p>\n<p>\n  \u00c7\u00fcnki i\u015fini bilm\u0259y\u0259n, pe\u015f\u0259kar olmayan insan\u0131n i\u015fd\u0259 qalmas\u0131 yaln\u0131z m\u00fcdriyy\u0259t\u0259 nec\u0259 yaltaql\u0131q etm\u0259yind\u0259n as\u0131l\u0131d\u0131r.\n<\/p>\n<p>\n  Bir d\u0259f\u0259 i\u015fl\u0259diyim \u015firk\u0259td\u0259 m\u00fcbahis\u0259 d\u00fc\u015fm\u00fc\u015fd\u00fc. Yax\u015f\u0131 v\u0259zif\u0259si, maa\u015f\u0131 olan, ya\u015f\u0131 \u0259llini adlam\u0131\u015f i\u015f yolda\u015f\u0131m m\u0259ni ota\u011f\u0131na \u00e7a\u011f\u0131rd\u0131. Fikirl\u0259\u015fdim ki, y\u0259qin dey\u0259c\u0259k t\u0259mkinli ol, cavansan, h\u0259r x\u0131rda m\u0259s\u0259l\u0259y\u0259 g\u00f6r\u0259 hirsl\u0259nm\u0259, h\u0259r \u015fey yax\u015f\u0131 olacaq. Fikirl\u0259\u015fdim ki, h\u0259yat g\u00f6rm\u00fc\u015f insan kimi, m\u0259n\u0259 d\u0259y\u0259rli m\u0259sl\u0259h\u0259t, n\u0259sih\u0259t ver\u0259c\u0259k. Amma otaqda onun dedikl\u0259rini e\u015fidib, az qald\u0131m utand\u0131\u011f\u0131mdan ba\u015f\u0131m\u0131 yerin dibin\u0259 soxum. O ya\u015fda insan \u00e7\u0259kinm\u0259d\u0259n m\u0259n\u0259 yaltaql\u0131\u011f\u0131 t\u0259bli\u011f edirdi. H\u0259l\u0259m utanmay\u0131b dedi ki, \u00f6z\u00fc d\u0259 bel\u0259 edib v\u0259 buna g\u00f6r\u0259 bu v\u0259zif\u0259d\u0259 oturub. \u0130ndi is\u0259 yaltaq olmay\u0131b karyera qurmaq ist\u0259y\u0259n g\u0259nc g\u00f6r\u0259nd\u0259 koqnitiv dissonans (psixologiya n\u0259z\u0259riyy\u0259sidir. Bu n\u0259z\u0259riyy\u0259y\u0259 g\u00f6r\u0259 \u015f\u0259xs iki, bir-birin\u0259 \u0259ks m\u00f6vqenin v\u0259 ya d\u0259rk ed\u0259r\u0259k (cognition \u2013 koqnisiya) q\u0259bul etdiyi ideyan\u0131n t\u0259siri alt\u0131ndad\u0131rsa, bu, onda psixoloji g\u0259rginlik yarad\u0131r. Ba\u015fqa s\u00f6zl\u0259, insan bir i\u015fi ist\u0259m\u0259y\u0259r\u0259k, \u015f\u00fcurlu sur\u0259td\u0259 bu h\u0259r\u0259k\u0259tl\u0259 raz\u0131la\u015fmayaraq g\u00f6r\u00fcrs\u0259 v\u0259 ya ist\u0259y\u0259r\u0259k g\u00f6rd\u00fcy\u00fc i\u015fin do\u011fru olmad\u0131\u011f\u0131n\u0131 bilirs\u0259, bu, onu narahat edir) ke\u00e7irir.\n<\/p>\n<p>\n  Ad\u0259t\u0259n tap\u015f\u0131r\u0131qla i\u015f\u00e7i g\u00f6t\u00fcr\u0259rk\u0259n, \u015firk\u0259td\u0259 m\u00fcsabiq\u0259l\u0259r g\u00f6zd\u0259n p\u0259rd\u0259 asmaq \u00fc\u00e7\u00fcn olur. Sonra absurd s\u0259b\u0259bl\u0259r\u0259 g\u00f6r\u0259 insanlar\u0131 g\u00f6t\u00fcrm\u00fcrl\u0259r. M\u0259s\u0259l\u0259n, saqqal\u0131 uzun oldu\u011funa g\u00f6r\u0259, yaxud subay oldu\u011fu \u00fc\u00e7\u00fcn. M\u0259n\u0259 bir d\u0259f\u0259 z\u0259ng edib dedil\u0259r ki, sizi i\u015f\u0259 g\u00f6t\u00fcr\u0259 bilm\u0259rik. \u00c7\u00fcnki siz\u0259 alaca\u011f\u0131n\u0131z maa\u015f\u0131 dedikd\u0259, \u00fcz\u00fcn\u00fczd\u0259 sevinc hissini g\u00f6rm\u0259dik.\n<\/p>\n<p>\n  \u00d6lk\u0259d\u0259 dayanmadan artan i\u015fsizlik, m\u0259n\u0259 \u00fc\u00e7 filmi xat\u0131rlad\u0131r. Bu filml\u0259r i\u015fsizliyin t\u00f6r\u0259tdiyi probleml\u0259ri daha ayd\u0131n v\u0259 d\u0259qiq anlatmaq g\u00fcc\u00fcnd\u0259dir. Vittorio de Sikan\u0131n \u201cVelosiped o\u011frular\u0131\u201d, Pyetro Djeriminin \u201cMa\u015finist\u201d v\u0259 Ron Xovard\u0131n \u201cNokdaun\u201d filmi.\n<\/p>\n<p>\n  <i><br \/>\n    <b><br \/>\n      Yaz\u0131 m\u00fc\u0259llifin fikirl\u0259rini \u0259ks etdirir v\u0259 Meydan TV-nin m\u00f6vqeyi il\u0259 \u00fcst-\u00fcst\u0259 d\u00fc\u015fm\u0259y\u0259 bil\u0259r.<br \/>\n    <\/b><br \/>\n  <\/i><\/p>\n","protected":false},"excerpt":{"rendered":"<p>\u0130\u015f\u0259 d\u00fcz\u0259lm\u0259k tan\u0131\u015fl\u0131q, qohumluq \u0259laq\u0259l\u0259ri, \u015f\u0259xsi simpatiya n\u0259tic\u0259sind\u0259 ba\u015f verir<\/p>\n","protected":false},"author":11,"featured_media":95879,"comment_status":"closed","ping_status":"open","sticky":false,"template":"","format":"standard","meta":{"_acf_changed":false,"_sitemap_exclude":false,"_sitemap_priority":"","_sitemap_frequency":"","footnotes":""},"categories":[57],"tags":[],"class_list":["post-187626","post","type-post","status-publish","format-standard","has-post-thumbnail","hentry","category-menim-fikrimce","infinite-scroll-item","generate-columns","tablet-grid-50","mobile-grid-100","grid-parent","grid-33","no-featured-image-padding"],"acf":[],"yoast_head":"<!-- This site is optimized with the Yoast SEO plugin v27.5 - https:\/\/yoast.com\/product\/yoast-seo-wordpress\/ -->\n<title>\u0130\u015fsizlik d\u0259rdi - MEYDAN.TV<\/title>\n<meta name=\"robots\" content=\"index, follow, max-snippet:-1, max-image-preview:large, max-video-preview:-1\" \/>\n<link rel=\"canonical\" href=\"https:\/\/www.meydan.tv\/az\/article\/issizlik-derdi\/\" \/>\n<meta property=\"og:locale\" content=\"az_AZ\" \/>\n<meta property=\"og:type\" content=\"article\" \/>\n<meta property=\"og:title\" content=\"\u0130\u015fsizlik d\u0259rdi - MEYDAN.TV\" \/>\n<meta property=\"og:description\" content=\"\u0130\u015f\u0259 d\u00fcz\u0259lm\u0259k tan\u0131\u015fl\u0131q, qohumluq \u0259laq\u0259l\u0259ri, \u015f\u0259xsi simpatiya n\u0259tic\u0259sind\u0259 ba\u015f verir\" \/>\n<meta property=\"og:url\" content=\"https:\/\/www.meydan.tv\/az\/article\/issizlik-derdi\/\" \/>\n<meta property=\"og:site_name\" content=\"MEYDAN.TV\" \/>\n<meta property=\"article:published_time\" content=\"2017-11-28T02:02:35+00:00\" \/>\n<meta property=\"og:image\" content=\"https:\/\/www.meydan.tv\/wp-content\/uploads\/37877.jpg\" \/>\n\t<meta property=\"og:image:width\" content=\"628\" \/>\n\t<meta property=\"og:image:height\" content=\"304\" \/>\n\t<meta property=\"og:image:type\" content=\"image\/jpeg\" \/>\n<meta name=\"author\" content=\"user-manager\" \/>\n<meta name=\"twitter:card\" content=\"summary_large_image\" \/>\n<script type=\"application\/ld+json\" class=\"yoast-schema-graph\">{\"@context\":\"https:\\\/\\\/schema.org\",\"@graph\":[{\"@type\":\"Article\",\"@id\":\"https:\\\/\\\/www.meydan.tv\\\/az\\\/article\\\/issizlik-derdi\\\/#article\",\"isPartOf\":{\"@id\":\"https:\\\/\\\/www.meydan.tv\\\/az\\\/article\\\/issizlik-derdi\\\/\"},\"author\":{\"name\":\"user-manager\",\"@id\":\"https:\\\/\\\/www.meydan.tv\\\/az\\\/#\\\/schema\\\/person\\\/10d11eccf6da3662cf5fdab9806ea91a\"},\"headline\":\"\u0130\u015fsizlik d\u0259rdi\",\"datePublished\":\"2017-11-28T02:02:35+00:00\",\"mainEntityOfPage\":{\"@id\":\"https:\\\/\\\/www.meydan.tv\\\/az\\\/article\\\/issizlik-derdi\\\/\"},\"wordCount\":1808,\"publisher\":{\"@id\":\"https:\\\/\\\/www.meydan.tv\\\/az\\\/#organization\"},\"image\":{\"@id\":\"https:\\\/\\\/www.meydan.tv\\\/az\\\/article\\\/issizlik-derdi\\\/#primaryimage\"},\"thumbnailUrl\":\"https:\\\/\\\/www.meydan.tv\\\/wp-content\\\/uploads\\\/37877.jpg\",\"articleSection\":[\"M\u0259nim Fikrimc\u0259\"],\"inLanguage\":\"az\"},{\"@type\":\"WebPage\",\"@id\":\"https:\\\/\\\/www.meydan.tv\\\/az\\\/article\\\/issizlik-derdi\\\/\",\"url\":\"https:\\\/\\\/www.meydan.tv\\\/az\\\/article\\\/issizlik-derdi\\\/\",\"name\":\"\u0130\u015fsizlik d\u0259rdi - MEYDAN.TV\",\"isPartOf\":{\"@id\":\"https:\\\/\\\/www.meydan.tv\\\/az\\\/#website\"},\"primaryImageOfPage\":{\"@id\":\"https:\\\/\\\/www.meydan.tv\\\/az\\\/article\\\/issizlik-derdi\\\/#primaryimage\"},\"image\":{\"@id\":\"https:\\\/\\\/www.meydan.tv\\\/az\\\/article\\\/issizlik-derdi\\\/#primaryimage\"},\"thumbnailUrl\":\"https:\\\/\\\/www.meydan.tv\\\/wp-content\\\/uploads\\\/37877.jpg\",\"datePublished\":\"2017-11-28T02:02:35+00:00\",\"breadcrumb\":{\"@id\":\"https:\\\/\\\/www.meydan.tv\\\/az\\\/article\\\/issizlik-derdi\\\/#breadcrumb\"},\"inLanguage\":\"az\",\"potentialAction\":[{\"@type\":\"ReadAction\",\"target\":[\"https:\\\/\\\/www.meydan.tv\\\/az\\\/article\\\/issizlik-derdi\\\/\"]}]},{\"@type\":\"ImageObject\",\"inLanguage\":\"az\",\"@id\":\"https:\\\/\\\/www.meydan.tv\\\/az\\\/article\\\/issizlik-derdi\\\/#primaryimage\",\"url\":\"https:\\\/\\\/www.meydan.tv\\\/wp-content\\\/uploads\\\/37877.jpg\",\"contentUrl\":\"https:\\\/\\\/www.meydan.tv\\\/wp-content\\\/uploads\\\/37877.jpg\",\"width\":628,\"height\":304,\"caption\":\"Source:\"},{\"@type\":\"BreadcrumbList\",\"@id\":\"https:\\\/\\\/www.meydan.tv\\\/az\\\/article\\\/issizlik-derdi\\\/#breadcrumb\",\"itemListElement\":[{\"@type\":\"ListItem\",\"position\":1,\"name\":\"Ana s\u0259hif\u0259\",\"item\":\"https:\\\/\\\/www.meydan.tv\\\/az\\\/\"},{\"@type\":\"ListItem\",\"position\":2,\"name\":\"M\u0259nim Fikrimc\u0259\",\"item\":\"https:\\\/\\\/www.meydan.tv\\\/az\\\/section\\\/menim-fikrimce\\\/\"},{\"@type\":\"ListItem\",\"position\":3,\"name\":\"\u0130\u015fsizlik d\u0259rdi\"}]},{\"@type\":\"WebSite\",\"@id\":\"https:\\\/\\\/www.meydan.tv\\\/az\\\/#website\",\"url\":\"https:\\\/\\\/www.meydan.tv\\\/az\\\/\",\"name\":\"MEYDAN.TV\",\"description\":\"Meydan TV Az\u0259rbaycan\u0131n media m\u0259kan\u0131ndak\u0131 alternativ s\u0259sidir\",\"publisher\":{\"@id\":\"https:\\\/\\\/www.meydan.tv\\\/az\\\/#organization\"},\"potentialAction\":[{\"@type\":\"SearchAction\",\"target\":{\"@type\":\"EntryPoint\",\"urlTemplate\":\"https:\\\/\\\/www.meydan.tv\\\/az\\\/?s={search_term_string}\"},\"query-input\":{\"@type\":\"PropertyValueSpecification\",\"valueRequired\":true,\"valueName\":\"search_term_string\"}}],\"inLanguage\":\"az\"},{\"@type\":\"Organization\",\"@id\":\"https:\\\/\\\/www.meydan.tv\\\/az\\\/#organization\",\"name\":\"Meydan TV\",\"url\":\"https:\\\/\\\/www.meydan.tv\\\/az\\\/\",\"logo\":{\"@type\":\"ImageObject\",\"inLanguage\":\"az\",\"@id\":\"https:\\\/\\\/www.meydan.tv\\\/az\\\/#\\\/schema\\\/logo\\\/image\\\/\",\"url\":\"https:\\\/\\\/www.meydan.tv\\\/wp-content\\\/uploads\\\/2021\\\/07\\\/meydan-logo.svg\",\"contentUrl\":\"https:\\\/\\\/www.meydan.tv\\\/wp-content\\\/uploads\\\/2021\\\/07\\\/meydan-logo.svg\",\"width\":195,\"height\":46,\"caption\":\"Meydan TV\"},\"image\":{\"@id\":\"https:\\\/\\\/www.meydan.tv\\\/az\\\/#\\\/schema\\\/logo\\\/image\\\/\"}},{\"@type\":\"Person\",\"@id\":\"https:\\\/\\\/www.meydan.tv\\\/az\\\/#\\\/schema\\\/person\\\/10d11eccf6da3662cf5fdab9806ea91a\",\"name\":\"user-manager\"}]}<\/script>\n<!-- \/ Yoast SEO plugin. -->","yoast_head_json":{"title":"\u0130\u015fsizlik d\u0259rdi - MEYDAN.TV","robots":{"index":"index","follow":"follow","max-snippet":"max-snippet:-1","max-image-preview":"max-image-preview:large","max-video-preview":"max-video-preview:-1"},"canonical":"https:\/\/www.meydan.tv\/az\/article\/issizlik-derdi\/","og_locale":"az_AZ","og_type":"article","og_title":"\u0130\u015fsizlik d\u0259rdi - MEYDAN.TV","og_description":"\u0130\u015f\u0259 d\u00fcz\u0259lm\u0259k tan\u0131\u015fl\u0131q, qohumluq \u0259laq\u0259l\u0259ri, \u015f\u0259xsi simpatiya n\u0259tic\u0259sind\u0259 ba\u015f verir","og_url":"https:\/\/www.meydan.tv\/az\/article\/issizlik-derdi\/","og_site_name":"MEYDAN.TV","article_published_time":"2017-11-28T02:02:35+00:00","og_image":[{"width":628,"height":304,"url":"https:\/\/www.meydan.tv\/wp-content\/uploads\/37877.jpg","type":"image\/jpeg"}],"author":"user-manager","twitter_card":"summary_large_image","schema":{"@context":"https:\/\/schema.org","@graph":[{"@type":"Article","@id":"https:\/\/www.meydan.tv\/az\/article\/issizlik-derdi\/#article","isPartOf":{"@id":"https:\/\/www.meydan.tv\/az\/article\/issizlik-derdi\/"},"author":{"name":"user-manager","@id":"https:\/\/www.meydan.tv\/az\/#\/schema\/person\/10d11eccf6da3662cf5fdab9806ea91a"},"headline":"\u0130\u015fsizlik d\u0259rdi","datePublished":"2017-11-28T02:02:35+00:00","mainEntityOfPage":{"@id":"https:\/\/www.meydan.tv\/az\/article\/issizlik-derdi\/"},"wordCount":1808,"publisher":{"@id":"https:\/\/www.meydan.tv\/az\/#organization"},"image":{"@id":"https:\/\/www.meydan.tv\/az\/article\/issizlik-derdi\/#primaryimage"},"thumbnailUrl":"https:\/\/www.meydan.tv\/wp-content\/uploads\/37877.jpg","articleSection":["M\u0259nim Fikrimc\u0259"],"inLanguage":"az"},{"@type":"WebPage","@id":"https:\/\/www.meydan.tv\/az\/article\/issizlik-derdi\/","url":"https:\/\/www.meydan.tv\/az\/article\/issizlik-derdi\/","name":"\u0130\u015fsizlik d\u0259rdi - MEYDAN.TV","isPartOf":{"@id":"https:\/\/www.meydan.tv\/az\/#website"},"primaryImageOfPage":{"@id":"https:\/\/www.meydan.tv\/az\/article\/issizlik-derdi\/#primaryimage"},"image":{"@id":"https:\/\/www.meydan.tv\/az\/article\/issizlik-derdi\/#primaryimage"},"thumbnailUrl":"https:\/\/www.meydan.tv\/wp-content\/uploads\/37877.jpg","datePublished":"2017-11-28T02:02:35+00:00","breadcrumb":{"@id":"https:\/\/www.meydan.tv\/az\/article\/issizlik-derdi\/#breadcrumb"},"inLanguage":"az","potentialAction":[{"@type":"ReadAction","target":["https:\/\/www.meydan.tv\/az\/article\/issizlik-derdi\/"]}]},{"@type":"ImageObject","inLanguage":"az","@id":"https:\/\/www.meydan.tv\/az\/article\/issizlik-derdi\/#primaryimage","url":"https:\/\/www.meydan.tv\/wp-content\/uploads\/37877.jpg","contentUrl":"https:\/\/www.meydan.tv\/wp-content\/uploads\/37877.jpg","width":628,"height":304,"caption":"Source:"},{"@type":"BreadcrumbList","@id":"https:\/\/www.meydan.tv\/az\/article\/issizlik-derdi\/#breadcrumb","itemListElement":[{"@type":"ListItem","position":1,"name":"Ana s\u0259hif\u0259","item":"https:\/\/www.meydan.tv\/az\/"},{"@type":"ListItem","position":2,"name":"M\u0259nim Fikrimc\u0259","item":"https:\/\/www.meydan.tv\/az\/section\/menim-fikrimce\/"},{"@type":"ListItem","position":3,"name":"\u0130\u015fsizlik d\u0259rdi"}]},{"@type":"WebSite","@id":"https:\/\/www.meydan.tv\/az\/#website","url":"https:\/\/www.meydan.tv\/az\/","name":"MEYDAN.TV","description":"Meydan TV Az\u0259rbaycan\u0131n media m\u0259kan\u0131ndak\u0131 alternativ s\u0259sidir","publisher":{"@id":"https:\/\/www.meydan.tv\/az\/#organization"},"potentialAction":[{"@type":"SearchAction","target":{"@type":"EntryPoint","urlTemplate":"https:\/\/www.meydan.tv\/az\/?s={search_term_string}"},"query-input":{"@type":"PropertyValueSpecification","valueRequired":true,"valueName":"search_term_string"}}],"inLanguage":"az"},{"@type":"Organization","@id":"https:\/\/www.meydan.tv\/az\/#organization","name":"Meydan TV","url":"https:\/\/www.meydan.tv\/az\/","logo":{"@type":"ImageObject","inLanguage":"az","@id":"https:\/\/www.meydan.tv\/az\/#\/schema\/logo\/image\/","url":"https:\/\/www.meydan.tv\/wp-content\/uploads\/2021\/07\/meydan-logo.svg","contentUrl":"https:\/\/www.meydan.tv\/wp-content\/uploads\/2021\/07\/meydan-logo.svg","width":195,"height":46,"caption":"Meydan TV"},"image":{"@id":"https:\/\/www.meydan.tv\/az\/#\/schema\/logo\/image\/"}},{"@type":"Person","@id":"https:\/\/www.meydan.tv\/az\/#\/schema\/person\/10d11eccf6da3662cf5fdab9806ea91a","name":"user-manager"}]}},"_links":{"self":[{"href":"https:\/\/www.meydan.tv\/az\/wp-json\/wp\/v2\/posts\/187626","targetHints":{"allow":["GET"]}}],"collection":[{"href":"https:\/\/www.meydan.tv\/az\/wp-json\/wp\/v2\/posts"}],"about":[{"href":"https:\/\/www.meydan.tv\/az\/wp-json\/wp\/v2\/types\/post"}],"author":[{"embeddable":true,"href":"https:\/\/www.meydan.tv\/az\/wp-json\/wp\/v2\/users\/11"}],"replies":[{"embeddable":true,"href":"https:\/\/www.meydan.tv\/az\/wp-json\/wp\/v2\/comments?post=187626"}],"version-history":[{"count":0,"href":"https:\/\/www.meydan.tv\/az\/wp-json\/wp\/v2\/posts\/187626\/revisions"}],"wp:featuredmedia":[{"embeddable":true,"href":"https:\/\/www.meydan.tv\/az\/wp-json\/wp\/v2\/media\/95879"}],"wp:attachment":[{"href":"https:\/\/www.meydan.tv\/az\/wp-json\/wp\/v2\/media?parent=187626"}],"wp:term":[{"taxonomy":"category","embeddable":true,"href":"https:\/\/www.meydan.tv\/az\/wp-json\/wp\/v2\/categories?post=187626"},{"taxonomy":"post_tag","embeddable":true,"href":"https:\/\/www.meydan.tv\/az\/wp-json\/wp\/v2\/tags?post=187626"}],"curies":[{"name":"wp","href":"https:\/\/api.w.org\/{rel}","templated":true}]}}