{"id":187620,"date":"2017-11-27T17:46:06","date_gmt":"2017-11-27T17:46:06","guid":{"rendered":"https:\/\/www.meydan.tv\/article\/azerbaycan-ve-avropa-perspektivi\/"},"modified":"2017-11-27T17:46:06","modified_gmt":"2017-11-27T17:46:06","slug":"azerbaycan-ve-avropa-perspektivi","status":"publish","type":"post","link":"https:\/\/www.meydan.tv\/az\/article\/azerbaycan-ve-avropa-perspektivi\/","title":{"rendered":"Az\u0259rbaycan v\u0259 Avropa perspektivi"},"content":{"rendered":"<figure class=\"wp-block-image size-large\">\n  <img decoding=\"async\" src=\"https:\/\/www.meydan.tv\/az\/ilham-eliyev-avropa-komissiyasinin-prezidenti-jan-klod-yunker-ile\/\" alt=\"\u0130lham \u018fliyev Avropa Komissiyas\u0131n\u0131n prezidenti Jan-Klod Yunker il\u0259\" class=\"wp-image-95843\"\/><figcaption>\n    \u0130lham \u018fliyev Avropa Komissiyas\u0131n\u0131n prezidenti Jan-Klod Yunker il\u0259<br \/>\n  <\/figcaption><\/figure>\n<p>\n  Noyabr\u0131n 24-d\u0259 Br\u00fcsseld\u0259 ke\u00e7irilmi\u015f A\u0130 \u201c\u015e\u0259rq T\u0259r\u0259fda\u015fl\u0131\u011f\u0131\u201dn\u0131n be\u015finci sammitini, y\u0259qin ki, \u0259n qar\u015f\u0131durmas\u0131z sammit adland\u0131rmaq olar.\n<\/p>\n<p>\n  Sammitin \u00f6z\u00fcnd\u0259 oldu\u011fu kimi, yekun b\u0259yannam\u0259sind\u0259 d\u0259 i\u015ftirak\u00e7\u0131lar formala\u015fan yeni Avropay\u00f6nl\u00fc oxa ehtiyatla yana\u015fan Rusiya il\u0259 ba\u011fl\u0131 &#8220;iyn\u0259l\u0259yici&#8221; ifad\u0259l\u0259rd\u0259n istifad\u0259 etm\u0259m\u0259y\u0259 \u00e7al\u0131\u015f\u0131blar.\n<\/p>\n<p>\n  \u018fvv\u0259lki, 2015-ci il b\u0259yannam\u0259sind\u0259n f\u0259rqli olaraq, yekun s\u0259n\u0259dd\u0259 Rusiyan\u0131n Ukraynaya qar\u015f\u0131 t\u0259cav\u00fcz\u00fcnd\u0259n b\u0259hs edilmir, imzalanm\u0131\u015f A\u0130-Erm\u0259nistan \u0130nteqrasiya sazi\u015find\u0259 is\u0259 Yerevan\u0131n Moskvay\u00f6nl\u00fc Avrasiya \u0130qtisadi Birliyi il\u0259 sazi\u015find\u0259ki \u00f6hd\u0259likl\u0259ri n\u0259z\u0259r\u0259 al\u0131n\u0131b.\n<\/p>\n<p>\n  A\u0130-nin \u015e\u0259rq qon\u015fular\u0131 il\u0259 g\u0259l\u0259c\u0259k yax\u0131nla\u015fmas\u0131, onlar\u0131n inki\u015faf v\u0259 sabitlik s\u0259viyy\u0259sinin art\u0131r\u0131lmas\u0131 m\u0259qs\u0259dil\u0259 2020-ci il\u0259 q\u0259d\u0259r d\u00f6rd sah\u0259ni \u0259hat\u0259 ed\u0259n 20 v\u0259zif\u0259 raz\u0131la\u015fd\u0131r\u0131l\u0131b:\n<\/p>\n<p>\n  <b><br \/>\n    <i><br \/>\n      1. \u0130qtisadiyyat\u0131n g\u00fccl\u0259ndirilm\u0259si: iqtisadi inki\u015faf v\u0259 bazar imkanlar\u0131, ki\u00e7ik v\u0259 orta biznesin kredit almaq imkan\u0131, Trans-Avropa n\u0259qliyyat \u015f\u0259b\u0259k\u0259sinin (TEN-T) geni\u015fl\u0259ndirilm\u0259si<br \/>\n    <\/i><br \/>\n  <\/b>\n<\/p>\n<\/p>\n<p>\n  <b><br \/>\n    <i><br \/>\n      2. \u0130dar\u0259etm\u0259nin g\u00fccl\u0259ndirilm\u0259si: institutlar\u0131n m\u00f6hk\u0259ml\u0259ndirilm\u0259si v\u0259 sa\u011flam idar\u0259etm\u0259, antikorrupsiya mexanizml\u0259rinin t\u0259tbiqi, m\u0259hk\u0259m\u0259 islahat\u0131;<br \/>\n    <\/i><br \/>\n  <\/b>\n<\/p>\n<\/p>\n<p>\n  <b><br \/>\n    <i><br \/>\n      3. \u018flaq\u0259l\u0259rin g\u00fccl\u0259ndirilm\u0259si: \u0259l\u00e7atanl\u0131q, enerji s\u0259m\u0259r\u0259liliyi, \u0259traf m\u00fchit v\u0259 iqlimin d\u0259yi\u015fm\u0259si, rouminql\u0259rin qiym\u0259tinin azald\u0131lmas\u0131;<br \/>\n    <\/i><br \/>\n  <\/b>\n<\/p>\n<\/p>\n<p>\n  <b><br \/>\n    <i><br \/>\n      4. C\u0259miyy\u0259tin m\u00f6hk\u0259ml\u0259ndirilm\u0259si: h\u0259r\u0259k\u0259tlilik v\u0259 insanlar aras\u0131nda \u00fcnsiyy\u0259t, Tbilisid\u0259 &#8220;Avropa \u015e\u0259rq T\u0259r\u0259fda\u015fl\u0131\u011f\u0131 M\u0259kt\u0259bi&#8221;nin a\u00e7\u0131lmas\u0131.<br \/>\n    <\/i><br \/>\n  <\/b>\n<\/p>\n<p>\n  Geni\u015fl\u0259nm\u0259 v\u0259 qon\u015fuluq siyas\u0259ti m\u0259s\u0259l\u0259l\u0259ri \u00fczr\u0259 Avropa komissar\u0131 Yohannes Han\u0131n s\u00f6zl\u0259rin\u0259 g\u00f6r\u0259, bu 20 m\u0259qs\u0259d region \u00f6lk\u0259l\u0259rinin &#8220;ayr\u0131-ayr\u0131l\u0131qda h\u0259r bir v\u0259t\u0259nda\u015f\u0131n\u0131n maraqlar\u0131na uy\u011fundur&#8221;.\n<\/p>\n<p>\n  Sammitin s\u0259ciyy\u0259vi x\u00fcsusiyy\u0259ti Erm\u0259nistan\u0131n A\u0130 il\u0259 t\u0259r\u0259fda\u015fl\u0131\u011f\u0131 haqq\u0131nda sazi\u015fin imzalanmas\u0131 oldu. Bu g\u00fcz\u0259\u015ftli s\u0259n\u0259dd\u0259, t\u0259r\u0259fl\u0259rin qeyd etdiyi kimi, Erm\u0259nistan\u0131n Rusiyan\u0131n d\u00f6vl\u0259tl\u0259raras\u0131 layih\u0259l\u0259rind\u0259 i\u015ftirak\u0131 v\u0259 Rusiyan\u0131n bu \u00f6lk\u0259d\u0259ki maraqlar\u0131 n\u0259z\u0259r\u0259 al\u0131n\u0131b. S\u0259n\u0259dd\u0259 \u0259sas diqq\u0259t 2018-ci ilin yaz\u0131nda prezident-parlament respublikas\u0131ndan parlament respublikas\u0131na ke\u00e7\u0259c\u0259k Erm\u0259nistan\u0131n bundan sonra da demokratikl\u0259\u015fm\u0259y\u0259 davam etm\u0259sin\u0259 yetirilib.\n<\/p>\n<p>\n  Almaniya kansleri Angela Merkel bildirib ki, Moskvan\u0131n m\u00f6vqeyi g\u00fccl\u00fc olan Az\u0259rbaycanla da buna b\u0259nz\u0259r s\u0259n\u0259d imzalanmas\u0131 planla\u015fd\u0131r\u0131l\u0131r.\n<\/p>\n<p>\n  &#8220;Bu \u00f6lk\u0259l\u0259rd\u0259 Rusiya il\u0259 m\u00fcnasib\u0259t m\u0259rk\u0259zi rol oynay\u0131r&#8221;, dey\u0259 kansler qeyd edib.\n<\/p>\n<p>\n  V\u0259zif\u0259d\u0259 oldu\u011fu d\u00f6vrd\u0259 dumanl\u0131 Albionun A\u0130-d\u0259n \u00e7\u0131xma proseduruna ba\u015flad\u0131\u011f\u0131 B\u00f6y\u00fck Britaniyan\u0131n ba\u015f naziri Tereza Mey fikrini daha a\u00e7\u0131q \u015f\u0259kild\u0259 bildirib: &#8220;Rusiya kimi d\u00fc\u015fm\u0259n \u00f6lk\u0259l\u0259r &#8220;\u015e\u0259rq T\u0259r\u0259fda\u015fl\u0131\u011f\u0131&#8221;n\u0131n b\u00f6y\u00fcm\u0259si \u00fc\u00e7\u00fcn t\u0259hl\u00fck\u0259 t\u0259\u015fkil edir v\u0259 bizim kollektiv g\u00fcc\u00fcm\u00fcz\u00fc pozma\u011fa \u00e7al\u0131\u015f\u0131r&#8221;.\n<\/p>\n<p>\n  Etiraf etm\u0259k laz\u0131md\u0131r ki, bu d\u0259f\u0259 Rusiyan\u0131n sammit\u0259 m\u00fcnasib\u0259ti \u0259vv\u0259lkil\u0259rd\u0259n daha t\u0259mkinli olub. C\u0259nubi Qafqazda Rusiyan\u0131n \u00f6n c\u0259bh\u0259si olan Erm\u0259nistan\u0131n A\u0130 il\u0259 \u0259m\u0259kda\u015fl\u0131\u011f\u0131n\u0131n d\u0259rinl\u0259\u015fm\u0259si fakt\u0131 \u00f6z\u00fc Kremlin t\u0259f\u0259kk\u00fcr\u00fcnd\u0259 postsovet m\u0259kan\u0131nda A\u0130-nin rolunun g\u00fccl\u0259nm\u0259sinin q\u0259bul edilm\u0259si il\u0259 ba\u011fl\u0131 m\u00fcsb\u0259t ir\u0259lil\u0259yi\u015fl\u0259r ba\u015f verdiyini g\u00f6st\u0259rir.\n<\/p>\n<p>\n  Rusiyan\u0131n Avropan\u0131n perspektivin\u0259 bax\u0131\u015flar\u0131nda bu d\u0259yi\u015fiklik Az\u0259rbaycan\u0131n A\u0130-y\u0259 iddial\u0131 \u0259m\u0259kda\u015fl\u0131q platformas\u0131 t\u0259klif etm\u0259sin\u0259 imkan verir. Ax\u0131 Az\u0259rbaycan\u0131n, Erm\u0259nistandan f\u0259rqli olaraq, Avrasiya \u0130qtisadi \u015euras\u0131, \u015e\u018fT, KTMT v\u0259 s. \u00e7\u0259r\u00e7iv\u0259sind\u0259 \u00f6hd\u0259likl\u0259ri yoxdur. Bu halda qanunvericilikl\u0259rin v\u0259 normativ s\u0259n\u0259dl\u0259rin uy\u011funla\u015fd\u0131r\u0131lmas\u0131 o q\u0259d\u0259r d\u0259 b\u00f6y\u00fck problem kimi g\u00f6r\u00fcnm\u00fcr.\n<\/p>\n<p>\n  \u0130ndi Erm\u0259nistan-A\u0130 sazi\u015fi imzaland\u0131qdan sonra Az\u0259rbaycan\u0131n Moskvan\u0131n ist\u0259m\u0259m\u0259sin\u0259 v\u0259 t\u0259hdidl\u0259rin\u0259 istinad ed\u0259r\u0259k Avrointeqrasiyan\u0131 t\u0259xir\u0259 salmas\u0131na b\u0259ra\u0259t qazand\u0131rmas\u0131 daha \u00e7\u0259tin olacaq.\n<\/p>\n<p>\n  Bu g\u00fcn ayd\u0131n olur ki, r\u0259smi Bak\u0131n\u0131n \u0259vv\u0259ll\u0259r Rusiyan\u0131n t\u0259hdidi v\u0259 Qaraba\u011f m\u00fcnaqi\u015f\u0259sinin h\u0259ll olunmamas\u0131 il\u0259 \u0259sasland\u0131rd\u0131\u011f\u0131 Avrointeqrasiya prosesini uzatmas\u0131 daha \u00e7ox \u00f6lk\u0259nin demokratikl\u0259\u015fm\u0259sin\u0259 ke\u00e7m\u0259k ist\u0259m\u0259m\u0259si il\u0259 ba\u011fl\u0131d\u0131r. Sonuncu m\u0259s\u0259l\u0259d\u0259 d\u0259 A\u0130 g\u00fcz\u0259\u015ft\u0259 ged\u0259r\u0259k, yekun b\u0259yannam\u0259y\u0259 d\u00f6vl\u0259tl\u0259rin \u0259razi b\u00fct\u00f6vl\u00fcy\u00fc prinsipin\u0259 m\u00fctl\u0259q riay\u0259t olunmas\u0131 \u00e7a\u011f\u0131r\u0131\u015f\u0131n\u0131 daxil edib.\n<\/p>\n<p>\n  Rusiya v\u0259 A\u0130-nin bu g\u00fcz\u0259\u015ftl\u0259ri il\u0259 g\u0259l\u0259n il Az\u0259rbaycan\u0131n A\u0130 il\u0259 sazi\u015fi imzalamas\u0131 \u00fc\u00e7\u00fcn b\u00fct\u00fcn z\u0259minl\u0259r formala\u015f\u0131r.\n<\/p>\n<p>\n  &#8220;Bu ilin fevral\u0131nda biz yeni m\u00fcqavil\u0259 il\u0259 ba\u011fl\u0131 dan\u0131\u015f\u0131qlara ba\u015flam\u0131\u015f\u0131q, bu dan\u0131\u015f\u0131qlar\u0131n erk\u0259n yekunlar\u0131na \u00fcmid edir\u0259m&#8221;, &#8211; I.\u018fliyev A\u0130-nin \u015e\u0259rq t\u0259r\u0259fda\u015fl\u0131\u011f\u0131 \u00fczr\u0259 Br\u00fcssel sammitind\u0259 bildirib.\n<\/p>\n<p>\n  Amma bu, 2018-ci ild\u0259 ke\u00e7iril\u0259c\u0259k prezident se\u00e7kil\u0259ri fonunda \u015f\u00fcbh\u0259li g\u00f6r\u00fcn\u00fcr. Bak\u0131 m\u0259suliyy\u0259tli an\u0131 \u0259sas g\u0259tir\u0259r\u0259k, yen\u0259 Moskvaya qar\u015f\u0131 loyall\u0131\u011f\u0131n n\u00fcmayi\u015fi v\u0259 Br\u00fcssel\u0259 Avropala\u015fma v\u0259di aras\u0131nda tarazl\u0131\u011f\u0131 qoruyub saxlama\u011fa \u00e7al\u0131\u015facaq.<\/p>\n","protected":false},"excerpt":{"rendered":"<p>Noyabr\u0131n 24-d\u0259 Br\u00fcsseld\u0259 ke\u00e7irilmi\u015f A\u0130 \u201c\u015e\u0259rq T\u0259r\u0259fda\u015fl\u0131\u011f\u0131\u201dn\u0131n be\u015finci sammitini, y\u0259qin ki, \u0259n qar\u015f\u0131durmas\u0131z sammit adland\u0131rmaq olar.<\/p>\n","protected":false},"author":11,"featured_media":95843,"comment_status":"closed","ping_status":"open","sticky":false,"template":"","format":"standard","meta":{"_acf_changed":false,"_sitemap_exclude":false,"_sitemap_priority":"","_sitemap_frequency":"","footnotes":""},"categories":[51],"tags":[],"class_list":["post-187620","post","type-post","status-publish","format-standard","has-post-thumbnail","hentry","category-analitika","infinite-scroll-item","generate-columns","tablet-grid-50","mobile-grid-100","grid-parent","grid-33","no-featured-image-padding"],"acf":[],"yoast_head":"<!-- This site is optimized with the Yoast SEO plugin v27.4 - https:\/\/yoast.com\/product\/yoast-seo-wordpress\/ -->\n<title>Az\u0259rbaycan v\u0259 Avropa perspektivi - MEYDAN.TV<\/title>\n<meta name=\"robots\" content=\"index, follow, max-snippet:-1, max-image-preview:large, max-video-preview:-1\" \/>\n<link rel=\"canonical\" href=\"https:\/\/www.meydan.tv\/az\/article\/azerbaycan-ve-avropa-perspektivi\/\" \/>\n<meta property=\"og:locale\" content=\"az_AZ\" \/>\n<meta property=\"og:type\" content=\"article\" \/>\n<meta property=\"og:title\" content=\"Az\u0259rbaycan v\u0259 Avropa perspektivi - MEYDAN.TV\" \/>\n<meta property=\"og:description\" content=\"Noyabr\u0131n 24-d\u0259 Br\u00fcsseld\u0259 ke\u00e7irilmi\u015f A\u0130 \u201c\u015e\u0259rq T\u0259r\u0259fda\u015fl\u0131\u011f\u0131\u201dn\u0131n be\u015finci sammitini, y\u0259qin ki, \u0259n qar\u015f\u0131durmas\u0131z sammit adland\u0131rmaq olar.\" \/>\n<meta property=\"og:url\" content=\"https:\/\/www.meydan.tv\/az\/article\/azerbaycan-ve-avropa-perspektivi\/\" \/>\n<meta property=\"og:site_name\" content=\"MEYDAN.TV\" \/>\n<meta property=\"article:published_time\" content=\"2017-11-27T17:46:06+00:00\" \/>\n<meta property=\"og:image\" content=\"https:\/\/www.meydan.tv\/wp-content\/uploads\/37913.jpg\" \/>\n\t<meta property=\"og:image:width\" content=\"2048\" \/>\n\t<meta property=\"og:image:height\" content=\"1347\" \/>\n\t<meta property=\"og:image:type\" content=\"image\/jpeg\" \/>\n<meta name=\"author\" content=\"user-manager\" \/>\n<meta name=\"twitter:card\" content=\"summary_large_image\" \/>\n<script type=\"application\/ld+json\" class=\"yoast-schema-graph\">{\"@context\":\"https:\\\/\\\/schema.org\",\"@graph\":[{\"@type\":\"Article\",\"@id\":\"https:\\\/\\\/www.meydan.tv\\\/az\\\/article\\\/azerbaycan-ve-avropa-perspektivi\\\/#article\",\"isPartOf\":{\"@id\":\"https:\\\/\\\/www.meydan.tv\\\/az\\\/article\\\/azerbaycan-ve-avropa-perspektivi\\\/\"},\"author\":{\"name\":\"user-manager\",\"@id\":\"https:\\\/\\\/www.meydan.tv\\\/az\\\/#\\\/schema\\\/person\\\/10d11eccf6da3662cf5fdab9806ea91a\"},\"headline\":\"Az\u0259rbaycan v\u0259 Avropa perspektivi\",\"datePublished\":\"2017-11-27T17:46:06+00:00\",\"mainEntityOfPage\":{\"@id\":\"https:\\\/\\\/www.meydan.tv\\\/az\\\/article\\\/azerbaycan-ve-avropa-perspektivi\\\/\"},\"wordCount\":988,\"publisher\":{\"@id\":\"https:\\\/\\\/www.meydan.tv\\\/az\\\/#organization\"},\"image\":{\"@id\":\"https:\\\/\\\/www.meydan.tv\\\/az\\\/article\\\/azerbaycan-ve-avropa-perspektivi\\\/#primaryimage\"},\"thumbnailUrl\":\"https:\\\/\\\/www.meydan.tv\\\/wp-content\\\/uploads\\\/37913.jpg\",\"articleSection\":[\"Analitika\"],\"inLanguage\":\"az\"},{\"@type\":\"WebPage\",\"@id\":\"https:\\\/\\\/www.meydan.tv\\\/az\\\/article\\\/azerbaycan-ve-avropa-perspektivi\\\/\",\"url\":\"https:\\\/\\\/www.meydan.tv\\\/az\\\/article\\\/azerbaycan-ve-avropa-perspektivi\\\/\",\"name\":\"Az\u0259rbaycan v\u0259 Avropa perspektivi - MEYDAN.TV\",\"isPartOf\":{\"@id\":\"https:\\\/\\\/www.meydan.tv\\\/az\\\/#website\"},\"primaryImageOfPage\":{\"@id\":\"https:\\\/\\\/www.meydan.tv\\\/az\\\/article\\\/azerbaycan-ve-avropa-perspektivi\\\/#primaryimage\"},\"image\":{\"@id\":\"https:\\\/\\\/www.meydan.tv\\\/az\\\/article\\\/azerbaycan-ve-avropa-perspektivi\\\/#primaryimage\"},\"thumbnailUrl\":\"https:\\\/\\\/www.meydan.tv\\\/wp-content\\\/uploads\\\/37913.jpg\",\"datePublished\":\"2017-11-27T17:46:06+00:00\",\"breadcrumb\":{\"@id\":\"https:\\\/\\\/www.meydan.tv\\\/az\\\/article\\\/azerbaycan-ve-avropa-perspektivi\\\/#breadcrumb\"},\"inLanguage\":\"az\",\"potentialAction\":[{\"@type\":\"ReadAction\",\"target\":[\"https:\\\/\\\/www.meydan.tv\\\/az\\\/article\\\/azerbaycan-ve-avropa-perspektivi\\\/\"]}]},{\"@type\":\"ImageObject\",\"inLanguage\":\"az\",\"@id\":\"https:\\\/\\\/www.meydan.tv\\\/az\\\/article\\\/azerbaycan-ve-avropa-perspektivi\\\/#primaryimage\",\"url\":\"https:\\\/\\\/www.meydan.tv\\\/wp-content\\\/uploads\\\/37913.jpg\",\"contentUrl\":\"https:\\\/\\\/www.meydan.tv\\\/wp-content\\\/uploads\\\/37913.jpg\",\"width\":2048,\"height\":1347,\"caption\":\"Source:\"},{\"@type\":\"BreadcrumbList\",\"@id\":\"https:\\\/\\\/www.meydan.tv\\\/az\\\/article\\\/azerbaycan-ve-avropa-perspektivi\\\/#breadcrumb\",\"itemListElement\":[{\"@type\":\"ListItem\",\"position\":1,\"name\":\"Ana s\u0259hif\u0259\",\"item\":\"https:\\\/\\\/www.meydan.tv\\\/az\\\/\"},{\"@type\":\"ListItem\",\"position\":2,\"name\":\"Analitika\",\"item\":\"https:\\\/\\\/www.meydan.tv\\\/az\\\/section\\\/analitika\\\/\"},{\"@type\":\"ListItem\",\"position\":3,\"name\":\"Az\u0259rbaycan v\u0259 Avropa perspektivi\"}]},{\"@type\":\"WebSite\",\"@id\":\"https:\\\/\\\/www.meydan.tv\\\/az\\\/#website\",\"url\":\"https:\\\/\\\/www.meydan.tv\\\/az\\\/\",\"name\":\"MEYDAN.TV\",\"description\":\"Meydan TV Az\u0259rbaycan\u0131n media m\u0259kan\u0131ndak\u0131 alternativ s\u0259sidir\",\"publisher\":{\"@id\":\"https:\\\/\\\/www.meydan.tv\\\/az\\\/#organization\"},\"potentialAction\":[{\"@type\":\"SearchAction\",\"target\":{\"@type\":\"EntryPoint\",\"urlTemplate\":\"https:\\\/\\\/www.meydan.tv\\\/az\\\/?s={search_term_string}\"},\"query-input\":{\"@type\":\"PropertyValueSpecification\",\"valueRequired\":true,\"valueName\":\"search_term_string\"}}],\"inLanguage\":\"az\"},{\"@type\":\"Organization\",\"@id\":\"https:\\\/\\\/www.meydan.tv\\\/az\\\/#organization\",\"name\":\"Meydan TV\",\"url\":\"https:\\\/\\\/www.meydan.tv\\\/az\\\/\",\"logo\":{\"@type\":\"ImageObject\",\"inLanguage\":\"az\",\"@id\":\"https:\\\/\\\/www.meydan.tv\\\/az\\\/#\\\/schema\\\/logo\\\/image\\\/\",\"url\":\"https:\\\/\\\/www.meydan.tv\\\/wp-content\\\/uploads\\\/2021\\\/07\\\/meydan-logo.svg\",\"contentUrl\":\"https:\\\/\\\/www.meydan.tv\\\/wp-content\\\/uploads\\\/2021\\\/07\\\/meydan-logo.svg\",\"width\":195,\"height\":46,\"caption\":\"Meydan TV\"},\"image\":{\"@id\":\"https:\\\/\\\/www.meydan.tv\\\/az\\\/#\\\/schema\\\/logo\\\/image\\\/\"}},{\"@type\":\"Person\",\"@id\":\"https:\\\/\\\/www.meydan.tv\\\/az\\\/#\\\/schema\\\/person\\\/10d11eccf6da3662cf5fdab9806ea91a\",\"name\":\"user-manager\"}]}<\/script>\n<!-- \/ Yoast SEO plugin. -->","yoast_head_json":{"title":"Az\u0259rbaycan v\u0259 Avropa perspektivi - MEYDAN.TV","robots":{"index":"index","follow":"follow","max-snippet":"max-snippet:-1","max-image-preview":"max-image-preview:large","max-video-preview":"max-video-preview:-1"},"canonical":"https:\/\/www.meydan.tv\/az\/article\/azerbaycan-ve-avropa-perspektivi\/","og_locale":"az_AZ","og_type":"article","og_title":"Az\u0259rbaycan v\u0259 Avropa perspektivi - MEYDAN.TV","og_description":"Noyabr\u0131n 24-d\u0259 Br\u00fcsseld\u0259 ke\u00e7irilmi\u015f A\u0130 \u201c\u015e\u0259rq T\u0259r\u0259fda\u015fl\u0131\u011f\u0131\u201dn\u0131n be\u015finci sammitini, y\u0259qin ki, \u0259n qar\u015f\u0131durmas\u0131z sammit adland\u0131rmaq olar.","og_url":"https:\/\/www.meydan.tv\/az\/article\/azerbaycan-ve-avropa-perspektivi\/","og_site_name":"MEYDAN.TV","article_published_time":"2017-11-27T17:46:06+00:00","og_image":[{"width":2048,"height":1347,"url":"https:\/\/www.meydan.tv\/wp-content\/uploads\/37913.jpg","type":"image\/jpeg"}],"author":"user-manager","twitter_card":"summary_large_image","schema":{"@context":"https:\/\/schema.org","@graph":[{"@type":"Article","@id":"https:\/\/www.meydan.tv\/az\/article\/azerbaycan-ve-avropa-perspektivi\/#article","isPartOf":{"@id":"https:\/\/www.meydan.tv\/az\/article\/azerbaycan-ve-avropa-perspektivi\/"},"author":{"name":"user-manager","@id":"https:\/\/www.meydan.tv\/az\/#\/schema\/person\/10d11eccf6da3662cf5fdab9806ea91a"},"headline":"Az\u0259rbaycan v\u0259 Avropa perspektivi","datePublished":"2017-11-27T17:46:06+00:00","mainEntityOfPage":{"@id":"https:\/\/www.meydan.tv\/az\/article\/azerbaycan-ve-avropa-perspektivi\/"},"wordCount":988,"publisher":{"@id":"https:\/\/www.meydan.tv\/az\/#organization"},"image":{"@id":"https:\/\/www.meydan.tv\/az\/article\/azerbaycan-ve-avropa-perspektivi\/#primaryimage"},"thumbnailUrl":"https:\/\/www.meydan.tv\/wp-content\/uploads\/37913.jpg","articleSection":["Analitika"],"inLanguage":"az"},{"@type":"WebPage","@id":"https:\/\/www.meydan.tv\/az\/article\/azerbaycan-ve-avropa-perspektivi\/","url":"https:\/\/www.meydan.tv\/az\/article\/azerbaycan-ve-avropa-perspektivi\/","name":"Az\u0259rbaycan v\u0259 Avropa perspektivi - MEYDAN.TV","isPartOf":{"@id":"https:\/\/www.meydan.tv\/az\/#website"},"primaryImageOfPage":{"@id":"https:\/\/www.meydan.tv\/az\/article\/azerbaycan-ve-avropa-perspektivi\/#primaryimage"},"image":{"@id":"https:\/\/www.meydan.tv\/az\/article\/azerbaycan-ve-avropa-perspektivi\/#primaryimage"},"thumbnailUrl":"https:\/\/www.meydan.tv\/wp-content\/uploads\/37913.jpg","datePublished":"2017-11-27T17:46:06+00:00","breadcrumb":{"@id":"https:\/\/www.meydan.tv\/az\/article\/azerbaycan-ve-avropa-perspektivi\/#breadcrumb"},"inLanguage":"az","potentialAction":[{"@type":"ReadAction","target":["https:\/\/www.meydan.tv\/az\/article\/azerbaycan-ve-avropa-perspektivi\/"]}]},{"@type":"ImageObject","inLanguage":"az","@id":"https:\/\/www.meydan.tv\/az\/article\/azerbaycan-ve-avropa-perspektivi\/#primaryimage","url":"https:\/\/www.meydan.tv\/wp-content\/uploads\/37913.jpg","contentUrl":"https:\/\/www.meydan.tv\/wp-content\/uploads\/37913.jpg","width":2048,"height":1347,"caption":"Source:"},{"@type":"BreadcrumbList","@id":"https:\/\/www.meydan.tv\/az\/article\/azerbaycan-ve-avropa-perspektivi\/#breadcrumb","itemListElement":[{"@type":"ListItem","position":1,"name":"Ana s\u0259hif\u0259","item":"https:\/\/www.meydan.tv\/az\/"},{"@type":"ListItem","position":2,"name":"Analitika","item":"https:\/\/www.meydan.tv\/az\/section\/analitika\/"},{"@type":"ListItem","position":3,"name":"Az\u0259rbaycan v\u0259 Avropa perspektivi"}]},{"@type":"WebSite","@id":"https:\/\/www.meydan.tv\/az\/#website","url":"https:\/\/www.meydan.tv\/az\/","name":"MEYDAN.TV","description":"Meydan TV Az\u0259rbaycan\u0131n media m\u0259kan\u0131ndak\u0131 alternativ s\u0259sidir","publisher":{"@id":"https:\/\/www.meydan.tv\/az\/#organization"},"potentialAction":[{"@type":"SearchAction","target":{"@type":"EntryPoint","urlTemplate":"https:\/\/www.meydan.tv\/az\/?s={search_term_string}"},"query-input":{"@type":"PropertyValueSpecification","valueRequired":true,"valueName":"search_term_string"}}],"inLanguage":"az"},{"@type":"Organization","@id":"https:\/\/www.meydan.tv\/az\/#organization","name":"Meydan TV","url":"https:\/\/www.meydan.tv\/az\/","logo":{"@type":"ImageObject","inLanguage":"az","@id":"https:\/\/www.meydan.tv\/az\/#\/schema\/logo\/image\/","url":"https:\/\/www.meydan.tv\/wp-content\/uploads\/2021\/07\/meydan-logo.svg","contentUrl":"https:\/\/www.meydan.tv\/wp-content\/uploads\/2021\/07\/meydan-logo.svg","width":195,"height":46,"caption":"Meydan TV"},"image":{"@id":"https:\/\/www.meydan.tv\/az\/#\/schema\/logo\/image\/"}},{"@type":"Person","@id":"https:\/\/www.meydan.tv\/az\/#\/schema\/person\/10d11eccf6da3662cf5fdab9806ea91a","name":"user-manager"}]}},"_links":{"self":[{"href":"https:\/\/www.meydan.tv\/az\/wp-json\/wp\/v2\/posts\/187620","targetHints":{"allow":["GET"]}}],"collection":[{"href":"https:\/\/www.meydan.tv\/az\/wp-json\/wp\/v2\/posts"}],"about":[{"href":"https:\/\/www.meydan.tv\/az\/wp-json\/wp\/v2\/types\/post"}],"author":[{"embeddable":true,"href":"https:\/\/www.meydan.tv\/az\/wp-json\/wp\/v2\/users\/11"}],"replies":[{"embeddable":true,"href":"https:\/\/www.meydan.tv\/az\/wp-json\/wp\/v2\/comments?post=187620"}],"version-history":[{"count":0,"href":"https:\/\/www.meydan.tv\/az\/wp-json\/wp\/v2\/posts\/187620\/revisions"}],"wp:featuredmedia":[{"embeddable":true,"href":"https:\/\/www.meydan.tv\/az\/wp-json\/wp\/v2\/media\/95843"}],"wp:attachment":[{"href":"https:\/\/www.meydan.tv\/az\/wp-json\/wp\/v2\/media?parent=187620"}],"wp:term":[{"taxonomy":"category","embeddable":true,"href":"https:\/\/www.meydan.tv\/az\/wp-json\/wp\/v2\/categories?post=187620"},{"taxonomy":"post_tag","embeddable":true,"href":"https:\/\/www.meydan.tv\/az\/wp-json\/wp\/v2\/tags?post=187620"}],"curies":[{"name":"wp","href":"https:\/\/api.w.org\/{rel}","templated":true}]}}