{"id":187616,"date":"2017-11-27T16:49:41","date_gmt":"2017-11-27T16:49:41","guid":{"rendered":"https:\/\/www.meydan.tv\/article\/demokratiya-gerileyir-yoxsa-inkisaf-edir\/"},"modified":"2017-11-27T16:49:41","modified_gmt":"2017-11-27T16:49:41","slug":"demokratiya-gerileyir-yoxsa-inkisaf-edir","status":"publish","type":"post","link":"https:\/\/www.meydan.tv\/az\/article\/demokratiya-gerileyir-yoxsa-inkisaf-edir\/","title":{"rendered":"Demokratiya geril\u0259yir, yoxsa inki\u015faf edir?"},"content":{"rendered":"<p>\n  \u0130nformasiyan\u0131n s\u00fcr\u0259tinin durmadan artd\u0131\u011f\u0131 bu d\u00f6vrd\u0259 insanlar\u0131 inand\u0131rmaq \u00e7ox asanla\u015f\u0131b. \u018fslind\u0259 informasiyan\u0131n azadl\u0131\u011f\u0131 v\u0259 s\u00fcr\u0259ti \u00e7oxald\u0131qca, el\u0259 d\u00fc\u015f\u00fcn\u00fcl\u00fcrd\u00fc ki, insanlar\u0131 inand\u0131rmaq \u00e7\u0259tinl\u0259\u015f\u0259c\u0259k, \u00e7\u00fcnki kims\u0259 asanl\u0131qla \u0259ks\u0259r m\u0259lumatlar\u0131n do\u011fru v\u0259 y\u0259 yanl\u0131\u015f olmas\u0131n\u0131 yoxlaya bil\u0259c\u0259k. Amma el\u0259 olmad\u0131. Adamlar ad\u0259t\u0259n adic\u0259 \u201cgoogle-lama\u011fa\u201d t\u0259nb\u0259llik el\u0259yirl\u0259r v\u0259 xo\u015flar\u0131na g\u0259l\u0259n, ideologiyalar\u0131na m\u00fcvafiq olan, bir s\u00f6zl\u0259, maddi v\u0259 ya m\u0259n\u0259vi c\u0259h\u0259td\u0259n \u00f6zl\u0259rin\u0259 s\u0259rf ed\u0259n informasiyaya s\u00fcbutsuz, ara\u015fd\u0131rmas\u0131z inan\u0131rlar.\n<\/p>\n<p>\n  \u0130\u015e\u0130D-in adam yand\u0131rma, ba\u015f k\u0259sm\u0259 videolar\u0131 b\u00f6y\u00fck s\u0259s-k\u00fcy qoparanda bir n\u0259f\u0259r yazm\u0131\u015fd\u0131 ki, Hitlerin el\u0259dikl\u0259ri bundan m\u00fcqayis\u0259y\u0259g\u0259lm\u0259z d\u0259r\u0259c\u0259d\u0259 \u00e7ox idi, amma \u0130\u015e\u0130D-in t\u0259qdimat\u0131 daha g\u00fccl\u00fcd\u00fcr. Camaat m\u00fcasir effektl\u0259rl\u0259 \u201csilahlanm\u0131\u015f\u201d t\u0259qdimatlara bax\u0131r v\u0259 el\u0259 bilir ki, d\u00fcnyan\u0131n sonudur. \u018fn g\u00fcv\u0259nli say\u0131lan \u015f\u0259h\u0259rl\u0259rd\u0259 b\u00f6y\u00fck terrorlar olur, acl\u0131q davam edir, diktatorlar\u0131n \u00f6hd\u0259sind\u0259n g\u0259lm\u0259k olmur, v\u0259t\u0259nda\u015f m\u00fcharib\u0259l\u0259ri&#8230; h\u0259r g\u00fcn oxudu\u011fumuz x\u0259b\u0259rl\u0259rdir.\n<\/p>\n<p>\n  N\u0259tic\u0259d\u0259 \u00fcmidsizl\u0259\u015f\u0259n insanlar \u00f6z \u00fcmidsizlikl\u0259rin\u0259, anti-liberal, anti-demokrat adamlar is\u0259 \u00f6z ideologiyalar\u0131na dayaq axtararaq, inan\u0131rlar ki, liberal d\u00fcnyan\u0131n, demokratiyan\u0131n q\u00fcrub \u00e7a\u011f\u0131d\u0131r. Demokratiya art\u0131q d\u00fcnyan\u0131 f\u0259th etm\u0259 i\u015fini davam etdir\u0259 bilmir, missiyas\u0131n\u0131 bitirm\u0259mi\u015f tarix s\u0259hn\u0259sini t\u0259rk edir. Son zamanlar el\u0259 demokratik \u00fcsullarla demokratiyaya m\u0259hz Q\u0259rbd\u0259 vurulan z\u0259rb\u0259l\u0259r d\u0259 bu fikri g\u00fccl\u0259ndirir \u2013 Brexit, Tramp, \u018frdo\u011fan, Pol\u015fa, Macar\u0131stan v\u0259 s. B\u0259s \u0259slind\u0259 nec\u0259dir?\n<\/p>\n<p>\n  \u201cThe Washington Post\u201d bir ara\u015fd\u0131rma d\u0259rc edib. Se\u00e7ki Demokratiyas\u0131n\u0131n Leksik \u0130ndeksi (Lexical \u0130ndex of Electoral Democracy) g\u00f6st\u0259rir ki, 2016-c\u0131 ild\u0259 d\u00fcnya \u00f6lk\u0259l\u0259rinin 68 faizind\u0259 (bu \u00f6lk\u0259l\u0259rd\u0259 d\u00fcnya \u0259halisinin 62,2 faizi ya\u015fay\u0131r) hakimiyy\u0259t \u0259sas\u0259n se\u00e7kil\u0259rl\u0259 formala\u015f\u0131r. 2006-c\u0131 ild\u0259 is\u0259 \u00f6lk\u0259l\u0259rin 62 faizi bu x\u00fcsusiyy\u0259t\u0259 malik idi. Y\u0259ni 10 il \u0259rzind\u0259 6 faizlik art\u0131m olub.\n<\/p>\n<p>\n  \u0130ndeks\u0259 g\u00f6r\u0259 Venesueladan ba\u015fqa he\u00e7 bir se\u00e7ki demokratiyas\u0131na malik \u00f6lk\u0259 demokratiyadan imtina ed\u0259r\u0259k geri \u00e7\u0259kilm\u0259yib.\n<\/p>\n<p>\n  B\u0259s se\u00e7kil\u0259rl\u0259 demokratiya formala\u015fd\u0131r\u0131l\u0131rm\u0131? Demokratiya v\u0259 Se\u00e7ki Yard\u0131m\u0131 \u00fczr\u0259 Beyn\u0259lxalq \u0130nstitut (DSYB\u0130) (\u201cthe International Institute for Democracy and Electoral Assistance\u201d (IIDEA)) Demokratiyan\u0131n Qlobal V\u0259ziyy\u0259ti \u0130ndeksl\u0259ri (\u201cGlobal State of Democracy (GSoD) Indices\u201d) adl\u0131 s\u0259n\u0259d yay\u0131b. IIDEA-nun demokratiya anlay\u0131\u015f\u0131na geni\u015f yana\u015fmas\u0131 2 prinsip\u0259 \u0259saslan\u0131r:\n<\/p>\n<p>\n  1. \u0130ctimai q\u0259rar q\u0259buletm\u0259 v\u0259 q\u0259rar q\u0259buledicil\u0259r \u00fcz\u0259rind\u0259 xalq n\u0259zar\u0259ti;<br \/>\n  <br \/>\n  2. Bu n\u0259zar\u0259ti h\u0259yata ke\u00e7ir\u0259nl\u0259r aras\u0131nda siyasi b\u0259rab\u0259rlik.\n<\/p>\n<p>\n  Bu prinsipl\u0259r \u00f6zl\u0259ri 5 demokratik atributa malikdirl\u0259r: n\u00fcmay\u0259nd\u0259li hakimiyy\u0259t, fundamental h\u00fcquqlar, hakimiyy\u0259t \u00fcz\u0259rind\u0259 n\u0259zar\u0259t, q\u0259r\u0259zsiz inzibati idar\u0259\u00e7ilik, i\u015ftirak\u00e7\u0131 \u00f6hd\u0259lik. B\u00fct\u00fcn bunlar 14 m\u0259lumat m\u0259nb\u0259yind\u0259n al\u0131nan 98 t\u0259cr\u00fcbi g\u00f6st\u0259ricid\u0259n istifad\u0259 edil\u0259r\u0259k, m\u00fc\u0259yy\u0259nl\u0259\u015fdirilib. N\u0259tic\u0259d\u0259 a\u015fa\u011f\u0131dak\u0131 g\u00f6st\u0259ricil\u0259r meydana \u00e7\u0131x\u0131b:\n<\/p>\n<figure class=\"wp-block-image size-large\">\n  <img decoding=\"async\" src=\"https:\/\/www.meydan.tv\/az\/95825\/\" alt=\"\" class=\"wp-image-95825\"\/><figcaption><\/figcaption><\/figure>\n<p>\n  Bu ara\u015fd\u0131rma yaln\u0131z se\u00e7kili hakimiyy\u0259tl\u0259rin artmas\u0131n\u0131 yox, h\u0259m d\u0259 se\u00e7kil\u0259rin keyfiyy\u0259tinin artmas\u0131n\u0131, daha az f\u0131r\u0131ldaq, manipulyasiya, qanunsuzluq oldu\u011funu \u00fcz\u0259 \u00e7\u0131xar\u0131b. Fundamental h\u00fcquqlar\u0131n t\u0259min olunmas\u0131n\u0131n \u00f6l\u00e7\u00fc vahidi kimi insanlar\u0131n \u00f6z siyasi azadl\u0131qlar\u0131n\u0131 icra ed\u0259 bilm\u0259l\u0259ri g\u00f6t\u00fcr\u00fcl\u00fcr. \u00dcmumi olaraq, fundamental h\u00fcquqlara get-ged\u0259 daha \u00e7ox h\u00f6rm\u0259t olunub, baxmayaraq ki, \u00f6lk\u0259l\u0259r aras\u0131nda f\u0259rql\u0259r \u00e7oxdur. Bel\u0259 ki, Monqolustan, Seneqal, Uruqvayda v\u0259 son d\u00f6vrl\u0259rd\u0259 Qambiya v\u0259 Nigeriyada insanlar\u0131n h\u00fcquqlar\u0131 geni\u015fl\u0259ns\u0259 d\u0259, Pol\u015fa v\u0259 Macar\u0131standa m\u0259hdudla\u015f\u0131b. 1980-ci ill\u0259rd\u0259n b\u0259ri is\u0259 get-ged\u0259 daha \u00e7ox insan \u0259dal\u0259t\u0259, sivil azadl\u0131qlara, sosial h\u00fcquqlara v\u0259 b\u0259rab\u0259rliy\u0259 \u00e7at\u0131ml\u0131\u011f\u0131 olan yerd\u0259 ya\u015fay\u0131r.\n<\/p>\n<p>\n  WP-dak\u0131 yaz\u0131da IIDEA-nun i\u015f\u00e7isi Melida Jimenez \u0130nstitutun ara\u015fd\u0131rmas\u0131n\u0131 bir az da geni\u015f formada t\u0259qdim edir v\u0259 bildirir ki, 1975-ci ild\u0259n b\u0259ri demokratiyan\u0131n yuxar\u0131da sadalanan 5 atributundan 4-\u00fc \u00fczr\u0259 inki\u015faf qeyd\u0259 al\u0131n\u0131b. Sonuncu dekadada is\u0259 g\u00f6st\u0259ricil\u0259rin d\u0259yi\u015fimi \u0259sas\u0259n stabildir, geril\u0259m\u0259 yoxdur.\n<\/p>\n<p>\n  Demokratiya, liberalizm, insan h\u00fcquq v\u0259 azadl\u0131qlar\u0131na h\u00f6rm\u0259t d\u00fcnyada \u0259n geni\u015f yay\u0131lm\u0131\u015f, ham\u0131n\u0131n can atd\u0131\u011f\u0131 v\u0259 ya can atma imitasiyas\u0131n\u0131 g\u00f6st\u0259rdiyi d\u0259y\u0259rl\u0259rdir. S\u00fcr\u0259t az ola v\u0259 ayr\u0131-ayr\u0131 \u00f6lk\u0259l\u0259rd\u0259ki geril\u0259m\u0259l\u0259rl\u0259 m\u00fc\u015fayi\u0259t oluna bil\u0259r, amma h\u0259r bir halda inki\u015faf var, get-ged\u0259 daha \u00e7ox \u00f6lk\u0259 demokratik olur, daha \u00e7ox insan demokratik, insan h\u00fcquq v\u0259 azadl\u0131qlar\u0131na h\u00f6rm\u0259t olunan m\u00fchitd\u0259 ya\u015fay\u0131r. G\u00fcnd\u0259lik x\u0259b\u0259rl\u0259rin qaramatl\u0131\u011f\u0131 fonunda, el\u0259c\u0259 d\u0259 sosial \u015f\u0259b\u0259k\u0259l\u0259rd\u0259n sui-istifad\u0259 n\u0259tic\u0259sind\u0259 yay\u0131lan dezinformasiya v\u0259 ya birt\u0259r\u0259fli informasiya n\u0259tic\u0259sind\u0259 depressiyaya d\u00fc\u015fm\u0259k laz\u0131m deyil. H\u0259qiq\u0259ti b\u0259z\u0259n g\u00f6rm\u0259y\u0259 bil\u0259rik, amma h\u0259qiq\u0259t budur ki, inki\u015faf var, bir g\u00fcn o inki\u015faf biz\u0259 d\u0259 \u00e7atacaq (v\u0259 ya \u00e7atd\u0131raca\u011f\u0131q), \u0259vv\u0259l-ax\u0131r demokratiya, insan h\u00fcquq v\u0259 azadl\u0131qlar\u0131 kimi proqressiv institutlar b\u00fct\u00fcn d\u00fcnyan\u0131 f\u0259th ed\u0259c\u0259k.\n<\/p>\n<p>\n  <i><br \/>\n    <b><br \/>\n      Yaz\u0131 m\u00fc\u0259llifin fikirl\u0259rini \u0259ks etdirir v\u0259 Meydan TV-nin m\u00f6vqeyi il\u0259 \u00fcst-\u00fcst\u0259 d\u00fc\u015fm\u0259y\u0259 bil\u0259r.<br \/>\n    <\/b><br \/>\n  <\/i><\/p>\n","protected":false},"excerpt":{"rendered":"<p>\u0130nformasiyan\u0131n s\u00fcr\u0259tinin durmadan artd\u0131\u011f\u0131 bu d\u00f6vrd\u0259 insanlar\u0131 inand\u0131rmaq \u00e7ox asanla\u015f\u0131b<\/p>\n","protected":false},"author":11,"featured_media":95822,"comment_status":"closed","ping_status":"open","sticky":false,"template":"","format":"standard","meta":{"_acf_changed":false,"_sitemap_exclude":false,"_sitemap_priority":"","_sitemap_frequency":"","footnotes":""},"categories":[57],"tags":[],"class_list":["post-187616","post","type-post","status-publish","format-standard","has-post-thumbnail","hentry","category-menim-fikrimce","infinite-scroll-item","generate-columns","tablet-grid-50","mobile-grid-100","grid-parent","grid-33","no-featured-image-padding"],"acf":[],"yoast_head":"<!-- This site is optimized with the Yoast SEO plugin v27.5 - https:\/\/yoast.com\/product\/yoast-seo-wordpress\/ -->\n<title>Demokratiya geril\u0259yir, yoxsa inki\u015faf edir? - MEYDAN.TV<\/title>\n<meta name=\"robots\" content=\"index, follow, max-snippet:-1, max-image-preview:large, max-video-preview:-1\" \/>\n<link rel=\"canonical\" href=\"https:\/\/www.meydan.tv\/az\/article\/demokratiya-gerileyir-yoxsa-inkisaf-edir\/\" \/>\n<meta property=\"og:locale\" content=\"az_AZ\" \/>\n<meta property=\"og:type\" content=\"article\" \/>\n<meta property=\"og:title\" content=\"Demokratiya geril\u0259yir, yoxsa inki\u015faf edir? - MEYDAN.TV\" \/>\n<meta property=\"og:description\" content=\"\u0130nformasiyan\u0131n s\u00fcr\u0259tinin durmadan artd\u0131\u011f\u0131 bu d\u00f6vrd\u0259 insanlar\u0131 inand\u0131rmaq \u00e7ox asanla\u015f\u0131b\" \/>\n<meta property=\"og:url\" content=\"https:\/\/www.meydan.tv\/az\/article\/demokratiya-gerileyir-yoxsa-inkisaf-edir\/\" \/>\n<meta property=\"og:site_name\" content=\"MEYDAN.TV\" \/>\n<meta property=\"article:published_time\" content=\"2017-11-27T16:49:41+00:00\" \/>\n<meta property=\"og:image\" content=\"https:\/\/www.meydan.tv\/wp-content\/uploads\/37852.jpg\" \/>\n\t<meta property=\"og:image:width\" content=\"1600\" \/>\n\t<meta property=\"og:image:height\" content=\"960\" \/>\n\t<meta property=\"og:image:type\" content=\"image\/jpeg\" \/>\n<meta name=\"author\" content=\"user-manager\" \/>\n<meta name=\"twitter:card\" content=\"summary_large_image\" \/>\n<script type=\"application\/ld+json\" class=\"yoast-schema-graph\">{\"@context\":\"https:\\\/\\\/schema.org\",\"@graph\":[{\"@type\":\"Article\",\"@id\":\"https:\\\/\\\/www.meydan.tv\\\/az\\\/article\\\/demokratiya-gerileyir-yoxsa-inkisaf-edir\\\/#article\",\"isPartOf\":{\"@id\":\"https:\\\/\\\/www.meydan.tv\\\/az\\\/article\\\/demokratiya-gerileyir-yoxsa-inkisaf-edir\\\/\"},\"author\":{\"name\":\"user-manager\",\"@id\":\"https:\\\/\\\/www.meydan.tv\\\/az\\\/#\\\/schema\\\/person\\\/10d11eccf6da3662cf5fdab9806ea91a\"},\"headline\":\"Demokratiya geril\u0259yir, yoxsa inki\u015faf edir?\",\"datePublished\":\"2017-11-27T16:49:41+00:00\",\"mainEntityOfPage\":{\"@id\":\"https:\\\/\\\/www.meydan.tv\\\/az\\\/article\\\/demokratiya-gerileyir-yoxsa-inkisaf-edir\\\/\"},\"wordCount\":1005,\"publisher\":{\"@id\":\"https:\\\/\\\/www.meydan.tv\\\/az\\\/#organization\"},\"image\":{\"@id\":\"https:\\\/\\\/www.meydan.tv\\\/az\\\/article\\\/demokratiya-gerileyir-yoxsa-inkisaf-edir\\\/#primaryimage\"},\"thumbnailUrl\":\"https:\\\/\\\/www.meydan.tv\\\/wp-content\\\/uploads\\\/37852.jpg\",\"articleSection\":[\"M\u0259nim Fikrimc\u0259\"],\"inLanguage\":\"az\"},{\"@type\":\"WebPage\",\"@id\":\"https:\\\/\\\/www.meydan.tv\\\/az\\\/article\\\/demokratiya-gerileyir-yoxsa-inkisaf-edir\\\/\",\"url\":\"https:\\\/\\\/www.meydan.tv\\\/az\\\/article\\\/demokratiya-gerileyir-yoxsa-inkisaf-edir\\\/\",\"name\":\"Demokratiya geril\u0259yir, yoxsa inki\u015faf edir? - MEYDAN.TV\",\"isPartOf\":{\"@id\":\"https:\\\/\\\/www.meydan.tv\\\/az\\\/#website\"},\"primaryImageOfPage\":{\"@id\":\"https:\\\/\\\/www.meydan.tv\\\/az\\\/article\\\/demokratiya-gerileyir-yoxsa-inkisaf-edir\\\/#primaryimage\"},\"image\":{\"@id\":\"https:\\\/\\\/www.meydan.tv\\\/az\\\/article\\\/demokratiya-gerileyir-yoxsa-inkisaf-edir\\\/#primaryimage\"},\"thumbnailUrl\":\"https:\\\/\\\/www.meydan.tv\\\/wp-content\\\/uploads\\\/37852.jpg\",\"datePublished\":\"2017-11-27T16:49:41+00:00\",\"breadcrumb\":{\"@id\":\"https:\\\/\\\/www.meydan.tv\\\/az\\\/article\\\/demokratiya-gerileyir-yoxsa-inkisaf-edir\\\/#breadcrumb\"},\"inLanguage\":\"az\",\"potentialAction\":[{\"@type\":\"ReadAction\",\"target\":[\"https:\\\/\\\/www.meydan.tv\\\/az\\\/article\\\/demokratiya-gerileyir-yoxsa-inkisaf-edir\\\/\"]}]},{\"@type\":\"ImageObject\",\"inLanguage\":\"az\",\"@id\":\"https:\\\/\\\/www.meydan.tv\\\/az\\\/article\\\/demokratiya-gerileyir-yoxsa-inkisaf-edir\\\/#primaryimage\",\"url\":\"https:\\\/\\\/www.meydan.tv\\\/wp-content\\\/uploads\\\/37852.jpg\",\"contentUrl\":\"https:\\\/\\\/www.meydan.tv\\\/wp-content\\\/uploads\\\/37852.jpg\",\"width\":1600,\"height\":960,\"caption\":\"Source:\"},{\"@type\":\"BreadcrumbList\",\"@id\":\"https:\\\/\\\/www.meydan.tv\\\/az\\\/article\\\/demokratiya-gerileyir-yoxsa-inkisaf-edir\\\/#breadcrumb\",\"itemListElement\":[{\"@type\":\"ListItem\",\"position\":1,\"name\":\"Ana s\u0259hif\u0259\",\"item\":\"https:\\\/\\\/www.meydan.tv\\\/az\\\/\"},{\"@type\":\"ListItem\",\"position\":2,\"name\":\"M\u0259nim Fikrimc\u0259\",\"item\":\"https:\\\/\\\/www.meydan.tv\\\/az\\\/section\\\/menim-fikrimce\\\/\"},{\"@type\":\"ListItem\",\"position\":3,\"name\":\"Demokratiya geril\u0259yir, yoxsa inki\u015faf edir?\"}]},{\"@type\":\"WebSite\",\"@id\":\"https:\\\/\\\/www.meydan.tv\\\/az\\\/#website\",\"url\":\"https:\\\/\\\/www.meydan.tv\\\/az\\\/\",\"name\":\"MEYDAN.TV\",\"description\":\"Meydan TV Az\u0259rbaycan\u0131n media m\u0259kan\u0131ndak\u0131 alternativ s\u0259sidir\",\"publisher\":{\"@id\":\"https:\\\/\\\/www.meydan.tv\\\/az\\\/#organization\"},\"potentialAction\":[{\"@type\":\"SearchAction\",\"target\":{\"@type\":\"EntryPoint\",\"urlTemplate\":\"https:\\\/\\\/www.meydan.tv\\\/az\\\/?s={search_term_string}\"},\"query-input\":{\"@type\":\"PropertyValueSpecification\",\"valueRequired\":true,\"valueName\":\"search_term_string\"}}],\"inLanguage\":\"az\"},{\"@type\":\"Organization\",\"@id\":\"https:\\\/\\\/www.meydan.tv\\\/az\\\/#organization\",\"name\":\"Meydan TV\",\"url\":\"https:\\\/\\\/www.meydan.tv\\\/az\\\/\",\"logo\":{\"@type\":\"ImageObject\",\"inLanguage\":\"az\",\"@id\":\"https:\\\/\\\/www.meydan.tv\\\/az\\\/#\\\/schema\\\/logo\\\/image\\\/\",\"url\":\"https:\\\/\\\/www.meydan.tv\\\/wp-content\\\/uploads\\\/2021\\\/07\\\/meydan-logo.svg\",\"contentUrl\":\"https:\\\/\\\/www.meydan.tv\\\/wp-content\\\/uploads\\\/2021\\\/07\\\/meydan-logo.svg\",\"width\":195,\"height\":46,\"caption\":\"Meydan TV\"},\"image\":{\"@id\":\"https:\\\/\\\/www.meydan.tv\\\/az\\\/#\\\/schema\\\/logo\\\/image\\\/\"}},{\"@type\":\"Person\",\"@id\":\"https:\\\/\\\/www.meydan.tv\\\/az\\\/#\\\/schema\\\/person\\\/10d11eccf6da3662cf5fdab9806ea91a\",\"name\":\"user-manager\"}]}<\/script>\n<!-- \/ Yoast SEO plugin. -->","yoast_head_json":{"title":"Demokratiya geril\u0259yir, yoxsa inki\u015faf edir? - MEYDAN.TV","robots":{"index":"index","follow":"follow","max-snippet":"max-snippet:-1","max-image-preview":"max-image-preview:large","max-video-preview":"max-video-preview:-1"},"canonical":"https:\/\/www.meydan.tv\/az\/article\/demokratiya-gerileyir-yoxsa-inkisaf-edir\/","og_locale":"az_AZ","og_type":"article","og_title":"Demokratiya geril\u0259yir, yoxsa inki\u015faf edir? - MEYDAN.TV","og_description":"\u0130nformasiyan\u0131n s\u00fcr\u0259tinin durmadan artd\u0131\u011f\u0131 bu d\u00f6vrd\u0259 insanlar\u0131 inand\u0131rmaq \u00e7ox asanla\u015f\u0131b","og_url":"https:\/\/www.meydan.tv\/az\/article\/demokratiya-gerileyir-yoxsa-inkisaf-edir\/","og_site_name":"MEYDAN.TV","article_published_time":"2017-11-27T16:49:41+00:00","og_image":[{"width":1600,"height":960,"url":"https:\/\/www.meydan.tv\/wp-content\/uploads\/37852.jpg","type":"image\/jpeg"}],"author":"user-manager","twitter_card":"summary_large_image","schema":{"@context":"https:\/\/schema.org","@graph":[{"@type":"Article","@id":"https:\/\/www.meydan.tv\/az\/article\/demokratiya-gerileyir-yoxsa-inkisaf-edir\/#article","isPartOf":{"@id":"https:\/\/www.meydan.tv\/az\/article\/demokratiya-gerileyir-yoxsa-inkisaf-edir\/"},"author":{"name":"user-manager","@id":"https:\/\/www.meydan.tv\/az\/#\/schema\/person\/10d11eccf6da3662cf5fdab9806ea91a"},"headline":"Demokratiya geril\u0259yir, yoxsa inki\u015faf edir?","datePublished":"2017-11-27T16:49:41+00:00","mainEntityOfPage":{"@id":"https:\/\/www.meydan.tv\/az\/article\/demokratiya-gerileyir-yoxsa-inkisaf-edir\/"},"wordCount":1005,"publisher":{"@id":"https:\/\/www.meydan.tv\/az\/#organization"},"image":{"@id":"https:\/\/www.meydan.tv\/az\/article\/demokratiya-gerileyir-yoxsa-inkisaf-edir\/#primaryimage"},"thumbnailUrl":"https:\/\/www.meydan.tv\/wp-content\/uploads\/37852.jpg","articleSection":["M\u0259nim Fikrimc\u0259"],"inLanguage":"az"},{"@type":"WebPage","@id":"https:\/\/www.meydan.tv\/az\/article\/demokratiya-gerileyir-yoxsa-inkisaf-edir\/","url":"https:\/\/www.meydan.tv\/az\/article\/demokratiya-gerileyir-yoxsa-inkisaf-edir\/","name":"Demokratiya geril\u0259yir, yoxsa inki\u015faf edir? - MEYDAN.TV","isPartOf":{"@id":"https:\/\/www.meydan.tv\/az\/#website"},"primaryImageOfPage":{"@id":"https:\/\/www.meydan.tv\/az\/article\/demokratiya-gerileyir-yoxsa-inkisaf-edir\/#primaryimage"},"image":{"@id":"https:\/\/www.meydan.tv\/az\/article\/demokratiya-gerileyir-yoxsa-inkisaf-edir\/#primaryimage"},"thumbnailUrl":"https:\/\/www.meydan.tv\/wp-content\/uploads\/37852.jpg","datePublished":"2017-11-27T16:49:41+00:00","breadcrumb":{"@id":"https:\/\/www.meydan.tv\/az\/article\/demokratiya-gerileyir-yoxsa-inkisaf-edir\/#breadcrumb"},"inLanguage":"az","potentialAction":[{"@type":"ReadAction","target":["https:\/\/www.meydan.tv\/az\/article\/demokratiya-gerileyir-yoxsa-inkisaf-edir\/"]}]},{"@type":"ImageObject","inLanguage":"az","@id":"https:\/\/www.meydan.tv\/az\/article\/demokratiya-gerileyir-yoxsa-inkisaf-edir\/#primaryimage","url":"https:\/\/www.meydan.tv\/wp-content\/uploads\/37852.jpg","contentUrl":"https:\/\/www.meydan.tv\/wp-content\/uploads\/37852.jpg","width":1600,"height":960,"caption":"Source:"},{"@type":"BreadcrumbList","@id":"https:\/\/www.meydan.tv\/az\/article\/demokratiya-gerileyir-yoxsa-inkisaf-edir\/#breadcrumb","itemListElement":[{"@type":"ListItem","position":1,"name":"Ana s\u0259hif\u0259","item":"https:\/\/www.meydan.tv\/az\/"},{"@type":"ListItem","position":2,"name":"M\u0259nim Fikrimc\u0259","item":"https:\/\/www.meydan.tv\/az\/section\/menim-fikrimce\/"},{"@type":"ListItem","position":3,"name":"Demokratiya geril\u0259yir, yoxsa inki\u015faf edir?"}]},{"@type":"WebSite","@id":"https:\/\/www.meydan.tv\/az\/#website","url":"https:\/\/www.meydan.tv\/az\/","name":"MEYDAN.TV","description":"Meydan TV Az\u0259rbaycan\u0131n media m\u0259kan\u0131ndak\u0131 alternativ s\u0259sidir","publisher":{"@id":"https:\/\/www.meydan.tv\/az\/#organization"},"potentialAction":[{"@type":"SearchAction","target":{"@type":"EntryPoint","urlTemplate":"https:\/\/www.meydan.tv\/az\/?s={search_term_string}"},"query-input":{"@type":"PropertyValueSpecification","valueRequired":true,"valueName":"search_term_string"}}],"inLanguage":"az"},{"@type":"Organization","@id":"https:\/\/www.meydan.tv\/az\/#organization","name":"Meydan TV","url":"https:\/\/www.meydan.tv\/az\/","logo":{"@type":"ImageObject","inLanguage":"az","@id":"https:\/\/www.meydan.tv\/az\/#\/schema\/logo\/image\/","url":"https:\/\/www.meydan.tv\/wp-content\/uploads\/2021\/07\/meydan-logo.svg","contentUrl":"https:\/\/www.meydan.tv\/wp-content\/uploads\/2021\/07\/meydan-logo.svg","width":195,"height":46,"caption":"Meydan TV"},"image":{"@id":"https:\/\/www.meydan.tv\/az\/#\/schema\/logo\/image\/"}},{"@type":"Person","@id":"https:\/\/www.meydan.tv\/az\/#\/schema\/person\/10d11eccf6da3662cf5fdab9806ea91a","name":"user-manager"}]}},"_links":{"self":[{"href":"https:\/\/www.meydan.tv\/az\/wp-json\/wp\/v2\/posts\/187616","targetHints":{"allow":["GET"]}}],"collection":[{"href":"https:\/\/www.meydan.tv\/az\/wp-json\/wp\/v2\/posts"}],"about":[{"href":"https:\/\/www.meydan.tv\/az\/wp-json\/wp\/v2\/types\/post"}],"author":[{"embeddable":true,"href":"https:\/\/www.meydan.tv\/az\/wp-json\/wp\/v2\/users\/11"}],"replies":[{"embeddable":true,"href":"https:\/\/www.meydan.tv\/az\/wp-json\/wp\/v2\/comments?post=187616"}],"version-history":[{"count":0,"href":"https:\/\/www.meydan.tv\/az\/wp-json\/wp\/v2\/posts\/187616\/revisions"}],"wp:featuredmedia":[{"embeddable":true,"href":"https:\/\/www.meydan.tv\/az\/wp-json\/wp\/v2\/media\/95822"}],"wp:attachment":[{"href":"https:\/\/www.meydan.tv\/az\/wp-json\/wp\/v2\/media?parent=187616"}],"wp:term":[{"taxonomy":"category","embeddable":true,"href":"https:\/\/www.meydan.tv\/az\/wp-json\/wp\/v2\/categories?post=187616"},{"taxonomy":"post_tag","embeddable":true,"href":"https:\/\/www.meydan.tv\/az\/wp-json\/wp\/v2\/tags?post=187616"}],"curies":[{"name":"wp","href":"https:\/\/api.w.org\/{rel}","templated":true}]}}