{"id":187571,"date":"2017-11-23T14:50:32","date_gmt":"2017-11-23T14:50:32","guid":{"rendered":"https:\/\/www.meydan.tv\/article\/yasil-ayin-basinda-qirmizi-cersenbede\/"},"modified":"2017-11-23T14:50:32","modified_gmt":"2017-11-23T14:50:32","slug":"yasil-ayin-basinda-qirmizi-cersenbede","status":"publish","type":"post","link":"https:\/\/www.meydan.tv\/az\/article\/yasil-ayin-basinda-qirmizi-cersenbede\/","title":{"rendered":"Ya\u015f\u0131l ay\u0131n ba\u015f\u0131nda, q\u0131rm\u0131z\u0131 \u00e7\u0259r\u015f\u0259nb\u0259d\u0259"},"content":{"rendered":"<figure class=\"wp-block-image size-large\">\n  <img decoding=\"async\" src=\"https:\/\/www.meydan.tv\/az\/sergey-lavrov-ve-elmar-memmedyarov\/\" alt=\"Sergey Lavrov v\u0259 Elmar M\u0259mm\u0259dyarov\" class=\"wp-image-95663\"\/><figcaption>\n    Sergey Lavrov v\u0259 Elmar M\u0259mm\u0259dyarov<br \/>\n  <\/figcaption><\/figure>\n<p>\n  Rusiyan\u0131n xarici i\u015fl\u0259r naziri Bak\u0131ya g\u0259ldi, prezident \u018fliyevl\u0259 g\u00f6r\u00fc\u015fd\u00fc, he\u00e7 bir a\u00e7\u0131qlama verm\u0259di, yolland\u0131 Yerevana prezident Sarkisyanla g\u00f6r\u00fc\u015f\u0259.\n<\/p>\n<p>\n  Bak\u0131da siyas\u0259t\u015f\u00fcnaslar ba\u015flad\u0131lar \u201cv\u0259ziyy\u0259ti\u201d t\u0259hlil etm\u0259y\u0259, yozma\u011fa. Aya, g\u00f6r\u0259s\u0259n n\u0259 \u00fc\u00e7\u00fcn g\u00f6r\u00fc\u015fd\u0259n sonra he\u00e7 n\u0259 dem\u0259dil\u0259r, Lavrov niy\u0259 Xocal\u0131 abid\u0259sin\u0259 \u00e7i\u00e7\u0259k qoymad\u0131, amma Yerevanda qondarma soyq\u0131r\u0131m abid\u0259sin\u0259 g\u00fcl qoydu? Bu s\u0259f\u0259r Putinl\u0259 \u018frdo\u011fan\u0131n g\u00f6r\u00fc\u015f\u00fcn\u00fcn n\u0259tic\u0259sidirmi? T\u00fcrkiy\u0259 prezidenti Putini n\u0259y\u0259 raz\u0131 sal\u0131b?\n<\/p>\n<p>\n  G\u00f6r\u0259s\u0259n be\u015f rayonu qaytaracaqlar, yoxsa yeddi? Rus s\u00fclhm\u0259raml\u0131lar\u0131 g\u0259l\u0259c\u0259k, ya yox? G\u0259ls\u0259l\u0259r, t\u0259k g\u0259l\u0259c\u0259kl\u0259r, yoxsa qo\u015fma da olacaq?.. V\u0259 sair\u0259, v\u0259 ilax\u0131ra.\n<\/p>\n<p>\n  Bizim yerli siyas\u0259t\u015f\u00fcnaslar\u0131n d\u0259rin t\u0259hlill\u0259rinin n\u0259tic\u0259l\u0259rini \u00f6yr\u0259nm\u0259k \u00fc\u00e7\u00fcn xaricd\u0259 x\u00fcsusi m\u0259rk\u0259zl\u0259r a\u00e7\u0131l\u0131b, yeni elm yaran\u0131b, ad\u0131 \u201csiyasi psixiatriya\u201dd\u0131r.\n<\/p>\n<p>\n  \u201cAc toyuq yuxusunda dar\u0131 g\u00f6r\u0259r\u201d. Cibinizi gen tutun, bu d\u0259qiq\u0259 Rusiya v\u0259 T\u00fcrkiy\u0259 cibinizi l\u0259bl\u0259bi qar\u0131\u015f\u0131q ki\u015fmi\u015fl\u0259 dolduracaq.\n<\/p>\n<p>\n  Hakimiyy\u0259t n\u0259 il\u0259 m\u0259\u015f\u011fuldur? N\u00f6y\u00fct sat\u0131r, qaz sat\u0131r, v\u0259zif\u0259 sat\u0131r, torpaq sat\u0131r, r\u00fc\u015fv\u0259t y\u0131\u011f\u0131r, c\u0259rim\u0259 toplay\u0131r, can\u0131m s\u0259n\u0259 n\u0259 desin, cibini doldurur. Buna \u015f\u00fcbh\u0259 ed\u0259n varm\u0131? Varsa, dill\u0259nm\u0259sin, onu d\u00fcnyadan bix\u0259b\u0259r sayarlar.\n<\/p>\n<p>\n  Bunu ham\u0131 bilir. Bilir, lakin demir. Dey\u0259nin dilini bo\u011faz\u0131ndan \u00e7\u0131xar\u0131rlar. Buna \u201cavtoritar milli demokratiya\u201d deyirl\u0259r.\n<\/p>\n<p>\n  T\u0259\u011fyiri-libas \u00fc\u00e7\u00fcn hakimiyy\u0259t gec\u0259-g\u00fcnd\u00fcz xalq\u0131n qeydin\u0259 qal\u0131r, v\u0259t\u0259nda\u015flar\u0131n rifah\u0131n\u0131n y\u00fcks\u0259ldilm\u0259sin\u0259 \u00e7al\u0131\u015f\u0131r, d\u0259rin m\u0259zmunlu \u00e7\u0131x\u0131\u015flar edir, m\u00fc\u015favir\u0259l\u0259r ke\u00e7irir, bu m\u00fc\u015favir\u0259l\u0259ri TV il\u0259 g\u00f6st\u0259rib teletama\u015fa\u00e7\u0131 k\u00fctl\u0259ni \u0259min edir ki:\n<\/p>\n<p>\n  1.Hakimiyy\u0259t var g\u00fcc\u00fc il\u0259 d\u00f6vl\u0259tin \u0259razi b\u00fct\u00f6vl\u00fcy\u00fcn\u00fc b\u0259rpa etm\u0259y\u0259 \u00e7al\u0131\u015f\u0131r-\u0259ll\u0259\u015fir.\n<\/p>\n<p>\n  2.Hakimiyy\u0259t non-stop rejimd\u0259 Az\u0259rbaycan d\u00f6vl\u0259tini m\u00f6hk\u0259ml\u0259ndirm\u0259k, onu b\u0259d xarici t\u0259sirl\u0259rd\u0259n qorumaq v\u0259 \u015f\u0259nini g\u00f6yl\u0259r\u0259 qald\u0131rmaq bar\u0259d\u0259 d\u00fc\u015f\u00fcn\u00fcr.\n<\/p>\n<p>\n  3.Hakimiyy\u0259tin i\u015fi-g\u00fcc\u00fc xalq\u0131n qay\u011f\u0131s\u0131n\u0131 \u00e7\u0259km\u0259kdir.\n<\/p>\n<p>\n  4.Az\u0259rbaycan\u0131n siyasi s\u0259hn\u0259sind\u0259 m\u00fcxalif\u0259t\u0259 yer yoxdur.\n<\/p>\n<p>\n  H\u0259qiq\u0259t\u0259n d\u0259, \u0259g\u0259r birinci \u00fc\u00e7 b\u0259nd d\u00fczg\u00fcnd\u00fcrs\u0259, m\u00fcxalif\u0259t hakimiyy\u0259t-xalq izdivac\u0131nda \u00fc\u00e7\u00fcnc\u00fc t\u0259r\u0259f kimi art\u0131qd\u0131r. Burada ya S\u0259rv\u0259r art\u0131qd\u0131r, ya M\u0259\u015f\u0259di \u0130bad.\n<\/p>\n<p>\n  Xalqa arams\u0131z dan\u0131\u015f\u0131lan bu \u015firin na\u011f\u0131llar\u0131n s\u0131ras\u0131nda \u0259n qa\u00e7\u0131lmaz\u0131 Qaraba\u011f bar\u0259d\u0259 olanlard\u0131r. Zira Qaraba\u011f\u0131n 30 ildir i\u015f\u011fal alt\u0131nda olmas\u0131 el\u0259 bir faktd\u0131r ki, bunu m\u00fcxalif\u0259t des\u0259 d\u0259, dem\u0259s\u0259 d\u0259, ham\u0131 bilir. Ba\u015fqa m\u00f6vzularda hakimiyy\u0259t m\u00fcbahis\u0259 ed\u0259 bilir, f\u0259q\u0259t Qaraba\u011f m\u00f6vzusu g\u0259l\u0259nd\u0259, dem\u0259y\u0259 inan\u0131las\u0131 s\u00f6z qalm\u0131r.\n<\/p>\n<p>\n  F\u0259rz ed\u0259k ki, m\u00fcxalif\u0259t deyir: hakimiyy\u0259td\u0259kil\u0259r xalq\u0131n mal\u0131n\u0131 o\u011furlay\u0131r. Bax\u0131n nazirl\u0259rin, ali m\u0259murlar\u0131n var-d\u00f6vl\u0259tin\u0259. Hakimiyy\u0259t cavab\u0131nda deyir ki, o\u011furluq cinay\u0259tdir v\u0259 onu ed\u0259n canidir. Ay \u00f6z\u00fcn\u00fc qanunp\u0259r\u0259st demokrat adland\u0131ranlar, b\u0259sdir b\u00f6htan atd\u0131n\u0131z, g\u00f6t\u00fcr\u00fcn Konstitusiyan\u0131, bax\u0131n 63-c\u00fc madd\u0259y\u0259, orada yaz\u0131l\u0131b ki, \u201cCinay\u0259tin t\u00f6r\u0259dilm\u0259sind\u0259 t\u0259qsirl\u0259ndiril\u0259n h\u0259r bir \u015f\u0259xs, onun t\u0259qsiri qanunla n\u0259z\u0259rd\u0259 tutulan qaydada s\u00fcbuta yetirilm\u0259yibs\u0259 v\u0259 bu bar\u0259d\u0259 m\u0259hk\u0259m\u0259nin qanuni q\u00fcvv\u0259y\u0259 minmi\u015f h\u00f6km\u00fc yoxdursa, t\u0259qsirsiz say\u0131l\u0131r\u201d. Han\u0131 bizim cinay\u0259timizi s\u00fcbut ed\u0259n v\u0259 qanuni q\u00fcvv\u0259y\u0259 minmi\u015f m\u0259hk\u0259m\u0259 h\u00f6km\u00fc?\n<\/p>\n<p>\n  M\u00fcxalif\u0259t d\u0259 m\u0131z\u0131ldan\u0131r ki, \u201csizin hakiml\u0259rin ham\u0131s\u0131 sizin m\u00fcti qulunuz v\u0259 sizd\u0259n biridir\u201d. Hakimiyy\u0259t \u015faqqanaq \u00e7\u0259kib g\u00fcl\u00fcr v\u0259 deyir ki, bu, sizin \u015f\u00fcbh\u0259l\u0259rinizdir, h\u0259min 63-c\u00fc madd\u0259d\u0259 is\u0259 deyilir ki, \u201c\u015e\u0259xsin t\u0259qsirli oldu\u011funa \u0259sasl\u0131 \u015f\u00fcbh\u0259l\u0259r varsa, onun t\u0259qsirli bilinm\u0259sin\u0259 yol verilmir\u201d.\n<\/p>\n<p>\n  X\u00fclas\u0259, AXC-nin g\u0259tirib xalq\u0131n belin\u0259 mindirdiyi bu hakimiyy\u0259tl\u0259 \u0259n\u0259n\u0259vi m\u00fcxalif\u0259t aras\u0131nda 25 ildir bel\u0259c\u0259 siyasi m\u0259z\u0259l\u0259nm\u0259 gedir v\u0259 \u0259halinin bir hiss\u0259si h\u0259tta onu siyasi m\u00fcbariz\u0259 say\u0131b alud\u0259\u00e7ilikl\u0259 izl\u0259yir v\u0259 \u015f\u0259rh edir.<br \/>\n  <br \/>\n  S\u00f6z\u00fcm\u00fcn can\u0131 bu deyil. S\u00f6z\u00fcm\u00fcn can\u0131 Lavrovun Bak\u0131ya v\u0259 Yerevana s\u0259f\u0259rinin c\u00f6vh\u0259ridir.\n<\/p>\n<p>\n  Qaraba\u011f m\u00fcnaqi\u015f\u0259sinin mahiyy\u0259ti n\u0259dir?\n<\/p>\n<p>\n  Erm\u0259nistan\u0131n \u0259sl erm\u0259ni torpa\u011f\u0131 Qaraba\u011f\u0131 Az\u0259rbaycandan qopar\u0131b \u00f6z\u00fcn\u0259 qatmaqd\u0131rm\u0131? N\u0131r\u00e7!\n<\/p>\n<p>\n  Az\u0259rbaycan xalq\u0131n\u0131n \u00f6z do\u011fma v\u0259t\u0259ninin ayr\u0131lmaz hiss\u0259si olan Qaraba\u011f\u0131n qaytar\u0131lmas\u0131 u\u011frunda apard\u0131\u011f\u0131 q\u0259hr\u0259man m\u00fcbariz\u0259dirmi? N\u0131r\u00e7!\n<\/p>\n<p>\n  \u018fsla yox! Qullu\u011funuza \u0259rz edim ki, Qaraba\u011f m\u00fcnaqi\u015f\u0259sin\u0259 n\u0259 Az\u0259rbaycan\u0131n, n\u0259 d\u0259 Erm\u0259nistan\u0131n d\u0259xli var.\n<\/p>\n<p>\n  Onlar sad\u0259c\u0259 t\u0259sad\u00fcf\u0259n bu \u00e7o\u011frafi x\u0259rit\u0259y\u0259 d\u00fc\u015fm\u00fc\u015f yar\u0131siyasi, yar\u0131fantastik v\u00fccudlard\u0131r ki, onlardan he\u00e7 n\u0259 as\u0131l\u0131 deyil. Qaraba\u011f m\u00fcnaqi\u015f\u0259si Rusiyan\u0131n ciddi-c\u0259hdl\u0259 \u00f6z\u00fc \u00fc\u00e7\u00fcn yonub d\u00fcz\u0259ltdiyi bir qarmaqd\u0131r ki, onun vasit\u0259sil\u0259 C\u0259nubu Qafqaz da\u011flar\u0131na d\u0131rma\u015f\u0131b v\u0259 orada \u00f6z\u00fcn\u0259 d\u00fc\u015f\u0259rg\u0259 sal\u0131b. \u0130ndi bu d\u00fc\u015f\u0259rg\u0259nin yan-y\u00f6r\u0259sind\u0259 yerli adamlar peyda olub, ora-bura gedib-g\u0259lirl\u0259rs\u0259, bu, o dem\u0259k deyil ki, onlar\u0131n ham\u0131s\u0131n\u0131 \u201czapretnaya zona\u201dya girduikl\u0259rin\u0259 g\u00f6r\u0259 q\u0131r\u0131b-\u00e7atmaq laz\u0131md\u0131r. \u0130ndi ke\u00e7\u0259n \u0259srl\u0259r deyil, humanizm \u0259sridir. Ona g\u00f6r\u0259 Kreml siyasi dramaturqlara bir tama\u015fa sifari\u015f edib. Tama\u015fan\u0131n ad\u0131 \u201cQaraba\u011f s\u00fclh dan\u0131\u015f\u0131qlar\u0131\u201dd\u0131r. Bu tama\u015fada yerli camaat da, d\u0259v\u0259t edilmi\u015f xarici aktyorlar da rol al\u0131blar. V\u0259 \u00e7ox y\u00fcks\u0259k honorar\u0131n m\u00fcqabilind\u0259 bir-birini \u0259v\u0259z ed\u0259r\u0259k 25 ildir ki, aktyorluq edirl\u0259r. Qurban oldu\u011fumuz M\u0259h\u0259mm\u0259din \u015f\u0259ri\u0259tinin i\u015fl\u0259diyi vaxtlarda babalar\u0131m\u0131z demi\u015fk\u0259n: it oynad\u0131rlar.\n<\/p>\n<p>\n  Qald\u0131 c\u0259nab Lavrovun s\u0259f\u0259rin\u0259, onun bir m\u0259qs\u0259di ola bil\u0259r : qarma\u011f\u0131 m\u00f6hk\u0259ml\u0259ndirm\u0259k v\u0259 onu C\u0259nubi Qafqaz da\u011flar\u0131n\u0131n qayalar\u0131na daha d\u0259rin sancmaq. Ba\u015fqa m\u0259qs\u0259d yoxdur v\u0259 ola da bilm\u0259z.\n<\/p>\n<p>\n  \u0130ndi buna \u0259g\u0259r AB\u015e v\u0259 Fransa mane olub \u00f6z qarmaqlar\u0131n\u0131 sancmaq ist\u0259yirs\u0259, v\u0259 bu zaman Rusiya onlar\u0131 neytralla\u015fd\u0131rmaq \u00fc\u00e7\u00fcn T\u00fcrkiy\u0259d\u0259n istifad\u0259 etm\u0259y\u0259 \u00e7al\u0131\u015f\u0131rsa, onlar\u0131n diplomatik m\u0259har\u0259tin\u0259 min alq\u0131\u015f. Bacarana can qurban! \u018fg\u0259r T\u00fcrkiy\u0259 Qaraba\u011f qarma\u011f\u0131n\u0131n t\u0259mirin\u0259 \u015f\u0259rait yarad\u0131b Rusiya il\u0259 bir k\u00f6yn\u0259k yax\u0131nla\u015f\u0131rsa v\u0259 \u00f6z b\u0259zi-b\u0259zi iqtisadi v\u0259 siyasi m\u0259qs\u0259dl\u0259rini ger\u00e7\u0259kl\u0259\u015fdirirs\u0259, t\u00fcrk diplomatiyas\u0131na da min \u0259hs\u0259n, qazanmayan \u0259f\u0259ldir v\u0259 \u00f6z\u00fcnd\u0259n k\u00fcss\u00fcn!\n<\/p>\n<p>\n  M\u0259n sad\u0259c\u0259 bu t\u0259miz siyasi alver\u0259 tama\u015fa edib, guya ki, Az\u0259rbaycan\u0131n qanuni h\u00fcquqlar\u0131n\u0131n tam v\u0259 ya qism\u0259n b\u0259rpas\u0131n\u0131 g\u00f6zl\u0259y\u0259n sad\u0259l\u00f6vh insanlara ac\u0131y\u0131ram v\u0259 d\u00fc\u015f\u00fcn\u00fcr\u0259m ki, Erm\u0259nistanda oturub erm\u0259ni xalq\u0131n\u0131n qanuni h\u00fcquqlar\u0131n\u0131n tam(!) b\u0259rpas\u0131na \u00fcmid ed\u0259n insanlara da yaz\u0131\u011f\u0131m\u0131z g\u0259ls\u0259, insafdan olar. Zira biz onlarla birlikd\u0259 bir q\u0259f\u0259sd\u0259 oturmu\u015fuq v\u0259 bir qandalla bu m\u00fcnaqi\u015f\u0259y\u0259 p\u0259r\u00e7im olunmu\u015fuq.\n<\/p>\n<p>\n  Qald\u0131 Qaraba\u011f m\u00fcnaqi\u015f\u0259sinin \u0259dal\u0259tli h\u0259llin\u0259, onu g\u00f6zl\u0259m\u0259k laz\u0131md\u0131r. N\u0259 vaxt? Ya\u015f\u0131l ay\u0131n ba\u015f\u0131nda, q\u0131rm\u0131z\u0131 \u00e7\u0259r\u015f\u0259nb\u0259d\u0259.\n<\/p>\n<p>\n  <i><br \/>\n    <b><br \/>\n      Yaz\u0131 m\u00fc\u0259llifin fikirl\u0259rini \u0259ks etdirir v\u0259 Meydan TV-nin m\u00f6vqeyi il\u0259 \u00fcst-\u00fcst\u0259 d\u00fc\u015fm\u0259y\u0259 bil\u0259r.<br \/>\n    <\/b><br \/>\n  <\/i><\/p>\n","protected":false},"excerpt":{"rendered":"<p>Rusiyan\u0131n xarici i\u015fl\u0259r naziri Bak\u0131ya g\u0259ldi, prezident \u018fliyevl\u0259 g\u00f6r\u00fc\u015fd\u00fc, he\u00e7 bir a\u00e7\u0131qlama verm\u0259di, yolland\u0131 Yerevana prezident Sarkisyanla g\u00f6r\u00fc\u015f\u0259<\/p>\n","protected":false},"author":11,"featured_media":95663,"comment_status":"closed","ping_status":"open","sticky":false,"template":"","format":"standard","meta":{"_acf_changed":false,"_sitemap_exclude":false,"_sitemap_priority":"","_sitemap_frequency":"","footnotes":""},"categories":[57],"tags":[],"class_list":["post-187571","post","type-post","status-publish","format-standard","has-post-thumbnail","hentry","category-menim-fikrimce","infinite-scroll-item","generate-columns","tablet-grid-50","mobile-grid-100","grid-parent","grid-33","no-featured-image-padding"],"acf":[],"yoast_head":"<!-- This site is optimized with the Yoast SEO plugin v27.5 - https:\/\/yoast.com\/product\/yoast-seo-wordpress\/ -->\n<title>Ya\u015f\u0131l ay\u0131n ba\u015f\u0131nda, q\u0131rm\u0131z\u0131 \u00e7\u0259r\u015f\u0259nb\u0259d\u0259 - MEYDAN.TV<\/title>\n<meta name=\"robots\" content=\"index, follow, max-snippet:-1, max-image-preview:large, max-video-preview:-1\" \/>\n<link rel=\"canonical\" href=\"https:\/\/www.meydan.tv\/az\/article\/yasil-ayin-basinda-qirmizi-cersenbede\/\" \/>\n<meta property=\"og:locale\" content=\"az_AZ\" \/>\n<meta property=\"og:type\" content=\"article\" \/>\n<meta property=\"og:title\" content=\"Ya\u015f\u0131l ay\u0131n ba\u015f\u0131nda, q\u0131rm\u0131z\u0131 \u00e7\u0259r\u015f\u0259nb\u0259d\u0259 - MEYDAN.TV\" \/>\n<meta property=\"og:description\" content=\"Rusiyan\u0131n xarici i\u015fl\u0259r naziri Bak\u0131ya g\u0259ldi, prezident \u018fliyevl\u0259 g\u00f6r\u00fc\u015fd\u00fc, he\u00e7 bir a\u00e7\u0131qlama verm\u0259di, yolland\u0131 Yerevana prezident Sarkisyanla g\u00f6r\u00fc\u015f\u0259\" \/>\n<meta property=\"og:url\" content=\"https:\/\/www.meydan.tv\/az\/article\/yasil-ayin-basinda-qirmizi-cersenbede\/\" \/>\n<meta property=\"og:site_name\" content=\"MEYDAN.TV\" \/>\n<meta property=\"article:published_time\" content=\"2017-11-23T14:50:32+00:00\" \/>\n<meta property=\"og:image\" content=\"https:\/\/www.meydan.tv\/wp-content\/uploads\/37792.jpg\" \/>\n\t<meta property=\"og:image:width\" content=\"1200\" \/>\n\t<meta property=\"og:image:height\" content=\"800\" \/>\n\t<meta property=\"og:image:type\" content=\"image\/jpeg\" \/>\n<meta name=\"author\" content=\"user-manager\" \/>\n<meta name=\"twitter:card\" content=\"summary_large_image\" \/>\n<script type=\"application\/ld+json\" class=\"yoast-schema-graph\">{\"@context\":\"https:\\\/\\\/schema.org\",\"@graph\":[{\"@type\":\"Article\",\"@id\":\"https:\\\/\\\/www.meydan.tv\\\/az\\\/article\\\/yasil-ayin-basinda-qirmizi-cersenbede\\\/#article\",\"isPartOf\":{\"@id\":\"https:\\\/\\\/www.meydan.tv\\\/az\\\/article\\\/yasil-ayin-basinda-qirmizi-cersenbede\\\/\"},\"author\":{\"name\":\"user-manager\",\"@id\":\"https:\\\/\\\/www.meydan.tv\\\/az\\\/#\\\/schema\\\/person\\\/10d11eccf6da3662cf5fdab9806ea91a\"},\"headline\":\"Ya\u015f\u0131l ay\u0131n ba\u015f\u0131nda, q\u0131rm\u0131z\u0131 \u00e7\u0259r\u015f\u0259nb\u0259d\u0259\",\"datePublished\":\"2017-11-23T14:50:32+00:00\",\"mainEntityOfPage\":{\"@id\":\"https:\\\/\\\/www.meydan.tv\\\/az\\\/article\\\/yasil-ayin-basinda-qirmizi-cersenbede\\\/\"},\"wordCount\":1408,\"publisher\":{\"@id\":\"https:\\\/\\\/www.meydan.tv\\\/az\\\/#organization\"},\"image\":{\"@id\":\"https:\\\/\\\/www.meydan.tv\\\/az\\\/article\\\/yasil-ayin-basinda-qirmizi-cersenbede\\\/#primaryimage\"},\"thumbnailUrl\":\"https:\\\/\\\/www.meydan.tv\\\/wp-content\\\/uploads\\\/37792.jpg\",\"articleSection\":[\"M\u0259nim Fikrimc\u0259\"],\"inLanguage\":\"az\"},{\"@type\":\"WebPage\",\"@id\":\"https:\\\/\\\/www.meydan.tv\\\/az\\\/article\\\/yasil-ayin-basinda-qirmizi-cersenbede\\\/\",\"url\":\"https:\\\/\\\/www.meydan.tv\\\/az\\\/article\\\/yasil-ayin-basinda-qirmizi-cersenbede\\\/\",\"name\":\"Ya\u015f\u0131l ay\u0131n ba\u015f\u0131nda, q\u0131rm\u0131z\u0131 \u00e7\u0259r\u015f\u0259nb\u0259d\u0259 - MEYDAN.TV\",\"isPartOf\":{\"@id\":\"https:\\\/\\\/www.meydan.tv\\\/az\\\/#website\"},\"primaryImageOfPage\":{\"@id\":\"https:\\\/\\\/www.meydan.tv\\\/az\\\/article\\\/yasil-ayin-basinda-qirmizi-cersenbede\\\/#primaryimage\"},\"image\":{\"@id\":\"https:\\\/\\\/www.meydan.tv\\\/az\\\/article\\\/yasil-ayin-basinda-qirmizi-cersenbede\\\/#primaryimage\"},\"thumbnailUrl\":\"https:\\\/\\\/www.meydan.tv\\\/wp-content\\\/uploads\\\/37792.jpg\",\"datePublished\":\"2017-11-23T14:50:32+00:00\",\"breadcrumb\":{\"@id\":\"https:\\\/\\\/www.meydan.tv\\\/az\\\/article\\\/yasil-ayin-basinda-qirmizi-cersenbede\\\/#breadcrumb\"},\"inLanguage\":\"az\",\"potentialAction\":[{\"@type\":\"ReadAction\",\"target\":[\"https:\\\/\\\/www.meydan.tv\\\/az\\\/article\\\/yasil-ayin-basinda-qirmizi-cersenbede\\\/\"]}]},{\"@type\":\"ImageObject\",\"inLanguage\":\"az\",\"@id\":\"https:\\\/\\\/www.meydan.tv\\\/az\\\/article\\\/yasil-ayin-basinda-qirmizi-cersenbede\\\/#primaryimage\",\"url\":\"https:\\\/\\\/www.meydan.tv\\\/wp-content\\\/uploads\\\/37792.jpg\",\"contentUrl\":\"https:\\\/\\\/www.meydan.tv\\\/wp-content\\\/uploads\\\/37792.jpg\",\"width\":1200,\"height\":800,\"caption\":\"Source:\"},{\"@type\":\"BreadcrumbList\",\"@id\":\"https:\\\/\\\/www.meydan.tv\\\/az\\\/article\\\/yasil-ayin-basinda-qirmizi-cersenbede\\\/#breadcrumb\",\"itemListElement\":[{\"@type\":\"ListItem\",\"position\":1,\"name\":\"Ana s\u0259hif\u0259\",\"item\":\"https:\\\/\\\/www.meydan.tv\\\/az\\\/\"},{\"@type\":\"ListItem\",\"position\":2,\"name\":\"M\u0259nim Fikrimc\u0259\",\"item\":\"https:\\\/\\\/www.meydan.tv\\\/az\\\/section\\\/menim-fikrimce\\\/\"},{\"@type\":\"ListItem\",\"position\":3,\"name\":\"Ya\u015f\u0131l ay\u0131n ba\u015f\u0131nda, q\u0131rm\u0131z\u0131 \u00e7\u0259r\u015f\u0259nb\u0259d\u0259\"}]},{\"@type\":\"WebSite\",\"@id\":\"https:\\\/\\\/www.meydan.tv\\\/az\\\/#website\",\"url\":\"https:\\\/\\\/www.meydan.tv\\\/az\\\/\",\"name\":\"MEYDAN.TV\",\"description\":\"Meydan TV Az\u0259rbaycan\u0131n media m\u0259kan\u0131ndak\u0131 alternativ s\u0259sidir\",\"publisher\":{\"@id\":\"https:\\\/\\\/www.meydan.tv\\\/az\\\/#organization\"},\"potentialAction\":[{\"@type\":\"SearchAction\",\"target\":{\"@type\":\"EntryPoint\",\"urlTemplate\":\"https:\\\/\\\/www.meydan.tv\\\/az\\\/?s={search_term_string}\"},\"query-input\":{\"@type\":\"PropertyValueSpecification\",\"valueRequired\":true,\"valueName\":\"search_term_string\"}}],\"inLanguage\":\"az\"},{\"@type\":\"Organization\",\"@id\":\"https:\\\/\\\/www.meydan.tv\\\/az\\\/#organization\",\"name\":\"Meydan TV\",\"url\":\"https:\\\/\\\/www.meydan.tv\\\/az\\\/\",\"logo\":{\"@type\":\"ImageObject\",\"inLanguage\":\"az\",\"@id\":\"https:\\\/\\\/www.meydan.tv\\\/az\\\/#\\\/schema\\\/logo\\\/image\\\/\",\"url\":\"https:\\\/\\\/www.meydan.tv\\\/wp-content\\\/uploads\\\/2021\\\/07\\\/meydan-logo.svg\",\"contentUrl\":\"https:\\\/\\\/www.meydan.tv\\\/wp-content\\\/uploads\\\/2021\\\/07\\\/meydan-logo.svg\",\"width\":195,\"height\":46,\"caption\":\"Meydan TV\"},\"image\":{\"@id\":\"https:\\\/\\\/www.meydan.tv\\\/az\\\/#\\\/schema\\\/logo\\\/image\\\/\"}},{\"@type\":\"Person\",\"@id\":\"https:\\\/\\\/www.meydan.tv\\\/az\\\/#\\\/schema\\\/person\\\/10d11eccf6da3662cf5fdab9806ea91a\",\"name\":\"user-manager\"}]}<\/script>\n<!-- \/ Yoast SEO plugin. -->","yoast_head_json":{"title":"Ya\u015f\u0131l ay\u0131n ba\u015f\u0131nda, q\u0131rm\u0131z\u0131 \u00e7\u0259r\u015f\u0259nb\u0259d\u0259 - MEYDAN.TV","robots":{"index":"index","follow":"follow","max-snippet":"max-snippet:-1","max-image-preview":"max-image-preview:large","max-video-preview":"max-video-preview:-1"},"canonical":"https:\/\/www.meydan.tv\/az\/article\/yasil-ayin-basinda-qirmizi-cersenbede\/","og_locale":"az_AZ","og_type":"article","og_title":"Ya\u015f\u0131l ay\u0131n ba\u015f\u0131nda, q\u0131rm\u0131z\u0131 \u00e7\u0259r\u015f\u0259nb\u0259d\u0259 - MEYDAN.TV","og_description":"Rusiyan\u0131n xarici i\u015fl\u0259r naziri Bak\u0131ya g\u0259ldi, prezident \u018fliyevl\u0259 g\u00f6r\u00fc\u015fd\u00fc, he\u00e7 bir a\u00e7\u0131qlama verm\u0259di, yolland\u0131 Yerevana prezident Sarkisyanla g\u00f6r\u00fc\u015f\u0259","og_url":"https:\/\/www.meydan.tv\/az\/article\/yasil-ayin-basinda-qirmizi-cersenbede\/","og_site_name":"MEYDAN.TV","article_published_time":"2017-11-23T14:50:32+00:00","og_image":[{"width":1200,"height":800,"url":"https:\/\/www.meydan.tv\/wp-content\/uploads\/37792.jpg","type":"image\/jpeg"}],"author":"user-manager","twitter_card":"summary_large_image","schema":{"@context":"https:\/\/schema.org","@graph":[{"@type":"Article","@id":"https:\/\/www.meydan.tv\/az\/article\/yasil-ayin-basinda-qirmizi-cersenbede\/#article","isPartOf":{"@id":"https:\/\/www.meydan.tv\/az\/article\/yasil-ayin-basinda-qirmizi-cersenbede\/"},"author":{"name":"user-manager","@id":"https:\/\/www.meydan.tv\/az\/#\/schema\/person\/10d11eccf6da3662cf5fdab9806ea91a"},"headline":"Ya\u015f\u0131l ay\u0131n ba\u015f\u0131nda, q\u0131rm\u0131z\u0131 \u00e7\u0259r\u015f\u0259nb\u0259d\u0259","datePublished":"2017-11-23T14:50:32+00:00","mainEntityOfPage":{"@id":"https:\/\/www.meydan.tv\/az\/article\/yasil-ayin-basinda-qirmizi-cersenbede\/"},"wordCount":1408,"publisher":{"@id":"https:\/\/www.meydan.tv\/az\/#organization"},"image":{"@id":"https:\/\/www.meydan.tv\/az\/article\/yasil-ayin-basinda-qirmizi-cersenbede\/#primaryimage"},"thumbnailUrl":"https:\/\/www.meydan.tv\/wp-content\/uploads\/37792.jpg","articleSection":["M\u0259nim Fikrimc\u0259"],"inLanguage":"az"},{"@type":"WebPage","@id":"https:\/\/www.meydan.tv\/az\/article\/yasil-ayin-basinda-qirmizi-cersenbede\/","url":"https:\/\/www.meydan.tv\/az\/article\/yasil-ayin-basinda-qirmizi-cersenbede\/","name":"Ya\u015f\u0131l ay\u0131n ba\u015f\u0131nda, q\u0131rm\u0131z\u0131 \u00e7\u0259r\u015f\u0259nb\u0259d\u0259 - MEYDAN.TV","isPartOf":{"@id":"https:\/\/www.meydan.tv\/az\/#website"},"primaryImageOfPage":{"@id":"https:\/\/www.meydan.tv\/az\/article\/yasil-ayin-basinda-qirmizi-cersenbede\/#primaryimage"},"image":{"@id":"https:\/\/www.meydan.tv\/az\/article\/yasil-ayin-basinda-qirmizi-cersenbede\/#primaryimage"},"thumbnailUrl":"https:\/\/www.meydan.tv\/wp-content\/uploads\/37792.jpg","datePublished":"2017-11-23T14:50:32+00:00","breadcrumb":{"@id":"https:\/\/www.meydan.tv\/az\/article\/yasil-ayin-basinda-qirmizi-cersenbede\/#breadcrumb"},"inLanguage":"az","potentialAction":[{"@type":"ReadAction","target":["https:\/\/www.meydan.tv\/az\/article\/yasil-ayin-basinda-qirmizi-cersenbede\/"]}]},{"@type":"ImageObject","inLanguage":"az","@id":"https:\/\/www.meydan.tv\/az\/article\/yasil-ayin-basinda-qirmizi-cersenbede\/#primaryimage","url":"https:\/\/www.meydan.tv\/wp-content\/uploads\/37792.jpg","contentUrl":"https:\/\/www.meydan.tv\/wp-content\/uploads\/37792.jpg","width":1200,"height":800,"caption":"Source:"},{"@type":"BreadcrumbList","@id":"https:\/\/www.meydan.tv\/az\/article\/yasil-ayin-basinda-qirmizi-cersenbede\/#breadcrumb","itemListElement":[{"@type":"ListItem","position":1,"name":"Ana s\u0259hif\u0259","item":"https:\/\/www.meydan.tv\/az\/"},{"@type":"ListItem","position":2,"name":"M\u0259nim Fikrimc\u0259","item":"https:\/\/www.meydan.tv\/az\/section\/menim-fikrimce\/"},{"@type":"ListItem","position":3,"name":"Ya\u015f\u0131l ay\u0131n ba\u015f\u0131nda, q\u0131rm\u0131z\u0131 \u00e7\u0259r\u015f\u0259nb\u0259d\u0259"}]},{"@type":"WebSite","@id":"https:\/\/www.meydan.tv\/az\/#website","url":"https:\/\/www.meydan.tv\/az\/","name":"MEYDAN.TV","description":"Meydan TV Az\u0259rbaycan\u0131n media m\u0259kan\u0131ndak\u0131 alternativ s\u0259sidir","publisher":{"@id":"https:\/\/www.meydan.tv\/az\/#organization"},"potentialAction":[{"@type":"SearchAction","target":{"@type":"EntryPoint","urlTemplate":"https:\/\/www.meydan.tv\/az\/?s={search_term_string}"},"query-input":{"@type":"PropertyValueSpecification","valueRequired":true,"valueName":"search_term_string"}}],"inLanguage":"az"},{"@type":"Organization","@id":"https:\/\/www.meydan.tv\/az\/#organization","name":"Meydan TV","url":"https:\/\/www.meydan.tv\/az\/","logo":{"@type":"ImageObject","inLanguage":"az","@id":"https:\/\/www.meydan.tv\/az\/#\/schema\/logo\/image\/","url":"https:\/\/www.meydan.tv\/wp-content\/uploads\/2021\/07\/meydan-logo.svg","contentUrl":"https:\/\/www.meydan.tv\/wp-content\/uploads\/2021\/07\/meydan-logo.svg","width":195,"height":46,"caption":"Meydan TV"},"image":{"@id":"https:\/\/www.meydan.tv\/az\/#\/schema\/logo\/image\/"}},{"@type":"Person","@id":"https:\/\/www.meydan.tv\/az\/#\/schema\/person\/10d11eccf6da3662cf5fdab9806ea91a","name":"user-manager"}]}},"_links":{"self":[{"href":"https:\/\/www.meydan.tv\/az\/wp-json\/wp\/v2\/posts\/187571","targetHints":{"allow":["GET"]}}],"collection":[{"href":"https:\/\/www.meydan.tv\/az\/wp-json\/wp\/v2\/posts"}],"about":[{"href":"https:\/\/www.meydan.tv\/az\/wp-json\/wp\/v2\/types\/post"}],"author":[{"embeddable":true,"href":"https:\/\/www.meydan.tv\/az\/wp-json\/wp\/v2\/users\/11"}],"replies":[{"embeddable":true,"href":"https:\/\/www.meydan.tv\/az\/wp-json\/wp\/v2\/comments?post=187571"}],"version-history":[{"count":0,"href":"https:\/\/www.meydan.tv\/az\/wp-json\/wp\/v2\/posts\/187571\/revisions"}],"wp:featuredmedia":[{"embeddable":true,"href":"https:\/\/www.meydan.tv\/az\/wp-json\/wp\/v2\/media\/95663"}],"wp:attachment":[{"href":"https:\/\/www.meydan.tv\/az\/wp-json\/wp\/v2\/media?parent=187571"}],"wp:term":[{"taxonomy":"category","embeddable":true,"href":"https:\/\/www.meydan.tv\/az\/wp-json\/wp\/v2\/categories?post=187571"},{"taxonomy":"post_tag","embeddable":true,"href":"https:\/\/www.meydan.tv\/az\/wp-json\/wp\/v2\/tags?post=187571"}],"curies":[{"name":"wp","href":"https:\/\/api.w.org\/{rel}","templated":true}]}}