{"id":187552,"date":"2017-11-22T00:54:13","date_gmt":"2017-11-22T00:54:13","guid":{"rendered":"https:\/\/www.meydan.tv\/article\/muxalif-quvveler-secki-boykotuna-yox-deyir\/"},"modified":"2017-11-22T00:54:13","modified_gmt":"2017-11-22T00:54:13","slug":"muxalif-quvveler-secki-boykotuna-yox-deyir","status":"publish","type":"post","link":"https:\/\/www.meydan.tv\/az\/article\/muxalif-quvveler-secki-boykotuna-yox-deyir\/","title":{"rendered":"M\u00fcxalif q\u00fcvv\u0259l\u0259r se\u00e7ki boykotuna &#8221;yox&#8221; deyir"},"content":{"rendered":"<figure class=\"wp-block-image size-large\">\n  <img decoding=\"async\" src=\"https:\/\/www.meydan.tv\/az\/tedbirden-foto-2\/\" alt=\"T\u0259dbird\u0259n foto\" class=\"wp-image-95597\"\/><figcaption>\n    T\u0259dbird\u0259n foto<br \/>\n  <\/figcaption><\/figure>\n<p>\n  <i><br \/>\n    \u201cBoykot s\u0259m\u0259r\u0259li m\u00fcbariz\u0259 \u00fcsulu deyil\u201d<br \/>\n  <\/i>\n<\/p>\n<p>\n  Noyabr\u0131n 21-d\u0259 M\u00fcsavat Partiyas\u0131n\u0131n q\u0259rargah\u0131nda &#8220;2018-ci ilin Prezident se\u00e7kil\u0259ri: boykot, yoxsa i\u015ftirak?&#8221; m\u00f6vzusunda d\u0259yrimi masa ke\u00e7irilib. \u201cTuran\u201d-\u0131n m\u0259lumat\u0131na g\u00f6r\u0259, Strateji Milli D\u00fc\u015f\u00fcnc\u0259 M\u0259rk\u0259zinin t\u0259\u015fkil etdiyi d\u0259yirmi masaya M\u00fcsavat Partiyas\u0131ndan, ReAL H\u0259r\u0259kat\u0131ndan, VHP-d\u0259n v\u0259 s. T\u0259\u015fkilatlardan qat\u0131l\u0131blar.\n<\/p>\n<p>\n  \u0130ctimai-siyasi \u015f\u0259xsl\u0259r 2018-ci il prezident se\u00e7kil\u0259rind\u0259 i\u015ftirak\u0131 \u0259n vacib m\u0259s\u0259l\u0259 kimi d\u0259y\u0259rl\u0259ndiribl\u0259r v\u0259 birm\u0259nal\u0131 olaraq se\u00e7ikiy\u0259 qat\u0131lma\u011f\u0131n t\u0259r\u0259fdar\u0131 olublar.\n<\/p>\n<p>\n  M\u0259rk\u0259zin r\u0259hb\u0259ri \u0130sa Q\u0259mb\u0259rin fikrinc\u0259, \u0259n real prezident se\u00e7kil\u0259ri 2003-c\u00fc ild\u0259 ke\u00e7irilib: &#8220;M\u00fcxalif\u0259t o zaman se\u00e7ki q\u0259l\u0259b\u0259sini \u0259ld\u0259 etdi, amma onu faktiki q\u0259l\u0259b\u0259y\u0259 \u00e7evir\u0259 bilm\u0259di&#8221;.\n<\/p>\n<p>\n  M\u0259rk\u0259z r\u0259hb\u0259ri deyib ki, indi \u0259sas m\u0259s\u0259l\u0259 demokratik se\u00e7ki m\u00fchiti yarad\u0131lmas\u0131 \u00fc\u00e7\u00fcn s\u0259yl\u0259r g\u00f6st\u0259rm\u0259k v\u0259 se\u00e7ki m\u0259c\u0259ll\u0259sind\u0259 demokratik d\u0259yi\u015fklikl\u0259r\u0259 nail olmaqd\u0131r:\n<\/p>\n<p>\n  &#8220;Bu m\u0259nada M\u00fcsavat Partiyas\u0131 Se\u00e7ki M\u0259c\u0259ll\u0259sind\u0259 \u0259n \u00f6n\u0259mli olan 5-6 istiqam\u0259t \u00fczr\u0259 islahatlar apar\u0131lmas\u0131 \u00fc\u00e7\u00fcn t\u0259klifl\u0259r paketi haz\u0131lay\u0131b. Hesab edirik ki, m\u0259c\u0259ll\u0259d\u0259 d\u0259yi\u015fiklikl\u0259r\u0259 nail olmaq \u00fc\u00e7\u00fcn indid\u0259n \u00e7al\u0131\u015fmaq laz\u0131md\u0131r, el\u0259 d\u00fc\u015f\u00fcnm\u0259k laz\u0131m deyil ki, vaxt \u00e7ox qal\u0131r, \u0259slind\u0259 vaxt \u00e7ox azd\u0131r&#8221;.\n<\/p>\n<p>\n  Eyni zamanda \u0130.Q\u0259mb\u0259r se\u00e7kiy\u0259 haz\u0131rla\u015fmaq v\u0259 c\u0259miyy\u0259tin potensial\u0131n\u0131 toplaya bilm\u0259k \u00fc\u00e7\u00fcn m\u0259suliyy\u0259tli q\u0259rarlar q\u0259bul etm\u0259yin zaman\u0131 g\u0259ldiyini vur\u011fulay\u0131b. Onun firkinc\u0259, burada h\u0259m d\u0259 siyasi q\u00fcvv\u0259l\u0259rin funksional \u0259m\u0259kda\u015fl\u0131\u011f\u0131 \u00fc\u00e7\u00fcn platforma da yarana bil\u0259r.\n<\/p>\n<p>\n  Toplant\u0131da ayr\u0131-ayr\u0131 ictimi-siyasi qurumlar\u0131 t\u0259msil ed\u0259n \u015f\u0259xsl\u0259r v\u0259 se\u00e7ki ekspertl\u0259ri \u00e7\u0131x\u0131\u015f ed\u0259r\u0259k ilkin n\u00f6vb\u0259d\u0259 se\u00e7kiy\u0259 qat\u0131lma\u011f\u0131 x\u00fcsusi vur\u011fualy\u0131blar.\n<\/p>\n<p>\n  Eyni zamanda informasiya vasit\u0259l\u0259rinin \u00e7oxunun hakimiyy\u0259tin n\u0259zar\u0259tind\u0259 oldu\u011fu deyils\u0259 d\u0259, m\u00fcxalif\u0259tin m\u00fcasir texnologiya vasit\u0259l\u0259ri, sosial \u015f\u0259b\u0259k\u0259l\u0259r vasit\u0259sil\u0259 t\u0259bli\u011fat aparmaq kimi imkanlar\u0131 oldu\u011funu bildiribl\u0259r.\n<\/p>\n<p>\n  Natiql\u0259r prezident se\u00e7kil\u0259rind\u0259 boykotun he\u00e7 d\u0259 s\u0259m\u0259r\u0259li m\u00fcbariz\u0259 \u00fcsulu olmad\u0131\u011f\u0131n\u0131 ifad\u0259 edibl\u0259r, 2015-ci ild\u0259n bu yana a\u011f\u0131r sosial-iqtisadi durumla ba\u011fl\u0131 \u00f6lk\u0259d\u0259 protest elektorat\u0131n\u0131n v\u0259 m\u00fcxalif\u0259tin se\u00e7ki elektorat\u0131n\u0131n artd\u0131\u011f\u0131n\u0131 s\u00f6yl\u0259yibl\u0259r.\n<\/p>\n<p>\n  T\u0259dbird\u0259 2018-ci ild\u0259 \u00f6lk\u0259d\u0259 c\u00fcmhuriyy\u0259tin qurulmas\u0131 v\u0259 s. \u0259lam\u0259tdar tarixl\u0259r xat\u0131rlad\u0131l\u0131b, bu se\u00e7kinin x\u00fcsusi \u0259h\u0259miyy\u0259ti oldu\u011funu n\u0259z\u0259r\u0259 \u00e7atd\u0131r\u0131blar.\n<\/p>\n<p>\n  Natiql\u0259r\u0259 g\u00f6r\u0259, hakimiyy\u0259t m\u00f6vcud b\u00f6hrandan \u00e7\u0131xmaq \u00fc\u00e7\u00fcn c\u0259miyy\u0259t\u0259 he\u00e7 n\u0259 t\u0259qdim etmir, odur ki, alternativ t\u0259klif\u0259 t\u0259l\u0259bat yaran\u0131b.\n<\/p>\n<p>\n  Sonda ictimai-siyasi q\u00fcvv\u0259l\u0259r se\u00e7kil\u0259rl\u0259 ba\u011fl\u0131 m\u00fczakir\u0259l\u0259rin davam etdirilm\u0259sin\u0259 q\u0259rar veribl\u0259r.<\/p>\n","protected":false},"excerpt":{"rendered":"<p>\u201cBoykot s\u0259m\u0259r\u0259li m\u00fcbariz\u0259 \u00fcsulu deyil\u201d<\/p>\n","protected":false},"author":11,"featured_media":95597,"comment_status":"closed","ping_status":"open","sticky":false,"template":"","format":"standard","meta":{"_acf_changed":false,"_sitemap_exclude":false,"_sitemap_priority":"","_sitemap_frequency":"","footnotes":""},"categories":[56],"tags":[],"class_list":["post-187552","post","type-post","status-publish","format-standard","has-post-thumbnail","hentry","category-xeberler","infinite-scroll-item","generate-columns","tablet-grid-50","mobile-grid-100","grid-parent","grid-33","no-featured-image-padding"],"acf":[],"yoast_head":"<!-- This site is optimized with the Yoast SEO plugin v27.5 - https:\/\/yoast.com\/product\/yoast-seo-wordpress\/ -->\n<title>M\u00fcxalif q\u00fcvv\u0259l\u0259r se\u00e7ki boykotuna &#039;&#039;yox&#039;&#039; deyir - MEYDAN.TV<\/title>\n<meta name=\"robots\" content=\"index, follow, max-snippet:-1, max-image-preview:large, max-video-preview:-1\" \/>\n<link rel=\"canonical\" href=\"https:\/\/www.meydan.tv\/az\/article\/muxalif-quvveler-secki-boykotuna-yox-deyir\/\" \/>\n<meta property=\"og:locale\" content=\"az_AZ\" \/>\n<meta property=\"og:type\" content=\"article\" \/>\n<meta property=\"og:title\" content=\"M\u00fcxalif q\u00fcvv\u0259l\u0259r se\u00e7ki boykotuna &#039;&#039;yox&#039;&#039; deyir - MEYDAN.TV\" \/>\n<meta property=\"og:description\" content=\"\u201cBoykot s\u0259m\u0259r\u0259li m\u00fcbariz\u0259 \u00fcsulu deyil\u201d\" \/>\n<meta property=\"og:url\" content=\"https:\/\/www.meydan.tv\/az\/article\/muxalif-quvveler-secki-boykotuna-yox-deyir\/\" \/>\n<meta property=\"og:site_name\" content=\"MEYDAN.TV\" \/>\n<meta property=\"article:published_time\" content=\"2017-11-22T00:54:13+00:00\" \/>\n<meta property=\"og:image\" content=\"https:\/\/www.meydan.tv\/wp-content\/uploads\/37769.jpg\" \/>\n\t<meta property=\"og:image:width\" content=\"1023\" \/>\n\t<meta property=\"og:image:height\" content=\"575\" \/>\n\t<meta property=\"og:image:type\" content=\"image\/jpeg\" \/>\n<meta name=\"author\" content=\"user-manager\" \/>\n<meta name=\"twitter:card\" content=\"summary_large_image\" \/>\n<script type=\"application\/ld+json\" class=\"yoast-schema-graph\">{\"@context\":\"https:\\\/\\\/schema.org\",\"@graph\":[{\"@type\":\"Article\",\"@id\":\"https:\\\/\\\/www.meydan.tv\\\/az\\\/article\\\/muxalif-quvveler-secki-boykotuna-yox-deyir\\\/#article\",\"isPartOf\":{\"@id\":\"https:\\\/\\\/www.meydan.tv\\\/az\\\/article\\\/muxalif-quvveler-secki-boykotuna-yox-deyir\\\/\"},\"author\":{\"name\":\"user-manager\",\"@id\":\"https:\\\/\\\/www.meydan.tv\\\/az\\\/#\\\/schema\\\/person\\\/10d11eccf6da3662cf5fdab9806ea91a\"},\"headline\":\"M\u00fcxalif q\u00fcvv\u0259l\u0259r se\u00e7ki boykotuna &#8221;yox&#8221; deyir\",\"datePublished\":\"2017-11-22T00:54:13+00:00\",\"mainEntityOfPage\":{\"@id\":\"https:\\\/\\\/www.meydan.tv\\\/az\\\/article\\\/muxalif-quvveler-secki-boykotuna-yox-deyir\\\/\"},\"wordCount\":555,\"publisher\":{\"@id\":\"https:\\\/\\\/www.meydan.tv\\\/az\\\/#organization\"},\"image\":{\"@id\":\"https:\\\/\\\/www.meydan.tv\\\/az\\\/article\\\/muxalif-quvveler-secki-boykotuna-yox-deyir\\\/#primaryimage\"},\"thumbnailUrl\":\"https:\\\/\\\/www.meydan.tv\\\/wp-content\\\/uploads\\\/37769.jpg\",\"articleSection\":[\"X\u0259b\u0259rl\u0259r\"],\"inLanguage\":\"az\"},{\"@type\":\"WebPage\",\"@id\":\"https:\\\/\\\/www.meydan.tv\\\/az\\\/article\\\/muxalif-quvveler-secki-boykotuna-yox-deyir\\\/\",\"url\":\"https:\\\/\\\/www.meydan.tv\\\/az\\\/article\\\/muxalif-quvveler-secki-boykotuna-yox-deyir\\\/\",\"name\":\"M\u00fcxalif q\u00fcvv\u0259l\u0259r se\u00e7ki boykotuna ''yox'' deyir - MEYDAN.TV\",\"isPartOf\":{\"@id\":\"https:\\\/\\\/www.meydan.tv\\\/az\\\/#website\"},\"primaryImageOfPage\":{\"@id\":\"https:\\\/\\\/www.meydan.tv\\\/az\\\/article\\\/muxalif-quvveler-secki-boykotuna-yox-deyir\\\/#primaryimage\"},\"image\":{\"@id\":\"https:\\\/\\\/www.meydan.tv\\\/az\\\/article\\\/muxalif-quvveler-secki-boykotuna-yox-deyir\\\/#primaryimage\"},\"thumbnailUrl\":\"https:\\\/\\\/www.meydan.tv\\\/wp-content\\\/uploads\\\/37769.jpg\",\"datePublished\":\"2017-11-22T00:54:13+00:00\",\"breadcrumb\":{\"@id\":\"https:\\\/\\\/www.meydan.tv\\\/az\\\/article\\\/muxalif-quvveler-secki-boykotuna-yox-deyir\\\/#breadcrumb\"},\"inLanguage\":\"az\",\"potentialAction\":[{\"@type\":\"ReadAction\",\"target\":[\"https:\\\/\\\/www.meydan.tv\\\/az\\\/article\\\/muxalif-quvveler-secki-boykotuna-yox-deyir\\\/\"]}]},{\"@type\":\"ImageObject\",\"inLanguage\":\"az\",\"@id\":\"https:\\\/\\\/www.meydan.tv\\\/az\\\/article\\\/muxalif-quvveler-secki-boykotuna-yox-deyir\\\/#primaryimage\",\"url\":\"https:\\\/\\\/www.meydan.tv\\\/wp-content\\\/uploads\\\/37769.jpg\",\"contentUrl\":\"https:\\\/\\\/www.meydan.tv\\\/wp-content\\\/uploads\\\/37769.jpg\",\"width\":1023,\"height\":575,\"caption\":\"Source:\"},{\"@type\":\"BreadcrumbList\",\"@id\":\"https:\\\/\\\/www.meydan.tv\\\/az\\\/article\\\/muxalif-quvveler-secki-boykotuna-yox-deyir\\\/#breadcrumb\",\"itemListElement\":[{\"@type\":\"ListItem\",\"position\":1,\"name\":\"Ana s\u0259hif\u0259\",\"item\":\"https:\\\/\\\/www.meydan.tv\\\/az\\\/\"},{\"@type\":\"ListItem\",\"position\":2,\"name\":\"X\u0259b\u0259rl\u0259r\",\"item\":\"https:\\\/\\\/www.meydan.tv\\\/az\\\/section\\\/xeberler\\\/\"},{\"@type\":\"ListItem\",\"position\":3,\"name\":\"M\u00fcxalif q\u00fcvv\u0259l\u0259r se\u00e7ki boykotuna &#8221;yox&#8221; deyir\"}]},{\"@type\":\"WebSite\",\"@id\":\"https:\\\/\\\/www.meydan.tv\\\/az\\\/#website\",\"url\":\"https:\\\/\\\/www.meydan.tv\\\/az\\\/\",\"name\":\"MEYDAN.TV\",\"description\":\"Meydan TV Az\u0259rbaycan\u0131n media m\u0259kan\u0131ndak\u0131 alternativ s\u0259sidir\",\"publisher\":{\"@id\":\"https:\\\/\\\/www.meydan.tv\\\/az\\\/#organization\"},\"potentialAction\":[{\"@type\":\"SearchAction\",\"target\":{\"@type\":\"EntryPoint\",\"urlTemplate\":\"https:\\\/\\\/www.meydan.tv\\\/az\\\/?s={search_term_string}\"},\"query-input\":{\"@type\":\"PropertyValueSpecification\",\"valueRequired\":true,\"valueName\":\"search_term_string\"}}],\"inLanguage\":\"az\"},{\"@type\":\"Organization\",\"@id\":\"https:\\\/\\\/www.meydan.tv\\\/az\\\/#organization\",\"name\":\"Meydan TV\",\"url\":\"https:\\\/\\\/www.meydan.tv\\\/az\\\/\",\"logo\":{\"@type\":\"ImageObject\",\"inLanguage\":\"az\",\"@id\":\"https:\\\/\\\/www.meydan.tv\\\/az\\\/#\\\/schema\\\/logo\\\/image\\\/\",\"url\":\"https:\\\/\\\/www.meydan.tv\\\/wp-content\\\/uploads\\\/2021\\\/07\\\/meydan-logo.svg\",\"contentUrl\":\"https:\\\/\\\/www.meydan.tv\\\/wp-content\\\/uploads\\\/2021\\\/07\\\/meydan-logo.svg\",\"width\":195,\"height\":46,\"caption\":\"Meydan TV\"},\"image\":{\"@id\":\"https:\\\/\\\/www.meydan.tv\\\/az\\\/#\\\/schema\\\/logo\\\/image\\\/\"}},{\"@type\":\"Person\",\"@id\":\"https:\\\/\\\/www.meydan.tv\\\/az\\\/#\\\/schema\\\/person\\\/10d11eccf6da3662cf5fdab9806ea91a\",\"name\":\"user-manager\"}]}<\/script>\n<!-- \/ Yoast SEO plugin. -->","yoast_head_json":{"title":"M\u00fcxalif q\u00fcvv\u0259l\u0259r se\u00e7ki boykotuna ''yox'' deyir - MEYDAN.TV","robots":{"index":"index","follow":"follow","max-snippet":"max-snippet:-1","max-image-preview":"max-image-preview:large","max-video-preview":"max-video-preview:-1"},"canonical":"https:\/\/www.meydan.tv\/az\/article\/muxalif-quvveler-secki-boykotuna-yox-deyir\/","og_locale":"az_AZ","og_type":"article","og_title":"M\u00fcxalif q\u00fcvv\u0259l\u0259r se\u00e7ki boykotuna ''yox'' deyir - MEYDAN.TV","og_description":"\u201cBoykot s\u0259m\u0259r\u0259li m\u00fcbariz\u0259 \u00fcsulu deyil\u201d","og_url":"https:\/\/www.meydan.tv\/az\/article\/muxalif-quvveler-secki-boykotuna-yox-deyir\/","og_site_name":"MEYDAN.TV","article_published_time":"2017-11-22T00:54:13+00:00","og_image":[{"width":1023,"height":575,"url":"https:\/\/www.meydan.tv\/wp-content\/uploads\/37769.jpg","type":"image\/jpeg"}],"author":"user-manager","twitter_card":"summary_large_image","schema":{"@context":"https:\/\/schema.org","@graph":[{"@type":"Article","@id":"https:\/\/www.meydan.tv\/az\/article\/muxalif-quvveler-secki-boykotuna-yox-deyir\/#article","isPartOf":{"@id":"https:\/\/www.meydan.tv\/az\/article\/muxalif-quvveler-secki-boykotuna-yox-deyir\/"},"author":{"name":"user-manager","@id":"https:\/\/www.meydan.tv\/az\/#\/schema\/person\/10d11eccf6da3662cf5fdab9806ea91a"},"headline":"M\u00fcxalif q\u00fcvv\u0259l\u0259r se\u00e7ki boykotuna &#8221;yox&#8221; deyir","datePublished":"2017-11-22T00:54:13+00:00","mainEntityOfPage":{"@id":"https:\/\/www.meydan.tv\/az\/article\/muxalif-quvveler-secki-boykotuna-yox-deyir\/"},"wordCount":555,"publisher":{"@id":"https:\/\/www.meydan.tv\/az\/#organization"},"image":{"@id":"https:\/\/www.meydan.tv\/az\/article\/muxalif-quvveler-secki-boykotuna-yox-deyir\/#primaryimage"},"thumbnailUrl":"https:\/\/www.meydan.tv\/wp-content\/uploads\/37769.jpg","articleSection":["X\u0259b\u0259rl\u0259r"],"inLanguage":"az"},{"@type":"WebPage","@id":"https:\/\/www.meydan.tv\/az\/article\/muxalif-quvveler-secki-boykotuna-yox-deyir\/","url":"https:\/\/www.meydan.tv\/az\/article\/muxalif-quvveler-secki-boykotuna-yox-deyir\/","name":"M\u00fcxalif q\u00fcvv\u0259l\u0259r se\u00e7ki boykotuna ''yox'' deyir - MEYDAN.TV","isPartOf":{"@id":"https:\/\/www.meydan.tv\/az\/#website"},"primaryImageOfPage":{"@id":"https:\/\/www.meydan.tv\/az\/article\/muxalif-quvveler-secki-boykotuna-yox-deyir\/#primaryimage"},"image":{"@id":"https:\/\/www.meydan.tv\/az\/article\/muxalif-quvveler-secki-boykotuna-yox-deyir\/#primaryimage"},"thumbnailUrl":"https:\/\/www.meydan.tv\/wp-content\/uploads\/37769.jpg","datePublished":"2017-11-22T00:54:13+00:00","breadcrumb":{"@id":"https:\/\/www.meydan.tv\/az\/article\/muxalif-quvveler-secki-boykotuna-yox-deyir\/#breadcrumb"},"inLanguage":"az","potentialAction":[{"@type":"ReadAction","target":["https:\/\/www.meydan.tv\/az\/article\/muxalif-quvveler-secki-boykotuna-yox-deyir\/"]}]},{"@type":"ImageObject","inLanguage":"az","@id":"https:\/\/www.meydan.tv\/az\/article\/muxalif-quvveler-secki-boykotuna-yox-deyir\/#primaryimage","url":"https:\/\/www.meydan.tv\/wp-content\/uploads\/37769.jpg","contentUrl":"https:\/\/www.meydan.tv\/wp-content\/uploads\/37769.jpg","width":1023,"height":575,"caption":"Source:"},{"@type":"BreadcrumbList","@id":"https:\/\/www.meydan.tv\/az\/article\/muxalif-quvveler-secki-boykotuna-yox-deyir\/#breadcrumb","itemListElement":[{"@type":"ListItem","position":1,"name":"Ana s\u0259hif\u0259","item":"https:\/\/www.meydan.tv\/az\/"},{"@type":"ListItem","position":2,"name":"X\u0259b\u0259rl\u0259r","item":"https:\/\/www.meydan.tv\/az\/section\/xeberler\/"},{"@type":"ListItem","position":3,"name":"M\u00fcxalif q\u00fcvv\u0259l\u0259r se\u00e7ki boykotuna &#8221;yox&#8221; deyir"}]},{"@type":"WebSite","@id":"https:\/\/www.meydan.tv\/az\/#website","url":"https:\/\/www.meydan.tv\/az\/","name":"MEYDAN.TV","description":"Meydan TV Az\u0259rbaycan\u0131n media m\u0259kan\u0131ndak\u0131 alternativ s\u0259sidir","publisher":{"@id":"https:\/\/www.meydan.tv\/az\/#organization"},"potentialAction":[{"@type":"SearchAction","target":{"@type":"EntryPoint","urlTemplate":"https:\/\/www.meydan.tv\/az\/?s={search_term_string}"},"query-input":{"@type":"PropertyValueSpecification","valueRequired":true,"valueName":"search_term_string"}}],"inLanguage":"az"},{"@type":"Organization","@id":"https:\/\/www.meydan.tv\/az\/#organization","name":"Meydan TV","url":"https:\/\/www.meydan.tv\/az\/","logo":{"@type":"ImageObject","inLanguage":"az","@id":"https:\/\/www.meydan.tv\/az\/#\/schema\/logo\/image\/","url":"https:\/\/www.meydan.tv\/wp-content\/uploads\/2021\/07\/meydan-logo.svg","contentUrl":"https:\/\/www.meydan.tv\/wp-content\/uploads\/2021\/07\/meydan-logo.svg","width":195,"height":46,"caption":"Meydan TV"},"image":{"@id":"https:\/\/www.meydan.tv\/az\/#\/schema\/logo\/image\/"}},{"@type":"Person","@id":"https:\/\/www.meydan.tv\/az\/#\/schema\/person\/10d11eccf6da3662cf5fdab9806ea91a","name":"user-manager"}]}},"_links":{"self":[{"href":"https:\/\/www.meydan.tv\/az\/wp-json\/wp\/v2\/posts\/187552","targetHints":{"allow":["GET"]}}],"collection":[{"href":"https:\/\/www.meydan.tv\/az\/wp-json\/wp\/v2\/posts"}],"about":[{"href":"https:\/\/www.meydan.tv\/az\/wp-json\/wp\/v2\/types\/post"}],"author":[{"embeddable":true,"href":"https:\/\/www.meydan.tv\/az\/wp-json\/wp\/v2\/users\/11"}],"replies":[{"embeddable":true,"href":"https:\/\/www.meydan.tv\/az\/wp-json\/wp\/v2\/comments?post=187552"}],"version-history":[{"count":0,"href":"https:\/\/www.meydan.tv\/az\/wp-json\/wp\/v2\/posts\/187552\/revisions"}],"wp:featuredmedia":[{"embeddable":true,"href":"https:\/\/www.meydan.tv\/az\/wp-json\/wp\/v2\/media\/95597"}],"wp:attachment":[{"href":"https:\/\/www.meydan.tv\/az\/wp-json\/wp\/v2\/media?parent=187552"}],"wp:term":[{"taxonomy":"category","embeddable":true,"href":"https:\/\/www.meydan.tv\/az\/wp-json\/wp\/v2\/categories?post=187552"},{"taxonomy":"post_tag","embeddable":true,"href":"https:\/\/www.meydan.tv\/az\/wp-json\/wp\/v2\/tags?post=187552"}],"curies":[{"name":"wp","href":"https:\/\/api.w.org\/{rel}","templated":true}]}}