{"id":187538,"date":"2017-11-21T14:25:24","date_gmt":"2017-11-21T14:25:24","guid":{"rendered":"https:\/\/www.meydan.tv\/article\/147-santimetrlik-neheng\/"},"modified":"2017-11-21T14:25:24","modified_gmt":"2017-11-21T14:25:24","slug":"147-santimetrlik-neheng","status":"publish","type":"post","link":"https:\/\/www.meydan.tv\/az\/article\/147-santimetrlik-neheng\/","title":{"rendered":"147 santimetrlik n\u0259h\u0259ng"},"content":{"rendered":"<figure class=\"wp-block-image size-large\">\n  <img decoding=\"async\" src=\"https:\/\/www.meydan.tv\/az\/naim-suleymanoglu\/\" alt=\"Naim S\u00fcleymano\u011flu\" class=\"wp-image-95537\"\/><figcaption>\n    Naim S\u00fcleymano\u011flu<br \/>\n  <\/figcaption><\/figure>\n<p>\n  XX \u0259srin 80-ci ill\u0259ri idman n\u0259h\u0259ngl\u0259ri d\u00f6vr\u00fc idi. Y\u00fcng\u00fcl atletikada Karl Lyuis v\u0259 Sergey Bubka, basketbolda Maykl Jordan v\u0259 Magic Jonson, hokkeyd\u0259 Ueyn Qretski, futbolda Maradona, Platini, van Basten&#8230; A\u011f\u0131r atletikan\u0131n da \u00f6z n\u0259h\u0259ngi vard\u0131. Do\u011frudur, bu n\u0259h\u0259ngin boyu 147 sm, \u00e7\u0259kisi 60 kq-dan az idi. Amma n\u0259h\u0259ng olmas\u0131 \u015f\u00fcbh\u0259siz idi.\n<\/p>\n<p>\n  Naim S\u00fcleymano\u011flu (S\u00fcleymenov)&#8230; 15 il\u0259 yax\u0131n d\u00f6vrd\u0259 onun yaln\u0131z bir r\u0259qibi vard\u0131, o da \u00f6z\u00fc idi. \u00d6z\u00fcn\u00fcn \u0259vv\u0259lki g\u00f6st\u0259ricil\u0259rind\u0259n, rekordlar\u0131ndan savay\u0131 m\u00fcbariz\u0259y\u0259 layiq bir \u015fey yox idi.. Naim il\u0259 eyni \u00e7\u0259kid\u0259 yar\u0131\u015fan idman\u00e7\u0131lar \u00fc\u00e7\u00fcn \u0259n y\u00fcks\u0259k g\u00f6st\u0259rici g\u00fcm\u00fc\u015f medal ola bil\u0259rdi.\n<\/p>\n<p>\n  O, 1967-ci ild\u0259 Bolqar\u0131standa t\u00fcrk ail\u0259sind\u0259 anadan olmu\u015fdu. Naim S\u00fcleymenovun u\u015faq ya\u015flar\u0131ndan f\u00f6vq\u0259lad\u0259 istedada sahib oldu\u011fu \u015f\u00fcbh\u0259siz idi. 9-10 ya\u015flar\u0131nda \u00f6z \u00e7\u0259kisind\u0259n art\u0131q a\u011f\u0131rl\u0131qlar\u0131 qald\u0131r\u0131rd\u0131. 16 ya\u015f\u0131n\u0131n tamam olmas\u0131ndan iki ay sonra is\u0259 ilk d\u00fcnya rekorduna imza atm\u0131\u015fd\u0131.\n<\/p>\n<p>\n  Onun ilk b\u00f6y\u00fck idman yar\u0131\u015f\u0131 1983-c\u00fc ild\u0259 Moskvada ke\u00e7iril\u0259n d\u00fcnya \u00e7empionat\u0131 oldu. Yar\u0131\u015flar zaman\u0131 16 ya\u015fl\u0131 Naim bird\u0259n qald\u0131rma v\u0259 c\u0259md\u0259 d\u00fcnya rekordu q\u0131rsa da, onun nailiyy\u0259tl\u0259rini yenil\u0259y\u0259n Oksen Mirzoyana c\u0259mi 2,5 kq f\u0259rql\u0259 m\u0259\u011flub olaraq 56 kq-a q\u0259d\u0259r \u015f\u0259ki d\u0259r\u0259c\u0259sind\u0259 g\u00fcm\u00fc\u015f medal qazand\u0131.\n<\/p>\n<p>\n  N\u00f6vb\u0259ti ild\u0259 is\u0259 h\u0259r bir idman\u00e7\u0131 \u00fc\u00e7\u00fcn b\u00f6y\u00fck hadis\u0259 olan Olimpiada ke\u00e7iril\u0259c\u0259kdi. AB\u015e-\u0131n Los-Anceles \u015f\u0259h\u0259rind\u0259&#8230; Lakin SSR\u0130 v\u0259 ona yax\u0131n olan sosialist \u00f6lk\u0259l\u0259ri 4 il \u00f6nc\u0259ki Moskva Olimpiadas\u0131n\u0131n boykotunun \u0259v\u0259zini \u00e7\u0131xma\u011f\u0131 q\u0259rara ald\u0131lar. Bu s\u0131rada Bolqar\u0131stan da vard\u0131. N\u0259tic\u0259d\u0259 Naim S\u00fcleymenov \u00f6z\u00fcn\u00fcn ilk Olimpiadas\u0131nda i\u015ftirak ed\u0259 bilm\u0259di. Sonrak\u0131 hadis\u0259l\u0259r g\u00f6st\u0259rdi ki, bu, onun tarixd\u0259 yegan\u0259 d\u00f6rdqat olimpiya \u00e7empionu olmas\u0131n\u0131 \u0259ng\u0259ll\u0259di.\n<\/p>\n<p>\n  Sosialist \u00f6lk\u0259l\u0259rinin Olimpiadaya alternativ ke\u00e7iril\u0259n \u201cDostluq-1984\u201d yar\u0131\u015flar\u0131nda Naim c\u0259md\u0259 297,5 kq n\u0259tic\u0259 il\u0259 Oksen Mirzoyan qar\u015f\u0131s\u0131nda revan\u015f alaraq q\u0259l\u0259b\u0259 qazand\u0131. M\u00fcqayis\u0259 \u00fc\u00e7\u00fcn g\u00f6st\u0259r\u0259k ki, Los-Ancelesd\u0259 oyunlar\u0131n\u0131n \u00e7inli qalibi U \u015eude d\u00fcz 30 kq az (267,5 kq) n\u0259tic\u0259 il\u0259 \u00e7empion olmu\u015fdu.\n<\/p>\n<p>\n  1984-c\u00fc ild\u0259 Bolqar\u0131stan\u0131n kommunist r\u0259hb\u0259rliyi \u201cDir\u00e7\u0259li\u015f prosesi\u201d ad\u0131 alt\u0131nda \u00f6lk\u0259d\u0259 ya\u015fayan t\u00fcrkl\u0259rin zorak\u0131 assimilyasiyas\u0131na ba\u015flay\u0131r. Bu siyas\u0259t t\u00fcrkl\u0259rin b\u00fct\u00fcn milli v\u0259 dini \u00f6z\u0259llikl\u0259rini qada\u011fa alt\u0131na qoyur. O c\u00fcml\u0259d\u0259n, t\u00fcrk adlar qada\u011fan edilir, bolqar adlar\u0131na uy\u011funla\u015fd\u0131r\u0131l\u0131r. Naimin d\u0259 soyad\u0131 d\u0259yi\u015fdiril\u0259r\u0259k \u015ealamanov edilir.\n<\/p>\n<p>\n  1985 v\u0259 1986-c\u0131 ill\u0259rd\u0259 Naim yeni soyad\u0131 il\u0259 yana\u015f\u0131 h\u0259m d\u0259 yeni, 60 kq-a q\u0259d\u0259r \u00e7\u0259ki d\u0259r\u0259c\u0259sind\u0259 \u00e7\u0131x\u0131\u015f edir. Buna baxmayaraq, h\u0259r iki d\u00fcnya \u00e7empionat\u0131nda inaml\u0131 q\u0259l\u0259b\u0259l\u0259r qazan\u0131r. O, 1985-ci ild\u0259 iki h\u0259r\u0259k\u0259tin c\u0259mind\u0259 sovet idman\u00e7\u0131s\u0131 Yuri Sarkisyan\u0131 15 kq qabaqlay\u0131r. N\u00f6vb\u0259ti ild\u0259 is\u0259 rum\u0131n g\u00fcm\u00fc\u015f medal\u00e7\u0131 Atilla \u00c7anka arad\u0131ndak\u0131 f\u0259rq daha inan\u0131lmaz olur \u2013 tam 45 kq.\n<\/p>\n<p>\n  H\u0259min ilin sonlar\u0131nda Avstraliyada ke\u00e7iril\u0259n yar\u0131\u015f zaman\u0131 Naim T\u00fcrkiy\u0259 s\u0259firliyin\u0259 s\u0131\u011f\u0131n\u0131r. D\u00f6n\u0259min ba\u015f naziri Turqut Ozal idman\u00e7\u0131n\u0131n T\u00fcrkiy\u0259y\u0259 g\u0259tirilm\u0259si il\u0259 \u015f\u0259xs\u0259n m\u0259\u015f\u011ful olur. Statusu il\u0259 ba\u011fl\u0131 raz\u0131la\u015fman\u0131n olmamas\u0131 s\u0259b\u0259bind\u0259n Naim 1987-ci il d\u00fcnya \u00e7empionat\u0131n\u0131 buraxmal\u0131 olur. 1988-ci il Olimpiadas\u0131 \u00f6nc\u0259si is\u0259 t\u00fcrkl\u0259rin \u00f6d\u0259diyi 1,25 milyon dollar m\u00fcqabilind\u0259 Bolqar\u0131stan art\u0131q S\u00fcleymano\u011flu soyad\u0131n\u0131 da\u015f\u0131yan Naimin T\u00fcrkiy\u0259ni t\u0259msil etm\u0259sin\u0259 etiraz etmir.\n<\/p>\n<p>\n  Seulda ke\u00e7iril\u0259n oyunlar\u0131n \u0259n b\u00f6y\u00fck q\u0259hr\u0259manlardan biri d\u0259 Naim S\u00fcleymano\u011flu oldu. 6 d\u0259f\u0259 k\u00f6rp\u00fcy\u0259 \u00e7\u0131xan atlet 6 d\u00fcnya v\u0259 9 olimpiya rekorduna imza atd\u0131. O bird\u0259n qald\u0131rmada 145, 150 v\u0259 152,5 kq n\u0259tic\u0259l\u0259r g\u00f6st\u0259r\u0259r\u0259k ikinci yerd\u0259ki Bolqar\u0131stan t\u0259msil\u00e7isi, \u00f6z\u00fcn\u00fcn i\u015ftirak etm\u0259diyi d\u00fcnya \u00e7empionat\u0131n\u0131n qalibi Stefan Topurovu tam 15 kq qabaqlad\u0131.\n<\/p>\n<p>\n  T\u0259kanla h\u0259r\u0259k\u0259td\u0259 is\u0259 Naim 175, 188,5 v\u0259 190 kq n\u0259tic\u0259l\u0259r g\u00f6st\u0259rdi. \u0130ki h\u0259r\u0259k\u0259tin c\u0259mind\u0259 Naim S\u00fcleymano\u011flunun son n\u0259tic\u0259si 342,5 kq oldu v\u0259 g\u00fcm\u00fc\u015f medal\u00e7\u0131 Topurovu 30 kq, \u00fc\u00e7\u00fcnc\u00fc yerd\u0259ki \u00c7in idman\u00e7\u0131s\u0131n\u0131 is\u0259 tam 55 kq (!) qabaqlad\u0131. A\u011f\u0131rl\u0131q qald\u0131rma tarixi bel\u0259 f\u0259rqli q\u0259l\u0259b\u0259l\u0259r g\u00f6rm\u0259mi\u015fdi. Bununla da Naim T\u00fcrkiy\u0259y\u0259 g\u00fcl\u0259\u015f xaricind\u0259 olimpiya q\u0131z\u0131l\u0131 qazand\u0131ran ilk idman\u00e7\u0131 oldu.\n<\/p>\n<p>\n  Naimin n\u0259tic\u0259sinin qeyri-adiliyini bel\u0259 bir fakt da s\u00fcbut edir ki, daha y\u00fcks\u0259k, 67,5 kq-a q\u0259d\u0259r \u00e7\u0259ki d\u0259r\u0259c\u0259sind\u0259 Olimpiadan\u0131n qalibi olmaq \u00fc\u00e7\u00fcn \u015e\u0259rqi Almaniyadan olan \u0130oaxim Kuntsa c\u0259md\u0259 340 kq (y\u0259ni Naimd\u0259n 2,5 kq az) n\u0259tic\u0259 g\u00f6st\u0259rm\u0259k kifay\u0259t etmi\u015fdi. A\u011f\u0131r atletika tarixind\u0259 ba\u015fqa bel\u0259 bir t\u0259sad\u00fcf\u00fcn olmas\u0131 haqq\u0131nda m\u0259lumat\u0131m yoxdur. \u00dcmumilikd\u0259 Olimpiadan\u0131n bu idman n\u00f6v\u00fc \u00fczr\u0259 yar\u0131\u015flar\u0131nda c\u0259mi 11 d\u00fcnya rekordu g\u00f6st\u0259rilmi\u015fdi, onun da yar\u0131dan \u00e7oxu, 6-\u0131 Naim\u0259 m\u0259xsus idi.\n<\/p>\n<p>\n  Naimin h\u0259m t\u0259kanda, h\u0259m d\u0259 c\u0259md\u0259 g\u00f6st\u0259rdiyi rekordlar faktiki olaraq indiy\u0259 q\u0259d\u0259r yenil\u0259nm\u0259yib. Do\u011frudur, onlar haz\u0131rda d\u00fcnya rekordu say\u0131lm\u0131rlar. S\u0259b\u0259b is\u0259 \u00e7\u0259ki d\u0259r\u0259c\u0259l\u0259rinin d\u0259yi\u015fdirilm\u0259si v\u0259 d\u00fcnya rekordlar\u0131n\u0131n yenid\u0259n qeyd\u0259 al\u0131nmas\u0131d\u0131r. M\u00fcqayis\u0259 \u00fc\u00e7\u00fcn g\u00f6st\u0259r\u0259k ki, haz\u0131rda 62 kq-a q\u0259d\u0259r \u00e7\u0259ki d\u0259r\u0259c\u0259sind\u0259 d\u00fcnya rekordlar\u0131 t\u0259kanda 183, c\u0259md\u0259 is\u0259 333 kq t\u0259\u015fkil edir. Bu da Naimin n\u0259tic\u0259l\u0259rind\u0259n m\u00fcvafiq olaraq 7 v\u0259 9,5 kq azd\u0131r.\n<\/p>\n<p>\n  1989-cu ild\u0259 Afinada ke\u00e7iril\u0259n d\u00fcnya \u00e7empionat\u0131nda Naim S\u00fcleymano\u011flu \u00fc\u00e7\u00fcnc\u00fc d\u0259f\u0259 d\u00fcnya \u00e7empionu titulunu qazand\u0131. Lakin n\u00f6vb\u0259ti ilin \u0259vv\u0259ll\u0259rind\u0259 azarke\u015fl\u0259ri sars\u0131dan x\u0259b\u0259r yay\u0131ld\u0131: Naim bel a\u011fr\u0131lar\u0131 s\u0259b\u0259bind\u0259n idman\u0131 t\u0259rk edir. N\u0259tic\u0259d\u0259 1990-c\u0131 ilin d\u00fcnya \u00e7empionat\u0131 onsuz ke\u00e7irildi.\n<\/p>\n<p>\n  Lakin 1991-ci ild\u0259 Naim yenid\u0259n idmana qay\u0131td\u0131. Bir m\u00fcdd\u0259t idmandan k\u0259nar qalmas\u0131 onun n\u0259tic\u0259l\u0259rin\u0259 t\u0259sirsiz \u00f6t\u00fc\u015fm\u0259di. Naim c\u0259md\u0259 yaln\u0131z 310 kq n\u0259tic\u0259 g\u00f6st\u0259rdi. Lakin bu n\u0259tic\u0259 onun \u00f6z n\u0259tic\u0259l\u0259ri il\u0259 m\u00fcqayis\u0259d\u0259 z\u0259if idi. D\u00f6rd\u00fcnc\u00fc d\u0259f\u0259 d\u00fcnya \u00e7empionlu\u011fu \u00fc\u00e7\u00fcn is\u0259 yet\u0259rli oldu.\n<\/p>\n<p>\n  1992-ci il Barselona Olimpiadas\u0131nda Naim S\u00fcleymano\u011flu c\u0259md\u0259 320 kq n\u0259tic\u0259 g\u00f6st\u0259rdi. Bu da ona Bolqar\u0131stan atleti Pe\u015falovu 15 kq \u00fcst\u0259l\u0259y\u0259r\u0259k ikiqat olimpiya \u00e7empionu olmaq imkan\u0131 verdi.\n<\/p>\n<p>\n  Barselona Olimpiadas\u0131ndan sonra Beyn\u0259lxalq A\u011f\u0131r Atletika Federasiyas\u0131 (IWF) \u00e7\u0259ki d\u0259r\u0259c\u0259l\u0259rind\u0259 d\u0259yi\u015fiklik etdi. Bu s\u0259b\u0259bd\u0259n d\u0259 k\u00f6hn\u0259 d\u00fcnya rekordlar\u0131 l\u0259\u011fv edildi, yeni rekordlar yenid\u0259n qeyd\u0259 al\u0131nma\u011fa ba\u015flad\u0131. Bu zamandan etibar\u0259n 64 kq-a q\u0259d\u0259r \u00e7\u0259ki d\u0259r\u0259c\u0259sind\u0259 \u00e7\u0131x\u0131\u015f ed\u0259c\u0259k Naim S\u00fcleymano\u011flu t\u0259bii ki, yeni rekordlar\u0131n m\u00fc\u0259llifi olacaqd\u0131.\n<\/p>\n<p>\n  1993-c\u00fc ild\u0259 Melburnda ke\u00e7iril\u0259n d\u00fcnya \u00e7empionat\u0131nda Naim t\u0259kanda v\u0259 c\u0259md\u0259 2 d\u00fcnya rekordu il\u0259 be\u015fqat d\u00fcnya \u00e7empionu oldu. N\u00f6vb\u0259ti ild\u0259 \u0130stanbulda ke\u00e7iril\u0259n d\u00fcnya \u00e7empionat\u0131nda is\u0259 Naimin \u0259n inadkar r\u0259qibi Valerios Leonidisl\u0259 3 il davam ed\u0259n dueli ba\u015flad\u0131.\n<\/p>\n<p>\n  \u0130lk d\u0259f\u0259 idi ki, Naim \u00f6z\u00fc il\u0259, \u00f6z n\u0259tic\u0259l\u0259ri il\u0259 deyil, konkret r\u0259qibl\u0259 yar\u0131\u015f\u0131rd\u0131. \u0130stanbulda \u201cb\u00f6y\u00fck t\u00fcrk\u201d r\u0259qibin\u0259 c\u0259mi 5 kq-l\u0131q f\u0259rql\u0259 qalib g\u0259ldi v\u0259 alt\u0131nc\u0131 d\u0259f\u0259 d\u00fcnya \u00e7empionu oldu. 1995-ci ild\u0259 \u00c7ind\u0259 ke\u00e7iril\u0259n \u00e7empionatdak\u0131 r\u0259qab\u0259t is\u0259 daha dramatik oldu. H\u0259r iki idman\u00e7\u0131 327,5 kq n\u0259tic\u0259 g\u00f6st\u0259rdi. Yaln\u0131z \u00f6z \u00e7\u0259kisinin daha az olmas\u0131 s\u0259b\u0259bind\u0259n Naim S\u00fcleymano\u011flu yeddinci d\u0259f\u0259 d\u00fcnya \u00e7empionu oldu.\n<\/p>\n<p>\n  1996-c\u0131 ild\u0259 Atalantada ke\u00e7iril\u0259n olimpiya oyunlar\u0131nda S\u00fcleymano\u011flu-Leonidis dueli davam etdi. Yunan atlet c\u0259md\u0259 332,5 kq kimi \u00e7ox y\u00fcks\u0259k n\u0259tic\u0259 g\u00f6st\u0259rdi. Lakin bu Naim\u0259 qalib g\u0259lm\u0259k \u00fc\u00e7\u00fcn yet\u0259rli olmad\u0131. 335 kq n\u0259tic\u0259 g\u00f6st\u0259r\u0259n t\u00fcrk atlet d\u00fcnya tarixind\u0259 a\u011f\u0131rl\u0131q qald\u0131rmada ilk \u00fc\u00e7qat olimpiya \u00e7empionu oldu.\n<\/p>\n<p>\n  Valerios Leonidis b\u00f6y\u00fck idman\u00e7\u0131 idi. Lakin aln\u0131na Naiml\u0259 eyni zamanda v\u0259 eyni \u00e7\u0259ki d\u0259r\u0259c\u0259sind\u0259 yar\u0131\u015fmaq kimi talesizlik yaz\u0131lm\u0131\u015fd\u0131. Bu s\u0259b\u0259bd\u0259n d\u0259 idman karyeras\u0131 \u0259rzind\u0259 c\u0259mi 1 q\u0131z\u0131l medal qazana bildi &#8211; 1996-c\u0131 ild\u0259 Naimin i\u015ftirak etm\u0259diyi Avropa \u00e7empionat\u0131n\u0131n qalibi oldu. Onu da qeyd ed\u0259k ki, Naim S\u00fcleymano\u011flu ad\u0259t\u0259n Avropa \u00e7empionatlar\u0131nda i\u015ftirak etmirdi. Bu s\u0259b\u0259bd\u0259n d\u0259 yaln\u0131z 2 d\u0259f\u0259 qit\u0259 \u00e7empionu olmu\u015fdu.\n<\/p>\n<p>\n  Atalantadak\u0131 q\u0131z\u0131l medal Naim S\u00fcleymano\u011flunun son \u00e7empionlu\u011fu oldu. Art\u0131q ya\u015f v\u0259 z\u0259d\u0259l\u0259r \u00f6z s\u00f6z\u00fcn\u00fc deyirdi. 1997-ci ilin d\u00fcnya \u00e7empionat\u0131nda Naim uzun ill\u0259rd\u0259n sonra ilk m\u0259\u011flubiyy\u0259tl\u0259 \u00fczl\u0259\u015f\u0259r\u0259k g\u00fcm\u00fc\u015f medal qazand\u0131. O, 315 kq n\u0259tic\u0259 g\u00f6st\u0259r\u0259r\u0259k qalib \u00c7in idman\u00e7\u0131s\u0131ndan 2,5 kq geri qald\u0131.\n<\/p>\n<p>\n  Bundan sonra, o, idman karyeras\u0131n\u0131 bitirdiyini elan etdi. Lakin n\u00f6vb\u0259ti Olimpiada yax\u0131nla\u015fd\u0131qca, reall\u0131qlara meydan oxumaq q\u0259rar\u0131na g\u0259ldi. 2000-ci ilin Avropa \u00e7empionat\u0131nda b\u00fcr\u00fcnc medal qazand\u0131. Lakin Sidney Olimpiadas\u0131nda sifari\u015f verdiyi v\u0259 d\u00fcnya rekordu olan 145 kq \u00e7\u0259kini \u00fc\u00e7 c\u0259hdin he\u00e7 birind\u0259 qald\u0131ra bilm\u0259di v\u0259 \u00e7\u0131x\u0131\u015f\u0131n\u0131 dayand\u0131rd\u0131.\n<\/p>\n<p>\n  Bununla da idman tarixinin bir \u0259fsan\u0259si yekunla\u015fd\u0131. Naim S\u00fcleymano\u011flu \u0259fsan\u0259si. \u00dc\u00e7qat olimpiya, yeddiqat d\u00fcnya, ikiqat Avropa \u00e7empionu, \u201cDostluq-1984\u201d oyunlar\u0131n\u0131n qalibi, 46 d\u00fcnya rekordunun m\u00fc\u0259llifi, ilk d\u0259f\u0259 \u00f6z \u00e7\u0259kisind\u0259n 3 d\u0259f\u0259 a\u011f\u0131r \u00e7\u0259kini qald\u0131ran Naim S\u00fcleymano\u011flu \u0259fsan\u0259si. A\u011f\u0131r atletika tarixind\u0259 \u0259n titullu idman\u00e7\u0131, b\u00f6y\u00fck \u0259ks\u0259riyy\u0259tin fikrinc\u0259, g\u0259lmi\u015f-ke\u00e7mi\u015f \u0259n b\u00f6y\u00fck a\u011f\u0131r atlet.\n<\/p>\n<p>\n  4 g\u00fcn \u00f6nc\u0259 is\u0259 Naim S\u00fcleymano\u011flu v\u0259fat etdi. \u0130dman\u0131 t\u0259rk etdikd\u0259n sonra s\u00fcrd\u00fcy\u00fc qeyri-sa\u011flam h\u0259yat t\u0259rzi onu 50 ya\u015f\u0131nda m\u0259zara apard\u0131. Ac\u0131nacaql\u0131 oldu \u00e7ox. Amma kim bilir, b\u0259lk\u0259 d\u0259 Naim \u00fc\u00e7\u00fcn b\u00fct\u00fcn h\u0259yat idmanda idi. O, idman\u0131 t\u0259rk ed\u0259rk\u0259n ya\u015fam e\u015fqi d\u0259 onu t\u0259rk etmi\u015fdi.\n<\/p>\n<p>\n  Naimin \u00f6l\u00fcm\u00fc t\u0259kc\u0259 a\u011f\u0131r atletika \u00fczr\u0259 deyil, b\u00fct\u00fcn idman came\u0259sini k\u0259d\u0259r\u0259 bo\u011fdu. M\u00fcxt\u0259lif federasiyalar, m\u00fcxt\u0259lif idman\u00e7\u0131lar ba\u015fsa\u011fl\u0131\u011f\u0131 ver\u0259r\u0259k bu b\u00f6y\u00fck idman\u00e7\u0131n\u0131n v\u0259fat\u0131ndan \u00fcz\u00fcnt\u00fcl\u0259rini dil\u0259 g\u0259tirdil\u0259r. Naimin yegan\u0259 r\u0259qibi adlanmaq \u015f\u0259r\u0259fin\u0259 nail olmu\u015f Valerios Leonidis is\u0259 onu \u00e7empion ad\u0131na h\u0259sr\u0259t qoymu\u015f b\u00f6y\u00fck r\u0259qibinin tabutunu \u00f6pm\u0259kl\u0259 ehtiram\u0131n\u0131 bildirdi.\n<\/p>\n<p>\n  G\u00fcl\u0259-g\u00fcl\u0259, Naim S\u00fcleymano\u011flu&#8230;\n<\/p>\n<p>\n  <i><br \/>\n    <b><br \/>\n      Yaz\u0131 m\u00fc\u0259llifin fikirl\u0259rini \u0259ks etdirir v\u0259 Meydan TV-nin m\u00f6vqeyi il\u0259 \u00fcst-\u00fcst\u0259 d\u00fc\u015fm\u0259y\u0259 bil\u0259r.<br \/>\n    <\/b><br \/>\n  <\/i><\/p>\n","protected":false},"excerpt":{"rendered":"<p>XX \u0259srin 80-ci ill\u0259ri idman n\u0259h\u0259ngl\u0259ri d\u00f6vr\u00fc idi<\/p>\n","protected":false},"author":11,"featured_media":95537,"comment_status":"closed","ping_status":"open","sticky":false,"template":"","format":"standard","meta":{"_acf_changed":false,"_sitemap_exclude":false,"_sitemap_priority":"","_sitemap_frequency":"","footnotes":""},"categories":[57],"tags":[],"class_list":["post-187538","post","type-post","status-publish","format-standard","has-post-thumbnail","hentry","category-menim-fikrimce","infinite-scroll-item","generate-columns","tablet-grid-50","mobile-grid-100","grid-parent","grid-33","no-featured-image-padding"],"acf":[],"yoast_head":"<!-- This site is optimized with the Yoast SEO plugin v27.5 - https:\/\/yoast.com\/product\/yoast-seo-wordpress\/ -->\n<title>147 santimetrlik n\u0259h\u0259ng - MEYDAN.TV<\/title>\n<meta name=\"robots\" content=\"index, follow, max-snippet:-1, max-image-preview:large, max-video-preview:-1\" \/>\n<link rel=\"canonical\" href=\"https:\/\/www.meydan.tv\/az\/article\/147-santimetrlik-neheng\/\" \/>\n<meta property=\"og:locale\" content=\"az_AZ\" \/>\n<meta property=\"og:type\" content=\"article\" \/>\n<meta property=\"og:title\" content=\"147 santimetrlik n\u0259h\u0259ng - MEYDAN.TV\" \/>\n<meta property=\"og:description\" content=\"XX \u0259srin 80-ci ill\u0259ri idman n\u0259h\u0259ngl\u0259ri d\u00f6vr\u00fc idi\" \/>\n<meta property=\"og:url\" content=\"https:\/\/www.meydan.tv\/az\/article\/147-santimetrlik-neheng\/\" \/>\n<meta property=\"og:site_name\" content=\"MEYDAN.TV\" \/>\n<meta property=\"article:published_time\" content=\"2017-11-21T14:25:24+00:00\" \/>\n<meta property=\"og:image\" content=\"https:\/\/www.meydan.tv\/wp-content\/uploads\/37748.jpg\" \/>\n\t<meta property=\"og:image:width\" content=\"960\" \/>\n\t<meta property=\"og:image:height\" content=\"640\" \/>\n\t<meta property=\"og:image:type\" content=\"image\/jpeg\" \/>\n<meta name=\"author\" content=\"user-manager\" \/>\n<meta name=\"twitter:card\" content=\"summary_large_image\" \/>\n<script type=\"application\/ld+json\" class=\"yoast-schema-graph\">{\"@context\":\"https:\\\/\\\/schema.org\",\"@graph\":[{\"@type\":\"Article\",\"@id\":\"https:\\\/\\\/www.meydan.tv\\\/az\\\/article\\\/147-santimetrlik-neheng\\\/#article\",\"isPartOf\":{\"@id\":\"https:\\\/\\\/www.meydan.tv\\\/az\\\/article\\\/147-santimetrlik-neheng\\\/\"},\"author\":{\"name\":\"user-manager\",\"@id\":\"https:\\\/\\\/www.meydan.tv\\\/az\\\/#\\\/schema\\\/person\\\/10d11eccf6da3662cf5fdab9806ea91a\"},\"headline\":\"147 santimetrlik n\u0259h\u0259ng\",\"datePublished\":\"2017-11-21T14:25:24+00:00\",\"mainEntityOfPage\":{\"@id\":\"https:\\\/\\\/www.meydan.tv\\\/az\\\/article\\\/147-santimetrlik-neheng\\\/\"},\"wordCount\":1986,\"publisher\":{\"@id\":\"https:\\\/\\\/www.meydan.tv\\\/az\\\/#organization\"},\"image\":{\"@id\":\"https:\\\/\\\/www.meydan.tv\\\/az\\\/article\\\/147-santimetrlik-neheng\\\/#primaryimage\"},\"thumbnailUrl\":\"https:\\\/\\\/www.meydan.tv\\\/wp-content\\\/uploads\\\/37748.jpg\",\"articleSection\":[\"M\u0259nim Fikrimc\u0259\"],\"inLanguage\":\"az\"},{\"@type\":\"WebPage\",\"@id\":\"https:\\\/\\\/www.meydan.tv\\\/az\\\/article\\\/147-santimetrlik-neheng\\\/\",\"url\":\"https:\\\/\\\/www.meydan.tv\\\/az\\\/article\\\/147-santimetrlik-neheng\\\/\",\"name\":\"147 santimetrlik n\u0259h\u0259ng - MEYDAN.TV\",\"isPartOf\":{\"@id\":\"https:\\\/\\\/www.meydan.tv\\\/az\\\/#website\"},\"primaryImageOfPage\":{\"@id\":\"https:\\\/\\\/www.meydan.tv\\\/az\\\/article\\\/147-santimetrlik-neheng\\\/#primaryimage\"},\"image\":{\"@id\":\"https:\\\/\\\/www.meydan.tv\\\/az\\\/article\\\/147-santimetrlik-neheng\\\/#primaryimage\"},\"thumbnailUrl\":\"https:\\\/\\\/www.meydan.tv\\\/wp-content\\\/uploads\\\/37748.jpg\",\"datePublished\":\"2017-11-21T14:25:24+00:00\",\"breadcrumb\":{\"@id\":\"https:\\\/\\\/www.meydan.tv\\\/az\\\/article\\\/147-santimetrlik-neheng\\\/#breadcrumb\"},\"inLanguage\":\"az\",\"potentialAction\":[{\"@type\":\"ReadAction\",\"target\":[\"https:\\\/\\\/www.meydan.tv\\\/az\\\/article\\\/147-santimetrlik-neheng\\\/\"]}]},{\"@type\":\"ImageObject\",\"inLanguage\":\"az\",\"@id\":\"https:\\\/\\\/www.meydan.tv\\\/az\\\/article\\\/147-santimetrlik-neheng\\\/#primaryimage\",\"url\":\"https:\\\/\\\/www.meydan.tv\\\/wp-content\\\/uploads\\\/37748.jpg\",\"contentUrl\":\"https:\\\/\\\/www.meydan.tv\\\/wp-content\\\/uploads\\\/37748.jpg\",\"width\":960,\"height\":640,\"caption\":\"Source:\"},{\"@type\":\"BreadcrumbList\",\"@id\":\"https:\\\/\\\/www.meydan.tv\\\/az\\\/article\\\/147-santimetrlik-neheng\\\/#breadcrumb\",\"itemListElement\":[{\"@type\":\"ListItem\",\"position\":1,\"name\":\"Ana s\u0259hif\u0259\",\"item\":\"https:\\\/\\\/www.meydan.tv\\\/az\\\/\"},{\"@type\":\"ListItem\",\"position\":2,\"name\":\"M\u0259nim Fikrimc\u0259\",\"item\":\"https:\\\/\\\/www.meydan.tv\\\/az\\\/section\\\/menim-fikrimce\\\/\"},{\"@type\":\"ListItem\",\"position\":3,\"name\":\"147 santimetrlik n\u0259h\u0259ng\"}]},{\"@type\":\"WebSite\",\"@id\":\"https:\\\/\\\/www.meydan.tv\\\/az\\\/#website\",\"url\":\"https:\\\/\\\/www.meydan.tv\\\/az\\\/\",\"name\":\"MEYDAN.TV\",\"description\":\"Meydan TV Az\u0259rbaycan\u0131n media m\u0259kan\u0131ndak\u0131 alternativ s\u0259sidir\",\"publisher\":{\"@id\":\"https:\\\/\\\/www.meydan.tv\\\/az\\\/#organization\"},\"potentialAction\":[{\"@type\":\"SearchAction\",\"target\":{\"@type\":\"EntryPoint\",\"urlTemplate\":\"https:\\\/\\\/www.meydan.tv\\\/az\\\/?s={search_term_string}\"},\"query-input\":{\"@type\":\"PropertyValueSpecification\",\"valueRequired\":true,\"valueName\":\"search_term_string\"}}],\"inLanguage\":\"az\"},{\"@type\":\"Organization\",\"@id\":\"https:\\\/\\\/www.meydan.tv\\\/az\\\/#organization\",\"name\":\"Meydan TV\",\"url\":\"https:\\\/\\\/www.meydan.tv\\\/az\\\/\",\"logo\":{\"@type\":\"ImageObject\",\"inLanguage\":\"az\",\"@id\":\"https:\\\/\\\/www.meydan.tv\\\/az\\\/#\\\/schema\\\/logo\\\/image\\\/\",\"url\":\"https:\\\/\\\/www.meydan.tv\\\/wp-content\\\/uploads\\\/2021\\\/07\\\/meydan-logo.svg\",\"contentUrl\":\"https:\\\/\\\/www.meydan.tv\\\/wp-content\\\/uploads\\\/2021\\\/07\\\/meydan-logo.svg\",\"width\":195,\"height\":46,\"caption\":\"Meydan TV\"},\"image\":{\"@id\":\"https:\\\/\\\/www.meydan.tv\\\/az\\\/#\\\/schema\\\/logo\\\/image\\\/\"}},{\"@type\":\"Person\",\"@id\":\"https:\\\/\\\/www.meydan.tv\\\/az\\\/#\\\/schema\\\/person\\\/10d11eccf6da3662cf5fdab9806ea91a\",\"name\":\"user-manager\"}]}<\/script>\n<!-- \/ Yoast SEO plugin. -->","yoast_head_json":{"title":"147 santimetrlik n\u0259h\u0259ng - MEYDAN.TV","robots":{"index":"index","follow":"follow","max-snippet":"max-snippet:-1","max-image-preview":"max-image-preview:large","max-video-preview":"max-video-preview:-1"},"canonical":"https:\/\/www.meydan.tv\/az\/article\/147-santimetrlik-neheng\/","og_locale":"az_AZ","og_type":"article","og_title":"147 santimetrlik n\u0259h\u0259ng - MEYDAN.TV","og_description":"XX \u0259srin 80-ci ill\u0259ri idman n\u0259h\u0259ngl\u0259ri d\u00f6vr\u00fc idi","og_url":"https:\/\/www.meydan.tv\/az\/article\/147-santimetrlik-neheng\/","og_site_name":"MEYDAN.TV","article_published_time":"2017-11-21T14:25:24+00:00","og_image":[{"width":960,"height":640,"url":"https:\/\/www.meydan.tv\/wp-content\/uploads\/37748.jpg","type":"image\/jpeg"}],"author":"user-manager","twitter_card":"summary_large_image","schema":{"@context":"https:\/\/schema.org","@graph":[{"@type":"Article","@id":"https:\/\/www.meydan.tv\/az\/article\/147-santimetrlik-neheng\/#article","isPartOf":{"@id":"https:\/\/www.meydan.tv\/az\/article\/147-santimetrlik-neheng\/"},"author":{"name":"user-manager","@id":"https:\/\/www.meydan.tv\/az\/#\/schema\/person\/10d11eccf6da3662cf5fdab9806ea91a"},"headline":"147 santimetrlik n\u0259h\u0259ng","datePublished":"2017-11-21T14:25:24+00:00","mainEntityOfPage":{"@id":"https:\/\/www.meydan.tv\/az\/article\/147-santimetrlik-neheng\/"},"wordCount":1986,"publisher":{"@id":"https:\/\/www.meydan.tv\/az\/#organization"},"image":{"@id":"https:\/\/www.meydan.tv\/az\/article\/147-santimetrlik-neheng\/#primaryimage"},"thumbnailUrl":"https:\/\/www.meydan.tv\/wp-content\/uploads\/37748.jpg","articleSection":["M\u0259nim Fikrimc\u0259"],"inLanguage":"az"},{"@type":"WebPage","@id":"https:\/\/www.meydan.tv\/az\/article\/147-santimetrlik-neheng\/","url":"https:\/\/www.meydan.tv\/az\/article\/147-santimetrlik-neheng\/","name":"147 santimetrlik n\u0259h\u0259ng - MEYDAN.TV","isPartOf":{"@id":"https:\/\/www.meydan.tv\/az\/#website"},"primaryImageOfPage":{"@id":"https:\/\/www.meydan.tv\/az\/article\/147-santimetrlik-neheng\/#primaryimage"},"image":{"@id":"https:\/\/www.meydan.tv\/az\/article\/147-santimetrlik-neheng\/#primaryimage"},"thumbnailUrl":"https:\/\/www.meydan.tv\/wp-content\/uploads\/37748.jpg","datePublished":"2017-11-21T14:25:24+00:00","breadcrumb":{"@id":"https:\/\/www.meydan.tv\/az\/article\/147-santimetrlik-neheng\/#breadcrumb"},"inLanguage":"az","potentialAction":[{"@type":"ReadAction","target":["https:\/\/www.meydan.tv\/az\/article\/147-santimetrlik-neheng\/"]}]},{"@type":"ImageObject","inLanguage":"az","@id":"https:\/\/www.meydan.tv\/az\/article\/147-santimetrlik-neheng\/#primaryimage","url":"https:\/\/www.meydan.tv\/wp-content\/uploads\/37748.jpg","contentUrl":"https:\/\/www.meydan.tv\/wp-content\/uploads\/37748.jpg","width":960,"height":640,"caption":"Source:"},{"@type":"BreadcrumbList","@id":"https:\/\/www.meydan.tv\/az\/article\/147-santimetrlik-neheng\/#breadcrumb","itemListElement":[{"@type":"ListItem","position":1,"name":"Ana s\u0259hif\u0259","item":"https:\/\/www.meydan.tv\/az\/"},{"@type":"ListItem","position":2,"name":"M\u0259nim Fikrimc\u0259","item":"https:\/\/www.meydan.tv\/az\/section\/menim-fikrimce\/"},{"@type":"ListItem","position":3,"name":"147 santimetrlik n\u0259h\u0259ng"}]},{"@type":"WebSite","@id":"https:\/\/www.meydan.tv\/az\/#website","url":"https:\/\/www.meydan.tv\/az\/","name":"MEYDAN.TV","description":"Meydan TV Az\u0259rbaycan\u0131n media m\u0259kan\u0131ndak\u0131 alternativ s\u0259sidir","publisher":{"@id":"https:\/\/www.meydan.tv\/az\/#organization"},"potentialAction":[{"@type":"SearchAction","target":{"@type":"EntryPoint","urlTemplate":"https:\/\/www.meydan.tv\/az\/?s={search_term_string}"},"query-input":{"@type":"PropertyValueSpecification","valueRequired":true,"valueName":"search_term_string"}}],"inLanguage":"az"},{"@type":"Organization","@id":"https:\/\/www.meydan.tv\/az\/#organization","name":"Meydan TV","url":"https:\/\/www.meydan.tv\/az\/","logo":{"@type":"ImageObject","inLanguage":"az","@id":"https:\/\/www.meydan.tv\/az\/#\/schema\/logo\/image\/","url":"https:\/\/www.meydan.tv\/wp-content\/uploads\/2021\/07\/meydan-logo.svg","contentUrl":"https:\/\/www.meydan.tv\/wp-content\/uploads\/2021\/07\/meydan-logo.svg","width":195,"height":46,"caption":"Meydan TV"},"image":{"@id":"https:\/\/www.meydan.tv\/az\/#\/schema\/logo\/image\/"}},{"@type":"Person","@id":"https:\/\/www.meydan.tv\/az\/#\/schema\/person\/10d11eccf6da3662cf5fdab9806ea91a","name":"user-manager"}]}},"_links":{"self":[{"href":"https:\/\/www.meydan.tv\/az\/wp-json\/wp\/v2\/posts\/187538","targetHints":{"allow":["GET"]}}],"collection":[{"href":"https:\/\/www.meydan.tv\/az\/wp-json\/wp\/v2\/posts"}],"about":[{"href":"https:\/\/www.meydan.tv\/az\/wp-json\/wp\/v2\/types\/post"}],"author":[{"embeddable":true,"href":"https:\/\/www.meydan.tv\/az\/wp-json\/wp\/v2\/users\/11"}],"replies":[{"embeddable":true,"href":"https:\/\/www.meydan.tv\/az\/wp-json\/wp\/v2\/comments?post=187538"}],"version-history":[{"count":0,"href":"https:\/\/www.meydan.tv\/az\/wp-json\/wp\/v2\/posts\/187538\/revisions"}],"wp:featuredmedia":[{"embeddable":true,"href":"https:\/\/www.meydan.tv\/az\/wp-json\/wp\/v2\/media\/95537"}],"wp:attachment":[{"href":"https:\/\/www.meydan.tv\/az\/wp-json\/wp\/v2\/media?parent=187538"}],"wp:term":[{"taxonomy":"category","embeddable":true,"href":"https:\/\/www.meydan.tv\/az\/wp-json\/wp\/v2\/categories?post=187538"},{"taxonomy":"post_tag","embeddable":true,"href":"https:\/\/www.meydan.tv\/az\/wp-json\/wp\/v2\/tags?post=187538"}],"curies":[{"name":"wp","href":"https:\/\/api.w.org\/{rel}","templated":true}]}}