{"id":187535,"date":"2017-11-20T20:34:26","date_gmt":"2017-11-20T20:34:26","guid":{"rendered":"https:\/\/www.meydan.tv\/article\/yap-qullugunda-xidmete-gore\/"},"modified":"2017-11-20T20:34:26","modified_gmt":"2017-11-20T20:34:26","slug":"yap-qullugunda-xidmete-gore","status":"publish","type":"post","link":"https:\/\/www.meydan.tv\/az\/article\/yap-qullugunda-xidmete-gore\/","title":{"rendered":"YAP qullu\u011funda xidm\u0259t\u0259 g\u00f6r\u0259&#8230;"},"content":{"rendered":"<p>\n  <i><br \/>\n    \u0130lham \u018fliyev bir qrup yap\u00e7\u0131n\u0131 m\u00fckafatland\u0131r\u0131b, ancaq m\u00fcxt\u0259lif adlarla<br \/>\n  <\/i>\n<\/p>\n<p>\n  Noyabr\u0131n 18-d\u0259 prezident \u0130lham \u018fliyev 5 s\u0259r\u0259ncam imzalay\u0131b. 56 n\u0259f\u0259rl\u0259 ba\u011fl\u0131 s\u0259r\u0259ncamlarda 48 n\u0259f\u0259r \u201crespublikan\u0131n ictimai-siyasi h\u0259yat\u0131nda f\u0259al i\u015ftiraka g\u00f6r\u0259\u201d m\u00fcxt\u0259lif f\u0259xri adlara layiq g\u00f6r\u00fcl\u00fcb. \u0130lk bax\u0131\u015fda bel\u0259 d\u00fc\u015f\u00fcnm\u0259k olar ki, kimins\u0259 ad g\u00fcn\u00fc, kimins\u0259 yubileyi, ya da hans\u0131sa sah\u0259d\u0259 \u00e7al\u0131\u015fanlar\u0131n pe\u015f\u0259 bayram\u0131 il\u0259 ba\u011fl\u0131 veril\u0259n s\u0259r\u0259ncamd\u0131r. Yox, bu, o s\u0259r\u0259ncamlardan deyil. Bu t\u0259ltifl\u0259r birba\u015fa hakimiyy\u0259t\u0259 ba\u011fl\u0131d\u0131r. Yeni Az\u0259rbaycan Partiyas\u0131n\u0131n yaranmas\u0131n\u0131n 25-ci ilin\u0259. Eyni zamanda bunu 2018-\u0259 hesablanm\u0131\u015f add\u0131m da saymaq olar. Naraz\u0131lar\u0131 \u0259l\u0259 almaq, \u0259ld\u0259 olanlar\u0131 \u015firnikl\u0259ndirm\u0259k&#8230; Siyah\u0131da YAP Siyasi \u015euras\u0131n\u0131n i\u015fl\u0259y\u0259n, i\u015fl\u0259m\u0259y\u0259n (\u015fura \u00fczvl\u0259rinin b\u0259zisinin ad\u0131 qar\u015f\u0131s\u0131nda \u201cm\u00fcv\u0259qq\u0259ti i\u015fsiz\u201d s\u00f6zl\u0259ri yaz\u0131l\u0131b), i\u015fd\u0259n bel\u0259 qovulan \u00fczvl\u0259rind\u0259n b\u0259zil\u0259rinin ad\u0131 var. Yeri g\u0259lmi\u015fk\u0259n, g\u00f6r\u00fcn\u00fcr, hakim partiya xidm\u0259t\u00e7il\u0259ri bel\u0259 bu \u00f6lk\u0259d\u0259 a\u00e7\u0131lan i\u015f yerl\u0259rini tapa bilmir. Ancaq m\u00f6vzumuz bu deyil.\n<\/p>\n<p>\n  Bu il partiyan\u0131n yubiley ili oldu\u011fundan m\u00fcxt\u0259lif rayonlarda, idar\u0259 v\u0259 m\u00fc\u0259ssis\u0259l\u0259rd\u0259 YAP-la ba\u011fl\u0131 t\u0259dbirl\u0259r ke\u00e7irilir. H\u0259l\u0259lik sonuncu t\u0259dbir Heyd\u0259r \u018fliyev M\u0259rk\u0259zind\u0259 \u0130lham \u018fliyevin i\u015ftirak\u0131 il\u0259 noyabr\u0131n 14-d\u0259 ba\u015f tutub. O t\u0259dbird\u0259ki \u00e7\u0131x\u0131\u015fdan x\u0259b\u0259rsiz d\u0259 deyilsiz. Yen\u0259 saxta r\u0259q\u0259ml\u0259r, ill\u0259rdir t\u0259krarlanan s\u00f6zl\u0259r: \u201c&#8230;Bu g\u00fcn biz demokratiya yolu il\u0259 gedirik. Az\u0259rbaycanda b\u00fct\u00fcn azadl\u0131qlar &#8211; s\u00f6z azadl\u0131\u011f\u0131, m\u0259tbuat azadl\u0131\u011f\u0131, vicdan azadl\u0131\u011f\u0131, s\u0259rb\u0259st topla\u015fma azadl\u0131\u011f\u0131 tam \u015f\u0259kild\u0259 t\u0259min edilir\u201d.<br \/>\n  <br \/>\n  Bu sitatdan sonra n\u0259yis\u0259 s\u00fcbut etm\u0259y\u0259, h\u0259bsd\u0259ki jurnalist dostlar\u0131m\u0131zdan, ictimai-siyasi f\u0259allardan, inancl\u0131 k\u0259simd\u0259n dan\u0131\u015fma\u011fa g\u0259r\u0259k duymuruq&#8230;\n<\/p>\n<p>\n  H\u0259min t\u0259dbirin ard\u0131nca m\u0259lum s\u0259r\u0259ncam imzalan\u0131b. Sad\u0259c\u0259 t\u0259ltifl\u0259ri bu partiyan\u0131n yubileyin\u0259 ba\u011flamay\u0131blar. \u201cRespublikan\u0131n ictimai-siyasi h\u0259yat\u0131nda f\u0259al i\u015ftirak\u201d\u0131 asan \u00e7\u0131x\u0131\u015f yolu kimi se\u00e7ibl\u0259r. Bundan ba\u015fqa, \u201c\u0259m\u0259kdar jurnalist\u201d, \u201c\u0259m\u0259kdar m\u00fc\u0259llim\u201d, \u201c\u0259m\u0259kdar d\u00f6vl\u0259t qulluq\u00e7usu\u201d, \u201cf\u0259rdi t\u0259qa\u00fcd\u201d yoluyla bir qrup yap\u00e7\u0131n\u0131n x\u0259cal\u0259tind\u0259n \u00e7\u0131x\u0131blar. Onlar\u0131n aras\u0131nda YAP-\u0131n \u201c91-l\u0259r\u201di d\u0259 var. H\u0259min t\u0259dbird\u0259 \u0130lham \u018fliyev onlar\u0131 \u201cbir qrup v\u0259t\u0259np\u0259rv\u0259r insan \u2013 m\u0259\u015fhur 91-l\u0259r\u201d adland\u0131r\u0131b. Bel\u0259 taktikan\u0131n niy\u0259 se\u00e7ildiyi he\u00e7 anla\u015f\u0131lan deyil. Guya \u201cYAP-\u0131n yaranmas\u0131nda xidm\u0259tl\u0259r\u0259 g\u00f6r\u0259&#8230;\u201d s\u0259r\u0259ncam verils\u0259ydi n\u0259 d\u0259yi\u015f\u0259c\u0259kdi ki?! B\u0259lk\u0259 d\u0259 \u00e7\u0259kinibl\u0259r, ya utan\u0131blar. \u018fslind\u0259, bunlar\u0131n he\u00e7 biriyl\u0259 raz\u0131la\u015fmaq da olmur. O q\u0259d\u0259r ail\u0259, qohum-qarda\u015f t\u0259ltifi g\u00f6rm\u00fc\u015f\u00fck. G\u00f6r\u00fcn\u00fcr, say \u00e7ox oldu\u011fundan bu yola gedibl\u0259r. Maraql\u0131 m\u0259qam odur ki, \u201crespublikan\u0131n ictimai-siyasi h\u0259yat\u0131nda f\u0259al i\u015ftiraka g\u00f6r\u0259\u201d t\u0259ltif olunanlar\u0131n \u00e7oxunu ictimai-siyasi h\u0259yatla azdan-\u00e7oxdan n\u0259f\u0259s alanlar tan\u0131m\u0131r, y\u0259ni o f\u0259all\u0131q he\u00e7 yerd\u0259 g\u00f6r\u00fcnm\u00fcr.\n<\/p>\n<p>\n  \u00d6d\u00fcll\u0259ndiril\u0259nl\u0259rd\u0259n biri, D\u00f6vl\u0259t Statistika Komit\u0259sinin s\u0259dri, YAP Siyasi \u015euras\u0131n\u0131n \u00fczv\u00fc, ixtisasca h\u0259kim olan Tahir Budaqovun t\u0259\u015fkilat\u0131n\u0131n bu hesablaman\u0131 aparmayaca\u011f\u0131n\u0131 n\u0259z\u0259r\u0259 al\u0131b s\u0259r\u0259ncamlarla ba\u011fl\u0131 b\u0259zi statistik r\u0259q\u0259ml\u0259r\u0259 toxunaq: T\u0259ltif olunan 56 n\u0259f\u0259rin ham\u0131s\u0131 yap\u00e7\u0131d\u0131r. Onlar\u0131n 18 n\u0259f\u0259ri \u201c91-l\u0259r\u201d-in, 16 n\u0259f\u0259ri YAP Siyasi \u015euras\u0131n\u0131n \u00fczv\u00fcd\u00fcr. T\u0259ltif olunanlardan 3-\u00fc h\u0259m d\u0259 deputatd\u0131r&#8230;\n<\/p>\n<p>\n  Onlardan A\u011fab\u0259y \u018fsg\u0259rov(91) \u201c\u015e\u00f6hr\u0259t\u201d ordeni, Siyavu\u015f Novruzov 1-ci d\u0259r\u0259c\u0259li \u201cV\u0259t\u0259n\u0259 xidm\u0259t\u0259 g\u00f6r\u0259\u201d ordeni, Munis Bayramov (91), Vilay\u0259t \u018fliyev(91), Abdin F\u0259rz\u0259liyev, Mirkaz\u0131m Kaz\u0131mov, Xeyr\u0259ddin Qocayev(91), Ayd\u0131n Mirz\u0259zad\u0259 3-c\u00fc d\u0259r\u0259c\u0259li \u201cV\u0259t\u0259n\u0259 xidm\u0259t\u0259 g\u00f6r\u0259\u201d ordeni il\u0259 t\u0259ltif olunub.\n<\/p>\n<p>\n  38 n\u0259f\u0259r\u0259s\u0259 \u201cT\u0259r\u0259qqi\u201d medal\u0131 verilib. Qalmaqall\u0131 hadis\u0259y\u0259 g\u00f6r\u0259 i\u015fini itir\u0259n YAP Siyasi \u015euras\u0131n\u0131n \u00fczv\u00fc Aslan Aslanovun (\u015e\u0259mkirin ke\u00e7mi\u015f icra ba\u015f\u00e7\u0131s\u0131, k\u0259nd t\u0259s\u0259rr\u00fcfat\u0131 nazirinin ke\u00e7mi\u015f m\u00fcavini) da ad\u0131 \u201cT\u0259r\u0259qqi\u201d alanlar aras\u0131ndad\u0131r. YAP Siyasi \u015euras\u0131n\u0131n \u00fczv\u00fc, partiyan\u0131n X\u0259z\u0259r rayon t\u0259\u015fkilat\u0131n\u0131n s\u0259dri Namiq \u018fhm\u0259dov, YAP icra katibliyind\u0259 ba\u015f t\u0259limat\u00e7\u0131 Misirxan V\u0259liyev, vaxtil\u0259 D\u00f6vl\u0259t Yanacaq Komit\u0259sinin s\u0259drinin 1-ci m\u00fcavini olan, ARDN\u015e n\u0259zdind\u0259 f\u0259aliyy\u0259t g\u00f6st\u0259r\u0259n Neft K\u0259m\u0259rl\u0259ri idar\u0259sinin ke\u00e7mi\u015f r\u0259isi i\u015fl\u0259y\u0259n Rizvan Vahabov da \u201cT\u0259r\u0259qqi\u201d al\u0131b. Sonuncu yap\u00e7\u0131 indi \u201cm\u00fcv\u0259qq\u0259ti i\u015fsiz\u201ddir, YAP-\u0131n sayt\u0131nda bel\u0259 yaz\u0131l\u0131b. Bu adam\u0131n \u201cG\u00fcnd\u0259lik Bak\u0131\u201d q\u0259zetinin indi h\u0259bsd\u0259 olan ba\u015f redaktoru Habil V\u0259liyevl\u0259 m\u0259hk\u0259m\u0259 \u00e7\u0259ki\u015fm\u0259si olub. Maraql\u0131d\u0131r ki, m\u0259hk\u0259m\u0259l\u0259r yap\u00e7\u0131n\u0131n bu iddialar\u0131n\u0131 r\u0259dd edib&#8230;\n<\/p>\n<p>\n  YAP G\u0259ncl\u0259r Birliyinin s\u0259dr m\u00fcavini Samir\u0259 Quliyevaya v\u0259 partiyan\u0131n Saatl\u0131 t\u0259\u015fkilat\u0131n\u0131n s\u0259dri L\u00fctv\u0259li \u015e\u0131x\u0259liyev\u0259 \u201cD\u00f6vl\u0259t qullu\u011funda f\u0259rql\u0259nm\u0259y\u0259 g\u00f6r\u0259\u201d medal\u0131 verilib.\n<\/p>\n<p>\n  Daha iki yap\u00e7\u0131ya &#8211; Tofiq H\u00fcseynova v\u0259 Sudeyif \u0130mamverdiyev\u0259 Prezidentin f\u0259rdi t\u0259qa\u00fcd\u00fc verilib. Onlar\u0131n da h\u0259r ikisi \u201c91-l\u0259r\u201dd\u0259ndi.\n<\/p>\n<p>\n  YAP Siyasi \u015euras\u0131n\u0131n \u00fczv\u00fc, D\u00f6vl\u0259t Statistika Komit\u0259sinin s\u0259dri Tahir Budaqov v\u0259 YAP Siyasi \u015euras\u0131n\u0131n \u00fczv\u00fc, Az\u0259rbaycan Respublikas\u0131 Ail\u0259, Qad\u0131n v\u0259 U\u015faq Probleml\u0259ri \u00fczr\u0259 D\u00f6vl\u0259t Komit\u0259si s\u0259drinin m\u00fcavini S\u0259daq\u0259t Q\u0259hr\u0259manova \u201c\u018fm\u0259kdar d\u00f6vl\u0259t qulluq\u00e7usu\u201d f\u0259xri ad\u0131 al\u0131b.\n<\/p>\n<p>\n  \u0130ki yap\u00e7\u0131ya \u201c\u0259m\u0259kdar jurnalist\u201d ad\u0131 verilib. S\u0259lah\u0259ddin Quliyev v\u0259 H\u00fcseyn Pa\u015fayev\u0259. Bunlardan birincisi vaxtil\u0259 prezidentin m\u0259tbuat xidm\u0259tinin r\u0259hb\u0259ri olub. \u0130kincisi is\u0259 uzun ill\u0259rdir YAP-\u0131n m\u0259tbuat xidm\u0259tinin r\u0259hb\u0259ridir. O, h\u0259m d\u0259 MSK \u00fczv\u00fcd\u00fcr.\n<\/p>\n<p>\n  ADPU-nun Filologiya fak\u00fclt\u0259sinin Az\u0259rbaycan dili v\u0259 onun t\u0259drisi metodikas\u0131 kafedras\u0131n\u0131n dosenti Allahverdi Hac\u0131yev(91) v\u0259 Az\u0259rbaycan\u0131n G\u00fcrc\u00fcstandak\u0131 ke\u00e7mi\u015f s\u0259firi Hacan Hac\u0131yev is\u0259 \u201c\u0259m\u0259kdar m\u00fc\u0259llim\u201d olub.\n<\/p>\n<p>\n  \u0130lham \u018fliyev bir m\u0259qs\u0259d g\u00fcd\u0259n 5 ayr\u0131-ayr\u0131 s\u0259r\u0259ncam verm\u0259kl\u0259 \u0259slind\u0259, s\u0259dri oldu\u011fu partiyan\u0131n \u00fczvl\u0259rini \u00f6lk\u0259 prezidenti kimi m\u00fckafatland\u0131r\u0131b, b\u00fcdc\u0259 v\u0259saitini partiya maraqlar\u0131na x\u0259rcl\u0259yib. Niy\u0259sini kims\u0259 sor\u011fulamayacaq&#8230;\n<\/p>\n<p>\n  \u201c&#8230;O ill\u0259rd\u0259 \u00f6lk\u0259mizi k\u00fctl\u0259vi r\u00fc\u015fv\u0259txorluq b\u00fcr\u00fcm\u00fc\u015fd\u00fc&#8230;\u201d \u2013 bu s\u00f6zl\u0259ri d\u0259 \u0130lham \u018fliyev YAP-\u0131n yubiley t\u0259dbirind\u0259 deyib, ancaq burada s\u00f6hb\u0259t 25 il \u0259vv\u0259ld\u0259n gedir; \u201cAXC-M\u00fcsavat c\u00fctl\u00fcy\u00fc\u201dn\u00fcn hakimiyy\u0259td\u0259 oldu\u011fu ill\u0259rd\u0259n&#8230;\n<\/p>\n<p>\n  Bizi \u00e7ox maraql\u0131 2018-ci il g\u00f6zl\u0259yir&#8230;\n<\/p>\n<p>\n  <i><br \/>\n    <b><br \/>\n      Yaz\u0131 m\u00fc\u0259llifin fikirl\u0259rini \u0259ks etdirir v\u0259 Meydan TV-nin m\u00f6vqeyi il\u0259 \u00fcst-\u00fcst\u0259 d\u00fc\u015fm\u0259y\u0259 bil\u0259r.<br \/>\n    <\/b><br \/>\n  <\/i><\/p>\n","protected":false},"excerpt":{"rendered":"<p>\u0130lham \u018fliyev bir qrup yap\u00e7\u0131n\u0131 m\u00fckafatland\u0131r\u0131b, ancaq m\u00fcxt\u0259lif adlarla<\/p>\n","protected":false},"author":11,"featured_media":95534,"comment_status":"closed","ping_status":"open","sticky":false,"template":"","format":"standard","meta":{"_acf_changed":false,"_sitemap_exclude":false,"_sitemap_priority":"","_sitemap_frequency":"","footnotes":""},"categories":[57],"tags":[],"class_list":["post-187535","post","type-post","status-publish","format-standard","has-post-thumbnail","hentry","category-menim-fikrimce","infinite-scroll-item","generate-columns","tablet-grid-50","mobile-grid-100","grid-parent","grid-33","no-featured-image-padding"],"acf":[],"yoast_head":"<!-- This site is optimized with the Yoast SEO plugin v27.5 - https:\/\/yoast.com\/product\/yoast-seo-wordpress\/ -->\n<title>YAP qullu\u011funda xidm\u0259t\u0259 g\u00f6r\u0259... - MEYDAN.TV<\/title>\n<meta name=\"robots\" content=\"index, follow, max-snippet:-1, max-image-preview:large, max-video-preview:-1\" \/>\n<link rel=\"canonical\" href=\"https:\/\/www.meydan.tv\/az\/article\/yap-qullugunda-xidmete-gore\/\" \/>\n<meta property=\"og:locale\" content=\"az_AZ\" \/>\n<meta property=\"og:type\" content=\"article\" \/>\n<meta property=\"og:title\" content=\"YAP qullu\u011funda xidm\u0259t\u0259 g\u00f6r\u0259... - MEYDAN.TV\" \/>\n<meta property=\"og:description\" content=\"\u0130lham \u018fliyev bir qrup yap\u00e7\u0131n\u0131 m\u00fckafatland\u0131r\u0131b, ancaq m\u00fcxt\u0259lif adlarla\" \/>\n<meta property=\"og:url\" content=\"https:\/\/www.meydan.tv\/az\/article\/yap-qullugunda-xidmete-gore\/\" \/>\n<meta property=\"og:site_name\" content=\"MEYDAN.TV\" \/>\n<meta property=\"article:published_time\" content=\"2017-11-20T20:34:26+00:00\" \/>\n<meta property=\"og:image\" content=\"https:\/\/www.meydan.tv\/wp-content\/uploads\/37745.jpg\" \/>\n\t<meta property=\"og:image:width\" content=\"2048\" \/>\n\t<meta property=\"og:image:height\" content=\"1390\" \/>\n\t<meta property=\"og:image:type\" content=\"image\/jpeg\" \/>\n<meta name=\"author\" content=\"user-manager\" \/>\n<meta name=\"twitter:card\" content=\"summary_large_image\" \/>\n<script type=\"application\/ld+json\" class=\"yoast-schema-graph\">{\"@context\":\"https:\\\/\\\/schema.org\",\"@graph\":[{\"@type\":\"Article\",\"@id\":\"https:\\\/\\\/www.meydan.tv\\\/az\\\/article\\\/yap-qullugunda-xidmete-gore\\\/#article\",\"isPartOf\":{\"@id\":\"https:\\\/\\\/www.meydan.tv\\\/az\\\/article\\\/yap-qullugunda-xidmete-gore\\\/\"},\"author\":{\"name\":\"user-manager\",\"@id\":\"https:\\\/\\\/www.meydan.tv\\\/az\\\/#\\\/schema\\\/person\\\/10d11eccf6da3662cf5fdab9806ea91a\"},\"headline\":\"YAP qullu\u011funda xidm\u0259t\u0259 g\u00f6r\u0259&#8230;\",\"datePublished\":\"2017-11-20T20:34:26+00:00\",\"mainEntityOfPage\":{\"@id\":\"https:\\\/\\\/www.meydan.tv\\\/az\\\/article\\\/yap-qullugunda-xidmete-gore\\\/\"},\"wordCount\":1285,\"publisher\":{\"@id\":\"https:\\\/\\\/www.meydan.tv\\\/az\\\/#organization\"},\"image\":{\"@id\":\"https:\\\/\\\/www.meydan.tv\\\/az\\\/article\\\/yap-qullugunda-xidmete-gore\\\/#primaryimage\"},\"thumbnailUrl\":\"https:\\\/\\\/www.meydan.tv\\\/wp-content\\\/uploads\\\/37745.jpg\",\"articleSection\":[\"M\u0259nim Fikrimc\u0259\"],\"inLanguage\":\"az\"},{\"@type\":\"WebPage\",\"@id\":\"https:\\\/\\\/www.meydan.tv\\\/az\\\/article\\\/yap-qullugunda-xidmete-gore\\\/\",\"url\":\"https:\\\/\\\/www.meydan.tv\\\/az\\\/article\\\/yap-qullugunda-xidmete-gore\\\/\",\"name\":\"YAP qullu\u011funda xidm\u0259t\u0259 g\u00f6r\u0259... - MEYDAN.TV\",\"isPartOf\":{\"@id\":\"https:\\\/\\\/www.meydan.tv\\\/az\\\/#website\"},\"primaryImageOfPage\":{\"@id\":\"https:\\\/\\\/www.meydan.tv\\\/az\\\/article\\\/yap-qullugunda-xidmete-gore\\\/#primaryimage\"},\"image\":{\"@id\":\"https:\\\/\\\/www.meydan.tv\\\/az\\\/article\\\/yap-qullugunda-xidmete-gore\\\/#primaryimage\"},\"thumbnailUrl\":\"https:\\\/\\\/www.meydan.tv\\\/wp-content\\\/uploads\\\/37745.jpg\",\"datePublished\":\"2017-11-20T20:34:26+00:00\",\"breadcrumb\":{\"@id\":\"https:\\\/\\\/www.meydan.tv\\\/az\\\/article\\\/yap-qullugunda-xidmete-gore\\\/#breadcrumb\"},\"inLanguage\":\"az\",\"potentialAction\":[{\"@type\":\"ReadAction\",\"target\":[\"https:\\\/\\\/www.meydan.tv\\\/az\\\/article\\\/yap-qullugunda-xidmete-gore\\\/\"]}]},{\"@type\":\"ImageObject\",\"inLanguage\":\"az\",\"@id\":\"https:\\\/\\\/www.meydan.tv\\\/az\\\/article\\\/yap-qullugunda-xidmete-gore\\\/#primaryimage\",\"url\":\"https:\\\/\\\/www.meydan.tv\\\/wp-content\\\/uploads\\\/37745.jpg\",\"contentUrl\":\"https:\\\/\\\/www.meydan.tv\\\/wp-content\\\/uploads\\\/37745.jpg\",\"width\":2048,\"height\":1390,\"caption\":\"Source:\"},{\"@type\":\"BreadcrumbList\",\"@id\":\"https:\\\/\\\/www.meydan.tv\\\/az\\\/article\\\/yap-qullugunda-xidmete-gore\\\/#breadcrumb\",\"itemListElement\":[{\"@type\":\"ListItem\",\"position\":1,\"name\":\"Ana s\u0259hif\u0259\",\"item\":\"https:\\\/\\\/www.meydan.tv\\\/az\\\/\"},{\"@type\":\"ListItem\",\"position\":2,\"name\":\"M\u0259nim Fikrimc\u0259\",\"item\":\"https:\\\/\\\/www.meydan.tv\\\/az\\\/section\\\/menim-fikrimce\\\/\"},{\"@type\":\"ListItem\",\"position\":3,\"name\":\"YAP qullu\u011funda xidm\u0259t\u0259 g\u00f6r\u0259&#8230;\"}]},{\"@type\":\"WebSite\",\"@id\":\"https:\\\/\\\/www.meydan.tv\\\/az\\\/#website\",\"url\":\"https:\\\/\\\/www.meydan.tv\\\/az\\\/\",\"name\":\"MEYDAN.TV\",\"description\":\"Meydan TV Az\u0259rbaycan\u0131n media m\u0259kan\u0131ndak\u0131 alternativ s\u0259sidir\",\"publisher\":{\"@id\":\"https:\\\/\\\/www.meydan.tv\\\/az\\\/#organization\"},\"potentialAction\":[{\"@type\":\"SearchAction\",\"target\":{\"@type\":\"EntryPoint\",\"urlTemplate\":\"https:\\\/\\\/www.meydan.tv\\\/az\\\/?s={search_term_string}\"},\"query-input\":{\"@type\":\"PropertyValueSpecification\",\"valueRequired\":true,\"valueName\":\"search_term_string\"}}],\"inLanguage\":\"az\"},{\"@type\":\"Organization\",\"@id\":\"https:\\\/\\\/www.meydan.tv\\\/az\\\/#organization\",\"name\":\"Meydan TV\",\"url\":\"https:\\\/\\\/www.meydan.tv\\\/az\\\/\",\"logo\":{\"@type\":\"ImageObject\",\"inLanguage\":\"az\",\"@id\":\"https:\\\/\\\/www.meydan.tv\\\/az\\\/#\\\/schema\\\/logo\\\/image\\\/\",\"url\":\"https:\\\/\\\/www.meydan.tv\\\/wp-content\\\/uploads\\\/2021\\\/07\\\/meydan-logo.svg\",\"contentUrl\":\"https:\\\/\\\/www.meydan.tv\\\/wp-content\\\/uploads\\\/2021\\\/07\\\/meydan-logo.svg\",\"width\":195,\"height\":46,\"caption\":\"Meydan TV\"},\"image\":{\"@id\":\"https:\\\/\\\/www.meydan.tv\\\/az\\\/#\\\/schema\\\/logo\\\/image\\\/\"}},{\"@type\":\"Person\",\"@id\":\"https:\\\/\\\/www.meydan.tv\\\/az\\\/#\\\/schema\\\/person\\\/10d11eccf6da3662cf5fdab9806ea91a\",\"name\":\"user-manager\"}]}<\/script>\n<!-- \/ Yoast SEO plugin. -->","yoast_head_json":{"title":"YAP qullu\u011funda xidm\u0259t\u0259 g\u00f6r\u0259... - MEYDAN.TV","robots":{"index":"index","follow":"follow","max-snippet":"max-snippet:-1","max-image-preview":"max-image-preview:large","max-video-preview":"max-video-preview:-1"},"canonical":"https:\/\/www.meydan.tv\/az\/article\/yap-qullugunda-xidmete-gore\/","og_locale":"az_AZ","og_type":"article","og_title":"YAP qullu\u011funda xidm\u0259t\u0259 g\u00f6r\u0259... - MEYDAN.TV","og_description":"\u0130lham \u018fliyev bir qrup yap\u00e7\u0131n\u0131 m\u00fckafatland\u0131r\u0131b, ancaq m\u00fcxt\u0259lif adlarla","og_url":"https:\/\/www.meydan.tv\/az\/article\/yap-qullugunda-xidmete-gore\/","og_site_name":"MEYDAN.TV","article_published_time":"2017-11-20T20:34:26+00:00","og_image":[{"width":2048,"height":1390,"url":"https:\/\/www.meydan.tv\/wp-content\/uploads\/37745.jpg","type":"image\/jpeg"}],"author":"user-manager","twitter_card":"summary_large_image","schema":{"@context":"https:\/\/schema.org","@graph":[{"@type":"Article","@id":"https:\/\/www.meydan.tv\/az\/article\/yap-qullugunda-xidmete-gore\/#article","isPartOf":{"@id":"https:\/\/www.meydan.tv\/az\/article\/yap-qullugunda-xidmete-gore\/"},"author":{"name":"user-manager","@id":"https:\/\/www.meydan.tv\/az\/#\/schema\/person\/10d11eccf6da3662cf5fdab9806ea91a"},"headline":"YAP qullu\u011funda xidm\u0259t\u0259 g\u00f6r\u0259&#8230;","datePublished":"2017-11-20T20:34:26+00:00","mainEntityOfPage":{"@id":"https:\/\/www.meydan.tv\/az\/article\/yap-qullugunda-xidmete-gore\/"},"wordCount":1285,"publisher":{"@id":"https:\/\/www.meydan.tv\/az\/#organization"},"image":{"@id":"https:\/\/www.meydan.tv\/az\/article\/yap-qullugunda-xidmete-gore\/#primaryimage"},"thumbnailUrl":"https:\/\/www.meydan.tv\/wp-content\/uploads\/37745.jpg","articleSection":["M\u0259nim Fikrimc\u0259"],"inLanguage":"az"},{"@type":"WebPage","@id":"https:\/\/www.meydan.tv\/az\/article\/yap-qullugunda-xidmete-gore\/","url":"https:\/\/www.meydan.tv\/az\/article\/yap-qullugunda-xidmete-gore\/","name":"YAP qullu\u011funda xidm\u0259t\u0259 g\u00f6r\u0259... - MEYDAN.TV","isPartOf":{"@id":"https:\/\/www.meydan.tv\/az\/#website"},"primaryImageOfPage":{"@id":"https:\/\/www.meydan.tv\/az\/article\/yap-qullugunda-xidmete-gore\/#primaryimage"},"image":{"@id":"https:\/\/www.meydan.tv\/az\/article\/yap-qullugunda-xidmete-gore\/#primaryimage"},"thumbnailUrl":"https:\/\/www.meydan.tv\/wp-content\/uploads\/37745.jpg","datePublished":"2017-11-20T20:34:26+00:00","breadcrumb":{"@id":"https:\/\/www.meydan.tv\/az\/article\/yap-qullugunda-xidmete-gore\/#breadcrumb"},"inLanguage":"az","potentialAction":[{"@type":"ReadAction","target":["https:\/\/www.meydan.tv\/az\/article\/yap-qullugunda-xidmete-gore\/"]}]},{"@type":"ImageObject","inLanguage":"az","@id":"https:\/\/www.meydan.tv\/az\/article\/yap-qullugunda-xidmete-gore\/#primaryimage","url":"https:\/\/www.meydan.tv\/wp-content\/uploads\/37745.jpg","contentUrl":"https:\/\/www.meydan.tv\/wp-content\/uploads\/37745.jpg","width":2048,"height":1390,"caption":"Source:"},{"@type":"BreadcrumbList","@id":"https:\/\/www.meydan.tv\/az\/article\/yap-qullugunda-xidmete-gore\/#breadcrumb","itemListElement":[{"@type":"ListItem","position":1,"name":"Ana s\u0259hif\u0259","item":"https:\/\/www.meydan.tv\/az\/"},{"@type":"ListItem","position":2,"name":"M\u0259nim Fikrimc\u0259","item":"https:\/\/www.meydan.tv\/az\/section\/menim-fikrimce\/"},{"@type":"ListItem","position":3,"name":"YAP qullu\u011funda xidm\u0259t\u0259 g\u00f6r\u0259&#8230;"}]},{"@type":"WebSite","@id":"https:\/\/www.meydan.tv\/az\/#website","url":"https:\/\/www.meydan.tv\/az\/","name":"MEYDAN.TV","description":"Meydan TV Az\u0259rbaycan\u0131n media m\u0259kan\u0131ndak\u0131 alternativ s\u0259sidir","publisher":{"@id":"https:\/\/www.meydan.tv\/az\/#organization"},"potentialAction":[{"@type":"SearchAction","target":{"@type":"EntryPoint","urlTemplate":"https:\/\/www.meydan.tv\/az\/?s={search_term_string}"},"query-input":{"@type":"PropertyValueSpecification","valueRequired":true,"valueName":"search_term_string"}}],"inLanguage":"az"},{"@type":"Organization","@id":"https:\/\/www.meydan.tv\/az\/#organization","name":"Meydan TV","url":"https:\/\/www.meydan.tv\/az\/","logo":{"@type":"ImageObject","inLanguage":"az","@id":"https:\/\/www.meydan.tv\/az\/#\/schema\/logo\/image\/","url":"https:\/\/www.meydan.tv\/wp-content\/uploads\/2021\/07\/meydan-logo.svg","contentUrl":"https:\/\/www.meydan.tv\/wp-content\/uploads\/2021\/07\/meydan-logo.svg","width":195,"height":46,"caption":"Meydan TV"},"image":{"@id":"https:\/\/www.meydan.tv\/az\/#\/schema\/logo\/image\/"}},{"@type":"Person","@id":"https:\/\/www.meydan.tv\/az\/#\/schema\/person\/10d11eccf6da3662cf5fdab9806ea91a","name":"user-manager"}]}},"_links":{"self":[{"href":"https:\/\/www.meydan.tv\/az\/wp-json\/wp\/v2\/posts\/187535","targetHints":{"allow":["GET"]}}],"collection":[{"href":"https:\/\/www.meydan.tv\/az\/wp-json\/wp\/v2\/posts"}],"about":[{"href":"https:\/\/www.meydan.tv\/az\/wp-json\/wp\/v2\/types\/post"}],"author":[{"embeddable":true,"href":"https:\/\/www.meydan.tv\/az\/wp-json\/wp\/v2\/users\/11"}],"replies":[{"embeddable":true,"href":"https:\/\/www.meydan.tv\/az\/wp-json\/wp\/v2\/comments?post=187535"}],"version-history":[{"count":0,"href":"https:\/\/www.meydan.tv\/az\/wp-json\/wp\/v2\/posts\/187535\/revisions"}],"wp:featuredmedia":[{"embeddable":true,"href":"https:\/\/www.meydan.tv\/az\/wp-json\/wp\/v2\/media\/95534"}],"wp:attachment":[{"href":"https:\/\/www.meydan.tv\/az\/wp-json\/wp\/v2\/media?parent=187535"}],"wp:term":[{"taxonomy":"category","embeddable":true,"href":"https:\/\/www.meydan.tv\/az\/wp-json\/wp\/v2\/categories?post=187535"},{"taxonomy":"post_tag","embeddable":true,"href":"https:\/\/www.meydan.tv\/az\/wp-json\/wp\/v2\/tags?post=187535"}],"curies":[{"name":"wp","href":"https:\/\/api.w.org\/{rel}","templated":true}]}}