{"id":187533,"date":"2017-11-20T19:20:10","date_gmt":"2017-11-20T19:20:10","guid":{"rendered":"https:\/\/www.meydan.tv\/article\/muxalifetin-hakimiyyetden-menimsediyi-metodlar\/"},"modified":"2017-11-20T19:20:10","modified_gmt":"2017-11-20T19:20:10","slug":"muxalifetin-hakimiyyetden-menimsediyi-metodlar","status":"publish","type":"post","link":"https:\/\/www.meydan.tv\/az\/article\/muxalifetin-hakimiyyetden-menimsediyi-metodlar\/","title":{"rendered":"M\u00fcxalif\u0259tin hakimiyy\u0259td\u0259n m\u0259nims\u0259diyi metodlar"},"content":{"rendered":"<figure class=\"wp-block-image size-large\">\n  <img decoding=\"async\" src=\"https:\/\/www.meydan.tv\/az\/isa-qember-arif-hacili-eli-kerimli\/\" alt=\"\u0130sa Q\u0259mb\u0259r, Arif Hac\u0131l\u0131, \u018fli K\u0259rimli\" class=\"wp-image-95519\"\/><figcaption>\n    \u0130sa Q\u0259mb\u0259r, Arif Hac\u0131l\u0131, \u018fli K\u0259rimli<br \/>\n  <\/figcaption><\/figure>\n<p>\n  \u00d6nc\u0259 qeyd edim ki, m\u0259nim m\u00fcxalif\u0259ti t\u0259nqid etm\u0259yim he\u00e7 d\u0259 birm\u0259nal\u0131 qar\u015f\u0131lanm\u0131r. Bunun f\u0259rqind\u0259 olsam da, d\u00fczg\u00fcn yolda oldu\u011fumu d\u00fc\u015f\u00fcn\u00fcr\u0259m. Bizim h\u00f6kum\u0259t\u0259 birba\u015fa t\u0259sir etm\u0259k imkan\u0131m\u0131z yoxdur v\u0259 bu mexanizm yaln\u0131z xalq\u0131 t\u0259\u015fkilatland\u0131rmaqla m\u00fcmk\u00fcn ola bil\u0259r. Xalq\u0131 t\u0259\u015fkilatland\u0131rmaq \u00fc\u00e7\u00fcn is\u0259 ilkin olaraq xalq\u0131n savadl\u0131 t\u0259b\u0259q\u0259sini t\u0259\u015fkilatland\u0131rmaq v\u0259 siyasi prosesl\u0259r\u0259 c\u0259lb etm\u0259k laz\u0131md\u0131r. Bu savadl\u0131 t\u0259b\u0259q\u0259 is\u0259 \u00f6z n\u00f6vb\u0259sind\u0259 m\u00fcxalif\u0259tin \u00fczl\u0259\u015fdiyi \u201cd\u0259y\u0259rl\u0259r b\u00f6hran\u0131\u201dndan x\u0259b\u0259rdar oldu\u011fu \u00fc\u00e7\u00fcn siyasi prosesl\u0259r\u0259 qat\u0131lm\u0131r. N\u0259tic\u0259d\u0259, xalq\u0131n siyasi m\u00fcbariz\u0259y\u0259 qat\u0131lma prosesi dalana dir\u0259nir. Bu v\u0259ziyy\u0259ti b\u00f6hrandan \u00e7\u0131xarma\u011f\u0131n yegan\u0259 yolu m\u00fcxalif\u0259tin siyasi f\u0259aliyy\u0259tind\u0259 m\u00fc\u0259yy\u0259n korrektl\u0259r\u0259 nail olunmas\u0131ndan ke\u00e7ir. A\u015fa\u011f\u0131da ed\u0259c\u0259yim t\u0259nqid\u0259 konkret partiyalarla misal g\u0259tirm\u0259y\u0259 \u00e7al\u0131\u015faram. Bu m\u0259qal\u0259d\u0259n sonra \u00fcz\u0259rim\u0259 ola bil\u0259c\u0259k basq\u0131n\u0131n d\u0259r\u0259c\u0259sini d\u0259 ehtimal edir\u0259m. Ortaya qoydu\u011fum iddia bundan ibar\u0259tdir ki, biz m\u00fcbariz\u0259mizl\u0259 h\u00f6kum\u0259td\u0259n f\u0259rql\u0259nmirik v\u0259 bir \u00e7ox sah\u0259d\u0259 h\u00f6kum\u0259tl\u0259 eyni d\u0259y\u0259rl\u0259ri payla\u015f\u0131r\u0131q. \u0130ndi is\u0259 h\u0259min ox\u015farl\u0131qlar\u0131 bir-bir sadalayaq.\n<\/p>\n<blockquote><p>\n  \u015e\u0259xsiyy\u0259t\u0259 p\u0259r\u0259sti\u015flik\n<\/p><\/blockquote>\n<p>\n  Hakimiyy\u0259tin institutla\u015fd\u0131rd\u0131\u011f\u0131 \u015f\u0259xsiyy\u0259t\u0259 p\u0259r\u0259sti\u015flik bir \u00e7ox demokratik \u00f6lk\u0259nin tarixind\u0259 feodalizm qurulu\u015funda olub v\u0259 o d\u00f6vrd\u0259 d\u0259 bitib. Az\u0259rbaycanda bu tendensiyan\u0131n tarixi \u00e7ox q\u0259dim\u0259 gets\u0259 d\u0259, SSR\u0130 d\u00f6vr\u00fcnd\u0259 Stalin t\u0259r\u0259find\u0259n bu metod yenid\u0259n KGB-nin (MQB) xofu il\u0259 \u00f6lk\u0259d\u0259 g\u00fccl\u0259ndirildi. M\u0259\u015fhur Kembric l\u00fcg\u0259tin\u0259 istinad ets\u0259k, \u015f\u0259xsiyy\u0259t\u0259 p\u0259r\u0259sti\u015flik siyasi lider\u0259 qar\u015f\u0131 r\u0259smi v\u0259 ya m\u0259qs\u0259dy\u00f6nl\u00fc formada t\u0259\u015fkil edilmi\u015f sevgi v\u0259 ya heyranl\u0131q kimi t\u0259rc\u00fcm\u0259 olunur.\n<\/p>\n<p>\n  M\u00fcst\u0259qil d\u00fc\u015f\u00fcn\u0259n insanlardan ibar\u0259t olan c\u0259miyy\u0259tl\u0259rd\u0259 \u015f\u0259xsiyy\u0259t\u0259 p\u0259r\u0259sti\u015flik absurd g\u00f6r\u00fcns\u0259 d\u0259, Az\u0259rbaycanda YAP hakimiyy\u0259ti m\u0259hz Heyd\u0259r \u018fliyev \u015f\u0259xsiyy\u0259tini b\u00fctl\u0259\u015fdir\u0259r\u0259k \u015f\u0259xsiyy\u0259t\u0259 p\u0259r\u0259sti\u015fliyi maksimum \u015f\u0259kild\u0259 institutla\u015fd\u0131rma\u011fa \u00e7al\u0131\u015f\u0131r. Heyd\u0259r \u018fliyevi t\u0259nqid etm\u0259k, onun xalq\u0131 deyil, yaln\u0131z ail\u0259sini v\u0259 hakimiyy\u0259tini d\u00fc\u015f\u00fcnm\u0259sini qeyd etm\u0259k \u00f6lk\u0259d\u0259 \u0259n a\u011f\u0131r cinay\u0259t kimi q\u0259bul edilir. Az\u0259rbaycanda ke\u00e7iril\u0259n G\u00fcl bayram\u0131na etiraz olaraq H.\u018fliyevin heyk\u0259li \u00fcst\u00fcnd\u0259 \u201cQul Bayram\u0131n\u0131z m\u00fcbar\u0259k\u201d s\u00f6zl\u0259rini yazan Bayram M\u0259mm\u0259dov v\u0259 Qiyas \u0130brahimliy\u0259 10 il c\u0259za verilm\u0259si d\u0259 yuxar\u0131da qeyd etdikl\u0259rimin bariz n\u00fcmun\u0259sidir.\n<\/p>\n<blockquote><p>\n  B\u0259s buna qar\u015f\u0131 m\u00fcbariz\u0259 aparan m\u00fcxalif\u0259t d\u00fc\u015f\u0259rg\u0259sind\u0259 v\u0259ziyy\u0259t nec\u0259dir?\n<\/p><\/blockquote>\n<p>\n  Bu m\u00f6vzuda \u00f6n s\u0131rada Az\u0259rbaycan Xalq C\u0259bh\u0259si Partiyas\u0131 (AXCP) v\u0259 onun s\u0259dri \u018fli K\u0259rimli g\u0259lir. Qeyd etm\u0259k laz\u0131md\u0131r ki, AXCP bu g\u00fcn Az\u0259rbaycanda rejim\u0259 qar\u015f\u0131 d\u00f6z\u00fcml\u00fc m\u00fcbariz\u0259 aparan yegan\u0259 partiyalardan biridir. Bu partiyan\u0131n \u00fczvl\u0259ri b\u00f6y\u00fck \u00e7\u0259tinlikl\u0259r v\u0259 m\u0259rhumiyy\u0259tl\u0259rl\u0259 \u00fczl\u0259\u015fs\u0259 d\u0259, m\u00fcbariz\u0259 \u0259zmind\u0259n bir an bel\u0259 geri d\u00f6nm\u00fcrl\u0259r. Onlar\u0131n bu f\u0259dakarl\u0131\u011f\u0131 m\u00fctl\u0259q b\u0259hr\u0259 ver\u0259c\u0259k. Lakin bu partiyada \u015f\u0259xsiyy\u0259t\u0259 p\u0259r\u0259sti\u015fliyin formala\u015fmas\u0131 he\u00e7 d\u0259 h\u00f6kum\u0259tin t\u0259zyiqi il\u0259 izah edil\u0259 bilm\u0259z.\n<\/p>\n<p>\n  AXCP-nin ortaya qoydu\u011fu m\u00fcbariz\u0259 \u0259zmi h\u00f6kum\u0259tin t\u0259zyiqi il\u0259 s\u00f6nm\u0259diyi kimi, d\u0259y\u0259rl\u0259r he\u00e7 zaman t\u0259zyiql\u0259 da\u011f\u0131lm\u0131r. Y\u0259ni, AXCP-d\u0259 olan \u015f\u0259xsiyy\u0259t\u0259 p\u0259r\u0259sti\u015fliyin formala\u015fmas\u0131 he\u00e7 d\u0259 h\u00f6kum\u0259tin t\u0259zyiqi il\u0259 izah edil\u0259 bilm\u0259z. El\u00e7ib\u0259yd\u0259n sonra bu partiya ortaya yaln\u0131z bir siyasi lider \u00e7\u0131xarda bildi, o da \u018fli K\u0259rimlidir. Bu, \u018fli K\u0259rimlinin \u00fcst\u00fcn\u0259 d\u00fc\u015f\u0259n bir m\u0259suliyy\u0259t idi ki, ke\u00e7\u0259n d\u00f6vr \u0259rzind\u0259 mill\u0259tin g\u0259l\u0259c\u0259yi \u00fc\u00e7\u00fcn siyasi meydana \u00f6z\u00fc kimi m\u00fcbariz v\u0259 qorxmaz \u201c\u018fli K\u0259rimlil\u0259r\u201d \u00e7\u0131xarts\u0131n.\n<\/p>\n<p>\n  Bunun \u00fc\u00e7\u00fcn at\u0131lmal\u0131 olan yegan\u0259 add\u0131m g\u0259ncl\u0259r\u0259 partiyan\u0131 idar\u0259 etm\u0259k \u015fans\u0131n\u0131 verilm\u0259k olmal\u0131 idi. Liderl\u0259ri zaman v\u0259 \u015f\u0259rait yeti\u015fdirir. \u018fli K\u0259rimli is\u0259 n\u0259 o zaman\u0131 yarada bildi, n\u0259 d\u0259 o \u015f\u0259raiti. Anla\u015f\u0131lan bu olur ki, o, buna g\u00f6r\u0259 g\u00fcz\u0259\u015ft\u0259 getm\u0259yi bacarmad\u0131. Ona r\u0259qib olan partiya yolda\u015flar\u0131 ya \u0259sasl\u0131, ya da \u0259sass\u0131z olaraq partiyadan uzaqla\u015fd\u0131r\u0131ld\u0131. Bug\u00fcn\u0259 q\u0259d\u0259r he\u00e7 kim\u0259 partiyan\u0131 idar\u0259 etm\u0259k \u015fans\u0131 verilm\u0259di. \u018fg\u0259r bir partiyada \u018fli K\u0259rimlid\u0259n ba\u015fqa partiyan\u0131 idar\u0259 ed\u0259 bil\u0259n ikinci \u015f\u0259xs formala\u015fmay\u0131bsa, bu, birba\u015fa \u018fli K\u0259rimlinin aya\u011f\u0131na yaz\u0131lmal\u0131d\u0131r.\n<\/p>\n<p>\n  \u015e\u0259xsiyy\u0259t\u0259 p\u0259r\u0259sti\u015flik partiyan\u0131n m\u00fcbariz\u0259 strategiyas\u0131nda da \u00f6z \u0259ksini tap\u0131r. M\u00fcavinl\u0259rinin azadl\u0131qda oldu\u011fu d\u00f6vrd\u0259 b\u00fct\u00fcn i\u015fi K\u0259rimlinin yazd\u0131\u011f\u0131 \u201cFacebook\u201d postlar\u0131n\u0131 payla\u015fmaq v\u0259 bu payla\u015f\u0131m\u0131 t\u0259\u015fkil etm\u0259kd\u0259n ibar\u0259t idi. Bu davran\u0131\u015f insanlarda el\u0259 bir fikir formala\u015fd\u0131r\u0131r ki, ya bu insanlar\u0131n m\u00fcst\u0259qil d\u00fc\u015f\u00fcnc\u0259 qabiliyy\u0259ti yoxdur, ya da K\u0259rimlinin fikrin\u0259 f\u0259rqli fikir s\u0259sl\u0259ndirm\u0259k ixtiyar\u0131na malik deyill\u0259r. \u201cFacebook\u201dda AXCP-nin ideologiyas\u0131 v\u0259 ya \u00f6lk\u0259y\u0259 g\u0259tirm\u0259k ist\u0259dikl\u0259ri d\u0259yi\u015fiklik deyil, \u018fli K\u0259rimliy\u0259 aid m\u0259lumatlar dola\u015f\u0131r. \u0130lham \u018fliyevin h\u0259rbi xidm\u0259td\u0259n yay\u0131nmas\u0131na cavab olaraq partiya \u00fczvl\u0259ri bir qayda olaraq K\u0259rimlinin \u0259sg\u0259rlik d\u00f6vr\u00fcnd\u0259 olan \u015f\u0259kill\u0259rini payla\u015fmaqdan doymad\u0131lar. S\u0131ravi bir \u201cFacebook\u201d istifad\u0259\u00e7isi kimi bu insanda ikrah hissi do\u011furur. \u018fg\u0259r bu i\u015fi \u0259ks\u0259r partiya \u00fczvl\u0259ri eyni vaxt\u0131 edirs\u0259, dem\u0259k ki, proses r\u0259hb\u0259rlik t\u0259r\u0259find\u0259n koordinasiya olunur.\n<\/p>\n<blockquote><p>\n  B\u0259s idealda nec\u0259 olmal\u0131 idi?\n<\/p><\/blockquote>\n<p>\n  K\u0259rimli partiya s\u0259drliyin\u0259 se\u00e7kil\u0259r d\u00f6vr\u00fcnd\u0259 m\u00fc\u0259yy\u0259n zaman \u00e7\u0259r\u00e7iv\u0259sind\u0259 g\u00f6r\u0259 bil\u0259c\u0259yi i\u015fl\u0259ri se\u00e7icil\u0259rin\u0259 t\u0259qdim etm\u0259li idi. Bu i\u015fl\u0259rd\u0259n biri v\u0259 ya \u0259n birincisi d\u0259, partiyan\u0131 hakimiyy\u0259t\u0259 g\u0259tirm\u0259k olmal\u0131 idi. Bunu bacarmad\u0131\u011f\u0131 t\u0259qdird\u0259 partiya yolda\u015f\u0131n\u0131n daha f\u0259rqli metodla m\u00fcbariz\u0259y\u0259 davam etm\u0259si \u00fc\u00e7\u00fcn \u015f\u0259rait yaratmal\u0131 idi.\n<\/p>\n<p>\n  K\u0259rimli d\u0259 iddia etdiyi bir demokrat kimi h\u0259min \u015f\u0259xs\u0259 yard\u0131m etm\u0259li idi. Bu, h\u0259m d\u0259 \u018fli K\u0259rimli \u00fc\u00e7\u00fcn \u0259sl demokrat imicini formala\u015fd\u0131rard\u0131. Bu proses davam etdikc\u0259, AXCP yaln\u0131z siyasi partiya kimi deyil, \u00f6lk\u0259nin g\u0259l\u0259c\u0259yi \u00fc\u00e7\u00fcn liderl\u0259r yeti\u015fdir\u0259n bir m\u0259kt\u0259b kimi d\u0259 f\u0259aliyy\u0259t g\u00f6st\u0259r\u0259rdi v\u0259 savadl\u0131 insanlar\u0131n h\u0259min partiyaya s\u00fcr\u0259tli ax\u0131n\u0131 ba\u015f ver\u0259c\u0259kdir. Amma bu proses K\u0259rimli il\u0259 donub. N\u0259tic\u0259d\u0259 K\u0259rimli inki\u015faf edir, partiya is\u0259 dalana dir\u0259nib. Yaln\u0131z \u015f\u0259xsiyy\u0259t\u0259 p\u0259r\u0259sti\u015f ed\u0259nl\u0259r partiyaya \u00fczv olurlar. Bu \u015f\u0259xsl\u0259rin \u0259ks\u0259riyy\u0259tinin d\u0259 d\u00fcnyag\u00f6r\u00fc\u015f\u00fc olmad\u0131\u011f\u0131 \u00fc\u00e7\u00fcn siyasi polemikalarda t\u0259hqir\u0259 ke\u00e7irl\u0259r v\u0259 partiya \u00fc\u00e7\u00fcn \u201cqaraguruh\u00e7ular\u201d brendini formala\u015fd\u0131r\u0131rlar. Bu imici d\u0259yi\u015fm\u0259k \u00fc\u00e7\u00fcn partiya r\u0259hb\u0259rliyin\u0259 yeni n\u0259f\u0259s g\u0259lm\u0259lidir.\n<\/p>\n<p>\n  Musavat AXCP-d\u0259n m\u00fcsb\u0259t m\u0259nada bir q\u0259d\u0259r ir\u0259lid\u0259dir. \u0130sa Q\u0259mb\u0259r formal olsa da, partiya r\u0259hb\u0259rliyind\u0259n k\u0259narla\u015fd\u0131 v\u0259 partiya r\u0259hb\u0259ri Arif Hac\u0131l\u0131 oldu. Se\u00e7kil\u0259rin nec\u0259 ke\u00e7diyind\u0259n x\u0259b\u0259rim olmasa da, bu d\u0259yi\u015fikliyi ir\u0259liy\u0259 do\u011fru bir add\u0131m kimi d\u0259 qiym\u0259tl\u0259ndirm\u0259k m\u00fcmk\u00fcnd\u00fcr. \u018fn az\u0131ndan dem\u0259k olar ki, \u0130s\u0259 Q\u0259mb\u0259r de-jure olaraq Musavat\u0131n r\u0259hb\u0259ri deyil.\n<\/p>\n<p>\n  Real H\u0259r\u0259kat\u0131 is\u0259 son d\u00f6vrl\u0259r\u0259 q\u0259d\u0259r f\u0259rqli bir m\u00fcst\u0259vid\u0259 f\u0259aliyy\u0259t g\u00f6st\u0259rirdi. T\u0259\u015fkilatdaxili ziddiyy\u0259tl\u0259r H\u0259r\u0259katda demokratik ab-havan\u0131n m\u00f6vcudlu\u011fundan x\u0259b\u0259r verir. \u0130lqar M\u0259mm\u0259dovun h\u0259bsi bu h\u0259r\u0259kata \u00fczv olan insanlar\u0131n yana\u015fmas\u0131na t\u0259sirsiz \u00f6t\u00fc\u015fm\u0259di. S\u0131ravi \u00fczvl\u0259r \u201c\u0130lham \u018fliyev \u0130lqar M\u0259mm\u0259dovdan qorxdu\u011fu \u00fc\u00e7\u00fcn onu h\u0259bs edib\u201d tezisini yayma\u011fa ba\u015flad\u0131lar. Burada ReAL-\u0131n r\u0259hb\u0259rliyinin n\u0259 q\u0259d\u0259r g\u00fcnahkar oldu\u011funu dey\u0259 bilm\u0259r\u0259m, amma n\u0259z\u0259r\u0259 \u00e7arpan odur ki, ReAL-\u0131n t\u0259qdim etdiyi cumhuriyy\u0259t\u00e7ilik d\u0259y\u0259rl\u0259ri getdikc\u0259 \u0130lqar M\u0259mm\u0259dovun \u015f\u0259xsiyy\u0259ti il\u0259 \u0259v\u0259z olunur. Bunu qeyd etm\u0259kd\u0259 m\u0259qs\u0259d ondan ibar\u0259tdir ki, bu prosesi indiki m\u0259rh\u0259l\u0259d\u0259 t\u0259nziml\u0259m\u0259k m\u00fcmk\u00fcnd\u00fcr.\n<\/p>\n<blockquote><p>\n  R\u00fc\u015fv\u0259t v\u0259 saxta s\u0259n\u0259d alveri\n<\/p><\/blockquote>\n<p>\n  H\u00f6kum\u0259tin r\u00fc\u015fv\u0259t v\u0259 saxta s\u0259n\u0259d alveri n\u0259inki Az\u0259rbaycanda ya\u015fayan h\u0259r k\u0259s\u0259, h\u0259tta b\u00fct\u00fcn d\u00fcnyaya m\u0259lumdur. \u0130lham \u018fliyevin r\u0259hb\u0259rlik etdiyi sistemd\u0259 r\u00fc\u015fv\u0259t sistemin damarlar\u0131nda axan qan funksiyas\u0131n\u0131 da\u015f\u0131y\u0131r. \u018flb\u0259tt\u0259 ki, bunun birba\u015fa g\u00fcnah\u0131 m\u0259hz \u0130lham \u018fliyevd\u0259dir. R\u00fc\u015fv\u0259ti o t\u0259l\u0259b edir v\u0259 bu yolla da r\u00fc\u015fv\u0259t \u00f6lk\u0259d\u0259 qeyri-qanuni formada leqalla\u015f\u0131r.\n<\/p>\n<p>\n  V\u0259ziyy\u0259t h\u00f6kum\u0259td\u0259 oldu\u011fu kimi b\u00f6hran v\u0259ziyy\u0259tind\u0259 olmasa da, d\u0259y\u0259rl\u0259r u\u011frunda m\u00fcbariz\u0259 aparan muxalif\u0259td\u0259 bu c\u00fcr hadis\u0259l\u0259r utancverici bir hald\u0131r v\u0259 siyasi prosesl\u0259r\u0259 x\u0259yan\u0259t kimi qiym\u0259tl\u0259ndirilm\u0259lidir. T\u0259\u0259ss\u00fcfl\u0259r olsun ki, bu m\u0259s\u0259l\u0259d\u0259 Musavat\u0131n ad\u0131 daha \u00e7ox hallan\u0131r. Musavat r\u0259hb\u0259rliyind\u0259n pulla s\u0259n\u0259d ald\u0131\u011f\u0131n\u0131 dey\u0259n \u015f\u0259xs\u0259n tan\u0131d\u0131\u011f\u0131m insanlar var v\u0259 o s\u0259n\u0259dl\u0259rin bir ne\u00e7\u0259sini d\u0259 g\u00f6rm\u00fc\u015f\u0259m. H\u0259min m\u0259lumatlar\u0131 ictimail\u0259\u015fdirm\u0259m\u0259yimin \u0259sas s\u0259b\u0259bi o \u015f\u0259xsl\u0259rin bir ne\u00e7\u0259sinin ail\u0259 \u00fczvl\u0259ri (u\u015faqlar\u0131) il\u0259 Avropada oturum almas\u0131d\u0131r. H\u0259min u\u015faqlar kiml\u0259rins\u0259 d\u0259l\u0259duzlu\u011funun c\u0259zas\u0131n\u0131 \u00e7\u0259km\u0259li deyil dey\u0259 d\u00fc\u015f\u00fcn\u00fcr\u0259m. \u00c7\u00fcnki m\u0259s\u0259l\u0259 ictimail\u0259\u015fs\u0259, h\u0259min ail\u0259l\u0259rin oturumlar\u0131 \u0259ll\u0259rind\u0259n al\u0131nacaq. Burda s\u00f6hb\u0259t t\u0259kc\u0259 Musavat\u0131n ad\u0131ndan istifad\u0259 ed\u0259n d\u0259l\u0259duzlardan getmir. Bu m\u0259s\u0259l\u0259d\u0259 Arif Hac\u0131l\u0131 \u015f\u0259xs\u0259n i\u015ftirak etm\u0259s\u0259 bel\u0259, buna g\u00f6r\u0259 istefa verm\u0259li, ya da problemi ara\u015fd\u0131rmal\u0131, adlar\u0131ndan istifad\u0259 ed\u0259nl\u0259ri if\u015fa etm\u0259li idi. Amma Hac\u0131l\u0131 tam \u0259ksin\u0259, m\u00fcdafi\u0259y\u0259 \u00fcst\u00fcnl\u00fck verdi. AXCP bu m\u00fcst\u0259vid\u0259 Musavatdan geri qal\u0131r. Bu partiyan\u0131n \u00fczvl\u0259rind\u0259n d\u0259 ad\u0131 s\u0259n\u0259d alverind\u0259 hallananlar var v\u0259 ya olub. H\u0259tta bir m\u00fcdd\u0259t \u0259vv\u0259l bu \u00fczvl\u0259rd\u0259n bir ne\u00e7\u0259sinin s\u0259s yaz\u0131lar\u0131 bel\u0259 yay\u0131ld\u0131. Yen\u0259 d\u0259 partiya r\u0259hb\u0259rliyind\u0259n he\u00e7 bir reaksiya g\u0259lm\u0259di.\n<\/p>\n<blockquote><p>\n  Xarici d\u00fc\u015fm\u0259n obraz\u0131\n<\/p><\/blockquote>\n<p>\n  H\u00f6kum\u0259t h\u0259m \u00f6lk\u0259 daxilind\u0259 v\u0259 h\u0259m d\u0259 \u00f6lk\u0259 xaricind\u0259 b\u00fct\u00fcn u\u011fursuzluqlar\u0131n\u0131, d\u00fcnya medias\u0131n\u0131 dola\u015fan r\u00fc\u015fv\u0259t qalmaqall\u0131r\u0131n\u0131 bir s\u00f6zl\u0259 cavabland\u0131r\u0131r \u2013 erm\u0259ni lobbisi. Eyni m\u0259ntiql\u0259 muxalif\u0259t m\u00fcbariz\u0259 apar\u0131r. B\u00fct\u00fcn u\u011fursuzluqlar\u0131n g\u00fcnahkar\u0131 \u0130lham \u018fliyev v\u0259 onun avtoritar idar\u0259etm\u0259si g\u00f6st\u0259rilir. H\u0259tta b\u0259zi m\u00fcxalif\u0259t partiyalar\u0131 onlara qar\u015f\u0131 s\u0259sl\u0259n\u0259n b\u00fct\u00fcn t\u0259nqidi d\u0259 bu yana\u015fma il\u0259 susdurma\u011fa \u00e7al\u0131\u015f\u0131r. Onlar\u0131 t\u0259nqid ed\u0259n \u015f\u0259xsin qald\u0131rd\u0131\u011f\u0131 m\u0259s\u0259l\u0259l\u0259r qal\u0131r q\u0131raqda. H\u0259min m\u0259s\u0259l\u0259l\u0259r\u0259 reaksiya verm\u0259k v\u0259 debatlar t\u0259\u015fkil etm\u0259kd\u0259ns\u0259, onlar\u0131 t\u0259nqid ed\u0259nl\u0259ri birba\u015fa v\u0259 ya dolay\u0131s\u0131 il\u0259 hakimiyy\u0259t\u0259 i\u015fl\u0259m\u0259kd\u0259 g\u00fcnahland\u0131r\u0131rlar. El\u0259 bu m\u0259qal\u0259ni oxuyark\u0259n d\u0259 ilk a\u011f\u0131llar\u0131na g\u0259l\u0259n bu olacaq ki, m\u0259qal\u0259nin m\u00fc\u0259llifi hakimiyy\u0259t\u0259 i\u015fl\u0259yir. Daha d\u00fc\u015f\u00fcnm\u00fcrl\u0259r ki, biz d\u0259y\u0259rl\u0259r\u0259 qar\u015f\u0131 m\u00fcbariz\u0259 apar\u0131r\u0131q, \u0130lham \u018fliyevin \u015f\u0259xsin\u0259 qar\u015f\u0131 deyil. Sabah \u0130lham \u018fliyev Mehriban \u018fliyeva il\u0259 \u0259v\u0259z olunacaq. Onda h\u0259r \u015feyi yenid\u0259nmi ba\u015flamaq laz\u0131m olacaq? Yax\u015f\u0131, \u0259g\u0259r d\u0259y\u0259rl\u0259r\u0259 qar\u015f\u0131 m\u00fcbariz\u0259 apar\u0131r\u0131qsa, \u0130lham \u018fliyevl\u0259 eyni d\u0259y\u0259rl\u0259ri payla\u015fan \u015f\u0259xsl\u0259r tutduqlar\u0131 m\u00f6vqed\u0259n as\u0131l\u0131 olmayaraq bizim h\u0259d\u0259fimizd\u0259 olmal\u0131 deyilmi? M\u0259n \u015f\u0259xs\u0259n bu c\u00fcr d\u00fc\u015f\u00fcn\u00fcr\u0259m v\u0259 ona g\u00f6r\u0259 d\u0259 h\u0259r k\u0259s\u0259 layiq oldu\u011fu yeri g\u00f6st\u0259rm\u0259y\u0259 \u00e7al\u0131\u015f\u0131ram.\n<\/p>\n<p>\n  Dig\u0259r t\u0259r\u0259fd\u0259n, \u0130lham \u018fliyev xalq\u0131n v\u0259 o c\u00fcml\u0259d\u0259n m\u00fcxalif\u0259tin d\u00fc\u015fm\u0259nidir. M\u0259n\u0259 g\u00f6r\u0259 d\u00fc\u015fm\u0259nd\u0259n m\u0259rh\u0259m\u0259t g\u00f6zl\u0259m\u0259k acizlikdir. D\u00fc\u015fm\u0259n taktiki gedi\u015fl\u0259rl\u0259 m\u0259\u011flub edilm\u0259lidir. \u0130lham \u018fliyevin t\u0259zyiqi v\u0259 m\u00fcxalif\u0259t\u0259 qar\u015f\u0131 amans\u0131z repressiv siyas\u0259ti muxalif\u0259tin u\u011fursuzluqlar\u0131na haqq qazand\u0131ra bilm\u0259z. T\u0259\u0259ss\u00fcfl\u0259r olsun ki, muxalif\u0259t ideoloji olaraq s\u00f6n\u00fcb. \u0130lham \u018fliyevin ata bil\u0259c\u0259yi add\u0131mlar\u0131 qabaqcadan proqnozla\u015fd\u0131rmaq o q\u0259d\u0259r d\u0259 \u00e7\u0259tin deyil. Qeyd etm\u0259liy\u0259m ki, \u0130lham \u018fliyev he\u00e7 vaxt bu repressiv siyas\u0259tind\u0259n \u0259l \u00e7\u0259km\u0259y\u0259c\u0259k. Bel\u0259 olan halda biz n\u0259 etm\u0259liyik? Gec\u0259-g\u00fcnd\u00fcz deyinm\u0259liyik ki, \u0130lham \u018fliyev biz\u0259 imkan vermir, onu devir\u0259k? Sizc\u0259, bu, g\u00fclm\u0259li deyil? B\u0259han\u0259 axtarmaqdansa, g\u0259lin \u00e7\u0131x\u0131\u015f yolu axtaraq v\u0259 Allah\u0131n biz\u0259 b\u0259x\u015f etdiyi beynimizi i\u015f\u0259 salaq. \u018fmin olun ki, ist\u0259nil\u0259n bir durumdan \u00e7\u0131x\u0131\u015f yolu m\u00fcmk\u00fcnd\u00fcr. Yet\u0259r ki, bunu tapmaq ist\u0259y\u0259k.\n<\/p>\n<blockquote><p>\n  Trollar\n<\/p><\/blockquote>\n<p>\n  Trollar dey\u0259nd\u0259 \u201cFacebook\u201dda saxta profill\u0259 f\u0259aliyy\u0259t g\u00f6st\u0259r\u0259n v\u0259 b\u0259y\u0259nm\u0259dikl\u0259ri \u015f\u0259xs\u0259 qar\u015f\u0131 qeyri-etik ifad\u0259l\u0259r i\u015fl\u0259d\u0259n \u015f\u0259xsl\u0259ri n\u0259z\u0259rd\u0259 tuturam. Bura saxta profill\u0259 \u00fczv oldu\u011fu partiyan\u0131 d\u0259st\u0259kl\u0259m\u0259kl\u0259 ictimai r\u0259y formala\u015fd\u0131rd\u0131qlar\u0131n\u0131 d\u00fc\u015f\u00fcn\u0259n \u015f\u0259xsl\u0259ri d\u0259 \u0259lav\u0259 etm\u0259k olar. H\u00f6kum\u0259tin yaratd\u0131\u011f\u0131 bu \u0259n\u0259n\u0259 art\u0131q m\u00fcxalif\u0259t\u0259 ke\u00e7ib. Bu m\u00fcst\u0259vid\u0259 d\u0259 AXCP liderliy\u0259 malikdir. Qeyd etm\u0259liy\u0259m ki, Musavat Partiyas\u0131 v\u0259 ReAL H\u0259r\u0259kat\u0131ndan qar\u015f\u0131ma saxta profill\u0259 yazan kims\u0259 \u00e7\u0131xmay\u0131b.\n<\/p>\n<p>\n  Bu siyah\u0131n\u0131 \u00e7ox uzatmaq olar. Bura t\u0259nqid\u0259 d\u00f6z\u00fcms\u00fczl\u00fcy\u00fc, qarayaxma kampaniyas\u0131 v\u0259 b\u00fcrokratiya sevgisini d\u0259 \u0259lav\u0259 etm\u0259k olar. Qeyd olunmal\u0131d\u0131r ki, h\u0259r bir partiyada f\u0259aliyy\u0259t g\u00f6st\u0259r\u0259n v\u0259 bu mill\u0259tin g\u0259l\u0259c\u0259yi \u00fc\u00e7\u00fcn h\u0259r \u015feyind\u0259n ke\u00e7\u0259n \u0259sl demokratik d\u00fc\u015f\u00fcnc\u0259li insanlar var. Bu insanlar bu yolda t\u0259kc\u0259 \u00f6zl\u0259rini deyil, \u00f6z \u00f6vladlar\u0131n\u0131n da taleyini risk\u0259 at\u0131blar. T\u0259\u0259ss\u00fcfl\u0259r olsun ki, bel\u0259 \u015f\u0259xsl\u0259rin \u00e7\u0259kdiyi \u0259ziyy\u0259t v\u0259 verdiyi qurbanlar hans\u0131sa bir d\u0259l\u0259duza g\u00f6r\u0259 k\u00f6lg\u0259d\u0259 qal\u0131r. M\u0259n inan\u0131ram ki, o insanlar\u0131n bir \u00e7oxu ya f\u0259aliyy\u0259t g\u00f6st\u0259rdikl\u0259ri sistemi (partiyan\u0131) islahata m\u0259cbur ed\u0259c\u0259k, ya da al\u0131nmad\u0131\u011f\u0131 t\u0259qdird\u0259, yeni bir mexanizmd\u0259 birl\u0259\u015fib daha \u0259dal\u0259tli bir formada d\u0259y\u0259rl\u0259r u\u011frunda m\u00fcbariz\u0259l\u0259rini aparacaq. Bu kimi b\u00f6hranlar\u0131n fonunda partiya kimliyi getdikc\u0259 \u0259h\u0259miyy\u0259tini itirir.\n<\/p>\n<blockquote><p>\n  X\u00fclas\u0259\n<\/p><\/blockquote>\n<p>\n  Yuxar\u0131da qeyd etdiyim probleml\u0259rin yaranmas\u0131nda g\u00fcnahkar olanlar yaln\u0131z h\u0259min partiyan\u0131n r\u0259hb\u0259ri v\u0259 ya r\u0259hb\u0259rlikdir. Bu probleml\u0259r h\u0259ll olunmad\u0131qca, bu probleml\u0259ri g\u00f6r\u0259n savadl\u0131 ziyal\u0131lar siyasi prosesl\u0259r\u0259 qat\u0131lmayacaq. H\u0259min \u015f\u0259xsl\u0259r m\u00f6vcud olan siyasi platformalara inanmad\u0131\u011f\u0131 t\u0259qdird\u0259 s\u0131ravi insanlar he\u00e7 vaxt inanmayacaqlar. N\u0259tic\u0259d\u0259 \u018fliyevl\u0259r h\u0259l\u0259 \u00e7ox bu mill\u0259tin qan\u0131n\u0131 i\u00e7\u0259c\u0259k. \u018fg\u0259r \u00f6lk\u0259y\u0259 demokratiya g\u0259tirm\u0259k ist\u0259yiriks\u0259, birinci olaraq \u00f6z\u00fcm\u00fczd\u0259n v\u0259 t\u0259msil etdiyimiz partiyadan ba\u015flayaq. Onda insanlar \u00f6zl\u0259ri g\u00f6r\u00fcb inanacaqlar.\n<\/p>\n<p>\n  <i><br \/>\n    <b><br \/>\n      Yaz\u0131 m\u00fc\u0259llifin fikirl\u0259rini \u0259ks etdirir v\u0259 Meydan TV-nin m\u00f6vqeyi il\u0259 \u00fcst-\u00fcst\u0259 d\u00fc\u015fm\u0259y\u0259 bil\u0259r.<br \/>\n    <\/b><br \/>\n  <\/i><\/p>\n","protected":false},"excerpt":{"rendered":"<p>\u00d6nc\u0259 qeyd edim ki, m\u0259nim m\u00fcxalif\u0259ti t\u0259nqid etm\u0259yim he\u00e7 d\u0259 birm\u0259nal\u0131 qar\u015f\u0131lanm\u0131r<\/p>\n","protected":false},"author":11,"featured_media":95519,"comment_status":"closed","ping_status":"open","sticky":false,"template":"","format":"standard","meta":{"_acf_changed":false,"_sitemap_exclude":false,"_sitemap_priority":"","_sitemap_frequency":"","footnotes":""},"categories":[57],"tags":[],"class_list":["post-187533","post","type-post","status-publish","format-standard","has-post-thumbnail","hentry","category-menim-fikrimce","infinite-scroll-item","generate-columns","tablet-grid-50","mobile-grid-100","grid-parent","grid-33","no-featured-image-padding"],"acf":[],"yoast_head":"<!-- This site is optimized with the Yoast SEO plugin v27.5 - https:\/\/yoast.com\/product\/yoast-seo-wordpress\/ -->\n<title>M\u00fcxalif\u0259tin hakimiyy\u0259td\u0259n m\u0259nims\u0259diyi metodlar - MEYDAN.TV<\/title>\n<meta name=\"robots\" content=\"index, follow, max-snippet:-1, max-image-preview:large, max-video-preview:-1\" \/>\n<link rel=\"canonical\" href=\"https:\/\/www.meydan.tv\/az\/article\/muxalifetin-hakimiyyetden-menimsediyi-metodlar\/\" \/>\n<meta property=\"og:locale\" content=\"az_AZ\" \/>\n<meta property=\"og:type\" content=\"article\" \/>\n<meta property=\"og:title\" content=\"M\u00fcxalif\u0259tin hakimiyy\u0259td\u0259n m\u0259nims\u0259diyi metodlar - MEYDAN.TV\" \/>\n<meta property=\"og:description\" content=\"\u00d6nc\u0259 qeyd edim ki, m\u0259nim m\u00fcxalif\u0259ti t\u0259nqid etm\u0259yim he\u00e7 d\u0259 birm\u0259nal\u0131 qar\u015f\u0131lanm\u0131r\" \/>\n<meta property=\"og:url\" content=\"https:\/\/www.meydan.tv\/az\/article\/muxalifetin-hakimiyyetden-menimsediyi-metodlar\/\" \/>\n<meta property=\"og:site_name\" content=\"MEYDAN.TV\" \/>\n<meta property=\"article:published_time\" content=\"2017-11-20T19:20:10+00:00\" \/>\n<meta property=\"og:image\" content=\"https:\/\/www.meydan.tv\/wp-content\/uploads\/37744.jpg\" \/>\n\t<meta property=\"og:image:width\" content=\"820\" \/>\n\t<meta property=\"og:image:height\" content=\"615\" \/>\n\t<meta property=\"og:image:type\" content=\"image\/jpeg\" \/>\n<meta name=\"author\" content=\"user-manager\" \/>\n<meta name=\"twitter:card\" content=\"summary_large_image\" \/>\n<script type=\"application\/ld+json\" class=\"yoast-schema-graph\">{\"@context\":\"https:\\\/\\\/schema.org\",\"@graph\":[{\"@type\":\"Article\",\"@id\":\"https:\\\/\\\/www.meydan.tv\\\/az\\\/article\\\/muxalifetin-hakimiyyetden-menimsediyi-metodlar\\\/#article\",\"isPartOf\":{\"@id\":\"https:\\\/\\\/www.meydan.tv\\\/az\\\/article\\\/muxalifetin-hakimiyyetden-menimsediyi-metodlar\\\/\"},\"author\":{\"name\":\"user-manager\",\"@id\":\"https:\\\/\\\/www.meydan.tv\\\/az\\\/#\\\/schema\\\/person\\\/10d11eccf6da3662cf5fdab9806ea91a\"},\"headline\":\"M\u00fcxalif\u0259tin hakimiyy\u0259td\u0259n m\u0259nims\u0259diyi metodlar\",\"datePublished\":\"2017-11-20T19:20:10+00:00\",\"mainEntityOfPage\":{\"@id\":\"https:\\\/\\\/www.meydan.tv\\\/az\\\/article\\\/muxalifetin-hakimiyyetden-menimsediyi-metodlar\\\/\"},\"wordCount\":2860,\"publisher\":{\"@id\":\"https:\\\/\\\/www.meydan.tv\\\/az\\\/#organization\"},\"image\":{\"@id\":\"https:\\\/\\\/www.meydan.tv\\\/az\\\/article\\\/muxalifetin-hakimiyyetden-menimsediyi-metodlar\\\/#primaryimage\"},\"thumbnailUrl\":\"https:\\\/\\\/www.meydan.tv\\\/wp-content\\\/uploads\\\/37744.jpg\",\"articleSection\":[\"M\u0259nim Fikrimc\u0259\"],\"inLanguage\":\"az\"},{\"@type\":\"WebPage\",\"@id\":\"https:\\\/\\\/www.meydan.tv\\\/az\\\/article\\\/muxalifetin-hakimiyyetden-menimsediyi-metodlar\\\/\",\"url\":\"https:\\\/\\\/www.meydan.tv\\\/az\\\/article\\\/muxalifetin-hakimiyyetden-menimsediyi-metodlar\\\/\",\"name\":\"M\u00fcxalif\u0259tin hakimiyy\u0259td\u0259n m\u0259nims\u0259diyi metodlar - MEYDAN.TV\",\"isPartOf\":{\"@id\":\"https:\\\/\\\/www.meydan.tv\\\/az\\\/#website\"},\"primaryImageOfPage\":{\"@id\":\"https:\\\/\\\/www.meydan.tv\\\/az\\\/article\\\/muxalifetin-hakimiyyetden-menimsediyi-metodlar\\\/#primaryimage\"},\"image\":{\"@id\":\"https:\\\/\\\/www.meydan.tv\\\/az\\\/article\\\/muxalifetin-hakimiyyetden-menimsediyi-metodlar\\\/#primaryimage\"},\"thumbnailUrl\":\"https:\\\/\\\/www.meydan.tv\\\/wp-content\\\/uploads\\\/37744.jpg\",\"datePublished\":\"2017-11-20T19:20:10+00:00\",\"breadcrumb\":{\"@id\":\"https:\\\/\\\/www.meydan.tv\\\/az\\\/article\\\/muxalifetin-hakimiyyetden-menimsediyi-metodlar\\\/#breadcrumb\"},\"inLanguage\":\"az\",\"potentialAction\":[{\"@type\":\"ReadAction\",\"target\":[\"https:\\\/\\\/www.meydan.tv\\\/az\\\/article\\\/muxalifetin-hakimiyyetden-menimsediyi-metodlar\\\/\"]}]},{\"@type\":\"ImageObject\",\"inLanguage\":\"az\",\"@id\":\"https:\\\/\\\/www.meydan.tv\\\/az\\\/article\\\/muxalifetin-hakimiyyetden-menimsediyi-metodlar\\\/#primaryimage\",\"url\":\"https:\\\/\\\/www.meydan.tv\\\/wp-content\\\/uploads\\\/37744.jpg\",\"contentUrl\":\"https:\\\/\\\/www.meydan.tv\\\/wp-content\\\/uploads\\\/37744.jpg\",\"width\":820,\"height\":615,\"caption\":\"Source:\"},{\"@type\":\"BreadcrumbList\",\"@id\":\"https:\\\/\\\/www.meydan.tv\\\/az\\\/article\\\/muxalifetin-hakimiyyetden-menimsediyi-metodlar\\\/#breadcrumb\",\"itemListElement\":[{\"@type\":\"ListItem\",\"position\":1,\"name\":\"Ana s\u0259hif\u0259\",\"item\":\"https:\\\/\\\/www.meydan.tv\\\/az\\\/\"},{\"@type\":\"ListItem\",\"position\":2,\"name\":\"M\u0259nim Fikrimc\u0259\",\"item\":\"https:\\\/\\\/www.meydan.tv\\\/az\\\/section\\\/menim-fikrimce\\\/\"},{\"@type\":\"ListItem\",\"position\":3,\"name\":\"M\u00fcxalif\u0259tin hakimiyy\u0259td\u0259n m\u0259nims\u0259diyi metodlar\"}]},{\"@type\":\"WebSite\",\"@id\":\"https:\\\/\\\/www.meydan.tv\\\/az\\\/#website\",\"url\":\"https:\\\/\\\/www.meydan.tv\\\/az\\\/\",\"name\":\"MEYDAN.TV\",\"description\":\"Meydan TV Az\u0259rbaycan\u0131n media m\u0259kan\u0131ndak\u0131 alternativ s\u0259sidir\",\"publisher\":{\"@id\":\"https:\\\/\\\/www.meydan.tv\\\/az\\\/#organization\"},\"potentialAction\":[{\"@type\":\"SearchAction\",\"target\":{\"@type\":\"EntryPoint\",\"urlTemplate\":\"https:\\\/\\\/www.meydan.tv\\\/az\\\/?s={search_term_string}\"},\"query-input\":{\"@type\":\"PropertyValueSpecification\",\"valueRequired\":true,\"valueName\":\"search_term_string\"}}],\"inLanguage\":\"az\"},{\"@type\":\"Organization\",\"@id\":\"https:\\\/\\\/www.meydan.tv\\\/az\\\/#organization\",\"name\":\"Meydan TV\",\"url\":\"https:\\\/\\\/www.meydan.tv\\\/az\\\/\",\"logo\":{\"@type\":\"ImageObject\",\"inLanguage\":\"az\",\"@id\":\"https:\\\/\\\/www.meydan.tv\\\/az\\\/#\\\/schema\\\/logo\\\/image\\\/\",\"url\":\"https:\\\/\\\/www.meydan.tv\\\/wp-content\\\/uploads\\\/2021\\\/07\\\/meydan-logo.svg\",\"contentUrl\":\"https:\\\/\\\/www.meydan.tv\\\/wp-content\\\/uploads\\\/2021\\\/07\\\/meydan-logo.svg\",\"width\":195,\"height\":46,\"caption\":\"Meydan TV\"},\"image\":{\"@id\":\"https:\\\/\\\/www.meydan.tv\\\/az\\\/#\\\/schema\\\/logo\\\/image\\\/\"}},{\"@type\":\"Person\",\"@id\":\"https:\\\/\\\/www.meydan.tv\\\/az\\\/#\\\/schema\\\/person\\\/10d11eccf6da3662cf5fdab9806ea91a\",\"name\":\"user-manager\"}]}<\/script>\n<!-- \/ Yoast SEO plugin. -->","yoast_head_json":{"title":"M\u00fcxalif\u0259tin hakimiyy\u0259td\u0259n m\u0259nims\u0259diyi metodlar - MEYDAN.TV","robots":{"index":"index","follow":"follow","max-snippet":"max-snippet:-1","max-image-preview":"max-image-preview:large","max-video-preview":"max-video-preview:-1"},"canonical":"https:\/\/www.meydan.tv\/az\/article\/muxalifetin-hakimiyyetden-menimsediyi-metodlar\/","og_locale":"az_AZ","og_type":"article","og_title":"M\u00fcxalif\u0259tin hakimiyy\u0259td\u0259n m\u0259nims\u0259diyi metodlar - MEYDAN.TV","og_description":"\u00d6nc\u0259 qeyd edim ki, m\u0259nim m\u00fcxalif\u0259ti t\u0259nqid etm\u0259yim he\u00e7 d\u0259 birm\u0259nal\u0131 qar\u015f\u0131lanm\u0131r","og_url":"https:\/\/www.meydan.tv\/az\/article\/muxalifetin-hakimiyyetden-menimsediyi-metodlar\/","og_site_name":"MEYDAN.TV","article_published_time":"2017-11-20T19:20:10+00:00","og_image":[{"width":820,"height":615,"url":"https:\/\/www.meydan.tv\/wp-content\/uploads\/37744.jpg","type":"image\/jpeg"}],"author":"user-manager","twitter_card":"summary_large_image","schema":{"@context":"https:\/\/schema.org","@graph":[{"@type":"Article","@id":"https:\/\/www.meydan.tv\/az\/article\/muxalifetin-hakimiyyetden-menimsediyi-metodlar\/#article","isPartOf":{"@id":"https:\/\/www.meydan.tv\/az\/article\/muxalifetin-hakimiyyetden-menimsediyi-metodlar\/"},"author":{"name":"user-manager","@id":"https:\/\/www.meydan.tv\/az\/#\/schema\/person\/10d11eccf6da3662cf5fdab9806ea91a"},"headline":"M\u00fcxalif\u0259tin hakimiyy\u0259td\u0259n m\u0259nims\u0259diyi metodlar","datePublished":"2017-11-20T19:20:10+00:00","mainEntityOfPage":{"@id":"https:\/\/www.meydan.tv\/az\/article\/muxalifetin-hakimiyyetden-menimsediyi-metodlar\/"},"wordCount":2860,"publisher":{"@id":"https:\/\/www.meydan.tv\/az\/#organization"},"image":{"@id":"https:\/\/www.meydan.tv\/az\/article\/muxalifetin-hakimiyyetden-menimsediyi-metodlar\/#primaryimage"},"thumbnailUrl":"https:\/\/www.meydan.tv\/wp-content\/uploads\/37744.jpg","articleSection":["M\u0259nim Fikrimc\u0259"],"inLanguage":"az"},{"@type":"WebPage","@id":"https:\/\/www.meydan.tv\/az\/article\/muxalifetin-hakimiyyetden-menimsediyi-metodlar\/","url":"https:\/\/www.meydan.tv\/az\/article\/muxalifetin-hakimiyyetden-menimsediyi-metodlar\/","name":"M\u00fcxalif\u0259tin hakimiyy\u0259td\u0259n m\u0259nims\u0259diyi metodlar - MEYDAN.TV","isPartOf":{"@id":"https:\/\/www.meydan.tv\/az\/#website"},"primaryImageOfPage":{"@id":"https:\/\/www.meydan.tv\/az\/article\/muxalifetin-hakimiyyetden-menimsediyi-metodlar\/#primaryimage"},"image":{"@id":"https:\/\/www.meydan.tv\/az\/article\/muxalifetin-hakimiyyetden-menimsediyi-metodlar\/#primaryimage"},"thumbnailUrl":"https:\/\/www.meydan.tv\/wp-content\/uploads\/37744.jpg","datePublished":"2017-11-20T19:20:10+00:00","breadcrumb":{"@id":"https:\/\/www.meydan.tv\/az\/article\/muxalifetin-hakimiyyetden-menimsediyi-metodlar\/#breadcrumb"},"inLanguage":"az","potentialAction":[{"@type":"ReadAction","target":["https:\/\/www.meydan.tv\/az\/article\/muxalifetin-hakimiyyetden-menimsediyi-metodlar\/"]}]},{"@type":"ImageObject","inLanguage":"az","@id":"https:\/\/www.meydan.tv\/az\/article\/muxalifetin-hakimiyyetden-menimsediyi-metodlar\/#primaryimage","url":"https:\/\/www.meydan.tv\/wp-content\/uploads\/37744.jpg","contentUrl":"https:\/\/www.meydan.tv\/wp-content\/uploads\/37744.jpg","width":820,"height":615,"caption":"Source:"},{"@type":"BreadcrumbList","@id":"https:\/\/www.meydan.tv\/az\/article\/muxalifetin-hakimiyyetden-menimsediyi-metodlar\/#breadcrumb","itemListElement":[{"@type":"ListItem","position":1,"name":"Ana s\u0259hif\u0259","item":"https:\/\/www.meydan.tv\/az\/"},{"@type":"ListItem","position":2,"name":"M\u0259nim Fikrimc\u0259","item":"https:\/\/www.meydan.tv\/az\/section\/menim-fikrimce\/"},{"@type":"ListItem","position":3,"name":"M\u00fcxalif\u0259tin hakimiyy\u0259td\u0259n m\u0259nims\u0259diyi metodlar"}]},{"@type":"WebSite","@id":"https:\/\/www.meydan.tv\/az\/#website","url":"https:\/\/www.meydan.tv\/az\/","name":"MEYDAN.TV","description":"Meydan TV Az\u0259rbaycan\u0131n media m\u0259kan\u0131ndak\u0131 alternativ s\u0259sidir","publisher":{"@id":"https:\/\/www.meydan.tv\/az\/#organization"},"potentialAction":[{"@type":"SearchAction","target":{"@type":"EntryPoint","urlTemplate":"https:\/\/www.meydan.tv\/az\/?s={search_term_string}"},"query-input":{"@type":"PropertyValueSpecification","valueRequired":true,"valueName":"search_term_string"}}],"inLanguage":"az"},{"@type":"Organization","@id":"https:\/\/www.meydan.tv\/az\/#organization","name":"Meydan TV","url":"https:\/\/www.meydan.tv\/az\/","logo":{"@type":"ImageObject","inLanguage":"az","@id":"https:\/\/www.meydan.tv\/az\/#\/schema\/logo\/image\/","url":"https:\/\/www.meydan.tv\/wp-content\/uploads\/2021\/07\/meydan-logo.svg","contentUrl":"https:\/\/www.meydan.tv\/wp-content\/uploads\/2021\/07\/meydan-logo.svg","width":195,"height":46,"caption":"Meydan TV"},"image":{"@id":"https:\/\/www.meydan.tv\/az\/#\/schema\/logo\/image\/"}},{"@type":"Person","@id":"https:\/\/www.meydan.tv\/az\/#\/schema\/person\/10d11eccf6da3662cf5fdab9806ea91a","name":"user-manager"}]}},"_links":{"self":[{"href":"https:\/\/www.meydan.tv\/az\/wp-json\/wp\/v2\/posts\/187533","targetHints":{"allow":["GET"]}}],"collection":[{"href":"https:\/\/www.meydan.tv\/az\/wp-json\/wp\/v2\/posts"}],"about":[{"href":"https:\/\/www.meydan.tv\/az\/wp-json\/wp\/v2\/types\/post"}],"author":[{"embeddable":true,"href":"https:\/\/www.meydan.tv\/az\/wp-json\/wp\/v2\/users\/11"}],"replies":[{"embeddable":true,"href":"https:\/\/www.meydan.tv\/az\/wp-json\/wp\/v2\/comments?post=187533"}],"version-history":[{"count":0,"href":"https:\/\/www.meydan.tv\/az\/wp-json\/wp\/v2\/posts\/187533\/revisions"}],"wp:featuredmedia":[{"embeddable":true,"href":"https:\/\/www.meydan.tv\/az\/wp-json\/wp\/v2\/media\/95519"}],"wp:attachment":[{"href":"https:\/\/www.meydan.tv\/az\/wp-json\/wp\/v2\/media?parent=187533"}],"wp:term":[{"taxonomy":"category","embeddable":true,"href":"https:\/\/www.meydan.tv\/az\/wp-json\/wp\/v2\/categories?post=187533"},{"taxonomy":"post_tag","embeddable":true,"href":"https:\/\/www.meydan.tv\/az\/wp-json\/wp\/v2\/tags?post=187533"}],"curies":[{"name":"wp","href":"https:\/\/api.w.org\/{rel}","templated":true}]}}