{"id":187531,"date":"2017-11-20T18:34:17","date_gmt":"2017-11-20T18:34:17","guid":{"rendered":"https:\/\/www.meydan.tv\/article\/azerbaycan-feodalizmi-xalqa-qarsi\/"},"modified":"2017-11-20T18:34:17","modified_gmt":"2017-11-20T18:34:17","slug":"azerbaycan-feodalizmi-xalqa-qarsi","status":"publish","type":"post","link":"https:\/\/www.meydan.tv\/az\/article\/azerbaycan-feodalizmi-xalqa-qarsi\/","title":{"rendered":"Az\u0259rbaycan feodalizmi xalqa qar\u015f\u0131"},"content":{"rendered":"<figure class=\"wp-block-image size-large\">\n  <img decoding=\"async\" src=\"https:\/\/www.meydan.tv\/az\/ilham-eliyev-and-icme-merasimi\/\" alt=\"\u0130lham \u018fliyev &#8211; And i\u00e7m\u0259 m\u0259rasimi\" class=\"wp-image-95516\"\/><figcaption>\n    \u0130lham \u018fliyev &#8211; And i\u00e7m\u0259 m\u0259rasimi<br \/>\n  <\/figcaption><\/figure>\n<p>\n  Bu \u0259razid\u0259 ya\u015fayan \u0259hali mahiyy\u0259td\u0259n daha \u00e7ox g\u00f6r\u00fcnt\u00fcy\u0259 q\u0259dir-qiym\u0259t qoyur.\n<\/p>\n<p>\n  Misal? Buyurun, \u00f6z\u00fcn\u00fcz d\u00fc\u015f\u00fcn\u00fcn v\u0259 n\u0259tic\u0259 \u00e7\u0131xar\u0131n:\n<\/p>\n<p>\n  D\u00f6vl\u0259timiz \u0259razi b\u00fct\u00f6vl\u00fcy\u00fcn\u00fc itirib v\u0259 b\u0259rpa etm\u0259kd\u0259 tam acizdir. \u0130qtisadi siyas\u0259timizin \u0259sas qaydalar\u0131n\u0131 xarici q\u00fcvv\u0259l\u0259r m\u00fc\u0259yy\u0259nl\u0259\u015fdirir. Hakim z\u00fcmr\u0259 pulunu v\u0259 balalar\u0131n\u0131 xaric\u0259 qa\u00e7\u0131r\u0131r, \u00e7ald\u0131\u011f\u0131 pulun m\u00fch\u00fcm hiss\u0259sini \u00f6lk\u0259y\u0259 deyil, daha etibarl\u0131 sayd\u0131\u011f\u0131 xarici \u00f6lk\u0259l\u0259r\u0259 yat\u0131r\u0131r.\n<\/p>\n<p>\n  Bununla b\u0259rab\u0259r, \u00f6lk\u0259d\u0259 \u0259n t\u0259mt\u0259raql\u0131 r\u0259smi bayram D\u00f6vl\u0259t Bayra\u011f\u0131 g\u00fcn\u00fcd\u00fcr. Bu bayra\u011fa \u015feir qo\u015furlar, n\u0259\u011fm\u0259 oxuyurlar, onu m\u00fcq\u0259dd\u0259sl\u0259\u015fdirirl\u0259r. Onunla f\u0259xr edirl\u0259r. Bu m\u0259rasim\u0259 x\u00fcsusil\u0259 g\u0259nc n\u0259sli qo\u015fub onun beynini doldurlar.\n<\/p>\n<p>\n  Dey\u0259n yoxdur ki, bayraq sad\u0259c\u0259 bir r\u0259mzdir, onun t\u0259c\u0259ss\u00fcm etm\u0259li oldu\u011fu \u00fclvi d\u0259y\u0259rl\u0259r \u0259g\u0259r \u00f6lk\u0259d\u0259 h\u0259yata ke\u00e7mirs\u0259, dem\u0259k, bu bayraq bir par\u00e7a \u0259skid\u0259n ba\u015fqa bir \u015fey deyil. Daha anlam\u0131rlar ki, bu bayraq kateterdir, onu mill\u0259tin damar\u0131na qo\u015fub qan\u0131n\u0131 sorurlar. Mill\u0259t bayra\u011fa alq\u0131\u015f dey\u0259-dey\u0259 bihal olur.\n<\/p>\n<p>\n  Hakimiyy\u0259t D\u00f6vl\u0259t Bayra\u011f\u0131 bayram\u0131n\u0131n mahiyy\u0259ti bar\u0259d\u0259 d\u00fcr\u00fcst fikir s\u00f6yl\u0259y\u0259nin g\u00f6z\u00fcn\u00fc ovcuna t\u00f6k\u0259r, \u0259ks\u0259riyy\u0259t d\u0259 bu cinay\u0259ti v\u0259t\u0259np\u0259rv\u0259rlik n\u00fcmun\u0259si sayar.\n<\/p>\n<p>\n  Bu \u0259razid\u0259 ya\u015fayan \u0259halid\u0259n soru\u015fsan, dey\u0259r ki, Az\u0259rbaycan\u0131n Konstitusiyas\u0131 var. Konstitusiya \u0259ks\u0259r d\u00f6vl\u0259tl\u0259rd\u0259 ham\u0131 \u00fc\u00e7\u00fcn ali qanun say\u0131l\u0131r. Amma bizd\u0259 yox, bizd\u0259 o, g\u00f6r\u00fcnt\u00fcd\u00fcr.\n<\/p>\n<p>\n  Bizd\u0259 \u0259n ali qanun prezidentin \u0259mridir. N\u0259 \u0259mr vers\u0259, o da ali qanundur. Prezidentin \u0259mri olan yerd\u0259 Konstitusiya he\u00e7 k\u0259sin yad\u0131na bel\u0259 d\u00fc\u015fm\u00fcr. Kims\u0259 sad\u0259l\u00f6vhl\u00fck edib des\u0259 ki, \u201cprezidentin bu \u0259mri Konstitusiyaya ziddir\u201d, onu s\u0259feh sayarlar v\u0259 s\u00f6zl\u0259rin\u0259 he\u00e7 fikir d\u0259 verm\u0259zl\u0259r.\n<\/p>\n<p>\n  Niy\u0259? \u00c7\u00fcnki bizd\u0259 Konstitusiyaya h\u00f6rm\u0259t \u0259n\u0259n\u0259si he\u00e7 vaxt olmay\u0131b v\u0259 bel\u0259 gets\u0259, olmayacaq da.\n<\/p>\n<p>\n  \u00d6z\u00fcn\u00fcz deyin: Qacarlar m\u0259ml\u0259k\u0259tind\u0259 Konstitusiya var idi? C\u0259mi y\u00fcz il bundan \u0259qd\u0259m, Nikolay pad\u015fah\u0131n d\u00f6vr\u00fcnd\u0259, xalq\u0131m\u0131z Konstitusya n\u0259dir, bilirdi? T\u0259bii ki, yox. Qanun n\u0259dir, h\u0259tta insaf bar\u0259d\u0259 dan\u0131\u015fana ham\u0131 \u00e7\u0131mx\u0131r\u0131rd\u0131 ki, \u201cpad\u015fah\u0131n \u00fcz\u00fcn\u0259 a\u011f olma!\u201d\n<\/p>\n<p>\n  Bol\u015fevikl\u0259rin d\u00f6vr\u00fcnd\u0259 Konstitusiyan\u0131 h\u0259rl\u0259y\u0259n var idimi? Sovet d\u00f6vr\u00fcn\u00fcn \u0259n i\u015fl\u0259y\u0259n meyar\u0131 \u201cS\u0259n r\u0259iss\u0259n \u2013 m\u0259n axmaq, m\u0259n r\u0259is\u0259m \u2013 s\u0259n axmaq\u201d &#8211; idi. Bel\u0259 meyar i\u015fl\u0259y\u0259n yerd\u0259 Konstitusiyan\u0131n b\u00fct\u00fcn madd\u0259l\u0259rini r\u0259is adlanan k\u0259sin d\u0259y\u0259rli g\u00f6st\u0259ri\u015fl\u0259ri \u0259v\u0259z edirdi.\n<\/p>\n<p>\n  Beyn\u0259lmil\u0259l\u00e7i bol\u015fevikl\u0259rd\u0259n sonra bir illiy\u0259 milli-bol\u015fevikl\u0259r hakimiyy\u0259t\u0259 g\u0259ldi. H\u0259min bir ili yada salan k\u0259s, Konstitusiya dey\u0259nd\u0259, g\u0259r\u0259k bir d\u0259smal g\u00f6t\u00fcr\u00fcb g\u00f6z\u00fcn\u00fcn ya\u015f\u0131n\u0131 silsin.\n<\/p>\n<p>\n  Sonra is\u0259 AXC Ulu \u00f6nd\u0259ri hakimiyy\u0259t\u0259 d\u0259v\u0259t etdi. Ulu \u00f6nd\u0259r xalq\u0131 \u00e7al\u0131\u015fd\u0131rmaq \u00fc\u00e7\u00fcn Konstitusiyan\u0131n palan q\u0259d\u0259r vacib oldu\u011funu g\u00f6z\u0259l bilirdi. Ona g\u00f6r\u0259 d\u0259 el\u0259 bir Konstitusiya bi\u00e7di ki, h\u0259m \u00f6z boyuna, h\u0259m d\u0259 x\u0259l\u0259finin boyuna tam uy\u011fun g\u0259lsin.\n<\/p>\n<p>\n  G\u0259lm\u0259yin\u0259 g\u0259lir, lakin g\u0259lm\u0259y\u0259nd\u0259 onsuz da \u00e7ox rahat ke\u00e7inirl\u0259r.\n<\/p>\n<p>\n  Uyu\u015fmazl\u0131q g\u00f6z\u0259 gir\u0259nd\u0259 is\u0259 m\u0259cbur olub bir \u00fcmumxalq sor\u011fusu ke\u00e7irirl\u0259r v\u0259 \u0259hali b\u00f6y\u00fck ruh y\u00fcks\u0259kliyi il\u0259 palan\u0131n \u00f6z\u00fc \u00fc\u00e7\u00fcn daha s\u0259rt, s\u00fcvari \u00fc\u00e7\u00fcn daha rahat olmas\u0131na s\u0259s verir.\n<\/p>\n<p>\n  Bak\u0131da prezidentin s\u00f6z\u00fc qanundur, \u0259yal\u0259td\u0259 \u201cicra hakimiyy\u0259ti ba\u015f\u00e7\u0131s\u0131\u201dn\u0131n. N\u0259 paytaxtda, n\u0259 d\u0259 \u0259yal\u0259td\u0259 he\u00e7 k\u0259s Konstitusiyan\u0131 xat\u0131rlam\u0131r.\n<\/p>\n<p>\n  Xat\u0131rlayan adama is\u0259 \u0259hali ya riyakar demaqoq, ya da s\u0259feh romantik kimi bax\u0131r.\n<\/p>\n<p>\n  Ham\u0131 d\u0259qiq bilir ki, \u201cKonstitusiya bo\u015f \u015feydir, ba\u015f\u0131 a\u011fr\u0131tma\u011fa d\u0259ym\u0259z\u201d.\n<\/p>\n<p>\n  Dem\u0259k, evd\u0259 bi\u015fm\u0259yib, qon\u015fudan g\u0259lm\u0259yib, he\u00e7 k\u0259s dad\u0131na baxmay\u0131b, n\u0259 olan \u015feydir, bilm\u0259yir, b\u0259s onda m\u0259xluqata n\u0259 g\u0259lib ki, bilm\u0259diyi, dadmad\u0131\u011f\u0131, qanmad\u0131\u011f\u0131 \u015feyin dal\u0131nca d\u00fc\u015fs\u00fcn?\n<\/p>\n<p>\n  \u201cBabalar\u0131m\u0131z Konstitusiyas\u0131z ya\u015fam\u0131\u015fd\u0131, g\u00f6z\u0259l d\u0259 ya\u015fam\u0131\u015fd\u0131, \u0259sl ki\u015fi kimi ya\u015fam\u0131\u015fd\u0131, biz d\u0259 ya\u015fayar\u0131q, biz\u0259 he\u00e7 n\u0259 olmaz. O g\u00fcn bir frans\u0131z g\u0259lmi\u015fdi, \u00f6z\u00fcm \u00f6l\u00fcm, dedi ki, Az\u0259rbaycanda yediyi meyv\u0259nin dad\u0131n\u0131 Fransada he\u00e7 vaxt dadmay\u0131b. Dedi ki, sizin m\u0259tb\u0259x frans\u0131z m\u0259tb\u0259xind\u0259n d\u0259 z\u0259ngindir\u201d!\n<\/p>\n<p>\n  B\u0259li, bel\u0259-bel\u0259 i\u015fl\u0259r.\n<\/p>\n<p>\n  D\u00fczd\u00fcr, bizd\u0259 olan Konstitusiya keyfiyy\u0259tc\u0259 pisdir, lakin h\u0259m d\u0259 i\u015fl\u0259mir.\n<\/p>\n<p>\n  \u0130\u015fl\u0259m\u0259m\u0259si b\u0259s deyil, onu yada salan\u0131 az qala \u00f6ld\u00fcr\u00fcrl\u0259r. Ne\u00e7\u0259 \u201cA-zad-l\u0131q\u201d\u201d \u00e7\u0131\u011f\u0131ran g\u0259nci d\u00f6y\u00fcb h\u0259bs edibl\u0259r!?\n<\/p>\n<p>\n  Qanunp\u0259r\u0259st insanlar\u0131n ayaq alt\u0131na sal\u0131nmas\u0131 bizd\u0259 q\u0259dim milli idman n\u00f6v\u00fcd\u00fcr. Bel\u0259 insanlar\u0131n d\u00f6rdnala \u00e7apmas\u0131 v\u0259 c\u0131d\u0131r zaman\u0131 y\u0131x\u0131l\u0131b can\u0131n\u0131 tama\u015fa\u00e7\u0131lara ba\u011f\u0131\u015flamas\u0131 bizim tariximizd\u0259 \u0259n \u00e7ox rast g\u0259lin\u0259n q\u0259ziyy\u0259dir.\n<\/p>\n<p>\n  Fikir vers\u0259niz, g\u00f6r\u0259rsiniz ki, mill\u0259tin d\u0259rslikl\u0259r\u0259 sald\u0131\u011f\u0131 b\u00fct\u00fcn tan\u0131nm\u0131\u015f ziyal\u0131lar\u0131 m\u0259hz bel\u0259 c\u0131d\u0131r yar\u0131\u015flar\u0131 zaman\u0131 d\u00fcnyadan k\u00f6\u00e7\u00fcbl\u0259r. Bu \u0259razid\u0259 m\u0259skunla\u015fm\u0131\u015f m\u0259xluqat h\u0259min insanlar\u0131n \u00f6z \u00f6m\u00fcr yollar\u0131nda \u201cQanun! Qanun!\u201d f\u0259ryad\u0131 \u00e7\u0259k\u0259-\u00e7\u0259k\u0259 yortmas\u0131na, sonra is\u0259 hans\u0131 andasa yer\u0259 s\u0259rilib can\u0131n\u0131n \u00e7\u0131xmas\u0131na k\u0259nardan tama\u015fa edir, bir m\u00fcdd\u0259t sonra is\u0259 onlar\u0131 \u201cmill\u0259tin f\u0259xri\u201d adland\u0131r\u0131r v\u0259 meydanda heyk\u0259ll\u0259rini qoyur.\n<\/p>\n<p>\n  \u0130\u015fl\u0259y\u0259n v\u0259 demokratik Konstitusiya hakim z\u00fcmr\u0259 \u00fc\u00e7\u00fcn \u0259n b\u00f6y\u00fck t\u0259hl\u00fck\u0259dir. Bu t\u0259hl\u00fck\u0259ni sovu\u015fdurmaq \u00fc\u00e7\u00fcn d\u00f6vl\u0259t adland\u0131r\u0131lan c\u0259br al\u0259ti gec\u0259-g\u00fcnd\u00fcz d\u00fc\u015f\u00fcn\u0259n v\u0259 dan\u0131\u015fan insanlara qar\u015f\u0131 zopa kimi istifad\u0259 olunur.\n<\/p>\n<p>\n  \u018fvv\u0259la, bu insanlar t\u0259crid edilir, onlar pisl\u0259nir, onlara qara yax\u0131l\u0131r, h\u0259yatlar\u0131 d\u00f6z\u00fclm\u0259z hala g\u0259tirilir. Ya ba\u015f\u0131n\u0131 g\u00f6t\u00fcr \u00f6lk\u0259d\u0259n get, ya da m\u0259hb\u0259s\u0259 at\u0131lacaqsan. \u0130st\u0259mirs\u0259n? Onda sus! K\u0259s s\u0259sini! Dan\u0131\u015fma! Xamu\u015f!\n<\/p>\n<p>\n  Bel\u0259 insanlar\u0131n topla\u015fa bilm\u0259m\u0259si \u00fc\u00e7\u00fcn v\u0259t\u0259nda\u015f c\u0259miyy\u0259ti deyil\u0259n qurumlar ya m\u0259hv edilir, ya da sat\u0131n al\u0131n\u0131b z\u0259r\u0259rsizl\u0259\u015fdirilir. M\u00fcxalif\u0259t adlanan partiyalar da\u011f\u0131d\u0131l\u0131r, sat\u0131n al\u0131n\u0131r, qada\u011fan v\u0259 t\u0259qib edilir, ta ki, ya \u0259hlill\u0259\u015fib m\u00fcti n\u00f6k\u0259r\u0259 \u00e7evrilirl\u0259r, ya da bihal olub qeyb\u0259 \u00e7\u0259kilirl\u0259r.\n<\/p>\n<p>\n  Dan\u0131\u015fan dill\u0259r k\u0259silir, s\u00f6z qada\u011fan edilir, s\u0259sin v\u0259 s\u00f6z\u00fcn yay\u0131lmamas\u0131 \u00fc\u00e7\u00fcn b\u00fct\u00fcn K\u0130V n\u0259zar\u0259t\u0259 g\u00f6t\u00fcr\u00fcl\u00fcr. Ya m\u00fcflis edilir, ya sat\u0131n al\u0131n\u0131r. Susmayan m\u0259hb\u0259s\u0259 at\u0131l\u0131r.\n<\/p>\n<p>\n  N\u0259 \u00e7oxdur b\u0259han\u0259: narkotik, qanunsuz silah, \u00e7evili\u015f c\u0259hdi, dini ekstremizm v\u0259 sair dilxo\u015fluqlar&#8230;\n<\/p>\n<p>\n  Konstitusiyaya qar\u015f\u0131 a\u011f\u0131r d\u00f6y\u00fc\u015fl\u0259rd\u0259 birinci s\u0259fd\u0259 \u0259dliyy\u0259 i\u015f\u00e7l\u0259ri, hakiml\u0259r da\u011f kimi dayan\u0131blar. Qollar\u0131 qandallamaqda, dill\u0259ri k\u0259sm\u0259kd\u0259 onlar\u0131n tay\u0131-b\u0259rab\u0259ri yoxdur. Z\u00fclm s\u0259lt\u0259n\u0259timizin daya\u011f\u0131 hakiml\u0259rdir.\n<\/p>\n<p>\n  N\u0259hay\u0259t, z\u00fclm\u00fcn \u0259sas istinadgah\u0131 mill\u0259tin \u00f6z\u00fcd\u00fcr. \u201cZ\u00fclm\u00fcn astar\u0131 s\u0259birdir\u201d! D\u00fcnyada h\u0259r \u015fey\u0259, b\u00fct\u00fcn m\u0259na v\u0259 meyarlara yad v\u0259 yaban\u00e7\u0131 olan m\u0259xluqat V\u0259t\u0259n\u0259, L\u0259yaq\u0259t\u0259, \u015e\u0259r\u0259f\u0259 v\u0259 G\u0259l\u0259c\u0259y\u0259 bigan\u0259liyi il\u0259 ist\u0259nil\u0259n z\u00fclm \u00fc\u00e7\u00fcn \u0259n m\u00fcnasib \u015f\u0259raiti yeti\u015fdirir v\u0259 yarad\u0131r.\n<\/p>\n<p>\n  C\u0259h\u0259nn\u0259m\u0259 t\u0259fti\u015f g\u0259lir. Bax\u0131b g\u00f6r\u00fcrl\u0259r ki, bir tonqal\u0131n \u00fcst\u00fcnd\u0259 bir qazan qaynay\u0131r, \u00fcst\u00fcnd\u0259 qapaq, qapa\u011f\u0131n \u00fcst\u00fcnd\u0259 yek\u0259 bir da\u015f. Soru\u015furlar ki, qapa\u011f\u0131n\u0131n \u00fcst\u00fcn\u0259 da\u015f qoyulmu\u015f bu qazanda kim qaynay\u0131r? Deyirl\u0259r ki, y\u0259hudil\u0259rdir, biri \u00e7\u0131xsa, ba\u015fqalar\u0131n\u0131 da dart\u0131b \u00e7\u0131xaracaq.\n<\/p>\n<p>\n  Ba\u015fqa tonqal\u0131n \u00fcst\u00fcnd\u0259 qapaqs\u0131z qazan qaynay\u0131r. Soru\u015furlar b\u0259s bunun niy\u0259 qapa\u011f\u0131 yoxdur? Deyirl\u0259r ki, burada m\u00fcs\u0259lmanlar qaynay\u0131r, kims\u0259 \u00e7\u0131xmaq ist\u0259s\u0259,\u00f6zl\u0259ri aya\u011f\u0131ndan dart\u0131b geri salacaqlar.\n<\/p>\n<p>\n  M\u00fcs\u0259lman n\u0259dir, Konstitusiya n\u0259dir? Bir m\u00fcs\u0259lman \u00f6lk\u0259si var idi, T\u00fcrkiy\u0259, f\u0259xr edirdik ki, orada demokratiya var. N\u0259 oldu? Darb\u0259, \u0259ks-darb\u0259 v\u0259 sair hakimiyy\u0259t davalar\u0131&#8230;\n<\/p>\n<p>\n  N\u0259 etm\u0259li? Cavab ayd\u0131nd\u0131r.\n<\/p>\n<p>\n  Ya lal-dinm\u0259z bu zill\u0259t\u0259 d\u00f6zm\u0259li, ya ba\u015f\u0131m\u0131z\u0131 g\u00f6t\u00fcr\u00fcb c\u0259lai-v\u0259t\u0259n olmal\u0131, ya da can\u0131m\u0131z\u0131 di\u015fimizl\u0259 tutub bu g\u00f6z\u00fc v\u0259 qarn\u0131 doymayan, ab\u0131r-h\u0259ya bilm\u0259y\u0259n z\u00fcmr\u0259 il\u0259 \u00e7arp\u0131\u015fmal\u0131.\n<\/p>\n<p>\n  Ba\u015fqa yol yoxdur. Olanlar\u0131 budur. Buyurun, se\u00e7in.\n<\/p>\n<p>\n  <i><br \/>\n    <b><br \/>\n      Yaz\u0131 m\u00fc\u0259llifin fikirl\u0259rini \u0259ks etdirir v\u0259 Meydan TV-nin m\u00f6vqeyi il\u0259 \u00fcst-\u00fcst\u0259 d\u00fc\u015fm\u0259y\u0259 bil\u0259r.<br \/>\n    <\/b><br \/>\n  <\/i><\/p>\n","protected":false},"excerpt":{"rendered":"<p>Bu \u0259razid\u0259 ya\u015fayan \u0259hali mahiyy\u0259td\u0259n daha \u00e7ox g\u00f6r\u00fcnt\u00fcy\u0259 q\u0259dir-qiym\u0259t qoyur<\/p>\n","protected":false},"author":11,"featured_media":95516,"comment_status":"closed","ping_status":"open","sticky":false,"template":"","format":"standard","meta":{"_acf_changed":false,"_sitemap_exclude":false,"_sitemap_priority":"","_sitemap_frequency":"","footnotes":""},"categories":[57],"tags":[],"class_list":["post-187531","post","type-post","status-publish","format-standard","has-post-thumbnail","hentry","category-menim-fikrimce","infinite-scroll-item","generate-columns","tablet-grid-50","mobile-grid-100","grid-parent","grid-33","no-featured-image-padding"],"acf":[],"yoast_head":"<!-- This site is optimized with the Yoast SEO plugin v27.5 - https:\/\/yoast.com\/product\/yoast-seo-wordpress\/ -->\n<title>Az\u0259rbaycan feodalizmi xalqa qar\u015f\u0131 - MEYDAN.TV<\/title>\n<meta name=\"robots\" content=\"index, follow, max-snippet:-1, max-image-preview:large, max-video-preview:-1\" \/>\n<link rel=\"canonical\" href=\"https:\/\/www.meydan.tv\/az\/article\/azerbaycan-feodalizmi-xalqa-qarsi\/\" \/>\n<meta property=\"og:locale\" content=\"az_AZ\" \/>\n<meta property=\"og:type\" content=\"article\" \/>\n<meta property=\"og:title\" content=\"Az\u0259rbaycan feodalizmi xalqa qar\u015f\u0131 - MEYDAN.TV\" \/>\n<meta property=\"og:description\" content=\"Bu \u0259razid\u0259 ya\u015fayan \u0259hali mahiyy\u0259td\u0259n daha \u00e7ox g\u00f6r\u00fcnt\u00fcy\u0259 q\u0259dir-qiym\u0259t qoyur\" \/>\n<meta property=\"og:url\" content=\"https:\/\/www.meydan.tv\/az\/article\/azerbaycan-feodalizmi-xalqa-qarsi\/\" \/>\n<meta property=\"og:site_name\" content=\"MEYDAN.TV\" \/>\n<meta property=\"article:published_time\" content=\"2017-11-20T18:34:17+00:00\" \/>\n<meta property=\"og:image\" content=\"https:\/\/www.meydan.tv\/wp-content\/uploads\/37742.jpg\" \/>\n\t<meta property=\"og:image:width\" content=\"1000\" \/>\n\t<meta property=\"og:image:height\" content=\"665\" \/>\n\t<meta property=\"og:image:type\" content=\"image\/jpeg\" \/>\n<meta name=\"author\" content=\"user-manager\" \/>\n<meta name=\"twitter:card\" content=\"summary_large_image\" \/>\n<script type=\"application\/ld+json\" class=\"yoast-schema-graph\">{\"@context\":\"https:\\\/\\\/schema.org\",\"@graph\":[{\"@type\":\"Article\",\"@id\":\"https:\\\/\\\/www.meydan.tv\\\/az\\\/article\\\/azerbaycan-feodalizmi-xalqa-qarsi\\\/#article\",\"isPartOf\":{\"@id\":\"https:\\\/\\\/www.meydan.tv\\\/az\\\/article\\\/azerbaycan-feodalizmi-xalqa-qarsi\\\/\"},\"author\":{\"name\":\"user-manager\",\"@id\":\"https:\\\/\\\/www.meydan.tv\\\/az\\\/#\\\/schema\\\/person\\\/10d11eccf6da3662cf5fdab9806ea91a\"},\"headline\":\"Az\u0259rbaycan feodalizmi xalqa qar\u015f\u0131\",\"datePublished\":\"2017-11-20T18:34:17+00:00\",\"mainEntityOfPage\":{\"@id\":\"https:\\\/\\\/www.meydan.tv\\\/az\\\/article\\\/azerbaycan-feodalizmi-xalqa-qarsi\\\/\"},\"wordCount\":1643,\"publisher\":{\"@id\":\"https:\\\/\\\/www.meydan.tv\\\/az\\\/#organization\"},\"image\":{\"@id\":\"https:\\\/\\\/www.meydan.tv\\\/az\\\/article\\\/azerbaycan-feodalizmi-xalqa-qarsi\\\/#primaryimage\"},\"thumbnailUrl\":\"https:\\\/\\\/www.meydan.tv\\\/wp-content\\\/uploads\\\/37742.jpg\",\"articleSection\":[\"M\u0259nim Fikrimc\u0259\"],\"inLanguage\":\"az\"},{\"@type\":\"WebPage\",\"@id\":\"https:\\\/\\\/www.meydan.tv\\\/az\\\/article\\\/azerbaycan-feodalizmi-xalqa-qarsi\\\/\",\"url\":\"https:\\\/\\\/www.meydan.tv\\\/az\\\/article\\\/azerbaycan-feodalizmi-xalqa-qarsi\\\/\",\"name\":\"Az\u0259rbaycan feodalizmi xalqa qar\u015f\u0131 - MEYDAN.TV\",\"isPartOf\":{\"@id\":\"https:\\\/\\\/www.meydan.tv\\\/az\\\/#website\"},\"primaryImageOfPage\":{\"@id\":\"https:\\\/\\\/www.meydan.tv\\\/az\\\/article\\\/azerbaycan-feodalizmi-xalqa-qarsi\\\/#primaryimage\"},\"image\":{\"@id\":\"https:\\\/\\\/www.meydan.tv\\\/az\\\/article\\\/azerbaycan-feodalizmi-xalqa-qarsi\\\/#primaryimage\"},\"thumbnailUrl\":\"https:\\\/\\\/www.meydan.tv\\\/wp-content\\\/uploads\\\/37742.jpg\",\"datePublished\":\"2017-11-20T18:34:17+00:00\",\"breadcrumb\":{\"@id\":\"https:\\\/\\\/www.meydan.tv\\\/az\\\/article\\\/azerbaycan-feodalizmi-xalqa-qarsi\\\/#breadcrumb\"},\"inLanguage\":\"az\",\"potentialAction\":[{\"@type\":\"ReadAction\",\"target\":[\"https:\\\/\\\/www.meydan.tv\\\/az\\\/article\\\/azerbaycan-feodalizmi-xalqa-qarsi\\\/\"]}]},{\"@type\":\"ImageObject\",\"inLanguage\":\"az\",\"@id\":\"https:\\\/\\\/www.meydan.tv\\\/az\\\/article\\\/azerbaycan-feodalizmi-xalqa-qarsi\\\/#primaryimage\",\"url\":\"https:\\\/\\\/www.meydan.tv\\\/wp-content\\\/uploads\\\/37742.jpg\",\"contentUrl\":\"https:\\\/\\\/www.meydan.tv\\\/wp-content\\\/uploads\\\/37742.jpg\",\"width\":1000,\"height\":665,\"caption\":\"Source:\"},{\"@type\":\"BreadcrumbList\",\"@id\":\"https:\\\/\\\/www.meydan.tv\\\/az\\\/article\\\/azerbaycan-feodalizmi-xalqa-qarsi\\\/#breadcrumb\",\"itemListElement\":[{\"@type\":\"ListItem\",\"position\":1,\"name\":\"Ana s\u0259hif\u0259\",\"item\":\"https:\\\/\\\/www.meydan.tv\\\/az\\\/\"},{\"@type\":\"ListItem\",\"position\":2,\"name\":\"M\u0259nim Fikrimc\u0259\",\"item\":\"https:\\\/\\\/www.meydan.tv\\\/az\\\/section\\\/menim-fikrimce\\\/\"},{\"@type\":\"ListItem\",\"position\":3,\"name\":\"Az\u0259rbaycan feodalizmi xalqa qar\u015f\u0131\"}]},{\"@type\":\"WebSite\",\"@id\":\"https:\\\/\\\/www.meydan.tv\\\/az\\\/#website\",\"url\":\"https:\\\/\\\/www.meydan.tv\\\/az\\\/\",\"name\":\"MEYDAN.TV\",\"description\":\"Meydan TV Az\u0259rbaycan\u0131n media m\u0259kan\u0131ndak\u0131 alternativ s\u0259sidir\",\"publisher\":{\"@id\":\"https:\\\/\\\/www.meydan.tv\\\/az\\\/#organization\"},\"potentialAction\":[{\"@type\":\"SearchAction\",\"target\":{\"@type\":\"EntryPoint\",\"urlTemplate\":\"https:\\\/\\\/www.meydan.tv\\\/az\\\/?s={search_term_string}\"},\"query-input\":{\"@type\":\"PropertyValueSpecification\",\"valueRequired\":true,\"valueName\":\"search_term_string\"}}],\"inLanguage\":\"az\"},{\"@type\":\"Organization\",\"@id\":\"https:\\\/\\\/www.meydan.tv\\\/az\\\/#organization\",\"name\":\"Meydan TV\",\"url\":\"https:\\\/\\\/www.meydan.tv\\\/az\\\/\",\"logo\":{\"@type\":\"ImageObject\",\"inLanguage\":\"az\",\"@id\":\"https:\\\/\\\/www.meydan.tv\\\/az\\\/#\\\/schema\\\/logo\\\/image\\\/\",\"url\":\"https:\\\/\\\/www.meydan.tv\\\/wp-content\\\/uploads\\\/2021\\\/07\\\/meydan-logo.svg\",\"contentUrl\":\"https:\\\/\\\/www.meydan.tv\\\/wp-content\\\/uploads\\\/2021\\\/07\\\/meydan-logo.svg\",\"width\":195,\"height\":46,\"caption\":\"Meydan TV\"},\"image\":{\"@id\":\"https:\\\/\\\/www.meydan.tv\\\/az\\\/#\\\/schema\\\/logo\\\/image\\\/\"}},{\"@type\":\"Person\",\"@id\":\"https:\\\/\\\/www.meydan.tv\\\/az\\\/#\\\/schema\\\/person\\\/10d11eccf6da3662cf5fdab9806ea91a\",\"name\":\"user-manager\"}]}<\/script>\n<!-- \/ Yoast SEO plugin. -->","yoast_head_json":{"title":"Az\u0259rbaycan feodalizmi xalqa qar\u015f\u0131 - MEYDAN.TV","robots":{"index":"index","follow":"follow","max-snippet":"max-snippet:-1","max-image-preview":"max-image-preview:large","max-video-preview":"max-video-preview:-1"},"canonical":"https:\/\/www.meydan.tv\/az\/article\/azerbaycan-feodalizmi-xalqa-qarsi\/","og_locale":"az_AZ","og_type":"article","og_title":"Az\u0259rbaycan feodalizmi xalqa qar\u015f\u0131 - MEYDAN.TV","og_description":"Bu \u0259razid\u0259 ya\u015fayan \u0259hali mahiyy\u0259td\u0259n daha \u00e7ox g\u00f6r\u00fcnt\u00fcy\u0259 q\u0259dir-qiym\u0259t qoyur","og_url":"https:\/\/www.meydan.tv\/az\/article\/azerbaycan-feodalizmi-xalqa-qarsi\/","og_site_name":"MEYDAN.TV","article_published_time":"2017-11-20T18:34:17+00:00","og_image":[{"width":1000,"height":665,"url":"https:\/\/www.meydan.tv\/wp-content\/uploads\/37742.jpg","type":"image\/jpeg"}],"author":"user-manager","twitter_card":"summary_large_image","schema":{"@context":"https:\/\/schema.org","@graph":[{"@type":"Article","@id":"https:\/\/www.meydan.tv\/az\/article\/azerbaycan-feodalizmi-xalqa-qarsi\/#article","isPartOf":{"@id":"https:\/\/www.meydan.tv\/az\/article\/azerbaycan-feodalizmi-xalqa-qarsi\/"},"author":{"name":"user-manager","@id":"https:\/\/www.meydan.tv\/az\/#\/schema\/person\/10d11eccf6da3662cf5fdab9806ea91a"},"headline":"Az\u0259rbaycan feodalizmi xalqa qar\u015f\u0131","datePublished":"2017-11-20T18:34:17+00:00","mainEntityOfPage":{"@id":"https:\/\/www.meydan.tv\/az\/article\/azerbaycan-feodalizmi-xalqa-qarsi\/"},"wordCount":1643,"publisher":{"@id":"https:\/\/www.meydan.tv\/az\/#organization"},"image":{"@id":"https:\/\/www.meydan.tv\/az\/article\/azerbaycan-feodalizmi-xalqa-qarsi\/#primaryimage"},"thumbnailUrl":"https:\/\/www.meydan.tv\/wp-content\/uploads\/37742.jpg","articleSection":["M\u0259nim Fikrimc\u0259"],"inLanguage":"az"},{"@type":"WebPage","@id":"https:\/\/www.meydan.tv\/az\/article\/azerbaycan-feodalizmi-xalqa-qarsi\/","url":"https:\/\/www.meydan.tv\/az\/article\/azerbaycan-feodalizmi-xalqa-qarsi\/","name":"Az\u0259rbaycan feodalizmi xalqa qar\u015f\u0131 - MEYDAN.TV","isPartOf":{"@id":"https:\/\/www.meydan.tv\/az\/#website"},"primaryImageOfPage":{"@id":"https:\/\/www.meydan.tv\/az\/article\/azerbaycan-feodalizmi-xalqa-qarsi\/#primaryimage"},"image":{"@id":"https:\/\/www.meydan.tv\/az\/article\/azerbaycan-feodalizmi-xalqa-qarsi\/#primaryimage"},"thumbnailUrl":"https:\/\/www.meydan.tv\/wp-content\/uploads\/37742.jpg","datePublished":"2017-11-20T18:34:17+00:00","breadcrumb":{"@id":"https:\/\/www.meydan.tv\/az\/article\/azerbaycan-feodalizmi-xalqa-qarsi\/#breadcrumb"},"inLanguage":"az","potentialAction":[{"@type":"ReadAction","target":["https:\/\/www.meydan.tv\/az\/article\/azerbaycan-feodalizmi-xalqa-qarsi\/"]}]},{"@type":"ImageObject","inLanguage":"az","@id":"https:\/\/www.meydan.tv\/az\/article\/azerbaycan-feodalizmi-xalqa-qarsi\/#primaryimage","url":"https:\/\/www.meydan.tv\/wp-content\/uploads\/37742.jpg","contentUrl":"https:\/\/www.meydan.tv\/wp-content\/uploads\/37742.jpg","width":1000,"height":665,"caption":"Source:"},{"@type":"BreadcrumbList","@id":"https:\/\/www.meydan.tv\/az\/article\/azerbaycan-feodalizmi-xalqa-qarsi\/#breadcrumb","itemListElement":[{"@type":"ListItem","position":1,"name":"Ana s\u0259hif\u0259","item":"https:\/\/www.meydan.tv\/az\/"},{"@type":"ListItem","position":2,"name":"M\u0259nim Fikrimc\u0259","item":"https:\/\/www.meydan.tv\/az\/section\/menim-fikrimce\/"},{"@type":"ListItem","position":3,"name":"Az\u0259rbaycan feodalizmi xalqa qar\u015f\u0131"}]},{"@type":"WebSite","@id":"https:\/\/www.meydan.tv\/az\/#website","url":"https:\/\/www.meydan.tv\/az\/","name":"MEYDAN.TV","description":"Meydan TV Az\u0259rbaycan\u0131n media m\u0259kan\u0131ndak\u0131 alternativ s\u0259sidir","publisher":{"@id":"https:\/\/www.meydan.tv\/az\/#organization"},"potentialAction":[{"@type":"SearchAction","target":{"@type":"EntryPoint","urlTemplate":"https:\/\/www.meydan.tv\/az\/?s={search_term_string}"},"query-input":{"@type":"PropertyValueSpecification","valueRequired":true,"valueName":"search_term_string"}}],"inLanguage":"az"},{"@type":"Organization","@id":"https:\/\/www.meydan.tv\/az\/#organization","name":"Meydan TV","url":"https:\/\/www.meydan.tv\/az\/","logo":{"@type":"ImageObject","inLanguage":"az","@id":"https:\/\/www.meydan.tv\/az\/#\/schema\/logo\/image\/","url":"https:\/\/www.meydan.tv\/wp-content\/uploads\/2021\/07\/meydan-logo.svg","contentUrl":"https:\/\/www.meydan.tv\/wp-content\/uploads\/2021\/07\/meydan-logo.svg","width":195,"height":46,"caption":"Meydan TV"},"image":{"@id":"https:\/\/www.meydan.tv\/az\/#\/schema\/logo\/image\/"}},{"@type":"Person","@id":"https:\/\/www.meydan.tv\/az\/#\/schema\/person\/10d11eccf6da3662cf5fdab9806ea91a","name":"user-manager"}]}},"_links":{"self":[{"href":"https:\/\/www.meydan.tv\/az\/wp-json\/wp\/v2\/posts\/187531","targetHints":{"allow":["GET"]}}],"collection":[{"href":"https:\/\/www.meydan.tv\/az\/wp-json\/wp\/v2\/posts"}],"about":[{"href":"https:\/\/www.meydan.tv\/az\/wp-json\/wp\/v2\/types\/post"}],"author":[{"embeddable":true,"href":"https:\/\/www.meydan.tv\/az\/wp-json\/wp\/v2\/users\/11"}],"replies":[{"embeddable":true,"href":"https:\/\/www.meydan.tv\/az\/wp-json\/wp\/v2\/comments?post=187531"}],"version-history":[{"count":0,"href":"https:\/\/www.meydan.tv\/az\/wp-json\/wp\/v2\/posts\/187531\/revisions"}],"wp:featuredmedia":[{"embeddable":true,"href":"https:\/\/www.meydan.tv\/az\/wp-json\/wp\/v2\/media\/95516"}],"wp:attachment":[{"href":"https:\/\/www.meydan.tv\/az\/wp-json\/wp\/v2\/media?parent=187531"}],"wp:term":[{"taxonomy":"category","embeddable":true,"href":"https:\/\/www.meydan.tv\/az\/wp-json\/wp\/v2\/categories?post=187531"},{"taxonomy":"post_tag","embeddable":true,"href":"https:\/\/www.meydan.tv\/az\/wp-json\/wp\/v2\/tags?post=187531"}],"curies":[{"name":"wp","href":"https:\/\/api.w.org\/{rel}","templated":true}]}}