{"id":187501,"date":"2017-11-17T13:09:28","date_gmt":"2017-11-17T13:09:28","guid":{"rendered":"https:\/\/www.meydan.tv\/article\/xedice-ismayila-sergey-maqnitski-mukafati-verilib\/"},"modified":"2017-11-17T13:09:28","modified_gmt":"2017-11-17T13:09:28","slug":"xedice-ismayila-sergey-maqnitski-mukafati-verilib","status":"publish","type":"post","link":"https:\/\/www.meydan.tv\/az\/article\/xedice-ismayila-sergey-maqnitski-mukafati-verilib\/","title":{"rendered":"X\u0259dic\u0259 \u0130smay\u0131la &#8221;Sergey Maqnitski&#8221; m\u00fckafat\u0131 verilib"},"content":{"rendered":"<figure class=\"wp-block-image size-large\">\n  <img decoding=\"async\" src=\"https:\/\/www.meydan.tv\/az\/95393\/\" alt=\"\" class=\"wp-image-95393\"\/><figcaption><\/figcaption><\/figure>\n<p>\n  <i><br \/>\n    &#8221;M\u00fckafat\u0131 anonim jurnalistl\u0259r ad\u0131ndan alm\u0131\u015fam&#8221;<br \/>\n  <\/i>\n<\/p>\n<p>\n  Ara\u015fd\u0131rma\u00e7\u0131 jurnalist X\u0259dic\u0259 \u0130smay\u0131la noyabr\u0131n 16-da B\u00f6y\u00fck Brityaniyan\u0131n paytaxt\u0131 Londonda \u201cSergey Maqnitski\u201d ad\u0131na \u0130nsan Haqlar\u0131 M\u00fckafat\u0131n\u0131n t\u0259qdimat\u0131 olub.\n<\/p>\n<p>\n  X\u0259dic\u0259 \u0130smay\u0131l \u00f6lk\u0259d\u0259n \u00e7\u0131x\u0131\u015f\u0131na qada\u011fa qoyuldu\u011fu \u00fc\u00e7\u00fcn t\u0259dbir\u0259 Skype vasit\u0259si il\u0259 qat\u0131l\u0131b.\n<\/p>\n<p>\n  Jurnalist Meydan TV-y\u0259 deyib ki, h\u0259r il oldu\u011fu kimi bu il d\u0259 m\u0259rasimi gizli \u015f\u0259kild\u0259 ke\u00e7iribl\u0259r, \u0259vv\u0259lc\u0259d\u0259n m\u0259tbuat m\u0259lumatland\u0131r\u0131lmam\u0131\u015fd\u0131:\n<\/p>\n<p>\n  \u201cM\u0259nd\u0259n d\u0259 m\u0259rasimin harada v\u0259 n\u0259 zaman olaca\u011f\u0131n\u0131n m\u0259xfiliyini qoruma\u011f\u0131 xahi\u015f etmi\u015fdil\u0259r. Yaln\u0131z qonaqlar m\u0259lumatland\u0131r\u0131l\u0131b. M\u0259s\u0259l\u0259 ondad\u0131r ki, m\u0259rasim\u0259 qat\u0131lanlar\u0131n \u00e7oxu Rusiya h\u00f6kum\u0259tinin h\u0259d\u0259find\u0259dirl\u0259r. M\u0259s\u0259l\u0259n, bu il m\u00fckafat alan Vladimir Kara-Murzan\u0131n h\u0259yat\u0131na iki d\u0259f\u0259 q\u0259sd olub. S\u0131rf t\u0259hl\u00fck\u0259sizlik m\u0259qs\u0259dil\u0259 m\u0259rasimin yeri v\u0259 vaxt\u0131 gizli saxlan\u0131l\u0131b\u201d.\n<\/p>\n<p>\n  X.\u0130smay\u0131l Facebook sosial \u015f\u0259b\u0259k\u0259sind\u0259 m\u00fckafat\u0131 anonim jurnalistl\u0259r ad\u0131ndan ald\u0131\u011f\u0131n\u0131 deyib. Bu ifad\u0259ni Meydan TV-\u0259 izah ed\u0259n jurnalist bildirib ki, ona m\u00fckafat\u0131 t\u0259qdim ed\u0259c\u0259kl\u0259ri bar\u0259d\u0259 m\u0259lumat ver\u0259nd\u0259 deyib ki, yaln\u0131z onunla b\u0259rab\u0259r anonim jurnalistl\u0259r d\u0259 m\u00fckafat\u0131 alaca\u011f\u0131 t\u0259qdird\u0259 raz\u0131la\u015facaq.\n<\/p>\n<p>\n  \u201cAz\u0259rbaycanda \u00e7oxlu sayda vicdanl\u0131 jurnalistl\u0259r var ki, adlar\u0131n\u0131 gizl\u0259tm\u0259kl\u0259 \u00f6zl\u0259rin\u0259 v\u0259 ail\u0259l\u0259rin\u0259 qar\u015f\u0131 riskl\u0259rd\u0259n s\u0131\u011fortalan\u0131blar. Onlarla\u00a0 birg\u0259 OCCRP \u00fc\u00e7\u00fcn d\u0259 ara\u015fd\u0131rmalar edirik, \u201cAz\u0259rbaycan\u0131n Pulyuyan ma\u015f\u0131n\u0131\u201d ara\u015fd\u0131rmas\u0131nda da h\u0259min jurnalistl\u0259r vard\u0131. M\u0259n h\u0259bsd\u0259 olark\u0259n \u201cX\u0259dic\u0259 layih\u0259si\u201d \u00fc\u00e7\u00fcn edil\u0259n ara\u015fdr\u0131malar\u0131n \u0259ks\u0259riyy\u0259tind\u0259 Az\u0259rbaycandan anonim jurnalistl\u0259r imza qoyublar. Odur ki,\u00a0 \u201cSergey Maqnitski\u201d ad\u0131na \u0130nsan Haqlar\u0131 M\u00fckafat\u0131n\u0131 q\u0259bul ed\u0259rk\u0259n onlar\u0131n ad\u0131na q\u0259bul etdim\u201d.\n<\/p>\n<p>\n  M\u00fckafat\u0131n maliyy\u0259 hiss\u0259sinin olub-olmamas\u0131 bar\u0259d\u0259 suala jurnalist ona bu bar\u0259d\u0259 he\u00e7 n\u0259 deyilm\u0259diyini s\u00f6yl\u0259yib:\n<\/p>\n<p>\n  \u201c\u018fg\u0259r informasiya vers\u0259l\u0259r, payla\u015facam\u201d.\n<\/p>\n<p>\n  Jurnalist bu m\u00fckafata korrupsiyaya qar\u015f\u0131 c\u0259sar\u0259tli ara\u015fd\u0131rmalar\u0131na g\u00f6r\u0259 layiq g\u00f6r\u00fcl\u00fcb.\n<\/p>\n<p>\n  X\u0259dic\u0259 \u0130smay\u0131l 2014-c\u00fc il dekabr\u0131n 5-d\u0259 h\u0259bs olunub. Jurnalist\u0259 vergid\u0259n yay\u0131nma, qanunsuz sahibkarl\u0131q kimi ittihamlarla 7 il 6 ay h\u0259bs c\u0259zas\u0131 verilib.\n<\/p>\n<p>\n  O, Cinay\u0259t M\u0259c\u0259ll\u0259sinin 179.3.2-ci (m\u0259nims\u0259m\u0259 v\u0259 israf etm\u0259 \u2013 k\u00fclli miqdarda t\u00f6r\u0259dildikd\u0259), 192.2.2 (qanunsuz sahibkarl\u0131q), 213.1(vergi \u00f6d\u0259m\u0259kd\u0259n yay\u0131nma) v\u0259 308.2-ci (v\u0259zif\u0259 s\u0259lahiyy\u0259tl\u0259rind\u0259n sui-istifad\u0259) madd\u0259l\u0259ri \u00fczr\u0259 t\u0259qsirl\u0259ndirilib.\n<\/p>\n<p>\n  Jurnalist b\u00fct\u00fcn ittihamlar\u0131 r\u0259dd edib, m\u0259hz korrupsiya ara\u015fd\u0131rmalar\u0131na g\u00f6r\u0259 h\u0259bs olundu\u011funu b\u0259yan edib.\n<\/p>\n<p>\n  X.\u0130smay\u0131l Ali M\u0259hk\u0259m\u0259nin q\u0259rar\u0131 il\u0259 2016-c\u0131 il may\u0131n 25-d\u0259 h\u0259bsd\u0259n burax\u0131l\u0131b. M\u0259hk\u0259m\u0259 onun c\u0259zas\u0131n\u0131 3 il 6 ay \u015f\u0259rti c\u0259za il\u0259 \u0259v\u0259z edib.\n<\/p>\n<p>\n  M\u0259hk\u0259m\u0259 ona ittiham olundu\u011fu iki madd\u0259 \u00fczr\u0259 179 (m\u0259nims\u0259m\u0259) v\u0259 308 (v\u0259zif\u0259 s\u0259lahiyy\u0259tl\u0259rind\u0259n sui-istifad\u0259) b\u0259ra\u0259t verib.\n<\/p>\n<p>\n  M\u0259hk\u0259m\u0259 jurnalist\u0259 ittiham olundu\u011fu dig\u0259r iki madd\u0259 192 (qanunsuz sahibkarl\u0131q) v\u0259 213 (vergid\u0259n yay\u0131nma) \u00fczr\u0259 is\u0259 3 il 6 ay c\u0259za verib. Daha sonra 70-ci madd\u0259ni t\u0259dbiq etm\u0259kl\u0259 onun h\u0259bs c\u0259zas\u0131 \u015f\u0259rti c\u0259za il\u0259 \u0259v\u0259zl\u0259nib.\n<\/p>\n<p>\n  X.\u0130smay\u0131l son ill\u0259r bir ne\u00e7\u0259 n\u00fcfuzlu m\u00fckafatlara layiq g\u00f6r\u00fcl\u00fcb.\n<\/p>\n<p>\n  O, d\u00fcnyada azadl\u0131q mesaj\u0131n\u0131 yayan jurnalist v\u0259 f\u0259al kimi 2016-c\u0131 il YUNESKO-nun Cuillermo Cani D\u00fcnya M\u0259tbuat Azadl\u0131\u011f\u0131 M\u00fckafat\u0131na lay\u0131q g\u00f6r\u00fcl\u00fcb.\n<\/p>\n<p>\n  Bu il sentyabr\u0131n 26-da X.\u0130smay\u0131l \u201cNobel m\u00fckafat\u0131na alternativ\u201d \u2013 \u201cD\u00fcr\u00fcst H\u0259yat\u201d (Right Livelihood) laureat\u0131 ad\u0131n\u0131 qazan\u0131b.\n<\/p>\n<p>\n  Kanadadak\u0131 Britaniya Kolumbiyas\u0131 Universiteti H\u00fcquq fak\u00fclt\u0259sinin t\u0259sis etdiyi \u201cAllard\u201d m\u00fckafat\u0131n\u0131n qalibi d\u0259 X\u0259dic\u0259 \u0130smay\u0131l elan edilib.<\/p>\n","protected":false},"excerpt":{"rendered":"<p>&#8221;M\u00fckafat\u0131 anonim jurnalistl\u0259r ad\u0131ndan alm\u0131\u015fam&#8221;<\/p>\n","protected":false},"author":11,"featured_media":95393,"comment_status":"closed","ping_status":"open","sticky":false,"template":"","format":"standard","meta":{"_acf_changed":false,"_sitemap_exclude":false,"_sitemap_priority":"","_sitemap_frequency":"","footnotes":""},"categories":[56],"tags":[],"class_list":["post-187501","post","type-post","status-publish","format-standard","has-post-thumbnail","hentry","category-xeberler","infinite-scroll-item","generate-columns","tablet-grid-50","mobile-grid-100","grid-parent","grid-33","no-featured-image-padding"],"acf":[],"yoast_head":"<!-- This site is optimized with the Yoast SEO plugin v27.4 - https:\/\/yoast.com\/product\/yoast-seo-wordpress\/ -->\n<title>X\u0259dic\u0259 \u0130smay\u0131la &#039;&#039;Sergey Maqnitski&#039;&#039; m\u00fckafat\u0131 verilib - MEYDAN.TV<\/title>\n<meta name=\"robots\" content=\"index, follow, max-snippet:-1, max-image-preview:large, max-video-preview:-1\" \/>\n<link rel=\"canonical\" href=\"https:\/\/www.meydan.tv\/az\/article\/xedice-ismayila-sergey-maqnitski-mukafati-verilib\/\" \/>\n<meta property=\"og:locale\" content=\"az_AZ\" \/>\n<meta property=\"og:type\" content=\"article\" \/>\n<meta property=\"og:title\" content=\"X\u0259dic\u0259 \u0130smay\u0131la &#039;&#039;Sergey Maqnitski&#039;&#039; m\u00fckafat\u0131 verilib - MEYDAN.TV\" \/>\n<meta property=\"og:description\" content=\"&#039;&#039;M\u00fckafat\u0131 anonim jurnalistl\u0259r ad\u0131ndan alm\u0131\u015fam&#039;&#039;\" \/>\n<meta property=\"og:url\" content=\"https:\/\/www.meydan.tv\/az\/article\/xedice-ismayila-sergey-maqnitski-mukafati-verilib\/\" \/>\n<meta property=\"og:site_name\" content=\"MEYDAN.TV\" \/>\n<meta property=\"article:published_time\" content=\"2017-11-17T13:09:28+00:00\" \/>\n<meta property=\"og:image\" content=\"https:\/\/www.meydan.tv\/wp-content\/uploads\/37691.png\" \/>\n\t<meta property=\"og:image:width\" content=\"810\" \/>\n\t<meta property=\"og:image:height\" content=\"450\" \/>\n\t<meta property=\"og:image:type\" content=\"image\/png\" \/>\n<meta name=\"author\" content=\"user-manager\" \/>\n<meta name=\"twitter:card\" content=\"summary_large_image\" \/>\n<script type=\"application\/ld+json\" class=\"yoast-schema-graph\">{\"@context\":\"https:\\\/\\\/schema.org\",\"@graph\":[{\"@type\":\"Article\",\"@id\":\"https:\\\/\\\/www.meydan.tv\\\/az\\\/article\\\/xedice-ismayila-sergey-maqnitski-mukafati-verilib\\\/#article\",\"isPartOf\":{\"@id\":\"https:\\\/\\\/www.meydan.tv\\\/az\\\/article\\\/xedice-ismayila-sergey-maqnitski-mukafati-verilib\\\/\"},\"author\":{\"name\":\"user-manager\",\"@id\":\"https:\\\/\\\/www.meydan.tv\\\/az\\\/#\\\/schema\\\/person\\\/10d11eccf6da3662cf5fdab9806ea91a\"},\"headline\":\"X\u0259dic\u0259 \u0130smay\u0131la &#8221;Sergey Maqnitski&#8221; m\u00fckafat\u0131 verilib\",\"datePublished\":\"2017-11-17T13:09:28+00:00\",\"mainEntityOfPage\":{\"@id\":\"https:\\\/\\\/www.meydan.tv\\\/az\\\/article\\\/xedice-ismayila-sergey-maqnitski-mukafati-verilib\\\/\"},\"wordCount\":718,\"publisher\":{\"@id\":\"https:\\\/\\\/www.meydan.tv\\\/az\\\/#organization\"},\"image\":{\"@id\":\"https:\\\/\\\/www.meydan.tv\\\/az\\\/article\\\/xedice-ismayila-sergey-maqnitski-mukafati-verilib\\\/#primaryimage\"},\"thumbnailUrl\":\"https:\\\/\\\/www.meydan.tv\\\/wp-content\\\/uploads\\\/37691.png\",\"articleSection\":[\"X\u0259b\u0259rl\u0259r\"],\"inLanguage\":\"az\"},{\"@type\":\"WebPage\",\"@id\":\"https:\\\/\\\/www.meydan.tv\\\/az\\\/article\\\/xedice-ismayila-sergey-maqnitski-mukafati-verilib\\\/\",\"url\":\"https:\\\/\\\/www.meydan.tv\\\/az\\\/article\\\/xedice-ismayila-sergey-maqnitski-mukafati-verilib\\\/\",\"name\":\"X\u0259dic\u0259 \u0130smay\u0131la ''Sergey Maqnitski'' m\u00fckafat\u0131 verilib - MEYDAN.TV\",\"isPartOf\":{\"@id\":\"https:\\\/\\\/www.meydan.tv\\\/az\\\/#website\"},\"primaryImageOfPage\":{\"@id\":\"https:\\\/\\\/www.meydan.tv\\\/az\\\/article\\\/xedice-ismayila-sergey-maqnitski-mukafati-verilib\\\/#primaryimage\"},\"image\":{\"@id\":\"https:\\\/\\\/www.meydan.tv\\\/az\\\/article\\\/xedice-ismayila-sergey-maqnitski-mukafati-verilib\\\/#primaryimage\"},\"thumbnailUrl\":\"https:\\\/\\\/www.meydan.tv\\\/wp-content\\\/uploads\\\/37691.png\",\"datePublished\":\"2017-11-17T13:09:28+00:00\",\"breadcrumb\":{\"@id\":\"https:\\\/\\\/www.meydan.tv\\\/az\\\/article\\\/xedice-ismayila-sergey-maqnitski-mukafati-verilib\\\/#breadcrumb\"},\"inLanguage\":\"az\",\"potentialAction\":[{\"@type\":\"ReadAction\",\"target\":[\"https:\\\/\\\/www.meydan.tv\\\/az\\\/article\\\/xedice-ismayila-sergey-maqnitski-mukafati-verilib\\\/\"]}]},{\"@type\":\"ImageObject\",\"inLanguage\":\"az\",\"@id\":\"https:\\\/\\\/www.meydan.tv\\\/az\\\/article\\\/xedice-ismayila-sergey-maqnitski-mukafati-verilib\\\/#primaryimage\",\"url\":\"https:\\\/\\\/www.meydan.tv\\\/wp-content\\\/uploads\\\/37691.png\",\"contentUrl\":\"https:\\\/\\\/www.meydan.tv\\\/wp-content\\\/uploads\\\/37691.png\",\"width\":810,\"height\":450,\"caption\":\"Source:\"},{\"@type\":\"BreadcrumbList\",\"@id\":\"https:\\\/\\\/www.meydan.tv\\\/az\\\/article\\\/xedice-ismayila-sergey-maqnitski-mukafati-verilib\\\/#breadcrumb\",\"itemListElement\":[{\"@type\":\"ListItem\",\"position\":1,\"name\":\"Ana s\u0259hif\u0259\",\"item\":\"https:\\\/\\\/www.meydan.tv\\\/az\\\/\"},{\"@type\":\"ListItem\",\"position\":2,\"name\":\"X\u0259b\u0259rl\u0259r\",\"item\":\"https:\\\/\\\/www.meydan.tv\\\/az\\\/section\\\/xeberler\\\/\"},{\"@type\":\"ListItem\",\"position\":3,\"name\":\"X\u0259dic\u0259 \u0130smay\u0131la &#8221;Sergey Maqnitski&#8221; m\u00fckafat\u0131 verilib\"}]},{\"@type\":\"WebSite\",\"@id\":\"https:\\\/\\\/www.meydan.tv\\\/az\\\/#website\",\"url\":\"https:\\\/\\\/www.meydan.tv\\\/az\\\/\",\"name\":\"MEYDAN.TV\",\"description\":\"Meydan TV Az\u0259rbaycan\u0131n media m\u0259kan\u0131ndak\u0131 alternativ s\u0259sidir\",\"publisher\":{\"@id\":\"https:\\\/\\\/www.meydan.tv\\\/az\\\/#organization\"},\"potentialAction\":[{\"@type\":\"SearchAction\",\"target\":{\"@type\":\"EntryPoint\",\"urlTemplate\":\"https:\\\/\\\/www.meydan.tv\\\/az\\\/?s={search_term_string}\"},\"query-input\":{\"@type\":\"PropertyValueSpecification\",\"valueRequired\":true,\"valueName\":\"search_term_string\"}}],\"inLanguage\":\"az\"},{\"@type\":\"Organization\",\"@id\":\"https:\\\/\\\/www.meydan.tv\\\/az\\\/#organization\",\"name\":\"Meydan TV\",\"url\":\"https:\\\/\\\/www.meydan.tv\\\/az\\\/\",\"logo\":{\"@type\":\"ImageObject\",\"inLanguage\":\"az\",\"@id\":\"https:\\\/\\\/www.meydan.tv\\\/az\\\/#\\\/schema\\\/logo\\\/image\\\/\",\"url\":\"https:\\\/\\\/www.meydan.tv\\\/wp-content\\\/uploads\\\/2021\\\/07\\\/meydan-logo.svg\",\"contentUrl\":\"https:\\\/\\\/www.meydan.tv\\\/wp-content\\\/uploads\\\/2021\\\/07\\\/meydan-logo.svg\",\"width\":195,\"height\":46,\"caption\":\"Meydan TV\"},\"image\":{\"@id\":\"https:\\\/\\\/www.meydan.tv\\\/az\\\/#\\\/schema\\\/logo\\\/image\\\/\"}},{\"@type\":\"Person\",\"@id\":\"https:\\\/\\\/www.meydan.tv\\\/az\\\/#\\\/schema\\\/person\\\/10d11eccf6da3662cf5fdab9806ea91a\",\"name\":\"user-manager\"}]}<\/script>\n<!-- \/ Yoast SEO plugin. -->","yoast_head_json":{"title":"X\u0259dic\u0259 \u0130smay\u0131la ''Sergey Maqnitski'' m\u00fckafat\u0131 verilib - MEYDAN.TV","robots":{"index":"index","follow":"follow","max-snippet":"max-snippet:-1","max-image-preview":"max-image-preview:large","max-video-preview":"max-video-preview:-1"},"canonical":"https:\/\/www.meydan.tv\/az\/article\/xedice-ismayila-sergey-maqnitski-mukafati-verilib\/","og_locale":"az_AZ","og_type":"article","og_title":"X\u0259dic\u0259 \u0130smay\u0131la ''Sergey Maqnitski'' m\u00fckafat\u0131 verilib - MEYDAN.TV","og_description":"''M\u00fckafat\u0131 anonim jurnalistl\u0259r ad\u0131ndan alm\u0131\u015fam''","og_url":"https:\/\/www.meydan.tv\/az\/article\/xedice-ismayila-sergey-maqnitski-mukafati-verilib\/","og_site_name":"MEYDAN.TV","article_published_time":"2017-11-17T13:09:28+00:00","og_image":[{"width":810,"height":450,"url":"https:\/\/www.meydan.tv\/wp-content\/uploads\/37691.png","type":"image\/png"}],"author":"user-manager","twitter_card":"summary_large_image","schema":{"@context":"https:\/\/schema.org","@graph":[{"@type":"Article","@id":"https:\/\/www.meydan.tv\/az\/article\/xedice-ismayila-sergey-maqnitski-mukafati-verilib\/#article","isPartOf":{"@id":"https:\/\/www.meydan.tv\/az\/article\/xedice-ismayila-sergey-maqnitski-mukafati-verilib\/"},"author":{"name":"user-manager","@id":"https:\/\/www.meydan.tv\/az\/#\/schema\/person\/10d11eccf6da3662cf5fdab9806ea91a"},"headline":"X\u0259dic\u0259 \u0130smay\u0131la &#8221;Sergey Maqnitski&#8221; m\u00fckafat\u0131 verilib","datePublished":"2017-11-17T13:09:28+00:00","mainEntityOfPage":{"@id":"https:\/\/www.meydan.tv\/az\/article\/xedice-ismayila-sergey-maqnitski-mukafati-verilib\/"},"wordCount":718,"publisher":{"@id":"https:\/\/www.meydan.tv\/az\/#organization"},"image":{"@id":"https:\/\/www.meydan.tv\/az\/article\/xedice-ismayila-sergey-maqnitski-mukafati-verilib\/#primaryimage"},"thumbnailUrl":"https:\/\/www.meydan.tv\/wp-content\/uploads\/37691.png","articleSection":["X\u0259b\u0259rl\u0259r"],"inLanguage":"az"},{"@type":"WebPage","@id":"https:\/\/www.meydan.tv\/az\/article\/xedice-ismayila-sergey-maqnitski-mukafati-verilib\/","url":"https:\/\/www.meydan.tv\/az\/article\/xedice-ismayila-sergey-maqnitski-mukafati-verilib\/","name":"X\u0259dic\u0259 \u0130smay\u0131la ''Sergey Maqnitski'' m\u00fckafat\u0131 verilib - MEYDAN.TV","isPartOf":{"@id":"https:\/\/www.meydan.tv\/az\/#website"},"primaryImageOfPage":{"@id":"https:\/\/www.meydan.tv\/az\/article\/xedice-ismayila-sergey-maqnitski-mukafati-verilib\/#primaryimage"},"image":{"@id":"https:\/\/www.meydan.tv\/az\/article\/xedice-ismayila-sergey-maqnitski-mukafati-verilib\/#primaryimage"},"thumbnailUrl":"https:\/\/www.meydan.tv\/wp-content\/uploads\/37691.png","datePublished":"2017-11-17T13:09:28+00:00","breadcrumb":{"@id":"https:\/\/www.meydan.tv\/az\/article\/xedice-ismayila-sergey-maqnitski-mukafati-verilib\/#breadcrumb"},"inLanguage":"az","potentialAction":[{"@type":"ReadAction","target":["https:\/\/www.meydan.tv\/az\/article\/xedice-ismayila-sergey-maqnitski-mukafati-verilib\/"]}]},{"@type":"ImageObject","inLanguage":"az","@id":"https:\/\/www.meydan.tv\/az\/article\/xedice-ismayila-sergey-maqnitski-mukafati-verilib\/#primaryimage","url":"https:\/\/www.meydan.tv\/wp-content\/uploads\/37691.png","contentUrl":"https:\/\/www.meydan.tv\/wp-content\/uploads\/37691.png","width":810,"height":450,"caption":"Source:"},{"@type":"BreadcrumbList","@id":"https:\/\/www.meydan.tv\/az\/article\/xedice-ismayila-sergey-maqnitski-mukafati-verilib\/#breadcrumb","itemListElement":[{"@type":"ListItem","position":1,"name":"Ana s\u0259hif\u0259","item":"https:\/\/www.meydan.tv\/az\/"},{"@type":"ListItem","position":2,"name":"X\u0259b\u0259rl\u0259r","item":"https:\/\/www.meydan.tv\/az\/section\/xeberler\/"},{"@type":"ListItem","position":3,"name":"X\u0259dic\u0259 \u0130smay\u0131la &#8221;Sergey Maqnitski&#8221; m\u00fckafat\u0131 verilib"}]},{"@type":"WebSite","@id":"https:\/\/www.meydan.tv\/az\/#website","url":"https:\/\/www.meydan.tv\/az\/","name":"MEYDAN.TV","description":"Meydan TV Az\u0259rbaycan\u0131n media m\u0259kan\u0131ndak\u0131 alternativ s\u0259sidir","publisher":{"@id":"https:\/\/www.meydan.tv\/az\/#organization"},"potentialAction":[{"@type":"SearchAction","target":{"@type":"EntryPoint","urlTemplate":"https:\/\/www.meydan.tv\/az\/?s={search_term_string}"},"query-input":{"@type":"PropertyValueSpecification","valueRequired":true,"valueName":"search_term_string"}}],"inLanguage":"az"},{"@type":"Organization","@id":"https:\/\/www.meydan.tv\/az\/#organization","name":"Meydan TV","url":"https:\/\/www.meydan.tv\/az\/","logo":{"@type":"ImageObject","inLanguage":"az","@id":"https:\/\/www.meydan.tv\/az\/#\/schema\/logo\/image\/","url":"https:\/\/www.meydan.tv\/wp-content\/uploads\/2021\/07\/meydan-logo.svg","contentUrl":"https:\/\/www.meydan.tv\/wp-content\/uploads\/2021\/07\/meydan-logo.svg","width":195,"height":46,"caption":"Meydan TV"},"image":{"@id":"https:\/\/www.meydan.tv\/az\/#\/schema\/logo\/image\/"}},{"@type":"Person","@id":"https:\/\/www.meydan.tv\/az\/#\/schema\/person\/10d11eccf6da3662cf5fdab9806ea91a","name":"user-manager"}]}},"_links":{"self":[{"href":"https:\/\/www.meydan.tv\/az\/wp-json\/wp\/v2\/posts\/187501","targetHints":{"allow":["GET"]}}],"collection":[{"href":"https:\/\/www.meydan.tv\/az\/wp-json\/wp\/v2\/posts"}],"about":[{"href":"https:\/\/www.meydan.tv\/az\/wp-json\/wp\/v2\/types\/post"}],"author":[{"embeddable":true,"href":"https:\/\/www.meydan.tv\/az\/wp-json\/wp\/v2\/users\/11"}],"replies":[{"embeddable":true,"href":"https:\/\/www.meydan.tv\/az\/wp-json\/wp\/v2\/comments?post=187501"}],"version-history":[{"count":0,"href":"https:\/\/www.meydan.tv\/az\/wp-json\/wp\/v2\/posts\/187501\/revisions"}],"wp:featuredmedia":[{"embeddable":true,"href":"https:\/\/www.meydan.tv\/az\/wp-json\/wp\/v2\/media\/95393"}],"wp:attachment":[{"href":"https:\/\/www.meydan.tv\/az\/wp-json\/wp\/v2\/media?parent=187501"}],"wp:term":[{"taxonomy":"category","embeddable":true,"href":"https:\/\/www.meydan.tv\/az\/wp-json\/wp\/v2\/categories?post=187501"},{"taxonomy":"post_tag","embeddable":true,"href":"https:\/\/www.meydan.tv\/az\/wp-json\/wp\/v2\/tags?post=187501"}],"curies":[{"name":"wp","href":"https:\/\/api.w.org\/{rel}","templated":true}]}}