{"id":187374,"date":"2017-11-07T19:24:29","date_gmt":"2017-11-07T19:24:29","guid":{"rendered":"https:\/\/www.meydan.tv\/article\/azerbaycan-diktatura-adlandirila-biler\/"},"modified":"2017-11-07T19:24:29","modified_gmt":"2017-11-07T19:24:29","slug":"azerbaycan-diktatura-adlandirila-biler","status":"publish","type":"post","link":"https:\/\/www.meydan.tv\/az\/article\/azerbaycan-diktatura-adlandirila-biler\/","title":{"rendered":"&#8221;Az\u0259rbaycan diktatura adland\u0131r\u0131la bil\u0259r&#8221;"},"content":{"rendered":"<figure class=\"wp-block-image size-large\">\n  <img decoding=\"async\" src=\"https:\/\/www.meydan.tv\/az\/laurent-richard-and-elise-lucet\/\" alt=\"Laurent Richard and Elise Lucet\" class=\"wp-image-94995\"\/><figcaption>\n    Laurent Richard and Elise Lucet<br \/>\n  <\/figcaption><\/figure>\n<p>\n  <i><br \/>\n    Fransa m\u0259hk\u0259m\u0259si Az\u0259rbaycan\u0131n xarici jurnalistl\u0259r\u0259 senzura qoya bilm\u0259y\u0259c\u0259yi q\u0259rar\u0131n\u0131<br \/>\n    <a href=\"http:\/\/www.lemonde.fr\/actualite-medias\/article\/2017\/09\/06\/a-nanterre-deux-journalistes-francais-face-a-la-dictature-azerbaidjanaise_5181473_3236.html\"><br \/>\n      \u00e7\u0131xar\u0131b<br \/>\n    <\/a><br \/>\n  <\/i>\n<\/p>\n<p>\n  Fransa m\u0259hk\u0259m\u0259si Az\u0259rbaycan h\u00f6kum\u0259tinin iki fransal\u0131 televiziya jurnalistin\u0259 qar\u015f\u0131 iddias\u0131na bax\u0131b. Jurnalistl\u0259r Elise Lucet v\u0259 Laurent Richard\u0131n m\u0259hk\u0259m\u0259si Parisin Nanter b\u00f6lg\u0259sind\u0259 olub.\n<\/p>\n<p>\n  2015-ci ilin sentyabr\u0131nda \u201cFrance 2\u201d televiziyas\u0131 il\u0259 yay\u0131mlanan ara\u015fd\u0131rma proqram\u0131nda E.Lucet Az\u0259rbaycan\u0131n \u201cd\u00fcnyan\u0131n \u0259n q\u0259ddar diktaturalar\u0131\u201dndan biri oldu\u011funu s\u00f6yl\u0259yib.\n<\/p>\n<p>\n  Richard is\u0259 \u201cFrance Info\u201d radiosuna m\u00fcsahib\u0259sind\u0259 Az\u0259rbaycana \u201cdiktatura\u201d deyib.\n<\/p>\n<p>\n  Hadis\u0259 Fransan\u0131n o zamank\u0131 prezidenti Fran\u00e7ois Hollande-\u0131n Az\u0259rbaycana s\u0259f\u0259ri zaman\u0131 ba\u015f verib.\n<\/p>\n<p>\n  Az\u0259rbaycan h\u00f6kum\u0259ti jurnalistl\u0259ri m\u0259hk\u0259m\u0259y\u0259 verib.\n<\/p>\n<p>\n  Noyabr\u0131n 7-d\u0259 m\u0259hk\u0259m\u0259 Az\u0259rbaycan h\u00f6kum\u0259tinin Fransada jurnalistl\u0259r\u0259 senzura qoya bilm\u0259y\u0259c\u0259yi il\u0259 ba\u011fl\u0131 q\u0259rar verib.\n<\/p>\n<p>\n  Bu bar\u0259d\u0259 jurnalist Laurent Richard \u201cFacebook\u201d s\u0259hif\u0259sind\u0259 d\u0259 yaz\u0131b. O bildirib ki, art\u0131q m\u0259hk\u0259m\u0259nin d\u0259 r\u0259smi q\u0259rar\u0131 var:\n<\/p>\n<p>\n  \u201cAz\u0259rbaycan diktatura adland\u0131r\u0131la bil\u0259r v\u0259 Az\u0259rbaycan xaric\u0259 senzura ixrac ed\u0259 bilm\u0259z\u201d.\n<\/p>\n<p>\n  Jurnalistl\u0259r diffamasiyada ittiham olunurdular. Beyn\u0259lxalq media qurumlar\u0131 bu iddian\u0131 Bak\u0131n\u0131n \u201cFransaya senzuran\u0131n ixrac\u0131\u201d c\u0259hdi adland\u0131r\u0131rd\u0131lar.\n<\/p>\n<p>\n  Richard v\u0259 operatoru 2014-c\u00fc ilin may\u0131nda Bak\u0131dan \u00e7\u0131xan zaman q\u0131sa m\u00fcdd\u0259t\u0259 saxlan\u0131lm\u0131\u015f v\u0259 avadanl\u0131qlar\u0131 \u0259ll\u0259rind\u0259n al\u0131nm\u0131\u015fd\u0131.\n<\/p>\n<p>\n  \u201cS\u0259rh\u0259dsiz Reportyorlar\u201d T\u0259\u015fkilat\u0131n\u0131n (RSF) \u015e\u0259rqi Avropa v\u0259 Orta Asiya b\u00f6l\u00fcm\u00fcn\u00fcn r\u0259hb\u0259ri Johann Bihr m\u0259hk\u0259m\u0259d\u0259 fransal\u0131 jurnalistl\u0259rin m\u00fcdafi\u0259si istiqam\u0259tind\u0259 ifad\u0259 verib. Dig\u0259r \u015fahidl\u0259r az\u0259rbaycanl\u0131 jurnalist Aqil X\u0259lil v\u0259 insan haqlar\u0131 f\u0259allar\u0131 Leyla v\u0259 Arif Yunuslar olub.\n<\/p>\n<p>\n  RSF fransal\u0131 jurnalistl\u0259r\u0259 qar\u015f\u0131 iddian\u0131 \u201cAz\u0259rbaycan h\u00f6kum\u0259tinin azad s\u00f6z\u0259 nifr\u0259tini s\u0259rgil\u0259y\u0259n qorxutma c\u0259hdi\u201d adland\u0131r\u0131b.\n<\/p>\n<p>\n  \u201c\u00d6lk\u0259d\u0259 pl\u00fcralizmin k\u00f6k\u00fcn\u00fc k\u0259sm\u0259kl\u0259 g\u00f6z\u00fc doymayan rejim indi d\u0259 xaricd\u0259ki t\u0259nqid\u00e7il\u0259rini h\u0259d\u0259f\u0259 al\u0131r\u201d, \u2013 Parisd\u0259 m\u0259nzill\u0259n\u0259n media qurumu sentyabr\u0131n 4-d\u0259 bildirib.\n<\/p>\n<p>\n  \u201cSad\u0259c\u0259 s\u00f6z azadl\u0131\u011f\u0131 h\u00fcququndan yararland\u0131\u011f\u0131na g\u00f6r\u0259 iki fransal\u0131 jurnalisti m\u0259hk\u0259m\u0259y\u0259 verm\u0259kl\u0259 Az\u0259rbaycan h\u00f6kum\u0259ti t\u0259nqid\u0259 tamamil\u0259 d\u00f6z\u00fcms\u00fczl\u00fcy\u00fcn\u00fc s\u0259rgil\u0259mi\u015f oldu. Bak\u0131n\u0131n Fransaya senzura ixrac etm\u0259sin\u0259 yol verm\u0259m\u0259liyik\u201d, \u2013RSF-in ba\u015f katibi Christophe Deloire deyib.\n<\/p>\n<p>\n  Qurumun bildirm\u0259sin\u0259 g\u00f6r\u0259, ilk d\u0259f\u0259dir ki, xarici h\u00f6kum\u0259t Fransa m\u0259hk\u0259m\u0259sind\u0259 jurnalistl\u0259r\u0259 qar\u015f\u0131 defamasiya iddias\u0131 qald\u0131r\u0131b.\n<\/p>\n<p>\n  RSF-in 2017-ci il \u00dcmumd\u00fcnya M\u0259tbuat Azadl\u0131\u011f\u0131 \u0130ndeksin\u0259 g\u00f6r\u0259, Az\u0259rbaycan 180 \u00f6lk\u0259 aras\u0131nda 162-ci yerd\u0259dir.<br \/>\n  <br \/>\n  Az\u0259rbaycan prezidenti \u0130lham \u018fliyevs\u0259 RSF-in \u201cm\u0259tbuat azadl\u0131\u011f\u0131n\u0131n d\u00fc\u015fm\u0259nl\u0259ri\u201d siyah\u0131s\u0131na sal\u0131n\u0131b.<\/p>\n","protected":false},"excerpt":{"rendered":"<p>Fransa m\u0259hk\u0259m\u0259si Az\u0259rbaycan\u0131n xarici jurnalistl\u0259r\u0259 senzura qoya bilm\u0259y\u0259c\u0259yi q\u0259rar\u0131n\u0131 \u00e7\u0131xar\u0131b<\/p>\n","protected":false},"author":11,"featured_media":94995,"comment_status":"closed","ping_status":"open","sticky":false,"template":"","format":"standard","meta":{"_acf_changed":false,"_sitemap_exclude":false,"_sitemap_priority":"","_sitemap_frequency":"","footnotes":""},"categories":[56],"tags":[],"class_list":["post-187374","post","type-post","status-publish","format-standard","has-post-thumbnail","hentry","category-xeberler","infinite-scroll-item","generate-columns","tablet-grid-50","mobile-grid-100","grid-parent","grid-33","no-featured-image-padding"],"acf":[],"yoast_head":"<!-- This site is optimized with the Yoast SEO plugin v27.4 - https:\/\/yoast.com\/product\/yoast-seo-wordpress\/ -->\n<title>&#039;&#039;Az\u0259rbaycan diktatura adland\u0131r\u0131la bil\u0259r&#039;&#039; - MEYDAN.TV<\/title>\n<meta name=\"robots\" content=\"index, follow, max-snippet:-1, max-image-preview:large, max-video-preview:-1\" \/>\n<link rel=\"canonical\" href=\"https:\/\/www.meydan.tv\/az\/article\/azerbaycan-diktatura-adlandirila-biler\/\" \/>\n<meta property=\"og:locale\" content=\"az_AZ\" \/>\n<meta property=\"og:type\" content=\"article\" \/>\n<meta property=\"og:title\" content=\"&#039;&#039;Az\u0259rbaycan diktatura adland\u0131r\u0131la bil\u0259r&#039;&#039; - MEYDAN.TV\" \/>\n<meta property=\"og:description\" content=\"Fransa m\u0259hk\u0259m\u0259si Az\u0259rbaycan\u0131n xarici jurnalistl\u0259r\u0259 senzura qoya bilm\u0259y\u0259c\u0259yi q\u0259rar\u0131n\u0131 \u00e7\u0131xar\u0131b\" \/>\n<meta property=\"og:url\" content=\"https:\/\/www.meydan.tv\/az\/article\/azerbaycan-diktatura-adlandirila-biler\/\" \/>\n<meta property=\"og:site_name\" content=\"MEYDAN.TV\" \/>\n<meta property=\"article:published_time\" content=\"2017-11-07T19:24:29+00:00\" \/>\n<meta property=\"og:image\" content=\"https:\/\/www.meydan.tv\/wp-content\/uploads\/37535.jpg\" \/>\n\t<meta property=\"og:image:width\" content=\"1023\" \/>\n\t<meta property=\"og:image:height\" content=\"575\" \/>\n\t<meta property=\"og:image:type\" content=\"image\/jpeg\" \/>\n<meta name=\"author\" content=\"user-manager\" \/>\n<meta name=\"twitter:card\" content=\"summary_large_image\" \/>\n<script type=\"application\/ld+json\" class=\"yoast-schema-graph\">{\"@context\":\"https:\\\/\\\/schema.org\",\"@graph\":[{\"@type\":\"Article\",\"@id\":\"https:\\\/\\\/www.meydan.tv\\\/az\\\/article\\\/azerbaycan-diktatura-adlandirila-biler\\\/#article\",\"isPartOf\":{\"@id\":\"https:\\\/\\\/www.meydan.tv\\\/az\\\/article\\\/azerbaycan-diktatura-adlandirila-biler\\\/\"},\"author\":{\"name\":\"user-manager\",\"@id\":\"https:\\\/\\\/www.meydan.tv\\\/az\\\/#\\\/schema\\\/person\\\/10d11eccf6da3662cf5fdab9806ea91a\"},\"headline\":\"&#8221;Az\u0259rbaycan diktatura adland\u0131r\u0131la bil\u0259r&#8221;\",\"datePublished\":\"2017-11-07T19:24:29+00:00\",\"mainEntityOfPage\":{\"@id\":\"https:\\\/\\\/www.meydan.tv\\\/az\\\/article\\\/azerbaycan-diktatura-adlandirila-biler\\\/\"},\"wordCount\":514,\"publisher\":{\"@id\":\"https:\\\/\\\/www.meydan.tv\\\/az\\\/#organization\"},\"image\":{\"@id\":\"https:\\\/\\\/www.meydan.tv\\\/az\\\/article\\\/azerbaycan-diktatura-adlandirila-biler\\\/#primaryimage\"},\"thumbnailUrl\":\"https:\\\/\\\/www.meydan.tv\\\/wp-content\\\/uploads\\\/37535.jpg\",\"articleSection\":[\"X\u0259b\u0259rl\u0259r\"],\"inLanguage\":\"az\"},{\"@type\":\"WebPage\",\"@id\":\"https:\\\/\\\/www.meydan.tv\\\/az\\\/article\\\/azerbaycan-diktatura-adlandirila-biler\\\/\",\"url\":\"https:\\\/\\\/www.meydan.tv\\\/az\\\/article\\\/azerbaycan-diktatura-adlandirila-biler\\\/\",\"name\":\"''Az\u0259rbaycan diktatura adland\u0131r\u0131la bil\u0259r'' - MEYDAN.TV\",\"isPartOf\":{\"@id\":\"https:\\\/\\\/www.meydan.tv\\\/az\\\/#website\"},\"primaryImageOfPage\":{\"@id\":\"https:\\\/\\\/www.meydan.tv\\\/az\\\/article\\\/azerbaycan-diktatura-adlandirila-biler\\\/#primaryimage\"},\"image\":{\"@id\":\"https:\\\/\\\/www.meydan.tv\\\/az\\\/article\\\/azerbaycan-diktatura-adlandirila-biler\\\/#primaryimage\"},\"thumbnailUrl\":\"https:\\\/\\\/www.meydan.tv\\\/wp-content\\\/uploads\\\/37535.jpg\",\"datePublished\":\"2017-11-07T19:24:29+00:00\",\"breadcrumb\":{\"@id\":\"https:\\\/\\\/www.meydan.tv\\\/az\\\/article\\\/azerbaycan-diktatura-adlandirila-biler\\\/#breadcrumb\"},\"inLanguage\":\"az\",\"potentialAction\":[{\"@type\":\"ReadAction\",\"target\":[\"https:\\\/\\\/www.meydan.tv\\\/az\\\/article\\\/azerbaycan-diktatura-adlandirila-biler\\\/\"]}]},{\"@type\":\"ImageObject\",\"inLanguage\":\"az\",\"@id\":\"https:\\\/\\\/www.meydan.tv\\\/az\\\/article\\\/azerbaycan-diktatura-adlandirila-biler\\\/#primaryimage\",\"url\":\"https:\\\/\\\/www.meydan.tv\\\/wp-content\\\/uploads\\\/37535.jpg\",\"contentUrl\":\"https:\\\/\\\/www.meydan.tv\\\/wp-content\\\/uploads\\\/37535.jpg\",\"width\":1023,\"height\":575,\"caption\":\"Source:\"},{\"@type\":\"BreadcrumbList\",\"@id\":\"https:\\\/\\\/www.meydan.tv\\\/az\\\/article\\\/azerbaycan-diktatura-adlandirila-biler\\\/#breadcrumb\",\"itemListElement\":[{\"@type\":\"ListItem\",\"position\":1,\"name\":\"Ana s\u0259hif\u0259\",\"item\":\"https:\\\/\\\/www.meydan.tv\\\/az\\\/\"},{\"@type\":\"ListItem\",\"position\":2,\"name\":\"X\u0259b\u0259rl\u0259r\",\"item\":\"https:\\\/\\\/www.meydan.tv\\\/az\\\/section\\\/xeberler\\\/\"},{\"@type\":\"ListItem\",\"position\":3,\"name\":\"&#8221;Az\u0259rbaycan diktatura adland\u0131r\u0131la bil\u0259r&#8221;\"}]},{\"@type\":\"WebSite\",\"@id\":\"https:\\\/\\\/www.meydan.tv\\\/az\\\/#website\",\"url\":\"https:\\\/\\\/www.meydan.tv\\\/az\\\/\",\"name\":\"MEYDAN.TV\",\"description\":\"Meydan TV Az\u0259rbaycan\u0131n media m\u0259kan\u0131ndak\u0131 alternativ s\u0259sidir\",\"publisher\":{\"@id\":\"https:\\\/\\\/www.meydan.tv\\\/az\\\/#organization\"},\"potentialAction\":[{\"@type\":\"SearchAction\",\"target\":{\"@type\":\"EntryPoint\",\"urlTemplate\":\"https:\\\/\\\/www.meydan.tv\\\/az\\\/?s={search_term_string}\"},\"query-input\":{\"@type\":\"PropertyValueSpecification\",\"valueRequired\":true,\"valueName\":\"search_term_string\"}}],\"inLanguage\":\"az\"},{\"@type\":\"Organization\",\"@id\":\"https:\\\/\\\/www.meydan.tv\\\/az\\\/#organization\",\"name\":\"Meydan TV\",\"url\":\"https:\\\/\\\/www.meydan.tv\\\/az\\\/\",\"logo\":{\"@type\":\"ImageObject\",\"inLanguage\":\"az\",\"@id\":\"https:\\\/\\\/www.meydan.tv\\\/az\\\/#\\\/schema\\\/logo\\\/image\\\/\",\"url\":\"https:\\\/\\\/www.meydan.tv\\\/wp-content\\\/uploads\\\/2021\\\/07\\\/meydan-logo.svg\",\"contentUrl\":\"https:\\\/\\\/www.meydan.tv\\\/wp-content\\\/uploads\\\/2021\\\/07\\\/meydan-logo.svg\",\"width\":195,\"height\":46,\"caption\":\"Meydan TV\"},\"image\":{\"@id\":\"https:\\\/\\\/www.meydan.tv\\\/az\\\/#\\\/schema\\\/logo\\\/image\\\/\"}},{\"@type\":\"Person\",\"@id\":\"https:\\\/\\\/www.meydan.tv\\\/az\\\/#\\\/schema\\\/person\\\/10d11eccf6da3662cf5fdab9806ea91a\",\"name\":\"user-manager\"}]}<\/script>\n<!-- \/ Yoast SEO plugin. -->","yoast_head_json":{"title":"''Az\u0259rbaycan diktatura adland\u0131r\u0131la bil\u0259r'' - MEYDAN.TV","robots":{"index":"index","follow":"follow","max-snippet":"max-snippet:-1","max-image-preview":"max-image-preview:large","max-video-preview":"max-video-preview:-1"},"canonical":"https:\/\/www.meydan.tv\/az\/article\/azerbaycan-diktatura-adlandirila-biler\/","og_locale":"az_AZ","og_type":"article","og_title":"''Az\u0259rbaycan diktatura adland\u0131r\u0131la bil\u0259r'' - MEYDAN.TV","og_description":"Fransa m\u0259hk\u0259m\u0259si Az\u0259rbaycan\u0131n xarici jurnalistl\u0259r\u0259 senzura qoya bilm\u0259y\u0259c\u0259yi q\u0259rar\u0131n\u0131 \u00e7\u0131xar\u0131b","og_url":"https:\/\/www.meydan.tv\/az\/article\/azerbaycan-diktatura-adlandirila-biler\/","og_site_name":"MEYDAN.TV","article_published_time":"2017-11-07T19:24:29+00:00","og_image":[{"width":1023,"height":575,"url":"https:\/\/www.meydan.tv\/wp-content\/uploads\/37535.jpg","type":"image\/jpeg"}],"author":"user-manager","twitter_card":"summary_large_image","schema":{"@context":"https:\/\/schema.org","@graph":[{"@type":"Article","@id":"https:\/\/www.meydan.tv\/az\/article\/azerbaycan-diktatura-adlandirila-biler\/#article","isPartOf":{"@id":"https:\/\/www.meydan.tv\/az\/article\/azerbaycan-diktatura-adlandirila-biler\/"},"author":{"name":"user-manager","@id":"https:\/\/www.meydan.tv\/az\/#\/schema\/person\/10d11eccf6da3662cf5fdab9806ea91a"},"headline":"&#8221;Az\u0259rbaycan diktatura adland\u0131r\u0131la bil\u0259r&#8221;","datePublished":"2017-11-07T19:24:29+00:00","mainEntityOfPage":{"@id":"https:\/\/www.meydan.tv\/az\/article\/azerbaycan-diktatura-adlandirila-biler\/"},"wordCount":514,"publisher":{"@id":"https:\/\/www.meydan.tv\/az\/#organization"},"image":{"@id":"https:\/\/www.meydan.tv\/az\/article\/azerbaycan-diktatura-adlandirila-biler\/#primaryimage"},"thumbnailUrl":"https:\/\/www.meydan.tv\/wp-content\/uploads\/37535.jpg","articleSection":["X\u0259b\u0259rl\u0259r"],"inLanguage":"az"},{"@type":"WebPage","@id":"https:\/\/www.meydan.tv\/az\/article\/azerbaycan-diktatura-adlandirila-biler\/","url":"https:\/\/www.meydan.tv\/az\/article\/azerbaycan-diktatura-adlandirila-biler\/","name":"''Az\u0259rbaycan diktatura adland\u0131r\u0131la bil\u0259r'' - MEYDAN.TV","isPartOf":{"@id":"https:\/\/www.meydan.tv\/az\/#website"},"primaryImageOfPage":{"@id":"https:\/\/www.meydan.tv\/az\/article\/azerbaycan-diktatura-adlandirila-biler\/#primaryimage"},"image":{"@id":"https:\/\/www.meydan.tv\/az\/article\/azerbaycan-diktatura-adlandirila-biler\/#primaryimage"},"thumbnailUrl":"https:\/\/www.meydan.tv\/wp-content\/uploads\/37535.jpg","datePublished":"2017-11-07T19:24:29+00:00","breadcrumb":{"@id":"https:\/\/www.meydan.tv\/az\/article\/azerbaycan-diktatura-adlandirila-biler\/#breadcrumb"},"inLanguage":"az","potentialAction":[{"@type":"ReadAction","target":["https:\/\/www.meydan.tv\/az\/article\/azerbaycan-diktatura-adlandirila-biler\/"]}]},{"@type":"ImageObject","inLanguage":"az","@id":"https:\/\/www.meydan.tv\/az\/article\/azerbaycan-diktatura-adlandirila-biler\/#primaryimage","url":"https:\/\/www.meydan.tv\/wp-content\/uploads\/37535.jpg","contentUrl":"https:\/\/www.meydan.tv\/wp-content\/uploads\/37535.jpg","width":1023,"height":575,"caption":"Source:"},{"@type":"BreadcrumbList","@id":"https:\/\/www.meydan.tv\/az\/article\/azerbaycan-diktatura-adlandirila-biler\/#breadcrumb","itemListElement":[{"@type":"ListItem","position":1,"name":"Ana s\u0259hif\u0259","item":"https:\/\/www.meydan.tv\/az\/"},{"@type":"ListItem","position":2,"name":"X\u0259b\u0259rl\u0259r","item":"https:\/\/www.meydan.tv\/az\/section\/xeberler\/"},{"@type":"ListItem","position":3,"name":"&#8221;Az\u0259rbaycan diktatura adland\u0131r\u0131la bil\u0259r&#8221;"}]},{"@type":"WebSite","@id":"https:\/\/www.meydan.tv\/az\/#website","url":"https:\/\/www.meydan.tv\/az\/","name":"MEYDAN.TV","description":"Meydan TV Az\u0259rbaycan\u0131n media m\u0259kan\u0131ndak\u0131 alternativ s\u0259sidir","publisher":{"@id":"https:\/\/www.meydan.tv\/az\/#organization"},"potentialAction":[{"@type":"SearchAction","target":{"@type":"EntryPoint","urlTemplate":"https:\/\/www.meydan.tv\/az\/?s={search_term_string}"},"query-input":{"@type":"PropertyValueSpecification","valueRequired":true,"valueName":"search_term_string"}}],"inLanguage":"az"},{"@type":"Organization","@id":"https:\/\/www.meydan.tv\/az\/#organization","name":"Meydan TV","url":"https:\/\/www.meydan.tv\/az\/","logo":{"@type":"ImageObject","inLanguage":"az","@id":"https:\/\/www.meydan.tv\/az\/#\/schema\/logo\/image\/","url":"https:\/\/www.meydan.tv\/wp-content\/uploads\/2021\/07\/meydan-logo.svg","contentUrl":"https:\/\/www.meydan.tv\/wp-content\/uploads\/2021\/07\/meydan-logo.svg","width":195,"height":46,"caption":"Meydan TV"},"image":{"@id":"https:\/\/www.meydan.tv\/az\/#\/schema\/logo\/image\/"}},{"@type":"Person","@id":"https:\/\/www.meydan.tv\/az\/#\/schema\/person\/10d11eccf6da3662cf5fdab9806ea91a","name":"user-manager"}]}},"_links":{"self":[{"href":"https:\/\/www.meydan.tv\/az\/wp-json\/wp\/v2\/posts\/187374","targetHints":{"allow":["GET"]}}],"collection":[{"href":"https:\/\/www.meydan.tv\/az\/wp-json\/wp\/v2\/posts"}],"about":[{"href":"https:\/\/www.meydan.tv\/az\/wp-json\/wp\/v2\/types\/post"}],"author":[{"embeddable":true,"href":"https:\/\/www.meydan.tv\/az\/wp-json\/wp\/v2\/users\/11"}],"replies":[{"embeddable":true,"href":"https:\/\/www.meydan.tv\/az\/wp-json\/wp\/v2\/comments?post=187374"}],"version-history":[{"count":0,"href":"https:\/\/www.meydan.tv\/az\/wp-json\/wp\/v2\/posts\/187374\/revisions"}],"wp:featuredmedia":[{"embeddable":true,"href":"https:\/\/www.meydan.tv\/az\/wp-json\/wp\/v2\/media\/94995"}],"wp:attachment":[{"href":"https:\/\/www.meydan.tv\/az\/wp-json\/wp\/v2\/media?parent=187374"}],"wp:term":[{"taxonomy":"category","embeddable":true,"href":"https:\/\/www.meydan.tv\/az\/wp-json\/wp\/v2\/categories?post=187374"},{"taxonomy":"post_tag","embeddable":true,"href":"https:\/\/www.meydan.tv\/az\/wp-json\/wp\/v2\/tags?post=187374"}],"curies":[{"name":"wp","href":"https:\/\/api.w.org\/{rel}","templated":true}]}}