{"id":187311,"date":"2017-11-02T13:38:38","date_gmt":"2017-11-02T13:38:38","guid":{"rendered":"https:\/\/www.meydan.tv\/article\/oldurulmus-seher\/"},"modified":"2017-11-02T13:38:38","modified_gmt":"2017-11-02T13:38:38","slug":"oldurulmus-seher","status":"publish","type":"post","link":"https:\/\/www.meydan.tv\/az\/article\/oldurulmus-seher\/","title":{"rendered":"\u00d6ld\u00fcr\u00fclm\u00fc\u015f \u015f\u0259h\u0259r"},"content":{"rendered":"<figure class=\"wp-block-image size-large\">\n  <img decoding=\"async\" src=\"https:\/\/www.meydan.tv\/az\/kuce-itleri\/\" alt=\"K\u00fc\u00e7\u0259 itl\u0259ri\" class=\"wp-image-94830\"\/><figcaption>\n    K\u00fc\u00e7\u0259 itl\u0259ri<br \/>\n  <\/figcaption><\/figure>\n<p>\n  <i><br \/>\n    <b><br \/>\n      \u201c\u0130nsanl\u0131qda pay\u0131 olan itd\u0259n d\u0259 utana bil\u0259r\u201d-<br \/>\n    <\/b><br \/>\n  <\/i>\n<\/p>\n<p>\n  <i><br \/>\n    <b><br \/>\n      Anton \u00c7exov.<br \/>\n    <\/b><br \/>\n  <\/i>\n<\/p>\n<p>\n  Do\u011fulub b\u00f6y\u00fcd\u00fcy\u00fcm \u015f\u0259h\u0259rd\u0259 itl\u0259rin h\u0259yat\u0131m\u0131zda v\u0259 dilimizd\u0259ki rolu b\u00f6y\u00fck idi. O \u015f\u0259h\u0259rd\u0259 bel\u0259 s\u00f6y\u00fcrd\u00fcl\u0259r \u2013 \u201ck\u00f6p\u0259k o\u011flu\u201d, \u201cqanc\u0131q\u201d, \u201ck\u00fc\u00e7\u00fck\u201d. O vaxtlar k\u00fc\u00e7\u0259mizd\u0259 v\u0259 Bak\u0131n\u0131n dig\u0259r m\u0259h\u0259ll\u0259l\u0259rind\u0259 rus, y\u0259hudi v\u0259 erm\u0259ni n\u0259n\u0259l\u0259ri tez-tez k\u00fc\u00e7\u0259d\u0259ki itl\u0259r\u0259 yem\u0259k ver\u0259n g\u00f6r\u0259rdim. G\u00f6r\u0259rdim ki, adamlar\u0131n \u00fcz\u00fc g\u00fcl\u00fcr, g\u00f6r\u0259rdim ki, insanlar xo\u015fb\u0259xtdir, g\u00f6r\u0259rdim ki, heyvanlar da insanlar kimi xo\u015fb\u0259xtdir. O \u015f\u0259h\u0259rd\u0259 ham\u0131 tox idi. \u0130nsanlar da, itl\u0259r d\u0259.\n<\/p>\n<p>\n  Adamlar\u0131n biri birin\u0259 \u201ck\u00f6p\u0259k o\u011flu\u201d, \u201cqanc\u0131q\u201d, \u201ck\u00fc\u00e7\u00fck\u201d dem\u0259sin\u0259 baxmayaraq. Amma Qaraba\u011f m\u00fcharib\u0259sind\u0259n sonra do\u011fuldu\u011fum \u015f\u0259h\u0259r bird\u0259n-bir\u0259 s\u00fcr\u0259tl\u0259 d\u0259yi\u015fm\u0259y\u0259, qocalma\u011fa ba\u015flad\u0131. O qocald\u0131qca, m\u0259n b\u00f6y\u00fcd\u00fcm.\n<\/p>\n<p>\n  B\u00f6y\u00fcy\u0259-b\u00f6y\u00fcy\u0259 o \u015f\u0259h\u0259rd\u0259 davalar g\u00f6rd\u00fcm \u2013 kreslo davas\u0131, hakimiyy\u0259t davas\u0131, qar\u0131n davas\u0131. Ham\u0131 b\u00f6y\u00fck yerd\u0259 oturmaq \u00fc\u00e7\u00fcn ba\u015f\u0131ndan b\u00f6y\u00fck-b\u00f6y\u00fck dan\u0131\u015f\u0131rd\u0131. T\u0259kc\u0259 q\u0259hr\u0259manlardan ba\u015fqa. Sonra prezident istefaya getdi v\u0259 ba\u015fqa bir prezident g\u0259ldi. Ham\u0131 dedi ki, onu xalq se\u00e7ib. Atas\u0131n\u0131 m\u00fcharib\u0259d\u0259 itirmi\u015f sinif yolda\u015f\u0131m \u00dcmidin babas\u0131 Xal\u0131q ki\u015fi d\u0259 bel\u0259 dedi. Bir az sonra e\u015fitdik ki, daha o da prezident deyil. B\u0259zil\u0259ri dedi ki, o, qorxaqd\u0131r qa\u00e7\u0131b gizl\u0259nib, b\u0259zil\u0259ri dedi ki, o da birinci prezident kimi mill\u0259ti q\u0131r\u011f\u0131na verm\u0259m\u0259k \u00fc\u00e7\u00fcn \u00e7\u0131x\u0131b gedib. B\u0259zil\u0259ri susdu. B\u0259zil\u0259ri is\u0259 a\u011f\u0131llar\u0131na n\u0259 g\u0259ldi dan\u0131\u015fd\u0131 v\u0259 h\u0259rd\u0259n m\u0259n\u0259 el\u0259 g\u0259lirdi ki, bu, xalq\u0131n sonudur. S\u0259n dem\u0259, bu son yox, ba\u015flan\u011f\u0131c imi\u015f. \u00c7\u00fcnki ki\u00e7ikl\u0259r b\u00f6y\u00fck yerl\u0259rd\u0259 dayan\u0131b ba\u015flar\u0131ndan b\u00f6y\u00fck oyunlara ba\u015flam\u0131\u015fd\u0131lar. Xalqa \u201cOturmayan erm\u0259nidir!\u201d dey\u0259nl\u0259ri o q\u0259d\u0259r oturdub-dur\u011fuzmu\u015fdular ki, ax\u0131rda ba\u015f\u0131 gic\u0259ll\u0259nmi\u015fdi. Kims\u0259 dedi ki, \u00fcmumiyy\u0259tl\u0259, xalq \u00f6l\u00fcb, amma Xal\u0131q ki\u015fi ham\u0131n\u0131 \u0259min etm\u0259y\u0259 \u00e7al\u0131\u015fd\u0131 ki, o, h\u0259l\u0259 \u00f6lm\u0259yib, sad\u0259c\u0259 yat\u0131b. Onu oyatmaq laz\u0131md\u0131r. Xalq\u0131 bel\u0259 g\u00f6r\u0259nl\u0259r, \u00e7\u0131x\u0131b dedil\u0259r ki, d\u00fcn\u0259n q\u0259hr\u0259man dedikl\u0259riniz daha q\u0259hr\u0259man deyill\u0259r, \u0259sl q\u0259hr\u0259man bizik. E\u015fitdik ki, m\u00fcharib\u0259 filan da olmay\u0131b, s\u0259n dem\u0259, torpaqlar\u0131 sat\u0131blar. Bunu e\u015fid\u0259nd\u0259n sonra \u015f\u0259h\u0259r m\u0259n\u0259 daha da qoca g\u00f6r\u00fcnm\u0259y\u0259 ba\u015flad\u0131. Sonra g\u00f6rd\u00fcm ki, yen\u0259 yeni prezident g\u0259lir. Amma bunun haqq\u0131nda dedil\u0259r ki, o, ba\u015fqa prezidentl\u0259r kimi deyil ha, o, \u0259sl pad\u015fahd\u0131r, pad\u015fah. Bu pad\u015fah peyda olan kimi ham\u0131ya m\u0259lum oldu ki, b\u0259s, d\u00fcn\u0259n Qaraba\u011f u\u011frunda sava\u015flarda yaralanm\u0131\u015f qon\u015fumuz K\u0259rim day\u0131, bu g\u00fcn \u00f6lk\u0259d\u0259 h\u0259rbi \u00e7evrili\u015f etm\u0259k ist\u0259yirmi\u015f. Dedil\u0259r ki, o, v\u0259t\u0259n xainidir. Dedil\u0259r ki, \u00fcmumiyy\u0259tl\u0259, ham\u0131 v\u0259t\u0259n xainidir, t\u0259kc\u0259 yeni pad\u015fah, onun yax\u0131nlar\u0131 v\u0259 onu pad\u015fah ed\u0259nl\u0259rd\u0259n ba\u015fqa. Onlar v\u0259t\u0259n\u0259 \u0259n sadiq k\u0259sl\u0259rdir.\n<\/p>\n<p>\n  Dedil\u0259r ki, yax\u015f\u0131 olacaq, dedil\u0259r ki, bu pad\u015fah\u0131 xalq \u00e7a\u011f\u0131r\u0131b, xalq se\u00e7ib, o, \u0259sl xilaskard\u0131r. o, bu \u00f6lk\u0259ni pullu ed\u0259c\u0259k. H\u0259m d\u0259 o, xalq\u0131 xo\u015fb\u0259xt v\u0259 firavan doland\u0131rma\u011f\u0131n yollar\u0131n\u0131 bilir. Sat\u0131lan torpaqlar\u0131 da geri alacaq.\n<\/p>\n<p>\n  Dedil\u0259r ki, xaql onu sevir. Amma m\u0259n d\u0259qiq bilirdim ki, K\u0259rim day\u0131, onu he\u00e7 sevmir. Ax\u0131 o, bu pad\u015fah\u0131 \u00e7a\u011f\u0131rmam\u0131\u015fd\u0131. O, bu pad\u015fah\u0131 he\u00e7 se\u00e7m\u0259mi\u015fdi d\u0259. K\u0259rim day\u0131 \u00f6z\u00fc demi\u015fdi ki, o, \u00f6k\u0259nin ba\u015f\u0131nda azad yolla se\u00e7ilmi\u015f prezident g\u00f6rm\u0259k ist\u0259yir, daha b\u0259y, xan v\u0259 pad\u015fah yox. H\u0259m d\u0259 o, onda s\u0259ng\u0259rd\u0259 idi, v\u0259t\u0259ni, analar\u0131, balalar\u0131 qoruyurdu. O, h\u0259m d\u0259 pad\u015fah\u0131n saray\u0131na ged\u0259n \u0259yri yollar\u0131 qoruyurdu, bir d\u0259 o pad\u015fah\u0131 o \u0259yri yollarla o saraya apar\u0131b taxta \u00e7\u0131xaranlar\u0131. Qoruyurdu ki, g\u0259l\u0259c\u0259yimiz xo\u015fb\u0259xt, qar\u0131n\u0131m\u0131z tox, s\u0259hh\u0259timiz yax\u015f\u0131 olsun.\n<\/p>\n<p>\n  Yox, K\u0259rim day\u0131 yollar\u0131 \u0259yri olan bu pad\u015fah\u0131 \u00e7a\u011f\u0131rmam\u0131\u015fd\u0131, se\u00e7m\u0259mi\u015fdi. Deyil\u0259nl\u0259r\u0259 g\u00f6r\u0259, onu xalq se\u00e7mi\u015fdi.\n<\/p>\n<p>\n  Yax\u015f\u0131, onu xalq se\u00e7mi\u015fdis\u0259, b\u0259s onda Qaraba\u011fda iki g\u00fcll\u0259 yaras\u0131 alan K\u0259rim day\u0131 kim idi? O, xalqdan deyildi?\n<\/p>\n<p>\n  Yax\u015f\u0131, b\u0259s bu xalq kim idi? Xalq h\u0259min o pad\u015fah idimi? Xalq pad\u015fah\u0131 taxta \u00e7\u0131xaranlar idimi? Ya bu xalq pad\u015fah\u0131n \u00f6lk\u0259nin s\u0259rv\u0259tl\u0259rini talayan, qumarda milyonlar uduzan do\u011fmalar\u0131 aras\u0131nda idi? Xaliq ki\u015fi dedi ki, yaman pis vaxtlar ba\u015flay\u0131b. Ziyal\u0131lar\u0131m\u0131z, ayd\u0131nlar\u0131m\u0131z 37-ci ild\u0259 oldu\u011fu kimi m\u0259hv edil\u0259 bil\u0259r. Bu pad\u015fah xalqa z\u00fclm ed\u0259c\u0259k. Sonra K\u0259rim day\u0131 h\u0259bsxanada \u00f6z\u00fcn\u00fc asd\u0131. \u015e\u0259h\u0259rd\u0259 bird\u0259n-bir\u0259 boynuna k\u0259ndirl\u0259 da\u015f ba\u011flanaraq g\u00f6lm\u0259\u00e7\u0259l\u0259r\u0259, kanallara at\u0131lan itl\u0259r peyda olma\u011fa ba\u015flad\u0131, o \u015f\u0259h\u0259rd\u0259 itl\u0259ri da\u015fa basan u\u015faqlar \u0259m\u0259l\u0259 g\u0259ldi.\n<\/p>\n<p>\n  G\u00f6rd\u00fcm ki, daha adamlar\u0131n \u00fcz\u00fc g\u00fclm\u00fcr, g\u00f6rd\u00fcm ki, insanlar xo\u015fb\u0259xt deyil, g\u00f6rd\u00fcm ki, daha heyvanlar da insanlar kimi xo\u015fb\u0259xt g\u00f6r\u00fcnm\u00fcr. \u0130ndi o \u015f\u0259h\u0259rd\u0259 sanki ham\u0131 ac idi. \u0130nsanlar da, itl\u0259r d\u0259.\n<\/p>\n<p>\n  Dedil\u0259r ki, s\u0259n dem\u0259, pad\u015fah\u0131 xalq \u00e7a\u011f\u0131rmay\u0131bm\u0131\u015f, xalq se\u00e7m\u0259yibmi\u015f, o, xalq\u0131n xilaskar\u0131 da deyilmi\u015f. Xalq onu \u00fcr\u0259kd\u0259n sevmirmi\u015f, dedil\u0259r ki, bu pad\u015fah bu \u00f6lk\u0259ni pullu etm\u0259k ad\u0131yla xalq\u0131n b\u00fct\u00fcn pullar\u0131n\u0131 o\u011furlay\u0131b cibin\u0259 qoyub, dedil\u0259r ki, o, xalq\u0131 xo\u015fb\u0259xt v\u0259 firavan doland\u0131rma\u011f\u0131n yollar\u0131n\u0131 he\u00e7 bilmirmi\u015f d\u0259. Bilirmi\u015fs\u0259 d\u0259, o yollardan istifad\u0259 etmirmi\u015f. Ax\u0131 o \u0259yri yollarla g\u0259libmi\u015f. \u00d6lk\u0259nin s\u0259rv\u0259tl\u0259rini d\u0259 o yollara s\u0259rf edibmi\u015f. Xaliq ki\u015fi d\u0259 bu \u015f\u0259h\u0259r kimi s\u00fcr\u0259tl\u0259 qocal\u0131rd\u0131. O deyirdi ki, bu pad\u015fah bu xalq\u0131n dilind\u0259 itl\u0259 ba\u011fl\u0131 olan s\u00f6zl\u0259rd\u0259n \u00e7ox b\u00f6y\u00fck m\u0259har\u0259tl\u0259 istifad\u0259 edib. Yax\u015f\u0131 ya\u015famaq bax\u0131m\u0131ndan ad\u0131m\u0131z he\u00e7 it d\u0259ft\u0259rind\u0259 d\u0259 yoxdur, bu pad\u015fah adamlar\u0131n ba\u015f\u0131na itin oyununu a\u00e7\u0131b, i\u015fl\u0259dib, s\u0259rv\u0259tl\u0259rini talay\u0131b, qaba\u011f\u0131na is\u0259 tula pay\u0131 at\u0131b. Bir g\u00fcn e\u015fitdik ki, ad\u0131m\u0131z\u0131n it d\u0259ft\u0259rind\u0259 olmamas\u0131ndan da, ba\u015f\u0131m\u0131za itin oyununun a\u00e7\u0131lmas\u0131ndan da, qaba\u011f\u0131m\u0131za at\u0131lan\u0131n tula pay\u0131 olmas\u0131ndan da, yorulmadan yaz\u0131b, yatan adamlar\u0131, ya da \u00f6z\u00fcn\u00fc yuxulu\u011fa qoyanlar\u0131 oyatma\u011fa \u00e7al\u0131\u015fan, bunun \u00fc\u00e7\u00fcn d\u0259 b\u00fct\u00fcn g\u00fcc\u00fcn\u00fc, g\u00f6zl\u0259rini, beynini, n\u0259f\u0259sini, s\u0259sini, s\u00f6z\u00fcn\u00fc, dilini v\u0259 a\u011fz\u0131n\u0131 s\u0259f\u0259rb\u0259r etmi\u015f bir jurnalisti evinin blokunda el\u0259 a\u011fz\u0131ndan g\u00fcll\u0259yl\u0259 vurub \u00f6ld\u00fcr\u00fcbl\u0259r. \u00d6ld\u00fcr\u00fcbl\u0259r ki, g\u00f6zl\u0259ri daha \u00f6lk\u0259d\u0259ki h\u0259qiq\u0259tl\u0259ri g\u00f6rm\u0259sin, beyni xalq\u0131 oyatmaq \u00fc\u00e7\u00fcn d\u00fc\u015f\u00fcnm\u0259sin, n\u0259f\u0259si gedib g\u0259ldikc\u0259, o, v\u0259t\u0259n d\u0259rdi \u00e7\u0259km\u0259sin, s\u0259si k\u0259silsin, s\u00f6z\u00fc \u00f6z yaz\u0131 masas\u0131ndan uzaqlara, y\u00fczl\u0259rl\u0259, minl\u0259rl\u0259 onun kimi fikirl\u0259\u015fib v\u0259t\u0259n \u00fc\u00e7\u00fcn yananlara yeti\u015fm\u0259sin, \u201cAx\u0131 m\u0259n satq\u0131n ola bilm\u0259r\u0259m, ax\u0131 m\u0259n al\u00e7aq ola bilm\u0259r\u0259m \u201c s\u00f6zl\u0259rini dilin\u0259 g\u0259tirib \u00f6z m\u0259qal\u0259l\u0259rini yazma\u011fa davam etm\u0259sin, a\u011fz\u0131 yumulsun&#8230;\n<\/p>\n<p>\n  Sonra kims\u0259 \u00e7\u0131x\u0131b dedi ki, K\u0259rim day\u0131 \u00f6z\u00fcn\u00fc asmay\u0131bm\u0131\u015f, onu as\u0131blarm\u0131\u015f.\n<\/p>\n<p>\n  X\u0259b\u0259r yay\u0131ld\u0131 ki, pad\u015fah \u00f6l\u00fcb. B\u0259zil\u0259ri dedi ki, o, \u00f6lm\u0259yib, h\u0259mi\u015f\u0259 biziml\u0259di, Xaliq ki\u015fi dedi ki, bu pad\u015fah\u0131 o vaxt \u0259yri yollarla taxta \u00e7\u0131xaranlardan savay\u0131 he\u00e7 k\u0259s bel\u0259 dey\u0259 bilm\u0259z. Kims\u0259 bel\u0259 deyirs\u0259, dem\u0259li, h\u0259min k\u0259sin pullar\u0131n xalqdan o\u011furlanmas\u0131nda da, xalq\u0131n firavan ya\u015famaq \u0259v\u0259zin\u0259 yoxsul v\u0259 s\u0259fil ya\u015famas\u0131nda da, \u015f\u0259h\u0259rin qocalmas\u0131nda da m\u00fctl\u0259q \u0259li var. Sonra o, dedi ki, pad\u015fah \u0259slind\u0259 \u00e7oxdan \u00f6l\u00fcb, amma onu pad\u015fah ed\u0259nl\u0259r soyuducuda gizl\u0259dibl\u0259r. Gizl\u0259dibl\u0259r ki, \u00f6zl\u0259ri onun \u00f6l\u00fcs\u00fcn\u00fcn arxas\u0131nda gizl\u0259nsinl\u0259r. Gizl\u0259dibl\u0259r ki, xalq oyanmas\u0131n v\u0259 \u00f6z\u00fcn\u0259 azad se\u00e7kil\u0259 prezident se\u00e7m\u0259sin. Xaliq day\u0131 dedi ki, xalq yuxudan oyanmal\u0131d\u0131r. \u018fn az\u0131ndan ona g\u00f6r\u0259 ki, oyanmasa, onu yuxuda \u00f6ld\u00fcr\u0259c\u0259kl\u0259r. Pad\u015fah\u0131n \u00f6l\u00fcm\u00fcnd\u0259n ham\u0131 dan\u0131\u015f\u0131rd\u0131. Dan\u0131\u015f\u0131rd\u0131lar ki, indi onun o\u011flu pad\u015fah olacaq, h\u0259m d\u0259 o, atas\u0131ndan yax\u015f\u0131 pad\u015fah olacaq. Xalq\u0131n yax\u015f\u0131 ya\u015famas\u0131 \u00fc\u00e7\u00fcn h\u0259r \u015f\u0259raiti yaradacaq. Deyirdil\u0259r ki, \u00f6lk\u0259d\u0259 \u0259dal\u0259tli prezident se\u00e7kil\u0259ri ke\u00e7iril\u0259c\u0259k v\u0259 d\u00f6vl\u0259tin ba\u015f\u0131na azad yolla se\u00e7ilmi\u015f prezident g\u0259l\u0259c\u0259k. Lap h\u0259bsxanada as\u0131lan K\u0259rim day\u0131n\u0131n arzulad\u0131\u011f\u0131 kimi. Sonra g\u00f6rd\u00fck ki, bu deyil\u0259nl\u0259r d\u0259, o deyil\u0259nl\u0259r kimi yalan \u00e7\u0131xd\u0131. Xalq\u0131n ist\u0259kl\u0259rini, arzular\u0131n\u0131 el\u0259 K\u0259rim day\u0131n\u0131 bo\u011fub \u00f6ld\u00fcrd\u00fckl\u0259ri kimi \u00f6ld\u00fcrd\u00fcl\u0259r. Bu arzular\u0131 \u0259vv\u0259l Azadl\u0131q meydan\u0131na q\u0259d\u0259r sel kimi ax\u0131\u015fan insanlar\u0131n etiraz mitinql\u0259rind\u0259 \u00f6ld\u00fcrd\u00fcl\u0259r, sonra k\u00fc\u00e7\u0259d\u0259, i\u015fd\u0259, evd\u0259. Arzusu \u00f6lm\u0259y\u0259nl\u0259r is\u0259 yen\u0259 \u201cv\u0259t\u0259n xaini\u201d elan olundu. Qalanlar\u0131 da \u00f6lk\u0259d\u0259n qa\u00e7d\u0131. Ba\u015fa d\u00fc\u015fd\u00fcm ki, K\u0259rim day\u0131 s\u0259ng\u0259rd\u0259 dayananda \u00e7ox \u015feyi t\u0259s\u0259vv\u00fcr etmirmi\u015f. O, t\u0259s\u0259vv\u00fcr\u00fcn\u0259 g\u0259tirm\u0259zmi\u015f ki, g\u0259l\u0259c\u0259yimiz xo\u015fb\u0259xt olmayacaq. T\u0259s\u0259vv\u00fcr etmirmi\u015f ki, vaxt\u0131 il\u0259 v\u0259t\u0259ni qoruyanlar, vaxt g\u0259l\u0259c\u0259k bir par\u00e7a \u00e7\u00f6r\u0259y\u0259 m\u00f6htac qalacaqlar, d\u0259rman tapmaq \u00fc\u00e7\u00fcn kreditl\u0259r\u0259, borclara, faizl\u0259r\u0259 d\u00fc\u015f\u0259c\u0259kl\u0259r. Xaliq ki\u015fi d\u0259 bir par\u00e7a \u00e7\u00f6r\u0259y\u0259 m\u00f6htac olanlara, a\u011f\u0131r x\u0259st\u0259likd\u0259n \u0259ziyy\u0259t \u00e7\u0259ks\u0259 d\u0259, d\u0259rmana pul tapa bilm\u0259y\u0259nl\u0259r\u0259 qo\u015fulmu\u015fdu.\n<\/p>\n<p>\n  G\u00fcnl\u0259rin birind\u0259 \u00f6ld\u00fc v\u0259 \u00f6z\u00fcnd\u0259n sonra da banka 500 dollar borcu qald\u0131. Onu ax\u0131r vaxtlar\u0131na kimi m\u0259hk\u0259m\u0259yl\u0259, h\u0259bsl\u0259 h\u0259d\u0259l\u0259dil\u0259r. Xaliq ki\u015fi \u00f6lm\u0259mi\u015fd\u0259n qabaq m\u0259n\u0259 dedi ki, neynirsiz edin, amma bu xalq\u0131 oyad\u0131n.\n<\/p>\n<p>\n  Do\u011fulub b\u00f6y\u00fcd\u00fcy\u00fcm \u015f\u0259h\u0259r indi \u00f6ld\u00fcr\u00fclm\u00fc\u015f \u015f\u0259h\u0259r idi. Havas\u0131na, suyuna yalan z\u0259h\u0259ri qat\u0131laraq \u00f6ld\u00fcr\u00fclm\u00fc\u015f \u015f\u0259h\u0259r. Pad\u015fah\u0131n, \u015fah o\u011flunun, bir d\u0259 onlar\u0131 taxta \u00e7\u0131xaranlar\u0131n yalanlar\u0131 \u015f\u0259h\u0259ri xarabal\u0131qlara \u00e7evirmi\u015fdi.\n<\/p>\n<p>\n  Evl\u0259rind\u0259n zorla \u00e7\u0131xar\u0131lm\u0131\u015f adamlar\u0131n ah\u0131, el\u0259 h\u0259min o evl\u0259rin yerind\u0259 tikil\u0259n \u00e7oxm\u0259rt\u0259b\u0259li binalar\u0131n da\u015f\u0131na, divar\u0131na, qap\u0131s\u0131na, p\u0259nc\u0259r\u0259sin\u0259 hopmu\u015fdu. \u015eahzad\u0259 bu \u015f\u0259h\u0259rd\u0259 adamlar\u0131n yax\u015f\u0131 v\u0259 qay\u011f\u0131s\u0131z ya\u015famas\u0131 \u00fc\u00e7\u00fcn \u015f\u0259rait yaratmad\u0131. Amma o, xalq\u0131n daha da s\u0259fill\u0259\u015fib \u0259ld\u0259n d\u00fc\u015fm\u0259si, k\u00fctl\u0259vi savads\u0131zla\u015fmas\u0131, h\u0259r yer\u0259 borclu olmas\u0131, ev-e\u015fiyini itirm\u0259si, intihar etm\u0259si, haqs\u0131zl\u0131qlardan qa\u00e7\u0131b \u00f6lk\u0259d\u0259n getm\u0259si \u00fc\u00e7\u00fcn h\u0259r \u015f\u0259raiti yaratd\u0131. M\u0259n ba\u015fa d\u00fc\u015f\u00fcrd\u00fcm ki, xalq yax\u015f\u0131 ya\u015famal\u0131 idi, atalar ev\u0259 \u00e7\u00f6r\u0259ksiz g\u0259lm\u0259m\u0259liydi, x\u0259st\u0259l\u0259r d\u0259rmans\u0131z qalmamal\u0131 idi, \u0259sg\u0259rl\u0259r orduda bo\u015f bo\u015funa \u00f6lm\u0259m\u0259liydi, 10-12 saat i\u015fd\u0259n sonra yorulub \u0259ld\u0259n d\u00fc\u015fm\u00fc\u015f insanlar yar\u0131m saatl\u0131q m\u0259saf\u0259d\u0259 olan evl\u0259rin\u0259 gedib 2 saata \u00e7atmamal\u0131yd\u0131, insanlar bir par\u00e7a \u00e7\u00f6r\u0259kd\u0259n, bir kilo kartofdan as\u0131l\u0131 v\u0259ziyy\u0259t\u0259 sal\u0131nmamal\u0131 idi. Ancaq h\u0259r \u015fey t\u0259rsin\u0259 oldu. Lap a\u011fz\u0131ndan vurularaq \u00f6ld\u00fcr\u00fcl\u0259n jurnalistin t\u0259xmin edib yazd\u0131qlar\u0131 kimi.\n<\/p>\n<p>\n  \u00d6ld\u00fcr\u00fclm\u00fc\u015f \u015f\u0259h\u0259rd\u0259 k\u00fc\u00e7\u0259 itl\u0259ri g\u00fcll\u0259l\u0259nm\u0259y\u0259, sobalarda yand\u0131r\u0131lma\u011fa ba\u015flayanda, xarici q\u0259zetl\u0259rin birind\u0259 oxudum ki, b\u0259s bizim \u015f\u0259h\u0259rd\u0259n \u00e7ox-\u00e7ox uzaqda, \u00f6ld\u00fcr\u00fclm\u0259mi\u015f, b\u00fct\u00fcn varl\u0131\u011f\u0131 il\u0259 h\u0259yata at\u0131lan, xalq\u0131n aldad\u0131lmad\u0131\u011f\u0131 bir \u015f\u0259h\u0259rd\u0259, d\u00f6vl\u0259t itl\u0259r\u0259 ayl\u0131q t\u0259qa\u00fcd ay\u0131r\u0131b. Kims\u0259 dedi ki, g\u00f6r\u00fcn bizim pad\u015fah \u00f6lk\u0259ni n\u0259 g\u00fcn\u0259 sal\u0131b ki, xaricd\u0259ki itl\u0259r bel\u0259 bizim insanlardan yax\u015f\u0131 ya\u015fay\u0131r. Kims\u0259 d\u0259 dedi ki, adam\u0131n o \u015f\u0259h\u0259rd\u0259 lap it olma\u011f\u0131 g\u0259lir. Amma itl\u0259rin he\u00e7 it kimi d\u0259 ya\u015famaq h\u00fcququ olmad\u0131\u011f\u0131 bizim \u015f\u0259h\u0259rd\u0259 insanlar\u0131n h\u0259yat\u0131 onsuz da it h\u0259yat\u0131na d\u00f6nd\u0259rilmi\u015fdi.\n<\/p>\n<p>\n  Bu \u015f\u0259h\u0259rd\u0259 art\u0131q he\u00e7 k\u0259s ya\u015fam\u0131rd\u0131, s\u00fcr\u00fcn\u00fcrd\u00fc. \u0130nsanlar da, itl\u0259r d\u0259.\n<\/p>\n<p>\n  <i><br \/>\n    <b><br \/>\n      Yaz\u0131 m\u00fc\u0259llifin fikirl\u0259rini \u0259ks etdirir v\u0259 Meydan TV-nin m\u00f6vqeyi il\u0259 \u00fcst-\u00fcst\u0259 d\u00fc\u015fm\u0259y\u0259 bil\u0259r.<br \/>\n    <\/b><br \/>\n  <\/i><\/p>\n","protected":false},"excerpt":{"rendered":"<p>\u201c\u0130nsanl\u0131qda pay\u0131 olan itd\u0259n d\u0259 utana bil\u0259r\u201d<\/p>\n","protected":false},"author":11,"featured_media":94830,"comment_status":"closed","ping_status":"open","sticky":false,"template":"","format":"standard","meta":{"_acf_changed":false,"_sitemap_exclude":false,"_sitemap_priority":"","_sitemap_frequency":"","footnotes":""},"categories":[57],"tags":[],"class_list":["post-187311","post","type-post","status-publish","format-standard","has-post-thumbnail","hentry","category-menim-fikrimce","infinite-scroll-item","generate-columns","tablet-grid-50","mobile-grid-100","grid-parent","grid-33","no-featured-image-padding"],"acf":[],"yoast_head":"<!-- This site is optimized with the Yoast SEO plugin v27.5 - https:\/\/yoast.com\/product\/yoast-seo-wordpress\/ -->\n<title>\u00d6ld\u00fcr\u00fclm\u00fc\u015f \u015f\u0259h\u0259r - MEYDAN.TV<\/title>\n<meta name=\"robots\" content=\"index, follow, max-snippet:-1, max-image-preview:large, max-video-preview:-1\" \/>\n<link rel=\"canonical\" href=\"https:\/\/www.meydan.tv\/az\/article\/oldurulmus-seher\/\" \/>\n<meta property=\"og:locale\" content=\"az_AZ\" \/>\n<meta property=\"og:type\" content=\"article\" \/>\n<meta property=\"og:title\" content=\"\u00d6ld\u00fcr\u00fclm\u00fc\u015f \u015f\u0259h\u0259r - MEYDAN.TV\" \/>\n<meta property=\"og:description\" content=\"\u201c\u0130nsanl\u0131qda pay\u0131 olan itd\u0259n d\u0259 utana bil\u0259r\u201d\" \/>\n<meta property=\"og:url\" content=\"https:\/\/www.meydan.tv\/az\/article\/oldurulmus-seher\/\" \/>\n<meta property=\"og:site_name\" content=\"MEYDAN.TV\" \/>\n<meta property=\"article:published_time\" content=\"2017-11-02T13:38:38+00:00\" \/>\n<meta property=\"og:image\" content=\"https:\/\/www.meydan.tv\/wp-content\/uploads\/37468.jpg\" \/>\n\t<meta property=\"og:image:width\" content=\"1400\" \/>\n\t<meta property=\"og:image:height\" content=\"932\" \/>\n\t<meta property=\"og:image:type\" content=\"image\/jpeg\" \/>\n<meta name=\"author\" content=\"user-manager\" \/>\n<meta name=\"twitter:card\" content=\"summary_large_image\" \/>\n<script type=\"application\/ld+json\" class=\"yoast-schema-graph\">{\"@context\":\"https:\\\/\\\/schema.org\",\"@graph\":[{\"@type\":\"Article\",\"@id\":\"https:\\\/\\\/www.meydan.tv\\\/az\\\/article\\\/oldurulmus-seher\\\/#article\",\"isPartOf\":{\"@id\":\"https:\\\/\\\/www.meydan.tv\\\/az\\\/article\\\/oldurulmus-seher\\\/\"},\"author\":{\"name\":\"user-manager\",\"@id\":\"https:\\\/\\\/www.meydan.tv\\\/az\\\/#\\\/schema\\\/person\\\/10d11eccf6da3662cf5fdab9806ea91a\"},\"headline\":\"\u00d6ld\u00fcr\u00fclm\u00fc\u015f \u015f\u0259h\u0259r\",\"datePublished\":\"2017-11-02T13:38:38+00:00\",\"mainEntityOfPage\":{\"@id\":\"https:\\\/\\\/www.meydan.tv\\\/az\\\/article\\\/oldurulmus-seher\\\/\"},\"wordCount\":2355,\"publisher\":{\"@id\":\"https:\\\/\\\/www.meydan.tv\\\/az\\\/#organization\"},\"image\":{\"@id\":\"https:\\\/\\\/www.meydan.tv\\\/az\\\/article\\\/oldurulmus-seher\\\/#primaryimage\"},\"thumbnailUrl\":\"https:\\\/\\\/www.meydan.tv\\\/wp-content\\\/uploads\\\/37468.jpg\",\"articleSection\":[\"M\u0259nim Fikrimc\u0259\"],\"inLanguage\":\"az\"},{\"@type\":\"WebPage\",\"@id\":\"https:\\\/\\\/www.meydan.tv\\\/az\\\/article\\\/oldurulmus-seher\\\/\",\"url\":\"https:\\\/\\\/www.meydan.tv\\\/az\\\/article\\\/oldurulmus-seher\\\/\",\"name\":\"\u00d6ld\u00fcr\u00fclm\u00fc\u015f \u015f\u0259h\u0259r - MEYDAN.TV\",\"isPartOf\":{\"@id\":\"https:\\\/\\\/www.meydan.tv\\\/az\\\/#website\"},\"primaryImageOfPage\":{\"@id\":\"https:\\\/\\\/www.meydan.tv\\\/az\\\/article\\\/oldurulmus-seher\\\/#primaryimage\"},\"image\":{\"@id\":\"https:\\\/\\\/www.meydan.tv\\\/az\\\/article\\\/oldurulmus-seher\\\/#primaryimage\"},\"thumbnailUrl\":\"https:\\\/\\\/www.meydan.tv\\\/wp-content\\\/uploads\\\/37468.jpg\",\"datePublished\":\"2017-11-02T13:38:38+00:00\",\"breadcrumb\":{\"@id\":\"https:\\\/\\\/www.meydan.tv\\\/az\\\/article\\\/oldurulmus-seher\\\/#breadcrumb\"},\"inLanguage\":\"az\",\"potentialAction\":[{\"@type\":\"ReadAction\",\"target\":[\"https:\\\/\\\/www.meydan.tv\\\/az\\\/article\\\/oldurulmus-seher\\\/\"]}]},{\"@type\":\"ImageObject\",\"inLanguage\":\"az\",\"@id\":\"https:\\\/\\\/www.meydan.tv\\\/az\\\/article\\\/oldurulmus-seher\\\/#primaryimage\",\"url\":\"https:\\\/\\\/www.meydan.tv\\\/wp-content\\\/uploads\\\/37468.jpg\",\"contentUrl\":\"https:\\\/\\\/www.meydan.tv\\\/wp-content\\\/uploads\\\/37468.jpg\",\"width\":1400,\"height\":932,\"caption\":\"Foto: arxiv\"},{\"@type\":\"BreadcrumbList\",\"@id\":\"https:\\\/\\\/www.meydan.tv\\\/az\\\/article\\\/oldurulmus-seher\\\/#breadcrumb\",\"itemListElement\":[{\"@type\":\"ListItem\",\"position\":1,\"name\":\"Ana s\u0259hif\u0259\",\"item\":\"https:\\\/\\\/www.meydan.tv\\\/az\\\/\"},{\"@type\":\"ListItem\",\"position\":2,\"name\":\"M\u0259nim Fikrimc\u0259\",\"item\":\"https:\\\/\\\/www.meydan.tv\\\/az\\\/section\\\/menim-fikrimce\\\/\"},{\"@type\":\"ListItem\",\"position\":3,\"name\":\"\u00d6ld\u00fcr\u00fclm\u00fc\u015f \u015f\u0259h\u0259r\"}]},{\"@type\":\"WebSite\",\"@id\":\"https:\\\/\\\/www.meydan.tv\\\/az\\\/#website\",\"url\":\"https:\\\/\\\/www.meydan.tv\\\/az\\\/\",\"name\":\"MEYDAN.TV\",\"description\":\"Meydan TV Az\u0259rbaycan\u0131n media m\u0259kan\u0131ndak\u0131 alternativ s\u0259sidir\",\"publisher\":{\"@id\":\"https:\\\/\\\/www.meydan.tv\\\/az\\\/#organization\"},\"potentialAction\":[{\"@type\":\"SearchAction\",\"target\":{\"@type\":\"EntryPoint\",\"urlTemplate\":\"https:\\\/\\\/www.meydan.tv\\\/az\\\/?s={search_term_string}\"},\"query-input\":{\"@type\":\"PropertyValueSpecification\",\"valueRequired\":true,\"valueName\":\"search_term_string\"}}],\"inLanguage\":\"az\"},{\"@type\":\"Organization\",\"@id\":\"https:\\\/\\\/www.meydan.tv\\\/az\\\/#organization\",\"name\":\"Meydan TV\",\"url\":\"https:\\\/\\\/www.meydan.tv\\\/az\\\/\",\"logo\":{\"@type\":\"ImageObject\",\"inLanguage\":\"az\",\"@id\":\"https:\\\/\\\/www.meydan.tv\\\/az\\\/#\\\/schema\\\/logo\\\/image\\\/\",\"url\":\"https:\\\/\\\/www.meydan.tv\\\/wp-content\\\/uploads\\\/2021\\\/07\\\/meydan-logo.svg\",\"contentUrl\":\"https:\\\/\\\/www.meydan.tv\\\/wp-content\\\/uploads\\\/2021\\\/07\\\/meydan-logo.svg\",\"width\":195,\"height\":46,\"caption\":\"Meydan TV\"},\"image\":{\"@id\":\"https:\\\/\\\/www.meydan.tv\\\/az\\\/#\\\/schema\\\/logo\\\/image\\\/\"}},{\"@type\":\"Person\",\"@id\":\"https:\\\/\\\/www.meydan.tv\\\/az\\\/#\\\/schema\\\/person\\\/10d11eccf6da3662cf5fdab9806ea91a\",\"name\":\"user-manager\"}]}<\/script>\n<!-- \/ Yoast SEO plugin. -->","yoast_head_json":{"title":"\u00d6ld\u00fcr\u00fclm\u00fc\u015f \u015f\u0259h\u0259r - MEYDAN.TV","robots":{"index":"index","follow":"follow","max-snippet":"max-snippet:-1","max-image-preview":"max-image-preview:large","max-video-preview":"max-video-preview:-1"},"canonical":"https:\/\/www.meydan.tv\/az\/article\/oldurulmus-seher\/","og_locale":"az_AZ","og_type":"article","og_title":"\u00d6ld\u00fcr\u00fclm\u00fc\u015f \u015f\u0259h\u0259r - MEYDAN.TV","og_description":"\u201c\u0130nsanl\u0131qda pay\u0131 olan itd\u0259n d\u0259 utana bil\u0259r\u201d","og_url":"https:\/\/www.meydan.tv\/az\/article\/oldurulmus-seher\/","og_site_name":"MEYDAN.TV","article_published_time":"2017-11-02T13:38:38+00:00","og_image":[{"width":1400,"height":932,"url":"https:\/\/www.meydan.tv\/wp-content\/uploads\/37468.jpg","type":"image\/jpeg"}],"author":"user-manager","twitter_card":"summary_large_image","schema":{"@context":"https:\/\/schema.org","@graph":[{"@type":"Article","@id":"https:\/\/www.meydan.tv\/az\/article\/oldurulmus-seher\/#article","isPartOf":{"@id":"https:\/\/www.meydan.tv\/az\/article\/oldurulmus-seher\/"},"author":{"name":"user-manager","@id":"https:\/\/www.meydan.tv\/az\/#\/schema\/person\/10d11eccf6da3662cf5fdab9806ea91a"},"headline":"\u00d6ld\u00fcr\u00fclm\u00fc\u015f \u015f\u0259h\u0259r","datePublished":"2017-11-02T13:38:38+00:00","mainEntityOfPage":{"@id":"https:\/\/www.meydan.tv\/az\/article\/oldurulmus-seher\/"},"wordCount":2355,"publisher":{"@id":"https:\/\/www.meydan.tv\/az\/#organization"},"image":{"@id":"https:\/\/www.meydan.tv\/az\/article\/oldurulmus-seher\/#primaryimage"},"thumbnailUrl":"https:\/\/www.meydan.tv\/wp-content\/uploads\/37468.jpg","articleSection":["M\u0259nim Fikrimc\u0259"],"inLanguage":"az"},{"@type":"WebPage","@id":"https:\/\/www.meydan.tv\/az\/article\/oldurulmus-seher\/","url":"https:\/\/www.meydan.tv\/az\/article\/oldurulmus-seher\/","name":"\u00d6ld\u00fcr\u00fclm\u00fc\u015f \u015f\u0259h\u0259r - MEYDAN.TV","isPartOf":{"@id":"https:\/\/www.meydan.tv\/az\/#website"},"primaryImageOfPage":{"@id":"https:\/\/www.meydan.tv\/az\/article\/oldurulmus-seher\/#primaryimage"},"image":{"@id":"https:\/\/www.meydan.tv\/az\/article\/oldurulmus-seher\/#primaryimage"},"thumbnailUrl":"https:\/\/www.meydan.tv\/wp-content\/uploads\/37468.jpg","datePublished":"2017-11-02T13:38:38+00:00","breadcrumb":{"@id":"https:\/\/www.meydan.tv\/az\/article\/oldurulmus-seher\/#breadcrumb"},"inLanguage":"az","potentialAction":[{"@type":"ReadAction","target":["https:\/\/www.meydan.tv\/az\/article\/oldurulmus-seher\/"]}]},{"@type":"ImageObject","inLanguage":"az","@id":"https:\/\/www.meydan.tv\/az\/article\/oldurulmus-seher\/#primaryimage","url":"https:\/\/www.meydan.tv\/wp-content\/uploads\/37468.jpg","contentUrl":"https:\/\/www.meydan.tv\/wp-content\/uploads\/37468.jpg","width":1400,"height":932,"caption":"Foto: arxiv"},{"@type":"BreadcrumbList","@id":"https:\/\/www.meydan.tv\/az\/article\/oldurulmus-seher\/#breadcrumb","itemListElement":[{"@type":"ListItem","position":1,"name":"Ana s\u0259hif\u0259","item":"https:\/\/www.meydan.tv\/az\/"},{"@type":"ListItem","position":2,"name":"M\u0259nim Fikrimc\u0259","item":"https:\/\/www.meydan.tv\/az\/section\/menim-fikrimce\/"},{"@type":"ListItem","position":3,"name":"\u00d6ld\u00fcr\u00fclm\u00fc\u015f \u015f\u0259h\u0259r"}]},{"@type":"WebSite","@id":"https:\/\/www.meydan.tv\/az\/#website","url":"https:\/\/www.meydan.tv\/az\/","name":"MEYDAN.TV","description":"Meydan TV Az\u0259rbaycan\u0131n media m\u0259kan\u0131ndak\u0131 alternativ s\u0259sidir","publisher":{"@id":"https:\/\/www.meydan.tv\/az\/#organization"},"potentialAction":[{"@type":"SearchAction","target":{"@type":"EntryPoint","urlTemplate":"https:\/\/www.meydan.tv\/az\/?s={search_term_string}"},"query-input":{"@type":"PropertyValueSpecification","valueRequired":true,"valueName":"search_term_string"}}],"inLanguage":"az"},{"@type":"Organization","@id":"https:\/\/www.meydan.tv\/az\/#organization","name":"Meydan TV","url":"https:\/\/www.meydan.tv\/az\/","logo":{"@type":"ImageObject","inLanguage":"az","@id":"https:\/\/www.meydan.tv\/az\/#\/schema\/logo\/image\/","url":"https:\/\/www.meydan.tv\/wp-content\/uploads\/2021\/07\/meydan-logo.svg","contentUrl":"https:\/\/www.meydan.tv\/wp-content\/uploads\/2021\/07\/meydan-logo.svg","width":195,"height":46,"caption":"Meydan TV"},"image":{"@id":"https:\/\/www.meydan.tv\/az\/#\/schema\/logo\/image\/"}},{"@type":"Person","@id":"https:\/\/www.meydan.tv\/az\/#\/schema\/person\/10d11eccf6da3662cf5fdab9806ea91a","name":"user-manager"}]}},"_links":{"self":[{"href":"https:\/\/www.meydan.tv\/az\/wp-json\/wp\/v2\/posts\/187311","targetHints":{"allow":["GET"]}}],"collection":[{"href":"https:\/\/www.meydan.tv\/az\/wp-json\/wp\/v2\/posts"}],"about":[{"href":"https:\/\/www.meydan.tv\/az\/wp-json\/wp\/v2\/types\/post"}],"author":[{"embeddable":true,"href":"https:\/\/www.meydan.tv\/az\/wp-json\/wp\/v2\/users\/11"}],"replies":[{"embeddable":true,"href":"https:\/\/www.meydan.tv\/az\/wp-json\/wp\/v2\/comments?post=187311"}],"version-history":[{"count":0,"href":"https:\/\/www.meydan.tv\/az\/wp-json\/wp\/v2\/posts\/187311\/revisions"}],"wp:featuredmedia":[{"embeddable":true,"href":"https:\/\/www.meydan.tv\/az\/wp-json\/wp\/v2\/media\/94830"}],"wp:attachment":[{"href":"https:\/\/www.meydan.tv\/az\/wp-json\/wp\/v2\/media?parent=187311"}],"wp:term":[{"taxonomy":"category","embeddable":true,"href":"https:\/\/www.meydan.tv\/az\/wp-json\/wp\/v2\/categories?post=187311"},{"taxonomy":"post_tag","embeddable":true,"href":"https:\/\/www.meydan.tv\/az\/wp-json\/wp\/v2\/tags?post=187311"}],"curies":[{"name":"wp","href":"https:\/\/api.w.org\/{rel}","templated":true}]}}