{"id":187310,"date":"2017-11-02T13:29:33","date_gmt":"2017-11-02T13:29:33","guid":{"rendered":"https:\/\/www.meydan.tv\/article\/isiqli-adamlarin-azerbaycanda-defn-olunmasini-istemirem\/"},"modified":"2017-11-02T13:29:33","modified_gmt":"2017-11-02T13:29:33","slug":"isiqli-adamlarin-azerbaycanda-defn-olunmasini-istemirem","status":"publish","type":"post","link":"https:\/\/www.meydan.tv\/az\/article\/isiqli-adamlarin-azerbaycanda-defn-olunmasini-istemirem\/","title":{"rendered":"\u0130\u015f\u0131ql\u0131 adamlar\u0131n Az\u0259rbaycanda d\u0259fn olunmas\u0131n\u0131 ist\u0259mir\u0259m"},"content":{"rendered":"<p>\n  Bir ne\u00e7\u0259 g\u00fcn \u00f6nc\u0259 M\u00fcsl\u00fcm Maqomayevin v\u0259fat\u0131ndan 9 il \u00f6td\u00fc.\n<\/p>\n<p>\n  Bug\u00fcnl\u0259rd\u0259 is\u0259 Bak\u0131n\u0131n m\u0259rk\u0259zind\u0259 Tamara Sinyavskayan\u0131 g\u00f6rd\u00fcm. O, h\u0259r il Bak\u0131ya g\u0259lir, F\u0259xri Xiyabana gedir\u2026\n<\/p>\n<p>\n  M\u00fcsl\u00fcm Maqomayevin d\u0259fn g\u00fcn\u00fc yax\u015f\u0131 yad\u0131mdad\u0131. O g\u00fcn biz\u0259 i\u015fd\u0259n erk\u0259n getm\u0259y\u0259 icaz\u0259 verdil\u0259r. Bu jest \u015firk\u0259t r\u0259hb\u0259rinin b\u00f6y\u00fck insan\u0131n ruhuna ehtiram\u0131 deyildi. Sad\u0259c\u0259 d\u0259fnd\u0259 prezidentl\u0259 birg\u0259 \u00e7oxlu d\u00f6vl\u0259t m\u0259muru, xarici qonaqlar i\u015ftirak ed\u0259c\u0259kdi v\u0259 bu izdiham \u015f\u0259h\u0259rd\u0259 m\u00fctl\u0259q t\u0131xac yaradacaqd\u0131. \u015eirk\u0259td\u0259 \u00e7al\u0131\u015fan \u0259cn\u0259bil\u0259rin Bak\u0131 t\u0131xac\u0131nda h\u00f6vs\u0259l\u0259si darald\u0131\u011f\u0131 \u00fc\u00e7\u00fcn r\u0259hb\u0259rlik bunu m\u0259cbur\u0259n etmi\u015fdi. Ofisd\u0259 kims\u0259 tez getm\u0259yimizin s\u0259b\u0259bini soru\u015fdu. B\u0259nd\u0259niz d\u0259rhal \u201cM\u00fcsl\u00fcm\u00fc d\u0259fn edirl\u0259r\u201d dedikd\u0259, indi ad\u0131n\u0131 xat\u0131rlamad\u0131\u011f\u0131m birisi Maqomayev bar\u0259sind\u0259 nalayiq, etikadan k\u0259nar zarafat etdi. La\u011fla\u011fan\u0131n yum\u015faq m\u0259nas\u0131, \u201cm\u0259n\u0259 n\u0259, \u0259sas odu ev\u0259 iki saat tez \u00e7atacam\u201d-idi. \u00c7ox pis oldum. M\u0259s\u0259l\u0259nin faci\u0259li t\u0259r\u0259fi o idi ki, bu al\u00e7aq bo\u015fbo\u011fazl\u0131\u011fa otaqda bir-iki adam istisna olmaqla yerd\u0259 qalanlar q\u0259\u015f\u015f edib g\u00fclm\u00fc\u015fd\u00fc.\n<\/p>\n<p>\n  M\u00fcsl\u00fcm Maqomayevi, kosmik isteda malik insan\u0131, m\u0259nsub oldu\u011fu mill\u0259tin b\u0259zi n\u00fcmay\u0259nd\u0259l\u0259ri h\u0259l\u0259 d\u0259 anlam\u0131rd\u0131. Tan\u0131m\u0131rd\u0131. H\u0259min hadis\u0259d\u0259n sonra, h\u0259r d\u0259f\u0259 Maqomayevin ad\u0131 \u00e7\u0259kil\u0259nd\u0259, yaman utan\u0131ram. Utan\u0131ram ki, o insanlar\u0131n aras\u0131nda, o kollektivd\u0259 i\u015fl\u0259mi\u015f\u0259m.\n<\/p>\n<p>\n  M\u00fcsl\u00fcm\u00fc qoyuram k\u0259nara. B\u0259y\u0259m ba\u015fqalar\u0131n\u0131n q\u0259drin bilmi\u015fik? B\u00fcst\u00fc s\u00f6k\u00fcl\u0259n M\u00fc\u015ffiq\u0259 g\u00f6r\u0259 sosial \u015f\u0259b\u0259k\u0259d\u0259 m\u0259r\u0259k\u0259 d\u00fc\u015fm\u00fc\u015fd\u00fc. Guya bunlar M\u00fc\u015ffiq a\u015fiql\u0259ridir, \u015fairin kitablar\u0131n \u0259t\u0259k-\u0259t\u0259k al\u0131rlar, \u015feirl\u0259rin gec\u0259-g\u00fcnd\u00fcz oxuyurlar. H\u0259tta M\u00fc\u015ffiqi yenid\u0259n g\u00fcll\u0259l\u0259m\u0259k ist\u0259s\u0259l\u0259r, sin\u0259l\u0259rin sip\u0259r kimi qaba\u011fa verib \u015fairi qoruyacaqlar. Ziyal\u0131lara ehtiram bildirm\u0259k, sosial \u015f\u0259b\u0259k\u0259d\u0259 yazmaqla olmur, \u0259m\u0259l olmal\u0131d\u0131r. Onun kitablar\u0131n\u0131 almaq, u\u015faqlara oxutdurmaq g\u0259r\u0259kdir. V\u0259 bu t\u0259kc\u0259 M\u00fc\u015ffiq\u0259, Cavada, Cavid\u0259, Haqverdiyev\u0259, \u00dczeyir b\u0259y\u0259 aid deyil. M\u0259s\u0259l\u0259n, niy\u0259 Mirz\u0259 C\u0259lilin Tiflisd\u0259 ya\u015fad\u0131\u011f\u0131 evi, i\u015fl\u0259tdiyi m\u0259tb\u0259\u0259sinin binas\u0131n\u0131 h\u00f6kum\u0259t restavrasiya edib, orada muzey a\u00e7m\u0131r? H\u00f6kum\u0259t el\u0259mir, b\u0259s biz n\u0259 vaxt t\u0259l\u0259b etdik? Yiy\u0259siz it-pi\u015fikl\u0259r\u0259 g\u00f6r\u0259 m\u0259ktub yaz\u0131b, petisiya imzalatd\u0131ra bilirik ax\u0131. H\u00f6kum\u0259t d\u0259 sa\u011f olsun, it-pi\u015fik \u00fc\u00e7\u00fcn babat s\u0131\u011f\u0131nacaq tikir. \u0130ndi d\u0259 y\u0131\u011f\u0131\u015f\u0131b m\u0259ktub yazaq ki, b\u0259s Az\u0259rbaycan\u0131n \u0259n demokrat, maarifp\u0259rv\u0259r n\u00fcmay\u0259nd\u0259l\u0259rind\u0259n biri, yaz\u0131\u00e7\u0131 Mirz\u0259 C\u0259lilin Tiflisd\u0259 ev muzeyin\u0259 ehtiyac\u0131m\u0131z var. Sonra T\u0259hsil Nazirliyi s\u0259r\u0259ncam versin, m\u0259kt\u0259blil\u0259ri ild\u0259 bir d\u0259f\u0259 muzey\u0259 ekskursiyaya apars\u0131nlar. \u015eagirdl\u0259r\u0259 g\u00f6st\u0259rsinl\u0259r, dan\u0131\u015fs\u0131nlar, \u00f6yr\u0259tsinl\u0259r, sevdirsinl\u0259r. Bilsinl\u0259r, Mirz\u0259 C\u0259lil nec\u0259 bir \u015f\u0259xsiyy\u0259t, hans\u0131 d\u00fchaya malik olub.\n<\/p>\n<p>\n  Yoxsa bizim n\u0259sil kimi, Mirz\u0259 C\u0259lil yarad\u0131c\u0131l\u0131\u011f\u0131n\u0131n \u00f6z\u0259yi olan \u201cMolla N\u0259sr\u0259ddin\u201d jurnal\u0131n\u0131 l\u0259tif\u0259l\u0259r toplusu bilirdik. Jurnal\u0131n tarixini m\u0259kt\u0259bi bitir\u0259nd\u0259n on il sonra bilmi\u015f\u0259m. On il, bu b\u0259db\u0259xt\u00e7ilikdir. H\u0259l\u0259 m\u0259n yax\u015f\u0131yam, \u015f\u0259xsi t\u0259\u015f\u0259bb\u00fcs\u00fcm say\u0259sind\u0259 oxuyub, ara\u015fd\u0131rm\u0131\u015fam. M\u0259niml\u0259 birg\u0259 m\u0259kt\u0259bi bitir\u0259n insanlar\u0131n \u0259ks\u0259riyy\u0259ti indiy\u0259c\u0259n bilmir. M\u0259kt\u0259b yolda\u015flar\u0131m bir k\u0259nara, \u00e7\u0131x\u0131n \u015f\u0259h\u0259r\u0259, on n\u0259f\u0259rd\u0259n soru\u015fun \u201cMolla N\u0259sr\u0259ddin\u201d haqq\u0131nda, \u00fc\u00e7 adam d\u00fcz cavab ver\u0259 bilm\u0259y\u0259c\u0259k. Sevgisizlik, qeyri-ciddi yana\u015fma, ham\u0131s\u0131 bilm\u0259zlikd\u0259n g\u0259lir.\n<\/p>\n<p>\n  Bak\u0131da bir-iki ziyal\u0131m\u0131z\u0131n pis-yax\u015f\u0131 ev muzeyi var. \u018flinizi \u00fcr\u0259yinizin \u00fcst\u00fcn\u0259 qoyub and i\u00e7in, hans\u0131 birind\u0259 olmusuz? \u00dcmumiyy\u0259tl\u0259, u\u015faqlar\u0131 teatra, muzey\u0259, r\u0259sm s\u0259rgisin\u0259, operaya, balet\u0259 n\u0259 vaxt aparm\u0131s\u0131n\u0131z? Bak\u0131da kinoteatrlar u\u015faqla dolu olur. Futbol, voleybol, g\u00fcl\u0259\u015f yar\u0131\u015flar\u0131na u\u015faqlar gedir, amma m\u0259n sadalad\u0131\u011f\u0131m yerl\u0259rd\u0259 u\u015faqlar g\u00f6r\u00fcnm\u00fcr. Bir k\u0259r\u0259 taksid\u0259 gedirdim, yan\u0131mda s\u0259rni\u015fin dedi ki, u\u015fa\u011f\u0131 teatra apar\u0131b. Taksist t\u0259\u0259cc\u00fcbl\u0259 soru\u015fdu ki, o\u011flan u\u015fa\u011f\u0131d\u0131? S\u0259rni\u015fin dedi ki, h\u0259, o\u011flan u\u015fa\u011f\u0131d\u0131, n\u0259 olub ki? S\u00fcr\u00fcc\u00fc q\u0131m\u0131\u015fd\u0131, dedi, o\u011flan u\u015fa\u011f\u0131n\u0131 he\u00e7 teatra apararlar? S\u00fcr\u00fcc\u00fcn\u00fcn fikrinc\u0259, teatra ged\u0259n o\u011flan u\u015fa\u011f\u0131 ya homoseksual b\u00f6y\u00fcy\u0259c\u0259k, ya da q\u0131zbibi.\n<\/p>\n<p>\n  \u0130ndi d\u00fc\u015f\u00fcn\u00fcn, o s\u00fcr\u00fcc\u00fcn\u00fcn \u00f6z u\u015fa\u011f\u0131 nec\u0259 ya\u015fay\u0131r, hans\u0131 t\u0259rbiy\u0259ni al\u0131r.\n<\/p>\n<p>\n  Yayda \u201cN\u201d k\u0259ndin\u0259 h\u00fczr\u0259 getmi\u015fdim. Q\u0259birstanl\u0131\u011fa \u00e7atanda g\u00f6rd\u00fcm ortada bir m\u0259qb\u0259r\u0259 var. Dedil\u0259r, a\u011f\u0131r seyidin m\u0259qb\u0259r\u0259sidir. \u201cK\u0259ndin rusy\u0259td\u0259 i\u015fl\u0259y\u0259n imkanl\u0131 adamlar\u0131 at\u0131\u015f\u0131b, seyid \u00fc\u00e7\u00fcn m\u0259qb\u0259r\u0259 tikibl\u0259r\u201d- molla bu c\u00fcml\u0259ni el\u0259 f\u0259r\u0259hl\u0259 dedi ki, \u00f6z\u00fc il\u0259 b\u0259rab\u0259r b\u0259nd\u0259nizin g\u00f6zl\u0259ri ya\u015fard\u0131. Fikirl\u0259\u015fdim ki, indi gedib o imkanl\u0131 adamlardan birinin qap\u0131s\u0131n\u0131 d\u00f6y\u0259s\u0259n, dey\u0259s\u0259n, g\u0259l ged\u0259k Tiflis\u0259, Mirz\u0259 C\u0259lilin evini t\u0259mir ed\u0259k, adam\u0131 qap\u0131dan iti qovan kimi qovar. Mirz\u0259 C\u0259lil bir \u00f6m\u00fcr molla, axund, fal\u00e7\u0131, seyid tayfas\u0131 il\u0259 vuru\u015fdu, onlar\u0131n c\u0259miyy\u0259ti qaranl\u0131\u011fa, cahilliy\u0259 s\u00fcr\u00fckl\u0259diyini isbatlad\u0131. \u00c7ifayda? G\u0259l\u0259c\u0259k n\u0259sil onlara m\u0259qb\u0259r\u0259 tikdirir. Mirz\u0259nin evi is\u0259 xarabazar olub. G\u0259r\u0259k ki, h\u0259yat\u0131n ac\u0131 ironiyas\u0131 bax budur.\n<\/p>\n<p>\n  \u00d6t\u0259n il oxudu\u011fum m\u0259kt\u0259b\u0259 gedib, bir-iki m\u00fc\u0259llim\u0259 ba\u015f \u00e7\u0259kdim. Yax\u015f\u0131 yad\u0131mdad\u0131, m\u0259n m\u0259kt\u0259bd\u0259 oxuyanda \u0259d\u0259biyyat ota\u011f\u0131nda yaz\u0131\u00e7\u0131lar\u0131n, fizika ota\u011f\u0131nda Mendeleyevin, Nyutonun, biologiya ota\u011f\u0131nda qarn\u0131y\u0131rt\u0131q qurba\u011fan\u0131n posteri, g\u00f6y\u0259r\u00e7inin, dov\u015fan\u0131n, insan\u0131n skeleti olard\u0131. \u0130ndi is\u0259 sinif otaqlar\u0131nda qarn\u0131y\u0131rt\u0131q qurba\u011fan\u0131, Mendeleyevi v\u0259 Nyutonu \u201cata v\u0259 o\u011ful\u201d portreti \u0259v\u0259z edir. Maraqland\u0131m ki, b\u0259s \u015f\u0259kill\u0259r, plakatlar, skelet han\u0131?\n<\/p>\n<p>\n  D\u00fc\u015fd\u00fck m\u0259kt\u0259bin zirz\u0259misin\u0259.\n<\/p>\n<p>\n  Aman tanr\u0131m, g\u00f6rd\u00fckl\u0259rim m\u0259ni iflic etdi. Qarn\u0131y\u0131rt\u0131q qurba\u011fa, insan skeleti, farmalin\u0259 sal\u0131nm\u0131\u015f embrion, Mendeleyev, Nyuton, Az\u0259rbaycan ziyal\u0131lar\u0131. Ham\u0131s\u0131 zirz\u0259miy\u0259 y\u0131\u011f\u0131l\u0131b. S\u0131n\u0131q-salxaq partalar, iri h\u00f6r\u00fcm\u00e7\u0259k toru, toz-torpaq, \u015f\u00fc\u015f\u0259si \u00e7atlaq p\u0259nc\u0259r\u0259, havas\u0131 a\u011f\u0131r, n\u0259mi\u015flik qoxan m\u0259kt\u0259b zirz\u0259misi. Boz s\u0259hn\u0259 dekorasiyas\u0131 \u00f6n\u00fcnd\u0259 is\u0259 nimda\u015f ramkaya sal\u0131nm\u0131\u015f k\u0259d\u0259rli ziyal\u0131lar. Kiml\u0259r yox idi orda, Haqverdiyev, Hac\u0131b\u0259yov, Nizami, F\u00fczuli, Nat\u0259van, N\u0259simi. Azca ir\u0259lid\u0259, \u015fkaf\u0131n arxas\u0131nda, sanki ham\u0131dan utanaraq gizl\u0259nmi\u015f b\u00f6y\u00fck Mirz\u0259 C\u0259lilin \u00e7\u0259r\u00e7iv\u0259siz portretin tapd\u0131m. Mirz\u0259nin aln\u0131na iri h\u0259rfl\u0259rl\u0259, a\u011f boya il\u0259 \u201c7r QAZ\u201d s\u00f6z\u00fc yaz\u0131lm\u0131\u015fd\u0131. T\u00fck\u00fcrp\u0259dici m\u0259nz\u0259r\u0259 idi. Y\u0259qin ki, hans\u0131sa sinif o biri sinifd\u0259n bu yaz\u0131yla ac\u0131\u011f\u0131n\u0131 \u00e7\u0131x\u0131rd\u0131. Sanki Mirz\u0259 n\u0259 vaxtsa bu yaz\u0131n\u0131n yaz\u0131laca\u011f\u0131n\u0131 duyurmu\u015f. Ona g\u00f6r\u0259 h\u0259r c\u00fcr m\u0259\u015f\u0259qq\u0259tl\u0259r\u0259 qatla\u015f\u0131b, c\u0259miyy\u0259ti avaml\u0131qdan qurtarma\u011fa \u00e7al\u0131\u015f\u0131rd\u0131.\n<\/p>\n<p>\n  \u015e\u0259kili zirz\u0259mid\u0259n g\u00f6t\u00fcr\u00fcb, restavrasiya edib, ota\u011f\u0131mda divardan asd\u0131m. Amma o m\u0259nz\u0259r\u0259 indiy\u0259d\u0259k a\u011fl\u0131mdan \u00e7\u0131xm\u0131r.\n<\/p>\n<p>\n  Ke\u00e7\u0259n ay alim L\u00fctfi-zad\u0259ni Bak\u0131da son m\u0259nzil\u0259 yola sald\u0131lar. H\u0259r\u00e7\u0259nd ki, ki\u015fini bizim camaat bir partiya \u00f6ld\u00fcr\u00fcb-diriltmi\u015fdi. H\u0259l\u0259m b\u0259zil\u0259ri, L\u00fctfi-zad\u0259 irilikd\u0259 insan\u0131 patriotsuzluqda, v\u0259t\u0259ni sevm\u0259m\u0259kd\u0259 ittiham etmi\u015fdi.\n<\/p>\n<p>\n  G\u00fcya bunlar intellektuald\u0131r. G\u0259l ki, tutub yaxas\u0131ndan soru\u015fsan ki, L\u00fctfi-zad\u0259 kim olub, n\u0259yl\u0259 m\u0259\u015f\u011ful idi, n\u0259 icad edib, n\u0259 yaz\u0131b, n\u0259 pozub, durub \u00fcz\u00fcn\u0259 bax\u0131b, g\u00f6zl\u0259rini d\u00f6y\u0259c\u0259kl\u0259r.\n<\/p>\n<p>\n  Balaca bir \u00e7evr\u0259ni \u00e7\u0131xmaq \u015f\u0259rtil\u0259, Az\u0259rbaycan c\u0259miyy\u0259ti budur. Sa\u011fl\u0131\u011f\u0131nda qiym\u0259t verm\u0259yib, \u00f6l\u0259nd\u0259n sonra dal\u0131nca olmayan\u0131, bilm\u0259diyini dem\u0259k. \u00d6z\u00fc d\u0259 \u00e7\u0259kinm\u0259d\u0259n, utanmadan. Bu \u00f6lk\u0259d\u0259\u201cN\u201d q\u0259d\u0259r bel\u0259 hadis\u0259 il\u0259 \u00fczl\u0259\u015fmi\u015f\u0259m. O q\u0259d\u0259r dan\u0131\u015f\u0131las\u0131, yaz\u0131las\u0131 s\u00f6z\u00fcm var ki. Q\u0131sas\u0131, ist\u0259m\u0259zdim L\u00fctfi-zad\u0259nin n\u0259\u015fi burda g\u00f6m\u00fcls\u00fcn.\n<\/p>\n<p>\n  T\u0259kc\u0259 L\u00fctfi-zad\u0259nin yox, M\u00fcsl\u00fcm\u00fcn, Mirz\u0259 C\u0259lilin v\u0259 c\u0259mi ziyal\u0131lar\u0131n ki, q\u00fcrb\u0259td\u0259 ya\u015fay\u0131b yarad\u0131blar. \u00c7\u00fcnki onlar\u0131n burda d\u0259y\u0259rini bil\u0259n olmay\u0131b. Mirz\u0259 C\u0259lil Tiflisd\u0259 daha t\u0259hl\u00fck\u0259siz ya\u015fay\u0131rd\u0131. M.Maqomayevi Rusiyada bizd\u0259n qat-qat \u00e7ox sevirdil\u0259r. L\u00fctvi-zad\u0259ni AB\u015e-da daha \u00e7ox qiym\u0259tl\u0259ndiribl\u0259r. Bizim c\u0259miyy\u0259t \u00e7\u00f6r\u0259kpulu a\u015fiqidir, bu adamlar onun n\u0259yin\u0259 g\u0259r\u0259k?\n<\/p>\n<p>\n  <i><br \/>\n    <b><br \/>\n      Yaz\u0131 m\u00fc\u0259llifin fikirl\u0259rini \u0259ks etdirir v\u0259 Meydan TV-nin m\u00f6vqeyi il\u0259 \u00fcst-\u00fcst\u0259 d\u00fc\u015fm\u0259y\u0259 bil\u0259r.<br \/>\n    <\/b><br \/>\n  <\/i><\/p>\n","protected":false},"excerpt":{"rendered":"<p>Bir ne\u00e7\u0259 g\u00fcn \u00f6nc\u0259 M\u00fcsl\u00fcm Maqomayevin v\u0259fat\u0131ndan 9 il \u00f6td\u00fc.<\/p>\n","protected":false},"author":11,"featured_media":94818,"comment_status":"closed","ping_status":"open","sticky":false,"template":"","format":"standard","meta":{"_acf_changed":false,"_sitemap_exclude":false,"_sitemap_priority":"","_sitemap_frequency":"","footnotes":""},"categories":[57],"tags":[],"class_list":["post-187310","post","type-post","status-publish","format-standard","has-post-thumbnail","hentry","category-menim-fikrimce","infinite-scroll-item","generate-columns","tablet-grid-50","mobile-grid-100","grid-parent","grid-33","no-featured-image-padding"],"acf":[],"yoast_head":"<!-- This site is optimized with the Yoast SEO plugin v27.5 - https:\/\/yoast.com\/product\/yoast-seo-wordpress\/ -->\n<title>\u0130\u015f\u0131ql\u0131 adamlar\u0131n Az\u0259rbaycanda d\u0259fn olunmas\u0131n\u0131 ist\u0259mir\u0259m - MEYDAN.TV<\/title>\n<meta name=\"robots\" content=\"index, follow, max-snippet:-1, max-image-preview:large, max-video-preview:-1\" \/>\n<link rel=\"canonical\" href=\"https:\/\/www.meydan.tv\/az\/article\/isiqli-adamlarin-azerbaycanda-defn-olunmasini-istemirem\/\" \/>\n<meta property=\"og:locale\" content=\"az_AZ\" \/>\n<meta property=\"og:type\" content=\"article\" \/>\n<meta property=\"og:title\" content=\"\u0130\u015f\u0131ql\u0131 adamlar\u0131n Az\u0259rbaycanda d\u0259fn olunmas\u0131n\u0131 ist\u0259mir\u0259m - MEYDAN.TV\" \/>\n<meta property=\"og:description\" content=\"Bir ne\u00e7\u0259 g\u00fcn \u00f6nc\u0259 M\u00fcsl\u00fcm Maqomayevin v\u0259fat\u0131ndan 9 il \u00f6td\u00fc.\" \/>\n<meta property=\"og:url\" content=\"https:\/\/www.meydan.tv\/az\/article\/isiqli-adamlarin-azerbaycanda-defn-olunmasini-istemirem\/\" \/>\n<meta property=\"og:site_name\" content=\"MEYDAN.TV\" \/>\n<meta property=\"article:published_time\" content=\"2017-11-02T13:29:33+00:00\" \/>\n<meta property=\"og:image\" content=\"https:\/\/www.meydan.tv\/wp-content\/uploads\/37467.jpg\" \/>\n\t<meta property=\"og:image:width\" content=\"1264\" \/>\n\t<meta property=\"og:image:height\" content=\"664\" \/>\n\t<meta property=\"og:image:type\" content=\"image\/jpeg\" \/>\n<meta name=\"author\" content=\"user-manager\" \/>\n<meta name=\"twitter:card\" content=\"summary_large_image\" \/>\n<script type=\"application\/ld+json\" class=\"yoast-schema-graph\">{\"@context\":\"https:\\\/\\\/schema.org\",\"@graph\":[{\"@type\":\"Article\",\"@id\":\"https:\\\/\\\/www.meydan.tv\\\/az\\\/article\\\/isiqli-adamlarin-azerbaycanda-defn-olunmasini-istemirem\\\/#article\",\"isPartOf\":{\"@id\":\"https:\\\/\\\/www.meydan.tv\\\/az\\\/article\\\/isiqli-adamlarin-azerbaycanda-defn-olunmasini-istemirem\\\/\"},\"author\":{\"name\":\"user-manager\",\"@id\":\"https:\\\/\\\/www.meydan.tv\\\/az\\\/#\\\/schema\\\/person\\\/10d11eccf6da3662cf5fdab9806ea91a\"},\"headline\":\"\u0130\u015f\u0131ql\u0131 adamlar\u0131n Az\u0259rbaycanda d\u0259fn olunmas\u0131n\u0131 ist\u0259mir\u0259m\",\"datePublished\":\"2017-11-02T13:29:33+00:00\",\"mainEntityOfPage\":{\"@id\":\"https:\\\/\\\/www.meydan.tv\\\/az\\\/article\\\/isiqli-adamlarin-azerbaycanda-defn-olunmasini-istemirem\\\/\"},\"wordCount\":1659,\"publisher\":{\"@id\":\"https:\\\/\\\/www.meydan.tv\\\/az\\\/#organization\"},\"image\":{\"@id\":\"https:\\\/\\\/www.meydan.tv\\\/az\\\/article\\\/isiqli-adamlarin-azerbaycanda-defn-olunmasini-istemirem\\\/#primaryimage\"},\"thumbnailUrl\":\"https:\\\/\\\/www.meydan.tv\\\/wp-content\\\/uploads\\\/37467.jpg\",\"articleSection\":[\"M\u0259nim Fikrimc\u0259\"],\"inLanguage\":\"az\"},{\"@type\":\"WebPage\",\"@id\":\"https:\\\/\\\/www.meydan.tv\\\/az\\\/article\\\/isiqli-adamlarin-azerbaycanda-defn-olunmasini-istemirem\\\/\",\"url\":\"https:\\\/\\\/www.meydan.tv\\\/az\\\/article\\\/isiqli-adamlarin-azerbaycanda-defn-olunmasini-istemirem\\\/\",\"name\":\"\u0130\u015f\u0131ql\u0131 adamlar\u0131n Az\u0259rbaycanda d\u0259fn olunmas\u0131n\u0131 ist\u0259mir\u0259m - MEYDAN.TV\",\"isPartOf\":{\"@id\":\"https:\\\/\\\/www.meydan.tv\\\/az\\\/#website\"},\"primaryImageOfPage\":{\"@id\":\"https:\\\/\\\/www.meydan.tv\\\/az\\\/article\\\/isiqli-adamlarin-azerbaycanda-defn-olunmasini-istemirem\\\/#primaryimage\"},\"image\":{\"@id\":\"https:\\\/\\\/www.meydan.tv\\\/az\\\/article\\\/isiqli-adamlarin-azerbaycanda-defn-olunmasini-istemirem\\\/#primaryimage\"},\"thumbnailUrl\":\"https:\\\/\\\/www.meydan.tv\\\/wp-content\\\/uploads\\\/37467.jpg\",\"datePublished\":\"2017-11-02T13:29:33+00:00\",\"breadcrumb\":{\"@id\":\"https:\\\/\\\/www.meydan.tv\\\/az\\\/article\\\/isiqli-adamlarin-azerbaycanda-defn-olunmasini-istemirem\\\/#breadcrumb\"},\"inLanguage\":\"az\",\"potentialAction\":[{\"@type\":\"ReadAction\",\"target\":[\"https:\\\/\\\/www.meydan.tv\\\/az\\\/article\\\/isiqli-adamlarin-azerbaycanda-defn-olunmasini-istemirem\\\/\"]}]},{\"@type\":\"ImageObject\",\"inLanguage\":\"az\",\"@id\":\"https:\\\/\\\/www.meydan.tv\\\/az\\\/article\\\/isiqli-adamlarin-azerbaycanda-defn-olunmasini-istemirem\\\/#primaryimage\",\"url\":\"https:\\\/\\\/www.meydan.tv\\\/wp-content\\\/uploads\\\/37467.jpg\",\"contentUrl\":\"https:\\\/\\\/www.meydan.tv\\\/wp-content\\\/uploads\\\/37467.jpg\",\"width\":1264,\"height\":664,\"caption\":\"Source:\"},{\"@type\":\"BreadcrumbList\",\"@id\":\"https:\\\/\\\/www.meydan.tv\\\/az\\\/article\\\/isiqli-adamlarin-azerbaycanda-defn-olunmasini-istemirem\\\/#breadcrumb\",\"itemListElement\":[{\"@type\":\"ListItem\",\"position\":1,\"name\":\"Ana s\u0259hif\u0259\",\"item\":\"https:\\\/\\\/www.meydan.tv\\\/az\\\/\"},{\"@type\":\"ListItem\",\"position\":2,\"name\":\"M\u0259nim Fikrimc\u0259\",\"item\":\"https:\\\/\\\/www.meydan.tv\\\/az\\\/section\\\/menim-fikrimce\\\/\"},{\"@type\":\"ListItem\",\"position\":3,\"name\":\"\u0130\u015f\u0131ql\u0131 adamlar\u0131n Az\u0259rbaycanda d\u0259fn olunmas\u0131n\u0131 ist\u0259mir\u0259m\"}]},{\"@type\":\"WebSite\",\"@id\":\"https:\\\/\\\/www.meydan.tv\\\/az\\\/#website\",\"url\":\"https:\\\/\\\/www.meydan.tv\\\/az\\\/\",\"name\":\"MEYDAN.TV\",\"description\":\"Meydan TV Az\u0259rbaycan\u0131n media m\u0259kan\u0131ndak\u0131 alternativ s\u0259sidir\",\"publisher\":{\"@id\":\"https:\\\/\\\/www.meydan.tv\\\/az\\\/#organization\"},\"potentialAction\":[{\"@type\":\"SearchAction\",\"target\":{\"@type\":\"EntryPoint\",\"urlTemplate\":\"https:\\\/\\\/www.meydan.tv\\\/az\\\/?s={search_term_string}\"},\"query-input\":{\"@type\":\"PropertyValueSpecification\",\"valueRequired\":true,\"valueName\":\"search_term_string\"}}],\"inLanguage\":\"az\"},{\"@type\":\"Organization\",\"@id\":\"https:\\\/\\\/www.meydan.tv\\\/az\\\/#organization\",\"name\":\"Meydan TV\",\"url\":\"https:\\\/\\\/www.meydan.tv\\\/az\\\/\",\"logo\":{\"@type\":\"ImageObject\",\"inLanguage\":\"az\",\"@id\":\"https:\\\/\\\/www.meydan.tv\\\/az\\\/#\\\/schema\\\/logo\\\/image\\\/\",\"url\":\"https:\\\/\\\/www.meydan.tv\\\/wp-content\\\/uploads\\\/2021\\\/07\\\/meydan-logo.svg\",\"contentUrl\":\"https:\\\/\\\/www.meydan.tv\\\/wp-content\\\/uploads\\\/2021\\\/07\\\/meydan-logo.svg\",\"width\":195,\"height\":46,\"caption\":\"Meydan TV\"},\"image\":{\"@id\":\"https:\\\/\\\/www.meydan.tv\\\/az\\\/#\\\/schema\\\/logo\\\/image\\\/\"}},{\"@type\":\"Person\",\"@id\":\"https:\\\/\\\/www.meydan.tv\\\/az\\\/#\\\/schema\\\/person\\\/10d11eccf6da3662cf5fdab9806ea91a\",\"name\":\"user-manager\"}]}<\/script>\n<!-- \/ Yoast SEO plugin. -->","yoast_head_json":{"title":"\u0130\u015f\u0131ql\u0131 adamlar\u0131n Az\u0259rbaycanda d\u0259fn olunmas\u0131n\u0131 ist\u0259mir\u0259m - MEYDAN.TV","robots":{"index":"index","follow":"follow","max-snippet":"max-snippet:-1","max-image-preview":"max-image-preview:large","max-video-preview":"max-video-preview:-1"},"canonical":"https:\/\/www.meydan.tv\/az\/article\/isiqli-adamlarin-azerbaycanda-defn-olunmasini-istemirem\/","og_locale":"az_AZ","og_type":"article","og_title":"\u0130\u015f\u0131ql\u0131 adamlar\u0131n Az\u0259rbaycanda d\u0259fn olunmas\u0131n\u0131 ist\u0259mir\u0259m - MEYDAN.TV","og_description":"Bir ne\u00e7\u0259 g\u00fcn \u00f6nc\u0259 M\u00fcsl\u00fcm Maqomayevin v\u0259fat\u0131ndan 9 il \u00f6td\u00fc.","og_url":"https:\/\/www.meydan.tv\/az\/article\/isiqli-adamlarin-azerbaycanda-defn-olunmasini-istemirem\/","og_site_name":"MEYDAN.TV","article_published_time":"2017-11-02T13:29:33+00:00","og_image":[{"width":1264,"height":664,"url":"https:\/\/www.meydan.tv\/wp-content\/uploads\/37467.jpg","type":"image\/jpeg"}],"author":"user-manager","twitter_card":"summary_large_image","schema":{"@context":"https:\/\/schema.org","@graph":[{"@type":"Article","@id":"https:\/\/www.meydan.tv\/az\/article\/isiqli-adamlarin-azerbaycanda-defn-olunmasini-istemirem\/#article","isPartOf":{"@id":"https:\/\/www.meydan.tv\/az\/article\/isiqli-adamlarin-azerbaycanda-defn-olunmasini-istemirem\/"},"author":{"name":"user-manager","@id":"https:\/\/www.meydan.tv\/az\/#\/schema\/person\/10d11eccf6da3662cf5fdab9806ea91a"},"headline":"\u0130\u015f\u0131ql\u0131 adamlar\u0131n Az\u0259rbaycanda d\u0259fn olunmas\u0131n\u0131 ist\u0259mir\u0259m","datePublished":"2017-11-02T13:29:33+00:00","mainEntityOfPage":{"@id":"https:\/\/www.meydan.tv\/az\/article\/isiqli-adamlarin-azerbaycanda-defn-olunmasini-istemirem\/"},"wordCount":1659,"publisher":{"@id":"https:\/\/www.meydan.tv\/az\/#organization"},"image":{"@id":"https:\/\/www.meydan.tv\/az\/article\/isiqli-adamlarin-azerbaycanda-defn-olunmasini-istemirem\/#primaryimage"},"thumbnailUrl":"https:\/\/www.meydan.tv\/wp-content\/uploads\/37467.jpg","articleSection":["M\u0259nim Fikrimc\u0259"],"inLanguage":"az"},{"@type":"WebPage","@id":"https:\/\/www.meydan.tv\/az\/article\/isiqli-adamlarin-azerbaycanda-defn-olunmasini-istemirem\/","url":"https:\/\/www.meydan.tv\/az\/article\/isiqli-adamlarin-azerbaycanda-defn-olunmasini-istemirem\/","name":"\u0130\u015f\u0131ql\u0131 adamlar\u0131n Az\u0259rbaycanda d\u0259fn olunmas\u0131n\u0131 ist\u0259mir\u0259m - MEYDAN.TV","isPartOf":{"@id":"https:\/\/www.meydan.tv\/az\/#website"},"primaryImageOfPage":{"@id":"https:\/\/www.meydan.tv\/az\/article\/isiqli-adamlarin-azerbaycanda-defn-olunmasini-istemirem\/#primaryimage"},"image":{"@id":"https:\/\/www.meydan.tv\/az\/article\/isiqli-adamlarin-azerbaycanda-defn-olunmasini-istemirem\/#primaryimage"},"thumbnailUrl":"https:\/\/www.meydan.tv\/wp-content\/uploads\/37467.jpg","datePublished":"2017-11-02T13:29:33+00:00","breadcrumb":{"@id":"https:\/\/www.meydan.tv\/az\/article\/isiqli-adamlarin-azerbaycanda-defn-olunmasini-istemirem\/#breadcrumb"},"inLanguage":"az","potentialAction":[{"@type":"ReadAction","target":["https:\/\/www.meydan.tv\/az\/article\/isiqli-adamlarin-azerbaycanda-defn-olunmasini-istemirem\/"]}]},{"@type":"ImageObject","inLanguage":"az","@id":"https:\/\/www.meydan.tv\/az\/article\/isiqli-adamlarin-azerbaycanda-defn-olunmasini-istemirem\/#primaryimage","url":"https:\/\/www.meydan.tv\/wp-content\/uploads\/37467.jpg","contentUrl":"https:\/\/www.meydan.tv\/wp-content\/uploads\/37467.jpg","width":1264,"height":664,"caption":"Source:"},{"@type":"BreadcrumbList","@id":"https:\/\/www.meydan.tv\/az\/article\/isiqli-adamlarin-azerbaycanda-defn-olunmasini-istemirem\/#breadcrumb","itemListElement":[{"@type":"ListItem","position":1,"name":"Ana s\u0259hif\u0259","item":"https:\/\/www.meydan.tv\/az\/"},{"@type":"ListItem","position":2,"name":"M\u0259nim Fikrimc\u0259","item":"https:\/\/www.meydan.tv\/az\/section\/menim-fikrimce\/"},{"@type":"ListItem","position":3,"name":"\u0130\u015f\u0131ql\u0131 adamlar\u0131n Az\u0259rbaycanda d\u0259fn olunmas\u0131n\u0131 ist\u0259mir\u0259m"}]},{"@type":"WebSite","@id":"https:\/\/www.meydan.tv\/az\/#website","url":"https:\/\/www.meydan.tv\/az\/","name":"MEYDAN.TV","description":"Meydan TV Az\u0259rbaycan\u0131n media m\u0259kan\u0131ndak\u0131 alternativ s\u0259sidir","publisher":{"@id":"https:\/\/www.meydan.tv\/az\/#organization"},"potentialAction":[{"@type":"SearchAction","target":{"@type":"EntryPoint","urlTemplate":"https:\/\/www.meydan.tv\/az\/?s={search_term_string}"},"query-input":{"@type":"PropertyValueSpecification","valueRequired":true,"valueName":"search_term_string"}}],"inLanguage":"az"},{"@type":"Organization","@id":"https:\/\/www.meydan.tv\/az\/#organization","name":"Meydan TV","url":"https:\/\/www.meydan.tv\/az\/","logo":{"@type":"ImageObject","inLanguage":"az","@id":"https:\/\/www.meydan.tv\/az\/#\/schema\/logo\/image\/","url":"https:\/\/www.meydan.tv\/wp-content\/uploads\/2021\/07\/meydan-logo.svg","contentUrl":"https:\/\/www.meydan.tv\/wp-content\/uploads\/2021\/07\/meydan-logo.svg","width":195,"height":46,"caption":"Meydan TV"},"image":{"@id":"https:\/\/www.meydan.tv\/az\/#\/schema\/logo\/image\/"}},{"@type":"Person","@id":"https:\/\/www.meydan.tv\/az\/#\/schema\/person\/10d11eccf6da3662cf5fdab9806ea91a","name":"user-manager"}]}},"_links":{"self":[{"href":"https:\/\/www.meydan.tv\/az\/wp-json\/wp\/v2\/posts\/187310","targetHints":{"allow":["GET"]}}],"collection":[{"href":"https:\/\/www.meydan.tv\/az\/wp-json\/wp\/v2\/posts"}],"about":[{"href":"https:\/\/www.meydan.tv\/az\/wp-json\/wp\/v2\/types\/post"}],"author":[{"embeddable":true,"href":"https:\/\/www.meydan.tv\/az\/wp-json\/wp\/v2\/users\/11"}],"replies":[{"embeddable":true,"href":"https:\/\/www.meydan.tv\/az\/wp-json\/wp\/v2\/comments?post=187310"}],"version-history":[{"count":0,"href":"https:\/\/www.meydan.tv\/az\/wp-json\/wp\/v2\/posts\/187310\/revisions"}],"wp:featuredmedia":[{"embeddable":true,"href":"https:\/\/www.meydan.tv\/az\/wp-json\/wp\/v2\/media\/94818"}],"wp:attachment":[{"href":"https:\/\/www.meydan.tv\/az\/wp-json\/wp\/v2\/media?parent=187310"}],"wp:term":[{"taxonomy":"category","embeddable":true,"href":"https:\/\/www.meydan.tv\/az\/wp-json\/wp\/v2\/categories?post=187310"},{"taxonomy":"post_tag","embeddable":true,"href":"https:\/\/www.meydan.tv\/az\/wp-json\/wp\/v2\/tags?post=187310"}],"curies":[{"name":"wp","href":"https:\/\/api.w.org\/{rel}","templated":true}]}}