{"id":187290,"date":"2017-10-31T22:22:15","date_gmt":"2017-10-31T22:22:15","guid":{"rendered":"https:\/\/www.meydan.tv\/article\/zahid-oruc-bu-qanunu-qebul-etmekle-vetendaslari-mudafiesiz-qoyduq\/"},"modified":"2017-10-31T22:22:15","modified_gmt":"2017-10-31T22:22:15","slug":"zahid-oruc-bu-qanunu-qebul-etmekle-vetendaslari-mudafiesiz-qoyduq","status":"publish","type":"post","link":"https:\/\/www.meydan.tv\/az\/article\/zahid-oruc-bu-qanunu-qebul-etmekle-vetendaslari-mudafiesiz-qoyduq\/","title":{"rendered":"Zahid Oruc: Bu qanunu q\u0259bul etm\u0259kl\u0259 v\u0259t\u0259nda\u015flar\u0131 m\u00fcdafi\u0259siz qoyduq"},"content":{"rendered":"<figure class=\"wp-block-image size-large\">\n  <img decoding=\"async\" src=\"https:\/\/www.meydan.tv\/az\/zahid-oruc\/\" alt=\"Zahid Oruc\" class=\"wp-image-86786\"\/><figcaption>\n    Zahid Oruc<br \/>\n  <\/figcaption><\/figure>\n<p>\n  <i><br \/>\n    \u201cR\u00fc\u015fv\u0259t\u0259 g\u00f6r\u0259 i\u015fd\u0259n qovulanlar da v\u0259kil i\u015fl\u0259yirl\u0259r\u201d<br \/>\n  <\/i>\n<\/p>\n<p>\n  Milli M\u0259clis \u201cV\u0259kill\u0259r v\u0259 v\u0259killik f\u0259aliyy\u0259ti haqq\u0131nda\u201d qanuna, M\u00fclki Prosessual v\u0259 \u0130nzibati Prosessual m\u0259c\u0259ll\u0259l\u0259rin\u0259 d\u0259yi\u015fiklik layih\u0259sini m\u00fczakir\u0259y\u0259 \u00e7\u0131xar\u0131b. D\u0259yi\u015fiklik q\u0259bul edilib.\n<\/p>\n<p>\n  Layih\u0259 m\u0259hk\u0259m\u0259l\u0259rd\u0259 n\u00fcmay\u0259nd\u0259l\u0259rin i\u015ftirak\u0131na qada\u011fa qoyulmas\u0131, bu prosesd\u0259 yaln\u0131z V\u0259kill\u0259r Kollegiyas\u0131n\u0131n \u00fczvl\u0259rinin i\u015ftirak\u0131n\u0131 t\u0259klif edir. Bundan sonra fiziki \u015f\u0259xsl\u0259r\u0259 yaln\u0131z yax\u0131n qohumlar\u0131n\u0131n m\u0259hk\u0259m\u0259l\u0259rind\u0259 qanuni n\u00fcmay\u0259nd\u0259 kimi i\u015ftirak etm\u0259l\u0259rin\u0259 icaz\u0259 verilir. H\u0259m\u00e7inin Ali M\u0259hk\u0259m\u0259d\u0259 i\u015fl\u0259r\u0259 bax\u0131lan zaman n\u00fcmay\u0259nd\u0259nin i\u015ftirak\u0131na yol verilm\u0259y\u0259c\u0259k.\n<\/p>\n<figure class=\"wp-block-image size-large\">\n  <img decoding=\"async\" src=\"https:\/\/www.meydan.tv\/az\/zahid-oruc\/\" alt=\"Zahid Oruc\" class=\"wp-image-86786\"\/><figcaption>\n    Zahid Oruc<br \/>\n  <\/figcaption><\/figure>\n<p>\n  M\u00fczakir\u0259l\u0259r zaman\u0131 \u00e7\u0131x\u0131\u015f ed\u0259n deputatlar\u0131n \u0259ks\u0259riyy\u0259ti d\u0259yi\u015fiklikl\u0259r\u0259 etiraz edib. Deputat Zahid Oruc N\u00fcmay\u0259nd\u0259lik \u0130nstitutunun l\u0259\u011fvinin m\u0259hk\u0259m\u0259 sistemi \u00fc\u00e7\u00fcn xeyirli olmad\u0131\u011f\u0131n\u0131 deyib:\n<\/p>\n<p>\n  \u201cQanunu q\u0259bul etm\u0259kl\u0259 biz v\u0259t\u0259nda\u015flar\u0131 m\u00fcdafi\u0259siz qoyuruq. Bu, m\u0259hk\u0259m\u0259 sistemind\u0259 \u00e7oxsayl\u0131 probleml\u0259r\u0259, Avropa M\u0259hk\u0259m\u0259sin\u0259 g\u00f6nd\u0259ril\u0259c\u0259k i\u015fl\u0259rin say\u0131n\u0131n artmas\u0131na s\u0259b\u0259b olacaq. M\u00fcxalif\u0259tin dan\u0131\u015fmas\u0131 \u00fc\u00e7\u00fcn \u0259lav\u0259 tezisl\u0259r ver\u0259c\u0259k. Bundan \u0259lav\u0259, biz Avropa qar\u015f\u0131s\u0131nda g\u00f6t\u00fcrd\u00fcy\u00fcm\u00fcz \u00f6hd\u0259likl\u0259rd\u0259n yay\u0131nm\u0131\u015f olaca\u011f\u0131q. Ona g\u00f6r\u0259 d\u0259, m\u0259n bu qanunun \u0259leyhin\u0259 s\u0259s ver\u0259c\u0259y\u0259m\u201d.\n<\/p>\n<blockquote><p>\n  N\u00fcmay\u0259nd\u0259lik \u0130nstitutunun l\u0259\u011fvi d\u0131rnaqaras\u0131 islahatd\u0131r\n<\/p><\/blockquote>\n<p>\n  Deputat Fazil Mustafa da qanun layih\u0259sin\u0259 etiraz edib v\u0259 s\u0259n\u0259din \u0259leyhin\u0259 s\u0259s ver\u0259c\u0259yini deyib:\n<\/p>\n<p>\n  \u201cBu, d\u0131rnaqaras\u0131 islahatd\u0131r. V\u0259t\u0259nda\u015flar\u0131n, x\u00fcsusil\u0259 yoxsul v\u0259t\u0259nda\u015flar\u0131n \u0259leyhin\u0259 i\u015fl\u0259y\u0259c\u0259k. S\u00f6hb\u0259t qeyri-pe\u015f\u0259karl\u0131qdan gedirs\u0259, o zaman t\u0259l\u0259b qoyulsun ki, N\u00fcmay\u0259nd\u0259lik \u0130nstitutunda yaln\u0131z h\u00fcquq\u015f\u00fcnaslar olsun. Bu, ona b\u0259nz\u0259yir ki, universitetd\u0259 hans\u0131sa m\u00fc\u0259llim r\u00fc\u015fv\u0259t al\u0131rsa, universiteti l\u0259\u011fv olunur. B\u00f6lg\u0259d\u0259ki 5 milyonluq \u0259hali \u00fc\u00e7\u00fcn c\u0259mi 236 v\u0259kil var. Bu zaman v\u0259t\u0259nda\u015f \u00f6z\u00fcn\u00fc nec\u0259 m\u00fcdafi\u0259 ed\u0259c\u0259k? Burada 5-6 minlik i\u015fsizl\u0259r ordusunun yarad\u0131lmas\u0131 kimin mara\u011f\u0131ndad\u0131r? Biz m\u0259s\u0259l\u0259 qoyaq ki, n\u00fcmay\u0259nd\u0259 h\u00fcquq\u015f\u00fcnas olmal\u0131d\u0131r. Nec\u0259 ki, Qazax\u0131stan bu add\u0131m\u0131 atd\u0131. N\u00fcmay\u0259nd\u0259likl\u0259 ba\u011fl\u0131 q\u0259rar\u0131 verm\u0259k h\u0259l\u0259 tezdir. He\u00e7 olmasa v\u0259kill\u0259rin say\u0131na g\u00f6r\u0259 20-ci yer\u0259 \u00e7\u0131xaq, o halda bu qanunu q\u0259bul ed\u0259k. Hakiml\u0259r daha rahat q\u0259rar \u00e7\u0131xarts\u0131n dey\u0259, bu q\u0259rar\u0131 q\u0259bul etm\u0259k olmaz. Bu qanunun q\u0259bulu \u00f6lk\u0259d\u0259 ciddi naraz\u0131l\u0131qlar yaradacaq\u201d.\n<\/p>\n<p>\n  Deputat vur\u011fulay\u0131b ki, 4 milyonluq G\u00fcrc\u00fcstanda 5000 v\u0259kil varsa, 10 milyonluq Az\u0259rbaycanda bu r\u0259q\u0259m 900 civar\u0131ndad\u0131r:\n<\/p>\n<p>\n  \u201cR\u0259q\u0259min 1 aya art\u0131r\u0131lmas\u0131 illuziyad\u0131r. \u018fg\u0259r Az\u0259rbaycanda v\u0259kill\u0259rin say\u0131 kifay\u0259t q\u0259d\u0259r olsayd\u0131, bu qanunu m\u00fczakir\u0259y\u0259 \u00e7\u0131xarmaq olard\u0131. Hal-haz\u0131rda qanunun m\u00fczakir\u0259si v\u0259 ya q\u0259bul olunmas\u0131 insanlar\u0131n m\u00fcdafi\u0259 se\u00e7iminin qar\u015f\u0131s\u0131n\u0131 almaqd\u0131r. M\u0259n d\u0259 bu qanunun \u0259leyhin\u0259 s\u0259s ver\u0259c\u0259y\u0259m\u201d.\n<\/p>\n<figure class=\"wp-block-image size-large\">\n  <img decoding=\"async\" src=\"https:\/\/www.meydan.tv\/az\/94754\/\" alt=\"\" class=\"wp-image-94754\"\/><figcaption>\n    Siyavu\u015f Novruzov<br \/>\n  <\/figcaption><\/figure>\n<blockquote><p>\n  Q\u0259bul ed\u0259k, laz\u0131m olsa d\u0259yi\u015fiklik ed\u0259rik\n<\/p><\/blockquote>\n<p>\n  Deputat Siyavu\u015f Novruzov is\u0259 qeyd edib ki, d\u0259yi\u015fiklikl\u0259rin t\u0259r\u0259fdar\u0131 olanlarla ona qar\u015f\u0131 olanlar \u00f6z arqumentl\u0259rini ir\u0259li s\u00fcr\u00fcrl\u0259r.\n<\/p>\n<p>\n  \u201cAmma bu s\u0259n\u0259d q\u0259bul olunmal\u0131d\u0131r ki, onun t\u0259tbiqin\u0259 baxaq. \u018fg\u0259r qanun i\u015fl\u0259m\u0259s\u0259, o zaman d\u0259yi\u015fiklik etm\u0259k olar. Amma birm\u0259nal\u0131 \u015f\u0259kild\u0259 \u201cbu d\u0259yi\u015fiklik laz\u0131m deyil\u201d deyib bundan yap\u0131\u015fmaq d\u00fczg\u00fcn deyil. V\u0259killik institutu z\u0259ifdir, biz bunun g\u00fccl\u0259ndirilm\u0259sin\u0259 \u00e7al\u0131\u015fmal\u0131y\u0131q. Kifay\u0259t q\u0259d\u0259r savadl\u0131 h\u00fcuquq\u015f\u00fcnas v\u0259kil i\u015fl\u0259y\u0259rs\u0259 \u00f6z halal z\u0259hm\u0259ti il\u0259 dig\u0259r sah\u0259l\u0259rd\u0259n daha \u00e7ox \u0259m\u0259k haqq\u0131 ala bil\u0259r. Test imtahanlar\u0131 intensivl\u0259\u015fdirilm\u0259lidir. Bu g\u00fcn z\u0259rur\u0259t varsa, ayda bir d\u0259f\u0259, 6 ayda bir d\u0259f\u0259 ola bil\u0259r. Ali hakimiyy\u0259t orqanlar\u0131 var ki, orada se\u00e7ki b\u0259llidir. Dig\u0259r hallarda v\u0259kil se\u00e7ildikd\u0259 m\u00fcdd\u0259t qoyulmamal\u0131d\u0131r. H\u00fcququ firmalar a\u00e7\u0131lmal\u0131, onlar\u0131n nizamnam\u0259l\u0259ri sad\u0259l\u0259\u015fdirilm\u0259lidir. Bel\u0259 olan t\u0259qdird\u0259 n\u00fcmay\u0259nd\u0259liy\u0259 ehtiyac qalmayacaq. N\u00fcmay\u0259nd\u0259lik h\u00fcquqi proseduru h\u0259yata ke\u00e7ir\u0259n \u015f\u0259xs deyil. N\u00fcmay\u0259nd\u0259 sad\u0259c\u0259 h\u0259min f\u0259rdi h\u00fcquq istiqam\u0259tin\u0259 y\u00f6n\u0259ltm\u0259kl\u0259 m\u0259\u015f\u011fuldur. \u018fg\u0259r biz v\u0259killik institutunu t\u0259kmill\u0259\u015fdiririks\u0259, n\u00fcmay\u0259nd\u0259lik l\u0259\u011fv olunacaq. Qanunda da bu n\u0259z\u0259rd\u0259 tutulub\u201d.\n<\/p>\n<p>\n  Deputat \u0259lav\u0259 edib ki, h\u00fcquq m\u00fchafiz\u0259 orqanlar\u0131nda i\u015fl\u0259y\u0259n insanlar\u0131n b\u0259zil\u0259ri r\u00fc\u015fv\u0259t\u0259, v\u0259zif\u0259sind\u0259n sui-istifad\u0259y\u0259 g\u00f6r\u0259 i\u015fd\u0259n \u00e7\u0131xar\u0131l\u0131blar, lakin sonradan v\u0259kil i\u015fl\u0259yirl\u0259r.\n<\/p>\n<p>\n  \u201cOnlar i\u015fd\u0259n \u00e7\u0131xd\u0131qdan sonra v\u0259kil i\u015fl\u0259yir. Bel\u0259l\u0259rind\u0259ns\u0259 g\u0259ncl\u0259rin i\u015f\u0259 g\u00f6t\u00fcr\u00fclm\u0259si daha m\u0259sl\u0259h\u0259tlidir. El\u0259l\u0259ri var ki, ad\u0131n\u0131 v\u0259kil qoyub, ancaq \u015fantajla m\u0259\u015f\u011fuldur. \u00d6z i\u015fini \u0259sasland\u0131ra bilm\u0259y\u0259nl\u0259r AT\u018fT-\u0259, Avropa \u015euras\u0131na m\u0259ktublar yaz\u0131rlar. Bu c\u00fcr insanlar\u0131n say\u0131n\u0131 azaltmaq, yenil\u0259rini c\u0259lb ed\u0259r\u0259k v\u0259killik institutu yarada bil\u0259rik. H\u0259r \u015fey islahatlarla, t\u0259cr\u00fcb\u0259y\u0259 \u0259sas\u0259n h\u0259yata ke\u00e7irilm\u0259lidir\u201d.\n<\/p>\n<figure class=\"wp-block-image size-large\">\n  <img decoding=\"async\" src=\"https:\/\/www.meydan.tv\/az\/cingiz-qeni-foto-sosial-sebeke\/\" alt=\"\u00c7ingiz Q\u0259ni foto sosial \u015f\u0259b\u0259k\u0259\" class=\"wp-image-70489\"\/><figcaption>\n    \u00c7ingiz Q\u0259ni foto sosial \u015f\u0259b\u0259k\u0259<br \/>\n  <\/figcaption><\/figure>\n<blockquote><p>\n  Haz\u0131rda 350 min m\u00fclki i\u015f var, 900 v\u0259kil bu i\u015fl\u0259r\u0259 yet\u0259c\u0259kmi?\n<\/p><\/blockquote>\n<p>\n  Deputat \u00c7ingiz Q\u0259nizad\u0259 da qanun layih\u0259sin\u0259 etiraz edib. O vur\u011fulay\u0131b ki, h\u00fcquq\u015f\u00fcnas ixtisas\u0131 olan \u015f\u0259xsl\u0259r\u0259 n\u00fcmay\u0259nd\u0259 kimi t\u0259msil etm\u0259y\u0259 icaz\u0259 verilm\u0259lidir.\n<\/p>\n<p>\n  \u201cAz\u0259rbycanda problemi aradan qald\u0131rmaq \u00fc\u00e7\u00fcn h\u00fcquq firmalar\u0131 yarad\u0131lmal\u0131d\u0131r. B\u0259llidir ki, N\u00fcmay\u0259nd\u0259lik \u0130nstitutunda d\u0259l\u0259duzlar da var.\n<\/p>\n<p>\n  \u201c\u018fg\u0259r qolda bir-iki yara varsa, onu k\u0259sm\u0259k laz\u0131m deyil, m\u00fcalic\u0259 etm\u0259k laz\u0131md\u0131r. \u201cV\u0259kill\u0259r v\u0259 v\u0259killik f\u0259aliyy\u0259ti haqq\u0131nda\u201d qanunun 8-ci madd\u0259sind\u0259 \u00e7ox b\u00f6y\u00fck bo\u015fluqlar var. Niy\u0259 prokurorluq \u0259m\u0259kda\u015flar\u0131 ya\u015fa, s\u0259hh\u0259tin\u0259 v\u0259 sair s\u0259b\u0259bl\u0259r\u0259 g\u00f6r\u0259 prokurorluq orqanlar\u0131ndan getdikd\u0259n sonra V\u0259kill\u0259r Kollegiyas\u0131n\u0131n \u00fczv\u00fc olmaq \u00fc\u00e7\u00fcn ba\u015fqalar\u0131ndan f\u0259rqli olaraq imtahan verir? Amma v\u0259kil v\u0259 hakim imtahan vermir. Yaxud da biz v\u0259killik institutunu art\u0131rmaq ist\u0259yiriks\u0259, n\u0259y\u0259 g\u00f6r\u0259 daxili i\u015fl\u0259r orqanlar\u0131nda i\u015fl\u0259y\u0259n t\u0259hqiqat\u00e7\u0131lar, m\u00fcst\u0259ntiql\u0259r v\u0259 dig\u0259r qurumlarda i\u015fl\u0259y\u0259n m\u00fcst\u0259ntiql\u0259r xidm\u0259tke\u00e7m\u0259 il\u0259 ba\u011fl\u0131 qanuni \u015f\u0259kild\u0259 bu orqandan getdikd\u0259n sonra V\u0259kill\u0259r Kollegiyas\u0131n\u0131n \u00fczv ola bilmirl\u0259r? G\u0259lin, v\u0259killik institutunu t\u0259kmill\u0259\u015fdir\u0259k. Az\u0259rbaycanda v\u0259kill\u0259rin say\u0131 \u00e7ox azd\u0131r. M\u0259hk\u0259m\u0259 i\u015fl\u0259ri is\u0259 \u00e7oxdur. N\u00fcmay\u0259nd\u0259liyi l\u0259\u011fv etm\u0259k ist\u0259yiriks\u0259, bu zaman v\u0259killikl\u0259 ba\u011fl\u0131 sah\u0259ni inki\u015faf etdirm\u0259liyik. V\u0259kill\u0259rin say\u0131n\u0131 art\u0131raq, v\u0259killik institutunda islahatlar aparaq, sonra N\u00fcmay\u0259nd\u0259lik \u0130nstitutunun l\u0259\u011fvin\u0259 baxaq. Bu \u015f\u0259kild\u0259 q\u0259bul edils\u0259, b\u00f6y\u00fck probleml\u0259r yaranacaq. Haz\u0131rda 350 min m\u00fclki i\u015f var, 900 v\u0259kil bu i\u015fl\u0259r\u0259 yet\u0259c\u0259kmi?\u201d.\n<\/p>\n<figure class=\"wp-block-image size-large\">\n  <img decoding=\"async\" src=\"https:\/\/www.meydan.tv\/az\/qenire-pasayeva\/\" alt=\"Q\u0259nir\u0259 Pa\u015fayeva\" class=\"wp-image-50585\"\/><figcaption>\n    Q\u0259nir\u0259 Pa\u015fayeva<br \/>\n  <\/figcaption><\/figure>\n<blockquote><p>\n  M\u0259s\u0259l\u0259ni siyasil\u0259\u015fdirm\u0259y\u0259 ehtiyac yoxdur\n<\/p><\/blockquote>\n<p>\n  Deputat Q\u0259nir\u0259 Pa\u015fayeva da s\u0259n\u0259d\u0259 etiraz edib v\u0259 bildirib ki, Az\u0259rbaycanda v\u0259kill\u0259rin say\u0131 \u00e7ox azd\u0131r. O vur\u011fulay\u0131b ki, v\u0259kil problemi x\u00fcsusil\u0259 rayonlarda daha \u00e7ox hiss olunacaq. \u201c10 minl\u0259rl\u0259 \u0259halisi olan rayonda c\u0259mi bir ne\u00e7\u0259 v\u0259kil var. \u0130nsanlar h\u00fcquqi perobleml\u0259rini daha \u00e7ox n\u00fcmay\u0259nd\u0259l\u0259r vasit\u0259sil\u0259 h\u0259yata ke\u00e7irirdil\u0259r. N\u00fcmay\u0259nd\u0259lik l\u0259\u011fv edils\u0259, insanlar faktiki h\u00fcquqi yard\u0131ms\u0131z qalacaqlar. N\u00fcmay\u0259nd\u0259lik \u0130nstitutunda probleml\u0259r ola bil\u0259r. Buna g\u00f6r\u0259 N\u00fcmay\u0259nd\u0259lik \u0130nstitutunun l\u0259\u011fvi d\u00fczg\u00fcn deyil\u201d.\n<\/p>\n<p>\n  Vitse-spiker Valeh \u018fl\u0259sg\u0259rov qeyd edib ki, N\u00fcmay\u0259nd\u0259lik \u0130nstitutu oldu\u011fu m\u00fcdd\u0259td\u0259 v\u0259kill\u0259rin say\u0131 arta bilm\u0259z:\n<\/p>\n<p>\n  \u201c\u00c7\u00fcnki n\u00fcmay\u0259nd\u0259 varsa, v\u0259kil niy\u0259 axtar\u0131ls\u0131n ki? M\u0259s\u0259l\u0259ni siyasil\u0259\u015fdirm\u0259y\u0259 ehtiyac yoxdur\u201d.\n<\/p>\n<p>\n  Ali M\u0259hk\u0259m\u0259d\u0259 M\u00fclki Kollegiya s\u0259dri \u015e\u0259lal\u0259 M\u0259mm\u0259dova is\u0259 deyib ki, t\u0259msil etdiyi qurum 3 il\u0259 yax\u0131nd\u0131r ki, N\u00fcmay\u0259nd\u0259lik \u0130nstitutu il\u0259 ba\u011fl\u0131 ciddi ara\u015fd\u0131rmalar apar\u0131b.\n<\/p>\n<p>\n  \u201cBiz m\u00fczakir\u0259l\u0259r aparm\u0131\u015f\u0131q. Yaln\u0131z m\u0259hk\u0259m\u0259 prosesind\u0259 n\u00fcmay\u0259nd\u0259l\u0259rin i\u015ftirak\u0131na qar\u015f\u0131y\u0131q. Burada fikirl\u0259r s\u0259sl\u0259ndi ki, i\u015fsizl\u0259r ordusu yaranacaq. Amma n\u00fcmay\u0259nd\u0259l\u0259r onsuz da, bu sistemin i\u015f\u00e7il\u0259ri deyildi. Biz N\u00fcmay\u0259nd\u0259lik \u0130nstitutunun f\u0259aliyy\u0259tini m\u0259hdudla\u015fd\u0131r\u0131r\u0131q. M\u0259s\u0259l\u0259n, yax\u0131n qohumlar n\u00fcmay\u0259nd\u0259 ola bil\u0259r. M\u00fclki i\u015fl\u0259rd\u0259 bo\u015fanmalar daha \u00e7oxdur. T\u0259cr\u00fcb\u0259d\u0259 d\u0259 g\u00f6r\u00fcr\u00fck ki, yax\u0131n qohumlar v\u0259t\u0259nda\u015flar\u0131 daha yax\u015f\u0131 t\u0259msil edir. Amma hakim n\u00fcmay\u0259nd\u0259y\u0259 sual ver\u0259nd\u0259 ki, onlar niy\u0259 bo\u015fan\u0131r, o, buna cavab ver\u0259 bilmir. N\u00fcmay\u0259nd\u0259l\u0259r t\u0259r\u0259fl\u0259rd\u0259n biri m\u0259hk\u0259m\u0259y\u0259 getm\u0259y\u0259nd\u0259 orada olur. T\u0259r\u0259fl\u0259rin ikisi d\u0259 m\u0259hk\u0259m\u0259d\u0259dirs\u0259, hakimin suallar\u0131n\u0131 cavabland\u0131r\u0131rsa, o zaman n\u00fcmay\u0259nd\u0259nin orada v\u0259kil kimi olmas\u0131na n\u0259 \u0259sas var?\u201d\n<\/p>\n<figure class=\"wp-block-image size-large\">\n  <img decoding=\"async\" src=\"https:\/\/www.meydan.tv\/az\/63895\/\" alt=\"\" class=\"wp-image-63895\"\/><figcaption>\n    Ziyaf\u0259t \u018fsg\u0259rov<br \/>\n  <\/figcaption><\/figure>\n<p>\n  Vitse-spiker Ziyaf\u0259t \u018fsg\u0259rov da qanun d\u0259yi\u015fikliyinin q\u0259bul edilm\u0259sinin t\u0259r\u0259fdar\u0131 oldu\u011funu deyib.\n<\/p>\n<p>\n  D\u0259yi\u015fikliyin 2018-ci il yanvar\u0131n 1-d\u0259n q\u00fcvv\u0259y\u0259 min\u0259c\u0259yi g\u00f6zl\u0259nilir.\n<\/p>\n<p>\n  D\u0259yi\u015fiklik layih\u0259l\u0259ri Milli M\u0259clis\u0259 Ali M\u0259hk\u0259m\u0259nin s\u0259dri Ramiz Rzayev t\u0259r\u0259find\u0259n daxil olub. Layih\u0259 oktyabr\u0131n 20-d\u0259 ke\u00e7iril\u0259n plenar iclas\u0131n\u0131n g\u00fcnd\u0259liyind\u0259n \u00e7\u0131xar\u0131lm\u0131\u015fd\u0131. Spiker Oqtay \u018fs\u0259dov buna qanun layih\u0259l\u0259rinin haz\u0131rlanmas\u0131ndak\u0131 \u00e7at\u0131\u015fmazl\u0131\u011f\u0131 s\u0259b\u0259b g\u00f6st\u0259rmi\u015fdi.\n<\/p>\n<p>\n  T\u0259klif c\u0259miyy\u0259td\u0259 \u0259sas\u0259n naraz\u0131l\u0131qla qar\u015f\u0131lan\u0131b v\u0259 bildirilib ki, N\u00fcmay\u0259nd\u0259lik \u0130nstitutunun l\u0259\u011fv edilm\u0259si v\u0259t\u0259nda\u015flar\u0131n h\u00fcquqlar\u0131n\u0131n m\u00fcdafi\u0259si sah\u0259sind\u0259 ciddi probleml\u0259r\u0259 yol a\u00e7acaq. Qeyd edilib ki, \u00f6lk\u0259d\u0259 v\u0259kill\u0259rin say\u0131 1000 n\u0259f\u0259r\u0259 \u00e7atmad\u0131\u011f\u0131ndan, N\u00fcmay\u0259nd\u0259lik \u0130nstitutu olmadan v\u0259t\u0259nda\u015flar\u0131n m\u0259hk\u0259m\u0259l\u0259rd\u0259ki i\u015fl\u0259rind\u0259 b\u00f6y\u00fck \u00e7at\u0131\u015fmazl\u0131qlar yaranacaq.<\/p>\n","protected":false},"excerpt":{"rendered":"<p>\u201cR\u00fc\u015fv\u0259t\u0259 g\u00f6r\u0259 i\u015fd\u0259n qovulanlar da v\u0259kil i\u015fl\u0259yirl\u0259r\u201d<\/p>\n","protected":false},"author":11,"featured_media":86786,"comment_status":"closed","ping_status":"open","sticky":false,"template":"","format":"standard","meta":{"_acf_changed":false,"_sitemap_exclude":false,"_sitemap_priority":"","_sitemap_frequency":"","footnotes":""},"categories":[56],"tags":[],"class_list":["post-187290","post","type-post","status-publish","format-standard","has-post-thumbnail","hentry","category-xeberler","infinite-scroll-item","generate-columns","tablet-grid-50","mobile-grid-100","grid-parent","grid-33","no-featured-image-padding"],"acf":[],"yoast_head":"<!-- This site is optimized with the Yoast SEO plugin v27.4 - https:\/\/yoast.com\/product\/yoast-seo-wordpress\/ -->\n<title>Zahid Oruc: Bu qanunu q\u0259bul etm\u0259kl\u0259 v\u0259t\u0259nda\u015flar\u0131 m\u00fcdafi\u0259siz qoyduq - MEYDAN.TV<\/title>\n<meta name=\"robots\" content=\"index, follow, max-snippet:-1, max-image-preview:large, max-video-preview:-1\" \/>\n<link rel=\"canonical\" href=\"https:\/\/www.meydan.tv\/az\/article\/zahid-oruc-bu-qanunu-qebul-etmekle-vetendaslari-mudafiesiz-qoyduq\/\" \/>\n<meta property=\"og:locale\" content=\"az_AZ\" \/>\n<meta property=\"og:type\" content=\"article\" \/>\n<meta property=\"og:title\" content=\"Zahid Oruc: Bu qanunu q\u0259bul etm\u0259kl\u0259 v\u0259t\u0259nda\u015flar\u0131 m\u00fcdafi\u0259siz qoyduq - MEYDAN.TV\" \/>\n<meta property=\"og:description\" content=\"\u201cR\u00fc\u015fv\u0259t\u0259 g\u00f6r\u0259 i\u015fd\u0259n qovulanlar da v\u0259kil i\u015fl\u0259yirl\u0259r\u201d\" \/>\n<meta property=\"og:url\" content=\"https:\/\/www.meydan.tv\/az\/article\/zahid-oruc-bu-qanunu-qebul-etmekle-vetendaslari-mudafiesiz-qoyduq\/\" \/>\n<meta property=\"og:site_name\" content=\"MEYDAN.TV\" \/>\n<meta property=\"article:published_time\" content=\"2017-10-31T22:22:15+00:00\" \/>\n<meta property=\"og:image\" content=\"https:\/\/www.meydan.tv\/wp-content\/uploads\/34206.jpg\" \/>\n\t<meta property=\"og:image:width\" content=\"644\" \/>\n\t<meta property=\"og:image:height\" content=\"322\" \/>\n\t<meta property=\"og:image:type\" content=\"image\/jpeg\" \/>\n<meta name=\"author\" content=\"user-manager\" \/>\n<meta name=\"twitter:card\" content=\"summary_large_image\" \/>\n<script type=\"application\/ld+json\" class=\"yoast-schema-graph\">{\"@context\":\"https:\\\/\\\/schema.org\",\"@graph\":[{\"@type\":\"Article\",\"@id\":\"https:\\\/\\\/www.meydan.tv\\\/az\\\/article\\\/zahid-oruc-bu-qanunu-qebul-etmekle-vetendaslari-mudafiesiz-qoyduq\\\/#article\",\"isPartOf\":{\"@id\":\"https:\\\/\\\/www.meydan.tv\\\/az\\\/article\\\/zahid-oruc-bu-qanunu-qebul-etmekle-vetendaslari-mudafiesiz-qoyduq\\\/\"},\"author\":{\"name\":\"user-manager\",\"@id\":\"https:\\\/\\\/www.meydan.tv\\\/az\\\/#\\\/schema\\\/person\\\/10d11eccf6da3662cf5fdab9806ea91a\"},\"headline\":\"Zahid Oruc: Bu qanunu q\u0259bul etm\u0259kl\u0259 v\u0259t\u0259nda\u015flar\u0131 m\u00fcdafi\u0259siz qoyduq\",\"datePublished\":\"2017-10-31T22:22:15+00:00\",\"mainEntityOfPage\":{\"@id\":\"https:\\\/\\\/www.meydan.tv\\\/az\\\/article\\\/zahid-oruc-bu-qanunu-qebul-etmekle-vetendaslari-mudafiesiz-qoyduq\\\/\"},\"wordCount\":1929,\"publisher\":{\"@id\":\"https:\\\/\\\/www.meydan.tv\\\/az\\\/#organization\"},\"image\":{\"@id\":\"https:\\\/\\\/www.meydan.tv\\\/az\\\/article\\\/zahid-oruc-bu-qanunu-qebul-etmekle-vetendaslari-mudafiesiz-qoyduq\\\/#primaryimage\"},\"thumbnailUrl\":\"https:\\\/\\\/www.meydan.tv\\\/wp-content\\\/uploads\\\/34206.jpg\",\"articleSection\":[\"X\u0259b\u0259rl\u0259r\"],\"inLanguage\":\"az\"},{\"@type\":\"WebPage\",\"@id\":\"https:\\\/\\\/www.meydan.tv\\\/az\\\/article\\\/zahid-oruc-bu-qanunu-qebul-etmekle-vetendaslari-mudafiesiz-qoyduq\\\/\",\"url\":\"https:\\\/\\\/www.meydan.tv\\\/az\\\/article\\\/zahid-oruc-bu-qanunu-qebul-etmekle-vetendaslari-mudafiesiz-qoyduq\\\/\",\"name\":\"Zahid Oruc: Bu qanunu q\u0259bul etm\u0259kl\u0259 v\u0259t\u0259nda\u015flar\u0131 m\u00fcdafi\u0259siz qoyduq - MEYDAN.TV\",\"isPartOf\":{\"@id\":\"https:\\\/\\\/www.meydan.tv\\\/az\\\/#website\"},\"primaryImageOfPage\":{\"@id\":\"https:\\\/\\\/www.meydan.tv\\\/az\\\/article\\\/zahid-oruc-bu-qanunu-qebul-etmekle-vetendaslari-mudafiesiz-qoyduq\\\/#primaryimage\"},\"image\":{\"@id\":\"https:\\\/\\\/www.meydan.tv\\\/az\\\/article\\\/zahid-oruc-bu-qanunu-qebul-etmekle-vetendaslari-mudafiesiz-qoyduq\\\/#primaryimage\"},\"thumbnailUrl\":\"https:\\\/\\\/www.meydan.tv\\\/wp-content\\\/uploads\\\/34206.jpg\",\"datePublished\":\"2017-10-31T22:22:15+00:00\",\"breadcrumb\":{\"@id\":\"https:\\\/\\\/www.meydan.tv\\\/az\\\/article\\\/zahid-oruc-bu-qanunu-qebul-etmekle-vetendaslari-mudafiesiz-qoyduq\\\/#breadcrumb\"},\"inLanguage\":\"az\",\"potentialAction\":[{\"@type\":\"ReadAction\",\"target\":[\"https:\\\/\\\/www.meydan.tv\\\/az\\\/article\\\/zahid-oruc-bu-qanunu-qebul-etmekle-vetendaslari-mudafiesiz-qoyduq\\\/\"]}]},{\"@type\":\"ImageObject\",\"inLanguage\":\"az\",\"@id\":\"https:\\\/\\\/www.meydan.tv\\\/az\\\/article\\\/zahid-oruc-bu-qanunu-qebul-etmekle-vetendaslari-mudafiesiz-qoyduq\\\/#primaryimage\",\"url\":\"https:\\\/\\\/www.meydan.tv\\\/wp-content\\\/uploads\\\/34206.jpg\",\"contentUrl\":\"https:\\\/\\\/www.meydan.tv\\\/wp-content\\\/uploads\\\/34206.jpg\",\"width\":644,\"height\":322,\"caption\":\"Source:\"},{\"@type\":\"BreadcrumbList\",\"@id\":\"https:\\\/\\\/www.meydan.tv\\\/az\\\/article\\\/zahid-oruc-bu-qanunu-qebul-etmekle-vetendaslari-mudafiesiz-qoyduq\\\/#breadcrumb\",\"itemListElement\":[{\"@type\":\"ListItem\",\"position\":1,\"name\":\"Ana s\u0259hif\u0259\",\"item\":\"https:\\\/\\\/www.meydan.tv\\\/az\\\/\"},{\"@type\":\"ListItem\",\"position\":2,\"name\":\"X\u0259b\u0259rl\u0259r\",\"item\":\"https:\\\/\\\/www.meydan.tv\\\/az\\\/section\\\/xeberler\\\/\"},{\"@type\":\"ListItem\",\"position\":3,\"name\":\"Zahid Oruc: Bu qanunu q\u0259bul etm\u0259kl\u0259 v\u0259t\u0259nda\u015flar\u0131 m\u00fcdafi\u0259siz qoyduq\"}]},{\"@type\":\"WebSite\",\"@id\":\"https:\\\/\\\/www.meydan.tv\\\/az\\\/#website\",\"url\":\"https:\\\/\\\/www.meydan.tv\\\/az\\\/\",\"name\":\"MEYDAN.TV\",\"description\":\"Meydan TV Az\u0259rbaycan\u0131n media m\u0259kan\u0131ndak\u0131 alternativ s\u0259sidir\",\"publisher\":{\"@id\":\"https:\\\/\\\/www.meydan.tv\\\/az\\\/#organization\"},\"potentialAction\":[{\"@type\":\"SearchAction\",\"target\":{\"@type\":\"EntryPoint\",\"urlTemplate\":\"https:\\\/\\\/www.meydan.tv\\\/az\\\/?s={search_term_string}\"},\"query-input\":{\"@type\":\"PropertyValueSpecification\",\"valueRequired\":true,\"valueName\":\"search_term_string\"}}],\"inLanguage\":\"az\"},{\"@type\":\"Organization\",\"@id\":\"https:\\\/\\\/www.meydan.tv\\\/az\\\/#organization\",\"name\":\"Meydan TV\",\"url\":\"https:\\\/\\\/www.meydan.tv\\\/az\\\/\",\"logo\":{\"@type\":\"ImageObject\",\"inLanguage\":\"az\",\"@id\":\"https:\\\/\\\/www.meydan.tv\\\/az\\\/#\\\/schema\\\/logo\\\/image\\\/\",\"url\":\"https:\\\/\\\/www.meydan.tv\\\/wp-content\\\/uploads\\\/2021\\\/07\\\/meydan-logo.svg\",\"contentUrl\":\"https:\\\/\\\/www.meydan.tv\\\/wp-content\\\/uploads\\\/2021\\\/07\\\/meydan-logo.svg\",\"width\":195,\"height\":46,\"caption\":\"Meydan TV\"},\"image\":{\"@id\":\"https:\\\/\\\/www.meydan.tv\\\/az\\\/#\\\/schema\\\/logo\\\/image\\\/\"}},{\"@type\":\"Person\",\"@id\":\"https:\\\/\\\/www.meydan.tv\\\/az\\\/#\\\/schema\\\/person\\\/10d11eccf6da3662cf5fdab9806ea91a\",\"name\":\"user-manager\"}]}<\/script>\n<!-- \/ Yoast SEO plugin. -->","yoast_head_json":{"title":"Zahid Oruc: Bu qanunu q\u0259bul etm\u0259kl\u0259 v\u0259t\u0259nda\u015flar\u0131 m\u00fcdafi\u0259siz qoyduq - MEYDAN.TV","robots":{"index":"index","follow":"follow","max-snippet":"max-snippet:-1","max-image-preview":"max-image-preview:large","max-video-preview":"max-video-preview:-1"},"canonical":"https:\/\/www.meydan.tv\/az\/article\/zahid-oruc-bu-qanunu-qebul-etmekle-vetendaslari-mudafiesiz-qoyduq\/","og_locale":"az_AZ","og_type":"article","og_title":"Zahid Oruc: Bu qanunu q\u0259bul etm\u0259kl\u0259 v\u0259t\u0259nda\u015flar\u0131 m\u00fcdafi\u0259siz qoyduq - MEYDAN.TV","og_description":"\u201cR\u00fc\u015fv\u0259t\u0259 g\u00f6r\u0259 i\u015fd\u0259n qovulanlar da v\u0259kil i\u015fl\u0259yirl\u0259r\u201d","og_url":"https:\/\/www.meydan.tv\/az\/article\/zahid-oruc-bu-qanunu-qebul-etmekle-vetendaslari-mudafiesiz-qoyduq\/","og_site_name":"MEYDAN.TV","article_published_time":"2017-10-31T22:22:15+00:00","og_image":[{"width":644,"height":322,"url":"https:\/\/www.meydan.tv\/wp-content\/uploads\/34206.jpg","type":"image\/jpeg"}],"author":"user-manager","twitter_card":"summary_large_image","schema":{"@context":"https:\/\/schema.org","@graph":[{"@type":"Article","@id":"https:\/\/www.meydan.tv\/az\/article\/zahid-oruc-bu-qanunu-qebul-etmekle-vetendaslari-mudafiesiz-qoyduq\/#article","isPartOf":{"@id":"https:\/\/www.meydan.tv\/az\/article\/zahid-oruc-bu-qanunu-qebul-etmekle-vetendaslari-mudafiesiz-qoyduq\/"},"author":{"name":"user-manager","@id":"https:\/\/www.meydan.tv\/az\/#\/schema\/person\/10d11eccf6da3662cf5fdab9806ea91a"},"headline":"Zahid Oruc: Bu qanunu q\u0259bul etm\u0259kl\u0259 v\u0259t\u0259nda\u015flar\u0131 m\u00fcdafi\u0259siz qoyduq","datePublished":"2017-10-31T22:22:15+00:00","mainEntityOfPage":{"@id":"https:\/\/www.meydan.tv\/az\/article\/zahid-oruc-bu-qanunu-qebul-etmekle-vetendaslari-mudafiesiz-qoyduq\/"},"wordCount":1929,"publisher":{"@id":"https:\/\/www.meydan.tv\/az\/#organization"},"image":{"@id":"https:\/\/www.meydan.tv\/az\/article\/zahid-oruc-bu-qanunu-qebul-etmekle-vetendaslari-mudafiesiz-qoyduq\/#primaryimage"},"thumbnailUrl":"https:\/\/www.meydan.tv\/wp-content\/uploads\/34206.jpg","articleSection":["X\u0259b\u0259rl\u0259r"],"inLanguage":"az"},{"@type":"WebPage","@id":"https:\/\/www.meydan.tv\/az\/article\/zahid-oruc-bu-qanunu-qebul-etmekle-vetendaslari-mudafiesiz-qoyduq\/","url":"https:\/\/www.meydan.tv\/az\/article\/zahid-oruc-bu-qanunu-qebul-etmekle-vetendaslari-mudafiesiz-qoyduq\/","name":"Zahid Oruc: Bu qanunu q\u0259bul etm\u0259kl\u0259 v\u0259t\u0259nda\u015flar\u0131 m\u00fcdafi\u0259siz qoyduq - MEYDAN.TV","isPartOf":{"@id":"https:\/\/www.meydan.tv\/az\/#website"},"primaryImageOfPage":{"@id":"https:\/\/www.meydan.tv\/az\/article\/zahid-oruc-bu-qanunu-qebul-etmekle-vetendaslari-mudafiesiz-qoyduq\/#primaryimage"},"image":{"@id":"https:\/\/www.meydan.tv\/az\/article\/zahid-oruc-bu-qanunu-qebul-etmekle-vetendaslari-mudafiesiz-qoyduq\/#primaryimage"},"thumbnailUrl":"https:\/\/www.meydan.tv\/wp-content\/uploads\/34206.jpg","datePublished":"2017-10-31T22:22:15+00:00","breadcrumb":{"@id":"https:\/\/www.meydan.tv\/az\/article\/zahid-oruc-bu-qanunu-qebul-etmekle-vetendaslari-mudafiesiz-qoyduq\/#breadcrumb"},"inLanguage":"az","potentialAction":[{"@type":"ReadAction","target":["https:\/\/www.meydan.tv\/az\/article\/zahid-oruc-bu-qanunu-qebul-etmekle-vetendaslari-mudafiesiz-qoyduq\/"]}]},{"@type":"ImageObject","inLanguage":"az","@id":"https:\/\/www.meydan.tv\/az\/article\/zahid-oruc-bu-qanunu-qebul-etmekle-vetendaslari-mudafiesiz-qoyduq\/#primaryimage","url":"https:\/\/www.meydan.tv\/wp-content\/uploads\/34206.jpg","contentUrl":"https:\/\/www.meydan.tv\/wp-content\/uploads\/34206.jpg","width":644,"height":322,"caption":"Source:"},{"@type":"BreadcrumbList","@id":"https:\/\/www.meydan.tv\/az\/article\/zahid-oruc-bu-qanunu-qebul-etmekle-vetendaslari-mudafiesiz-qoyduq\/#breadcrumb","itemListElement":[{"@type":"ListItem","position":1,"name":"Ana s\u0259hif\u0259","item":"https:\/\/www.meydan.tv\/az\/"},{"@type":"ListItem","position":2,"name":"X\u0259b\u0259rl\u0259r","item":"https:\/\/www.meydan.tv\/az\/section\/xeberler\/"},{"@type":"ListItem","position":3,"name":"Zahid Oruc: Bu qanunu q\u0259bul etm\u0259kl\u0259 v\u0259t\u0259nda\u015flar\u0131 m\u00fcdafi\u0259siz qoyduq"}]},{"@type":"WebSite","@id":"https:\/\/www.meydan.tv\/az\/#website","url":"https:\/\/www.meydan.tv\/az\/","name":"MEYDAN.TV","description":"Meydan TV Az\u0259rbaycan\u0131n media m\u0259kan\u0131ndak\u0131 alternativ s\u0259sidir","publisher":{"@id":"https:\/\/www.meydan.tv\/az\/#organization"},"potentialAction":[{"@type":"SearchAction","target":{"@type":"EntryPoint","urlTemplate":"https:\/\/www.meydan.tv\/az\/?s={search_term_string}"},"query-input":{"@type":"PropertyValueSpecification","valueRequired":true,"valueName":"search_term_string"}}],"inLanguage":"az"},{"@type":"Organization","@id":"https:\/\/www.meydan.tv\/az\/#organization","name":"Meydan TV","url":"https:\/\/www.meydan.tv\/az\/","logo":{"@type":"ImageObject","inLanguage":"az","@id":"https:\/\/www.meydan.tv\/az\/#\/schema\/logo\/image\/","url":"https:\/\/www.meydan.tv\/wp-content\/uploads\/2021\/07\/meydan-logo.svg","contentUrl":"https:\/\/www.meydan.tv\/wp-content\/uploads\/2021\/07\/meydan-logo.svg","width":195,"height":46,"caption":"Meydan TV"},"image":{"@id":"https:\/\/www.meydan.tv\/az\/#\/schema\/logo\/image\/"}},{"@type":"Person","@id":"https:\/\/www.meydan.tv\/az\/#\/schema\/person\/10d11eccf6da3662cf5fdab9806ea91a","name":"user-manager"}]}},"_links":{"self":[{"href":"https:\/\/www.meydan.tv\/az\/wp-json\/wp\/v2\/posts\/187290","targetHints":{"allow":["GET"]}}],"collection":[{"href":"https:\/\/www.meydan.tv\/az\/wp-json\/wp\/v2\/posts"}],"about":[{"href":"https:\/\/www.meydan.tv\/az\/wp-json\/wp\/v2\/types\/post"}],"author":[{"embeddable":true,"href":"https:\/\/www.meydan.tv\/az\/wp-json\/wp\/v2\/users\/11"}],"replies":[{"embeddable":true,"href":"https:\/\/www.meydan.tv\/az\/wp-json\/wp\/v2\/comments?post=187290"}],"version-history":[{"count":0,"href":"https:\/\/www.meydan.tv\/az\/wp-json\/wp\/v2\/posts\/187290\/revisions"}],"wp:featuredmedia":[{"embeddable":true,"href":"https:\/\/www.meydan.tv\/az\/wp-json\/wp\/v2\/media\/86786"}],"wp:attachment":[{"href":"https:\/\/www.meydan.tv\/az\/wp-json\/wp\/v2\/media?parent=187290"}],"wp:term":[{"taxonomy":"category","embeddable":true,"href":"https:\/\/www.meydan.tv\/az\/wp-json\/wp\/v2\/categories?post=187290"},{"taxonomy":"post_tag","embeddable":true,"href":"https:\/\/www.meydan.tv\/az\/wp-json\/wp\/v2\/tags?post=187290"}],"curies":[{"name":"wp","href":"https:\/\/api.w.org\/{rel}","templated":true}]}}