{"id":187239,"date":"2017-10-30T00:03:43","date_gmt":"2017-10-30T00:03:43","guid":{"rendered":"https:\/\/www.meydan.tv\/article\/siyasi-rejim-xalq\/"},"modified":"2017-10-30T00:03:43","modified_gmt":"2017-10-30T00:03:43","slug":"siyasi-rejim-xalq","status":"publish","type":"post","link":"https:\/\/www.meydan.tv\/az\/article\/siyasi-rejim-xalq\/","title":{"rendered":"Siyasi rejim \u2013 xalq"},"content":{"rendered":"<p>\n  \u015e\u0259hid atas\u0131n\u0131n m\u0259zlum g\u00f6r\u00fcn\u00fc\u015fl\u00fc fotosu sosial \u015f\u0259b\u0259k\u0259l\u0259rd\u0259 xeyli payla\u015f\u0131ld\u0131. Ham\u0131n\u0131n yaz\u0131\u011f\u0131 g\u0259ldi. \u00c7\u00fcnki g\u00f6r\u00fcn\u00fc\u015f\u00fcnd\u0259n v\u0259 o\u011flunun c\u0259bh\u0259d\u0259 xidm\u0259t etm\u0259sind\u0259n bilinir ki, kas\u0131bd\u0131r, m\u0259hz kas\u0131b oldu\u011funa g\u00f6r\u0259 d\u0259 o\u011flu c\u0259bh\u0259 b\u00f6lg\u0259sin\u0259 d\u00fc\u015f\u00fcb v\u0259 \u00f6l\u00fcb. Kas\u0131b olmasa, o\u011flu \u00f6lm\u0259zdi. B\u0259lk\u0259 d\u0259 fikirl\u0259\u015fir ki, vaxtil\u0259 qaz vurub, qazan doldursa idi, o\u011flu da indi sa\u011f olard\u0131. \u00c7ar\u0259sizlik, x\u00fcsus\u0259n d\u0259, \u00f6vlad\u0131n\u0131n h\u0259yat\u0131n\u0131 xilas ed\u0259 bilm\u0259m\u0259 \u00e7ar\u0259sizliyi bir valideyn \u00fc\u00e7\u00fcn \u0259n a\u011f\u0131r situasiyad\u0131r y\u0259qin.\n<\/p>\n<p>\n  Bunlar ayd\u0131n m\u0259s\u0259l\u0259dir. M\u0259n\u0259 maraql\u0131 olan xalq\u0131 s\u00f6y\u0259n, 10 milyonun h\u0259r birinin yaxas\u0131ndan tutub \u201cNiy\u0259 demokratik deyilik, niy\u0259 c\u0131r\u0131q \u015falvar geyin\u0259nl\u0259r\u0259 pis bax\u0131rsan, niy\u0259 sa\u00e7\u0131n\u0131 ba\u015fqa c\u00fcr daram\u0131rsan, niy\u0259 mentalitet\u0259 sadiqs\u0259n&#8230;?\u201d dem\u0259k ist\u0259y\u0259n adamlar\u0131n m\u00f6vqeyidir. Bu m\u0259zlum, fa\u011f\u0131r, \u00f6z \u00f6vlad\u0131n\u0131 bel\u0259 qoruya bilm\u0259y\u0259n adamdan aktivist, inqilab\u00e7\u0131, sosial v\u0259 siyasi dissident olma\u011f\u0131 nec\u0259 g\u00f6zl\u0259y\u0259 bilirsiniz? Q\u0259tiyy\u0259n onu dem\u0259k ist\u0259mir\u0259m ki, bizim xalq demokratiya qura bilm\u0259z. Xalq \u2013 k\u00fctl\u0259 olaraq, ham\u0131s\u0131n\u0131 el\u0259y\u0259 bil\u0259rik, amma k\u00fctl\u0259nin ed\u0259c\u0259yi i\u015fi f\u0259rdd\u0259n g\u00f6zl\u0259m\u0259k m\u0259ntiqsizdir ax\u0131.\n<\/p>\n<p>\n  El\u0259 bil, bir ekskavator bat\u0131b pal\u00e7\u0131\u011fa, onu \u00e7\u0131xarmaq \u00fc\u00e7\u00fcn texnika yoxdur. \u0130nsanlar m\u0259cburdur, k\u0259ndiri ba\u011flay\u0131b \u00f6zl\u0259ri darts\u0131nlar. Tutaq ki, 1000 n\u0259f\u0259r laz\u0131md\u0131r. Ekskavatorun yan\u0131nda 2000 n\u0259f\u0259r var, amma kims\u0259 onlar\u0131 t\u0259\u015fkilatland\u0131r\u0131b k\u0259ndir\u0259 qo\u015fmal\u0131d\u0131r. Bunu h\u0259r k\u0259s ba\u015fa d\u00fc\u015f\u00fcr, 1 n\u0259f\u0259r is\u0259 yax\u0131nla\u015f\u0131r h\u0259min o 2000 n\u0259f\u0259rd\u0259n birin\u0259, deyir:\n<\/p>\n<p>\n  \u201cNiy\u0259 k\u0259ndiri dartm\u0131rsan? X\u0259cal\u0259t \u00e7\u0259kirs\u0259n he\u00e7? \u00d6vlad\u0131n\u0131n \u00fcz\u00fcn\u0259 nec\u0259 baxacan?\u201d O is\u0259 buna ba\u015fa sala bilmir ki, m\u0259n t\u0259kba\u015f\u0131na k\u0259ndiri dartmaqla n\u0259s\u0259 olan deyil. S\u0259n d\u0259 2000 n\u0259f\u0259rin ham\u0131s\u0131n\u0131 bel\u0259c\u0259 t\u0259k-t\u0259k k\u0259ndir\u0259 qo\u015fa bilm\u0259zs\u0259n. S\u0259nin el\u0259 bir ideyan, \u00e7\u0131x\u0131\u015f\u0131n, t\u0259qdimat\u0131n olmal\u0131d\u0131r ki, biz 2000 n\u0259f\u0259r olaraq ham\u0131l\u0131qla, yaxud he\u00e7 olmasa 1000 n\u0259f\u0259r d\u00fc\u015f\u0259k s\u0259nin dal\u0131na, k\u0259ndird\u0259n yap\u0131\u015faq, ekskavator da \u00e7\u0131xs\u0131n. H\u0259r k\u0259si t\u0259k-t\u0259k ba\u015fa salmaq \u00e7ox zaman alar, o q\u0259d\u0259r zaman ki, ekskavatorun d\u0259mirl\u0259ri \u00e7\u00fcr\u00fcy\u0259r. H\u0259m d\u0259 s\u0259n 500-c\u00fc adama \u00e7atanda 1-ci v\u0259 ya 96-c\u0131 adam fikrini d\u0259yi\u015f\u0259 bil\u0259r, \u00e7\u00fcnki s\u0259nd\u0259n ba\u015fqa biri d\u0259 var ki, ekskavatorun pal\u00e7\u0131qda qalmas\u0131n\u0131 ist\u0259yir v\u0259 \u0259lind\u0259 s\u0259nd\u0259n qat-qat \u00e7ox t\u0259bli\u011fat vasit\u0259si olaraq insanlara ba\u015fa sal\u0131r ki, k\u0259ndir-zad bo\u015f \u015feydir. \u00dcst\u0259g\u0259l, h\u0259min bu adamdan h\u0259r k\u0259s qorxur, \u00e7\u00fcnki \u0259lind\u0259 b\u00f6y\u00fck g\u00fcc var. Bu \u015f\u0259raitd\u0259 s\u0259nin 1 n\u0259f\u0259ri danlaman n\u0259 xeyir ver\u0259c\u0259k?\n<\/p>\n<p>\n  D\u0259f\u0259l\u0259rl\u0259 \u015fahidi olmu\u015fam ki, az\u0259rbaycanl\u0131lar azac\u0131q \u00e7\u0259tin v\u0259ziyy\u0259t qar\u015f\u0131s\u0131nda \u00f6zl\u0259rini nec\u0259 itirirl\u0259r. Ba\u015fqa hans\u0131 xalqda bu var, bilmir\u0259m, amma biz, dem\u0259k olar ki, he\u00e7 vaxt kapitalizm, individualizm, liberalizm g\u00f6rm\u0259y\u0259n, feodal d\u0259y\u0259n\u0259yind\u0259n sovet fa\u015fizmin\u0259 birba\u015fa adlayan insanlar olaraq, h\u0259mi\u015f\u0259 g\u00f6z\u00fcq\u0131p\u0131q olmu\u015fuq. Bundan ba\u015fqa, biz inki\u015faf ed\u0259n, dinamik c\u0259miyy\u0259td\u0259 ya\u015famam\u0131\u015f\u0131q. Feodalizmd\u0259 sabitlikdir, feodal\u0131n, k\u0259ndlinin yeri bilinir, y\u00fczill\u0259rl\u0259 kims\u0259 n\u0259yis\u0259 d\u0259yi\u015fmir. SSR\u0130-d\u0259 is\u0259 insanlar\u0131n \u00f6zl\u0259rinin f\u0259rdi t\u0259\u015f\u0259bb\u00fcsl\u0259ri qada\u011fan idi, onsuz da buna g\u0259r\u0259k g\u00f6rm\u00fcrd\u00fcl\u0259r, d\u00f6vl\u0259t h\u0259r \u015feyi t\u0259min edirdi. \u0130\u015fl\u0259m\u0259m\u0259k qanun pozuntusu say\u0131l\u0131rd\u0131. \u0130\u015fi d\u0259 d\u00f6vl\u0259t verirdi, m\u0259cbur i\u015fl\u0259m\u0259li idin. Sosial t\u0259minatlar anormal d\u0259r\u0259c\u0259d\u0259 \u00e7ox oldu\u011fundan insanlar ad\u0259t\u0259n \u00e7\u0259tin, \u00e7\u0131x\u0131lmaz v\u0259ziyy\u0259t\u0259 d\u00fc\u015fm\u00fcrd\u00fcl\u0259r. Ona g\u00f6r\u0259 d\u0259 h\u0259rbi xidm\u0259td\u0259, h\u0259bsd\u0259 bir-birl\u0259rin\u0259 qar\u015f\u0131 olmaz\u0131n i\u015fg\u0259nc\u0259l\u0259r verirdil\u0259r.\n<\/p>\n<p>\n  \u00c7\u00fcnki h\u0259rbi xidm\u0259t, h\u0259bs el\u0259 \u015f\u0259raitdir ki, orada insanlar art\u0131q \u00e7\u0259tin, b\u0259z\u0259n \u00e7\u0131x\u0131lmaz v\u0259ziyy\u0259t\u0259 d\u00fc\u015f\u00fcrl\u0259r. Sovet insan\u0131 is\u0259 bu \u015f\u0259raitl\u0259rd\u0259 \u00f6z\u00fcn\u00fc nec\u0259 aparaca\u011f\u0131n\u0131 q\u0259tiyy\u0259n bilmirdi. N\u0259tic\u0259d\u0259 v\u0259h\u015fi instinktl\u0259r i\u015f\u0259 d\u00fc\u015f\u00fcrd\u00fc, c\u0259ng\u0259llik qanunlar\u0131 t\u0259tbiq olunurdu. Dedov\u015fina, \u201co\u011fru al\u0259mi\u201d bu instinktl\u0259rin i\u015f\u0259 d\u00fc\u015fm\u0259sinin n\u0259tic\u0259sidir.<br \/>\n  <br \/>\n  Tariximiz, t\u0259\u0259ss\u00fcf ki, bel\u0259 g\u0259tirib, biz m\u0259zlum, ba\u015f\u0131a\u015fa\u011f\u0131 f\u0259rdl\u0259rd\u0259n ibar\u0259t toplumuq, \u00e7\u0259tin v\u0259ziyy\u0259td\u0259 n\u0259 ed\u0259c\u0259yimizi bilmirik. Amma bu, n\u0259 ayr\u0131-ayr\u0131 h\u0259r bir f\u0259rdin t\u0259qsiridir, n\u0259 d\u0259 bizim k\u00fctl\u0259 (xalq) olaraq demokratik, azad c\u0259miyy\u0259t qura bilm\u0259y\u0259c\u0259yimizin s\u00fcbutu. Haz\u0131rda inki\u015faf etmi\u015f topluma malik demokratik, liberal c\u0259miyy\u0259tl\u0259r d\u0259 bel\u0259 qurulub. Bu m\u0259zlum, \u0259zil\u0259n insanlar vicdanl\u0131 insanlar\u0131n idar\u0259 etdiyi rejim quraraq, toplumun da maarifl\u0259nm\u0259sini, c\u0259sar\u0259tl\u0259nm\u0259sini t\u0259min edibl\u0259r. He\u00e7 kim frans\u0131zlar\u0131, hollandlar\u0131, ingilisl\u0259ri tutub t\u0259k-t\u0259k maarifl\u0259ndirm\u0259yib, siyasi rejim n\u0259dirs\u0259, xalq da o olub. \u018fksi is\u0259 do\u011fru deyil, \u201cxalq n\u0259dirs\u0259, siyasi rejim odur\u201d yanl\u0131\u015f yana\u015fmad\u0131r.\n<\/p>\n<p><div>\n    <i><br \/>\n      <b><br \/>\n        Yaz\u0131 m\u00fc\u0259llifin fikirl\u0259rini \u0259ks etdirir v\u0259 Meydan TV-nin m\u00f6vqeyi il\u0259 \u00fcst-\u00fcst\u0259 d\u00fc\u015fm\u0259y\u0259 bil\u0259r.<br \/>\n      <\/b><br \/>\n    <\/i>\n  <\/div><\/p>\n","protected":false},"excerpt":{"rendered":"<p>\u015e\u0259hid atas\u0131n\u0131n m\u0259zlum g\u00f6r\u00fcn\u00fc\u015fl\u00fc fotosu sosial \u015f\u0259b\u0259k\u0259l\u0259rd\u0259 xeyli payla\u015f\u0131ld\u0131<\/p>\n","protected":false},"author":11,"featured_media":94655,"comment_status":"closed","ping_status":"open","sticky":false,"template":"","format":"standard","meta":{"_acf_changed":false,"_sitemap_exclude":false,"_sitemap_priority":"","_sitemap_frequency":"","footnotes":""},"categories":[57],"tags":[],"class_list":["post-187239","post","type-post","status-publish","format-standard","has-post-thumbnail","hentry","category-menim-fikrimce","infinite-scroll-item","generate-columns","tablet-grid-50","mobile-grid-100","grid-parent","grid-33","no-featured-image-padding"],"acf":[],"yoast_head":"<!-- This site is optimized with the Yoast SEO plugin v27.5 - https:\/\/yoast.com\/product\/yoast-seo-wordpress\/ -->\n<title>Siyasi rejim \u2013 xalq - MEYDAN.TV<\/title>\n<meta name=\"robots\" content=\"index, follow, max-snippet:-1, max-image-preview:large, max-video-preview:-1\" \/>\n<link rel=\"canonical\" href=\"https:\/\/www.meydan.tv\/az\/article\/siyasi-rejim-xalq\/\" \/>\n<meta property=\"og:locale\" content=\"az_AZ\" \/>\n<meta property=\"og:type\" content=\"article\" \/>\n<meta property=\"og:title\" content=\"Siyasi rejim \u2013 xalq - MEYDAN.TV\" \/>\n<meta property=\"og:description\" content=\"\u015e\u0259hid atas\u0131n\u0131n m\u0259zlum g\u00f6r\u00fcn\u00fc\u015fl\u00fc fotosu sosial \u015f\u0259b\u0259k\u0259l\u0259rd\u0259 xeyli payla\u015f\u0131ld\u0131\" \/>\n<meta property=\"og:url\" content=\"https:\/\/www.meydan.tv\/az\/article\/siyasi-rejim-xalq\/\" \/>\n<meta property=\"og:site_name\" content=\"MEYDAN.TV\" \/>\n<meta property=\"article:published_time\" content=\"2017-10-30T00:03:43+00:00\" \/>\n<meta property=\"og:image\" content=\"https:\/\/www.meydan.tv\/wp-content\/uploads\/37394.jpg\" \/>\n\t<meta property=\"og:image:width\" content=\"1366\" \/>\n\t<meta property=\"og:image:height\" content=\"1024\" \/>\n\t<meta property=\"og:image:type\" content=\"image\/jpeg\" \/>\n<meta name=\"author\" content=\"user-manager\" \/>\n<meta name=\"twitter:card\" content=\"summary_large_image\" \/>\n<script type=\"application\/ld+json\" class=\"yoast-schema-graph\">{\"@context\":\"https:\\\/\\\/schema.org\",\"@graph\":[{\"@type\":\"Article\",\"@id\":\"https:\\\/\\\/www.meydan.tv\\\/az\\\/article\\\/siyasi-rejim-xalq\\\/#article\",\"isPartOf\":{\"@id\":\"https:\\\/\\\/www.meydan.tv\\\/az\\\/article\\\/siyasi-rejim-xalq\\\/\"},\"author\":{\"name\":\"user-manager\",\"@id\":\"https:\\\/\\\/www.meydan.tv\\\/az\\\/#\\\/schema\\\/person\\\/10d11eccf6da3662cf5fdab9806ea91a\"},\"headline\":\"Siyasi rejim \u2013 xalq\",\"datePublished\":\"2017-10-30T00:03:43+00:00\",\"mainEntityOfPage\":{\"@id\":\"https:\\\/\\\/www.meydan.tv\\\/az\\\/article\\\/siyasi-rejim-xalq\\\/\"},\"wordCount\":996,\"publisher\":{\"@id\":\"https:\\\/\\\/www.meydan.tv\\\/az\\\/#organization\"},\"image\":{\"@id\":\"https:\\\/\\\/www.meydan.tv\\\/az\\\/article\\\/siyasi-rejim-xalq\\\/#primaryimage\"},\"thumbnailUrl\":\"https:\\\/\\\/www.meydan.tv\\\/wp-content\\\/uploads\\\/37394.jpg\",\"articleSection\":[\"M\u0259nim Fikrimc\u0259\"],\"inLanguage\":\"az\"},{\"@type\":\"WebPage\",\"@id\":\"https:\\\/\\\/www.meydan.tv\\\/az\\\/article\\\/siyasi-rejim-xalq\\\/\",\"url\":\"https:\\\/\\\/www.meydan.tv\\\/az\\\/article\\\/siyasi-rejim-xalq\\\/\",\"name\":\"Siyasi rejim \u2013 xalq - MEYDAN.TV\",\"isPartOf\":{\"@id\":\"https:\\\/\\\/www.meydan.tv\\\/az\\\/#website\"},\"primaryImageOfPage\":{\"@id\":\"https:\\\/\\\/www.meydan.tv\\\/az\\\/article\\\/siyasi-rejim-xalq\\\/#primaryimage\"},\"image\":{\"@id\":\"https:\\\/\\\/www.meydan.tv\\\/az\\\/article\\\/siyasi-rejim-xalq\\\/#primaryimage\"},\"thumbnailUrl\":\"https:\\\/\\\/www.meydan.tv\\\/wp-content\\\/uploads\\\/37394.jpg\",\"datePublished\":\"2017-10-30T00:03:43+00:00\",\"breadcrumb\":{\"@id\":\"https:\\\/\\\/www.meydan.tv\\\/az\\\/article\\\/siyasi-rejim-xalq\\\/#breadcrumb\"},\"inLanguage\":\"az\",\"potentialAction\":[{\"@type\":\"ReadAction\",\"target\":[\"https:\\\/\\\/www.meydan.tv\\\/az\\\/article\\\/siyasi-rejim-xalq\\\/\"]}]},{\"@type\":\"ImageObject\",\"inLanguage\":\"az\",\"@id\":\"https:\\\/\\\/www.meydan.tv\\\/az\\\/article\\\/siyasi-rejim-xalq\\\/#primaryimage\",\"url\":\"https:\\\/\\\/www.meydan.tv\\\/wp-content\\\/uploads\\\/37394.jpg\",\"contentUrl\":\"https:\\\/\\\/www.meydan.tv\\\/wp-content\\\/uploads\\\/37394.jpg\",\"width\":1366,\"height\":1024,\"caption\":\"Source:\"},{\"@type\":\"BreadcrumbList\",\"@id\":\"https:\\\/\\\/www.meydan.tv\\\/az\\\/article\\\/siyasi-rejim-xalq\\\/#breadcrumb\",\"itemListElement\":[{\"@type\":\"ListItem\",\"position\":1,\"name\":\"Ana s\u0259hif\u0259\",\"item\":\"https:\\\/\\\/www.meydan.tv\\\/az\\\/\"},{\"@type\":\"ListItem\",\"position\":2,\"name\":\"M\u0259nim Fikrimc\u0259\",\"item\":\"https:\\\/\\\/www.meydan.tv\\\/az\\\/section\\\/menim-fikrimce\\\/\"},{\"@type\":\"ListItem\",\"position\":3,\"name\":\"Siyasi rejim \u2013 xalq\"}]},{\"@type\":\"WebSite\",\"@id\":\"https:\\\/\\\/www.meydan.tv\\\/az\\\/#website\",\"url\":\"https:\\\/\\\/www.meydan.tv\\\/az\\\/\",\"name\":\"MEYDAN.TV\",\"description\":\"Meydan TV Az\u0259rbaycan\u0131n media m\u0259kan\u0131ndak\u0131 alternativ s\u0259sidir\",\"publisher\":{\"@id\":\"https:\\\/\\\/www.meydan.tv\\\/az\\\/#organization\"},\"potentialAction\":[{\"@type\":\"SearchAction\",\"target\":{\"@type\":\"EntryPoint\",\"urlTemplate\":\"https:\\\/\\\/www.meydan.tv\\\/az\\\/?s={search_term_string}\"},\"query-input\":{\"@type\":\"PropertyValueSpecification\",\"valueRequired\":true,\"valueName\":\"search_term_string\"}}],\"inLanguage\":\"az\"},{\"@type\":\"Organization\",\"@id\":\"https:\\\/\\\/www.meydan.tv\\\/az\\\/#organization\",\"name\":\"Meydan TV\",\"url\":\"https:\\\/\\\/www.meydan.tv\\\/az\\\/\",\"logo\":{\"@type\":\"ImageObject\",\"inLanguage\":\"az\",\"@id\":\"https:\\\/\\\/www.meydan.tv\\\/az\\\/#\\\/schema\\\/logo\\\/image\\\/\",\"url\":\"https:\\\/\\\/www.meydan.tv\\\/wp-content\\\/uploads\\\/2021\\\/07\\\/meydan-logo.svg\",\"contentUrl\":\"https:\\\/\\\/www.meydan.tv\\\/wp-content\\\/uploads\\\/2021\\\/07\\\/meydan-logo.svg\",\"width\":195,\"height\":46,\"caption\":\"Meydan TV\"},\"image\":{\"@id\":\"https:\\\/\\\/www.meydan.tv\\\/az\\\/#\\\/schema\\\/logo\\\/image\\\/\"}},{\"@type\":\"Person\",\"@id\":\"https:\\\/\\\/www.meydan.tv\\\/az\\\/#\\\/schema\\\/person\\\/10d11eccf6da3662cf5fdab9806ea91a\",\"name\":\"user-manager\"}]}<\/script>\n<!-- \/ Yoast SEO plugin. -->","yoast_head_json":{"title":"Siyasi rejim \u2013 xalq - MEYDAN.TV","robots":{"index":"index","follow":"follow","max-snippet":"max-snippet:-1","max-image-preview":"max-image-preview:large","max-video-preview":"max-video-preview:-1"},"canonical":"https:\/\/www.meydan.tv\/az\/article\/siyasi-rejim-xalq\/","og_locale":"az_AZ","og_type":"article","og_title":"Siyasi rejim \u2013 xalq - MEYDAN.TV","og_description":"\u015e\u0259hid atas\u0131n\u0131n m\u0259zlum g\u00f6r\u00fcn\u00fc\u015fl\u00fc fotosu sosial \u015f\u0259b\u0259k\u0259l\u0259rd\u0259 xeyli payla\u015f\u0131ld\u0131","og_url":"https:\/\/www.meydan.tv\/az\/article\/siyasi-rejim-xalq\/","og_site_name":"MEYDAN.TV","article_published_time":"2017-10-30T00:03:43+00:00","og_image":[{"width":1366,"height":1024,"url":"https:\/\/www.meydan.tv\/wp-content\/uploads\/37394.jpg","type":"image\/jpeg"}],"author":"user-manager","twitter_card":"summary_large_image","schema":{"@context":"https:\/\/schema.org","@graph":[{"@type":"Article","@id":"https:\/\/www.meydan.tv\/az\/article\/siyasi-rejim-xalq\/#article","isPartOf":{"@id":"https:\/\/www.meydan.tv\/az\/article\/siyasi-rejim-xalq\/"},"author":{"name":"user-manager","@id":"https:\/\/www.meydan.tv\/az\/#\/schema\/person\/10d11eccf6da3662cf5fdab9806ea91a"},"headline":"Siyasi rejim \u2013 xalq","datePublished":"2017-10-30T00:03:43+00:00","mainEntityOfPage":{"@id":"https:\/\/www.meydan.tv\/az\/article\/siyasi-rejim-xalq\/"},"wordCount":996,"publisher":{"@id":"https:\/\/www.meydan.tv\/az\/#organization"},"image":{"@id":"https:\/\/www.meydan.tv\/az\/article\/siyasi-rejim-xalq\/#primaryimage"},"thumbnailUrl":"https:\/\/www.meydan.tv\/wp-content\/uploads\/37394.jpg","articleSection":["M\u0259nim Fikrimc\u0259"],"inLanguage":"az"},{"@type":"WebPage","@id":"https:\/\/www.meydan.tv\/az\/article\/siyasi-rejim-xalq\/","url":"https:\/\/www.meydan.tv\/az\/article\/siyasi-rejim-xalq\/","name":"Siyasi rejim \u2013 xalq - MEYDAN.TV","isPartOf":{"@id":"https:\/\/www.meydan.tv\/az\/#website"},"primaryImageOfPage":{"@id":"https:\/\/www.meydan.tv\/az\/article\/siyasi-rejim-xalq\/#primaryimage"},"image":{"@id":"https:\/\/www.meydan.tv\/az\/article\/siyasi-rejim-xalq\/#primaryimage"},"thumbnailUrl":"https:\/\/www.meydan.tv\/wp-content\/uploads\/37394.jpg","datePublished":"2017-10-30T00:03:43+00:00","breadcrumb":{"@id":"https:\/\/www.meydan.tv\/az\/article\/siyasi-rejim-xalq\/#breadcrumb"},"inLanguage":"az","potentialAction":[{"@type":"ReadAction","target":["https:\/\/www.meydan.tv\/az\/article\/siyasi-rejim-xalq\/"]}]},{"@type":"ImageObject","inLanguage":"az","@id":"https:\/\/www.meydan.tv\/az\/article\/siyasi-rejim-xalq\/#primaryimage","url":"https:\/\/www.meydan.tv\/wp-content\/uploads\/37394.jpg","contentUrl":"https:\/\/www.meydan.tv\/wp-content\/uploads\/37394.jpg","width":1366,"height":1024,"caption":"Source:"},{"@type":"BreadcrumbList","@id":"https:\/\/www.meydan.tv\/az\/article\/siyasi-rejim-xalq\/#breadcrumb","itemListElement":[{"@type":"ListItem","position":1,"name":"Ana s\u0259hif\u0259","item":"https:\/\/www.meydan.tv\/az\/"},{"@type":"ListItem","position":2,"name":"M\u0259nim Fikrimc\u0259","item":"https:\/\/www.meydan.tv\/az\/section\/menim-fikrimce\/"},{"@type":"ListItem","position":3,"name":"Siyasi rejim \u2013 xalq"}]},{"@type":"WebSite","@id":"https:\/\/www.meydan.tv\/az\/#website","url":"https:\/\/www.meydan.tv\/az\/","name":"MEYDAN.TV","description":"Meydan TV Az\u0259rbaycan\u0131n media m\u0259kan\u0131ndak\u0131 alternativ s\u0259sidir","publisher":{"@id":"https:\/\/www.meydan.tv\/az\/#organization"},"potentialAction":[{"@type":"SearchAction","target":{"@type":"EntryPoint","urlTemplate":"https:\/\/www.meydan.tv\/az\/?s={search_term_string}"},"query-input":{"@type":"PropertyValueSpecification","valueRequired":true,"valueName":"search_term_string"}}],"inLanguage":"az"},{"@type":"Organization","@id":"https:\/\/www.meydan.tv\/az\/#organization","name":"Meydan TV","url":"https:\/\/www.meydan.tv\/az\/","logo":{"@type":"ImageObject","inLanguage":"az","@id":"https:\/\/www.meydan.tv\/az\/#\/schema\/logo\/image\/","url":"https:\/\/www.meydan.tv\/wp-content\/uploads\/2021\/07\/meydan-logo.svg","contentUrl":"https:\/\/www.meydan.tv\/wp-content\/uploads\/2021\/07\/meydan-logo.svg","width":195,"height":46,"caption":"Meydan TV"},"image":{"@id":"https:\/\/www.meydan.tv\/az\/#\/schema\/logo\/image\/"}},{"@type":"Person","@id":"https:\/\/www.meydan.tv\/az\/#\/schema\/person\/10d11eccf6da3662cf5fdab9806ea91a","name":"user-manager"}]}},"_links":{"self":[{"href":"https:\/\/www.meydan.tv\/az\/wp-json\/wp\/v2\/posts\/187239","targetHints":{"allow":["GET"]}}],"collection":[{"href":"https:\/\/www.meydan.tv\/az\/wp-json\/wp\/v2\/posts"}],"about":[{"href":"https:\/\/www.meydan.tv\/az\/wp-json\/wp\/v2\/types\/post"}],"author":[{"embeddable":true,"href":"https:\/\/www.meydan.tv\/az\/wp-json\/wp\/v2\/users\/11"}],"replies":[{"embeddable":true,"href":"https:\/\/www.meydan.tv\/az\/wp-json\/wp\/v2\/comments?post=187239"}],"version-history":[{"count":0,"href":"https:\/\/www.meydan.tv\/az\/wp-json\/wp\/v2\/posts\/187239\/revisions"}],"wp:featuredmedia":[{"embeddable":true,"href":"https:\/\/www.meydan.tv\/az\/wp-json\/wp\/v2\/media\/94655"}],"wp:attachment":[{"href":"https:\/\/www.meydan.tv\/az\/wp-json\/wp\/v2\/media?parent=187239"}],"wp:term":[{"taxonomy":"category","embeddable":true,"href":"https:\/\/www.meydan.tv\/az\/wp-json\/wp\/v2\/categories?post=187239"},{"taxonomy":"post_tag","embeddable":true,"href":"https:\/\/www.meydan.tv\/az\/wp-json\/wp\/v2\/tags?post=187239"}],"curies":[{"name":"wp","href":"https:\/\/api.w.org\/{rel}","templated":true}]}}