{"id":187190,"date":"2017-10-26T16:13:39","date_gmt":"2017-10-26T16:13:39","guid":{"rendered":"https:\/\/www.meydan.tv\/article\/efqan-muxtarlinin-mukafati-xanimina-teqdim-olunub\/"},"modified":"2017-10-26T16:13:39","modified_gmt":"2017-10-26T16:13:39","slug":"efqan-muxtarlinin-mukafati-xanimina-teqdim-olunub","status":"publish","type":"post","link":"https:\/\/www.meydan.tv\/az\/article\/efqan-muxtarlinin-mukafati-xanimina-teqdim-olunub\/","title":{"rendered":"\u018ffqan Muxtarl\u0131n\u0131n m\u00fckafat\u0131 xan\u0131m\u0131na t\u0259qdim olunub"},"content":{"rendered":"<figure class=\"wp-block-image size-large\">\n  <img decoding=\"async\" src=\"https:\/\/www.meydan.tv\/az\/foto-meydan-tv-77\/\" alt=\"foto Meydan TV\" class=\"wp-image-94517\"\/><figcaption>\n    foto Meydan TV<br \/>\n  <\/figcaption><\/figure>\n<p>\n  &#8216;<br \/>\n  <i><br \/>\n    &#8216;Avropa iqtisadi maraqlar\u0131na g\u00f6r\u0259 Az\u0259rbaycanda insan h\u00fcquqlar\u0131n\u0131n pozulmas\u0131na g\u00f6z yummamal\u0131d\u0131r&#8221;<br \/>\n  <\/i>\n<\/p>\n<p>\n  H\u0259bsd\u0259 olan az\u0259rbaycanl\u0131 jurnalist \u018ffqan Muxtarl\u0131ya veril\u0259n \u201cPavel \u015eeremet jurnalist m\u00fckafat\u0131 \u2013 2017\u201d onun h\u0259yat yolda\u015f\u0131 Leyla Mustafayevaya t\u0259qdim edilib.\n<\/p>\n<p>\n  M\u0259lumat\u0131 &#8220;Turan&#8221; \u0130nformasiya Agentliyi yay\u0131b.\n<\/p>\n<p>\n  T\u0259qdimetm\u0259 m\u0259rasimi Tallind\u0259 ke\u00e7iril\u0259n A\u0130 \u201c\u015e\u0259rq t\u0259r\u0259fda\u015fl\u0131\u011f\u0131\u201d proqram\u0131n\u0131n v\u0259t\u0259nda\u015f c\u0259miyy\u0259ti konfrans\u0131 \u00e7\u0259r\u00e7iv\u0259sind\u0259 olub.\n<\/p>\n<p>\n  Leyla Mustafayeva \u018ffqan Muxtarl\u0131n\u0131n h\u0259bsinin t\u0259kc\u0259 Az\u0259rbaycan \u00fc\u00e7\u00fcn yox, G\u00fcrc\u00fcstan \u00fc\u00e7\u00fcn d\u0259 problem oldu\u011funu bildirib:\n<\/p>\n<p>\n  \u201cJurnalistin o\u011furlanmas\u0131na v\u0259 h\u0259bsin\u0259 g\u00f6r\u0259 \u201c\u015e\u0259rq t\u0259r\u0259fda\u015fl\u0131\u011f\u0131\u201d proqram\u0131na daxil olan ba\u015fqa bir \u00f6lk\u0259 &#8211; G\u00fcrc\u00fcstan da m\u0259suliyy\u0259t da\u015f\u0131y\u0131r\u201d.\n<\/p>\n<p>\n  Leyla Mustafayeva t\u0259kc\u0259 \u018ffqan Muxtarl\u0131n\u0131n yox, Az\u0259rbaycanda siyasi motivl\u0259rl\u0259 h\u0259bs olunan dig\u0259r 160 n\u0259f\u0259rin d\u0259 azadl\u0131\u011fa burax\u0131lmas\u0131n\u0131 t\u0259l\u0259b etm\u0259yin laz\u0131m oldu\u011funu deyib:\n<\/p>\n<p>\n  \u201cOnlar\u0131n aras\u0131nda 10-a yax\u0131n jurnalist var. Avropa \u00f6z iqtisadi maraqlar\u0131na g\u00f6r\u0259 Az\u0259rbaycanda insan h\u00fcquqlar\u0131n\u0131n pozulmas\u0131na g\u00f6z yummamal\u0131d\u0131r\u201d.\n<\/p>\n<p>\n  \u0130yulda \u015e\u0259rq T\u0259r\u0259fda\u015fl\u0131\u011f\u0131 V\u0259t\u0259nda\u015f C\u0259miyy\u0259ti Forumu h\u0259bsd\u0259 olan az\u0259rbaycanl\u0131 jurnalist \u018ffqan Muxtarl\u0131n\u0131 \u201cPavel \u015eeremet jurnalist m\u00fckafat\u0131 \u2013 2017\u201d-in qalibi elan edib.\n<\/p>\n<p>\n  Jurnalist \u018ffqan Muxtarl\u0131 bu il may\u0131n 29-u m\u00fc\u0259mmal\u0131 \u015f\u0259kild\u0259 ya\u015fad\u0131\u011f\u0131 Tbilisid\u0259n g\u0259tiril\u0259r\u0259k Az\u0259rbaycanda h\u0259bs edilib. Dediyin\u0259 g\u00f6r\u0259, Tbilisid\u0259 saxlan\u0131b, ona i\u015fg\u0259nc\u0259 verilib, zorla s\u0259rh\u0259d\u0259 g\u0259tiril\u0259r\u0259k Az\u0259rbaycan t\u0259r\u0259fin\u0259 t\u0259hvil verilib. Bu zaman cibin\u0259 10 min avro pul da qoyulub.\n<\/p>\n<p>\n  R\u0259smi qurumlar\u0131n m\u0259lumat\u0131nda is\u0259 deyilir ki, o, s\u0259rh\u0259di qanunsuz ke\u00e7\u0259rk\u0259n Az\u0259rbaycan \u0259razisind\u0259 saxlan\u0131l\u0131b. Bu zaman h\u00fcquq-m\u00fchafiz\u0259 \u0259m\u0259kda\u015flar\u0131na m\u00fcqavim\u0259t g\u00f6st\u0259rib.\n<\/p>\n<p>\n  \u018f.Muxtarl\u0131 hakimiyy\u0259t n\u00fcmay\u0259nd\u0259sin\u0259 m\u00fcqavim\u0259t g\u00f6st\u0259rm\u0259kd\u0259, s\u0259rh\u0259di qanunsuz ke\u00e7m\u0259kd\u0259 v\u0259 qa\u00e7aqmal\u00e7\u0131l\u0131qda ittiham olunur.\n<\/p>\n<p>\n  \u018ffqan Muxtarl\u0131 son iki ild\u0259 G\u00fcrc\u00fcstanda ya\u015fay\u0131rd\u0131. Az\u0259rbaycanda t\u0259qib olundu\u011funu bildir\u0259n jurnalist bir s\u0131ra ara\u015fd\u0131rma yaz\u0131lar\u0131n\u0131n m\u00fc\u0259llifi idi.<\/p>\n","protected":false},"excerpt":{"rendered":"<p>&#8216;Avropa iqtisadi maraqlar\u0131na g\u00f6r\u0259 Az\u0259rbaycanda insan h\u00fcquqlar\u0131n\u0131n pozulmas\u0131na g\u00f6z yummamal\u0131d\u0131r&#8221;<\/p>\n","protected":false},"author":11,"featured_media":94517,"comment_status":"closed","ping_status":"open","sticky":false,"template":"","format":"standard","meta":{"_acf_changed":false,"_sitemap_exclude":false,"_sitemap_priority":"","_sitemap_frequency":"","footnotes":""},"categories":[56],"tags":[],"class_list":["post-187190","post","type-post","status-publish","format-standard","has-post-thumbnail","hentry","category-xeberler","infinite-scroll-item","generate-columns","tablet-grid-50","mobile-grid-100","grid-parent","grid-33","no-featured-image-padding"],"acf":[],"yoast_head":"<!-- This site is optimized with the Yoast SEO plugin v27.4 - https:\/\/yoast.com\/product\/yoast-seo-wordpress\/ -->\n<title>\u018ffqan Muxtarl\u0131n\u0131n m\u00fckafat\u0131 xan\u0131m\u0131na t\u0259qdim olunub - MEYDAN.TV<\/title>\n<meta name=\"robots\" content=\"index, follow, max-snippet:-1, max-image-preview:large, max-video-preview:-1\" \/>\n<link rel=\"canonical\" href=\"https:\/\/www.meydan.tv\/az\/article\/efqan-muxtarlinin-mukafati-xanimina-teqdim-olunub\/\" \/>\n<meta property=\"og:locale\" content=\"az_AZ\" \/>\n<meta property=\"og:type\" content=\"article\" \/>\n<meta property=\"og:title\" content=\"\u018ffqan Muxtarl\u0131n\u0131n m\u00fckafat\u0131 xan\u0131m\u0131na t\u0259qdim olunub - MEYDAN.TV\" \/>\n<meta property=\"og:description\" content=\"&#039;Avropa iqtisadi maraqlar\u0131na g\u00f6r\u0259 Az\u0259rbaycanda insan h\u00fcquqlar\u0131n\u0131n pozulmas\u0131na g\u00f6z yummamal\u0131d\u0131r&#039;&#039;\" \/>\n<meta property=\"og:url\" content=\"https:\/\/www.meydan.tv\/az\/article\/efqan-muxtarlinin-mukafati-xanimina-teqdim-olunub\/\" \/>\n<meta property=\"og:site_name\" content=\"MEYDAN.TV\" \/>\n<meta property=\"article:published_time\" content=\"2017-10-26T16:13:39+00:00\" \/>\n<meta property=\"og:image\" content=\"https:\/\/www.meydan.tv\/wp-content\/uploads\/37345.jpg\" \/>\n\t<meta property=\"og:image:width\" content=\"720\" \/>\n\t<meta property=\"og:image:height\" content=\"425\" \/>\n\t<meta property=\"og:image:type\" content=\"image\/jpeg\" \/>\n<meta name=\"author\" content=\"user-manager\" \/>\n<meta name=\"twitter:card\" content=\"summary_large_image\" \/>\n<script type=\"application\/ld+json\" class=\"yoast-schema-graph\">{\"@context\":\"https:\\\/\\\/schema.org\",\"@graph\":[{\"@type\":\"Article\",\"@id\":\"https:\\\/\\\/www.meydan.tv\\\/az\\\/article\\\/efqan-muxtarlinin-mukafati-xanimina-teqdim-olunub\\\/#article\",\"isPartOf\":{\"@id\":\"https:\\\/\\\/www.meydan.tv\\\/az\\\/article\\\/efqan-muxtarlinin-mukafati-xanimina-teqdim-olunub\\\/\"},\"author\":{\"name\":\"user-manager\",\"@id\":\"https:\\\/\\\/www.meydan.tv\\\/az\\\/#\\\/schema\\\/person\\\/10d11eccf6da3662cf5fdab9806ea91a\"},\"headline\":\"\u018ffqan Muxtarl\u0131n\u0131n m\u00fckafat\u0131 xan\u0131m\u0131na t\u0259qdim olunub\",\"datePublished\":\"2017-10-26T16:13:39+00:00\",\"mainEntityOfPage\":{\"@id\":\"https:\\\/\\\/www.meydan.tv\\\/az\\\/article\\\/efqan-muxtarlinin-mukafati-xanimina-teqdim-olunub\\\/\"},\"wordCount\":409,\"publisher\":{\"@id\":\"https:\\\/\\\/www.meydan.tv\\\/az\\\/#organization\"},\"image\":{\"@id\":\"https:\\\/\\\/www.meydan.tv\\\/az\\\/article\\\/efqan-muxtarlinin-mukafati-xanimina-teqdim-olunub\\\/#primaryimage\"},\"thumbnailUrl\":\"https:\\\/\\\/www.meydan.tv\\\/wp-content\\\/uploads\\\/37345.jpg\",\"articleSection\":[\"X\u0259b\u0259rl\u0259r\"],\"inLanguage\":\"az\"},{\"@type\":\"WebPage\",\"@id\":\"https:\\\/\\\/www.meydan.tv\\\/az\\\/article\\\/efqan-muxtarlinin-mukafati-xanimina-teqdim-olunub\\\/\",\"url\":\"https:\\\/\\\/www.meydan.tv\\\/az\\\/article\\\/efqan-muxtarlinin-mukafati-xanimina-teqdim-olunub\\\/\",\"name\":\"\u018ffqan Muxtarl\u0131n\u0131n m\u00fckafat\u0131 xan\u0131m\u0131na t\u0259qdim olunub - MEYDAN.TV\",\"isPartOf\":{\"@id\":\"https:\\\/\\\/www.meydan.tv\\\/az\\\/#website\"},\"primaryImageOfPage\":{\"@id\":\"https:\\\/\\\/www.meydan.tv\\\/az\\\/article\\\/efqan-muxtarlinin-mukafati-xanimina-teqdim-olunub\\\/#primaryimage\"},\"image\":{\"@id\":\"https:\\\/\\\/www.meydan.tv\\\/az\\\/article\\\/efqan-muxtarlinin-mukafati-xanimina-teqdim-olunub\\\/#primaryimage\"},\"thumbnailUrl\":\"https:\\\/\\\/www.meydan.tv\\\/wp-content\\\/uploads\\\/37345.jpg\",\"datePublished\":\"2017-10-26T16:13:39+00:00\",\"breadcrumb\":{\"@id\":\"https:\\\/\\\/www.meydan.tv\\\/az\\\/article\\\/efqan-muxtarlinin-mukafati-xanimina-teqdim-olunub\\\/#breadcrumb\"},\"inLanguage\":\"az\",\"potentialAction\":[{\"@type\":\"ReadAction\",\"target\":[\"https:\\\/\\\/www.meydan.tv\\\/az\\\/article\\\/efqan-muxtarlinin-mukafati-xanimina-teqdim-olunub\\\/\"]}]},{\"@type\":\"ImageObject\",\"inLanguage\":\"az\",\"@id\":\"https:\\\/\\\/www.meydan.tv\\\/az\\\/article\\\/efqan-muxtarlinin-mukafati-xanimina-teqdim-olunub\\\/#primaryimage\",\"url\":\"https:\\\/\\\/www.meydan.tv\\\/wp-content\\\/uploads\\\/37345.jpg\",\"contentUrl\":\"https:\\\/\\\/www.meydan.tv\\\/wp-content\\\/uploads\\\/37345.jpg\",\"width\":720,\"height\":425,\"caption\":\"Source:\"},{\"@type\":\"BreadcrumbList\",\"@id\":\"https:\\\/\\\/www.meydan.tv\\\/az\\\/article\\\/efqan-muxtarlinin-mukafati-xanimina-teqdim-olunub\\\/#breadcrumb\",\"itemListElement\":[{\"@type\":\"ListItem\",\"position\":1,\"name\":\"Ana s\u0259hif\u0259\",\"item\":\"https:\\\/\\\/www.meydan.tv\\\/az\\\/\"},{\"@type\":\"ListItem\",\"position\":2,\"name\":\"X\u0259b\u0259rl\u0259r\",\"item\":\"https:\\\/\\\/www.meydan.tv\\\/az\\\/section\\\/xeberler\\\/\"},{\"@type\":\"ListItem\",\"position\":3,\"name\":\"\u018ffqan Muxtarl\u0131n\u0131n m\u00fckafat\u0131 xan\u0131m\u0131na t\u0259qdim olunub\"}]},{\"@type\":\"WebSite\",\"@id\":\"https:\\\/\\\/www.meydan.tv\\\/az\\\/#website\",\"url\":\"https:\\\/\\\/www.meydan.tv\\\/az\\\/\",\"name\":\"MEYDAN.TV\",\"description\":\"Meydan TV Az\u0259rbaycan\u0131n media m\u0259kan\u0131ndak\u0131 alternativ s\u0259sidir\",\"publisher\":{\"@id\":\"https:\\\/\\\/www.meydan.tv\\\/az\\\/#organization\"},\"potentialAction\":[{\"@type\":\"SearchAction\",\"target\":{\"@type\":\"EntryPoint\",\"urlTemplate\":\"https:\\\/\\\/www.meydan.tv\\\/az\\\/?s={search_term_string}\"},\"query-input\":{\"@type\":\"PropertyValueSpecification\",\"valueRequired\":true,\"valueName\":\"search_term_string\"}}],\"inLanguage\":\"az\"},{\"@type\":\"Organization\",\"@id\":\"https:\\\/\\\/www.meydan.tv\\\/az\\\/#organization\",\"name\":\"Meydan TV\",\"url\":\"https:\\\/\\\/www.meydan.tv\\\/az\\\/\",\"logo\":{\"@type\":\"ImageObject\",\"inLanguage\":\"az\",\"@id\":\"https:\\\/\\\/www.meydan.tv\\\/az\\\/#\\\/schema\\\/logo\\\/image\\\/\",\"url\":\"https:\\\/\\\/www.meydan.tv\\\/wp-content\\\/uploads\\\/2021\\\/07\\\/meydan-logo.svg\",\"contentUrl\":\"https:\\\/\\\/www.meydan.tv\\\/wp-content\\\/uploads\\\/2021\\\/07\\\/meydan-logo.svg\",\"width\":195,\"height\":46,\"caption\":\"Meydan TV\"},\"image\":{\"@id\":\"https:\\\/\\\/www.meydan.tv\\\/az\\\/#\\\/schema\\\/logo\\\/image\\\/\"}},{\"@type\":\"Person\",\"@id\":\"https:\\\/\\\/www.meydan.tv\\\/az\\\/#\\\/schema\\\/person\\\/10d11eccf6da3662cf5fdab9806ea91a\",\"name\":\"user-manager\"}]}<\/script>\n<!-- \/ Yoast SEO plugin. -->","yoast_head_json":{"title":"\u018ffqan Muxtarl\u0131n\u0131n m\u00fckafat\u0131 xan\u0131m\u0131na t\u0259qdim olunub - MEYDAN.TV","robots":{"index":"index","follow":"follow","max-snippet":"max-snippet:-1","max-image-preview":"max-image-preview:large","max-video-preview":"max-video-preview:-1"},"canonical":"https:\/\/www.meydan.tv\/az\/article\/efqan-muxtarlinin-mukafati-xanimina-teqdim-olunub\/","og_locale":"az_AZ","og_type":"article","og_title":"\u018ffqan Muxtarl\u0131n\u0131n m\u00fckafat\u0131 xan\u0131m\u0131na t\u0259qdim olunub - MEYDAN.TV","og_description":"'Avropa iqtisadi maraqlar\u0131na g\u00f6r\u0259 Az\u0259rbaycanda insan h\u00fcquqlar\u0131n\u0131n pozulmas\u0131na g\u00f6z yummamal\u0131d\u0131r''","og_url":"https:\/\/www.meydan.tv\/az\/article\/efqan-muxtarlinin-mukafati-xanimina-teqdim-olunub\/","og_site_name":"MEYDAN.TV","article_published_time":"2017-10-26T16:13:39+00:00","og_image":[{"width":720,"height":425,"url":"https:\/\/www.meydan.tv\/wp-content\/uploads\/37345.jpg","type":"image\/jpeg"}],"author":"user-manager","twitter_card":"summary_large_image","schema":{"@context":"https:\/\/schema.org","@graph":[{"@type":"Article","@id":"https:\/\/www.meydan.tv\/az\/article\/efqan-muxtarlinin-mukafati-xanimina-teqdim-olunub\/#article","isPartOf":{"@id":"https:\/\/www.meydan.tv\/az\/article\/efqan-muxtarlinin-mukafati-xanimina-teqdim-olunub\/"},"author":{"name":"user-manager","@id":"https:\/\/www.meydan.tv\/az\/#\/schema\/person\/10d11eccf6da3662cf5fdab9806ea91a"},"headline":"\u018ffqan Muxtarl\u0131n\u0131n m\u00fckafat\u0131 xan\u0131m\u0131na t\u0259qdim olunub","datePublished":"2017-10-26T16:13:39+00:00","mainEntityOfPage":{"@id":"https:\/\/www.meydan.tv\/az\/article\/efqan-muxtarlinin-mukafati-xanimina-teqdim-olunub\/"},"wordCount":409,"publisher":{"@id":"https:\/\/www.meydan.tv\/az\/#organization"},"image":{"@id":"https:\/\/www.meydan.tv\/az\/article\/efqan-muxtarlinin-mukafati-xanimina-teqdim-olunub\/#primaryimage"},"thumbnailUrl":"https:\/\/www.meydan.tv\/wp-content\/uploads\/37345.jpg","articleSection":["X\u0259b\u0259rl\u0259r"],"inLanguage":"az"},{"@type":"WebPage","@id":"https:\/\/www.meydan.tv\/az\/article\/efqan-muxtarlinin-mukafati-xanimina-teqdim-olunub\/","url":"https:\/\/www.meydan.tv\/az\/article\/efqan-muxtarlinin-mukafati-xanimina-teqdim-olunub\/","name":"\u018ffqan Muxtarl\u0131n\u0131n m\u00fckafat\u0131 xan\u0131m\u0131na t\u0259qdim olunub - MEYDAN.TV","isPartOf":{"@id":"https:\/\/www.meydan.tv\/az\/#website"},"primaryImageOfPage":{"@id":"https:\/\/www.meydan.tv\/az\/article\/efqan-muxtarlinin-mukafati-xanimina-teqdim-olunub\/#primaryimage"},"image":{"@id":"https:\/\/www.meydan.tv\/az\/article\/efqan-muxtarlinin-mukafati-xanimina-teqdim-olunub\/#primaryimage"},"thumbnailUrl":"https:\/\/www.meydan.tv\/wp-content\/uploads\/37345.jpg","datePublished":"2017-10-26T16:13:39+00:00","breadcrumb":{"@id":"https:\/\/www.meydan.tv\/az\/article\/efqan-muxtarlinin-mukafati-xanimina-teqdim-olunub\/#breadcrumb"},"inLanguage":"az","potentialAction":[{"@type":"ReadAction","target":["https:\/\/www.meydan.tv\/az\/article\/efqan-muxtarlinin-mukafati-xanimina-teqdim-olunub\/"]}]},{"@type":"ImageObject","inLanguage":"az","@id":"https:\/\/www.meydan.tv\/az\/article\/efqan-muxtarlinin-mukafati-xanimina-teqdim-olunub\/#primaryimage","url":"https:\/\/www.meydan.tv\/wp-content\/uploads\/37345.jpg","contentUrl":"https:\/\/www.meydan.tv\/wp-content\/uploads\/37345.jpg","width":720,"height":425,"caption":"Source:"},{"@type":"BreadcrumbList","@id":"https:\/\/www.meydan.tv\/az\/article\/efqan-muxtarlinin-mukafati-xanimina-teqdim-olunub\/#breadcrumb","itemListElement":[{"@type":"ListItem","position":1,"name":"Ana s\u0259hif\u0259","item":"https:\/\/www.meydan.tv\/az\/"},{"@type":"ListItem","position":2,"name":"X\u0259b\u0259rl\u0259r","item":"https:\/\/www.meydan.tv\/az\/section\/xeberler\/"},{"@type":"ListItem","position":3,"name":"\u018ffqan Muxtarl\u0131n\u0131n m\u00fckafat\u0131 xan\u0131m\u0131na t\u0259qdim olunub"}]},{"@type":"WebSite","@id":"https:\/\/www.meydan.tv\/az\/#website","url":"https:\/\/www.meydan.tv\/az\/","name":"MEYDAN.TV","description":"Meydan TV Az\u0259rbaycan\u0131n media m\u0259kan\u0131ndak\u0131 alternativ s\u0259sidir","publisher":{"@id":"https:\/\/www.meydan.tv\/az\/#organization"},"potentialAction":[{"@type":"SearchAction","target":{"@type":"EntryPoint","urlTemplate":"https:\/\/www.meydan.tv\/az\/?s={search_term_string}"},"query-input":{"@type":"PropertyValueSpecification","valueRequired":true,"valueName":"search_term_string"}}],"inLanguage":"az"},{"@type":"Organization","@id":"https:\/\/www.meydan.tv\/az\/#organization","name":"Meydan TV","url":"https:\/\/www.meydan.tv\/az\/","logo":{"@type":"ImageObject","inLanguage":"az","@id":"https:\/\/www.meydan.tv\/az\/#\/schema\/logo\/image\/","url":"https:\/\/www.meydan.tv\/wp-content\/uploads\/2021\/07\/meydan-logo.svg","contentUrl":"https:\/\/www.meydan.tv\/wp-content\/uploads\/2021\/07\/meydan-logo.svg","width":195,"height":46,"caption":"Meydan TV"},"image":{"@id":"https:\/\/www.meydan.tv\/az\/#\/schema\/logo\/image\/"}},{"@type":"Person","@id":"https:\/\/www.meydan.tv\/az\/#\/schema\/person\/10d11eccf6da3662cf5fdab9806ea91a","name":"user-manager"}]}},"_links":{"self":[{"href":"https:\/\/www.meydan.tv\/az\/wp-json\/wp\/v2\/posts\/187190","targetHints":{"allow":["GET"]}}],"collection":[{"href":"https:\/\/www.meydan.tv\/az\/wp-json\/wp\/v2\/posts"}],"about":[{"href":"https:\/\/www.meydan.tv\/az\/wp-json\/wp\/v2\/types\/post"}],"author":[{"embeddable":true,"href":"https:\/\/www.meydan.tv\/az\/wp-json\/wp\/v2\/users\/11"}],"replies":[{"embeddable":true,"href":"https:\/\/www.meydan.tv\/az\/wp-json\/wp\/v2\/comments?post=187190"}],"version-history":[{"count":0,"href":"https:\/\/www.meydan.tv\/az\/wp-json\/wp\/v2\/posts\/187190\/revisions"}],"wp:featuredmedia":[{"embeddable":true,"href":"https:\/\/www.meydan.tv\/az\/wp-json\/wp\/v2\/media\/94517"}],"wp:attachment":[{"href":"https:\/\/www.meydan.tv\/az\/wp-json\/wp\/v2\/media?parent=187190"}],"wp:term":[{"taxonomy":"category","embeddable":true,"href":"https:\/\/www.meydan.tv\/az\/wp-json\/wp\/v2\/categories?post=187190"},{"taxonomy":"post_tag","embeddable":true,"href":"https:\/\/www.meydan.tv\/az\/wp-json\/wp\/v2\/tags?post=187190"}],"curies":[{"name":"wp","href":"https:\/\/api.w.org\/{rel}","templated":true}]}}