{"id":187112,"date":"2017-10-21T18:06:10","date_gmt":"2017-10-21T18:06:10","guid":{"rendered":"https:\/\/www.meydan.tv\/article\/teyinat-almaniya\/"},"modified":"2017-10-21T18:06:10","modified_gmt":"2017-10-21T18:06:10","slug":"teyinat-almaniya","status":"publish","type":"post","link":"https:\/\/www.meydan.tv\/az\/article\/teyinat-almaniya\/","title":{"rendered":"T\u0259yinat: Almaniya"},"content":{"rendered":"<figure class=\"wp-block-image size-large\">\n  <img decoding=\"async\" src=\"https:\/\/www.meydan.tv\/az\/94289\/\" alt=\"\" class=\"wp-image-94289\"\/><figcaption><\/figcaption><\/figure>\n<p>\n  <i><br \/>\n    Haz\u0131rda Almaniya, Az\u0259rbaycan\u0131 t\u0259rk ed\u0259n minl\u0259rl\u0259 az\u0259rbaycanl\u0131lar \u00fc\u00e7\u00fcn d\u0259 t\u0259yinat yeri olub<br \/>\n  <\/i>\n<\/p>\n<p>\n  \u201cEl\u0259 \u00fcmumilikd\u0259 b\u0259lk\u0259 Az\u0259rbaycanda d\u00f6rd-be\u015f min f\u0259al var. Almaniyaya oturum \u00fc\u00e7\u00fcn m\u00fcraci\u0259t ed\u0259nl\u0259rin \u00e7ox hiss\u0259si d\u0259 s\u0259b\u0259b kimi siyasi f\u0259aliyy\u0259tl\u0259rini g\u00f6st\u0259rirl\u0259r. Bel\u0259 \u00e7\u0131x\u0131r ki, Az\u0259rbaycanda daha siyasi f\u0259al qalmay\u0131b, ham\u0131s\u0131 bura g\u0259lib?\u201d, &#8211; ki\u00e7ik t\u0259rc\u00fcm\u0259 agetnliyinin sahibi, 20 ildir ki, Berlind\u0259 ya\u015fayan v\u0259 Almaniya v\u0259t\u0259nda\u015f\u0131 olan Qurban \u018fl\u0259kb\u0259rov deyir.\n<\/p>\n<p>\n  Avropa Birliyind\u0259 (AB) Yax\u0131n \u015e\u0259rq v\u0259 Afrika \u00f6lk\u0259l\u0259rind\u0259 \u00f6l\u00fcml\u0259 \u00fcz-\u00fcz\u0259 qalan qa\u00e7q\u0131nlara dig\u0259rl\u0259ri il\u0259 m\u00fcqayis\u0259d\u0259 daha yax\u015f\u0131 v\u0259 \u0259n \u00e7ox yard\u0131m ed\u0259n \u00f6lk\u0259l\u0259rin siyah\u0131s\u0131nda Almaniya ilk s\u0131ralarda dayan\u0131r. Haz\u0131rda Almaniya, h\u0259m\u00e7inin Az\u0259rbaycan\u0131 t\u0259rk ed\u0259n minl\u0259rl\u0259 az\u0259rbaycanl\u0131lar \u00fc\u00e7\u00fcn d\u0259 t\u0259yinat yeri olub \u2013 \u0259sas\u0259n, iqtisadi s\u0259b\u0259bl\u0259r\u0259 g\u00f6r\u0259.\n<\/p>\n<p>\n  Almaniyan\u0131n Miqrasiya v\u0259 Qa\u00e7q\u0131nlar \u00fczr\u0259 Federal \u0130dar\u0259sinin verdiyi<br \/>\n  <a href=\"http:\/\/ann.az\/az\/azerbaycanlilar-niye-almaniyaya-qacir\/\" target=\"_blank\" rel=\"noopener\"><br \/>\n    m\u0259lumata<br \/>\n  <\/a><br \/>\n  g\u00f6r\u0259, 2016-c\u0131 ild\u0259 Almaniyada s\u0131\u011f\u0131nacaq almaq \u00fc\u00e7\u00fcn m\u00fcraci\u0259t ed\u0259n Az\u0259rbaycan v\u0259t\u0259nda\u015flar\u0131n\u0131n say\u0131 4750 n\u0259f\u0259r olub. 2015-ci il g\u00f6st\u0259ricil\u0259ri il\u0259 m\u00fcqayis\u0259d\u0259 bu r\u0259q\u0259m, 3 d\u0259f\u0259 \u00e7oxdur. 4750 m\u00fcraci\u0259td\u0259n c\u0259mi 459-u m\u00fcsb\u0259t cavab al\u0131b. Buraya siyasi, qa\u00e7q\u0131n v\u0259 \u0259lav\u0259 qorunma statusu alan \u015f\u0259xsl\u0259r daxildir. Haz\u0131rda Almaniya kansleri Angela Merkel il \u0259rzind\u0259 \u00f6lk\u0259nin yaln\u0131z 200 min qa\u00e7q\u0131n\u0131 q\u0259bul ed\u0259c\u0259yini<br \/>\n  <a href=\"https:\/\/www.theguardian.com\/world\/2017\/oct\/09\/germany-merkel-agrees-to-200000-refugees-cap-in-bid-to-build-coalition\" target=\"_blank\" rel=\"noopener\"><br \/>\n    bildirib<br \/>\n  <\/a><br \/>\n  , bu is\u0259 az\u0259rbaycanl\u0131lar\u0131n s\u0131\u011f\u0131nacaq alma\u011f\u0131n\u0131n daha da \u00e7\u0259tinl\u0259\u015f\u0259c\u0259yi dem\u0259kdir.\n<\/p>\n<blockquote><p>\n  \u00a0Avropaya Daxil Olmaq C\u0259hdi\n<\/p><\/blockquote>\n<p>\n  Sosial \u015f\u0259b\u0259k\u0259l\u0259rd\u0259 partiya biletl\u0259ri, polisd\u0259n h\u0259bs aray\u0131\u015flar\u0131 da daxil olmaqla, bir \u00e7ox s\u0259n\u0259din saxtala\u015fd\u0131rmas\u0131 haqda g\u0259z\u0259n s\u00f6hb\u0259tl\u0259r d\u0259 siyasi m\u00fchacirl\u0259rin say\u0131n\u0131n \u015fi\u015firdilmi\u015f olmas\u0131n\u0131 bir daha g\u00fcnd\u0259m\u0259 g\u0259tirir. Siyasi s\u0259b\u0259bd\u0259n s\u0131\u011f\u0131nacaq almaq ist\u0259y\u0259nl\u0259r Almaniyada aidiyyat\u0131 qurumlara bunu s\u00fcbut ed\u0259n s\u0259n\u0259dl\u0259ri g\u00f6st\u0259rm\u0259lidirl\u0259r.\n<\/p>\n<p>\n  M\u00fcsahibl\u0259rin s\u00f6zl\u0259rin\u0259 g\u00f6r\u0259, Avropaya saxta s\u0259b\u0259bl\u0259rl\u0259 ged\u0259n v\u0259 orada s\u0131\u011f\u0131nacaq axtaranlar\u0131n b\u0259z\u0259n iki ad\u0131 olur: biri real, dig\u0259ri is\u0259 s\u0131\u011f\u0131nacaq almaq \u00fc\u00e7\u00fcn istifad\u0259 edil\u0259n ad. \u0130kinci ad t\u0259qdim edil\u0259nd\u0259, ad\u0259t\u0259n h\u0259min ad \u00fcz\u0259rind\u0259n Az\u0259rbaycana sor\u011fu g\u00f6nd\u0259rildiyind\u0259 bu insan haqq\u0131nda he\u00e7 bir n\u0259tic\u0259 \u0259ld\u0259 etm\u0259k m\u00fcmk\u00fcn olmur.\n<\/p>\n<figure class=\"wp-block-image size-large\">\n  <img decoding=\"async\" src=\"https:\/\/www.meydan.tv\/az\/hebib-muntezir-2\/\" alt=\"H\u0259bib M\u00fcnt\u0259zir\" class=\"wp-image-94274\"\/><figcaption>\n    H\u0259bib M\u00fcnt\u0259zir<br \/>\n  <\/figcaption><\/figure>\n<p>\n  Meydan TV-nin sosial media meneceri H\u0259bib Abdullayevin s\u00f6zl\u0259rin\u0259 g\u00f6r\u0259, buna ad\u0259t\u0259n bir ne\u00e7\u0259 il \u00f6nc\u0259 daha \u00e7ox rast g\u0259lm\u0259k olard\u0131: \u201cH\u0259min \u015f\u0259xsin \u00f6lk\u0259d\u0259 qeydiyyat\u0131n\u0131 tapmad\u0131qda, ad\u0259t\u0259n o, bir n\u00f6v v\u0259t\u0259nsiz hesab edilirdi v\u0259 Almaniya h\u00f6kum\u0259ti d\u0259 \u00e7ar\u0259sizlikd\u0259n art\u0131q h\u0259min \u015f\u0259xs\u0259 s\u0131\u011f\u0131nacaq verm\u0259k m\u0259cburiyy\u0259tind\u0259 qal\u0131rd\u0131\u201d.\n<\/p>\n<p>\n  Haz\u0131rda bu \u00fcsulun t\u0259tbiqi m\u00fcmk\u00fcn deyil. \u00c7\u00fcnki \u015fengen vizas\u0131na m\u00fcraci\u0259t ed\u0259rk\u0259n, turist vizas\u0131 olsa bel\u0259, \u0259vv\u0259lc\u0259d\u0259n \u015f\u0259xsin \u0259l izl\u0259ri g\u00f6t\u00fcr\u00fcl\u00fcr, o s\u0259b\u0259bd\u0259n art\u0131q bu \u00fcsul \u00f6z aktuall\u0131\u011f\u0131n\u0131 da itirmi\u015f olur.\n<\/p>\n<p>\n  33 ya\u015fl\u0131 H.Abdullayev 2002-ci ild\u0259n Berlind\u0259 ya\u015fay\u0131r. O, Rusiya, Belarus, Ukrayna v\u0259 Pol\u015fadan ke\u00e7\u0259r\u0259k Almaniyaya g\u0259lib:\n<\/p>\n<p>\n  \u201cEl\u0259 insanlar olur ki, s\u0131rf m\u0259qs\u0259dli \u015f\u0259kild\u0259 bura g\u0259lm\u0259k \u00fc\u00e7\u00fcn Az\u0259rbaycanda ke\u00e7iril\u0259n mitinql\u0259r\u0259 gedib, orada \u015f\u0259kill\u0259r \u00e7\u0259kdirirl\u0259r. Mitinql\u0259rd\u0259 h\u0259tta polisl\u0259ri q\u0259sd\u0259n q\u0131c\u0131qland\u0131r\u0131b onlara \u0259l qald\u0131rmalar\u0131na m\u00fcvaff\u0259q d\u0259 olurlar ki, onlar\u0131n fotolar\u0131 \u00e7\u0259kilib \u201crekert\u201d saytlarda, q\u0259zetl\u0259rd\u0259 d\u0259rc olunsun. Daha sonra onlar s\u0131\u011f\u0131nacaq \u00fc\u00e7\u00fcn m\u00fcraci\u0259t etdikd\u0259 mitinqd\u0259 i\u015ftirak etdikl\u0259rini, haz\u0131rda is\u0259 t\u0259qibl\u0259r\u0259 v\u0259 s. m\u0259ruz qald\u0131qlar\u0131n\u0131 desinl\u0259r\u201d.\n<\/p>\n<p>\n  Anonim qalmaq ist\u0259y\u0259n dig\u0259r bir m\u0259nb\u0259 d\u0259 qeyd edir ki, x\u00fcsusi fotoqraflar var ki, onlar m\u00fc\u0259yy\u0259n pul m\u0259bl\u0259\u011find\u0259 bu c\u00fcr anlar\u0131 \u201cyaxalay\u0131b\u201d \u00e7\u0259kirl\u0259r.\n<\/p>\n<p>\n  S\u0131\u011f\u0131nacaq almaq ist\u0259y\u0259nl\u0259rin b\u0259zil\u0259ri d\u0259 bunu \u00f6vladlar\u0131na normal g\u0259l\u0259c\u0259k verm\u0259k \u00fc\u00e7\u00fcn v\u0259 ya s\u0259hh\u0259tl\u0259ri il\u0259 ba\u011fl\u0131 probleml\u0259r\u0259 g\u00f6r\u0259 Avropaya \u00fcz tuturlar:\n<\/p>\n<p>\n  \u201cAlmaniyaya g\u0259l\u0259nl\u0259r\u0259 ilk olaraq veril\u0259n s\u0259n\u0259dl\u0259rin s\u0131ras\u0131nda s\u0131\u011forta s\u0259n\u0259di d\u0259 olur. H\u0259tta s\u0131\u011forta alana kimi onlara b\u00fct\u00fcn tibbi m\u00fcayin\u0259l\u0259r d\u0259 pulsuz edilir. Qan analizi, rentgen kimi m\u00fcayin\u0259l\u0259rd\u0259n ke\u00e7irilirl\u0259r ki, onlarda olan x\u0259st\u0259likl\u0259r v\u0259 s. a\u015fkar edilsin. Ciddi x\u0259st\u0259lik a\u015fkar edils\u0259 bel\u0259, sor\u011fusuz-suals\u0131z he\u00e7 bir \u00f6d\u0259ni\u015f etm\u0259d\u0259n h\u0259min \u015f\u0259xs \u0259m\u0259liyyat edilir v\u0259 ya onun t\u0259cili m\u00fcalic\u0259sin\u0259 ba\u015flan\u0131l\u0131r\u201d, dey\u0259 H.Abdullayev bildirir.\n<\/p>\n<figure class=\"wp-block-image size-large\">\n  <img decoding=\"async\" src=\"https:\/\/www.meydan.tv\/az\/elovset-eliyev\/\" alt=\"\u018fl\u00f6vs\u0259t \u018fliyev\" class=\"wp-image-94277\"\/><figcaption>\n    \u018fl\u00f6vs\u0259t \u018fliyev<br \/>\n  <\/figcaption><\/figure>\n<p>\n  56 ya\u015fl\u0131 \u018fl\u00f6vs\u0259t \u018fliyev 2014-c\u00fc ild\u0259n Almaniyada ya\u015fay\u0131r. O, Bak\u0131da yerl\u0259\u015f\u0259n Az\u0259rbaycan Miqrasiya M\u0259rk\u0259zinin r\u0259hb\u0259ri v\u0259zif\u0259sind\u0259 \u00e7al\u0131\u015f\u0131b. \u018f.\u018fliyevin ad\u0131 Daxili \u0130\u015fl\u0259r Nazirliyinin Ba\u015f Cinay\u0259t Axtar\u0131\u015f \u0130dar\u0259sinin sabiq r\u0259isi Emin \u015e\u0259kinskinin h\u0259yat yolda\u015f\u0131 v\u0259 u\u015faqlar\u0131n\u0131n \u00f6lk\u0259ni t\u0259rk etm\u0259si \u00fc\u00e7\u00fcn saxta s\u0259n\u0259dl\u0259r d\u00fcz\u0259ltm\u0259kd\u0259 ittiham edil\u0259n \u015f\u0259xsl\u0259rin ad\u0131 s\u0131ras\u0131nda<br \/>\n  <a href=\"https:\/\/apa.az\/xeber-az\/hadise\/azerbaycan-miqrasiya-merkezinin-sedri-elovset-eliyev-ve-digerlerinin-mehkemesi-davam-etdirilib.html\" target=\"_blank\" rel=\"noopener\"><br \/>\n    hallan\u0131r.<br \/>\n  <\/a><br \/>\n  \u018f.\u018fliyevd\u0259n \u0259lav\u0259, daha 12 n\u0259f\u0259r d\u0259 bu cinay\u0259t i\u015fin\u0259 c\u0259lb edilib. Onlar s\u0259n\u0259d saxtala\u015fd\u0131r\u0131lmas\u0131nda v\u0259 qeyri-qanuni yolla s\u0259rh\u0259di ke\u00e7m\u0259kd\u0259 v\u0259 o\u011furluqda ittiham edilirl\u0259r. T\u0259qsirl\u0259ndiril\u0259nl\u0259r is\u0259 o\u011fruluq ittiham\u0131n\u0131 r\u0259dd ets\u0259l\u0259r d\u0259, s\u0259n\u0259d saxtakarl\u0131\u011f\u0131n\u0131 etiraf edibl\u0259r.\n<\/p>\n<p>\n  \u201c\u0130nsanlar bilir ki, m\u0259n Miqrasiya M\u0259rk\u0259zinin r\u0259hb\u0259ri v\u0259zif\u0259sind\u0259 \u00e7al\u0131\u015fm\u0131\u015fam v\u0259 bu i\u015fl\u0259rd\u0259 m\u0259nim b\u00f6y\u00fck t\u0259cr\u00fcb\u0259m var\u201d, dey\u0259 \u018fliyev Meydan TV-y\u0259 2016-c\u0131 ild\u0259 verdiyi m\u00fcsahib\u0259sind\u0259 qeyd edib. \u201cM\u0259n h\u0259r zaman insanlara saxta s\u0259n\u0259dl\u0259rd\u0259n istifad\u0259 etm\u0259m\u0259l\u0259rini t\u00f6vsiy\u0259 edir\u0259m\u201d &#8211; dey\u0259n \u018fliyev onu da \u0259lav\u0259 edib ki, o \u00f6z\u00fc, saxta s\u0259n\u0259dl\u0259r t\u0259klif ed\u0259n \u201cm\u00fct\u0259\u015f\u0259kkil cinay\u0259tkar qrupu\u201d haqda bir g\u00fcn hesabat<br \/>\n  <a href=\"\/az\/article\/elovset-eliyev-saxta-sened-istehsal-edenler-haqqinda-hesabat-hazirlayacam\/\" target=\"_blank\" rel=\"noopener\"><br \/>\n    haz\u0131rlaycaq.<br \/>\n  <\/a>\n<\/p>\n<p>\n  \u201cBir \u00e7ox adamdan e\u015fitmi\u015f\u0259m ki, \u018fl\u00f6vs\u0259t \u018fliyev v\u0259 onun \u00e7evr\u0259sind\u0259 olan insanlar m\u00fchacir biznesi il\u0259 m\u0259\u015f\u011fuldurlar\u201d, dey\u0259 Meydan TV-nin \u0259m\u0259kda\u015f\u0131 \u015eirin Abbasov qeyd edir:\n<\/p>\n<p>\n  \u201c\u018fg\u0259r bu i\u015fl\u0259 ba\u011fl\u0131 kim\u0259s\u0259 k\u00f6m\u0259k edirs\u0259ns\u0259, bu, ba\u015fqa m\u0259s\u0259l\u0259, normald\u0131r. Ancaq \u0259g\u0259r bu i\u015fd\u0259 s\u0259n pul qazan\u0131rsan, biznes qurursansa, bu, art\u0131q iyr\u0259nclikdir!\u201d\n<\/p>\n<p>\n  Avropada s\u0131\u011f\u0131nacaq axtaranlar\u0131n b\u00f6y\u00fck hiss\u0259si \u015eengen \u0259razisin\u0259 turist kimi daxil olur. Bu s\u0259yah\u0259td\u0259n \u00f6nc\u0259 \u015eengen vizas\u0131 olan \u015f\u0259xsl\u0259rin yenid\u0259n turist viza almas\u0131 daha asan olur. Lakin h\u0259r hans\u0131 bir \u015f\u0259xsin \u015eengen vizas\u0131 olmay\u0131bsa, onlar ad\u0259t\u0259n \u201cqara bazar\u201d-a \u00fcz tuturlar. Onlardan biri d\u0259 jurnalist R\u00f6ya R\u0259fili olub.\n<\/p>\n<p>\n  \u201c\u018fn az\u0131 iki \u015eengen vizan olmal\u0131d\u0131r ki, \u00fc\u00e7\u00fcnc\u00fc \u00fc\u00e7\u00fcn m\u00fcraci\u0259t etdikd\u0259 pozitiv cavaba \u00fcmid ed\u0259s\u0259n. Ancaq m\u0259n indiy\u0259d\u0259k he\u00e7 vaxt viza almam\u0131\u015fam\u201d, dey\u0259 R\u0259fili bildirir. \u201c\u0130lk olaraq, \u00f6z\u00fcm alma\u011fa \u00e7al\u0131\u015fd\u0131m. Ancaq al\u0131nmad\u0131. Bundan sonra \u201cqara bazar\u201d-da adam axtarma\u011fa ba\u015flad\u0131m. Bir \u015f\u0259xs tapd\u0131m ki, o da, ba\u015fqa bir \u015f\u0259xsi tapd\u0131, h\u0259min \u015f\u0259xs d\u0259 d\u0259llal\u0131 tapd\u0131. Hans\u0131 s\u0259firlikd\u0259n viza almaq ist\u0259diyimi soru\u015fdular \u2013 Macar\u0131stan, Latviya, ya \u0130taliya. M\u0259n d\u0259 Dublin konvensiyas\u0131 s\u0259b\u0259bind\u0259n Macar\u0131stan s\u0259firliyini se\u00e7dim\u201d.\n<\/p>\n<p>\n  Macar\u0131stan s\u0259firliyi Dublin konvensiyas\u0131na g\u00f6r\u0259 \u00e7ox<br \/>\n  <a href=\"https:\/\/ec.europa.eu\/home-affairs\/what-we-do\/policies\/asylum\/examination-of-applicants_en\" target=\"_blank\" rel=\"noopener\"><br \/>\n    m\u0259\u015fhurla\u015f\u0131b.<br \/>\n  <\/a><br \/>\n  Konvensiyaya \u0259sas\u0259n, Avropa Birliyin\u0259 daxil olan \u00f6lk\u0259d\u0259 qa\u00e7q\u0131n statusunu alan \u015f\u0259xs ad\u0259t\u0259n ilk daxil oldu\u011fu \u015eengen \u00f6lk\u0259sin\u0259 s\u0131\u011f\u0131nacaq \u00fc\u00e7\u00fcn m\u00fcraci\u0259t ed\u0259 bil\u0259r. \u018fg\u0259r h\u0259min \u015f\u0259xs dig\u0259r \u00f6lk\u0259y\u0259 m\u00fcraci\u0259t edirs\u0259, onun ilk daxil oldu\u011fu \u015eengen \u00f6lk\u0259sin\u0259 geri qaytar\u0131lmas\u0131 ehtimal\u0131 b\u00f6y\u00fck olur.\n<\/p>\n<p>\n  2015-ci ild\u0259 Macar\u0131stan, \u00f6lk\u0259si \u00fc\u00e7\u00fcn \u00e7ox s\u0259rf\u0259li olan bir qanund\u0259yi\u015fiklik etdi. Bu d\u0259yi\u015fikliy\u0259 \u0259sas\u0259n, ilk olaraq Macar\u0131stana daxil olanlar burada s\u0131\u011f\u0131nacaq \u00fc\u00e7\u00fcn art\u0131q m\u00fcraci\u0259t ed\u0259<br \/>\n  <a href=\"https:\/\/www.theguardian.com\/world\/2015\/jun\/24\/the-boat-is-full-hungary-suspends-eu-asylum-rule-blaming-influx-of-migrants\" target=\"_blank\" rel=\"noopener\"><br \/>\n    bilm\u0259zdil\u0259r.<br \/>\n  <\/a><br \/>\n  \u00a0N\u0259tic\u0259 etibaril\u0259 az\u0259rbaycanl\u0131 s\u0131\u011f\u0131nacaq axtaranlar tursit vizas\u0131 il\u0259 Macar\u0131stana \u00fcz tutdular. Bunu etm\u0259kl\u0259, onlar Macar\u0131stana daxil olduqdan sonra Almaniyaya gedirl\u0259r, \u00e7\u00fcnki art\u0131q Macar\u0131stana geri qaytar\u0131lmayacaqlar\u0131n\u0131 bilirl\u0259r.\n<\/p>\n<p>\n  Lakin bir m\u00fcdd\u0259tdir ki, Bak\u0131dak\u0131 Macar\u0131stan s\u0259firliyi m\u00fcraci\u0259t ed\u0259nl\u0259r\u0259 neqativ cavab verir. S\u0259b\u0259b olaraq is\u0259 Az\u0259rbaycandak\u0131 sosial-iqtisadi durumu g\u00f6st\u0259r\u0259r\u0259k, v\u0259t\u0259nda\u015flar\u0131n Avropadan geri qay\u0131tma ehtimal\u0131n\u0131n az oldu\u011funu qeyd edirl\u0259r.\n<\/p>\n<p>\n  Viza al\u0131nmas\u0131nda yard\u0131m ed\u0259n xidm\u0259tl\u0259rin qiym\u0259ti sifari\u015f\u00e7i il\u0259 xidm\u0259t g\u00f6st\u0259r\u0259nin aras\u0131nda olan tan\u0131\u015fl\u0131q \u0259laq\u0259l\u0259rin\u0259 g\u00f6r\u0259 d\u0259 d\u0259yi\u015f\u0259 bilir. M\u00fcxt\u0259lif m\u00fcsahibl\u0259rimizd\u0259n ald\u0131\u011f\u0131m\u0131z cavablara g\u00f6r\u0259, qiym\u0259tl\u0259r 1500-5000 manat aras\u0131nda d\u0259yi\u015fir.\n<\/p>\n<p>\n  Jurnalist S\u0259xav\u0259t M\u0259mm\u0259dov deyir ki, Bak\u0131da bu \u00fcslubda \u201cviza d\u0259st\u0259yi\u201d g\u00f6st\u0259r\u0259n \u015firk\u0259tl\u0259rd\u0259n biri ona s\u0259firliy\u0259 m\u00fcraci\u0259t \u00fc\u00e7\u00fcn xarici pasportunu, i\u015fd\u0259n aray\u0131\u015f v\u0259 sahib oldu\u011fu evin v\u0259 ya ma\u015f\u0131n\u0131n\u0131n olmas\u0131 il\u0259 ba\u011fl\u0131 s\u0259n\u0259din kifay\u0259t oldu\u011funu bildirib.\n<\/p>\n<p>\n  Turizm ad\u0131 alt\u0131nda f\u0259aliyy\u0259t g\u00f6st\u0259r\u0259n v\u0259 \u00e7ox ironik bir ad\u0131 da\u015f\u0131yan \u201cS\u0259rh\u0259dsiz\u201d (\u201cNo Border\u201d) \u015firk\u0259ti paytaxt\u0131n B\u00fcb\u00fcl prospekti 30 \u00fcnvan\u0131nda yerl\u0259\u015fir. \u015eirk\u0259tin r\u0259hb\u0259ri is\u0259 34 ya\u015fl\u0131 Ramin Hac\u0131l\u0131d\u0131r. O, haz\u0131rda Az\u0259rbaycan Avropa H\u0259r\u0259kat\u0131n\u0131n prezidentidir. \u00dcmid Partiyas\u0131 s\u0259drinin beyn\u0259lxalq \u0259laq\u0259l\u0259r v\u0259 strateji m\u0259s\u0259l\u0259l\u0259r \u00fczr\u0259 sabiq m\u00fcavini olub.\n<\/p>\n<p>\n  M\u0259mm\u0259dovun suallar\u0131na internet \u00fcz\u0259rind\u0259n v\u0259 telefonda cavab ver\u0259n \u015f\u0259xs\u0259 g\u00f6r\u0259, \u015firk\u0259tin 20-y\u0259 yax\u0131n i\u015f\u00e7isi olsa da, onlardan yaln\u0131z be\u015f-alt\u0131 n\u0259f\u0259ri r\u0259smi i\u015f\u00e7idir. H\u0259min \u015f\u0259xs onu da bildirib ki, bir ay \u0259rzind\u0259 \u015firk\u0259tin k\u00f6m\u0259kliyi il\u0259 Avropaya turist vizas\u0131 alan \u015f\u0259xsl\u0259rin say\u0131 y\u00fcz\u00fc \u00f6t\u00fcb-ke\u00e7ir. Viza \u00fc\u00e7\u00fcn m\u00fcraci\u0259t edil\u0259n s\u0259firlikl\u0259r aras\u0131nda is\u0259 Macar\u0131stan, Fransa, \u0130sve\u00e7r\u0259, Latviya v\u0259 dig\u0259r s\u0259firlikl\u0259r var.\n<\/p>\n<\/p>\n<p>\n  S.M\u0259mm\u0259dova bu xidm\u0259tin 500 AB\u015e dollar\u0131 d\u0259y\u0259rind\u0259 oldu\u011fu deyilib. Lakin Hac\u0131l\u0131n\u0131n M\u0259mm\u0259dovun m\u00fcdiri il\u0259 tan\u0131\u015fl\u0131\u011f\u0131 oldu\u011funa g\u00f6r\u0259 m\u00fc\u0259yy\u0259n bir endirimin m\u00fcmk\u00fcnl\u00fcy\u00fc d\u0259 bildirilib. M\u0259mm\u0259dov m\u00fc\u0259yy\u0259n s\u0259n\u0259dl\u0259ri \u00f6zl\u0259ri g\u0259tirdiyi t\u0259qdird\u0259 is\u0259 bu qiym\u0259tin daha az olaca\u011f\u0131 da qeyd edilib.\n<\/p>\n<p>\n  Jurnalist\u0259 turist vizas\u0131 almaq \u00fc\u00e7\u00fcn Fransa s\u0259firliyin\u0259 g\u00f6r\u00fc\u015f\u00fcn t\u0259yin edilm\u0259sind\u0259 yard\u0131m edil\u0259c\u0259yi d\u0259 deyilib. Daha sonra is\u0259 Fransaya daxil olduqdan sonra onun Almaniyaya rahat ke\u00e7\u0259 bilm\u0259si v\u0259 el\u0259 orada da polis\u0259 t\u0259slim olmas\u0131 m\u0259sl\u0259h\u0259t g\u00f6r\u00fcl\u00fcb:\n<\/p>\n<p>\n  \u201cOrada \u00e7\u0259tin bir \u015fey yoxdur, sad\u0259c\u0259 polis\u0259 t\u0259slim olanda bunun s\u0259b\u0259bl\u0259rini izah edirs\u0259n. S\u0259nin d\u0259 aktiv jurnalist f\u0259aliyy\u0259tin var, mitinql\u0259rl\u0259 ba\u011fl\u0131 \u00e7oxlu reportajlar\u0131n var\u201d, &#8211; dey\u0259 bildirilib. Bununla yana\u015f\u0131 kampla ba\u011fl\u0131 h\u0259r hans\u0131 bir \u00e7\u0259tinlik v\u0259 ya yard\u0131ma ehtiyac\u0131 olarsa, R.Hac\u0131l\u0131n\u0131n Almaniyada ya\u015fayan qarda\u015f\u0131n\u0131n k\u00f6m\u0259yind\u0259n yararlana bil\u0259c\u0259yi d\u0259 deyilib.\n<\/p>\n<p>\n  Oktyabr\u0131n 12-d\u0259 Ramin Hac\u0131l\u0131ya iki il s\u0131naq m\u00fcdd\u0259ti t\u0259yin edil\u0259r\u0259k \u015f\u0259rti c\u0259za verilib. Buna s\u0259b\u0259b olaraq is\u0259 Hac\u0131l\u0131n\u0131n AB\u015e-a getm\u0259y\u0259 viza almaq ist\u0259y\u0259nl\u0259r \u00fc\u00e7\u00fcn AB\u015e-\u0131n Az\u0259rbaycandak\u0131 s\u0259firliyinin Konsulluq \u015f\u00f6b\u0259sin\u0259 saxta s\u0259n\u0259dl\u0259r t\u0259qdim etm\u0259si<br \/>\n  <a href=\"https:\/\/apa.az\/xeber-az\/hadise\/abs-sefirliyinden-saxta-senedlerle-viza-almaq-isteyen-ramin-hacili-ve-digerlerine-hokm-oxunub-7725.html\" target=\"_blank\" rel=\"noopener\"><br \/>\n    g\u00f6st\u0259rilib.<br \/>\n  <\/a>\n<\/p>\n<blockquote><p>\n  Kamp h\u0259yat\u0131\n<\/p><\/blockquote>\n<p>\n  Qa\u00e7q\u0131n kamplar\u0131ndan biri N\u00fcremberqd\u0259, 1933-38-ci ill\u0259r \u0259rzind\u0259 fa\u015fistl\u0259rin partiya y\u00fcr\u00fc\u015fl\u0259ri ke\u00e7irdiyi \u0259razid\u0259n 10 km-lik m\u0259saf\u0259d\u0259 yerl\u0259\u015fir. H\u0259tta b\u0259zi almanlar N\u00fcremberqi \u201cAlman \u015f\u0259h\u0259rl\u0259ri aras\u0131nda \u0259sl alman \u015f\u0259h\u0259ri\u201d adland\u0131r\u0131rlar.\n<\/p>\n<p>\n  \u201cBurada kamp\u0131n olmas\u0131n\u0131n iki s\u0259b\u0259bini e\u015fitmi\u015f\u0259m\u201d, dey\u0259n jurnalist R\u00f6ya R\u0259fili izah edir ki, bir s\u0259b\u0259b\u0259 g\u00f6r\u0259, bu, almanlar\u0131n miqrantlara \u00f6yr\u0259\u015fm\u0259sin\u0259 yard\u0131m\u00e7\u0131 olur:\n<\/p>\n<p>\n  \u201c\u0130kinci s\u0259b\u0259b is\u0259 Almaniyaya s\u0131\u011f\u0131nacaq almaq \u00fc\u00e7\u00fcn g\u0259l\u0259n insanlar \u00fc\u00e7\u00fcn burada ya\u015fama\u011f\u0131n \u00f6z\u00fc bir s\u0131naqd\u0131r. B\u0259z\u0259n olur ki, kims\u0259 d\u00f6z\u0259 bilmir, sonunda t\u0259slim olub v\u0259t\u0259nin\u0259 geri qay\u0131d\u0131r\u201d.\n<\/p>\n<p>\n  Jurnalist Almaniyaya Az\u0259rbaycanda ba\u015f ver\u0259n repressiyalara g\u00f6r\u0259 g\u0259ldiyini qeyd edir:\n<\/p>\n<p>\n  \u201cArt\u0131q \u201cFacebook\u201d-da bel\u0259 n\u0259s\u0259 t\u0259nqidi bir payla\u015f\u0131m etm\u0259k m\u00fcmk\u00fcn deyil. Bir \u00e7ox dostumun \u00f6lk\u0259d\u0259n \u00e7\u0131x\u0131\u015f\u0131na qada\u011fa qoyulub. H\u0259bs haqq\u0131nda d\u00fc\u015f\u00fcnm\u00fcrd\u00fcm, \u00e7\u00fcnki \u00e7ox nadir hallarda qad\u0131nlar\u0131 h\u0259bs edirl\u0259r. Ancaq bilirdim ki, \u00f6lk\u0259d\u0259n \u00e7\u0131x\u0131\u015f\u0131ma qada\u011fa qoyula bil\u0259r v\u0259 yaxud da ki, i\u015fimi itir\u0259 bil\u0259r\u0259m.\n<\/p>\n<p>\n  G\u0259lm\u0259zd\u0259n \u00f6nc\u0259 yax\u0131n dostlar\u0131mla m\u0259sl\u0259h\u0259tl\u0259\u015fdim. \u018fslind\u0259 iyulda \u00f6lk\u0259d\u0259n \u00e7\u0131xma\u011f\u0131 planla\u015fd\u0131r\u0131rd\u0131m, ist\u0259yirdim ki, b\u00f6y\u00fck o\u011flum t\u0259dris ilini bitirsin\u201d, dey\u0259 iki \u00f6vlad anas\u0131 R\u0259fili bildirdi:\n<\/p>\n<p>\n  \u201cAncaq sonunda Az\u0259rbaycan\u0131 \u00f6vladlar\u0131mla birg\u0259 bu ilin fevral ay\u0131n\u0131n sonunda t\u0259rk etdik. Mart\u0131n 1-d\u0259 burada polis\u0259 t\u0259slim olduq. \u0130ki ay sonra is\u0259 \u201cKanal-13\u201d-\u00fcn redaktoru h\u0259bs edildi, kanala qar\u015f\u0131 is\u0259 cinay\u0259t i\u015fi a\u00e7\u0131ld\u0131 v\u0259 kanal ba\u011fland\u0131\u201d.\n<\/p>\n<p>\n  R\u0259filinin s\u00f6zl\u0259rin\u0259 g\u00f6r\u0259 kampdak\u0131 \u015f\u0259rait normald\u0131r: \u201cNahar yem\u0259yi biz\u0259 pulsuz verilir. Q\u0259hv\u0259alt\u0131 v\u0259 \u015fam yem\u0259yini is\u0259 biz\u0259 veril\u0259n ayl\u0131q m\u0259vacibl\u0259 al\u0131r\u0131q\u201d. N\u00fcremberq kamp\u0131nda b\u00f6y\u00fckl\u0259r \u00fc\u00e7\u00fcn ayl\u0131q m\u0259vacib 150 avro, u\u015faqlar \u00fc\u00e7\u00fcn is\u0259 110 avro t\u0259\u015fkil edir:\n<\/p>\n<p>\n  \u201cBu m\u0259bl\u0259\u011f Az\u0259rbaycanda kifay\u0259t ed\u0259 bil\u0259rdi, ancaq buradak\u0131 h\u0259yat \u00e7ox bahad\u0131r\u201d.\n<\/p>\n<p>\n  \u201cQurunun oduna ya\u015f da yan\u0131r. S\u0131\u011f\u0131nacaq \u00fc\u00e7\u00fcn m\u00fcraci\u0259t ed\u0259nl\u0259rin real s\u0259b\u0259bl\u0259ri oldu\u011fu halda, b\u0259z\u0259n maddi probleml\u0259rind\u0259n dolay\u0131 buraya g\u0259lib, siyasi s\u0259b\u0259bd\u0259n g\u0259ldiyini dey\u0259nl\u0259r status al\u0131rlar, real siyasi s\u0259b\u0259bi olanlar is\u0259 neqativ cavab al\u0131rlar\u201d, &#8211; A.Rzayev \u0259lav\u0259 etdi.\n<\/p>\n<p>\n  \u201cAz\u0259rbaycanda t\u0259h\u00fclk\u0259 hiss etdim v\u0259 q\u0259rara g\u0259ldim ki, geri qay\u0131tmay\u0131m. Blogerliy\u0259 2015-ci ild\u0259n<br \/>\n  <a href=\"https:\/\/fikirinfo.blogspot.com\/search\/label\/Anar%20Rzal%C4%B1%20\" target=\"_blank\" rel=\"noopener\"><br \/>\n    ba\u015flam\u0131\u015fam.<br \/>\n  <\/a><br \/>\n  Bir ne\u00e7\u0259 t\u0259nqidi yaz\u0131lar\u0131mdan sonra Bak\u0131da X\u0259tai rayon Polis \u0130dar\u0259sin\u0259 \u00e7a\u011fr\u0131ld\u0131m. Bir az t\u0259zyiq g\u00f6st\u0259rdil\u0259r, ancaq bunu he\u00e7 vaxt ictimail\u0259\u015fdirm\u0259mi\u015f\u0259m. Bu, bir n\u00f6v \u00f6z\u00fcn\u00fcreklam kimi g\u0259lir m\u0259n\u0259. Ancaq buna baxmayaraq, h\u0259bs olunmaq da ist\u0259mirdim, h\u0259m ail\u0259m\u0259 g\u00f6r\u0259 d\u0259 narahat idim. D\u00fc\u015f\u00fcn\u00fcr\u0259m ki, azadl\u0131qda olmaq v\u0259 m\u00fc\u0259yy\u0259n m\u0259saf\u0259d\u0259n bloqpostlar\u0131 yazma\u011fa davam etm\u0259k t\u00fcrm\u0259d\u0259 oturmaqdan daha yax\u015f\u0131d\u0131r\u201d, &#8211; N\u00fcremberq kamp\u0131n\u0131n m\u00fcv\u0259qq\u0259ti sakini A.Rzayev bildirdi.\n<\/p>\n<p>\n  \u201cH\u0259mkarlar\u0131m\u0131z Almaniyada ya\u015fay\u0131r, o c\u0259h\u0259td\u0259n \u00f6z\u00fcm\u00fcz\u00fc t\u0259nha hiss etmirik bu \u00f6lk\u0259d\u0259\u201d, dey\u0259 t\u0259hl\u00fck\u0259sizlik s\u0259b\u0259bind\u0259n ad\u0131n\u0131n a\u00e7\u0131qlanmas\u0131n\u0131 ist\u0259m\u0259y\u0259n jurnalist qeyd etdi.\n<\/p>\n<p>\n  Onun s\u00f6zl\u0259rin\u0259 g\u00f6r\u0259, m\u00fcsahib\u0259 zaman\u0131 D\u00fcseldorf yax\u0131nl\u011f\u0131nda Ratingend\u0259 yerl\u0259\u015f\u0259n kampda yaln\u0131z iki az\u0259rbaycanl\u0131 ail\u0259 ya\u015fay\u0131r:\n<\/p>\n<p>\n  \u201cBundan \u00f6nc\u0259ki kampda is\u0259 yaln\u0131z \u00fc\u00e7 az\u0259rbaycanl\u0131 ail\u0259 vard\u0131. \u018fsas\u0259n regiondan g\u0259l\u0259nl\u0259rdir, g\u0259lm\u0259l\u0259rinin ba\u015fl\u0131ca s\u0259b\u0259bi is\u0259 maddi probleml\u0259rl\u0259 ba\u011fl\u0131d\u0131r. \u00dcmumilikd\u0259, m\u0259n \u00f6z\u00fcm buraya g\u0259lm\u0259 s\u0259b\u0259bini he\u00e7 kim\u0259 demir\u0259m. \u00c7\u00fcnki biz\u0259 yard\u0131m\u00e7\u0131 olan t\u0259\u015fkilatlar, h\u0259tta burada \u00e7al\u0131\u015fan sosial i\u015f\u00e7il\u0259r bel\u0259 kapmda kim oldu\u011fumuzu he\u00e7 kim\u0259 dem\u0259m\u0259yi t\u00f6vsiy\u0259 edirl\u0259r. Dedikl\u0259rin\u0259 g\u00f6r\u0259, kamplarda Az\u0259rbaycan hakimiyy\u0259tin\u0259 i\u015fl\u0259y\u0259nl\u0259rin olmas\u0131 istisna edilmir\u201d.\n<\/p>\n<p>\n  \u201c\u0130lk olaraq \u00e7ox qorxurdum, \u00e7\u00fcnki kamplardak\u0131 durum haqda \u00e7ox \u015feyl\u0259r e\u015fitmi\u015fdim. Ancaq h\u0259r \u015fey g\u00f6zl\u0259diyimd\u0259n daha yax\u015f\u0131 oldu. A\u00e7\u0131\u011f\u0131 m\u00fc\u0259yy\u0259n \u015feyl\u0259r var ki, onlar adam\u0131 m\u0259yus edir. M\u0259s\u0259l\u0259n, b\u00fct\u00fcn s\u0259n\u0259dl\u0259rini t\u0259slim etm\u0259k, b\u0259zi kamplarda s\u0259rt qaydalar\u0131n olmas\u0131 sanki s\u0259nin azadl\u0131\u011f\u0131n\u0131 m\u0259hdudla\u015fd\u0131r\u0131r\u201d, dey\u0259 jurnalist bildirdi.\n<\/p>\n<p>\n  Ratingen kamp\u0131n\u0131n sakinl\u0259ri g\u00fcn \u0259rzind\u0259 \u00fc\u00e7 d\u0259f\u0259 pulsuz yem\u0259kl\u0259 t\u0259min edilirl\u0259r. B\u00f6y\u00fckl\u0259r h\u0259ft\u0259d\u0259 30 avro, u\u015faqlara is\u0259 20 avro ayr\u0131l\u0131r.\n<\/p>\n<p>\n  Kampdak\u0131 \u015f\u0259raitd\u0259n naraz\u0131 olanlar da var:\n<\/p>\n<p>\n  \u201c\u00d6z\u00fcm\u00fc \u0259sir d\u00fc\u015f\u0259rg\u0259sind\u0259ki kimi hiss edir\u0259m\u201d, dey\u0259 anonim qalmaq ist\u0259y\u0259n v\u0259 Az\u0259rbaycandan g\u0259lm\u0259 s\u0259b\u0259bi haqda dan\u0131\u015fmaq ist\u0259m\u0259y\u0259n v\u0259 g\u0259lm\u0259k ist\u0259y\u0259nl\u0259rin d\u0259 bel\u0259 bir add\u0131m atmamalar\u0131n\u0131 t\u00f6vsiy\u0259 ed\u0259n 60 ya\u015flar\u0131ndak\u0131 ah\u0131l ki\u015fi bildirdi:\n<\/p>\n<p>\n  \u201cYox, g\u0259lm\u0259sinl\u0259r buraya. Burada ya\u015famaq \u00e7ox \u00e7\u0259tindir. Fikir verir\u0259m ki, vaxt ke\u00e7dikc\u0259 biz d\u0259 almanlar kimi, avropal\u0131lar kimi soyuq olma\u011fa ba\u015flay\u0131r\u0131q\u201d.\n<\/p>\n<p>\n  \u201cM\u0259qal\u0259nin ad\u0131n\u0131 \u2018\u015e\u0259r\u0259fsizl\u0259rin \u015f\u0259r\u0259fsizliyind\u0259n qa\u00e7\u0131b g\u0259lib qa\u00e7q\u0131n olanlar\u2019 qoyarsan\u201d, &#8211; Aysel A\u011fayeva d\u0259mir hasar\u0131n arxas\u0131ndan kampda ya\u015fayanlarla s\u00f6hb\u0259t \u0259snas\u0131nda dedi. Onun s\u00f6zl\u0259rin\u0259 g\u00f6r\u0259, h\u0259yat yolda\u015f\u0131 2015-ci ild\u0259<br \/>\n  <a href=\"https:\/\/www.rferl.org\/a\/azerbaijan-opposition-rally-baku-aliyev\/27997157.html\" target=\"_blank\" rel=\"noopener\"><br \/>\n    referendumla<br \/>\n  <\/a><br \/>\n  ba\u011fl\u0131 ke\u00e7iril\u0259n aksiyada i\u015ftirak edib v\u0259 bir g\u00fcn \u0259rzind\u0259 polis b\u00f6lm\u0259sind\u0259 saxlan\u0131laraq orada d\u00f6y\u00fcl\u00fcb.\n<\/p>\n<p>\n  Bunlar\u0131 dey\u0259rk\u0259n A.A\u011fayeva h\u0259r d\u0259f\u0259 onun h\u0259yat yolda\u015f\u0131n\u0131n i\u015ftirak etdiyi aksiyalarda fotolar\u0131n\u0131n, \u201cYoutube\u201d kanal\u0131nda videolar\u0131n, s\u00fcbutlar\u0131n\u0131n oldu\u011funu da vur\u011fulay\u0131rd\u0131:\n<\/p>\n<p>\n  \u201cYolda\u015f\u0131m mitinql\u0259rd\u0259 i\u015ftirak\u0131na g\u00f6r\u0259, el\u0259 d\u00f6y\u00fcl\u00fcb ki, ba\u015f\u0131m\u0131z\u0131 g\u00f6t\u00fcr\u00fcb g\u0259lmi\u015fik. B\u00fct\u00fcn s\u0259n\u0259dl\u0259rl\u0259, \u201cYoutube\u201d linkl\u0259ri il\u0259, b\u00fct\u00fcn \u015f\u0259kill\u0259rl\u0259\u201d.\n<\/p>\n<p>\n  A\u011fayevl\u0259r ail\u0259si Almaniyaya bir ne\u00e7\u0259 \u00f6lk\u0259ni ke\u00e7\u0259r\u0259k g\u0259lib: \u201cGeri qay\u0131tsaq, 100 faiz bizi el\u0259 hava liman\u0131nda ma\u015f\u0131na bas\u0131b i\u00e7\u0259ri atarlar\u201d.\n<\/p>\n<p>\n  A\u011fayeva h\u0259yat yolda\u015f\u0131n\u0131n aktivist oldu\u011fu il\u0259 ba\u011fl\u0131 suallara da \u00e7a\u015fq\u0131n cavablar verirdi. Bir az d\u00fc\u015f\u00fcnd\u00fckd\u0259n sonra h\u0259yat yolda\u015f\u0131n\u0131n yan\u0131lm\u0131rsa, Az\u0259rbaycan Demokratik Partiya f\u0259al\u0131 oldu\u011funu bildirdi.\n<\/p>\n<p>\n  \u201c\u018fd\u0259biyyat m\u00fc\u0259llim\u0259si i\u015fl\u0259yirdim. Atalar demi\u015fk\u0259n, \u2018b\u0259y idik, a\u015f yemirdik ki, b\u0131\u011f\u0131m\u0131z ya\u011fa batar\u2019, indi burada h\u0259r g\u00fcn \u201cpayok\u201d g\u00f6zl\u0259yirik ki, n\u0259 vaxt biz\u0259 makaron ver\u0259c\u0259kl\u0259r. \u00c7ox a\u011f\u0131r g\u0259lir, sanki konslagerd\u0259yik\u201d, dey\u0259rk\u0259n bir vaxtlar h\u0259yatlar\u0131n\u0131 S\u0259lyanda ya\u015fayan v\u0259 6 ayd\u0131r ki, Almaniyaya g\u0259l\u0259n A\u011fayevan\u0131n g\u00f6zl\u0259ri dolur.\n<\/p>\n<p>\n  \u201cM\u0259n ancaq onu bel\u0259 q\u0259bul etmir\u0259m, o q\u0259d\u0259r d\u0259 ac\u0131nacaql\u0131 bir \u015fey yoxdur burr=ada\u201d, dey\u0259 R.R\u0259fili \u0259lav\u0259 edir.\n<\/p>\n<figure class=\"wp-block-image size-large\">\n  <img decoding=\"async\" src=\"https:\/\/www.meydan.tv\/az\/94307\/\" alt=\"\" class=\"wp-image-94307\"\/><figcaption><\/figcaption><\/figure>\n<p>\n  <i><br \/>\n    Kampda m\u00fcxt\u0259lif insanlarla qar\u015f\u0131la\u015fmaq m\u00fcmk\u00fcnd\u00fcr, h\u0259tta topu\u011funda svastika d\u00f6ym\u0259si olan 20 ya\u015flar\u0131nda bir g\u0259ncl\u0259 d\u0259: \u201cN\u0259 dey\u0259 bil\u0259r\u0259m ki, yax\u0131nlarda Az\u0259rbaycana geri qay\u0131daca\u011fam, \u201c dey\u0259 m\u0259yus \u015f\u0259kild\u0259 siqaretini yand\u0131ran g\u0259nc cavab verdi. M\u0259lum olur ki, g\u0259nc, s\u0131\u011f\u0131nacaqla ba\u011fl\u0131 imtina cavab\u0131 al\u0131b v\u0259 topu\u011fundak\u0131 fa\u015fist d\u00f6ym\u0259si il\u0259 N\u00fcrmberqd\u0259 m\u00fcv\u0259qq\u0259ti d\u0259 olsa ya\u015famas\u0131na baxmayaraq, indiy\u0259d\u0259k bununla ba\u011fl\u0131 he\u00e7 bir probleml\u0259 \u00fczl\u0259\u015fm\u0259yib.<br \/>\n  <\/i>\n<\/p>\n<blockquote><p>\n  Almaniyada h\u0259yat\n<\/p><\/blockquote>\n<p>\n  Meydan TV-nin \u0259m\u0259kda\u015f\u0131 \u015eirin Abbasov, Az\u0259rbaycanda pe\u015f\u0259si il\u0259 ba\u011fl\u0131 \u00fczl\u0259\u015fdiyi t\u0259zyiql\u0259rd\u0259n sonra Almaniyada siyasi s\u0131\u011f\u0131nacaq al\u0131b. O, s\u0131\u011f\u0131nacaq almazdan \u0259vv\u0259l Bavariyan\u0131n \u015fimal\u0131nda yerl\u0259\u015f\u0259n Zirndorf v\u0259 F\u00fcrthd\u0259 qald\u0131\u011f\u0131 kamplarda \u00e7ox tez-tez psevdo-siyasi m\u00fchacirl\u0259rl\u0259 qar\u015f\u0131la\u015fd\u0131\u011f\u0131n\u0131 deyir: \u201cSiyasi f\u0259aliyy\u0259tl\u0259ri il\u0259 ba\u011fl\u0131 g\u0259ldikl\u0259rini des\u0259l\u0259r d\u0259, Az\u0259rbaycanda ba\u015f ver\u0259n siyasi durumdan, prosesl\u0259rd\u0259n x\u0259b\u0259rsizdirl\u0259r\u201d.\n<\/p>\n<p>\n  \u201cAnlay\u0131ram ki, iqtisadi c\u0259h\u0259td\u0259n haz\u0131rda \u00e7\u0259tindir orada ya\u015famaq, amma he\u00e7 olmasa burada m\u00fchacirlik statusunu alandan sonra n\u0259s\u0259 bir \u015feyl\u0259r ed\u0259 bil\u0259rl\u0259r \u00f6lk\u0259 \u00fc\u00e7\u00fcn. O da yoxdur, h\u0259r k\u0259s el\u0259 ba\u015f\u0131n\u0131 a\u015fa\u011f\u0131 sal\u0131b ya\u015fay\u0131r. C\u0259miyy\u0259t \u00fc\u00e7\u00fcn he\u00e7 bir xeyirl\u0259ri olmur.\n<\/p>\n<p>\n  Bilirl\u0259r ki, \u0259g\u0259r iqtisadi s\u0259b\u0259b\u0259 g\u00f6r\u0259 g\u0259ldikl\u0259rini des\u0259l\u0259r, onlara status verm\u0259y\u0259c\u0259kl\u0259r, \u0259n yax\u015f\u0131 halda deport edil\u0259c\u0259kl\u0259r. B\u0259z\u0259n el\u0259 adamlar\u0131 da g\u00f6r\u00fcrs\u0259n ki, Az\u0259rbaycandak\u0131 rejimi q\u0259lb\u0259n, ruh\u0259n d\u0259st\u0259kl\u0259yir, sevir. Rejimi t\u0259nqid ed\u0259nd\u0259 s\u0259nl\u0259 h\u0259tta davaya da \u00e7\u0131x\u0131r\u201d, &#8211; dey\u0259 Abbasov \u0259lav\u0259 etdi.\n<\/p>\n<p>\n  41 ya\u015fl\u0131 Qurban \u018fl\u0259kb\u0259rov art\u0131q 20 il\u0259 yax\u0131nd\u0131r ki, Almaniyada ya\u015fay\u0131r v\u0259 t\u0259rc\u00fcm\u0259\u00e7i i\u015fl\u0259yir. O, saxta s\u0259n\u0259dl\u0259ri t\u0259rc\u00fcm\u0259 etm\u0259kd\u0259n imtina etdiyini deyir: \u201cM\u0259nim \u00fc\u00e7\u00fcn f\u0259rqi yoxdur, insan buraya siyasi v\u0259 ya qeyri-siyasi s\u0259b\u0259bl\u0259rd\u0259n g\u0259lir. M\u00fc\u015ft\u0259ril\u0259r z\u0259ng edib s\u0259n\u0259dl\u0259rin t\u0259rc\u00fcm\u0259si il\u0259 ba\u011fl\u0131 soru\u015fub maraqland\u0131qda, onlarda hans\u0131 s\u0259n\u0259dl\u0259rin oldu\u011funu soru\u015furam.\n<\/p>\n<p>\n  M\u00fc\u0259yy\u0259n prinsipl\u0259rim var ki, onlara \u0259sas\u0259n, m\u0259n o s\u0259n\u0259dl\u0259rin t\u0259rc\u00fcm\u0259sini \u00fcz\u0259rim\u0259 g\u00f6t\u00fcrm\u00fcr\u0259m. T\u0259rc\u00fcm\u0259 etdiyim s\u0259n\u0259dl\u0259r \u0259sas\u0259n, do\u011fum, nikah haqq\u0131nda \u015f\u0259had\u0259tnam\u0259l\u0259rdir, \u0259g\u0259r bu s\u0259n\u0259dl\u0259r h\u0259bs haqq\u0131nda, polisd\u0259n v\u0259 ya m\u0259hk\u0259m\u0259d\u0259n aray\u0131\u015fd\u0131rsa, bununla m\u0259\u015f\u011ful olmuram. \u00c7al\u0131\u015f\u0131ram ki, saxta s\u0259n\u0259dl\u0259ri g\u00f6t\u00fcrm\u0259yim\u201d.\n<\/p>\n<p>\n  \u201cBilirik ki, burada s\u0131\u011f\u0131nacaq almaq \u00fc\u00e7\u00fcn m\u00fcraci\u0259t ed\u0259n \u015f\u0259xsin iqtisadi yox, siyasi s\u0259b\u0259bl\u0259ri olmal\u0131d\u0131r\u201d, dey\u0259 Azadl\u0131q Radiosu Az\u0259rbaycan b\u00fcrosunun \u0259m\u0259kda\u015f\u0131 Yaf\u0259z H\u0259s\u0259nov qeyd edir. O, radioya qar\u015f\u0131 cinay\u0259t i\u015fi a\u00e7\u0131ld\u0131\u011f\u0131 zaman ona qar\u015f\u0131 da a\u00e7\u0131lan cinay\u0259t i\u015find\u0259n sonra, 2014-c\u00fc ild\u0259 Az\u0259rbaycan\u0131 t\u0259rk edib v\u0259 2016-c\u0131 ild\u0259 Almaniyada siyasi s\u0131\u011f\u0131nacaq al\u0131b.\n<\/p>\n<p>\n  \u201cBir \u00e7ox i\u015fbaz var ki, bu situasiyadan \u00e7ox yararlan\u0131r. \u00dcmumilikd\u0259 is\u0259 m\u00fchacir biznesi il\u0259 m\u0259\u015f\u011ful olan m\u00fc\u0259yy\u0259n qruplar var. Onlar Az\u0259rbaycan da var, Avropada, ortaq \u015f\u0259kild\u0259 i\u015fl\u0259yirl\u0259r. \u018fsas m\u0259s\u0259l\u0259 \u201cqurban\u201d tapmaqd\u0131r\u201d.\n<\/p>\n<p>\n  H\u0259s\u0259novun s\u00f6zl\u0259rin\u0259 g\u00f6r\u0259, i\u015fbazlar\u0131n ilk add\u0131m\u0131 tap\u0131lan qurbanlar \u00fc\u00e7\u00fcn Bak\u0131dan viza almaq olur, ad\u0259t\u0259n viza \u00fc\u00e7\u00fcn \u015e\u0259rqi Avropa \u00f6lk\u0259l\u0259rin s\u0259firlikl\u0259rin\u0259 m\u00fcraci\u0259t edilir. Viza alan \u015f\u0259xsl\u0259r Avropaya \u00e7atd\u0131qdan sonra is\u0259 i\u015fbazlar onlara siyasi s\u0131\u011f\u0131nacaq almaq \u00fc\u00e7\u00fcn saxta s\u0259n\u0259dl\u0259rl\u0259 t\u0259min edirl\u0259r.\n<\/p>\n<p>\n  \u201c\u0130\u015fbazlar ad\u0259t\u0259n pulun 70-80 faizini \u00f6nc\u0259d\u0259n al\u0131rlar v\u0259 Avropada ya\u015fayan partnyorlar\u0131n\u0131n bank hesab\u0131na ke\u00e7irirl\u0259r. Onlar\u0131 tutmaq \u00e7ox \u00e7\u0259tindir. Almaniya hakimiyy\u0259ti d\u0259 art\u0131q anlay\u0131r ki, bel\u0259 bir b\u00f6y\u00fck h\u0259cmd\u0259 insan ax\u0131n\u0131 yaln\u0131z siyasi f\u0259aliyy\u0259tl\u0259 \u0259laq\u0259dar ola bilm\u0259z. Ona g\u00f6r\u0259 d\u0259 art\u0131q aidiyyat\u0131 orqanlar edil\u0259n m\u00fcraci\u0259tl\u0259r\u0259 \u00e7ox q\u0131sa m\u00fcdd\u0259td\u0259 bax\u0131r v\u0259 insanlar\u0131 yenid\u0259n Az\u0259rbaycana geri qaytar\u0131rlar. \u00c7\u00fcnki onlar daha inanm\u0131rlar ki, g\u0259l\u0259n 2000-3000 \u015f\u0259xsin ham\u0131s\u0131 siyasi f\u0259ald\u0131r. M\u0259nim el\u0259 dostlar\u0131m var ki, onlar realda siyasi f\u0259ald\u0131rlar, s\u0131\u011f\u0131nacaq ist\u0259m\u0259k \u00fc\u00e7\u00fcn real siyasi s\u0259b\u0259bl\u0259ri var, ancaq buna baxmayaraq, onlar da geri qaytar\u0131l\u0131blar\u201d, dey\u0259 Y.H\u0259s\u0259nov bildirdi.\n<\/p>\n<p>\n  H\u0259s\u0259nov onu da \u0259lav\u0259 edir ki, qurbanlara ad\u0259t\u0259n s\u0131\u011f\u0131nacaq verildikd\u0259n sonra onlar\u0131n ma\u015f\u0131n v\u0259 evl\u0259 t\u0259min edilm\u0259si haqda v\u0259dl\u0259r d\u0259 verilir, ancaq reall\u0131qda is\u0259 bu, bel\u0259 olmur:\n<\/p>\n<p>\n  \u201c\u0130nsanlar Az\u0259rbaycanda sahib olduqlar mal-m\u00fclkl\u0259ri d\u0259 daxil olmaqla h\u0259r \u015feyl\u0259rini sat\u0131rlar. Daha sonra is\u0259 Almaniyada m\u00fcraci\u0259tl\u0259rin\u0259 imtina cavab\u0131 ald\u0131qda xidm\u0259tl\u0259rind\u0259n istifad\u0259 etdikl\u0259ri i\u015fbazlar\u0131 m\u0259hk\u0259m\u0259y\u0259 d\u0259 ver\u0259 bilmirl\u0259r. \u00c7\u00fcnki bu, ikit\u0259r\u0259fli s\u00f6vd\u0259l\u0259\u015fm\u0259 olur\u201d.\n<\/p>\n<blockquote><p>\n  G\u00f6zl\u0259m\u0259\n<\/p><\/blockquote>\n<p>\n  Jurnalist R\u00f6ya R\u0259fili haz\u0131rda 3 ayd\u0131r ki, N\u00fcremberq kamp\u0131nda ya\u015fay\u0131r. M\u00fcvafiq qaydalara \u0259sas\u0259n, ondan m\u00fcsahib\u0259 g\u00f6t\u00fcr\u00fcls\u0259 d\u0259, statusu haqda h\u0259l\u0259 ki, he\u00e7 bir yenilik yoxdur. Bu qaydalardan biri d\u0259, cavab g\u00f6zl\u0259y\u0259n insanlar\u0131n bir kampdan dig\u0259r kampa k\u00f6\u00e7\u00fcr\u00fclm\u0259sidir ki, bu da, b\u0259z\u0259n q\u0131sa bir bildiri\u015fl\u0259 h\u0259yata ke\u00e7irilir:\n<\/p>\n<p>\n  \u201cN\u0259 olaca\u011f\u0131n\u0131 h\u0259l\u0259 ki, bilmir\u0259m\u201d.\n<\/p>\n<p>\n  <a href=\"http:\/\/ifact.ge\/en\/destination-germany\/\" target=\"_blank\" rel=\"noopener\"><br \/>\n    <i><br \/>\n      <b><br \/>\n        M\u0259nb\u0259: ifact.ge<br \/>\n      <\/b><br \/>\n    <\/i><br \/>\n  <\/a><\/p>\n","protected":false},"excerpt":{"rendered":"<p>Haz\u0131rda Almaniya, Az\u0259rbaycan\u0131 t\u0259rk ed\u0259n minl\u0259rl\u0259 az\u0259rbaycanl\u0131lar \u00fc\u00e7\u00fcn d\u0259 t\u0259yinat yeri olub<\/p>\n","protected":false},"author":11,"featured_media":94289,"comment_status":"closed","ping_status":"open","sticky":false,"template":"","format":"standard","meta":{"_acf_changed":false,"_sitemap_exclude":false,"_sitemap_priority":"","_sitemap_frequency":"","footnotes":""},"categories":[56],"tags":[],"class_list":["post-187112","post","type-post","status-publish","format-standard","has-post-thumbnail","hentry","category-xeberler","infinite-scroll-item","generate-columns","tablet-grid-50","mobile-grid-100","grid-parent","grid-33","no-featured-image-padding"],"acf":[],"yoast_head":"<!-- This site is optimized with the Yoast SEO plugin v27.5 - https:\/\/yoast.com\/product\/yoast-seo-wordpress\/ -->\n<title>T\u0259yinat: Almaniya - MEYDAN.TV<\/title>\n<meta name=\"robots\" content=\"index, follow, max-snippet:-1, max-image-preview:large, max-video-preview:-1\" \/>\n<link rel=\"canonical\" href=\"https:\/\/www.meydan.tv\/az\/article\/teyinat-almaniya\/\" \/>\n<meta property=\"og:locale\" content=\"az_AZ\" \/>\n<meta property=\"og:type\" content=\"article\" \/>\n<meta property=\"og:title\" content=\"T\u0259yinat: Almaniya - MEYDAN.TV\" \/>\n<meta property=\"og:description\" content=\"Haz\u0131rda Almaniya, Az\u0259rbaycan\u0131 t\u0259rk ed\u0259n minl\u0259rl\u0259 az\u0259rbaycanl\u0131lar \u00fc\u00e7\u00fcn d\u0259 t\u0259yinat yeri olub\" \/>\n<meta property=\"og:url\" content=\"https:\/\/www.meydan.tv\/az\/article\/teyinat-almaniya\/\" \/>\n<meta property=\"og:site_name\" content=\"MEYDAN.TV\" \/>\n<meta property=\"article:published_time\" content=\"2017-10-21T18:06:10+00:00\" \/>\n<meta property=\"og:image\" content=\"https:\/\/www.meydan.tv\/wp-content\/uploads\/37227-scaled.jpg\" \/>\n\t<meta property=\"og:image:width\" content=\"2560\" \/>\n\t<meta property=\"og:image:height\" content=\"1707\" \/>\n\t<meta property=\"og:image:type\" content=\"image\/jpeg\" \/>\n<meta name=\"author\" content=\"user-manager\" \/>\n<meta name=\"twitter:card\" content=\"summary_large_image\" \/>\n<script type=\"application\/ld+json\" class=\"yoast-schema-graph\">{\"@context\":\"https:\\\/\\\/schema.org\",\"@graph\":[{\"@type\":\"Article\",\"@id\":\"https:\\\/\\\/www.meydan.tv\\\/az\\\/article\\\/teyinat-almaniya\\\/#article\",\"isPartOf\":{\"@id\":\"https:\\\/\\\/www.meydan.tv\\\/az\\\/article\\\/teyinat-almaniya\\\/\"},\"author\":{\"name\":\"user-manager\",\"@id\":\"https:\\\/\\\/www.meydan.tv\\\/az\\\/#\\\/schema\\\/person\\\/10d11eccf6da3662cf5fdab9806ea91a\"},\"headline\":\"T\u0259yinat: Almaniya\",\"datePublished\":\"2017-10-21T18:06:10+00:00\",\"mainEntityOfPage\":{\"@id\":\"https:\\\/\\\/www.meydan.tv\\\/az\\\/article\\\/teyinat-almaniya\\\/\"},\"wordCount\":4469,\"publisher\":{\"@id\":\"https:\\\/\\\/www.meydan.tv\\\/az\\\/#organization\"},\"image\":{\"@id\":\"https:\\\/\\\/www.meydan.tv\\\/az\\\/article\\\/teyinat-almaniya\\\/#primaryimage\"},\"thumbnailUrl\":\"https:\\\/\\\/www.meydan.tv\\\/wp-content\\\/uploads\\\/37227-scaled.jpg\",\"articleSection\":[\"X\u0259b\u0259rl\u0259r\"],\"inLanguage\":\"az\"},{\"@type\":\"WebPage\",\"@id\":\"https:\\\/\\\/www.meydan.tv\\\/az\\\/article\\\/teyinat-almaniya\\\/\",\"url\":\"https:\\\/\\\/www.meydan.tv\\\/az\\\/article\\\/teyinat-almaniya\\\/\",\"name\":\"T\u0259yinat: Almaniya - MEYDAN.TV\",\"isPartOf\":{\"@id\":\"https:\\\/\\\/www.meydan.tv\\\/az\\\/#website\"},\"primaryImageOfPage\":{\"@id\":\"https:\\\/\\\/www.meydan.tv\\\/az\\\/article\\\/teyinat-almaniya\\\/#primaryimage\"},\"image\":{\"@id\":\"https:\\\/\\\/www.meydan.tv\\\/az\\\/article\\\/teyinat-almaniya\\\/#primaryimage\"},\"thumbnailUrl\":\"https:\\\/\\\/www.meydan.tv\\\/wp-content\\\/uploads\\\/37227-scaled.jpg\",\"datePublished\":\"2017-10-21T18:06:10+00:00\",\"breadcrumb\":{\"@id\":\"https:\\\/\\\/www.meydan.tv\\\/az\\\/article\\\/teyinat-almaniya\\\/#breadcrumb\"},\"inLanguage\":\"az\",\"potentialAction\":[{\"@type\":\"ReadAction\",\"target\":[\"https:\\\/\\\/www.meydan.tv\\\/az\\\/article\\\/teyinat-almaniya\\\/\"]}]},{\"@type\":\"ImageObject\",\"inLanguage\":\"az\",\"@id\":\"https:\\\/\\\/www.meydan.tv\\\/az\\\/article\\\/teyinat-almaniya\\\/#primaryimage\",\"url\":\"https:\\\/\\\/www.meydan.tv\\\/wp-content\\\/uploads\\\/37227-scaled.jpg\",\"contentUrl\":\"https:\\\/\\\/www.meydan.tv\\\/wp-content\\\/uploads\\\/37227-scaled.jpg\",\"width\":2560,\"height\":1707,\"caption\":\"Source:\"},{\"@type\":\"BreadcrumbList\",\"@id\":\"https:\\\/\\\/www.meydan.tv\\\/az\\\/article\\\/teyinat-almaniya\\\/#breadcrumb\",\"itemListElement\":[{\"@type\":\"ListItem\",\"position\":1,\"name\":\"Ana s\u0259hif\u0259\",\"item\":\"https:\\\/\\\/www.meydan.tv\\\/az\\\/\"},{\"@type\":\"ListItem\",\"position\":2,\"name\":\"X\u0259b\u0259rl\u0259r\",\"item\":\"https:\\\/\\\/www.meydan.tv\\\/az\\\/section\\\/xeberler\\\/\"},{\"@type\":\"ListItem\",\"position\":3,\"name\":\"T\u0259yinat: Almaniya\"}]},{\"@type\":\"WebSite\",\"@id\":\"https:\\\/\\\/www.meydan.tv\\\/az\\\/#website\",\"url\":\"https:\\\/\\\/www.meydan.tv\\\/az\\\/\",\"name\":\"MEYDAN.TV\",\"description\":\"Meydan TV Az\u0259rbaycan\u0131n media m\u0259kan\u0131ndak\u0131 alternativ s\u0259sidir\",\"publisher\":{\"@id\":\"https:\\\/\\\/www.meydan.tv\\\/az\\\/#organization\"},\"potentialAction\":[{\"@type\":\"SearchAction\",\"target\":{\"@type\":\"EntryPoint\",\"urlTemplate\":\"https:\\\/\\\/www.meydan.tv\\\/az\\\/?s={search_term_string}\"},\"query-input\":{\"@type\":\"PropertyValueSpecification\",\"valueRequired\":true,\"valueName\":\"search_term_string\"}}],\"inLanguage\":\"az\"},{\"@type\":\"Organization\",\"@id\":\"https:\\\/\\\/www.meydan.tv\\\/az\\\/#organization\",\"name\":\"Meydan TV\",\"url\":\"https:\\\/\\\/www.meydan.tv\\\/az\\\/\",\"logo\":{\"@type\":\"ImageObject\",\"inLanguage\":\"az\",\"@id\":\"https:\\\/\\\/www.meydan.tv\\\/az\\\/#\\\/schema\\\/logo\\\/image\\\/\",\"url\":\"https:\\\/\\\/www.meydan.tv\\\/wp-content\\\/uploads\\\/2021\\\/07\\\/meydan-logo.svg\",\"contentUrl\":\"https:\\\/\\\/www.meydan.tv\\\/wp-content\\\/uploads\\\/2021\\\/07\\\/meydan-logo.svg\",\"width\":195,\"height\":46,\"caption\":\"Meydan TV\"},\"image\":{\"@id\":\"https:\\\/\\\/www.meydan.tv\\\/az\\\/#\\\/schema\\\/logo\\\/image\\\/\"}},{\"@type\":\"Person\",\"@id\":\"https:\\\/\\\/www.meydan.tv\\\/az\\\/#\\\/schema\\\/person\\\/10d11eccf6da3662cf5fdab9806ea91a\",\"name\":\"user-manager\"}]}<\/script>\n<!-- \/ Yoast SEO plugin. -->","yoast_head_json":{"title":"T\u0259yinat: Almaniya - MEYDAN.TV","robots":{"index":"index","follow":"follow","max-snippet":"max-snippet:-1","max-image-preview":"max-image-preview:large","max-video-preview":"max-video-preview:-1"},"canonical":"https:\/\/www.meydan.tv\/az\/article\/teyinat-almaniya\/","og_locale":"az_AZ","og_type":"article","og_title":"T\u0259yinat: Almaniya - MEYDAN.TV","og_description":"Haz\u0131rda Almaniya, Az\u0259rbaycan\u0131 t\u0259rk ed\u0259n minl\u0259rl\u0259 az\u0259rbaycanl\u0131lar \u00fc\u00e7\u00fcn d\u0259 t\u0259yinat yeri olub","og_url":"https:\/\/www.meydan.tv\/az\/article\/teyinat-almaniya\/","og_site_name":"MEYDAN.TV","article_published_time":"2017-10-21T18:06:10+00:00","og_image":[{"width":2560,"height":1707,"url":"https:\/\/www.meydan.tv\/wp-content\/uploads\/37227-scaled.jpg","type":"image\/jpeg"}],"author":"user-manager","twitter_card":"summary_large_image","schema":{"@context":"https:\/\/schema.org","@graph":[{"@type":"Article","@id":"https:\/\/www.meydan.tv\/az\/article\/teyinat-almaniya\/#article","isPartOf":{"@id":"https:\/\/www.meydan.tv\/az\/article\/teyinat-almaniya\/"},"author":{"name":"user-manager","@id":"https:\/\/www.meydan.tv\/az\/#\/schema\/person\/10d11eccf6da3662cf5fdab9806ea91a"},"headline":"T\u0259yinat: Almaniya","datePublished":"2017-10-21T18:06:10+00:00","mainEntityOfPage":{"@id":"https:\/\/www.meydan.tv\/az\/article\/teyinat-almaniya\/"},"wordCount":4469,"publisher":{"@id":"https:\/\/www.meydan.tv\/az\/#organization"},"image":{"@id":"https:\/\/www.meydan.tv\/az\/article\/teyinat-almaniya\/#primaryimage"},"thumbnailUrl":"https:\/\/www.meydan.tv\/wp-content\/uploads\/37227-scaled.jpg","articleSection":["X\u0259b\u0259rl\u0259r"],"inLanguage":"az"},{"@type":"WebPage","@id":"https:\/\/www.meydan.tv\/az\/article\/teyinat-almaniya\/","url":"https:\/\/www.meydan.tv\/az\/article\/teyinat-almaniya\/","name":"T\u0259yinat: Almaniya - MEYDAN.TV","isPartOf":{"@id":"https:\/\/www.meydan.tv\/az\/#website"},"primaryImageOfPage":{"@id":"https:\/\/www.meydan.tv\/az\/article\/teyinat-almaniya\/#primaryimage"},"image":{"@id":"https:\/\/www.meydan.tv\/az\/article\/teyinat-almaniya\/#primaryimage"},"thumbnailUrl":"https:\/\/www.meydan.tv\/wp-content\/uploads\/37227-scaled.jpg","datePublished":"2017-10-21T18:06:10+00:00","breadcrumb":{"@id":"https:\/\/www.meydan.tv\/az\/article\/teyinat-almaniya\/#breadcrumb"},"inLanguage":"az","potentialAction":[{"@type":"ReadAction","target":["https:\/\/www.meydan.tv\/az\/article\/teyinat-almaniya\/"]}]},{"@type":"ImageObject","inLanguage":"az","@id":"https:\/\/www.meydan.tv\/az\/article\/teyinat-almaniya\/#primaryimage","url":"https:\/\/www.meydan.tv\/wp-content\/uploads\/37227-scaled.jpg","contentUrl":"https:\/\/www.meydan.tv\/wp-content\/uploads\/37227-scaled.jpg","width":2560,"height":1707,"caption":"Source:"},{"@type":"BreadcrumbList","@id":"https:\/\/www.meydan.tv\/az\/article\/teyinat-almaniya\/#breadcrumb","itemListElement":[{"@type":"ListItem","position":1,"name":"Ana s\u0259hif\u0259","item":"https:\/\/www.meydan.tv\/az\/"},{"@type":"ListItem","position":2,"name":"X\u0259b\u0259rl\u0259r","item":"https:\/\/www.meydan.tv\/az\/section\/xeberler\/"},{"@type":"ListItem","position":3,"name":"T\u0259yinat: Almaniya"}]},{"@type":"WebSite","@id":"https:\/\/www.meydan.tv\/az\/#website","url":"https:\/\/www.meydan.tv\/az\/","name":"MEYDAN.TV","description":"Meydan TV Az\u0259rbaycan\u0131n media m\u0259kan\u0131ndak\u0131 alternativ s\u0259sidir","publisher":{"@id":"https:\/\/www.meydan.tv\/az\/#organization"},"potentialAction":[{"@type":"SearchAction","target":{"@type":"EntryPoint","urlTemplate":"https:\/\/www.meydan.tv\/az\/?s={search_term_string}"},"query-input":{"@type":"PropertyValueSpecification","valueRequired":true,"valueName":"search_term_string"}}],"inLanguage":"az"},{"@type":"Organization","@id":"https:\/\/www.meydan.tv\/az\/#organization","name":"Meydan TV","url":"https:\/\/www.meydan.tv\/az\/","logo":{"@type":"ImageObject","inLanguage":"az","@id":"https:\/\/www.meydan.tv\/az\/#\/schema\/logo\/image\/","url":"https:\/\/www.meydan.tv\/wp-content\/uploads\/2021\/07\/meydan-logo.svg","contentUrl":"https:\/\/www.meydan.tv\/wp-content\/uploads\/2021\/07\/meydan-logo.svg","width":195,"height":46,"caption":"Meydan TV"},"image":{"@id":"https:\/\/www.meydan.tv\/az\/#\/schema\/logo\/image\/"}},{"@type":"Person","@id":"https:\/\/www.meydan.tv\/az\/#\/schema\/person\/10d11eccf6da3662cf5fdab9806ea91a","name":"user-manager"}]}},"_links":{"self":[{"href":"https:\/\/www.meydan.tv\/az\/wp-json\/wp\/v2\/posts\/187112","targetHints":{"allow":["GET"]}}],"collection":[{"href":"https:\/\/www.meydan.tv\/az\/wp-json\/wp\/v2\/posts"}],"about":[{"href":"https:\/\/www.meydan.tv\/az\/wp-json\/wp\/v2\/types\/post"}],"author":[{"embeddable":true,"href":"https:\/\/www.meydan.tv\/az\/wp-json\/wp\/v2\/users\/11"}],"replies":[{"embeddable":true,"href":"https:\/\/www.meydan.tv\/az\/wp-json\/wp\/v2\/comments?post=187112"}],"version-history":[{"count":0,"href":"https:\/\/www.meydan.tv\/az\/wp-json\/wp\/v2\/posts\/187112\/revisions"}],"wp:featuredmedia":[{"embeddable":true,"href":"https:\/\/www.meydan.tv\/az\/wp-json\/wp\/v2\/media\/94289"}],"wp:attachment":[{"href":"https:\/\/www.meydan.tv\/az\/wp-json\/wp\/v2\/media?parent=187112"}],"wp:term":[{"taxonomy":"category","embeddable":true,"href":"https:\/\/www.meydan.tv\/az\/wp-json\/wp\/v2\/categories?post=187112"},{"taxonomy":"post_tag","embeddable":true,"href":"https:\/\/www.meydan.tv\/az\/wp-json\/wp\/v2\/tags?post=187112"}],"curies":[{"name":"wp","href":"https:\/\/api.w.org\/{rel}","templated":true}]}}