{"id":187009,"date":"2017-10-16T14:55:55","date_gmt":"2017-10-16T14:55:55","guid":{"rendered":"https:\/\/www.meydan.tv\/article\/iqtisadiyyat-bohrandan-cixmayib\/"},"modified":"2017-10-16T14:55:55","modified_gmt":"2017-10-16T14:55:55","slug":"iqtisadiyyat-bohrandan-cixmayib","status":"publish","type":"post","link":"https:\/\/www.meydan.tv\/az\/article\/iqtisadiyyat-bohrandan-cixmayib\/","title":{"rendered":"\u0130qtisadiyyat b\u00f6hrandan \u00e7\u0131xmay\u0131b"},"content":{"rendered":"<figure class=\"wp-block-image size-large\">\n  <img decoding=\"async\" src=\"https:\/\/www.meydan.tv\/az\/93943\/\" alt=\"\" class=\"wp-image-93943\"\/><figcaption><\/figcaption><\/figure>\n<figure class=\"wp-block-image size-large\">\n  <img decoding=\"async\" src=\"https:\/\/www.meydan.tv\/az\/93943\/\" alt=\"\" class=\"wp-image-93943\"\/><figcaption><\/figcaption><\/figure>\n<p>\n  <i><br \/>\n    Az\u0259rbaycan iqtisadiyyat\u0131nda t\u0259n\u0259zz\u00fcl davam edir v\u0259 bu, h\u00f6kum\u0259tin v\u0259ziyy\u0259ti yar\u0131mt\u0259dbirl\u0259r vasit\u0259si il\u0259 sabitl\u0259\u015fdirm\u0259y\u0259 \u00e7al\u0131\u015fmas\u0131 il\u0131 ba\u011fl\u0131d\u0131r<br \/>\n  <\/i>\n<\/p>\n<p>\n  \u0130lin son \u00fc\u00e7 r\u00fcb\u00fc g\u00f6st\u0259rdi ki, Az\u0259rbaycan iqtisadiyyat\u0131 h\u0259l\u0259 d\u0259 t\u0259n\u0259zz\u00fcld\u0259n \u00e7\u0131xmay\u0131b. Y\u0259qin ki, bu il, beyn\u0259lxalq maliyy\u0259 t\u0259\u015fkilatlar\u0131n\u0131n proqnozla\u015fd\u0131rd\u0131\u011f\u0131 kimi, 1-1.1% art\u0131mla ba\u015fa \u00e7atacaq. Buna baxmayaraq, \u00fc\u00e7 r\u00fcb\u00fcn iqtisadi g\u00f6st\u0259ricil\u0259ri b\u00fct\u00f6vl\u00fckd\u0259 makroiqtisadi g\u00f6st\u0259ricil\u0259r\u0131n \u0259ks\u0259riyy\u0259ti \u00fczr\u0259 t\u0259n\u0259zz\u00fcl\u00fcn dayanma\u011fa ba\u015flad\u0131\u011f\u0131n\u0131 n\u00fcmayi\u015f etdirir. H\u0259tta son iki ild\u0259 f\u0259lak\u0259tli sur\u0259td\u0259 azalan investisiyalarda, n\u0259hay\u0259t, a\u015fa\u011f\u0131 s\u00fcr\u00fc\u015fm\u0259 dayan\u0131b (art\u0131m tempi 100,1%). \u0130lin \u0259vv\u0259lind\u0259n xarici ticar\u0259t balans\u0131nda m\u00fcsb\u0259t saldo saxlan\u0131l\u0131r v\u0259 burada profisit (m\u0259daxilin m\u0259xaricd\u0259n \u00e7ox olmas\u0131,qal\u0131q) s\u0259kkiz ay \u0259rzind\u0259 $1 mlrd. 992 mln. t\u0259\u015fkil edib. \u0130lin d\u00f6rdd\u0259 \u00fc\u00e7\u00fc \u0259rzind\u0259 strateji valyuta ehtiyatlar\u0131, $ 42 mlrd.-a \u00e7at\u0131b, h\u0259r\u00e7\u0259nd ayd\u0131nd\u0131r ki, bu v\u0259saitin bir hiss\u0259si b\u00fcdc\u0259 v\u0259 iri d\u00f6vl\u0259t \u0259h\u0259miyy\u0259tli layih\u0259l\u0259r\u0259 y\u00f6n\u0259ldil\u0259c\u0259k.\n<\/p>\n<p>\n  Bu bar\u0259d\u0259 prezidentin yax\u0131n vaxtlarda ARDNF-nin b\u00fcdc\u0259sin\u0259 etdiyi d\u0259yi\u015fiklikl\u0259r x\u0259b\u0259r veriri. Qeyri-neft sektorunun 2,6% art\u0131m\u0131, \u0259lb\u0259tt\u0259, yax\u015f\u0131 g\u00f6st\u0259ricidir, lakin qeyd ed\u0259k ki, bu art\u0131m\u0131n 9-10% t\u0259\u015fkil etdiyi ill\u0259r d\u0259 olub. F\u0259q\u0259t bu, \u00f6lk\u0259nin neftd\u0259n as\u0131l\u0131l\u0131\u011f\u0131n\u0131 azaltmay\u0131b, \u00e7\u00fcnki o art\u0131m, \u0259sas\u0259n, artan neft g\u0259lirl\u0259ri fonunda d\u00f6vl\u0259tin infrastruktura y\u00f6n\u0259ltdiyi investisiya v\u0259 \u0259halinin y\u00fcks\u0259l\u0259n g\u0259lirl\u0259ri il\u0259 ba\u011fl\u0131 idi.\n<\/p>\n<p>\n  H\u0259tta statistika manipulyasiyalar\u0131n\u0131n m\u00fcmk\u00fcnl\u00fcy\u00fcn\u00fc istisna ed\u0259r\u0259k, vur\u011fulayaq ki, neft sektorunun \u00dcDM-in formala\u015fmas\u0131nda pay\u0131 artaraq ilin \u0259vv\u0259lind\u0259ki 34,3%-d\u0259n onun ilk \u00fc\u00e7 r\u00fcb\u00fcnd\u0259 37,2%-\u0259 \u00e7at\u0131b. Neftd\u0259n qurtulmaq h\u0259l\u0259lik m\u00fcmk\u00fcn olmur. Biz h\u0259l\u0259 neft-qaz sektorunun ixracdak\u0131 87% pay\u0131 v\u0259 ya onun \u00f6lk\u0259nin b\u00fcdc\u0259sind\u0259ki pay\u0131ndan dan\u0131\u015fm\u0131r\u0131q.\n<\/p>\n<\/p>\n<p>\n  <i><br \/>\n    Ki\u00e7ik sahibkarl\u0131q k\u0259narda qal\u0131b<br \/>\n  <\/i>\n<\/p>\n<p>\n  Bu il iqtisadiyyatda h\u00f6kum\u0259tin ona \u0259saslanaraq f\u0259aliyy\u0259tini qurdu\u011fu bir h\u0259d\u0259fi var idi &#8211; Az\u0259rbaycan\u0131n 2025-ci il\u0259d\u0259k inki\u015faf\u0131n\u0131n Strateji Yol X\u0259rit\u0259si. Az\u0259rbaycan \u0130qtisadi \u0130slahatlar\u0131n T\u0259hlili v\u0259 Kommunikasiya M\u0259rk\u0259zi yar\u0131millik monitorinq bar\u0259d\u0259 hesabat a\u00e7\u0131qlay\u0131b v\u0259 daha be\u015f strateji istiqam\u0259ti qiym\u0259tl\u0259ndirib. M\u0259lum olub ki, Strateji Yol X\u0259rit\u0259sinin \u0259n y\u00fcks\u0259k g\u00f6st\u0259ricisi \u201cYol X\u0259rit\u0259si Perspektivl\u0259ri\u201d \u00fczr\u0259 &#8211; 62% \u0259ld\u0259 edilib, \u0259n a\u015fa\u011f\u0131 g\u00f6st\u0259ricisi is\u0259 ki\u00e7ik v\u0259 orta sahibkarlar\u0131n \u0259mt\u0259\u0259 istehsal\u0131 (ixrac\u0131n yaln\u0131z 3%) v\u0259 telekommunikasiya v\u0259 informasiya texnologiyalar\u0131n\u0131n inki\u015faf\u0131 \u00fczr\u0259 &#8211; h\u0259r ikisind\u0259 27% &#8211; olub.\n<\/p>\n<figure class=\"wp-block-image size-large\">\n  <img decoding=\"async\" src=\"https:\/\/www.meydan.tv\/az\/93949\/\" alt=\"\" class=\"wp-image-93949\"\/><figcaption><\/figcaption><\/figure>\n<p>\n  G\u00f6r\u00fcn\u00fcr, 2004-2014-c\u00fc ill\u0259rd\u0259 he\u00e7 bir ciddi islahatlar\u0131n apar\u0131lmad\u0131\u011f\u0131n\u0131n etiraf edilm\u0259sind\u0259n ba\u015flamaq laz\u0131md\u0131r. H\u00f6kum\u0259t yaln\u0131z b\u00f6hran ba\u015f ver\u0259nd\u0259n sonra mahiyy\u0259tin\u0259 g\u00f6r\u0259 yeni institusional add\u0131mlar atma\u011fa ba\u015flad\u0131.\n<\/p>\n<p>\n  \u0130dar\u0259etm\u0259 sah\u0259sind\u0259 bu, Maliyy\u0259 Bazarlar\u0131na N\u0259zar\u0259t Palatas\u0131n\u0131n t\u0259sis olunmas\u0131, g\u00f6mr\u00fck v\u0259 vergi xidm\u0259tl\u0259rinin islah edilm\u0259si, bir s\u0131ra nazirlikl\u0259rin birl\u0259\u015fdirilm\u0259si, ictimai (publik) h\u00fcquq h\u00fcquqi \u015f\u0259xsl\u0259rinin yarad\u0131lmas\u0131d\u0131r. Bu ild\u0259n etibar\u0259n investisiya t\u0259\u015fviqi v\u0259 ixrac t\u0259\u015fviqi mexanizml\u0259ri i\u015fl\u0259m\u0259y\u0259 ba\u015flam\u0131\u015fd\u0131r. H\u00f6kum\u0259t yeni v\u0259ziyy\u0259tl\u0259r\u0259 daha c\u0259ld reaksiya g\u00f6st\u0259rm\u0259y\u0259 ba\u015flay\u0131b. Bank sektorundak\u0131 b\u00f6hran g\u00f6st\u0259rdi ki, \u0259man\u0259t\u00e7i \u018fman\u0259tl\u0259rin S\u0131\u011fortalanmas\u0131 Fondu t\u0259r\u0259find\u0259n kifay\u0259t q\u0259d\u0259r qorunur. N\u0259hay\u0259t, h\u00f6kum\u0259t kreditorlar\u0131n qorunmas\u0131 \u00fczr\u0259 n\u00f6vb\u0259ti m\u0259nt\u0131qi add\u0131m\u0131 atd\u0131. Az\u0259rbaycan\u0131n Kredit Z\u0259man\u0259t Fondu yarad\u0131l\u0131r.\n<\/p>\n<\/p>\n<p>\n  <i><br \/>\n    \u0130nflyasiya g\u0259lirl\u0259ri \u201cyeyir\u201d<br \/>\n  <\/i>\n<\/p>\n<p>\n  \u018fn b\u00f6y\u00fck cari problem \u00f6lk\u0259d\u0259 inflyasiyan\u0131n y\u00fcks\u0259k olmas\u0131d\u0131r. Bunun ziyan\u0131 t\u0259kc\u0259 \u0259halinin sosial v\u0259ziyy\u0259tinin pisl\u0259\u015fm\u0259si il\u0259 m\u0259hdudla\u015fm\u0131r. \u018fhalinin malik oldu\u011fu g\u0259lirl\u0259r s\u0259kkiz ayda 7,4% oldu\u011fu halda inflyasiya 14% idi, y\u0259ni o, \u0259halinin, dem\u0259k olar ki, b\u00fct\u00fcn yeni g\u0259lirl\u0259rini \u201cyeyir\u201d.\n<\/p>\n<p>\n  \u00dc\u00e7 b\u00f6hranl\u0131 ild\u0259 \u0259halinin ya\u015fay\u0131\u015f s\u0259viyy\u0259si iki d\u0259f\u0259 a\u015fa\u011f\u0131 d\u00fc\u015f\u00fcb.\n<\/p>\n<p>\n  \u0130nflyasiya h\u0259m d\u0259 banklar\u0131n faiz d\u0259r\u0259c\u0259l\u0259rin\u0259 v\u0259 bunun vasit\u0259sil\u0259 biznes\u0259 d\u0259 m\u0259nfi t\u0259sir g\u00f6st\u0259rir. \u0130nflyasiyan\u0131 cilovlama\u011fa \u00e7al\u0131\u015faraq, AMB iqtisadiyyatda pul t\u0259klifini m\u0259hdudla\u015fd\u0131r\u0131r, bu is\u0259 iqtisadi v\u0259ziyy\u0259ti daha da a\u011f\u0131rla\u015fd\u0131r\u0131r.\n<\/p>\n<figure class=\"wp-block-image size-large\">\n  <img decoding=\"async\" src=\"https:\/\/www.meydan.tv\/az\/93955\/\" alt=\"\" class=\"wp-image-93955\"\/><figcaption><\/figcaption><\/figure>\n<p>\n  Neft\u0259 olan qiym\u0259tl\u0259r kifay\u0259t q\u0259d\u0259r rahat idi. Odur ki, iqtisadiyyat\u0131n n\u0259 \u00fc\u00e7\u00fcn art\u0131ma nail ola bilm\u0259diyi haqda sual\u0131n cavab\u0131n\u0131 c\u0259miyy\u0259td\u0259ki iqtisadi m\u00fcnasib\u0259tl\u0259r sah\u0259sind\u0259 axtarmaq laz\u0131md\u0131r. \u0130qtisadiyyat\u0131n ir\u0259li s\u0131\u00e7ray\u0131\u015f etm\u0259si \u00fc\u00e7\u00fcn \u00f6lk\u0259d\u0259 iqtisadi m\u00fcnasib\u0259tl\u0259rin b\u00fct\u00fcn sistemin\u0259 yenid\u0259n baxmaq &#8211; korrupsiyaya, inhisar\u00e7\u0131l\u0131\u011fa, insafs\u0131z r\u0259qab\u0259t\u0259 qar\u015f\u0131 q\u0259ti m\u00fcbariz\u0259 aparmaq &#8211; laz\u0131md\u0131r. H\u0259tta tipik olmayan, dem\u0259k olar ki, g\u00fcnd\u0259lik hadis\u0259l\u0259rd\u0259 bel\u0259 h\u00f6kum\u0259t qanunun aliliyini, x\u00fcsusi m\u00fclkiyy\u0259tin qorunmas\u0131n\u0131 t\u0259min ed\u0259 bilmir v\u0259 eyni zamanda, xarici investorlar\u0131n \u00f6lk\u0259y\u0259 g\u0259l\u0259c\u0259yin\u0259 \u00fcmid b\u0259sl\u0259m\u0259kd\u0259 davam edir. M\u0259i\u015f\u0259t korrupsiyas\u0131 azal\u0131b, f\u0259q\u0259t dig\u0259r s\u0259viyy\u0259l\u0259rd\u0259 is\u0259 korrupsiya k\u0259skin art\u0131b.\n<\/p>\n<\/p>\n<p>\n  <i><br \/>\n    \u0130qtisadiyyat ABB v\u0259 MTN sindromunun girovu olub<br \/>\n  <\/i>\n<\/p>\n<p>\n  \u0130qtisadiyyat Az\u0259rbaycan Beyn\u0259lxalq Bank\u0131nda (ABB) a\u011flas\u0131\u011fmaz s\u0259viyy\u0259d\u0259 o\u011furluq, ke\u00e7mi\u015f Milli T\u0259hl\u00fck\u0259sizlik Nazirliyi v\u0259 Rabit\u0259 Nazirliyind\u0259, y\u0259ni iqtisadiyyat\u0131n \u0259sas sah\u0259l\u0259rind\u0259 reket v\u0259 korrupsiya kimi iqtisadi sars\u0131nt\u0131lar\u0131n n\u0259tic\u0259l\u0259rind\u0259n h\u0259l\u0259 d\u0259 xilas ola bilmir. Faktiki olaraq, s\u00f6z idar\u0259etm\u0259d\u0259 sistem nasazl\u0131\u011f\u0131ndan gedir, ona g\u00f6r\u0259 d\u0259 bu t\u0259\u015fkilat v\u0259 nazirlikl\u0259rin n\u0259zar\u0259t strukturlar\u0131n\u0131n diqq\u0259tind\u0259n nec\u0259 k\u0259narda qald\u0131\u011f\u0131 ayd\u0131n deyil.\n<\/p>\n<p>\n  Bunun n\u0259tic\u0259l\u0259ri &#8211; h\u00f6kum\u0259tin \u00f6lk\u0259nin M\u0259rk\u0259zi Bank\u0131 qar\u015f\u0131s\u0131nda \u00f6hd\u0259likl\u0259rinin artmas\u0131ndan tutmu\u015f bu yax\u0131nlarda ABB-nin kreditorlara borclar\u0131n\u0131n yenid\u0259n strukturla\u015fd\u0131r\u0131lmas\u0131na (bu, \u00f6lk\u0259nin xarici borcu h\u0259cminin \u0259h\u0259miyy\u0259tli d\u0259r\u0259c\u0259d\u0259 art\u0131racaq) q\u0259d\u0259r &#8211; uzun m\u00fcdd\u0259t hiss olunacaq.\n<\/p>\n<figure class=\"wp-block-image size-large\">\n  <img decoding=\"async\" src=\"https:\/\/www.meydan.tv\/az\/93952\/\" alt=\"\" class=\"wp-image-93952\"\/><figcaption><\/figcaption><\/figure>\n<p>\n  Korrupsiyan\u0131 cilovlama\u011fa \u00e7al\u0131\u015faraq h\u00f6kum\u0259t na\u011fd pul d\u00f6vriyy\u0259sinin azald\u0131lmas\u0131 \u00fczr\u0259 m\u00fch\u00fcm add\u0131mlar at\u0131b. O, qeyri-r\u0259smi m\u0259\u015f\u011fulluq \u00fcz\u0259rind\u0259 n\u0259zar\u0259tin g\u00fccl\u0259ndirilm\u0259si hesab\u0131na gizli iqtisadiyyat\u0131n miqyas\u0131n\u0131 azaltma\u011fa \u00e7al\u0131\u015f\u0131r. Bundan sonra n\u00f6vb\u0259ti add\u0131m\u0131n &#8211; m\u0259murlar\u0131n g\u0259lirl\u0259rinin r\u0259sm\u0259n b\u0259yan edilm\u0259si t\u0259tbiqinin &#8211; at\u0131laca\u011f\u0131 m\u0259ntiqi t\u0259dbir olard\u0131. Amma burada d\u00fcz on ildir ki, he\u00e7 bir \u015fey ba\u015f vermir. G\u0259lirl\u0259rin b\u0259yan edilm\u0259si haqq\u0131nda q\u0259rar\u0131n qar\u015f\u0131s\u0131 al\u0131n\u0131r. G\u00f6r\u00fcn\u00fcr, h\u00f6kum\u0259t prezident se\u00e7kil\u0259ri \u0259r\u0259f\u0259sind\u0259 b\u00fcrokratiyan\u0131n loyall\u0131\u011f\u0131n\u0131 itirm\u0259kd\u0259n qorxdu\u011fu \u00fc\u00e7\u00fcn buna g\u00f6z yumur.\n<\/p>\n<\/p>\n<p>\n  <i><br \/>\n    F\u0259lak\u0259tli inhisar\u00e7\u0131l\u0131q<br \/>\n  <\/i>\n<\/p>\n<p>\n  \u0130nhisar\u00e7\u0131l\u0131q iqtisadiyyata \u00e7ox z\u0259r\u0259rli t\u0259sir g\u00f6st\u0259rir. K\u0259nd t\u0259s\u0259rr\u00fcfat\u0131 iqtisadi siyas\u0259tin diqq\u0259t m\u0259rk\u0259zind\u0259dir. D\u00f6vl\u0259t onun inki\u015faf\u0131 \u00fc\u00e7\u00fcn b\u00fct\u00fcn m\u00fcmk\u00fcn yard\u0131m\u0131 g\u00f6st\u0259rir, Az\u0259rbaycan\u0131n aqrar m\u0259hsullar\u0131n\u0131n ixrac\u0131 art\u0131b. Lakin \u00dcDM-in ilk doqquz ay \u0259rzind\u0259 art\u0131m\u0131 g\u00f6zl\u0259nildiyind\u0259n az oldu &#8211; 2.6%. Burada art\u0131ma nail olmaq c\u0259hdl\u0259ri kifay\u0259t q\u0259d\u0259r xaotikdir: m\u0259s\u0259l\u0259n, pamb\u0131q istehsal\u0131na \u0259saslanman\u0131n k\u0259skin sur\u0259td\u0259 artmas\u0131 dig\u0259r bitkil\u0259r \u00fc\u00e7\u00fcn n\u0259z\u0259rd\u0259 tutulmu\u015f \u0259kin sah\u0259l\u0259rini v\u0259 mal-qara \u00fc\u00e7\u00fcn ayr\u0131lan otlaqlar\u0131 art\u0131q azald\u0131r. Fermer t\u0259s\u0259rr\u00fcfatlar\u0131n\u0131n inki\u015faf\u0131 praktik olaraq dayand\u0131r\u0131l\u0131b.\n<\/p>\n<\/p>\n<p>\n  <i><br \/>\n    \u0130nvestoru tovlamaq m\u00fcmk\u00fcn deyil<br \/>\n  <\/i>\n<\/p>\n<p>\n  Normal r\u0259qab\u0259tin olmad\u0131\u011f\u0131 bir \u00f6lk\u0259y\u0259 he\u00e7 bir investoru tovlay\u0131b c\u0259lb etm\u0259k m\u00fcmk\u00fcn deyil. Be\u015f il \u00e7\u0259k\u0259n fasil\u0259d\u0259n sonra h\u00f6kum\u0259t yenid\u0259n R\u0259qab\u0259t M\u0259c\u0259ll\u0259sinin q\u0259bul edilm\u0259sinin z\u0259ruri oldu\u011funu ba\u015fa d\u00fc\u015f\u00fcb. Bu, m\u00fcxt\u0259lif sah\u0259l\u0259r &#8211; energetika, rabit\u0259 v\u0259 s. &#8211; \u00fc\u00e7\u00fcn m\u00fcst\u0259qil t\u0259nziml\u0259yicil\u0259r\u0259 d\u0259 aidir.\n<\/p>\n<p>\n  G\u0259l\u0259c\u0259k iki ild\u0259 iqtisadiyyat\u0131n inki\u015faf perspektivl\u0259ri \u00e7ox yax\u015f\u0131d\u0131r. D\u00fczd\u00fcr, daha b\u00f6y\u00fck bir art\u0131m olmayacaq. M\u0259s\u0259l\u0259n, adamba\u015f\u0131na d\u00fc\u015f\u0259n \u00dcDM-in $8,050 h\u0259cmind\u0259 \u0259n b\u00f6y\u00fck g\u00f6st\u0259ricisi 2014-c\u00fc ilin sonunda qeyd\u0259 al\u0131n\u0131b. Halbuki, BVF-nin proqnozlar\u0131na g\u00f6r\u0259, h\u0259tta 2022-ci ild\u0259 adamba\u015f\u0131na d\u00fc\u015f\u0259n \u00dcDM yaln\u0131z $5,840 t\u0259\u015fkil ed\u0259c\u0259k.\n<\/p>\n<\/p>\n<p>\n  <i><br \/>\n    Yenid\u0259n x\u0259yallara qap\u0131lmaq olmaz<br \/>\n  <\/i>\n<\/p>\n<p>\n  Yenic\u0259 A\u00c7G \u00fczr\u0259 konsorsiumun f\u0259aliyy\u0259tinin 2050-ci il\u0259 q\u0259d\u0259r uzad\u0131lmas\u0131 bar\u0259d\u0259 m\u00fcqavil\u0259 imzalan\u0131b, g\u0259l\u0259n il \u201c\u015eahd\u0259niz-2\u201dd\u0259n C\u0259nub Qaz D\u0259hlizi il\u0259 qaz\u0131n ilk g\u00f6nd\u0259ri\u015fl\u0259ri ba\u015flayacaq, oktyabr\u0131n sonunda Bak\u0131-Tiflis-Qars d\u0259mir yolu isitsmara verilir. Buraya yeni s\u0259naye m\u00fc\u0259ssis\u0259l\u0259rinin i\u015fini, d\u00f6vl\u0259tin yaratd\u0131\u011f\u0131 s\u0259naye v\u0259 agrar zonalar\u0131n f\u0259alla\u015fd\u0131r\u0131lmas\u0131 \u0259lav\u0259 edilm\u0259lidir. Amma neft g\u0259lirl\u0259rinin artaca\u011f\u0131 il\u0259 ba\u011fl\u0131 x\u0259yallara bir daha qap\u0131lmaq olmaz.\n<\/p>\n<p>\n  Dekabr ay\u0131nda, \u00e7ox ehtimal, AB\u015e Federal Ehtiyatlar Xidm\u0259ti yenid\u0259n u\u00e7ot d\u0259r\u0259c\u0259sini art\u0131racaq, bunun ard\u0131nca is\u0259 neft\u0259 olan qiym\u0259tl\u0259r a\u015fa\u011f\u0131 d\u00fc\u015f\u0259c\u0259k. D\u00fcnya iqtisadiyyat\u0131n\u0131n artma\u011fa ba\u015flad\u0131\u011f\u0131na baxmayaraq neft\u0259 olan t\u0259l\u0259bat a\u015fa\u011f\u0131 olaraq qal\u0131r v\u0259 t\u0259sad\u00fcfi deyil ki, OPEC AB\u015e h\u00f6kum\u0259tind\u0259n neft hasilat\u0131n\u0131 azaltma\u011f\u0131 xahi\u015f edib. Q\u0259rbin k\u0259miyy\u0259t y\u00fcng\u00fcll\u0259\u015fdirilm\u0259si siyas\u0259tind\u0259n imtina etm\u0259si xarici borclar\u0131 bahala\u015fd\u0131racaq.<\/p>\n","protected":false},"excerpt":{"rendered":"<p>Az\u0259rbaycan iqtisadiyyat\u0131nda t\u0259n\u0259zz\u00fcl davam edir v\u0259 bu, h\u00f6kum\u0259tin v\u0259ziyy\u0259ti yar\u0131mt\u0259dbirl\u0259r vasit\u0259si il\u0259 sabitl\u0259\u015fdirm\u0259y\u0259 \u00e7al\u0131\u015fmas\u0131 il\u0131 ba\u011fl\u0131d\u0131r<\/p>\n","protected":false},"author":11,"featured_media":93943,"comment_status":"closed","ping_status":"open","sticky":false,"template":"","format":"standard","meta":{"_acf_changed":false,"_sitemap_exclude":false,"_sitemap_priority":"","_sitemap_frequency":"","footnotes":""},"categories":[51],"tags":[],"class_list":["post-187009","post","type-post","status-publish","format-standard","has-post-thumbnail","hentry","category-analitika","infinite-scroll-item","generate-columns","tablet-grid-50","mobile-grid-100","grid-parent","grid-33","no-featured-image-padding"],"acf":[],"yoast_head":"<!-- This site is optimized with the Yoast SEO plugin v27.4 - https:\/\/yoast.com\/product\/yoast-seo-wordpress\/ -->\n<title>\u0130qtisadiyyat b\u00f6hrandan \u00e7\u0131xmay\u0131b - MEYDAN.TV<\/title>\n<meta name=\"robots\" content=\"index, follow, max-snippet:-1, max-image-preview:large, max-video-preview:-1\" \/>\n<link rel=\"canonical\" href=\"https:\/\/www.meydan.tv\/az\/article\/iqtisadiyyat-bohrandan-cixmayib\/\" \/>\n<meta property=\"og:locale\" content=\"az_AZ\" \/>\n<meta property=\"og:type\" content=\"article\" \/>\n<meta property=\"og:title\" content=\"\u0130qtisadiyyat b\u00f6hrandan \u00e7\u0131xmay\u0131b - MEYDAN.TV\" \/>\n<meta property=\"og:description\" content=\"Az\u0259rbaycan iqtisadiyyat\u0131nda t\u0259n\u0259zz\u00fcl davam edir v\u0259 bu, h\u00f6kum\u0259tin v\u0259ziyy\u0259ti yar\u0131mt\u0259dbirl\u0259r vasit\u0259si il\u0259 sabitl\u0259\u015fdirm\u0259y\u0259 \u00e7al\u0131\u015fmas\u0131 il\u0131 ba\u011fl\u0131d\u0131r\" \/>\n<meta property=\"og:url\" content=\"https:\/\/www.meydan.tv\/az\/article\/iqtisadiyyat-bohrandan-cixmayib\/\" \/>\n<meta property=\"og:site_name\" content=\"MEYDAN.TV\" \/>\n<meta property=\"article:published_time\" content=\"2017-10-16T14:55:55+00:00\" \/>\n<meta property=\"og:image\" content=\"https:\/\/www.meydan.tv\/wp-content\/uploads\/37089.jpg\" \/>\n\t<meta property=\"og:image:width\" content=\"654\" \/>\n\t<meta property=\"og:image:height\" content=\"327\" \/>\n\t<meta property=\"og:image:type\" content=\"image\/jpeg\" \/>\n<meta name=\"author\" content=\"user-manager\" \/>\n<meta name=\"twitter:card\" content=\"summary_large_image\" \/>\n<script type=\"application\/ld+json\" class=\"yoast-schema-graph\">{\"@context\":\"https:\\\/\\\/schema.org\",\"@graph\":[{\"@type\":\"Article\",\"@id\":\"https:\\\/\\\/www.meydan.tv\\\/az\\\/article\\\/iqtisadiyyat-bohrandan-cixmayib\\\/#article\",\"isPartOf\":{\"@id\":\"https:\\\/\\\/www.meydan.tv\\\/az\\\/article\\\/iqtisadiyyat-bohrandan-cixmayib\\\/\"},\"author\":{\"name\":\"user-manager\",\"@id\":\"https:\\\/\\\/www.meydan.tv\\\/az\\\/#\\\/schema\\\/person\\\/10d11eccf6da3662cf5fdab9806ea91a\"},\"headline\":\"\u0130qtisadiyyat b\u00f6hrandan \u00e7\u0131xmay\u0131b\",\"datePublished\":\"2017-10-16T14:55:55+00:00\",\"mainEntityOfPage\":{\"@id\":\"https:\\\/\\\/www.meydan.tv\\\/az\\\/article\\\/iqtisadiyyat-bohrandan-cixmayib\\\/\"},\"wordCount\":1821,\"publisher\":{\"@id\":\"https:\\\/\\\/www.meydan.tv\\\/az\\\/#organization\"},\"image\":{\"@id\":\"https:\\\/\\\/www.meydan.tv\\\/az\\\/article\\\/iqtisadiyyat-bohrandan-cixmayib\\\/#primaryimage\"},\"thumbnailUrl\":\"https:\\\/\\\/www.meydan.tv\\\/wp-content\\\/uploads\\\/37089.jpg\",\"articleSection\":[\"Analitika\"],\"inLanguage\":\"az\"},{\"@type\":\"WebPage\",\"@id\":\"https:\\\/\\\/www.meydan.tv\\\/az\\\/article\\\/iqtisadiyyat-bohrandan-cixmayib\\\/\",\"url\":\"https:\\\/\\\/www.meydan.tv\\\/az\\\/article\\\/iqtisadiyyat-bohrandan-cixmayib\\\/\",\"name\":\"\u0130qtisadiyyat b\u00f6hrandan \u00e7\u0131xmay\u0131b - MEYDAN.TV\",\"isPartOf\":{\"@id\":\"https:\\\/\\\/www.meydan.tv\\\/az\\\/#website\"},\"primaryImageOfPage\":{\"@id\":\"https:\\\/\\\/www.meydan.tv\\\/az\\\/article\\\/iqtisadiyyat-bohrandan-cixmayib\\\/#primaryimage\"},\"image\":{\"@id\":\"https:\\\/\\\/www.meydan.tv\\\/az\\\/article\\\/iqtisadiyyat-bohrandan-cixmayib\\\/#primaryimage\"},\"thumbnailUrl\":\"https:\\\/\\\/www.meydan.tv\\\/wp-content\\\/uploads\\\/37089.jpg\",\"datePublished\":\"2017-10-16T14:55:55+00:00\",\"breadcrumb\":{\"@id\":\"https:\\\/\\\/www.meydan.tv\\\/az\\\/article\\\/iqtisadiyyat-bohrandan-cixmayib\\\/#breadcrumb\"},\"inLanguage\":\"az\",\"potentialAction\":[{\"@type\":\"ReadAction\",\"target\":[\"https:\\\/\\\/www.meydan.tv\\\/az\\\/article\\\/iqtisadiyyat-bohrandan-cixmayib\\\/\"]}]},{\"@type\":\"ImageObject\",\"inLanguage\":\"az\",\"@id\":\"https:\\\/\\\/www.meydan.tv\\\/az\\\/article\\\/iqtisadiyyat-bohrandan-cixmayib\\\/#primaryimage\",\"url\":\"https:\\\/\\\/www.meydan.tv\\\/wp-content\\\/uploads\\\/37089.jpg\",\"contentUrl\":\"https:\\\/\\\/www.meydan.tv\\\/wp-content\\\/uploads\\\/37089.jpg\",\"width\":654,\"height\":327,\"caption\":\"Source:\"},{\"@type\":\"BreadcrumbList\",\"@id\":\"https:\\\/\\\/www.meydan.tv\\\/az\\\/article\\\/iqtisadiyyat-bohrandan-cixmayib\\\/#breadcrumb\",\"itemListElement\":[{\"@type\":\"ListItem\",\"position\":1,\"name\":\"Ana s\u0259hif\u0259\",\"item\":\"https:\\\/\\\/www.meydan.tv\\\/az\\\/\"},{\"@type\":\"ListItem\",\"position\":2,\"name\":\"Analitika\",\"item\":\"https:\\\/\\\/www.meydan.tv\\\/az\\\/section\\\/analitika\\\/\"},{\"@type\":\"ListItem\",\"position\":3,\"name\":\"\u0130qtisadiyyat b\u00f6hrandan \u00e7\u0131xmay\u0131b\"}]},{\"@type\":\"WebSite\",\"@id\":\"https:\\\/\\\/www.meydan.tv\\\/az\\\/#website\",\"url\":\"https:\\\/\\\/www.meydan.tv\\\/az\\\/\",\"name\":\"MEYDAN.TV\",\"description\":\"Meydan TV Az\u0259rbaycan\u0131n media m\u0259kan\u0131ndak\u0131 alternativ s\u0259sidir\",\"publisher\":{\"@id\":\"https:\\\/\\\/www.meydan.tv\\\/az\\\/#organization\"},\"potentialAction\":[{\"@type\":\"SearchAction\",\"target\":{\"@type\":\"EntryPoint\",\"urlTemplate\":\"https:\\\/\\\/www.meydan.tv\\\/az\\\/?s={search_term_string}\"},\"query-input\":{\"@type\":\"PropertyValueSpecification\",\"valueRequired\":true,\"valueName\":\"search_term_string\"}}],\"inLanguage\":\"az\"},{\"@type\":\"Organization\",\"@id\":\"https:\\\/\\\/www.meydan.tv\\\/az\\\/#organization\",\"name\":\"Meydan TV\",\"url\":\"https:\\\/\\\/www.meydan.tv\\\/az\\\/\",\"logo\":{\"@type\":\"ImageObject\",\"inLanguage\":\"az\",\"@id\":\"https:\\\/\\\/www.meydan.tv\\\/az\\\/#\\\/schema\\\/logo\\\/image\\\/\",\"url\":\"https:\\\/\\\/www.meydan.tv\\\/wp-content\\\/uploads\\\/2021\\\/07\\\/meydan-logo.svg\",\"contentUrl\":\"https:\\\/\\\/www.meydan.tv\\\/wp-content\\\/uploads\\\/2021\\\/07\\\/meydan-logo.svg\",\"width\":195,\"height\":46,\"caption\":\"Meydan TV\"},\"image\":{\"@id\":\"https:\\\/\\\/www.meydan.tv\\\/az\\\/#\\\/schema\\\/logo\\\/image\\\/\"}},{\"@type\":\"Person\",\"@id\":\"https:\\\/\\\/www.meydan.tv\\\/az\\\/#\\\/schema\\\/person\\\/10d11eccf6da3662cf5fdab9806ea91a\",\"name\":\"user-manager\"}]}<\/script>\n<!-- \/ Yoast SEO plugin. -->","yoast_head_json":{"title":"\u0130qtisadiyyat b\u00f6hrandan \u00e7\u0131xmay\u0131b - MEYDAN.TV","robots":{"index":"index","follow":"follow","max-snippet":"max-snippet:-1","max-image-preview":"max-image-preview:large","max-video-preview":"max-video-preview:-1"},"canonical":"https:\/\/www.meydan.tv\/az\/article\/iqtisadiyyat-bohrandan-cixmayib\/","og_locale":"az_AZ","og_type":"article","og_title":"\u0130qtisadiyyat b\u00f6hrandan \u00e7\u0131xmay\u0131b - MEYDAN.TV","og_description":"Az\u0259rbaycan iqtisadiyyat\u0131nda t\u0259n\u0259zz\u00fcl davam edir v\u0259 bu, h\u00f6kum\u0259tin v\u0259ziyy\u0259ti yar\u0131mt\u0259dbirl\u0259r vasit\u0259si il\u0259 sabitl\u0259\u015fdirm\u0259y\u0259 \u00e7al\u0131\u015fmas\u0131 il\u0131 ba\u011fl\u0131d\u0131r","og_url":"https:\/\/www.meydan.tv\/az\/article\/iqtisadiyyat-bohrandan-cixmayib\/","og_site_name":"MEYDAN.TV","article_published_time":"2017-10-16T14:55:55+00:00","og_image":[{"width":654,"height":327,"url":"https:\/\/www.meydan.tv\/wp-content\/uploads\/37089.jpg","type":"image\/jpeg"}],"author":"user-manager","twitter_card":"summary_large_image","schema":{"@context":"https:\/\/schema.org","@graph":[{"@type":"Article","@id":"https:\/\/www.meydan.tv\/az\/article\/iqtisadiyyat-bohrandan-cixmayib\/#article","isPartOf":{"@id":"https:\/\/www.meydan.tv\/az\/article\/iqtisadiyyat-bohrandan-cixmayib\/"},"author":{"name":"user-manager","@id":"https:\/\/www.meydan.tv\/az\/#\/schema\/person\/10d11eccf6da3662cf5fdab9806ea91a"},"headline":"\u0130qtisadiyyat b\u00f6hrandan \u00e7\u0131xmay\u0131b","datePublished":"2017-10-16T14:55:55+00:00","mainEntityOfPage":{"@id":"https:\/\/www.meydan.tv\/az\/article\/iqtisadiyyat-bohrandan-cixmayib\/"},"wordCount":1821,"publisher":{"@id":"https:\/\/www.meydan.tv\/az\/#organization"},"image":{"@id":"https:\/\/www.meydan.tv\/az\/article\/iqtisadiyyat-bohrandan-cixmayib\/#primaryimage"},"thumbnailUrl":"https:\/\/www.meydan.tv\/wp-content\/uploads\/37089.jpg","articleSection":["Analitika"],"inLanguage":"az"},{"@type":"WebPage","@id":"https:\/\/www.meydan.tv\/az\/article\/iqtisadiyyat-bohrandan-cixmayib\/","url":"https:\/\/www.meydan.tv\/az\/article\/iqtisadiyyat-bohrandan-cixmayib\/","name":"\u0130qtisadiyyat b\u00f6hrandan \u00e7\u0131xmay\u0131b - MEYDAN.TV","isPartOf":{"@id":"https:\/\/www.meydan.tv\/az\/#website"},"primaryImageOfPage":{"@id":"https:\/\/www.meydan.tv\/az\/article\/iqtisadiyyat-bohrandan-cixmayib\/#primaryimage"},"image":{"@id":"https:\/\/www.meydan.tv\/az\/article\/iqtisadiyyat-bohrandan-cixmayib\/#primaryimage"},"thumbnailUrl":"https:\/\/www.meydan.tv\/wp-content\/uploads\/37089.jpg","datePublished":"2017-10-16T14:55:55+00:00","breadcrumb":{"@id":"https:\/\/www.meydan.tv\/az\/article\/iqtisadiyyat-bohrandan-cixmayib\/#breadcrumb"},"inLanguage":"az","potentialAction":[{"@type":"ReadAction","target":["https:\/\/www.meydan.tv\/az\/article\/iqtisadiyyat-bohrandan-cixmayib\/"]}]},{"@type":"ImageObject","inLanguage":"az","@id":"https:\/\/www.meydan.tv\/az\/article\/iqtisadiyyat-bohrandan-cixmayib\/#primaryimage","url":"https:\/\/www.meydan.tv\/wp-content\/uploads\/37089.jpg","contentUrl":"https:\/\/www.meydan.tv\/wp-content\/uploads\/37089.jpg","width":654,"height":327,"caption":"Source:"},{"@type":"BreadcrumbList","@id":"https:\/\/www.meydan.tv\/az\/article\/iqtisadiyyat-bohrandan-cixmayib\/#breadcrumb","itemListElement":[{"@type":"ListItem","position":1,"name":"Ana s\u0259hif\u0259","item":"https:\/\/www.meydan.tv\/az\/"},{"@type":"ListItem","position":2,"name":"Analitika","item":"https:\/\/www.meydan.tv\/az\/section\/analitika\/"},{"@type":"ListItem","position":3,"name":"\u0130qtisadiyyat b\u00f6hrandan \u00e7\u0131xmay\u0131b"}]},{"@type":"WebSite","@id":"https:\/\/www.meydan.tv\/az\/#website","url":"https:\/\/www.meydan.tv\/az\/","name":"MEYDAN.TV","description":"Meydan TV Az\u0259rbaycan\u0131n media m\u0259kan\u0131ndak\u0131 alternativ s\u0259sidir","publisher":{"@id":"https:\/\/www.meydan.tv\/az\/#organization"},"potentialAction":[{"@type":"SearchAction","target":{"@type":"EntryPoint","urlTemplate":"https:\/\/www.meydan.tv\/az\/?s={search_term_string}"},"query-input":{"@type":"PropertyValueSpecification","valueRequired":true,"valueName":"search_term_string"}}],"inLanguage":"az"},{"@type":"Organization","@id":"https:\/\/www.meydan.tv\/az\/#organization","name":"Meydan TV","url":"https:\/\/www.meydan.tv\/az\/","logo":{"@type":"ImageObject","inLanguage":"az","@id":"https:\/\/www.meydan.tv\/az\/#\/schema\/logo\/image\/","url":"https:\/\/www.meydan.tv\/wp-content\/uploads\/2021\/07\/meydan-logo.svg","contentUrl":"https:\/\/www.meydan.tv\/wp-content\/uploads\/2021\/07\/meydan-logo.svg","width":195,"height":46,"caption":"Meydan TV"},"image":{"@id":"https:\/\/www.meydan.tv\/az\/#\/schema\/logo\/image\/"}},{"@type":"Person","@id":"https:\/\/www.meydan.tv\/az\/#\/schema\/person\/10d11eccf6da3662cf5fdab9806ea91a","name":"user-manager"}]}},"_links":{"self":[{"href":"https:\/\/www.meydan.tv\/az\/wp-json\/wp\/v2\/posts\/187009","targetHints":{"allow":["GET"]}}],"collection":[{"href":"https:\/\/www.meydan.tv\/az\/wp-json\/wp\/v2\/posts"}],"about":[{"href":"https:\/\/www.meydan.tv\/az\/wp-json\/wp\/v2\/types\/post"}],"author":[{"embeddable":true,"href":"https:\/\/www.meydan.tv\/az\/wp-json\/wp\/v2\/users\/11"}],"replies":[{"embeddable":true,"href":"https:\/\/www.meydan.tv\/az\/wp-json\/wp\/v2\/comments?post=187009"}],"version-history":[{"count":0,"href":"https:\/\/www.meydan.tv\/az\/wp-json\/wp\/v2\/posts\/187009\/revisions"}],"wp:featuredmedia":[{"embeddable":true,"href":"https:\/\/www.meydan.tv\/az\/wp-json\/wp\/v2\/media\/93943"}],"wp:attachment":[{"href":"https:\/\/www.meydan.tv\/az\/wp-json\/wp\/v2\/media?parent=187009"}],"wp:term":[{"taxonomy":"category","embeddable":true,"href":"https:\/\/www.meydan.tv\/az\/wp-json\/wp\/v2\/categories?post=187009"},{"taxonomy":"post_tag","embeddable":true,"href":"https:\/\/www.meydan.tv\/az\/wp-json\/wp\/v2\/tags?post=187009"}],"curies":[{"name":"wp","href":"https:\/\/api.w.org\/{rel}","templated":true}]}}