{"id":187007,"date":"2017-10-16T13:37:07","date_gmt":"2017-10-16T13:37:07","guid":{"rendered":"https:\/\/www.meydan.tv\/article\/erestun-oruclu-azerbaycan-faktiki-bermud-ucbucagina-dusur\/"},"modified":"2017-10-16T13:37:07","modified_gmt":"2017-10-16T13:37:07","slug":"erestun-oruclu-azerbaycan-faktiki-bermud-ucbucagina-dusur","status":"publish","type":"post","link":"https:\/\/www.meydan.tv\/az\/article\/erestun-oruclu-azerbaycan-faktiki-bermud-ucbucagina-dusur\/","title":{"rendered":"\u018fr\u0259stun Oruclu: Az\u0259rbaycan faktiki &#8221;Bermud \u00fc\u00e7buca\u011f\u0131&#8221;na d\u00fc\u015f\u00fcr"},"content":{"rendered":"<figure class=\"wp-block-image size-large\">\n  <img decoding=\"async\" src=\"https:\/\/www.meydan.tv\/az\/93925\/\" alt=\"\" class=\"wp-image-93925\"\/><figcaption><\/figcaption><\/figure>\n<p>\n  <i><br \/>\n    &#8221;R\u0259smi Bak\u0131n\u0131n Avropada \u00f6z\u00fcn\u0259 himay\u0259\u00e7i axtarmas\u0131 m\u0259nas\u0131zd\u0131r&#8221;<br \/>\n  <\/i>\n<\/p>\n<p>\n  Amerika prezidenti Donald Tramp\u0131n oktyabr\u0131n 13-d\u0259 \u0130ran \u0130slam Respublikas\u0131n\u0131 N\u00fcv\u0259 Sazi\u015fin\u0259 \u0259m\u0259l etm\u0259m\u0259kd\u0259, ballistik raket proqram\u0131n\u0131 inki\u015faf etdirm\u0259kd\u0259 v\u0259 ekstremizmi d\u0259st\u0259kl\u0259m\u0259kd\u0259 ittiham\u0131 d\u00fcnya siyas\u0259tinin g\u00fcnd\u0259mind\u0259dir.\n<\/p>\n<p>\n  X\u00fcsusil\u0259 AB\u015e prezidentinin \u0130ran\u0131 2 il \u0259vv\u0259l imzalad\u0131\u011f\u0131 m\u00fcqavil\u0259ni l\u0259\u011fv etm\u0259si bar\u0259d\u0259 x\u0259b\u0259rdarl\u0131\u011f\u0131 diqq\u0259td\u0259n yay\u0131nmay\u0131b.\n<\/p>\n<p>\n  \u201cBiz \u0130ran\u0131n n\u0259tic\u0259si \u0259vv\u0259lc\u0259d\u0259n b\u0259lli olan zorak\u0131, terror\u00e7u v\u0259 n\u00fcv\u0259 t\u0259hl\u00fck\u0259si olan yolda davam etm\u0259sin\u0259 imkan verm\u0259y\u0259c\u0259yik. Biz rejimin atom bombas\u0131 \u0259ld\u0259 etm\u0259sin\u0259 imkan ver\u0259c\u0259k b\u00fct\u00fcn c\u0131\u011f\u0131rlar\u0131 qapadaca\u011f\u0131q,-dey\u0259 prezident Tramp bildirib.\n<\/p>\n<p>\n  Amerika prezident konkret h\u0259d\u0259fl\u0259rd\u0259n d\u0259 dan\u0131\u015f\u0131b:\n<\/p>\n<p>\n  \u201cBa\u015fl\u0131ca h\u0259d\u0259f \u0130ran\u0131n ali dini liderinin &#8220;\u015f\u0259xsi korrupsioner terror d\u0259st\u0259si&#8221; olan \u0130ran \u0130nqilab Qvardiyas\u0131 v\u0259 onun \u00fczvl\u0259ri olacaq. \u018flav\u0259 olaraq AB\u015e anla\u015fmada \u0130rana qoyulmu\u015f m\u0259hdudiyy\u0259tl\u0259rin vaxt m\u00f6hl\u0259tini tan\u0131mayacaq\u201d.\n<\/p>\n<p>\n  Ancaq \u0130ran prezidenti H\u0259s\u0259n Ruhani Tehran\u0131n N\u00fcv\u0259 Sazi\u015fin\u0259 yenid\u0259n bax\u0131lmas\u0131na he\u00e7 v\u0259chl\u0259 raz\u0131 olmayaca\u011f\u0131n\u0131 b\u0259yan edib.\n<\/p>\n<p>\n  \u201cSazi\u015fd\u0259n \u00e7\u0131xmas\u0131 AB\u015e-\u0131n t\u0259crid olunmas\u0131 il\u0259 n\u0259tic\u0259l\u0259n\u0259c\u0259k. \u00c7\u00fcnki sazi\u015f\u0259 imza atan ba\u015fqa \u00f6lk\u0259l\u0259r m\u00f6vqel\u0259rini d\u0259yi\u015fm\u0259y\u0259c\u0259k\u201d.\n<\/p>\n<p>\n  Prezident Ruhani n\u00fcv\u0259 proqram\u0131n\u0131n dinc m\u0259qs\u0259dli oldu\u011funu s\u00f6yl\u0259yib.\n<\/p>\n<p>\n  N\u00fcv\u0259 Sazi\u015finin imzalanmas\u0131nda Avropa Birliyi \u00f6lk\u0259l\u0259ri, \u00c7in v\u0259 Rusiya da i\u015ftirak edib.\n<\/p>\n<p>\n  Avropa Birliyinin xarici siyas\u0259t idar\u0259sinin r\u0259hb\u0259ri Federiko Mogerini is\u0259 Va\u015finqtonun Tehranla N\u00fcv\u0259 Sazi\u015fini t\u0259kba\u015f\u0131na l\u0259\u011fv ed\u0259 bilm\u0259y\u0259c\u0259yini bildirib:\n<\/p>\n<p>\n  \u201c\u00c7\u00fcnki sazi\u015f ikit\u0259r\u0259fli yox, \u00e7oxt\u0259r\u0259flidir. Avropa Birliyi m\u00fcqavil\u0259y\u0259 sadiq qalacaq. Ona g\u00f6r\u0259 ki, s\u0259n\u0259d b\u00fct\u00fcn t\u0259r\u0259fl\u0259rin, h\u0259m d\u0259 \u0130ran xalq\u0131n\u0131n maraqlar\u0131na uy\u011fundur\u201d.\n<\/p>\n<p>\n  \u0130ran \u0130slam Respublikas\u0131n\u0131n n\u00fcv\u0259 proqram\u0131n\u0131n m\u0259hdudla\u015fd\u0131r\u0131lmas\u0131n\u0131 n\u0259z\u0259rd\u0259 tutan N\u00fcv\u0259 Sazi\u015fi 2015-ci ild\u0259 imzalan\u0131b.\n<\/p>\n<figure class=\"wp-block-image size-large\">\n  <img decoding=\"async\" src=\"https:\/\/www.meydan.tv\/az\/93928\/\" alt=\"\" class=\"wp-image-93928\"\/><figcaption>\n    N\u00fcv\u0259 sazi\u015finin imzalanmas\u0131 m\u0259rasimi<br \/>\n  <\/figcaption><\/figure>\n<p>\n  S\u0259n\u0259d 2025-ci ild\u0259n sonra uran\u0131n z\u0259ngill\u0259\u015fdirilm\u0259sin\u0259 dair m\u0259hdudiyy\u0259tl\u0259rin l\u0259\u011fvini n\u0259z\u0259rd\u0259 tutur. Tehranla dan\u0131\u015f\u0131qlarda AB\u015e, Fransa, \u00c7in, B\u00f6y\u00fck Britaniya, Rusiya v\u0259 Almaniyadan ibar\u0259t P5+1 qrupu i\u015ftirak edib.\n<\/p>\n<p>\n  Sadalanan a\u00e7\u0131qlamalar\u0131n fonunda yaranm\u0131\u015f v\u0259ziyy\u0259ti Meydan TV-y\u0259 \u015f\u0259rh ed\u0259n AB\u015e-da m\u00fchacir h\u0259yat\u0131 ya\u015fayan siyasi icmal\u00e7\u0131 \u018fr\u0259stun Oruclu hesab edir ki, Donald Tramp\u0131n 13 oktyabr \u00e7\u0131x\u0131\u015f\u0131 b\u00f6lg\u0259d\u0259 ba\u015f ver\u0259nl\u0259r\u0259 reaksiya idi:\n<\/p>\n<p>\n  \u201cH\u0259r\u00e7\u0259nd, Tramp h\u0259l\u0259 se\u00e7ki kampaniyas\u0131 zaman\u0131 \u0130ranla N\u00fcv\u0259 Sazi\u015fini l\u0259\u011fv ed\u0259c\u0259yi anonsunu vermi\u015fdi. D\u00fczd\u00fcr, se\u00e7ki kampaniyas\u0131nda bu b\u0259yanat\u0131n m\u0259qs\u0259di anti-\u0130ran q\u00fcvv\u0259l\u0259rin d\u0259st\u0259yini qazanmaq idi. H\u0259min vaxt Donald Tramp Barak Obaman\u0131n Kubayla \u0259ld\u0259 etdiyi anla\u015fman\u0131 da l\u0259\u011fv ed\u0259c\u0259yini demi\u015fdi. \u00dcmumiyy\u0259tl\u0259, \u0130ran m\u0259s\u0259l\u0259si daim g\u00fcnd\u0259md\u0259 olub, Tramp h\u0259l\u0259 A\u011f Ev\u0259 \u00e7atmam\u0131\u015f respublika\u00e7\u0131lar Senatda bu \u00f6lk\u0259y\u0259 sanksiyalar\u0131n 10 il d\u0259 uzad\u0131lmas\u0131 haqda q\u0259rar q\u0259bul etdil\u0259r\u201d.\n<\/p>\n<p>\n  \u018fr\u0259stun Oruclu d\u00fc\u015f\u00fcn\u00fcr ki, AB\u015e xarici siyas\u0259ti Tramp Administrasiyas\u0131 d\u00f6vr\u00fcnd\u0259 ciddi u\u011fursuzluqlar ya\u015famaqdad\u0131r: \u201cM\u0259s\u0259l\u0259nin k\u00f6k\u00fcnd\u0259 prezidentin xarici siyas\u0259t\u0259 yana\u015fma t\u0259rzi v\u0259 bunu bilm\u0259m\u0259si dayan\u0131r. \u018fn ciddi konflikt is\u0259 prezidentin d\u00f6vl\u0259t katibi Tillersonlad\u0131r, bu, onun xarici siyas\u0259t\u0259 spesifik yana\u015fmas\u0131ndan qaynaqlan\u0131r\u201d.\n<\/p>\n<figure class=\"wp-block-image size-large\">\n  <img decoding=\"async\" src=\"https:\/\/www.meydan.tv\/az\/93931\/\" alt=\"\" class=\"wp-image-93931\"\/><figcaption>\n    \u018fr\u0259stun Oruclu<br \/>\n  <\/figcaption><\/figure>\n<p>\n  Onun fikrinc\u0259, \u0130ranla ba\u011fl\u0131 m\u0259s\u0259l\u0259 Yax\u0131n \u015e\u0259rqd\u0259 yeni alyans\u0131n yarad\u0131lmas\u0131 istiqam\u0259tind\u0259 at\u0131lan add\u0131mlarla n\u0259tic\u0259l\u0259ndi. S\u00f6hb\u0259t Rusiya-T\u00fcrkiy\u0259-\u0130ran alyans\u0131ndan gedir:\n<\/p>\n<p>\n  \u201cAB\u015e a\u00e7\u0131q \u015f\u0259kild\u0259 olmasa da, \u015eimali \u0130raqda k\u00fcrd muxtariyyat\u0131n\u0131n m\u00fcst\u0259qill\u0259\u015fm\u0259sini d\u0259st\u0259kl\u0259di. \u0130srail is\u0259 k\u00fcrdl\u0259r\u0259 a\u00e7\u0131q d\u0259st\u0259k verdi v\u0259 \u00fcst\u0259lik silahland\u0131rd\u0131 da. Halbuki, B\u0259rzani rejimi tarix\u0259n terror\u00e7u olub. Bu m\u0259nada \u0130ran v\u0259 T\u00fcrkiy\u0259 narahat olmaya bilm\u0259zdi. \u00c7\u00fcnki b\u00f6y\u00fck k\u00fcrd icmas\u0131 \u0130ran v\u0259 T\u00fcrkiy\u0259d\u0259 ya\u015fay\u0131r, ba\u015f ver\u0259nl\u0259r onlar \u00fc\u00e7\u00fcn stimuldur. M\u0259s\u0259l\u0259 ondad\u0131r ki, AB\u015e-\u0131n ba\u015fqa add\u0131m\u0131 da yox idi. S\u0259b\u0259b odur ki, \u0130raqdak\u0131 hakimiyy\u0259t \u0130rana yax\u0131nd\u0131r. Bel\u0259likl\u0259, Yax\u0131n \u015e\u0259rqd\u0259 qar\u0131\u015f\u0131q m\u0259nz\u0259r\u0259 yaran\u0131b. D\u00fczd\u00fcr, Rusiya-T\u00fcrkiy\u0259-\u0130ran ittifaq\u0131 h\u00fcquqi bax\u0131mdan formala\u015fmasa da, art\u0131q m\u00f6vcudlu\u011fu \u00f6z\u00fcn\u00fc g\u00f6st\u0259rir v\u0259 Tramp hakimiyy\u0259ti d\u0259 Yax\u0131n \u015e\u0259rqi itirm\u0259kd\u0259 oldu\u011funu anlay\u0131r. Bu bax\u0131mdan gah T\u00fcrkiy\u0259y\u0259, gah \u0130rana t\u0259zyiql\u0259r m\u0259hsuldar add\u0131mlar deyil, \u0259ksin\u0259 m\u0259lum alyans\u0131n yaranmas\u0131na t\u0259kan verir. AB\u015e h\u0259min \u00fc\u00e7l\u00fcy\u00fc par\u00e7alamaq \u00fc\u00e7\u00fcn daha a\u011f\u0131ll\u0131 siyas\u0259t y\u00fcr\u00fcd\u0259 bil\u0259rdi. Ancaq at\u0131lan b\u00fct\u00fcn add\u0131mlar bu \u00fc\u00e7 d\u00f6vl\u0259tin m\u00fctt\u0259fiqlik sazi\u015fi imzalamas\u0131na do\u011fru apar\u0131r. \u018fslind\u0259, \u0130ran v\u0259 T\u00fcrkiy\u0259y\u0259 t\u0259zyiql\u0259r Va\u015finqtonu b\u00f6lg\u0259d\u0259 t\u0259kl\u0259nm\u0259sini s\u00fcr\u0259tl\u0259ndir\u0259r. \u0130st\u0259r \u0130srail, ist\u0259rs\u0259 d\u0259 S\u0259udiyy\u0259 \u018fr\u0259bistan\u0131 olsun, bunlar b\u00f6\u011fl\u0259d\u0259 g\u00fcc m\u0259rk\u0259zl\u0259ri deyil. Dem\u0259k olar ki, b\u00f6lg\u0259nin S\u0259udiyy\u0259 \u018fr\u0259bistan\u0131 v\u0259 Misir istisna olmaqla, qalan d\u00f6vl\u0259tl\u0259ri \u0130srail\u0259 qar\u015f\u0131d\u0131r. Bel\u0259likl\u0259, \u0130srail \u0259n az\u0131 siyasi rol oynayan d\u00f6vl\u0259t, m\u00fctt\u0259fiq kimi \u00e7\u0131x\u0131\u015f ed\u0259 bilm\u0259z. Avropa Birliyi is\u0259 bu m\u0259s\u0259l\u0259l\u0259rd\u0259n AB\u015e-dan ciddi \u015f\u0259kild\u0259 m\u0259saf\u0259 saxlay\u0131r. \u00dcmumiyy\u0259tl\u0259, Avropa Birliyind\u0259 Tramp hakimiyy\u0259tin\u0259 etimad yoxdur. Art\u0131q Avropan\u0131n apar\u0131c\u0131 d\u00f6vl\u0259tl\u0259rind\u0259 se\u00e7ki ba\u015fa \u00e7at\u0131b. Yeri g\u0259lmi\u015fk\u0259n, AB\u015e daxilind\u0259 d\u0259 Tramp xarici siyas\u0259tini t\u0259nqid ed\u0259nl\u0259r var. Bug\u00fcnl\u0259rd\u0259 sabiq d\u00f6vl\u0259t katibi Hillari Klinton CNN kanal\u0131nda \u00e7ox s\u0259rt \u00e7\u0131x\u0131\u015f etdi. A\u00e7\u0131q dedi ki, Tramp\u0131n xarici siyas\u0259ti Amerikaya etimad\u0131 da\u011f\u0131d\u0131r v\u0259 \u0130ran\u0131n \u0259l-aya\u011f\u0131n\u0131 a\u00e7\u0131r\u201d.\n<\/p>\n<figure class=\"wp-block-image size-large\">\n  <img decoding=\"async\" src=\"https:\/\/www.meydan.tv\/az\/93934\/\" alt=\"\" class=\"wp-image-93934\"\/><figcaption><\/figcaption><\/figure>\n<p>\n  Gedi\u015fat\u0131n Az\u0259rbaycana t\u0259sirin\u0259 g\u0259linc\u0259, siyasi icmal\u00e7\u0131 bildirdi ki, \u0259g\u0259r Rusiya-T\u00fcrkiy\u0259-\u0130ran ittifaq\u0131 yaran\u0131rsa, Az\u0259rbaycan faktiki \u201cBermud \u00fc\u00e7buca\u011f\u0131\u201dna d\u00fc\u015f\u00fcr:\n<\/p>\n<p>\n  \u201cBak\u0131n\u0131n n\u0259 Va\u015finqtonla, n\u0259 T\u0259l-\u018fvivl\u0259, n\u0259 d\u0259 Avropa \u00f6lk\u0259l\u0259ri il\u0259 ciddi \u0259laq\u0259l\u0259r quraca\u011f\u0131 g\u00f6r\u00fcn\u00fcr. H\u0259m d\u0259 r\u0259smi Bak\u0131 Avropa siyas\u0259tini daim Rusiya il\u0259 raz\u0131la\u015f\u0131r. H\u0259tta Avropa Birliyinin r\u0259smi proqramlar\u0131na qo\u015fulmaq t\u0259klifi il\u0259 ba\u011fl\u0131 add\u0131mlar\u0131 bel\u0259 Moskva il\u0259 m\u0259sl\u0259h\u0259tl\u0259\u015fdikd\u0259n sonra at\u0131r. Bu \u015f\u0259raitd\u0259 Rusiya-T\u00fcrkiy\u0259-\u0130ran anti-AB\u015e koalisiyasi yaran\u0131rsa, Az\u0259rbaycan f\u0259rqli siyas\u0259t y\u00fcr\u00fcd\u0259 bilm\u0259z. D\u00fczd\u00fcr, Bak\u0131 Avropada \u00f6z\u00fcn\u0259 himay\u0259\u00e7i axtar\u0131r, amma m\u0259nas\u0131z axtar\u0131\u015fd\u0131r. T\u0259\u0259ss\u00fcf ki, h\u0259min \u00fc\u00e7l\u00fcy\u00fcn \u0259hat\u0259sind\u0259 yerl\u0259\u015f\u0259n Az\u0259rbaycana he\u00e7 kimin k\u00f6m\u0259k ed\u0259 bilm\u0259y\u0259c\u0259yi reall\u0131qd\u0131r\u201d.\n<\/p>\n<figure class=\"wp-block-image size-large\">\n  <img decoding=\"async\" src=\"https:\/\/www.meydan.tv\/az\/93937\/\" alt=\"\" class=\"wp-image-93937\"\/><figcaption><\/figcaption><\/figure>\n","protected":false},"excerpt":{"rendered":"<p>&#8221;R\u0259smi Bak\u0131n\u0131n Avropada \u00f6z\u00fcn\u0259 himay\u0259\u00e7i axtarmas\u0131 m\u0259nas\u0131zd\u0131r&#8221;<\/p>\n","protected":false},"author":11,"featured_media":93925,"comment_status":"closed","ping_status":"open","sticky":false,"template":"","format":"standard","meta":{"_acf_changed":false,"_sitemap_exclude":false,"_sitemap_priority":"","_sitemap_frequency":"","footnotes":""},"categories":[51],"tags":[],"class_list":["post-187007","post","type-post","status-publish","format-standard","has-post-thumbnail","hentry","category-analitika","infinite-scroll-item","generate-columns","tablet-grid-50","mobile-grid-100","grid-parent","grid-33","no-featured-image-padding"],"acf":[],"yoast_head":"<!-- This site is optimized with the Yoast SEO plugin v27.4 - https:\/\/yoast.com\/product\/yoast-seo-wordpress\/ -->\n<title>\u018fr\u0259stun Oruclu: Az\u0259rbaycan faktiki &#039;&#039;Bermud \u00fc\u00e7buca\u011f\u0131&#039;&#039;na d\u00fc\u015f\u00fcr - MEYDAN.TV<\/title>\n<meta name=\"robots\" content=\"index, follow, max-snippet:-1, max-image-preview:large, max-video-preview:-1\" \/>\n<link rel=\"canonical\" href=\"https:\/\/www.meydan.tv\/az\/article\/erestun-oruclu-azerbaycan-faktiki-bermud-ucbucagina-dusur\/\" \/>\n<meta property=\"og:locale\" content=\"az_AZ\" \/>\n<meta property=\"og:type\" content=\"article\" \/>\n<meta property=\"og:title\" content=\"\u018fr\u0259stun Oruclu: Az\u0259rbaycan faktiki &#039;&#039;Bermud \u00fc\u00e7buca\u011f\u0131&#039;&#039;na d\u00fc\u015f\u00fcr - MEYDAN.TV\" \/>\n<meta property=\"og:description\" content=\"&#039;&#039;R\u0259smi Bak\u0131n\u0131n Avropada \u00f6z\u00fcn\u0259 himay\u0259\u00e7i axtarmas\u0131 m\u0259nas\u0131zd\u0131r&#039;&#039;\" \/>\n<meta property=\"og:url\" content=\"https:\/\/www.meydan.tv\/az\/article\/erestun-oruclu-azerbaycan-faktiki-bermud-ucbucagina-dusur\/\" \/>\n<meta property=\"og:site_name\" content=\"MEYDAN.TV\" \/>\n<meta property=\"article:published_time\" content=\"2017-10-16T13:37:07+00:00\" \/>\n<meta property=\"og:image\" content=\"https:\/\/www.meydan.tv\/wp-content\/uploads\/37082.jpg\" \/>\n\t<meta property=\"og:image:width\" content=\"734\" \/>\n\t<meta property=\"og:image:height\" content=\"387\" \/>\n\t<meta property=\"og:image:type\" content=\"image\/jpeg\" \/>\n<meta name=\"author\" content=\"user-manager\" \/>\n<meta name=\"twitter:card\" content=\"summary_large_image\" \/>\n<script type=\"application\/ld+json\" class=\"yoast-schema-graph\">{\"@context\":\"https:\\\/\\\/schema.org\",\"@graph\":[{\"@type\":\"Article\",\"@id\":\"https:\\\/\\\/www.meydan.tv\\\/az\\\/article\\\/erestun-oruclu-azerbaycan-faktiki-bermud-ucbucagina-dusur\\\/#article\",\"isPartOf\":{\"@id\":\"https:\\\/\\\/www.meydan.tv\\\/az\\\/article\\\/erestun-oruclu-azerbaycan-faktiki-bermud-ucbucagina-dusur\\\/\"},\"author\":{\"name\":\"user-manager\",\"@id\":\"https:\\\/\\\/www.meydan.tv\\\/az\\\/#\\\/schema\\\/person\\\/10d11eccf6da3662cf5fdab9806ea91a\"},\"headline\":\"\u018fr\u0259stun Oruclu: Az\u0259rbaycan faktiki &#8221;Bermud \u00fc\u00e7buca\u011f\u0131&#8221;na d\u00fc\u015f\u00fcr\",\"datePublished\":\"2017-10-16T13:37:07+00:00\",\"mainEntityOfPage\":{\"@id\":\"https:\\\/\\\/www.meydan.tv\\\/az\\\/article\\\/erestun-oruclu-azerbaycan-faktiki-bermud-ucbucagina-dusur\\\/\"},\"wordCount\":1292,\"publisher\":{\"@id\":\"https:\\\/\\\/www.meydan.tv\\\/az\\\/#organization\"},\"image\":{\"@id\":\"https:\\\/\\\/www.meydan.tv\\\/az\\\/article\\\/erestun-oruclu-azerbaycan-faktiki-bermud-ucbucagina-dusur\\\/#primaryimage\"},\"thumbnailUrl\":\"https:\\\/\\\/www.meydan.tv\\\/wp-content\\\/uploads\\\/37082.jpg\",\"articleSection\":[\"Analitika\"],\"inLanguage\":\"az\"},{\"@type\":\"WebPage\",\"@id\":\"https:\\\/\\\/www.meydan.tv\\\/az\\\/article\\\/erestun-oruclu-azerbaycan-faktiki-bermud-ucbucagina-dusur\\\/\",\"url\":\"https:\\\/\\\/www.meydan.tv\\\/az\\\/article\\\/erestun-oruclu-azerbaycan-faktiki-bermud-ucbucagina-dusur\\\/\",\"name\":\"\u018fr\u0259stun Oruclu: Az\u0259rbaycan faktiki ''Bermud \u00fc\u00e7buca\u011f\u0131''na d\u00fc\u015f\u00fcr - MEYDAN.TV\",\"isPartOf\":{\"@id\":\"https:\\\/\\\/www.meydan.tv\\\/az\\\/#website\"},\"primaryImageOfPage\":{\"@id\":\"https:\\\/\\\/www.meydan.tv\\\/az\\\/article\\\/erestun-oruclu-azerbaycan-faktiki-bermud-ucbucagina-dusur\\\/#primaryimage\"},\"image\":{\"@id\":\"https:\\\/\\\/www.meydan.tv\\\/az\\\/article\\\/erestun-oruclu-azerbaycan-faktiki-bermud-ucbucagina-dusur\\\/#primaryimage\"},\"thumbnailUrl\":\"https:\\\/\\\/www.meydan.tv\\\/wp-content\\\/uploads\\\/37082.jpg\",\"datePublished\":\"2017-10-16T13:37:07+00:00\",\"breadcrumb\":{\"@id\":\"https:\\\/\\\/www.meydan.tv\\\/az\\\/article\\\/erestun-oruclu-azerbaycan-faktiki-bermud-ucbucagina-dusur\\\/#breadcrumb\"},\"inLanguage\":\"az\",\"potentialAction\":[{\"@type\":\"ReadAction\",\"target\":[\"https:\\\/\\\/www.meydan.tv\\\/az\\\/article\\\/erestun-oruclu-azerbaycan-faktiki-bermud-ucbucagina-dusur\\\/\"]}]},{\"@type\":\"ImageObject\",\"inLanguage\":\"az\",\"@id\":\"https:\\\/\\\/www.meydan.tv\\\/az\\\/article\\\/erestun-oruclu-azerbaycan-faktiki-bermud-ucbucagina-dusur\\\/#primaryimage\",\"url\":\"https:\\\/\\\/www.meydan.tv\\\/wp-content\\\/uploads\\\/37082.jpg\",\"contentUrl\":\"https:\\\/\\\/www.meydan.tv\\\/wp-content\\\/uploads\\\/37082.jpg\",\"width\":734,\"height\":387,\"caption\":\"Source:\"},{\"@type\":\"BreadcrumbList\",\"@id\":\"https:\\\/\\\/www.meydan.tv\\\/az\\\/article\\\/erestun-oruclu-azerbaycan-faktiki-bermud-ucbucagina-dusur\\\/#breadcrumb\",\"itemListElement\":[{\"@type\":\"ListItem\",\"position\":1,\"name\":\"Ana s\u0259hif\u0259\",\"item\":\"https:\\\/\\\/www.meydan.tv\\\/az\\\/\"},{\"@type\":\"ListItem\",\"position\":2,\"name\":\"Analitika\",\"item\":\"https:\\\/\\\/www.meydan.tv\\\/az\\\/section\\\/analitika\\\/\"},{\"@type\":\"ListItem\",\"position\":3,\"name\":\"\u018fr\u0259stun Oruclu: Az\u0259rbaycan faktiki &#8221;Bermud \u00fc\u00e7buca\u011f\u0131&#8221;na d\u00fc\u015f\u00fcr\"}]},{\"@type\":\"WebSite\",\"@id\":\"https:\\\/\\\/www.meydan.tv\\\/az\\\/#website\",\"url\":\"https:\\\/\\\/www.meydan.tv\\\/az\\\/\",\"name\":\"MEYDAN.TV\",\"description\":\"Meydan TV Az\u0259rbaycan\u0131n media m\u0259kan\u0131ndak\u0131 alternativ s\u0259sidir\",\"publisher\":{\"@id\":\"https:\\\/\\\/www.meydan.tv\\\/az\\\/#organization\"},\"potentialAction\":[{\"@type\":\"SearchAction\",\"target\":{\"@type\":\"EntryPoint\",\"urlTemplate\":\"https:\\\/\\\/www.meydan.tv\\\/az\\\/?s={search_term_string}\"},\"query-input\":{\"@type\":\"PropertyValueSpecification\",\"valueRequired\":true,\"valueName\":\"search_term_string\"}}],\"inLanguage\":\"az\"},{\"@type\":\"Organization\",\"@id\":\"https:\\\/\\\/www.meydan.tv\\\/az\\\/#organization\",\"name\":\"Meydan TV\",\"url\":\"https:\\\/\\\/www.meydan.tv\\\/az\\\/\",\"logo\":{\"@type\":\"ImageObject\",\"inLanguage\":\"az\",\"@id\":\"https:\\\/\\\/www.meydan.tv\\\/az\\\/#\\\/schema\\\/logo\\\/image\\\/\",\"url\":\"https:\\\/\\\/www.meydan.tv\\\/wp-content\\\/uploads\\\/2021\\\/07\\\/meydan-logo.svg\",\"contentUrl\":\"https:\\\/\\\/www.meydan.tv\\\/wp-content\\\/uploads\\\/2021\\\/07\\\/meydan-logo.svg\",\"width\":195,\"height\":46,\"caption\":\"Meydan TV\"},\"image\":{\"@id\":\"https:\\\/\\\/www.meydan.tv\\\/az\\\/#\\\/schema\\\/logo\\\/image\\\/\"}},{\"@type\":\"Person\",\"@id\":\"https:\\\/\\\/www.meydan.tv\\\/az\\\/#\\\/schema\\\/person\\\/10d11eccf6da3662cf5fdab9806ea91a\",\"name\":\"user-manager\"}]}<\/script>\n<!-- \/ Yoast SEO plugin. -->","yoast_head_json":{"title":"\u018fr\u0259stun Oruclu: Az\u0259rbaycan faktiki ''Bermud \u00fc\u00e7buca\u011f\u0131''na d\u00fc\u015f\u00fcr - MEYDAN.TV","robots":{"index":"index","follow":"follow","max-snippet":"max-snippet:-1","max-image-preview":"max-image-preview:large","max-video-preview":"max-video-preview:-1"},"canonical":"https:\/\/www.meydan.tv\/az\/article\/erestun-oruclu-azerbaycan-faktiki-bermud-ucbucagina-dusur\/","og_locale":"az_AZ","og_type":"article","og_title":"\u018fr\u0259stun Oruclu: Az\u0259rbaycan faktiki ''Bermud \u00fc\u00e7buca\u011f\u0131''na d\u00fc\u015f\u00fcr - MEYDAN.TV","og_description":"''R\u0259smi Bak\u0131n\u0131n Avropada \u00f6z\u00fcn\u0259 himay\u0259\u00e7i axtarmas\u0131 m\u0259nas\u0131zd\u0131r''","og_url":"https:\/\/www.meydan.tv\/az\/article\/erestun-oruclu-azerbaycan-faktiki-bermud-ucbucagina-dusur\/","og_site_name":"MEYDAN.TV","article_published_time":"2017-10-16T13:37:07+00:00","og_image":[{"width":734,"height":387,"url":"https:\/\/www.meydan.tv\/wp-content\/uploads\/37082.jpg","type":"image\/jpeg"}],"author":"user-manager","twitter_card":"summary_large_image","schema":{"@context":"https:\/\/schema.org","@graph":[{"@type":"Article","@id":"https:\/\/www.meydan.tv\/az\/article\/erestun-oruclu-azerbaycan-faktiki-bermud-ucbucagina-dusur\/#article","isPartOf":{"@id":"https:\/\/www.meydan.tv\/az\/article\/erestun-oruclu-azerbaycan-faktiki-bermud-ucbucagina-dusur\/"},"author":{"name":"user-manager","@id":"https:\/\/www.meydan.tv\/az\/#\/schema\/person\/10d11eccf6da3662cf5fdab9806ea91a"},"headline":"\u018fr\u0259stun Oruclu: Az\u0259rbaycan faktiki &#8221;Bermud \u00fc\u00e7buca\u011f\u0131&#8221;na d\u00fc\u015f\u00fcr","datePublished":"2017-10-16T13:37:07+00:00","mainEntityOfPage":{"@id":"https:\/\/www.meydan.tv\/az\/article\/erestun-oruclu-azerbaycan-faktiki-bermud-ucbucagina-dusur\/"},"wordCount":1292,"publisher":{"@id":"https:\/\/www.meydan.tv\/az\/#organization"},"image":{"@id":"https:\/\/www.meydan.tv\/az\/article\/erestun-oruclu-azerbaycan-faktiki-bermud-ucbucagina-dusur\/#primaryimage"},"thumbnailUrl":"https:\/\/www.meydan.tv\/wp-content\/uploads\/37082.jpg","articleSection":["Analitika"],"inLanguage":"az"},{"@type":"WebPage","@id":"https:\/\/www.meydan.tv\/az\/article\/erestun-oruclu-azerbaycan-faktiki-bermud-ucbucagina-dusur\/","url":"https:\/\/www.meydan.tv\/az\/article\/erestun-oruclu-azerbaycan-faktiki-bermud-ucbucagina-dusur\/","name":"\u018fr\u0259stun Oruclu: Az\u0259rbaycan faktiki ''Bermud \u00fc\u00e7buca\u011f\u0131''na d\u00fc\u015f\u00fcr - MEYDAN.TV","isPartOf":{"@id":"https:\/\/www.meydan.tv\/az\/#website"},"primaryImageOfPage":{"@id":"https:\/\/www.meydan.tv\/az\/article\/erestun-oruclu-azerbaycan-faktiki-bermud-ucbucagina-dusur\/#primaryimage"},"image":{"@id":"https:\/\/www.meydan.tv\/az\/article\/erestun-oruclu-azerbaycan-faktiki-bermud-ucbucagina-dusur\/#primaryimage"},"thumbnailUrl":"https:\/\/www.meydan.tv\/wp-content\/uploads\/37082.jpg","datePublished":"2017-10-16T13:37:07+00:00","breadcrumb":{"@id":"https:\/\/www.meydan.tv\/az\/article\/erestun-oruclu-azerbaycan-faktiki-bermud-ucbucagina-dusur\/#breadcrumb"},"inLanguage":"az","potentialAction":[{"@type":"ReadAction","target":["https:\/\/www.meydan.tv\/az\/article\/erestun-oruclu-azerbaycan-faktiki-bermud-ucbucagina-dusur\/"]}]},{"@type":"ImageObject","inLanguage":"az","@id":"https:\/\/www.meydan.tv\/az\/article\/erestun-oruclu-azerbaycan-faktiki-bermud-ucbucagina-dusur\/#primaryimage","url":"https:\/\/www.meydan.tv\/wp-content\/uploads\/37082.jpg","contentUrl":"https:\/\/www.meydan.tv\/wp-content\/uploads\/37082.jpg","width":734,"height":387,"caption":"Source:"},{"@type":"BreadcrumbList","@id":"https:\/\/www.meydan.tv\/az\/article\/erestun-oruclu-azerbaycan-faktiki-bermud-ucbucagina-dusur\/#breadcrumb","itemListElement":[{"@type":"ListItem","position":1,"name":"Ana s\u0259hif\u0259","item":"https:\/\/www.meydan.tv\/az\/"},{"@type":"ListItem","position":2,"name":"Analitika","item":"https:\/\/www.meydan.tv\/az\/section\/analitika\/"},{"@type":"ListItem","position":3,"name":"\u018fr\u0259stun Oruclu: Az\u0259rbaycan faktiki &#8221;Bermud \u00fc\u00e7buca\u011f\u0131&#8221;na d\u00fc\u015f\u00fcr"}]},{"@type":"WebSite","@id":"https:\/\/www.meydan.tv\/az\/#website","url":"https:\/\/www.meydan.tv\/az\/","name":"MEYDAN.TV","description":"Meydan TV Az\u0259rbaycan\u0131n media m\u0259kan\u0131ndak\u0131 alternativ s\u0259sidir","publisher":{"@id":"https:\/\/www.meydan.tv\/az\/#organization"},"potentialAction":[{"@type":"SearchAction","target":{"@type":"EntryPoint","urlTemplate":"https:\/\/www.meydan.tv\/az\/?s={search_term_string}"},"query-input":{"@type":"PropertyValueSpecification","valueRequired":true,"valueName":"search_term_string"}}],"inLanguage":"az"},{"@type":"Organization","@id":"https:\/\/www.meydan.tv\/az\/#organization","name":"Meydan TV","url":"https:\/\/www.meydan.tv\/az\/","logo":{"@type":"ImageObject","inLanguage":"az","@id":"https:\/\/www.meydan.tv\/az\/#\/schema\/logo\/image\/","url":"https:\/\/www.meydan.tv\/wp-content\/uploads\/2021\/07\/meydan-logo.svg","contentUrl":"https:\/\/www.meydan.tv\/wp-content\/uploads\/2021\/07\/meydan-logo.svg","width":195,"height":46,"caption":"Meydan TV"},"image":{"@id":"https:\/\/www.meydan.tv\/az\/#\/schema\/logo\/image\/"}},{"@type":"Person","@id":"https:\/\/www.meydan.tv\/az\/#\/schema\/person\/10d11eccf6da3662cf5fdab9806ea91a","name":"user-manager"}]}},"_links":{"self":[{"href":"https:\/\/www.meydan.tv\/az\/wp-json\/wp\/v2\/posts\/187007","targetHints":{"allow":["GET"]}}],"collection":[{"href":"https:\/\/www.meydan.tv\/az\/wp-json\/wp\/v2\/posts"}],"about":[{"href":"https:\/\/www.meydan.tv\/az\/wp-json\/wp\/v2\/types\/post"}],"author":[{"embeddable":true,"href":"https:\/\/www.meydan.tv\/az\/wp-json\/wp\/v2\/users\/11"}],"replies":[{"embeddable":true,"href":"https:\/\/www.meydan.tv\/az\/wp-json\/wp\/v2\/comments?post=187007"}],"version-history":[{"count":0,"href":"https:\/\/www.meydan.tv\/az\/wp-json\/wp\/v2\/posts\/187007\/revisions"}],"wp:featuredmedia":[{"embeddable":true,"href":"https:\/\/www.meydan.tv\/az\/wp-json\/wp\/v2\/media\/93925"}],"wp:attachment":[{"href":"https:\/\/www.meydan.tv\/az\/wp-json\/wp\/v2\/media?parent=187007"}],"wp:term":[{"taxonomy":"category","embeddable":true,"href":"https:\/\/www.meydan.tv\/az\/wp-json\/wp\/v2\/categories?post=187007"},{"taxonomy":"post_tag","embeddable":true,"href":"https:\/\/www.meydan.tv\/az\/wp-json\/wp\/v2\/tags?post=187007"}],"curies":[{"name":"wp","href":"https:\/\/api.w.org\/{rel}","templated":true}]}}