{"id":186992,"date":"2017-10-14T15:33:17","date_gmt":"2017-10-14T15:33:17","guid":{"rendered":"https:\/\/www.meydan.tv\/article\/muhacir-jurnalist-fikret-huseynli-kiyev-aeroportunda-saxlanildi\/"},"modified":"2017-10-14T15:33:17","modified_gmt":"2017-10-14T15:33:17","slug":"muhacir-jurnalist-fikret-huseynli-kiyev-aeroportunda-saxlanildi","status":"publish","type":"post","link":"https:\/\/www.meydan.tv\/az\/article\/muhacir-jurnalist-fikret-huseynli-kiyev-aeroportunda-saxlanildi\/","title":{"rendered":"M\u00fchacir jurnalist Fikr\u0259t H\u00fcseynli Kiyev aeroportunda saxlan\u0131ld\u0131"},"content":{"rendered":"<figure class=\"wp-block-image size-large\">\n  <img decoding=\"async\" src=\"https:\/\/www.meydan.tv\/az\/93874\/\" alt=\"\" class=\"wp-image-93874\"\/><figcaption><\/figcaption><\/figure>\n<p>\n  Oktyabr\u0131n 14-d\u0259 &#8220;Turan TV&#8221;-nin \u0259m\u0259kda\u015f\u0131 Fikr\u0259t H\u00fcseynli Kiyev Borispol hava liman\u0131nda saxlan\u0131l\u0131b. Fikr\u0259t H\u00fcseynli haz\u0131rda Niderlandda ya\u015fay\u0131r v\u0259 Niderland v\u0259t\u0259nda\u015f\u0131d\u0131r.\n<\/p>\n<p>\n  M\u0259lumat\u0131 ictimai f\u0259al S\u0259id Nuri \u00f6z &#8220;Facebook&#8221; s\u0259hif\u0259sind\u0259 payla\u015f\u0131b. Onun s\u00f6zl\u0259rin\u0259 g\u00f6r\u0259, Fikr\u0259t H\u00fcseynliy\u0259 Az\u0259rbaycan hakimiyy\u0259tinin sor\u011fusu \u0259sas\u0131nda saxlan\u0131ld\u0131\u011f\u0131 bildirilib. Deyilib ki, hakimiyy\u0259t onun bar\u0259sind\u0259 cinay\u0259t i\u015finin olmas\u0131n\u0131 \u0259sas g\u0259tir\u0259r\u0259k, Az\u0259rbaycana t\u0259hvil verilm\u0259sini ist\u0259yir.<br \/>\n  <br \/>\n  S\u0259id Nuri Meydan TV-y\u0259 deyib ki, hadis\u0259 zaman\u0131 F.H\u00fcseynli il\u0259 bir yerd\u0259 olublar: &#8220;Onun qoluna qandal vurub apard\u0131lar. Fikr\u0259tin &#8220;\u018ffqan Muxtarl\u0131 i\u015fi&#8221;n\u0259 g\u00f6r\u0259 saxlan\u0131ld\u0131\u011f\u0131n\u0131 d\u00fc\u015f\u00fcn\u00fcr\u0259m&#8221;.\n<\/p>\n<p>\n  M\u0259lumat\u0131 Meydan TV-y\u0259 &#8220;Turan TV&#8221;-nin r\u0259hb\u0259rliyi d\u0259 t\u0259sdiql\u0259yib.\n<\/p>\n<p>\n  Fikr\u0259t H\u00fcseynli \u00f6t\u0259n \u0259srin 90-c\u0131 ill\u0259rind\u0259n Az\u0259rbaycanda jurnalist kimi f\u0259aliyy\u0259t g\u00f6st\u0259rib. \u00d6lk\u0259d\u0259 sonuncu i\u015f yeri &#8220;Azadl\u0131q&#8221; q\u0259zeti olub.\n<\/p>\n<p>\n  Onun 2006-c\u0131 il mart\u0131n 5-d\u0259n 6-na ke\u00e7\u0259n gec\u0259 Bak\u0131 \u015f\u0259h\u0259ri Badamdar q\u0259s\u0259b\u0259si \u0259razisind\u0259 maskal\u0131 \u015f\u0259xsl\u0259r t\u0259r\u0259find\u0259n o\u011furlanaraq i\u015fg\u0259nc\u0259l\u0259r\u0259 m\u0259ruz qald\u0131\u011f\u0131, b\u0131\u00e7aqland\u0131\u011f\u0131 bildirilir. 2008-ci ilin \u0259vv\u0259lind\u0259 davaml\u0131 t\u0259zyiql\u0259r\u0259 m\u0259ruz qalmas\u0131, jurnalist f\u0259aliyy\u0259tin\u0259 g\u00f6r\u0259 h\u0259yat\u0131na real \u00f6l\u00fcm t\u0259hl\u00fck\u0259si olmas\u0131 s\u0259b\u0259bind\u0259n Az\u0259rbaycan\u0131 t\u0259rk etdiyi deyilir. H\u0259min ild\u0259n Nederland Krall\u0131\u011f\u0131nda siyasi m\u00fchacir kimi ya\u015fay\u0131r v\u0259 Avropada f\u0259aliyy\u0259t g\u00f6st\u0259r\u0259n \u201cTuran TV\u201d-d\u0259 \u00e7al\u0131\u015f\u0131r.<\/p>\n","protected":false},"excerpt":{"rendered":"<p>Onun Az\u0259rbaycan hakimiyy\u0259tinin sor\u011fusu \u0259sas\u0131nda saxlan\u0131ld\u0131\u011f\u0131 bildirilir<\/p>\n","protected":false},"author":11,"featured_media":93874,"comment_status":"closed","ping_status":"open","sticky":false,"template":"","format":"standard","meta":{"_acf_changed":false,"_sitemap_exclude":false,"_sitemap_priority":"","_sitemap_frequency":"","footnotes":""},"categories":[56],"tags":[],"class_list":["post-186992","post","type-post","status-publish","format-standard","has-post-thumbnail","hentry","category-xeberler","infinite-scroll-item","generate-columns","tablet-grid-50","mobile-grid-100","grid-parent","grid-33","no-featured-image-padding"],"acf":[],"yoast_head":"<!-- This site is optimized with the Yoast SEO plugin v27.4 - https:\/\/yoast.com\/product\/yoast-seo-wordpress\/ -->\n<title>M\u00fchacir jurnalist Fikr\u0259t H\u00fcseynli Kiyev aeroportunda saxlan\u0131ld\u0131 - MEYDAN.TV<\/title>\n<meta name=\"robots\" content=\"index, follow, max-snippet:-1, max-image-preview:large, max-video-preview:-1\" \/>\n<link rel=\"canonical\" href=\"https:\/\/www.meydan.tv\/az\/article\/muhacir-jurnalist-fikret-huseynli-kiyev-aeroportunda-saxlanildi\/\" \/>\n<meta property=\"og:locale\" content=\"az_AZ\" \/>\n<meta property=\"og:type\" content=\"article\" \/>\n<meta property=\"og:title\" content=\"M\u00fchacir jurnalist Fikr\u0259t H\u00fcseynli Kiyev aeroportunda saxlan\u0131ld\u0131 - MEYDAN.TV\" \/>\n<meta property=\"og:description\" content=\"Onun Az\u0259rbaycan hakimiyy\u0259tinin sor\u011fusu \u0259sas\u0131nda saxlan\u0131ld\u0131\u011f\u0131 bildirilir\" \/>\n<meta property=\"og:url\" content=\"https:\/\/www.meydan.tv\/az\/article\/muhacir-jurnalist-fikret-huseynli-kiyev-aeroportunda-saxlanildi\/\" \/>\n<meta property=\"og:site_name\" content=\"MEYDAN.TV\" \/>\n<meta property=\"article:published_time\" content=\"2017-10-14T15:33:17+00:00\" \/>\n<meta property=\"og:image\" content=\"https:\/\/www.meydan.tv\/wp-content\/uploads\/37062.png\" \/>\n\t<meta property=\"og:image:width\" content=\"810\" \/>\n\t<meta property=\"og:image:height\" content=\"450\" \/>\n\t<meta property=\"og:image:type\" content=\"image\/png\" \/>\n<meta name=\"author\" content=\"user-manager\" \/>\n<meta name=\"twitter:card\" content=\"summary_large_image\" \/>\n<script type=\"application\/ld+json\" class=\"yoast-schema-graph\">{\"@context\":\"https:\\\/\\\/schema.org\",\"@graph\":[{\"@type\":\"Article\",\"@id\":\"https:\\\/\\\/www.meydan.tv\\\/az\\\/article\\\/muhacir-jurnalist-fikret-huseynli-kiyev-aeroportunda-saxlanildi\\\/#article\",\"isPartOf\":{\"@id\":\"https:\\\/\\\/www.meydan.tv\\\/az\\\/article\\\/muhacir-jurnalist-fikret-huseynli-kiyev-aeroportunda-saxlanildi\\\/\"},\"author\":{\"name\":\"user-manager\",\"@id\":\"https:\\\/\\\/www.meydan.tv\\\/az\\\/#\\\/schema\\\/person\\\/10d11eccf6da3662cf5fdab9806ea91a\"},\"headline\":\"M\u00fchacir jurnalist Fikr\u0259t H\u00fcseynli Kiyev aeroportunda saxlan\u0131ld\u0131\",\"datePublished\":\"2017-10-14T15:33:17+00:00\",\"mainEntityOfPage\":{\"@id\":\"https:\\\/\\\/www.meydan.tv\\\/az\\\/article\\\/muhacir-jurnalist-fikret-huseynli-kiyev-aeroportunda-saxlanildi\\\/\"},\"wordCount\":299,\"publisher\":{\"@id\":\"https:\\\/\\\/www.meydan.tv\\\/az\\\/#organization\"},\"image\":{\"@id\":\"https:\\\/\\\/www.meydan.tv\\\/az\\\/article\\\/muhacir-jurnalist-fikret-huseynli-kiyev-aeroportunda-saxlanildi\\\/#primaryimage\"},\"thumbnailUrl\":\"https:\\\/\\\/www.meydan.tv\\\/wp-content\\\/uploads\\\/37062.png\",\"articleSection\":[\"X\u0259b\u0259rl\u0259r\"],\"inLanguage\":\"az\"},{\"@type\":\"WebPage\",\"@id\":\"https:\\\/\\\/www.meydan.tv\\\/az\\\/article\\\/muhacir-jurnalist-fikret-huseynli-kiyev-aeroportunda-saxlanildi\\\/\",\"url\":\"https:\\\/\\\/www.meydan.tv\\\/az\\\/article\\\/muhacir-jurnalist-fikret-huseynli-kiyev-aeroportunda-saxlanildi\\\/\",\"name\":\"M\u00fchacir jurnalist Fikr\u0259t H\u00fcseynli Kiyev aeroportunda saxlan\u0131ld\u0131 - MEYDAN.TV\",\"isPartOf\":{\"@id\":\"https:\\\/\\\/www.meydan.tv\\\/az\\\/#website\"},\"primaryImageOfPage\":{\"@id\":\"https:\\\/\\\/www.meydan.tv\\\/az\\\/article\\\/muhacir-jurnalist-fikret-huseynli-kiyev-aeroportunda-saxlanildi\\\/#primaryimage\"},\"image\":{\"@id\":\"https:\\\/\\\/www.meydan.tv\\\/az\\\/article\\\/muhacir-jurnalist-fikret-huseynli-kiyev-aeroportunda-saxlanildi\\\/#primaryimage\"},\"thumbnailUrl\":\"https:\\\/\\\/www.meydan.tv\\\/wp-content\\\/uploads\\\/37062.png\",\"datePublished\":\"2017-10-14T15:33:17+00:00\",\"breadcrumb\":{\"@id\":\"https:\\\/\\\/www.meydan.tv\\\/az\\\/article\\\/muhacir-jurnalist-fikret-huseynli-kiyev-aeroportunda-saxlanildi\\\/#breadcrumb\"},\"inLanguage\":\"az\",\"potentialAction\":[{\"@type\":\"ReadAction\",\"target\":[\"https:\\\/\\\/www.meydan.tv\\\/az\\\/article\\\/muhacir-jurnalist-fikret-huseynli-kiyev-aeroportunda-saxlanildi\\\/\"]}]},{\"@type\":\"ImageObject\",\"inLanguage\":\"az\",\"@id\":\"https:\\\/\\\/www.meydan.tv\\\/az\\\/article\\\/muhacir-jurnalist-fikret-huseynli-kiyev-aeroportunda-saxlanildi\\\/#primaryimage\",\"url\":\"https:\\\/\\\/www.meydan.tv\\\/wp-content\\\/uploads\\\/37062.png\",\"contentUrl\":\"https:\\\/\\\/www.meydan.tv\\\/wp-content\\\/uploads\\\/37062.png\",\"width\":810,\"height\":450,\"caption\":\"Source:\"},{\"@type\":\"BreadcrumbList\",\"@id\":\"https:\\\/\\\/www.meydan.tv\\\/az\\\/article\\\/muhacir-jurnalist-fikret-huseynli-kiyev-aeroportunda-saxlanildi\\\/#breadcrumb\",\"itemListElement\":[{\"@type\":\"ListItem\",\"position\":1,\"name\":\"Ana s\u0259hif\u0259\",\"item\":\"https:\\\/\\\/www.meydan.tv\\\/az\\\/\"},{\"@type\":\"ListItem\",\"position\":2,\"name\":\"X\u0259b\u0259rl\u0259r\",\"item\":\"https:\\\/\\\/www.meydan.tv\\\/az\\\/section\\\/xeberler\\\/\"},{\"@type\":\"ListItem\",\"position\":3,\"name\":\"M\u00fchacir jurnalist Fikr\u0259t H\u00fcseynli Kiyev aeroportunda saxlan\u0131ld\u0131\"}]},{\"@type\":\"WebSite\",\"@id\":\"https:\\\/\\\/www.meydan.tv\\\/az\\\/#website\",\"url\":\"https:\\\/\\\/www.meydan.tv\\\/az\\\/\",\"name\":\"MEYDAN.TV\",\"description\":\"Meydan TV Az\u0259rbaycan\u0131n media m\u0259kan\u0131ndak\u0131 alternativ s\u0259sidir\",\"publisher\":{\"@id\":\"https:\\\/\\\/www.meydan.tv\\\/az\\\/#organization\"},\"potentialAction\":[{\"@type\":\"SearchAction\",\"target\":{\"@type\":\"EntryPoint\",\"urlTemplate\":\"https:\\\/\\\/www.meydan.tv\\\/az\\\/?s={search_term_string}\"},\"query-input\":{\"@type\":\"PropertyValueSpecification\",\"valueRequired\":true,\"valueName\":\"search_term_string\"}}],\"inLanguage\":\"az\"},{\"@type\":\"Organization\",\"@id\":\"https:\\\/\\\/www.meydan.tv\\\/az\\\/#organization\",\"name\":\"Meydan TV\",\"url\":\"https:\\\/\\\/www.meydan.tv\\\/az\\\/\",\"logo\":{\"@type\":\"ImageObject\",\"inLanguage\":\"az\",\"@id\":\"https:\\\/\\\/www.meydan.tv\\\/az\\\/#\\\/schema\\\/logo\\\/image\\\/\",\"url\":\"https:\\\/\\\/www.meydan.tv\\\/wp-content\\\/uploads\\\/2021\\\/07\\\/meydan-logo.svg\",\"contentUrl\":\"https:\\\/\\\/www.meydan.tv\\\/wp-content\\\/uploads\\\/2021\\\/07\\\/meydan-logo.svg\",\"width\":195,\"height\":46,\"caption\":\"Meydan TV\"},\"image\":{\"@id\":\"https:\\\/\\\/www.meydan.tv\\\/az\\\/#\\\/schema\\\/logo\\\/image\\\/\"}},{\"@type\":\"Person\",\"@id\":\"https:\\\/\\\/www.meydan.tv\\\/az\\\/#\\\/schema\\\/person\\\/10d11eccf6da3662cf5fdab9806ea91a\",\"name\":\"user-manager\"}]}<\/script>\n<!-- \/ Yoast SEO plugin. -->","yoast_head_json":{"title":"M\u00fchacir jurnalist Fikr\u0259t H\u00fcseynli Kiyev aeroportunda saxlan\u0131ld\u0131 - MEYDAN.TV","robots":{"index":"index","follow":"follow","max-snippet":"max-snippet:-1","max-image-preview":"max-image-preview:large","max-video-preview":"max-video-preview:-1"},"canonical":"https:\/\/www.meydan.tv\/az\/article\/muhacir-jurnalist-fikret-huseynli-kiyev-aeroportunda-saxlanildi\/","og_locale":"az_AZ","og_type":"article","og_title":"M\u00fchacir jurnalist Fikr\u0259t H\u00fcseynli Kiyev aeroportunda saxlan\u0131ld\u0131 - MEYDAN.TV","og_description":"Onun Az\u0259rbaycan hakimiyy\u0259tinin sor\u011fusu \u0259sas\u0131nda saxlan\u0131ld\u0131\u011f\u0131 bildirilir","og_url":"https:\/\/www.meydan.tv\/az\/article\/muhacir-jurnalist-fikret-huseynli-kiyev-aeroportunda-saxlanildi\/","og_site_name":"MEYDAN.TV","article_published_time":"2017-10-14T15:33:17+00:00","og_image":[{"width":810,"height":450,"url":"https:\/\/www.meydan.tv\/wp-content\/uploads\/37062.png","type":"image\/png"}],"author":"user-manager","twitter_card":"summary_large_image","schema":{"@context":"https:\/\/schema.org","@graph":[{"@type":"Article","@id":"https:\/\/www.meydan.tv\/az\/article\/muhacir-jurnalist-fikret-huseynli-kiyev-aeroportunda-saxlanildi\/#article","isPartOf":{"@id":"https:\/\/www.meydan.tv\/az\/article\/muhacir-jurnalist-fikret-huseynli-kiyev-aeroportunda-saxlanildi\/"},"author":{"name":"user-manager","@id":"https:\/\/www.meydan.tv\/az\/#\/schema\/person\/10d11eccf6da3662cf5fdab9806ea91a"},"headline":"M\u00fchacir jurnalist Fikr\u0259t H\u00fcseynli Kiyev aeroportunda saxlan\u0131ld\u0131","datePublished":"2017-10-14T15:33:17+00:00","mainEntityOfPage":{"@id":"https:\/\/www.meydan.tv\/az\/article\/muhacir-jurnalist-fikret-huseynli-kiyev-aeroportunda-saxlanildi\/"},"wordCount":299,"publisher":{"@id":"https:\/\/www.meydan.tv\/az\/#organization"},"image":{"@id":"https:\/\/www.meydan.tv\/az\/article\/muhacir-jurnalist-fikret-huseynli-kiyev-aeroportunda-saxlanildi\/#primaryimage"},"thumbnailUrl":"https:\/\/www.meydan.tv\/wp-content\/uploads\/37062.png","articleSection":["X\u0259b\u0259rl\u0259r"],"inLanguage":"az"},{"@type":"WebPage","@id":"https:\/\/www.meydan.tv\/az\/article\/muhacir-jurnalist-fikret-huseynli-kiyev-aeroportunda-saxlanildi\/","url":"https:\/\/www.meydan.tv\/az\/article\/muhacir-jurnalist-fikret-huseynli-kiyev-aeroportunda-saxlanildi\/","name":"M\u00fchacir jurnalist Fikr\u0259t H\u00fcseynli Kiyev aeroportunda saxlan\u0131ld\u0131 - MEYDAN.TV","isPartOf":{"@id":"https:\/\/www.meydan.tv\/az\/#website"},"primaryImageOfPage":{"@id":"https:\/\/www.meydan.tv\/az\/article\/muhacir-jurnalist-fikret-huseynli-kiyev-aeroportunda-saxlanildi\/#primaryimage"},"image":{"@id":"https:\/\/www.meydan.tv\/az\/article\/muhacir-jurnalist-fikret-huseynli-kiyev-aeroportunda-saxlanildi\/#primaryimage"},"thumbnailUrl":"https:\/\/www.meydan.tv\/wp-content\/uploads\/37062.png","datePublished":"2017-10-14T15:33:17+00:00","breadcrumb":{"@id":"https:\/\/www.meydan.tv\/az\/article\/muhacir-jurnalist-fikret-huseynli-kiyev-aeroportunda-saxlanildi\/#breadcrumb"},"inLanguage":"az","potentialAction":[{"@type":"ReadAction","target":["https:\/\/www.meydan.tv\/az\/article\/muhacir-jurnalist-fikret-huseynli-kiyev-aeroportunda-saxlanildi\/"]}]},{"@type":"ImageObject","inLanguage":"az","@id":"https:\/\/www.meydan.tv\/az\/article\/muhacir-jurnalist-fikret-huseynli-kiyev-aeroportunda-saxlanildi\/#primaryimage","url":"https:\/\/www.meydan.tv\/wp-content\/uploads\/37062.png","contentUrl":"https:\/\/www.meydan.tv\/wp-content\/uploads\/37062.png","width":810,"height":450,"caption":"Source:"},{"@type":"BreadcrumbList","@id":"https:\/\/www.meydan.tv\/az\/article\/muhacir-jurnalist-fikret-huseynli-kiyev-aeroportunda-saxlanildi\/#breadcrumb","itemListElement":[{"@type":"ListItem","position":1,"name":"Ana s\u0259hif\u0259","item":"https:\/\/www.meydan.tv\/az\/"},{"@type":"ListItem","position":2,"name":"X\u0259b\u0259rl\u0259r","item":"https:\/\/www.meydan.tv\/az\/section\/xeberler\/"},{"@type":"ListItem","position":3,"name":"M\u00fchacir jurnalist Fikr\u0259t H\u00fcseynli Kiyev aeroportunda saxlan\u0131ld\u0131"}]},{"@type":"WebSite","@id":"https:\/\/www.meydan.tv\/az\/#website","url":"https:\/\/www.meydan.tv\/az\/","name":"MEYDAN.TV","description":"Meydan TV Az\u0259rbaycan\u0131n media m\u0259kan\u0131ndak\u0131 alternativ s\u0259sidir","publisher":{"@id":"https:\/\/www.meydan.tv\/az\/#organization"},"potentialAction":[{"@type":"SearchAction","target":{"@type":"EntryPoint","urlTemplate":"https:\/\/www.meydan.tv\/az\/?s={search_term_string}"},"query-input":{"@type":"PropertyValueSpecification","valueRequired":true,"valueName":"search_term_string"}}],"inLanguage":"az"},{"@type":"Organization","@id":"https:\/\/www.meydan.tv\/az\/#organization","name":"Meydan TV","url":"https:\/\/www.meydan.tv\/az\/","logo":{"@type":"ImageObject","inLanguage":"az","@id":"https:\/\/www.meydan.tv\/az\/#\/schema\/logo\/image\/","url":"https:\/\/www.meydan.tv\/wp-content\/uploads\/2021\/07\/meydan-logo.svg","contentUrl":"https:\/\/www.meydan.tv\/wp-content\/uploads\/2021\/07\/meydan-logo.svg","width":195,"height":46,"caption":"Meydan TV"},"image":{"@id":"https:\/\/www.meydan.tv\/az\/#\/schema\/logo\/image\/"}},{"@type":"Person","@id":"https:\/\/www.meydan.tv\/az\/#\/schema\/person\/10d11eccf6da3662cf5fdab9806ea91a","name":"user-manager"}]}},"_links":{"self":[{"href":"https:\/\/www.meydan.tv\/az\/wp-json\/wp\/v2\/posts\/186992","targetHints":{"allow":["GET"]}}],"collection":[{"href":"https:\/\/www.meydan.tv\/az\/wp-json\/wp\/v2\/posts"}],"about":[{"href":"https:\/\/www.meydan.tv\/az\/wp-json\/wp\/v2\/types\/post"}],"author":[{"embeddable":true,"href":"https:\/\/www.meydan.tv\/az\/wp-json\/wp\/v2\/users\/11"}],"replies":[{"embeddable":true,"href":"https:\/\/www.meydan.tv\/az\/wp-json\/wp\/v2\/comments?post=186992"}],"version-history":[{"count":0,"href":"https:\/\/www.meydan.tv\/az\/wp-json\/wp\/v2\/posts\/186992\/revisions"}],"wp:featuredmedia":[{"embeddable":true,"href":"https:\/\/www.meydan.tv\/az\/wp-json\/wp\/v2\/media\/93874"}],"wp:attachment":[{"href":"https:\/\/www.meydan.tv\/az\/wp-json\/wp\/v2\/media?parent=186992"}],"wp:term":[{"taxonomy":"category","embeddable":true,"href":"https:\/\/www.meydan.tv\/az\/wp-json\/wp\/v2\/categories?post=186992"},{"taxonomy":"post_tag","embeddable":true,"href":"https:\/\/www.meydan.tv\/az\/wp-json\/wp\/v2\/tags?post=186992"}],"curies":[{"name":"wp","href":"https:\/\/api.w.org\/{rel}","templated":true}]}}