{"id":186938,"date":"2017-10-11T17:35:20","date_gmt":"2017-10-11T17:35:20","guid":{"rendered":"https:\/\/www.meydan.tv\/article\/azerbaycanin-doyusmeden-olen-esgerleri\/"},"modified":"2017-10-11T17:35:20","modified_gmt":"2017-10-11T17:35:20","slug":"azerbaycanin-doyusmeden-olen-esgerleri","status":"publish","type":"post","link":"https:\/\/www.meydan.tv\/az\/article\/azerbaycanin-doyusmeden-olen-esgerleri\/","title":{"rendered":"Az\u0259rbaycan\u0131n d\u00f6y\u00fc\u015fm\u0259d\u0259n \u00f6l\u0259n \u0259sg\u0259rl\u0259ri"},"content":{"rendered":"<p>\n  F\u00fczuli Rayon H\u0259rbi M\u0259hk\u0259m\u0259sind\u0259 \u0259sg\u0259r P\u0259rviz Pa\u015fayevin \u00f6l\u00fcm\u00fc il\u0259 ba\u011fl\u0131 m\u0259hk\u0259m\u0259 ara\u015fd\u0131rmas\u0131 apar\u0131l\u0131r. Dindiril\u0259nl\u0259r aras\u0131nda P\u0259rviz Pa\u015fayevin yax\u0131nlar\u0131 il\u0259 yana\u015f\u0131 onun \u201cN\u201d sayl\u0131 h\u0259rbi hiss\u0259d\u0259 xidm\u0259t ed\u0259n \u0259sg\u0259r yolda\u015flar\u0131 da olub.\n<\/p>\n<p>\n  \u00a0P\u0259rviz Pa\u015fayevin atas\u0131 Pa\u015fa Pa\u015fayev Meydan Tv-y\u0259 o\u011flunun \u00f6l\u00fcm\u00fc il\u0259 ba\u011fl\u0131 veril\u0259n \u015fahid ifad\u0259l\u0259rinin saxtala\u015fd\u0131r\u0131ld\u0131\u011f\u0131n\u0131 deyib. Onun s\u00f6zl\u0259rin\u0259 g\u00f6r\u0259, ibtidai istintaq v\u0259 m\u0259hk\u0259m\u0259d\u0259 veril\u0259n ifad\u0259l\u0259r \u00fcst-\u00fcst\u0259 d\u00fc\u015fm\u0259yib.\n<\/p>\n<p>\n  \u00a0\u201c\u015eahidl\u0259r ilkin istintaq zaman\u0131 o\u011flumun Mil-Mu\u011fan kanal\u0131n\u0131n \u00fcz\u0259rind\u0259ki turban\u0131n \u00fcst\u00fcnd\u0259n ke\u00e7\u0259rk\u0259n s\u00fcr\u00fc\u015f\u0259r\u0259k suya d\u00fc\u015fd\u00fcy\u00fcn\u00fc, m\u0259hk\u0259m\u0259d\u0259 is\u0259 \u00e7imm\u0259k \u00fc\u00e7\u00fcn suya at\u0131ld\u0131\u011f\u0131n\u0131 deyibl\u0259r. \u018fsg\u0259rl\u0259r kanal\u0131n hans\u0131 istiqam\u0259t\u0259 axd\u0131\u011f\u0131n\u0131, hadis\u0259 zaman\u0131 kimin harda dayand\u0131\u011f\u0131n\u0131 da dey\u0259 bilm\u0259dil\u0259r. Ba\u015f leytenant is\u0259 dedi ki, o, h\u0259rbi hiss\u0259d\u0259 n\u00f6vb\u0259t\u00e7i olub, hadis\u0259 yerind\u0259 olmay\u0131b\u201d, &#8211; dey\u0259 ata Pa\u015fayev bildirb.\n<\/p>\n<p>\n  \u00a0H\u0259rbi Prokurorluq P\u0259rviz Pa\u015fayevin 2016-ci il iyulun 30-da Mil-Mu\u011fan su kanal\u0131na d\u00fc\u015f\u0259r\u0259k bo\u011fuldu\u011funu, onun \u00f6l\u00fcm\u00fc il\u0259 ba\u011fl\u0131 gizir Ramin Bayramovun saxlan\u0131ld\u0131\u011f\u0131n\u0131 a\u00e7\u0131qlam\u0131\u015fd\u0131. Gizir\u0259 qar\u015f\u0131 Cinay\u0259t M\u0259c\u0259ll\u0259sinin (CM) 342.2-ci madd\u0259si il\u0259 (r\u0259isin xidm\u0259ti borcuna s\u0259hl\u0259nkar yana\u015fmas\u0131 a\u011f\u0131r n\u0259tic\u0259l\u0259r\u0259 s\u0259b\u0259b olduqda) ittiham ir\u0259li s\u00fcr\u00fcl\u00fcb.\n<\/p>\n<p>\n  \u00a0Pa\u015fa Pa\u015fayev deyir ki, P\u0259rviz u\u015faql\u0131\u011f\u0131n\u0131 d\u0259niz k\u0259nar\u0131nda ke\u00e7irib. O, \u00f6vlad\u0131n\u0131n kanalda bo\u011fulub \u00f6ld\u00fcy\u00fcn\u0259 inanm\u0131r: \u201cBuzovnada d\u0259nizin k\u0259nar\u0131nda b\u00f6y\u00fcy\u0259n u\u015faq olub. \u00dczm\u0259yi bacar\u0131rd\u0131. Suda bo\u011fulmu\u015f olsayd\u0131, a\u011fciy\u0259rl\u0259rind\u0259n su \u00e7\u0131xmal\u0131 idi. Amma c\u0259s\u0259di yaranda d\u00f6\u015f q\u0259f\u0259sinin alt\u0131nda v\u0259 a\u011fciy\u0259rind\u0259 qan laxtas\u0131 a\u015fkarlan\u0131b. Boynunda bo\u011fulma, \u0259ll\u0259rind\u0259, dirs\u0259yind\u0259 x\u0259sar\u0259t izl\u0259ri var idi. Ekspertizan\u0131n cavab\u0131nda is\u0259 yaz\u0131blar ki, o\u011flum suda bo\u011fulub \u00f6l\u00fcb\u201d.\n<\/p>\n<p>\n  \u00a0Ata iddia edir ki, o\u011flunu \u00f6l\u00fcmc\u00fcl \u015f\u0259kild\u0259 d\u00f6y\u0259nd\u0259n sonra kanala at\u0131blar: \u201cH\u0259rbi prokurorluq q\u0259sd\u0259n adam\u00f6ld\u00fcrm\u0259 madd\u0259si \u00fczr\u0259 cinay\u0259t i\u015fi a\u00e7mal\u0131 idi. Giziri t\u0259kc\u0259 s\u0259hl\u0259nkarl\u0131qda ittiham edibl\u0259r. Amma ortada \u00f6l\u00fcm fakt\u0131 da var\u201d. H\u0259rbi Prokurorluq is\u0259 bildirib ki, P\u0259rviz Pa\u015fayevin \u00f6ld\u00fcr\u00fcl\u0259r\u0259k kanala at\u0131lmas\u0131 istintaq zaman\u0131 t\u0259sdiqini tapmay\u0131b.\n<\/p>\n<p>\n  Az\u0259rbaycan v\u0259t\u0259nda\u015flar\u0131 m\u00fcdd\u0259tli h\u0259qiqi h\u0259rbi xidm\u0259t\u0259 m\u00fcvafiq icra hakimiyy\u0259ti orqan\u0131n\u0131n akt\u0131 \u0259sas\u0131nda ild\u0259 d\u00f6rd d\u0259f\u0259 &#8211; yanvar, aprel, iyul v\u0259 oktyabr aylar\u0131n\u0131n 1-d\u0259n 30-d\u0259k<br \/>\n  <a href=\"http:\/\/www.president.az\/articles\/4286\/print\"><br \/>\n    \u00e7a\u011f\u0131r\u0131l\u0131rlar<br \/>\n  <\/a><br \/>\n  .\n<\/p>\n<p>\n  P\u0259rviz Pa\u015fayev h\u0259rbi xidm\u0259t\u0259 2015-ci ilin oktyabr\u0131nda Bak\u0131n\u0131n X\u0259z\u0259r rayonundan yollan\u0131b.\n<\/p>\n<p>\n  \u00a0Az\u0259rbaycanda m\u00fcdd\u0259tli h\u0259qiqi xidm\u0259t m\u0259cburi m\u00fck\u0259ll\u0259fiyy\u0259t say\u0131l\u0131r. &#8220;H\u0259rbi xidm\u0259t v\u0259 h\u0259rbi v\u0259zif\u0259 haqq\u0131nda&#8221; qanunda deyilir ki, 18 ya\u015f\u0131na \u00e7atm\u0131\u015f, h\u0259rbi xidm\u0259t\u0259 yararl\u0131 olan h\u0259r bir ki\u015fi cinsli v\u0259t\u0259nda\u015f 1 il alt\u0131 ay m\u00fcdd\u0259tin\u0259 h\u0259rbi xidm\u0259t\u0259 yollan\u0131r. Bu m\u00fcdd\u0259t ali t\u0259hsilli v\u0259t\u0259nda\u015flar \u00fc\u00e7\u00fcn 1 il m\u00fc\u0259yy\u0259nl\u0259\u015fdirilib. M\u00fcdd\u0259tli h\u0259qiqi h\u0259rbi xidm\u0259t ke\u00e7m\u0259mi\u015f, h\u0259rbi xidm\u0259t\u0259 \u00e7a\u011f\u0131r\u0131\u015fdan m\u00f6hl\u0259t h\u00fcququ olmayan, \u00e7a\u011f\u0131r\u0131\u015fdan azad edilm\u0259mi\u015f \u015f\u0259xsl\u0259r 35 ya\u015fad\u0259k h\u0259rbi xidm\u0259t\u0259 \u00e7a\u011f\u0131r\u0131l\u0131rlar.\n<\/p>\n<p>\n  P\u0259rviz d\u0259 ordu s\u0131ralar\u0131na 18 ya\u015f\u0131 tamam olandan sonra yollan\u0131b. Onun \u00f6l\u00fcm\u00fc h\u0259rbi xidm\u0259t zaman\u0131 qeyd\u0259 al\u0131nan yegan\u0259 itki deyil.\n<\/p>\n<p>\n  &#8220;X\u0259z\u0259r&#8221; H\u0259rbi T\u0259dqiqatlar \u0130nstitutunun media v\u0259 sosial \u015f\u0259b\u0259k\u0259l\u0259rd\u0259 apard\u0131\u011f\u0131 monitorinq \u0259sas\u0131nda haz\u0131rlad\u0131\u011f\u0131 m\u0259lumatlarda deyilir ki, 2003-2016-c\u0131 ill\u0259rd\u0259 Az\u0259rbaycan ordusu 1044 \u0259sg\u0259rini itirib: onlar\u0131n 30%-i d\u00f6y\u00fc\u015f, 60%-i qeyri-d\u00f6y\u00fc\u015f \u015f\u0259raitind\u0259 d\u00fcnyas\u0131n\u0131 d\u0259yi\u015fib.\n<\/p>\n<p>\n  \u00a0Qeyri &#8211; d\u00f6y\u00fc\u015f \u015f\u0259raitind\u0259 d\u00fcnyas\u0131n\u0131 d\u0259yi\u015f\u0259nl\u0259r:\n<\/p>\n<p>\n  24,7 % &#8211; dedov\u015fina (qeyri-nizamnam\u0259 hadis\u0259l\u0259ri)\n<\/p>\n<p>\n  21.6% &#8211; intihar v\u0259 ehtiyats\u0131zl\u0131q\n<\/p>\n<p>\n  18 % &#8211; avtomobil v\u0259 t\u0259yyar\u0259 q\u0259zalar\u0131\n<\/p>\n<p>\n  15 % &#8211; b\u0259db\u0259xt hadis\u0259l\u0259r\n<\/p>\n<p>\n  13.7% &#8211; x\u0259st\u0259lik v\u0259 z\u0259h\u0259rl\u0259nm\u0259\n<\/p>\n<p>\n  1.2% &#8211; Milli T\u0259hl\u00fck\u0259sizlik Nazirliyinin ke\u00e7irdiyi \u0259m\u0259liyyat t\u0259dbirl\u0259ri\n<\/p>\n<p>\n  6% &#8211; \u00f6l\u00fcm s\u0259b\u0259bi m\u00fc\u0259mmal\u0131 qal\u0131b\n<\/p>\n<figure class=\"wp-block-image size-large\">\n  <img decoding=\"async\" src=\"https:\/\/www.meydan.tv\/az\/93588\/\" alt=\"\" class=\"wp-image-93588\"\/><figcaption><\/figcaption><\/figure>\n<p>\n  Orduda ba\u015f ver\u0259n \u00f6l\u00fcm hallar\u0131 il\u0259 ba\u011fl\u0131 ilk t\u0259\u015fkilatlanm\u0131\u015f etiraz v\u0259 ictimai m\u00fcqavim\u0259t 2013-c\u00fc ild\u0259 ba\u015flad\u0131. M\u00fcdafi\u0259 Nazirliyi 2013-c\u00fc il yanvar\u0131n 7-d\u0259 Da\u015fk\u0259s\u0259n rayonundan h\u0259rbi xidm\u0259t\u0259 yollanan \u0259sg\u0259r Ceyhun Qubadovun \u00fcr\u0259k \u00e7at\u0131\u015fmazl\u0131\u011f\u0131ndan \u00f6ld\u00fcy\u00fcn\u00fc a\u00e7\u0131qlayanda, valideynl\u0259ri bununla raz\u0131l\u015famad\u0131. M\u0259rhumun anas\u0131 Samir\u0259 Qubadova o\u011flunun \u00fcz\u0259rind\u0259 i\u015f\u011f\u0259nc\u0259 izl\u0259ri olan fotolar\u0131 yayd\u0131.\n<\/p>\n<p>\n  Bu a\u00e7\u0131qlamadan sonra sosial \u015f\u0259b\u0259k\u0259l\u0259rd\u0259 t\u0259\u015fkilatlanan qruplar Ceyhun Qubadovun \u00f6l\u00fcm\u00fcnd\u0259n be\u015f gun sonra &#8211; yanvar\u0131n 12-d\u0259 &#8220;\u018fsg\u0259r \u00f6l\u00fcml\u0259rin\u0259 son!&#8221; \u015f\u00fcar\u0131 alt\u0131nda etiraz aksiyas\u0131 ke\u00e7irdil\u0259r. Etirazlara xidm\u0259t zaman\u0131 d\u00fcnyas\u0131n\u0131 d\u0259yi\u015f\u0259n \u0259sg\u0259rl\u0259rin valideyl\u0259ri v\u0259 yax\u0131nlar\u0131 da qo\u015fuldular. Bu aksiyadan sonra M\u00fcdafi\u0259 Nazirliyi Ceyhun Qubadovun \u00fcr\u0259k \u00e7at\u0131\u015fmazl\u0131\u011f\u0131ndan yox, nizam-intizam qaydas\u0131n\u0131n pozulmas\u0131 n\u0259tic\u0259sind\u0259 d\u00fcnyas\u0131n\u0131 d\u0259yi\u015fdiyini a\u00e7\u0131qlad\u0131.\n<\/p>\n<p>\n  \u018fsg\u0259r \u00f6l\u00fcml\u0259ri il\u0259 ba\u011fl\u0131 ikinci aksiya 2013-c\u00fc il mart\u0131n 10-da ke\u00e7irildi. Aksiya i\u015ftirak\u00e7\u0131lar\u0131 orduda islahatlar\u0131n ke\u00e7irilm\u0259sini, \u00f6l\u0259n \u0259sg\u0259rl\u0259rin i\u015finin \u0259dal\u0259tli ara\u015fd\u0131r\u0131lmas\u0131n\u0131, g\u00fcnahkarlar\u0131n c\u0259zaland\u0131r\u0131lmas\u0131n\u0131 t\u0259l\u0259b edirdil\u0259r.\n<\/p>\n<p>\n  Sonuncu etiraz aksiyas\u0131ndan yeddi ay sonra 18 il m\u00fcdafi\u0259 naziri v\u0259zif\u0259sini icra ed\u0259n general-polkovnik S\u0259f\u0259r \u018fbiyev istefa verdi. Oktyabr\u0131n 22-d\u0259 \u018fbiyevi Daxili Qo\u015funlar\u0131n Komandan\u0131 general-polkovnik Zakir H\u0259s\u0259nov \u0259v\u0259z etdi. Nazir d\u0259yi\u015fikliyinin orduda yeni nizam\u0131n qurulaca\u011f\u0131 v\u0259 \u00f6l\u00fcm hallar\u0131n\u0131n qar\u015f\u0131s\u0131n\u0131n al\u0131naca\u011f\u0131na dair g\u00f6zl\u0259ntil\u0259r yaratm\u0131\u015fd\u0131.\n<\/p>\n<p>\n  \u201cX\u0259z\u0259r\u201d H\u0259rbi T\u0259diqiatlar \u0130nstitutunun statistikas\u0131 g\u00f6st\u0259rir ki, qeyri-d\u00f6y\u00fc\u015f \u00f6l\u00fcm hal\u0131 \u0259n az 2005-ci (39%), \u0259n \u00e7ox is\u0259 2011-ci ild\u0259 (86%) m\u00fc\u015fahid\u0259 olunub. Bu hallar 2011-ci ild\u0259n sonra azalma\u011fa ba\u015flay\u0131b. Bununla bel\u0259, 2015-ci il\u0259d\u0259k qeyri-d\u00f6y\u00fc\u015f itkil\u0259rinin say\u0131 d\u00f6y\u00fc\u015f itkil\u0259ri il\u0259 m\u00fcqayis\u0259d\u0259 \u00fcst\u00fcnl\u00fck t\u0259\u015fkil edib. D\u00f6y\u00fc\u015f itkisinin say\u0131 2015-ci ilin aprel d\u00f6y\u00fc\u015fl\u0259rinin n\u0259tic\u0259sind\u0259 k\u0259skin \u015f\u0259kild\u0259 art\u0131b.\n<\/p>\n<p>\n  \u00d6z yolda\u015flar\u0131 v\u0259 y\u00fcks\u0259k r\u00fctb\u0259li h\u0259rb\u00e7il\u0259r t\u0259r\u0259find\u0259n \u00f6ld\u00fcr\u00fcl\u0259n \u0259sg\u0259rl\u0259r haqq\u0131nda dan\u0131\u015fan h\u0259rbi ekspert C\u0259sur M\u0259mm\u0259dov hesab edir ki, v\u0259t\u0259nda\u015flar m\u00fck\u0259ll\u0259fiyy\u0259tli yox, m\u00fcqavil\u0259 \u0259sas\u0131nda h\u0259rbi xidm\u0259t\u0259 \u00e7a\u011f\u0131r\u0131lmal\u0131d\u0131rlar: \u201cH\u0259rb\u00e7il\u0259rin sosial v\u0259ziyy\u0259tini yax\u015f\u0131la\u015fd\u0131rmaq, ordu r\u0259hb\u0259rliyin\u0259 savadl\u0131 kadrlar c\u0259lb etm\u0259k, ictimai n\u0259zar\u0259t mexanizmini g\u00fccl\u0259ndirm\u0259k laz\u0131md\u0131r\u201d.\n<\/p>\n<p>\n  Az\u0259rbaycan h\u00f6kum\u0259ti ordu \u00fcz\u0259rind\u0259 ictimai n\u0259zar\u0259t mexanizminin yarad\u0131lmas\u0131na qar\u015f\u0131 d\u00f6z\u00fcms\u00fczd\u00fcr. H\u00f6kum\u0259t \u00f6lk\u0259nin h\u00fcdudlar\u0131 daxilind\u0259 bu istiqam\u0259td\u0259 h\u0259yata ke\u00e7iril\u0259n b\u00fct\u00fcn c\u0259hdl\u0259rin qar\u015f\u0131s\u0131n\u0131 al\u0131b. M\u0259s\u0259l\u0259n 2013-c\u00fc ild\u0259 orduda \u00f6l\u00fcm hallar\u0131 il\u0259 ba\u011fl\u0131 etiraz aksiyas\u0131n\u0131n t\u0259\u015fkilind\u0259 f\u0259all\u0131q g\u00f6st\u0259r\u0259n N\u0130DA V\u0259t\u0259nda\u015f H\u0259r\u0259kat\u0131n\u0131n \u00fc\u00e7 \u00fczv\u00fc aksiyadan \u0259vv\u0259l narkotik v\u0259 partlay\u0131c\u0131 madd\u0259 g\u0259zdirm\u0259 ittiham\u0131 il\u0259 saxlan\u0131ld\u0131. Davam ed\u0259n repressiyalar n\u0259tic\u0259sind\u0259 N\u0130DA-n\u0131n 8 \u00fczv\u00fc h\u0259bs olundu.\n<\/p>\n<p>\n  F\u0259allar\u0131n \u0259ks\u0259riyy\u0259ti bir ne\u00e7\u0259 il sonra azadl\u0131\u011fa burax\u0131lsalar da, \u201cFacebook\u201dda etiraz d\u0259v\u0259tini yaradan \u0130lkin R\u00fcst\u0259mzad\u0259 h\u0259l\u0259 d\u0259 h\u0259bsd\u0259 saxlan\u0131l\u0131r. O, 2013-c\u00fc ild\u0259 8 il m\u00fcdd\u0259tin\u0259 azadl\u0131qdan m\u0259hrum edilib.\n<\/p>\n<p>\n  H\u0259rbi ekspert C\u0259sur M\u0259mm\u0259dov 2014-cu ild\u0259 qar\u015f\u0131la\u015fd\u0131\u011f\u0131 t\u0259zyiql\u0259r n\u0259tic\u0259sind\u0259 Az\u0259rbaycan\u0131 t\u0259rk edib. O, \u00fc\u00e7 d\u0259f\u0259 Milli T\u0259hl\u00fck\u0259sizlik Nazirliyin\u0259 \u00e7a\u011f\u0131r\u0131laraq t\u0259hdid olunub, ondan h\u0259rbi qulluq\u00e7ular\u0131n \u00f6l\u00fcm statistikas\u0131n\u0131 yaymamaq t\u0259l\u0259b olunub. M\u0259mm\u0259dov haz\u0131rda f\u0259aliyy\u0259tini siyasi s\u0131\u011f\u0131nacaq \u00fc\u00e7\u00fcn m\u00fcraci\u0259t etdiyi Almaniyadan davam etdirir.\n<\/p>\n<p>\n  C\u0259sur M\u0259mm\u0259dovun r\u0259hb\u0259rlik etdiyi \u201cX\u0259z\u0259r\u201d H\u0259rbi T\u0259dqiqatlar \u0130nstitutunun \u0259n son a\u00e7\u0131qlamas\u0131nda deyilir ki, 2017-ci ilin \u00f6t\u0259n alt\u0131 ay\u0131 \u0259rzind\u0259 Az\u0259rbaycan\u0131n 38 h\u0259rbi qulluq\u00e7usu xidm\u0259t zaman\u0131 d\u00fcnyas\u0131n\u0131 d\u0259yi\u015fib: onlar\u0131n 16-s\u0131 d\u00f6y\u00fc\u015f, 22-si qeyri-d\u00f6y\u00fc\u015f \u015f\u0259raitind\u0259 h\u0259lak olub.<\/p>\n","protected":false},"excerpt":{"rendered":"<p>Onlar\u0131n say\u0131 d\u00f6y\u00fc\u015f itkisind\u0259n iki d\u0259f\u0259 \u00e7oxdur<\/p>\n","protected":false},"author":11,"featured_media":93585,"comment_status":"closed","ping_status":"open","sticky":false,"template":"","format":"standard","meta":{"_acf_changed":false,"_sitemap_exclude":false,"_sitemap_priority":"","_sitemap_frequency":"","footnotes":""},"categories":[51],"tags":[],"class_list":["post-186938","post","type-post","status-publish","format-standard","has-post-thumbnail","hentry","category-analitika","infinite-scroll-item","generate-columns","tablet-grid-50","mobile-grid-100","grid-parent","grid-33","no-featured-image-padding"],"acf":[],"yoast_head":"<!-- This site is optimized with the Yoast SEO plugin v27.4 - https:\/\/yoast.com\/product\/yoast-seo-wordpress\/ -->\n<title>Az\u0259rbaycan\u0131n d\u00f6y\u00fc\u015fm\u0259d\u0259n \u00f6l\u0259n \u0259sg\u0259rl\u0259ri - MEYDAN.TV<\/title>\n<meta name=\"robots\" content=\"index, follow, max-snippet:-1, max-image-preview:large, max-video-preview:-1\" \/>\n<link rel=\"canonical\" href=\"https:\/\/www.meydan.tv\/az\/article\/azerbaycanin-doyusmeden-olen-esgerleri\/\" \/>\n<meta property=\"og:locale\" content=\"az_AZ\" \/>\n<meta property=\"og:type\" content=\"article\" \/>\n<meta property=\"og:title\" content=\"Az\u0259rbaycan\u0131n d\u00f6y\u00fc\u015fm\u0259d\u0259n \u00f6l\u0259n \u0259sg\u0259rl\u0259ri - MEYDAN.TV\" \/>\n<meta property=\"og:description\" content=\"Onlar\u0131n say\u0131 d\u00f6y\u00fc\u015f itkisind\u0259n iki d\u0259f\u0259 \u00e7oxdur\" \/>\n<meta property=\"og:url\" content=\"https:\/\/www.meydan.tv\/az\/article\/azerbaycanin-doyusmeden-olen-esgerleri\/\" \/>\n<meta property=\"og:site_name\" content=\"MEYDAN.TV\" \/>\n<meta property=\"article:published_time\" content=\"2017-10-11T17:35:20+00:00\" \/>\n<meta property=\"og:image\" content=\"https:\/\/www.meydan.tv\/wp-content\/uploads\/36969.jpg\" \/>\n\t<meta property=\"og:image:width\" content=\"1366\" \/>\n\t<meta property=\"og:image:height\" content=\"1024\" \/>\n\t<meta property=\"og:image:type\" content=\"image\/jpeg\" \/>\n<meta name=\"author\" content=\"user-manager\" \/>\n<meta name=\"twitter:card\" content=\"summary_large_image\" \/>\n<script type=\"application\/ld+json\" class=\"yoast-schema-graph\">{\"@context\":\"https:\\\/\\\/schema.org\",\"@graph\":[{\"@type\":\"Article\",\"@id\":\"https:\\\/\\\/www.meydan.tv\\\/az\\\/article\\\/azerbaycanin-doyusmeden-olen-esgerleri\\\/#article\",\"isPartOf\":{\"@id\":\"https:\\\/\\\/www.meydan.tv\\\/az\\\/article\\\/azerbaycanin-doyusmeden-olen-esgerleri\\\/\"},\"author\":{\"name\":\"user-manager\",\"@id\":\"https:\\\/\\\/www.meydan.tv\\\/az\\\/#\\\/schema\\\/person\\\/10d11eccf6da3662cf5fdab9806ea91a\"},\"headline\":\"Az\u0259rbaycan\u0131n d\u00f6y\u00fc\u015fm\u0259d\u0259n \u00f6l\u0259n \u0259sg\u0259rl\u0259ri\",\"datePublished\":\"2017-10-11T17:35:20+00:00\",\"mainEntityOfPage\":{\"@id\":\"https:\\\/\\\/www.meydan.tv\\\/az\\\/article\\\/azerbaycanin-doyusmeden-olen-esgerleri\\\/\"},\"wordCount\":1586,\"publisher\":{\"@id\":\"https:\\\/\\\/www.meydan.tv\\\/az\\\/#organization\"},\"image\":{\"@id\":\"https:\\\/\\\/www.meydan.tv\\\/az\\\/article\\\/azerbaycanin-doyusmeden-olen-esgerleri\\\/#primaryimage\"},\"thumbnailUrl\":\"https:\\\/\\\/www.meydan.tv\\\/wp-content\\\/uploads\\\/36969.jpg\",\"articleSection\":[\"Analitika\"],\"inLanguage\":\"az\"},{\"@type\":\"WebPage\",\"@id\":\"https:\\\/\\\/www.meydan.tv\\\/az\\\/article\\\/azerbaycanin-doyusmeden-olen-esgerleri\\\/\",\"url\":\"https:\\\/\\\/www.meydan.tv\\\/az\\\/article\\\/azerbaycanin-doyusmeden-olen-esgerleri\\\/\",\"name\":\"Az\u0259rbaycan\u0131n d\u00f6y\u00fc\u015fm\u0259d\u0259n \u00f6l\u0259n \u0259sg\u0259rl\u0259ri - MEYDAN.TV\",\"isPartOf\":{\"@id\":\"https:\\\/\\\/www.meydan.tv\\\/az\\\/#website\"},\"primaryImageOfPage\":{\"@id\":\"https:\\\/\\\/www.meydan.tv\\\/az\\\/article\\\/azerbaycanin-doyusmeden-olen-esgerleri\\\/#primaryimage\"},\"image\":{\"@id\":\"https:\\\/\\\/www.meydan.tv\\\/az\\\/article\\\/azerbaycanin-doyusmeden-olen-esgerleri\\\/#primaryimage\"},\"thumbnailUrl\":\"https:\\\/\\\/www.meydan.tv\\\/wp-content\\\/uploads\\\/36969.jpg\",\"datePublished\":\"2017-10-11T17:35:20+00:00\",\"breadcrumb\":{\"@id\":\"https:\\\/\\\/www.meydan.tv\\\/az\\\/article\\\/azerbaycanin-doyusmeden-olen-esgerleri\\\/#breadcrumb\"},\"inLanguage\":\"az\",\"potentialAction\":[{\"@type\":\"ReadAction\",\"target\":[\"https:\\\/\\\/www.meydan.tv\\\/az\\\/article\\\/azerbaycanin-doyusmeden-olen-esgerleri\\\/\"]}]},{\"@type\":\"ImageObject\",\"inLanguage\":\"az\",\"@id\":\"https:\\\/\\\/www.meydan.tv\\\/az\\\/article\\\/azerbaycanin-doyusmeden-olen-esgerleri\\\/#primaryimage\",\"url\":\"https:\\\/\\\/www.meydan.tv\\\/wp-content\\\/uploads\\\/36969.jpg\",\"contentUrl\":\"https:\\\/\\\/www.meydan.tv\\\/wp-content\\\/uploads\\\/36969.jpg\",\"width\":1366,\"height\":1024,\"caption\":\"Source:\"},{\"@type\":\"BreadcrumbList\",\"@id\":\"https:\\\/\\\/www.meydan.tv\\\/az\\\/article\\\/azerbaycanin-doyusmeden-olen-esgerleri\\\/#breadcrumb\",\"itemListElement\":[{\"@type\":\"ListItem\",\"position\":1,\"name\":\"Ana s\u0259hif\u0259\",\"item\":\"https:\\\/\\\/www.meydan.tv\\\/az\\\/\"},{\"@type\":\"ListItem\",\"position\":2,\"name\":\"Analitika\",\"item\":\"https:\\\/\\\/www.meydan.tv\\\/az\\\/section\\\/analitika\\\/\"},{\"@type\":\"ListItem\",\"position\":3,\"name\":\"Az\u0259rbaycan\u0131n d\u00f6y\u00fc\u015fm\u0259d\u0259n \u00f6l\u0259n \u0259sg\u0259rl\u0259ri\"}]},{\"@type\":\"WebSite\",\"@id\":\"https:\\\/\\\/www.meydan.tv\\\/az\\\/#website\",\"url\":\"https:\\\/\\\/www.meydan.tv\\\/az\\\/\",\"name\":\"MEYDAN.TV\",\"description\":\"Meydan TV Az\u0259rbaycan\u0131n media m\u0259kan\u0131ndak\u0131 alternativ s\u0259sidir\",\"publisher\":{\"@id\":\"https:\\\/\\\/www.meydan.tv\\\/az\\\/#organization\"},\"potentialAction\":[{\"@type\":\"SearchAction\",\"target\":{\"@type\":\"EntryPoint\",\"urlTemplate\":\"https:\\\/\\\/www.meydan.tv\\\/az\\\/?s={search_term_string}\"},\"query-input\":{\"@type\":\"PropertyValueSpecification\",\"valueRequired\":true,\"valueName\":\"search_term_string\"}}],\"inLanguage\":\"az\"},{\"@type\":\"Organization\",\"@id\":\"https:\\\/\\\/www.meydan.tv\\\/az\\\/#organization\",\"name\":\"Meydan TV\",\"url\":\"https:\\\/\\\/www.meydan.tv\\\/az\\\/\",\"logo\":{\"@type\":\"ImageObject\",\"inLanguage\":\"az\",\"@id\":\"https:\\\/\\\/www.meydan.tv\\\/az\\\/#\\\/schema\\\/logo\\\/image\\\/\",\"url\":\"https:\\\/\\\/www.meydan.tv\\\/wp-content\\\/uploads\\\/2021\\\/07\\\/meydan-logo.svg\",\"contentUrl\":\"https:\\\/\\\/www.meydan.tv\\\/wp-content\\\/uploads\\\/2021\\\/07\\\/meydan-logo.svg\",\"width\":195,\"height\":46,\"caption\":\"Meydan TV\"},\"image\":{\"@id\":\"https:\\\/\\\/www.meydan.tv\\\/az\\\/#\\\/schema\\\/logo\\\/image\\\/\"}},{\"@type\":\"Person\",\"@id\":\"https:\\\/\\\/www.meydan.tv\\\/az\\\/#\\\/schema\\\/person\\\/10d11eccf6da3662cf5fdab9806ea91a\",\"name\":\"user-manager\"}]}<\/script>\n<!-- \/ Yoast SEO plugin. -->","yoast_head_json":{"title":"Az\u0259rbaycan\u0131n d\u00f6y\u00fc\u015fm\u0259d\u0259n \u00f6l\u0259n \u0259sg\u0259rl\u0259ri - MEYDAN.TV","robots":{"index":"index","follow":"follow","max-snippet":"max-snippet:-1","max-image-preview":"max-image-preview:large","max-video-preview":"max-video-preview:-1"},"canonical":"https:\/\/www.meydan.tv\/az\/article\/azerbaycanin-doyusmeden-olen-esgerleri\/","og_locale":"az_AZ","og_type":"article","og_title":"Az\u0259rbaycan\u0131n d\u00f6y\u00fc\u015fm\u0259d\u0259n \u00f6l\u0259n \u0259sg\u0259rl\u0259ri - MEYDAN.TV","og_description":"Onlar\u0131n say\u0131 d\u00f6y\u00fc\u015f itkisind\u0259n iki d\u0259f\u0259 \u00e7oxdur","og_url":"https:\/\/www.meydan.tv\/az\/article\/azerbaycanin-doyusmeden-olen-esgerleri\/","og_site_name":"MEYDAN.TV","article_published_time":"2017-10-11T17:35:20+00:00","og_image":[{"width":1366,"height":1024,"url":"https:\/\/www.meydan.tv\/wp-content\/uploads\/36969.jpg","type":"image\/jpeg"}],"author":"user-manager","twitter_card":"summary_large_image","schema":{"@context":"https:\/\/schema.org","@graph":[{"@type":"Article","@id":"https:\/\/www.meydan.tv\/az\/article\/azerbaycanin-doyusmeden-olen-esgerleri\/#article","isPartOf":{"@id":"https:\/\/www.meydan.tv\/az\/article\/azerbaycanin-doyusmeden-olen-esgerleri\/"},"author":{"name":"user-manager","@id":"https:\/\/www.meydan.tv\/az\/#\/schema\/person\/10d11eccf6da3662cf5fdab9806ea91a"},"headline":"Az\u0259rbaycan\u0131n d\u00f6y\u00fc\u015fm\u0259d\u0259n \u00f6l\u0259n \u0259sg\u0259rl\u0259ri","datePublished":"2017-10-11T17:35:20+00:00","mainEntityOfPage":{"@id":"https:\/\/www.meydan.tv\/az\/article\/azerbaycanin-doyusmeden-olen-esgerleri\/"},"wordCount":1586,"publisher":{"@id":"https:\/\/www.meydan.tv\/az\/#organization"},"image":{"@id":"https:\/\/www.meydan.tv\/az\/article\/azerbaycanin-doyusmeden-olen-esgerleri\/#primaryimage"},"thumbnailUrl":"https:\/\/www.meydan.tv\/wp-content\/uploads\/36969.jpg","articleSection":["Analitika"],"inLanguage":"az"},{"@type":"WebPage","@id":"https:\/\/www.meydan.tv\/az\/article\/azerbaycanin-doyusmeden-olen-esgerleri\/","url":"https:\/\/www.meydan.tv\/az\/article\/azerbaycanin-doyusmeden-olen-esgerleri\/","name":"Az\u0259rbaycan\u0131n d\u00f6y\u00fc\u015fm\u0259d\u0259n \u00f6l\u0259n \u0259sg\u0259rl\u0259ri - MEYDAN.TV","isPartOf":{"@id":"https:\/\/www.meydan.tv\/az\/#website"},"primaryImageOfPage":{"@id":"https:\/\/www.meydan.tv\/az\/article\/azerbaycanin-doyusmeden-olen-esgerleri\/#primaryimage"},"image":{"@id":"https:\/\/www.meydan.tv\/az\/article\/azerbaycanin-doyusmeden-olen-esgerleri\/#primaryimage"},"thumbnailUrl":"https:\/\/www.meydan.tv\/wp-content\/uploads\/36969.jpg","datePublished":"2017-10-11T17:35:20+00:00","breadcrumb":{"@id":"https:\/\/www.meydan.tv\/az\/article\/azerbaycanin-doyusmeden-olen-esgerleri\/#breadcrumb"},"inLanguage":"az","potentialAction":[{"@type":"ReadAction","target":["https:\/\/www.meydan.tv\/az\/article\/azerbaycanin-doyusmeden-olen-esgerleri\/"]}]},{"@type":"ImageObject","inLanguage":"az","@id":"https:\/\/www.meydan.tv\/az\/article\/azerbaycanin-doyusmeden-olen-esgerleri\/#primaryimage","url":"https:\/\/www.meydan.tv\/wp-content\/uploads\/36969.jpg","contentUrl":"https:\/\/www.meydan.tv\/wp-content\/uploads\/36969.jpg","width":1366,"height":1024,"caption":"Source:"},{"@type":"BreadcrumbList","@id":"https:\/\/www.meydan.tv\/az\/article\/azerbaycanin-doyusmeden-olen-esgerleri\/#breadcrumb","itemListElement":[{"@type":"ListItem","position":1,"name":"Ana s\u0259hif\u0259","item":"https:\/\/www.meydan.tv\/az\/"},{"@type":"ListItem","position":2,"name":"Analitika","item":"https:\/\/www.meydan.tv\/az\/section\/analitika\/"},{"@type":"ListItem","position":3,"name":"Az\u0259rbaycan\u0131n d\u00f6y\u00fc\u015fm\u0259d\u0259n \u00f6l\u0259n \u0259sg\u0259rl\u0259ri"}]},{"@type":"WebSite","@id":"https:\/\/www.meydan.tv\/az\/#website","url":"https:\/\/www.meydan.tv\/az\/","name":"MEYDAN.TV","description":"Meydan TV Az\u0259rbaycan\u0131n media m\u0259kan\u0131ndak\u0131 alternativ s\u0259sidir","publisher":{"@id":"https:\/\/www.meydan.tv\/az\/#organization"},"potentialAction":[{"@type":"SearchAction","target":{"@type":"EntryPoint","urlTemplate":"https:\/\/www.meydan.tv\/az\/?s={search_term_string}"},"query-input":{"@type":"PropertyValueSpecification","valueRequired":true,"valueName":"search_term_string"}}],"inLanguage":"az"},{"@type":"Organization","@id":"https:\/\/www.meydan.tv\/az\/#organization","name":"Meydan TV","url":"https:\/\/www.meydan.tv\/az\/","logo":{"@type":"ImageObject","inLanguage":"az","@id":"https:\/\/www.meydan.tv\/az\/#\/schema\/logo\/image\/","url":"https:\/\/www.meydan.tv\/wp-content\/uploads\/2021\/07\/meydan-logo.svg","contentUrl":"https:\/\/www.meydan.tv\/wp-content\/uploads\/2021\/07\/meydan-logo.svg","width":195,"height":46,"caption":"Meydan TV"},"image":{"@id":"https:\/\/www.meydan.tv\/az\/#\/schema\/logo\/image\/"}},{"@type":"Person","@id":"https:\/\/www.meydan.tv\/az\/#\/schema\/person\/10d11eccf6da3662cf5fdab9806ea91a","name":"user-manager"}]}},"_links":{"self":[{"href":"https:\/\/www.meydan.tv\/az\/wp-json\/wp\/v2\/posts\/186938","targetHints":{"allow":["GET"]}}],"collection":[{"href":"https:\/\/www.meydan.tv\/az\/wp-json\/wp\/v2\/posts"}],"about":[{"href":"https:\/\/www.meydan.tv\/az\/wp-json\/wp\/v2\/types\/post"}],"author":[{"embeddable":true,"href":"https:\/\/www.meydan.tv\/az\/wp-json\/wp\/v2\/users\/11"}],"replies":[{"embeddable":true,"href":"https:\/\/www.meydan.tv\/az\/wp-json\/wp\/v2\/comments?post=186938"}],"version-history":[{"count":0,"href":"https:\/\/www.meydan.tv\/az\/wp-json\/wp\/v2\/posts\/186938\/revisions"}],"wp:featuredmedia":[{"embeddable":true,"href":"https:\/\/www.meydan.tv\/az\/wp-json\/wp\/v2\/media\/93585"}],"wp:attachment":[{"href":"https:\/\/www.meydan.tv\/az\/wp-json\/wp\/v2\/media?parent=186938"}],"wp:term":[{"taxonomy":"category","embeddable":true,"href":"https:\/\/www.meydan.tv\/az\/wp-json\/wp\/v2\/categories?post=186938"},{"taxonomy":"post_tag","embeddable":true,"href":"https:\/\/www.meydan.tv\/az\/wp-json\/wp\/v2\/tags?post=186938"}],"curies":[{"name":"wp","href":"https:\/\/api.w.org\/{rel}","templated":true}]}}