{"id":186831,"date":"2017-10-04T18:50:23","date_gmt":"2017-10-04T18:50:23","guid":{"rendered":"https:\/\/www.meydan.tv\/article\/inqilab-indi-mumkundurmu\/"},"modified":"2017-10-04T18:50:23","modified_gmt":"2017-10-04T18:50:23","slug":"inqilab-indi-mumkundurmu","status":"publish","type":"post","link":"https:\/\/www.meydan.tv\/az\/article\/inqilab-indi-mumkundurmu\/","title":{"rendered":"\u0130nqilab indi m\u00fcmk\u00fcnd\u00fcrm\u00fc?"},"content":{"rendered":"<figure class=\"wp-block-image size-large\">\n  <img decoding=\"async\" src=\"https:\/\/www.meydan.tv\/az\/azadliq-meydaninda-herekatdan\/\" alt=\"Azadl\u0131q meydan\u0131nda h\u0259r\u0259katdan\" class=\"wp-image-93408\"\/><figcaption>\n    Azadl\u0131q meydan\u0131nda h\u0259r\u0259katdan<br \/>\n  <\/figcaption><\/figure>\n<p>\n  <i><br \/>\n    1917 + 100 = 2017<br \/>\n  <\/i>\n<\/p>\n<p>\n  R\u0259q\u0259ml\u0259rl\u0259 ifad\u0259 edil\u0259n ill\u0259rd\u0259n qorxu b\u0259\u015f\u0259riyy\u0259td\u0259 ad\u0259t hal\u0131n\u0131 al\u0131b. \u00c7oxunun yad\u0131ndan da \u00e7\u0131x\u0131b ki, 2000-ci il \u0259r\u0259f\u0259sind\u0259 K\u0130V \u201cd\u00fcnyan\u0131n son\u201dunun \u00e7atd\u0131\u011f\u0131ndan x\u0259b\u0259r ver\u0259n m\u0259qal\u0259l\u0259rl\u0259 dolu idi. \u0130ndi d\u0259 2017-ci ild\u0259, Fevral burjua v\u0259 Oktyabr sosialist inqilablar\u0131n\u0131n y\u00fcz\u00fcnc\u00fc ild\u00f6n\u00fcm\u00fcnd\u0259 hans\u0131sa bir inqilab\u0131n ba\u015f ver\u0259c\u0259yi ehtimal\u0131ndan ciddi yazanlar az deyil.\n<\/p>\n<p>\n  Burada yada \u00c7exovun \u201cQ\u0259zetl\u0259r h\u0259mi\u015f\u0259 yalan yaz\u0131r\u201d k\u0259lam\u0131 d\u00fc\u015f\u00fcr.\n<\/p>\n<p>\n  \u0130nqilab el\u0259 bir t\u0259zah\u00fcrd\u00fcr ki, il\u0259-zada baxm\u0131r. Yubiley d\u0259 onun vecin\u0259 deyil. El\u0259 ki, hakimiyy\u0259t onun ba\u015f verm\u0259si \u00fc\u00e7\u00fcn b\u00fct\u00fcn z\u0259ruri t\u0259dbirl\u0259ri g\u00f6rd\u00fc, g\u00fcn\u00fcn-ilin tarixin\u0259 baxmayaraq ba\u015f tutacaq. Sovet d\u00f6vr\u00fcnd\u0259, Xru\u015f\u015fovun ona-buna \u201cSovet \u0130ttifaq\u0131 Q\u0259hr\u0259man\u0131\u201d ad\u0131n\u0131 paylad\u0131\u011f\u0131 bir vaxtda camaat \u201c\u0130nqilabi situasiya yaratd\u0131\u011f\u0131na g\u00f6r\u0259\u201d Nikolay pad\u015faha da \u00f6l\u00fcm\u00fcnd\u0259n sonra bu f\u0259xri ad\u0131n v\u0259 q\u0131z\u0131l medal\u0131n verilm\u0259si bar\u0259d\u0259 yar\u0131l\u0259tif\u0259, yar\u0131ciddi m\u0259z\u0259l\u0259r s\u00f6yl\u0259yirdi.\n<\/p>\n<p>\n  \u0130nqilab indi m\u00fcmk\u00fcnd\u00fcrm\u00fc? Onu lab\u00fcd ed\u0259n hans\u0131 amill\u0259r indi m\u00f6vcuddur?\n<\/p>\n<p>\n  Ola bilsin ki, haradasa inqilab m\u00fcmk\u00fcnd\u00fcr. B\u0259ri ba\u015fdan deyim ki, Az\u0259rbaycanda inqilab he\u00e7 vaxt olmay\u0131b v\u0259 ola da bilm\u0259z. N\u0259 \u00fc\u00e7\u00fcn? Ona g\u00f6r\u0259. Ola bilm\u0259z, \u00e7\u00fcnki he\u00e7 olmay\u0131b da!\n<\/p>\n<p>\n  \u0130nqilab Avropada, Rusiyada, \u00c7ind\u0259, \u0259r\u0259b \u00f6lk\u0259l\u0259rind\u0259, x\u00fcsus\u0259n \u0130randa ola bil\u0259r. Niy\u0259? \u00c7\u00fcnki \u0259vv\u0259ll\u0259r oralarda inqilab olub, \u00f6z\u00fc d\u0259 bir ne\u00e7\u0259 d\u0259f\u0259 olub. Az\u0259rbaycanda is\u0259 olmay\u0131b.\n<\/p>\n<p>\n  Bilmirik, buna sevin\u0259k, yoxsa a\u011flayaq. Kim s\u0259lam\u0259tliyi sevir, qoy sevinsin, kim ki, dar\u0131xd\u0131\u011f\u0131ndan ba\u011fr\u0131 \u00e7atlay\u0131r, qoy dilxor olsun. 100 faiz bilin ki, bizd\u0259 inqilab m\u00fcmk\u00fcn deyil.\n<\/p>\n<p>\n  Bir d\u0259f\u0259 Bilg\u0259hd\u0259 yerli tan\u0131\u015f\u0131ma ba\u011f\u0131m\u0131z\u0131n tez-tez yar\u0131lmas\u0131ndan gileyl\u0259ndim. Dedi: \u201cG\u0259lm\u0259l\u0259rin i\u015fidir\u201d.\n<\/p>\n<p>\n  Soru\u015fdum: \u201cHaradan bilirs\u0259n\u201d? Dedi: \u201cM\u0259n yerli camaat\u0131 yax\u015f\u0131 tan\u0131y\u0131ram, ke\u00e7\u0259nd\u0259 g\u00f6r\u0259r ki, vedr\u0259, ya da bel h\u0259y\u0259td\u0259 bax\u0131ms\u0131z qal\u0131b, g\u00f6t\u00fcr\u00fcb ged\u0259r, amma ev yarmaz\u201d.\n<\/p>\n<p>\n  \u0130ndi m\u0259n d\u0259 xalq\u0131m\u0131 yax\u015f\u0131 tan\u0131y\u0131ram, i\u011fti\u015fa\u015f, dava-dala\u015f, \u00e7evrili\u015f, vur-\u00e7atlas\u0131n salar, amma inqilab etm\u0259z. M\u0259nc\u0259, hakimiyy\u0259timiz d\u0259 m\u0259n dey\u0259ni deyir. N\u0259inki deyir, h\u0259m d\u0259 bunu milli heysiyyat\u0131m\u0131z\u0131 z\u0259d\u0259l\u0259y\u0259n biab\u0131r\u00e7\u0131l\u0131q say\u0131r. Say\u0131r v\u0259 \u00e7al\u0131\u015f\u0131r ki, bu biab\u0131r\u00e7\u0131l\u0131\u011f\u0131 aradan qald\u0131rs\u0131n, bizi Avropa standartlar\u0131 s\u0259viyy\u0259sin\u0259 qald\u0131rs\u0131n.\n<\/p>\n<p>\n  \u0130nqilab idman n\u00f6v\u00fc olsayd\u0131, maya qoyub xaricd\u0259n bir ortabab pe\u015f\u0259kar inqilab\u00e7\u0131n\u0131 g\u0259tir\u0259rdik v\u0259 o, xalq\u0131m\u0131z\u0131n \u00fcz\u00fcn\u00fc a\u011f ed\u0259rdi, bir d\u0259n\u0259 beyn\u0259lxalq standartlara cavab ver\u0259n inqilab yap\u0131b \u00f6lk\u0259mizin ad\u0131n\u0131 Suriya, Liviya v\u0259 ya, he\u00e7 olmasa, B\u0259hreyn kimi d\u00fcnya K\u0130V-l\u0259rinin man\u015fetl\u0259rin\u0259 \u00e7\u0131xarard\u0131.\n<\/p>\n<p>\n  S\u0259d heyf ki, inqilab idman deyil. Mixail Saaka\u015fvilini is\u0259 prezident Poro\u015fenko art\u0131q Ukrayna \u00fc\u00e7\u00fcn kir\u0259l\u0259yib. \u00dcmid qal\u0131r yerli inqilab\u00e7\u0131 kadrlar\u0131n haz\u0131rlanmas\u0131na. Hakimiyy\u0259t m\u0259hz bel\u0259 milli inqilab\u00e7\u0131 kadrlar\u0131n haz\u0131rlanmas\u0131 il\u0259 ciddi m\u0259\u015f\u011ful olur. Olur, lakin b\u00fct\u00fcn sah\u0259l\u0259rd\u0259 oldu\u011fu kimi, bu sah\u0259d\u0259 d\u0259 oxu da\u015fa d\u0259yir.\n<\/p>\n<p>\n  \u0130ndi bizim yaz\u0131q hakimiyy\u0259t daha n\u0259 etsin ki, xalq inqilaba qalxs\u0131n?\n<\/p>\n<p>\n  V\u0259t\u0259n torpa\u011f\u0131n\u0131n 16%-ni ya\u011f\u0131ya pe\u015fk\u0259\u015f etdi, dinm\u0259dil\u0259r. Nefti yerlil\u0259r\u0259 deyil, \u0259cn\u0259bil\u0259r\u0259 verdi, qanmad\u0131lar. Milli s\u0259nayeni tarmar etdi, uddular. Y\u00fcz minl\u0259ri k\u00fc\u00e7\u0259l\u0259r\u0259 t\u00f6kd\u00fc, sanki el\u0259 bel\u0259 d\u0259 olmal\u0131ym\u0131\u015f. 18 se\u00e7kini dalbadal saxtala\u015fd\u0131rd\u0131, q\u0131m\u0131ldanmad\u0131lar. D\u0259v\u0259l\u0259ri e\u015f\u015f\u0259kl\u0259rin quyruqlar\u0131na ba\u011flad\u0131, g\u00f6zl\u0259rini yer\u0259 tikdil\u0259r. \u00d6lk\u0259ni r\u00fc\u015fv\u0259t v\u0259 qar\u0259t sah\u0259sind\u0259 \u00f6nc\u00fcll\u0259r s\u0131ras\u0131na \u00e7\u0131xard\u0131, vecl\u0259rin\u0259 almad\u0131lar. Neft pullar\u0131n\u0131 x\u0259z\u0259l kimi g\u00f6y\u0259 sovurdu, lal-dinm\u0259z baxd\u0131lar.\n<\/p>\n<p>\n  B\u0259li, hakimiyy\u0259t se\u00e7di h\u00fcn\u0259rli cavanlar\u0131 v\u0259 ba\u015flad\u0131 onlar\u0131 \u0259b\u0259s yerd\u0259n t\u0259qib etm\u0259y\u0259, c\u0259zaland\u0131rma\u011fa. D\u00fc\u015f\u00fcnd\u00fc ki, bu h\u00fcn\u0259rli g\u0259ncl\u0259r m\u0259hb\u0259s v\u0259 i\u015fg\u0259nc\u0259 d\u0259rsl\u0259rind\u0259n qeyz\u0259 g\u0259lib inqilab\u00e7\u0131ya \u00e7evril\u0259c\u0259kl\u0259r.\n<\/p>\n<p>\n  Ay-hay \u00e7evrildil\u0259r ha! El\u0259 ki, hakimiyy\u0259t onlar\u0131 bo\u011fazlar\u0131ndan m\u00f6hk\u0259m tutub silk\u0259l\u0259di v\u0259 sonra bo\u015flay\u0131b d\u00fc\u015f\u00fcnd\u00fc ki, \u201cindi inqilab\u00e7\u0131ya d\u00f6n\u0259c\u0259kl\u0259r\u201d, h\u0259rifl\u0259r \u201casta qa\u00e7an nam\u0259rddir\u201d deyib aradan \u00e7\u0131xd\u0131lar v\u0259 xaricd\u0259 peyda olub h\u00fcrriyy\u0259t namin\u0259 d\u00f6y\u00fc\u015fl\u0259ri qiyabi aparma\u011fa mail olduqlar\u0131n\u0131 g\u00f6st\u0259rdil\u0259r.\n<\/p>\n<p>\n  Bel\u0259 \u015f\u0259raitd\u0259 h\u0259tta bizim hakimiyy\u0259tin \u0259li-qolu bo\u015fal\u0131b yan\u0131na d\u00fc\u015fd\u00fc. Anlama\u011fa ba\u015flad\u0131 ki, lap el\u0259 m\u0259nim kimi, bu xalq he\u00e7 vaxt v\u0259 he\u00e7 bir \u015f\u0259raitd\u0259 inqilaba qalxmaz.\n<\/p>\n<p>\n  D\u00fczd\u00fcr, t\u0259cr\u00fcb\u0259 h\u0259l\u0259 sona \u00e7atmay\u0131b, hakimiyy\u0259tin \u00fcmidi h\u0259l\u0259 d\u0259 tam \u00f6lm\u0259yib. Ola bilsin ki, \u0130lkin R\u00fcst\u0259mzad\u0259, \u0130lqar M\u0259mm\u0259dov v\u0259 Taleh Ba\u011f\u0131rzad\u0259 hakimiyy\u0259tin uzun ill\u0259r h\u0259yata ke\u00e7irdiyi \u201cyerli inqilab\u00e7\u0131 kadrlar b\u0259sl\u0259m\u0259k\u201d layih\u0259sinin u\u011furla ba\u015fa \u00e7atd\u0131\u011f\u0131n\u0131 s\u00fcbut ed\u0259c\u0259kl\u0259r.\n<\/p>\n<p>\n  \u00c7ox qalmay\u0131b, bir azdan hakimiyy\u0259tin inqilaby\u00f6nl\u00fc \u0259z\u0259m\u0259tli f\u0259aliyy\u0259tinin n\u0259tic\u0259l\u0259ri bilin\u0259c\u0259k.\n<\/p>\n<p>\n  <i><br \/>\n    <b><br \/>\n      Yaz\u0131 m\u00fc\u0259llifin fikirl\u0259rini \u0259ks etdirir v\u0259 Meydan TV-nin m\u00f6vqeyi il\u0259 \u00fcst-\u00fcst\u0259 d\u00fc\u015fm\u0259y\u0259 bil\u0259r.<br \/>\n    <\/b><br \/>\n  <\/i><\/p>\n","protected":false},"excerpt":{"rendered":"<p>R\u0259q\u0259ml\u0259rl\u0259 ifad\u0259 edil\u0259n ill\u0259rd\u0259n qorxu b\u0259\u015f\u0259riyy\u0259td\u0259 ad\u0259t hal\u0131n\u0131 al\u0131b<\/p>\n","protected":false},"author":11,"featured_media":93408,"comment_status":"closed","ping_status":"open","sticky":false,"template":"","format":"standard","meta":{"_acf_changed":false,"_sitemap_exclude":false,"_sitemap_priority":"","_sitemap_frequency":"","footnotes":""},"categories":[57],"tags":[],"class_list":["post-186831","post","type-post","status-publish","format-standard","has-post-thumbnail","hentry","category-menim-fikrimce","infinite-scroll-item","generate-columns","tablet-grid-50","mobile-grid-100","grid-parent","grid-33","no-featured-image-padding"],"acf":[],"yoast_head":"<!-- This site is optimized with the Yoast SEO plugin v27.5 - https:\/\/yoast.com\/product\/yoast-seo-wordpress\/ -->\n<title>\u0130nqilab indi m\u00fcmk\u00fcnd\u00fcrm\u00fc? - MEYDAN.TV<\/title>\n<meta name=\"robots\" content=\"index, follow, max-snippet:-1, max-image-preview:large, max-video-preview:-1\" \/>\n<link rel=\"canonical\" href=\"https:\/\/www.meydan.tv\/az\/article\/inqilab-indi-mumkundurmu\/\" \/>\n<meta property=\"og:locale\" content=\"az_AZ\" \/>\n<meta property=\"og:type\" content=\"article\" \/>\n<meta property=\"og:title\" content=\"\u0130nqilab indi m\u00fcmk\u00fcnd\u00fcrm\u00fc? - MEYDAN.TV\" \/>\n<meta property=\"og:description\" content=\"R\u0259q\u0259ml\u0259rl\u0259 ifad\u0259 edil\u0259n ill\u0259rd\u0259n qorxu b\u0259\u015f\u0259riyy\u0259td\u0259 ad\u0259t hal\u0131n\u0131 al\u0131b\" \/>\n<meta property=\"og:url\" content=\"https:\/\/www.meydan.tv\/az\/article\/inqilab-indi-mumkundurmu\/\" \/>\n<meta property=\"og:site_name\" content=\"MEYDAN.TV\" \/>\n<meta property=\"article:published_time\" content=\"2017-10-04T18:50:23+00:00\" \/>\n<meta property=\"og:image\" content=\"https:\/\/www.meydan.tv\/wp-content\/uploads\/36878.jpg\" \/>\n\t<meta property=\"og:image:width\" content=\"1000\" \/>\n\t<meta property=\"og:image:height\" content=\"663\" \/>\n\t<meta property=\"og:image:type\" content=\"image\/jpeg\" \/>\n<meta name=\"author\" content=\"user-manager\" \/>\n<meta name=\"twitter:card\" content=\"summary_large_image\" \/>\n<script type=\"application\/ld+json\" class=\"yoast-schema-graph\">{\"@context\":\"https:\\\/\\\/schema.org\",\"@graph\":[{\"@type\":\"Article\",\"@id\":\"https:\\\/\\\/www.meydan.tv\\\/az\\\/article\\\/inqilab-indi-mumkundurmu\\\/#article\",\"isPartOf\":{\"@id\":\"https:\\\/\\\/www.meydan.tv\\\/az\\\/article\\\/inqilab-indi-mumkundurmu\\\/\"},\"author\":{\"name\":\"user-manager\",\"@id\":\"https:\\\/\\\/www.meydan.tv\\\/az\\\/#\\\/schema\\\/person\\\/10d11eccf6da3662cf5fdab9806ea91a\"},\"headline\":\"\u0130nqilab indi m\u00fcmk\u00fcnd\u00fcrm\u00fc?\",\"datePublished\":\"2017-10-04T18:50:23+00:00\",\"mainEntityOfPage\":{\"@id\":\"https:\\\/\\\/www.meydan.tv\\\/az\\\/article\\\/inqilab-indi-mumkundurmu\\\/\"},\"wordCount\":1008,\"publisher\":{\"@id\":\"https:\\\/\\\/www.meydan.tv\\\/az\\\/#organization\"},\"image\":{\"@id\":\"https:\\\/\\\/www.meydan.tv\\\/az\\\/article\\\/inqilab-indi-mumkundurmu\\\/#primaryimage\"},\"thumbnailUrl\":\"https:\\\/\\\/www.meydan.tv\\\/wp-content\\\/uploads\\\/36878.jpg\",\"articleSection\":[\"M\u0259nim Fikrimc\u0259\"],\"inLanguage\":\"az\"},{\"@type\":\"WebPage\",\"@id\":\"https:\\\/\\\/www.meydan.tv\\\/az\\\/article\\\/inqilab-indi-mumkundurmu\\\/\",\"url\":\"https:\\\/\\\/www.meydan.tv\\\/az\\\/article\\\/inqilab-indi-mumkundurmu\\\/\",\"name\":\"\u0130nqilab indi m\u00fcmk\u00fcnd\u00fcrm\u00fc? - MEYDAN.TV\",\"isPartOf\":{\"@id\":\"https:\\\/\\\/www.meydan.tv\\\/az\\\/#website\"},\"primaryImageOfPage\":{\"@id\":\"https:\\\/\\\/www.meydan.tv\\\/az\\\/article\\\/inqilab-indi-mumkundurmu\\\/#primaryimage\"},\"image\":{\"@id\":\"https:\\\/\\\/www.meydan.tv\\\/az\\\/article\\\/inqilab-indi-mumkundurmu\\\/#primaryimage\"},\"thumbnailUrl\":\"https:\\\/\\\/www.meydan.tv\\\/wp-content\\\/uploads\\\/36878.jpg\",\"datePublished\":\"2017-10-04T18:50:23+00:00\",\"breadcrumb\":{\"@id\":\"https:\\\/\\\/www.meydan.tv\\\/az\\\/article\\\/inqilab-indi-mumkundurmu\\\/#breadcrumb\"},\"inLanguage\":\"az\",\"potentialAction\":[{\"@type\":\"ReadAction\",\"target\":[\"https:\\\/\\\/www.meydan.tv\\\/az\\\/article\\\/inqilab-indi-mumkundurmu\\\/\"]}]},{\"@type\":\"ImageObject\",\"inLanguage\":\"az\",\"@id\":\"https:\\\/\\\/www.meydan.tv\\\/az\\\/article\\\/inqilab-indi-mumkundurmu\\\/#primaryimage\",\"url\":\"https:\\\/\\\/www.meydan.tv\\\/wp-content\\\/uploads\\\/36878.jpg\",\"contentUrl\":\"https:\\\/\\\/www.meydan.tv\\\/wp-content\\\/uploads\\\/36878.jpg\",\"width\":1000,\"height\":663,\"caption\":\"Source:\"},{\"@type\":\"BreadcrumbList\",\"@id\":\"https:\\\/\\\/www.meydan.tv\\\/az\\\/article\\\/inqilab-indi-mumkundurmu\\\/#breadcrumb\",\"itemListElement\":[{\"@type\":\"ListItem\",\"position\":1,\"name\":\"Ana s\u0259hif\u0259\",\"item\":\"https:\\\/\\\/www.meydan.tv\\\/az\\\/\"},{\"@type\":\"ListItem\",\"position\":2,\"name\":\"M\u0259nim Fikrimc\u0259\",\"item\":\"https:\\\/\\\/www.meydan.tv\\\/az\\\/section\\\/menim-fikrimce\\\/\"},{\"@type\":\"ListItem\",\"position\":3,\"name\":\"\u0130nqilab indi m\u00fcmk\u00fcnd\u00fcrm\u00fc?\"}]},{\"@type\":\"WebSite\",\"@id\":\"https:\\\/\\\/www.meydan.tv\\\/az\\\/#website\",\"url\":\"https:\\\/\\\/www.meydan.tv\\\/az\\\/\",\"name\":\"MEYDAN.TV\",\"description\":\"Meydan TV Az\u0259rbaycan\u0131n media m\u0259kan\u0131ndak\u0131 alternativ s\u0259sidir\",\"publisher\":{\"@id\":\"https:\\\/\\\/www.meydan.tv\\\/az\\\/#organization\"},\"potentialAction\":[{\"@type\":\"SearchAction\",\"target\":{\"@type\":\"EntryPoint\",\"urlTemplate\":\"https:\\\/\\\/www.meydan.tv\\\/az\\\/?s={search_term_string}\"},\"query-input\":{\"@type\":\"PropertyValueSpecification\",\"valueRequired\":true,\"valueName\":\"search_term_string\"}}],\"inLanguage\":\"az\"},{\"@type\":\"Organization\",\"@id\":\"https:\\\/\\\/www.meydan.tv\\\/az\\\/#organization\",\"name\":\"Meydan TV\",\"url\":\"https:\\\/\\\/www.meydan.tv\\\/az\\\/\",\"logo\":{\"@type\":\"ImageObject\",\"inLanguage\":\"az\",\"@id\":\"https:\\\/\\\/www.meydan.tv\\\/az\\\/#\\\/schema\\\/logo\\\/image\\\/\",\"url\":\"https:\\\/\\\/www.meydan.tv\\\/wp-content\\\/uploads\\\/2021\\\/07\\\/meydan-logo.svg\",\"contentUrl\":\"https:\\\/\\\/www.meydan.tv\\\/wp-content\\\/uploads\\\/2021\\\/07\\\/meydan-logo.svg\",\"width\":195,\"height\":46,\"caption\":\"Meydan TV\"},\"image\":{\"@id\":\"https:\\\/\\\/www.meydan.tv\\\/az\\\/#\\\/schema\\\/logo\\\/image\\\/\"}},{\"@type\":\"Person\",\"@id\":\"https:\\\/\\\/www.meydan.tv\\\/az\\\/#\\\/schema\\\/person\\\/10d11eccf6da3662cf5fdab9806ea91a\",\"name\":\"user-manager\"}]}<\/script>\n<!-- \/ Yoast SEO plugin. -->","yoast_head_json":{"title":"\u0130nqilab indi m\u00fcmk\u00fcnd\u00fcrm\u00fc? - MEYDAN.TV","robots":{"index":"index","follow":"follow","max-snippet":"max-snippet:-1","max-image-preview":"max-image-preview:large","max-video-preview":"max-video-preview:-1"},"canonical":"https:\/\/www.meydan.tv\/az\/article\/inqilab-indi-mumkundurmu\/","og_locale":"az_AZ","og_type":"article","og_title":"\u0130nqilab indi m\u00fcmk\u00fcnd\u00fcrm\u00fc? - MEYDAN.TV","og_description":"R\u0259q\u0259ml\u0259rl\u0259 ifad\u0259 edil\u0259n ill\u0259rd\u0259n qorxu b\u0259\u015f\u0259riyy\u0259td\u0259 ad\u0259t hal\u0131n\u0131 al\u0131b","og_url":"https:\/\/www.meydan.tv\/az\/article\/inqilab-indi-mumkundurmu\/","og_site_name":"MEYDAN.TV","article_published_time":"2017-10-04T18:50:23+00:00","og_image":[{"width":1000,"height":663,"url":"https:\/\/www.meydan.tv\/wp-content\/uploads\/36878.jpg","type":"image\/jpeg"}],"author":"user-manager","twitter_card":"summary_large_image","schema":{"@context":"https:\/\/schema.org","@graph":[{"@type":"Article","@id":"https:\/\/www.meydan.tv\/az\/article\/inqilab-indi-mumkundurmu\/#article","isPartOf":{"@id":"https:\/\/www.meydan.tv\/az\/article\/inqilab-indi-mumkundurmu\/"},"author":{"name":"user-manager","@id":"https:\/\/www.meydan.tv\/az\/#\/schema\/person\/10d11eccf6da3662cf5fdab9806ea91a"},"headline":"\u0130nqilab indi m\u00fcmk\u00fcnd\u00fcrm\u00fc?","datePublished":"2017-10-04T18:50:23+00:00","mainEntityOfPage":{"@id":"https:\/\/www.meydan.tv\/az\/article\/inqilab-indi-mumkundurmu\/"},"wordCount":1008,"publisher":{"@id":"https:\/\/www.meydan.tv\/az\/#organization"},"image":{"@id":"https:\/\/www.meydan.tv\/az\/article\/inqilab-indi-mumkundurmu\/#primaryimage"},"thumbnailUrl":"https:\/\/www.meydan.tv\/wp-content\/uploads\/36878.jpg","articleSection":["M\u0259nim Fikrimc\u0259"],"inLanguage":"az"},{"@type":"WebPage","@id":"https:\/\/www.meydan.tv\/az\/article\/inqilab-indi-mumkundurmu\/","url":"https:\/\/www.meydan.tv\/az\/article\/inqilab-indi-mumkundurmu\/","name":"\u0130nqilab indi m\u00fcmk\u00fcnd\u00fcrm\u00fc? - MEYDAN.TV","isPartOf":{"@id":"https:\/\/www.meydan.tv\/az\/#website"},"primaryImageOfPage":{"@id":"https:\/\/www.meydan.tv\/az\/article\/inqilab-indi-mumkundurmu\/#primaryimage"},"image":{"@id":"https:\/\/www.meydan.tv\/az\/article\/inqilab-indi-mumkundurmu\/#primaryimage"},"thumbnailUrl":"https:\/\/www.meydan.tv\/wp-content\/uploads\/36878.jpg","datePublished":"2017-10-04T18:50:23+00:00","breadcrumb":{"@id":"https:\/\/www.meydan.tv\/az\/article\/inqilab-indi-mumkundurmu\/#breadcrumb"},"inLanguage":"az","potentialAction":[{"@type":"ReadAction","target":["https:\/\/www.meydan.tv\/az\/article\/inqilab-indi-mumkundurmu\/"]}]},{"@type":"ImageObject","inLanguage":"az","@id":"https:\/\/www.meydan.tv\/az\/article\/inqilab-indi-mumkundurmu\/#primaryimage","url":"https:\/\/www.meydan.tv\/wp-content\/uploads\/36878.jpg","contentUrl":"https:\/\/www.meydan.tv\/wp-content\/uploads\/36878.jpg","width":1000,"height":663,"caption":"Source:"},{"@type":"BreadcrumbList","@id":"https:\/\/www.meydan.tv\/az\/article\/inqilab-indi-mumkundurmu\/#breadcrumb","itemListElement":[{"@type":"ListItem","position":1,"name":"Ana s\u0259hif\u0259","item":"https:\/\/www.meydan.tv\/az\/"},{"@type":"ListItem","position":2,"name":"M\u0259nim Fikrimc\u0259","item":"https:\/\/www.meydan.tv\/az\/section\/menim-fikrimce\/"},{"@type":"ListItem","position":3,"name":"\u0130nqilab indi m\u00fcmk\u00fcnd\u00fcrm\u00fc?"}]},{"@type":"WebSite","@id":"https:\/\/www.meydan.tv\/az\/#website","url":"https:\/\/www.meydan.tv\/az\/","name":"MEYDAN.TV","description":"Meydan TV Az\u0259rbaycan\u0131n media m\u0259kan\u0131ndak\u0131 alternativ s\u0259sidir","publisher":{"@id":"https:\/\/www.meydan.tv\/az\/#organization"},"potentialAction":[{"@type":"SearchAction","target":{"@type":"EntryPoint","urlTemplate":"https:\/\/www.meydan.tv\/az\/?s={search_term_string}"},"query-input":{"@type":"PropertyValueSpecification","valueRequired":true,"valueName":"search_term_string"}}],"inLanguage":"az"},{"@type":"Organization","@id":"https:\/\/www.meydan.tv\/az\/#organization","name":"Meydan TV","url":"https:\/\/www.meydan.tv\/az\/","logo":{"@type":"ImageObject","inLanguage":"az","@id":"https:\/\/www.meydan.tv\/az\/#\/schema\/logo\/image\/","url":"https:\/\/www.meydan.tv\/wp-content\/uploads\/2021\/07\/meydan-logo.svg","contentUrl":"https:\/\/www.meydan.tv\/wp-content\/uploads\/2021\/07\/meydan-logo.svg","width":195,"height":46,"caption":"Meydan TV"},"image":{"@id":"https:\/\/www.meydan.tv\/az\/#\/schema\/logo\/image\/"}},{"@type":"Person","@id":"https:\/\/www.meydan.tv\/az\/#\/schema\/person\/10d11eccf6da3662cf5fdab9806ea91a","name":"user-manager"}]}},"_links":{"self":[{"href":"https:\/\/www.meydan.tv\/az\/wp-json\/wp\/v2\/posts\/186831","targetHints":{"allow":["GET"]}}],"collection":[{"href":"https:\/\/www.meydan.tv\/az\/wp-json\/wp\/v2\/posts"}],"about":[{"href":"https:\/\/www.meydan.tv\/az\/wp-json\/wp\/v2\/types\/post"}],"author":[{"embeddable":true,"href":"https:\/\/www.meydan.tv\/az\/wp-json\/wp\/v2\/users\/11"}],"replies":[{"embeddable":true,"href":"https:\/\/www.meydan.tv\/az\/wp-json\/wp\/v2\/comments?post=186831"}],"version-history":[{"count":0,"href":"https:\/\/www.meydan.tv\/az\/wp-json\/wp\/v2\/posts\/186831\/revisions"}],"wp:featuredmedia":[{"embeddable":true,"href":"https:\/\/www.meydan.tv\/az\/wp-json\/wp\/v2\/media\/93408"}],"wp:attachment":[{"href":"https:\/\/www.meydan.tv\/az\/wp-json\/wp\/v2\/media?parent=186831"}],"wp:term":[{"taxonomy":"category","embeddable":true,"href":"https:\/\/www.meydan.tv\/az\/wp-json\/wp\/v2\/categories?post=186831"},{"taxonomy":"post_tag","embeddable":true,"href":"https:\/\/www.meydan.tv\/az\/wp-json\/wp\/v2\/tags?post=186831"}],"curies":[{"name":"wp","href":"https:\/\/api.w.org\/{rel}","templated":true}]}}