{"id":186787,"date":"2017-10-02T16:45:17","date_gmt":"2017-10-02T16:45:17","guid":{"rendered":"https:\/\/www.meydan.tv\/article\/avropa-mehkemesi-olkeden-cixis-qadagalarina-baxacaq\/"},"modified":"2017-10-02T16:45:17","modified_gmt":"2017-10-02T16:45:17","slug":"avropa-mehkemesi-olkeden-cixis-qadagalarina-baxacaq","status":"publish","type":"post","link":"https:\/\/www.meydan.tv\/az\/article\/avropa-mehkemesi-olkeden-cixis-qadagalarina-baxacaq\/","title":{"rendered":"Avropa M\u0259hk\u0259m\u0259si \u00f6lk\u0259d\u0259n \u00e7\u0131x\u0131\u015f qada\u011falar\u0131na baxacaq"},"content":{"rendered":"<figure class=\"wp-block-image size-large\">\n  <img decoding=\"async\" src=\"https:\/\/www.meydan.tv\/az\/93228\/\" alt=\"\" class=\"wp-image-93228\"\/><figcaption><\/figcaption><\/figure>\n<figure class=\"wp-block-image size-large\">\n  <img decoding=\"async\" src=\"https:\/\/www.meydan.tv\/az\/93228\/\" alt=\"\" class=\"wp-image-93228\"\/><figcaption><\/figcaption><\/figure>\n<p>\n  <i><br \/>\n    \u015eikay\u0259t\u00e7il\u0259r aras\u0131nda Meydan TV il\u0259 \u0259m\u0259kda\u015fl\u0131qda g\u00fcnahland\u0131r\u0131lanlar da var<br \/>\n  <\/i>\n<\/p>\n<p>\n  Avropa \u0130nsan Haqlar\u0131 M\u0259hk\u0259m\u0259si 2012-2016-c\u0131 ill\u0259rd\u0259 \u00f6lk\u0259d\u0259n \u00e7\u0131x\u0131\u015f\u0131na qada\u011fa qoyulan \u0259riz\u0259\u00e7il\u0259rin \u015fikay\u0259tl\u0259ri \u00fczr\u0259 kommunikasiya ba\u015flay\u0131b.\n<\/p>\n<p>\n  M\u0259lumat Avropa M\u0259hk\u0259m\u0259sinin sayt\u0131nda yerl\u0259\u015fdirilib. \u015eikay\u0259t\u00e7il\u0259r aras\u0131nda REAL idar\u0259 hey\u0259tinin \u00fczv\u00fc Az\u0259r Qas\u0131ml\u0131, jurnalist Aynur \u0130mranova, X\u0259dic\u0259 \u0130smay\u0131lova, h\u00fcquq\u015f\u00fcnas R\u00f6v\u015fan\u0259 R\u0259himli, \u018fnna\u011f\u0131 Hac\u0131b\u0259yli v\u0259 ba\u015fqalar\u0131 var.\n<\/p>\n<p>\n  Avropa M\u0259hk\u0259m\u0259si h\u0259m\u00e7inin Meydan TV-nin f\u0259aliyy\u0259ti il\u0259 ba\u011fl\u0131 apar\u0131lan cinay\u0259t t\u0259qibi \u00e7\u0259r\u00e7iv\u0259sind\u0259 m\u00fcst\u0259qil jurnalistl\u0259r G\u00fcl\u0259r Mehdizad\u0259, Aynur Elg\u00fcn\u0259\u015f, Aytac \u018fhm\u0259dova, Natiq Cavadl\u0131, Aynur\u0259 Heyd\u0259rova, Ayt\u0259n \u018fl\u0259kb\u0259rova, \u0130zolda A\u011fayevan\u0131n \u015fikay\u0259tl\u0259ri il\u0259 ba\u011fl\u0131 h\u00f6kum\u0259t\u0259 sor\u011fu g\u00f6nd\u0259rib.\n<\/p>\n<p>\n  M\u0259hk\u0259m\u0259 Az\u0259rbaycan h\u00f6kum\u0259tind\u0259n 2018-ci il yanr\u0131n 17-d\u0259k qeydl\u0259rini verm\u0259yi xahi\u015f edib. \u015eikay\u0259tl\u0259rd\u0259 Konvensiyan\u0131n 4 sayl\u0131 protokolunun 2, 8, 10, 13, 18-ci madd\u0259l\u0259rinin pozuntusunun tan\u0131nmas\u0131 xahi\u015f olunub.\n<\/p>\n<p>\n  D\u00f6vl\u0259t qurumlar\u0131 ilk vaxtlar jurnalistl\u0259rin \u00f6lk\u0259d\u0259n \u00e7\u0131x\u0131\u015f\u0131na qada\u011fa qoyulmas\u0131n\u0131 etiraf etmirdil\u0259r. G\u00f6nd\u0259ril\u0259n sor\u011fular cavabland\u0131r\u0131lm\u0131rd\u0131.\n<\/p>\n<p>\n  Qoyulan qada\u011falar son bir ne\u00e7\u0259 ayda d\u00f6vl\u0259t t\u0259r\u0259find\u0259n inkar edilmir. Jurnalistl\u0259rd\u0259n birinin sor\u011fusuna A\u011f\u0131r Cinay\u0259tl\u0259r\u0259 dair \u0130\u015fl\u0259r \u00fczr\u0259 \u0130stintaq \u0130dar\u0259sinin r\u0259isi Eldar \u018fhm\u0259dovun cavab\u0131nda deyilir ki, ibtidai istintaq\u0131 apar\u0131lan 152006048 \u2116-li cinay\u0259t i\u015fi \u00fczr\u0259 yaranm\u0131\u015f istintaq z\u0259rur\u0259ti il\u0259 \u0259laq\u0259dar siz\u0259 \u201cQada\u011fand\u0131r\u201d statusu il\u0259 \u201cGiri\u015f-\u00c7\u0131x\u0131\u015f\u201d, \u201cS\u0259rh\u0259dke\u00e7m\u0259y\u0259 m\u0259hdudiyy\u0259t\u201d altsistemin\u0259 f\u0259alla\u015fd\u0131r\u0131laraq daxil edilib.\n<\/p>\n<p>\n  Az\u0259rbaycanda Meydan TV \u0130nternet-resursuna qar\u015f\u0131 cinay\u0259t i\u015fi ba\u015flan\u0131b. \u0130\u015f \u00fczr\u0259 15 jurnalistin ad\u0131 ke\u00e7ir.<\/p>\n","protected":false},"excerpt":{"rendered":"<p>\u015eikay\u0259t\u00e7il\u0259r aras\u0131nda Meydan TV il\u0259 \u0259m\u0259kda\u015fl\u0131qda g\u00fcnahland\u0131r\u0131lanlar da var<\/p>\n","protected":false},"author":11,"featured_media":93228,"comment_status":"closed","ping_status":"open","sticky":false,"template":"","format":"standard","meta":{"_acf_changed":false,"_sitemap_exclude":false,"_sitemap_priority":"","_sitemap_frequency":"","footnotes":""},"categories":[56],"tags":[],"class_list":["post-186787","post","type-post","status-publish","format-standard","has-post-thumbnail","hentry","category-xeberler","infinite-scroll-item","generate-columns","tablet-grid-50","mobile-grid-100","grid-parent","grid-33","no-featured-image-padding"],"acf":[],"yoast_head":"<!-- This site is optimized with the Yoast SEO plugin v27.4 - https:\/\/yoast.com\/product\/yoast-seo-wordpress\/ -->\n<title>Avropa M\u0259hk\u0259m\u0259si \u00f6lk\u0259d\u0259n \u00e7\u0131x\u0131\u015f qada\u011falar\u0131na baxacaq - MEYDAN.TV<\/title>\n<meta name=\"robots\" content=\"index, follow, max-snippet:-1, max-image-preview:large, max-video-preview:-1\" \/>\n<link rel=\"canonical\" href=\"https:\/\/www.meydan.tv\/az\/article\/avropa-mehkemesi-olkeden-cixis-qadagalarina-baxacaq\/\" \/>\n<meta property=\"og:locale\" content=\"az_AZ\" \/>\n<meta property=\"og:type\" content=\"article\" \/>\n<meta property=\"og:title\" content=\"Avropa M\u0259hk\u0259m\u0259si \u00f6lk\u0259d\u0259n \u00e7\u0131x\u0131\u015f qada\u011falar\u0131na baxacaq - MEYDAN.TV\" \/>\n<meta property=\"og:description\" content=\"\u015eikay\u0259t\u00e7il\u0259r aras\u0131nda Meydan TV il\u0259 \u0259m\u0259kda\u015fl\u0131qda g\u00fcnahland\u0131r\u0131lanlar da var\" \/>\n<meta property=\"og:url\" content=\"https:\/\/www.meydan.tv\/az\/article\/avropa-mehkemesi-olkeden-cixis-qadagalarina-baxacaq\/\" \/>\n<meta property=\"og:site_name\" content=\"MEYDAN.TV\" \/>\n<meta property=\"article:published_time\" content=\"2017-10-02T16:45:17+00:00\" \/>\n<meta property=\"og:image\" content=\"https:\/\/www.meydan.tv\/wp-content\/uploads\/36810.jpg\" \/>\n\t<meta property=\"og:image:width\" content=\"637\" \/>\n\t<meta property=\"og:image:height\" content=\"400\" \/>\n\t<meta property=\"og:image:type\" content=\"image\/jpeg\" \/>\n<meta name=\"author\" content=\"user-manager\" \/>\n<meta name=\"twitter:card\" content=\"summary_large_image\" \/>\n<script type=\"application\/ld+json\" class=\"yoast-schema-graph\">{\"@context\":\"https:\\\/\\\/schema.org\",\"@graph\":[{\"@type\":\"Article\",\"@id\":\"https:\\\/\\\/www.meydan.tv\\\/az\\\/article\\\/avropa-mehkemesi-olkeden-cixis-qadagalarina-baxacaq\\\/#article\",\"isPartOf\":{\"@id\":\"https:\\\/\\\/www.meydan.tv\\\/az\\\/article\\\/avropa-mehkemesi-olkeden-cixis-qadagalarina-baxacaq\\\/\"},\"author\":{\"name\":\"user-manager\",\"@id\":\"https:\\\/\\\/www.meydan.tv\\\/az\\\/#\\\/schema\\\/person\\\/10d11eccf6da3662cf5fdab9806ea91a\"},\"headline\":\"Avropa M\u0259hk\u0259m\u0259si \u00f6lk\u0259d\u0259n \u00e7\u0131x\u0131\u015f qada\u011falar\u0131na baxacaq\",\"datePublished\":\"2017-10-02T16:45:17+00:00\",\"mainEntityOfPage\":{\"@id\":\"https:\\\/\\\/www.meydan.tv\\\/az\\\/article\\\/avropa-mehkemesi-olkeden-cixis-qadagalarina-baxacaq\\\/\"},\"wordCount\":350,\"publisher\":{\"@id\":\"https:\\\/\\\/www.meydan.tv\\\/az\\\/#organization\"},\"image\":{\"@id\":\"https:\\\/\\\/www.meydan.tv\\\/az\\\/article\\\/avropa-mehkemesi-olkeden-cixis-qadagalarina-baxacaq\\\/#primaryimage\"},\"thumbnailUrl\":\"https:\\\/\\\/www.meydan.tv\\\/wp-content\\\/uploads\\\/36810.jpg\",\"articleSection\":[\"X\u0259b\u0259rl\u0259r\"],\"inLanguage\":\"az\"},{\"@type\":\"WebPage\",\"@id\":\"https:\\\/\\\/www.meydan.tv\\\/az\\\/article\\\/avropa-mehkemesi-olkeden-cixis-qadagalarina-baxacaq\\\/\",\"url\":\"https:\\\/\\\/www.meydan.tv\\\/az\\\/article\\\/avropa-mehkemesi-olkeden-cixis-qadagalarina-baxacaq\\\/\",\"name\":\"Avropa M\u0259hk\u0259m\u0259si \u00f6lk\u0259d\u0259n \u00e7\u0131x\u0131\u015f qada\u011falar\u0131na baxacaq - MEYDAN.TV\",\"isPartOf\":{\"@id\":\"https:\\\/\\\/www.meydan.tv\\\/az\\\/#website\"},\"primaryImageOfPage\":{\"@id\":\"https:\\\/\\\/www.meydan.tv\\\/az\\\/article\\\/avropa-mehkemesi-olkeden-cixis-qadagalarina-baxacaq\\\/#primaryimage\"},\"image\":{\"@id\":\"https:\\\/\\\/www.meydan.tv\\\/az\\\/article\\\/avropa-mehkemesi-olkeden-cixis-qadagalarina-baxacaq\\\/#primaryimage\"},\"thumbnailUrl\":\"https:\\\/\\\/www.meydan.tv\\\/wp-content\\\/uploads\\\/36810.jpg\",\"datePublished\":\"2017-10-02T16:45:17+00:00\",\"breadcrumb\":{\"@id\":\"https:\\\/\\\/www.meydan.tv\\\/az\\\/article\\\/avropa-mehkemesi-olkeden-cixis-qadagalarina-baxacaq\\\/#breadcrumb\"},\"inLanguage\":\"az\",\"potentialAction\":[{\"@type\":\"ReadAction\",\"target\":[\"https:\\\/\\\/www.meydan.tv\\\/az\\\/article\\\/avropa-mehkemesi-olkeden-cixis-qadagalarina-baxacaq\\\/\"]}]},{\"@type\":\"ImageObject\",\"inLanguage\":\"az\",\"@id\":\"https:\\\/\\\/www.meydan.tv\\\/az\\\/article\\\/avropa-mehkemesi-olkeden-cixis-qadagalarina-baxacaq\\\/#primaryimage\",\"url\":\"https:\\\/\\\/www.meydan.tv\\\/wp-content\\\/uploads\\\/36810.jpg\",\"contentUrl\":\"https:\\\/\\\/www.meydan.tv\\\/wp-content\\\/uploads\\\/36810.jpg\",\"width\":637,\"height\":400,\"caption\":\"Source:\"},{\"@type\":\"BreadcrumbList\",\"@id\":\"https:\\\/\\\/www.meydan.tv\\\/az\\\/article\\\/avropa-mehkemesi-olkeden-cixis-qadagalarina-baxacaq\\\/#breadcrumb\",\"itemListElement\":[{\"@type\":\"ListItem\",\"position\":1,\"name\":\"Ana s\u0259hif\u0259\",\"item\":\"https:\\\/\\\/www.meydan.tv\\\/az\\\/\"},{\"@type\":\"ListItem\",\"position\":2,\"name\":\"X\u0259b\u0259rl\u0259r\",\"item\":\"https:\\\/\\\/www.meydan.tv\\\/az\\\/section\\\/xeberler\\\/\"},{\"@type\":\"ListItem\",\"position\":3,\"name\":\"Avropa M\u0259hk\u0259m\u0259si \u00f6lk\u0259d\u0259n \u00e7\u0131x\u0131\u015f qada\u011falar\u0131na baxacaq\"}]},{\"@type\":\"WebSite\",\"@id\":\"https:\\\/\\\/www.meydan.tv\\\/az\\\/#website\",\"url\":\"https:\\\/\\\/www.meydan.tv\\\/az\\\/\",\"name\":\"MEYDAN.TV\",\"description\":\"Meydan TV Az\u0259rbaycan\u0131n media m\u0259kan\u0131ndak\u0131 alternativ s\u0259sidir\",\"publisher\":{\"@id\":\"https:\\\/\\\/www.meydan.tv\\\/az\\\/#organization\"},\"potentialAction\":[{\"@type\":\"SearchAction\",\"target\":{\"@type\":\"EntryPoint\",\"urlTemplate\":\"https:\\\/\\\/www.meydan.tv\\\/az\\\/?s={search_term_string}\"},\"query-input\":{\"@type\":\"PropertyValueSpecification\",\"valueRequired\":true,\"valueName\":\"search_term_string\"}}],\"inLanguage\":\"az\"},{\"@type\":\"Organization\",\"@id\":\"https:\\\/\\\/www.meydan.tv\\\/az\\\/#organization\",\"name\":\"Meydan TV\",\"url\":\"https:\\\/\\\/www.meydan.tv\\\/az\\\/\",\"logo\":{\"@type\":\"ImageObject\",\"inLanguage\":\"az\",\"@id\":\"https:\\\/\\\/www.meydan.tv\\\/az\\\/#\\\/schema\\\/logo\\\/image\\\/\",\"url\":\"https:\\\/\\\/www.meydan.tv\\\/wp-content\\\/uploads\\\/2021\\\/07\\\/meydan-logo.svg\",\"contentUrl\":\"https:\\\/\\\/www.meydan.tv\\\/wp-content\\\/uploads\\\/2021\\\/07\\\/meydan-logo.svg\",\"width\":195,\"height\":46,\"caption\":\"Meydan TV\"},\"image\":{\"@id\":\"https:\\\/\\\/www.meydan.tv\\\/az\\\/#\\\/schema\\\/logo\\\/image\\\/\"}},{\"@type\":\"Person\",\"@id\":\"https:\\\/\\\/www.meydan.tv\\\/az\\\/#\\\/schema\\\/person\\\/10d11eccf6da3662cf5fdab9806ea91a\",\"name\":\"user-manager\"}]}<\/script>\n<!-- \/ Yoast SEO plugin. -->","yoast_head_json":{"title":"Avropa M\u0259hk\u0259m\u0259si \u00f6lk\u0259d\u0259n \u00e7\u0131x\u0131\u015f qada\u011falar\u0131na baxacaq - MEYDAN.TV","robots":{"index":"index","follow":"follow","max-snippet":"max-snippet:-1","max-image-preview":"max-image-preview:large","max-video-preview":"max-video-preview:-1"},"canonical":"https:\/\/www.meydan.tv\/az\/article\/avropa-mehkemesi-olkeden-cixis-qadagalarina-baxacaq\/","og_locale":"az_AZ","og_type":"article","og_title":"Avropa M\u0259hk\u0259m\u0259si \u00f6lk\u0259d\u0259n \u00e7\u0131x\u0131\u015f qada\u011falar\u0131na baxacaq - MEYDAN.TV","og_description":"\u015eikay\u0259t\u00e7il\u0259r aras\u0131nda Meydan TV il\u0259 \u0259m\u0259kda\u015fl\u0131qda g\u00fcnahland\u0131r\u0131lanlar da var","og_url":"https:\/\/www.meydan.tv\/az\/article\/avropa-mehkemesi-olkeden-cixis-qadagalarina-baxacaq\/","og_site_name":"MEYDAN.TV","article_published_time":"2017-10-02T16:45:17+00:00","og_image":[{"width":637,"height":400,"url":"https:\/\/www.meydan.tv\/wp-content\/uploads\/36810.jpg","type":"image\/jpeg"}],"author":"user-manager","twitter_card":"summary_large_image","schema":{"@context":"https:\/\/schema.org","@graph":[{"@type":"Article","@id":"https:\/\/www.meydan.tv\/az\/article\/avropa-mehkemesi-olkeden-cixis-qadagalarina-baxacaq\/#article","isPartOf":{"@id":"https:\/\/www.meydan.tv\/az\/article\/avropa-mehkemesi-olkeden-cixis-qadagalarina-baxacaq\/"},"author":{"name":"user-manager","@id":"https:\/\/www.meydan.tv\/az\/#\/schema\/person\/10d11eccf6da3662cf5fdab9806ea91a"},"headline":"Avropa M\u0259hk\u0259m\u0259si \u00f6lk\u0259d\u0259n \u00e7\u0131x\u0131\u015f qada\u011falar\u0131na baxacaq","datePublished":"2017-10-02T16:45:17+00:00","mainEntityOfPage":{"@id":"https:\/\/www.meydan.tv\/az\/article\/avropa-mehkemesi-olkeden-cixis-qadagalarina-baxacaq\/"},"wordCount":350,"publisher":{"@id":"https:\/\/www.meydan.tv\/az\/#organization"},"image":{"@id":"https:\/\/www.meydan.tv\/az\/article\/avropa-mehkemesi-olkeden-cixis-qadagalarina-baxacaq\/#primaryimage"},"thumbnailUrl":"https:\/\/www.meydan.tv\/wp-content\/uploads\/36810.jpg","articleSection":["X\u0259b\u0259rl\u0259r"],"inLanguage":"az"},{"@type":"WebPage","@id":"https:\/\/www.meydan.tv\/az\/article\/avropa-mehkemesi-olkeden-cixis-qadagalarina-baxacaq\/","url":"https:\/\/www.meydan.tv\/az\/article\/avropa-mehkemesi-olkeden-cixis-qadagalarina-baxacaq\/","name":"Avropa M\u0259hk\u0259m\u0259si \u00f6lk\u0259d\u0259n \u00e7\u0131x\u0131\u015f qada\u011falar\u0131na baxacaq - MEYDAN.TV","isPartOf":{"@id":"https:\/\/www.meydan.tv\/az\/#website"},"primaryImageOfPage":{"@id":"https:\/\/www.meydan.tv\/az\/article\/avropa-mehkemesi-olkeden-cixis-qadagalarina-baxacaq\/#primaryimage"},"image":{"@id":"https:\/\/www.meydan.tv\/az\/article\/avropa-mehkemesi-olkeden-cixis-qadagalarina-baxacaq\/#primaryimage"},"thumbnailUrl":"https:\/\/www.meydan.tv\/wp-content\/uploads\/36810.jpg","datePublished":"2017-10-02T16:45:17+00:00","breadcrumb":{"@id":"https:\/\/www.meydan.tv\/az\/article\/avropa-mehkemesi-olkeden-cixis-qadagalarina-baxacaq\/#breadcrumb"},"inLanguage":"az","potentialAction":[{"@type":"ReadAction","target":["https:\/\/www.meydan.tv\/az\/article\/avropa-mehkemesi-olkeden-cixis-qadagalarina-baxacaq\/"]}]},{"@type":"ImageObject","inLanguage":"az","@id":"https:\/\/www.meydan.tv\/az\/article\/avropa-mehkemesi-olkeden-cixis-qadagalarina-baxacaq\/#primaryimage","url":"https:\/\/www.meydan.tv\/wp-content\/uploads\/36810.jpg","contentUrl":"https:\/\/www.meydan.tv\/wp-content\/uploads\/36810.jpg","width":637,"height":400,"caption":"Source:"},{"@type":"BreadcrumbList","@id":"https:\/\/www.meydan.tv\/az\/article\/avropa-mehkemesi-olkeden-cixis-qadagalarina-baxacaq\/#breadcrumb","itemListElement":[{"@type":"ListItem","position":1,"name":"Ana s\u0259hif\u0259","item":"https:\/\/www.meydan.tv\/az\/"},{"@type":"ListItem","position":2,"name":"X\u0259b\u0259rl\u0259r","item":"https:\/\/www.meydan.tv\/az\/section\/xeberler\/"},{"@type":"ListItem","position":3,"name":"Avropa M\u0259hk\u0259m\u0259si \u00f6lk\u0259d\u0259n \u00e7\u0131x\u0131\u015f qada\u011falar\u0131na baxacaq"}]},{"@type":"WebSite","@id":"https:\/\/www.meydan.tv\/az\/#website","url":"https:\/\/www.meydan.tv\/az\/","name":"MEYDAN.TV","description":"Meydan TV Az\u0259rbaycan\u0131n media m\u0259kan\u0131ndak\u0131 alternativ s\u0259sidir","publisher":{"@id":"https:\/\/www.meydan.tv\/az\/#organization"},"potentialAction":[{"@type":"SearchAction","target":{"@type":"EntryPoint","urlTemplate":"https:\/\/www.meydan.tv\/az\/?s={search_term_string}"},"query-input":{"@type":"PropertyValueSpecification","valueRequired":true,"valueName":"search_term_string"}}],"inLanguage":"az"},{"@type":"Organization","@id":"https:\/\/www.meydan.tv\/az\/#organization","name":"Meydan TV","url":"https:\/\/www.meydan.tv\/az\/","logo":{"@type":"ImageObject","inLanguage":"az","@id":"https:\/\/www.meydan.tv\/az\/#\/schema\/logo\/image\/","url":"https:\/\/www.meydan.tv\/wp-content\/uploads\/2021\/07\/meydan-logo.svg","contentUrl":"https:\/\/www.meydan.tv\/wp-content\/uploads\/2021\/07\/meydan-logo.svg","width":195,"height":46,"caption":"Meydan TV"},"image":{"@id":"https:\/\/www.meydan.tv\/az\/#\/schema\/logo\/image\/"}},{"@type":"Person","@id":"https:\/\/www.meydan.tv\/az\/#\/schema\/person\/10d11eccf6da3662cf5fdab9806ea91a","name":"user-manager"}]}},"_links":{"self":[{"href":"https:\/\/www.meydan.tv\/az\/wp-json\/wp\/v2\/posts\/186787","targetHints":{"allow":["GET"]}}],"collection":[{"href":"https:\/\/www.meydan.tv\/az\/wp-json\/wp\/v2\/posts"}],"about":[{"href":"https:\/\/www.meydan.tv\/az\/wp-json\/wp\/v2\/types\/post"}],"author":[{"embeddable":true,"href":"https:\/\/www.meydan.tv\/az\/wp-json\/wp\/v2\/users\/11"}],"replies":[{"embeddable":true,"href":"https:\/\/www.meydan.tv\/az\/wp-json\/wp\/v2\/comments?post=186787"}],"version-history":[{"count":0,"href":"https:\/\/www.meydan.tv\/az\/wp-json\/wp\/v2\/posts\/186787\/revisions"}],"wp:featuredmedia":[{"embeddable":true,"href":"https:\/\/www.meydan.tv\/az\/wp-json\/wp\/v2\/media\/93228"}],"wp:attachment":[{"href":"https:\/\/www.meydan.tv\/az\/wp-json\/wp\/v2\/media?parent=186787"}],"wp:term":[{"taxonomy":"category","embeddable":true,"href":"https:\/\/www.meydan.tv\/az\/wp-json\/wp\/v2\/categories?post=186787"},{"taxonomy":"post_tag","embeddable":true,"href":"https:\/\/www.meydan.tv\/az\/wp-json\/wp\/v2\/tags?post=186787"}],"curies":[{"name":"wp","href":"https:\/\/api.w.org\/{rel}","templated":true}]}}