{"id":186744,"date":"2017-09-29T02:12:39","date_gmt":"2017-09-29T02:12:39","guid":{"rendered":"https:\/\/www.meydan.tv\/article\/lider-tv-bir-ite-gore-mehv-oldu\/"},"modified":"2017-09-29T02:12:39","modified_gmt":"2017-09-29T02:12:39","slug":"lider-tv-bir-ite-gore-mehv-oldu","status":"publish","type":"post","link":"https:\/\/www.meydan.tv\/az\/article\/lider-tv-bir-ite-gore-mehv-oldu\/","title":{"rendered":"&#8221;Lider TV bir it\u0259 g\u00f6r\u0259 m\u0259hv oldu&#8221;"},"content":{"rendered":"<figure class=\"wp-block-image size-large\">\n  <img decoding=\"async\" src=\"https:\/\/www.meydan.tv\/az\/92961\/\" alt=\"\" class=\"wp-image-92961\"\/><figcaption><\/figcaption><\/figure>\n<p>\n  \u201c\u0130lk u\u015fa\u011f\u0131 olanda maa\u015f\u0131m\u0131z 1, ikinci u\u015faqda is\u0259 4 ay gecikdi. Bu adam \u00f6z\u00fcnd\u0259n \u00e7ox g\u0259nc bir xan\u0131mla ail\u0259 qurub. Onu yax\u015f\u0131 ya\u015fatmaq \u00fc\u00e7\u00fcn telekanal\u0131 da, i\u015f\u00e7il\u0259ri d\u0259 m\u00fcflis edib\u201d, &#8211; ad\u0131n\u0131n a\u00e7\u0131qlanmas\u0131n\u0131 ist\u0259m\u0259y\u0259n m\u0259nb\u0259 Meydan TV-y\u0259 bel\u0259 deyib.\n<\/p>\n<p>\n  S\u00f6hb\u0259t \u201cLider\u201d telekanal\u0131n\u0131n r\u0259hb\u0259ri \u018fdal\u0259t \u018fliyevd\u0259n gedir. Telekanal\u0131n \u0259m\u0259kda\u015flar\u0131 \u00f6t\u0259n h\u0259ft\u0259 Meydan TV-y\u0259 yazaraq n\u0259 az, n\u0259 \u00e7ox \u2013 d\u00fcz 4 ayd\u0131r ki, maa\u015f ala bilm\u0259dikl\u0259rini demi\u015fdil\u0259r:<br \/>\n  <br \/>\n  \u201cBu azm\u0131\u015f kimi i\u015f\u00e7il\u0259ri d\u0259 ixtisar edirl\u0259r. Telekanal\u0131n m\u00fcst\u0259qil oldu\u011fu deyilir. Ancaq ham\u0131 bilir ki, bu televiziya hakim ail\u0259y\u0259 m\u0259xsusdur. Bu, o dem\u0259kdir ki, \u018fliyevl\u0259r d\u00fcz 4 ayd\u0131r i\u015f\u00e7il\u0259rin\u0259 maa\u015f ver\u0259 bilmirl\u0259r\u201d.\n<\/p>\n<blockquote><p>\n  3 \u015firk\u0259t 1 \u00fcnvanda\n<\/p><\/blockquote>\n<p>\n  Bu, \u201cLider\u201d \u0259m\u0259kda\u015flar\u0131n\u0131n maa\u015fla ba\u011fl\u0131 ilk m\u00fcraci\u0259ti deyil. Daha \u00f6nc\u0259 d\u0259 onlar aylarla \u0259m\u0259k haqq\u0131 ala bilm\u0259dikl\u0259ri il\u0259 ba\u011fl\u0131 \u015fikay\u0259tl\u0259nmi\u015fdil\u0259r.\n<\/p>\n<\/p>\n<figure class=\"wp-block-image size-large\">\n  <img decoding=\"async\" src=\"https:\/\/www.meydan.tv\/az\/92957\/\" alt=\"\" class=\"wp-image-92957\"\/><figcaption><\/figcaption><\/figure>\n<p>\n  Kommersiya qurumlar\u0131n\u0131n d\u00f6vl\u0259t reyestri m\u0259lumatlar\u0131na g\u00f6r\u0259, \u201cLider TV v\u0259 Radio-Az\u0259rbaycan\u201d MMC-nin h\u00fcquqi t\u0259msil\u00e7isi \u018fdal\u0259t H\u00fcseyn o\u011flu \u018fliyevdir. Telekanal\u0131n h\u00fcquqi \u00fcnvan\u0131 is\u0259 Yasamal rayonu, \u015e\u0259fay\u0259t Mehdiyev k\u00fc\u00e7\u0259si ev 83\/2-dir. H\u0259min \u00fcnvanda qeydiyyatda olan t\u0259k \u015firk\u0259t \u201cLider\u201d deyil. \u018fdal\u0259t \u018fliyev\u0259 m\u0259xsus \u201c\u015e\u0259ms\u201d v\u0259 onun xan\u0131m\u0131 Nail\u0259 Telman q\u0131z\u0131 \u018fliyevan\u0131n \u201cThe Doggie Styles\u201d \u015firk\u0259tinin d\u0259 h\u00fcquqi \u00fcnvan\u0131 eynidir.\n<\/p>\n<blockquote><p>\n  Xan\u0131m\u0131n\u0131 m\u0259mnun etm\u0259k \u00fc\u00e7\u00fcn y\u00fczl\u0259rl\u0259 insan\u0131 i\u015fsiz, pulsuz qoydu\n<\/p><\/blockquote>\n<p>\n  Nail\u0259 \u018fliyeva heyvanlar\u0131 sevir. \u00d6z\u00fc d\u0259 m\u00fcsahib\u0259l\u0259rind\u0259 heyvanlar\u0131n b\u0259sl\u0259nm\u0259si, b\u0259z\u0259nm\u0259si \u00fc\u00e7\u00fcn m\u0259rk\u0259z yaratmaq ist\u0259diyini x\u0259yal etdiyini deyir. \u018fdal\u0259t \u018fliyev\u0259 yax\u0131nl\u0131\u011f\u0131 il\u0259 tan\u0131nan m\u0259nb\u0259 is\u0259 deyir ki, o, \u201cThe Doggie Styles\u201d MMC-ni d\u0259 m\u0259hz xan\u0131m\u0131n\u0131 xo\u015fb\u0259xt etm\u0259k \u00fc\u00e7\u00fcn a\u00e7\u0131b.<br \/>\n  <a href=\"http:\/\/www.thedoggiestyles.com\/\" target=\"_blank\" rel=\"noopener\"><br \/>\n    \u015eirk\u0259t<br \/>\n  <\/a><br \/>\n  ev heyvanlar\u0131n\u0131n bax\u0131m\u0131 il\u0259 m\u0259\u015f\u011fuldur.\n<\/p>\n<p>\n  \u201cDey\u0259rdim \u201cLider\u201d telekanal\u0131 bir it\u0259 g\u00f6r\u0259 m\u00fcflis olub. \u018fdal\u0259t \u018fliyev heyvanlar\u0131 sevir, it saxlay\u0131r. Bir g\u00fcn itini h\u0259kim\u0259 aparanda orada \u00e7al\u0131\u015fan bir xan\u0131ma a\u015fiq olur. Onu \u0259vv\u0259lc\u0259 katib\u0259si kimi i\u015f\u0259 ald\u0131. Sonra telekanalda ona verili\u015f a\u00e7d\u0131. N\u0259hay\u0259t h\u0259yat yolda\u015f\u0131n\u0131 bo\u015fay\u0131b, onunla evl\u0259ndi. H\u0259min xan\u0131m Nail\u0259 \u018fliyevad\u0131r. O\u011flu Ayxan \u018fliyev bundan sonra \u201cLider\u201d-in vitse-prezidentliyind\u0259n istefa verdi. \u018fdal\u0259t \u018fliyev xan\u0131m\u0131n\u0131 Maldivd\u0259, Avropada istirah\u0259t\u0259 aparmaq, ona \u015firk\u0259tl\u0259r, itl\u0259rl\u0259 ba\u011fl\u0131 g\u00f6z\u0259llik salonlar\u0131 a\u00e7maq \u00fc\u00e7\u00fcn y\u00fczl\u0259rl\u0259 insan\u0131 i\u015fsiz, pulsuz qoydu\u201d.\n<\/p>\n<figure class=\"wp-block-image size-large\">\n  <img decoding=\"async\" src=\"https:\/\/www.meydan.tv\/az\/92958\/\" alt=\"\" class=\"wp-image-92958\"\/><figcaption>\n    D\u00f6vl\u0259t T\u0259hl\u00fck\u0259sizliyi Xidm\u0259tinin r\u0259isi general-leytenant M\u0259d\u0259t Quliyev, \u018fdal\u0259t \u018fliyev v\u0259 xan\u0131m\u0131 Nail\u0259 \u018fliyeva<br \/>\n  <\/figcaption><\/figure>\n<blockquote><p>\n  \u00d6z pullar\u0131 bit\u0259nd\u0259n sonra telekanal\u0131n b\u00fcdc\u0259sin\u0259 \u0259l uzatd\u0131lar\n<\/p><\/blockquote>\n<p>\n  M\u0259nb\u0259 bildirir ki, onlar bu israf\u00e7\u0131l\u0131qlar\u0131n\u0131 gizl\u0259tmirl\u0259r. Getdikl\u0259ri \u00f6lk\u0259l\u0259rin, g\u0259zdikl\u0259ri yerl\u0259rin fotolar\u0131n\u0131 sosial \u015f\u0259b\u0259k\u0259l\u0259rd\u0259 payla\u015f\u0131rlar:<br \/>\n  <br \/>\n  \u201cBu q\u0259d\u0259r g\u0259zm\u0259y\u0259, israf\u00e7\u0131l\u0131\u011fa pul dayanarm\u0131? \u00d6z pullar\u0131 bit\u0259nd\u0259n sonra telekanal\u0131n b\u00fcdc\u0259sin\u0259 \u0259l uzatd\u0131lar. Sonu da \u201cLider\u201din m\u00fcflis olmas\u0131 il\u0259 bitdi. Maa\u015fa g\u00f6r\u0259 i\u015fd\u0259n ayr\u0131lmaq ist\u0259y\u0259nl\u0259r\u0259 20-30 manat verib yola sal\u0131rlar. Telekanal pis v\u0259ziyy\u0259td\u0259dir, ancaq bunlar g\u0259zm\u0259kl\u0259rind\u0259n qalm\u0131rlar. T\u0259kc\u0259 reklam v\u0259 sponsorlardan g\u0259l\u0259n 1 g\u00fcnl\u00fck v\u0259saitl\u0259 i\u015f\u00e7il\u0259rin 1 ayl\u0131q maa\u015f\u0131n\u0131 \u00f6d\u0259y\u0259 bil\u0259rl\u0259r, ancaq etmirl\u0259r\u201d.\n<\/p>\n<blockquote><p>\n  1 ayda 150 n\u0259f\u0259ri ixtisar etdil\u0259r\n<\/p><\/blockquote>\n<p>\n  M\u0259nb\u0259 bildirir ki, haz\u0131rda r\u0259hb\u0259rlik telekanal\u0131 d\u00fc\u015fd\u00fcy\u00fc durumdan \u00e7\u0131xarmaq ist\u0259yir. Bunu ixtisar v\u0259 gec\u0259l\u0259r yay\u0131m\u0131 k\u0259sm\u0259kl\u0259 edir:<br \/>\n  <br \/>\n  \u201cMTR\u015e-ya \u0259riz\u0259 il\u0259 m\u00fcraci\u0259t edib avqustun 21-d\u0259n yay\u0131m\u0131 gec\u0259 1-d\u0259k etdil\u0259r. Bununla da 150 i\u015f\u00e7i ixtisar olundu. Efir vaxt\u0131 azald\u0131\u011f\u0131 \u00fc\u00e7\u00fcn Yay\u0131m \u015euras\u0131na verdikl\u0259ri qonorarda 8 saat\u0131n pulunu k\u0259sdil\u0259r. Reklamlar normalda da gec\u0259 saat 11-d\u0259k oldu\u011fundan bu bax\u0131mdan he\u00e7 bir problem ya\u015fanmad\u0131. B\u0259s yax\u015f\u0131, indi pullar\u0131 hara, n\u0259y\u0259 x\u0259rcl\u0259yirl\u0259r? N\u0259 a\u00e7\u0131qlay\u0131r, n\u0259 d\u0259 qalan i\u015f\u00e7il\u0259rin maa\u015flar\u0131n\u0131 \u00f6d\u0259yirl\u0259r\u201d.\n<\/p>\n<blockquote><p>\n  Nail\u0259 \u018fliyevan\u0131n heyvan sevdas\u0131 \u201cLider\u201d telekanal\u0131n\u0131 m\u0259hv etdi\n<\/p><\/blockquote>\n<p>\n  \u018fdal\u0259t \u018fliyevin xan\u0131m\u0131 Nail\u0259 \u018fliyeva \u201cLider\u201dd\u0259 \u201cM\u0259nim Dostum\u201d verili\u015finin apar\u0131c\u0131s\u0131d\u0131r. Verili\u015f heyvanlarla ba\u011fl\u0131d\u0131r. Ged\u0259n verili\u015fl\u0259rin \u00e7oxu \u201cYoutube\u201d kanal\u0131na y\u00fckl\u0259nir. Nail\u0259 \u018fliyeva verili\u015fl\u0259rin birind\u0259 h\u0259yat yolda\u015f\u0131 \u018fdal\u0259t \u018fliyevin ba\u011fda pi\u015fikl\u0259r \u00fc\u00e7\u00fcn ev tikdirdiyini s\u00f6yl\u0259yir. M\u0259nb\u0259 bildirir ki, heyvanlar\u0131 sevm\u0259k yax\u015f\u0131 x\u00fcsusiyy\u0259tdir. Onlara ev, yem\u0259k verm\u0259k lap \u0259lad\u0131r:<br \/>\n  <br \/>\n  \u201cAncaq bunun m\u00fcqabilind\u0259 insanlar\u0131 evsiz v\u0259 yem\u0259ksiz qoyma\u011f\u0131n ad\u0131 n\u0259dir? T\u0259k bildiyim var. \u018fdal\u0259t \u018fliyevin Nail\u0259, Nail\u0259 \u018fliyevan\u0131n is\u0259 heyvan sevdas\u0131 \u201cLider\u201d telekanal\u0131n\u0131 m\u0259hv etdi. Min oyundan \u00e7\u0131xd\u0131lar. Vergil\u0259rd\u0259n yay\u0131nmaq \u00fc\u00e7\u00fcn maa\u015flar\u0131n yar\u0131s\u0131n\u0131 kartla, qalan\u0131n\u0131 is\u0259 \u015firk\u0259td\u0259n al\u0131rd\u0131q. \u0130ndi maa\u015f olmad\u0131\u011f\u0131na g\u00f6r\u0259 n\u0259 karta pul k\u00f6\u00e7\u00fcr, n\u0259 d\u0259 \u015firk\u0259t i\u015f\u00e7il\u0259r\u0259 bir q\u0259pik \u00f6d\u0259yir. He\u00e7 olmasa \u0259vv\u0259l qorxub karta pul k\u00f6\u00e7\u00fcr\u00fcrd\u00fcl\u0259r ki, guya \u201cLider\u201d TV r\u0259hb\u0259rliyi vergil\u0259rd\u0259n yay\u0131nm\u0131r. \u0130ndi ondan da qorxan yoxdur\u201d.\n<\/p>\n<figure class=\"wp-block-image size-large\">\n  <img decoding=\"async\" src=\"https:\/\/www.meydan.tv\/az\/92964\/\" alt=\"\" class=\"wp-image-92964\"\/><figcaption>\n    \u018fdal\u0259t \u018fliyev v\u0259 xan\u0131m\u0131 Nail\u0259 \u018fliyeva Xorvatiyada<br \/>\n  <\/figcaption><\/figure>\n<blockquote><p>\n  \u018fdal\u0259t \u018fliyev birinci xan\u0131m\u0131ndan bo\u015fanandan sonra maliyy\u0259 k\u0259sildi\n<\/p><\/blockquote>\n<p>\n  Ba\u015fqa bir m\u0259nb\u0259 is\u0259 Meydan TV-y\u0259 deyib ki, telekanal\u0131n m\u00fcflis olmas\u0131n\u0131n t\u0259k s\u0259b\u0259bi israf\u00e7\u0131l\u0131q deyil: &#8220;\u018fdal\u0259t \u018fliyevin \u0259vv\u0259lki h\u0259yat yolda\u015f\u0131 birinci xan\u0131m Mehriban \u018fliyevan\u0131n qohumu olub. Onun vasit\u0259sil\u0259 telekanal\u0131n maliyy\u0259l\u0259\u015fm\u0259si Vergil\u0259r Nazirliyin\u0259 tap\u015f\u0131r\u0131lm\u0131\u015fd\u0131. \u0130ll\u0259rdir telekanal\u0131n maliyy\u0259sini nazirlik verirdi. \u018fdal\u0259t \u018fliyev birinci xan\u0131m\u0131ndan bo\u015fanandan sonra probleml\u0259r ba\u015flad\u0131, maliyy\u0259 k\u0259sildi. Ola bilsin, xan\u0131m\u0131n tap\u015f\u0131r\u0131\u011f\u0131d\u0131r. \u018fliyevdir dey\u0259 bird\u0259f\u0259lik vurmurlar, amma yava\u015f-yava\u015f s\u0131radan \u00e7\u0131xaracaqlar. Vergil\u0259r Nazirliyi maliyy\u0259ni k\u0259s\u0259nd\u0259n sonra bir ara s\u00f6z yay\u0131ld\u0131 ki, bundan sonra telekanal\u0131 G\u00f6mr\u00fck Komit\u0259si maliyy\u0259l\u0259\u015fdir\u0259c\u0259k. O s\u00f6hb\u0259t d\u0259 bo\u015f \u00e7\u0131xd\u0131. N\u0259tic\u0259d\u0259 \u018fdal\u0259t \u018fliyev hardasa avqustun sonu g\u0259lib kanaldak\u0131 ota\u011f\u0131n\u0131 bo\u015faltd\u0131. N\u0259 getdiyini, n\u0259 d\u0259 ki, qald\u0131\u011f\u0131n\u0131 dedi. V\u0259ziyy\u0259t bel\u0259dir. Haz\u0131rda i\u015f\u00e7il\u0259r bel\u0259 bilmirl\u0259r sonlar\u0131n\u0131n nec\u0259 olaca\u011f\u0131n\u0131&#8221;.\n<\/p>\n<blockquote><p>\n  \u018fm\u0259k haqlar\u0131 il\u0259 ba\u011fl\u0131 sual\u0131n\u0131z\u0131 cavablamaq s\u0259lahiyy\u0259timiz yoxdur\n<\/p><\/blockquote>\n<p>\n  Meydan TV deyil\u0259nl\u0259rin h\u0259qiq\u0259t olub-olmad\u0131\u011f\u0131n\u0131 \u00f6yr\u0259nm\u0259k \u00fc\u00e7\u00fcn \u201cLider\u201d telekanal\u0131 il\u0259 \u0259laq\u0259 saxlay\u0131b. \u00dcmumi \u015f\u00f6b\u0259d\u0259n m\u00fcdiriyy\u0259tin haz\u0131rda telekanalda olmad\u0131\u011f\u0131, v\u0259ziyy\u0259tl\u0259 ba\u011fl\u0131 h\u0259r hans\u0131 a\u00e7\u0131qlama ver\u0259 bilm\u0259y\u0259c\u0259kl\u0259rini bildiribl\u0259r:\u00a0 \u201cBu bar\u0259d\u0259 n\u0259s\u0259 dey\u0259 bilm\u0259rik. M\u00fcdiriyy\u0259t icaz\u0259 vermir. \u018fm\u0259k haqlar\u0131 il\u0259 ba\u011fl\u0131 sual\u0131n\u0131z\u0131 da cavablamaq s\u0259lahiyy\u0259timiz yoxdur\u201d.\n<\/p>\n<figure class=\"wp-block-image size-large\">\n  <img decoding=\"async\" src=\"https:\/\/www.meydan.tv\/az\/92970\/\" alt=\"\" class=\"wp-image-92970\"\/><figcaption><\/figcaption><\/figure>\n<blockquote><p>\n  Bu, m\u0259nim \u015f\u0259xsi biznesimdir\n<\/p><\/blockquote>\n<p>\n  Nail\u0259 \u018fliyeva is\u0259 Meydan TV-y\u0259 telekanal \u0259m\u0259kda\u015flar\u0131n\u0131n dedikl\u0259rinin yalan oldu\u011funu bildirib:\n<\/p>\n<p>\n  \u201cBu, m\u0259nim \u015f\u0259xsi biznesimdir. 6 ildir ki, m\u0259nim salonlar\u0131m var. Bunun \u201cLider\u201d\u0259 v\u0259 ya onun b\u00fcdc\u0259sin\u0259 d\u0259xli yoxdur. Art\u0131q n\u0259 dan\u0131\u015facaqlar\u0131n\u0131 bilmirl\u0259r. Telekanal \u0259m\u0259kda\u015flar\u0131n\u0131n &#8220;\u0259m\u0259k haqq\u0131 alm\u0131r\u0131q&#8221; dem\u0259l\u0259ri d\u0259 yaland\u0131r. Maa\u015flar hiss\u0259-hiss\u0259 verilir. \u00d6t\u0259n ay da verilib, bu ay\u0131n sonu da \u00f6d\u0259n\u0259c\u0259k. 150 n\u0259f\u0259rin ixtisar\u0131 s\u00f6hb\u0259ti d\u0259 do\u011fru deyil. M\u0259n d\u0259qiq r\u0259q\u0259ml\u0259ri bilmir\u0259m. D\u00fcz\u00fcn\u00fc i\u015f\u00e7il\u0259r, bir d\u0259 yolda\u015f\u0131m bil\u0259r\u201d.<br \/>\n  <br \/>\n  H\u00f6kum\u0259ty\u00f6nl\u00fc \u201cLider\u201d TV 1 sentyabr 2000-ci ild\u0259 f\u0259aliyy\u0259t\u0259 ba\u015flay\u0131b. Lider TV&amp;Radio Az\u0259rbaycan MMC-nin sahibi \u018fdal\u0259t H\u00fcseyn o\u011flu \u018fliyevdir.\n<\/p>\n<p>\n  \u201cWikiLeaks\u201d-in 2010-cu ild\u0259 birinci xan\u0131m Mehriban \u018fliyevan\u0131n ail\u0259sin\u0259 aid biznesl\u0259 ba\u011fl\u0131 ara\u015fd\u0131rmas\u0131nda \u201cLider\u201d TV v\u0259 \u201cN\u0259rgiz\u201d kosmetika firmas\u0131n\u0131n Pa\u015fayevl\u0259r\u0259 m\u0259xsus oldu\u011fu deyilirdi. \u201cPa\u015fa Holdinq\u201d d\u0259 ail\u0259y\u0259 m\u0259xsusdur. Holdinq\u0259 \u201cPa\u015fa Bank\u201d, \u201cPa\u015fa S\u0131\u011forta\u201d, \u201cPa\u015fa Construction\u201d v\u0259 \u201cPa\u015fa Travel\u201d daxildir.\n<\/p>\n<p>\n  Telekanal ill\u0259rdir v\u0259t\u0259nda\u015f c\u0259miyy\u0259ti, m\u00fcst\u0259qil jurnalist v\u0259 QHT-l\u0259r, o c\u00fcml\u0259d\u0259n siyasi \u0259saslarla h\u0259bs edil\u0259nl\u0259rl\u0259 ba\u011fl\u0131 h\u00f6kum\u0259ty\u00f6nl\u00fc sujetl\u0259ri yay\u0131mlay\u0131b. Kanal\u0131n r\u0259smi t\u0259msil\u00e7isi \u018fdal\u0259t H\u00fcseyn o\u011flu \u018fliyev is\u0259 prezident \u0130lham \u018fliyevin m\u0259rhum \u0259misi, xalq r\u0259ssam\u0131 H\u00fcseyn \u018fliyevin n\u0259v\u0259sidir.<\/p>\n","protected":false},"excerpt":{"rendered":"<p>\u201c\u018fdal\u0259t \u018fliyev xan\u0131m\u0131n\u0131 yax\u015f\u0131 ya\u015fatmaq \u00fc\u00e7\u00fcn telekanal\u0131 v\u0259 i\u015f\u00e7il\u0259ri m\u00fcflis edib\u201d<\/p>\n","protected":false},"author":11,"featured_media":92961,"comment_status":"closed","ping_status":"open","sticky":false,"template":"","format":"standard","meta":{"_acf_changed":false,"_sitemap_exclude":false,"_sitemap_priority":"","_sitemap_frequency":"","footnotes":""},"categories":[51],"tags":[],"class_list":["post-186744","post","type-post","status-publish","format-standard","has-post-thumbnail","hentry","category-analitika","infinite-scroll-item","generate-columns","tablet-grid-50","mobile-grid-100","grid-parent","grid-33","no-featured-image-padding"],"acf":[],"yoast_head":"<!-- This site is optimized with the Yoast SEO plugin v27.4 - https:\/\/yoast.com\/product\/yoast-seo-wordpress\/ -->\n<title>&#039;&#039;Lider TV bir it\u0259 g\u00f6r\u0259 m\u0259hv oldu&#039;&#039; - MEYDAN.TV<\/title>\n<meta name=\"robots\" content=\"index, follow, max-snippet:-1, max-image-preview:large, max-video-preview:-1\" \/>\n<link rel=\"canonical\" href=\"https:\/\/www.meydan.tv\/az\/article\/lider-tv-bir-ite-gore-mehv-oldu\/\" \/>\n<meta property=\"og:locale\" content=\"az_AZ\" \/>\n<meta property=\"og:type\" content=\"article\" \/>\n<meta property=\"og:title\" content=\"&#039;&#039;Lider TV bir it\u0259 g\u00f6r\u0259 m\u0259hv oldu&#039;&#039; - MEYDAN.TV\" \/>\n<meta property=\"og:description\" content=\"\u201c\u018fdal\u0259t \u018fliyev xan\u0131m\u0131n\u0131 yax\u015f\u0131 ya\u015fatmaq \u00fc\u00e7\u00fcn telekanal\u0131 v\u0259 i\u015f\u00e7il\u0259ri m\u00fcflis edib\u201d\" \/>\n<meta property=\"og:url\" content=\"https:\/\/www.meydan.tv\/az\/article\/lider-tv-bir-ite-gore-mehv-oldu\/\" \/>\n<meta property=\"og:site_name\" content=\"MEYDAN.TV\" \/>\n<meta property=\"article:published_time\" content=\"2017-09-29T02:12:39+00:00\" \/>\n<meta property=\"og:image\" content=\"https:\/\/www.meydan.tv\/wp-content\/uploads\/36720.jpg\" \/>\n\t<meta property=\"og:image:width\" content=\"1000\" \/>\n\t<meta property=\"og:image:height\" content=\"563\" \/>\n\t<meta property=\"og:image:type\" content=\"image\/jpeg\" \/>\n<meta name=\"author\" content=\"user-manager\" \/>\n<meta name=\"twitter:card\" content=\"summary_large_image\" \/>\n<script type=\"application\/ld+json\" class=\"yoast-schema-graph\">{\"@context\":\"https:\\\/\\\/schema.org\",\"@graph\":[{\"@type\":\"Article\",\"@id\":\"https:\\\/\\\/www.meydan.tv\\\/az\\\/article\\\/lider-tv-bir-ite-gore-mehv-oldu\\\/#article\",\"isPartOf\":{\"@id\":\"https:\\\/\\\/www.meydan.tv\\\/az\\\/article\\\/lider-tv-bir-ite-gore-mehv-oldu\\\/\"},\"author\":{\"name\":\"user-manager\",\"@id\":\"https:\\\/\\\/www.meydan.tv\\\/az\\\/#\\\/schema\\\/person\\\/10d11eccf6da3662cf5fdab9806ea91a\"},\"headline\":\"&#8221;Lider TV bir it\u0259 g\u00f6r\u0259 m\u0259hv oldu&#8221;\",\"datePublished\":\"2017-09-29T02:12:39+00:00\",\"mainEntityOfPage\":{\"@id\":\"https:\\\/\\\/www.meydan.tv\\\/az\\\/article\\\/lider-tv-bir-ite-gore-mehv-oldu\\\/\"},\"wordCount\":1557,\"publisher\":{\"@id\":\"https:\\\/\\\/www.meydan.tv\\\/az\\\/#organization\"},\"image\":{\"@id\":\"https:\\\/\\\/www.meydan.tv\\\/az\\\/article\\\/lider-tv-bir-ite-gore-mehv-oldu\\\/#primaryimage\"},\"thumbnailUrl\":\"https:\\\/\\\/www.meydan.tv\\\/wp-content\\\/uploads\\\/36720.jpg\",\"articleSection\":[\"Analitika\"],\"inLanguage\":\"az\"},{\"@type\":\"WebPage\",\"@id\":\"https:\\\/\\\/www.meydan.tv\\\/az\\\/article\\\/lider-tv-bir-ite-gore-mehv-oldu\\\/\",\"url\":\"https:\\\/\\\/www.meydan.tv\\\/az\\\/article\\\/lider-tv-bir-ite-gore-mehv-oldu\\\/\",\"name\":\"''Lider TV bir it\u0259 g\u00f6r\u0259 m\u0259hv oldu'' - MEYDAN.TV\",\"isPartOf\":{\"@id\":\"https:\\\/\\\/www.meydan.tv\\\/az\\\/#website\"},\"primaryImageOfPage\":{\"@id\":\"https:\\\/\\\/www.meydan.tv\\\/az\\\/article\\\/lider-tv-bir-ite-gore-mehv-oldu\\\/#primaryimage\"},\"image\":{\"@id\":\"https:\\\/\\\/www.meydan.tv\\\/az\\\/article\\\/lider-tv-bir-ite-gore-mehv-oldu\\\/#primaryimage\"},\"thumbnailUrl\":\"https:\\\/\\\/www.meydan.tv\\\/wp-content\\\/uploads\\\/36720.jpg\",\"datePublished\":\"2017-09-29T02:12:39+00:00\",\"breadcrumb\":{\"@id\":\"https:\\\/\\\/www.meydan.tv\\\/az\\\/article\\\/lider-tv-bir-ite-gore-mehv-oldu\\\/#breadcrumb\"},\"inLanguage\":\"az\",\"potentialAction\":[{\"@type\":\"ReadAction\",\"target\":[\"https:\\\/\\\/www.meydan.tv\\\/az\\\/article\\\/lider-tv-bir-ite-gore-mehv-oldu\\\/\"]}]},{\"@type\":\"ImageObject\",\"inLanguage\":\"az\",\"@id\":\"https:\\\/\\\/www.meydan.tv\\\/az\\\/article\\\/lider-tv-bir-ite-gore-mehv-oldu\\\/#primaryimage\",\"url\":\"https:\\\/\\\/www.meydan.tv\\\/wp-content\\\/uploads\\\/36720.jpg\",\"contentUrl\":\"https:\\\/\\\/www.meydan.tv\\\/wp-content\\\/uploads\\\/36720.jpg\",\"width\":1000,\"height\":563,\"caption\":\"Source:\"},{\"@type\":\"BreadcrumbList\",\"@id\":\"https:\\\/\\\/www.meydan.tv\\\/az\\\/article\\\/lider-tv-bir-ite-gore-mehv-oldu\\\/#breadcrumb\",\"itemListElement\":[{\"@type\":\"ListItem\",\"position\":1,\"name\":\"Ana s\u0259hif\u0259\",\"item\":\"https:\\\/\\\/www.meydan.tv\\\/az\\\/\"},{\"@type\":\"ListItem\",\"position\":2,\"name\":\"Analitika\",\"item\":\"https:\\\/\\\/www.meydan.tv\\\/az\\\/section\\\/analitika\\\/\"},{\"@type\":\"ListItem\",\"position\":3,\"name\":\"&#8221;Lider TV bir it\u0259 g\u00f6r\u0259 m\u0259hv oldu&#8221;\"}]},{\"@type\":\"WebSite\",\"@id\":\"https:\\\/\\\/www.meydan.tv\\\/az\\\/#website\",\"url\":\"https:\\\/\\\/www.meydan.tv\\\/az\\\/\",\"name\":\"MEYDAN.TV\",\"description\":\"Meydan TV Az\u0259rbaycan\u0131n media m\u0259kan\u0131ndak\u0131 alternativ s\u0259sidir\",\"publisher\":{\"@id\":\"https:\\\/\\\/www.meydan.tv\\\/az\\\/#organization\"},\"potentialAction\":[{\"@type\":\"SearchAction\",\"target\":{\"@type\":\"EntryPoint\",\"urlTemplate\":\"https:\\\/\\\/www.meydan.tv\\\/az\\\/?s={search_term_string}\"},\"query-input\":{\"@type\":\"PropertyValueSpecification\",\"valueRequired\":true,\"valueName\":\"search_term_string\"}}],\"inLanguage\":\"az\"},{\"@type\":\"Organization\",\"@id\":\"https:\\\/\\\/www.meydan.tv\\\/az\\\/#organization\",\"name\":\"Meydan TV\",\"url\":\"https:\\\/\\\/www.meydan.tv\\\/az\\\/\",\"logo\":{\"@type\":\"ImageObject\",\"inLanguage\":\"az\",\"@id\":\"https:\\\/\\\/www.meydan.tv\\\/az\\\/#\\\/schema\\\/logo\\\/image\\\/\",\"url\":\"https:\\\/\\\/www.meydan.tv\\\/wp-content\\\/uploads\\\/2021\\\/07\\\/meydan-logo.svg\",\"contentUrl\":\"https:\\\/\\\/www.meydan.tv\\\/wp-content\\\/uploads\\\/2021\\\/07\\\/meydan-logo.svg\",\"width\":195,\"height\":46,\"caption\":\"Meydan TV\"},\"image\":{\"@id\":\"https:\\\/\\\/www.meydan.tv\\\/az\\\/#\\\/schema\\\/logo\\\/image\\\/\"}},{\"@type\":\"Person\",\"@id\":\"https:\\\/\\\/www.meydan.tv\\\/az\\\/#\\\/schema\\\/person\\\/10d11eccf6da3662cf5fdab9806ea91a\",\"name\":\"user-manager\"}]}<\/script>\n<!-- \/ Yoast SEO plugin. -->","yoast_head_json":{"title":"''Lider TV bir it\u0259 g\u00f6r\u0259 m\u0259hv oldu'' - MEYDAN.TV","robots":{"index":"index","follow":"follow","max-snippet":"max-snippet:-1","max-image-preview":"max-image-preview:large","max-video-preview":"max-video-preview:-1"},"canonical":"https:\/\/www.meydan.tv\/az\/article\/lider-tv-bir-ite-gore-mehv-oldu\/","og_locale":"az_AZ","og_type":"article","og_title":"''Lider TV bir it\u0259 g\u00f6r\u0259 m\u0259hv oldu'' - MEYDAN.TV","og_description":"\u201c\u018fdal\u0259t \u018fliyev xan\u0131m\u0131n\u0131 yax\u015f\u0131 ya\u015fatmaq \u00fc\u00e7\u00fcn telekanal\u0131 v\u0259 i\u015f\u00e7il\u0259ri m\u00fcflis edib\u201d","og_url":"https:\/\/www.meydan.tv\/az\/article\/lider-tv-bir-ite-gore-mehv-oldu\/","og_site_name":"MEYDAN.TV","article_published_time":"2017-09-29T02:12:39+00:00","og_image":[{"width":1000,"height":563,"url":"https:\/\/www.meydan.tv\/wp-content\/uploads\/36720.jpg","type":"image\/jpeg"}],"author":"user-manager","twitter_card":"summary_large_image","schema":{"@context":"https:\/\/schema.org","@graph":[{"@type":"Article","@id":"https:\/\/www.meydan.tv\/az\/article\/lider-tv-bir-ite-gore-mehv-oldu\/#article","isPartOf":{"@id":"https:\/\/www.meydan.tv\/az\/article\/lider-tv-bir-ite-gore-mehv-oldu\/"},"author":{"name":"user-manager","@id":"https:\/\/www.meydan.tv\/az\/#\/schema\/person\/10d11eccf6da3662cf5fdab9806ea91a"},"headline":"&#8221;Lider TV bir it\u0259 g\u00f6r\u0259 m\u0259hv oldu&#8221;","datePublished":"2017-09-29T02:12:39+00:00","mainEntityOfPage":{"@id":"https:\/\/www.meydan.tv\/az\/article\/lider-tv-bir-ite-gore-mehv-oldu\/"},"wordCount":1557,"publisher":{"@id":"https:\/\/www.meydan.tv\/az\/#organization"},"image":{"@id":"https:\/\/www.meydan.tv\/az\/article\/lider-tv-bir-ite-gore-mehv-oldu\/#primaryimage"},"thumbnailUrl":"https:\/\/www.meydan.tv\/wp-content\/uploads\/36720.jpg","articleSection":["Analitika"],"inLanguage":"az"},{"@type":"WebPage","@id":"https:\/\/www.meydan.tv\/az\/article\/lider-tv-bir-ite-gore-mehv-oldu\/","url":"https:\/\/www.meydan.tv\/az\/article\/lider-tv-bir-ite-gore-mehv-oldu\/","name":"''Lider TV bir it\u0259 g\u00f6r\u0259 m\u0259hv oldu'' - MEYDAN.TV","isPartOf":{"@id":"https:\/\/www.meydan.tv\/az\/#website"},"primaryImageOfPage":{"@id":"https:\/\/www.meydan.tv\/az\/article\/lider-tv-bir-ite-gore-mehv-oldu\/#primaryimage"},"image":{"@id":"https:\/\/www.meydan.tv\/az\/article\/lider-tv-bir-ite-gore-mehv-oldu\/#primaryimage"},"thumbnailUrl":"https:\/\/www.meydan.tv\/wp-content\/uploads\/36720.jpg","datePublished":"2017-09-29T02:12:39+00:00","breadcrumb":{"@id":"https:\/\/www.meydan.tv\/az\/article\/lider-tv-bir-ite-gore-mehv-oldu\/#breadcrumb"},"inLanguage":"az","potentialAction":[{"@type":"ReadAction","target":["https:\/\/www.meydan.tv\/az\/article\/lider-tv-bir-ite-gore-mehv-oldu\/"]}]},{"@type":"ImageObject","inLanguage":"az","@id":"https:\/\/www.meydan.tv\/az\/article\/lider-tv-bir-ite-gore-mehv-oldu\/#primaryimage","url":"https:\/\/www.meydan.tv\/wp-content\/uploads\/36720.jpg","contentUrl":"https:\/\/www.meydan.tv\/wp-content\/uploads\/36720.jpg","width":1000,"height":563,"caption":"Source:"},{"@type":"BreadcrumbList","@id":"https:\/\/www.meydan.tv\/az\/article\/lider-tv-bir-ite-gore-mehv-oldu\/#breadcrumb","itemListElement":[{"@type":"ListItem","position":1,"name":"Ana s\u0259hif\u0259","item":"https:\/\/www.meydan.tv\/az\/"},{"@type":"ListItem","position":2,"name":"Analitika","item":"https:\/\/www.meydan.tv\/az\/section\/analitika\/"},{"@type":"ListItem","position":3,"name":"&#8221;Lider TV bir it\u0259 g\u00f6r\u0259 m\u0259hv oldu&#8221;"}]},{"@type":"WebSite","@id":"https:\/\/www.meydan.tv\/az\/#website","url":"https:\/\/www.meydan.tv\/az\/","name":"MEYDAN.TV","description":"Meydan TV Az\u0259rbaycan\u0131n media m\u0259kan\u0131ndak\u0131 alternativ s\u0259sidir","publisher":{"@id":"https:\/\/www.meydan.tv\/az\/#organization"},"potentialAction":[{"@type":"SearchAction","target":{"@type":"EntryPoint","urlTemplate":"https:\/\/www.meydan.tv\/az\/?s={search_term_string}"},"query-input":{"@type":"PropertyValueSpecification","valueRequired":true,"valueName":"search_term_string"}}],"inLanguage":"az"},{"@type":"Organization","@id":"https:\/\/www.meydan.tv\/az\/#organization","name":"Meydan TV","url":"https:\/\/www.meydan.tv\/az\/","logo":{"@type":"ImageObject","inLanguage":"az","@id":"https:\/\/www.meydan.tv\/az\/#\/schema\/logo\/image\/","url":"https:\/\/www.meydan.tv\/wp-content\/uploads\/2021\/07\/meydan-logo.svg","contentUrl":"https:\/\/www.meydan.tv\/wp-content\/uploads\/2021\/07\/meydan-logo.svg","width":195,"height":46,"caption":"Meydan TV"},"image":{"@id":"https:\/\/www.meydan.tv\/az\/#\/schema\/logo\/image\/"}},{"@type":"Person","@id":"https:\/\/www.meydan.tv\/az\/#\/schema\/person\/10d11eccf6da3662cf5fdab9806ea91a","name":"user-manager"}]}},"_links":{"self":[{"href":"https:\/\/www.meydan.tv\/az\/wp-json\/wp\/v2\/posts\/186744","targetHints":{"allow":["GET"]}}],"collection":[{"href":"https:\/\/www.meydan.tv\/az\/wp-json\/wp\/v2\/posts"}],"about":[{"href":"https:\/\/www.meydan.tv\/az\/wp-json\/wp\/v2\/types\/post"}],"author":[{"embeddable":true,"href":"https:\/\/www.meydan.tv\/az\/wp-json\/wp\/v2\/users\/11"}],"replies":[{"embeddable":true,"href":"https:\/\/www.meydan.tv\/az\/wp-json\/wp\/v2\/comments?post=186744"}],"version-history":[{"count":0,"href":"https:\/\/www.meydan.tv\/az\/wp-json\/wp\/v2\/posts\/186744\/revisions"}],"wp:featuredmedia":[{"embeddable":true,"href":"https:\/\/www.meydan.tv\/az\/wp-json\/wp\/v2\/media\/92961"}],"wp:attachment":[{"href":"https:\/\/www.meydan.tv\/az\/wp-json\/wp\/v2\/media?parent=186744"}],"wp:term":[{"taxonomy":"category","embeddable":true,"href":"https:\/\/www.meydan.tv\/az\/wp-json\/wp\/v2\/categories?post=186744"},{"taxonomy":"post_tag","embeddable":true,"href":"https:\/\/www.meydan.tv\/az\/wp-json\/wp\/v2\/tags?post=186744"}],"curies":[{"name":"wp","href":"https:\/\/api.w.org\/{rel}","templated":true}]}}