{"id":186725,"date":"2017-09-28T03:26:45","date_gmt":"2017-09-28T03:26:45","guid":{"rendered":"https:\/\/www.meydan.tv\/article\/qadinlar-niye-agilsizdir\/"},"modified":"2017-09-28T03:26:45","modified_gmt":"2017-09-28T03:26:45","slug":"qadinlar-niye-agilsizdir","status":"publish","type":"post","link":"https:\/\/www.meydan.tv\/az\/article\/qadinlar-niye-agilsizdir\/","title":{"rendered":"Qad\u0131nlar niy\u0259 a\u011f\u0131ls\u0131zd\u0131r?"},"content":{"rendered":"<figure class=\"wp-block-image size-large\">\n  <img decoding=\"async\" src=\"https:\/\/www.meydan.tv\/az\/92939\/\" alt=\"\" class=\"wp-image-92939\"\/><figcaption><\/figcaption><\/figure>\n<p>\n  Az\u0259rbaycanda oxuyanda m\u00fc\u0259lliml\u0259r t\u0259r\u0259find\u0259n qad\u0131n t\u0259l\u0259b\u0259l\u0259r\u0259 qar\u015f\u0131 ayr\u0131-se\u00e7kiliyi \u00e7ox m\u00fc\u015fahid\u0259 etmi\u015f\u0259m. Daha sonra t\u0259hsilimi xaricd\u0259 davam etdir\u0259rk\u0259n he\u00e7 bir m\u00fc\u0259llimin dilind\u0259n\u201cqad\u0131nlar filan \u015feydir\u201d v\u0259 ya \u201cki\u015fil\u0259r filan c\u00fcrd\u00fcr\u201d dey\u0259 bir c\u00fcml\u0259 d\u0259 e\u015fitm\u0259dim. Davran\u0131\u015flarda qeyri-ixtiyar\u0131 ayr\u0131-se\u00e7kilik olurdu b\u0259z\u0259n. T\u0259\u0259ss\u00fcfl\u0259r olsun ki, h\u0259l\u0259 d\u0259 qad\u0131nlara qar\u015f\u0131 stereotipl\u0259r tamamil\u0259 aradan qald\u0131r\u0131lmay\u0131b, amma he\u00e7 bir m\u00fc\u0259llim qad\u0131nlar\u0131 v\u0259 ki\u015fil\u0259ri ay\u0131r\u0131b hans\u0131sa c\u00fcml\u0259 i\u015fl\u0259tm\u0259y\u0259 c\u0259sar\u0259t ed\u0259 bilm\u0259z. \u018fmin\u0259m ki, h\u0259tta hans\u0131sa m\u00fc\u0259llim \u00e7a\u015f\u0131b \u201cqad\u0131n z\u0259rif m\u0259xluqdur\u201d v\u0259 ya \u201cqad\u0131nlar daha duy\u011fusald\u0131r\u201d bel\u0259 des\u0259ydi, t\u0259l\u0259b\u0259l\u0259r h\u0259min anda m\u00fc\u0259llimi susdurub etiraz ed\u0259rdil\u0259r.\n<\/p>\n<p>\n  Lakin Bak\u0131 D\u00f6vl\u0259t Universitetinin f\u0259ls\u0259f\u0259 v\u0259 m\u0259ntiq m\u00fc\u0259llimi\u00a0 Elmar H\u00fcseynov, qad\u0131nlar\u0131n a\u011fl\u0131n\u0131 \u015f\u00fcbh\u0259 alt\u0131na qoyur. T\u0259l\u0259b\u0259l\u0259rin etiraz c\u00fcml\u0259l\u0259rin\u0259 arqument tapmayanda is\u0259 \u201cFacebook\u201d-da status yaz\u0131r. Bu, bilirsiz n\u0259y\u0259 b\u0259nz\u0259yir? Qarad\u0259rili t\u0259l\u0259b\u0259l\u0259rin oldu\u011fu auditoriyaya girib, \u201csizin oxudu\u011funuz b\u00fct\u00fcn n\u0259z\u0259riyy\u0259l\u0259r a\u011fd\u0259rilil\u0259r t\u0259r\u0259find\u0259n yaz\u0131l\u0131b, onun \u00fc\u00e7\u00fcn d\u0259 qarad\u0259rilil\u0259r he\u00e7 vaxt a\u011fd\u0259rilil\u0259r q\u0259d\u0259r intellekt\u0259 sahib deyill\u0259r\u201d dem\u0259y\u0259. Bel\u0259 dey\u0259ni an\u0131nda irq\u00e7i adland\u0131r\u0131rlar, biz is\u0259 qad\u0131nlar bar\u0259d\u0259 bu c\u0259f\u0259ngiyyat\u0131 dan\u0131\u015fana \u201cm\u00fc\u0259llim\u201d dem\u0259k m\u0259cburiyy\u0259tind\u0259yik.\n<\/p>\n<p>\n  \u201cB\u00fct\u00fcn fundamental konsepsiya, n\u0259z\u0259riyy\u0259, elmi f\u0259rziyy\u0259l\u0259rin\u201d niy\u0259 \u0259srl\u0259rboyu \u0259zilmi\u015f\u00a0 qad\u0131nlar t\u0259r\u0259find\u0259n deyil, ki\u015fil\u0259r t\u0259r\u0259find\u0259n ir\u0259li s\u00fcr\u00fclm\u0259sinin m\u0259ntiqi s\u0259b\u0259bini \u201cm\u0259ntiq m\u00fc\u0259llimi\u201d d\u0259rk ed\u0259 bilmir. Elm d\u0259f\u0259l\u0259rl\u0259 s\u00fcbut edib ki, bioloji olaraq qad\u0131n beyni il\u0259 ki\u015fi beyni aras\u0131nda he\u00e7 bir f\u0259rq yoxdur. H\u0259tta a\u015fa\u011f\u0131 sinif \u015fagirdl\u0259ri aras\u0131nda q\u0131zlar\u0131n v\u0259 o\u011flanlar\u0131n eyni d\u0259r\u0259c\u0259d\u0259\u00a0 riyaziyyat, informatika, fizika v\u0259 bu kimi f\u0259nl\u0259rd\u0259 u\u011furlu oldu\u011funu<br \/>\n  <a href=\"http:\/\/www.apa.org\/research\/action\/difference.aspx\"><br \/>\n    m\u00fc\u015fahid\u0259 edibl\u0259r<br \/>\n  <\/a><br \/>\n  . Lakin c\u0259miyy\u0259td\u0259ki stereotipl\u0259r qad\u0131nlar\u0131 humanitar elml\u0259ri se\u00e7m\u0259y\u0259 v\u0259 yaln\u0131z m\u00fc\u0259yy\u0259n sah\u0259l\u0259rd\u0259 i\u015fl\u0259m\u0259y\u0259 vadar edib (\u0259g\u0259r h\u0259l\u0259 i\u015fl\u0259m\u0259y\u0259 icaz\u0259 veribl\u0259rs\u0259). \u201cElm v\u0259 tibb \u00fczr\u0259 Nobel qad\u0131n m\u00fckafat\u00e7\u0131lar\u0131n\u0131n say\u0131n\u0131n xeyli az\u201d olmas\u0131n\u0131n da s\u0259b\u0259bi budur.\n<\/p>\n<figure class=\"wp-block-image size-large\">\n  <img decoding=\"async\" src=\"https:\/\/www.meydan.tv\/az\/92942\/\" alt=\"\" class=\"wp-image-92942\"\/><figcaption><\/figcaption><\/figure>\n<p>\n  Tarix\u0259n \u0259zil\u0259n, burnunu \u00e7\u00f6l\u0259 \u00e7\u0131xarma\u011fa icaz\u0259si olmayan, h\u0259tta \u0259n xo\u015f zamanlarda bel\u0259 stereotipl\u0259rl\u0259 m\u00fcbariz\u0259 aparma\u011fa m\u0259cbur olan qad\u0131nlar\u0131n niy\u0259 elmd\u0259 ki\u015fil\u0259r q\u0259d\u0259r u\u011furlu olmad\u0131qlar\u0131na dair sual s\u0259d\u0259c\u0259 g\u00fcl\u00fcncd\u00fcr. B\u00fct\u00fcn bunlar\u0131 bil\u0259r\u0259k, h\u0259l\u0259 d\u0259 elmd\u0259 qad\u0131nlar\u0131 axtaranlar v\u0259 yet\u0259rinc\u0259 tapmad\u0131qda qad\u0131n\u0131n a\u011f\u0131ls\u0131z oldu\u011funa dair n\u0259tic\u0259y\u0259 g\u0259l\u0259nl\u0259r var. \u018fl\u0259lx\u00fcsus da bizimki kimi, qad\u0131nlar\u0131n do\u011fulma\u011fa bel\u0259 ki\u015fil\u0259r q\u0259d\u0259r haqlar\u0131 olmayan c\u0259miyy\u0259td\u0259.\u00a0 Selektiv abortlar\u0131n say\u0131, q\u0131z u\u015faqlar\u0131n\u0131n do\u011fulduqdan sonra \u00f6ld\u00fcr\u00fcld\u00fckl\u0259ri bar\u0259d\u0259 y\u0259qin ki, m\u0259lumat\u0131n\u0131z yet\u0259rinc\u0259 var. Do\u011fulub m\u0259kt\u0259b\u0259 v\u0259 universitet\u0259 getm\u0259k \u00fc\u00e7\u00fcn \u015fansl\u0131 olan qad\u0131nlar\u0131n bir \u00e7oxunun da diplomu cehizlik olub.\n<\/p>\n<p>\n  Bu il m\u0259kt\u0259b\u0259 ged\u0259n u\u015faqlar\u0131n 63 faizi o\u011fland\u0131r, 37 faizi is\u0259 q\u0131z. \u0130ndi fikirl\u0259\u015fin, bu 37 faizin ne\u00e7\u0259 faizi m\u0259kt\u0259bi \u0259r\u0259 getm\u0259d\u0259n, son sinifl\u0259rd\u0259n \u00e7\u0131xar\u0131lmadan bitir\u0259 bil\u0259c\u0259k? Ne\u00e7\u0259 faizi universitet\u0259 gir\u0259 bil\u0259c\u0259k?\u00a0 O\u011flanlar\u0131n valideynl\u0259ri \u201cpullu da olsa yaz, t\u0259ki universitet\u0259 q\u0259bul ol\u201d\u00a0 dey\u0259rk\u0259n, ne\u00e7\u0259 faiz q\u0131z\u0131n valideyini ona \u201ceybi yox, \u0259sas odur ki, b\u0259xtin a\u00e7\u0131ls\u0131n, \u0259r\u0259 ged\u0259s\u0259n\u201d dey\u0259c\u0259k?\u00a0 Universitet\u0259 q\u0259bul olan qad\u0131nlar\u0131n ne\u00e7\u0259 faizi Elmar H\u00fcseynov kimil\u0259rinin ucbat\u0131ndan elmd\u0259n, t\u0259hsild\u0259n soyumayacaq? Yerd\u0259 qalan\u0131n\u0131n ne\u00e7\u0259 faizi universiteti bitirs\u0259 d\u0259, diplomundan sad\u0259c\u0259 cehiz etm\u0259y\u0259c\u0259k? Sonda, yerd\u0259 qalan qad\u0131nlardanm\u0131, yoxsa\u00a0 67 faiz bu il m\u0259kt\u0259b\u0259 ged\u0259n o\u011flanlardanm\u0131 alim \u00e7\u0131xma ehtimal\u0131n\u0131 hesablamaq \u00fc\u00e7\u00fcn x\u00fcsusi riyazi bilikl\u0259r laz\u0131m deyil.\n<\/p>\n<p>\n  Dig\u0259r proqressiv \u00f6lk\u0259l\u0259rd\u0259 d\u0259 v\u0259ziyy\u0259t yaln\u0131z son zamanlar d\u0259yi\u015fib, h\u0259min \u00f6lk\u0259l\u0259rin qad\u0131nlar\u0131n\u0131n aqib\u0259ti bizimkind\u0259n daha yax\u015f\u0131 olmay\u0131b. Amma b\u00fct\u00fcn bu mane\u0259l\u0259r\u0259 baxmayaraq, qad\u0131nlar yen\u0259 di\u015fl\u0259ri, d\u0131rnaqlar\u0131 il\u0259 el\u0259 fundamental elml\u0259rd\u0259 d\u0259 Nobel m\u00fckafat\u00e7\u0131s\u0131 olublar. H\u0259tta ilk d\u0259f\u0259 Nobel m\u00fckafat\u0131n\u0131 2 d\u0259f\u0259 alan da qad\u0131n olub \u2013Mari K\u00fcri, h\u0259m fizikada h\u0259m kimyada olan nailiyy\u0259tl\u0259rin\u0259 g\u00f6r\u0259.\n<\/p>\n<figure class=\"wp-block-image size-large\">\n  <img decoding=\"async\" src=\"https:\/\/www.meydan.tv\/az\/92946\/\" alt=\"\" class=\"wp-image-92946\"\/><figcaption><\/figcaption><\/figure>\n<p>\n  Bu yax\u0131nlarda Harvard Universiteti 23 ya\u015fl\u0131 qad\u0131n\u0131 (Sabrina Gonzalez Pasterski) yeni Eyn\u015fteyn adland\u0131r\u0131b. Hal-haz\u0131rda kvant qravitasiyas\u0131 \u00fczr\u0259 ara\u015fd\u0131rma aparan bu qad\u0131n\u0131n n\u0259z\u0259riyy\u0259si s\u00fcbut olunarsa,<br \/>\n  <a href=\"https:\/\/www.indy100.com\/article\/young-woman-sabrina-gonzalez-pasterski-physicists-albert-einstein-stephen-hawking-harvard-university-7914441\"><br \/>\n    d\u00fcnyaya bax\u0131\u015f\u0131m\u0131z d\u0259yi\u015f\u0259c\u0259k<br \/>\n  <\/a><br \/>\n  .\u00a0 Lakin biz h\u0259l\u0259 d\u0259 oxudu\u011fumuz m\u0259kt\u0259bd\u0259n tutmu\u015f i\u015fl\u0259diyimiz m\u00fc\u0259ssis\u0259l\u0259r\u0259 q\u0259d\u0259r daima m\u00fcbariz\u0259 aparmaq m\u0259cburiyy\u0259tind\u0259yik. Ki\u015finin i\u015fl\u0259diyinin 10 qat\u0131n\u0131 i\u015fl\u0259m\u0259liyik ki, qad\u0131n oldu\u011fumuza g\u00f6r\u0259 bizi ciddiy\u0259 almayanlar, he\u00e7 olmasa ki\u015fiy\u0259 verdiyi maa\u015f\u0131n yar\u0131s\u0131n\u0131 versin. \u018ftrafda add\u0131mba\u015f\u0131 qad\u0131nlarla ba\u011fl\u0131 zarafatlar\u0131 oxumu\u015fundan da e\u015fidirik, cahilind\u0259n d\u0259.\u00a0 Amma \u00f6z\u00fcn\u0259 \u201cm\u00fc\u0259llim\u201d dey\u0259nin bel\u0259 c\u00fcml\u0259l\u0259ri dil\u0259 g\u0259tirm\u0259si art\u0131q t\u0259hsil sisteminin fiaskosudur.\n<\/p>\n<p>\n  Bu adamla ba\u011fl\u0131 d\u00fcn\u0259n T\u0259hsil Nazirliyin\u0259 m\u00fcraci\u0259t etmi\u015f\u0259m. Bu adam n\u0259inki qad\u0131nlar\u0131 al\u00e7ald\u0131b, t\u0259hqir edir, onlar\u0131n elm\u0259 olan maraqlar\u0131n\u0131 \u00f6ld\u00fcr\u00fcr (ax\u0131, hans\u0131 qad\u0131n t\u0259l\u0259b\u0259 bu s\u00f6zl\u0259rd\u0259n sonra elm\u0259, t\u0259hsil\u0259 meyl duyacaq, alim olmaq ist\u0259y\u0259c\u0259k?), h\u0259m\u00e7inin prezident \u0130lham \u018fliyevin \u201cGender b\u0259rab\u0259rliyi haqq\u0131nda\u201d imzalad\u0131\u011f\u0131 qanunu pozur. \u018fg\u0259r nazir bu yaz\u0131n\u0131 oxuyursa, bir daha xahi\u015f edir\u0259m ki, ya bu kimi m\u00fc\u0259lliml\u0259rin k\u0259narla\u015fd\u0131r\u0131lmas\u0131 il\u0259 ba\u011fl\u0131 bir t\u0259dbir g\u00f6r\u00fcls\u00fcn, ya da universitetl\u0259rd\u0259 m\u00fc\u0259lliml\u0259r\u0259 gender v\u0259 t\u0259l\u0259b\u0259l\u0259r\u0259 h\u00f6rm\u0259t edilm\u0259si m\u00f6vzular\u0131nda x\u00fcsusi t\u0259liml\u0259r t\u0259\u015fkil edilsin.\n<\/p>\n<p>\n  Yaz\u0131n\u0131 oxuyan t\u0259l\u0259b\u0259l\u0259r\u0259 is\u0259 dem\u0259k ist\u0259yir\u0259m ki, m\u00fc\u0259llim sizi t\u0259hqir ed\u0259nd\u0259, siz\u0259 qar\u015f\u0131 h\u0259r hans\u0131 bir s\u0259b\u0259bd\u0259n h\u00f6rm\u0259tsizlik n\u00fcmayi\u015f etdir\u0259nd\u0259 m\u00fctl\u0259q v\u0259 m\u00fctl\u0259q etiraz\u0131n\u0131z\u0131 bildirin. M\u00fc\u0259llim sizi sevm\u0259y\u0259 bil\u0259r, amma h\u00f6rm\u0259t etm\u0259y\u0259 borcludur.\n<\/p>\n<p>\n  \u018fziz t\u0259l\u0259b\u0259l\u0259r, m\u0259n bir m\u00fc\u0259llim\u0259 olaraq deyir\u0259m ki, bizim he\u00e7 birimizin s\u0259hviniz\u0259, g\u00f6r\u00fcn\u00fc\u015f\u00fcn\u00fcz\u0259, fikriniz\u0259, cinsiniz\u0259 g\u00f6r\u0259 sizi al\u00e7ald\u0131b, g\u00fcl\u00fcb, la\u011fa qoyma\u011fa haqq\u0131m\u0131z yoxdur, amma sizin bizim s\u0259hvl\u0259rimiz\u0259 etiraz etm\u0259y\u0259 haqq\u0131n\u0131z var.\n<\/p>\n<p>\n  <b><br \/>\n    Redaksiyadan<br \/>\n  <\/b><br \/>\n  : Yaz\u0131da ad\u0131 ke\u00e7\u0259n Elmar H\u00fcseynov Meydan TV-y\u0259 m\u0259qal\u0259 m\u00fc\u0259llifini tan\u0131mad\u0131\u011f\u0131n\u0131 v\u0259 ona gender b\u0259rab\u0259rliyi il\u0259 ba\u011fl\u0131 d\u00fc\u015f\u00fcnc\u0259l\u0259rini \u00f6yr\u0259nm\u0259k \u00fc\u00e7\u00fcn m\u00fcraci\u0259t etm\u0259diyini s\u00f6yl\u0259yib:\n<\/p>\n<p>\n  \u201c\u018fg\u0259r konkret bu kontekstd\u0259 T\u0259hsil Nazirliyin\u0259 \u015fikay\u0259t etm\u0259y\u0259 h\u0259r hans\u0131 ciddi s\u0259b\u0259b olsayd\u0131, bunu \u00e7ox b\u00f6y\u00fck g\u00fcmanla m\u0259nim t\u0259l\u0259b\u0259l\u0259rim\u00a0 etmi\u015f olard\u0131lar. Jurnalist t\u0259l\u0259b\u0259l\u0259r aras\u0131nda ist\u0259r d\u0259rs zaman\u0131, ist\u0259r bilikl\u0259rin qiym\u0259tl\u0259ndirilm\u0259si prosesind\u0259, ist\u0259rs\u0259 d\u0259 d\u0259rsd\u0259n sonra normal m\u00fc\u0259llim-t\u0259l\u0259b\u0259 m\u00fcnasib\u0259tl\u0259ri \u00e7\u0259r\u00e7iv\u0259sind\u0259 gender \u0259sas\u0131nda h\u0259r hans\u0131 ayr\u0131-se\u00e7kiliy\u0259 yol verib-verm\u0259diyim bar\u0259sind\u0259 r\u0259y sor\u011fusu ke\u00e7irm\u0259li v\u0259 daha sonra h\u0259r hans\u0131 q\u0259na\u0259ti formala\u015fd\u0131rmal\u0131 idi. H\u0259r halda bu fakt\u0131n \u00fc\u00e7\u00fcn pe\u015f\u0259kar jurnalistika \u00fc\u00e7\u00fcn onun t\u0259r\u0259find\u0259n at\u0131lm\u0131\u015f t\u0259l\u0259sik v\u0259 arzu olunmaz hald\u0131r\u201d.<\/p>\n","protected":false},"excerpt":{"rendered":"<p>Bak\u0131 D\u00f6vl\u0259t Universitetinin f\u0259ls\u0259f\u0259 v\u0259 m\u0259ntiq m\u00fc\u0259llimi  Elmar H\u00fcseynov, qad\u0131nlar\u0131n a\u011fl\u0131n\u0131 \u015f\u00fcbh\u0259 alt\u0131na qoyur.<\/p>\n","protected":false},"author":11,"featured_media":92939,"comment_status":"closed","ping_status":"open","sticky":false,"template":"","format":"standard","meta":{"_acf_changed":false,"_sitemap_exclude":false,"_sitemap_priority":"","_sitemap_frequency":"","footnotes":""},"categories":[57],"tags":[],"class_list":["post-186725","post","type-post","status-publish","format-standard","has-post-thumbnail","hentry","category-menim-fikrimce","infinite-scroll-item","generate-columns","tablet-grid-50","mobile-grid-100","grid-parent","grid-33","no-featured-image-padding"],"acf":[],"yoast_head":"<!-- This site is optimized with the Yoast SEO plugin v27.5 - https:\/\/yoast.com\/product\/yoast-seo-wordpress\/ -->\n<title>Qad\u0131nlar niy\u0259 a\u011f\u0131ls\u0131zd\u0131r? - MEYDAN.TV<\/title>\n<meta name=\"robots\" content=\"index, follow, max-snippet:-1, max-image-preview:large, max-video-preview:-1\" \/>\n<link rel=\"canonical\" href=\"https:\/\/www.meydan.tv\/az\/article\/qadinlar-niye-agilsizdir\/\" \/>\n<meta property=\"og:locale\" content=\"az_AZ\" \/>\n<meta property=\"og:type\" content=\"article\" \/>\n<meta property=\"og:title\" content=\"Qad\u0131nlar niy\u0259 a\u011f\u0131ls\u0131zd\u0131r? - MEYDAN.TV\" \/>\n<meta property=\"og:description\" content=\"Bak\u0131 D\u00f6vl\u0259t Universitetinin f\u0259ls\u0259f\u0259 v\u0259 m\u0259ntiq m\u00fc\u0259llimi Elmar H\u00fcseynov, qad\u0131nlar\u0131n a\u011fl\u0131n\u0131 \u015f\u00fcbh\u0259 alt\u0131na qoyur.\" \/>\n<meta property=\"og:url\" content=\"https:\/\/www.meydan.tv\/az\/article\/qadinlar-niye-agilsizdir\/\" \/>\n<meta property=\"og:site_name\" content=\"MEYDAN.TV\" \/>\n<meta property=\"article:published_time\" content=\"2017-09-28T03:26:45+00:00\" \/>\n<meta property=\"og:image\" content=\"https:\/\/www.meydan.tv\/wp-content\/uploads\/36671.jpg\" \/>\n\t<meta property=\"og:image:width\" content=\"1140\" \/>\n\t<meta property=\"og:image:height\" content=\"652\" \/>\n\t<meta property=\"og:image:type\" content=\"image\/jpeg\" \/>\n<meta name=\"author\" content=\"user-manager\" \/>\n<meta name=\"twitter:card\" content=\"summary_large_image\" \/>\n<script type=\"application\/ld+json\" class=\"yoast-schema-graph\">{\"@context\":\"https:\\\/\\\/schema.org\",\"@graph\":[{\"@type\":\"Article\",\"@id\":\"https:\\\/\\\/www.meydan.tv\\\/az\\\/article\\\/qadinlar-niye-agilsizdir\\\/#article\",\"isPartOf\":{\"@id\":\"https:\\\/\\\/www.meydan.tv\\\/az\\\/article\\\/qadinlar-niye-agilsizdir\\\/\"},\"author\":{\"name\":\"user-manager\",\"@id\":\"https:\\\/\\\/www.meydan.tv\\\/az\\\/#\\\/schema\\\/person\\\/10d11eccf6da3662cf5fdab9806ea91a\"},\"headline\":\"Qad\u0131nlar niy\u0259 a\u011f\u0131ls\u0131zd\u0131r?\",\"datePublished\":\"2017-09-28T03:26:45+00:00\",\"mainEntityOfPage\":{\"@id\":\"https:\\\/\\\/www.meydan.tv\\\/az\\\/article\\\/qadinlar-niye-agilsizdir\\\/\"},\"wordCount\":1488,\"publisher\":{\"@id\":\"https:\\\/\\\/www.meydan.tv\\\/az\\\/#organization\"},\"image\":{\"@id\":\"https:\\\/\\\/www.meydan.tv\\\/az\\\/article\\\/qadinlar-niye-agilsizdir\\\/#primaryimage\"},\"thumbnailUrl\":\"https:\\\/\\\/www.meydan.tv\\\/wp-content\\\/uploads\\\/36671.jpg\",\"articleSection\":[\"M\u0259nim Fikrimc\u0259\"],\"inLanguage\":\"az\"},{\"@type\":\"WebPage\",\"@id\":\"https:\\\/\\\/www.meydan.tv\\\/az\\\/article\\\/qadinlar-niye-agilsizdir\\\/\",\"url\":\"https:\\\/\\\/www.meydan.tv\\\/az\\\/article\\\/qadinlar-niye-agilsizdir\\\/\",\"name\":\"Qad\u0131nlar niy\u0259 a\u011f\u0131ls\u0131zd\u0131r? - MEYDAN.TV\",\"isPartOf\":{\"@id\":\"https:\\\/\\\/www.meydan.tv\\\/az\\\/#website\"},\"primaryImageOfPage\":{\"@id\":\"https:\\\/\\\/www.meydan.tv\\\/az\\\/article\\\/qadinlar-niye-agilsizdir\\\/#primaryimage\"},\"image\":{\"@id\":\"https:\\\/\\\/www.meydan.tv\\\/az\\\/article\\\/qadinlar-niye-agilsizdir\\\/#primaryimage\"},\"thumbnailUrl\":\"https:\\\/\\\/www.meydan.tv\\\/wp-content\\\/uploads\\\/36671.jpg\",\"datePublished\":\"2017-09-28T03:26:45+00:00\",\"breadcrumb\":{\"@id\":\"https:\\\/\\\/www.meydan.tv\\\/az\\\/article\\\/qadinlar-niye-agilsizdir\\\/#breadcrumb\"},\"inLanguage\":\"az\",\"potentialAction\":[{\"@type\":\"ReadAction\",\"target\":[\"https:\\\/\\\/www.meydan.tv\\\/az\\\/article\\\/qadinlar-niye-agilsizdir\\\/\"]}]},{\"@type\":\"ImageObject\",\"inLanguage\":\"az\",\"@id\":\"https:\\\/\\\/www.meydan.tv\\\/az\\\/article\\\/qadinlar-niye-agilsizdir\\\/#primaryimage\",\"url\":\"https:\\\/\\\/www.meydan.tv\\\/wp-content\\\/uploads\\\/36671.jpg\",\"contentUrl\":\"https:\\\/\\\/www.meydan.tv\\\/wp-content\\\/uploads\\\/36671.jpg\",\"width\":1140,\"height\":652,\"caption\":\"Source:\"},{\"@type\":\"BreadcrumbList\",\"@id\":\"https:\\\/\\\/www.meydan.tv\\\/az\\\/article\\\/qadinlar-niye-agilsizdir\\\/#breadcrumb\",\"itemListElement\":[{\"@type\":\"ListItem\",\"position\":1,\"name\":\"Ana s\u0259hif\u0259\",\"item\":\"https:\\\/\\\/www.meydan.tv\\\/az\\\/\"},{\"@type\":\"ListItem\",\"position\":2,\"name\":\"M\u0259nim Fikrimc\u0259\",\"item\":\"https:\\\/\\\/www.meydan.tv\\\/az\\\/section\\\/menim-fikrimce\\\/\"},{\"@type\":\"ListItem\",\"position\":3,\"name\":\"Qad\u0131nlar niy\u0259 a\u011f\u0131ls\u0131zd\u0131r?\"}]},{\"@type\":\"WebSite\",\"@id\":\"https:\\\/\\\/www.meydan.tv\\\/az\\\/#website\",\"url\":\"https:\\\/\\\/www.meydan.tv\\\/az\\\/\",\"name\":\"MEYDAN.TV\",\"description\":\"Meydan TV Az\u0259rbaycan\u0131n media m\u0259kan\u0131ndak\u0131 alternativ s\u0259sidir\",\"publisher\":{\"@id\":\"https:\\\/\\\/www.meydan.tv\\\/az\\\/#organization\"},\"potentialAction\":[{\"@type\":\"SearchAction\",\"target\":{\"@type\":\"EntryPoint\",\"urlTemplate\":\"https:\\\/\\\/www.meydan.tv\\\/az\\\/?s={search_term_string}\"},\"query-input\":{\"@type\":\"PropertyValueSpecification\",\"valueRequired\":true,\"valueName\":\"search_term_string\"}}],\"inLanguage\":\"az\"},{\"@type\":\"Organization\",\"@id\":\"https:\\\/\\\/www.meydan.tv\\\/az\\\/#organization\",\"name\":\"Meydan TV\",\"url\":\"https:\\\/\\\/www.meydan.tv\\\/az\\\/\",\"logo\":{\"@type\":\"ImageObject\",\"inLanguage\":\"az\",\"@id\":\"https:\\\/\\\/www.meydan.tv\\\/az\\\/#\\\/schema\\\/logo\\\/image\\\/\",\"url\":\"https:\\\/\\\/www.meydan.tv\\\/wp-content\\\/uploads\\\/2021\\\/07\\\/meydan-logo.svg\",\"contentUrl\":\"https:\\\/\\\/www.meydan.tv\\\/wp-content\\\/uploads\\\/2021\\\/07\\\/meydan-logo.svg\",\"width\":195,\"height\":46,\"caption\":\"Meydan TV\"},\"image\":{\"@id\":\"https:\\\/\\\/www.meydan.tv\\\/az\\\/#\\\/schema\\\/logo\\\/image\\\/\"}},{\"@type\":\"Person\",\"@id\":\"https:\\\/\\\/www.meydan.tv\\\/az\\\/#\\\/schema\\\/person\\\/10d11eccf6da3662cf5fdab9806ea91a\",\"name\":\"user-manager\"}]}<\/script>\n<!-- \/ Yoast SEO plugin. -->","yoast_head_json":{"title":"Qad\u0131nlar niy\u0259 a\u011f\u0131ls\u0131zd\u0131r? - MEYDAN.TV","robots":{"index":"index","follow":"follow","max-snippet":"max-snippet:-1","max-image-preview":"max-image-preview:large","max-video-preview":"max-video-preview:-1"},"canonical":"https:\/\/www.meydan.tv\/az\/article\/qadinlar-niye-agilsizdir\/","og_locale":"az_AZ","og_type":"article","og_title":"Qad\u0131nlar niy\u0259 a\u011f\u0131ls\u0131zd\u0131r? - MEYDAN.TV","og_description":"Bak\u0131 D\u00f6vl\u0259t Universitetinin f\u0259ls\u0259f\u0259 v\u0259 m\u0259ntiq m\u00fc\u0259llimi Elmar H\u00fcseynov, qad\u0131nlar\u0131n a\u011fl\u0131n\u0131 \u015f\u00fcbh\u0259 alt\u0131na qoyur.","og_url":"https:\/\/www.meydan.tv\/az\/article\/qadinlar-niye-agilsizdir\/","og_site_name":"MEYDAN.TV","article_published_time":"2017-09-28T03:26:45+00:00","og_image":[{"width":1140,"height":652,"url":"https:\/\/www.meydan.tv\/wp-content\/uploads\/36671.jpg","type":"image\/jpeg"}],"author":"user-manager","twitter_card":"summary_large_image","schema":{"@context":"https:\/\/schema.org","@graph":[{"@type":"Article","@id":"https:\/\/www.meydan.tv\/az\/article\/qadinlar-niye-agilsizdir\/#article","isPartOf":{"@id":"https:\/\/www.meydan.tv\/az\/article\/qadinlar-niye-agilsizdir\/"},"author":{"name":"user-manager","@id":"https:\/\/www.meydan.tv\/az\/#\/schema\/person\/10d11eccf6da3662cf5fdab9806ea91a"},"headline":"Qad\u0131nlar niy\u0259 a\u011f\u0131ls\u0131zd\u0131r?","datePublished":"2017-09-28T03:26:45+00:00","mainEntityOfPage":{"@id":"https:\/\/www.meydan.tv\/az\/article\/qadinlar-niye-agilsizdir\/"},"wordCount":1488,"publisher":{"@id":"https:\/\/www.meydan.tv\/az\/#organization"},"image":{"@id":"https:\/\/www.meydan.tv\/az\/article\/qadinlar-niye-agilsizdir\/#primaryimage"},"thumbnailUrl":"https:\/\/www.meydan.tv\/wp-content\/uploads\/36671.jpg","articleSection":["M\u0259nim Fikrimc\u0259"],"inLanguage":"az"},{"@type":"WebPage","@id":"https:\/\/www.meydan.tv\/az\/article\/qadinlar-niye-agilsizdir\/","url":"https:\/\/www.meydan.tv\/az\/article\/qadinlar-niye-agilsizdir\/","name":"Qad\u0131nlar niy\u0259 a\u011f\u0131ls\u0131zd\u0131r? - MEYDAN.TV","isPartOf":{"@id":"https:\/\/www.meydan.tv\/az\/#website"},"primaryImageOfPage":{"@id":"https:\/\/www.meydan.tv\/az\/article\/qadinlar-niye-agilsizdir\/#primaryimage"},"image":{"@id":"https:\/\/www.meydan.tv\/az\/article\/qadinlar-niye-agilsizdir\/#primaryimage"},"thumbnailUrl":"https:\/\/www.meydan.tv\/wp-content\/uploads\/36671.jpg","datePublished":"2017-09-28T03:26:45+00:00","breadcrumb":{"@id":"https:\/\/www.meydan.tv\/az\/article\/qadinlar-niye-agilsizdir\/#breadcrumb"},"inLanguage":"az","potentialAction":[{"@type":"ReadAction","target":["https:\/\/www.meydan.tv\/az\/article\/qadinlar-niye-agilsizdir\/"]}]},{"@type":"ImageObject","inLanguage":"az","@id":"https:\/\/www.meydan.tv\/az\/article\/qadinlar-niye-agilsizdir\/#primaryimage","url":"https:\/\/www.meydan.tv\/wp-content\/uploads\/36671.jpg","contentUrl":"https:\/\/www.meydan.tv\/wp-content\/uploads\/36671.jpg","width":1140,"height":652,"caption":"Source:"},{"@type":"BreadcrumbList","@id":"https:\/\/www.meydan.tv\/az\/article\/qadinlar-niye-agilsizdir\/#breadcrumb","itemListElement":[{"@type":"ListItem","position":1,"name":"Ana s\u0259hif\u0259","item":"https:\/\/www.meydan.tv\/az\/"},{"@type":"ListItem","position":2,"name":"M\u0259nim Fikrimc\u0259","item":"https:\/\/www.meydan.tv\/az\/section\/menim-fikrimce\/"},{"@type":"ListItem","position":3,"name":"Qad\u0131nlar niy\u0259 a\u011f\u0131ls\u0131zd\u0131r?"}]},{"@type":"WebSite","@id":"https:\/\/www.meydan.tv\/az\/#website","url":"https:\/\/www.meydan.tv\/az\/","name":"MEYDAN.TV","description":"Meydan TV Az\u0259rbaycan\u0131n media m\u0259kan\u0131ndak\u0131 alternativ s\u0259sidir","publisher":{"@id":"https:\/\/www.meydan.tv\/az\/#organization"},"potentialAction":[{"@type":"SearchAction","target":{"@type":"EntryPoint","urlTemplate":"https:\/\/www.meydan.tv\/az\/?s={search_term_string}"},"query-input":{"@type":"PropertyValueSpecification","valueRequired":true,"valueName":"search_term_string"}}],"inLanguage":"az"},{"@type":"Organization","@id":"https:\/\/www.meydan.tv\/az\/#organization","name":"Meydan TV","url":"https:\/\/www.meydan.tv\/az\/","logo":{"@type":"ImageObject","inLanguage":"az","@id":"https:\/\/www.meydan.tv\/az\/#\/schema\/logo\/image\/","url":"https:\/\/www.meydan.tv\/wp-content\/uploads\/2021\/07\/meydan-logo.svg","contentUrl":"https:\/\/www.meydan.tv\/wp-content\/uploads\/2021\/07\/meydan-logo.svg","width":195,"height":46,"caption":"Meydan TV"},"image":{"@id":"https:\/\/www.meydan.tv\/az\/#\/schema\/logo\/image\/"}},{"@type":"Person","@id":"https:\/\/www.meydan.tv\/az\/#\/schema\/person\/10d11eccf6da3662cf5fdab9806ea91a","name":"user-manager"}]}},"_links":{"self":[{"href":"https:\/\/www.meydan.tv\/az\/wp-json\/wp\/v2\/posts\/186725","targetHints":{"allow":["GET"]}}],"collection":[{"href":"https:\/\/www.meydan.tv\/az\/wp-json\/wp\/v2\/posts"}],"about":[{"href":"https:\/\/www.meydan.tv\/az\/wp-json\/wp\/v2\/types\/post"}],"author":[{"embeddable":true,"href":"https:\/\/www.meydan.tv\/az\/wp-json\/wp\/v2\/users\/11"}],"replies":[{"embeddable":true,"href":"https:\/\/www.meydan.tv\/az\/wp-json\/wp\/v2\/comments?post=186725"}],"version-history":[{"count":0,"href":"https:\/\/www.meydan.tv\/az\/wp-json\/wp\/v2\/posts\/186725\/revisions"}],"wp:featuredmedia":[{"embeddable":true,"href":"https:\/\/www.meydan.tv\/az\/wp-json\/wp\/v2\/media\/92939"}],"wp:attachment":[{"href":"https:\/\/www.meydan.tv\/az\/wp-json\/wp\/v2\/media?parent=186725"}],"wp:term":[{"taxonomy":"category","embeddable":true,"href":"https:\/\/www.meydan.tv\/az\/wp-json\/wp\/v2\/categories?post=186725"},{"taxonomy":"post_tag","embeddable":true,"href":"https:\/\/www.meydan.tv\/az\/wp-json\/wp\/v2\/tags?post=186725"}],"curies":[{"name":"wp","href":"https:\/\/api.w.org\/{rel}","templated":true}]}}