{"id":186700,"date":"2017-09-26T21:26:17","date_gmt":"2017-09-26T21:26:17","guid":{"rendered":"https:\/\/www.meydan.tv\/article\/tenha-qehremanlar\/"},"modified":"2017-09-26T21:26:17","modified_gmt":"2017-09-26T21:26:17","slug":"tenha-qehremanlar","status":"publish","type":"post","link":"https:\/\/www.meydan.tv\/az\/article\/tenha-qehremanlar\/","title":{"rendered":"T\u0259nha q\u0259hr\u0259manlar"},"content":{"rendered":"<figure class=\"wp-block-image size-large\">\n  <img decoding=\"async\" src=\"https:\/\/www.meydan.tv\/az\/serti-foto-3\/\" alt=\"\u015f\u0259rti foto\" class=\"wp-image-92831\"\/><figcaption>\n    \u015f\u0259rti foto<br \/>\n  <\/figcaption><\/figure>\n<p>\n  Onlar qorxu i\u00e7ind\u0259 ya\u015fay\u0131r. Onlar cinsi orientasiyalar\u0131n\u0131 gizl\u0259dir. Onlar evd\u0259, h\u0259y\u0259td\u0259, m\u0259kt\u0259bd\u0259, universitetd\u0259, i\u015fd\u0259, n\u0259qliyyatda \u00f6zl\u0259ri bar\u0259d\u0259 e\u015fitdikl\u0259ri t\u0259hqirl\u0259r\u0259 cavab verm\u0259kd\u0259n, etiraz etm\u0259kd\u0259n qorxur. Onlar susur. Onlar utan\u0131r. Onlar i\u015f tapm\u0131r. Onlar \u00e7\u00f6r\u0259kpulu qazanmaq ist\u0259y\u0259nd\u0259 g\u00f6z\u0259llik salonlar\u0131na v\u0259 yol k\u0259narlar\u0131na s\u0131x\u0131\u015fd\u0131r\u0131l\u0131r. Onlar \u015fantaj edilir. Onlar\u0131 d\u00f6y\u00fcb, \u00fcz\u0259 dur\u011fuzur, iyr\u0259nc oyunlarda istifad\u0259 edirl\u0259r. Onlar t\u0259hqir olunur. Onlar d\u00f6y\u00fcl\u00fcr, \u00f6ld\u00fcr\u00fcl\u00fcr. Onlar h\u0259bs olunur. Onlar\u0131 he\u00e7 kim m\u00fcdafi\u0259 etmir. Onlar \u00f6z v\u0259t\u0259nl\u0259rind\u0259 t\u0259nhad\u0131rlar.\n<\/p>\n<p>\n  Hakimiyy\u0259t onlar\u0131 d\u0259qiq \u00e7\u0259r\u00e7iv\u0259l\u0259r\u0259 sal\u0131r: Ya polis\u0259 i\u015fl\u0259, \u00fcz\u0259 dur, sonra da seks xidm\u0259ti g\u00f6st\u0259r, pul qazan, g\u00f6z yumaq, ya da hoqqa \u00e7\u0131xar, prezidenti v\u0259 onun siyas\u0259tin d\u0259st\u0259kl\u0259, sponsor oliqarx tap \u2013 sonra g\u0259l verili\u015f apar, efird\u0259n insanlara a\u011f\u0131l \u00f6yr\u0259t, bahal\u0131 ma\u015f\u0131n s\u00fcr, milyonluq villada ya\u015fa. Yox, o oyunlar\u0131n he\u00e7 birin\u0259 uy\u011fun g\u0259lmirs\u0259ns\u0259, s\u0259ni burax\u0131r\u0131q homofob c\u0259miyy\u0259tin \u00fcmidin\u0259, d\u00f6y\u00fcl\u0259nd\u0259, t\u0259hqir olunanda da d\u00f6vl\u0259tin s\u0259n\u0259 yiy\u0259 durmayacaq.\n<\/p>\n<p>\n  Polis onlar\u0131 ba\u015fqa insanlardan a\u015fa\u011f\u0131da g\u00f6r\u00fcr. Polisl\u0259 \u0259lbir olmayan, seks i\u015f\u00e7iliyin\u0259 gedib, polisin hesab\u0131n\u0131 verm\u0259y\u0259n, \u00f6z\u00fcn\u00fcn sad\u0259, sakit, normal h\u0259yat\u0131n\u0131 ya\u015fayan LGBT f\u0259rdl\u0259ri d\u00f6y\u00fcl\u0259nd\u0259, t\u0259hqir olunanda, \u0259zil\u0259nd\u0259 polis onu m\u00fcdafi\u0259 etm\u0259k yerin\u0259, onu \u0259z\u0259nl\u0259r\u0259 qo\u015fulur. \u00c7\u00fcnki yerli polisin g\u00f6z\u00fcnd\u0259 \u0259n birinci \u201ch\u00fcquqpozan\u201d el\u0259 LGBT f\u0259rdinin \u00f6z\u00fcd\u00fcr, \u00e7\u00fcnki onlar polisin g\u00f6z\u00fcnd\u0259 qanundan daha ali olan \u201cqanunlar\u0131\u201d\u2013 mentalitet qanunlar\u0131n\u0131 pozublar.\n<\/p>\n<p>\n  Sad\u0259 h\u0259mv\u0259t\u0259nl\u0259ri, valideynl\u0259rind\u0259n tutmu\u015f, qohumlara, qon\u015fudan tutmu\u015f i\u015f yolda\u015f\u0131na q\u0259d\u0259r rast g\u0259ldikl\u0259ri insanlar onlara d\u00fc\u015fm\u0259n k\u0259silib. Valideyn \u0259n yax\u015f\u0131 halda onlar\u0131 d\u0259yi\u015fm\u0259y\u0259, ya da gizl\u0259m\u0259y\u0259 \u00e7al\u0131\u015f\u0131r, \u0259trafdak\u0131lar \u0259n yax\u015f\u0131 halda onun cinsi m\u0259nsubiyy\u0259tinin x\u0259st\u0259lik oldu\u011funu deyir, \u0259n pis halda is\u0259 amans\u0131z bir nifr\u0259tl\u0259 \u00fcz-\u00fcz\u0259 qal\u0131r. Bu nifr\u0259tin t\u0259hqir\u0259, t\u0259zyiq\u0259, q\u0259tl\u0259 \u00e7evrilm\u0259si is\u0259 an m\u0259s\u0259l\u0259si olur&#8230;\n<\/p>\n<p>\n  \u0130\u015f \u00fc\u00e7\u00fcn m\u00fcraci\u0259t etdikl\u0259ri yerl\u0259r, adamlar \u0259n yax\u015f\u0131 halda onlardan qorxur. \u201cS\u0259ni i\u015f\u0259 g\u00f6t\u00fcrs\u0259m, m\u0259n\u0259 n\u0259 dey\u0259rl\u0259r, s\u0259ni i\u015f\u0259 g\u00f6t\u00fcrs\u0259m, m\u00fc\u015ft\u0259ril\u0259rim qa\u00e7ar, s\u0259ni i\u015f\u0259 g\u00f6t\u00fcrs\u0259m, filan olar&#8230;\u201d. \u0130\u015f yerl\u0259ri onlar\u0131n qabiliyy\u0259tl\u0259rin\u0259, bacar\u0131qlar\u0131na deyil, cinsi orientasiyas\u0131na qiym\u0259t verir. N\u0259tic\u0259d\u0259 onlar g\u00f6z\u0259llik salonlar\u0131na, ya da b\u0259d\u0259nl\u0259rini satmaq \u00fc\u00e7\u00fcn \u00e7\u0131xd\u0131qlar\u0131 yol k\u0259narlar\u0131na s\u0131x\u0131\u015fd\u0131r\u0131l\u0131rlar.\n<\/p>\n<p>\n  M\u0259tbuat onlar haqq\u0131nda dan\u0131\u015fmaq, yazmaq qabiliyy\u0259tin\u0259 malik deyil. H\u0259tta LGBT f\u0259rdl\u0259rin\u0259 qar\u015f\u0131 obyektiv olma\u011fa iddial\u0131 K\u0130V-l\u0259r bel\u0259 \u201cLGBT-\u00e7i\u201d, \u201ctransseksualist\u201d, \u201chomoseksualist\u201d kimi ifad\u0259l\u0259r i\u015fl\u0259dir. \u00c7\u00fcnki m\u0259tbuat da \u0259n yax\u015f\u0131 variantda LGBT bar\u0259d\u0259 m\u0259lumats\u0131z, \u0259n pis halda homofob jurnalistl\u0259rl\u0259 doludur.\n<\/p>\n<p>\n  H\u0259kiml\u0259rin \u00e7oxu onlar\u0131n cinsi orienasiyas\u0131na x\u0259st\u0259lik kimi bax\u0131r. Homofobluq o h\u0259dd\u0259dir ki, oxuduqlar\u0131 tibb elmin\u0259 d\u0259 qar\u015f\u0131 \u00e7\u0131x\u0131rlar, tibbin LGBT il\u0259 ba\u011fl\u0131 g\u0259ldiyi q\u0259na\u0259tl\u0259ri d\u0259 r\u0259dd edirl\u0259r. \u00c7\u00fcnki h\u0259kim d\u0259 publikaya i\u015fl\u0259yir, qorxur ki, ona \u201cs\u0259n d\u0259 y\u0259qin onlardansan\u201d desinl\u0259r. H\u0259kim is\u0259 onlardan biri kimi g\u00f6r\u00fcnm\u0259k ist\u0259mir.\n<\/p>\n<p>\n  M\u00fcxalif\u0259t onlar\u0131 qorumaqdan, onlar\u0131n haqlar\u0131n\u0131 m\u00fcdafi\u0259 etm\u0259kd\u0259n qorxur, \u00e7\u0259kinir, utan\u0131r. \u201cBiz\u0259 n\u0259 dey\u0259rl\u0259r, dem\u0259zl\u0259rmi \u00f6z\u00fcn\u00fcz d\u0259 el\u0259siniz ki, onlar\u0131 m\u00fcdafi\u0259 edirsiniz? Siyasi m\u0259hbuslar\u0131n probleml\u0259ri bitdimi ki, indi d\u0259 geyl\u0259rin, lesbiyanlar\u0131n h\u00fcquqlar\u0131n\u0131 m\u00fcdafi\u0259 ed\u0259k?\u201d d\u00fc\u015f\u00fcnc\u0259si il\u0259 at\u0131r boynundan bu \u0259zil\u0259n k\u0259simin probleml\u0259rini.\n<\/p>\n<p>\n  \u00d6lk\u0259d\u0259 v\u0259ziyy\u0259t el\u0259dir ki, orda LGBT f\u0259rdinin sad\u0259, g\u00fcnd\u0259lik h\u0259yat\u0131n\u0131 ya\u015famas\u0131 q\u0259hr\u0259manl\u0131qd\u0131r, \u015e\u00fcca\u0259tdir. T\u0259s\u0259vv\u00fcr edin ki, siz \u00f6z sad\u0259 h\u0259yat\u0131n\u0131z\u0131 ya\u015fay\u0131rs\u0131n\u0131z, amma q\u0259hr\u0259mans\u0131n\u0131z. \u00c7\u00fcnki h\u0259r g\u00fcn\u00fcn\u00fcz d\u00f6y\u00fc\u015fl\u0259 ke\u00e7ir. Siz h\u0259r g\u00fcn d\u00f6y\u00fc\u015f\u00fcrs\u00fcn\u00fcz. Homofobiya il\u0259. Stereotipl\u0259rl\u0259. M\u0259lumats\u0131zl\u0131qla. Nifr\u0259tl\u0259. Diskiriminasiya il\u0259. Valideynl\u0259, qon\u015fuyla, avtobusdak\u0131 xala, day\u0131 il\u0259, m\u00fc\u0259lliml\u0259, t\u0259l\u0259b\u0259 yolda\u015f\u0131 il\u0259, i\u015f\u0259g\u00f6t\u00fcr\u0259nl\u0259, taksi s\u00fcr\u00fcc\u00fcs\u00fc il\u0259&#8230; Sizi h\u0259r g\u00fcn t\u0259hqir, d\u00f6y\u00fclm\u0259, h\u0259bs, \u00f6l\u00fcm g\u00f6zl\u0259yir. Siz bu qeyri-b\u0259rab\u0259r d\u00f6y\u00fc\u015f\u0259 h\u0259r g\u00fcn gedirsiniz. H\u0259r g\u00fcn.\n<\/p>\n<p>\n  Siz t\u0259ksiniz. Amma bu t\u0259klikl\u0259 d\u0259 ya\u015fama\u011fa davam edir, oxuyur, i\u015fl\u0259yir, sevir v\u0259 sevilirsiniz.\n<\/p>\n<p>\n  M\u0259nc\u0259, bu \u0259zm, bu dayanma el\u0259 h\u0259r \u015feyi deyir LGBT f\u0259rdl\u0259ri bar\u0259d\u0259&#8230;<\/p>\n","protected":false},"excerpt":{"rendered":"<p>Ya\u015faya bilm\u0259k \u015f\u00fcca\u0259t\u0259 \u00e7evril\u0259nd\u0259<\/p>\n","protected":false},"author":11,"featured_media":92831,"comment_status":"closed","ping_status":"open","sticky":false,"template":"","format":"standard","meta":{"_acf_changed":false,"_sitemap_exclude":false,"_sitemap_priority":"","_sitemap_frequency":"","footnotes":""},"categories":[57],"tags":[],"class_list":["post-186700","post","type-post","status-publish","format-standard","has-post-thumbnail","hentry","category-menim-fikrimce","infinite-scroll-item","generate-columns","tablet-grid-50","mobile-grid-100","grid-parent","grid-33","no-featured-image-padding"],"acf":[],"yoast_head":"<!-- This site is optimized with the Yoast SEO plugin v27.5 - https:\/\/yoast.com\/product\/yoast-seo-wordpress\/ -->\n<title>T\u0259nha q\u0259hr\u0259manlar - MEYDAN.TV<\/title>\n<meta name=\"robots\" content=\"index, follow, max-snippet:-1, max-image-preview:large, max-video-preview:-1\" \/>\n<link rel=\"canonical\" href=\"https:\/\/www.meydan.tv\/az\/article\/tenha-qehremanlar\/\" \/>\n<meta property=\"og:locale\" content=\"az_AZ\" \/>\n<meta property=\"og:type\" content=\"article\" \/>\n<meta property=\"og:title\" content=\"T\u0259nha q\u0259hr\u0259manlar - MEYDAN.TV\" \/>\n<meta property=\"og:description\" content=\"Ya\u015faya bilm\u0259k \u015f\u00fcca\u0259t\u0259 \u00e7evril\u0259nd\u0259\" \/>\n<meta property=\"og:url\" content=\"https:\/\/www.meydan.tv\/az\/article\/tenha-qehremanlar\/\" \/>\n<meta property=\"og:site_name\" content=\"MEYDAN.TV\" \/>\n<meta property=\"article:published_time\" content=\"2017-09-26T21:26:17+00:00\" \/>\n<meta property=\"og:image\" content=\"https:\/\/www.meydan.tv\/wp-content\/uploads\/36645.jpg\" \/>\n\t<meta property=\"og:image:width\" content=\"870\" \/>\n\t<meta property=\"og:image:height\" content=\"489\" \/>\n\t<meta property=\"og:image:type\" content=\"image\/jpeg\" \/>\n<meta name=\"author\" content=\"user-manager\" \/>\n<meta name=\"twitter:card\" content=\"summary_large_image\" \/>\n<script type=\"application\/ld+json\" class=\"yoast-schema-graph\">{\"@context\":\"https:\\\/\\\/schema.org\",\"@graph\":[{\"@type\":\"Article\",\"@id\":\"https:\\\/\\\/www.meydan.tv\\\/az\\\/article\\\/tenha-qehremanlar\\\/#article\",\"isPartOf\":{\"@id\":\"https:\\\/\\\/www.meydan.tv\\\/az\\\/article\\\/tenha-qehremanlar\\\/\"},\"author\":{\"name\":\"user-manager\",\"@id\":\"https:\\\/\\\/www.meydan.tv\\\/az\\\/#\\\/schema\\\/person\\\/10d11eccf6da3662cf5fdab9806ea91a\"},\"headline\":\"T\u0259nha q\u0259hr\u0259manlar\",\"datePublished\":\"2017-09-26T21:26:17+00:00\",\"mainEntityOfPage\":{\"@id\":\"https:\\\/\\\/www.meydan.tv\\\/az\\\/article\\\/tenha-qehremanlar\\\/\"},\"wordCount\":902,\"publisher\":{\"@id\":\"https:\\\/\\\/www.meydan.tv\\\/az\\\/#organization\"},\"image\":{\"@id\":\"https:\\\/\\\/www.meydan.tv\\\/az\\\/article\\\/tenha-qehremanlar\\\/#primaryimage\"},\"thumbnailUrl\":\"https:\\\/\\\/www.meydan.tv\\\/wp-content\\\/uploads\\\/36645.jpg\",\"articleSection\":[\"M\u0259nim Fikrimc\u0259\"],\"inLanguage\":\"az\"},{\"@type\":\"WebPage\",\"@id\":\"https:\\\/\\\/www.meydan.tv\\\/az\\\/article\\\/tenha-qehremanlar\\\/\",\"url\":\"https:\\\/\\\/www.meydan.tv\\\/az\\\/article\\\/tenha-qehremanlar\\\/\",\"name\":\"T\u0259nha q\u0259hr\u0259manlar - MEYDAN.TV\",\"isPartOf\":{\"@id\":\"https:\\\/\\\/www.meydan.tv\\\/az\\\/#website\"},\"primaryImageOfPage\":{\"@id\":\"https:\\\/\\\/www.meydan.tv\\\/az\\\/article\\\/tenha-qehremanlar\\\/#primaryimage\"},\"image\":{\"@id\":\"https:\\\/\\\/www.meydan.tv\\\/az\\\/article\\\/tenha-qehremanlar\\\/#primaryimage\"},\"thumbnailUrl\":\"https:\\\/\\\/www.meydan.tv\\\/wp-content\\\/uploads\\\/36645.jpg\",\"datePublished\":\"2017-09-26T21:26:17+00:00\",\"breadcrumb\":{\"@id\":\"https:\\\/\\\/www.meydan.tv\\\/az\\\/article\\\/tenha-qehremanlar\\\/#breadcrumb\"},\"inLanguage\":\"az\",\"potentialAction\":[{\"@type\":\"ReadAction\",\"target\":[\"https:\\\/\\\/www.meydan.tv\\\/az\\\/article\\\/tenha-qehremanlar\\\/\"]}]},{\"@type\":\"ImageObject\",\"inLanguage\":\"az\",\"@id\":\"https:\\\/\\\/www.meydan.tv\\\/az\\\/article\\\/tenha-qehremanlar\\\/#primaryimage\",\"url\":\"https:\\\/\\\/www.meydan.tv\\\/wp-content\\\/uploads\\\/36645.jpg\",\"contentUrl\":\"https:\\\/\\\/www.meydan.tv\\\/wp-content\\\/uploads\\\/36645.jpg\",\"width\":870,\"height\":489,\"caption\":\"Source:\"},{\"@type\":\"BreadcrumbList\",\"@id\":\"https:\\\/\\\/www.meydan.tv\\\/az\\\/article\\\/tenha-qehremanlar\\\/#breadcrumb\",\"itemListElement\":[{\"@type\":\"ListItem\",\"position\":1,\"name\":\"Ana s\u0259hif\u0259\",\"item\":\"https:\\\/\\\/www.meydan.tv\\\/az\\\/\"},{\"@type\":\"ListItem\",\"position\":2,\"name\":\"M\u0259nim Fikrimc\u0259\",\"item\":\"https:\\\/\\\/www.meydan.tv\\\/az\\\/section\\\/menim-fikrimce\\\/\"},{\"@type\":\"ListItem\",\"position\":3,\"name\":\"T\u0259nha q\u0259hr\u0259manlar\"}]},{\"@type\":\"WebSite\",\"@id\":\"https:\\\/\\\/www.meydan.tv\\\/az\\\/#website\",\"url\":\"https:\\\/\\\/www.meydan.tv\\\/az\\\/\",\"name\":\"MEYDAN.TV\",\"description\":\"Meydan TV Az\u0259rbaycan\u0131n media m\u0259kan\u0131ndak\u0131 alternativ s\u0259sidir\",\"publisher\":{\"@id\":\"https:\\\/\\\/www.meydan.tv\\\/az\\\/#organization\"},\"potentialAction\":[{\"@type\":\"SearchAction\",\"target\":{\"@type\":\"EntryPoint\",\"urlTemplate\":\"https:\\\/\\\/www.meydan.tv\\\/az\\\/?s={search_term_string}\"},\"query-input\":{\"@type\":\"PropertyValueSpecification\",\"valueRequired\":true,\"valueName\":\"search_term_string\"}}],\"inLanguage\":\"az\"},{\"@type\":\"Organization\",\"@id\":\"https:\\\/\\\/www.meydan.tv\\\/az\\\/#organization\",\"name\":\"Meydan TV\",\"url\":\"https:\\\/\\\/www.meydan.tv\\\/az\\\/\",\"logo\":{\"@type\":\"ImageObject\",\"inLanguage\":\"az\",\"@id\":\"https:\\\/\\\/www.meydan.tv\\\/az\\\/#\\\/schema\\\/logo\\\/image\\\/\",\"url\":\"https:\\\/\\\/www.meydan.tv\\\/wp-content\\\/uploads\\\/2021\\\/07\\\/meydan-logo.svg\",\"contentUrl\":\"https:\\\/\\\/www.meydan.tv\\\/wp-content\\\/uploads\\\/2021\\\/07\\\/meydan-logo.svg\",\"width\":195,\"height\":46,\"caption\":\"Meydan TV\"},\"image\":{\"@id\":\"https:\\\/\\\/www.meydan.tv\\\/az\\\/#\\\/schema\\\/logo\\\/image\\\/\"}},{\"@type\":\"Person\",\"@id\":\"https:\\\/\\\/www.meydan.tv\\\/az\\\/#\\\/schema\\\/person\\\/10d11eccf6da3662cf5fdab9806ea91a\",\"name\":\"user-manager\"}]}<\/script>\n<!-- \/ Yoast SEO plugin. -->","yoast_head_json":{"title":"T\u0259nha q\u0259hr\u0259manlar - MEYDAN.TV","robots":{"index":"index","follow":"follow","max-snippet":"max-snippet:-1","max-image-preview":"max-image-preview:large","max-video-preview":"max-video-preview:-1"},"canonical":"https:\/\/www.meydan.tv\/az\/article\/tenha-qehremanlar\/","og_locale":"az_AZ","og_type":"article","og_title":"T\u0259nha q\u0259hr\u0259manlar - MEYDAN.TV","og_description":"Ya\u015faya bilm\u0259k \u015f\u00fcca\u0259t\u0259 \u00e7evril\u0259nd\u0259","og_url":"https:\/\/www.meydan.tv\/az\/article\/tenha-qehremanlar\/","og_site_name":"MEYDAN.TV","article_published_time":"2017-09-26T21:26:17+00:00","og_image":[{"width":870,"height":489,"url":"https:\/\/www.meydan.tv\/wp-content\/uploads\/36645.jpg","type":"image\/jpeg"}],"author":"user-manager","twitter_card":"summary_large_image","schema":{"@context":"https:\/\/schema.org","@graph":[{"@type":"Article","@id":"https:\/\/www.meydan.tv\/az\/article\/tenha-qehremanlar\/#article","isPartOf":{"@id":"https:\/\/www.meydan.tv\/az\/article\/tenha-qehremanlar\/"},"author":{"name":"user-manager","@id":"https:\/\/www.meydan.tv\/az\/#\/schema\/person\/10d11eccf6da3662cf5fdab9806ea91a"},"headline":"T\u0259nha q\u0259hr\u0259manlar","datePublished":"2017-09-26T21:26:17+00:00","mainEntityOfPage":{"@id":"https:\/\/www.meydan.tv\/az\/article\/tenha-qehremanlar\/"},"wordCount":902,"publisher":{"@id":"https:\/\/www.meydan.tv\/az\/#organization"},"image":{"@id":"https:\/\/www.meydan.tv\/az\/article\/tenha-qehremanlar\/#primaryimage"},"thumbnailUrl":"https:\/\/www.meydan.tv\/wp-content\/uploads\/36645.jpg","articleSection":["M\u0259nim Fikrimc\u0259"],"inLanguage":"az"},{"@type":"WebPage","@id":"https:\/\/www.meydan.tv\/az\/article\/tenha-qehremanlar\/","url":"https:\/\/www.meydan.tv\/az\/article\/tenha-qehremanlar\/","name":"T\u0259nha q\u0259hr\u0259manlar - MEYDAN.TV","isPartOf":{"@id":"https:\/\/www.meydan.tv\/az\/#website"},"primaryImageOfPage":{"@id":"https:\/\/www.meydan.tv\/az\/article\/tenha-qehremanlar\/#primaryimage"},"image":{"@id":"https:\/\/www.meydan.tv\/az\/article\/tenha-qehremanlar\/#primaryimage"},"thumbnailUrl":"https:\/\/www.meydan.tv\/wp-content\/uploads\/36645.jpg","datePublished":"2017-09-26T21:26:17+00:00","breadcrumb":{"@id":"https:\/\/www.meydan.tv\/az\/article\/tenha-qehremanlar\/#breadcrumb"},"inLanguage":"az","potentialAction":[{"@type":"ReadAction","target":["https:\/\/www.meydan.tv\/az\/article\/tenha-qehremanlar\/"]}]},{"@type":"ImageObject","inLanguage":"az","@id":"https:\/\/www.meydan.tv\/az\/article\/tenha-qehremanlar\/#primaryimage","url":"https:\/\/www.meydan.tv\/wp-content\/uploads\/36645.jpg","contentUrl":"https:\/\/www.meydan.tv\/wp-content\/uploads\/36645.jpg","width":870,"height":489,"caption":"Source:"},{"@type":"BreadcrumbList","@id":"https:\/\/www.meydan.tv\/az\/article\/tenha-qehremanlar\/#breadcrumb","itemListElement":[{"@type":"ListItem","position":1,"name":"Ana s\u0259hif\u0259","item":"https:\/\/www.meydan.tv\/az\/"},{"@type":"ListItem","position":2,"name":"M\u0259nim Fikrimc\u0259","item":"https:\/\/www.meydan.tv\/az\/section\/menim-fikrimce\/"},{"@type":"ListItem","position":3,"name":"T\u0259nha q\u0259hr\u0259manlar"}]},{"@type":"WebSite","@id":"https:\/\/www.meydan.tv\/az\/#website","url":"https:\/\/www.meydan.tv\/az\/","name":"MEYDAN.TV","description":"Meydan TV Az\u0259rbaycan\u0131n media m\u0259kan\u0131ndak\u0131 alternativ s\u0259sidir","publisher":{"@id":"https:\/\/www.meydan.tv\/az\/#organization"},"potentialAction":[{"@type":"SearchAction","target":{"@type":"EntryPoint","urlTemplate":"https:\/\/www.meydan.tv\/az\/?s={search_term_string}"},"query-input":{"@type":"PropertyValueSpecification","valueRequired":true,"valueName":"search_term_string"}}],"inLanguage":"az"},{"@type":"Organization","@id":"https:\/\/www.meydan.tv\/az\/#organization","name":"Meydan TV","url":"https:\/\/www.meydan.tv\/az\/","logo":{"@type":"ImageObject","inLanguage":"az","@id":"https:\/\/www.meydan.tv\/az\/#\/schema\/logo\/image\/","url":"https:\/\/www.meydan.tv\/wp-content\/uploads\/2021\/07\/meydan-logo.svg","contentUrl":"https:\/\/www.meydan.tv\/wp-content\/uploads\/2021\/07\/meydan-logo.svg","width":195,"height":46,"caption":"Meydan TV"},"image":{"@id":"https:\/\/www.meydan.tv\/az\/#\/schema\/logo\/image\/"}},{"@type":"Person","@id":"https:\/\/www.meydan.tv\/az\/#\/schema\/person\/10d11eccf6da3662cf5fdab9806ea91a","name":"user-manager"}]}},"_links":{"self":[{"href":"https:\/\/www.meydan.tv\/az\/wp-json\/wp\/v2\/posts\/186700","targetHints":{"allow":["GET"]}}],"collection":[{"href":"https:\/\/www.meydan.tv\/az\/wp-json\/wp\/v2\/posts"}],"about":[{"href":"https:\/\/www.meydan.tv\/az\/wp-json\/wp\/v2\/types\/post"}],"author":[{"embeddable":true,"href":"https:\/\/www.meydan.tv\/az\/wp-json\/wp\/v2\/users\/11"}],"replies":[{"embeddable":true,"href":"https:\/\/www.meydan.tv\/az\/wp-json\/wp\/v2\/comments?post=186700"}],"version-history":[{"count":0,"href":"https:\/\/www.meydan.tv\/az\/wp-json\/wp\/v2\/posts\/186700\/revisions"}],"wp:featuredmedia":[{"embeddable":true,"href":"https:\/\/www.meydan.tv\/az\/wp-json\/wp\/v2\/media\/92831"}],"wp:attachment":[{"href":"https:\/\/www.meydan.tv\/az\/wp-json\/wp\/v2\/media?parent=186700"}],"wp:term":[{"taxonomy":"category","embeddable":true,"href":"https:\/\/www.meydan.tv\/az\/wp-json\/wp\/v2\/categories?post=186700"},{"taxonomy":"post_tag","embeddable":true,"href":"https:\/\/www.meydan.tv\/az\/wp-json\/wp\/v2\/tags?post=186700"}],"curies":[{"name":"wp","href":"https:\/\/api.w.org\/{rel}","templated":true}]}}