{"id":186668,"date":"2017-09-24T23:56:29","date_gmt":"2017-09-24T23:56:29","guid":{"rendered":"https:\/\/www.meydan.tv\/article\/bezen-xoruz-banlamasa-seher-acilmir\/"},"modified":"2017-09-24T23:56:29","modified_gmt":"2017-09-24T23:56:29","slug":"bezen-xoruz-banlamasa-seher-acilmir","status":"publish","type":"post","link":"https:\/\/www.meydan.tv\/az\/article\/bezen-xoruz-banlamasa-seher-acilmir\/","title":{"rendered":"B\u0259z\u0259n xoruz banlamasa, s\u0259h\u0259r a\u00e7\u0131lm\u0131r"},"content":{"rendered":"<p>\n  S\u0259m\u0259d Seyidov Az\u0259rbaycan\u0131n Avropa \u015euras\u0131ndan \u00e7\u0131xar\u0131lma ehtimal\u0131na cavab olaraq, deyib ki, \u201cXoruz banlam\u0131rd\u0131, s\u0259h\u0259r a\u00e7\u0131lm\u0131rd\u0131?!\u201d Sual\u0131 ritorik vers\u0259 d\u0259, \u0259slind\u0259 bu, sual c\u00fcml\u0259si olmal\u0131d\u0131r. \u00c7\u00fcnki bu m\u0259s\u0259lin ifad\u0259 etdiyi sual\u0131n cavablar\u0131 m\u00fcxt\u0259lif v\u0259ziyy\u0259tl\u0259rd\u0259 f\u0259rqlidir. M\u0259hz bu situasiyada cavab \u201cYox\u201d-dur. B\u0259li, xoruz banlam\u0131r dey\u0259, s\u0259h\u0259r a\u00e7\u0131lm\u0131r.\n<\/p>\n<p>\n  \u018fvv\u0259lc\u0259 baxaq, g\u00f6r\u0259k, bu xoruz \u2013 Avropa \u015euras\u0131 kimdir. Avropa \u015euras\u0131 1949-cu ild\u0259 yarad\u0131lm\u0131\u015f, m\u0259qs\u0259di Avropada insan h\u00fcquqlar\u0131n\u0131n, demokratiyan\u0131n v\u0259 h\u00fcququn aliliyini qorunmas\u0131 olan, 47 \u00fczv d\u00f6vl\u0259td\u0259n ibar\u0259t t\u0259\u015fkilatd\u0131r. Bu d\u00f6vl\u0259tl\u0259rin c\u0259mi 820 milyon n\u0259f\u0259r \u0259halisi var.\n<\/p>\n<p>\n  D\u00fcnyada bir ne\u00e7\u0259 bel\u0259 regional t\u0259\u015fkilat var, amma Avropa \u015euras\u0131 unikald\u0131r. \u00c7\u00fcnki onun t\u0259\u015fkilatdaxili raz\u0131la\u015fmalar\u0131, m\u00fcqavil\u0259l\u0259ri icra etm\u0259y\u0259 m\u0259cbur etm\u0259k mexanizmi var. Bu raz\u0131la\u015fmalardan biri d\u0259 h\u0259r bir \u00fczv d\u00f6vl\u0259tin t\u0259\u015fkilata daxil olark\u0259n, Avropa \u0130nsan H\u00fcquqlar\u0131 M\u0259hk\u0259m\u0259si (A\u0130HM) il\u0259 ba\u011fl\u0131 \u00fcz\u0259rl\u0259rin\u0259 g\u00f6t\u00fcrd\u00fckl\u0259ri \u00f6hd\u0259likdir. Bu m\u0259hk\u0259m\u0259nin q\u0259rarlar\u0131n\u0131n icras\u0131 m\u0259cburidir. \u0130nsan h\u00fcquqlar\u0131 m\u0259hk\u0259m\u0259l\u0259ri v\u0259 komissiyalar\u0131 Afrikada, Amerikada da regional s\u0259viyy\u0259d\u0259 var. Amma he\u00e7 birinin A\u0130HM q\u0259d\u0259r s\u0259lahiyy\u0259ti yoxdur. A\u0130HM-\u0259 obrazl\u0131 \u015f\u0259kild\u0259 \u201c\u00f6z u\u011furunun qurban\u0131\u201d deyirl\u0259r. \u00c7\u00fcnki onun q\u0259rarlar\u0131n\u0131n icras\u0131 m\u0259cburi oldu\u011fundan Avropa \u015euras\u0131, onun Nazirl\u0259r Komit\u0259si bu q\u0259rarlar\u0131n icras\u0131na n\u0259zar\u0259t edir, n\u0259tic\u0259d\u0259 \u0259ks\u0259r q\u0259rarlar icra olunur. Buna g\u00f6r\u0259 d\u0259 m\u0259hk\u0259m\u0259y\u0259 m\u00fcraci\u0259tl\u0259r s\u00fcr\u0259tl\u0259 art\u0131b, x\u00fcsus\u0259n d\u0259, 1998-ci ild\u0259 q\u0259bul edilmi\u015f Protokolla m\u0259hk\u0259m\u0259 daimi \u0259saslarla f\u0259aliyy\u0259t g\u00f6st\u0259rm\u0259y\u0259 v\u0259 f\u0259rdi m\u00fcraci\u0259tl\u0259rin qeyd\u0259 al\u0131nma\u011fa ba\u015flanmas\u0131ndan sonra. N\u0259tic\u0259d\u0259 m\u0259hk\u0259m\u0259y\u0259 m\u00fcraci\u0259t say\u0131 y\u00fcz minl\u0259rl\u0259 hesablan\u0131r.\n<\/p>\n<p>\n  Daha \u00e7ox T\u00fcrkiy\u0259, \u0130taliya v\u0259 Rusiyadan m\u00fcraci\u0259tl\u0259r edils\u0259 d\u0259, Az\u0259rbaycandan da \u00e7oxlu m\u00fcraci\u0259tl\u0259r olur v\u0259 \u00e7\u0131xar\u0131lan q\u0259rarlar, \u0259sas\u0259n, c\u0259rim\u0259l\u0259r hiss\u0259sind\u0259 icra olunur. Amma m\u0259hk\u0259m\u0259nin d\u00f6vl\u0259tin \u00fcz\u0259rin\u0259 qoydu\u011fu \u00f6hd\u0259lik yaln\u0131z c\u0259rim\u0259d\u0259n ibar\u0259t olmaya bil\u0259r, m\u0259s\u0259l\u0259n, \u0130lqar M\u0259mm\u0259dovun azadl\u0131\u011f\u0131n\u0131n t\u0259l\u0259b edilm\u0259si qeyri-c\u0259rim\u0259 \u00f6hd\u0259likl\u0259rind\u0259ndir.\n<\/p>\n<p>\n  A\u0130HM v\u0259 dig\u0259r institutlar\u0131 il\u0259 birg\u0259 Avropa \u015euras\u0131 insan h\u00fcquq v\u0259 azadl\u0131qlar\u0131n\u0131n t\u0259min olunmas\u0131nda, demokratiyan\u0131n geni\u015fl\u0259nm\u0259sind\u0259, h\u00fcququn aliliyinin t\u0259tbiq olunmas\u0131nda \u0259h\u0259miyy\u0259tli rol oynay\u0131r. D\u00fczd\u00fcr, \u015euran\u0131n Parlament Assambleyas\u0131ndak\u0131 (A\u015ePA) deputatlar\u0131n bir qismi korrupsiyaya meylli oldu\u011fundan Az\u0259rbaycan hakimiyy\u0259ti kimi rejiml\u0259r onlar\u0131 pulla \u0259l\u0259 ala v\u0259 b\u0259z\u0259n ist\u0259dikl\u0259ri q\u0259rar\u0131 \u00e7\u0131xartd\u0131ra bilirl\u0259r. Buna baxmayaraq, Avropa \u015euras\u0131 Avropa d\u0259y\u0259rl\u0259rinin yay\u0131lmas\u0131nda m\u00fch\u00fcm rol oynay\u0131r. \u0130ndiy\u0259 kimi Q\u0259rbin h\u0259rbi, iqtisadi, siyasi v\u0259 sair m\u00fcdaxil\u0259si olmadan he\u00e7 bir xalq demokratikl\u0259\u015f\u0259, istibdaddan, tiraniyadan xilas ola bilm\u0259yib. Yaponiya, C\u0259nubi Koreya, T\u00fcrkiy\u0259 v\u0259 s. \u2013 b\u00fct\u00fcn demokratik (v\u0259 ya vaxtil\u0259 demokratik olmu\u015f) \u015f\u0259rq d\u00f6vl\u0259tl\u0259ri m\u0259hz Q\u0259rbin m\u00fcdaxil\u0259si il\u0259 buna nail olublar. Demokratiyadan geri \u00e7\u0259kilib tiraniyaya meyll\u0259nm\u0259l\u0259ri d\u0259 m\u0259hz Q\u0259rbd\u0259n uzaqla\u015fmalar\u0131 il\u0259 d\u00fcz m\u00fct\u0259nasibdir.\n<\/p>\n<p>\n  Haz\u0131rda Q\u0259rbd\u0259n uzaqla\u015fanlar\u0131n yax\u0131nla\u015fd\u0131\u011f\u0131 bir ne\u00e7\u0259 \u00fcnvan var \u2013 Rusiya, islam ekstremizmi, \u00c7in v\u0259 s. Bunlar\u0131n t\u0259siri alt\u0131nda olan b\u00fct\u00fcn \u00f6lk\u0259l\u0259rd\u0259 k\u00fctl\u0259vi \u015f\u0259kild\u0259 insan h\u00fcquqlar\u0131 pozulur, iqtisadiyyat ya mineral ehtiyatlardan tam as\u0131l\u0131 v\u0259ziyy\u0259td\u0259dir, ya da yoxsulluq 50%-d\u0259n \u00e7oxdur (ya da bizd\u0259ki kimi ikisi birind\u0259dir), korrupsiya t\u00fc\u011fyan edir, insanlar etiraz ed\u0259, \u0259n adi h\u00fcquqlar\u0131n\u0131 realla\u015fd\u0131ra bilmirl\u0259r. Q\u0259rbd\u0259n, Avropadan, Avropa \u015euras\u0131ndan uzaqla\u015fma\u011f\u0131n n\u0259tic\u0259si yaln\u0131z bu b\u0259db\u0259xt toplumlara yax\u0131nla\u015fmaqd\u0131r. Biz Avropa \u015euras\u0131n\u0131n \u00fczv\u00fc olsaq da, sadalad\u0131\u011f\u0131m b\u0259db\u0259xlikl\u0259ri \u00f6z\u00fcnd\u0259 birl\u0259\u015fdir\u0259n bir toplumuq. \u00c7\u00fcnki Avropan\u0131 da insanlar idar\u0259 edir, q\u00fcsurlu h\u0259r\u0259k\u0259tl\u0259ri d\u0259 \u00e7ox olur, amma bizim yegan\u0259 xilas\u0131m\u0131z yen\u0259 Q\u0259rbdir. \u00c7\u00fcnki Avropa d\u0259y\u0259rl\u0259ri alternativi olmayan sistemdir, se\u00e7im deyil, m\u0259cburiyy\u0259t olmal\u0131d\u0131r. Ya Avropa d\u0259y\u0259rl\u0259rini se\u00e7\u0259c\u0259yik, ya da m\u0259hv olub-ged\u0259c\u0259yik.\n<\/p>\n<p>\n  B\u0259li, bu m\u0259s\u0259l\u0259d\u0259 h\u0259mi\u015f\u0259 xoruz banlayanda s\u0259h\u0259r a\u00e7\u0131l\u0131b. S\u0259m\u0259d Seyidovun \u00f6z\u00fcn\u00fcn t\u0259msil olundu\u011fu hakimiyy\u0259t kimi rejiml\u0259r imkan vermir ki, xalqlar \u00f6zl\u0259ri azad olsunlar, demokratik, \u0259dal\u0259tli c\u0259miyy\u0259t qursunlar. Biz 26 ildir, m\u00fcst\u0259qilik, amma h\u0259l\u0259 d\u0259 h\u0259min s\u0259h\u0259ri a\u00e7a bilm\u0259mi\u015fik. Xoruza da pul verib \u0259l\u0259 al\u0131r\u0131q ki, bizim bar\u0259mizd\u0259 banlamas\u0131n.<\/p>\n","protected":false},"excerpt":{"rendered":"<p>\u018fvv\u0259lc\u0259 baxaq, g\u00f6r\u0259k, bu xoruz \u2013 Avropa \u015euras\u0131 kimdir.<\/p>\n","protected":false},"author":11,"featured_media":92692,"comment_status":"closed","ping_status":"open","sticky":false,"template":"","format":"standard","meta":{"_acf_changed":false,"_sitemap_exclude":false,"_sitemap_priority":"","_sitemap_frequency":"","footnotes":""},"categories":[57],"tags":[],"class_list":["post-186668","post","type-post","status-publish","format-standard","has-post-thumbnail","hentry","category-menim-fikrimce","infinite-scroll-item","generate-columns","tablet-grid-50","mobile-grid-100","grid-parent","grid-33","no-featured-image-padding"],"acf":[],"yoast_head":"<!-- This site is optimized with the Yoast SEO plugin v27.5 - https:\/\/yoast.com\/product\/yoast-seo-wordpress\/ -->\n<title>B\u0259z\u0259n xoruz banlamasa, s\u0259h\u0259r a\u00e7\u0131lm\u0131r - MEYDAN.TV<\/title>\n<meta name=\"robots\" content=\"index, follow, max-snippet:-1, max-image-preview:large, max-video-preview:-1\" \/>\n<link rel=\"canonical\" href=\"https:\/\/www.meydan.tv\/az\/article\/bezen-xoruz-banlamasa-seher-acilmir\/\" \/>\n<meta property=\"og:locale\" content=\"az_AZ\" \/>\n<meta property=\"og:type\" content=\"article\" \/>\n<meta property=\"og:title\" content=\"B\u0259z\u0259n xoruz banlamasa, s\u0259h\u0259r a\u00e7\u0131lm\u0131r - MEYDAN.TV\" \/>\n<meta property=\"og:description\" content=\"\u018fvv\u0259lc\u0259 baxaq, g\u00f6r\u0259k, bu xoruz \u2013 Avropa \u015euras\u0131 kimdir.\" \/>\n<meta property=\"og:url\" content=\"https:\/\/www.meydan.tv\/az\/article\/bezen-xoruz-banlamasa-seher-acilmir\/\" \/>\n<meta property=\"og:site_name\" content=\"MEYDAN.TV\" \/>\n<meta property=\"article:published_time\" content=\"2017-09-24T23:56:29+00:00\" \/>\n<meta property=\"og:image\" content=\"https:\/\/www.meydan.tv\/wp-content\/uploads\/36575.png\" \/>\n\t<meta property=\"og:image:width\" content=\"1296\" \/>\n\t<meta property=\"og:image:height\" content=\"728\" \/>\n\t<meta property=\"og:image:type\" content=\"image\/png\" \/>\n<meta name=\"author\" content=\"user-manager\" \/>\n<meta name=\"twitter:card\" content=\"summary_large_image\" \/>\n<script type=\"application\/ld+json\" class=\"yoast-schema-graph\">{\"@context\":\"https:\\\/\\\/schema.org\",\"@graph\":[{\"@type\":\"Article\",\"@id\":\"https:\\\/\\\/www.meydan.tv\\\/az\\\/article\\\/bezen-xoruz-banlamasa-seher-acilmir\\\/#article\",\"isPartOf\":{\"@id\":\"https:\\\/\\\/www.meydan.tv\\\/az\\\/article\\\/bezen-xoruz-banlamasa-seher-acilmir\\\/\"},\"author\":{\"name\":\"user-manager\",\"@id\":\"https:\\\/\\\/www.meydan.tv\\\/az\\\/#\\\/schema\\\/person\\\/10d11eccf6da3662cf5fdab9806ea91a\"},\"headline\":\"B\u0259z\u0259n xoruz banlamasa, s\u0259h\u0259r a\u00e7\u0131lm\u0131r\",\"datePublished\":\"2017-09-24T23:56:29+00:00\",\"mainEntityOfPage\":{\"@id\":\"https:\\\/\\\/www.meydan.tv\\\/az\\\/article\\\/bezen-xoruz-banlamasa-seher-acilmir\\\/\"},\"wordCount\":914,\"publisher\":{\"@id\":\"https:\\\/\\\/www.meydan.tv\\\/az\\\/#organization\"},\"image\":{\"@id\":\"https:\\\/\\\/www.meydan.tv\\\/az\\\/article\\\/bezen-xoruz-banlamasa-seher-acilmir\\\/#primaryimage\"},\"thumbnailUrl\":\"https:\\\/\\\/www.meydan.tv\\\/wp-content\\\/uploads\\\/36575.png\",\"articleSection\":[\"M\u0259nim Fikrimc\u0259\"],\"inLanguage\":\"az\"},{\"@type\":\"WebPage\",\"@id\":\"https:\\\/\\\/www.meydan.tv\\\/az\\\/article\\\/bezen-xoruz-banlamasa-seher-acilmir\\\/\",\"url\":\"https:\\\/\\\/www.meydan.tv\\\/az\\\/article\\\/bezen-xoruz-banlamasa-seher-acilmir\\\/\",\"name\":\"B\u0259z\u0259n xoruz banlamasa, s\u0259h\u0259r a\u00e7\u0131lm\u0131r - MEYDAN.TV\",\"isPartOf\":{\"@id\":\"https:\\\/\\\/www.meydan.tv\\\/az\\\/#website\"},\"primaryImageOfPage\":{\"@id\":\"https:\\\/\\\/www.meydan.tv\\\/az\\\/article\\\/bezen-xoruz-banlamasa-seher-acilmir\\\/#primaryimage\"},\"image\":{\"@id\":\"https:\\\/\\\/www.meydan.tv\\\/az\\\/article\\\/bezen-xoruz-banlamasa-seher-acilmir\\\/#primaryimage\"},\"thumbnailUrl\":\"https:\\\/\\\/www.meydan.tv\\\/wp-content\\\/uploads\\\/36575.png\",\"datePublished\":\"2017-09-24T23:56:29+00:00\",\"breadcrumb\":{\"@id\":\"https:\\\/\\\/www.meydan.tv\\\/az\\\/article\\\/bezen-xoruz-banlamasa-seher-acilmir\\\/#breadcrumb\"},\"inLanguage\":\"az\",\"potentialAction\":[{\"@type\":\"ReadAction\",\"target\":[\"https:\\\/\\\/www.meydan.tv\\\/az\\\/article\\\/bezen-xoruz-banlamasa-seher-acilmir\\\/\"]}]},{\"@type\":\"ImageObject\",\"inLanguage\":\"az\",\"@id\":\"https:\\\/\\\/www.meydan.tv\\\/az\\\/article\\\/bezen-xoruz-banlamasa-seher-acilmir\\\/#primaryimage\",\"url\":\"https:\\\/\\\/www.meydan.tv\\\/wp-content\\\/uploads\\\/36575.png\",\"contentUrl\":\"https:\\\/\\\/www.meydan.tv\\\/wp-content\\\/uploads\\\/36575.png\",\"width\":1296,\"height\":728,\"caption\":\"Source:\"},{\"@type\":\"BreadcrumbList\",\"@id\":\"https:\\\/\\\/www.meydan.tv\\\/az\\\/article\\\/bezen-xoruz-banlamasa-seher-acilmir\\\/#breadcrumb\",\"itemListElement\":[{\"@type\":\"ListItem\",\"position\":1,\"name\":\"Ana s\u0259hif\u0259\",\"item\":\"https:\\\/\\\/www.meydan.tv\\\/az\\\/\"},{\"@type\":\"ListItem\",\"position\":2,\"name\":\"M\u0259nim Fikrimc\u0259\",\"item\":\"https:\\\/\\\/www.meydan.tv\\\/az\\\/section\\\/menim-fikrimce\\\/\"},{\"@type\":\"ListItem\",\"position\":3,\"name\":\"B\u0259z\u0259n xoruz banlamasa, s\u0259h\u0259r a\u00e7\u0131lm\u0131r\"}]},{\"@type\":\"WebSite\",\"@id\":\"https:\\\/\\\/www.meydan.tv\\\/az\\\/#website\",\"url\":\"https:\\\/\\\/www.meydan.tv\\\/az\\\/\",\"name\":\"MEYDAN.TV\",\"description\":\"Meydan TV Az\u0259rbaycan\u0131n media m\u0259kan\u0131ndak\u0131 alternativ s\u0259sidir\",\"publisher\":{\"@id\":\"https:\\\/\\\/www.meydan.tv\\\/az\\\/#organization\"},\"potentialAction\":[{\"@type\":\"SearchAction\",\"target\":{\"@type\":\"EntryPoint\",\"urlTemplate\":\"https:\\\/\\\/www.meydan.tv\\\/az\\\/?s={search_term_string}\"},\"query-input\":{\"@type\":\"PropertyValueSpecification\",\"valueRequired\":true,\"valueName\":\"search_term_string\"}}],\"inLanguage\":\"az\"},{\"@type\":\"Organization\",\"@id\":\"https:\\\/\\\/www.meydan.tv\\\/az\\\/#organization\",\"name\":\"Meydan TV\",\"url\":\"https:\\\/\\\/www.meydan.tv\\\/az\\\/\",\"logo\":{\"@type\":\"ImageObject\",\"inLanguage\":\"az\",\"@id\":\"https:\\\/\\\/www.meydan.tv\\\/az\\\/#\\\/schema\\\/logo\\\/image\\\/\",\"url\":\"https:\\\/\\\/www.meydan.tv\\\/wp-content\\\/uploads\\\/2021\\\/07\\\/meydan-logo.svg\",\"contentUrl\":\"https:\\\/\\\/www.meydan.tv\\\/wp-content\\\/uploads\\\/2021\\\/07\\\/meydan-logo.svg\",\"width\":195,\"height\":46,\"caption\":\"Meydan TV\"},\"image\":{\"@id\":\"https:\\\/\\\/www.meydan.tv\\\/az\\\/#\\\/schema\\\/logo\\\/image\\\/\"}},{\"@type\":\"Person\",\"@id\":\"https:\\\/\\\/www.meydan.tv\\\/az\\\/#\\\/schema\\\/person\\\/10d11eccf6da3662cf5fdab9806ea91a\",\"name\":\"user-manager\"}]}<\/script>\n<!-- \/ Yoast SEO plugin. -->","yoast_head_json":{"title":"B\u0259z\u0259n xoruz banlamasa, s\u0259h\u0259r a\u00e7\u0131lm\u0131r - MEYDAN.TV","robots":{"index":"index","follow":"follow","max-snippet":"max-snippet:-1","max-image-preview":"max-image-preview:large","max-video-preview":"max-video-preview:-1"},"canonical":"https:\/\/www.meydan.tv\/az\/article\/bezen-xoruz-banlamasa-seher-acilmir\/","og_locale":"az_AZ","og_type":"article","og_title":"B\u0259z\u0259n xoruz banlamasa, s\u0259h\u0259r a\u00e7\u0131lm\u0131r - MEYDAN.TV","og_description":"\u018fvv\u0259lc\u0259 baxaq, g\u00f6r\u0259k, bu xoruz \u2013 Avropa \u015euras\u0131 kimdir.","og_url":"https:\/\/www.meydan.tv\/az\/article\/bezen-xoruz-banlamasa-seher-acilmir\/","og_site_name":"MEYDAN.TV","article_published_time":"2017-09-24T23:56:29+00:00","og_image":[{"width":1296,"height":728,"url":"https:\/\/www.meydan.tv\/wp-content\/uploads\/36575.png","type":"image\/png"}],"author":"user-manager","twitter_card":"summary_large_image","schema":{"@context":"https:\/\/schema.org","@graph":[{"@type":"Article","@id":"https:\/\/www.meydan.tv\/az\/article\/bezen-xoruz-banlamasa-seher-acilmir\/#article","isPartOf":{"@id":"https:\/\/www.meydan.tv\/az\/article\/bezen-xoruz-banlamasa-seher-acilmir\/"},"author":{"name":"user-manager","@id":"https:\/\/www.meydan.tv\/az\/#\/schema\/person\/10d11eccf6da3662cf5fdab9806ea91a"},"headline":"B\u0259z\u0259n xoruz banlamasa, s\u0259h\u0259r a\u00e7\u0131lm\u0131r","datePublished":"2017-09-24T23:56:29+00:00","mainEntityOfPage":{"@id":"https:\/\/www.meydan.tv\/az\/article\/bezen-xoruz-banlamasa-seher-acilmir\/"},"wordCount":914,"publisher":{"@id":"https:\/\/www.meydan.tv\/az\/#organization"},"image":{"@id":"https:\/\/www.meydan.tv\/az\/article\/bezen-xoruz-banlamasa-seher-acilmir\/#primaryimage"},"thumbnailUrl":"https:\/\/www.meydan.tv\/wp-content\/uploads\/36575.png","articleSection":["M\u0259nim Fikrimc\u0259"],"inLanguage":"az"},{"@type":"WebPage","@id":"https:\/\/www.meydan.tv\/az\/article\/bezen-xoruz-banlamasa-seher-acilmir\/","url":"https:\/\/www.meydan.tv\/az\/article\/bezen-xoruz-banlamasa-seher-acilmir\/","name":"B\u0259z\u0259n xoruz banlamasa, s\u0259h\u0259r a\u00e7\u0131lm\u0131r - MEYDAN.TV","isPartOf":{"@id":"https:\/\/www.meydan.tv\/az\/#website"},"primaryImageOfPage":{"@id":"https:\/\/www.meydan.tv\/az\/article\/bezen-xoruz-banlamasa-seher-acilmir\/#primaryimage"},"image":{"@id":"https:\/\/www.meydan.tv\/az\/article\/bezen-xoruz-banlamasa-seher-acilmir\/#primaryimage"},"thumbnailUrl":"https:\/\/www.meydan.tv\/wp-content\/uploads\/36575.png","datePublished":"2017-09-24T23:56:29+00:00","breadcrumb":{"@id":"https:\/\/www.meydan.tv\/az\/article\/bezen-xoruz-banlamasa-seher-acilmir\/#breadcrumb"},"inLanguage":"az","potentialAction":[{"@type":"ReadAction","target":["https:\/\/www.meydan.tv\/az\/article\/bezen-xoruz-banlamasa-seher-acilmir\/"]}]},{"@type":"ImageObject","inLanguage":"az","@id":"https:\/\/www.meydan.tv\/az\/article\/bezen-xoruz-banlamasa-seher-acilmir\/#primaryimage","url":"https:\/\/www.meydan.tv\/wp-content\/uploads\/36575.png","contentUrl":"https:\/\/www.meydan.tv\/wp-content\/uploads\/36575.png","width":1296,"height":728,"caption":"Source:"},{"@type":"BreadcrumbList","@id":"https:\/\/www.meydan.tv\/az\/article\/bezen-xoruz-banlamasa-seher-acilmir\/#breadcrumb","itemListElement":[{"@type":"ListItem","position":1,"name":"Ana s\u0259hif\u0259","item":"https:\/\/www.meydan.tv\/az\/"},{"@type":"ListItem","position":2,"name":"M\u0259nim Fikrimc\u0259","item":"https:\/\/www.meydan.tv\/az\/section\/menim-fikrimce\/"},{"@type":"ListItem","position":3,"name":"B\u0259z\u0259n xoruz banlamasa, s\u0259h\u0259r a\u00e7\u0131lm\u0131r"}]},{"@type":"WebSite","@id":"https:\/\/www.meydan.tv\/az\/#website","url":"https:\/\/www.meydan.tv\/az\/","name":"MEYDAN.TV","description":"Meydan TV Az\u0259rbaycan\u0131n media m\u0259kan\u0131ndak\u0131 alternativ s\u0259sidir","publisher":{"@id":"https:\/\/www.meydan.tv\/az\/#organization"},"potentialAction":[{"@type":"SearchAction","target":{"@type":"EntryPoint","urlTemplate":"https:\/\/www.meydan.tv\/az\/?s={search_term_string}"},"query-input":{"@type":"PropertyValueSpecification","valueRequired":true,"valueName":"search_term_string"}}],"inLanguage":"az"},{"@type":"Organization","@id":"https:\/\/www.meydan.tv\/az\/#organization","name":"Meydan TV","url":"https:\/\/www.meydan.tv\/az\/","logo":{"@type":"ImageObject","inLanguage":"az","@id":"https:\/\/www.meydan.tv\/az\/#\/schema\/logo\/image\/","url":"https:\/\/www.meydan.tv\/wp-content\/uploads\/2021\/07\/meydan-logo.svg","contentUrl":"https:\/\/www.meydan.tv\/wp-content\/uploads\/2021\/07\/meydan-logo.svg","width":195,"height":46,"caption":"Meydan TV"},"image":{"@id":"https:\/\/www.meydan.tv\/az\/#\/schema\/logo\/image\/"}},{"@type":"Person","@id":"https:\/\/www.meydan.tv\/az\/#\/schema\/person\/10d11eccf6da3662cf5fdab9806ea91a","name":"user-manager"}]}},"_links":{"self":[{"href":"https:\/\/www.meydan.tv\/az\/wp-json\/wp\/v2\/posts\/186668","targetHints":{"allow":["GET"]}}],"collection":[{"href":"https:\/\/www.meydan.tv\/az\/wp-json\/wp\/v2\/posts"}],"about":[{"href":"https:\/\/www.meydan.tv\/az\/wp-json\/wp\/v2\/types\/post"}],"author":[{"embeddable":true,"href":"https:\/\/www.meydan.tv\/az\/wp-json\/wp\/v2\/users\/11"}],"replies":[{"embeddable":true,"href":"https:\/\/www.meydan.tv\/az\/wp-json\/wp\/v2\/comments?post=186668"}],"version-history":[{"count":0,"href":"https:\/\/www.meydan.tv\/az\/wp-json\/wp\/v2\/posts\/186668\/revisions"}],"wp:featuredmedia":[{"embeddable":true,"href":"https:\/\/www.meydan.tv\/az\/wp-json\/wp\/v2\/media\/92692"}],"wp:attachment":[{"href":"https:\/\/www.meydan.tv\/az\/wp-json\/wp\/v2\/media?parent=186668"}],"wp:term":[{"taxonomy":"category","embeddable":true,"href":"https:\/\/www.meydan.tv\/az\/wp-json\/wp\/v2\/categories?post=186668"},{"taxonomy":"post_tag","embeddable":true,"href":"https:\/\/www.meydan.tv\/az\/wp-json\/wp\/v2\/tags?post=186668"}],"curies":[{"name":"wp","href":"https:\/\/api.w.org\/{rel}","templated":true}]}}