{"id":186663,"date":"2017-09-24T03:39:37","date_gmt":"2017-09-24T03:39:37","guid":{"rendered":"https:\/\/www.meydan.tv\/article\/lgbt-uzvlerine-qarsi-teqib-yoxsa-polise-muqavimet\/"},"modified":"2017-09-24T03:39:37","modified_gmt":"2017-09-24T03:39:37","slug":"lgbt-uzvlerine-qarsi-teqib-yoxsa-polise-muqavimet","status":"publish","type":"post","link":"https:\/\/www.meydan.tv\/az\/article\/lgbt-uzvlerine-qarsi-teqib-yoxsa-polise-muqavimet\/","title":{"rendered":"LGBT \u00fczvl\u0259rin\u0259 qar\u015f\u0131 t\u0259qib, yoxsa polis\u0259 m\u00fcqavim\u0259t?"},"content":{"rendered":"<figure class=\"wp-block-image size-large\">\n  <img decoding=\"async\" src=\"https:\/\/www.meydan.tv\/az\/92626\/\" alt=\"\" class=\"wp-image-92626\"\/><figcaption><\/figcaption><\/figure>\n<p>\n  \u201cBak\u0131da LGBT (Lezbian-Gey-Biseksual-Transgender) f\u0259rdl\u0259rin\u0259 qar\u015f\u0131 t\u0259qib kampaniyas\u0131 ba\u015flay\u0131b. Polisl\u0259r t\u0259zyiq g\u00f6st\u0259r\u0259r\u0259k, adamlardan pul t\u0259l\u0259b edir, pul verm\u0259y\u0259nl\u0259ri h\u0259bs edib, onlara h\u0259d\u0259-qorxu g\u0259l\u0259r\u0259k dig\u0259r homoseksuallar\u0131n ad-soyad\u0131n\u0131 v\u0259 \u00fcnvan\u0131n\u0131 s\u00f6yl\u0259m\u0259y\u0259 m\u0259cbur edirl\u0259r\u201d.\n<\/p>\n<p>\n  LGBT \u00fczvl\u0259ri bu iddiadad\u0131r. Onlar\u0131n sosial \u015f\u0259b\u0259k\u0259l\u0259rd\u0259 payla\u015fd\u0131\u011f\u0131 m\u0259lumatlara g\u00f6r\u0259, h\u0259bs olunanlar aras\u0131nda m\u00fcxt\u0259lif pe\u015f\u0259 sahibl\u0259ri d\u0259 var.\n<\/p>\n<blockquote><p>\n  Hans\u0131sa varl\u0131n\u0131n balas\u0131 SP\u0130D-\u0259 yoluxub\n<\/p><\/blockquote>\n<p>\n  \u201cBayaq klubdan g\u00fccl\u0259 qa\u00e7m\u0131\u015fam, yoxsa polis tutub apar\u0131rd\u0131. Geyl\u0259ri g\u00f6z\u00fcm\u00fcn qaba\u011f\u0131nda s\u00fcr\u00fcy\u0259-s\u00fcr\u00fcy\u0259 apard\u0131lar\u201d \u2013 Bunu sentyabr\u0131n 21-d\u0259 LGBT f\u0259rdi X\u0259yal \u018fliyev \u201cFacebook\u201d s\u0259hif\u0259sind\u0259 yaz\u0131b. X.\u018fliyev s\u0259b\u0259bini bel\u0259 izah edib:\n<\/p>\n<p>\n  \u201cHans\u0131sa varl\u0131n\u0131n balas\u0131 SP\u0130D-\u0259 yoluxub, d\u00fc\u015f\u00fcbl\u0259r biz yaz\u0131qlar\u0131n \u00fcst\u00fcn\u0259. Tutduqlar\u0131n\u0131 d\u00f6y\u00fcr, yalandan \u201cpolis\u0259 \u0259l qald\u0131r\u0131b\u201d ad\u0131yla 20 sutkal\u0131q i\u00e7\u0259ri at\u0131rlar\u201d.\n<\/p>\n<p>\n  \u201cN\u0259f\u0259s\u201d LGBT Az\u0259rbaycan Alyans\u0131n\u0131n haz\u0131rda Almaniyada ya\u015fayan r\u0259hb\u0259ri Cavid N\u0259biyev deyir ki, tutulan gay v\u0259 transseksual f\u0259rdl\u0259r\u0259 siyasi motivli i\u015fl\u0259rd\u0259 \u015fahid olaraq i\u015ftirak etm\u0259k &#8220;t\u0259klifi&#8221; edilib:\n<\/p>\n<p>\n  \u201cRaz\u0131 olmayanlar is\u0259 ail\u0259l\u0259rin \u00f6vladlar\u0131n\u0131n &#8220;kim olduqlar\u0131&#8221; bar\u0259d\u0259 m\u0259lumatland\u0131rma qorxusu il\u0259 \u015fantaj edilib\u201d.\n<\/p>\n<blockquote><p>\n  \u00c7oxlu sayda gey evsiz qal\u0131b\n<\/p><\/blockquote>\n<p>\n  Cavid N\u0259biyevin s\u00f6zl\u0259rin\u0259 g\u00f6r\u0259, t\u0259zyiql\u0259r\u0259 m\u0259ruz qalanlar a\u00e7\u0131q dan\u0131\u015fmaqdan, h\u00fcquqi yard\u0131m almaqdan \u00e7\u0259kinirl\u0259r:\n<\/p>\n<p>\n  \u201cH\u0259bs olunan gay, transseksual f\u0259rdl\u0259r zorak\u0131l\u0131q alt\u0131nda dig\u0259r tan\u0131d\u0131qlar\u0131 insanlar\u0131n ev \u00fcnvanlar\u0131n\u0131, n\u00f6mr\u0259l\u0259rini verm\u0259k m\u0259cburiyy\u0259tin\u0259 sal\u0131n\u0131blar. N\u0259tic\u0259d\u0259 kiray\u0259d\u0259 ya\u015fad\u0131\u011f\u0131 m\u00fc\u0259yy\u0259nl\u0259\u015fdiril\u0259n \u00e7oxlu sayda transseksual, gay f\u0259rdin ev sahibl\u0259rin\u0259 z\u0259ng edil\u0259r\u0259k evd\u0259n at\u0131lmalar\u0131 t\u0259l\u0259b edilib. Hal &#8211; haz\u0131rda bir ne\u00e7\u0259 n\u0259f\u0259r evsiz qal\u0131b\u201d.\n<\/p>\n<p>\n  Ad\u0131n\u0131n a\u00e7\u0131qlanmas\u0131n\u0131 ist\u0259m\u0259y\u0259n LGBT \u00fczv\u00fc Meydan TV-y\u0259 deyib ki, r\u0259fiq\u0259sini d\u0259 Nizami k\u00fc\u00e7\u0259sind\u0259 saxlay\u0131blar, ancaq yaxas\u0131n\u0131 polisl\u0259rin \u0259lind\u0259n qurtar\u0131b:\n<\/p>\n<p>\n  \u201cAy\u0131n 19-da ax\u015fam saatlar\u0131nda r\u0259fiq\u0259mi \u201cXaqani Ticar\u0259t M\u0259rk\u0259zinin yan\u0131nda saxlay\u0131blar. \u015e\u0259xsiyy\u0259t v\u0259siq\u0259sini ist\u0259yibl\u0259r, vurub t\u0259hqir edibl\u0259r. Sonra da 100 manat\u0131n\u0131 al\u0131b burax\u0131blar\u201d.\n<\/p>\n<p>\n  \u201cN\u0259f\u0259s\u201d t\u0259zyiql\u0259r\u0259 m\u0259ruz qalanlarla ba\u011fl\u0131 anonim<br \/>\n  <a href=\"https:\/\/docs.google.com\/forms\/d\/e\/1FAIpQLSc2QnuqH7aJ8n39lTws85fJYwHuw30Psx5QuOFVvgxDqdt1VA\/viewform\" target=\"_blank\" rel=\"noopener\"><br \/>\n    sor\u011fu\u00a0haz\u0131rlay\u0131b<br \/>\n  <\/a><br \/>\n  . T\u0259zyiq\u0259 m\u0259ruz qalan LGBT \u00fczvl\u0259ri anonimlikl\u0259rini saxlamaqla ba\u015flar\u0131na g\u0259l\u0259nl\u0259ri anlada bil\u0259rl\u0259r.\n<\/p>\n<blockquote><p>\n  D\u0130N cavab vermir\n<\/p><\/blockquote>\n<p>\n  Art\u0131q bir ne\u00e7\u0259 g\u00fcnd\u00fcr ki, bu x\u0259b\u0259rl\u0259r sosial \u015f\u0259b\u0259k\u0259l\u0259rin v\u0259 median\u0131n \u0259sas m\u00f6vzusuna \u00e7evrilib. Lakin Daxili \u0130\u015fl\u0259r Nazirliyi bununla ba\u011fl\u0131 h\u0259r hans\u0131 r\u0259smi a\u00e7\u0131qlama vermir. Meydan TV-nin israrl\u0131 z\u0259ngl\u0259rin\u0259 baxmayaraq, qurumdan m\u00fcnasib\u0259t \u00f6yr\u0259nm\u0259k m\u00fcmk\u00fcn olmay\u0131b.\n<\/p>\n<p>\n  Yaln\u0131z \u201cvirtualaz.org\u201d sayt\u0131na geyl\u0259rl\u0259 ba\u011fl\u0131 reyd ke\u00e7irilm\u0259si fakt\u0131<br \/>\n  <a href=\"http:\/\/virtualaz.org\/cemiyyet\/103566\" target=\"_blank\" rel=\"noopener\"><br \/>\n    t\u0259sdiql\u0259nib<br \/>\n  <\/a><br \/>\n  . M\u0259lumatda bildirilir ki, milli-m\u0259n\u0259vi d\u0259y\u0259rl\u0259rin qorunmas\u0131 istiqam\u0259tind\u0259ki t\u0259dbirl\u0259r \u00e7\u0259r\u00e7iv\u0259sind\u0259 ke\u00e7iril\u0259n reydl\u0259r zaman\u0131 son bir h\u0259ft\u0259 \u0259rzind\u0259 100-\u0259 yax\u0131n cinsi azl\u0131q n\u00fcmay\u0259nd\u0259l\u0259ri saxlan\u0131l\u0131b.\n<\/p>\n<p>\n  Nazirlikd\u0259n onu da bildiribl\u0259r ki, \u0259m\u0259liyyatda Yasamal, N\u0259simi, N\u0259rimanov rayon polis idar\u0259l\u0259rinin \u0259m\u0259kda\u015flar\u0131 i\u015ftirak edib.\n<\/p>\n<p>\n  \u201cSaxlan\u0131lan \u015f\u0259xsl\u0259rin m\u0259cburi m\u00fcayin\u0259si zaman\u0131 h\u0259m polisi, h\u0259m d\u0259 h\u0259kiml\u0259ri \u015foka salacaq faktlar a\u015fkarlan\u0131b. B\u0259lli olub ki, saxlan\u0131lan cinsi azl\u0131q n\u00fcmay\u0259nd\u0259l\u0259rinin, dem\u0259k olar, ham\u0131s\u0131 \u0259n t\u0259hl\u00fck\u0259li cinsi x\u0259st\u0259likl\u0259r\u0259 yoluxublar. Aralar\u0131nda Q\u0130\u00c7S-\u0259 yoluxanlar\u0131n oldu\u011fu da bildirilir. \u0130lkin dindirm\u0259 zaman\u0131 onlar\u0131n bu virusu ba\u015fqalar\u0131na da yoluxdurdu\u011fu m\u0259lum olub. M\u00fcalic\u0259si \u00e7\u0259tin olan virus da\u015f\u0131y\u0131c\u0131lar\u0131n\u0131n z\u0259r\u0259sizl\u0259\u015fdirilm\u0259si \u00fc\u00e7\u00fcn m\u00fcvafiq add\u0131mlar at\u0131l\u0131b\u201d \u2013 m\u0259lumatda deyilir.\n<\/p>\n<p>\n  \u018fg\u0259r saxlan\u0131lan LGBT f\u0259rdl\u0259rind\u0259 virus a\u015fkarlan\u0131bsa, onlar niy\u0259 x\u0259st\u0259xanaya deyil, h\u0259bsxanaya g\u00f6nd\u0259rilir sual\u0131na is\u0259 cavab ver\u0259n yoxdur.\n<\/p>\n<blockquote><p>\n  V\u0259kill\u0259r m\u00fcdafi\u0259y\u0259 qo\u015fuldu\n<\/p><\/blockquote>\n<p>\n  T\u0259zyiql\u0259r\u0259 m\u0259ruz qalan \u015f\u0259xsl\u0259rin h\u0259m d\u0259 m\u00fcdafi\u0259siz qald\u0131qlar\u0131 bildirilir. Art\u0131q bir ne\u00e7\u0259 v\u0259kil onlar\u0131n m\u00fcdafi\u0259sin\u0259 haz\u0131r olduqlar\u0131n\u0131 b\u0259yan edibl\u0259r. Sentyabr\u0131n 23-d\u0259 h\u00fcquq\u015f\u00fcnas S\u0259m\u0259d R\u0259himli \u201cFacebook\u201d s\u0259hif\u0259sind\u0259 bununla ba\u011fl\u0131 payla\u015f\u0131m edib. V\u0259kill\u0259r Yal\u00e7\u0131n \u0130manov v\u0259 Nem\u0259t K\u0259rimli d\u0259 polis b\u00f6lm\u0259l\u0259rind\u0259 t\u0259zyiql\u0259r\u0259 m\u0259ruz qalan LGBT \u00fczvl\u0259rini m\u00fcdafi\u0259y\u0259 haz\u0131r olduqlar\u0131n\u0131 deyirl\u0259r.\n<\/p>\n<figure class=\"wp-block-image size-large\">\n  <img decoding=\"async\" src=\"https:\/\/www.meydan.tv\/az\/vekil-yalcin-imanov-ve-nemet-kerimli\/\" alt=\"V\u0259kil Yal\u00e7\u0131n \u0130manov v\u0259 Nem\u0259t K\u0259rimli\" class=\"wp-image-92635\"\/><figcaption>\n    V\u0259kil Yal\u00e7\u0131n \u0130manov v\u0259 Nem\u0259t K\u0259rimli<br \/>\n  <\/figcaption><\/figure>\n<p>\n  Lakin h\u0259l\u0259lik v\u0259kill\u0259r\u0259 m\u00fcraci\u0259t ed\u0259n olmay\u0131b. H\u00fcquq\u015f\u00fcnas S\u0259m\u0259d R\u0259himli Meydan TV-y\u0259 onlar\u0131n \u00e7\u0259kindiyini, bu s\u0259b\u0259bd\u0259n d\u0259 m\u00fcdafi\u0259y\u0259 a\u00e7\u0131q olmad\u0131qlar\u0131n\u0131 s\u00f6yl\u0259yib:\n<\/p>\n<p>\n  \u201cM\u0259n\u0259 h\u0259l\u0259 m\u00fcraci\u0259t ed\u0259n olmay\u0131b. \u00d6z\u00fcm ara\u015fd\u0131rma\u011fa ba\u015flam\u0131\u015fam. LGBT aktivistl\u0259ri d\u0259 onlar\u0131n \u00e7\u0259kindiyini deyir\u201d.\n<\/p>\n<figure class=\"wp-block-image size-large\">\n  <img decoding=\"async\" src=\"https:\/\/www.meydan.tv\/az\/huquqsunas-semed-rehimli\/\" alt=\"H\u00fcquq\u015f\u00fcnas S\u0259m\u0259d R\u0259himli\" class=\"wp-image-92623\"\/><figcaption>\n    H\u00fcquq\u015f\u00fcnas S\u0259m\u0259d R\u0259himli<br \/>\n  <\/figcaption><\/figure>\n<p>\n  H\u00fcquq\u015f\u00fcnas onu da bildirir ki, r\u0259smi ittiham median\u0131n yazd\u0131\u011f\u0131 kimi deyil:\n<\/p>\n<p>\n  \u201cR\u0259smi ittiham polisin qanuni t\u0259l\u0259bin\u0259 tabe olmamaqd\u0131r, \u0130nzibati X\u0259talar M\u0259c\u0259ll\u0259sinin 535-ci madd\u0259si il\u0259 t\u0259sbit olunur. Y\u0259ni r\u0259smi ittiham kimi fahi\u015f\u0259lik yazm\u0131rlar, amma m\u0259tbuatda niyy\u0259tl\u0259rini bel\u0259 elan edirl\u0259r. Daha \u00e7ox LGBT f\u0259rdl\u0259rini &#8220;g\u00f6z \u00f6n\u00fcnd\u0259n&#8221; y\u0131\u011fmaq \u0259m\u0259liyyat\u0131 xarakteri da\u015f\u0131y\u0131r\u201d.\n<\/p>\n<p>\n  H\u00fcquq\u015f\u00fcnas\u0131n \u0259ld\u0259 etdiyi m\u0259lumata g\u00f6r\u0259, inzibati i\u015fl\u0259r\u0259 \u0259sas\u0259n N\u0259simi v\u0259 Nizami rayon m\u0259hk\u0259m\u0259l\u0259rind\u0259 bax\u0131l\u0131b.\n<\/p>\n<blockquote><p>\n  LGBT icmas\u0131 hadis\u0259l\u0259ri q\u0131nayan b\u0259yanat yay\u0131b:\n<\/p><\/blockquote>\n<p>\n  \u201cDaxili \u0130\u015fl\u0259r Nazirliyinin Az\u0259rbaycan Respublikas\u0131n\u0131n Konstitusiyas\u0131nda \u00f6z \u0259ksini tapm\u0131\u015f madd\u0259l\u0259ri g\u00f6rm\u0259zd\u0259n g\u0259lm\u0259sini, insanlar\u0131n \u015f\u0259r\u0259f v\u0259 l\u0259yaq\u0259tini al\u00e7altmas\u0131n\u0131 q\u0259tiyy\u0259tl\u0259 pisl\u0259yirik.\n<\/p>\n<p>\n  Konstitusiyada bildirilir ki, he\u00e7 k\u0259s\u0259 i\u015fg\u0259nc\u0259 v\u0259 \u0259zab veril\u0259, insan l\u0259yaq\u0259tini al\u00e7aldan r\u0259ftara v\u0259 ya c\u0259zaya m\u0259ruz qala bilm\u0259z.\n<\/p>\n<p>\n  Az\u0259rbaycan Respublikas\u0131 Konstitusiyas\u0131ndan a\u015fa\u011f\u0131dak\u0131 \u00e7\u0131xar\u0131\u015flar\u0131 bir daha sizin diqq\u0259tiniz\u0259 \u00e7atd\u0131r\u0131r\u0131q.\n<\/p>\n<p>\n  Madd\u0259 25. B\u0259rab\u0259rlik h\u00fcququ\n<\/p>\n<p>\n  I. Ham\u0131 qanun v\u0259 m\u0259hk\u0259m\u0259 qar\u015f\u0131s\u0131nda b\u0259rab\u0259rdir.\n<\/p>\n<p>\n  II. Ki\u015fi il\u0259 qad\u0131n\u0131n eyni h\u00fcquqlar\u0131 v\u0259 azadl\u0131qlar\u0131 vard\u0131r.\n<\/p>\n<p>\n  III. D\u00f6vl\u0259t irqind\u0259n, etnik m\u0259nsubiyy\u0259tind\u0259n, dinind\u0259n, dilind\u0259n, cinsind\u0259n, m\u0259n\u015f\u0259yind\u0259n, \u0259mlak v\u0259ziyy\u0259tind\u0259n, qulluq m\u00f6vqeyind\u0259n, \u0259qid\u0259sind\u0259n, siyasi partiyalara, h\u0259mkarlar ittifaqlar\u0131na v\u0259 dig\u0259r ictimai birlikl\u0259r\u0259 m\u0259nsubiyy\u0259tind\u0259n as\u0131l\u0131 olmayaraq h\u0259r k\u0259sin h\u00fcquq v\u0259 azadl\u0131qlar\u0131n\u0131n b\u0259rab\u0259rliyin\u0259 t\u0259minat verir. \u0130nsan v\u0259 v\u0259t\u0259nda\u015f h\u00fcquqlar\u0131n\u0131 v\u0259 azadl\u0131qlar\u0131n\u0131 irqi, etnik, dini, dil, cinsi, m\u0259n\u015f\u0259yi, \u0259qid\u0259, siyasi v\u0259 sosial m\u0259nsubiyy\u0259t\u0259 g\u00f6r\u0259 m\u0259hdudla\u015fd\u0131rmaq qada\u011fand\u0131r.\n<\/p>\n<p>\n  IV. He\u00e7 k\u0259s\u0259 bu madd\u0259nin III hiss\u0259sind\u0259 g\u00f6st\u0259ril\u0259n \u0259saslara g\u00f6r\u0259 z\u0259r\u0259r vurula bilm\u0259z, g\u00fcz\u0259\u015ftl\u0259r v\u0259 ya imtiyazlar veril\u0259 bilm\u0259z, yaxud g\u00fcz\u0259\u015ftl\u0259rin v\u0259 ya imtiyazlar\u0131n verilm\u0259sind\u0259n imtina oluna bilm\u0259z.\n<\/p>\n<p>\n  Madd\u0259 32. \u015e\u0259xsi toxunulmazl\u0131q h\u00fcququ\n<\/p>\n<p>\n  I. H\u0259r k\u0259sin \u015f\u0259xsi toxunulmazl\u0131q h\u00fcququ vard\u0131r.\n<\/p>\n<p>\n  II. H\u0259r k\u0259sin \u015f\u0259xsi v\u0259 ail\u0259 h\u0259yat\u0131n\u0131n sirrini saxlamaq h\u00fcququ vard\u0131r. Qanunla n\u0259z\u0259rd\u0259 tutulan hallardan ba\u015fqa \u015f\u0259xsi v\u0259 ail\u0259 h\u0259yat\u0131na m\u00fcdaxil\u0259 etm\u0259k qada\u011fand\u0131r. H\u0259r k\u0259sin \u015f\u0259xsi v\u0259 ail\u0259 h\u0259yat\u0131na qanunsuz m\u00fcdaxil\u0259d\u0259n m\u00fcdafi\u0259 h\u00fcququ vard\u0131r.\n<\/p>\n<p>\n  III. \u00d6z raz\u0131l\u0131\u011f\u0131 olmadan kims\u0259nin \u015f\u0259xsi h\u0259yat\u0131 haqq\u0131nda m\u0259lumat\u0131n toplan\u0131lmas\u0131na, saxlan\u0131lmas\u0131na, istifad\u0259sin\u0259 v\u0259 yay\u0131lmas\u0131na yol verilmir. Qanunla m\u00fc\u0259yy\u0259n edilmi\u015f hallar istisna olmaqla, he\u00e7 k\u0259s onun x\u0259b\u0259ri olmadan v\u0259 ya etiraz\u0131na baxmadan izl\u0259nil\u0259 bilm\u0259z, video v\u0259 foto \u00e7\u0259kili\u015fin\u0259, s\u0259s yaz\u0131s\u0131na v\u0259 dig\u0259r bu c\u00fcr h\u0259r\u0259k\u0259tl\u0259r\u0259 m\u0259ruz qoyula bilm\u0259z\u201d.\n<\/p>\n<blockquote><p>\n  \u0130lham \u018fliyev: \u201cAz\u0259rbaycanda b\u00fct\u00fcn qrup insanlar\u0131n h\u00fcquqlar\u0131 t\u0259min olunub\u201d\n<\/p><\/blockquote>\n<figure class=\"wp-block-embed is-type-video is-provider-youtube wp-block-embed-youtube wp-embed-aspect-16-9 wp-has-aspect-ratio\">\n<div class=\"wp-block-embed__wrapper\">\n    <iframe\ttitle=\"\" width=\"1200\" height=\"675\" data-src=\"https:\/\/www.youtube.com\/embed\/watch?v=bTzIaFsIK2c\"\tframeborder=\"0\"\tallow=\"accelerometer; autoplay; clipboard-write; encrypted-media; gyroscope; picture-in-picture\" allowfullscreen src=\"data:image\/svg+xml;base64,PHN2ZyB3aWR0aD0iMSIgaGVpZ2h0PSIxIiB4bWxucz0iaHR0cDovL3d3dy53My5vcmcvMjAwMC9zdmciPjwvc3ZnPg==\" class=\"lazyload\" data-load-mode=\"1\"><\/iframe>\n  <\/div><figcaption><\/figcaption><\/figure>\n<p>\n  Cavid N\u0259biyev is\u0259 2014-c\u00fc ild\u0259 Avropa \u015euras\u0131 Parlament Assambleyas\u0131n\u0131n sessiyas\u0131nda \u00e7\u0131x\u0131\u015f ed\u0259n prezident \u0130lham \u018fliyevin norve\u00e7li xan\u0131m deputat\u0131n LGBT il\u0259 ba\u011fl\u0131 sual\u0131na cavab\u0131n\u0131 xat\u0131rlad\u0131r.\n<\/p>\n<p>\n  \u0130lham \u018fliyev deyir: \u201cAz\u0259rbaycanda b\u00fct\u00fcn qrup insanlar\u0131n h\u00fcquqlar\u0131 t\u0259min olunub v\u0259 he\u00e7 bir m\u0259hdudiyy\u0259t yoxdur. Azadl\u0131qlarla ba\u011fl\u0131 m\u00f6vcud v\u0259ziyy\u0259t y\u0259qin ki, sizin \u00f6lk\u0259nizd\u0259ki v\u0259ziyy\u0259td\u0259n f\u0259rql\u0259nmir\u201d.\n<\/p>\n<p>\n  <i><br \/>\n    Meydan TV m\u00f6vzunu diqq\u0259td\u0259 saxlayacaq.<br \/>\n  <\/i><\/p>\n","protected":false},"excerpt":{"rendered":"<p>V\u0259kill\u0259r t\u0259zyiq\u0259 m\u0259ruz qalanlar\u0131n m\u00fcdafi\u0259sin\u0259 qo\u015fuldu<\/p>\n","protected":false},"author":11,"featured_media":92626,"comment_status":"closed","ping_status":"open","sticky":false,"template":"","format":"standard","meta":{"_acf_changed":false,"_sitemap_exclude":false,"_sitemap_priority":"","_sitemap_frequency":"","footnotes":""},"categories":[51],"tags":[],"class_list":["post-186663","post","type-post","status-publish","format-standard","has-post-thumbnail","hentry","category-analitika","infinite-scroll-item","generate-columns","tablet-grid-50","mobile-grid-100","grid-parent","grid-33","no-featured-image-padding"],"acf":[],"yoast_head":"<!-- This site is optimized with the Yoast SEO plugin v27.4 - https:\/\/yoast.com\/product\/yoast-seo-wordpress\/ -->\n<title>LGBT \u00fczvl\u0259rin\u0259 qar\u015f\u0131 t\u0259qib, yoxsa polis\u0259 m\u00fcqavim\u0259t? - MEYDAN.TV<\/title>\n<meta name=\"robots\" content=\"index, follow, max-snippet:-1, max-image-preview:large, max-video-preview:-1\" \/>\n<link rel=\"canonical\" href=\"https:\/\/www.meydan.tv\/az\/article\/lgbt-uzvlerine-qarsi-teqib-yoxsa-polise-muqavimet\/\" \/>\n<meta property=\"og:locale\" content=\"az_AZ\" \/>\n<meta property=\"og:type\" content=\"article\" \/>\n<meta property=\"og:title\" content=\"LGBT \u00fczvl\u0259rin\u0259 qar\u015f\u0131 t\u0259qib, yoxsa polis\u0259 m\u00fcqavim\u0259t? - MEYDAN.TV\" \/>\n<meta property=\"og:description\" content=\"V\u0259kill\u0259r t\u0259zyiq\u0259 m\u0259ruz qalanlar\u0131n m\u00fcdafi\u0259sin\u0259 qo\u015fuldu\" \/>\n<meta property=\"og:url\" content=\"https:\/\/www.meydan.tv\/az\/article\/lgbt-uzvlerine-qarsi-teqib-yoxsa-polise-muqavimet\/\" \/>\n<meta property=\"og:site_name\" content=\"MEYDAN.TV\" \/>\n<meta property=\"article:published_time\" content=\"2017-09-24T03:39:37+00:00\" \/>\n<meta property=\"og:image\" content=\"https:\/\/www.meydan.tv\/wp-content\/uploads\/36567.jpg\" \/>\n\t<meta property=\"og:image:width\" content=\"1500\" \/>\n\t<meta property=\"og:image:height\" content=\"682\" \/>\n\t<meta property=\"og:image:type\" content=\"image\/jpeg\" \/>\n<meta name=\"author\" content=\"user-manager\" \/>\n<meta name=\"twitter:card\" content=\"summary_large_image\" \/>\n<script type=\"application\/ld+json\" class=\"yoast-schema-graph\">{\"@context\":\"https:\\\/\\\/schema.org\",\"@graph\":[{\"@type\":\"Article\",\"@id\":\"https:\\\/\\\/www.meydan.tv\\\/az\\\/article\\\/lgbt-uzvlerine-qarsi-teqib-yoxsa-polise-muqavimet\\\/#article\",\"isPartOf\":{\"@id\":\"https:\\\/\\\/www.meydan.tv\\\/az\\\/article\\\/lgbt-uzvlerine-qarsi-teqib-yoxsa-polise-muqavimet\\\/\"},\"author\":{\"name\":\"user-manager\",\"@id\":\"https:\\\/\\\/www.meydan.tv\\\/az\\\/#\\\/schema\\\/person\\\/10d11eccf6da3662cf5fdab9806ea91a\"},\"headline\":\"LGBT \u00fczvl\u0259rin\u0259 qar\u015f\u0131 t\u0259qib, yoxsa polis\u0259 m\u00fcqavim\u0259t?\",\"datePublished\":\"2017-09-24T03:39:37+00:00\",\"mainEntityOfPage\":{\"@id\":\"https:\\\/\\\/www.meydan.tv\\\/az\\\/article\\\/lgbt-uzvlerine-qarsi-teqib-yoxsa-polise-muqavimet\\\/\"},\"wordCount\":1632,\"publisher\":{\"@id\":\"https:\\\/\\\/www.meydan.tv\\\/az\\\/#organization\"},\"image\":{\"@id\":\"https:\\\/\\\/www.meydan.tv\\\/az\\\/article\\\/lgbt-uzvlerine-qarsi-teqib-yoxsa-polise-muqavimet\\\/#primaryimage\"},\"thumbnailUrl\":\"https:\\\/\\\/www.meydan.tv\\\/wp-content\\\/uploads\\\/36567.jpg\",\"articleSection\":[\"Analitika\"],\"inLanguage\":\"az\"},{\"@type\":\"WebPage\",\"@id\":\"https:\\\/\\\/www.meydan.tv\\\/az\\\/article\\\/lgbt-uzvlerine-qarsi-teqib-yoxsa-polise-muqavimet\\\/\",\"url\":\"https:\\\/\\\/www.meydan.tv\\\/az\\\/article\\\/lgbt-uzvlerine-qarsi-teqib-yoxsa-polise-muqavimet\\\/\",\"name\":\"LGBT \u00fczvl\u0259rin\u0259 qar\u015f\u0131 t\u0259qib, yoxsa polis\u0259 m\u00fcqavim\u0259t? - MEYDAN.TV\",\"isPartOf\":{\"@id\":\"https:\\\/\\\/www.meydan.tv\\\/az\\\/#website\"},\"primaryImageOfPage\":{\"@id\":\"https:\\\/\\\/www.meydan.tv\\\/az\\\/article\\\/lgbt-uzvlerine-qarsi-teqib-yoxsa-polise-muqavimet\\\/#primaryimage\"},\"image\":{\"@id\":\"https:\\\/\\\/www.meydan.tv\\\/az\\\/article\\\/lgbt-uzvlerine-qarsi-teqib-yoxsa-polise-muqavimet\\\/#primaryimage\"},\"thumbnailUrl\":\"https:\\\/\\\/www.meydan.tv\\\/wp-content\\\/uploads\\\/36567.jpg\",\"datePublished\":\"2017-09-24T03:39:37+00:00\",\"breadcrumb\":{\"@id\":\"https:\\\/\\\/www.meydan.tv\\\/az\\\/article\\\/lgbt-uzvlerine-qarsi-teqib-yoxsa-polise-muqavimet\\\/#breadcrumb\"},\"inLanguage\":\"az\",\"potentialAction\":[{\"@type\":\"ReadAction\",\"target\":[\"https:\\\/\\\/www.meydan.tv\\\/az\\\/article\\\/lgbt-uzvlerine-qarsi-teqib-yoxsa-polise-muqavimet\\\/\"]}]},{\"@type\":\"ImageObject\",\"inLanguage\":\"az\",\"@id\":\"https:\\\/\\\/www.meydan.tv\\\/az\\\/article\\\/lgbt-uzvlerine-qarsi-teqib-yoxsa-polise-muqavimet\\\/#primaryimage\",\"url\":\"https:\\\/\\\/www.meydan.tv\\\/wp-content\\\/uploads\\\/36567.jpg\",\"contentUrl\":\"https:\\\/\\\/www.meydan.tv\\\/wp-content\\\/uploads\\\/36567.jpg\",\"width\":1500,\"height\":682,\"caption\":\"Source:\"},{\"@type\":\"BreadcrumbList\",\"@id\":\"https:\\\/\\\/www.meydan.tv\\\/az\\\/article\\\/lgbt-uzvlerine-qarsi-teqib-yoxsa-polise-muqavimet\\\/#breadcrumb\",\"itemListElement\":[{\"@type\":\"ListItem\",\"position\":1,\"name\":\"Ana s\u0259hif\u0259\",\"item\":\"https:\\\/\\\/www.meydan.tv\\\/az\\\/\"},{\"@type\":\"ListItem\",\"position\":2,\"name\":\"Analitika\",\"item\":\"https:\\\/\\\/www.meydan.tv\\\/az\\\/section\\\/analitika\\\/\"},{\"@type\":\"ListItem\",\"position\":3,\"name\":\"LGBT \u00fczvl\u0259rin\u0259 qar\u015f\u0131 t\u0259qib, yoxsa polis\u0259 m\u00fcqavim\u0259t?\"}]},{\"@type\":\"WebSite\",\"@id\":\"https:\\\/\\\/www.meydan.tv\\\/az\\\/#website\",\"url\":\"https:\\\/\\\/www.meydan.tv\\\/az\\\/\",\"name\":\"MEYDAN.TV\",\"description\":\"Meydan TV Az\u0259rbaycan\u0131n media m\u0259kan\u0131ndak\u0131 alternativ s\u0259sidir\",\"publisher\":{\"@id\":\"https:\\\/\\\/www.meydan.tv\\\/az\\\/#organization\"},\"potentialAction\":[{\"@type\":\"SearchAction\",\"target\":{\"@type\":\"EntryPoint\",\"urlTemplate\":\"https:\\\/\\\/www.meydan.tv\\\/az\\\/?s={search_term_string}\"},\"query-input\":{\"@type\":\"PropertyValueSpecification\",\"valueRequired\":true,\"valueName\":\"search_term_string\"}}],\"inLanguage\":\"az\"},{\"@type\":\"Organization\",\"@id\":\"https:\\\/\\\/www.meydan.tv\\\/az\\\/#organization\",\"name\":\"Meydan TV\",\"url\":\"https:\\\/\\\/www.meydan.tv\\\/az\\\/\",\"logo\":{\"@type\":\"ImageObject\",\"inLanguage\":\"az\",\"@id\":\"https:\\\/\\\/www.meydan.tv\\\/az\\\/#\\\/schema\\\/logo\\\/image\\\/\",\"url\":\"https:\\\/\\\/www.meydan.tv\\\/wp-content\\\/uploads\\\/2021\\\/07\\\/meydan-logo.svg\",\"contentUrl\":\"https:\\\/\\\/www.meydan.tv\\\/wp-content\\\/uploads\\\/2021\\\/07\\\/meydan-logo.svg\",\"width\":195,\"height\":46,\"caption\":\"Meydan TV\"},\"image\":{\"@id\":\"https:\\\/\\\/www.meydan.tv\\\/az\\\/#\\\/schema\\\/logo\\\/image\\\/\"}},{\"@type\":\"Person\",\"@id\":\"https:\\\/\\\/www.meydan.tv\\\/az\\\/#\\\/schema\\\/person\\\/10d11eccf6da3662cf5fdab9806ea91a\",\"name\":\"user-manager\"}]}<\/script>\n<!-- \/ Yoast SEO plugin. -->","yoast_head_json":{"title":"LGBT \u00fczvl\u0259rin\u0259 qar\u015f\u0131 t\u0259qib, yoxsa polis\u0259 m\u00fcqavim\u0259t? - MEYDAN.TV","robots":{"index":"index","follow":"follow","max-snippet":"max-snippet:-1","max-image-preview":"max-image-preview:large","max-video-preview":"max-video-preview:-1"},"canonical":"https:\/\/www.meydan.tv\/az\/article\/lgbt-uzvlerine-qarsi-teqib-yoxsa-polise-muqavimet\/","og_locale":"az_AZ","og_type":"article","og_title":"LGBT \u00fczvl\u0259rin\u0259 qar\u015f\u0131 t\u0259qib, yoxsa polis\u0259 m\u00fcqavim\u0259t? - MEYDAN.TV","og_description":"V\u0259kill\u0259r t\u0259zyiq\u0259 m\u0259ruz qalanlar\u0131n m\u00fcdafi\u0259sin\u0259 qo\u015fuldu","og_url":"https:\/\/www.meydan.tv\/az\/article\/lgbt-uzvlerine-qarsi-teqib-yoxsa-polise-muqavimet\/","og_site_name":"MEYDAN.TV","article_published_time":"2017-09-24T03:39:37+00:00","og_image":[{"width":1500,"height":682,"url":"https:\/\/www.meydan.tv\/wp-content\/uploads\/36567.jpg","type":"image\/jpeg"}],"author":"user-manager","twitter_card":"summary_large_image","schema":{"@context":"https:\/\/schema.org","@graph":[{"@type":"Article","@id":"https:\/\/www.meydan.tv\/az\/article\/lgbt-uzvlerine-qarsi-teqib-yoxsa-polise-muqavimet\/#article","isPartOf":{"@id":"https:\/\/www.meydan.tv\/az\/article\/lgbt-uzvlerine-qarsi-teqib-yoxsa-polise-muqavimet\/"},"author":{"name":"user-manager","@id":"https:\/\/www.meydan.tv\/az\/#\/schema\/person\/10d11eccf6da3662cf5fdab9806ea91a"},"headline":"LGBT \u00fczvl\u0259rin\u0259 qar\u015f\u0131 t\u0259qib, yoxsa polis\u0259 m\u00fcqavim\u0259t?","datePublished":"2017-09-24T03:39:37+00:00","mainEntityOfPage":{"@id":"https:\/\/www.meydan.tv\/az\/article\/lgbt-uzvlerine-qarsi-teqib-yoxsa-polise-muqavimet\/"},"wordCount":1632,"publisher":{"@id":"https:\/\/www.meydan.tv\/az\/#organization"},"image":{"@id":"https:\/\/www.meydan.tv\/az\/article\/lgbt-uzvlerine-qarsi-teqib-yoxsa-polise-muqavimet\/#primaryimage"},"thumbnailUrl":"https:\/\/www.meydan.tv\/wp-content\/uploads\/36567.jpg","articleSection":["Analitika"],"inLanguage":"az"},{"@type":"WebPage","@id":"https:\/\/www.meydan.tv\/az\/article\/lgbt-uzvlerine-qarsi-teqib-yoxsa-polise-muqavimet\/","url":"https:\/\/www.meydan.tv\/az\/article\/lgbt-uzvlerine-qarsi-teqib-yoxsa-polise-muqavimet\/","name":"LGBT \u00fczvl\u0259rin\u0259 qar\u015f\u0131 t\u0259qib, yoxsa polis\u0259 m\u00fcqavim\u0259t? - MEYDAN.TV","isPartOf":{"@id":"https:\/\/www.meydan.tv\/az\/#website"},"primaryImageOfPage":{"@id":"https:\/\/www.meydan.tv\/az\/article\/lgbt-uzvlerine-qarsi-teqib-yoxsa-polise-muqavimet\/#primaryimage"},"image":{"@id":"https:\/\/www.meydan.tv\/az\/article\/lgbt-uzvlerine-qarsi-teqib-yoxsa-polise-muqavimet\/#primaryimage"},"thumbnailUrl":"https:\/\/www.meydan.tv\/wp-content\/uploads\/36567.jpg","datePublished":"2017-09-24T03:39:37+00:00","breadcrumb":{"@id":"https:\/\/www.meydan.tv\/az\/article\/lgbt-uzvlerine-qarsi-teqib-yoxsa-polise-muqavimet\/#breadcrumb"},"inLanguage":"az","potentialAction":[{"@type":"ReadAction","target":["https:\/\/www.meydan.tv\/az\/article\/lgbt-uzvlerine-qarsi-teqib-yoxsa-polise-muqavimet\/"]}]},{"@type":"ImageObject","inLanguage":"az","@id":"https:\/\/www.meydan.tv\/az\/article\/lgbt-uzvlerine-qarsi-teqib-yoxsa-polise-muqavimet\/#primaryimage","url":"https:\/\/www.meydan.tv\/wp-content\/uploads\/36567.jpg","contentUrl":"https:\/\/www.meydan.tv\/wp-content\/uploads\/36567.jpg","width":1500,"height":682,"caption":"Source:"},{"@type":"BreadcrumbList","@id":"https:\/\/www.meydan.tv\/az\/article\/lgbt-uzvlerine-qarsi-teqib-yoxsa-polise-muqavimet\/#breadcrumb","itemListElement":[{"@type":"ListItem","position":1,"name":"Ana s\u0259hif\u0259","item":"https:\/\/www.meydan.tv\/az\/"},{"@type":"ListItem","position":2,"name":"Analitika","item":"https:\/\/www.meydan.tv\/az\/section\/analitika\/"},{"@type":"ListItem","position":3,"name":"LGBT \u00fczvl\u0259rin\u0259 qar\u015f\u0131 t\u0259qib, yoxsa polis\u0259 m\u00fcqavim\u0259t?"}]},{"@type":"WebSite","@id":"https:\/\/www.meydan.tv\/az\/#website","url":"https:\/\/www.meydan.tv\/az\/","name":"MEYDAN.TV","description":"Meydan TV Az\u0259rbaycan\u0131n media m\u0259kan\u0131ndak\u0131 alternativ s\u0259sidir","publisher":{"@id":"https:\/\/www.meydan.tv\/az\/#organization"},"potentialAction":[{"@type":"SearchAction","target":{"@type":"EntryPoint","urlTemplate":"https:\/\/www.meydan.tv\/az\/?s={search_term_string}"},"query-input":{"@type":"PropertyValueSpecification","valueRequired":true,"valueName":"search_term_string"}}],"inLanguage":"az"},{"@type":"Organization","@id":"https:\/\/www.meydan.tv\/az\/#organization","name":"Meydan TV","url":"https:\/\/www.meydan.tv\/az\/","logo":{"@type":"ImageObject","inLanguage":"az","@id":"https:\/\/www.meydan.tv\/az\/#\/schema\/logo\/image\/","url":"https:\/\/www.meydan.tv\/wp-content\/uploads\/2021\/07\/meydan-logo.svg","contentUrl":"https:\/\/www.meydan.tv\/wp-content\/uploads\/2021\/07\/meydan-logo.svg","width":195,"height":46,"caption":"Meydan TV"},"image":{"@id":"https:\/\/www.meydan.tv\/az\/#\/schema\/logo\/image\/"}},{"@type":"Person","@id":"https:\/\/www.meydan.tv\/az\/#\/schema\/person\/10d11eccf6da3662cf5fdab9806ea91a","name":"user-manager"}]}},"_links":{"self":[{"href":"https:\/\/www.meydan.tv\/az\/wp-json\/wp\/v2\/posts\/186663","targetHints":{"allow":["GET"]}}],"collection":[{"href":"https:\/\/www.meydan.tv\/az\/wp-json\/wp\/v2\/posts"}],"about":[{"href":"https:\/\/www.meydan.tv\/az\/wp-json\/wp\/v2\/types\/post"}],"author":[{"embeddable":true,"href":"https:\/\/www.meydan.tv\/az\/wp-json\/wp\/v2\/users\/11"}],"replies":[{"embeddable":true,"href":"https:\/\/www.meydan.tv\/az\/wp-json\/wp\/v2\/comments?post=186663"}],"version-history":[{"count":0,"href":"https:\/\/www.meydan.tv\/az\/wp-json\/wp\/v2\/posts\/186663\/revisions"}],"wp:featuredmedia":[{"embeddable":true,"href":"https:\/\/www.meydan.tv\/az\/wp-json\/wp\/v2\/media\/92626"}],"wp:attachment":[{"href":"https:\/\/www.meydan.tv\/az\/wp-json\/wp\/v2\/media?parent=186663"}],"wp:term":[{"taxonomy":"category","embeddable":true,"href":"https:\/\/www.meydan.tv\/az\/wp-json\/wp\/v2\/categories?post=186663"},{"taxonomy":"post_tag","embeddable":true,"href":"https:\/\/www.meydan.tv\/az\/wp-json\/wp\/v2\/tags?post=186663"}],"curies":[{"name":"wp","href":"https:\/\/api.w.org\/{rel}","templated":true}]}}