{"id":186631,"date":"2017-09-21T16:19:39","date_gmt":"2017-09-21T16:19:39","guid":{"rendered":"https:\/\/www.meydan.tv\/article\/seher-mektebde-gunortadan-sonra-tarlada-tovlede-muellimler-danisir\/"},"modified":"2017-09-21T16:19:39","modified_gmt":"2017-09-21T16:19:39","slug":"seher-mektebde-gunortadan-sonra-tarlada-tovlede-muellimler-danisir","status":"publish","type":"post","link":"https:\/\/www.meydan.tv\/az\/article\/seher-mektebde-gunortadan-sonra-tarlada-tovlede-muellimler-danisir\/","title":{"rendered":"S\u0259h\u0259r m\u0259kt\u0259bd\u0259, g\u00fcnortadan sonra tarlada, t\u00f6vl\u0259d\u0259 &#8211; m\u00fc\u0259lliml\u0259r dan\u0131\u015f\u0131r"},"content":{"rendered":"<figure class=\"wp-block-image size-large\">\n  <img decoding=\"async\" src=\"https:\/\/www.meydan.tv\/az\/92509\/\" alt=\"\" class=\"wp-image-92509\"\/><figcaption><\/figcaption><\/figure>\n<p>\n  &#8220;M\u00fc\u0259llim ist\u0259diyinin birini alanda, \u00fc\u00e7\u00fcn\u00fc ala bilmir. D\u00fcz\u00fc, yax\u015f\u0131 ya\u015famaq \u00fc\u00e7\u00fcn 500 manat da kifay\u0259t deyil. Onu da bilirsiniz kiml\u0259r al\u0131r? Ya staj\u0131, ya da d\u0259rs saat\u0131 \u00e7ox olub, 2 n\u00f6vb\u0259li d\u0259rs dey\u0259nl\u0259r. O q\u0259d\u0259r d\u0259rs saat\u0131n\u0131 da ham\u0131ya vermirl\u0259r. M\u00fc\u0259lliml\u0259r aras\u0131nda b\u00f6l\u00fcn\u00fcr. Yen\u0259 sentyabr g\u0259ldi, d\u0259rs saat\u0131 davalar\u0131 ba\u015flayacaq. M\u00fc\u0259llimin maa\u015f\u0131 az deyil, \u00e7ox azd\u0131r\u201d &#8211; \u00a0deyir, Bak\u0131 k\u0259ndl\u0259rinin birind\u0259 tarix d\u0259rsi dey\u0259n \u0130lham\u0259 H\u0259ziyeva.\n<\/p>\n<blockquote><p>\n  Toyuq-c\u00fcc\u0259 saxlay\u0131ram, universitet\u0259 u\u015faq haz\u0131rlay\u0131ram\n<\/p><\/blockquote>\n<p>\n  \u0130.H\u0259ziyevan\u0131n staj\u0131 15 ild\u0259n art\u0131qd\u0131r. Deyir, indiy\u0259 q\u0259d\u0259r ald\u0131\u011f\u0131 \u0259n y\u00fcks\u0259k \u0259m\u0259k haqq\u0131 340 manat olub:\n<\/p>\n<p>\n  \u201c3 u\u015faq b\u00f6y\u00fcd\u00fcr\u0259m, \u00e7\u0259tindir. H\u0259l\u0259 bunlar\u0131n b\u00f6y\u00fcm\u0259yi, universitet\u0259 daxil olmalar\u0131, g\u0259l\u0259c\u0259kl\u0259ri var. Bunlar\u0131 340 manatla nec\u0259 t\u0259min ed\u0259s\u0259n? H\u0259y\u0259tim var, toyuq-c\u00fcc\u0259 saxlay\u0131ram. Bir d\u0259 universitet\u0259 u\u015faq haz\u0131rlay\u0131ram. Ba\u015fqa c\u00fcr m\u00fcmk\u00fcn deyil\u201d.\n<\/p>\n<blockquote><p>\n  B\u0259rbad v\u0259ziyy\u0259td\u0259 ya\u015fayanlar var\n<\/p><\/blockquote>\n<p>\n  M\u0259tan\u0259t S\u0259m\u0259dq\u0131z\u0131 is\u0259 39 ildir ki, Ramana q\u0259s\u0259b\u0259sind\u0259ki \u00fcmumt\u0259hsil m\u0259kt\u0259bl\u0259rd\u0259n birind\u0259 d\u0259rs deyir. O, Meydan TV-y\u0259 Az\u0259rbaycanda m\u00fc\u0259lliml\u0259rin dolan\u0131\u015f\u0131\u011f\u0131n\u0131n, ya\u015fay\u0131\u015f s\u0259viyy\u0259sinin ac\u0131nacaql\u0131 oldu\u011funu bildirmi\u015fdi:\n<\/p>\n<figure class=\"wp-block-image size-large\">\n  <img decoding=\"async\" src=\"https:\/\/www.meydan.tv\/az\/92515\/\" alt=\"\" class=\"wp-image-92515\"\/><figcaption><\/figcaption><\/figure>\n<p>\n  \u201cBizim m\u0259kt\u0259bd\u0259 \u015fagird s\u0131xl\u0131\u011f\u0131 oldu\u011funa g\u00f6r\u0259 d\u0259rs m\u0259\u015f\u011f\u0259l\u0259l\u0259ri 2 n\u00f6vb\u0259d\u0259 ke\u00e7irilir. M\u0259nim d\u0259 d\u0259rs y\u00fck\u00fcm 18 saatdan \u00e7oxdur. Odur ki, ald\u0131\u011f\u0131m \u0259m\u0259k haqq\u0131 m\u00fc\u0259llim maa\u015f\u0131 anlam\u0131nda bir az normal g\u00f6r\u00fcn\u00fcr. Ancaq daha pis \u2013 b\u0259rbad v\u0259ziyy\u0259td\u0259 ya\u015fayanlar var\u201d.\n<\/p>\n<blockquote><p>\n  M\u00fc\u0259lliml\u0259rin maa\u015f\u0131 bir insan\u0131n orta s\u0259viyy\u0259d\u0259 ya\u015famas\u0131na da yetmir\n<\/p><\/blockquote>\n<p>\n  M\u0259tan\u0259t S\u0259m\u0259dq\u0131z\u0131 ald\u0131\u011f\u0131 \u0259m\u0259k haqq\u0131n\u0131n orta ya\u015fay\u0131\u015f s\u0259viyy\u0259si \u00fc\u00e7\u00fcn az oldu\u011funu deyir:\n<\/p>\n<p>\n  \u201cM\u0259n h\u0259l\u0259 y\u00fcks\u0259k s\u0259viyy\u0259d\u0259 ya\u015famaqdan yox, g\u0259rgin \u0259m\u0259k ilinin sonunda el\u0259 \u00f6lk\u0259 daxilind\u0259 10-ca g\u00fcn harasa gedib dinc\u0259lm\u0259k imkan\u0131n\u0131n m\u0259hdudlu\u011fundan dan\u0131\u015f\u0131ram\u201d.\n<\/p>\n<blockquote><p>\n  Maa\u015f artd\u0131, amma kommunal xidm\u0259tl\u0259r, benzin d\u0259 bahala\u015fd\u0131\n<\/p><\/blockquote>\n<p>\n  \u00a0\u201cD\u0259rs saat\u0131m 18-d\u0259n art\u0131qd\u0131r. Staj\u0131m is\u0259 20 ildir. Ayl\u0131q \u0259m\u0259k haqq\u0131m vergisiz 360 manatd\u0131r. D\u00fczd\u00fcr, son imtahandan sonra \u0259m\u0259k haqlar\u0131 31 faiz artd\u0131. \u018fv\u0259zind\u0259 is\u0259 i\u015f\u0131q, qaz, benzinin qiym\u0259ti bahala\u015fd\u0131, manat d\u0259y\u0259rd\u0259n d\u00fc\u015fd\u00fc. Bir s\u00f6zl\u0259, maa\u015f artsa da, durum \u0259vv\u0259lkind\u0259n pis oldu\u201d, &#8211; \u0130mi\u015flinin k\u0259nd m\u0259kt\u0259bl\u0259rind\u0259n birind\u0259 ibtidai sinif m\u00fc\u0259llimi i\u015fl\u0259y\u0259n \u018fjd\u0259r Zamanov (ad \u015f\u0259rtidir) bel\u0259 deyir.\n<\/p>\n<blockquote><p>\n  S\u0259h\u0259r m\u0259kt\u0259bd\u0259, g\u00fcnortadan sonra tarlada, t\u00f6vl\u0259d\u0259\n<\/p><\/blockquote>\n<p>\n  \u00a0M\u00fc\u0259llim bildirir ki, ald\u0131\u011f\u0131 maa\u015fla ail\u0259sini doland\u0131rmaq \u00e7\u0259tindir. Odur ki, \u0259lav\u0259 t\u0259s\u0259rr\u00fcfat i\u015fl\u0259ri il\u0259 d\u0259 m\u0259\u015f\u011ful olur:\n<\/p>\n<p>\n  \u201cArt\u0131mdan \u00f6nc\u0259 300 manat al\u0131rd\u0131m. Bu da hardasa 400 dollar edirdi. \u0130ndi ald\u0131\u011f\u0131m 380 manat 225 dollard\u0131r. Bu pul ayl\u0131q ma\u011faza borclar\u0131m\u0131n \u00f6d\u0259nm\u0259sin\u0259 bel\u0259 yetmir. Odur ki, \u0259kin-bi\u00e7in v\u0259 heyvandarl\u0131qla m\u0259\u015f\u011ful oluram. Bir d\u0259, \u0259lav\u0259 u\u015faq haz\u0131rla\u015fd\u0131r\u0131ram. Yoxsa dolanmaq m\u00fcmk\u00fcn deyir. S\u0259h\u0259r m\u0259kt\u0259bd\u0259, g\u00fcnortadan sonra tarlada, t\u00f6vl\u0259d\u0259dir i\u015fim\u201d.\n<\/p>\n<blockquote><p>\n  \u00a0Maa\u015f da art\u0131b, qiym\u0259tl\u0259r d\u0259\u2026\n<\/p><\/blockquote>\n<p>\n  \u018f.Zamanov deyir ki, ald\u0131\u011f\u0131 maa\u015f\u0131n tamam\u0131 ayl\u0131q \u00f6d\u0259diyi kreditl\u0259r\u0259 bel\u0259 yetmir:\n<\/p>\n<p>\n  \u201cMaa\u015f 31 faiz art\u0131b, qiym\u0259tl\u0259r is\u0259 70 faizd\u0259n \u00e7ox bahala\u015f\u0131b. B\u0259lk\u0259 d\u0259 daha \u00e7ox. N\u0259tic\u0259d\u0259 m\u00fc\u0259llimin ya\u015fay\u0131\u015f s\u0259viyy\u0259si \u0259vv\u0259lkind\u0259n d\u0259 pis v\u0259ziyy\u0259t\u0259 d\u00fc\u015f\u00fcb. Bundan \u0259lav\u0259, m\u00fc\u0259lliml\u0259r \u00fc\u00e7\u00fcn elan edil\u0259n 8000 i\u015f yeri haradan yarand\u0131, bilirsiz? T\u0259hsil Nazirliyinin m\u0259kt\u0259bl\u0259r\u0259 yollad\u0131\u011f\u0131 qeyri-r\u0259smi t\u0259limat var. \u0130mtahanda toplad\u0131\u011f\u0131 bala g\u00f6r\u0259 90 faiz m\u00fc\u0259llim\u0259 6-18 saat d\u0259rs veril\u0259 bil\u0259r. Y\u0259ni bir m\u00fc\u0259llimin d\u0259rsi 3 n\u0259f\u0259r aras\u0131nda b\u00f6l\u00fcnd\u00fc. N\u0259z\u0259r\u0259 al\u0131n ki, i\u015fl\u0259y\u0259n m\u00fc\u0259lliml\u0259rin ham\u0131s\u0131n\u0131n 18 il staj\u0131 yoxdur. O zaman h\u0259r \u015feyi ayd\u0131n ba\u015fa d\u00fc\u015f\u0259rsiz\u201d.\n<\/p>\n<blockquote><p>\n  500 manat maa\u015f s\u00f6hb\u0259ti nec\u0259 yaran\u0131b, bilirsiniz?\n<\/p><\/blockquote>\n<p>\n  \u00a0500 manat \u0259m\u0259k haqq\u0131 alan m\u00fc\u0259lliml\u0259r\u0259 g\u0259linc\u0259, \u018fjd\u0259r Zamanov deyir ki, \u00e7ox vaxt m\u00fc\u0259lliml\u0259r\u0259 art\u0131q saat yaz\u0131rlar, amma o, yaz\u0131lan d\u0259rsl\u0259r\u0259 girmir. N\u0259tic\u0259d\u0259 art\u0131q saatlar\u0131n pulunu al\u0131b direktora verir:\n<\/p>\n<p>\n  \u201cBununla da hesabat verirl\u0259r ki, bax\u0131n, bizim m\u0259kt\u0259bd\u0259 10 n\u0259f\u0259r m\u00fc\u0259llim 500 manat \u0259m\u0259k haqq\u0131 al\u0131r. Bu, h\u0259m d\u00f6vl\u0259tin m\u00fc\u0259llim\u0259 y\u00fcks\u0259k \u0259m\u0259k haqq\u0131 verdiyini r\u0259smil\u0259\u015fdirir, h\u0259m d\u0259 direktor qazan\u0131r. H\u0259min qazancdan \u00f6z\u00fcn\u0259 d\u0259 pay d\u00fc\u015f\u00fcr, \u00f6z\u00fc dediyi kimi yuxar\u0131lara da \u00e7at\u0131r\u201d.\n<\/p>\n<blockquote><p>\n  \u018fm\u0259k haqq\u0131 art\u0131r\u0131lan m\u00fc\u0259lliml\u0259rin say\u0131 90 mindir\n<\/p><\/blockquote>\n<p>\n  \u00a0\u201cAz\u0259rbaycanda diaqnostik qiym\u0259tl\u0259ndirm\u0259d\u0259 i\u015ftirak ed\u0259n m\u00fc\u0259lliml\u0259rin \u0259m\u0259k haqq\u0131 m\u0259rh\u0259l\u0259-m\u0259rh\u0259l\u0259 art\u0131r\u0131l\u0131b. Yaln\u0131z 2017-ci ilin aprel-may aylar\u0131nda ke\u00e7iril\u0259n qiym\u0259tl\u0259ndirm\u0259d\u0259 i\u015ftirak ed\u0259nl\u0259rin maa\u015f\u0131 2018-ci ilin yanvar\u0131nda art\u0131r\u0131lacaq\u201d, &#8211; jurnalistl\u0259r\u0259 a\u00e7\u0131qlamas\u0131nda T\u0259hsil Nazirliyinin \u0130nsan resurslar\u0131 \u015f\u00f6b\u0259sinin m\u00fcdir m\u00fcavini E\u015fqi Ba\u011f\u0131rov bel\u0259 deyib. Onun s\u00f6zl\u0259rin\u0259 g\u00f6r\u0259, \u0259m\u0259k haqq\u0131n\u0131n art\u0131m\u0131 40 faiz\u0259 yax\u0131n olacaq.\n<\/p>\n<p>\n  Nazirlik r\u0259smisi qeyd edib ki, bununla da 2018-ci ilin yanvar\u0131ndan art\u0131q b\u00fct\u00fcn \u00f6lk\u0259 \u00fczr\u0259 m\u00fc\u0259lliml\u0259r art\u0131mla \u0259m\u0259k haqq\u0131 alacaq:\n<\/p>\n<p>\n  \u201cBu g\u00fcn\u0259 kimi \u0259m\u0259k haqq\u0131 art\u0131r\u0131lan m\u00fc\u0259lliml\u0259rin say\u0131 90 mindir. Qalan 40 min\u0259 yax\u0131n m\u00fc\u0259llimin \u0259m\u0259k haqq\u0131 is\u0259 yanvardan art\u0131r\u0131lacaq\u201d.\n<\/p>\n<blockquote><p>\n  G\u00fcnd\u00fczl\u0259r d\u0259rsd\u0259, ax\u015famlar s\u00fckan arxas\u0131nda\u2026\n<\/p><\/blockquote>\n<p>\n  \u00a0T\u0259hsil Nazirliyinin ad\u0131n\u0131n a\u00e7\u0131qlanmas\u0131n\u0131 ist\u0259m\u0259y\u0259n \u0259m\u0259kda\u015f\u0131 is\u0259 Meydan TV-y\u0259 deyib ki, diaqnostik imtahandan sonra m\u00fc\u0259lliml\u0259rin maa\u015f\u0131 art\u0131b, 500 manat alan var. Ancaq imtahandan ke\u00e7\u0259 bilm\u0259y\u0259n m\u00fc\u0259lliml\u0259r d\u0259 az deyil:\n<\/p>\n<p>\n  \u201cDirektor var ki, bayra\u011f\u0131n r\u0259ngini soru\u015furuq, deyir 3, amma r\u0259ngl\u0259rinin m\u0259nas\u0131n\u0131 bilmir. Bel\u0259sini i\u015fd\u0259n \u00e7\u0131xarmaqdan ba\u015fqa \u0259lac qalm\u0131r. Ancaq arxas\u0131nda el\u0259 adamlar dayan\u0131r ki, m\u00fcmk\u00fcn olmur. Bu adamlar t\u0259hsild\u0259n t\u0259mizl\u0259nm\u0259yinc\u0259, inki\u015faf, art\u0131m g\u00f6zl\u0259m\u0259y\u0259 d\u0259ym\u0259z\u201d.\n<\/p>\n<p>\n  M\u0259nb\u0259 deyir ki, T\u0259hsil Nazirliyi probleml\u0259rin h\u0259llind\u0259 \u0259n maraql\u0131 qurumdur:\n<\/p>\n<p>\n  \u201cK\u0259nd m\u0259kt\u0259bl\u0259rin\u0259 d\u0259rs dem\u0259y\u0259 ged\u0259n m\u00fc\u0259lliml\u0259r \u00fc\u00e7\u00fcn d\u0259 y\u00fcks\u0259k g\u00fcz\u0259\u015ftl\u0259r n\u0259z\u0259rd\u0259 tutmu\u015fuq. Biz t\u0259hsil sah\u0259sind\u0259 probleml\u0259rin h\u0259ll olunmas\u0131nda maraql\u0131y\u0131q. \u0130st\u0259yirik ki, m\u00fc\u0259lliml\u0259r h\u0259qiq\u0259t\u0259n y\u00fcks\u0259k maa\u015f als\u0131nlar. Ancaq h\u0259r \u015fey bizim ist\u0259yimizd\u0259n as\u0131l\u0131 deyil. C\u0259nab nazir rayon t\u0259hsil \u015f\u00f6b\u0259l\u0259rinin l\u0259\u011fv edilm\u0259sini, bir regionda c\u0259ml\u0259\u015fdirilm\u0259sini ist\u0259yirdi. Bu, ilk n\u00f6vb\u0259d\u0259 t\u0259hsild\u0259 olan neqativ hallar\u0131n qar\u015f\u0131s\u0131n\u0131 ala bil\u0259rdi. Ancaq icra hakimiyy\u0259ti strukturu buna imkan verm\u0259di. \u00c7\u00fcnki se\u00e7kil\u0259r zaman\u0131 rayon t\u0259hsil \u015f\u00f6b\u0259l\u0259ri m\u0259hz icra hakimiyy\u0259tl\u0259rinin g\u00f6st\u0259ri\u015fini h\u0259yata ke\u00e7irir. Bu da d\u00f6vl\u0259t siyas\u0259tinin bir qolu kimi t\u0259qdim edilir\u201d.\n<\/p>\n<figure class=\"wp-block-image size-large\">\n  <img decoding=\"async\" src=\"https:\/\/www.meydan.tv\/az\/92518\/\" alt=\"\" class=\"wp-image-92518\"\/><figcaption><\/figcaption><\/figure>\n<p>\n  M\u0259nb\u0259 onu da deyir ki, tan\u0131\u015flar\u0131 aras\u0131nda m\u00fc\u0259llimlikl\u0259 yana\u015f\u0131 s\u00fcr\u00fcc\u00fcl\u00fck ed\u0259nl\u0259r var:\n<\/p>\n<p>\n  \u201cX\u00fcsus\u0259n ki\u015fi m\u00fc\u0259lliml\u0259r \u00fc\u00e7\u00fcn bu pulla ail\u0259 saxlamaq \u00e7\u0259tindir. Bir ne\u00e7\u0259 adam tan\u0131y\u0131ram ki, s\u0259h\u0259rl\u0259r d\u0259rs deyir, ax\u015famlar taksi s\u00fcr\u00fcr\u201d.\n<\/p>\n<blockquote><p>\n  Qon\u015fu \u00f6lk\u0259l\u0259rd\u0259ki m\u00fc\u0259lliml\u0259r n\u0259 q\u0259d\u0259r al\u0131r?\n<\/p><\/blockquote>\n<p>\n  Prezident \u0130lham \u018fliyev sentyabr\u0131n 15-d\u0259 20 n\u00f6mr\u0259li m\u0259kt\u0259b-liseyin yeni binas\u0131n\u0131n a\u00e7\u0131l\u0131\u015f\u0131nda m\u00fc\u0259lliml\u0259rin maa\u015flar\u0131ndan dan\u0131\u015f\u0131b. O, \u00f6lk\u0259d\u0259 orta \u0259m\u0259k haqq\u0131n\u0131n 500 manatdan \u00e7ox oldu\u011funu s\u00f6yl\u0259yib. Prezident bunu yax\u015f\u0131 g\u00f6st\u0259rici say\u0131b.\n<\/p>\n<p>\n  M\u00fc\u0259lliml\u0259r maa\u015flar\u0131n\u0131n 500 manatdan az oldu\u011funu deyirl\u0259r. Azadl\u0131qRadiosu yaz\u0131r ki, el\u0259 500 manatla g\u00f6t\u00fcr\u0259nd\u0259 d\u0259 bizd\u0259 m\u00fc\u0259lliml\u0259rin m\u0259vacibi qon\u015fu \u00f6lk\u0259l\u0259rl\u0259 m\u00fcqayis\u0259d\u0259 a\u015fa\u011f\u0131d\u0131r. T\u00fcrkiy\u0259d\u0259 ayl\u0131q \u0259m\u0259k haqqlar\u0131 1200, Rusiyada 557, \u0130randa 534, G\u00fcrc\u00fcstanda 323, Erm\u0259nistanda 252, Az\u0259rbaycanda is\u0259 207 dollard\u0131r.\n<\/p>\n<blockquote><p>\n  M\u00fc\u0259llim\u0259 \u0259n y\u00fcks\u0259k maa\u015f ver\u0259n \u00f6lk\u0259l\u0259r hans\u0131lard\u0131r?\n<\/p><\/blockquote>\n<p>\n  M\u00fc\u0259llim\u0259 \u0259n y\u00fcks\u0259k maa\u015f ver\u0259n \u00f6lk\u0259 is\u0259 L\u00fcksemburqdur. T\u00fcrkiy\u0259nin Ekonomik Kalk\u0131nma ve \u0130\u015fbirli\u011fi \u00d6rg\u00fct\u00fcn\u00fcn (OECD)<br \/>\n  <a href=\"http:\/\/urgan.org\/ogretmen-maasi-en-yuksek-hangi-ulkede\/\" target=\"_blank\" rel=\"noopener\"><br \/>\n    ara\u015fd\u0131rmas\u0131na<br \/>\n  <\/a><br \/>\n  g\u00f6r\u0259, bu \u00f6lk\u0259d\u0259 m\u00fc\u0259llimin illik \u0259m\u0259k haqq\u0131 137 min dollard\u0131r. \u0130sve\u00e7r\u0259d\u0259 92, Almaniyada 75, Amerikada 67, Avstriya v\u0259 Hollandiyada 66, Kanada v\u0259 \u0130rlandiyada 65, Yaponiyada is\u0259 62 min dollard\u0131r.\n<\/p>\n<blockquote><p>\n  M\u00fc\u0259llim ald\u0131\u011f\u0131 maa\u015fla dolana bilmirs\u0259, i\u015fd\u0259n sonra ba\u015fqa n\u0259 il\u0259s\u0259 m\u0259\u015f\u011ful olsun\n<\/p><\/blockquote>\n<p>\n  Az\u0259rbaycanda m\u00fc\u0259lliml\u0259rin maa\u015f\u0131, i\u015f tapmas\u0131 h\u0259mi\u015f\u0259 m\u00fczakir\u0259 m\u00f6vzusu olub. M\u0259s\u0259l\u0259n, deputat Aqil Abbas i\u015fl\u0259 t\u0259min edilm\u0259y\u0259n m\u00fc\u0259lliml\u0259r\u0259 ail\u0259sini so\u011fan \u0259kib doland\u0131rma\u011f\u0131 m\u0259sl\u0259h\u0259t g\u00f6rm\u00fc\u015fd\u00fc. Ba\u015fqa bir deputat Had\u0131 R\u0259c\u0259bli is\u0259<br \/>\n  <a href=\"\/az\/article\/aqil-abbas-get-orda-sogan-ek-aileni-saxla\/\" target=\"_blank\" rel=\"noopener\"><br \/>\n    m\u00fcsahib\u0259sind\u0259<br \/>\n  <\/a><br \/>\n  \u00a0\u0259g\u0259r m\u00fc\u0259llim ald\u0131\u011f\u0131 150-200 manat maa\u015fla dolana bilmirs\u0259, o, i\u015fd\u0259n sonra ba\u015fqa n\u0259 il\u0259s\u0259 m\u0259\u015f\u011ful olmal\u0131d\u0131r demi\u015fdi:\n<\/p>\n<figure class=\"wp-block-image size-large\">\n  <img decoding=\"async\" src=\"https:\/\/www.meydan.tv\/az\/92521\/\" alt=\"\" class=\"wp-image-92521\"\/><figcaption><\/figcaption><\/figure>\n<p>\n  \u201cL\u0259nk\u0259ran\u0131n Veravul k\u0259ndind\u0259 Balab\u0259y m\u00fc\u0259llim var. O, g\u00fcn\u00fcn birinci yar\u0131s\u0131 m\u0259kt\u0259bd\u0259 d\u0259rs deyir, nahardan sonra is\u0259 gedib da\u015f h\u00f6r\u00fcr, ustal\u0131q edir\u201d.\n<\/p>\n<p>\n  M\u0259tan\u0259t S\u0259m\u0259dq\u0131z\u0131 deyir ki, m\u00fc\u0259llim \u0259m\u0259yi \u00f6m\u00fcr x\u0259rcl\u0259m\u0259k kimi bir \u015feydir, onun q\u0259dir-qiym\u0259ti bilinm\u0259li, adekvat qiym\u0259tl\u0259ndirilm\u0259lidir:\n<\/p>\n<p>\n  \u201cAx\u0131 \u0259s\u0259bl\u0259rin x\u0259rcl\u0259nm\u0259si hesab\u0131na \u00e7\u0259kil\u0259n \u0259m\u0259k qar\u015f\u0131l\u0131\u011f\u0131nda m\u00fc\u0259llim \u0259n yax\u015f\u0131 h\u0259yat s\u0259viyy\u0259sin\u0259 layiqdir\u201d.<\/p>\n","protected":false},"excerpt":{"rendered":"<p>&#8221;Yax\u015f\u0131 ya\u015famaq \u00fc\u00e7\u00fcn 500 manat da kifay\u0259t deyil&#8221;<\/p>\n","protected":false},"author":11,"featured_media":92509,"comment_status":"closed","ping_status":"open","sticky":false,"template":"","format":"standard","meta":{"_acf_changed":false,"_sitemap_exclude":false,"_sitemap_priority":"","_sitemap_frequency":"","footnotes":""},"categories":[51],"tags":[],"class_list":["post-186631","post","type-post","status-publish","format-standard","has-post-thumbnail","hentry","category-analitika","infinite-scroll-item","generate-columns","tablet-grid-50","mobile-grid-100","grid-parent","grid-33","no-featured-image-padding"],"acf":[],"yoast_head":"<!-- This site is optimized with the Yoast SEO plugin v27.4 - https:\/\/yoast.com\/product\/yoast-seo-wordpress\/ -->\n<title>S\u0259h\u0259r m\u0259kt\u0259bd\u0259, g\u00fcnortadan sonra tarlada, t\u00f6vl\u0259d\u0259 - m\u00fc\u0259lliml\u0259r dan\u0131\u015f\u0131r - MEYDAN.TV<\/title>\n<meta name=\"robots\" content=\"index, follow, max-snippet:-1, max-image-preview:large, max-video-preview:-1\" \/>\n<link rel=\"canonical\" href=\"https:\/\/www.meydan.tv\/az\/article\/seher-mektebde-gunortadan-sonra-tarlada-tovlede-muellimler-danisir\/\" \/>\n<meta property=\"og:locale\" content=\"az_AZ\" \/>\n<meta property=\"og:type\" content=\"article\" \/>\n<meta property=\"og:title\" content=\"S\u0259h\u0259r m\u0259kt\u0259bd\u0259, g\u00fcnortadan sonra tarlada, t\u00f6vl\u0259d\u0259 - m\u00fc\u0259lliml\u0259r dan\u0131\u015f\u0131r - MEYDAN.TV\" \/>\n<meta property=\"og:description\" content=\"&#039;&#039;Yax\u015f\u0131 ya\u015famaq \u00fc\u00e7\u00fcn 500 manat da kifay\u0259t deyil&#039;&#039;\" \/>\n<meta property=\"og:url\" content=\"https:\/\/www.meydan.tv\/az\/article\/seher-mektebde-gunortadan-sonra-tarlada-tovlede-muellimler-danisir\/\" \/>\n<meta property=\"og:site_name\" content=\"MEYDAN.TV\" \/>\n<meta property=\"article:published_time\" content=\"2017-09-21T16:19:39+00:00\" \/>\n<meta property=\"og:image\" content=\"https:\/\/www.meydan.tv\/wp-content\/uploads\/36505.png\" \/>\n\t<meta property=\"og:image:width\" content=\"810\" \/>\n\t<meta property=\"og:image:height\" content=\"450\" \/>\n\t<meta property=\"og:image:type\" content=\"image\/png\" \/>\n<meta name=\"author\" content=\"user-manager\" \/>\n<meta name=\"twitter:card\" content=\"summary_large_image\" \/>\n<script type=\"application\/ld+json\" class=\"yoast-schema-graph\">{\"@context\":\"https:\\\/\\\/schema.org\",\"@graph\":[{\"@type\":\"Article\",\"@id\":\"https:\\\/\\\/www.meydan.tv\\\/az\\\/article\\\/seher-mektebde-gunortadan-sonra-tarlada-tovlede-muellimler-danisir\\\/#article\",\"isPartOf\":{\"@id\":\"https:\\\/\\\/www.meydan.tv\\\/az\\\/article\\\/seher-mektebde-gunortadan-sonra-tarlada-tovlede-muellimler-danisir\\\/\"},\"author\":{\"name\":\"user-manager\",\"@id\":\"https:\\\/\\\/www.meydan.tv\\\/az\\\/#\\\/schema\\\/person\\\/10d11eccf6da3662cf5fdab9806ea91a\"},\"headline\":\"S\u0259h\u0259r m\u0259kt\u0259bd\u0259, g\u00fcnortadan sonra tarlada, t\u00f6vl\u0259d\u0259 &#8211; m\u00fc\u0259lliml\u0259r dan\u0131\u015f\u0131r\",\"datePublished\":\"2017-09-21T16:19:39+00:00\",\"mainEntityOfPage\":{\"@id\":\"https:\\\/\\\/www.meydan.tv\\\/az\\\/article\\\/seher-mektebde-gunortadan-sonra-tarlada-tovlede-muellimler-danisir\\\/\"},\"wordCount\":1797,\"publisher\":{\"@id\":\"https:\\\/\\\/www.meydan.tv\\\/az\\\/#organization\"},\"image\":{\"@id\":\"https:\\\/\\\/www.meydan.tv\\\/az\\\/article\\\/seher-mektebde-gunortadan-sonra-tarlada-tovlede-muellimler-danisir\\\/#primaryimage\"},\"thumbnailUrl\":\"https:\\\/\\\/www.meydan.tv\\\/wp-content\\\/uploads\\\/36505.png\",\"articleSection\":[\"Analitika\"],\"inLanguage\":\"az\"},{\"@type\":\"WebPage\",\"@id\":\"https:\\\/\\\/www.meydan.tv\\\/az\\\/article\\\/seher-mektebde-gunortadan-sonra-tarlada-tovlede-muellimler-danisir\\\/\",\"url\":\"https:\\\/\\\/www.meydan.tv\\\/az\\\/article\\\/seher-mektebde-gunortadan-sonra-tarlada-tovlede-muellimler-danisir\\\/\",\"name\":\"S\u0259h\u0259r m\u0259kt\u0259bd\u0259, g\u00fcnortadan sonra tarlada, t\u00f6vl\u0259d\u0259 - m\u00fc\u0259lliml\u0259r dan\u0131\u015f\u0131r - MEYDAN.TV\",\"isPartOf\":{\"@id\":\"https:\\\/\\\/www.meydan.tv\\\/az\\\/#website\"},\"primaryImageOfPage\":{\"@id\":\"https:\\\/\\\/www.meydan.tv\\\/az\\\/article\\\/seher-mektebde-gunortadan-sonra-tarlada-tovlede-muellimler-danisir\\\/#primaryimage\"},\"image\":{\"@id\":\"https:\\\/\\\/www.meydan.tv\\\/az\\\/article\\\/seher-mektebde-gunortadan-sonra-tarlada-tovlede-muellimler-danisir\\\/#primaryimage\"},\"thumbnailUrl\":\"https:\\\/\\\/www.meydan.tv\\\/wp-content\\\/uploads\\\/36505.png\",\"datePublished\":\"2017-09-21T16:19:39+00:00\",\"breadcrumb\":{\"@id\":\"https:\\\/\\\/www.meydan.tv\\\/az\\\/article\\\/seher-mektebde-gunortadan-sonra-tarlada-tovlede-muellimler-danisir\\\/#breadcrumb\"},\"inLanguage\":\"az\",\"potentialAction\":[{\"@type\":\"ReadAction\",\"target\":[\"https:\\\/\\\/www.meydan.tv\\\/az\\\/article\\\/seher-mektebde-gunortadan-sonra-tarlada-tovlede-muellimler-danisir\\\/\"]}]},{\"@type\":\"ImageObject\",\"inLanguage\":\"az\",\"@id\":\"https:\\\/\\\/www.meydan.tv\\\/az\\\/article\\\/seher-mektebde-gunortadan-sonra-tarlada-tovlede-muellimler-danisir\\\/#primaryimage\",\"url\":\"https:\\\/\\\/www.meydan.tv\\\/wp-content\\\/uploads\\\/36505.png\",\"contentUrl\":\"https:\\\/\\\/www.meydan.tv\\\/wp-content\\\/uploads\\\/36505.png\",\"width\":810,\"height\":450,\"caption\":\"Source:\"},{\"@type\":\"BreadcrumbList\",\"@id\":\"https:\\\/\\\/www.meydan.tv\\\/az\\\/article\\\/seher-mektebde-gunortadan-sonra-tarlada-tovlede-muellimler-danisir\\\/#breadcrumb\",\"itemListElement\":[{\"@type\":\"ListItem\",\"position\":1,\"name\":\"Ana s\u0259hif\u0259\",\"item\":\"https:\\\/\\\/www.meydan.tv\\\/az\\\/\"},{\"@type\":\"ListItem\",\"position\":2,\"name\":\"Analitika\",\"item\":\"https:\\\/\\\/www.meydan.tv\\\/az\\\/section\\\/analitika\\\/\"},{\"@type\":\"ListItem\",\"position\":3,\"name\":\"S\u0259h\u0259r m\u0259kt\u0259bd\u0259, g\u00fcnortadan sonra tarlada, t\u00f6vl\u0259d\u0259 &#8211; m\u00fc\u0259lliml\u0259r dan\u0131\u015f\u0131r\"}]},{\"@type\":\"WebSite\",\"@id\":\"https:\\\/\\\/www.meydan.tv\\\/az\\\/#website\",\"url\":\"https:\\\/\\\/www.meydan.tv\\\/az\\\/\",\"name\":\"MEYDAN.TV\",\"description\":\"Meydan TV Az\u0259rbaycan\u0131n media m\u0259kan\u0131ndak\u0131 alternativ s\u0259sidir\",\"publisher\":{\"@id\":\"https:\\\/\\\/www.meydan.tv\\\/az\\\/#organization\"},\"potentialAction\":[{\"@type\":\"SearchAction\",\"target\":{\"@type\":\"EntryPoint\",\"urlTemplate\":\"https:\\\/\\\/www.meydan.tv\\\/az\\\/?s={search_term_string}\"},\"query-input\":{\"@type\":\"PropertyValueSpecification\",\"valueRequired\":true,\"valueName\":\"search_term_string\"}}],\"inLanguage\":\"az\"},{\"@type\":\"Organization\",\"@id\":\"https:\\\/\\\/www.meydan.tv\\\/az\\\/#organization\",\"name\":\"Meydan TV\",\"url\":\"https:\\\/\\\/www.meydan.tv\\\/az\\\/\",\"logo\":{\"@type\":\"ImageObject\",\"inLanguage\":\"az\",\"@id\":\"https:\\\/\\\/www.meydan.tv\\\/az\\\/#\\\/schema\\\/logo\\\/image\\\/\",\"url\":\"https:\\\/\\\/www.meydan.tv\\\/wp-content\\\/uploads\\\/2021\\\/07\\\/meydan-logo.svg\",\"contentUrl\":\"https:\\\/\\\/www.meydan.tv\\\/wp-content\\\/uploads\\\/2021\\\/07\\\/meydan-logo.svg\",\"width\":195,\"height\":46,\"caption\":\"Meydan TV\"},\"image\":{\"@id\":\"https:\\\/\\\/www.meydan.tv\\\/az\\\/#\\\/schema\\\/logo\\\/image\\\/\"}},{\"@type\":\"Person\",\"@id\":\"https:\\\/\\\/www.meydan.tv\\\/az\\\/#\\\/schema\\\/person\\\/10d11eccf6da3662cf5fdab9806ea91a\",\"name\":\"user-manager\"}]}<\/script>\n<!-- \/ Yoast SEO plugin. -->","yoast_head_json":{"title":"S\u0259h\u0259r m\u0259kt\u0259bd\u0259, g\u00fcnortadan sonra tarlada, t\u00f6vl\u0259d\u0259 - m\u00fc\u0259lliml\u0259r dan\u0131\u015f\u0131r - MEYDAN.TV","robots":{"index":"index","follow":"follow","max-snippet":"max-snippet:-1","max-image-preview":"max-image-preview:large","max-video-preview":"max-video-preview:-1"},"canonical":"https:\/\/www.meydan.tv\/az\/article\/seher-mektebde-gunortadan-sonra-tarlada-tovlede-muellimler-danisir\/","og_locale":"az_AZ","og_type":"article","og_title":"S\u0259h\u0259r m\u0259kt\u0259bd\u0259, g\u00fcnortadan sonra tarlada, t\u00f6vl\u0259d\u0259 - m\u00fc\u0259lliml\u0259r dan\u0131\u015f\u0131r - MEYDAN.TV","og_description":"''Yax\u015f\u0131 ya\u015famaq \u00fc\u00e7\u00fcn 500 manat da kifay\u0259t deyil''","og_url":"https:\/\/www.meydan.tv\/az\/article\/seher-mektebde-gunortadan-sonra-tarlada-tovlede-muellimler-danisir\/","og_site_name":"MEYDAN.TV","article_published_time":"2017-09-21T16:19:39+00:00","og_image":[{"width":810,"height":450,"url":"https:\/\/www.meydan.tv\/wp-content\/uploads\/36505.png","type":"image\/png"}],"author":"user-manager","twitter_card":"summary_large_image","schema":{"@context":"https:\/\/schema.org","@graph":[{"@type":"Article","@id":"https:\/\/www.meydan.tv\/az\/article\/seher-mektebde-gunortadan-sonra-tarlada-tovlede-muellimler-danisir\/#article","isPartOf":{"@id":"https:\/\/www.meydan.tv\/az\/article\/seher-mektebde-gunortadan-sonra-tarlada-tovlede-muellimler-danisir\/"},"author":{"name":"user-manager","@id":"https:\/\/www.meydan.tv\/az\/#\/schema\/person\/10d11eccf6da3662cf5fdab9806ea91a"},"headline":"S\u0259h\u0259r m\u0259kt\u0259bd\u0259, g\u00fcnortadan sonra tarlada, t\u00f6vl\u0259d\u0259 &#8211; m\u00fc\u0259lliml\u0259r dan\u0131\u015f\u0131r","datePublished":"2017-09-21T16:19:39+00:00","mainEntityOfPage":{"@id":"https:\/\/www.meydan.tv\/az\/article\/seher-mektebde-gunortadan-sonra-tarlada-tovlede-muellimler-danisir\/"},"wordCount":1797,"publisher":{"@id":"https:\/\/www.meydan.tv\/az\/#organization"},"image":{"@id":"https:\/\/www.meydan.tv\/az\/article\/seher-mektebde-gunortadan-sonra-tarlada-tovlede-muellimler-danisir\/#primaryimage"},"thumbnailUrl":"https:\/\/www.meydan.tv\/wp-content\/uploads\/36505.png","articleSection":["Analitika"],"inLanguage":"az"},{"@type":"WebPage","@id":"https:\/\/www.meydan.tv\/az\/article\/seher-mektebde-gunortadan-sonra-tarlada-tovlede-muellimler-danisir\/","url":"https:\/\/www.meydan.tv\/az\/article\/seher-mektebde-gunortadan-sonra-tarlada-tovlede-muellimler-danisir\/","name":"S\u0259h\u0259r m\u0259kt\u0259bd\u0259, g\u00fcnortadan sonra tarlada, t\u00f6vl\u0259d\u0259 - m\u00fc\u0259lliml\u0259r dan\u0131\u015f\u0131r - MEYDAN.TV","isPartOf":{"@id":"https:\/\/www.meydan.tv\/az\/#website"},"primaryImageOfPage":{"@id":"https:\/\/www.meydan.tv\/az\/article\/seher-mektebde-gunortadan-sonra-tarlada-tovlede-muellimler-danisir\/#primaryimage"},"image":{"@id":"https:\/\/www.meydan.tv\/az\/article\/seher-mektebde-gunortadan-sonra-tarlada-tovlede-muellimler-danisir\/#primaryimage"},"thumbnailUrl":"https:\/\/www.meydan.tv\/wp-content\/uploads\/36505.png","datePublished":"2017-09-21T16:19:39+00:00","breadcrumb":{"@id":"https:\/\/www.meydan.tv\/az\/article\/seher-mektebde-gunortadan-sonra-tarlada-tovlede-muellimler-danisir\/#breadcrumb"},"inLanguage":"az","potentialAction":[{"@type":"ReadAction","target":["https:\/\/www.meydan.tv\/az\/article\/seher-mektebde-gunortadan-sonra-tarlada-tovlede-muellimler-danisir\/"]}]},{"@type":"ImageObject","inLanguage":"az","@id":"https:\/\/www.meydan.tv\/az\/article\/seher-mektebde-gunortadan-sonra-tarlada-tovlede-muellimler-danisir\/#primaryimage","url":"https:\/\/www.meydan.tv\/wp-content\/uploads\/36505.png","contentUrl":"https:\/\/www.meydan.tv\/wp-content\/uploads\/36505.png","width":810,"height":450,"caption":"Source:"},{"@type":"BreadcrumbList","@id":"https:\/\/www.meydan.tv\/az\/article\/seher-mektebde-gunortadan-sonra-tarlada-tovlede-muellimler-danisir\/#breadcrumb","itemListElement":[{"@type":"ListItem","position":1,"name":"Ana s\u0259hif\u0259","item":"https:\/\/www.meydan.tv\/az\/"},{"@type":"ListItem","position":2,"name":"Analitika","item":"https:\/\/www.meydan.tv\/az\/section\/analitika\/"},{"@type":"ListItem","position":3,"name":"S\u0259h\u0259r m\u0259kt\u0259bd\u0259, g\u00fcnortadan sonra tarlada, t\u00f6vl\u0259d\u0259 &#8211; m\u00fc\u0259lliml\u0259r dan\u0131\u015f\u0131r"}]},{"@type":"WebSite","@id":"https:\/\/www.meydan.tv\/az\/#website","url":"https:\/\/www.meydan.tv\/az\/","name":"MEYDAN.TV","description":"Meydan TV Az\u0259rbaycan\u0131n media m\u0259kan\u0131ndak\u0131 alternativ s\u0259sidir","publisher":{"@id":"https:\/\/www.meydan.tv\/az\/#organization"},"potentialAction":[{"@type":"SearchAction","target":{"@type":"EntryPoint","urlTemplate":"https:\/\/www.meydan.tv\/az\/?s={search_term_string}"},"query-input":{"@type":"PropertyValueSpecification","valueRequired":true,"valueName":"search_term_string"}}],"inLanguage":"az"},{"@type":"Organization","@id":"https:\/\/www.meydan.tv\/az\/#organization","name":"Meydan TV","url":"https:\/\/www.meydan.tv\/az\/","logo":{"@type":"ImageObject","inLanguage":"az","@id":"https:\/\/www.meydan.tv\/az\/#\/schema\/logo\/image\/","url":"https:\/\/www.meydan.tv\/wp-content\/uploads\/2021\/07\/meydan-logo.svg","contentUrl":"https:\/\/www.meydan.tv\/wp-content\/uploads\/2021\/07\/meydan-logo.svg","width":195,"height":46,"caption":"Meydan TV"},"image":{"@id":"https:\/\/www.meydan.tv\/az\/#\/schema\/logo\/image\/"}},{"@type":"Person","@id":"https:\/\/www.meydan.tv\/az\/#\/schema\/person\/10d11eccf6da3662cf5fdab9806ea91a","name":"user-manager"}]}},"_links":{"self":[{"href":"https:\/\/www.meydan.tv\/az\/wp-json\/wp\/v2\/posts\/186631","targetHints":{"allow":["GET"]}}],"collection":[{"href":"https:\/\/www.meydan.tv\/az\/wp-json\/wp\/v2\/posts"}],"about":[{"href":"https:\/\/www.meydan.tv\/az\/wp-json\/wp\/v2\/types\/post"}],"author":[{"embeddable":true,"href":"https:\/\/www.meydan.tv\/az\/wp-json\/wp\/v2\/users\/11"}],"replies":[{"embeddable":true,"href":"https:\/\/www.meydan.tv\/az\/wp-json\/wp\/v2\/comments?post=186631"}],"version-history":[{"count":0,"href":"https:\/\/www.meydan.tv\/az\/wp-json\/wp\/v2\/posts\/186631\/revisions"}],"wp:featuredmedia":[{"embeddable":true,"href":"https:\/\/www.meydan.tv\/az\/wp-json\/wp\/v2\/media\/92509"}],"wp:attachment":[{"href":"https:\/\/www.meydan.tv\/az\/wp-json\/wp\/v2\/media?parent=186631"}],"wp:term":[{"taxonomy":"category","embeddable":true,"href":"https:\/\/www.meydan.tv\/az\/wp-json\/wp\/v2\/categories?post=186631"},{"taxonomy":"post_tag","embeddable":true,"href":"https:\/\/www.meydan.tv\/az\/wp-json\/wp\/v2\/tags?post=186631"}],"curies":[{"name":"wp","href":"https:\/\/api.w.org\/{rel}","templated":true}]}}