{"id":186498,"date":"2017-09-13T21:16:42","date_gmt":"2017-09-13T21:16:42","guid":{"rendered":"https:\/\/www.meydan.tv\/article\/prezident-seymur-hezinin-muracietine-de-reaksiya-verecekmi\/"},"modified":"2017-09-13T21:16:42","modified_gmt":"2017-09-13T21:16:42","slug":"prezident-seymur-hezinin-muracietine-de-reaksiya-verecekmi","status":"publish","type":"post","link":"https:\/\/www.meydan.tv\/az\/article\/prezident-seymur-hezinin-muracietine-de-reaksiya-verecekmi\/","title":{"rendered":"Prezident Seymur H\u0259zinin m\u00fcraci\u0259tin\u0259 d\u0259 reaksiya ver\u0259c\u0259kmi?"},"content":{"rendered":"<figure class=\"wp-block-image size-large\">\n  <img decoding=\"async\" src=\"https:\/\/www.meydan.tv\/az\/59548\/\" alt=\"\" class=\"wp-image-59548\"\/><figcaption><\/figcaption><\/figure>\n<p>\n  <i><br \/>\n    Bu \u00f6lk\u0259d\u0259 prezidentin t\u00f6vsiy\u0259si bel\u0259 b\u00fct\u00fcn qanunlardan y\u00fcks\u0259kdir<br \/>\n  <\/i>\n<\/p>\n<p>\n  Deyirl\u0259r ki, prezident Mehman \u018fliyevin bar\u0259sind\u0259 h\u0259bs- q\u0259timkan t\u0259dbirinin d\u0259yi\u015fdirilm\u0259si bar\u0259d\u0259 tap\u015f\u0131r\u0131q yox, t\u00f6vsiy\u0259 verib.\n<\/p>\n<p>\n  Bu \u00f6lk\u0259d\u0259 prezidentin hans\u0131 g\u00fcc\u0259 sahib, m\u0259hk\u0259m\u0259l\u0259rin is\u0259 hans\u0131 miskin durumda oldu\u011funu da anlatma\u011fa g\u0259r\u0259k yox. Prezidentin n\u0259inki r\u0259smi f\u0259rman\u0131, s\u0259r\u0259ncam\u0131, h\u0259tta qeyri-r\u0259smi t\u00f6vsiy\u0259si bel\u0259 b\u00fct\u00fcn qanunlardan y\u00fcks\u0259kdir, hakimiyy\u0259tin b\u00fct\u00fcn qollar\u0131 \u00fc\u00e7\u00fcn, o c\u00fcml\u0259d\u0259n m\u0259hk\u0259m\u0259l\u0259r \u00fc\u00e7\u00fcn tap\u015f\u0131r\u0131qd\u0131r. Bu anlamda prezidentin tap\u015f\u0131r\u0131q, yoxsa t\u00f6vsiy\u0259 verm\u0259si bel\u0259, he\u00e7 n\u0259yi d\u0259yi\u015fmir. H\u0259qiq\u0259t odur ki, Mehman b\u0259yi prezident buraxd\u0131r\u0131b. \u018fks halda, el\u0259 h\u0259min m\u0259murlar da, d\u00f6vl\u0259t v\u0259 onun n\u0259zar\u0259ti alt\u0131nda olan qurumlar da onu d\u00f6vl\u0259t ba\u015f\u00e7\u0131s\u0131n\u0131n humanist add\u0131m\u0131 kimi b\u0259h-b\u0259hl\u0259 tirajlamazd\u0131lar, ona palaz-palaz minn\u0259tdarl\u0131q m\u0259ktubu yazmazd\u0131lar.\n<\/p>\n<p>\n  Mehman b\u0259yin h\u0259bsinin siyasi sifari\u015f oldu\u011funu bu \u00f6lk\u0259d\u0259ki durumdan az-\u00e7ox m\u0259lumat\u0131 olan v\u0259 obyektivlik hissini itirm\u0259y\u0259n h\u0259r k\u0259s anlay\u0131r. O, s\u0131radan biri olmad\u0131\u011f\u0131 \u00fc\u00e7\u00fcn sifari\u015fin d\u0259 haradan g\u0259ldiyini d\u0259 t\u0259xmin etm\u0259k \u00e7\u0259tin deyil.\n<\/p>\n<p>\n  Ba\u015fqa s\u00f6zl\u0259, M.\u018fliyevin tutulmas\u0131n\u0131 da, bir aydan sonra burax\u0131lmas\u0131n\u0131 da \u201ct\u00f6vsiy\u0259 ed\u0259n\u201d eyni adamd\u0131r.\n<\/p>\n<p>\n  H\u0259, M.\u018fliyev h\u0259bsd\u0259 olmal\u0131 deyil, sad\u0259 bir h\u0259qiq\u0259t\u0259 g\u00f6r\u0259: Cinay\u0259t t\u00f6r\u0259tm\u0259yib. Bu anlamda azadl\u0131q onun haqq\u0131d\u0131r, eynil\u0259, siyasi sifari\u015fl\u0259 tutulan 160-a yax\u0131n m\u0259hbusun haqq\u0131 oldu\u011fu kimi. V\u0259 bu \u00f6lk\u0259d\u0259 d\u0259y\u0259rl\u0259r o q\u0259d\u0259r ba\u015f-ayaq olub, \u00f6zba\u015f\u0131nal\u0131q el\u0259 miqyas al\u0131b ki, hakimiyy\u0259t b\u00f6lg\u00fcs\u00fc, m\u0259hk\u0259m\u0259l\u0259rin m\u00fcst\u0259qilliyi bar\u0259d\u0259 s\u00f6hb\u0259t a\u00e7maq m\u0259nas\u0131z g\u00f6r\u00fcn\u00fcr, h\u0259tta q\u0131c\u0131q do\u011furur. Ona g\u00f6r\u0259, qanunsuzlu\u011fun bu c\u00fcr qanunsuz yollarla &#8220;b\u0259rpas\u0131na&#8221; ictimai t\u0259pki g\u00f6st\u0259rm\u0259k \u0259v\u0259zin\u0259, bu c\u00fcr r\u0259zal\u0259t\u0259 sevinm\u0259y\u0259 m\u0259hkum olunmu\u015fuq. Amma durumumuzun r\u0259zilliyini, he\u00e7 olmasa, anlama\u011f\u0131m\u0131z g\u0259r\u0259k.\n<\/p>\n<p>\n  Yeri g\u0259lmi\u015fk\u0259n, bu g\u00fcn he\u00e7 n\u0259d\u0259n \u00fc\u00e7 ildir m\u0259hbus h\u0259yat\u0131 ya\u015fayan ba\u015fqa bir jurnalistimiz &#8211; Seymur H\u0259zinin d\u0259 prezident\u0259 m\u00fcraci\u0259ti yay\u0131l\u0131b. Prezidentin Mehman b\u0259yl\u0259 ba\u011fl\u0131 t\u00f6vsiy\u0259sinin \u00e7oxsayl\u0131 m\u00fcraci\u0259tl\u0259rd\u0259n, o c\u00fcml\u0259d\u0259n onun \u00f6z\u00fcn\u00fcn m\u00fcraci\u0259tind\u0259n qaynaqland\u0131\u011f\u0131 bildirilir. Maraql\u0131d\u0131r, prezidentin Seymur b\u0259yin m\u00fcraci\u0259ti il\u0259 ba\u011fl\u0131 reaksiyas\u0131 v\u0259 bu y\u00f6nd\u0259 t\u00f6vsiy\u0259l\u0259ri d\u0259 olacaqm\u0131?!<\/p>\n","protected":false},"excerpt":{"rendered":"<p>Bu \u00f6lk\u0259d\u0259 prezidentin t\u00f6vsiy\u0259si bel\u0259 b\u00fct\u00fcn qanunlardan y\u00fcks\u0259kdir<\/p>\n","protected":false},"author":11,"featured_media":59548,"comment_status":"closed","ping_status":"open","sticky":false,"template":"","format":"standard","meta":{"_acf_changed":false,"_sitemap_exclude":false,"_sitemap_priority":"","_sitemap_frequency":"","footnotes":""},"categories":[57],"tags":[],"class_list":["post-186498","post","type-post","status-publish","format-standard","has-post-thumbnail","hentry","category-menim-fikrimce","infinite-scroll-item","generate-columns","tablet-grid-50","mobile-grid-100","grid-parent","grid-33","no-featured-image-padding"],"acf":[],"yoast_head":"<!-- This site is optimized with the Yoast SEO plugin v27.5 - https:\/\/yoast.com\/product\/yoast-seo-wordpress\/ -->\n<title>Prezident Seymur H\u0259zinin m\u00fcraci\u0259tin\u0259 d\u0259 reaksiya ver\u0259c\u0259kmi? - MEYDAN.TV<\/title>\n<meta name=\"robots\" content=\"index, follow, max-snippet:-1, max-image-preview:large, max-video-preview:-1\" \/>\n<link rel=\"canonical\" href=\"https:\/\/www.meydan.tv\/az\/article\/prezident-seymur-hezinin-muracietine-de-reaksiya-verecekmi\/\" \/>\n<meta property=\"og:locale\" content=\"az_AZ\" \/>\n<meta property=\"og:type\" content=\"article\" \/>\n<meta property=\"og:title\" content=\"Prezident Seymur H\u0259zinin m\u00fcraci\u0259tin\u0259 d\u0259 reaksiya ver\u0259c\u0259kmi? - MEYDAN.TV\" \/>\n<meta property=\"og:description\" content=\"Bu \u00f6lk\u0259d\u0259 prezidentin t\u00f6vsiy\u0259si bel\u0259 b\u00fct\u00fcn qanunlardan y\u00fcks\u0259kdir\" \/>\n<meta property=\"og:url\" content=\"https:\/\/www.meydan.tv\/az\/article\/prezident-seymur-hezinin-muracietine-de-reaksiya-verecekmi\/\" \/>\n<meta property=\"og:site_name\" content=\"MEYDAN.TV\" \/>\n<meta property=\"article:published_time\" content=\"2017-09-13T21:16:42+00:00\" \/>\n<meta property=\"og:image\" content=\"https:\/\/www.meydan.tv\/wp-content\/uploads\/20616.jpg\" \/>\n\t<meta property=\"og:image:width\" content=\"959\" \/>\n\t<meta property=\"og:image:height\" content=\"679\" \/>\n\t<meta property=\"og:image:type\" content=\"image\/jpeg\" \/>\n<meta name=\"author\" content=\"user-manager\" \/>\n<meta name=\"twitter:card\" content=\"summary_large_image\" \/>\n<script type=\"application\/ld+json\" class=\"yoast-schema-graph\">{\"@context\":\"https:\\\/\\\/schema.org\",\"@graph\":[{\"@type\":\"Article\",\"@id\":\"https:\\\/\\\/www.meydan.tv\\\/az\\\/article\\\/prezident-seymur-hezinin-muracietine-de-reaksiya-verecekmi\\\/#article\",\"isPartOf\":{\"@id\":\"https:\\\/\\\/www.meydan.tv\\\/az\\\/article\\\/prezident-seymur-hezinin-muracietine-de-reaksiya-verecekmi\\\/\"},\"author\":{\"name\":\"user-manager\",\"@id\":\"https:\\\/\\\/www.meydan.tv\\\/az\\\/#\\\/schema\\\/person\\\/10d11eccf6da3662cf5fdab9806ea91a\"},\"headline\":\"Prezident Seymur H\u0259zinin m\u00fcraci\u0259tin\u0259 d\u0259 reaksiya ver\u0259c\u0259kmi?\",\"datePublished\":\"2017-09-13T21:16:42+00:00\",\"mainEntityOfPage\":{\"@id\":\"https:\\\/\\\/www.meydan.tv\\\/az\\\/article\\\/prezident-seymur-hezinin-muracietine-de-reaksiya-verecekmi\\\/\"},\"wordCount\":511,\"publisher\":{\"@id\":\"https:\\\/\\\/www.meydan.tv\\\/az\\\/#organization\"},\"image\":{\"@id\":\"https:\\\/\\\/www.meydan.tv\\\/az\\\/article\\\/prezident-seymur-hezinin-muracietine-de-reaksiya-verecekmi\\\/#primaryimage\"},\"thumbnailUrl\":\"https:\\\/\\\/www.meydan.tv\\\/wp-content\\\/uploads\\\/20616.jpg\",\"articleSection\":[\"M\u0259nim Fikrimc\u0259\"],\"inLanguage\":\"az\"},{\"@type\":\"WebPage\",\"@id\":\"https:\\\/\\\/www.meydan.tv\\\/az\\\/article\\\/prezident-seymur-hezinin-muracietine-de-reaksiya-verecekmi\\\/\",\"url\":\"https:\\\/\\\/www.meydan.tv\\\/az\\\/article\\\/prezident-seymur-hezinin-muracietine-de-reaksiya-verecekmi\\\/\",\"name\":\"Prezident Seymur H\u0259zinin m\u00fcraci\u0259tin\u0259 d\u0259 reaksiya ver\u0259c\u0259kmi? - MEYDAN.TV\",\"isPartOf\":{\"@id\":\"https:\\\/\\\/www.meydan.tv\\\/az\\\/#website\"},\"primaryImageOfPage\":{\"@id\":\"https:\\\/\\\/www.meydan.tv\\\/az\\\/article\\\/prezident-seymur-hezinin-muracietine-de-reaksiya-verecekmi\\\/#primaryimage\"},\"image\":{\"@id\":\"https:\\\/\\\/www.meydan.tv\\\/az\\\/article\\\/prezident-seymur-hezinin-muracietine-de-reaksiya-verecekmi\\\/#primaryimage\"},\"thumbnailUrl\":\"https:\\\/\\\/www.meydan.tv\\\/wp-content\\\/uploads\\\/20616.jpg\",\"datePublished\":\"2017-09-13T21:16:42+00:00\",\"breadcrumb\":{\"@id\":\"https:\\\/\\\/www.meydan.tv\\\/az\\\/article\\\/prezident-seymur-hezinin-muracietine-de-reaksiya-verecekmi\\\/#breadcrumb\"},\"inLanguage\":\"az\",\"potentialAction\":[{\"@type\":\"ReadAction\",\"target\":[\"https:\\\/\\\/www.meydan.tv\\\/az\\\/article\\\/prezident-seymur-hezinin-muracietine-de-reaksiya-verecekmi\\\/\"]}]},{\"@type\":\"ImageObject\",\"inLanguage\":\"az\",\"@id\":\"https:\\\/\\\/www.meydan.tv\\\/az\\\/article\\\/prezident-seymur-hezinin-muracietine-de-reaksiya-verecekmi\\\/#primaryimage\",\"url\":\"https:\\\/\\\/www.meydan.tv\\\/wp-content\\\/uploads\\\/20616.jpg\",\"contentUrl\":\"https:\\\/\\\/www.meydan.tv\\\/wp-content\\\/uploads\\\/20616.jpg\",\"width\":959,\"height\":679,\"caption\":\"Source:\"},{\"@type\":\"BreadcrumbList\",\"@id\":\"https:\\\/\\\/www.meydan.tv\\\/az\\\/article\\\/prezident-seymur-hezinin-muracietine-de-reaksiya-verecekmi\\\/#breadcrumb\",\"itemListElement\":[{\"@type\":\"ListItem\",\"position\":1,\"name\":\"Ana s\u0259hif\u0259\",\"item\":\"https:\\\/\\\/www.meydan.tv\\\/az\\\/\"},{\"@type\":\"ListItem\",\"position\":2,\"name\":\"M\u0259nim Fikrimc\u0259\",\"item\":\"https:\\\/\\\/www.meydan.tv\\\/az\\\/section\\\/menim-fikrimce\\\/\"},{\"@type\":\"ListItem\",\"position\":3,\"name\":\"Prezident Seymur H\u0259zinin m\u00fcraci\u0259tin\u0259 d\u0259 reaksiya ver\u0259c\u0259kmi?\"}]},{\"@type\":\"WebSite\",\"@id\":\"https:\\\/\\\/www.meydan.tv\\\/az\\\/#website\",\"url\":\"https:\\\/\\\/www.meydan.tv\\\/az\\\/\",\"name\":\"MEYDAN.TV\",\"description\":\"Meydan TV Az\u0259rbaycan\u0131n media m\u0259kan\u0131ndak\u0131 alternativ s\u0259sidir\",\"publisher\":{\"@id\":\"https:\\\/\\\/www.meydan.tv\\\/az\\\/#organization\"},\"potentialAction\":[{\"@type\":\"SearchAction\",\"target\":{\"@type\":\"EntryPoint\",\"urlTemplate\":\"https:\\\/\\\/www.meydan.tv\\\/az\\\/?s={search_term_string}\"},\"query-input\":{\"@type\":\"PropertyValueSpecification\",\"valueRequired\":true,\"valueName\":\"search_term_string\"}}],\"inLanguage\":\"az\"},{\"@type\":\"Organization\",\"@id\":\"https:\\\/\\\/www.meydan.tv\\\/az\\\/#organization\",\"name\":\"Meydan TV\",\"url\":\"https:\\\/\\\/www.meydan.tv\\\/az\\\/\",\"logo\":{\"@type\":\"ImageObject\",\"inLanguage\":\"az\",\"@id\":\"https:\\\/\\\/www.meydan.tv\\\/az\\\/#\\\/schema\\\/logo\\\/image\\\/\",\"url\":\"https:\\\/\\\/www.meydan.tv\\\/wp-content\\\/uploads\\\/2021\\\/07\\\/meydan-logo.svg\",\"contentUrl\":\"https:\\\/\\\/www.meydan.tv\\\/wp-content\\\/uploads\\\/2021\\\/07\\\/meydan-logo.svg\",\"width\":195,\"height\":46,\"caption\":\"Meydan TV\"},\"image\":{\"@id\":\"https:\\\/\\\/www.meydan.tv\\\/az\\\/#\\\/schema\\\/logo\\\/image\\\/\"}},{\"@type\":\"Person\",\"@id\":\"https:\\\/\\\/www.meydan.tv\\\/az\\\/#\\\/schema\\\/person\\\/10d11eccf6da3662cf5fdab9806ea91a\",\"name\":\"user-manager\"}]}<\/script>\n<!-- \/ Yoast SEO plugin. -->","yoast_head_json":{"title":"Prezident Seymur H\u0259zinin m\u00fcraci\u0259tin\u0259 d\u0259 reaksiya ver\u0259c\u0259kmi? - MEYDAN.TV","robots":{"index":"index","follow":"follow","max-snippet":"max-snippet:-1","max-image-preview":"max-image-preview:large","max-video-preview":"max-video-preview:-1"},"canonical":"https:\/\/www.meydan.tv\/az\/article\/prezident-seymur-hezinin-muracietine-de-reaksiya-verecekmi\/","og_locale":"az_AZ","og_type":"article","og_title":"Prezident Seymur H\u0259zinin m\u00fcraci\u0259tin\u0259 d\u0259 reaksiya ver\u0259c\u0259kmi? - MEYDAN.TV","og_description":"Bu \u00f6lk\u0259d\u0259 prezidentin t\u00f6vsiy\u0259si bel\u0259 b\u00fct\u00fcn qanunlardan y\u00fcks\u0259kdir","og_url":"https:\/\/www.meydan.tv\/az\/article\/prezident-seymur-hezinin-muracietine-de-reaksiya-verecekmi\/","og_site_name":"MEYDAN.TV","article_published_time":"2017-09-13T21:16:42+00:00","og_image":[{"width":959,"height":679,"url":"https:\/\/www.meydan.tv\/wp-content\/uploads\/20616.jpg","type":"image\/jpeg"}],"author":"user-manager","twitter_card":"summary_large_image","schema":{"@context":"https:\/\/schema.org","@graph":[{"@type":"Article","@id":"https:\/\/www.meydan.tv\/az\/article\/prezident-seymur-hezinin-muracietine-de-reaksiya-verecekmi\/#article","isPartOf":{"@id":"https:\/\/www.meydan.tv\/az\/article\/prezident-seymur-hezinin-muracietine-de-reaksiya-verecekmi\/"},"author":{"name":"user-manager","@id":"https:\/\/www.meydan.tv\/az\/#\/schema\/person\/10d11eccf6da3662cf5fdab9806ea91a"},"headline":"Prezident Seymur H\u0259zinin m\u00fcraci\u0259tin\u0259 d\u0259 reaksiya ver\u0259c\u0259kmi?","datePublished":"2017-09-13T21:16:42+00:00","mainEntityOfPage":{"@id":"https:\/\/www.meydan.tv\/az\/article\/prezident-seymur-hezinin-muracietine-de-reaksiya-verecekmi\/"},"wordCount":511,"publisher":{"@id":"https:\/\/www.meydan.tv\/az\/#organization"},"image":{"@id":"https:\/\/www.meydan.tv\/az\/article\/prezident-seymur-hezinin-muracietine-de-reaksiya-verecekmi\/#primaryimage"},"thumbnailUrl":"https:\/\/www.meydan.tv\/wp-content\/uploads\/20616.jpg","articleSection":["M\u0259nim Fikrimc\u0259"],"inLanguage":"az"},{"@type":"WebPage","@id":"https:\/\/www.meydan.tv\/az\/article\/prezident-seymur-hezinin-muracietine-de-reaksiya-verecekmi\/","url":"https:\/\/www.meydan.tv\/az\/article\/prezident-seymur-hezinin-muracietine-de-reaksiya-verecekmi\/","name":"Prezident Seymur H\u0259zinin m\u00fcraci\u0259tin\u0259 d\u0259 reaksiya ver\u0259c\u0259kmi? - MEYDAN.TV","isPartOf":{"@id":"https:\/\/www.meydan.tv\/az\/#website"},"primaryImageOfPage":{"@id":"https:\/\/www.meydan.tv\/az\/article\/prezident-seymur-hezinin-muracietine-de-reaksiya-verecekmi\/#primaryimage"},"image":{"@id":"https:\/\/www.meydan.tv\/az\/article\/prezident-seymur-hezinin-muracietine-de-reaksiya-verecekmi\/#primaryimage"},"thumbnailUrl":"https:\/\/www.meydan.tv\/wp-content\/uploads\/20616.jpg","datePublished":"2017-09-13T21:16:42+00:00","breadcrumb":{"@id":"https:\/\/www.meydan.tv\/az\/article\/prezident-seymur-hezinin-muracietine-de-reaksiya-verecekmi\/#breadcrumb"},"inLanguage":"az","potentialAction":[{"@type":"ReadAction","target":["https:\/\/www.meydan.tv\/az\/article\/prezident-seymur-hezinin-muracietine-de-reaksiya-verecekmi\/"]}]},{"@type":"ImageObject","inLanguage":"az","@id":"https:\/\/www.meydan.tv\/az\/article\/prezident-seymur-hezinin-muracietine-de-reaksiya-verecekmi\/#primaryimage","url":"https:\/\/www.meydan.tv\/wp-content\/uploads\/20616.jpg","contentUrl":"https:\/\/www.meydan.tv\/wp-content\/uploads\/20616.jpg","width":959,"height":679,"caption":"Source:"},{"@type":"BreadcrumbList","@id":"https:\/\/www.meydan.tv\/az\/article\/prezident-seymur-hezinin-muracietine-de-reaksiya-verecekmi\/#breadcrumb","itemListElement":[{"@type":"ListItem","position":1,"name":"Ana s\u0259hif\u0259","item":"https:\/\/www.meydan.tv\/az\/"},{"@type":"ListItem","position":2,"name":"M\u0259nim Fikrimc\u0259","item":"https:\/\/www.meydan.tv\/az\/section\/menim-fikrimce\/"},{"@type":"ListItem","position":3,"name":"Prezident Seymur H\u0259zinin m\u00fcraci\u0259tin\u0259 d\u0259 reaksiya ver\u0259c\u0259kmi?"}]},{"@type":"WebSite","@id":"https:\/\/www.meydan.tv\/az\/#website","url":"https:\/\/www.meydan.tv\/az\/","name":"MEYDAN.TV","description":"Meydan TV Az\u0259rbaycan\u0131n media m\u0259kan\u0131ndak\u0131 alternativ s\u0259sidir","publisher":{"@id":"https:\/\/www.meydan.tv\/az\/#organization"},"potentialAction":[{"@type":"SearchAction","target":{"@type":"EntryPoint","urlTemplate":"https:\/\/www.meydan.tv\/az\/?s={search_term_string}"},"query-input":{"@type":"PropertyValueSpecification","valueRequired":true,"valueName":"search_term_string"}}],"inLanguage":"az"},{"@type":"Organization","@id":"https:\/\/www.meydan.tv\/az\/#organization","name":"Meydan TV","url":"https:\/\/www.meydan.tv\/az\/","logo":{"@type":"ImageObject","inLanguage":"az","@id":"https:\/\/www.meydan.tv\/az\/#\/schema\/logo\/image\/","url":"https:\/\/www.meydan.tv\/wp-content\/uploads\/2021\/07\/meydan-logo.svg","contentUrl":"https:\/\/www.meydan.tv\/wp-content\/uploads\/2021\/07\/meydan-logo.svg","width":195,"height":46,"caption":"Meydan TV"},"image":{"@id":"https:\/\/www.meydan.tv\/az\/#\/schema\/logo\/image\/"}},{"@type":"Person","@id":"https:\/\/www.meydan.tv\/az\/#\/schema\/person\/10d11eccf6da3662cf5fdab9806ea91a","name":"user-manager"}]}},"_links":{"self":[{"href":"https:\/\/www.meydan.tv\/az\/wp-json\/wp\/v2\/posts\/186498","targetHints":{"allow":["GET"]}}],"collection":[{"href":"https:\/\/www.meydan.tv\/az\/wp-json\/wp\/v2\/posts"}],"about":[{"href":"https:\/\/www.meydan.tv\/az\/wp-json\/wp\/v2\/types\/post"}],"author":[{"embeddable":true,"href":"https:\/\/www.meydan.tv\/az\/wp-json\/wp\/v2\/users\/11"}],"replies":[{"embeddable":true,"href":"https:\/\/www.meydan.tv\/az\/wp-json\/wp\/v2\/comments?post=186498"}],"version-history":[{"count":0,"href":"https:\/\/www.meydan.tv\/az\/wp-json\/wp\/v2\/posts\/186498\/revisions"}],"wp:featuredmedia":[{"embeddable":true,"href":"https:\/\/www.meydan.tv\/az\/wp-json\/wp\/v2\/media\/59548"}],"wp:attachment":[{"href":"https:\/\/www.meydan.tv\/az\/wp-json\/wp\/v2\/media?parent=186498"}],"wp:term":[{"taxonomy":"category","embeddable":true,"href":"https:\/\/www.meydan.tv\/az\/wp-json\/wp\/v2\/categories?post=186498"},{"taxonomy":"post_tag","embeddable":true,"href":"https:\/\/www.meydan.tv\/az\/wp-json\/wp\/v2\/tags?post=186498"}],"curies":[{"name":"wp","href":"https:\/\/api.w.org\/{rel}","templated":true}]}}