{"id":186466,"date":"2017-09-11T23:10:23","date_gmt":"2017-09-11T23:10:23","guid":{"rendered":"https:\/\/www.meydan.tv\/article\/inqilabci-soros-haqqinda-efsane\/"},"modified":"2017-09-11T23:10:23","modified_gmt":"2017-09-11T23:10:23","slug":"inqilabci-soros-haqqinda-efsane","status":"publish","type":"post","link":"https:\/\/www.meydan.tv\/az\/article\/inqilabci-soros-haqqinda-efsane\/","title":{"rendered":"\u0130nqilab\u00e7\u0131 Soros haqq\u0131nda \u0259fsan\u0259"},"content":{"rendered":"<p>\n  \u00d6lk\u0259mizd\u0259 n\u00f6vb\u0259ti xo\u015fag\u0259lm\u0259z, \u00fcr\u0259kbuland\u0131ran v\u0259 \u0259tt\u00f6k\u0259n \u0259hvalat ba\u015f verib. M\u0259n Mehman \u018fliyevin h\u0259bsini demir\u0259m, bu, h\u0259bs art\u0131q m\u00fcti \u015f\u0259kild\u0259 \u0259vv\u0259lki zorak\u0131l\u0131qlar\u0131n c\u0259rg\u0259sin\u0259 d\u00fcz\u00fcl\u00fcb v\u0259 aktuall\u0131\u011f\u0131n\u0131 itirib.\n<\/p>\n<p>\n  Y\u00fcz siyasi m\u0259hbus var idi, oldu y\u00fcz bir, n\u0259 d\u0259yi\u015fdi ki? \u00d6z\u00fc d\u0259 Az\u0259rbaycanda siyasi motivli h\u0259bsl\u0259r milli hakimiyy\u0259tin sevimli idman n\u00f6v\u00fcd\u00fcr. Mehman b\u0259y sad\u0259c\u0259 o biri siyasi m\u0259hbuslara nisb\u0259t\u0259n daha m\u00f6t\u0259dil v\u0259 t\u0259mkinli birisidir. Bu iki xalq\u0131m\u0131zda nadir v\u0259 m\u00fcsb\u0259t x\u00fcsusiyy\u0259t, hadis\u0259l\u0259rin g\u00f6st\u0259rdiyi kimi, he\u00e7 k\u0259s\u0259 t\u0259hl\u00fck\u0259sizlik z\u0259man\u0259ti ver\u0259 bilm\u0259z.\n<\/p>\n<p>\n  M\u0259n ara\u015fd\u0131rma\u00e7\u0131 Q\u0259rb jurnalistl\u0259rinin bizim a\u011f\u0131ll\u0131 v\u0259 m\u00fcdrik r\u0259hb\u0259rl\u0259rimizin i\u015fl\u0259tdiyi \u201cPulyuyan ma\u015f\u0131n\u201dla ba\u011fl\u0131 yazd\u0131qlar\u0131 hesabat\u0131n do\u011furdu\u011fu qalmaqal\u0131 n\u0259z\u0259rd\u0259 tuturam.\n<\/p>\n<p>\n  Qalmaqal dey\u0259nd\u0259 ki, arif adam \u00fc\u00e7\u00fcn burada he\u00e7 bir m\u0259nfi m\u0259na yoxdur. \u018fr\u0259b\u015f\u00fcnas kimi qullu\u011funuza \u0259rz edim ki, qalmaqal s\u00f6z\u00fc \u0259r\u0259b m\u0259n\u015f\u0259lidir, \u201cqal\u0259 m\u0259 qal\u0259\u201d, y\u0259ni \u201cdediyini dedi\u201d istilah\u0131ndan g\u00f6t\u00fcr\u00fcl\u00fcb.\n<\/p>\n<p>\n  Dedi d\u0259, n\u0259 olar, onlar dedi, bizimkil\u0259r d\u0259 dedi v\u0259 dey\u0259c\u0259k!\n<\/p>\n<p>\n  Qald\u0131 m\u0259tl\u0259b\u0259, ay\u0131b olsun Q\u0259rb jurnalistl\u0259rin\u0259! Haram olsun onlara yedikl\u0259ri \u00e7\u00f6r\u0259k, ald\u0131qlar\u0131 maa\u015f! N\u0259 vaxta q\u0259d\u0259r onlar k\u00fclli-\u0259hli-Az\u0259rbaycan\u0131n \u00e7oxdan bildiyi m\u0259tl\u0259bl\u0259ri \u00f6z d\u0259rin ara\u015fd\u0131rmalar\u0131n\u0131n n\u0259tic\u0259si kimi bix\u0259b\u0259r Q\u0259rb \u0259hlin\u0259 s\u0131r\u0131yacaqlar? Ax\u0131 Az\u0259rbaycanda kim bilmir ki, Q\u0259rbd\u0259n \u00e7apa-\u00e7apa g\u0259lib Az\u0259rbaycan hakimiyy\u0259tinin analoqu olmayan nailiyy\u0259tl\u0259rini t\u0259rifl\u0259y\u0259n diplomat, deputat, politoloq v\u0259 d\u00f6vl\u0259t xadiml\u0259ri bizimkil\u0259rd\u0259n ald\u0131qlar\u0131 halal maa\u015f\u0131, x\u0259l\u0259ti v\u0259 \u0259nam\u0131 yumaqla m\u0259\u015f\u011fuldurlar? Ham\u0131 bilir.\n<\/p>\n<p>\n  Bilm\u0259y\u0259n t\u0259k-t\u00fck adam y\u0259qin ki, Zamin Hac\u0131n\u0131n t\u0259n\u0259li-kinay\u0259li yaz\u0131lar\u0131n\u0131 oxumay\u0131b. Oxusayd\u0131, o da bil\u0259rdi.\n<\/p>\n<p>\n  H\u0259tta bizimkil\u0259r bilm\u0259s\u0259 d\u0259, \u201cANB\u201d, AB\u015e-\u0131n elektron k\u0259\u015ffiyyat idar\u0259si, bunlar\u0131n ham\u0131s\u0131n\u0131 bilir. Ax\u0131 bu idar\u0259 Yer k\u00fcr\u0259sini el\u0259 bir elektron tora b\u0259l\u0259yib ki, d\u00fcnyada onun x\u0259b\u0259ri olmayan bir telefon dan\u0131\u015f\u0131\u011f\u0131, bir pul k\u00f6\u00e7\u00fcrm\u0259si bel\u0259 h\u0259yata ke\u00e7\u0259 bilm\u0259z.\n<\/p>\n<p>\n  T\u0259s\u0259vv\u00fcr\u00fcn\u00fcz\u0259 g\u0259tirin ki, Bak\u0131da \u00e7oxm\u0259rt\u0259b\u0259li ev tikilir, f\u0259hl\u0259 Tofiq mobil telefonla 16-c\u0131 m\u0259rt\u0259b\u0259d\u0259 i\u015fl\u0259y\u0259n h\u0259mkar\u0131ndan soru\u015fur: \u201cQ\u0131lman, ay \u00f6k\u00fcz, niy\u0259 demirs\u0259n ne\u00e7\u0259 da\u015f y\u00fckl\u0259yim?\u201d B\u0259li, ANB bunu h\u0259min anda qeyd\u0259 al\u0131r, m\u00fck\u0259mm\u0259l komp\u00fcter t\u0259hlilind\u0259n ke\u00e7irir v\u0259 \u201cspam\u201d kimi at\u0131r zibil ye\u015fiyin\u0259. Lakin Tofiq mobil rabit\u0259 il\u0259 soru\u015fsa ki, \u201cM\u00f6ht\u0259r\u0259m Q\u0131lman b\u0259y, sizin sifari\u015f etdiyiniz \u0259man\u0259td\u0259 ne\u00e7\u0259 da\u015f n\u0259z\u0259rd\u0259 tuturdunuz?\u201d, onda komp\u00fcter bu m\u0259lumat\u0131 d\u0259rhal daha d\u0259rin v\u0259 m\u00fck\u0259mm\u0259l t\u0259hlil \u00fc\u00e7\u00fcn \u00f6t\u00fcr\u0259c\u0259kdi g\u00fccl\u00fc m\u00fct\u0259x\u0259ssis qrupuna v\u0259 onlar d\u0259rin d\u00fc\u015f\u00fcnc\u0259l\u0259r\u0259 dalacaqd\u0131. Zira onlar \u201cda\u015f\u201d s\u00f6z\u00fcn\u00fcn dinamit v\u0259 ya qeksogenin sinonimi olmamas\u0131na z\u0259man\u0259t verm\u0259lidirl\u0259r.\n<\/p>\n<p>\n  Bir bankdan ba\u015fqa banka k\u00f6\u00e7\u00fcr\u00fcl\u0259n v\u0259 miqdar\u0131 3 min dollar\u0131 ke\u00e7\u0259n ist\u0259nil\u0259n \u0259m\u0259liyyat ANB-d\u0259 t\u0259hlil qrupuna g\u00f6nd\u0259rilir. D\u00fcnyan\u0131n b\u00fct\u00fcn banklar\u0131 AB\u015e-dan qorxur v\u0259 onun ist\u0259nil\u0259n sor\u011fusuna d\u0259rhal cavab verirl\u0259r. Odur ki, AB\u015e r\u0259hb\u0259rliyi \u00e7ox g\u00f6z\u0259l bilir, \u00fc\u00e7\u00fcnc\u00fc d\u00fcnya \u00f6lk\u0259l\u0259rinin r\u0259hb\u0259rl\u0259ri \u00f6z m\u0259zlum v\u0259 cahil xalqlar\u0131ndan n\u0259 q\u0259d\u0259r \u00e7\u0131rp\u0131\u015fd\u0131r\u0131b hara d\u00fcrt\u00fc\u015fd\u00fcr\u00fcbl\u0259r.\n<\/p>\n<p>\n  Bilir, lakin demir. Niy\u0259 d\u0259 desin? \u018fvv\u0259la, \u00e7\u0131rp\u0131\u015fd\u0131r\u0131lan pullar\u0131n d\u00fcrt\u00fc\u015fd\u00fcr\u00fcld\u00fcy\u00fc yer ad\u0259t\u0259n Q\u0259rbin maliyy\u0259 sistemidir. Bu pullar Q\u0259rb banklar\u0131na oturandan sonra ba\u015flay\u0131rlar Q\u0259rbin xeyrin\u0259 i\u015fl\u0259m\u0259y\u0259. AB\u015e d\u0259lidir \u00f6z xeyrind\u0259n imtina etsin? D\u0259li deyil, ona g\u00f6r\u0259 bilir, lakin demir.\n<\/p>\n<p>\n  \u0130kincisi, bu pullar orada yatanda \u0259m\u0259li olaraq onlar\u0131n sahibi Q\u0259rb olur, b\u0259d\u0259-b\u0259d ayaqda onlar\u0131 \u201c\u00e7irki pul\u201d adland\u0131r\u0131b m\u00fcsadir\u0259 etm\u0259k da, dondurmaq da olur. Nec\u0259 ki, Liviyan\u0131n 230 milyard dollar\u0131n\u0131 m\u00fcsadir\u0259 etdil\u0259r, \u0130ran\u0131n 100 milyard dollar\u0131n\u0131 30 il \u201cdondurub\u201d f\u0131rlatd\u0131lar.\n<\/p>\n<p>\n  S\u00f6z\u00fcm\u00fcn can\u0131 bu deyil. Bu, birinci maliyy\u0259 qalmaqal\u0131 deyil, sonuncu da olmayacaq. Nizami G\u0259nc\u0259vinin bayqu\u015fu demi\u015fk\u0259n, \u201cn\u0259 q\u0259d\u0259r ki, bu pad\u015fah t\u0259xtd\u0259 \u0259yl\u0259\u015fib, s\u0259n\u0259 cehiz kimi ne\u00e7\u0259 x\u0259rab\u0259 des\u0259n, ver\u0259r\u0259m\u201d. M\u0259ni yand\u0131ran dostumuz v\u0259 qarda\u015f\u0131m\u0131z Corc Sorosun ad\u0131n\u0131n nahaq yer\u0259 \u00e7\u0259kilm\u0259sidir.\n<\/p>\n<p>\n  A ki\u015fil\u0259r, n\u0259 tez yad\u0131n\u0131zdan \u00e7\u0131xd\u0131? 1990-lar\u0131n sonu, 2000-l\u0259rin \u0259vv\u0259li, Corc m\u00fc\u0259llim Bak\u0131ya g\u0259l\u0259nd\u0259 v\u0259 Ulu \u00d6nd\u0259r v\u0259 onun ingilisdilli o\u011flu il\u0259 p\u00fcnhan g\u00f6r\u00fc\u015fl\u0259r ke\u00e7ir\u0259nd\u0259, niy\u0259 a\u011fl\u0131n\u0131za g\u0259lmirdi ki, Soros maliyy\u0259 f\u0131r\u0131lda\u011f\u00e7\u0131s\u0131d\u0131r?\n<\/p>\n<p>\n  Niy\u0259 demirdiniz ki, Soros erm\u0259nil\u0259r\u0259 i\u015fl\u0259yir?\n<\/p>\n<p>\n  Bilir\u0259m niy\u0259 demirdiniz. Des\u0259ydiniz, Ulu \u00d6nd\u0259r siz\u0259 el\u0259 bir qulaqburmas\u0131 ver\u0259rdi ki, qula\u011f\u0131n\u0131z \u015fi\u015fib Ordubad k\u00fcft\u0259si boyda olard\u0131.\n<\/p>\n<p>\n  El\u0259 bizim ingilisdilli prezidentimiz h\u0259r il Davos sammitin\u0259 ged\u0259nd\u0259, kiminl\u0259 m\u00fctl\u0259q g\u00f6r\u00fc\u015f\u00fcr? Kiminl\u0259? Bizim bu Corc m\u00fc\u0259lliml\u0259!\n<\/p>\n<p>\n  N\u0259d\u0259n dan\u0131\u015f\u0131rlar? T\u0259bii ki, maliyy\u0259 m\u0259s\u0259l\u0259l\u0259rind\u0259n. \u0130ndi mister Sorosa qara yaxmaq ist\u0259y\u0259nl\u0259rd\u0259n m\u0259n soru\u015furam ki, \u0130lham m\u00fc\u0259llim kiminl\u0259 g\u00f6r\u00fc\u015fd\u00fcy\u00fcn\u00fc bilmir? Yoxsa sizd\u0259n icaz\u0259 almal\u0131d\u0131r?\n<\/p>\n<p>\n  B\u0259li, maliyy\u0259 m\u0259s\u0259l\u0259l\u0259rinin iki m\u00fck\u0259mm\u0259l bilicisi p\u00fcnhan g\u00f6r\u00fc\u015f\u00fcb cox inc\u0259 v\u0259 h\u0259ssas m\u0259tl\u0259bl\u0259ri m\u00fczakir\u0259 edirl\u0259r.\n<\/p>\n<p>\n  V\u0259 bu m\u0259tl\u0259bl\u0259r aras\u0131nda, sizi inand\u0131r\u0131m ki, erm\u0259ni m\u0259s\u0259l\u0259si yoxdur v\u0259 ola da bilm\u0259z. S\u0131rf maliyy\u0259 m\u0259s\u0259l\u0259l\u0259ri!\n<\/p>\n<p>\n  Ke\u00e7\u0259k c\u0259nab Sorosun inqilab\u00e7\u0131l\u0131\u011f\u0131na, daha do\u011frusu, r\u0259ngb\u0259r\u0259ng inqilablar\u0131n t\u0259\u015fkilind\u0259ki xidm\u0259tl\u0259rin\u0259. A\u00e7\u0131q dem\u0259k laz\u0131md\u0131r ki, Corc Sorosu onun inqilab\u00e7\u0131l\u0131\u011f\u0131 bar\u0259d\u0259 deyil\u0259n v\u0259 yaz\u0131lan \u0259fsan\u0259l\u0259r \u00e7ox xo\u015fb\u0259xt edir.\n<\/p>\n<p>\n  T\u0259s\u0259vv\u00fcr\u00fcn\u00fcz\u0259 g\u0259tirin ki, ham\u0131 boks \u00fczr\u0259 s\u0131ravi SSR\u0130 idman ustas\u0131n\u0131 g\u00f6st\u0259rib deyir ki, \u201cBu c\u00fcll\u00fct Mayk Taysonu d\u00f6ym\u00fc\u015fd\u00fc\u201d. C\u00fcll\u00fct n\u0259 ed\u0259r? Ham\u0131ya q\u0131\u015fq\u0131rar ki, \u201cM\u0259n \u00f6mr\u00fcmd\u0259 Mayk Taysonun \u00fcz\u00fcn\u00fc g\u00f6rm\u0259mi\u015f\u0259m\u201d? Yoxsa susaraq v\u00fcqarla ham\u0131n\u0131 s\u00fcz\u0259r?\n<\/p>\n<p>\n  Corc Soros m\u0259hz ikinci t\u0259rzi &#8211; h\u0259r\u0259k\u0259t\u0259 \u00fcst\u00fcnl\u00fck verir, zira bu \u0259fsan\u0259 onun \u015f\u0259nini v\u0259 \u015f\u00f6hr\u0259tini art\u0131r\u0131r.\n<\/p>\n<p>\n  \u018fslind\u0259 is\u0259 m\u0259s\u0259l\u0259 n\u0259 yerd\u0259dir? Bunu el\u0259-bel\u0259, a\u011fl\u0131ma g\u0259l\u0259nd\u0259n demir\u0259m, bunlar\u0131 alt\u0131 il Az\u0259rbaycandak\u0131 \u201cA\u00e7\u0131q C\u0259miyy\u0259t (Corc Soros) Fondu\u201dnun \u0130dar\u0259 Hey\u0259tinin \u00fczv\u00fc, o c\u00fcml\u0259d\u0259n, d\u00f6rd il onun s\u0259dri olmu\u015f, \u00fc\u00e7 d\u0259f\u0259 onunla g\u00f6r\u00fc\u015fm\u0259k n\u0259sibini ya\u015fam\u0131\u015f adam kimi s\u00f6yl\u0259yir\u0259m.\n<\/p>\n<p>\n  Corc Soros he\u00e7 yerd\u0259 v\u0259 he\u00e7 zaman inqilab t\u0259\u015fkil etmir. H\u0259r yerd\u0259 v\u0259 h\u0259r zaman inqilab\u0131 c\u0259miyy\u0259tin v\u0259 z\u0259man\u0259n\u0131n t\u0259l\u0259bl\u0259rini n\u0259z\u0259r\u0259 almayan tamahkar v\u0259 k\u00fctbeyin d\u00f6vl\u0259t ba\u015f\u00e7\u0131lar\u0131 t\u0259\u015fkil edirl\u0259r! Soros yox! Zeyna-l-Abidin bin Ali! Soros yox! M\u00fchamm\u0259d Husni Mubar\u0259k! Soros yox! Muammar \u0259l-\u011e\u0259zzafi! Soros yox! Ali Abdallah Salih! Soros yox! B\u0259\u015far \u0259l-\u018fs\u0259d! Soros yox! Eduard \u015eevardnadze! Soros yox! Viktor Yanukovi\u00e7!\n<\/p>\n<p>\n  Bundan sonra da yen\u0259 cox yerd\u0259 xalq v\u0259 ya xalq\u0131n f\u0259al azl\u0131\u011f\u0131 aya\u011fa qalx\u0131b inqilab ets\u0259 v\u0259 e\u015fits\u0259z ki, hans\u0131sa a\u011f\u0131ldan k\u0259m v\u0259 ya yalan\u00e7\u0131 hiyl\u0259g\u0259r inqilab\u0131n g\u00fcnah\u0131n\u0131 y\u0131x\u0131r Corc Sorosun \u00fcst\u00fcn\u0259, inanmay\u0131n!\n<\/p>\n<p>\n  Coros fondlar\u0131n\u0131n f\u0259aliyy\u0259ti tam \u015f\u0259ffafd\u0131r, maliyy\u0259l\u0259\u015fdirdiyi b\u00fct\u00fcn layih\u0259l\u0259rin m\u0259tni v\u0259 b\u00fcdc\u0259si \u0130nternetd\u0259 yaz\u0131l\u0131b, bir q\u0259pik bel\u0259 bank hesab\u0131ndan ke\u00e7m\u0259d\u0259n \u00f6d\u0259nilmir, d\u00f6vl\u0259tin b\u00fct\u00fcn maliyy\u0259 qaydalar\u0131na s\u0259rt riay\u0259t edilir v\u0259 qanunlara tam h\u00f6rm\u0259t edilir.\n<\/p>\n<p>\n  Qanunlara o\u011fru v\u0259 cahil m\u0259murlar riay\u0259t etmirl\u0259r, onlar\u0131n tamah\u0131 v\u0259 c\u0259hal\u0259ti ucbat\u0131ndan q\u0259z\u0259bl\u0259nmi\u015f insanlar cana g\u0259lib k\u00fc\u00e7\u0259l\u0259r\u0259 \u00e7\u0131x\u0131rlar v\u0259 o\u011frular\u0131n v\u0259 m\u00fcst\u0259bidl\u0259rin r\u0259dd olmas\u0131n\u0131 t\u0259l\u0259b edirl\u0259r!\n<\/p>\n<p>\n  Soros xalqa m\u00f6vcud qanunlar \u00e7\u0259r\u00e7iv\u0259sind\u0259 \u015f\u0259ffaf v\u0259 \u0259dal\u0259tli se\u00e7kil\u0259rin ke\u00e7irilm\u0259si qaydalar\u0131n\u0131 \u00f6yr\u0259d\u0259n qeyri-h\u00f6kum\u0259t t\u0259\u015fkilatlar\u0131na pul ay\u0131r\u0131r. Bu, xalq\u0131n mal\u0131n\u0131 bas\u0131b yey\u0259n v\u0259 saxta se\u00e7ki vasit\u0259sil\u0259 hakimiyy\u0259tinin \u00f6mr\u00fcn\u00fc uzadan vicdans\u0131z v\u0259 \u0259li\u0259yri m\u0259murlar \u00fc\u00e7\u00fcn \u00f6l\u00fcmd\u0259n bet\u0259r bir t\u0259hl\u00fck\u0259dir. M\u0259hz buna g\u00f6r\u0259 onlar Sorosu qorxulu bir t\u0259hl\u00fck\u0259 say\u0131rlar.\n<\/p>\n<p>\n  Unudurlar ki, Sorosdan xeyli \u0259vv\u0259l bizim Mirz\u0259 \u018fl\u0259kb\u0259r Sabir demi\u015fdi:\n<\/p>\n<p>\n  Ah! Nec\u0259 kef \u00e7\u0259km\u0259li \u0259yyam idi!\n<\/p>\n<p>\n  Onda ki, \u00f6vladi-v\u0259t\u0259n xam idi!\n<\/p>\n<p>\n  Soros \u00e7al\u0131\u015f\u0131r ki, Sabirin ac\u0131 \u015fikay\u0259tin\u0259 son qoyulsun v\u0259 \u00f6vladi-v\u0259t\u0259n \u00f6z xaml\u0131\u011f\u0131na son qoyub bu b\u0259db\u0259xt \u00f6lk\u0259y\u0259 sahib \u00e7\u0131xs\u0131n.\n<\/p>\n<p>\n  Bunun n\u0259yi pisdir?!\n<\/p>\n<p>\n  <i><br \/>\n    <b><br \/>\n      Yaz\u0131 m\u00fc\u0259llifin fikirl\u0259rini \u0259ks etdirir v\u0259 Meydan TV-nin m\u00f6vqeyi il\u0259 \u00fcst-\u00fcst\u0259 d\u00fc\u015fm\u0259y\u0259 bil\u0259r.<br \/>\n    <\/b><br \/>\n  <\/i><\/p>\n","protected":false},"excerpt":{"rendered":"<p>\u00d6lk\u0259mizd\u0259 n\u00f6vb\u0259ti xo\u015fag\u0259lm\u0259z, \u00fcr\u0259kbuland\u0131ran v\u0259 \u0259tt\u00f6k\u0259n \u0259hvalat ba\u015f verib<\/p>\n","protected":false},"author":11,"featured_media":81375,"comment_status":"closed","ping_status":"open","sticky":false,"template":"","format":"standard","meta":{"_acf_changed":false,"_sitemap_exclude":false,"_sitemap_priority":"","_sitemap_frequency":"","footnotes":""},"categories":[57],"tags":[],"class_list":["post-186466","post","type-post","status-publish","format-standard","has-post-thumbnail","hentry","category-menim-fikrimce","infinite-scroll-item","generate-columns","tablet-grid-50","mobile-grid-100","grid-parent","grid-33","no-featured-image-padding"],"acf":[],"yoast_head":"<!-- This site is optimized with the Yoast SEO plugin v27.5 - https:\/\/yoast.com\/product\/yoast-seo-wordpress\/ -->\n<title>\u0130nqilab\u00e7\u0131 Soros haqq\u0131nda \u0259fsan\u0259 - MEYDAN.TV<\/title>\n<meta name=\"robots\" content=\"index, follow, max-snippet:-1, max-image-preview:large, max-video-preview:-1\" \/>\n<link rel=\"canonical\" href=\"https:\/\/www.meydan.tv\/az\/article\/inqilabci-soros-haqqinda-efsane\/\" \/>\n<meta property=\"og:locale\" content=\"az_AZ\" \/>\n<meta property=\"og:type\" content=\"article\" \/>\n<meta property=\"og:title\" content=\"\u0130nqilab\u00e7\u0131 Soros haqq\u0131nda \u0259fsan\u0259 - MEYDAN.TV\" \/>\n<meta property=\"og:description\" content=\"\u00d6lk\u0259mizd\u0259 n\u00f6vb\u0259ti xo\u015fag\u0259lm\u0259z, \u00fcr\u0259kbuland\u0131ran v\u0259 \u0259tt\u00f6k\u0259n \u0259hvalat ba\u015f verib\" \/>\n<meta property=\"og:url\" content=\"https:\/\/www.meydan.tv\/az\/article\/inqilabci-soros-haqqinda-efsane\/\" \/>\n<meta property=\"og:site_name\" content=\"MEYDAN.TV\" \/>\n<meta property=\"article:published_time\" content=\"2017-09-11T23:10:23+00:00\" \/>\n<meta property=\"og:image\" content=\"https:\/\/www.meydan.tv\/wp-content\/uploads\/31837-1095x821.png\" \/>\n\t<meta property=\"og:image:width\" content=\"1095\" \/>\n\t<meta property=\"og:image:height\" content=\"821\" \/>\n\t<meta property=\"og:image:type\" content=\"image\/png\" \/>\n<meta name=\"author\" content=\"user-manager\" \/>\n<meta name=\"twitter:card\" content=\"summary_large_image\" \/>\n<script type=\"application\/ld+json\" class=\"yoast-schema-graph\">{\"@context\":\"https:\\\/\\\/schema.org\",\"@graph\":[{\"@type\":\"Article\",\"@id\":\"https:\\\/\\\/www.meydan.tv\\\/az\\\/article\\\/inqilabci-soros-haqqinda-efsane\\\/#article\",\"isPartOf\":{\"@id\":\"https:\\\/\\\/www.meydan.tv\\\/az\\\/article\\\/inqilabci-soros-haqqinda-efsane\\\/\"},\"author\":{\"name\":\"user-manager\",\"@id\":\"https:\\\/\\\/www.meydan.tv\\\/az\\\/#\\\/schema\\\/person\\\/10d11eccf6da3662cf5fdab9806ea91a\"},\"headline\":\"\u0130nqilab\u00e7\u0131 Soros haqq\u0131nda \u0259fsan\u0259\",\"datePublished\":\"2017-09-11T23:10:23+00:00\",\"mainEntityOfPage\":{\"@id\":\"https:\\\/\\\/www.meydan.tv\\\/az\\\/article\\\/inqilabci-soros-haqqinda-efsane\\\/\"},\"wordCount\":1740,\"publisher\":{\"@id\":\"https:\\\/\\\/www.meydan.tv\\\/az\\\/#organization\"},\"image\":{\"@id\":\"https:\\\/\\\/www.meydan.tv\\\/az\\\/article\\\/inqilabci-soros-haqqinda-efsane\\\/#primaryimage\"},\"thumbnailUrl\":\"https:\\\/\\\/www.meydan.tv\\\/wp-content\\\/uploads\\\/31837.png\",\"articleSection\":[\"M\u0259nim Fikrimc\u0259\"],\"inLanguage\":\"az\"},{\"@type\":\"WebPage\",\"@id\":\"https:\\\/\\\/www.meydan.tv\\\/az\\\/article\\\/inqilabci-soros-haqqinda-efsane\\\/\",\"url\":\"https:\\\/\\\/www.meydan.tv\\\/az\\\/article\\\/inqilabci-soros-haqqinda-efsane\\\/\",\"name\":\"\u0130nqilab\u00e7\u0131 Soros haqq\u0131nda \u0259fsan\u0259 - MEYDAN.TV\",\"isPartOf\":{\"@id\":\"https:\\\/\\\/www.meydan.tv\\\/az\\\/#website\"},\"primaryImageOfPage\":{\"@id\":\"https:\\\/\\\/www.meydan.tv\\\/az\\\/article\\\/inqilabci-soros-haqqinda-efsane\\\/#primaryimage\"},\"image\":{\"@id\":\"https:\\\/\\\/www.meydan.tv\\\/az\\\/article\\\/inqilabci-soros-haqqinda-efsane\\\/#primaryimage\"},\"thumbnailUrl\":\"https:\\\/\\\/www.meydan.tv\\\/wp-content\\\/uploads\\\/31837.png\",\"datePublished\":\"2017-09-11T23:10:23+00:00\",\"breadcrumb\":{\"@id\":\"https:\\\/\\\/www.meydan.tv\\\/az\\\/article\\\/inqilabci-soros-haqqinda-efsane\\\/#breadcrumb\"},\"inLanguage\":\"az\",\"potentialAction\":[{\"@type\":\"ReadAction\",\"target\":[\"https:\\\/\\\/www.meydan.tv\\\/az\\\/article\\\/inqilabci-soros-haqqinda-efsane\\\/\"]}]},{\"@type\":\"ImageObject\",\"inLanguage\":\"az\",\"@id\":\"https:\\\/\\\/www.meydan.tv\\\/az\\\/article\\\/inqilabci-soros-haqqinda-efsane\\\/#primaryimage\",\"url\":\"https:\\\/\\\/www.meydan.tv\\\/wp-content\\\/uploads\\\/31837.png\",\"contentUrl\":\"https:\\\/\\\/www.meydan.tv\\\/wp-content\\\/uploads\\\/31837.png\",\"width\":2732,\"height\":2048,\"caption\":\"Source:\"},{\"@type\":\"BreadcrumbList\",\"@id\":\"https:\\\/\\\/www.meydan.tv\\\/az\\\/article\\\/inqilabci-soros-haqqinda-efsane\\\/#breadcrumb\",\"itemListElement\":[{\"@type\":\"ListItem\",\"position\":1,\"name\":\"Ana s\u0259hif\u0259\",\"item\":\"https:\\\/\\\/www.meydan.tv\\\/az\\\/\"},{\"@type\":\"ListItem\",\"position\":2,\"name\":\"M\u0259nim Fikrimc\u0259\",\"item\":\"https:\\\/\\\/www.meydan.tv\\\/az\\\/section\\\/menim-fikrimce\\\/\"},{\"@type\":\"ListItem\",\"position\":3,\"name\":\"\u0130nqilab\u00e7\u0131 Soros haqq\u0131nda \u0259fsan\u0259\"}]},{\"@type\":\"WebSite\",\"@id\":\"https:\\\/\\\/www.meydan.tv\\\/az\\\/#website\",\"url\":\"https:\\\/\\\/www.meydan.tv\\\/az\\\/\",\"name\":\"MEYDAN.TV\",\"description\":\"Meydan TV Az\u0259rbaycan\u0131n media m\u0259kan\u0131ndak\u0131 alternativ s\u0259sidir\",\"publisher\":{\"@id\":\"https:\\\/\\\/www.meydan.tv\\\/az\\\/#organization\"},\"potentialAction\":[{\"@type\":\"SearchAction\",\"target\":{\"@type\":\"EntryPoint\",\"urlTemplate\":\"https:\\\/\\\/www.meydan.tv\\\/az\\\/?s={search_term_string}\"},\"query-input\":{\"@type\":\"PropertyValueSpecification\",\"valueRequired\":true,\"valueName\":\"search_term_string\"}}],\"inLanguage\":\"az\"},{\"@type\":\"Organization\",\"@id\":\"https:\\\/\\\/www.meydan.tv\\\/az\\\/#organization\",\"name\":\"Meydan TV\",\"url\":\"https:\\\/\\\/www.meydan.tv\\\/az\\\/\",\"logo\":{\"@type\":\"ImageObject\",\"inLanguage\":\"az\",\"@id\":\"https:\\\/\\\/www.meydan.tv\\\/az\\\/#\\\/schema\\\/logo\\\/image\\\/\",\"url\":\"https:\\\/\\\/www.meydan.tv\\\/wp-content\\\/uploads\\\/2021\\\/07\\\/meydan-logo.svg\",\"contentUrl\":\"https:\\\/\\\/www.meydan.tv\\\/wp-content\\\/uploads\\\/2021\\\/07\\\/meydan-logo.svg\",\"width\":195,\"height\":46,\"caption\":\"Meydan TV\"},\"image\":{\"@id\":\"https:\\\/\\\/www.meydan.tv\\\/az\\\/#\\\/schema\\\/logo\\\/image\\\/\"}},{\"@type\":\"Person\",\"@id\":\"https:\\\/\\\/www.meydan.tv\\\/az\\\/#\\\/schema\\\/person\\\/10d11eccf6da3662cf5fdab9806ea91a\",\"name\":\"user-manager\"}]}<\/script>\n<!-- \/ Yoast SEO plugin. -->","yoast_head_json":{"title":"\u0130nqilab\u00e7\u0131 Soros haqq\u0131nda \u0259fsan\u0259 - MEYDAN.TV","robots":{"index":"index","follow":"follow","max-snippet":"max-snippet:-1","max-image-preview":"max-image-preview:large","max-video-preview":"max-video-preview:-1"},"canonical":"https:\/\/www.meydan.tv\/az\/article\/inqilabci-soros-haqqinda-efsane\/","og_locale":"az_AZ","og_type":"article","og_title":"\u0130nqilab\u00e7\u0131 Soros haqq\u0131nda \u0259fsan\u0259 - MEYDAN.TV","og_description":"\u00d6lk\u0259mizd\u0259 n\u00f6vb\u0259ti xo\u015fag\u0259lm\u0259z, \u00fcr\u0259kbuland\u0131ran v\u0259 \u0259tt\u00f6k\u0259n \u0259hvalat ba\u015f verib","og_url":"https:\/\/www.meydan.tv\/az\/article\/inqilabci-soros-haqqinda-efsane\/","og_site_name":"MEYDAN.TV","article_published_time":"2017-09-11T23:10:23+00:00","og_image":[{"width":1095,"height":821,"url":"https:\/\/www.meydan.tv\/wp-content\/uploads\/31837-1095x821.png","type":"image\/png"}],"author":"user-manager","twitter_card":"summary_large_image","schema":{"@context":"https:\/\/schema.org","@graph":[{"@type":"Article","@id":"https:\/\/www.meydan.tv\/az\/article\/inqilabci-soros-haqqinda-efsane\/#article","isPartOf":{"@id":"https:\/\/www.meydan.tv\/az\/article\/inqilabci-soros-haqqinda-efsane\/"},"author":{"name":"user-manager","@id":"https:\/\/www.meydan.tv\/az\/#\/schema\/person\/10d11eccf6da3662cf5fdab9806ea91a"},"headline":"\u0130nqilab\u00e7\u0131 Soros haqq\u0131nda \u0259fsan\u0259","datePublished":"2017-09-11T23:10:23+00:00","mainEntityOfPage":{"@id":"https:\/\/www.meydan.tv\/az\/article\/inqilabci-soros-haqqinda-efsane\/"},"wordCount":1740,"publisher":{"@id":"https:\/\/www.meydan.tv\/az\/#organization"},"image":{"@id":"https:\/\/www.meydan.tv\/az\/article\/inqilabci-soros-haqqinda-efsane\/#primaryimage"},"thumbnailUrl":"https:\/\/www.meydan.tv\/wp-content\/uploads\/31837.png","articleSection":["M\u0259nim Fikrimc\u0259"],"inLanguage":"az"},{"@type":"WebPage","@id":"https:\/\/www.meydan.tv\/az\/article\/inqilabci-soros-haqqinda-efsane\/","url":"https:\/\/www.meydan.tv\/az\/article\/inqilabci-soros-haqqinda-efsane\/","name":"\u0130nqilab\u00e7\u0131 Soros haqq\u0131nda \u0259fsan\u0259 - MEYDAN.TV","isPartOf":{"@id":"https:\/\/www.meydan.tv\/az\/#website"},"primaryImageOfPage":{"@id":"https:\/\/www.meydan.tv\/az\/article\/inqilabci-soros-haqqinda-efsane\/#primaryimage"},"image":{"@id":"https:\/\/www.meydan.tv\/az\/article\/inqilabci-soros-haqqinda-efsane\/#primaryimage"},"thumbnailUrl":"https:\/\/www.meydan.tv\/wp-content\/uploads\/31837.png","datePublished":"2017-09-11T23:10:23+00:00","breadcrumb":{"@id":"https:\/\/www.meydan.tv\/az\/article\/inqilabci-soros-haqqinda-efsane\/#breadcrumb"},"inLanguage":"az","potentialAction":[{"@type":"ReadAction","target":["https:\/\/www.meydan.tv\/az\/article\/inqilabci-soros-haqqinda-efsane\/"]}]},{"@type":"ImageObject","inLanguage":"az","@id":"https:\/\/www.meydan.tv\/az\/article\/inqilabci-soros-haqqinda-efsane\/#primaryimage","url":"https:\/\/www.meydan.tv\/wp-content\/uploads\/31837.png","contentUrl":"https:\/\/www.meydan.tv\/wp-content\/uploads\/31837.png","width":2732,"height":2048,"caption":"Source:"},{"@type":"BreadcrumbList","@id":"https:\/\/www.meydan.tv\/az\/article\/inqilabci-soros-haqqinda-efsane\/#breadcrumb","itemListElement":[{"@type":"ListItem","position":1,"name":"Ana s\u0259hif\u0259","item":"https:\/\/www.meydan.tv\/az\/"},{"@type":"ListItem","position":2,"name":"M\u0259nim Fikrimc\u0259","item":"https:\/\/www.meydan.tv\/az\/section\/menim-fikrimce\/"},{"@type":"ListItem","position":3,"name":"\u0130nqilab\u00e7\u0131 Soros haqq\u0131nda \u0259fsan\u0259"}]},{"@type":"WebSite","@id":"https:\/\/www.meydan.tv\/az\/#website","url":"https:\/\/www.meydan.tv\/az\/","name":"MEYDAN.TV","description":"Meydan TV Az\u0259rbaycan\u0131n media m\u0259kan\u0131ndak\u0131 alternativ s\u0259sidir","publisher":{"@id":"https:\/\/www.meydan.tv\/az\/#organization"},"potentialAction":[{"@type":"SearchAction","target":{"@type":"EntryPoint","urlTemplate":"https:\/\/www.meydan.tv\/az\/?s={search_term_string}"},"query-input":{"@type":"PropertyValueSpecification","valueRequired":true,"valueName":"search_term_string"}}],"inLanguage":"az"},{"@type":"Organization","@id":"https:\/\/www.meydan.tv\/az\/#organization","name":"Meydan TV","url":"https:\/\/www.meydan.tv\/az\/","logo":{"@type":"ImageObject","inLanguage":"az","@id":"https:\/\/www.meydan.tv\/az\/#\/schema\/logo\/image\/","url":"https:\/\/www.meydan.tv\/wp-content\/uploads\/2021\/07\/meydan-logo.svg","contentUrl":"https:\/\/www.meydan.tv\/wp-content\/uploads\/2021\/07\/meydan-logo.svg","width":195,"height":46,"caption":"Meydan TV"},"image":{"@id":"https:\/\/www.meydan.tv\/az\/#\/schema\/logo\/image\/"}},{"@type":"Person","@id":"https:\/\/www.meydan.tv\/az\/#\/schema\/person\/10d11eccf6da3662cf5fdab9806ea91a","name":"user-manager"}]}},"_links":{"self":[{"href":"https:\/\/www.meydan.tv\/az\/wp-json\/wp\/v2\/posts\/186466","targetHints":{"allow":["GET"]}}],"collection":[{"href":"https:\/\/www.meydan.tv\/az\/wp-json\/wp\/v2\/posts"}],"about":[{"href":"https:\/\/www.meydan.tv\/az\/wp-json\/wp\/v2\/types\/post"}],"author":[{"embeddable":true,"href":"https:\/\/www.meydan.tv\/az\/wp-json\/wp\/v2\/users\/11"}],"replies":[{"embeddable":true,"href":"https:\/\/www.meydan.tv\/az\/wp-json\/wp\/v2\/comments?post=186466"}],"version-history":[{"count":0,"href":"https:\/\/www.meydan.tv\/az\/wp-json\/wp\/v2\/posts\/186466\/revisions"}],"wp:featuredmedia":[{"embeddable":true,"href":"https:\/\/www.meydan.tv\/az\/wp-json\/wp\/v2\/media\/81375"}],"wp:attachment":[{"href":"https:\/\/www.meydan.tv\/az\/wp-json\/wp\/v2\/media?parent=186466"}],"wp:term":[{"taxonomy":"category","embeddable":true,"href":"https:\/\/www.meydan.tv\/az\/wp-json\/wp\/v2\/categories?post=186466"},{"taxonomy":"post_tag","embeddable":true,"href":"https:\/\/www.meydan.tv\/az\/wp-json\/wp\/v2\/tags?post=186466"}],"curies":[{"name":"wp","href":"https:\/\/api.w.org\/{rel}","templated":true}]}}