{"id":186444,"date":"2017-09-09T16:43:51","date_gmt":"2017-09-09T16:43:51","guid":{"rendered":"https:\/\/www.meydan.tv\/article\/ah-avropa-avropa\/"},"modified":"2017-09-09T16:43:51","modified_gmt":"2017-09-09T16:43:51","slug":"ah-avropa-avropa","status":"publish","type":"post","link":"https:\/\/www.meydan.tv\/az\/article\/ah-avropa-avropa\/","title":{"rendered":"Ah, Avropa, Avropa&#8230;"},"content":{"rendered":"<figure class=\"wp-block-image size-large\">\n  <img decoding=\"async\" src=\"https:\/\/www.meydan.tv\/az\/avropa-surasinin-iclasi\/\" alt=\"Avropa \u015euras\u0131n\u0131n iclas\u0131\" class=\"wp-image-91836\"\/><figcaption>\n    Avropa \u015euras\u0131n\u0131n iclas\u0131<br \/>\n  <\/figcaption><\/figure>\n<p>\n  2001-ci ilin yanvar\u0131nda Az\u0259rbaycan Avropa \u015euras\u0131na \u00fczv q\u0259bul edildi. \u00d6lk\u0259nin demokratiya yolu il\u0259 getm\u0259sini arzulayan insanlar \u00fc\u00e7\u00fcn, bu, \u00e7ox \u0259lam\u0259tdar hadis\u0259 idi. Ax\u0131 h\u0259r bir Avropa strukturu kimi Avropa \u015euras\u0131n\u0131n da demokratiya, insan h\u00fcquq v\u0259 azadl\u0131qlar\u0131 il\u0259 ba\u011fl\u0131 standartlar\u0131 var idi v\u0259 \u00fczv d\u00f6vl\u0259tl\u0259r bu standartlara \u0259m\u0259l etm\u0259y\u0259 borclu idil\u0259r. \u00dcst\u0259lik, Az\u0259rbaycan m\u0259hk\u0259m\u0259l\u0259rind\u0259 \u0259dal\u0259t tapmayan v\u0259t\u0259nda\u015flar indi Avropa \u0130nsan Haqlar\u0131 M\u0259hk\u0259m\u0259sin\u0259 m\u00fcraci\u0259t etm\u0259k h\u00fcququ qazan\u0131rd\u0131lar. D\u00fc\u015f\u00fcn\u00fcl\u00fcrd\u00fc ki, bel\u0259 v\u0259ziyy\u0259t hakimiyy\u0259t t\u0259r\u0259find\u0259n n\u0259z\u0259r\u0259 al\u0131nmaya bilm\u0259z v\u0259 \u00f6lk\u0259d\u0259ki m\u0259hk\u0259m\u0259 \u0259dal\u0259tsizlikl\u0259ri xeyli azalacaq.\n<\/p>\n<p>\n  Standartlar\u0131n ilk m\u0259hsulunu h\u0259l\u0259 1999-cu ild\u0259 dadm\u0131\u015fd\u0131q. S\u00f6hb\u0259t b\u0259l\u0259diyy\u0259l\u0259rd\u0259n gedir. Se\u00e7kil\u0259r total \u015f\u0259kild\u0259 saxtala\u015fd\u0131r\u0131lm\u0131\u015fd\u0131, m\u00fcxalif\u0259t b\u0259l\u0259diyy\u0259l\u0259rin az qismind\u0259 v\u0259 onlar\u0131n f\u0259aliyy\u0259tin\u0259 t\u0259sir g\u00f6st\u0259rm\u0259y\u0259c\u0259k \u015f\u0259kild\u0259 t\u0259msil olunmu\u015fdu. \u00dcst\u0259lik b\u0259l\u0259diyy\u0259l\u0259rin s\u0259lahiyy\u0259tl\u0259ri d\u0259 \u00e7ox m\u0259hdud idi v\u0259 icra hakimiyy\u0259tl\u0259rinin \u015f\u00f6b\u0259sini xat\u0131rlad\u0131rd\u0131lar. Lakin bu y\u00f6nd\u0259 d\u0259 nikbinlik hakim idi. Ax\u0131 h\u0259l\u0259 Avropa \u015euras\u0131na \u00fczv olmam\u0131\u015fd\u0131q. G\u0259l\u0259c\u0259k se\u00e7kil\u0259r art\u0131q bu \u015f\u0259kild\u0259 ke\u00e7iril\u0259 bilm\u0259zdi, b\u0259l\u0259diyy\u0259l\u0259rin s\u0259lahiyy\u0259tl\u0259ri bu q\u0259d\u0259r q\u0131s\u0131r qala bilm\u0259zdi.\n<\/p>\n<p>\n  Avropa \u015euras\u0131na \u00fczvl\u00fck \u0259r\u0259f\u0259sind\u0259, 2000-ci ilin noyabr\u0131nda proporsional v\u0259 majoritar sisteml\u0259r \u00fczr\u0259 parlament se\u00e7kil\u0259ri ke\u00e7irildi. Bu se\u00e7kil\u0259rd\u0259 d\u0259 total saxtakarl\u0131q m\u00fc\u015fahid\u0259 edildi. X\u00fcsus\u0259n proporsional sistemd\u0259 m\u0259hdudiyy\u0259t h\u0259ddini ke\u00e7mi\u015f partiyalar parlamentd\u0259n k\u0259narda saxlan\u0131ld\u0131, s\u0259s toplamayan partiyalar is\u0259 parlament\u0259 burax\u0131ld\u0131. Lakin bu hal Az\u0259rbaycan\u0131n A\u015e-a q\u0259bul edilm\u0259sin\u0259 mane olmad\u0131. D\u00fc\u015f\u00fcnd\u00fck ki, Avropa Az\u0259rbaycan\u0131 k\u0259narda saxlamaqdansa, \u00f6z daxilind\u0259 islah etm\u0259y\u0259 \u00fcst\u00fcnl\u00fck verir.\n<\/p>\n<p>\n  Lakin \u00fcmidl\u0259r lap \u0259vv\u0259ld\u0259n do\u011frulmad\u0131. Avropa \u015euras\u0131na daxil olduqdan sonra ilk \u0259h\u0259miyy\u0259tli hadis\u0259 2002-ci ild\u0259 ke\u00e7iril\u0259n referendum oldu. Referendumda Konstitusiyaya bir s\u0131ra d\u0259yi\u015fiklikl\u0259rin edilm\u0259si n\u0259z\u0259rd\u0259 tutulsa da, diqq\u0259ti \u00e7\u0259k\u0259n iki \u0259sas m\u0259s\u0259l\u0259 vard\u0131. Bunlardan biri prezidentin \u00f6z v\u0259zif\u0259sini icra ed\u0259 bilm\u0259dikd\u0259 s\u0259lahiyy\u0259tl\u0259rinin ba\u015f nazir\u0259 ke\u00e7m\u0259si, dig\u0259ri is\u0259 proporsional se\u00e7ki sisteminin l\u0259\u011fvi idi.\n<\/p>\n<p>\n  Az\u0259rbaycan reall\u0131qlar\u0131nda d\u0259yi\u015fiklikl\u0259rin he\u00e7 d\u0259 demokratik xarakter da\u015f\u0131mad\u0131\u011f\u0131, s\u00fclal\u0259 hakimiyy\u0259tin\u0259 v\u0259 parlament se\u00e7kil\u0259rinin saxtala\u015fd\u0131r\u0131lmas\u0131n\u0131 asanla\u015fd\u0131rma\u011fa yol a\u00e7aca\u011f\u0131 \u015f\u00fcbh\u0259 do\u011furmurdu. Lakin \u00f6zl\u00fcy\u00fcnd\u0259 n\u0259 s\u0259lahiyy\u0259tl\u0259rin ba\u015f nazir\u0259 ke\u00e7m\u0259sinin, n\u0259 d\u0259 se\u00e7kil\u0259rin yaln\u0131z majoritar sisteml\u0259 ke\u00e7irilm\u0259sinin Avropa standartlar\u0131na zidd oldu\u011funu s\u00f6yl\u0259m\u0259k olmazd\u0131.\n<\/p>\n<p>\n  Referendumun ke\u00e7irilm\u0259si formas\u0131, s\u0259sverm\u0259nin \u00f6z\u00fc haqq\u0131nda is\u0259 bunu s\u00f6yl\u0259m\u0259k qeyri-m\u00fcmk\u00fcn idi. K\u00fctl\u0259vi saxtakarl\u0131q, b\u00fclletenl\u0259rin topa il\u0259 at\u0131lmas\u0131, karusel, inzibati resurslardan istifad\u0259, m\u00fcxalif komissiya \u00fczvl\u0259rin\u0259 v\u0259 m\u00fc\u015fahid\u0259\u00e7il\u0259r\u0259 t\u0259zyiq v\u0259 dig\u0259r pozuntular b\u00fct\u00fcn m\u0259nt\u0259q\u0259l\u0259rd\u0259 m\u00fc\u015fahid\u0259 edilirdi. 39 d\u0259yi\u015fikliyin 8 sualla \u00fcmumil\u0259\u015fdirildiyi referendumda se\u00e7icil\u0259rin guya 96-97%-nin bu suallara \u201ch\u0259\u201d dediyi iddia olundu. Bu qeyri-real n\u0259tic\u0259l\u0259r\u0259 v\u0259 pozuntulara baxmayaraq, Avropadan adekvat reaksiya g\u0259lm\u0259di.\n<\/p>\n<p>\n  Daha sonra 2003-c\u00fc ilin prezident se\u00e7kil\u0259ri oldu. Bu d\u0259f\u0259 xeyli pozuntu art\u0131q t\u0259bli\u011fat kampaniyas\u0131 d\u00f6vr\u00fcnd\u0259 ba\u015flad\u0131. \u018fsas m\u00fcxalif namiz\u0259d olan \u0130sa Q\u0259mb\u0259rin \u00f6lk\u0259 daxilind\u0259 h\u0259r\u0259k\u0259tin\u0259, se\u00e7icil\u0259rl\u0259 g\u00f6r\u00fc\u015fl\u0259rin\u0259 xeyli mane\u0259l\u0259r yarad\u0131ld\u0131. G\u00f6r\u00fc\u015f ke\u00e7iril\u0259n \u015f\u0259h\u0259rl\u0259r m\u00fchasir\u0259 v\u0259ziyy\u0259tin\u0259 d\u00fc\u015f\u00fcrd\u00fc, giri\u015f-\u00e7\u0131x\u0131\u015f qapad\u0131l\u0131rd\u0131. S\u0259sverm\u0259 g\u00fcn\u00fc ba\u015f ver\u0259n pozuntular is\u0259 \u0259vv\u0259lki s\u0259sverm\u0259l\u0259rd\u0259n qat-qat k\u00fctl\u0259vi xarakter alm\u0131\u015fd\u0131. Bir s\u00f6zl\u0259, hakimiyy\u0259tin atadan o\u011fula ke\u00e7m\u0259si \u00fc\u00e7\u00fcn laz\u0131m olan b\u00fct\u00fcn vasit\u0259l\u0259r\u0259 \u0259l at\u0131lm\u0131\u015fd\u0131. Prosesi se\u00e7ki adland\u0131rma\u011f\u0131n \u00f6z\u00fc bel\u0259 m\u00fcmk\u00fcns\u00fcz idi. Saxtakarl\u0131qlara qar\u015f\u0131 M\u00fcsavat Partiyas\u0131 \u00fczvl\u0259rinin v\u0259 t\u0259r\u0259fdarlar\u0131n\u0131n etirazlar\u0131 is\u0259 x\u00fcsusi q\u0259ddarl\u0131qla yat\u0131r\u0131ld\u0131.\n<\/p>\n<p>\n  Lakin AT\u018fT-in vitse-prezidenti Covanni Kessler \u201cse\u00e7kil\u0259r Az\u0259rbaycan\u0131n demokratiyan\u0131 t\u0259kmill\u0259\u015fdirm\u0259k, demokratik isntitutlar\u0131 v\u0259 qanunverici bazan\u0131 m\u00f6hk\u0259ml\u0259ndirm\u0259k yolunda nailiyy\u0259tl\u0259rini \u0259yani g\u00f6st\u0259rdi\u201d, s\u00f6yl\u0259m\u0259kl\u0259 ham\u0131n\u0131 \u015foka sald\u0131. O q\u0259d\u0259r ki, h\u0259tta AT\u018fT m\u00fc\u015fahid\u0259\u00e7il\u0259rinin 1\/3 hiss\u0259si real v\u0259ziyy\u0259t\u0259 yax\u0131n olan x\u00fcsusi r\u0259yl\u0259 \u00e7\u0131x\u0131\u015f etdil\u0259r.\n<\/p>\n<p>\n  2005-ci ilin parlament se\u00e7kil\u0259ri is\u0259 Az\u0259rbaycan\u0131n demokratik came\u0259sini indiy\u0259 q\u0259d\u0259r \u00e7\u0131xa bilm\u0259diyi b\u00f6hrana yuvarladan son a\u011f\u0131r z\u0259rb\u0259 oldu. M\u00fcxalif \u201cAzadl\u0131q\u201d blokunun faktiki q\u0259l\u0259b\u0259si \u0259lind\u0259n al\u0131nd\u0131. 10 se\u00e7ki dair\u0259sind\u0259, el\u0259c\u0259 d\u0259 AXCP s\u0259dri \u018fli K\u0259rimlinin, M\u00fcsavat Partiyas\u0131n\u0131n liderl\u0259rind\u0259n Arif Hac\u0131l\u0131n\u0131n qalib g\u0259ldiyi dair\u0259l\u0259rd\u0259 n\u0259tic\u0259l\u0259rin l\u0259\u011fvi is\u0259 AB\u015e s\u0259firi Rino Harni\u015f t\u0259r\u0259find\u0259n m\u00fcsb\u0259t tendensiya (!) kimi qiym\u0259tl\u0259ndirildi.\n<\/p>\n<p>\n  2005-ci il se\u00e7kil\u0259ri Az\u0259rbaycan siyasi tarixind\u0259 x\u00fcsusi yer tutur. Bu se\u00e7kil\u0259rd\u0259n sonra insanlar\u0131n b\u00f6y\u00fck \u0259ks\u0259riyy\u0259tind\u0259 m\u00f6vcud iqtidar\u0131n tezlikl\u0259 devril\u0259c\u0259yin\u0259, el\u0259c\u0259 d\u0259 Avropa strukturlar\u0131na v\u0259 d\u0259y\u0259rl\u0259rin\u0259 inam k\u00f6kl\u00fc sur\u0259td\u0259 sars\u0131ld\u0131. N\u0259tic\u0259d\u0259 avrointeqrasiya t\u0259r\u0259fdar\u0131 olan m\u00fcxalif\u0259t xeyli z\u0259ifl\u0259di, siyasi \u0130slam meyll\u0259ri ortaya \u00e7\u0131xd\u0131 v\u0259 getdikc\u0259 daha \u00e7ox t\u0259r\u0259fdar toplama\u011fa ba\u015flad\u0131. Beyn\u0259lxalq arenada \u00f6z\u00fcn\u00fc sekulyarizmin yegan\u0259 qarant\u0131 kimi q\u0259l\u0259m\u0259 verm\u0259kd\u0259 maraql\u0131 olan hakimiyy\u0259t d\u0259 bu proses\u0259 m\u00fcxt\u0259lif \u00fcsullarla s\u00fcni n\u0259f\u0259s verdi.\n<\/p>\n<p>\n  N\u0259tic\u0259d\u0259 demokratik d\u00fc\u015f\u0259rg\u0259nin b\u00fct\u00fcn c\u0259hdl\u0259rin\u0259 baxmayaraq, sonrak\u0131 se\u00e7kil\u0259rd\u0259 v\u0259 referendumlarda n\u0259inki qalib g\u0259lm\u0259k, h\u0259tta \u0259vv\u0259lki s\u0259viyy\u0259d\u0259 m\u00fcqavim\u0259t g\u00f6st\u0259rm\u0259k m\u00fcmk\u00fcn olmad\u0131. Bel\u0259 bir v\u0259ziyy\u0259tin yaranmas\u0131nda da Avropa, \u00fcmumiyy\u0259tl\u0259, Q\u0259rb \u00e7ox ciddi rol oynad\u0131.\n<\/p>\n<p>\n  D\u00fczd\u00fcr, Avropan\u0131n b\u0259zi n\u00fcmay\u0259nd\u0259l\u0259ri \u00f6z d\u0259y\u0259rl\u0259rin\u0259 sadiqlikl\u0259rini g\u00f6st\u0259rirdil\u0259r. 2003-c\u00fc il se\u00e7kil\u0259rind\u0259 AT\u018fT-in m\u00fc\u015fahid\u0259 missiyas\u0131n\u0131n r\u0259hb\u0259ri Piter Ayker, Norve\u00e7 s\u0259firi Steynar Gil kimi. Bu x\u00fcsusda A\u015e PA-n\u0131n Az\u0259rbaycan \u00fczr\u0259 h\u0259mm\u0259ruz\u0259\u00e7il\u0259ri Andreas Qross v\u0259 Andres Herkelin bir ne\u00e7\u0259 il davam ed\u0259n f\u0259aliyy\u0259tl\u0259rini x\u00fcsusi qeyd etm\u0259k laz\u0131md\u0131r. Onlar\u0131n Az\u0259rbaycana h\u0259r g\u0259li\u015fi m\u00fch\u00fcm siyasi hadis\u0259y\u0259 \u00e7evrilirdi. Az\u0259rbaycan iqtidar\u0131 is\u0259 bu 2 \u015f\u0259xs\u0259 \u00f6z\u00fcn\u00fcn siyasi opponentl\u0259ri q\u0259d\u0259r nifr\u0259t edirdi.\n<\/p>\n<p>\n  Lakin get-ged\u0259 durum daha da pisl\u0259\u015fdi. Art\u0131q n\u0259 m\u00fc\u015fahid\u0259\u00e7il\u0259r aras\u0131nda Ayker tapmaq olurdu, n\u0259 s\u0259firl\u0259r aras\u0131nda Gil. H\u0259mm\u0259ruz\u0259\u00e7il\u0259rd\u0259n is\u0259 he\u00e7 dan\u0131\u015fma\u011fa d\u0259ym\u0259zdi. \u018fg\u0259r Qross v\u0259 Herkelin iqtidar n\u00fcmay\u0259nd\u0259l\u0259ri il\u0259 g\u00f6r\u00fc\u015fl\u0259rind\u0259 g\u0259rginlik ya\u015fan\u0131r v\u0259 s\u0259s tonu y\u00fcks\u0259lirdis\u0259, indi Pedro Aqramunt kimi h\u0259mm\u0259ruz\u0259\u00e7i il\u0259 m\u00fcxalif\u0259tin g\u00f6r\u00fc\u015f\u00fcnd\u0259 eyni hal ba\u015f verirdi. \u0130\u015f h\u0259tta o yer\u0259 \u00e7atd\u0131 ki, m\u00fcxalif t\u0259\u015fkilatlar\u0131n n\u00fcmay\u0259nd\u0259l\u0259ri A\u015e PA h\u0259mm\u0259ruz\u0259\u00e7il\u0259ri il\u0259 g\u00f6r\u00fc\u015fl\u0259ri boykot etm\u0259y\u0259 ba\u015flad\u0131lar.\n<\/p>\n<p>\n  K\u00fclli miqdarda neft pullar\u0131n\u0131n ax\u0131n\u0131 il\u0259 Az\u0259rbaycan iqtidar\u0131n\u0131n Avropa strukturlar\u0131 il\u0259 \u0259laq\u0259l\u0259ri t\u0259dric\u0259n \u201ck\u00fcr\u00fc diplomatiyas\u0131\u201d ad\u0131n\u0131 alma\u011fa ba\u015flad\u0131. \u201cAvropa sabitlik t\u0259\u015f\u0259bb\u00fcs\u00fc\u201d adl\u0131 t\u0259\u015fkilat\u0131n 2012-ci ild\u0259 yay\u0131lan hesabat\u0131nda Avropa \u015euras\u0131 v\u0259 Avropa Birliyi m\u0259murlar\u0131n\u0131n, Avropa parlamenti deputatlar\u0131n\u0131n Az\u0259rbaycan hakimiyy\u0259ti t\u0259r\u0259find\u0259n n\u0259 zaman, n\u0259y\u0259 g\u00f6r\u0259 v\u0259 nec\u0259 bahal\u0131 h\u0259diyy\u0259l\u0259rl\u0259 m\u00fckafatland\u0131r\u0131lmas\u0131 \u0259ks olunurdu. K\u00fcr\u00fc diplomatiyas\u0131n\u0131n h\u0259tta AB\u015e konqresmenl\u0259rind\u0259n bel\u0259 yan ke\u00e7m\u0259diyi iddia olunurdu. H\u0259r halda 2013-c\u00fc ilin prezident se\u00e7kil\u0259rini m\u00fc\u015fahid\u0259 ed\u0259n konqresmenl\u0259rin m\u00fcsb\u0259t r\u0259yi m\u0259hz bununla izah edilirdi.\n<\/p>\n<p>\n  Avropa m\u0259murlar\u0131n\u0131n m\u0259n\u0259viyyats\u0131zl\u0131\u011f\u0131 v\u0259 t\u0259\u015fkilatlar\u0131n prinsipsizliyi Az\u0259rbaycanda m\u00fccadil\u0259 aparan insanlar\u0131n taleyin\u0259 a\u011f\u0131r t\u0259sir g\u00f6st\u0259rdi. 2013-c\u00fc ilin yanvar\u0131nda \u015etrasser m\u0259ruz\u0259sinin A\u015e PA t\u0259r\u0259find\u0259n r\u0259dd edilm\u0259sind\u0259n sonra siyasi h\u0259bsl\u0259r v\u00fcs\u0259t ald\u0131 v\u0259 g\u00fcn\u00fcm\u00fcz\u0259 q\u0259d\u0259r davam etm\u0259kd\u0259dir. \u00d6lk\u0259nin azsayl\u0131 m\u00fcst\u0259qil media qurumlar\u0131 ya f\u0259aliyy\u0259tl\u0259rini dayand\u0131rd\u0131lar, ya da t\u0259zyiq v\u0259 \u015firnikl\u0259ndirm\u0259 qar\u015f\u0131s\u0131nda t\u0259slim olaraq d\u00fc\u015f\u0259rg\u0259l\u0259rini d\u0259yi\u015fdil\u0259r. QHT sektoru da eyni aqib\u0259ti ya\u015fay\u0131r.\n<\/p>\n<p>\n  H\u0259tta Avropa \u0130nsan Haqlar\u0131 m\u0259hk\u0259m\u0259si il\u0259 ba\u011fl\u0131 \u00fcmidl\u0259r d\u0259 tam do\u011frulmad\u0131. Do\u011frudur, bu qurum \u0259dal\u0259tli q\u0259rarlar \u00e7\u0131xar\u0131r. Lakin \u0259sas\u0259n siyasi h\u0259bsl\u0259rd\u0259n edil\u0259n \u015fikay\u0259tl\u0259r\u0259 gec, art\u0131q m\u0259hbus c\u0259zas\u0131n\u0131 \u00e7\u0259kib \u00e7\u0131xd\u0131qdan sonra bax\u0131l\u0131r v\u0259 yaln\u0131z maddi kompensasiya il\u0259 yadda qal\u0131r. B\u0259zi hallarda erk\u0259n bax\u0131ld\u0131qda bel\u0259 q\u0259rarlar\u0131 icra edilm\u0259mi\u015f qal\u0131r. Haqq\u0131nda A\u0130HM-nin h\u00f6km\u00fc olan REAL s\u0259dri \u0130lqar M\u0259mm\u0259dovun bu g\u00fcn d\u0259 h\u0259bsd\u0259 qalmas\u0131 buna s\u00fcbutdur.\n<\/p>\n<p>\n  Bug\u00fcnl\u0259rd\u0259 ba\u015f vermi\u015f 2,9 milyardl\u0131q skandal is\u0259 \u201ck\u00fcr\u00fc diplomatiyas\u0131\u201d termininin \u00e7ox yum\u015faq oldu\u011funu ortaya qoyur. Avropa sabitlik t\u0259\u015fkilat\u0131n\u0131n hesabatlar\u0131na bigan\u0259 qalan Avropan\u0131n \u00f6z\u00fc bel\u0259 r\u0259q\u0259ml\u0259r qar\u015f\u0131s\u0131nda \u015fok ya\u015fay\u0131r v\u0259 v\u0259ziyy\u0259tin \u00f6z d\u0259y\u0259rl\u0259ri \u00fc\u00e7\u00fcn n\u0259 q\u0259d\u0259r t\u0259hl\u00fck\u0259li oldu\u011funu anlama\u011fa ba\u015flay\u0131r. \u00dcmid ed\u0259k ki, proses n\u00f6vb\u0259ti p\u0259ri\u015fanl\u0131qla yekunla\u015fmayacaq.\n<\/p>\n<p>\n  Q\u0259rb n\u00fcmay\u0259nd\u0259l\u0259ri Az\u0259rbaycanda demokratiya, insan h\u00fcquq v\u0259 azadl\u0131qlar\u0131na qar\u015f\u0131 prinsipial olmamalar\u0131 haqq\u0131nda iradlara bu m\u00f6vzunu enerji maraqlar\u0131 v\u0259 t\u0259hl\u00fck\u0259sizlik probleml\u0259rind\u0259n sonra \u00fc\u00e7\u00fcnc\u00fc yer\u0259 qoymaqla cavab verirdil\u0259r. Halbuki tarix g\u00f6st\u0259rir v\u0259 Az\u0259rbaycan \u0259traf\u0131nda ba\u015f ver\u0259n hadis\u0259l\u0259r d\u0259 bir daha s\u00fcbut edir ki, h\u00fcquq v\u0259 azadl\u0131qlar m\u0259s\u0259l\u0259si ya birinci yerd\u0259 olur, ya da he\u00e7 olmur. Demokratiya, insan haqlar\u0131 m\u00f6vzusu \u0259g\u0259r prioritet deyils\u0259, dem\u0259li, he\u00e7 yoxdur. Ba\u015fqa c\u00fcr olmas\u0131 m\u00fcmk\u00fcn deyil.\n<\/p>\n<p>\n  <i><br \/>\n    <b><br \/>\n      Yaz\u0131 m\u00fc\u0259llifin fikirl\u0259rini \u0259ks etdirir v\u0259 Meydan TV-nin m\u00f6vqeyi il\u0259 \u00fcst-\u00fcst\u0259 d\u00fc\u015fm\u0259y\u0259 bil\u0259r.<br \/>\n    <\/b><br \/>\n  <\/i><\/p>\n","protected":false},"excerpt":{"rendered":"<p>2001-ci ilin yanvar\u0131nda Az\u0259rbaycan Avropa \u015euras\u0131na \u00fczv q\u0259bul edildi<\/p>\n","protected":false},"author":11,"featured_media":91836,"comment_status":"closed","ping_status":"open","sticky":false,"template":"","format":"standard","meta":{"_acf_changed":false,"_sitemap_exclude":false,"_sitemap_priority":"","_sitemap_frequency":"","footnotes":""},"categories":[57],"tags":[],"class_list":["post-186444","post","type-post","status-publish","format-standard","has-post-thumbnail","hentry","category-menim-fikrimce","infinite-scroll-item","generate-columns","tablet-grid-50","mobile-grid-100","grid-parent","grid-33","no-featured-image-padding"],"acf":[],"yoast_head":"<!-- This site is optimized with the Yoast SEO plugin v27.5 - https:\/\/yoast.com\/product\/yoast-seo-wordpress\/ -->\n<title>Ah, Avropa, Avropa... - MEYDAN.TV<\/title>\n<meta name=\"robots\" content=\"index, follow, max-snippet:-1, max-image-preview:large, max-video-preview:-1\" \/>\n<link rel=\"canonical\" href=\"https:\/\/www.meydan.tv\/az\/article\/ah-avropa-avropa\/\" \/>\n<meta property=\"og:locale\" content=\"az_AZ\" \/>\n<meta property=\"og:type\" content=\"article\" \/>\n<meta property=\"og:title\" content=\"Ah, Avropa, Avropa... - MEYDAN.TV\" \/>\n<meta property=\"og:description\" content=\"2001-ci ilin yanvar\u0131nda Az\u0259rbaycan Avropa \u015euras\u0131na \u00fczv q\u0259bul edildi\" \/>\n<meta property=\"og:url\" content=\"https:\/\/www.meydan.tv\/az\/article\/ah-avropa-avropa\/\" \/>\n<meta property=\"og:site_name\" content=\"MEYDAN.TV\" \/>\n<meta property=\"article:published_time\" content=\"2017-09-09T16:43:51+00:00\" \/>\n<meta property=\"og:image\" content=\"https:\/\/www.meydan.tv\/wp-content\/uploads\/36229.jpg\" \/>\n\t<meta property=\"og:image:width\" content=\"2303\" \/>\n\t<meta property=\"og:image:height\" content=\"1535\" \/>\n\t<meta property=\"og:image:type\" content=\"image\/jpeg\" \/>\n<meta name=\"author\" content=\"user-manager\" \/>\n<meta name=\"twitter:card\" content=\"summary_large_image\" \/>\n<script type=\"application\/ld+json\" class=\"yoast-schema-graph\">{\"@context\":\"https:\\\/\\\/schema.org\",\"@graph\":[{\"@type\":\"Article\",\"@id\":\"https:\\\/\\\/www.meydan.tv\\\/az\\\/article\\\/ah-avropa-avropa\\\/#article\",\"isPartOf\":{\"@id\":\"https:\\\/\\\/www.meydan.tv\\\/az\\\/article\\\/ah-avropa-avropa\\\/\"},\"author\":{\"name\":\"user-manager\",\"@id\":\"https:\\\/\\\/www.meydan.tv\\\/az\\\/#\\\/schema\\\/person\\\/10d11eccf6da3662cf5fdab9806ea91a\"},\"headline\":\"Ah, Avropa, Avropa&#8230;\",\"datePublished\":\"2017-09-09T16:43:51+00:00\",\"mainEntityOfPage\":{\"@id\":\"https:\\\/\\\/www.meydan.tv\\\/az\\\/article\\\/ah-avropa-avropa\\\/\"},\"wordCount\":1944,\"publisher\":{\"@id\":\"https:\\\/\\\/www.meydan.tv\\\/az\\\/#organization\"},\"image\":{\"@id\":\"https:\\\/\\\/www.meydan.tv\\\/az\\\/article\\\/ah-avropa-avropa\\\/#primaryimage\"},\"thumbnailUrl\":\"https:\\\/\\\/www.meydan.tv\\\/wp-content\\\/uploads\\\/36229.jpg\",\"articleSection\":[\"M\u0259nim Fikrimc\u0259\"],\"inLanguage\":\"az\"},{\"@type\":\"WebPage\",\"@id\":\"https:\\\/\\\/www.meydan.tv\\\/az\\\/article\\\/ah-avropa-avropa\\\/\",\"url\":\"https:\\\/\\\/www.meydan.tv\\\/az\\\/article\\\/ah-avropa-avropa\\\/\",\"name\":\"Ah, Avropa, Avropa... - MEYDAN.TV\",\"isPartOf\":{\"@id\":\"https:\\\/\\\/www.meydan.tv\\\/az\\\/#website\"},\"primaryImageOfPage\":{\"@id\":\"https:\\\/\\\/www.meydan.tv\\\/az\\\/article\\\/ah-avropa-avropa\\\/#primaryimage\"},\"image\":{\"@id\":\"https:\\\/\\\/www.meydan.tv\\\/az\\\/article\\\/ah-avropa-avropa\\\/#primaryimage\"},\"thumbnailUrl\":\"https:\\\/\\\/www.meydan.tv\\\/wp-content\\\/uploads\\\/36229.jpg\",\"datePublished\":\"2017-09-09T16:43:51+00:00\",\"breadcrumb\":{\"@id\":\"https:\\\/\\\/www.meydan.tv\\\/az\\\/article\\\/ah-avropa-avropa\\\/#breadcrumb\"},\"inLanguage\":\"az\",\"potentialAction\":[{\"@type\":\"ReadAction\",\"target\":[\"https:\\\/\\\/www.meydan.tv\\\/az\\\/article\\\/ah-avropa-avropa\\\/\"]}]},{\"@type\":\"ImageObject\",\"inLanguage\":\"az\",\"@id\":\"https:\\\/\\\/www.meydan.tv\\\/az\\\/article\\\/ah-avropa-avropa\\\/#primaryimage\",\"url\":\"https:\\\/\\\/www.meydan.tv\\\/wp-content\\\/uploads\\\/36229.jpg\",\"contentUrl\":\"https:\\\/\\\/www.meydan.tv\\\/wp-content\\\/uploads\\\/36229.jpg\",\"width\":2303,\"height\":1535,\"caption\":\"Foto: arxiv\"},{\"@type\":\"BreadcrumbList\",\"@id\":\"https:\\\/\\\/www.meydan.tv\\\/az\\\/article\\\/ah-avropa-avropa\\\/#breadcrumb\",\"itemListElement\":[{\"@type\":\"ListItem\",\"position\":1,\"name\":\"Ana s\u0259hif\u0259\",\"item\":\"https:\\\/\\\/www.meydan.tv\\\/az\\\/\"},{\"@type\":\"ListItem\",\"position\":2,\"name\":\"M\u0259nim Fikrimc\u0259\",\"item\":\"https:\\\/\\\/www.meydan.tv\\\/az\\\/section\\\/menim-fikrimce\\\/\"},{\"@type\":\"ListItem\",\"position\":3,\"name\":\"Ah, Avropa, Avropa&#8230;\"}]},{\"@type\":\"WebSite\",\"@id\":\"https:\\\/\\\/www.meydan.tv\\\/az\\\/#website\",\"url\":\"https:\\\/\\\/www.meydan.tv\\\/az\\\/\",\"name\":\"MEYDAN.TV\",\"description\":\"Meydan TV Az\u0259rbaycan\u0131n media m\u0259kan\u0131ndak\u0131 alternativ s\u0259sidir\",\"publisher\":{\"@id\":\"https:\\\/\\\/www.meydan.tv\\\/az\\\/#organization\"},\"potentialAction\":[{\"@type\":\"SearchAction\",\"target\":{\"@type\":\"EntryPoint\",\"urlTemplate\":\"https:\\\/\\\/www.meydan.tv\\\/az\\\/?s={search_term_string}\"},\"query-input\":{\"@type\":\"PropertyValueSpecification\",\"valueRequired\":true,\"valueName\":\"search_term_string\"}}],\"inLanguage\":\"az\"},{\"@type\":\"Organization\",\"@id\":\"https:\\\/\\\/www.meydan.tv\\\/az\\\/#organization\",\"name\":\"Meydan TV\",\"url\":\"https:\\\/\\\/www.meydan.tv\\\/az\\\/\",\"logo\":{\"@type\":\"ImageObject\",\"inLanguage\":\"az\",\"@id\":\"https:\\\/\\\/www.meydan.tv\\\/az\\\/#\\\/schema\\\/logo\\\/image\\\/\",\"url\":\"https:\\\/\\\/www.meydan.tv\\\/wp-content\\\/uploads\\\/2021\\\/07\\\/meydan-logo.svg\",\"contentUrl\":\"https:\\\/\\\/www.meydan.tv\\\/wp-content\\\/uploads\\\/2021\\\/07\\\/meydan-logo.svg\",\"width\":195,\"height\":46,\"caption\":\"Meydan TV\"},\"image\":{\"@id\":\"https:\\\/\\\/www.meydan.tv\\\/az\\\/#\\\/schema\\\/logo\\\/image\\\/\"}},{\"@type\":\"Person\",\"@id\":\"https:\\\/\\\/www.meydan.tv\\\/az\\\/#\\\/schema\\\/person\\\/10d11eccf6da3662cf5fdab9806ea91a\",\"name\":\"user-manager\"}]}<\/script>\n<!-- \/ Yoast SEO plugin. -->","yoast_head_json":{"title":"Ah, Avropa, Avropa... - MEYDAN.TV","robots":{"index":"index","follow":"follow","max-snippet":"max-snippet:-1","max-image-preview":"max-image-preview:large","max-video-preview":"max-video-preview:-1"},"canonical":"https:\/\/www.meydan.tv\/az\/article\/ah-avropa-avropa\/","og_locale":"az_AZ","og_type":"article","og_title":"Ah, Avropa, Avropa... - MEYDAN.TV","og_description":"2001-ci ilin yanvar\u0131nda Az\u0259rbaycan Avropa \u015euras\u0131na \u00fczv q\u0259bul edildi","og_url":"https:\/\/www.meydan.tv\/az\/article\/ah-avropa-avropa\/","og_site_name":"MEYDAN.TV","article_published_time":"2017-09-09T16:43:51+00:00","og_image":[{"width":2303,"height":1535,"url":"https:\/\/www.meydan.tv\/wp-content\/uploads\/36229.jpg","type":"image\/jpeg"}],"author":"user-manager","twitter_card":"summary_large_image","schema":{"@context":"https:\/\/schema.org","@graph":[{"@type":"Article","@id":"https:\/\/www.meydan.tv\/az\/article\/ah-avropa-avropa\/#article","isPartOf":{"@id":"https:\/\/www.meydan.tv\/az\/article\/ah-avropa-avropa\/"},"author":{"name":"user-manager","@id":"https:\/\/www.meydan.tv\/az\/#\/schema\/person\/10d11eccf6da3662cf5fdab9806ea91a"},"headline":"Ah, Avropa, Avropa&#8230;","datePublished":"2017-09-09T16:43:51+00:00","mainEntityOfPage":{"@id":"https:\/\/www.meydan.tv\/az\/article\/ah-avropa-avropa\/"},"wordCount":1944,"publisher":{"@id":"https:\/\/www.meydan.tv\/az\/#organization"},"image":{"@id":"https:\/\/www.meydan.tv\/az\/article\/ah-avropa-avropa\/#primaryimage"},"thumbnailUrl":"https:\/\/www.meydan.tv\/wp-content\/uploads\/36229.jpg","articleSection":["M\u0259nim Fikrimc\u0259"],"inLanguage":"az"},{"@type":"WebPage","@id":"https:\/\/www.meydan.tv\/az\/article\/ah-avropa-avropa\/","url":"https:\/\/www.meydan.tv\/az\/article\/ah-avropa-avropa\/","name":"Ah, Avropa, Avropa... - MEYDAN.TV","isPartOf":{"@id":"https:\/\/www.meydan.tv\/az\/#website"},"primaryImageOfPage":{"@id":"https:\/\/www.meydan.tv\/az\/article\/ah-avropa-avropa\/#primaryimage"},"image":{"@id":"https:\/\/www.meydan.tv\/az\/article\/ah-avropa-avropa\/#primaryimage"},"thumbnailUrl":"https:\/\/www.meydan.tv\/wp-content\/uploads\/36229.jpg","datePublished":"2017-09-09T16:43:51+00:00","breadcrumb":{"@id":"https:\/\/www.meydan.tv\/az\/article\/ah-avropa-avropa\/#breadcrumb"},"inLanguage":"az","potentialAction":[{"@type":"ReadAction","target":["https:\/\/www.meydan.tv\/az\/article\/ah-avropa-avropa\/"]}]},{"@type":"ImageObject","inLanguage":"az","@id":"https:\/\/www.meydan.tv\/az\/article\/ah-avropa-avropa\/#primaryimage","url":"https:\/\/www.meydan.tv\/wp-content\/uploads\/36229.jpg","contentUrl":"https:\/\/www.meydan.tv\/wp-content\/uploads\/36229.jpg","width":2303,"height":1535,"caption":"Foto: arxiv"},{"@type":"BreadcrumbList","@id":"https:\/\/www.meydan.tv\/az\/article\/ah-avropa-avropa\/#breadcrumb","itemListElement":[{"@type":"ListItem","position":1,"name":"Ana s\u0259hif\u0259","item":"https:\/\/www.meydan.tv\/az\/"},{"@type":"ListItem","position":2,"name":"M\u0259nim Fikrimc\u0259","item":"https:\/\/www.meydan.tv\/az\/section\/menim-fikrimce\/"},{"@type":"ListItem","position":3,"name":"Ah, Avropa, Avropa&#8230;"}]},{"@type":"WebSite","@id":"https:\/\/www.meydan.tv\/az\/#website","url":"https:\/\/www.meydan.tv\/az\/","name":"MEYDAN.TV","description":"Meydan TV Az\u0259rbaycan\u0131n media m\u0259kan\u0131ndak\u0131 alternativ s\u0259sidir","publisher":{"@id":"https:\/\/www.meydan.tv\/az\/#organization"},"potentialAction":[{"@type":"SearchAction","target":{"@type":"EntryPoint","urlTemplate":"https:\/\/www.meydan.tv\/az\/?s={search_term_string}"},"query-input":{"@type":"PropertyValueSpecification","valueRequired":true,"valueName":"search_term_string"}}],"inLanguage":"az"},{"@type":"Organization","@id":"https:\/\/www.meydan.tv\/az\/#organization","name":"Meydan TV","url":"https:\/\/www.meydan.tv\/az\/","logo":{"@type":"ImageObject","inLanguage":"az","@id":"https:\/\/www.meydan.tv\/az\/#\/schema\/logo\/image\/","url":"https:\/\/www.meydan.tv\/wp-content\/uploads\/2021\/07\/meydan-logo.svg","contentUrl":"https:\/\/www.meydan.tv\/wp-content\/uploads\/2021\/07\/meydan-logo.svg","width":195,"height":46,"caption":"Meydan TV"},"image":{"@id":"https:\/\/www.meydan.tv\/az\/#\/schema\/logo\/image\/"}},{"@type":"Person","@id":"https:\/\/www.meydan.tv\/az\/#\/schema\/person\/10d11eccf6da3662cf5fdab9806ea91a","name":"user-manager"}]}},"_links":{"self":[{"href":"https:\/\/www.meydan.tv\/az\/wp-json\/wp\/v2\/posts\/186444","targetHints":{"allow":["GET"]}}],"collection":[{"href":"https:\/\/www.meydan.tv\/az\/wp-json\/wp\/v2\/posts"}],"about":[{"href":"https:\/\/www.meydan.tv\/az\/wp-json\/wp\/v2\/types\/post"}],"author":[{"embeddable":true,"href":"https:\/\/www.meydan.tv\/az\/wp-json\/wp\/v2\/users\/11"}],"replies":[{"embeddable":true,"href":"https:\/\/www.meydan.tv\/az\/wp-json\/wp\/v2\/comments?post=186444"}],"version-history":[{"count":0,"href":"https:\/\/www.meydan.tv\/az\/wp-json\/wp\/v2\/posts\/186444\/revisions"}],"wp:featuredmedia":[{"embeddable":true,"href":"https:\/\/www.meydan.tv\/az\/wp-json\/wp\/v2\/media\/91836"}],"wp:attachment":[{"href":"https:\/\/www.meydan.tv\/az\/wp-json\/wp\/v2\/media?parent=186444"}],"wp:term":[{"taxonomy":"category","embeddable":true,"href":"https:\/\/www.meydan.tv\/az\/wp-json\/wp\/v2\/categories?post=186444"},{"taxonomy":"post_tag","embeddable":true,"href":"https:\/\/www.meydan.tv\/az\/wp-json\/wp\/v2\/tags?post=186444"}],"curies":[{"name":"wp","href":"https:\/\/api.w.org\/{rel}","templated":true}]}}