{"id":186443,"date":"2017-09-09T13:13:06","date_gmt":"2017-09-09T13:13:06","guid":{"rendered":"https:\/\/www.meydan.tv\/article\/vergiden-yayinanlari-gormeyen-vergiler-nazirliyi\/"},"modified":"2017-09-09T13:13:06","modified_gmt":"2017-09-09T13:13:06","slug":"vergiden-yayinanlari-gormeyen-vergiler-nazirliyi","status":"publish","type":"post","link":"https:\/\/www.meydan.tv\/az\/article\/vergiden-yayinanlari-gormeyen-vergiler-nazirliyi\/","title":{"rendered":"Vergid\u0259n yay\u0131nanlar\u0131 g\u00f6rm\u0259y\u0259n Vergil\u0259r Nazirliyi"},"content":{"rendered":"<figure class=\"wp-block-image size-large\">\n  <img decoding=\"async\" src=\"https:\/\/www.meydan.tv\/az\/elesger-memmedli-2\/\" alt=\"\u018fl\u0259sg\u0259r M\u0259mm\u0259dli\" class=\"wp-image-91824\"\/><figcaption>\n    \u018fl\u0259sg\u0259r M\u0259mm\u0259dli<br \/>\n  <\/figcaption><\/figure>\n<p>\n  3 g\u00fcnd\u00fcr g\u00f6zl\u0259yir\u0259m g\u00f6r\u00fcm Vergil\u0259r Nazirliyi 2,9 milyard dollar (5 milyard manat) pulu \u00f6lk\u0259d\u0259n \u00e7\u0131xaran \u015firk\u0259tl\u0259rin haqq\u0131nda b\u0259yanat yayacaqm\u0131? Yaym\u0131rlar, susurlar!\n<\/p>\n<p>\n  \u00a0Ax\u0131 bu Nazirlik c\u0259mi 12 g\u00fcn \u00f6nc\u0259 (25 avqust 2017-ci il) palaz bolda bir a\u00e7\u0131qlama yay\u0131b, \u00a0\u201cTuran\u201d \u0130nformasiya Agentliyi\u201d MMC-nin direktoru Mehman \u018fliyevi Cinay\u0259t M\u0259c\u0259ll\u0259sinin 192.2.2 (qanunsuz sahibkarl\u0131q), 213.1 (vergi \u00f6d\u0259m\u0259kd\u0259n yay\u0131nma) v\u0259 308.1-ci (v\u0259zif\u0259 s\u0259lahiyy\u0259tl\u0259rind\u0259n sui-istifad\u0259) madd\u0259l\u0259ri il\u0259 ittiham edir v\u0259 he\u00e7 bir qanunsuzluq etm\u0259y\u0259n, sad\u0259c\u0259 obyektiv informasiya yayan bir qurumu v\u0259 onun r\u0259hb\u0259ri Mehman \u018fliyevi c\u0259miyy\u0259t\u0259 \u201ccinay\u0259tkar\u201d kimi t\u0259qdim edirdi. Bu nazirliyin \u0259m\u0259kda\u015flar\u0131 is\u0259 \u00a0\u201cQULluq\u201d v\u0259zif\u0259l\u0259rini yerin\u0259 yetir\u0259r\u0259k, \u00f6lk\u0259nin say\u0131l\u0131-se\u00e7ili ziyal\u0131lar\u0131ndan olan Mehman m\u00fc\u0259llimin qollar\u0131n\u0131 qandallay\u0131b, qondarma m\u0259hk\u0259m\u0259 q\u0259rar\u0131 il\u0259 \u00a0cinay\u0259tkarlarla eyni h\u00fccr\u0259y\u0259 yollay\u0131rd\u0131.\n<\/p>\n<p>\n  Mehman m\u00fc\u0259llimin 7 illik f\u0259aliyy\u0259tini ara\u015fd\u0131ran Vergil\u0259r Nazirliyi \u201cTuran\u201d\u0131 h\u0259min ill\u0259rd\u0259 ald\u0131\u011f\u0131 160 min manat qranta g\u00f6r\u0259 vergi \u00f6d\u0259m\u0259m\u0259kd\u0259 ittiham edir v\u0259 ona x\u0259yali m\u0259nf\u0259\u0259t vergisi hesablay\u0131r. Halbuki, h\u0259min Vergil\u0259r Nazirliyinin \u0259m\u0259kda\u015flar\u0131 t\u0259tbiq etm\u0259li oldu\u011fu Vergi M\u0259c\u0259ll\u0259sinin 165-ci madd\u0259sinin ba\u015fl\u0131\u011f\u0131n\u0131 diqq\u0259tl\u0259 oxusalar g\u00f6r\u0259rdil\u0259r ki,<br \/>\n  <b><br \/>\n    \u201cMadd\u0259 165. Verginin s\u0131f\u0131r (0) d\u0259r\u0259c\u0259si il\u0259 tutulmas\u0131\u201d ba\u015fl\u0131\u011f\u0131 alt\u0131nda h\u0259m d\u0259<br \/>\n  <\/b><br \/>\n  \u201c165.1.2. qrant m\u00fcqavil\u0259si (q\u0259rar\u0131) \u0259sas\u0131nda xaricd\u0259n al\u0131nan qrantlar hesab\u0131na mallar\u0131n idxal\u0131, qrant \u00fczr\u0259 resipiyentl\u0259r\u0259 mallar\u0131n t\u0259qdim edilm\u0259si, i\u015fl\u0259rin g\u00f6r\u00fclm\u0259si v\u0259 xidm\u0259tl\u0259rin g\u00f6st\u0259rilm\u0259si;\u201d d\u0259 daxildir. Y\u0259ni \u201cTuran\u201d qrant al\u0131bsa, bu qrantdan vergi s\u0131f\u0131r d\u0259r\u0259c\u0259 il\u0259 hesablanmal\u0131d\u0131r. \u00d6d\u0259nm\u0259li olmayan vergid\u0259n nec\u0259 yay\u0131nmaq olar? Vergi anlay\u0131\u015f\u0131na is\u0259 b\u00fct\u00fcn vergil\u0259rin, o c\u00fcml\u0259d\u0259n m\u0259nf\u0259\u0259t vergisinin d\u0259 daxil oldu\u011funu izaha ehtiyac yoxdur.\n<\/p>\n<figure class=\"wp-block-image size-large\">\n  <img decoding=\"async\" src=\"https:\/\/www.meydan.tv\/az\/91827\/\" alt=\"\" class=\"wp-image-91827\"\/><figcaption><\/figcaption><\/figure>\n<p>\n  \u0130ndi ke\u00e7\u0259k \u0259sas m\u0259s\u0259l\u0259y\u0259.\n<\/p>\n<p>\n  \u00d6lk\u0259d\u0259 sonuncu m\u00fcst\u0259qil median\u0131 da \u015f\u0259rl\u0259yib, ba\u011flayandan sonra el\u0259 d\u00fc\u015f\u00fcn\u00fcrd\u00fcl\u0259r ki, art\u0131q \u00f6lk\u0259d\u0259 t\u00fc\u011fyan ed\u0259n korrupsiya \u0259m\u0259ll\u0259ri c\u0259miyy\u0259t\u0259 yay\u0131lacaq yer olmayacaq. H\u0259r \u015fey palaz alt\u0131nda qalacaq. Amma yan\u0131ld\u0131lar&#8230;\n<\/p>\n<p>\n  D\u00fczd\u00fcr, Az\u0259rbaycan oxucusu art\u0131q \u00a0\u201cZerkalo\u201d-\u201cAyna\u201d q\u0259zetini, \u201cAzadl\u0131q\u201d q\u0259zetini, \u201cTuran\u201d \u0130nformasiya Agentliyinin b\u00fclletenl\u0259rini al\u0131b oxuya bilmir. Onlar susdurulub. \u201cAzadl\u0131q\u201d radiosunu, BBC-ni q\u0131sa FM dal\u011fas\u0131nda dinl\u0259y\u0259 bilmir, tezlikl\u0259ri \u0259lind\u0259n al\u0131n\u0131b. \u201cMeydan TV\u201d-nin, \u201cAzadl\u0131q\u201d radiosunun , \u201cAz\u0259rbaycan Saat\u0131\u201dn\u0131n, \u201cTuran TV\u201d-nin, \u201cAzadl\u0131q\u201d q\u0259zetinin veb saytlar\u0131n\u0131 da a\u00e7\u0131b oxuya bilmir, \u00e7\u00fcnki Az\u0259rbaycan\u0131n \u201cm\u00fcst\u0259qil\u201d m\u0259hk\u0259m\u0259si onlar\u0131 da bloklay\u0131b. ANS TV-nin dolayl\u0131 \u00f6t\u00fcrd\u00fcy\u00fc x\u0259b\u0259rl\u0259ri d\u0259 izl\u0259y\u0259 bilmir, onu da susdurdular. AMMA&#8230;\n<\/p>\n<p>\n  El\u0259 qap\u0131lar a\u00e7\u0131blar ki, \u00f6zl\u0259ri d\u0259 \u015fa\u015f\u0131r\u0131b qal\u0131blar. \u201cThe Guardian\u201d kimi bir q\u0259zet bir sutkada \u00a0\u00f6lk\u0259mizd\u0259ki korrupsiya faktlar\u0131ndan 7 m\u0259qal\u0259 yay\u0131r, \u201cWashinqton Post\u201d, \u201cKommersant\u201d v\u0259 s. d\u00fcnya media n\u0259h\u0259ngl\u0259ri bu d\u0259f\u0259 sad\u0259c\u0259 Az\u0259rbaycandilli auditoriyan\u0131 yox, \u00e7oxdilli d\u00fcnya auditoriyas\u0131n\u0131 m\u0259lumatland\u0131r\u0131r, korrupsiya faktlar\u0131n\u0131 qabar\u0131q \u015f\u0259kild\u0259 g\u00f6st\u0259rir.\n<\/p>\n<p>\n  Yay\u0131lan faktlardan m\u0259lum olur ki, Danimarkan\u0131n \u201cBerlinske\u201d q\u0259zetin\u0259 s\u0131zan bank s\u0259n\u0259dl\u0259rini ara\u015fd\u0131ran<br \/>\n  <b><br \/>\n    M\u00fct\u0259\u015f\u0259kkil Cinay\u0259tkarl\u0131q v\u0259 Korrupsiyaya Qar\u015f\u0131 Jurnalistika Layih\u0259si<br \/>\n  <\/b><br \/>\n  nin (Organized Crime and Corruption Reporting Project \u2013 OCCRP) pe\u015f\u0259kar jurnalistl\u0259ri \u00a0 \u201cAz\u0259rbaycan\u0131n pulyuyan ma\u015f\u0131n\u0131\u201d adl\u0131 yeni ara\u015fd\u0131rmas\u0131 il\u0259 \u0259sl bomban\u0131 partlad\u0131b.\n<\/p>\n<p>\n  M\u0259qal\u0259d\u0259 x\u00fcsusil\u0259 \u0259n diqq\u0259t \u00e7\u0259k\u0259n m\u0259qam<br \/>\n  <b><br \/>\n    Rasim \u018fs\u0259dov<br \/>\n  <\/b><br \/>\n  adl\u0131 bir \u015f\u0259xsin yaratd\u0131\u011f\u0131 v\u0259 Mehman \u018fliyevi h\u0259bs etdir\u0259n Vergil\u0259r Nazirliyind\u0259 qeydiyyata ald\u0131rd\u0131\u011f\u0131 \u201cBaktelekom\u201d MMC \u2013nin 2013-2014-c\u00fc ill\u0259r \u0259rzind\u0259 n\u0259 az-n\u0259 \u00e7ox, 2 milyard 400 milyon manat (1,4 milyard dollar) pulu vergid\u0259n yay\u0131nd\u0131raraq, of\u015for hesablara k\u00f6\u00e7\u00fcr\u00fcb. Bu k\u00f6\u00e7\u00fcrm\u0259l\u0259r d\u0259, tam 530 d\u0259f\u0259 t\u0259krarlan\u0131b. V\u0259t\u0259nda\u015flar\u0131n xaric\u0259 \u00f6z \u00f6vladlar\u0131na t\u0259hsil haqq\u0131 \u00fc\u00e7\u00fcn g\u00f6nd\u0259rdikl\u0259ri \u00a0500 dollar\u0131 g\u00fcnl\u0259rl\u0259 \u00e7\u0131k-\u00e7evir ed\u0259r\u0259k verm\u0259y\u0259n v\u0259 s\u00fcr\u00fcnd\u00fcr\u0259n banklar n\u0259d\u0259ns\u0259 \u0259n x\u0131rdas\u0131 138 min dollar, \u0259n b\u00f6y\u00fcy\u00fc 6 milyon olan \u00a01,4 milyard dollarl\u0131q 530 k\u00f6\u00e7\u00fcrm\u0259ni g\u00f6rm\u0259yibl\u0259r.\n<\/p>\n<figure class=\"wp-block-image size-large\">\n  <img decoding=\"async\" src=\"https:\/\/www.meydan.tv\/az\/91830\/\" alt=\"\" class=\"wp-image-91830\"\/><figcaption><\/figcaption><\/figure>\n<p>\n  Mehman \u018fliyevin vergid\u0259n yay\u0131nd\u0131\u011f\u0131n\u0131 c\u0259miyy\u0259t\u0259 palaz boyda b\u0259yanatla car \u00e7\u0259k\u0259n Vergil\u0259r Nazirliyi of\u015forlara 1,4 milyard ax\u0131dan \u201cBaktelekom\u201d MMC \u2013nin n\u0259d\u0259n d\u00f6vl\u0259t b\u00fcdc\u0259sin\u0259 18%-lik \u018fDV-si olan 429 milyon manat\u0131, yaxud 20%-lik m\u0259f\u0259\u0259t vergisi olan 476 milyon manat\u0131 k\u00f6\u00e7\u00fcrm\u0259diyini sor\u011fulam\u0131r.\n<\/p>\n<p>\n  Yasamal Rayon M\u0259hk\u0259m\u0259sind\u0259 ittiham t\u0259r\u0259fi kimi Vergil\u0259r Nazirliyinin \u201carqumentl\u0259rini\u201d \u00a0can-ba\u015fla m\u00fcdafi\u0259 ed\u0259n Prokurorluq da n\u0259d\u0259ns\u0259 susur v\u0259 qanundan do\u011fan s\u0259lahiyy\u0259tl\u0259ri \u00e7\u0259r\u00e7iv\u0259sind\u0259 mediada yay\u0131lan korrupsiya faktlar\u0131na g\u00f6r\u0259 cinay\u0259t i\u015fi ba\u015flama\u011f\u0131 a\u011fl\u0131ndan ke\u00e7irmir. Halbuki, son d\u00f6n\u0259ml\u0259r tez-tez redaktorlar\u0131 v\u0259 jurnalistl\u0259ri prokurorlu\u011fa \u00e7a\u011f\u0131r\u0131b, x\u0259b\u0259rdarl\u0131q etm\u0259l\u0259rini qanundan do\u011fan s\u0259lahiyy\u0259t kimi \u00e7ox h\u0259v\u0259sl\u0259 c\u0259miyy\u0259t\u0259 t\u0259qdim edirdil\u0259r.\n<\/p>\n<p>\n  <a href=\"https:\/\/alasgarmaammadli.blogspot.nl\/2017\/09\/3-g-undur-gozlyirmgorum-vergilr.html\"><br \/>\n    m\u0259nb\u0259<br \/>\n  <\/a><\/p>\n","protected":false},"excerpt":{"rendered":"<p>\u018fl\u0259sg\u0259r M\u0259mm\u0259dli 3 g\u00fcnd\u00fcr g\u00f6zl\u0259yir\u0259m g\u00f6r\u00fcm Vergil\u0259r Nazirliyi 2,9 milyard &#8230; <\/p>\n<p class=\"read-more-container\"><a title=\"Vergid\u0259n yay\u0131nanlar\u0131 g\u00f6rm\u0259y\u0259n Vergil\u0259r Nazirliyi\" class=\"read-more button\" href=\"https:\/\/www.meydan.tv\/az\/article\/vergiden-yayinanlari-gormeyen-vergiler-nazirliyi\/#more-186443\" aria-label=\"Read more about Vergid\u0259n yay\u0131nanlar\u0131 g\u00f6rm\u0259y\u0259n Vergil\u0259r Nazirliyi\">Davam\u0131<\/a><\/p>\n","protected":false},"author":11,"featured_media":91824,"comment_status":"closed","ping_status":"open","sticky":false,"template":"","format":"standard","meta":{"_acf_changed":false,"_sitemap_exclude":false,"_sitemap_priority":"","_sitemap_frequency":"","footnotes":""},"categories":[51],"tags":[],"class_list":["post-186443","post","type-post","status-publish","format-standard","has-post-thumbnail","hentry","category-analitika","infinite-scroll-item","generate-columns","tablet-grid-50","mobile-grid-100","grid-parent","grid-33","no-featured-image-padding"],"acf":[],"yoast_head":"<!-- This site is optimized with the Yoast SEO plugin v27.4 - https:\/\/yoast.com\/product\/yoast-seo-wordpress\/ -->\n<title>Vergid\u0259n yay\u0131nanlar\u0131 g\u00f6rm\u0259y\u0259n Vergil\u0259r Nazirliyi - MEYDAN.TV<\/title>\n<meta name=\"robots\" content=\"index, follow, max-snippet:-1, max-image-preview:large, max-video-preview:-1\" \/>\n<link rel=\"canonical\" href=\"https:\/\/www.meydan.tv\/az\/article\/vergiden-yayinanlari-gormeyen-vergiler-nazirliyi\/\" \/>\n<meta property=\"og:locale\" content=\"az_AZ\" \/>\n<meta property=\"og:type\" content=\"article\" \/>\n<meta property=\"og:title\" content=\"Vergid\u0259n yay\u0131nanlar\u0131 g\u00f6rm\u0259y\u0259n Vergil\u0259r Nazirliyi - MEYDAN.TV\" \/>\n<meta property=\"og:description\" content=\"\u018fl\u0259sg\u0259r M\u0259mm\u0259dli 3 g\u00fcnd\u00fcr g\u00f6zl\u0259yir\u0259m g\u00f6r\u00fcm Vergil\u0259r Nazirliyi 2,9 milyard ... Davam\u0131\" \/>\n<meta property=\"og:url\" content=\"https:\/\/www.meydan.tv\/az\/article\/vergiden-yayinanlari-gormeyen-vergiler-nazirliyi\/\" \/>\n<meta property=\"og:site_name\" content=\"MEYDAN.TV\" \/>\n<meta property=\"article:published_time\" content=\"2017-09-09T13:13:06+00:00\" \/>\n<meta property=\"og:image\" content=\"https:\/\/www.meydan.tv\/wp-content\/uploads\/36226.jpg\" \/>\n\t<meta property=\"og:image:width\" content=\"1280\" \/>\n\t<meta property=\"og:image:height\" content=\"720\" \/>\n\t<meta property=\"og:image:type\" content=\"image\/jpeg\" \/>\n<meta name=\"author\" content=\"user-manager\" \/>\n<meta name=\"twitter:card\" content=\"summary_large_image\" \/>\n<script type=\"application\/ld+json\" class=\"yoast-schema-graph\">{\"@context\":\"https:\\\/\\\/schema.org\",\"@graph\":[{\"@type\":\"Article\",\"@id\":\"https:\\\/\\\/www.meydan.tv\\\/az\\\/article\\\/vergiden-yayinanlari-gormeyen-vergiler-nazirliyi\\\/#article\",\"isPartOf\":{\"@id\":\"https:\\\/\\\/www.meydan.tv\\\/az\\\/article\\\/vergiden-yayinanlari-gormeyen-vergiler-nazirliyi\\\/\"},\"author\":{\"name\":\"user-manager\",\"@id\":\"https:\\\/\\\/www.meydan.tv\\\/az\\\/#\\\/schema\\\/person\\\/10d11eccf6da3662cf5fdab9806ea91a\"},\"headline\":\"Vergid\u0259n yay\u0131nanlar\u0131 g\u00f6rm\u0259y\u0259n Vergil\u0259r Nazirliyi\",\"datePublished\":\"2017-09-09T13:13:06+00:00\",\"mainEntityOfPage\":{\"@id\":\"https:\\\/\\\/www.meydan.tv\\\/az\\\/article\\\/vergiden-yayinanlari-gormeyen-vergiler-nazirliyi\\\/\"},\"wordCount\":965,\"publisher\":{\"@id\":\"https:\\\/\\\/www.meydan.tv\\\/az\\\/#organization\"},\"image\":{\"@id\":\"https:\\\/\\\/www.meydan.tv\\\/az\\\/article\\\/vergiden-yayinanlari-gormeyen-vergiler-nazirliyi\\\/#primaryimage\"},\"thumbnailUrl\":\"https:\\\/\\\/www.meydan.tv\\\/wp-content\\\/uploads\\\/36226.jpg\",\"articleSection\":[\"Analitika\"],\"inLanguage\":\"az\"},{\"@type\":\"WebPage\",\"@id\":\"https:\\\/\\\/www.meydan.tv\\\/az\\\/article\\\/vergiden-yayinanlari-gormeyen-vergiler-nazirliyi\\\/\",\"url\":\"https:\\\/\\\/www.meydan.tv\\\/az\\\/article\\\/vergiden-yayinanlari-gormeyen-vergiler-nazirliyi\\\/\",\"name\":\"Vergid\u0259n yay\u0131nanlar\u0131 g\u00f6rm\u0259y\u0259n Vergil\u0259r Nazirliyi - MEYDAN.TV\",\"isPartOf\":{\"@id\":\"https:\\\/\\\/www.meydan.tv\\\/az\\\/#website\"},\"primaryImageOfPage\":{\"@id\":\"https:\\\/\\\/www.meydan.tv\\\/az\\\/article\\\/vergiden-yayinanlari-gormeyen-vergiler-nazirliyi\\\/#primaryimage\"},\"image\":{\"@id\":\"https:\\\/\\\/www.meydan.tv\\\/az\\\/article\\\/vergiden-yayinanlari-gormeyen-vergiler-nazirliyi\\\/#primaryimage\"},\"thumbnailUrl\":\"https:\\\/\\\/www.meydan.tv\\\/wp-content\\\/uploads\\\/36226.jpg\",\"datePublished\":\"2017-09-09T13:13:06+00:00\",\"breadcrumb\":{\"@id\":\"https:\\\/\\\/www.meydan.tv\\\/az\\\/article\\\/vergiden-yayinanlari-gormeyen-vergiler-nazirliyi\\\/#breadcrumb\"},\"inLanguage\":\"az\",\"potentialAction\":[{\"@type\":\"ReadAction\",\"target\":[\"https:\\\/\\\/www.meydan.tv\\\/az\\\/article\\\/vergiden-yayinanlari-gormeyen-vergiler-nazirliyi\\\/\"]}]},{\"@type\":\"ImageObject\",\"inLanguage\":\"az\",\"@id\":\"https:\\\/\\\/www.meydan.tv\\\/az\\\/article\\\/vergiden-yayinanlari-gormeyen-vergiler-nazirliyi\\\/#primaryimage\",\"url\":\"https:\\\/\\\/www.meydan.tv\\\/wp-content\\\/uploads\\\/36226.jpg\",\"contentUrl\":\"https:\\\/\\\/www.meydan.tv\\\/wp-content\\\/uploads\\\/36226.jpg\",\"width\":1280,\"height\":720,\"caption\":\"Source: AFU\"},{\"@type\":\"BreadcrumbList\",\"@id\":\"https:\\\/\\\/www.meydan.tv\\\/az\\\/article\\\/vergiden-yayinanlari-gormeyen-vergiler-nazirliyi\\\/#breadcrumb\",\"itemListElement\":[{\"@type\":\"ListItem\",\"position\":1,\"name\":\"Ana s\u0259hif\u0259\",\"item\":\"https:\\\/\\\/www.meydan.tv\\\/az\\\/\"},{\"@type\":\"ListItem\",\"position\":2,\"name\":\"Analitika\",\"item\":\"https:\\\/\\\/www.meydan.tv\\\/az\\\/section\\\/analitika\\\/\"},{\"@type\":\"ListItem\",\"position\":3,\"name\":\"Vergid\u0259n yay\u0131nanlar\u0131 g\u00f6rm\u0259y\u0259n Vergil\u0259r Nazirliyi\"}]},{\"@type\":\"WebSite\",\"@id\":\"https:\\\/\\\/www.meydan.tv\\\/az\\\/#website\",\"url\":\"https:\\\/\\\/www.meydan.tv\\\/az\\\/\",\"name\":\"MEYDAN.TV\",\"description\":\"Meydan TV Az\u0259rbaycan\u0131n media m\u0259kan\u0131ndak\u0131 alternativ s\u0259sidir\",\"publisher\":{\"@id\":\"https:\\\/\\\/www.meydan.tv\\\/az\\\/#organization\"},\"potentialAction\":[{\"@type\":\"SearchAction\",\"target\":{\"@type\":\"EntryPoint\",\"urlTemplate\":\"https:\\\/\\\/www.meydan.tv\\\/az\\\/?s={search_term_string}\"},\"query-input\":{\"@type\":\"PropertyValueSpecification\",\"valueRequired\":true,\"valueName\":\"search_term_string\"}}],\"inLanguage\":\"az\"},{\"@type\":\"Organization\",\"@id\":\"https:\\\/\\\/www.meydan.tv\\\/az\\\/#organization\",\"name\":\"Meydan TV\",\"url\":\"https:\\\/\\\/www.meydan.tv\\\/az\\\/\",\"logo\":{\"@type\":\"ImageObject\",\"inLanguage\":\"az\",\"@id\":\"https:\\\/\\\/www.meydan.tv\\\/az\\\/#\\\/schema\\\/logo\\\/image\\\/\",\"url\":\"https:\\\/\\\/www.meydan.tv\\\/wp-content\\\/uploads\\\/2021\\\/07\\\/meydan-logo.svg\",\"contentUrl\":\"https:\\\/\\\/www.meydan.tv\\\/wp-content\\\/uploads\\\/2021\\\/07\\\/meydan-logo.svg\",\"width\":195,\"height\":46,\"caption\":\"Meydan TV\"},\"image\":{\"@id\":\"https:\\\/\\\/www.meydan.tv\\\/az\\\/#\\\/schema\\\/logo\\\/image\\\/\"}},{\"@type\":\"Person\",\"@id\":\"https:\\\/\\\/www.meydan.tv\\\/az\\\/#\\\/schema\\\/person\\\/10d11eccf6da3662cf5fdab9806ea91a\",\"name\":\"user-manager\"}]}<\/script>\n<!-- \/ Yoast SEO plugin. -->","yoast_head_json":{"title":"Vergid\u0259n yay\u0131nanlar\u0131 g\u00f6rm\u0259y\u0259n Vergil\u0259r Nazirliyi - MEYDAN.TV","robots":{"index":"index","follow":"follow","max-snippet":"max-snippet:-1","max-image-preview":"max-image-preview:large","max-video-preview":"max-video-preview:-1"},"canonical":"https:\/\/www.meydan.tv\/az\/article\/vergiden-yayinanlari-gormeyen-vergiler-nazirliyi\/","og_locale":"az_AZ","og_type":"article","og_title":"Vergid\u0259n yay\u0131nanlar\u0131 g\u00f6rm\u0259y\u0259n Vergil\u0259r Nazirliyi - MEYDAN.TV","og_description":"\u018fl\u0259sg\u0259r M\u0259mm\u0259dli 3 g\u00fcnd\u00fcr g\u00f6zl\u0259yir\u0259m g\u00f6r\u00fcm Vergil\u0259r Nazirliyi 2,9 milyard ... Davam\u0131","og_url":"https:\/\/www.meydan.tv\/az\/article\/vergiden-yayinanlari-gormeyen-vergiler-nazirliyi\/","og_site_name":"MEYDAN.TV","article_published_time":"2017-09-09T13:13:06+00:00","og_image":[{"width":1280,"height":720,"url":"https:\/\/www.meydan.tv\/wp-content\/uploads\/36226.jpg","type":"image\/jpeg"}],"author":"user-manager","twitter_card":"summary_large_image","schema":{"@context":"https:\/\/schema.org","@graph":[{"@type":"Article","@id":"https:\/\/www.meydan.tv\/az\/article\/vergiden-yayinanlari-gormeyen-vergiler-nazirliyi\/#article","isPartOf":{"@id":"https:\/\/www.meydan.tv\/az\/article\/vergiden-yayinanlari-gormeyen-vergiler-nazirliyi\/"},"author":{"name":"user-manager","@id":"https:\/\/www.meydan.tv\/az\/#\/schema\/person\/10d11eccf6da3662cf5fdab9806ea91a"},"headline":"Vergid\u0259n yay\u0131nanlar\u0131 g\u00f6rm\u0259y\u0259n Vergil\u0259r Nazirliyi","datePublished":"2017-09-09T13:13:06+00:00","mainEntityOfPage":{"@id":"https:\/\/www.meydan.tv\/az\/article\/vergiden-yayinanlari-gormeyen-vergiler-nazirliyi\/"},"wordCount":965,"publisher":{"@id":"https:\/\/www.meydan.tv\/az\/#organization"},"image":{"@id":"https:\/\/www.meydan.tv\/az\/article\/vergiden-yayinanlari-gormeyen-vergiler-nazirliyi\/#primaryimage"},"thumbnailUrl":"https:\/\/www.meydan.tv\/wp-content\/uploads\/36226.jpg","articleSection":["Analitika"],"inLanguage":"az"},{"@type":"WebPage","@id":"https:\/\/www.meydan.tv\/az\/article\/vergiden-yayinanlari-gormeyen-vergiler-nazirliyi\/","url":"https:\/\/www.meydan.tv\/az\/article\/vergiden-yayinanlari-gormeyen-vergiler-nazirliyi\/","name":"Vergid\u0259n yay\u0131nanlar\u0131 g\u00f6rm\u0259y\u0259n Vergil\u0259r Nazirliyi - MEYDAN.TV","isPartOf":{"@id":"https:\/\/www.meydan.tv\/az\/#website"},"primaryImageOfPage":{"@id":"https:\/\/www.meydan.tv\/az\/article\/vergiden-yayinanlari-gormeyen-vergiler-nazirliyi\/#primaryimage"},"image":{"@id":"https:\/\/www.meydan.tv\/az\/article\/vergiden-yayinanlari-gormeyen-vergiler-nazirliyi\/#primaryimage"},"thumbnailUrl":"https:\/\/www.meydan.tv\/wp-content\/uploads\/36226.jpg","datePublished":"2017-09-09T13:13:06+00:00","breadcrumb":{"@id":"https:\/\/www.meydan.tv\/az\/article\/vergiden-yayinanlari-gormeyen-vergiler-nazirliyi\/#breadcrumb"},"inLanguage":"az","potentialAction":[{"@type":"ReadAction","target":["https:\/\/www.meydan.tv\/az\/article\/vergiden-yayinanlari-gormeyen-vergiler-nazirliyi\/"]}]},{"@type":"ImageObject","inLanguage":"az","@id":"https:\/\/www.meydan.tv\/az\/article\/vergiden-yayinanlari-gormeyen-vergiler-nazirliyi\/#primaryimage","url":"https:\/\/www.meydan.tv\/wp-content\/uploads\/36226.jpg","contentUrl":"https:\/\/www.meydan.tv\/wp-content\/uploads\/36226.jpg","width":1280,"height":720,"caption":"Source: AFU"},{"@type":"BreadcrumbList","@id":"https:\/\/www.meydan.tv\/az\/article\/vergiden-yayinanlari-gormeyen-vergiler-nazirliyi\/#breadcrumb","itemListElement":[{"@type":"ListItem","position":1,"name":"Ana s\u0259hif\u0259","item":"https:\/\/www.meydan.tv\/az\/"},{"@type":"ListItem","position":2,"name":"Analitika","item":"https:\/\/www.meydan.tv\/az\/section\/analitika\/"},{"@type":"ListItem","position":3,"name":"Vergid\u0259n yay\u0131nanlar\u0131 g\u00f6rm\u0259y\u0259n Vergil\u0259r Nazirliyi"}]},{"@type":"WebSite","@id":"https:\/\/www.meydan.tv\/az\/#website","url":"https:\/\/www.meydan.tv\/az\/","name":"MEYDAN.TV","description":"Meydan TV Az\u0259rbaycan\u0131n media m\u0259kan\u0131ndak\u0131 alternativ s\u0259sidir","publisher":{"@id":"https:\/\/www.meydan.tv\/az\/#organization"},"potentialAction":[{"@type":"SearchAction","target":{"@type":"EntryPoint","urlTemplate":"https:\/\/www.meydan.tv\/az\/?s={search_term_string}"},"query-input":{"@type":"PropertyValueSpecification","valueRequired":true,"valueName":"search_term_string"}}],"inLanguage":"az"},{"@type":"Organization","@id":"https:\/\/www.meydan.tv\/az\/#organization","name":"Meydan TV","url":"https:\/\/www.meydan.tv\/az\/","logo":{"@type":"ImageObject","inLanguage":"az","@id":"https:\/\/www.meydan.tv\/az\/#\/schema\/logo\/image\/","url":"https:\/\/www.meydan.tv\/wp-content\/uploads\/2021\/07\/meydan-logo.svg","contentUrl":"https:\/\/www.meydan.tv\/wp-content\/uploads\/2021\/07\/meydan-logo.svg","width":195,"height":46,"caption":"Meydan TV"},"image":{"@id":"https:\/\/www.meydan.tv\/az\/#\/schema\/logo\/image\/"}},{"@type":"Person","@id":"https:\/\/www.meydan.tv\/az\/#\/schema\/person\/10d11eccf6da3662cf5fdab9806ea91a","name":"user-manager"}]}},"_links":{"self":[{"href":"https:\/\/www.meydan.tv\/az\/wp-json\/wp\/v2\/posts\/186443","targetHints":{"allow":["GET"]}}],"collection":[{"href":"https:\/\/www.meydan.tv\/az\/wp-json\/wp\/v2\/posts"}],"about":[{"href":"https:\/\/www.meydan.tv\/az\/wp-json\/wp\/v2\/types\/post"}],"author":[{"embeddable":true,"href":"https:\/\/www.meydan.tv\/az\/wp-json\/wp\/v2\/users\/11"}],"replies":[{"embeddable":true,"href":"https:\/\/www.meydan.tv\/az\/wp-json\/wp\/v2\/comments?post=186443"}],"version-history":[{"count":0,"href":"https:\/\/www.meydan.tv\/az\/wp-json\/wp\/v2\/posts\/186443\/revisions"}],"wp:featuredmedia":[{"embeddable":true,"href":"https:\/\/www.meydan.tv\/az\/wp-json\/wp\/v2\/media\/91824"}],"wp:attachment":[{"href":"https:\/\/www.meydan.tv\/az\/wp-json\/wp\/v2\/media?parent=186443"}],"wp:term":[{"taxonomy":"category","embeddable":true,"href":"https:\/\/www.meydan.tv\/az\/wp-json\/wp\/v2\/categories?post=186443"},{"taxonomy":"post_tag","embeddable":true,"href":"https:\/\/www.meydan.tv\/az\/wp-json\/wp\/v2\/tags?post=186443"}],"curies":[{"name":"wp","href":"https:\/\/api.w.org\/{rel}","templated":true}]}}