{"id":186364,"date":"2017-09-04T17:16:33","date_gmt":"2017-09-04T17:16:33","guid":{"rendered":"https:\/\/www.meydan.tv\/article\/avropada-alisa-bilmediklerim\/"},"modified":"2017-09-04T17:16:33","modified_gmt":"2017-09-04T17:16:33","slug":"avropada-alisa-bilmediklerim","status":"publish","type":"post","link":"https:\/\/www.meydan.tv\/az\/article\/avropada-alisa-bilmediklerim\/","title":{"rendered":"Avropada al\u0131\u015fa bilm\u0259dikl\u0259rim"},"content":{"rendered":"<figure class=\"wp-block-image size-large\">\n  <img decoding=\"async\" src=\"https:\/\/www.meydan.tv\/az\/gunel-movlud-illustrasiya\/\" alt=\"G\u00fcnel M\u00f6vlud (ill\u00fcstrasiya)\" class=\"wp-image-79558\"\/><figcaption>\n    G\u00fcnel M\u00f6vlud (ill\u00fcstrasiya)<br \/>\n  <\/figcaption><\/figure>\n<p>\n  Eduard Limonovun \u201cBu m\u0259n\u0259m &#8211; Edi\u00e7ka\u201d roman\u0131nda amerikal\u0131larla sovet adam\u0131n\u0131n mentalitetini a\u00e7ma\u011fa k\u00f6m\u0259k ed\u0259n xeyli s\u0259hn\u0259l\u0259r, t\u0259svirl\u0259r var. Bu t\u0259svirl\u0259rd\u0259n biri d\u0259, Edi\u00e7kan\u0131n q\u0131sa m\u00fcnasib\u0259td\u0259 oldu\u011fu amerikal\u0131 qad\u0131n\u0131n do\u011fum g\u00fcn\u00fcnd\u0259ndir. 35 ya\u015fl\u0131, \u0259d\u0259biyyat t\u0259nqidi il\u0259 m\u0259\u015f\u011ful olan, h\u00fcnd\u00fcrm\u0259rt\u0259b\u0259li evl\u0259rd\u0259n birinin pentxausunda ya\u015fayan amerikal\u0131 qad\u0131n \u00f6z\u00fcn\u0259 do\u011fum g\u00fcn\u00fc t\u0259\u015fkil edir. D\u0259v\u0259t etdiyi b\u00fct\u00fcn adamlara z\u0259ng edib, ham\u0131ya bir-bir qonaql\u0131q \u00fc\u00e7\u00fcn n\u0259 g\u0259tirm\u0259li olduqlar\u0131n\u0131 tap\u015f\u0131r\u0131r. Birin\u0259 \u015f\u0259rab, birin\u0259 meyv\u0259, birin\u0259 \u015firniyyat, birin\u0259 \u0259t&#8230;\n<\/p>\n<p>\n  Edi\u00e7ka Moskvadak\u0131 birotaql\u0131 m\u0259nzilind\u0259 ke\u00e7irdiyi do\u011fum g\u00fcn\u00fcn\u00fc xat\u0131rlay\u0131r: M\u0259n kas\u0131b adam idim, birotaql\u0131 kiray\u0259 m\u0259nzild\u0259 ya\u015fay\u0131rd\u0131m, amma \u0259ti \u00e7uval dolusu, araqlar\u0131 ye\u015fikl\u0259 ald\u0131m, he\u00e7 kimd\u0259n d\u0259 he\u00e7 n\u0259 g\u00f6zl\u0259m\u0259dim, ham\u0131 da g\u0259lib yeyib-i\u00e7di, m\u0259n d\u0259 bundan kef el\u0259dim&#8230;\n<\/p>\n<p>\n  M\u00f6vzuya sovet insan\u0131na, x\u00fcsusil\u0259 d\u0259 biz qafqazl\u0131lara xas hedonizmd\u0259n girm\u0259yim b\u0259lk\u0259 d\u0259 bir az b\u0259stil\u0259\u015fdirdi m\u0259s\u0259l\u0259ni, amma, do\u011frudan da, bizim v\u0259 q\u0259rb insan\u0131n\u0131n bar\u0131\u015fa bilm\u0259diyi \u0259n ciddi m\u0259s\u0259l\u0259l\u0259rd\u0259n biri d\u0259 m\u0259hz ziyaf\u0259tl\u0259rdir. Biz ziyaf\u0259t, qonaql\u0131q d\u00fc\u015fk\u00fcn\u00fcy\u00fck, biz yem\u0259y\u0259 saatlar x\u0259rcl\u0259y\u0259 bil\u0259rik, biz a\u011f\u0131z dad\u0131m\u0131z\u0131n, \u00f6z\u00fc d\u0259 klassik, \u0259n\u0259n\u0259vi a\u011f\u0131z dad\u0131m\u0131z\u0131n d\u00fc\u015fk\u00fcn\u00fcy\u00fck, q\u0259rb insan\u0131 is\u0259 iki d\u0259f\u0259 di\u015fl\u0259yir sendvi\u00e7ini, yoluna davam edir.<br \/>\n  <br \/>\n  \u0130\u015f m\u0259s\u0259l\u0259si q\u0259rb insan\u0131nda al\u0131\u015fa bilm\u0259diyim daha bir n\u00f6qt\u0259dir. Biz h\u0259ft\u0259, ay, il uzunu i\u015fl\u0259m\u0259y\u0259, i\u015f saat\u0131, g\u00fcn\u00fc olub-olmamas\u0131ndan as\u0131l\u0131 olmayaraq, i\u015f d\u00fc\u015f\u00fcnm\u0259y\u0259, i\u015fl\u0259 ba\u011fl\u0131 z\u0259ngl\u0259r etm\u0259y\u0259, email yazma\u011fa, cavab verm\u0259y\u0259 al\u0131\u015fm\u0131\u015f\u0131q. Biz piknikd\u0259 olanda, ail\u0259mizl\u0259 \u00e7ay s\u00fcfr\u0259sinin arxas\u0131nda, valideyn ziyar\u0259tind\u0259, lap yataqda da i\u015fl\u0259 ba\u011fl\u0131 z\u0259ng g\u0259l\u0259nd\u0259, cavab verm\u0259m\u0259yi naqolay bilirik. Q\u0259rb insan\u0131n\u0131 \u00f6ld\u00fcr, istirah\u0259t g\u00fcnl\u0259ri i\u015f yolda\u015f\u0131, direktoru, n\u0259 bilim i\u015f partnyorunun telefonunu a\u00e7maz, a\u00e7sa da problemin miqyas\u0131ndan as\u0131l\u0131 olmadan, saxlayar i\u015f g\u00fcn\u00fcn\u0259. H\u0259m d\u0259 burda he\u00e7 i\u015fl\u0259 ba\u011fl\u0131 z\u0259ng d\u0259 g\u0259lm\u0259z adamlara, o z\u0259ng ed\u0259 bil\u0259c\u0259k adamlar da istirah\u0259t g\u00fcnl\u0259rini \u00f6z\u00fcn\u0259, ail\u0259sin\u0259, dostlar\u0131na x\u0259rcl\u0259yir dey\u0259&#8230;\n<\/p>\n<p>\n  Q\u0259na\u0259tcillik. \u00d6z\u00fcm q\u0259na\u0259tcil adamam. U\u015faql\u0131\u011f\u0131m o q\u0259d\u0259r \u00e7\u0259tin ke\u00e7ib ki, kartofun qab\u0131\u011f\u0131n\u0131 qal\u0131n soyan adam g\u00f6r\u0259nd\u0259 az qal\u0131ram qa\u00e7\u0131b, \u0259lind\u0259n b\u0131\u00e7a\u011f\u0131 al\u0131m ki, n\u0259 edirs\u0259n?! Amma Norve\u00e7d\u0259 ilk aylar, ilk tan\u0131\u015fl\u0131qlarda onlar\u0131n ifrat (m\u0259n\u0259 el\u0259 g\u0259lir) q\u0259na\u0259tcillikl\u0259ri m\u0259ni \u015foka sal\u0131rd\u0131. \u018frzaq kilo hesab\u0131 il\u0259 yox, qramla al\u0131n\u0131r, s\u00fcfr\u0259y\u0259 h\u0259r \u015fey sayla qoyulur, paltarlar ikinci \u0259l, u\u015fa\u011fa konfet d\u0259n\u0259 il\u0259, yem\u0259k porsiyalar\u0131 qu\u015f yeyimi, marketl\u0259rd\u0259 h\u0259r \u015feyin ucuzuna qa\u00e7ma&#8230; D\u0259h\u015f\u0259t\u0259 g\u0259lirdim ki, insanlar bu q\u0259d\u0259r q\u0259na\u0259t edib, o pullar\u0131 neynirl\u0259r?\n<\/p>\n<p>\n  G\u00fcnl\u0259rin bir g\u00fcn\u00fc qatarla \u0259d\u0259biyat festival\u0131na gedirdik. M\u0259n yazar kimi qonaq oldu\u011fumdan yol, qalmaq, yem\u0259k, pullu d\u0259v\u0259tl\u0259rd\u0259 i\u015ftirak\u0131m \u00f6d\u0259nirdi. Qatarda 10-12 n\u0259f\u0259r orta ya\u015fl\u0131 qad\u0131n g\u00f6rd\u00fcm. M\u0259ni festivala aparan xan\u0131mdan soru\u015fdum ki, bu qad\u0131nlar kimdir. Cavab verdi ki, onlar festivala gedirl\u0259r. Yaz\u0131\u00e7\u0131-filan deyill\u0259r, el\u0259c\u0259 \u0259d\u0259biyyata maraqlar\u0131 var, gedirl\u0259r festivalda i\u015ftirak etm\u0259y\u0259. \u00d6z hesablar\u0131na. \u0130\u015ftirak\u0131n da ortalama qiym\u0259ti 2000-3000 avro. Xan\u0131mlara baxd\u0131m, bu xan\u0131mlardan \u00e7oxunu ikinci \u0259l paltarlar sat\u0131lan d\u00fckanlardan \u00e7\u0131xark\u0259n g\u00f6r\u00fcr\u0259m h\u0259mi\u015f\u0259. Marketl\u0259rd\u0259 d\u0259 h\u0259r \u015feyi qramla al\u0131rlar. Y\u0259ni q\u0259na\u0259tcillikl\u0259ri x\u0259sislikl\u0259rind\u0259n deyil, sad\u0259c\u0259 pulu bir az da m\u0259n\u0259vi qidaya x\u0259rcl\u0259m\u0259y\u0259 \u00fcst\u00fcnl\u00fck verirl\u0259r.\n<\/p>\n<p>\n  U\u015faq. H\u0259r d\u0259f\u0259 avropal\u0131 analar\u0131n, atalar\u0131n u\u015faqlar\u0131 il\u0259 m\u00fcnasib\u0259tini, qay\u011f\u0131s\u0131n\u0131, onlara n\u0259 q\u0259d\u0259r vaxt, enerji x\u0259rcl\u0259diyini g\u00f6r\u0259nd\u0259, ba\u015fa d\u00fc\u015f\u00fcr\u0259m ki, bizimki u\u015faq do\u011fub b\u00f6y\u00fctm\u0259k deyil, u\u015faq do\u011fub allah \u00fcmidin\u0259 buraxmaqd\u0131r. H\u0259tta \u0259n qay\u0131ke\u015f, \u0259n yax\u015f\u0131 ail\u0259l\u0259rimiz d\u0259 bu m\u0259s\u0259l\u0259d\u0259 q\u0259rb insan\u0131 il\u0259 m\u00fcqayis\u0259d\u0259 uduzur. U\u015fa\u011f\u0131n ota\u011f\u0131, oyuncaqlar\u0131, onun t\u0259rbiy\u0259sin\u0259 ayr\u0131lan vaxt v\u0259 bilgi, u\u015faqla oynama\u011fa, a\u00e7\u0131q havada g\u0259zm\u0259y\u0259 ayr\u0131lan vaxt, u\u015fa\u011f\u0131n m\u0259kt\u0259b v\u0259 ba\u011f\u00e7a xaricind\u0259 asud\u0259 vaxt\u0131n\u0131n t\u0259\u015fkili, hovuzdan piknik\u0259, kafel\u0259rd\u0259n u\u015faq parklar\u0131na, attraksionlardan u\u015faq t\u0259dbirl\u0259rin\u0259 q\u0259d\u0259r&#8230;Valideynl\u0259r bu m\u0259s\u0259l\u0259y\u0259 o q\u0259d\u0259r ciddi yana\u015f\u0131rlar ki, adam mat qal\u0131r&#8230;\n<\/p>\n<p>\n  Planla\u015fd\u0131rma. Q\u0259rb insan\u0131 h\u0259r \u015feyi planla\u015fd\u0131r\u0131r. Bizim bir ail\u0259vi tan\u0131\u015f var, 2020-ci ild\u0259 \u0130spaniyaya ged\u0259c\u0259kl\u0259r. \u0130ndid\u0259n bilet al\u0131b, otel \u201cbron\u201d edibl\u0259r. H\u0259ft\u0259sonu hara ged\u0259c\u0259kl\u0259r, yayda harda istirah\u0259t ed\u0259c\u0259kl\u0259r, hans\u0131 ild\u0259 ma\u015f\u0131n alacaqlar, n\u0259 vaxt ev ipotekaya g\u00f6t\u00fcr\u0259c\u0259kl\u0259r, g\u0259l\u0259n ay onlara kim qonaq g\u0259l\u0259c\u0259k&#8230; H\u0259r \u015fey planla\u015fd\u0131r\u0131l\u0131b.\n<\/p>\n<p>\n  Bir d\u0259f\u0259 bural\u0131 bir xan\u0131m m\u0259n\u0259 yazd\u0131 ki, g\u0259l\u0259n h\u0259ft\u0259 filan saatda biz\u0259 tort yem\u0259y\u0259 g\u0259l\u0259 bil\u0259rsiz. Amma g\u0259l\u0259c\u0259ksizs\u0259, indid\u0259n deyin, planla\u015fd\u0131raq. G\u00fclm\u0259k m\u0259ni tutdu ki, y\u0259ni tortdur da, yar\u0131m saata yeyib, yar\u0131m saat da s\u00f6hb\u0259t edib qalxaca\u011f\u0131q, daha n\u0259 planla\u015fd\u0131rma. Dedi, h\u0259min saatda bilmir\u0259m n\u0259 verili\u015fin\u0259 baxmal\u0131yam, bilim, g\u0259l\u0259c\u0259ksinizs\u0259, verili\u015fi yazacam, n\u0259 bilim, n\u0259&#8230;\n<\/p>\n<p>\n  Bir s\u00f6zl\u0259, indi avropal\u0131lar\u0131n g\u00f6z\u00fc il\u0259 Qafqaza bax\u0131ram v\u0259 anlay\u0131ram ki, biz n\u0259 q\u0259d\u0259r f\u0259rqliyik. Anlay\u0131ram ki, Qafqaza g\u0259lib, \u00fcz\u00fcm\u00fcz\u0259 g\u00fcl\u00fcb, qonaqp\u0259rv\u0259rliyimizi t\u0259rifl\u0259y\u0259n q\u0259b insan\u0131, \u0259slind\u0259 nec\u0259 h\u0259r \u015feyd\u0259n \u015foka d\u00fc\u015f\u00fcr.\n<\/p>\n<p>\n  <i><br \/>\n    <b><br \/>\n      Yaz\u0131 m\u00fc\u0259llifin fikirl\u0259rini \u0259ks etdirir v\u0259 Meydan TV-nin m\u00f6vqeyi il\u0259 \u00fcst-\u00fcst\u0259 d\u00fc\u015fm\u0259y\u0259 bil\u0259r.<br \/>\n    <\/b><br \/>\n  <\/i><\/p>\n","protected":false},"excerpt":{"rendered":"<p>Eduard Limonovun \u201cBu m\u0259n\u0259m &#8211; Edi\u00e7ka\u201d roman\u0131nda amerikal\u0131larla sovet adam\u0131n\u0131n mentalitetini a\u00e7ma\u011fa k\u00f6m\u0259k ed\u0259n xeyli s\u0259hn\u0259l\u0259r, t\u0259svirl\u0259r var<\/p>\n","protected":false},"author":11,"featured_media":79558,"comment_status":"closed","ping_status":"open","sticky":false,"template":"","format":"standard","meta":{"_acf_changed":false,"_sitemap_exclude":false,"_sitemap_priority":"","_sitemap_frequency":"","footnotes":""},"categories":[57],"tags":[],"class_list":["post-186364","post","type-post","status-publish","format-standard","has-post-thumbnail","hentry","category-menim-fikrimce","infinite-scroll-item","generate-columns","tablet-grid-50","mobile-grid-100","grid-parent","grid-33","no-featured-image-padding"],"acf":[],"yoast_head":"<!-- This site is optimized with the Yoast SEO plugin v27.5 - https:\/\/yoast.com\/product\/yoast-seo-wordpress\/ -->\n<title>Avropada al\u0131\u015fa bilm\u0259dikl\u0259rim - MEYDAN.TV<\/title>\n<meta name=\"robots\" content=\"index, follow, max-snippet:-1, max-image-preview:large, max-video-preview:-1\" \/>\n<link rel=\"canonical\" href=\"https:\/\/www.meydan.tv\/az\/article\/avropada-alisa-bilmediklerim\/\" \/>\n<meta property=\"og:locale\" content=\"az_AZ\" \/>\n<meta property=\"og:type\" content=\"article\" \/>\n<meta property=\"og:title\" content=\"Avropada al\u0131\u015fa bilm\u0259dikl\u0259rim - MEYDAN.TV\" \/>\n<meta property=\"og:description\" content=\"Eduard Limonovun \u201cBu m\u0259n\u0259m - Edi\u00e7ka\u201d roman\u0131nda amerikal\u0131larla sovet adam\u0131n\u0131n mentalitetini a\u00e7ma\u011fa k\u00f6m\u0259k ed\u0259n xeyli s\u0259hn\u0259l\u0259r, t\u0259svirl\u0259r var\" \/>\n<meta property=\"og:url\" content=\"https:\/\/www.meydan.tv\/az\/article\/avropada-alisa-bilmediklerim\/\" \/>\n<meta property=\"og:site_name\" content=\"MEYDAN.TV\" \/>\n<meta property=\"article:published_time\" content=\"2017-09-04T17:16:33+00:00\" \/>\n<meta property=\"og:image\" content=\"https:\/\/www.meydan.tv\/wp-content\/uploads\/31012.png\" \/>\n\t<meta property=\"og:image:width\" content=\"1000\" \/>\n\t<meta property=\"og:image:height\" content=\"560\" \/>\n\t<meta property=\"og:image:type\" content=\"image\/png\" \/>\n<meta name=\"author\" content=\"user-manager\" \/>\n<meta name=\"twitter:card\" content=\"summary_large_image\" \/>\n<script type=\"application\/ld+json\" class=\"yoast-schema-graph\">{\"@context\":\"https:\\\/\\\/schema.org\",\"@graph\":[{\"@type\":\"Article\",\"@id\":\"https:\\\/\\\/www.meydan.tv\\\/az\\\/article\\\/avropada-alisa-bilmediklerim\\\/#article\",\"isPartOf\":{\"@id\":\"https:\\\/\\\/www.meydan.tv\\\/az\\\/article\\\/avropada-alisa-bilmediklerim\\\/\"},\"author\":{\"name\":\"user-manager\",\"@id\":\"https:\\\/\\\/www.meydan.tv\\\/az\\\/#\\\/schema\\\/person\\\/10d11eccf6da3662cf5fdab9806ea91a\"},\"headline\":\"Avropada al\u0131\u015fa bilm\u0259dikl\u0259rim\",\"datePublished\":\"2017-09-04T17:16:33+00:00\",\"mainEntityOfPage\":{\"@id\":\"https:\\\/\\\/www.meydan.tv\\\/az\\\/article\\\/avropada-alisa-bilmediklerim\\\/\"},\"wordCount\":1182,\"publisher\":{\"@id\":\"https:\\\/\\\/www.meydan.tv\\\/az\\\/#organization\"},\"image\":{\"@id\":\"https:\\\/\\\/www.meydan.tv\\\/az\\\/article\\\/avropada-alisa-bilmediklerim\\\/#primaryimage\"},\"thumbnailUrl\":\"https:\\\/\\\/www.meydan.tv\\\/wp-content\\\/uploads\\\/31012.png\",\"articleSection\":[\"M\u0259nim Fikrimc\u0259\"],\"inLanguage\":\"az\"},{\"@type\":\"WebPage\",\"@id\":\"https:\\\/\\\/www.meydan.tv\\\/az\\\/article\\\/avropada-alisa-bilmediklerim\\\/\",\"url\":\"https:\\\/\\\/www.meydan.tv\\\/az\\\/article\\\/avropada-alisa-bilmediklerim\\\/\",\"name\":\"Avropada al\u0131\u015fa bilm\u0259dikl\u0259rim - MEYDAN.TV\",\"isPartOf\":{\"@id\":\"https:\\\/\\\/www.meydan.tv\\\/az\\\/#website\"},\"primaryImageOfPage\":{\"@id\":\"https:\\\/\\\/www.meydan.tv\\\/az\\\/article\\\/avropada-alisa-bilmediklerim\\\/#primaryimage\"},\"image\":{\"@id\":\"https:\\\/\\\/www.meydan.tv\\\/az\\\/article\\\/avropada-alisa-bilmediklerim\\\/#primaryimage\"},\"thumbnailUrl\":\"https:\\\/\\\/www.meydan.tv\\\/wp-content\\\/uploads\\\/31012.png\",\"datePublished\":\"2017-09-04T17:16:33+00:00\",\"breadcrumb\":{\"@id\":\"https:\\\/\\\/www.meydan.tv\\\/az\\\/article\\\/avropada-alisa-bilmediklerim\\\/#breadcrumb\"},\"inLanguage\":\"az\",\"potentialAction\":[{\"@type\":\"ReadAction\",\"target\":[\"https:\\\/\\\/www.meydan.tv\\\/az\\\/article\\\/avropada-alisa-bilmediklerim\\\/\"]}]},{\"@type\":\"ImageObject\",\"inLanguage\":\"az\",\"@id\":\"https:\\\/\\\/www.meydan.tv\\\/az\\\/article\\\/avropada-alisa-bilmediklerim\\\/#primaryimage\",\"url\":\"https:\\\/\\\/www.meydan.tv\\\/wp-content\\\/uploads\\\/31012.png\",\"contentUrl\":\"https:\\\/\\\/www.meydan.tv\\\/wp-content\\\/uploads\\\/31012.png\",\"width\":1000,\"height\":560,\"caption\":\"Source:\"},{\"@type\":\"BreadcrumbList\",\"@id\":\"https:\\\/\\\/www.meydan.tv\\\/az\\\/article\\\/avropada-alisa-bilmediklerim\\\/#breadcrumb\",\"itemListElement\":[{\"@type\":\"ListItem\",\"position\":1,\"name\":\"Ana s\u0259hif\u0259\",\"item\":\"https:\\\/\\\/www.meydan.tv\\\/az\\\/\"},{\"@type\":\"ListItem\",\"position\":2,\"name\":\"M\u0259nim Fikrimc\u0259\",\"item\":\"https:\\\/\\\/www.meydan.tv\\\/az\\\/section\\\/menim-fikrimce\\\/\"},{\"@type\":\"ListItem\",\"position\":3,\"name\":\"Avropada al\u0131\u015fa bilm\u0259dikl\u0259rim\"}]},{\"@type\":\"WebSite\",\"@id\":\"https:\\\/\\\/www.meydan.tv\\\/az\\\/#website\",\"url\":\"https:\\\/\\\/www.meydan.tv\\\/az\\\/\",\"name\":\"MEYDAN.TV\",\"description\":\"Meydan TV Az\u0259rbaycan\u0131n media m\u0259kan\u0131ndak\u0131 alternativ s\u0259sidir\",\"publisher\":{\"@id\":\"https:\\\/\\\/www.meydan.tv\\\/az\\\/#organization\"},\"potentialAction\":[{\"@type\":\"SearchAction\",\"target\":{\"@type\":\"EntryPoint\",\"urlTemplate\":\"https:\\\/\\\/www.meydan.tv\\\/az\\\/?s={search_term_string}\"},\"query-input\":{\"@type\":\"PropertyValueSpecification\",\"valueRequired\":true,\"valueName\":\"search_term_string\"}}],\"inLanguage\":\"az\"},{\"@type\":\"Organization\",\"@id\":\"https:\\\/\\\/www.meydan.tv\\\/az\\\/#organization\",\"name\":\"Meydan TV\",\"url\":\"https:\\\/\\\/www.meydan.tv\\\/az\\\/\",\"logo\":{\"@type\":\"ImageObject\",\"inLanguage\":\"az\",\"@id\":\"https:\\\/\\\/www.meydan.tv\\\/az\\\/#\\\/schema\\\/logo\\\/image\\\/\",\"url\":\"https:\\\/\\\/www.meydan.tv\\\/wp-content\\\/uploads\\\/2021\\\/07\\\/meydan-logo.svg\",\"contentUrl\":\"https:\\\/\\\/www.meydan.tv\\\/wp-content\\\/uploads\\\/2021\\\/07\\\/meydan-logo.svg\",\"width\":195,\"height\":46,\"caption\":\"Meydan TV\"},\"image\":{\"@id\":\"https:\\\/\\\/www.meydan.tv\\\/az\\\/#\\\/schema\\\/logo\\\/image\\\/\"}},{\"@type\":\"Person\",\"@id\":\"https:\\\/\\\/www.meydan.tv\\\/az\\\/#\\\/schema\\\/person\\\/10d11eccf6da3662cf5fdab9806ea91a\",\"name\":\"user-manager\"}]}<\/script>\n<!-- \/ Yoast SEO plugin. -->","yoast_head_json":{"title":"Avropada al\u0131\u015fa bilm\u0259dikl\u0259rim - MEYDAN.TV","robots":{"index":"index","follow":"follow","max-snippet":"max-snippet:-1","max-image-preview":"max-image-preview:large","max-video-preview":"max-video-preview:-1"},"canonical":"https:\/\/www.meydan.tv\/az\/article\/avropada-alisa-bilmediklerim\/","og_locale":"az_AZ","og_type":"article","og_title":"Avropada al\u0131\u015fa bilm\u0259dikl\u0259rim - MEYDAN.TV","og_description":"Eduard Limonovun \u201cBu m\u0259n\u0259m - Edi\u00e7ka\u201d roman\u0131nda amerikal\u0131larla sovet adam\u0131n\u0131n mentalitetini a\u00e7ma\u011fa k\u00f6m\u0259k ed\u0259n xeyli s\u0259hn\u0259l\u0259r, t\u0259svirl\u0259r var","og_url":"https:\/\/www.meydan.tv\/az\/article\/avropada-alisa-bilmediklerim\/","og_site_name":"MEYDAN.TV","article_published_time":"2017-09-04T17:16:33+00:00","og_image":[{"width":1000,"height":560,"url":"https:\/\/www.meydan.tv\/wp-content\/uploads\/31012.png","type":"image\/png"}],"author":"user-manager","twitter_card":"summary_large_image","schema":{"@context":"https:\/\/schema.org","@graph":[{"@type":"Article","@id":"https:\/\/www.meydan.tv\/az\/article\/avropada-alisa-bilmediklerim\/#article","isPartOf":{"@id":"https:\/\/www.meydan.tv\/az\/article\/avropada-alisa-bilmediklerim\/"},"author":{"name":"user-manager","@id":"https:\/\/www.meydan.tv\/az\/#\/schema\/person\/10d11eccf6da3662cf5fdab9806ea91a"},"headline":"Avropada al\u0131\u015fa bilm\u0259dikl\u0259rim","datePublished":"2017-09-04T17:16:33+00:00","mainEntityOfPage":{"@id":"https:\/\/www.meydan.tv\/az\/article\/avropada-alisa-bilmediklerim\/"},"wordCount":1182,"publisher":{"@id":"https:\/\/www.meydan.tv\/az\/#organization"},"image":{"@id":"https:\/\/www.meydan.tv\/az\/article\/avropada-alisa-bilmediklerim\/#primaryimage"},"thumbnailUrl":"https:\/\/www.meydan.tv\/wp-content\/uploads\/31012.png","articleSection":["M\u0259nim Fikrimc\u0259"],"inLanguage":"az"},{"@type":"WebPage","@id":"https:\/\/www.meydan.tv\/az\/article\/avropada-alisa-bilmediklerim\/","url":"https:\/\/www.meydan.tv\/az\/article\/avropada-alisa-bilmediklerim\/","name":"Avropada al\u0131\u015fa bilm\u0259dikl\u0259rim - MEYDAN.TV","isPartOf":{"@id":"https:\/\/www.meydan.tv\/az\/#website"},"primaryImageOfPage":{"@id":"https:\/\/www.meydan.tv\/az\/article\/avropada-alisa-bilmediklerim\/#primaryimage"},"image":{"@id":"https:\/\/www.meydan.tv\/az\/article\/avropada-alisa-bilmediklerim\/#primaryimage"},"thumbnailUrl":"https:\/\/www.meydan.tv\/wp-content\/uploads\/31012.png","datePublished":"2017-09-04T17:16:33+00:00","breadcrumb":{"@id":"https:\/\/www.meydan.tv\/az\/article\/avropada-alisa-bilmediklerim\/#breadcrumb"},"inLanguage":"az","potentialAction":[{"@type":"ReadAction","target":["https:\/\/www.meydan.tv\/az\/article\/avropada-alisa-bilmediklerim\/"]}]},{"@type":"ImageObject","inLanguage":"az","@id":"https:\/\/www.meydan.tv\/az\/article\/avropada-alisa-bilmediklerim\/#primaryimage","url":"https:\/\/www.meydan.tv\/wp-content\/uploads\/31012.png","contentUrl":"https:\/\/www.meydan.tv\/wp-content\/uploads\/31012.png","width":1000,"height":560,"caption":"Source:"},{"@type":"BreadcrumbList","@id":"https:\/\/www.meydan.tv\/az\/article\/avropada-alisa-bilmediklerim\/#breadcrumb","itemListElement":[{"@type":"ListItem","position":1,"name":"Ana s\u0259hif\u0259","item":"https:\/\/www.meydan.tv\/az\/"},{"@type":"ListItem","position":2,"name":"M\u0259nim Fikrimc\u0259","item":"https:\/\/www.meydan.tv\/az\/section\/menim-fikrimce\/"},{"@type":"ListItem","position":3,"name":"Avropada al\u0131\u015fa bilm\u0259dikl\u0259rim"}]},{"@type":"WebSite","@id":"https:\/\/www.meydan.tv\/az\/#website","url":"https:\/\/www.meydan.tv\/az\/","name":"MEYDAN.TV","description":"Meydan TV Az\u0259rbaycan\u0131n media m\u0259kan\u0131ndak\u0131 alternativ s\u0259sidir","publisher":{"@id":"https:\/\/www.meydan.tv\/az\/#organization"},"potentialAction":[{"@type":"SearchAction","target":{"@type":"EntryPoint","urlTemplate":"https:\/\/www.meydan.tv\/az\/?s={search_term_string}"},"query-input":{"@type":"PropertyValueSpecification","valueRequired":true,"valueName":"search_term_string"}}],"inLanguage":"az"},{"@type":"Organization","@id":"https:\/\/www.meydan.tv\/az\/#organization","name":"Meydan TV","url":"https:\/\/www.meydan.tv\/az\/","logo":{"@type":"ImageObject","inLanguage":"az","@id":"https:\/\/www.meydan.tv\/az\/#\/schema\/logo\/image\/","url":"https:\/\/www.meydan.tv\/wp-content\/uploads\/2021\/07\/meydan-logo.svg","contentUrl":"https:\/\/www.meydan.tv\/wp-content\/uploads\/2021\/07\/meydan-logo.svg","width":195,"height":46,"caption":"Meydan TV"},"image":{"@id":"https:\/\/www.meydan.tv\/az\/#\/schema\/logo\/image\/"}},{"@type":"Person","@id":"https:\/\/www.meydan.tv\/az\/#\/schema\/person\/10d11eccf6da3662cf5fdab9806ea91a","name":"user-manager"}]}},"_links":{"self":[{"href":"https:\/\/www.meydan.tv\/az\/wp-json\/wp\/v2\/posts\/186364","targetHints":{"allow":["GET"]}}],"collection":[{"href":"https:\/\/www.meydan.tv\/az\/wp-json\/wp\/v2\/posts"}],"about":[{"href":"https:\/\/www.meydan.tv\/az\/wp-json\/wp\/v2\/types\/post"}],"author":[{"embeddable":true,"href":"https:\/\/www.meydan.tv\/az\/wp-json\/wp\/v2\/users\/11"}],"replies":[{"embeddable":true,"href":"https:\/\/www.meydan.tv\/az\/wp-json\/wp\/v2\/comments?post=186364"}],"version-history":[{"count":0,"href":"https:\/\/www.meydan.tv\/az\/wp-json\/wp\/v2\/posts\/186364\/revisions"}],"wp:featuredmedia":[{"embeddable":true,"href":"https:\/\/www.meydan.tv\/az\/wp-json\/wp\/v2\/media\/79558"}],"wp:attachment":[{"href":"https:\/\/www.meydan.tv\/az\/wp-json\/wp\/v2\/media?parent=186364"}],"wp:term":[{"taxonomy":"category","embeddable":true,"href":"https:\/\/www.meydan.tv\/az\/wp-json\/wp\/v2\/categories?post=186364"},{"taxonomy":"post_tag","embeddable":true,"href":"https:\/\/www.meydan.tv\/az\/wp-json\/wp\/v2\/tags?post=186364"}],"curies":[{"name":"wp","href":"https:\/\/api.w.org\/{rel}","templated":true}]}}