{"id":186266,"date":"2017-08-27T12:42:34","date_gmt":"2017-08-27T12:42:34","guid":{"rendered":"https:\/\/www.meydan.tv\/article\/mudafie-nazirliyi-partlayisla-bagli-gilezi-ve-sitalcayda-ehali-texliye-edilib-yenilenir\/"},"modified":"2017-08-27T12:42:34","modified_gmt":"2017-08-27T12:42:34","slug":"mudafie-nazirliyi-partlayisla-bagli-gilezi-ve-sitalcayda-ehali-texliye-edilib-yenilenir","status":"publish","type":"post","link":"https:\/\/www.meydan.tv\/az\/article\/mudafie-nazirliyi-partlayisla-bagli-gilezi-ve-sitalcayda-ehali-texliye-edilib-yenilenir\/","title":{"rendered":"M\u00fcdafi\u0259 Nazirliyi: Partlay\u0131\u015fla ba\u011fl\u0131 Gil\u0259zi v\u0259 Sital\u00e7ayda \u0259hali t\u0259xliy\u0259 edilib (yenil\u0259nir)"},"content":{"rendered":"<figure class=\"wp-block-embed is-type-video is-provider-youtube wp-block-embed-youtube wp-embed-aspect-16-9 wp-has-aspect-ratio\">\n<div class=\"wp-block-embed__wrapper\">\n    <iframe loading=\"lazy\"\ttitle=\"\" width=\"1200\" height=\"675\" src=\"https:\/\/www.youtube.com\/embed\/jG2NQwmIVJg\"\tframeborder=\"0\"\tallow=\"accelerometer; autoplay; clipboard-write; encrypted-media; gyroscope; picture-in-picture\" allowfullscreen><\/iframe>\n  <\/div><figcaption><\/figcaption><\/figure>\n<p>\n  <i><br \/>\n    ***<br \/>\n  <\/i>\n<\/p>\n<p>\n  <i><br \/>\n    18.25.<br \/>\n  <\/i><br \/>\n  <i><br \/>\n    M\u00fcdafi\u0259, F\u00f6vq\u0259lad\u0259 Hallar nazirlikl\u0259rinin v\u0259 Ba\u015f Prokurorlu\u011fun m\u0259tbuat xidm\u0259tl\u0259rinin M\u00fcdafi\u0259 Nazirliyinin N sayl\u0131 h\u0259rbi hiss\u0259sind\u0259 ba\u015f vermi\u015f hadis\u0259 il\u0259 ba\u011fl\u0131 AZ\u018fRTAC-a daxil olan \u0259lav\u0259 m\u0259lumat\u0131nda bildirilir ki, m\u00fcvafiq qurumlar t\u0259r\u0259find\u0259n g\u00f6r\u00fclm\u00fc\u015f kompleks t\u0259xir\u0259sal\u0131nmaz t\u0259dbirl\u0259r n\u0259tic\u0259sind\u0259 saat 17 rad\u0259l\u0259rind\u0259 yan\u011f\u0131n lokalla\u015fd\u0131r\u0131laraq dig\u0259r \u0259razil\u0259r\u0259 ke\u00e7m\u0259sinin v\u0259 partlay\u0131\u015flar\u0131n geni\u015f v\u00fcs\u0259t almas\u0131n\u0131n qar\u015f\u0131s\u0131 al\u0131n\u0131b:<br \/>\n  <\/i>\n<\/p>\n<p>\n  <i><br \/>\n    &#8220;Haz\u0131rda M\u00fcdafi\u0259 Nazirliyinin h\u0259rbi hiss\u0259nin \u0259razisin\u0259 c\u0259lb edilmi\u015f m\u00fch\u0259ndis-istehkam b\u00f6lm\u0259l\u0259rinin, el\u0259c\u0259 d\u0259 F\u00f6vq\u0259lad\u0259 Hallar Nazirliyinin D\u00f6vl\u0259t Yan\u011f\u0131ndan M\u00fchafiz\u0259, X\u00fcsusi Riskli Xilasetm\u0259 xidm\u0259tl\u0259rinin, M\u00fclki M\u00fcdafi\u0259 Qo\u015funlar\u0131n\u0131n v\u0259 Az\u0259rbaycan Respublikas\u0131 \u018frazil\u0259rinin Minalardan T\u0259mizl\u0259nm\u0259si \u00fczr\u0259 Milli Agentliyin canl\u0131 q\u00fcvv\u0259l\u0259ri v\u0259 m\u00fcvafiq texnikalar\u0131 t\u0259r\u0259find\u0259n partlama n\u0259tic\u0259sind\u0259 \u0259trafa s\u0259p\u0259l\u0259nmi\u015f q\u0259lp\u0259l\u0259rin, \u0259razid\u0259 qalan partlamam\u0131\u015f sursatlar\u0131n a\u015fkarlan\u0131b z\u0259r\u0259rsizl\u0259\u015fdirilm\u0259si istiqam\u0259tind\u0259 m\u00fcvafiq t\u0259dbirl\u0259r davam etdirilir.<br \/>\n  <\/i><br \/>\n  <i><br \/>\n    Eyni zamanda, hadis\u0259 n\u0259tic\u0259sind\u0259 y\u00fcng\u00fcl d\u0259r\u0259c\u0259li b\u0259d\u0259n x\u0259sar\u0259tl\u0259ri alaraq Siy\u0259z\u0259n Regional M\u00fcalic\u0259 Diaqnostika M\u0259rk\u0259zin\u0259 yerl\u0259\u015fdirilmi\u015f h\u0259rbi qulluq\u00e7u olmayan 5 n\u0259f\u0259r ilkin tibbi yard\u0131m g\u00f6st\u0259rildikd\u0259n sonra burax\u0131l\u0131b, dig\u0259r \u015f\u0259xs is\u0259 x\u0259st\u0259xanada m\u00fc\u015fahid\u0259 alt\u0131nda saxlan\u0131l\u0131r. Onun v\u0259ziyy\u0259ti sabitdir, h\u0259yat\u0131 \u00fc\u00e7\u00fcn t\u0259hl\u00fck\u0259 yoxdur. Ba\u015f vermi\u015f hadis\u0259 n\u0259tic\u0259sind\u0259 dig\u0259r a\u011f\u0131r x\u0259sar\u0259t alan v\u0259 yaxud v\u0259fat ed\u0259n \u015f\u0259xsl\u0259r olmay\u0131b&#8221;.<br \/>\n  <\/i>\n<\/p>\n<p>\n  <i><br \/>\n    Bildirilir ki, Daxili \u0130\u015fl\u0259r Nazirliyi Bak\u0131-Quba avtomobil yolunda avtomobill\u0259rin t\u0259hl\u00fck\u0259siz h\u0259r\u0259k\u0259ti b\u0259rpa edib, \u0259<br \/>\n  <\/i><br \/>\n  <i><br \/>\n    zil\u0259rd\u0259n t\u0259xliy\u0259 olunmu\u015f k\u0259nd sakinl\u0259ri art\u0131q daimi ya\u015fay\u0131\u015f yerl\u0259rin\u0259 qaytar\u0131l\u0131blar.<br \/>\n  <\/i>\n<\/p>\n<p>\n  <i><br \/>\n    ***<br \/>\n  <\/i>\n<\/p>\n<p>\n  <i><br \/>\n    16.40. M\u00fcdafi\u0259 Nazirliyinin N sayl\u0131 h\u0259rbi hiss\u0259sind\u0259 ba\u015f vermi\u015f yan\u011f\u0131nla \u0259laq\u0259dar Ba\u015f D\u00f6vl\u0259t Yol Polisi \u0130dar\u0259si t\u0259r\u0259find\u0259n Bak\u0131-Quba avtomobil yolunda n\u0259qliyyat\u0131n h\u0259r\u0259k\u0259tin\u0259 qoyulmu\u015f m\u0259hdudiyy\u0259t aradan qald\u0131r\u0131l\u0131b.<br \/>\n  <\/i>\n<\/p>\n<p>\n  <i><br \/>\n    AZ\u018fRTAC x\u0259b\u0259r verir ki, saat 16:00-dan etibar\u0259n art\u0131q h\u0259r iki istiqam\u0259td\u0259 n\u0259qliyyat vasit\u0259l\u0259rinin mane\u0259siz h\u0259r\u0259k\u0259ti t\u0259min olunub.<br \/>\n  <\/i>\n<\/p>\n<p>\n  <i><br \/>\n    ***<br \/>\n  <\/i>\n<\/p>\n<p>\n  <i><br \/>\n    15.35. M\u00fcdafi\u0259 Nazirliyinin N sayl\u0131 h\u0259rbi hiss\u0259sinin silah-sursat anbar\u0131nda ba\u015f vermi\u015f partlay\u0131\u015fda yaralanan alt\u0131 n\u0259f\u0259rin ad\u0131 m\u0259lum olub.<br \/>\n  <\/i>\n<\/p>\n<p>\n  <i><br \/>\n    1995-ci il t\u0259v\u0259ll\u00fcdl\u00fc H\u00fcseynov Kamran Rasim o\u011flu, 1976-c\u0131 il t\u0259v\u0259ll\u00fcdl\u00fc Abbasov N\u0259simi Bibiqulu o\u011flu, 1978-ci il t\u0259v\u0259ll\u00fcdl\u00fc A\u011fayev M\u0259h\u0259mm\u0259d A\u011farza o\u011flu, 1967-ci il t\u0259v\u0259ll\u00fcdl\u00fc C\u0259bray\u0131lov Vidadi Tal\u0131b o\u011flu, 1990-c\u0131 il t\u0259v\u0259ll\u00fcdl\u00fc M\u0259mm\u0259dyarov Samir Fazil o\u011flu v\u0259 1964-c\u00fc il t\u0259v\u0259ll\u00fcdl\u00fc D\u0259mirov \u018flverdi Al\u0131\u015f o\u011flu q\u0259lp\u0259 yaralar\u0131 il\u0259 Siy\u0259z\u0259n Regional M\u00fcalic\u0259 Diaqnostika M\u0259rk\u0259zin\u0259 yerl\u0259\u015fdirilibl\u0259r.<br \/>\n  <\/i>\n<\/p>\n<p>\n  <i><br \/>\n    Yaral\u0131lar\u0131n v\u0259ziyy\u0259ti yax\u015f\u0131d\u0131r, onlara z\u0259ruri tibbi yard\u0131m g\u00f6st\u0259rilir (APA).<br \/>\n  <\/i>\n<\/p>\n<p>\n  <i><br \/>\n    ***<br \/>\n  <\/i>\n<\/p>\n<p>\n  <i><br \/>\n    14.28.S\u0259hiyy\u0259 Nazirliyinin T\u0259cili v\u0259 T\u0259xir\u0259sal\u0131nmaz Tibbi Yard\u0131m Stansiyas\u0131n\u0131n ba\u015f h\u0259kimi Mir\u0259l\u0259m C\u0259lalovun Meydan TV-y\u0259 verdiyi m\u0259lumata g\u00f6r\u0259, hadis\u0259 zaman\u0131 yaralanan 6 n\u0259f\u0259r x\u0259st\u0259xanalara \u00e7atd\u0131rl\u0131b.<br \/>\n  <\/i><br \/>\n  <i><br \/>\n    Hadis\u0259 yerind\u0259n g\u00f6t\u00fcr\u00fcl\u0259n yaral\u0131lar Siy\u0259z\u0259n Diaqnostika M\u0259rk\u0259zin\u0259 apar\u0131l\u0131b. Onlar\u0131n yaralar\u0131 y\u00fcng\u00fcld\u00fcr.<br \/>\n  <\/i>\n<\/p>\n<p>\n  <i><br \/>\n    ***<br \/>\n  <\/i>\n<\/p>\n<p>\n  <i><br \/>\n    12.30. M\u00fcdafi\u0259 Nazirliyinin N sayl\u0131 h\u0259rbi hiss\u0259sinin silah anbar\u0131nda yan\u011f\u0131n n\u0259tic\u0259sind\u0259 partlay\u0131\u015f ba\u015f vermi\u015f \u0259raziy\u0259 yax\u0131n Gil\u0259zi, Sital\u00e7ay v\u0259 dig\u0259r ya\u015fay\u0131\u015f m\u0259nt\u0259q\u0259l\u0259rind\u0259ki \u0259halinin t\u0259xliy\u0259si<br \/>\n    <a href=\"http:\/\/mod.gov.az\/az\/news\/hadise-bas-vermis-erazide-texiresalinmaz-tedbirler-davam-etdirilir-19729.html\"><br \/>\n      h\u0259yata ke\u00e7irilib<br \/>\n    <\/a><br \/>\n    .<br \/>\n  <\/i>\n<\/p>\n<p>\n  <i><br \/>\n    Haz\u0131rda aidiyy\u0259ti qurumlar t\u0259r\u0259find\u0259n m\u00fcvafiq t\u0259xir\u0259sal\u0131nmaz t\u0259dbirl\u0259r davam etdirilir.<br \/>\n  <\/i>\n<\/p>\n<p>\n  <i><br \/>\n    ***<br \/>\n  <\/i>\n<\/p>\n<p>\n  <i><br \/>\n    11.58. Ba\u015f D\u00f6vl\u0259t Yol Polisi \u0130dar\u0259si bu g\u00fcn M\u00fcdafi\u0259 Nazirliyinin N sayl\u0131 h\u0259rbi hiss\u0259sinin silah anbar\u0131nda ba\u015f ver\u0259n yan\u011f\u0131n v\u0259 partlay\u0131\u015fla \u0259laq\u0259dar x\u0259b\u0259rdarl\u0131q edib.<br \/>\n  <\/i>\n<\/p>\n<p>\n  <i><br \/>\n    Ba\u015f D\u00f6vl\u0259t Yol Polisi \u0130dar\u0259sinin ictimaiyy\u0259tl\u0259 \u0259laq\u0259l\u0259r \u015f\u00f6b\u0259sinin r\u0259isi Kamran \u018fliyevin APA-ya verdiyi m\u0259lumata g\u00f6r\u0259, X\u0131z\u0131 rayonu \u0259razisind\u0259 yaranm\u0131\u015f t\u0259hl\u00fck\u0259 il\u0259 \u0259laq\u0259dar Bak\u0131-Quba avtomobil yolunun 28-ci km-d\u0259n, el\u0259c\u0259 d\u0259 h\u0259min yolun Qubadan paytaxt istiqam\u0259tin\u0259 78-ci km-d\u0259n n\u0259qliyyat vasit\u0259l\u0259rinin h\u0259r\u0259k\u0259ti m\u00fcv\u0259qq\u0259ti olaraq tam m\u0259hdudla\u015fd\u0131r\u0131l\u0131b.<br \/>\n  <\/i>\n<\/p>\n<p>\n  <i><br \/>\n    Qeyd olunanlar\u0131 n\u0259z\u0259r\u0259 alaraq s\u00fcr\u00fcc\u00fcl\u0259rd\u0259n xahi\u015f olunur ki, h\u0259min istiqam\u0259tl\u0259rd\u0259 s\u0259f\u0259rl\u0259rini m\u00fcv\u0259qq\u0259ti olaraq t\u0259xir\u0259 sals\u0131nlar.<br \/>\n  <\/i>\n<\/p>\n<p>\n  <i><br \/>\n    ***<br \/>\n  <\/i>\n<\/p>\n<p>\n  <i><br \/>\n    11.21. Son m\u0259lumata \u0259sas\u0259n, Gil\u0259zi k\u0259ndinin sakinl\u0259ri d\u0259 k\u0259ndi t\u0259rk edib, haz\u0131rda \u0259razid\u0259 sakitlikdir.<br \/>\n  <\/i>\n<\/p>\n<p>\n  <i><br \/>\n    S\u0259hiyy\u0259 Nazirliyinin T\u0259cili v\u0259 T\u0259xir\u0259sal\u0131nmaz Tibbi Yard\u0131m Stansiyas\u0131n\u0131n ba\u015f h\u0259kimi Mir\u0259l\u0259m C\u0259lalov<br \/>\n  <\/i><br \/>\n  <i><br \/>\n    APA-ya deyib ki, partlay\u0131\u015fla \u0259laq\u0259dar hadis\u0259 yerin\u0259 10 t\u0259cili tibbi yard\u0131m briqadas\u0131 g\u00f6nd\u0259rilib.<br \/>\n  <\/i>\n<\/p>\n<p>\n  <i><br \/>\n    Ba\u015f h\u0259kim qeyd edib ki, partlay\u0131\u015fla m\u00fc\u015fayi\u0259t olunan yan\u011f\u0131n davam etdiyind\u0259n t\u0259cili yard\u0131m ma\u015f\u0131nlar\u0131 \u0259raziy\u0259 burax\u0131lm\u0131r.<br \/>\n  <\/i>\n<\/p>\n<p>\n  <i><br \/>\n    Hadis\u0259 n\u0259tic\u0259sind\u0259 yaral\u0131lar\u0131n oldu\u011fu bar\u0259d\u0259 m\u0259lumat daxil oldu\u011funu dey\u0259n M. C\u0259lalov ehtiyac yaranaca\u011f\u0131 t\u0259qdird\u0259 \u0259raziy\u0259 \u0259lav\u0259 briqadalar g\u00f6nd\u0259ril\u0259c\u0259yini bildirib.<br \/>\n  <\/i>\n<\/p>\n<p>\n  <i><br \/>\n    ***<br \/>\n  <\/i>\n<\/p>\n<p>\n  <i><br \/>\n    X\u0259sar\u0259t alanlar haqda m\u0259lumat yoxdur<br \/>\n  <\/i>\n<\/p>\n<p>\n  Avqustun 27-d\u0259 s\u0259h\u0259r\u00e7a\u011f\u0131 X\u0131z\u0131 rayonunun Stal\u00e7ay k\u0259ndinin yax\u0131nl\u0131\u011f\u0131ndak\u0131 silah anbar\u0131nda partlay\u0131\u015f olub. M\u0259rmil\u0259rin b\u0259zil\u0259ri \u015euraabad v\u0259 dig\u0259r qon\u015fu k\u0259ndl\u0259r\u0259 d\u0259 d\u00fc\u015f\u00fcb.\n<\/p>\n<p>\n  Bu bar\u0259d\u0259 Meydan TV-y\u0259 yerli \u0259hali m\u0259lumat verib.\n<\/p>\n<p>\n  Bildirilir ki, haz\u0131rda k\u0259nd\u0259 ged\u0259n yolu ba\u011flay\u0131blar, \u0259hali \u0259razini t\u0259rk edir:\n<\/p>\n<p>\n  \u201cX\u0259sar\u0259t alanlar haqda m\u0259lumat yoxdur, F\u00f6vq\u0259lada Hallar Nazirliyinin \u0259m\u0259kda\u015flar\u0131 \u0259razid\u0259dirl\u0259r\u201d.\n<\/p>\n<p>\n  M\u00fcdafi\u0259 Nazirliyi<br \/>\n  <a href=\"http:\/\/mod.gov.az\/az\/news\/herbi-hissenin-erazisinde-yangin-bas-verib-19726.html\"><br \/>\n    fakt\u0131<br \/>\n  <\/a><br \/>\n  t\u0259sdiql\u0259yib.<\/p>\n","protected":false},"excerpt":{"rendered":"<p>X\u0259sar\u0259t alanlar haqda m\u0259lumat yoxdur<\/p>\n","protected":false},"author":11,"featured_media":90986,"comment_status":"closed","ping_status":"open","sticky":false,"template":"","format":"standard","meta":{"_acf_changed":false,"_sitemap_exclude":false,"_sitemap_priority":"","_sitemap_frequency":"","footnotes":""},"categories":[56],"tags":[],"class_list":["post-186266","post","type-post","status-publish","format-standard","has-post-thumbnail","hentry","category-xeberler","infinite-scroll-item","generate-columns","tablet-grid-50","mobile-grid-100","grid-parent","grid-33","no-featured-image-padding"],"acf":[],"yoast_head":"<!-- This site is optimized with the Yoast SEO plugin v28.4 - https:\/\/yoast.com\/product\/yoast-seo-wordpress\/ -->\n<title>M\u00fcdafi\u0259 Nazirliyi: Partlay\u0131\u015fla ba\u011fl\u0131 Gil\u0259zi v\u0259 Sital\u00e7ayda \u0259hali t\u0259xliy\u0259 edilib (yenil\u0259nir) - MEYDAN.TV<\/title>\n<meta name=\"robots\" content=\"index, follow, max-snippet:-1, max-image-preview:large, max-video-preview:-1\" \/>\n<link rel=\"canonical\" href=\"https:\/\/www.meydan.tv\/az\/article\/mudafie-nazirliyi-partlayisla-bagli-gilezi-ve-sitalcayda-ehali-texliye-edilib-yenilenir\/\" \/>\n<meta property=\"og:locale\" content=\"az_AZ\" \/>\n<meta property=\"og:type\" content=\"article\" \/>\n<meta property=\"og:title\" content=\"M\u00fcdafi\u0259 Nazirliyi: Partlay\u0131\u015fla ba\u011fl\u0131 Gil\u0259zi v\u0259 Sital\u00e7ayda \u0259hali t\u0259xliy\u0259 edilib (yenil\u0259nir) - MEYDAN.TV\" \/>\n<meta property=\"og:description\" content=\"X\u0259sar\u0259t alanlar haqda m\u0259lumat yoxdur\" \/>\n<meta property=\"og:url\" content=\"https:\/\/www.meydan.tv\/az\/article\/mudafie-nazirliyi-partlayisla-bagli-gilezi-ve-sitalcayda-ehali-texliye-edilib-yenilenir\/\" \/>\n<meta property=\"og:site_name\" content=\"MEYDAN.TV\" \/>\n<meta property=\"article:published_time\" content=\"2017-08-27T12:42:34+00:00\" \/>\n<meta property=\"og:image\" content=\"https:\/\/www.meydan.tv\/wp-content\/uploads\/35917.png\" \/>\n\t<meta property=\"og:image:width\" content=\"720\" \/>\n\t<meta property=\"og:image:height\" content=\"405\" \/>\n\t<meta property=\"og:image:type\" content=\"image\/png\" \/>\n<meta name=\"twitter:card\" content=\"summary_large_image\" \/>\n<!-- \/ Yoast SEO plugin. -->","yoast_head_json":{"title":"M\u00fcdafi\u0259 Nazirliyi: Partlay\u0131\u015fla ba\u011fl\u0131 Gil\u0259zi v\u0259 Sital\u00e7ayda \u0259hali t\u0259xliy\u0259 edilib (yenil\u0259nir) - MEYDAN.TV","robots":{"index":"index","follow":"follow","max-snippet":"max-snippet:-1","max-image-preview":"max-image-preview:large","max-video-preview":"max-video-preview:-1"},"canonical":"https:\/\/www.meydan.tv\/az\/article\/mudafie-nazirliyi-partlayisla-bagli-gilezi-ve-sitalcayda-ehali-texliye-edilib-yenilenir\/","og_locale":"az_AZ","og_type":"article","og_title":"M\u00fcdafi\u0259 Nazirliyi: Partlay\u0131\u015fla ba\u011fl\u0131 Gil\u0259zi v\u0259 Sital\u00e7ayda \u0259hali t\u0259xliy\u0259 edilib (yenil\u0259nir) - MEYDAN.TV","og_description":"X\u0259sar\u0259t alanlar haqda m\u0259lumat yoxdur","og_url":"https:\/\/www.meydan.tv\/az\/article\/mudafie-nazirliyi-partlayisla-bagli-gilezi-ve-sitalcayda-ehali-texliye-edilib-yenilenir\/","og_site_name":"MEYDAN.TV","article_published_time":"2017-08-27T12:42:34+00:00","og_image":[{"width":720,"height":405,"url":"https:\/\/www.meydan.tv\/wp-content\/uploads\/35917.png","type":"image\/png"}],"twitter_card":"summary_large_image","schema":{"@context":"https:\/\/schema.org","@graph":[{"@type":"Article","@id":"https:\/\/www.meydan.tv\/az\/article\/mudafie-nazirliyi-partlayisla-bagli-gilezi-ve-sitalcayda-ehali-texliye-edilib-yenilenir\/#article","isPartOf":{"@id":"https:\/\/www.meydan.tv\/az\/article\/mudafie-nazirliyi-partlayisla-bagli-gilezi-ve-sitalcayda-ehali-texliye-edilib-yenilenir\/"},"author":{"name":"user-manager","@id":"https:\/\/www.meydan.tv\/az\/#\/schema\/person\/10d11eccf6da3662cf5fdab9806ea91a"},"headline":"M\u00fcdafi\u0259 Nazirliyi: Partlay\u0131\u015fla ba\u011fl\u0131 Gil\u0259zi v\u0259 Sital\u00e7ayda \u0259hali t\u0259xliy\u0259 edilib (yenil\u0259nir)","datePublished":"2017-08-27T12:42:34+00:00","mainEntityOfPage":{"@id":"https:\/\/www.meydan.tv\/az\/article\/mudafie-nazirliyi-partlayisla-bagli-gilezi-ve-sitalcayda-ehali-texliye-edilib-yenilenir\/"},"wordCount":1100,"publisher":{"@id":"https:\/\/www.meydan.tv\/az\/#organization"},"image":{"@id":"https:\/\/www.meydan.tv\/az\/article\/mudafie-nazirliyi-partlayisla-bagli-gilezi-ve-sitalcayda-ehali-texliye-edilib-yenilenir\/#primaryimage"},"thumbnailUrl":"https:\/\/www.meydan.tv\/wp-content\/uploads\/35917.png","articleSection":["X\u0259b\u0259rl\u0259r"],"inLanguage":"az"},{"@type":"WebPage","@id":"https:\/\/www.meydan.tv\/az\/article\/mudafie-nazirliyi-partlayisla-bagli-gilezi-ve-sitalcayda-ehali-texliye-edilib-yenilenir\/","url":"https:\/\/www.meydan.tv\/az\/article\/mudafie-nazirliyi-partlayisla-bagli-gilezi-ve-sitalcayda-ehali-texliye-edilib-yenilenir\/","name":"M\u00fcdafi\u0259 Nazirliyi: Partlay\u0131\u015fla ba\u011fl\u0131 Gil\u0259zi v\u0259 Sital\u00e7ayda \u0259hali t\u0259xliy\u0259 edilib (yenil\u0259nir) - MEYDAN.TV","isPartOf":{"@id":"https:\/\/www.meydan.tv\/az\/#website"},"primaryImageOfPage":{"@id":"https:\/\/www.meydan.tv\/az\/article\/mudafie-nazirliyi-partlayisla-bagli-gilezi-ve-sitalcayda-ehali-texliye-edilib-yenilenir\/#primaryimage"},"image":{"@id":"https:\/\/www.meydan.tv\/az\/article\/mudafie-nazirliyi-partlayisla-bagli-gilezi-ve-sitalcayda-ehali-texliye-edilib-yenilenir\/#primaryimage"},"thumbnailUrl":"https:\/\/www.meydan.tv\/wp-content\/uploads\/35917.png","datePublished":"2017-08-27T12:42:34+00:00","breadcrumb":{"@id":"https:\/\/www.meydan.tv\/az\/article\/mudafie-nazirliyi-partlayisla-bagli-gilezi-ve-sitalcayda-ehali-texliye-edilib-yenilenir\/#breadcrumb"},"inLanguage":"az","potentialAction":[{"@type":"ReadAction","target":["https:\/\/www.meydan.tv\/az\/article\/mudafie-nazirliyi-partlayisla-bagli-gilezi-ve-sitalcayda-ehali-texliye-edilib-yenilenir\/"]}]},{"@type":"ImageObject","inLanguage":"az","@id":"https:\/\/www.meydan.tv\/az\/article\/mudafie-nazirliyi-partlayisla-bagli-gilezi-ve-sitalcayda-ehali-texliye-edilib-yenilenir\/#primaryimage","url":"https:\/\/www.meydan.tv\/wp-content\/uploads\/35917.png","contentUrl":"https:\/\/www.meydan.tv\/wp-content\/uploads\/35917.png","width":720,"height":405,"caption":"Source:"},{"@type":"BreadcrumbList","@id":"https:\/\/www.meydan.tv\/az\/article\/mudafie-nazirliyi-partlayisla-bagli-gilezi-ve-sitalcayda-ehali-texliye-edilib-yenilenir\/#breadcrumb","itemListElement":[{"@type":"ListItem","position":1,"name":"Ana s\u0259hif\u0259","item":"https:\/\/www.meydan.tv\/az\/"},{"@type":"ListItem","position":2,"name":"X\u0259b\u0259rl\u0259r","item":"https:\/\/www.meydan.tv\/az\/section\/xeberler\/"},{"@type":"ListItem","position":3,"name":"M\u00fcdafi\u0259 Nazirliyi: Partlay\u0131\u015fla ba\u011fl\u0131 Gil\u0259zi v\u0259 Sital\u00e7ayda \u0259hali t\u0259xliy\u0259 edilib (yenil\u0259nir)"}]},{"@type":"WebSite","@id":"https:\/\/www.meydan.tv\/az\/#website","url":"https:\/\/www.meydan.tv\/az\/","name":"MEYDAN.TV","description":"Meydan TV Az\u0259rbaycan\u0131n media m\u0259kan\u0131ndak\u0131 alternativ s\u0259sidir","publisher":{"@id":"https:\/\/www.meydan.tv\/az\/#organization"},"potentialAction":[{"@type":"SearchAction","target":{"@type":"EntryPoint","urlTemplate":"https:\/\/www.meydan.tv\/az\/?s={search_term_string}"},"query-input":{"@type":"PropertyValueSpecification","valueRequired":true,"valueName":"search_term_string"}}],"inLanguage":"az"},{"@type":"Organization","@id":"https:\/\/www.meydan.tv\/az\/#organization","name":"Meydan TV","url":"https:\/\/www.meydan.tv\/az\/","logo":{"@type":"ImageObject","inLanguage":"az","@id":"https:\/\/www.meydan.tv\/az\/#\/schema\/logo\/image\/","url":"https:\/\/www.meydan.tv\/wp-content\/uploads\/2021\/07\/meydan-logo.svg","contentUrl":"https:\/\/www.meydan.tv\/wp-content\/uploads\/2021\/07\/meydan-logo.svg","width":195,"height":46,"caption":"Meydan TV"},"image":{"@id":"https:\/\/www.meydan.tv\/az\/#\/schema\/logo\/image\/"}},{"@type":"Person","@id":"https:\/\/www.meydan.tv\/az\/#\/schema\/person\/10d11eccf6da3662cf5fdab9806ea91a","name":"user-manager"}]}},"_links":{"self":[{"href":"https:\/\/www.meydan.tv\/az\/wp-json\/wp\/v2\/posts\/186266","targetHints":{"allow":["GET"]}}],"collection":[{"href":"https:\/\/www.meydan.tv\/az\/wp-json\/wp\/v2\/posts"}],"about":[{"href":"https:\/\/www.meydan.tv\/az\/wp-json\/wp\/v2\/types\/post"}],"author":[{"embeddable":true,"href":"https:\/\/www.meydan.tv\/az\/wp-json\/wp\/v2\/users\/11"}],"replies":[{"embeddable":true,"href":"https:\/\/www.meydan.tv\/az\/wp-json\/wp\/v2\/comments?post=186266"}],"version-history":[{"count":0,"href":"https:\/\/www.meydan.tv\/az\/wp-json\/wp\/v2\/posts\/186266\/revisions"}],"wp:featuredmedia":[{"embeddable":true,"href":"https:\/\/www.meydan.tv\/az\/wp-json\/wp\/v2\/media\/90986"}],"wp:attachment":[{"href":"https:\/\/www.meydan.tv\/az\/wp-json\/wp\/v2\/media?parent=186266"}],"wp:term":[{"taxonomy":"category","embeddable":true,"href":"https:\/\/www.meydan.tv\/az\/wp-json\/wp\/v2\/categories?post=186266"},{"taxonomy":"post_tag","embeddable":true,"href":"https:\/\/www.meydan.tv\/az\/wp-json\/wp\/v2\/tags?post=186266"}],"curies":[{"name":"wp","href":"https:\/\/api.w.org\/{rel}","templated":true}]}}