{"id":186249,"date":"2017-08-25T18:48:09","date_gmt":"2017-08-25T18:48:09","guid":{"rendered":"https:\/\/www.meydan.tv\/article\/mehkeme-mehman-eliyeve-hebs-qetimkan-tedbiri-secdi\/"},"modified":"2017-08-25T18:48:09","modified_gmt":"2017-08-25T18:48:09","slug":"mehkeme-mehman-eliyeve-hebs-qetimkan-tedbiri-secdi","status":"publish","type":"post","link":"https:\/\/www.meydan.tv\/az\/article\/mehkeme-mehman-eliyeve-hebs-qetimkan-tedbiri-secdi\/","title":{"rendered":"M\u0259hk\u0259m\u0259 Mehman \u018fliyev\u0259 h\u0259bs q\u0259timkan t\u0259dbiri se\u00e7di"},"content":{"rendered":"<figure class=\"wp-block-image size-large\">\n  <img decoding=\"async\" src=\"https:\/\/www.meydan.tv\/az\/mehman-eliyev\/\" alt=\"Mehman \u018fliyev\" class=\"wp-image-91016\"\/><figcaption>\n    Mehman \u018fliyev<br \/>\n  <\/figcaption><\/figure>\n<p>\n  <i><br \/>\n    O, Cinay\u0259t M\u0259c\u0259ll\u0259sinin 3 madd\u0259si il\u0259 su\u00e7lan\u0131r<br \/>\n  <\/i>\n<\/p>\n<p>\n  Avqustun 25-d\u0259 Yasamal Rayon M\u0259hk\u0259m\u0259si &#8220;Turan&#8221; \u0130nformasiya Agentliyinin ba\u015f direktoru Mehman \u018fliyev\u0259 3 ayl\u0131q h\u0259bs q\u0259timkan t\u0259dbiri se\u00e7ib.<br \/>\n  <br \/>\n  O, Cinay\u0259t M\u0259c\u0259ll\u0259sinin 192.2-ci (qanunsuz sahibkarl\u0131q), 213.1-ci (vergi \u00f6d\u0259m\u0259kd\u0259n yay\u0131nma v\u0259 308-ci (v\u0259zif\u0259 s\u0259lahiyy\u0259tl\u0259rind\u0259n sui-istifad\u0259) madd\u0259l\u0259ri il\u0259 su\u00e7lan\u0131r.\n<\/p>\n<p>\n  Vergil\u0259r Nazirliyi yan\u0131nda Vergi Cinay\u0259tl\u0259rinin \u0130btidai Ara\u015fd\u0131r\u0131lmas\u0131 Departamenti &#8220;Turan&#8221; \u0130nformasiya Agentliyin\u0259 cinay\u0259t i\u015fi a\u00e7\u0131b. Art\u0131q ibtidai istintaq\u0131n ba\u015fland\u0131\u011f\u0131 bildirilir.\n<\/p>\n<p>\n  Nazirlik, eyni zamanda, avqustun 8-d\u0259 agentliyin f\u0259aliyy\u0259tinin s\u0259yyar vergi yoxlamas\u0131na ba\u015flay\u0131b. Agentlikd\u0259n deyibl\u0259r ki, vergi yoxlamas\u0131 Bak\u0131 \u015f\u0259h\u0259ri Lokal G\u0259lirl\u0259r Departamentinin onlara 37 min manatdan \u00e7ox borc hesablanmas\u0131 haqq\u0131nda verdiyi q\u0259rara \u0259saslan\u0131r. Departament hesab edir ki, agentlik g\u0259lirl\u0259rini az g\u00f6st\u0259rib.\n<\/p>\n<p>\n  &#8220;Turan&#8221; \u0130nformasiya Agentliyi b\u00fct\u00fcn iddialar\u0131 t\u0259kzib edib. Agentlik hesab edir ki, b\u00fct\u00fcn bu add\u0131mlar onlar\u0131n f\u0259aliyy\u0259tin\u0259 mane olmaq, i\u015fl\u0259rini iflic v\u0259ziyy\u0259t\u0259 salmaq m\u0259qs\u0259di da\u015f\u0131ya bil\u0259r.\n<\/p>\n<p>\n  Avqustun 16-da is\u0259 Vergil\u0259r Nazirliyinin \u0259m\u0259kda\u015flar\u0131 &#8220;Turan&#8221; agentliyinin ofisin\u0259 g\u0259libl\u0259r. Onlar 2014-2016-c\u0131 ill\u0259r\u0259 aid maliyy\u0259 s\u0259n\u0259dl\u0259rini, bir s\u0131ra dig\u0259r s\u0259n\u0259dl\u0259ri v\u0259 m\u00fchasibin komp\u00fcterini \u00f6zl\u0259ri il\u0259 apar\u0131blar.\n<\/p>\n<p>\n  &#8220;Turan&#8221; \u0130nformasiya Agentliyinin direktoru Mehman \u018fliyev ba\u015f ver\u0259nl\u0259ri &#8220;axtar\u0131\u015f&#8221; adland\u0131r\u0131b. O deyib ki, seyfl\u0259r, diskl\u0259r bax\u0131\u015fdan ke\u00e7irilib. B\u0259zi \u0259m\u0259kda\u015flar\u0131n dolablar\u0131n\u0131n da yoxlan\u0131ld\u0131\u011f\u0131 bildirilir.\n<\/p>\n<p>\n  Avqustun 17-d\u0259 is\u0259 art\u0131q agentlikd\u0259n son 7 ilin s\u0259n\u0259dl\u0259rinin ist\u0259nildiyi bildirilib. H\u00fcquq\u015f\u00fcnaslar bu t\u0259l\u0259bi qanunsuz say\u0131r.<\/p>\n","protected":false},"excerpt":{"rendered":"<p>O, Cinay\u0259t M\u0259c\u0259ll\u0259sinin 3 madd\u0259si il\u0259 su\u00e7lan\u0131r<\/p>\n","protected":false},"author":11,"featured_media":91016,"comment_status":"closed","ping_status":"open","sticky":false,"template":"","format":"standard","meta":{"_acf_changed":false,"_sitemap_exclude":false,"_sitemap_priority":"","_sitemap_frequency":"","footnotes":""},"categories":[56],"tags":[],"class_list":["post-186249","post","type-post","status-publish","format-standard","has-post-thumbnail","hentry","category-xeberler","infinite-scroll-item","generate-columns","tablet-grid-50","mobile-grid-100","grid-parent","grid-33","no-featured-image-padding"],"acf":[],"yoast_head":"<!-- This site is optimized with the Yoast SEO plugin v27.4 - https:\/\/yoast.com\/product\/yoast-seo-wordpress\/ -->\n<title>M\u0259hk\u0259m\u0259 Mehman \u018fliyev\u0259 h\u0259bs q\u0259timkan t\u0259dbiri se\u00e7di - MEYDAN.TV<\/title>\n<meta name=\"robots\" content=\"index, follow, max-snippet:-1, max-image-preview:large, max-video-preview:-1\" \/>\n<link rel=\"canonical\" href=\"https:\/\/www.meydan.tv\/az\/article\/mehkeme-mehman-eliyeve-hebs-qetimkan-tedbiri-secdi\/\" \/>\n<meta property=\"og:locale\" content=\"az_AZ\" \/>\n<meta property=\"og:type\" content=\"article\" \/>\n<meta property=\"og:title\" content=\"M\u0259hk\u0259m\u0259 Mehman \u018fliyev\u0259 h\u0259bs q\u0259timkan t\u0259dbiri se\u00e7di - MEYDAN.TV\" \/>\n<meta property=\"og:description\" content=\"O, Cinay\u0259t M\u0259c\u0259ll\u0259sinin 3 madd\u0259si il\u0259 su\u00e7lan\u0131r\" \/>\n<meta property=\"og:url\" content=\"https:\/\/www.meydan.tv\/az\/article\/mehkeme-mehman-eliyeve-hebs-qetimkan-tedbiri-secdi\/\" \/>\n<meta property=\"og:site_name\" content=\"MEYDAN.TV\" \/>\n<meta property=\"article:published_time\" content=\"2017-08-25T18:48:09+00:00\" \/>\n<meta property=\"og:image\" content=\"https:\/\/www.meydan.tv\/wp-content\/uploads\/35893.jpg\" \/>\n\t<meta property=\"og:image:width\" content=\"1023\" \/>\n\t<meta property=\"og:image:height\" content=\"575\" \/>\n\t<meta property=\"og:image:type\" content=\"image\/jpeg\" \/>\n<meta name=\"author\" content=\"user-manager\" \/>\n<meta name=\"twitter:card\" content=\"summary_large_image\" \/>\n<script type=\"application\/ld+json\" class=\"yoast-schema-graph\">{\"@context\":\"https:\\\/\\\/schema.org\",\"@graph\":[{\"@type\":\"Article\",\"@id\":\"https:\\\/\\\/www.meydan.tv\\\/az\\\/article\\\/mehkeme-mehman-eliyeve-hebs-qetimkan-tedbiri-secdi\\\/#article\",\"isPartOf\":{\"@id\":\"https:\\\/\\\/www.meydan.tv\\\/az\\\/article\\\/mehkeme-mehman-eliyeve-hebs-qetimkan-tedbiri-secdi\\\/\"},\"author\":{\"name\":\"user-manager\",\"@id\":\"https:\\\/\\\/www.meydan.tv\\\/az\\\/#\\\/schema\\\/person\\\/10d11eccf6da3662cf5fdab9806ea91a\"},\"headline\":\"M\u0259hk\u0259m\u0259 Mehman \u018fliyev\u0259 h\u0259bs q\u0259timkan t\u0259dbiri se\u00e7di\",\"datePublished\":\"2017-08-25T18:48:09+00:00\",\"mainEntityOfPage\":{\"@id\":\"https:\\\/\\\/www.meydan.tv\\\/az\\\/article\\\/mehkeme-mehman-eliyeve-hebs-qetimkan-tedbiri-secdi\\\/\"},\"wordCount\":329,\"publisher\":{\"@id\":\"https:\\\/\\\/www.meydan.tv\\\/az\\\/#organization\"},\"image\":{\"@id\":\"https:\\\/\\\/www.meydan.tv\\\/az\\\/article\\\/mehkeme-mehman-eliyeve-hebs-qetimkan-tedbiri-secdi\\\/#primaryimage\"},\"thumbnailUrl\":\"https:\\\/\\\/www.meydan.tv\\\/wp-content\\\/uploads\\\/35893.jpg\",\"articleSection\":[\"X\u0259b\u0259rl\u0259r\"],\"inLanguage\":\"az\"},{\"@type\":\"WebPage\",\"@id\":\"https:\\\/\\\/www.meydan.tv\\\/az\\\/article\\\/mehkeme-mehman-eliyeve-hebs-qetimkan-tedbiri-secdi\\\/\",\"url\":\"https:\\\/\\\/www.meydan.tv\\\/az\\\/article\\\/mehkeme-mehman-eliyeve-hebs-qetimkan-tedbiri-secdi\\\/\",\"name\":\"M\u0259hk\u0259m\u0259 Mehman \u018fliyev\u0259 h\u0259bs q\u0259timkan t\u0259dbiri se\u00e7di - MEYDAN.TV\",\"isPartOf\":{\"@id\":\"https:\\\/\\\/www.meydan.tv\\\/az\\\/#website\"},\"primaryImageOfPage\":{\"@id\":\"https:\\\/\\\/www.meydan.tv\\\/az\\\/article\\\/mehkeme-mehman-eliyeve-hebs-qetimkan-tedbiri-secdi\\\/#primaryimage\"},\"image\":{\"@id\":\"https:\\\/\\\/www.meydan.tv\\\/az\\\/article\\\/mehkeme-mehman-eliyeve-hebs-qetimkan-tedbiri-secdi\\\/#primaryimage\"},\"thumbnailUrl\":\"https:\\\/\\\/www.meydan.tv\\\/wp-content\\\/uploads\\\/35893.jpg\",\"datePublished\":\"2017-08-25T18:48:09+00:00\",\"breadcrumb\":{\"@id\":\"https:\\\/\\\/www.meydan.tv\\\/az\\\/article\\\/mehkeme-mehman-eliyeve-hebs-qetimkan-tedbiri-secdi\\\/#breadcrumb\"},\"inLanguage\":\"az\",\"potentialAction\":[{\"@type\":\"ReadAction\",\"target\":[\"https:\\\/\\\/www.meydan.tv\\\/az\\\/article\\\/mehkeme-mehman-eliyeve-hebs-qetimkan-tedbiri-secdi\\\/\"]}]},{\"@type\":\"ImageObject\",\"inLanguage\":\"az\",\"@id\":\"https:\\\/\\\/www.meydan.tv\\\/az\\\/article\\\/mehkeme-mehman-eliyeve-hebs-qetimkan-tedbiri-secdi\\\/#primaryimage\",\"url\":\"https:\\\/\\\/www.meydan.tv\\\/wp-content\\\/uploads\\\/35893.jpg\",\"contentUrl\":\"https:\\\/\\\/www.meydan.tv\\\/wp-content\\\/uploads\\\/35893.jpg\",\"width\":1023,\"height\":575,\"caption\":\"Source:\"},{\"@type\":\"BreadcrumbList\",\"@id\":\"https:\\\/\\\/www.meydan.tv\\\/az\\\/article\\\/mehkeme-mehman-eliyeve-hebs-qetimkan-tedbiri-secdi\\\/#breadcrumb\",\"itemListElement\":[{\"@type\":\"ListItem\",\"position\":1,\"name\":\"Ana s\u0259hif\u0259\",\"item\":\"https:\\\/\\\/www.meydan.tv\\\/az\\\/\"},{\"@type\":\"ListItem\",\"position\":2,\"name\":\"X\u0259b\u0259rl\u0259r\",\"item\":\"https:\\\/\\\/www.meydan.tv\\\/az\\\/section\\\/xeberler\\\/\"},{\"@type\":\"ListItem\",\"position\":3,\"name\":\"M\u0259hk\u0259m\u0259 Mehman \u018fliyev\u0259 h\u0259bs q\u0259timkan t\u0259dbiri se\u00e7di\"}]},{\"@type\":\"WebSite\",\"@id\":\"https:\\\/\\\/www.meydan.tv\\\/az\\\/#website\",\"url\":\"https:\\\/\\\/www.meydan.tv\\\/az\\\/\",\"name\":\"MEYDAN.TV\",\"description\":\"Meydan TV Az\u0259rbaycan\u0131n media m\u0259kan\u0131ndak\u0131 alternativ s\u0259sidir\",\"publisher\":{\"@id\":\"https:\\\/\\\/www.meydan.tv\\\/az\\\/#organization\"},\"potentialAction\":[{\"@type\":\"SearchAction\",\"target\":{\"@type\":\"EntryPoint\",\"urlTemplate\":\"https:\\\/\\\/www.meydan.tv\\\/az\\\/?s={search_term_string}\"},\"query-input\":{\"@type\":\"PropertyValueSpecification\",\"valueRequired\":true,\"valueName\":\"search_term_string\"}}],\"inLanguage\":\"az\"},{\"@type\":\"Organization\",\"@id\":\"https:\\\/\\\/www.meydan.tv\\\/az\\\/#organization\",\"name\":\"Meydan TV\",\"url\":\"https:\\\/\\\/www.meydan.tv\\\/az\\\/\",\"logo\":{\"@type\":\"ImageObject\",\"inLanguage\":\"az\",\"@id\":\"https:\\\/\\\/www.meydan.tv\\\/az\\\/#\\\/schema\\\/logo\\\/image\\\/\",\"url\":\"https:\\\/\\\/www.meydan.tv\\\/wp-content\\\/uploads\\\/2021\\\/07\\\/meydan-logo.svg\",\"contentUrl\":\"https:\\\/\\\/www.meydan.tv\\\/wp-content\\\/uploads\\\/2021\\\/07\\\/meydan-logo.svg\",\"width\":195,\"height\":46,\"caption\":\"Meydan TV\"},\"image\":{\"@id\":\"https:\\\/\\\/www.meydan.tv\\\/az\\\/#\\\/schema\\\/logo\\\/image\\\/\"}},{\"@type\":\"Person\",\"@id\":\"https:\\\/\\\/www.meydan.tv\\\/az\\\/#\\\/schema\\\/person\\\/10d11eccf6da3662cf5fdab9806ea91a\",\"name\":\"user-manager\"}]}<\/script>\n<!-- \/ Yoast SEO plugin. -->","yoast_head_json":{"title":"M\u0259hk\u0259m\u0259 Mehman \u018fliyev\u0259 h\u0259bs q\u0259timkan t\u0259dbiri se\u00e7di - MEYDAN.TV","robots":{"index":"index","follow":"follow","max-snippet":"max-snippet:-1","max-image-preview":"max-image-preview:large","max-video-preview":"max-video-preview:-1"},"canonical":"https:\/\/www.meydan.tv\/az\/article\/mehkeme-mehman-eliyeve-hebs-qetimkan-tedbiri-secdi\/","og_locale":"az_AZ","og_type":"article","og_title":"M\u0259hk\u0259m\u0259 Mehman \u018fliyev\u0259 h\u0259bs q\u0259timkan t\u0259dbiri se\u00e7di - MEYDAN.TV","og_description":"O, Cinay\u0259t M\u0259c\u0259ll\u0259sinin 3 madd\u0259si il\u0259 su\u00e7lan\u0131r","og_url":"https:\/\/www.meydan.tv\/az\/article\/mehkeme-mehman-eliyeve-hebs-qetimkan-tedbiri-secdi\/","og_site_name":"MEYDAN.TV","article_published_time":"2017-08-25T18:48:09+00:00","og_image":[{"width":1023,"height":575,"url":"https:\/\/www.meydan.tv\/wp-content\/uploads\/35893.jpg","type":"image\/jpeg"}],"author":"user-manager","twitter_card":"summary_large_image","schema":{"@context":"https:\/\/schema.org","@graph":[{"@type":"Article","@id":"https:\/\/www.meydan.tv\/az\/article\/mehkeme-mehman-eliyeve-hebs-qetimkan-tedbiri-secdi\/#article","isPartOf":{"@id":"https:\/\/www.meydan.tv\/az\/article\/mehkeme-mehman-eliyeve-hebs-qetimkan-tedbiri-secdi\/"},"author":{"name":"user-manager","@id":"https:\/\/www.meydan.tv\/az\/#\/schema\/person\/10d11eccf6da3662cf5fdab9806ea91a"},"headline":"M\u0259hk\u0259m\u0259 Mehman \u018fliyev\u0259 h\u0259bs q\u0259timkan t\u0259dbiri se\u00e7di","datePublished":"2017-08-25T18:48:09+00:00","mainEntityOfPage":{"@id":"https:\/\/www.meydan.tv\/az\/article\/mehkeme-mehman-eliyeve-hebs-qetimkan-tedbiri-secdi\/"},"wordCount":329,"publisher":{"@id":"https:\/\/www.meydan.tv\/az\/#organization"},"image":{"@id":"https:\/\/www.meydan.tv\/az\/article\/mehkeme-mehman-eliyeve-hebs-qetimkan-tedbiri-secdi\/#primaryimage"},"thumbnailUrl":"https:\/\/www.meydan.tv\/wp-content\/uploads\/35893.jpg","articleSection":["X\u0259b\u0259rl\u0259r"],"inLanguage":"az"},{"@type":"WebPage","@id":"https:\/\/www.meydan.tv\/az\/article\/mehkeme-mehman-eliyeve-hebs-qetimkan-tedbiri-secdi\/","url":"https:\/\/www.meydan.tv\/az\/article\/mehkeme-mehman-eliyeve-hebs-qetimkan-tedbiri-secdi\/","name":"M\u0259hk\u0259m\u0259 Mehman \u018fliyev\u0259 h\u0259bs q\u0259timkan t\u0259dbiri se\u00e7di - MEYDAN.TV","isPartOf":{"@id":"https:\/\/www.meydan.tv\/az\/#website"},"primaryImageOfPage":{"@id":"https:\/\/www.meydan.tv\/az\/article\/mehkeme-mehman-eliyeve-hebs-qetimkan-tedbiri-secdi\/#primaryimage"},"image":{"@id":"https:\/\/www.meydan.tv\/az\/article\/mehkeme-mehman-eliyeve-hebs-qetimkan-tedbiri-secdi\/#primaryimage"},"thumbnailUrl":"https:\/\/www.meydan.tv\/wp-content\/uploads\/35893.jpg","datePublished":"2017-08-25T18:48:09+00:00","breadcrumb":{"@id":"https:\/\/www.meydan.tv\/az\/article\/mehkeme-mehman-eliyeve-hebs-qetimkan-tedbiri-secdi\/#breadcrumb"},"inLanguage":"az","potentialAction":[{"@type":"ReadAction","target":["https:\/\/www.meydan.tv\/az\/article\/mehkeme-mehman-eliyeve-hebs-qetimkan-tedbiri-secdi\/"]}]},{"@type":"ImageObject","inLanguage":"az","@id":"https:\/\/www.meydan.tv\/az\/article\/mehkeme-mehman-eliyeve-hebs-qetimkan-tedbiri-secdi\/#primaryimage","url":"https:\/\/www.meydan.tv\/wp-content\/uploads\/35893.jpg","contentUrl":"https:\/\/www.meydan.tv\/wp-content\/uploads\/35893.jpg","width":1023,"height":575,"caption":"Source:"},{"@type":"BreadcrumbList","@id":"https:\/\/www.meydan.tv\/az\/article\/mehkeme-mehman-eliyeve-hebs-qetimkan-tedbiri-secdi\/#breadcrumb","itemListElement":[{"@type":"ListItem","position":1,"name":"Ana s\u0259hif\u0259","item":"https:\/\/www.meydan.tv\/az\/"},{"@type":"ListItem","position":2,"name":"X\u0259b\u0259rl\u0259r","item":"https:\/\/www.meydan.tv\/az\/section\/xeberler\/"},{"@type":"ListItem","position":3,"name":"M\u0259hk\u0259m\u0259 Mehman \u018fliyev\u0259 h\u0259bs q\u0259timkan t\u0259dbiri se\u00e7di"}]},{"@type":"WebSite","@id":"https:\/\/www.meydan.tv\/az\/#website","url":"https:\/\/www.meydan.tv\/az\/","name":"MEYDAN.TV","description":"Meydan TV Az\u0259rbaycan\u0131n media m\u0259kan\u0131ndak\u0131 alternativ s\u0259sidir","publisher":{"@id":"https:\/\/www.meydan.tv\/az\/#organization"},"potentialAction":[{"@type":"SearchAction","target":{"@type":"EntryPoint","urlTemplate":"https:\/\/www.meydan.tv\/az\/?s={search_term_string}"},"query-input":{"@type":"PropertyValueSpecification","valueRequired":true,"valueName":"search_term_string"}}],"inLanguage":"az"},{"@type":"Organization","@id":"https:\/\/www.meydan.tv\/az\/#organization","name":"Meydan TV","url":"https:\/\/www.meydan.tv\/az\/","logo":{"@type":"ImageObject","inLanguage":"az","@id":"https:\/\/www.meydan.tv\/az\/#\/schema\/logo\/image\/","url":"https:\/\/www.meydan.tv\/wp-content\/uploads\/2021\/07\/meydan-logo.svg","contentUrl":"https:\/\/www.meydan.tv\/wp-content\/uploads\/2021\/07\/meydan-logo.svg","width":195,"height":46,"caption":"Meydan TV"},"image":{"@id":"https:\/\/www.meydan.tv\/az\/#\/schema\/logo\/image\/"}},{"@type":"Person","@id":"https:\/\/www.meydan.tv\/az\/#\/schema\/person\/10d11eccf6da3662cf5fdab9806ea91a","name":"user-manager"}]}},"_links":{"self":[{"href":"https:\/\/www.meydan.tv\/az\/wp-json\/wp\/v2\/posts\/186249","targetHints":{"allow":["GET"]}}],"collection":[{"href":"https:\/\/www.meydan.tv\/az\/wp-json\/wp\/v2\/posts"}],"about":[{"href":"https:\/\/www.meydan.tv\/az\/wp-json\/wp\/v2\/types\/post"}],"author":[{"embeddable":true,"href":"https:\/\/www.meydan.tv\/az\/wp-json\/wp\/v2\/users\/11"}],"replies":[{"embeddable":true,"href":"https:\/\/www.meydan.tv\/az\/wp-json\/wp\/v2\/comments?post=186249"}],"version-history":[{"count":0,"href":"https:\/\/www.meydan.tv\/az\/wp-json\/wp\/v2\/posts\/186249\/revisions"}],"wp:featuredmedia":[{"embeddable":true,"href":"https:\/\/www.meydan.tv\/az\/wp-json\/wp\/v2\/media\/91016"}],"wp:attachment":[{"href":"https:\/\/www.meydan.tv\/az\/wp-json\/wp\/v2\/media?parent=186249"}],"wp:term":[{"taxonomy":"category","embeddable":true,"href":"https:\/\/www.meydan.tv\/az\/wp-json\/wp\/v2\/categories?post=186249"},{"taxonomy":"post_tag","embeddable":true,"href":"https:\/\/www.meydan.tv\/az\/wp-json\/wp\/v2\/tags?post=186249"}],"curies":[{"name":"wp","href":"https:\/\/api.w.org\/{rel}","templated":true}]}}