{"id":186229,"date":"2017-08-24T17:53:09","date_gmt":"2017-08-24T17:53:09","guid":{"rendered":"https:\/\/www.meydan.tv\/article\/saatlidan-fermer-susuzluq-pambigimizi-mehv-eledi\/"},"modified":"2017-08-24T17:53:09","modified_gmt":"2017-08-24T17:53:09","slug":"saatlidan-fermer-susuzluq-pambigimizi-mehv-eledi","status":"publish","type":"post","link":"https:\/\/www.meydan.tv\/az\/article\/saatlidan-fermer-susuzluq-pambigimizi-mehv-eledi\/","title":{"rendered":"Saatl\u0131dan fermer: Susuzluq pamb\u0131\u011f\u0131m\u0131z\u0131 m\u0259hv el\u0259di"},"content":{"rendered":"<p>\n  Saatl\u0131 rayonunda bu il 17 min 100 hektarda pamb\u0131q \u0259kilib. Bu, \u00f6t\u0259n ill\u0259 m\u00fcqayis\u0259d\u0259 (8109 hektar) 2 d\u0259f\u0259 \u00e7oxdur. R\u0259smi statistikaya inansaq, \u00f6t\u0259n il rayonda 12 min tondan art\u0131q pamb\u0131q y\u0131\u011f\u0131l\u0131b. Bu il is\u0259 rayonda h\u0259d\u0259f 35 min tondur. Pamb\u0131q\u00e7\u0131l\u0131\u011f\u0131n inki\u015faf\u0131 d\u00f6vl\u0259t proqram\u0131na uy\u011fun olaraq bu il b\u00fct\u00fcn respublika \u00fczr\u0259 daha \u00e7ox pamb\u0131q t\u0259dar\u00fck\u00fc planla\u015fd\u0131r\u0131l\u0131r. Ancaq konkret Saatl\u0131 rayonunda bu v\u0259din yerin\u0259 yetirilm\u0259si inand\u0131r\u0131c\u0131 g\u00f6r\u00fcnm\u00fcr. Deyil\u0259n \u0259razil\u0259rd\u0259 pamb\u0131q \u0259kils\u0259 d\u0259, susuzluq s\u0259b\u0259bind\u0259n t\u0259s\u0259rr\u00fcfatlar yarars\u0131z duruma d\u00fc\u015f\u00fcb. Bol m\u0259hsul g\u00f6t\u00fcrm\u0259k qar\u015f\u0131ya m\u0259qs\u0259d kimi qoyulsa da, art\u0131q xeyli probleml\u0259r ortaya \u00e7\u0131x\u0131b, pamb\u0131q \u0259k\u0259nl\u0259r sah\u0259l\u0259rinin susuzluqdan m\u0259hv olmas\u0131ndan gileyl\u0259nir, maldarl\u0131qla m\u0259\u015f\u011ful olanlar \u00f6r\u00fc\u015f sah\u0259l\u0259rind\u0259 pamb\u0131q \u0259kilm\u0259sind\u0259n&#8230;\n<\/p>\n<p>\n  Saatl\u0131 rayonunun Azadk\u0259nd k\u0259ndind\u0259n fermer Zahid Babayev bu il 19 hektar sah\u0259d\u0259 pamb\u0131q \u0259kib. Onun s\u00f6zl\u0259rin\u0259 g\u00f6r\u0259, bu add\u0131m\u0131 d\u00f6vl\u0259t ba\u015f\u00e7\u0131s\u0131n\u0131n pamb\u0131q\u00e7\u0131lara qay\u011f\u0131 g\u00f6st\u0259ril\u0259c\u0259yi, fermerl\u0259rin qazanc g\u00f6t\u00fcr\u0259c\u0259yi, pamb\u0131q\u00e7\u0131l\u0131\u011f\u0131n g\u0259lirli sah\u0259y\u0259 \u00e7evril\u0259c\u0259yi v\u0259din\u0259 inanaraq at\u0131b:\n<\/p>\n<p>\n  &#8211; H\u00f6rm\u0259tli prezidentin pamb\u0131q\u00e7\u0131l\u0131\u011f\u0131n inki\u015faf etdirilm\u0259si \u00e7a\u011f\u0131r\u0131\u015f\u0131na biz d\u0259 qo\u015fulduq ki, m\u0259hsul yeti\u015fdirib d\u00f6vl\u0259t\u0259 ver\u0259k, \u00f6z\u00fcm\u00fcz d\u0259 \u00e7\u00f6r\u0259k qazanaq, ail\u0259mizi doland\u0131raq. \u201cAqrobank\u201ddan kredit g\u00f6t\u00fcr\u00fcb i\u015f\u0259 ba\u015flam\u0131\u015f\u0131q, yax\u015f\u0131 da \u00e7\u0131x\u0131\u015f alm\u0131\u015fd\u0131q. Ancaq susuzluq pamb\u0131\u011f\u0131m\u0131z\u0131 m\u0259hv el\u0259di. O q\u0259d\u0259r \u0259ziyy\u0259timiz, z\u0259hm\u0259timiz h\u0259d\u0259r oldu. M\u0259nim 10 n\u0259f\u0259r ail\u0259 \u00fczv\u00fcm var, bu g\u00fcn onlar\u0131 nec\u0259 doland\u0131raca\u011f\u0131m\u0131, q\u0131\u015fdan nec\u0259 \u00e7\u0131xaraca\u011f\u0131m\u0131 yox, g\u00f6t\u00fcrd\u00fcy\u00fcm krediti &#8211; borcumu nec\u0259 qaytaraca\u011f\u0131m\u0131 d\u00fc\u015f\u00fcn\u00fcr\u0259m. T\u0259bii f\u0259lak\u0259td\u0259n he\u00e7 kim s\u0131\u011fortalanmay\u0131b. Ancaq m\u00fcqavil\u0259mizd\u0259 bununla ba\u011fl\u0131 he\u00e7 bir b\u0259nd yoxdur. Y\u0259ni b\u00fct\u00fcn m\u0259suliyy\u0259t bizim boynumuzdad\u0131r. Suyun olmamas\u0131 da bizim g\u00fcnah\u0131m\u0131z deyil ki&#8230; Yen\u0259 yegan\u0259 \u00fcmidimizi prezident\u0259 b\u0259sl\u0259yirik ki, bu v\u0259ziyy\u0259td\u0259n \u00e7\u0131xmaqda biz\u0259 yard\u0131m\u00e7\u0131 olsun.\n<\/p>\n<figure class=\"wp-block-image size-large\">\n  <img decoding=\"async\" src=\"https:\/\/www.meydan.tv\/az\/90995\/\" alt=\"\" class=\"wp-image-90995\"\/><figcaption><\/figcaption><\/figure>\n<p>\n  <b><br \/>\n    &#8211; Dayand\u0131\u011f\u0131m\u0131z bu sah\u0259d\u0259 pamb\u0131q yax\u015f\u0131d\u0131r.<br \/>\n  <\/b>\n<\/p>\n<p>\n  &#8211; Bu sah\u0259ni 2 d\u0259f\u0259 suvara bilmi\u015f\u0259m, burda m\u0259hsul var. Sentner ver\u0259c\u0259k. Ancaq bura \u0259kin sah\u0259min az bir hiss\u0259sidir. T\u0259s\u0259vv\u00fcr edin, 19 hektar sah\u0259nin yaln\u0131z 3-4 hektar\u0131n\u0131 suvara bilmi\u015f\u0259m. \u0130ndi g\u0259lin siz\u0259 qalan sah\u0259l\u0259rimi d\u0259 g\u00f6st\u0259rim&#8230; Bayaq g\u00f6st\u0259rdiyim sah\u0259d\u0259ki i\u015fl\u0259ri burda da aparm\u0131\u015fam. Burada da yax\u015f\u0131 \u00e7\u0131x\u0131\u015f alm\u0131\u015fam. B\u00fct\u00fcn aqrotexniki qaydalara \u2013 seyr\u0259ltm\u0259, kultivasiya, bec\u0259rm\u0259, azot verilm\u0259si i\u015fl\u0259rin\u0259 burda da \u0259m\u0259l el\u0259mi\u015f\u0259m. Ancaq suvara bilm\u0259diyimd\u0259n \u0259kin yan\u0131b \u0259ld\u0259n gedir. Kim\u0259 d\u0259 m\u00fcraci\u0259t el\u0259yirik, ham\u0131s\u0131 yaxas\u0131n\u0131 k\u0259nara \u00e7\u0259kir. O sah\u0259ni suvard\u0131m, bura \u00e7atanda su k\u0259sildi. \u0130ndi qalm\u0131\u015f\u0131q \u00e7\u0131x\u0131lmaz v\u0259ziyy\u0259td\u0259&#8230; Kredit g\u00f6t\u00fcrd\u00fcy\u00fcm bank pulu m\u0259n\u0259 ba\u011f\u0131\u015flamay\u0131b. Sabah o da pulunu t\u0259l\u0259b ed\u0259c\u0259k.\n<\/p>\n<p>\n  <b><br \/>\n    &#8211; Su problemi il\u0259 ba\u011fl\u0131 r\u0259smi qurumlara m\u00fcraci\u0259t el\u0259misiz?<br \/>\n  <\/b>\n<\/p>\n<p>\n  &#8211; R\u0259smi, yaz\u0131l\u0131 m\u00fcraci\u0259timiz olmay\u0131b, ancaq \u0259laq\u0259dar qurumlara problemi demi\u015fik, onlar da deyir ki, ham\u0131 eyni d\u0259rdd\u0259dir.\n<\/p>\n<p>\n  <b><br \/>\n    &#8211; K\u0259ndd\u0259 bel\u0259 sah\u0259l\u0259r \u00e7oxdur?<br \/>\n  <\/b>\n<\/p>\n<p>\n  &#8211; Bu il bizim k\u0259ndd\u0259 2 min hektardan art\u0131q sah\u0259d\u0259 pamb\u0131q \u0259kilib, arxa yax\u0131n yerl\u0259rd\u0259 v\u0259ziyy\u0259t nisb\u0259t\u0259n yax\u015f\u0131d\u0131r, ancaq m\u0259nim yerim kimi arxdan uzaqda olan sah\u0259l\u0259r \u00e7oxdur, ham\u0131s\u0131nda da, dem\u0259k olar, eyni v\u0259ziyy\u0259tdir. Bu il plan \u00e7ox qoyuldu\u011fundan suvarma kanallar\u0131ndan uzaq sah\u0259l\u0259rd\u0259 d\u0259, \u00f6r\u00fc\u015f yerl\u0259rimizd\u0259 bel\u0259 pamb\u0131q \u0259kilib. Xam torpaqlard\u0131r, su olsayd\u0131, bol m\u0259hsul almaq m\u00fcmk\u00fcn idi. Pamb\u0131q \u0259sas\u0259n iyun ay\u0131nda suvar\u0131l\u0131r. \u0130ki d\u0259f\u0259 iyunda, he\u00e7 olmasa bir d\u0259f\u0259 d\u0259 iyulda suvar\u0131lsayd\u0131, m\u0259hsuldarl\u0131q y\u00fcks\u0259k olard\u0131. Yoxsa bir d\u0259f\u0259 suvar\u0131lan sah\u0259d\u0259n m\u0259hsul g\u00f6zl\u0259m\u0259y\u0259 d\u0259ym\u0259z (\u0259yilib yerd\u0259n pamb\u0131q kolunu \u00e7\u0131xar\u0131r). Bu pamb\u0131\u011fa indi su verm\u0259yin m\u0259nas\u0131 yoxdur, m\u0259hsulu olmayacaq. Vaxtl\u0131-vaxt\u0131nda suvar\u0131lan, aqrotexniki qaydalara \u0259m\u0259l olunan sah\u0259l\u0259rd\u0259 bir pamb\u0131q kolunda 20-30 qoza olur. Onda he\u00e7 n\u0259d\u0259n narahat olmursan, bilirs\u0259n ki, g\u00f6t\u00fcrd\u00fcy\u00fcn krediti d\u0259 \u00f6d\u0259y\u0259c\u0259ks\u0259n, \u00f6z\u00fcn\u0259 d\u0259 qazanc qalacaq. Ancaq 3-5 qozas\u0131 olan kola \u00e7\u0259kil\u0259n z\u0259hm\u0259t, qoyulan x\u0259rc bu ba\u015fdan batm\u0131\u015f say\u0131l\u0131r.\n<\/p>\n<figure class=\"wp-block-image size-large\">\n  <img decoding=\"async\" src=\"https:\/\/www.meydan.tv\/az\/90971\/\" alt=\"\" class=\"wp-image-90971\"\/><figcaption><\/figcaption><\/figure>\n<p>\n  <b><br \/>\n    &#8211; Arxda su var ax\u0131.<br \/>\n  <\/b>\n<\/p>\n<p>\n  &#8211; Ana arxa suyu bir ne\u00e7\u0259 g\u00fcnd\u00fcr burax\u0131blar. Ancaq o da azd\u0131r, o \u00fczd\u0259n suyu k\u00f6m\u0259k\u00e7i arxlara nasoslarla vururlar, onlar da gah i\u015fl\u0259yir, gah dayan\u0131r. \u0130ndi g\u00f6zl\u0259yirik, bizim arxlara da su g\u0259lib \u00e7\u0131xsa, suvaraca\u011f\u0131q. Ancaq gecdir. Bundan sonra vurulan suyun pamb\u0131\u011fa faydas\u0131 yoxdur.\n<\/p>\n<p>\n  P.S.\u201c&#8230;Sizin tap\u015f\u0131r\u0131\u011f\u0131n\u0131za \u0259sas\u0259n pamb\u0131q\u00e7\u0131l\u0131\u011f\u0131n inki\u015faf\u0131 \u00fc\u00e7\u00fcn d\u00f6vl\u0259t t\u0259r\u0259find\u0259n h\u0259r c\u00fcr \u015f\u0259rait yarad\u0131l\u0131b. Saatl\u0131 pamb\u0131q\u00e7\u0131lar\u0131 da yarad\u0131lan bu \u015f\u0259raitd\u0259n b\u0259hr\u0259l\u0259n\u0259c\u0259k, cari ild\u0259 h\u0259r hektardan 20 sentnerd\u0259n art\u0131q olmaqla 35 min tondan \u00e7ox m\u0259hsul istehsal ed\u0259c\u0259kl\u0259r\u201d. Bunu da bu il mart\u0131n 28-d\u0259 \u0130lham \u018fliyevin s\u0259drliyi il\u0259 Saatl\u0131da ke\u00e7iril\u0259n pamb\u0131q\u00e7\u0131l\u0131\u011f\u0131n inki\u015faf\u0131 m\u0259s\u0259l\u0259l\u0259rin\u0259 dair respublika m\u00fc\u015favir\u0259sind\u0259 rayon icra hakimiyy\u0259tinin ba\u015f\u00e7\u0131s\u0131 Siraq\u0259ddin Cabbarov deyib.\n<\/p>\n<p>\n  <b><br \/>\n    H\u0259min m\u00fc\u015favir\u0259d\u0259 bildirilib ki, ke\u00e7\u0259n il respublika \u00fczr\u0259 51 min hektardan 90 min tona yax\u0131n pamb\u0131q y\u0131\u011f\u0131l\u0131b. Bu il is\u0259 22 rayonda 136 min hektarda pamb\u0131q \u0259kilib. Bu sah\u0259l\u0259rd\u0259n 270 min ton m\u0259hsul y\u0131\u011f\u0131laca\u011f\u0131 g\u00f6zl\u0259nilir.<br \/>\n  <\/b>\n<\/p>\n<p>\n  Yazda veril\u0259n v\u0259d pay\u0131zda yerin\u0259 yetirilm\u0259lidir. Yetiril\u0259c\u0259kmi?!\n<\/p>\n<figure class=\"wp-block-image size-large\">\n  <img decoding=\"async\" src=\"https:\/\/www.meydan.tv\/az\/90974\/\" alt=\"\" class=\"wp-image-90974\"\/><figcaption><\/figcaption><\/figure>\n","protected":false},"excerpt":{"rendered":"<p>&#8220;Kim\u0259 d\u0259 m\u00fcraci\u0259t edirik, ham\u0131s\u0131 yaxas\u0131n\u0131 k\u0259nara \u00e7\u0259kir\u201d<\/p>\n","protected":false},"author":11,"featured_media":90998,"comment_status":"closed","ping_status":"open","sticky":false,"template":"","format":"standard","meta":{"_acf_changed":false,"_sitemap_exclude":false,"_sitemap_priority":"","_sitemap_frequency":"","footnotes":""},"categories":[51],"tags":[],"class_list":["post-186229","post","type-post","status-publish","format-standard","has-post-thumbnail","hentry","category-analitika","infinite-scroll-item","generate-columns","tablet-grid-50","mobile-grid-100","grid-parent","grid-33","no-featured-image-padding"],"acf":[],"yoast_head":"<!-- This site is optimized with the Yoast SEO plugin v27.4 - https:\/\/yoast.com\/product\/yoast-seo-wordpress\/ -->\n<title>Saatl\u0131dan fermer: Susuzluq pamb\u0131\u011f\u0131m\u0131z\u0131 m\u0259hv el\u0259di - MEYDAN.TV<\/title>\n<meta name=\"robots\" content=\"index, follow, max-snippet:-1, max-image-preview:large, max-video-preview:-1\" \/>\n<link rel=\"canonical\" href=\"https:\/\/www.meydan.tv\/az\/article\/saatlidan-fermer-susuzluq-pambigimizi-mehv-eledi\/\" \/>\n<meta property=\"og:locale\" content=\"az_AZ\" \/>\n<meta property=\"og:type\" content=\"article\" \/>\n<meta property=\"og:title\" content=\"Saatl\u0131dan fermer: Susuzluq pamb\u0131\u011f\u0131m\u0131z\u0131 m\u0259hv el\u0259di - MEYDAN.TV\" \/>\n<meta property=\"og:description\" content=\"&quot;Kim\u0259 d\u0259 m\u00fcraci\u0259t edirik, ham\u0131s\u0131 yaxas\u0131n\u0131 k\u0259nara \u00e7\u0259kir\u201d\" \/>\n<meta property=\"og:url\" content=\"https:\/\/www.meydan.tv\/az\/article\/saatlidan-fermer-susuzluq-pambigimizi-mehv-eledi\/\" \/>\n<meta property=\"og:site_name\" content=\"MEYDAN.TV\" \/>\n<meta property=\"article:published_time\" content=\"2017-08-24T17:53:09+00:00\" \/>\n<meta property=\"og:image\" content=\"https:\/\/www.meydan.tv\/wp-content\/uploads\/35881-1200x669.png\" \/>\n\t<meta property=\"og:image:width\" content=\"1200\" \/>\n\t<meta property=\"og:image:height\" content=\"669\" \/>\n\t<meta property=\"og:image:type\" content=\"image\/png\" \/>\n<meta name=\"author\" content=\"user-manager\" \/>\n<meta name=\"twitter:card\" content=\"summary_large_image\" \/>\n<script type=\"application\/ld+json\" class=\"yoast-schema-graph\">{\"@context\":\"https:\\\/\\\/schema.org\",\"@graph\":[{\"@type\":\"Article\",\"@id\":\"https:\\\/\\\/www.meydan.tv\\\/az\\\/article\\\/saatlidan-fermer-susuzluq-pambigimizi-mehv-eledi\\\/#article\",\"isPartOf\":{\"@id\":\"https:\\\/\\\/www.meydan.tv\\\/az\\\/article\\\/saatlidan-fermer-susuzluq-pambigimizi-mehv-eledi\\\/\"},\"author\":{\"name\":\"user-manager\",\"@id\":\"https:\\\/\\\/www.meydan.tv\\\/az\\\/#\\\/schema\\\/person\\\/10d11eccf6da3662cf5fdab9806ea91a\"},\"headline\":\"Saatl\u0131dan fermer: Susuzluq pamb\u0131\u011f\u0131m\u0131z\u0131 m\u0259hv el\u0259di\",\"datePublished\":\"2017-08-24T17:53:09+00:00\",\"mainEntityOfPage\":{\"@id\":\"https:\\\/\\\/www.meydan.tv\\\/az\\\/article\\\/saatlidan-fermer-susuzluq-pambigimizi-mehv-eledi\\\/\"},\"wordCount\":1106,\"publisher\":{\"@id\":\"https:\\\/\\\/www.meydan.tv\\\/az\\\/#organization\"},\"image\":{\"@id\":\"https:\\\/\\\/www.meydan.tv\\\/az\\\/article\\\/saatlidan-fermer-susuzluq-pambigimizi-mehv-eledi\\\/#primaryimage\"},\"thumbnailUrl\":\"https:\\\/\\\/www.meydan.tv\\\/wp-content\\\/uploads\\\/35881.png\",\"articleSection\":[\"Analitika\"],\"inLanguage\":\"az\"},{\"@type\":\"WebPage\",\"@id\":\"https:\\\/\\\/www.meydan.tv\\\/az\\\/article\\\/saatlidan-fermer-susuzluq-pambigimizi-mehv-eledi\\\/\",\"url\":\"https:\\\/\\\/www.meydan.tv\\\/az\\\/article\\\/saatlidan-fermer-susuzluq-pambigimizi-mehv-eledi\\\/\",\"name\":\"Saatl\u0131dan fermer: Susuzluq pamb\u0131\u011f\u0131m\u0131z\u0131 m\u0259hv el\u0259di - MEYDAN.TV\",\"isPartOf\":{\"@id\":\"https:\\\/\\\/www.meydan.tv\\\/az\\\/#website\"},\"primaryImageOfPage\":{\"@id\":\"https:\\\/\\\/www.meydan.tv\\\/az\\\/article\\\/saatlidan-fermer-susuzluq-pambigimizi-mehv-eledi\\\/#primaryimage\"},\"image\":{\"@id\":\"https:\\\/\\\/www.meydan.tv\\\/az\\\/article\\\/saatlidan-fermer-susuzluq-pambigimizi-mehv-eledi\\\/#primaryimage\"},\"thumbnailUrl\":\"https:\\\/\\\/www.meydan.tv\\\/wp-content\\\/uploads\\\/35881.png\",\"datePublished\":\"2017-08-24T17:53:09+00:00\",\"breadcrumb\":{\"@id\":\"https:\\\/\\\/www.meydan.tv\\\/az\\\/article\\\/saatlidan-fermer-susuzluq-pambigimizi-mehv-eledi\\\/#breadcrumb\"},\"inLanguage\":\"az\",\"potentialAction\":[{\"@type\":\"ReadAction\",\"target\":[\"https:\\\/\\\/www.meydan.tv\\\/az\\\/article\\\/saatlidan-fermer-susuzluq-pambigimizi-mehv-eledi\\\/\"]}]},{\"@type\":\"ImageObject\",\"inLanguage\":\"az\",\"@id\":\"https:\\\/\\\/www.meydan.tv\\\/az\\\/article\\\/saatlidan-fermer-susuzluq-pambigimizi-mehv-eledi\\\/#primaryimage\",\"url\":\"https:\\\/\\\/www.meydan.tv\\\/wp-content\\\/uploads\\\/35881.png\",\"contentUrl\":\"https:\\\/\\\/www.meydan.tv\\\/wp-content\\\/uploads\\\/35881.png\",\"width\":2048,\"height\":1141,\"caption\":\"Source:\"},{\"@type\":\"BreadcrumbList\",\"@id\":\"https:\\\/\\\/www.meydan.tv\\\/az\\\/article\\\/saatlidan-fermer-susuzluq-pambigimizi-mehv-eledi\\\/#breadcrumb\",\"itemListElement\":[{\"@type\":\"ListItem\",\"position\":1,\"name\":\"Ana s\u0259hif\u0259\",\"item\":\"https:\\\/\\\/www.meydan.tv\\\/az\\\/\"},{\"@type\":\"ListItem\",\"position\":2,\"name\":\"Analitika\",\"item\":\"https:\\\/\\\/www.meydan.tv\\\/az\\\/section\\\/analitika\\\/\"},{\"@type\":\"ListItem\",\"position\":3,\"name\":\"Saatl\u0131dan fermer: Susuzluq pamb\u0131\u011f\u0131m\u0131z\u0131 m\u0259hv el\u0259di\"}]},{\"@type\":\"WebSite\",\"@id\":\"https:\\\/\\\/www.meydan.tv\\\/az\\\/#website\",\"url\":\"https:\\\/\\\/www.meydan.tv\\\/az\\\/\",\"name\":\"MEYDAN.TV\",\"description\":\"Meydan TV Az\u0259rbaycan\u0131n media m\u0259kan\u0131ndak\u0131 alternativ s\u0259sidir\",\"publisher\":{\"@id\":\"https:\\\/\\\/www.meydan.tv\\\/az\\\/#organization\"},\"potentialAction\":[{\"@type\":\"SearchAction\",\"target\":{\"@type\":\"EntryPoint\",\"urlTemplate\":\"https:\\\/\\\/www.meydan.tv\\\/az\\\/?s={search_term_string}\"},\"query-input\":{\"@type\":\"PropertyValueSpecification\",\"valueRequired\":true,\"valueName\":\"search_term_string\"}}],\"inLanguage\":\"az\"},{\"@type\":\"Organization\",\"@id\":\"https:\\\/\\\/www.meydan.tv\\\/az\\\/#organization\",\"name\":\"Meydan TV\",\"url\":\"https:\\\/\\\/www.meydan.tv\\\/az\\\/\",\"logo\":{\"@type\":\"ImageObject\",\"inLanguage\":\"az\",\"@id\":\"https:\\\/\\\/www.meydan.tv\\\/az\\\/#\\\/schema\\\/logo\\\/image\\\/\",\"url\":\"https:\\\/\\\/www.meydan.tv\\\/wp-content\\\/uploads\\\/2021\\\/07\\\/meydan-logo.svg\",\"contentUrl\":\"https:\\\/\\\/www.meydan.tv\\\/wp-content\\\/uploads\\\/2021\\\/07\\\/meydan-logo.svg\",\"width\":195,\"height\":46,\"caption\":\"Meydan TV\"},\"image\":{\"@id\":\"https:\\\/\\\/www.meydan.tv\\\/az\\\/#\\\/schema\\\/logo\\\/image\\\/\"}},{\"@type\":\"Person\",\"@id\":\"https:\\\/\\\/www.meydan.tv\\\/az\\\/#\\\/schema\\\/person\\\/10d11eccf6da3662cf5fdab9806ea91a\",\"name\":\"user-manager\"}]}<\/script>\n<!-- \/ Yoast SEO plugin. -->","yoast_head_json":{"title":"Saatl\u0131dan fermer: Susuzluq pamb\u0131\u011f\u0131m\u0131z\u0131 m\u0259hv el\u0259di - MEYDAN.TV","robots":{"index":"index","follow":"follow","max-snippet":"max-snippet:-1","max-image-preview":"max-image-preview:large","max-video-preview":"max-video-preview:-1"},"canonical":"https:\/\/www.meydan.tv\/az\/article\/saatlidan-fermer-susuzluq-pambigimizi-mehv-eledi\/","og_locale":"az_AZ","og_type":"article","og_title":"Saatl\u0131dan fermer: Susuzluq pamb\u0131\u011f\u0131m\u0131z\u0131 m\u0259hv el\u0259di - MEYDAN.TV","og_description":"\"Kim\u0259 d\u0259 m\u00fcraci\u0259t edirik, ham\u0131s\u0131 yaxas\u0131n\u0131 k\u0259nara \u00e7\u0259kir\u201d","og_url":"https:\/\/www.meydan.tv\/az\/article\/saatlidan-fermer-susuzluq-pambigimizi-mehv-eledi\/","og_site_name":"MEYDAN.TV","article_published_time":"2017-08-24T17:53:09+00:00","og_image":[{"width":1200,"height":669,"url":"https:\/\/www.meydan.tv\/wp-content\/uploads\/35881-1200x669.png","type":"image\/png"}],"author":"user-manager","twitter_card":"summary_large_image","schema":{"@context":"https:\/\/schema.org","@graph":[{"@type":"Article","@id":"https:\/\/www.meydan.tv\/az\/article\/saatlidan-fermer-susuzluq-pambigimizi-mehv-eledi\/#article","isPartOf":{"@id":"https:\/\/www.meydan.tv\/az\/article\/saatlidan-fermer-susuzluq-pambigimizi-mehv-eledi\/"},"author":{"name":"user-manager","@id":"https:\/\/www.meydan.tv\/az\/#\/schema\/person\/10d11eccf6da3662cf5fdab9806ea91a"},"headline":"Saatl\u0131dan fermer: Susuzluq pamb\u0131\u011f\u0131m\u0131z\u0131 m\u0259hv el\u0259di","datePublished":"2017-08-24T17:53:09+00:00","mainEntityOfPage":{"@id":"https:\/\/www.meydan.tv\/az\/article\/saatlidan-fermer-susuzluq-pambigimizi-mehv-eledi\/"},"wordCount":1106,"publisher":{"@id":"https:\/\/www.meydan.tv\/az\/#organization"},"image":{"@id":"https:\/\/www.meydan.tv\/az\/article\/saatlidan-fermer-susuzluq-pambigimizi-mehv-eledi\/#primaryimage"},"thumbnailUrl":"https:\/\/www.meydan.tv\/wp-content\/uploads\/35881.png","articleSection":["Analitika"],"inLanguage":"az"},{"@type":"WebPage","@id":"https:\/\/www.meydan.tv\/az\/article\/saatlidan-fermer-susuzluq-pambigimizi-mehv-eledi\/","url":"https:\/\/www.meydan.tv\/az\/article\/saatlidan-fermer-susuzluq-pambigimizi-mehv-eledi\/","name":"Saatl\u0131dan fermer: Susuzluq pamb\u0131\u011f\u0131m\u0131z\u0131 m\u0259hv el\u0259di - MEYDAN.TV","isPartOf":{"@id":"https:\/\/www.meydan.tv\/az\/#website"},"primaryImageOfPage":{"@id":"https:\/\/www.meydan.tv\/az\/article\/saatlidan-fermer-susuzluq-pambigimizi-mehv-eledi\/#primaryimage"},"image":{"@id":"https:\/\/www.meydan.tv\/az\/article\/saatlidan-fermer-susuzluq-pambigimizi-mehv-eledi\/#primaryimage"},"thumbnailUrl":"https:\/\/www.meydan.tv\/wp-content\/uploads\/35881.png","datePublished":"2017-08-24T17:53:09+00:00","breadcrumb":{"@id":"https:\/\/www.meydan.tv\/az\/article\/saatlidan-fermer-susuzluq-pambigimizi-mehv-eledi\/#breadcrumb"},"inLanguage":"az","potentialAction":[{"@type":"ReadAction","target":["https:\/\/www.meydan.tv\/az\/article\/saatlidan-fermer-susuzluq-pambigimizi-mehv-eledi\/"]}]},{"@type":"ImageObject","inLanguage":"az","@id":"https:\/\/www.meydan.tv\/az\/article\/saatlidan-fermer-susuzluq-pambigimizi-mehv-eledi\/#primaryimage","url":"https:\/\/www.meydan.tv\/wp-content\/uploads\/35881.png","contentUrl":"https:\/\/www.meydan.tv\/wp-content\/uploads\/35881.png","width":2048,"height":1141,"caption":"Source:"},{"@type":"BreadcrumbList","@id":"https:\/\/www.meydan.tv\/az\/article\/saatlidan-fermer-susuzluq-pambigimizi-mehv-eledi\/#breadcrumb","itemListElement":[{"@type":"ListItem","position":1,"name":"Ana s\u0259hif\u0259","item":"https:\/\/www.meydan.tv\/az\/"},{"@type":"ListItem","position":2,"name":"Analitika","item":"https:\/\/www.meydan.tv\/az\/section\/analitika\/"},{"@type":"ListItem","position":3,"name":"Saatl\u0131dan fermer: Susuzluq pamb\u0131\u011f\u0131m\u0131z\u0131 m\u0259hv el\u0259di"}]},{"@type":"WebSite","@id":"https:\/\/www.meydan.tv\/az\/#website","url":"https:\/\/www.meydan.tv\/az\/","name":"MEYDAN.TV","description":"Meydan TV Az\u0259rbaycan\u0131n media m\u0259kan\u0131ndak\u0131 alternativ s\u0259sidir","publisher":{"@id":"https:\/\/www.meydan.tv\/az\/#organization"},"potentialAction":[{"@type":"SearchAction","target":{"@type":"EntryPoint","urlTemplate":"https:\/\/www.meydan.tv\/az\/?s={search_term_string}"},"query-input":{"@type":"PropertyValueSpecification","valueRequired":true,"valueName":"search_term_string"}}],"inLanguage":"az"},{"@type":"Organization","@id":"https:\/\/www.meydan.tv\/az\/#organization","name":"Meydan TV","url":"https:\/\/www.meydan.tv\/az\/","logo":{"@type":"ImageObject","inLanguage":"az","@id":"https:\/\/www.meydan.tv\/az\/#\/schema\/logo\/image\/","url":"https:\/\/www.meydan.tv\/wp-content\/uploads\/2021\/07\/meydan-logo.svg","contentUrl":"https:\/\/www.meydan.tv\/wp-content\/uploads\/2021\/07\/meydan-logo.svg","width":195,"height":46,"caption":"Meydan TV"},"image":{"@id":"https:\/\/www.meydan.tv\/az\/#\/schema\/logo\/image\/"}},{"@type":"Person","@id":"https:\/\/www.meydan.tv\/az\/#\/schema\/person\/10d11eccf6da3662cf5fdab9806ea91a","name":"user-manager"}]}},"_links":{"self":[{"href":"https:\/\/www.meydan.tv\/az\/wp-json\/wp\/v2\/posts\/186229","targetHints":{"allow":["GET"]}}],"collection":[{"href":"https:\/\/www.meydan.tv\/az\/wp-json\/wp\/v2\/posts"}],"about":[{"href":"https:\/\/www.meydan.tv\/az\/wp-json\/wp\/v2\/types\/post"}],"author":[{"embeddable":true,"href":"https:\/\/www.meydan.tv\/az\/wp-json\/wp\/v2\/users\/11"}],"replies":[{"embeddable":true,"href":"https:\/\/www.meydan.tv\/az\/wp-json\/wp\/v2\/comments?post=186229"}],"version-history":[{"count":0,"href":"https:\/\/www.meydan.tv\/az\/wp-json\/wp\/v2\/posts\/186229\/revisions"}],"wp:featuredmedia":[{"embeddable":true,"href":"https:\/\/www.meydan.tv\/az\/wp-json\/wp\/v2\/media\/90998"}],"wp:attachment":[{"href":"https:\/\/www.meydan.tv\/az\/wp-json\/wp\/v2\/media?parent=186229"}],"wp:term":[{"taxonomy":"category","embeddable":true,"href":"https:\/\/www.meydan.tv\/az\/wp-json\/wp\/v2\/categories?post=186229"},{"taxonomy":"post_tag","embeddable":true,"href":"https:\/\/www.meydan.tv\/az\/wp-json\/wp\/v2\/tags?post=186229"}],"curies":[{"name":"wp","href":"https:\/\/api.w.org\/{rel}","templated":true}]}}